{"id":237157,"date":"2024-06-17T08:37:07","date_gmt":"2024-06-17T06:37:07","guid":{"rendered":"https:\/\/www.24gliwice.pl\/wiadomosci\/?p=237157"},"modified":"2024-06-17T02:37:52","modified_gmt":"2024-06-17T00:37:52","slug":"to-najwieksza-niesportowa-impreza-w-naszym-regionie-promujaca-ruch-rowerowy-slaskie-swieto-rowerzysty","status":"publish","type":"post","link":"https:\/\/www.24gliwice.pl\/wiadomosci\/to-najwieksza-niesportowa-impreza-w-naszym-regionie-promujaca-ruch-rowerowy-slaskie-swieto-rowerzysty\/","title":{"rendered":"To najwi\u0119ksza niesportowa impreza w naszym regionie promuj\u0105ca ruch rowerowy. \u015al\u0105skie \u015awi\u0119to Rowerzysty"},"content":{"rendered":"<div class=\"gliwi-a6-nad-leadem-artykulow gliwi-entity-placement\" id=\"gliwi-3168919307\"><div class=\"gliwi-adlabel\"><span style=\"font-size: 9px\">REKLAMA<\/span><\/div><div id=\"gliwi-2846610594\" style=\"margin-bottom: 30px;margin-left: auto;margin-right: auto;text-align: center;\"><a data-no-instant=\"1\" href=\"https:\/\/przedszkole.halogen.org.pl\/\" rel=\"noopener\" class=\"a2t-link\" target=\"_blank\" aria-label=\"20260402-ANIMATOR-przedszkole_grafika_750x200\"><img loading=\"lazy\" decoding=\"async\" src=\"https:\/\/www.24gliwice.pl\/wiadomosci\/wp-content\/uploads\/2026\/04\/20260402-ANIMATOR-przedszkole_grafika_750x200.webp\" alt=\"\"  srcset=\"https:\/\/www.24gliwice.pl\/wiadomosci\/wp-content\/uploads\/2026\/04\/20260402-ANIMATOR-przedszkole_grafika_750x200.webp 750w, https:\/\/www.24gliwice.pl\/wiadomosci\/wp-content\/uploads\/2026\/04\/20260402-ANIMATOR-przedszkole_grafika_750x200-410x109.webp 410w\" sizes=\"(max-width: 750px) 100vw, 750px\" class=\"no-lazyload\" width=\"750\" height=\"200\"  style=\"display: inline-block; max-width: 100%; height: auto;\" \/><\/a><\/div><\/div><h2>Spod rze\u017aby &#8220;Pelikany&#8221; w Parku \u015al\u0105skim, przez ulice Chorzowa, Bytomia i Zabrza na gliwicki Rynek &#8211; to plan przejazdu kolumny \u015bl\u0105skich rowerzyst\u00f3w, kt\u00f3ry odb\u0119dzie si\u0119 w niedziel\u0119, 23 czerwca. Na miejsce startu mo\u017cna dotrze\u0107 z Gliwic wraz z innymi u\u017cytkownikami jedno\u015blad\u00f3w.<\/h2>\n<p>&nbsp;<\/p>\n<p>\u015al\u0105skie \u015awi\u0119to Rowerzysty to najwi\u0119ksza niesportowa impreza w naszym regionie, kt\u00f3rej celem jest promowanie ruchu rowerowego jako doskona\u0142ego \u015brodka transportu, a tak\u017ce integracja \u015brodowiska cyklist\u00f3w. <\/p>\n<p><a href=\"https:\/\/www.24gliwice.pl\/wiadomosci\/wp-content\/uploads\/2024\/06\/slaskie-swieto-rowerzysty.jpg\"><img loading=\"lazy\" decoding=\"async\" src=\"https:\/\/www.24gliwice.pl\/wiadomosci\/wp-content\/uploads\/2024\/06\/slaskie-swieto-rowerzysty.jpg\" alt=\"\" width=\"810\" height=\"455\" class=\"alignnone size-full wp-image-237171\" srcset=\"https:\/\/www.24gliwice.pl\/wiadomosci\/wp-content\/uploads\/2024\/06\/slaskie-swieto-rowerzysty.jpg 810w, https:\/\/www.24gliwice.pl\/wiadomosci\/wp-content\/uploads\/2024\/06\/slaskie-swieto-rowerzysty-410x230.jpg 410w, https:\/\/www.24gliwice.pl\/wiadomosci\/wp-content\/uploads\/2024\/06\/slaskie-swieto-rowerzysty-768x431.jpg 768w\" sizes=\"auto, (max-width: 810px) 100vw, 810px\" \/><\/a><\/p>\n<p>Dla niekt\u00f3rych u\u017cytkownik\u00f3w jedno\u015bladu jest to jedna z nielicznych okazji, kiedy decyduj\u0105 si\u0119 na jazd\u0119 ulic\u0105, gdy\u017c z obawy o w\u0142asne bezpiecze\u0144stwo wybieraj\u0105 na co dzie\u0144 nielegaln\u0105 jazd\u0119 chodnikiem, bo system tras rowerowych wci\u0105\u017c nie jest sp\u00f3jny w g\u00f3rno\u015bl\u0105skich miastach.<\/p><div class=\"gliwi-a3-w-tresci-artykulow gliwi-entity-placement\" id=\"gliwi-2799576911\"><div class=\"gliwi-adlabel\"><span style=\"font-size: 9px\">REKLAMA<\/span><\/div><div id=\"gliwi-1656597703\" style=\"margin-bottom: 30px;margin-left: auto;margin-right: auto;text-align: center;\"><a data-no-instant=\"1\" href=\"https:\/\/ogrodyandersa.pl\/\" rel=\"noopener\" class=\"a2t-link\" target=\"_blank\" aria-label=\"20260415 Ogrody Andersa KUP TERAZ D\"><img loading=\"lazy\" decoding=\"async\" src=\"https:\/\/www.24gliwice.pl\/wiadomosci\/wp-content\/uploads\/2026\/04\/20260415-Ogrody-Andersa-KUP-TERAZ-D.jpg\" alt=\"\"  srcset=\"https:\/\/www.24gliwice.pl\/wiadomosci\/wp-content\/uploads\/2026\/04\/20260415-Ogrody-Andersa-KUP-TERAZ-D.jpg 750w, https:\/\/www.24gliwice.pl\/wiadomosci\/wp-content\/uploads\/2026\/04\/20260415-Ogrody-Andersa-KUP-TERAZ-D-410x109.jpg 410w\" sizes=\"(max-width: 750px) 100vw, 750px\" class=\"no-lazyload\" width=\"750\" height=\"200\"  style=\"display: inline-block; max-width: 100%; height: auto;\" \/><\/a><\/div><\/div>\n<p><a href=\"https:\/\/www.24gliwice.pl\/wiadomosci\/wp-content\/uploads\/2024\/06\/slaskie-swieto-rowerzysty7.jpg\"><img loading=\"lazy\" decoding=\"async\" src=\"https:\/\/www.24gliwice.pl\/wiadomosci\/wp-content\/uploads\/2024\/06\/slaskie-swieto-rowerzysty7.jpg\" alt=\"\" width=\"810\" height=\"608\" class=\"alignnone size-full wp-image-237170\" srcset=\"https:\/\/www.24gliwice.pl\/wiadomosci\/wp-content\/uploads\/2024\/06\/slaskie-swieto-rowerzysty7.jpg 810w, https:\/\/www.24gliwice.pl\/wiadomosci\/wp-content\/uploads\/2024\/06\/slaskie-swieto-rowerzysty7-309x232.jpg 309w, https:\/\/www.24gliwice.pl\/wiadomosci\/wp-content\/uploads\/2024\/06\/slaskie-swieto-rowerzysty7-606x455.jpg 606w, https:\/\/www.24gliwice.pl\/wiadomosci\/wp-content\/uploads\/2024\/06\/slaskie-swieto-rowerzysty7-768x576.jpg 768w\" sizes=\"auto, (max-width: 810px) 100vw, 810px\" \/><\/a><\/p>\n<p>&#8211; <em>W Polsce rower wci\u0105\u017c g\u0142\u00f3wnie kojarzony jest ze sportem. Tymczasem \u015bwiatowe i europejskie miasta o najwy\u017cszej jako\u015bci \u017cycia mieszka\u0144c\u00f3w to te, kt\u00f3re mocno postawi\u0142y na transport rowerowy. Chcemy popularyzowa\u0107 ide\u0119 miasta dla ludzi, w kt\u00f3rym mo\u017cna wygodnie i szybko si\u0119 przemieszcza\u0107, ha\u0142as nie przekracza dopuszczalnych norm, mo\u017cna aktywnie wypocz\u0105\u0107 oddychaj\u0105c czystym powietrzem, a dzieci mog\u0105 samodzielnie i bezpiecznie dosta\u0107 si\u0119 do szko\u0142y. W\u0142a\u015bnie dlatego promujemy rower jako istotny element ekologicznego i zr\u00f3wnowa\u017conego transportu<\/em> &#8211; m\u00f3wi\u0105 organizatorzy. <\/p>\n<blockquote><p><em>Liczba u\u017cytkownik\u00f3w rower\u00f3w na G\u00f3rnym \u015al\u0105sku stale ro\u015bnie, a \u015awi\u0119to Rowerzysty to doskona\u0142a okazja, by zamanifestowa\u0107 obecno\u015b\u0107 na drogach, upomnie\u0107 si\u0119 o swoje prawa i zwr\u00f3ci\u0107 uwag\u0119 w\u0142adz miast oraz innych u\u017cytkownik\u00f3w ruchu drogowego na potrzeby rowerzyst\u00f3w i sprawy bezpiecze\u0144stwa<\/em> <\/p><\/blockquote>\n<p>&#8211; dodaj\u0105. \u015al\u0105skie \u015awi\u0119to Rowerzysty jest wsp\u00f3ln\u0105 inicjatyw\u0105 kilku organizacji rowerowych z konurbacji g\u00f3rno\u015bl\u0105skiej, a pierwsza edycja mia\u0142a miejsce w 2018 roku.<\/p>\n<p><a href=\"https:\/\/www.24gliwice.pl\/wiadomosci\/wp-content\/uploads\/2024\/06\/slaskie-swieto-rowerzysty6.jpg\"><img loading=\"lazy\" decoding=\"async\" src=\"https:\/\/www.24gliwice.pl\/wiadomosci\/wp-content\/uploads\/2024\/06\/slaskie-swieto-rowerzysty6.jpg\" alt=\"\" width=\"810\" height=\"608\" class=\"alignnone size-full wp-image-237169\" srcset=\"https:\/\/www.24gliwice.pl\/wiadomosci\/wp-content\/uploads\/2024\/06\/slaskie-swieto-rowerzysty6.jpg 810w, https:\/\/www.24gliwice.pl\/wiadomosci\/wp-content\/uploads\/2024\/06\/slaskie-swieto-rowerzysty6-309x232.jpg 309w, https:\/\/www.24gliwice.pl\/wiadomosci\/wp-content\/uploads\/2024\/06\/slaskie-swieto-rowerzysty6-606x455.jpg 606w, https:\/\/www.24gliwice.pl\/wiadomosci\/wp-content\/uploads\/2024\/06\/slaskie-swieto-rowerzysty6-768x576.jpg 768w\" sizes=\"auto, (max-width: 810px) 100vw, 810px\" \/><\/a><\/p>\n<p>Uwaga kierowcy: w zwi\u0105zku z imprez\u0105 mog\u0105 wyst\u0119powa\u0107 chwilowe utrudnienia w ruchu na trasie przejazdu. Na teren Gliwic przewidywane s\u0105 w godzinach 14:15-14:50. Kolumna rowerzyst\u00f3w wjedzie do naszego miasta z zabrza\u0144skiej ul. Wolno\u015bci (na skrzy\u017cowaniu z ul. Chorzowsk\u0105) i dalej b\u0119dzie przemieszcza\u0142a si\u0119 ulicami: <strong>Knurowsk\u0105, Reymonta, Sikorskiego, Kujawsk\u0105, Panewnick\u0105, Akademick\u0105, Strzody, Wyszy\u0144skiego, Zwyci\u0119stwa <\/strong>&#8211; do gliwickiego Rynku. <\/p>\n<p><a href=\"https:\/\/www.24gliwice.pl\/wiadomosci\/wp-content\/uploads\/2024\/06\/slaskie-swieto-rowerzysty5.jpg\"><img loading=\"lazy\" decoding=\"async\" src=\"https:\/\/www.24gliwice.pl\/wiadomosci\/wp-content\/uploads\/2024\/06\/slaskie-swieto-rowerzysty5.jpg\" alt=\"\" width=\"810\" height=\"575\" class=\"alignnone size-full wp-image-237168\" srcset=\"https:\/\/www.24gliwice.pl\/wiadomosci\/wp-content\/uploads\/2024\/06\/slaskie-swieto-rowerzysty5.jpg 810w, https:\/\/www.24gliwice.pl\/wiadomosci\/wp-content\/uploads\/2024\/06\/slaskie-swieto-rowerzysty5-327x232.jpg 327w, https:\/\/www.24gliwice.pl\/wiadomosci\/wp-content\/uploads\/2024\/06\/slaskie-swieto-rowerzysty5-641x455.jpg 641w, https:\/\/www.24gliwice.pl\/wiadomosci\/wp-content\/uploads\/2024\/06\/slaskie-swieto-rowerzysty5-768x545.jpg 768w\" sizes=\"auto, (max-width: 810px) 100vw, 810px\" \/><\/a><\/p>\n<h4>Mo\u017cna wsp\u00f3lnie dojecha\u0107 z Gliwic na miejsce startu w Chorzowie<\/h4>\n<p>Stowarzyszenie Rowerowe Gliwice zamie\u015bci\u0142o w swoich mediach spo\u0142eczno\u015bciowych informacj\u0119 na temat mo\u017cliwo\u015bci wsp\u00f3lnego dojazdu rowerem do Parku \u015al\u0105skiego.  Wyjazd zaplanowano o godzinie 9:00 z placu Krakowskiego w Gliwicach. Trasa pobiegnie &#8220;\u015bcie\u017ckami rowerowymi&#8221; bez asysty policji.<\/p>\n<h4>Planowane czasy odjazd\u00f3w \u015a\u015aR:<\/h4>\n<p>    \u2022 11.00: Park \u015al\u0105ski \u2013 Pelikany,<br \/>\n    \u2022 12.20: Bytom \u2013 Park Miejski,<br \/>\n    \u2022 13.55: Zabrze \u2013 plac Wolno\u015bci.<\/p>\n<p><a href=\"https:\/\/www.24gliwice.pl\/wiadomosci\/wp-content\/uploads\/2024\/06\/slaskie-swieto-rowerzysty4.jpg\"><img loading=\"lazy\" decoding=\"async\" src=\"https:\/\/www.24gliwice.pl\/wiadomosci\/wp-content\/uploads\/2024\/06\/slaskie-swieto-rowerzysty4.jpg\" alt=\"\" width=\"810\" height=\"608\" class=\"alignnone size-full wp-image-237167\" srcset=\"https:\/\/www.24gliwice.pl\/wiadomosci\/wp-content\/uploads\/2024\/06\/slaskie-swieto-rowerzysty4.jpg 810w, https:\/\/www.24gliwice.pl\/wiadomosci\/wp-content\/uploads\/2024\/06\/slaskie-swieto-rowerzysty4-309x232.jpg 309w, https:\/\/www.24gliwice.pl\/wiadomosci\/wp-content\/uploads\/2024\/06\/slaskie-swieto-rowerzysty4-606x455.jpg 606w, https:\/\/www.24gliwice.pl\/wiadomosci\/wp-content\/uploads\/2024\/06\/slaskie-swieto-rowerzysty4-768x576.jpg 768w\" sizes=\"auto, (max-width: 810px) 100vw, 810px\" \/><\/a><\/p>\n<h4>Utrudnienia dla kierowc\u00f3w na terenie poszczeg\u00f3lnych miast przewidywane s\u0105 w godzinach:<\/h4>\n<p>    \u2022 Chorz\u00f3w: 11.00-11.45,<br \/>\n    \u2022 Bytom: 11:45-12:55,<br \/>\n    \u2022 Zabrze: 12:55-14:15,<br \/>\n    \u2022 Gliwice: 14:15-14:50.<\/p>\n<p><a href=\"https:\/\/ridewithgps.com\/routes\/43354356\" rel=\"noopener\" target=\"_blank\">Ca\u0142a trasa przejazdu znajduje si\u0119 pod linkiem<\/a> oraz poni\u017cej.<\/p>\n<p><iframe src=\"https:\/\/ridewithgps.com\/embeds?type=route&#038;id=43354356&#038;sampleGraph=true\" style=\"width: 1px; min-width: 100%; height: 700px; border: none;\" scrolling=\"no\"><\/iframe><\/p>\n<p>Udzia\u0142 w wydarzeniu wi\u0105\u017ce si\u0119 z akceptacj\u0105 regulaminu &#8211; jest dost\u0119pny TU. Z kolei wydarzenie w serwisie<a href=\"https:\/\/www.facebook.com\/events\/1602685527161703\" rel=\"noopener\" target=\"_blank\"> facebook.com znajdziecie tutaj.<\/a><\/p>\n<p>(\u017cms)\/mat. organizatora<\/p>\n<p><a href=\"https:\/\/www.24gliwice.pl\/wiadomosci\/wp-content\/uploads\/2024\/06\/slaskie-swieto-rowerzysty3.jpg\"><img loading=\"lazy\" decoding=\"async\" src=\"https:\/\/www.24gliwice.pl\/wiadomosci\/wp-content\/uploads\/2024\/06\/slaskie-swieto-rowerzysty3.jpg\" alt=\"\" width=\"810\" height=\"612\" class=\"alignnone size-full wp-image-237166\" srcset=\"https:\/\/www.24gliwice.pl\/wiadomosci\/wp-content\/uploads\/2024\/06\/slaskie-swieto-rowerzysty3.jpg 810w, https:\/\/www.24gliwice.pl\/wiadomosci\/wp-content\/uploads\/2024\/06\/slaskie-swieto-rowerzysty3-307x232.jpg 307w, https:\/\/www.24gliwice.pl\/wiadomosci\/wp-content\/uploads\/2024\/06\/slaskie-swieto-rowerzysty3-602x455.jpg 602w, https:\/\/www.24gliwice.pl\/wiadomosci\/wp-content\/uploads\/2024\/06\/slaskie-swieto-rowerzysty3-768x580.jpg 768w\" sizes=\"auto, (max-width: 810px) 100vw, 810px\" \/><\/a><\/p>\n<div class=\"gliwi-a5-na-koncu-artykulow gliwi-entity-placement\" id=\"gliwi-3446533661\"><div class=\"gliwi-adlabel\"><span style=\"font-size: 9px\">REKLAMA<\/span><\/div><div id=\"gliwi-1970169610\" style=\"margin-left: auto;margin-right: auto;text-align: center;\"><a data-no-instant=\"1\" href=\"https:\/\/prezeroarenagliwice.pl\/\" rel=\"noopener\" class=\"a2t-link\" target=\"_blank\" aria-label=\"20260309-PREZERO-WIOSNA-D\"><img loading=\"lazy\" decoding=\"async\" src=\"https:\/\/www.24gliwice.pl\/wiadomosci\/wp-content\/uploads\/2026\/03\/20260309-PREZERO-WIOSNA-D.webp\" alt=\"\"  srcset=\"https:\/\/www.24gliwice.pl\/wiadomosci\/wp-content\/uploads\/2026\/03\/20260309-PREZERO-WIOSNA-D.webp 750w, https:\/\/www.24gliwice.pl\/wiadomosci\/wp-content\/uploads\/2026\/03\/20260309-PREZERO-WIOSNA-D-410x109.webp 410w\" sizes=\"(max-width: 750px) 100vw, 750px\" class=\"no-lazyload\" width=\"750\" height=\"200\"  style=\"display: inline-block; max-width: 100%; height: auto;\" \/><\/a><\/div><\/div>","protected":false},"excerpt":{"rendered":"<p>Spod rze\u017aby &#8220;Pelikany&#8221; w Parku \u015al\u0105skim, przez ulice Chorzowa, Bytomia i Zabrza na gliwicki Rynek &#8211; to plan przejazdu kolumny \u015bl\u0105skich rowerzyst\u00f3w, kt\u00f3ry odb\u0119dzie si\u0119 w niedziel\u0119, 23 czerwca. Na miejsce startu mo\u017cna dotrze\u0107 z Gliwic wraz z innymi u\u017cytkownikami jedno\u015blad\u00f3w. &nbsp; \u015al\u0105skie \u015awi\u0119to Rowerzysty to najwi\u0119ksza niesportowa impreza w naszym regionie, kt\u00f3rej celem jest [&hellip;]<\/p>\n","protected":false},"author":15,"featured_media":237172,"comment_status":"open","ping_status":"closed","sticky":false,"template":"","format":"standard","meta":{"_monsterinsights_skip_tracking":false,"_monsterinsights_sitenote_active":false,"_monsterinsights_sitenote_note":"","_monsterinsights_sitenote_category":0,"footnotes":"","_links_to":"","_links_to_target":""},"categories":[3,6,1],"tags":[12513],"class_list":["post-237157","post","type-post","status-publish","format-standard","has-post-thumbnail","hentry","category-gliwice","category-kultura","category-wszystko","tag-slaskie-swieto-rowerzysty"],"yoast_head":"<!-- This site is optimized with the Yoast SEO plugin v27.5 - https:\/\/yoast.com\/product\/yoast-seo-wordpress\/ -->\n<title>To najwi\u0119ksza niesportowa impreza w naszym regionie promuj\u0105ca ruch rowerowy. \u015al\u0105skie \u015awi\u0119to Rowerzysty - 24GLIWICE - Portal Gliwice | codziennie nowe informacje<\/title>\n<meta name=\"description\" content=\"\u015al\u0105skie \u015awi\u0119to Rowerzysty to jedna z nielicznych okazji, kiedy u\u017cytkownicy jedno\u015bladu mog\u0105 bez obaw przemieszcza\u0107 si\u0119 jezdni\u0105. To 23 czerwca\" \/>\n<meta name=\"robots\" content=\"index, follow, max-snippet:-1, max-image-preview:large, max-video-preview:-1\" \/>\n<link rel=\"canonical\" href=\"https:\/\/www.24gliwice.pl\/wiadomosci\/to-najwieksza-niesportowa-impreza-w-naszym-regionie-promujaca-ruch-rowerowy-slaskie-swieto-rowerzysty\/\" \/>\n<meta property=\"og:locale\" content=\"pl_PL\" \/>\n<meta property=\"og:type\" content=\"article\" \/>\n<meta property=\"og:title\" content=\"To najwi\u0119ksza niesportowa impreza w naszym regionie promuj\u0105ca ruch rowerowy. \u015al\u0105skie \u015awi\u0119to Rowerzysty - 24GLIWICE - Portal Gliwice | codziennie nowe informacje\" \/>\n<meta property=\"og:description\" content=\"\u015al\u0105skie \u015awi\u0119to Rowerzysty to jedna z nielicznych okazji, kiedy u\u017cytkownicy jedno\u015bladu mog\u0105 bez obaw przemieszcza\u0107 si\u0119 jezdni\u0105. To 23 czerwca\" \/>\n<meta property=\"og:url\" content=\"https:\/\/www.24gliwice.pl\/wiadomosci\/to-najwieksza-niesportowa-impreza-w-naszym-regionie-promujaca-ruch-rowerowy-slaskie-swieto-rowerzysty\/\" \/>\n<meta property=\"og:site_name\" content=\"24GLIWICE - Portal Gliwice | codziennie nowe informacje\" \/>\n<meta property=\"article:publisher\" content=\"https:\/\/www.facebook.com\/24gliwice\" \/>\n<meta property=\"article:published_time\" content=\"2024-06-17T06:37:07+00:00\" \/>\n<meta property=\"og:image\" content=\"https:\/\/www.24gliwice.pl\/wiadomosci\/wp-content\/uploads\/2024\/06\/slaskie-swieto-rowerzysty2.jpg\" \/>\n\t<meta property=\"og:image:width\" content=\"810\" \/>\n\t<meta property=\"og:image:height\" content=\"457\" \/>\n\t<meta property=\"og:image:type\" content=\"image\/jpeg\" \/>\n<meta name=\"author\" content=\"\u017baneta Mrozek-Siewierska\" \/>\n<meta name=\"twitter:card\" content=\"summary_large_image\" \/>\n<meta name=\"twitter:creator\" content=\"@24gliwice\" \/>\n<meta name=\"twitter:site\" content=\"@24gliwice\" \/>\n<meta name=\"twitter:label1\" content=\"Napisane przez\" \/>\n\t<meta name=\"twitter:data1\" content=\"\u017baneta Mrozek-Siewierska\" \/>\n\t<meta name=\"twitter:label2\" content=\"Szacowany czas czytania\" \/>\n\t<meta name=\"twitter:data2\" content=\"4 minuty\" \/>\n<script type=\"application\/ld+json\" class=\"yoast-schema-graph\">{\"@context\":\"https:\\\/\\\/schema.org\",\"@graph\":[{\"@type\":\"Article\",\"@id\":\"https:\\\/\\\/www.24gliwice.pl\\\/wiadomosci\\\/to-najwieksza-niesportowa-impreza-w-naszym-regionie-promujaca-ruch-rowerowy-slaskie-swieto-rowerzysty\\\/#article\",\"isPartOf\":{\"@id\":\"https:\\\/\\\/www.24gliwice.pl\\\/wiadomosci\\\/to-najwieksza-niesportowa-impreza-w-naszym-regionie-promujaca-ruch-rowerowy-slaskie-swieto-rowerzysty\\\/\"},\"author\":{\"name\":\"\u017baneta Mrozek-Siewierska\",\"@id\":\"https:\\\/\\\/www.24gliwice.pl\\\/wiadomosci\\\/#\\\/schema\\\/person\\\/e42c650edd7f2fa332be3811fb166b6e\"},\"headline\":\"To najwi\u0119ksza niesportowa impreza w naszym regionie promuj\u0105ca ruch rowerowy. \u015al\u0105skie \u015awi\u0119to Rowerzysty\",\"datePublished\":\"2024-06-17T06:37:07+00:00\",\"mainEntityOfPage\":{\"@id\":\"https:\\\/\\\/www.24gliwice.pl\\\/wiadomosci\\\/to-najwieksza-niesportowa-impreza-w-naszym-regionie-promujaca-ruch-rowerowy-slaskie-swieto-rowerzysty\\\/\"},\"wordCount\":524,\"commentCount\":0,\"publisher\":{\"@id\":\"https:\\\/\\\/www.24gliwice.pl\\\/wiadomosci\\\/#organization\"},\"image\":{\"@id\":\"https:\\\/\\\/www.24gliwice.pl\\\/wiadomosci\\\/to-najwieksza-niesportowa-impreza-w-naszym-regionie-promujaca-ruch-rowerowy-slaskie-swieto-rowerzysty\\\/#primaryimage\"},\"thumbnailUrl\":\"https:\\\/\\\/www.24gliwice.pl\\\/wiadomosci\\\/wp-content\\\/uploads\\\/2024\\\/06\\\/slaskie-swieto-rowerzysty2.jpg\",\"keywords\":[\"\u015bl\u0105skie \u015bwi\u0119to rowerzysty\"],\"articleSection\":[\"Gliwice\",\"Kultura, wydarzenia, imprezy\",\"Najnowsze wiadomo\u015bci\"],\"inLanguage\":\"pl-PL\",\"potentialAction\":[{\"@type\":\"CommentAction\",\"name\":\"Comment\",\"target\":[\"https:\\\/\\\/www.24gliwice.pl\\\/wiadomosci\\\/to-najwieksza-niesportowa-impreza-w-naszym-regionie-promujaca-ruch-rowerowy-slaskie-swieto-rowerzysty\\\/#respond\"]}]},{\"@type\":\"WebPage\",\"@id\":\"https:\\\/\\\/www.24gliwice.pl\\\/wiadomosci\\\/to-najwieksza-niesportowa-impreza-w-naszym-regionie-promujaca-ruch-rowerowy-slaskie-swieto-rowerzysty\\\/\",\"url\":\"https:\\\/\\\/www.24gliwice.pl\\\/wiadomosci\\\/to-najwieksza-niesportowa-impreza-w-naszym-regionie-promujaca-ruch-rowerowy-slaskie-swieto-rowerzysty\\\/\",\"name\":\"To najwi\u0119ksza niesportowa impreza w naszym regionie promuj\u0105ca ruch rowerowy. \u015al\u0105skie \u015awi\u0119to Rowerzysty - 24GLIWICE - Portal Gliwice | codziennie nowe informacje\",\"isPartOf\":{\"@id\":\"https:\\\/\\\/www.24gliwice.pl\\\/wiadomosci\\\/#website\"},\"primaryImageOfPage\":{\"@id\":\"https:\\\/\\\/www.24gliwice.pl\\\/wiadomosci\\\/to-najwieksza-niesportowa-impreza-w-naszym-regionie-promujaca-ruch-rowerowy-slaskie-swieto-rowerzysty\\\/#primaryimage\"},\"image\":{\"@id\":\"https:\\\/\\\/www.24gliwice.pl\\\/wiadomosci\\\/to-najwieksza-niesportowa-impreza-w-naszym-regionie-promujaca-ruch-rowerowy-slaskie-swieto-rowerzysty\\\/#primaryimage\"},\"thumbnailUrl\":\"https:\\\/\\\/www.24gliwice.pl\\\/wiadomosci\\\/wp-content\\\/uploads\\\/2024\\\/06\\\/slaskie-swieto-rowerzysty2.jpg\",\"datePublished\":\"2024-06-17T06:37:07+00:00\",\"description\":\"\u015al\u0105skie \u015awi\u0119to Rowerzysty to jedna z nielicznych okazji, kiedy u\u017cytkownicy jedno\u015bladu mog\u0105 bez obaw przemieszcza\u0107 si\u0119 jezdni\u0105. To 23 czerwca\",\"breadcrumb\":{\"@id\":\"https:\\\/\\\/www.24gliwice.pl\\\/wiadomosci\\\/to-najwieksza-niesportowa-impreza-w-naszym-regionie-promujaca-ruch-rowerowy-slaskie-swieto-rowerzysty\\\/#breadcrumb\"},\"inLanguage\":\"pl-PL\",\"potentialAction\":[{\"@type\":\"ReadAction\",\"target\":[\"https:\\\/\\\/www.24gliwice.pl\\\/wiadomosci\\\/to-najwieksza-niesportowa-impreza-w-naszym-regionie-promujaca-ruch-rowerowy-slaskie-swieto-rowerzysty\\\/\"]}]},{\"@type\":\"ImageObject\",\"inLanguage\":\"pl-PL\",\"@id\":\"https:\\\/\\\/www.24gliwice.pl\\\/wiadomosci\\\/to-najwieksza-niesportowa-impreza-w-naszym-regionie-promujaca-ruch-rowerowy-slaskie-swieto-rowerzysty\\\/#primaryimage\",\"url\":\"https:\\\/\\\/www.24gliwice.pl\\\/wiadomosci\\\/wp-content\\\/uploads\\\/2024\\\/06\\\/slaskie-swieto-rowerzysty2.jpg\",\"contentUrl\":\"https:\\\/\\\/www.24gliwice.pl\\\/wiadomosci\\\/wp-content\\\/uploads\\\/2024\\\/06\\\/slaskie-swieto-rowerzysty2.jpg\",\"width\":810,\"height\":457,\"caption\":\"\u015al\u0105skie \u015awi\u0119to Rowerzysty\"},{\"@type\":\"BreadcrumbList\",\"@id\":\"https:\\\/\\\/www.24gliwice.pl\\\/wiadomosci\\\/to-najwieksza-niesportowa-impreza-w-naszym-regionie-promujaca-ruch-rowerowy-slaskie-swieto-rowerzysty\\\/#breadcrumb\",\"itemListElement\":[{\"@type\":\"ListItem\",\"position\":1,\"name\":\"Strona g\u0142\u00f3wna\",\"item\":\"https:\\\/\\\/www.24gliwice.pl\\\/wiadomosci\\\/\"},{\"@type\":\"ListItem\",\"position\":2,\"name\":\"To najwi\u0119ksza niesportowa impreza w naszym regionie promuj\u0105ca ruch rowerowy. \u015al\u0105skie \u015awi\u0119to Rowerzysty\"}]},{\"@type\":\"WebSite\",\"@id\":\"https:\\\/\\\/www.24gliwice.pl\\\/wiadomosci\\\/#website\",\"url\":\"https:\\\/\\\/www.24gliwice.pl\\\/wiadomosci\\\/\",\"name\":\"24GLIWICE - Portal Gliwice | codziennie nowe wiadomo\u015bci\",\"description\":\"Portal Miejski Gliwice\",\"publisher\":{\"@id\":\"https:\\\/\\\/www.24gliwice.pl\\\/wiadomosci\\\/#organization\"},\"potentialAction\":[{\"@type\":\"SearchAction\",\"target\":{\"@type\":\"EntryPoint\",\"urlTemplate\":\"https:\\\/\\\/www.24gliwice.pl\\\/wiadomosci\\\/?s={search_term_string}\"},\"query-input\":{\"@type\":\"PropertyValueSpecification\",\"valueRequired\":true,\"valueName\":\"search_term_string\"}}],\"inLanguage\":\"pl-PL\"},{\"@type\":\"Organization\",\"@id\":\"https:\\\/\\\/www.24gliwice.pl\\\/wiadomosci\\\/#organization\",\"name\":\"24gliwice\",\"url\":\"https:\\\/\\\/www.24gliwice.pl\\\/wiadomosci\\\/\",\"logo\":{\"@type\":\"ImageObject\",\"inLanguage\":\"pl-PL\",\"@id\":\"https:\\\/\\\/www.24gliwice.pl\\\/wiadomosci\\\/#\\\/schema\\\/logo\\\/image\\\/\",\"url\":\"https:\\\/\\\/www.24gliwice.pl\\\/wiadomosci\\\/wp-content\\\/uploads\\\/2024\\\/10\\\/24gliwice-logo-696.jpg\",\"contentUrl\":\"https:\\\/\\\/www.24gliwice.pl\\\/wiadomosci\\\/wp-content\\\/uploads\\\/2024\\\/10\\\/24gliwice-logo-696.jpg\",\"width\":696,\"height\":696,\"caption\":\"24gliwice\"},\"image\":{\"@id\":\"https:\\\/\\\/www.24gliwice.pl\\\/wiadomosci\\\/#\\\/schema\\\/logo\\\/image\\\/\"},\"sameAs\":[\"https:\\\/\\\/www.facebook.com\\\/24gliwice\",\"https:\\\/\\\/x.com\\\/24gliwice\",\"https:\\\/\\\/www.youtube.com\\\/@24gliwice\"]},{\"@type\":\"Person\",\"@id\":\"https:\\\/\\\/www.24gliwice.pl\\\/wiadomosci\\\/#\\\/schema\\\/person\\\/e42c650edd7f2fa332be3811fb166b6e\",\"name\":\"\u017baneta Mrozek-Siewierska\",\"image\":{\"@type\":\"ImageObject\",\"inLanguage\":\"pl-PL\",\"@id\":\"https:\\\/\\\/secure.gravatar.com\\\/avatar\\\/1881429e9c64597c77ad7aef2d0a19be69a3253e57534d16aa15bf3a4d34a0a3?s=96&d=mm&r=g\",\"url\":\"https:\\\/\\\/secure.gravatar.com\\\/avatar\\\/1881429e9c64597c77ad7aef2d0a19be69a3253e57534d16aa15bf3a4d34a0a3?s=96&d=mm&r=g\",\"contentUrl\":\"https:\\\/\\\/secure.gravatar.com\\\/avatar\\\/1881429e9c64597c77ad7aef2d0a19be69a3253e57534d16aa15bf3a4d34a0a3?s=96&d=mm&r=g\",\"caption\":\"\u017baneta Mrozek-Siewierska\"},\"url\":\"https:\\\/\\\/www.24gliwice.pl\\\/wiadomosci\\\/author\\\/zms\\\/\"}]}<\/script>\n<!-- \/ Yoast SEO plugin. -->","yoast_head_json":{"title":"To najwi\u0119ksza niesportowa impreza w naszym regionie promuj\u0105ca ruch rowerowy. \u015al\u0105skie \u015awi\u0119to Rowerzysty - 24GLIWICE - Portal Gliwice | codziennie nowe informacje","description":"\u015al\u0105skie \u015awi\u0119to Rowerzysty to jedna z nielicznych okazji, kiedy u\u017cytkownicy jedno\u015bladu mog\u0105 bez obaw przemieszcza\u0107 si\u0119 jezdni\u0105. To 23 czerwca","robots":{"index":"index","follow":"follow","max-snippet":"max-snippet:-1","max-image-preview":"max-image-preview:large","max-video-preview":"max-video-preview:-1"},"canonical":"https:\/\/www.24gliwice.pl\/wiadomosci\/to-najwieksza-niesportowa-impreza-w-naszym-regionie-promujaca-ruch-rowerowy-slaskie-swieto-rowerzysty\/","og_locale":"pl_PL","og_type":"article","og_title":"To najwi\u0119ksza niesportowa impreza w naszym regionie promuj\u0105ca ruch rowerowy. \u015al\u0105skie \u015awi\u0119to Rowerzysty - 24GLIWICE - Portal Gliwice | codziennie nowe informacje","og_description":"\u015al\u0105skie \u015awi\u0119to Rowerzysty to jedna z nielicznych okazji, kiedy u\u017cytkownicy jedno\u015bladu mog\u0105 bez obaw przemieszcza\u0107 si\u0119 jezdni\u0105. To 23 czerwca","og_url":"https:\/\/www.24gliwice.pl\/wiadomosci\/to-najwieksza-niesportowa-impreza-w-naszym-regionie-promujaca-ruch-rowerowy-slaskie-swieto-rowerzysty\/","og_site_name":"24GLIWICE - Portal Gliwice | codziennie nowe informacje","article_publisher":"https:\/\/www.facebook.com\/24gliwice","article_published_time":"2024-06-17T06:37:07+00:00","og_image":[{"width":810,"height":457,"url":"https:\/\/www.24gliwice.pl\/wiadomosci\/wp-content\/uploads\/2024\/06\/slaskie-swieto-rowerzysty2.jpg","type":"image\/jpeg"}],"author":"\u017baneta Mrozek-Siewierska","twitter_card":"summary_large_image","twitter_creator":"@24gliwice","twitter_site":"@24gliwice","twitter_misc":{"Napisane przez":"\u017baneta Mrozek-Siewierska","Szacowany czas czytania":"4 minuty"},"schema":{"@context":"https:\/\/schema.org","@graph":[{"@type":"Article","@id":"https:\/\/www.24gliwice.pl\/wiadomosci\/to-najwieksza-niesportowa-impreza-w-naszym-regionie-promujaca-ruch-rowerowy-slaskie-swieto-rowerzysty\/#article","isPartOf":{"@id":"https:\/\/www.24gliwice.pl\/wiadomosci\/to-najwieksza-niesportowa-impreza-w-naszym-regionie-promujaca-ruch-rowerowy-slaskie-swieto-rowerzysty\/"},"author":{"name":"\u017baneta Mrozek-Siewierska","@id":"https:\/\/www.24gliwice.pl\/wiadomosci\/#\/schema\/person\/e42c650edd7f2fa332be3811fb166b6e"},"headline":"To najwi\u0119ksza niesportowa impreza w naszym regionie promuj\u0105ca ruch rowerowy. \u015al\u0105skie \u015awi\u0119to Rowerzysty","datePublished":"2024-06-17T06:37:07+00:00","mainEntityOfPage":{"@id":"https:\/\/www.24gliwice.pl\/wiadomosci\/to-najwieksza-niesportowa-impreza-w-naszym-regionie-promujaca-ruch-rowerowy-slaskie-swieto-rowerzysty\/"},"wordCount":524,"commentCount":0,"publisher":{"@id":"https:\/\/www.24gliwice.pl\/wiadomosci\/#organization"},"image":{"@id":"https:\/\/www.24gliwice.pl\/wiadomosci\/to-najwieksza-niesportowa-impreza-w-naszym-regionie-promujaca-ruch-rowerowy-slaskie-swieto-rowerzysty\/#primaryimage"},"thumbnailUrl":"https:\/\/www.24gliwice.pl\/wiadomosci\/wp-content\/uploads\/2024\/06\/slaskie-swieto-rowerzysty2.jpg","keywords":["\u015bl\u0105skie \u015bwi\u0119to rowerzysty"],"articleSection":["Gliwice","Kultura, wydarzenia, imprezy","Najnowsze wiadomo\u015bci"],"inLanguage":"pl-PL","potentialAction":[{"@type":"CommentAction","name":"Comment","target":["https:\/\/www.24gliwice.pl\/wiadomosci\/to-najwieksza-niesportowa-impreza-w-naszym-regionie-promujaca-ruch-rowerowy-slaskie-swieto-rowerzysty\/#respond"]}]},{"@type":"WebPage","@id":"https:\/\/www.24gliwice.pl\/wiadomosci\/to-najwieksza-niesportowa-impreza-w-naszym-regionie-promujaca-ruch-rowerowy-slaskie-swieto-rowerzysty\/","url":"https:\/\/www.24gliwice.pl\/wiadomosci\/to-najwieksza-niesportowa-impreza-w-naszym-regionie-promujaca-ruch-rowerowy-slaskie-swieto-rowerzysty\/","name":"To najwi\u0119ksza niesportowa impreza w naszym regionie promuj\u0105ca ruch rowerowy. \u015al\u0105skie \u015awi\u0119to Rowerzysty - 24GLIWICE - Portal Gliwice | codziennie nowe informacje","isPartOf":{"@id":"https:\/\/www.24gliwice.pl\/wiadomosci\/#website"},"primaryImageOfPage":{"@id":"https:\/\/www.24gliwice.pl\/wiadomosci\/to-najwieksza-niesportowa-impreza-w-naszym-regionie-promujaca-ruch-rowerowy-slaskie-swieto-rowerzysty\/#primaryimage"},"image":{"@id":"https:\/\/www.24gliwice.pl\/wiadomosci\/to-najwieksza-niesportowa-impreza-w-naszym-regionie-promujaca-ruch-rowerowy-slaskie-swieto-rowerzysty\/#primaryimage"},"thumbnailUrl":"https:\/\/www.24gliwice.pl\/wiadomosci\/wp-content\/uploads\/2024\/06\/slaskie-swieto-rowerzysty2.jpg","datePublished":"2024-06-17T06:37:07+00:00","description":"\u015al\u0105skie \u015awi\u0119to Rowerzysty to jedna z nielicznych okazji, kiedy u\u017cytkownicy jedno\u015bladu mog\u0105 bez obaw przemieszcza\u0107 si\u0119 jezdni\u0105. To 23 czerwca","breadcrumb":{"@id":"https:\/\/www.24gliwice.pl\/wiadomosci\/to-najwieksza-niesportowa-impreza-w-naszym-regionie-promujaca-ruch-rowerowy-slaskie-swieto-rowerzysty\/#breadcrumb"},"inLanguage":"pl-PL","potentialAction":[{"@type":"ReadAction","target":["https:\/\/www.24gliwice.pl\/wiadomosci\/to-najwieksza-niesportowa-impreza-w-naszym-regionie-promujaca-ruch-rowerowy-slaskie-swieto-rowerzysty\/"]}]},{"@type":"ImageObject","inLanguage":"pl-PL","@id":"https:\/\/www.24gliwice.pl\/wiadomosci\/to-najwieksza-niesportowa-impreza-w-naszym-regionie-promujaca-ruch-rowerowy-slaskie-swieto-rowerzysty\/#primaryimage","url":"https:\/\/www.24gliwice.pl\/wiadomosci\/wp-content\/uploads\/2024\/06\/slaskie-swieto-rowerzysty2.jpg","contentUrl":"https:\/\/www.24gliwice.pl\/wiadomosci\/wp-content\/uploads\/2024\/06\/slaskie-swieto-rowerzysty2.jpg","width":810,"height":457,"caption":"\u015al\u0105skie \u015awi\u0119to Rowerzysty"},{"@type":"BreadcrumbList","@id":"https:\/\/www.24gliwice.pl\/wiadomosci\/to-najwieksza-niesportowa-impreza-w-naszym-regionie-promujaca-ruch-rowerowy-slaskie-swieto-rowerzysty\/#breadcrumb","itemListElement":[{"@type":"ListItem","position":1,"name":"Strona g\u0142\u00f3wna","item":"https:\/\/www.24gliwice.pl\/wiadomosci\/"},{"@type":"ListItem","position":2,"name":"To najwi\u0119ksza niesportowa impreza w naszym regionie promuj\u0105ca ruch rowerowy. \u015al\u0105skie \u015awi\u0119to Rowerzysty"}]},{"@type":"WebSite","@id":"https:\/\/www.24gliwice.pl\/wiadomosci\/#website","url":"https:\/\/www.24gliwice.pl\/wiadomosci\/","name":"24GLIWICE - Portal Gliwice | codziennie nowe wiadomo\u015bci","description":"Portal Miejski Gliwice","publisher":{"@id":"https:\/\/www.24gliwice.pl\/wiadomosci\/#organization"},"potentialAction":[{"@type":"SearchAction","target":{"@type":"EntryPoint","urlTemplate":"https:\/\/www.24gliwice.pl\/wiadomosci\/?s={search_term_string}"},"query-input":{"@type":"PropertyValueSpecification","valueRequired":true,"valueName":"search_term_string"}}],"inLanguage":"pl-PL"},{"@type":"Organization","@id":"https:\/\/www.24gliwice.pl\/wiadomosci\/#organization","name":"24gliwice","url":"https:\/\/www.24gliwice.pl\/wiadomosci\/","logo":{"@type":"ImageObject","inLanguage":"pl-PL","@id":"https:\/\/www.24gliwice.pl\/wiadomosci\/#\/schema\/logo\/image\/","url":"https:\/\/www.24gliwice.pl\/wiadomosci\/wp-content\/uploads\/2024\/10\/24gliwice-logo-696.jpg","contentUrl":"https:\/\/www.24gliwice.pl\/wiadomosci\/wp-content\/uploads\/2024\/10\/24gliwice-logo-696.jpg","width":696,"height":696,"caption":"24gliwice"},"image":{"@id":"https:\/\/www.24gliwice.pl\/wiadomosci\/#\/schema\/logo\/image\/"},"sameAs":["https:\/\/www.facebook.com\/24gliwice","https:\/\/x.com\/24gliwice","https:\/\/www.youtube.com\/@24gliwice"]},{"@type":"Person","@id":"https:\/\/www.24gliwice.pl\/wiadomosci\/#\/schema\/person\/e42c650edd7f2fa332be3811fb166b6e","name":"\u017baneta Mrozek-Siewierska","image":{"@type":"ImageObject","inLanguage":"pl-PL","@id":"https:\/\/secure.gravatar.com\/avatar\/1881429e9c64597c77ad7aef2d0a19be69a3253e57534d16aa15bf3a4d34a0a3?s=96&d=mm&r=g","url":"https:\/\/secure.gravatar.com\/avatar\/1881429e9c64597c77ad7aef2d0a19be69a3253e57534d16aa15bf3a4d34a0a3?s=96&d=mm&r=g","contentUrl":"https:\/\/secure.gravatar.com\/avatar\/1881429e9c64597c77ad7aef2d0a19be69a3253e57534d16aa15bf3a4d34a0a3?s=96&d=mm&r=g","caption":"\u017baneta Mrozek-Siewierska"},"url":"https:\/\/www.24gliwice.pl\/wiadomosci\/author\/zms\/"}]}},"_links":{"self":[{"href":"https:\/\/www.24gliwice.pl\/wiadomosci\/wp-json\/wp\/v2\/posts\/237157","targetHints":{"allow":["GET"]}}],"collection":[{"href":"https:\/\/www.24gliwice.pl\/wiadomosci\/wp-json\/wp\/v2\/posts"}],"about":[{"href":"https:\/\/www.24gliwice.pl\/wiadomosci\/wp-json\/wp\/v2\/types\/post"}],"author":[{"embeddable":true,"href":"https:\/\/www.24gliwice.pl\/wiadomosci\/wp-json\/wp\/v2\/users\/15"}],"replies":[{"embeddable":true,"href":"https:\/\/www.24gliwice.pl\/wiadomosci\/wp-json\/wp\/v2\/comments?post=237157"}],"version-history":[{"count":0,"href":"https:\/\/www.24gliwice.pl\/wiadomosci\/wp-json\/wp\/v2\/posts\/237157\/revisions"}],"wp:featuredmedia":[{"embeddable":true,"href":"https:\/\/www.24gliwice.pl\/wiadomosci\/wp-json\/wp\/v2\/media\/237172"}],"wp:attachment":[{"href":"https:\/\/www.24gliwice.pl\/wiadomosci\/wp-json\/wp\/v2\/media?parent=237157"}],"wp:term":[{"taxonomy":"category","embeddable":true,"href":"https:\/\/www.24gliwice.pl\/wiadomosci\/wp-json\/wp\/v2\/categories?post=237157"},{"taxonomy":"post_tag","embeddable":true,"href":"https:\/\/www.24gliwice.pl\/wiadomosci\/wp-json\/wp\/v2\/tags?post=237157"}],"curies":[{"name":"wp","href":"https:\/\/api.w.org\/{rel}","templated":true}]}}