{"id":237233,"date":"2024-06-10T17:49:37","date_gmt":"2024-06-10T15:49:37","guid":{"rendered":"https:\/\/www.24gliwice.pl\/wiadomosci\/?p=237233"},"modified":"2024-06-10T17:49:37","modified_gmt":"2024-06-10T15:49:37","slug":"w-gliwicach-powstanie-cmentarz-dla-zwierzat-radny-smierc-zwierzecia-bywa-trauma-jak-smierc-czlowieka","status":"publish","type":"post","link":"https:\/\/www.24gliwice.pl\/wiadomosci\/w-gliwicach-powstanie-cmentarz-dla-zwierzat-radny-smierc-zwierzecia-bywa-trauma-jak-smierc-czlowieka\/","title":{"rendered":"W Gliwicach powstanie cmentarz dla zwierz\u0105t? Radny: &#8220;\u015bmier\u0107 zwierz\u0119cia bywa traum\u0105 jak \u015bmier\u0107 cz\u0142owieka&#8221;"},"content":{"rendered":"<div class=\"gliwi-a6-nad-leadem-artykulow gliwi-entity-placement\" id=\"gliwi-1826449912\"><div class=\"gliwi-adlabel\"><span style=\"font-size: 9px\">REKLAMA<\/span><\/div><div id=\"gliwi-2573860450\" style=\"margin-bottom: 30px;margin-left: auto;margin-right: auto;text-align: center;\"><a data-no-instant=\"1\" href=\"https:\/\/przedszkole.halogen.org.pl\/\" rel=\"noopener\" class=\"a2t-link\" target=\"_blank\" aria-label=\"20260402-ANIMATOR-przedszkole_grafika_750x200\"><img loading=\"lazy\" decoding=\"async\" src=\"https:\/\/www.24gliwice.pl\/wiadomosci\/wp-content\/uploads\/2026\/04\/20260402-ANIMATOR-przedszkole_grafika_750x200.webp\" alt=\"\"  srcset=\"https:\/\/www.24gliwice.pl\/wiadomosci\/wp-content\/uploads\/2026\/04\/20260402-ANIMATOR-przedszkole_grafika_750x200.webp 750w, https:\/\/www.24gliwice.pl\/wiadomosci\/wp-content\/uploads\/2026\/04\/20260402-ANIMATOR-przedszkole_grafika_750x200-410x109.webp 410w\" sizes=\"(max-width: 750px) 100vw, 750px\" class=\"no-lazyload\" width=\"750\" height=\"200\"  style=\"display: inline-block; max-width: 100%; height: auto;\" \/><\/a><\/div><\/div><h2>W Gliwicach mo\u017ce powsta\u0107 cmentarz dla zwierz\u0105t. Chcia\u0142by tego gliwicki radny Kajetan Gornig, kt\u00f3ry wystosowa\u0142 ju\u017c w tej sprawie wniosek do Miejskiego Zarz\u0105du Us\u0142ug Komunalnych.<\/h2>\n<p>&nbsp;<br \/>\n&#8211; Wytyczenie tak zwanego grzebowiska pozwoli\u0142oby wielu mieszka\u0144com spokojnie i godnie po\u017cegna\u0107 si\u0119 ze swoim &#8220;\u017cyciowym towarzyszem&#8221; i zaakceptowa\u0107 jego odej\u015bcie &#8211; pisze radny Nowego Ratusza. &#8211; Zwierz\u0119ta domowe spe\u0142niaj\u0105 wiele pozytywnych funkcji dla cz\u0142owieka, a zwi\u0105zek cz\u0142owieka ze zwierz\u0119ciem cz\u0119sto ma charakter bardzo indywidualny i osobisty &#8211; argumentuje.<\/p>\n<p><strong>Cmentarz dla zwierz\u0105t<\/strong> wielu osobom m\u00f3g\u0142 do niedawna kojarzy\u0107 si\u0119 g\u0142\u00f3wnie z&#8230; filmowym Kazimierzem Pawlakiem, kt\u00f3ry w kultowej trylogii Sylwestra Ch\u0119ci\u0144skiego w Chicago poszukiwa\u0142 miejsca poch\u00f3wka dla zmar\u0142ego brata. Bohater &#8220;Kochaj albo rzu\u0107&#8221; w trakcie wyboru odpowiedniego miejsca spostrzega, \u017ce nagrobki przedstawiaj\u0105 wizerunki zwierz\u0105t. <\/p><div class=\"gliwi-a3-w-tresci-artykulow gliwi-entity-placement\" id=\"gliwi-2781440523\"><div class=\"gliwi-adlabel\"><span style=\"font-size: 9px\">REKLAMA<\/span><\/div><div id=\"gliwi-1017925722\" style=\"margin-bottom: 30px;margin-left: auto;margin-right: auto;text-align: center;\"><a data-no-instant=\"1\" href=\"https:\/\/zlobek.halogen.org.pl\/\" rel=\"noopener\" class=\"a2t-link\" target=\"_blank\" aria-label=\"animator-zlobek_750x200\"><img loading=\"lazy\" decoding=\"async\" src=\"https:\/\/www.24gliwice.pl\/wiadomosci\/wp-content\/uploads\/2026\/02\/animator-zlobek_750x200.webp\" alt=\"\"  srcset=\"https:\/\/www.24gliwice.pl\/wiadomosci\/wp-content\/uploads\/2026\/02\/animator-zlobek_750x200.webp 750w, https:\/\/www.24gliwice.pl\/wiadomosci\/wp-content\/uploads\/2026\/02\/animator-zlobek_750x200-410x109.webp 410w\" sizes=\"(max-width: 750px) 100vw, 750px\" class=\"no-lazyload\" width=\"750\" height=\"200\"  style=\"display: inline-block; max-width: 100%; height: auto;\" \/><\/a><\/div><\/div>\n<p>Od kilku lat takie miejsca poch\u00f3wk\u00f3w nie s\u0105 ju\u017c tylko filmow\u0105 ciekawostk\u0105, ale coraz cz\u0119\u015bciej pojawiaj\u0105 si\u0119 w polskich miastach. Pierwszy powsta\u0142 w 1991 roku w Warszawie. <\/p>\n<h4>Na \u015al\u0105sku najwi\u0119ksza zwierz\u0119ca nekropolia znajduje si\u0119 w Bytomiu.<\/h4>\n<p> Jest jeszcze w Rybniku (obecnie z zawieszon\u0105 dzia\u0142alno\u015bci\u0105) i nieoficjalna w Sosnowcu. <\/p>\n<p>Bytomskie grzebowisko dzia\u0142a od 2002 roku przy Schronisku dla Bezdomnych Zwierz\u0105t przy ul. \u0141aszczyka 18. Pochowanych jest na nim kilkaset zwierz\u0105t i jak informuj\u0105 jego opiekunowie, z ka\u017cdym kolejnym rokiem przybywa ch\u0119tnych do z\u0142o\u017cenia cia\u0142a ukochanego zwierz\u0119cia w tym miejscu. <\/p>\n<p>&#8211; Przemierzaj\u0105c cmentarne alejki widzimy zdj\u0119cia, ulubione zabawki, znicze i kwiaty uk\u0142adane na grobach, przypominaj\u0105ce w\u0142a\u015bcicielom o ich zwierzakach. Nasz cmentarz jest miejscem pami\u0119ci, kt\u00f3re odwiedzane jest ka\u017cdego dnia przez opiekun\u00f3w pochowanych tutaj zwierz\u0105t. Mo\u017cna na nim pochowa\u0107 swojego psa lub kota &#8211; czytamy na stronie internetowej grzebowiska. <\/p>\n<p>Jak m\u00f3wi <strong>Kajetan Gornig<\/strong>, jego wniosek jest wynikiem rozm\u00f3w z wieloma mieszka\u0144cami, kt\u00f3rzy sygnalizowali potrzeb\u0119 powstania takiego miejsca w Gliwicach.<br \/>\n&#8211; \u015amier\u0107 zwierz\u0119cia jest niejednokrotnie tak samo traumatycznym prze\u017cyciem jak \u015bmier\u0107 cz\u0142owieka &#8211; podsumowuje sw\u00f3j wniosek. <\/p>\n<p>Decyzj\u0119 w sprawie ewentualnych kolejnych dzia\u0142a\u0144 (w tym wyznaczenie potencjalnej lokalizacji) podejmie ju\u017c Miejski Zarz\u0105d Us\u0142ug Komunalnych (MZUK).<br \/>\n(msz)<\/p>\n<div class=\"gliwi-a5-na-koncu-artykulow gliwi-entity-placement\" id=\"gliwi-4077004229\"><div class=\"gliwi-adlabel\"><span style=\"font-size: 9px\">REKLAMA<\/span><\/div><div id=\"gliwi-1995350552\" style=\"margin-left: auto;margin-right: auto;text-align: center;\"><a data-no-instant=\"1\" href=\"https:\/\/prezeroarenagliwice.pl\/\" rel=\"noopener\" class=\"a2t-link\" target=\"_blank\" aria-label=\"20260309-PREZERO-WIOSNA-D\"><img loading=\"lazy\" decoding=\"async\" src=\"https:\/\/www.24gliwice.pl\/wiadomosci\/wp-content\/uploads\/2026\/03\/20260309-PREZERO-WIOSNA-D.webp\" alt=\"\"  srcset=\"https:\/\/www.24gliwice.pl\/wiadomosci\/wp-content\/uploads\/2026\/03\/20260309-PREZERO-WIOSNA-D.webp 750w, https:\/\/www.24gliwice.pl\/wiadomosci\/wp-content\/uploads\/2026\/03\/20260309-PREZERO-WIOSNA-D-410x109.webp 410w\" sizes=\"(max-width: 750px) 100vw, 750px\" class=\"no-lazyload\" width=\"750\" height=\"200\"  style=\"display: inline-block; max-width: 100%; height: auto;\" \/><\/a><\/div><\/div>","protected":false},"excerpt":{"rendered":"<p>W Gliwicach mo\u017ce powsta\u0107 cmentarz dla zwierz\u0105t. Chcia\u0142by tego gliwicki radny Kajetan Gornig, kt\u00f3ry wystosowa\u0142 ju\u017c w tej sprawie wniosek do Miejskiego Zarz\u0105du Us\u0142ug Komunalnych. &nbsp; &#8211; Wytyczenie tak zwanego grzebowiska pozwoli\u0142oby wielu mieszka\u0144com spokojnie i godnie po\u017cegna\u0107 si\u0119 ze swoim &#8220;\u017cyciowym towarzyszem&#8221; i zaakceptowa\u0107 jego odej\u015bcie &#8211; pisze radny Nowego Ratusza. &#8211; Zwierz\u0119ta domowe [&hellip;]<\/p>\n","protected":false},"author":12,"featured_media":237381,"comment_status":"open","ping_status":"closed","sticky":false,"template":"","format":"standard","meta":{"_monsterinsights_skip_tracking":false,"_monsterinsights_sitenote_active":false,"_monsterinsights_sitenote_note":"","_monsterinsights_sitenote_category":0,"footnotes":"","_links_to":"","_links_to_target":""},"categories":[3,1,9],"tags":[],"class_list":["post-237233","post","type-post","status-publish","format-standard","has-post-thumbnail","hentry","category-gliwice","category-wszystko","category-aktualnosci_lokalne"],"yoast_head":"<!-- This site is optimized with the Yoast SEO plugin v27.5 - https:\/\/yoast.com\/product\/yoast-seo-wordpress\/ -->\n<title>W Gliwicach powstanie cmentarz dla zwierz\u0105t? Radny: &quot;\u015bmier\u0107 zwierz\u0119cia bywa traum\u0105 jak \u015bmier\u0107 cz\u0142owieka&quot; - 24GLIWICE - Portal Gliwice | codziennie nowe informacje<\/title>\n<meta name=\"robots\" content=\"index, follow, max-snippet:-1, max-image-preview:large, max-video-preview:-1\" \/>\n<link rel=\"canonical\" href=\"https:\/\/www.24gliwice.pl\/wiadomosci\/w-gliwicach-powstanie-cmentarz-dla-zwierzat-radny-smierc-zwierzecia-bywa-trauma-jak-smierc-czlowieka\/\" \/>\n<meta property=\"og:locale\" content=\"pl_PL\" \/>\n<meta property=\"og:type\" content=\"article\" \/>\n<meta property=\"og:title\" content=\"W Gliwicach powstanie cmentarz dla zwierz\u0105t? Radny: &quot;\u015bmier\u0107 zwierz\u0119cia bywa traum\u0105 jak \u015bmier\u0107 cz\u0142owieka&quot; - 24GLIWICE - Portal Gliwice | codziennie nowe informacje\" \/>\n<meta property=\"og:description\" content=\"W Gliwicach mo\u017ce powsta\u0107 cmentarz dla zwierz\u0105t. Chcia\u0142by tego gliwicki radny Kajetan Gornig, kt\u00f3ry wystosowa\u0142 ju\u017c w tej sprawie wniosek do Miejskiego Zarz\u0105du Us\u0142ug Komunalnych. &nbsp; &#8211; Wytyczenie tak zwanego grzebowiska pozwoli\u0142oby wielu mieszka\u0144com spokojnie i godnie po\u017cegna\u0107 si\u0119 ze swoim &#8220;\u017cyciowym towarzyszem&#8221; i zaakceptowa\u0107 jego odej\u015bcie &#8211; pisze radny Nowego Ratusza. &#8211; Zwierz\u0119ta domowe [&hellip;]\" \/>\n<meta property=\"og:url\" content=\"https:\/\/www.24gliwice.pl\/wiadomosci\/w-gliwicach-powstanie-cmentarz-dla-zwierzat-radny-smierc-zwierzecia-bywa-trauma-jak-smierc-czlowieka\/\" \/>\n<meta property=\"og:site_name\" content=\"24GLIWICE - Portal Gliwice | codziennie nowe informacje\" \/>\n<meta property=\"article:publisher\" content=\"https:\/\/www.facebook.com\/24gliwice\" \/>\n<meta property=\"article:published_time\" content=\"2024-06-10T15:49:37+00:00\" \/>\n<meta property=\"og:image\" content=\"https:\/\/www.24gliwice.pl\/wiadomosci\/wp-content\/uploads\/2024\/06\/stary-smutny-pies-ai.jpg\" \/>\n\t<meta property=\"og:image:width\" content=\"810\" \/>\n\t<meta property=\"og:image:height\" content=\"457\" \/>\n\t<meta property=\"og:image:type\" content=\"image\/jpeg\" \/>\n<meta name=\"author\" content=\"Micha\u0142 Szewczyk\" \/>\n<meta name=\"twitter:card\" content=\"summary_large_image\" \/>\n<meta name=\"twitter:creator\" content=\"@24gliwice\" \/>\n<meta name=\"twitter:site\" content=\"@24gliwice\" \/>\n<meta name=\"twitter:label1\" content=\"Napisane przez\" \/>\n\t<meta name=\"twitter:data1\" content=\"Micha\u0142 Szewczyk\" \/>\n\t<meta name=\"twitter:label2\" content=\"Szacowany czas czytania\" \/>\n\t<meta name=\"twitter:data2\" content=\"2 minuty\" \/>\n<script type=\"application\/ld+json\" class=\"yoast-schema-graph\">{\"@context\":\"https:\\\/\\\/schema.org\",\"@graph\":[{\"@type\":\"Article\",\"@id\":\"https:\\\/\\\/www.24gliwice.pl\\\/wiadomosci\\\/w-gliwicach-powstanie-cmentarz-dla-zwierzat-radny-smierc-zwierzecia-bywa-trauma-jak-smierc-czlowieka\\\/#article\",\"isPartOf\":{\"@id\":\"https:\\\/\\\/www.24gliwice.pl\\\/wiadomosci\\\/w-gliwicach-powstanie-cmentarz-dla-zwierzat-radny-smierc-zwierzecia-bywa-trauma-jak-smierc-czlowieka\\\/\"},\"author\":{\"name\":\"Micha\u0142 Szewczyk\",\"@id\":\"https:\\\/\\\/www.24gliwice.pl\\\/wiadomosci\\\/#\\\/schema\\\/person\\\/940e8f8a097e322de4f463f061ef8d45\"},\"headline\":\"W Gliwicach powstanie cmentarz dla zwierz\u0105t? Radny: &#8220;\u015bmier\u0107 zwierz\u0119cia bywa traum\u0105 jak \u015bmier\u0107 cz\u0142owieka&#8221;\",\"datePublished\":\"2024-06-10T15:49:37+00:00\",\"mainEntityOfPage\":{\"@id\":\"https:\\\/\\\/www.24gliwice.pl\\\/wiadomosci\\\/w-gliwicach-powstanie-cmentarz-dla-zwierzat-radny-smierc-zwierzecia-bywa-trauma-jak-smierc-czlowieka\\\/\"},\"wordCount\":390,\"commentCount\":0,\"publisher\":{\"@id\":\"https:\\\/\\\/www.24gliwice.pl\\\/wiadomosci\\\/#organization\"},\"image\":{\"@id\":\"https:\\\/\\\/www.24gliwice.pl\\\/wiadomosci\\\/w-gliwicach-powstanie-cmentarz-dla-zwierzat-radny-smierc-zwierzecia-bywa-trauma-jak-smierc-czlowieka\\\/#primaryimage\"},\"thumbnailUrl\":\"https:\\\/\\\/www.24gliwice.pl\\\/wiadomosci\\\/wp-content\\\/uploads\\\/2024\\\/06\\\/stary-smutny-pies-ai.jpg\",\"articleSection\":[\"Gliwice\",\"Najnowsze wiadomo\u015bci\",\"Portal Gliwice - Wiadomo\u015bci lokalne\"],\"inLanguage\":\"pl-PL\",\"potentialAction\":[{\"@type\":\"CommentAction\",\"name\":\"Comment\",\"target\":[\"https:\\\/\\\/www.24gliwice.pl\\\/wiadomosci\\\/w-gliwicach-powstanie-cmentarz-dla-zwierzat-radny-smierc-zwierzecia-bywa-trauma-jak-smierc-czlowieka\\\/#respond\"]}]},{\"@type\":\"WebPage\",\"@id\":\"https:\\\/\\\/www.24gliwice.pl\\\/wiadomosci\\\/w-gliwicach-powstanie-cmentarz-dla-zwierzat-radny-smierc-zwierzecia-bywa-trauma-jak-smierc-czlowieka\\\/\",\"url\":\"https:\\\/\\\/www.24gliwice.pl\\\/wiadomosci\\\/w-gliwicach-powstanie-cmentarz-dla-zwierzat-radny-smierc-zwierzecia-bywa-trauma-jak-smierc-czlowieka\\\/\",\"name\":\"W Gliwicach powstanie cmentarz dla zwierz\u0105t? Radny: \\\"\u015bmier\u0107 zwierz\u0119cia bywa traum\u0105 jak \u015bmier\u0107 cz\u0142owieka\\\" - 24GLIWICE - Portal Gliwice | codziennie nowe informacje\",\"isPartOf\":{\"@id\":\"https:\\\/\\\/www.24gliwice.pl\\\/wiadomosci\\\/#website\"},\"primaryImageOfPage\":{\"@id\":\"https:\\\/\\\/www.24gliwice.pl\\\/wiadomosci\\\/w-gliwicach-powstanie-cmentarz-dla-zwierzat-radny-smierc-zwierzecia-bywa-trauma-jak-smierc-czlowieka\\\/#primaryimage\"},\"image\":{\"@id\":\"https:\\\/\\\/www.24gliwice.pl\\\/wiadomosci\\\/w-gliwicach-powstanie-cmentarz-dla-zwierzat-radny-smierc-zwierzecia-bywa-trauma-jak-smierc-czlowieka\\\/#primaryimage\"},\"thumbnailUrl\":\"https:\\\/\\\/www.24gliwice.pl\\\/wiadomosci\\\/wp-content\\\/uploads\\\/2024\\\/06\\\/stary-smutny-pies-ai.jpg\",\"datePublished\":\"2024-06-10T15:49:37+00:00\",\"breadcrumb\":{\"@id\":\"https:\\\/\\\/www.24gliwice.pl\\\/wiadomosci\\\/w-gliwicach-powstanie-cmentarz-dla-zwierzat-radny-smierc-zwierzecia-bywa-trauma-jak-smierc-czlowieka\\\/#breadcrumb\"},\"inLanguage\":\"pl-PL\",\"potentialAction\":[{\"@type\":\"ReadAction\",\"target\":[\"https:\\\/\\\/www.24gliwice.pl\\\/wiadomosci\\\/w-gliwicach-powstanie-cmentarz-dla-zwierzat-radny-smierc-zwierzecia-bywa-trauma-jak-smierc-czlowieka\\\/\"]}]},{\"@type\":\"ImageObject\",\"inLanguage\":\"pl-PL\",\"@id\":\"https:\\\/\\\/www.24gliwice.pl\\\/wiadomosci\\\/w-gliwicach-powstanie-cmentarz-dla-zwierzat-radny-smierc-zwierzecia-bywa-trauma-jak-smierc-czlowieka\\\/#primaryimage\",\"url\":\"https:\\\/\\\/www.24gliwice.pl\\\/wiadomosci\\\/wp-content\\\/uploads\\\/2024\\\/06\\\/stary-smutny-pies-ai.jpg\",\"contentUrl\":\"https:\\\/\\\/www.24gliwice.pl\\\/wiadomosci\\\/wp-content\\\/uploads\\\/2024\\\/06\\\/stary-smutny-pies-ai.jpg\",\"width\":810,\"height\":457},{\"@type\":\"BreadcrumbList\",\"@id\":\"https:\\\/\\\/www.24gliwice.pl\\\/wiadomosci\\\/w-gliwicach-powstanie-cmentarz-dla-zwierzat-radny-smierc-zwierzecia-bywa-trauma-jak-smierc-czlowieka\\\/#breadcrumb\",\"itemListElement\":[{\"@type\":\"ListItem\",\"position\":1,\"name\":\"Strona g\u0142\u00f3wna\",\"item\":\"https:\\\/\\\/www.24gliwice.pl\\\/wiadomosci\\\/\"},{\"@type\":\"ListItem\",\"position\":2,\"name\":\"W Gliwicach powstanie cmentarz dla zwierz\u0105t? Radny: &#8222;\u015bmier\u0107 zwierz\u0119cia bywa traum\u0105 jak \u015bmier\u0107 cz\u0142owieka&#8221;\"}]},{\"@type\":\"WebSite\",\"@id\":\"https:\\\/\\\/www.24gliwice.pl\\\/wiadomosci\\\/#website\",\"url\":\"https:\\\/\\\/www.24gliwice.pl\\\/wiadomosci\\\/\",\"name\":\"24GLIWICE - Portal Gliwice | codziennie nowe wiadomo\u015bci\",\"description\":\"Portal Miejski Gliwice\",\"publisher\":{\"@id\":\"https:\\\/\\\/www.24gliwice.pl\\\/wiadomosci\\\/#organization\"},\"potentialAction\":[{\"@type\":\"SearchAction\",\"target\":{\"@type\":\"EntryPoint\",\"urlTemplate\":\"https:\\\/\\\/www.24gliwice.pl\\\/wiadomosci\\\/?s={search_term_string}\"},\"query-input\":{\"@type\":\"PropertyValueSpecification\",\"valueRequired\":true,\"valueName\":\"search_term_string\"}}],\"inLanguage\":\"pl-PL\"},{\"@type\":\"Organization\",\"@id\":\"https:\\\/\\\/www.24gliwice.pl\\\/wiadomosci\\\/#organization\",\"name\":\"24gliwice\",\"url\":\"https:\\\/\\\/www.24gliwice.pl\\\/wiadomosci\\\/\",\"logo\":{\"@type\":\"ImageObject\",\"inLanguage\":\"pl-PL\",\"@id\":\"https:\\\/\\\/www.24gliwice.pl\\\/wiadomosci\\\/#\\\/schema\\\/logo\\\/image\\\/\",\"url\":\"https:\\\/\\\/www.24gliwice.pl\\\/wiadomosci\\\/wp-content\\\/uploads\\\/2024\\\/10\\\/24gliwice-logo-696.jpg\",\"contentUrl\":\"https:\\\/\\\/www.24gliwice.pl\\\/wiadomosci\\\/wp-content\\\/uploads\\\/2024\\\/10\\\/24gliwice-logo-696.jpg\",\"width\":696,\"height\":696,\"caption\":\"24gliwice\"},\"image\":{\"@id\":\"https:\\\/\\\/www.24gliwice.pl\\\/wiadomosci\\\/#\\\/schema\\\/logo\\\/image\\\/\"},\"sameAs\":[\"https:\\\/\\\/www.facebook.com\\\/24gliwice\",\"https:\\\/\\\/x.com\\\/24gliwice\",\"https:\\\/\\\/www.youtube.com\\\/@24gliwice\"]},{\"@type\":\"Person\",\"@id\":\"https:\\\/\\\/www.24gliwice.pl\\\/wiadomosci\\\/#\\\/schema\\\/person\\\/940e8f8a097e322de4f463f061ef8d45\",\"name\":\"Micha\u0142 Szewczyk\",\"image\":{\"@type\":\"ImageObject\",\"inLanguage\":\"pl-PL\",\"@id\":\"https:\\\/\\\/secure.gravatar.com\\\/avatar\\\/771b8b6c74cd8d255e46392d605e01a86133900ef09b6ef3c8d451c9d92288cf?s=96&d=mm&r=g\",\"url\":\"https:\\\/\\\/secure.gravatar.com\\\/avatar\\\/771b8b6c74cd8d255e46392d605e01a86133900ef09b6ef3c8d451c9d92288cf?s=96&d=mm&r=g\",\"contentUrl\":\"https:\\\/\\\/secure.gravatar.com\\\/avatar\\\/771b8b6c74cd8d255e46392d605e01a86133900ef09b6ef3c8d451c9d92288cf?s=96&d=mm&r=g\",\"caption\":\"Micha\u0142 Szewczyk\"},\"sameAs\":[\"http:\\\/\\\/www.gazeta-miejska.pl\"],\"url\":\"https:\\\/\\\/www.24gliwice.pl\\\/wiadomosci\\\/author\\\/michal-szewczyk\\\/\"}]}<\/script>\n<!-- \/ Yoast SEO plugin. -->","yoast_head_json":{"title":"W Gliwicach powstanie cmentarz dla zwierz\u0105t? Radny: \"\u015bmier\u0107 zwierz\u0119cia bywa traum\u0105 jak \u015bmier\u0107 cz\u0142owieka\" - 24GLIWICE - Portal Gliwice | codziennie nowe informacje","robots":{"index":"index","follow":"follow","max-snippet":"max-snippet:-1","max-image-preview":"max-image-preview:large","max-video-preview":"max-video-preview:-1"},"canonical":"https:\/\/www.24gliwice.pl\/wiadomosci\/w-gliwicach-powstanie-cmentarz-dla-zwierzat-radny-smierc-zwierzecia-bywa-trauma-jak-smierc-czlowieka\/","og_locale":"pl_PL","og_type":"article","og_title":"W Gliwicach powstanie cmentarz dla zwierz\u0105t? Radny: \"\u015bmier\u0107 zwierz\u0119cia bywa traum\u0105 jak \u015bmier\u0107 cz\u0142owieka\" - 24GLIWICE - Portal Gliwice | codziennie nowe informacje","og_description":"W Gliwicach mo\u017ce powsta\u0107 cmentarz dla zwierz\u0105t. Chcia\u0142by tego gliwicki radny Kajetan Gornig, kt\u00f3ry wystosowa\u0142 ju\u017c w tej sprawie wniosek do Miejskiego Zarz\u0105du Us\u0142ug Komunalnych. &nbsp; &#8211; Wytyczenie tak zwanego grzebowiska pozwoli\u0142oby wielu mieszka\u0144com spokojnie i godnie po\u017cegna\u0107 si\u0119 ze swoim &#8220;\u017cyciowym towarzyszem&#8221; i zaakceptowa\u0107 jego odej\u015bcie &#8211; pisze radny Nowego Ratusza. &#8211; Zwierz\u0119ta domowe [&hellip;]","og_url":"https:\/\/www.24gliwice.pl\/wiadomosci\/w-gliwicach-powstanie-cmentarz-dla-zwierzat-radny-smierc-zwierzecia-bywa-trauma-jak-smierc-czlowieka\/","og_site_name":"24GLIWICE - Portal Gliwice | codziennie nowe informacje","article_publisher":"https:\/\/www.facebook.com\/24gliwice","article_published_time":"2024-06-10T15:49:37+00:00","og_image":[{"width":810,"height":457,"url":"https:\/\/www.24gliwice.pl\/wiadomosci\/wp-content\/uploads\/2024\/06\/stary-smutny-pies-ai.jpg","type":"image\/jpeg"}],"author":"Micha\u0142 Szewczyk","twitter_card":"summary_large_image","twitter_creator":"@24gliwice","twitter_site":"@24gliwice","twitter_misc":{"Napisane przez":"Micha\u0142 Szewczyk","Szacowany czas czytania":"2 minuty"},"schema":{"@context":"https:\/\/schema.org","@graph":[{"@type":"Article","@id":"https:\/\/www.24gliwice.pl\/wiadomosci\/w-gliwicach-powstanie-cmentarz-dla-zwierzat-radny-smierc-zwierzecia-bywa-trauma-jak-smierc-czlowieka\/#article","isPartOf":{"@id":"https:\/\/www.24gliwice.pl\/wiadomosci\/w-gliwicach-powstanie-cmentarz-dla-zwierzat-radny-smierc-zwierzecia-bywa-trauma-jak-smierc-czlowieka\/"},"author":{"name":"Micha\u0142 Szewczyk","@id":"https:\/\/www.24gliwice.pl\/wiadomosci\/#\/schema\/person\/940e8f8a097e322de4f463f061ef8d45"},"headline":"W Gliwicach powstanie cmentarz dla zwierz\u0105t? Radny: &#8220;\u015bmier\u0107 zwierz\u0119cia bywa traum\u0105 jak \u015bmier\u0107 cz\u0142owieka&#8221;","datePublished":"2024-06-10T15:49:37+00:00","mainEntityOfPage":{"@id":"https:\/\/www.24gliwice.pl\/wiadomosci\/w-gliwicach-powstanie-cmentarz-dla-zwierzat-radny-smierc-zwierzecia-bywa-trauma-jak-smierc-czlowieka\/"},"wordCount":390,"commentCount":0,"publisher":{"@id":"https:\/\/www.24gliwice.pl\/wiadomosci\/#organization"},"image":{"@id":"https:\/\/www.24gliwice.pl\/wiadomosci\/w-gliwicach-powstanie-cmentarz-dla-zwierzat-radny-smierc-zwierzecia-bywa-trauma-jak-smierc-czlowieka\/#primaryimage"},"thumbnailUrl":"https:\/\/www.24gliwice.pl\/wiadomosci\/wp-content\/uploads\/2024\/06\/stary-smutny-pies-ai.jpg","articleSection":["Gliwice","Najnowsze wiadomo\u015bci","Portal Gliwice - Wiadomo\u015bci lokalne"],"inLanguage":"pl-PL","potentialAction":[{"@type":"CommentAction","name":"Comment","target":["https:\/\/www.24gliwice.pl\/wiadomosci\/w-gliwicach-powstanie-cmentarz-dla-zwierzat-radny-smierc-zwierzecia-bywa-trauma-jak-smierc-czlowieka\/#respond"]}]},{"@type":"WebPage","@id":"https:\/\/www.24gliwice.pl\/wiadomosci\/w-gliwicach-powstanie-cmentarz-dla-zwierzat-radny-smierc-zwierzecia-bywa-trauma-jak-smierc-czlowieka\/","url":"https:\/\/www.24gliwice.pl\/wiadomosci\/w-gliwicach-powstanie-cmentarz-dla-zwierzat-radny-smierc-zwierzecia-bywa-trauma-jak-smierc-czlowieka\/","name":"W Gliwicach powstanie cmentarz dla zwierz\u0105t? Radny: \"\u015bmier\u0107 zwierz\u0119cia bywa traum\u0105 jak \u015bmier\u0107 cz\u0142owieka\" - 24GLIWICE - Portal Gliwice | codziennie nowe informacje","isPartOf":{"@id":"https:\/\/www.24gliwice.pl\/wiadomosci\/#website"},"primaryImageOfPage":{"@id":"https:\/\/www.24gliwice.pl\/wiadomosci\/w-gliwicach-powstanie-cmentarz-dla-zwierzat-radny-smierc-zwierzecia-bywa-trauma-jak-smierc-czlowieka\/#primaryimage"},"image":{"@id":"https:\/\/www.24gliwice.pl\/wiadomosci\/w-gliwicach-powstanie-cmentarz-dla-zwierzat-radny-smierc-zwierzecia-bywa-trauma-jak-smierc-czlowieka\/#primaryimage"},"thumbnailUrl":"https:\/\/www.24gliwice.pl\/wiadomosci\/wp-content\/uploads\/2024\/06\/stary-smutny-pies-ai.jpg","datePublished":"2024-06-10T15:49:37+00:00","breadcrumb":{"@id":"https:\/\/www.24gliwice.pl\/wiadomosci\/w-gliwicach-powstanie-cmentarz-dla-zwierzat-radny-smierc-zwierzecia-bywa-trauma-jak-smierc-czlowieka\/#breadcrumb"},"inLanguage":"pl-PL","potentialAction":[{"@type":"ReadAction","target":["https:\/\/www.24gliwice.pl\/wiadomosci\/w-gliwicach-powstanie-cmentarz-dla-zwierzat-radny-smierc-zwierzecia-bywa-trauma-jak-smierc-czlowieka\/"]}]},{"@type":"ImageObject","inLanguage":"pl-PL","@id":"https:\/\/www.24gliwice.pl\/wiadomosci\/w-gliwicach-powstanie-cmentarz-dla-zwierzat-radny-smierc-zwierzecia-bywa-trauma-jak-smierc-czlowieka\/#primaryimage","url":"https:\/\/www.24gliwice.pl\/wiadomosci\/wp-content\/uploads\/2024\/06\/stary-smutny-pies-ai.jpg","contentUrl":"https:\/\/www.24gliwice.pl\/wiadomosci\/wp-content\/uploads\/2024\/06\/stary-smutny-pies-ai.jpg","width":810,"height":457},{"@type":"BreadcrumbList","@id":"https:\/\/www.24gliwice.pl\/wiadomosci\/w-gliwicach-powstanie-cmentarz-dla-zwierzat-radny-smierc-zwierzecia-bywa-trauma-jak-smierc-czlowieka\/#breadcrumb","itemListElement":[{"@type":"ListItem","position":1,"name":"Strona g\u0142\u00f3wna","item":"https:\/\/www.24gliwice.pl\/wiadomosci\/"},{"@type":"ListItem","position":2,"name":"W Gliwicach powstanie cmentarz dla zwierz\u0105t? Radny: &#8222;\u015bmier\u0107 zwierz\u0119cia bywa traum\u0105 jak \u015bmier\u0107 cz\u0142owieka&#8221;"}]},{"@type":"WebSite","@id":"https:\/\/www.24gliwice.pl\/wiadomosci\/#website","url":"https:\/\/www.24gliwice.pl\/wiadomosci\/","name":"24GLIWICE - Portal Gliwice | codziennie nowe wiadomo\u015bci","description":"Portal Miejski Gliwice","publisher":{"@id":"https:\/\/www.24gliwice.pl\/wiadomosci\/#organization"},"potentialAction":[{"@type":"SearchAction","target":{"@type":"EntryPoint","urlTemplate":"https:\/\/www.24gliwice.pl\/wiadomosci\/?s={search_term_string}"},"query-input":{"@type":"PropertyValueSpecification","valueRequired":true,"valueName":"search_term_string"}}],"inLanguage":"pl-PL"},{"@type":"Organization","@id":"https:\/\/www.24gliwice.pl\/wiadomosci\/#organization","name":"24gliwice","url":"https:\/\/www.24gliwice.pl\/wiadomosci\/","logo":{"@type":"ImageObject","inLanguage":"pl-PL","@id":"https:\/\/www.24gliwice.pl\/wiadomosci\/#\/schema\/logo\/image\/","url":"https:\/\/www.24gliwice.pl\/wiadomosci\/wp-content\/uploads\/2024\/10\/24gliwice-logo-696.jpg","contentUrl":"https:\/\/www.24gliwice.pl\/wiadomosci\/wp-content\/uploads\/2024\/10\/24gliwice-logo-696.jpg","width":696,"height":696,"caption":"24gliwice"},"image":{"@id":"https:\/\/www.24gliwice.pl\/wiadomosci\/#\/schema\/logo\/image\/"},"sameAs":["https:\/\/www.facebook.com\/24gliwice","https:\/\/x.com\/24gliwice","https:\/\/www.youtube.com\/@24gliwice"]},{"@type":"Person","@id":"https:\/\/www.24gliwice.pl\/wiadomosci\/#\/schema\/person\/940e8f8a097e322de4f463f061ef8d45","name":"Micha\u0142 Szewczyk","image":{"@type":"ImageObject","inLanguage":"pl-PL","@id":"https:\/\/secure.gravatar.com\/avatar\/771b8b6c74cd8d255e46392d605e01a86133900ef09b6ef3c8d451c9d92288cf?s=96&d=mm&r=g","url":"https:\/\/secure.gravatar.com\/avatar\/771b8b6c74cd8d255e46392d605e01a86133900ef09b6ef3c8d451c9d92288cf?s=96&d=mm&r=g","contentUrl":"https:\/\/secure.gravatar.com\/avatar\/771b8b6c74cd8d255e46392d605e01a86133900ef09b6ef3c8d451c9d92288cf?s=96&d=mm&r=g","caption":"Micha\u0142 Szewczyk"},"sameAs":["http:\/\/www.gazeta-miejska.pl"],"url":"https:\/\/www.24gliwice.pl\/wiadomosci\/author\/michal-szewczyk\/"}]}},"_links":{"self":[{"href":"https:\/\/www.24gliwice.pl\/wiadomosci\/wp-json\/wp\/v2\/posts\/237233","targetHints":{"allow":["GET"]}}],"collection":[{"href":"https:\/\/www.24gliwice.pl\/wiadomosci\/wp-json\/wp\/v2\/posts"}],"about":[{"href":"https:\/\/www.24gliwice.pl\/wiadomosci\/wp-json\/wp\/v2\/types\/post"}],"author":[{"embeddable":true,"href":"https:\/\/www.24gliwice.pl\/wiadomosci\/wp-json\/wp\/v2\/users\/12"}],"replies":[{"embeddable":true,"href":"https:\/\/www.24gliwice.pl\/wiadomosci\/wp-json\/wp\/v2\/comments?post=237233"}],"version-history":[{"count":0,"href":"https:\/\/www.24gliwice.pl\/wiadomosci\/wp-json\/wp\/v2\/posts\/237233\/revisions"}],"wp:featuredmedia":[{"embeddable":true,"href":"https:\/\/www.24gliwice.pl\/wiadomosci\/wp-json\/wp\/v2\/media\/237381"}],"wp:attachment":[{"href":"https:\/\/www.24gliwice.pl\/wiadomosci\/wp-json\/wp\/v2\/media?parent=237233"}],"wp:term":[{"taxonomy":"category","embeddable":true,"href":"https:\/\/www.24gliwice.pl\/wiadomosci\/wp-json\/wp\/v2\/categories?post=237233"},{"taxonomy":"post_tag","embeddable":true,"href":"https:\/\/www.24gliwice.pl\/wiadomosci\/wp-json\/wp\/v2\/tags?post=237233"}],"curies":[{"name":"wp","href":"https:\/\/api.w.org\/{rel}","templated":true}]}}