{"id":237392,"date":"2024-06-11T10:34:54","date_gmt":"2024-06-11T08:34:54","guid":{"rendered":"https:\/\/www.24gliwice.pl\/wiadomosci\/?p=237392"},"modified":"2024-08-20T01:54:46","modified_gmt":"2024-08-19T23:54:46","slug":"skad-komendant-od-granatnika-w-radzie-nadzorczej-piasta-burza-wokol-jaroslawa-szymczyka","status":"publish","type":"post","link":"https:\/\/www.24gliwice.pl\/wiadomosci\/skad-komendant-od-granatnika-w-radzie-nadzorczej-piasta-burza-wokol-jaroslawa-szymczyka\/","title":{"rendered":"Sk\u0105d &#8220;komendant od granatnika&#8221; w radzie nadzorczej Piasta? Burza wok\u00f3\u0142 Jaros\u0142awa Szymczyka"},"content":{"rendered":"<div class=\"gliwi-a6-nad-leadem-artykulow gliwi-entity-placement\" id=\"gliwi-1784227869\"><div class=\"gliwi-adlabel\"><span style=\"font-size: 9px\">REKLAMA<\/span><\/div><div id=\"gliwi-492067379\" style=\"margin-bottom: 30px;margin-left: auto;margin-right: auto;text-align: center;\"><a data-no-instant=\"1\" href=\"https:\/\/przedszkole.halogen.org.pl\/\" rel=\"noopener\" class=\"a2t-link\" target=\"_blank\" aria-label=\"20260402-ANIMATOR-przedszkole_grafika_750x200\"><img loading=\"lazy\" decoding=\"async\" src=\"https:\/\/www.24gliwice.pl\/wiadomosci\/wp-content\/uploads\/2026\/04\/20260402-ANIMATOR-przedszkole_grafika_750x200.webp\" alt=\"\"  srcset=\"https:\/\/www.24gliwice.pl\/wiadomosci\/wp-content\/uploads\/2026\/04\/20260402-ANIMATOR-przedszkole_grafika_750x200.webp 750w, https:\/\/www.24gliwice.pl\/wiadomosci\/wp-content\/uploads\/2026\/04\/20260402-ANIMATOR-przedszkole_grafika_750x200-410x109.webp 410w\" sizes=\"(max-width: 750px) 100vw, 750px\" class=\"no-lazyload\" width=\"750\" height=\"200\"  style=\"display: inline-block; max-width: 100%; height: auto;\" \/><\/a><\/div><\/div><h2>By\u0142y szef gliwickich policjant\u00f3w b\u0119dzie odpowiada\u0142 za nadz\u00f3r Piasta Gliwice. Jego nominacja wywo\u0142a\u0142a lawin\u0119 komentarzy i nie brakuje opinii, \u017ce to pr\u00f3ba zagrania na nosie nowym w\u0142adzom miasta.<\/h2>\n<p>&nbsp;<br \/>\nPoniedzia\u0142kowe powo\u0142anie Jaros\u0142awa Szymczyka przy\u0107mi\u0142o wszelkie pozosta\u0142e <a href=\"https:\/\/www.24gliwice.pl\/wiadomosci\/zadluzenie-klubu-znacznie-przekracza-kwoty-o-ktorych-mowiono-publicznie-walne-zgromadzenie-akcjonariuszy-piasta\/\" rel=\"noopener\" target=\"_blank\">informacje na temat sytuacji w Pia\u015bcie Gliwice<\/a>. W sieci zawrza\u0142o: &#8220;szykuje si\u0119 wybuchowy sezon&#8221;, &#8220;bombowa informacja&#8221;. Dominowa\u0142o jednak niedowierzanie &#8220;czy to na pewno ten Szymczyk?&#8221;. Rozwiewamy w\u0105tpliwo\u015bci: tak, to by\u0142y komendant g\u0142\u00f3wny policji (od 2016 do 2023 roku). Ten sam, kt\u00f3ry przez opini\u0119 publiczn\u0105 zapami\u0119tany zosta\u0142 przez pryzmat &#8220;afery granatnikowej&#8221;. <\/p>\n<h4>GLIWICZANIN I KIBIC PIASTA<\/H4><\/p><div class=\"gliwi-a3-w-tresci-artykulow gliwi-entity-placement\" id=\"gliwi-3774648338\"><div class=\"gliwi-adlabel\"><span style=\"font-size: 9px\">REKLAMA<\/span><\/div><div id=\"gliwi-580044277\" style=\"margin-bottom: 30px;margin-left: auto;margin-right: auto;text-align: center;\"><a data-no-instant=\"1\" href=\"https:\/\/ogrodyandersa.pl\/\" rel=\"noopener\" class=\"a2t-link\" target=\"_blank\" aria-label=\"20260415 Ogrody Andersa KUP TERAZ D\"><img loading=\"lazy\" decoding=\"async\" src=\"https:\/\/www.24gliwice.pl\/wiadomosci\/wp-content\/uploads\/2026\/04\/20260415-Ogrody-Andersa-KUP-TERAZ-D.jpg\" alt=\"\"  srcset=\"https:\/\/www.24gliwice.pl\/wiadomosci\/wp-content\/uploads\/2026\/04\/20260415-Ogrody-Andersa-KUP-TERAZ-D.jpg 750w, https:\/\/www.24gliwice.pl\/wiadomosci\/wp-content\/uploads\/2026\/04\/20260415-Ogrody-Andersa-KUP-TERAZ-D-410x109.jpg 410w\" sizes=\"(max-width: 750px) 100vw, 750px\" class=\"no-lazyload\" width=\"750\" height=\"200\"  style=\"display: inline-block; max-width: 100%; height: auto;\" \/><\/a><\/div><\/div>\n<p>Nie wszyscy jednak wiedz\u0105 (nawet w Gliwicach), \u017ce <strong>Szymczyk jest gliwiczaninem<\/strong>. Dzieci\u0144stwo i m\u0142odo\u015b\u0107 sp\u0119dzi\u0142 na Zatorzu, do podstaw\u00f3wki chodzi\u0142 przy Okrzei, szko\u0142a \u015brednia to technikum kolejowe przy Chorzowskiej. Prac\u0119 w policji zaczyna\u0142 w dawnym komisariacie przy ul. Horsta Bie\u0144ka. P\u00f3\u017aniej by\u0142 jeszcze komisariat w \u0141ab\u0119dach i komenda miejska przy ul. Powsta\u0144c\u00f3w Warszawy. Po wyp\u0142yni\u0119ciu na szersze wody nadal by\u0142 blisko zwi\u0105zany z Gliwicami. Prywatnie jego \u017cona od lat prowadzi w Gliwicach  jedno ze stowarzysze\u0144 wspieraj\u0105cych osoby starsze.<\/p>\n<p><strong>Jak jednak emerytowany policjant trafi\u0142 do miejskiego klubu pi\u0142karskiego?<\/strong> Jedna rzecz jest kluczowa, cho\u0107 w fali komentarzy \u0142atwo umyka. Miasto Gliwice jest wi\u0119kszo\u015bciowym udzia\u0142owcem w Pia\u015bcie (posiada 66% udzia\u0142\u00f3w), ale pozosta\u0142a cz\u0119\u015b\u0107 nale\u017cy do przedsi\u0119biorcy <strong>Zbigniewa Ka\u0142u\u017cy<\/strong>. I to w\u0142a\u015bnie jego decyzj\u0105 Szymczyk trafi\u0142 do rady nadzorczej. <\/p>\n<p>&#8211; To dobrzy kumple, znaj\u0105 si\u0119 jeszcze z dawnych lat, s\u0105 w podobnym wieku &#8211; m\u00f3wi nam jedna z os\u00f3b dobrze orientuj\u0105cych si\u0119 w realiach miasta.<\/p>\n<p>W sieci \u0142atwo znale\u017a\u0107 zdj\u0119cia, na kt\u00f3rych Ka\u0142u\u017ca z Szymczykiem wsp\u00f3lnie ogl\u0105daj\u0105 mecze Piasta Gliwice. W strukturach klubu nazwisko Szymczyk nie pojawia si\u0119 zreszt\u0105 po raz pierwszy. <strong>Katarzyna Szymczyk<\/strong> (prywatnie c\u00f3rka by\u0142ego komendanta) jest w klubie dyrektorem ds. sprzeda\u017cy i marketingu. Sam Szymczyk ju\u017c przed laty deklarowa\u0142, \u017ce jest zagorza\u0142ym kibicem Piasta.<\/p>\n<blockquote><p>&#8211; Gdy jestem w domu, pojawiam si\u0119 na wszystkich spotkaniach naszej dru\u017cyny. Lubi\u0119 t\u0119 specyficzn\u0105 atmosfer\u0119 pi\u0142karskiego \u015bwi\u0119ta, \u015bwietnie czuj\u0119 si\u0119 na naszym stadionie. I, rzecz jasna, rozpiera mnie duma, \u017ce jeste\u015bmy mistrzem Polski<\/p><\/blockquote>\n<p> &#8211; m\u00f3wi\u0142 w 2019 roku &#8220;Nowinom Gliwickim&#8221;.<\/p>\n<div id=\"attachment_237393\" style=\"width: 1193px\" class=\"wp-caption aligncenter\"><img loading=\"lazy\" decoding=\"async\" aria-describedby=\"caption-attachment-237393\" src=\"https:\/\/www.24gliwice.pl\/wiadomosci\/wp-content\/uploads\/2024\/06\/gazeta-wroclawska.png\" alt=\"\" width=\"1183\" height=\"805\" class=\"size-full wp-image-237393\" srcset=\"https:\/\/www.24gliwice.pl\/wiadomosci\/wp-content\/uploads\/2024\/06\/gazeta-wroclawska.png 1183w, https:\/\/www.24gliwice.pl\/wiadomosci\/wp-content\/uploads\/2024\/06\/gazeta-wroclawska-341x232.png 341w, https:\/\/www.24gliwice.pl\/wiadomosci\/wp-content\/uploads\/2024\/06\/gazeta-wroclawska-669x455.png 669w, https:\/\/www.24gliwice.pl\/wiadomosci\/wp-content\/uploads\/2024\/06\/gazeta-wroclawska-768x523.png 768w, https:\/\/www.24gliwice.pl\/wiadomosci\/wp-content\/uploads\/2024\/06\/gazeta-wroclawska-810x551.png 810w, https:\/\/www.24gliwice.pl\/wiadomosci\/wp-content\/uploads\/2024\/06\/gazeta-wroclawska-1140x776.png 1140w, https:\/\/www.24gliwice.pl\/wiadomosci\/wp-content\/uploads\/2024\/06\/gazeta-wroclawska-145x100.png 145w, https:\/\/www.24gliwice.pl\/wiadomosci\/wp-content\/uploads\/2024\/06\/gazeta-wroclawska-380x260.png 380w\" sizes=\"auto, (max-width: 1183px) 100vw, 1183px\" \/><p id=\"caption-attachment-237393\" class=\"wp-caption-text\">Jaros\u0142aw Szymczyk i Zbigniew Ka\u0142u\u017ca wsp\u00f3lnie ogl\u0105daj\u0105 mecz Piasta. Screen z portalu &#8220;Gazety Wroc\u0142awskiej&#8221;. \u0179r\u00f3d\u0142o: https:\/\/gazetawroclawska.pl\/raport-z-trybun-kibice-podczas-6-kolejki-pko-ekstraklasy-oprawy-frekwencje-liczby-wyjazdowe-zdjecia-wideo\/ga\/c2-17838177\/zd\/69938571<\/p><\/div>\n<h4>SZYMCZYK CZYLI MAGISTRAT MA K\u0141OPOT WIZERUNKOWY<\/H4><\/p>\n<p>Dobre relacje mi\u0119dzy Ka\u0142u\u017c\u0105 a Szymczykiem po cz\u0119\u015bci uzasadniaj\u0105 poniedzia\u0142kow\u0105 decyzj\u0119 wsp\u00f3\u0142w\u0142a\u015bciciela Piasta. Nie brakuje jednak opinii, \u017ce Ka\u0142u\u017ca chcia\u0142 przy okazji zagra\u0107 na nosie nowej w\u0142adzy miasta. W ko\u0144cu i on jest ofiar\u0105 rozwi\u0105zania dotychczasowej rady nadzorczej (zasiada\u0142 w niej razem z <strong>Grzegorzem Jaworskim<\/strong> i <strong>Krystianem Tomal\u0105<\/strong>). By\u0142y komendant ma by\u0107 zaufanym stra\u017cnikiem dbania o jego os\u0142abion\u0105 pozycj\u0119 w klubie.<\/p>\n<p>Ale Szymczyk przede wszystkim mo\u017ce by\u0107 k\u0142opotem wizerunkowym prezydent <strong>Katarzyny Kuczy\u0144skiej-Budki<\/strong>. W powszechnej opinii fakt powo\u0142ania go przez mniejszo\u015bciowego udzia\u0142owca (a nie Miasto) na razie si\u0119 nie przebi\u0142. A internetowym &#8220;\u015bmieszkowaniem&#8221; obrywaj\u0105 rykoszetem urz\u0119dnicy. Koalicji Obywatelskiej ju\u017c zarzuca si\u0119 stosowanie podw\u00f3jnych standard\u00f3w. Przed rokiem udzia\u0142 komendanta w &#8220;aferze granatnikowej&#8221; by\u0142 mocno krytykowany m.in. przez <strong>Borysa Budk\u0119<\/strong>, kt\u00f3ry domaga\u0142 si\u0119 jego &#8220;honorowej dymisji&#8221;<br \/>\n\u2013 Dzisiaj policjanci, kt\u00f3rzy pilnuj\u0105 naszego bezpiecze\u0144stw, musz\u0105 si\u0119 wstydzi\u0107 za to, co sta\u0142o si\u0119 w budynku Komendy G\u0142\u00f3wnej Policji &#8211; cytowa\u0142 Budk\u0119 &#8220;Wprost&#8221;.<\/p>\n<p>Problem najwyra\u017aniej od razu dostrzegli w magistracie. Ju\u017c wczoraj na profilu prezydent przetoczy\u0142a si\u0119 fala komentarzy.<\/p>\n<p>&#8211; Bombowy pomys\u0142, nie ma co. Szkoda, \u017ce to odwracanie uwagi od rzeczy najwa\u017cniejszej. Od odpowiedzialno\u015bci za tragiczn\u0105 sytuacj\u0119 finansow\u0105 klubu. Klasyczny temat zast\u0119pczy &#8211; komentowa\u0142a asystentka Kuczy\u0144skiej-Budki, <strong>Barbara Szcze\u015bniak<\/strong>. <\/p>\n<p>&#8211; Czy rozumiem decyzj\u0119 mniejszo\u015bciowego udzia\u0142owca &#8211; nie. Wiem na pewno, klub dysponuje publicznymi pieni\u0119dzmi, a te wymagaj\u0105 stosowania jasnych regu\u0142 &#8211; odpowiada\u0142a pod jednym z komentarzy prezydent Gliwic. <\/p>\n<p>W tle powo\u0142ania Szymczyka trwa dyskusja nad pozosta\u0142ym sk\u0142adem nowej rady nadzorczej. Znaki zapytania budzi m.in. znajomo\u015b\u0107 bran\u017cy sportowej przez nowych cz\u0142onk\u00f3w i brak pi\u0142karskiego wyczucia (np. przy zatwierdzaniu transfer\u00f3w). W tym kontek\u015bcie Szymczyk wydaje si\u0119 osob\u0105, kt\u00f3ra mo\u017ce &#8220;czu\u0107 klub&#8221;: sercem, a nie arkuszem z Excela. Mo\u017cna jednak wyobrazi\u0107 sobie wiele innych, bardziej komfortowych dla magistratu decyzji ni\u017c poniedzia\u0142kowe powo\u0142anie.  <\/p>\n<p>Micha\u0142 Szewczyk<\/p>\n<div class=\"gliwi-a5-na-koncu-artykulow gliwi-entity-placement\" id=\"gliwi-1063261032\"><div class=\"gliwi-adlabel\"><span style=\"font-size: 9px\">REKLAMA<\/span><\/div><div id=\"gliwi-1234227461\" style=\"margin-left: auto;margin-right: auto;text-align: center;\"><a data-no-instant=\"1\" href=\"https:\/\/prezeroarenagliwice.pl\/\" rel=\"noopener\" class=\"a2t-link\" target=\"_blank\" aria-label=\"20260309-PREZERO-WIOSNA-D\"><img loading=\"lazy\" decoding=\"async\" src=\"https:\/\/www.24gliwice.pl\/wiadomosci\/wp-content\/uploads\/2026\/03\/20260309-PREZERO-WIOSNA-D.webp\" alt=\"\"  srcset=\"https:\/\/www.24gliwice.pl\/wiadomosci\/wp-content\/uploads\/2026\/03\/20260309-PREZERO-WIOSNA-D.webp 750w, https:\/\/www.24gliwice.pl\/wiadomosci\/wp-content\/uploads\/2026\/03\/20260309-PREZERO-WIOSNA-D-410x109.webp 410w\" sizes=\"(max-width: 750px) 100vw, 750px\" class=\"no-lazyload\" width=\"750\" height=\"200\"  style=\"display: inline-block; max-width: 100%; height: auto;\" \/><\/a><\/div><\/div>","protected":false},"excerpt":{"rendered":"<p>By\u0142y szef gliwickich policjant\u00f3w b\u0119dzie odpowiada\u0142 za nadz\u00f3r Piasta Gliwice. Jego nominacja wywo\u0142a\u0142a lawin\u0119 komentarzy i nie brakuje opinii, \u017ce to pr\u00f3ba zagrania na nosie nowym w\u0142adzom miasta. &nbsp; Poniedzia\u0142kowe powo\u0142anie Jaros\u0142awa Szymczyka przy\u0107mi\u0142o wszelkie pozosta\u0142e informacje na temat sytuacji w Pia\u015bcie Gliwice. W sieci zawrza\u0142o: &#8220;szykuje si\u0119 wybuchowy sezon&#8221;, &#8220;bombowa informacja&#8221;. Dominowa\u0142o jednak niedowierzanie [&hellip;]<\/p>\n","protected":false},"author":12,"featured_media":237400,"comment_status":"open","ping_status":"closed","sticky":false,"template":"","format":"standard","meta":{"_monsterinsights_skip_tracking":false,"_monsterinsights_sitenote_active":false,"_monsterinsights_sitenote_note":"","_monsterinsights_sitenote_category":0,"footnotes":"","_links_to":"","_links_to_target":""},"categories":[3,1,9,8,23842],"tags":[23663,74],"class_list":["post-237392","post","type-post","status-publish","format-standard","has-post-thumbnail","hentry","category-gliwice","category-wszystko","category-aktualnosci_lokalne","category-samorzad_polityka","category-sport_gliwice","tag-jaroslaw-szymczyk","tag-piast-gliwice"],"yoast_head":"<!-- This site is optimized with the Yoast SEO plugin v27.5 - https:\/\/yoast.com\/product\/yoast-seo-wordpress\/ -->\n<title>Sk\u0105d &quot;komendant od granatnika&quot; w radzie nadzorczej Piasta? Burza wok\u00f3\u0142 Jaros\u0142awa Szymczyka - 24GLIWICE - Portal Gliwice | codziennie nowe informacje<\/title>\n<meta name=\"robots\" content=\"index, follow, max-snippet:-1, max-image-preview:large, max-video-preview:-1\" \/>\n<link rel=\"canonical\" href=\"https:\/\/www.24gliwice.pl\/wiadomosci\/skad-komendant-od-granatnika-w-radzie-nadzorczej-piasta-burza-wokol-jaroslawa-szymczyka\/\" \/>\n<meta property=\"og:locale\" content=\"pl_PL\" \/>\n<meta property=\"og:type\" content=\"article\" \/>\n<meta property=\"og:title\" content=\"Sk\u0105d &quot;komendant od granatnika&quot; w radzie nadzorczej Piasta? Burza wok\u00f3\u0142 Jaros\u0142awa Szymczyka - 24GLIWICE - Portal Gliwice | codziennie nowe informacje\" \/>\n<meta property=\"og:description\" content=\"By\u0142y szef gliwickich policjant\u00f3w b\u0119dzie odpowiada\u0142 za nadz\u00f3r Piasta Gliwice. Jego nominacja wywo\u0142a\u0142a lawin\u0119 komentarzy i nie brakuje opinii, \u017ce to pr\u00f3ba zagrania na nosie nowym w\u0142adzom miasta. &nbsp; Poniedzia\u0142kowe powo\u0142anie Jaros\u0142awa Szymczyka przy\u0107mi\u0142o wszelkie pozosta\u0142e informacje na temat sytuacji w Pia\u015bcie Gliwice. W sieci zawrza\u0142o: &#8220;szykuje si\u0119 wybuchowy sezon&#8221;, &#8220;bombowa informacja&#8221;. Dominowa\u0142o jednak niedowierzanie [&hellip;]\" \/>\n<meta property=\"og:url\" content=\"https:\/\/www.24gliwice.pl\/wiadomosci\/skad-komendant-od-granatnika-w-radzie-nadzorczej-piasta-burza-wokol-jaroslawa-szymczyka\/\" \/>\n<meta property=\"og:site_name\" content=\"24GLIWICE - Portal Gliwice | codziennie nowe informacje\" \/>\n<meta property=\"article:publisher\" content=\"https:\/\/www.facebook.com\/24gliwice\" \/>\n<meta property=\"article:published_time\" content=\"2024-06-11T08:34:54+00:00\" \/>\n<meta property=\"article:modified_time\" content=\"2024-08-19T23:54:46+00:00\" \/>\n<meta property=\"og:image\" content=\"https:\/\/www.24gliwice.pl\/wiadomosci\/wp-content\/uploads\/2024\/06\/szymczyk-piast.png\" \/>\n\t<meta property=\"og:image:width\" content=\"1200\" \/>\n\t<meta property=\"og:image:height\" content=\"600\" \/>\n\t<meta property=\"og:image:type\" content=\"image\/png\" \/>\n<meta name=\"author\" content=\"Micha\u0142 Szewczyk\" \/>\n<meta name=\"twitter:card\" content=\"summary_large_image\" \/>\n<meta name=\"twitter:creator\" content=\"@24gliwice\" \/>\n<meta name=\"twitter:site\" content=\"@24gliwice\" \/>\n<meta name=\"twitter:label1\" content=\"Napisane przez\" \/>\n\t<meta name=\"twitter:data1\" content=\"Micha\u0142 Szewczyk\" \/>\n\t<meta name=\"twitter:label2\" content=\"Szacowany czas czytania\" \/>\n\t<meta name=\"twitter:data2\" content=\"5 minut\" \/>\n<script type=\"application\/ld+json\" class=\"yoast-schema-graph\">{\"@context\":\"https:\\\/\\\/schema.org\",\"@graph\":[{\"@type\":\"Article\",\"@id\":\"https:\\\/\\\/www.24gliwice.pl\\\/wiadomosci\\\/skad-komendant-od-granatnika-w-radzie-nadzorczej-piasta-burza-wokol-jaroslawa-szymczyka\\\/#article\",\"isPartOf\":{\"@id\":\"https:\\\/\\\/www.24gliwice.pl\\\/wiadomosci\\\/skad-komendant-od-granatnika-w-radzie-nadzorczej-piasta-burza-wokol-jaroslawa-szymczyka\\\/\"},\"author\":{\"name\":\"Micha\u0142 Szewczyk\",\"@id\":\"https:\\\/\\\/www.24gliwice.pl\\\/wiadomosci\\\/#\\\/schema\\\/person\\\/940e8f8a097e322de4f463f061ef8d45\"},\"headline\":\"Sk\u0105d &#8220;komendant od granatnika&#8221; w radzie nadzorczej Piasta? Burza wok\u00f3\u0142 Jaros\u0142awa Szymczyka\",\"datePublished\":\"2024-06-11T08:34:54+00:00\",\"dateModified\":\"2024-08-19T23:54:46+00:00\",\"mainEntityOfPage\":{\"@id\":\"https:\\\/\\\/www.24gliwice.pl\\\/wiadomosci\\\/skad-komendant-od-granatnika-w-radzie-nadzorczej-piasta-burza-wokol-jaroslawa-szymczyka\\\/\"},\"wordCount\":799,\"commentCount\":0,\"publisher\":{\"@id\":\"https:\\\/\\\/www.24gliwice.pl\\\/wiadomosci\\\/#organization\"},\"image\":{\"@id\":\"https:\\\/\\\/www.24gliwice.pl\\\/wiadomosci\\\/skad-komendant-od-granatnika-w-radzie-nadzorczej-piasta-burza-wokol-jaroslawa-szymczyka\\\/#primaryimage\"},\"thumbnailUrl\":\"https:\\\/\\\/www.24gliwice.pl\\\/wiadomosci\\\/wp-content\\\/uploads\\\/2024\\\/06\\\/szymczyk-piast.png\",\"keywords\":[\"JAROS\u0141AW SZYMCZYK\",\"PIAST GLIWICE\"],\"articleSection\":[\"Gliwice\",\"Najnowsze wiadomo\u015bci\",\"Portal Gliwice - Wiadomo\u015bci lokalne\",\"Samorz\u0105d, polityka\",\"Sport\"],\"inLanguage\":\"pl-PL\",\"potentialAction\":[{\"@type\":\"CommentAction\",\"name\":\"Comment\",\"target\":[\"https:\\\/\\\/www.24gliwice.pl\\\/wiadomosci\\\/skad-komendant-od-granatnika-w-radzie-nadzorczej-piasta-burza-wokol-jaroslawa-szymczyka\\\/#respond\"]}]},{\"@type\":\"WebPage\",\"@id\":\"https:\\\/\\\/www.24gliwice.pl\\\/wiadomosci\\\/skad-komendant-od-granatnika-w-radzie-nadzorczej-piasta-burza-wokol-jaroslawa-szymczyka\\\/\",\"url\":\"https:\\\/\\\/www.24gliwice.pl\\\/wiadomosci\\\/skad-komendant-od-granatnika-w-radzie-nadzorczej-piasta-burza-wokol-jaroslawa-szymczyka\\\/\",\"name\":\"Sk\u0105d \\\"komendant od granatnika\\\" w radzie nadzorczej Piasta? Burza wok\u00f3\u0142 Jaros\u0142awa Szymczyka - 24GLIWICE - Portal Gliwice | codziennie nowe informacje\",\"isPartOf\":{\"@id\":\"https:\\\/\\\/www.24gliwice.pl\\\/wiadomosci\\\/#website\"},\"primaryImageOfPage\":{\"@id\":\"https:\\\/\\\/www.24gliwice.pl\\\/wiadomosci\\\/skad-komendant-od-granatnika-w-radzie-nadzorczej-piasta-burza-wokol-jaroslawa-szymczyka\\\/#primaryimage\"},\"image\":{\"@id\":\"https:\\\/\\\/www.24gliwice.pl\\\/wiadomosci\\\/skad-komendant-od-granatnika-w-radzie-nadzorczej-piasta-burza-wokol-jaroslawa-szymczyka\\\/#primaryimage\"},\"thumbnailUrl\":\"https:\\\/\\\/www.24gliwice.pl\\\/wiadomosci\\\/wp-content\\\/uploads\\\/2024\\\/06\\\/szymczyk-piast.png\",\"datePublished\":\"2024-06-11T08:34:54+00:00\",\"dateModified\":\"2024-08-19T23:54:46+00:00\",\"breadcrumb\":{\"@id\":\"https:\\\/\\\/www.24gliwice.pl\\\/wiadomosci\\\/skad-komendant-od-granatnika-w-radzie-nadzorczej-piasta-burza-wokol-jaroslawa-szymczyka\\\/#breadcrumb\"},\"inLanguage\":\"pl-PL\",\"potentialAction\":[{\"@type\":\"ReadAction\",\"target\":[\"https:\\\/\\\/www.24gliwice.pl\\\/wiadomosci\\\/skad-komendant-od-granatnika-w-radzie-nadzorczej-piasta-burza-wokol-jaroslawa-szymczyka\\\/\"]}]},{\"@type\":\"ImageObject\",\"inLanguage\":\"pl-PL\",\"@id\":\"https:\\\/\\\/www.24gliwice.pl\\\/wiadomosci\\\/skad-komendant-od-granatnika-w-radzie-nadzorczej-piasta-burza-wokol-jaroslawa-szymczyka\\\/#primaryimage\",\"url\":\"https:\\\/\\\/www.24gliwice.pl\\\/wiadomosci\\\/wp-content\\\/uploads\\\/2024\\\/06\\\/szymczyk-piast.png\",\"contentUrl\":\"https:\\\/\\\/www.24gliwice.pl\\\/wiadomosci\\\/wp-content\\\/uploads\\\/2024\\\/06\\\/szymczyk-piast.png\",\"width\":1200,\"height\":600},{\"@type\":\"BreadcrumbList\",\"@id\":\"https:\\\/\\\/www.24gliwice.pl\\\/wiadomosci\\\/skad-komendant-od-granatnika-w-radzie-nadzorczej-piasta-burza-wokol-jaroslawa-szymczyka\\\/#breadcrumb\",\"itemListElement\":[{\"@type\":\"ListItem\",\"position\":1,\"name\":\"Strona g\u0142\u00f3wna\",\"item\":\"https:\\\/\\\/www.24gliwice.pl\\\/wiadomosci\\\/\"},{\"@type\":\"ListItem\",\"position\":2,\"name\":\"Sk\u0105d &#8222;komendant od granatnika&#8221; w radzie nadzorczej Piasta? Burza wok\u00f3\u0142 Jaros\u0142awa Szymczyka\"}]},{\"@type\":\"WebSite\",\"@id\":\"https:\\\/\\\/www.24gliwice.pl\\\/wiadomosci\\\/#website\",\"url\":\"https:\\\/\\\/www.24gliwice.pl\\\/wiadomosci\\\/\",\"name\":\"24GLIWICE - Portal Gliwice | codziennie nowe wiadomo\u015bci\",\"description\":\"Portal Miejski Gliwice\",\"publisher\":{\"@id\":\"https:\\\/\\\/www.24gliwice.pl\\\/wiadomosci\\\/#organization\"},\"potentialAction\":[{\"@type\":\"SearchAction\",\"target\":{\"@type\":\"EntryPoint\",\"urlTemplate\":\"https:\\\/\\\/www.24gliwice.pl\\\/wiadomosci\\\/?s={search_term_string}\"},\"query-input\":{\"@type\":\"PropertyValueSpecification\",\"valueRequired\":true,\"valueName\":\"search_term_string\"}}],\"inLanguage\":\"pl-PL\"},{\"@type\":\"Organization\",\"@id\":\"https:\\\/\\\/www.24gliwice.pl\\\/wiadomosci\\\/#organization\",\"name\":\"24gliwice\",\"url\":\"https:\\\/\\\/www.24gliwice.pl\\\/wiadomosci\\\/\",\"logo\":{\"@type\":\"ImageObject\",\"inLanguage\":\"pl-PL\",\"@id\":\"https:\\\/\\\/www.24gliwice.pl\\\/wiadomosci\\\/#\\\/schema\\\/logo\\\/image\\\/\",\"url\":\"https:\\\/\\\/www.24gliwice.pl\\\/wiadomosci\\\/wp-content\\\/uploads\\\/2024\\\/10\\\/24gliwice-logo-696.jpg\",\"contentUrl\":\"https:\\\/\\\/www.24gliwice.pl\\\/wiadomosci\\\/wp-content\\\/uploads\\\/2024\\\/10\\\/24gliwice-logo-696.jpg\",\"width\":696,\"height\":696,\"caption\":\"24gliwice\"},\"image\":{\"@id\":\"https:\\\/\\\/www.24gliwice.pl\\\/wiadomosci\\\/#\\\/schema\\\/logo\\\/image\\\/\"},\"sameAs\":[\"https:\\\/\\\/www.facebook.com\\\/24gliwice\",\"https:\\\/\\\/x.com\\\/24gliwice\",\"https:\\\/\\\/www.youtube.com\\\/@24gliwice\"]},{\"@type\":\"Person\",\"@id\":\"https:\\\/\\\/www.24gliwice.pl\\\/wiadomosci\\\/#\\\/schema\\\/person\\\/940e8f8a097e322de4f463f061ef8d45\",\"name\":\"Micha\u0142 Szewczyk\",\"image\":{\"@type\":\"ImageObject\",\"inLanguage\":\"pl-PL\",\"@id\":\"https:\\\/\\\/secure.gravatar.com\\\/avatar\\\/771b8b6c74cd8d255e46392d605e01a86133900ef09b6ef3c8d451c9d92288cf?s=96&d=mm&r=g\",\"url\":\"https:\\\/\\\/secure.gravatar.com\\\/avatar\\\/771b8b6c74cd8d255e46392d605e01a86133900ef09b6ef3c8d451c9d92288cf?s=96&d=mm&r=g\",\"contentUrl\":\"https:\\\/\\\/secure.gravatar.com\\\/avatar\\\/771b8b6c74cd8d255e46392d605e01a86133900ef09b6ef3c8d451c9d92288cf?s=96&d=mm&r=g\",\"caption\":\"Micha\u0142 Szewczyk\"},\"sameAs\":[\"http:\\\/\\\/www.gazeta-miejska.pl\"],\"url\":\"https:\\\/\\\/www.24gliwice.pl\\\/wiadomosci\\\/author\\\/michal-szewczyk\\\/\"}]}<\/script>\n<!-- \/ Yoast SEO plugin. -->","yoast_head_json":{"title":"Sk\u0105d \"komendant od granatnika\" w radzie nadzorczej Piasta? Burza wok\u00f3\u0142 Jaros\u0142awa Szymczyka - 24GLIWICE - Portal Gliwice | codziennie nowe informacje","robots":{"index":"index","follow":"follow","max-snippet":"max-snippet:-1","max-image-preview":"max-image-preview:large","max-video-preview":"max-video-preview:-1"},"canonical":"https:\/\/www.24gliwice.pl\/wiadomosci\/skad-komendant-od-granatnika-w-radzie-nadzorczej-piasta-burza-wokol-jaroslawa-szymczyka\/","og_locale":"pl_PL","og_type":"article","og_title":"Sk\u0105d \"komendant od granatnika\" w radzie nadzorczej Piasta? Burza wok\u00f3\u0142 Jaros\u0142awa Szymczyka - 24GLIWICE - Portal Gliwice | codziennie nowe informacje","og_description":"By\u0142y szef gliwickich policjant\u00f3w b\u0119dzie odpowiada\u0142 za nadz\u00f3r Piasta Gliwice. Jego nominacja wywo\u0142a\u0142a lawin\u0119 komentarzy i nie brakuje opinii, \u017ce to pr\u00f3ba zagrania na nosie nowym w\u0142adzom miasta. &nbsp; Poniedzia\u0142kowe powo\u0142anie Jaros\u0142awa Szymczyka przy\u0107mi\u0142o wszelkie pozosta\u0142e informacje na temat sytuacji w Pia\u015bcie Gliwice. W sieci zawrza\u0142o: &#8220;szykuje si\u0119 wybuchowy sezon&#8221;, &#8220;bombowa informacja&#8221;. Dominowa\u0142o jednak niedowierzanie [&hellip;]","og_url":"https:\/\/www.24gliwice.pl\/wiadomosci\/skad-komendant-od-granatnika-w-radzie-nadzorczej-piasta-burza-wokol-jaroslawa-szymczyka\/","og_site_name":"24GLIWICE - Portal Gliwice | codziennie nowe informacje","article_publisher":"https:\/\/www.facebook.com\/24gliwice","article_published_time":"2024-06-11T08:34:54+00:00","article_modified_time":"2024-08-19T23:54:46+00:00","og_image":[{"width":1200,"height":600,"url":"https:\/\/www.24gliwice.pl\/wiadomosci\/wp-content\/uploads\/2024\/06\/szymczyk-piast.png","type":"image\/png"}],"author":"Micha\u0142 Szewczyk","twitter_card":"summary_large_image","twitter_creator":"@24gliwice","twitter_site":"@24gliwice","twitter_misc":{"Napisane przez":"Micha\u0142 Szewczyk","Szacowany czas czytania":"5 minut"},"schema":{"@context":"https:\/\/schema.org","@graph":[{"@type":"Article","@id":"https:\/\/www.24gliwice.pl\/wiadomosci\/skad-komendant-od-granatnika-w-radzie-nadzorczej-piasta-burza-wokol-jaroslawa-szymczyka\/#article","isPartOf":{"@id":"https:\/\/www.24gliwice.pl\/wiadomosci\/skad-komendant-od-granatnika-w-radzie-nadzorczej-piasta-burza-wokol-jaroslawa-szymczyka\/"},"author":{"name":"Micha\u0142 Szewczyk","@id":"https:\/\/www.24gliwice.pl\/wiadomosci\/#\/schema\/person\/940e8f8a097e322de4f463f061ef8d45"},"headline":"Sk\u0105d &#8220;komendant od granatnika&#8221; w radzie nadzorczej Piasta? Burza wok\u00f3\u0142 Jaros\u0142awa Szymczyka","datePublished":"2024-06-11T08:34:54+00:00","dateModified":"2024-08-19T23:54:46+00:00","mainEntityOfPage":{"@id":"https:\/\/www.24gliwice.pl\/wiadomosci\/skad-komendant-od-granatnika-w-radzie-nadzorczej-piasta-burza-wokol-jaroslawa-szymczyka\/"},"wordCount":799,"commentCount":0,"publisher":{"@id":"https:\/\/www.24gliwice.pl\/wiadomosci\/#organization"},"image":{"@id":"https:\/\/www.24gliwice.pl\/wiadomosci\/skad-komendant-od-granatnika-w-radzie-nadzorczej-piasta-burza-wokol-jaroslawa-szymczyka\/#primaryimage"},"thumbnailUrl":"https:\/\/www.24gliwice.pl\/wiadomosci\/wp-content\/uploads\/2024\/06\/szymczyk-piast.png","keywords":["JAROS\u0141AW SZYMCZYK","PIAST GLIWICE"],"articleSection":["Gliwice","Najnowsze wiadomo\u015bci","Portal Gliwice - Wiadomo\u015bci lokalne","Samorz\u0105d, polityka","Sport"],"inLanguage":"pl-PL","potentialAction":[{"@type":"CommentAction","name":"Comment","target":["https:\/\/www.24gliwice.pl\/wiadomosci\/skad-komendant-od-granatnika-w-radzie-nadzorczej-piasta-burza-wokol-jaroslawa-szymczyka\/#respond"]}]},{"@type":"WebPage","@id":"https:\/\/www.24gliwice.pl\/wiadomosci\/skad-komendant-od-granatnika-w-radzie-nadzorczej-piasta-burza-wokol-jaroslawa-szymczyka\/","url":"https:\/\/www.24gliwice.pl\/wiadomosci\/skad-komendant-od-granatnika-w-radzie-nadzorczej-piasta-burza-wokol-jaroslawa-szymczyka\/","name":"Sk\u0105d \"komendant od granatnika\" w radzie nadzorczej Piasta? Burza wok\u00f3\u0142 Jaros\u0142awa Szymczyka - 24GLIWICE - Portal Gliwice | codziennie nowe informacje","isPartOf":{"@id":"https:\/\/www.24gliwice.pl\/wiadomosci\/#website"},"primaryImageOfPage":{"@id":"https:\/\/www.24gliwice.pl\/wiadomosci\/skad-komendant-od-granatnika-w-radzie-nadzorczej-piasta-burza-wokol-jaroslawa-szymczyka\/#primaryimage"},"image":{"@id":"https:\/\/www.24gliwice.pl\/wiadomosci\/skad-komendant-od-granatnika-w-radzie-nadzorczej-piasta-burza-wokol-jaroslawa-szymczyka\/#primaryimage"},"thumbnailUrl":"https:\/\/www.24gliwice.pl\/wiadomosci\/wp-content\/uploads\/2024\/06\/szymczyk-piast.png","datePublished":"2024-06-11T08:34:54+00:00","dateModified":"2024-08-19T23:54:46+00:00","breadcrumb":{"@id":"https:\/\/www.24gliwice.pl\/wiadomosci\/skad-komendant-od-granatnika-w-radzie-nadzorczej-piasta-burza-wokol-jaroslawa-szymczyka\/#breadcrumb"},"inLanguage":"pl-PL","potentialAction":[{"@type":"ReadAction","target":["https:\/\/www.24gliwice.pl\/wiadomosci\/skad-komendant-od-granatnika-w-radzie-nadzorczej-piasta-burza-wokol-jaroslawa-szymczyka\/"]}]},{"@type":"ImageObject","inLanguage":"pl-PL","@id":"https:\/\/www.24gliwice.pl\/wiadomosci\/skad-komendant-od-granatnika-w-radzie-nadzorczej-piasta-burza-wokol-jaroslawa-szymczyka\/#primaryimage","url":"https:\/\/www.24gliwice.pl\/wiadomosci\/wp-content\/uploads\/2024\/06\/szymczyk-piast.png","contentUrl":"https:\/\/www.24gliwice.pl\/wiadomosci\/wp-content\/uploads\/2024\/06\/szymczyk-piast.png","width":1200,"height":600},{"@type":"BreadcrumbList","@id":"https:\/\/www.24gliwice.pl\/wiadomosci\/skad-komendant-od-granatnika-w-radzie-nadzorczej-piasta-burza-wokol-jaroslawa-szymczyka\/#breadcrumb","itemListElement":[{"@type":"ListItem","position":1,"name":"Strona g\u0142\u00f3wna","item":"https:\/\/www.24gliwice.pl\/wiadomosci\/"},{"@type":"ListItem","position":2,"name":"Sk\u0105d &#8222;komendant od granatnika&#8221; w radzie nadzorczej Piasta? Burza wok\u00f3\u0142 Jaros\u0142awa Szymczyka"}]},{"@type":"WebSite","@id":"https:\/\/www.24gliwice.pl\/wiadomosci\/#website","url":"https:\/\/www.24gliwice.pl\/wiadomosci\/","name":"24GLIWICE - Portal Gliwice | codziennie nowe wiadomo\u015bci","description":"Portal Miejski Gliwice","publisher":{"@id":"https:\/\/www.24gliwice.pl\/wiadomosci\/#organization"},"potentialAction":[{"@type":"SearchAction","target":{"@type":"EntryPoint","urlTemplate":"https:\/\/www.24gliwice.pl\/wiadomosci\/?s={search_term_string}"},"query-input":{"@type":"PropertyValueSpecification","valueRequired":true,"valueName":"search_term_string"}}],"inLanguage":"pl-PL"},{"@type":"Organization","@id":"https:\/\/www.24gliwice.pl\/wiadomosci\/#organization","name":"24gliwice","url":"https:\/\/www.24gliwice.pl\/wiadomosci\/","logo":{"@type":"ImageObject","inLanguage":"pl-PL","@id":"https:\/\/www.24gliwice.pl\/wiadomosci\/#\/schema\/logo\/image\/","url":"https:\/\/www.24gliwice.pl\/wiadomosci\/wp-content\/uploads\/2024\/10\/24gliwice-logo-696.jpg","contentUrl":"https:\/\/www.24gliwice.pl\/wiadomosci\/wp-content\/uploads\/2024\/10\/24gliwice-logo-696.jpg","width":696,"height":696,"caption":"24gliwice"},"image":{"@id":"https:\/\/www.24gliwice.pl\/wiadomosci\/#\/schema\/logo\/image\/"},"sameAs":["https:\/\/www.facebook.com\/24gliwice","https:\/\/x.com\/24gliwice","https:\/\/www.youtube.com\/@24gliwice"]},{"@type":"Person","@id":"https:\/\/www.24gliwice.pl\/wiadomosci\/#\/schema\/person\/940e8f8a097e322de4f463f061ef8d45","name":"Micha\u0142 Szewczyk","image":{"@type":"ImageObject","inLanguage":"pl-PL","@id":"https:\/\/secure.gravatar.com\/avatar\/771b8b6c74cd8d255e46392d605e01a86133900ef09b6ef3c8d451c9d92288cf?s=96&d=mm&r=g","url":"https:\/\/secure.gravatar.com\/avatar\/771b8b6c74cd8d255e46392d605e01a86133900ef09b6ef3c8d451c9d92288cf?s=96&d=mm&r=g","contentUrl":"https:\/\/secure.gravatar.com\/avatar\/771b8b6c74cd8d255e46392d605e01a86133900ef09b6ef3c8d451c9d92288cf?s=96&d=mm&r=g","caption":"Micha\u0142 Szewczyk"},"sameAs":["http:\/\/www.gazeta-miejska.pl"],"url":"https:\/\/www.24gliwice.pl\/wiadomosci\/author\/michal-szewczyk\/"}]}},"_links":{"self":[{"href":"https:\/\/www.24gliwice.pl\/wiadomosci\/wp-json\/wp\/v2\/posts\/237392","targetHints":{"allow":["GET"]}}],"collection":[{"href":"https:\/\/www.24gliwice.pl\/wiadomosci\/wp-json\/wp\/v2\/posts"}],"about":[{"href":"https:\/\/www.24gliwice.pl\/wiadomosci\/wp-json\/wp\/v2\/types\/post"}],"author":[{"embeddable":true,"href":"https:\/\/www.24gliwice.pl\/wiadomosci\/wp-json\/wp\/v2\/users\/12"}],"replies":[{"embeddable":true,"href":"https:\/\/www.24gliwice.pl\/wiadomosci\/wp-json\/wp\/v2\/comments?post=237392"}],"version-history":[{"count":0,"href":"https:\/\/www.24gliwice.pl\/wiadomosci\/wp-json\/wp\/v2\/posts\/237392\/revisions"}],"wp:featuredmedia":[{"embeddable":true,"href":"https:\/\/www.24gliwice.pl\/wiadomosci\/wp-json\/wp\/v2\/media\/237400"}],"wp:attachment":[{"href":"https:\/\/www.24gliwice.pl\/wiadomosci\/wp-json\/wp\/v2\/media?parent=237392"}],"wp:term":[{"taxonomy":"category","embeddable":true,"href":"https:\/\/www.24gliwice.pl\/wiadomosci\/wp-json\/wp\/v2\/categories?post=237392"},{"taxonomy":"post_tag","embeddable":true,"href":"https:\/\/www.24gliwice.pl\/wiadomosci\/wp-json\/wp\/v2\/tags?post=237392"}],"curies":[{"name":"wp","href":"https:\/\/api.w.org\/{rel}","templated":true}]}}