{"id":237433,"date":"2024-06-12T02:24:32","date_gmt":"2024-06-12T00:24:32","guid":{"rendered":"https:\/\/www.24gliwice.pl\/wiadomosci\/?p=237433"},"modified":"2024-06-12T02:24:32","modified_gmt":"2024-06-12T00:24:32","slug":"sprawa-zamkniecia-parku-chrobrego-jest-decyzja-prokuratury-po-zawiadomieniu-k-kuczynskiej-budki","status":"publish","type":"post","link":"https:\/\/www.24gliwice.pl\/wiadomosci\/sprawa-zamkniecia-parku-chrobrego-jest-decyzja-prokuratury-po-zawiadomieniu-k-kuczynskiej-budki\/","title":{"rendered":"Sprawa zamkni\u0119cia parku Chrobrego. Jest decyzja prokuratury po zawiadomieniu K. Kuczy\u0144skiej-Budki"},"content":{"rendered":"<div class=\"gliwi-a6-nad-leadem-artykulow gliwi-entity-placement\" id=\"gliwi-2451411915\"><div class=\"gliwi-adlabel\"><span style=\"font-size: 9px\">REKLAMA<\/span><\/div><div id=\"gliwi-1929926891\" style=\"margin-bottom: 25px;margin-left: auto;margin-right: auto;text-align: center;\"><a data-no-instant=\"1\" href=\"https:\/\/dom100.eu\/\" rel=\"noopener\" class=\"a2t-link\" target=\"_blank\" aria-label=\"20260415 DOM100 D\"><img loading=\"lazy\" decoding=\"async\" src=\"https:\/\/www.24gliwice.pl\/wiadomosci\/wp-content\/uploads\/2026\/04\/20260415-DOM100-D.jpg\" alt=\"\"  srcset=\"https:\/\/www.24gliwice.pl\/wiadomosci\/wp-content\/uploads\/2026\/04\/20260415-DOM100-D.jpg 750w, https:\/\/www.24gliwice.pl\/wiadomosci\/wp-content\/uploads\/2026\/04\/20260415-DOM100-D-410x109.jpg 410w\" sizes=\"(max-width: 750px) 100vw, 750px\" class=\"no-lazyload\" width=\"750\" height=\"200\"  style=\"display: inline-block; max-width: 100%; height: auto;\" \/><\/a><\/div><\/div><h2>\u015aledztwo w sprawie mo\u017cliwego pope\u0142nienia przest\u0119pstwa przy zamkni\u0119ciu parku Chrobrego zosta\u0142o umorzone. Prokuratura stwierdzi\u0142a brak znamion czynu zabronionego.<\/h2>\n<p>&nbsp;<br \/>\nAfera wok\u00f3\u0142 parku Chrobrego wybuch\u0142a w grudniu ubieg\u0142ego roku, gdy poprzednie w\u0142adze miasta pozwoli\u0142y na zamkni\u0119cie cz\u0119\u015bci miejskiego parku pod biletowan\u0105 wystaw\u0119 iluminacji. W sprawie interweniowa\u0142a <strong>Katarzyna Kuczy\u0144ska-Budka<\/strong>, w\u00f3wczas jeszcze jako radna Rady Miasta, kt\u00f3ra wystosowa\u0142a zawiadomienie do prokuratury (<strong>przeczytaj<\/strong> &#8211;> <a href=\"https:\/\/www.24gliwice.pl\/wiadomosci\/park-chrobrego-dostepny-za-darmo-do-1600-sprawdzilismy-przywital-nas-ochroniarz-i-zakaz-przejscia\/\" rel=\"noopener\" target=\"_blank\">Park Chrobrego dost\u0119pny za darmo do 16:00? Sprawdzili\u015bmy: przywita\u0142 nas ochroniarz i zakaz przej\u015bcia<\/a>). <\/p>\n<p>Kuczy\u0144ska-Budka wskazywa\u0142a na w\u0105tpliwo\u015bci w zakresie wyboru kontrahenta: bez odpowiedniego trybu i &#8220;bez zachowania elementarnych zasad konkurencyjno\u015bci&#8221;. W pi\u015bmie do prokuratury obecna prezydent Gliwic zwraca\u0142a te\u017c uwag\u0119 na warunki umowy, mog\u0105ce wskazywa\u0107 na niegospodarno\u015b\u0107 miasta (m.in. nieodp\u0142atne oddanie terenu). <\/p><div class=\"gliwi-a3-w-tresci-artykulow gliwi-entity-placement\" id=\"gliwi-634201024\"><div class=\"gliwi-adlabel\"><span style=\"font-size: 9px\">REKLAMA<\/span><\/div><div id=\"gliwi-3682095052\" style=\"margin-bottom: 30px;margin-left: auto;margin-right: auto;text-align: center;\"><a data-no-instant=\"1\" href=\"https:\/\/zlobek.halogen.org.pl\/\" rel=\"noopener\" class=\"a2t-link\" target=\"_blank\" aria-label=\"animator-zlobek_750x200\"><img loading=\"lazy\" decoding=\"async\" src=\"https:\/\/www.24gliwice.pl\/wiadomosci\/wp-content\/uploads\/2026\/02\/animator-zlobek_750x200.webp\" alt=\"\"  srcset=\"https:\/\/www.24gliwice.pl\/wiadomosci\/wp-content\/uploads\/2026\/02\/animator-zlobek_750x200.webp 750w, https:\/\/www.24gliwice.pl\/wiadomosci\/wp-content\/uploads\/2026\/02\/animator-zlobek_750x200-410x109.webp 410w\" sizes=\"(max-width: 750px) 100vw, 750px\" class=\"no-lazyload\" width=\"750\" height=\"200\"  style=\"display: inline-block; max-width: 100%; height: auto;\" \/><\/a><\/div><\/div>\n<p>Sprawa trafi\u0142a do Prokuratury rejonowej w Gliwicach, a \u015bledztwo by\u0142o prowadzone pod k\u0105tem art. 231 \u00a7 1 kodeksu karnego, a konkretnie nadu\u017cycia uprawnie\u0144 lub niedope\u0142nienia obowi\u0105zk\u00f3w przez dyrektor Miejskiego Zarz\u0105du Us\u0142ug Komunalnych w Gliwicach. <\/p>\n<p>Szefowa MZUK <strong>Justyna Ma\u0142ek<\/strong> mo\u017ce spa\u0107 spokojnie. Jak informuje nas <strong>Agnieszka Kowalczyk<\/strong> z Prokuratury Rejonowej Gliwice-Zach\u00f3d, pod koniec marca prokuratura \u015bledztwo umorzy\u0142a, nie doszukuj\u0105c si\u0119 znamion czynu zabronionego.<\/p>\n<p>Co ciekawe cho\u0107 od zako\u0144czenia post\u0119powania min\u0119\u0142y ju\u017c dwa miesi\u0105ce, nikt o jego wyniku nie poinformowa\u0142. Tym bardziej dziwne, \u017ce rozstrzygni\u0119cie pojawi\u0142o si\u0119 jeszcze przed pierwsz\u0105 tur\u0105 wybor\u00f3w samorz\u0105dowych w Gliwicach i mog\u0142o by\u0107 paliwem wyborczym zw\u0142aszcza dla \u015brodowiska poprzednich w\u0142adz miasta. Sam wniosek do prokuratury r\u00f3wnie\u017c trudno rozpatrywa\u0107 bez kontekstu politycznego. Afera wok\u00f3\u0142 parku Chrobrego by\u0142a preludium kampanii wyborczej i cz\u0119sto pojawia\u0142a si\u0119 w komunikacji \u00f3wczesnej opozycji. <\/p>\n<p>Wynikiem protest\u00f3w mieszka\u0144c\u00f3w by\u0142a zmiana warunk\u00f3w funkcjonowania parku \u015bwiate\u0142 i przede wszystkim skr\u00f3cenie czasu jej otwarcia o ponad miesi\u0105c. W\u0142adze Gliwic i MZUK przekonywa\u0142y, \u017ce wystawa mia\u0142a by\u0107 atrakcj\u0105 dla gliwiczan i nie przewidywali, \u017ce spotka si\u0119 z tak du\u017c\u0105 krytyk\u0105.<br \/>\n(msz)<\/p>\n<div class=\"gliwi-a5-na-koncu-artykulow gliwi-entity-placement\" id=\"gliwi-1997199704\"><div class=\"gliwi-adlabel\"><span style=\"font-size: 9px\">REKLAMA<\/span><\/div><div id=\"gliwi-3731593219\" style=\"margin-left: auto;margin-right: auto;text-align: center;\"><a data-no-instant=\"1\" href=\"https:\/\/prezeroarenagliwice.pl\/\" rel=\"noopener\" class=\"a2t-link\" target=\"_blank\" aria-label=\"20260309-PREZERO-WIOSNA-D\"><img loading=\"lazy\" decoding=\"async\" src=\"https:\/\/www.24gliwice.pl\/wiadomosci\/wp-content\/uploads\/2026\/03\/20260309-PREZERO-WIOSNA-D.webp\" alt=\"\"  srcset=\"https:\/\/www.24gliwice.pl\/wiadomosci\/wp-content\/uploads\/2026\/03\/20260309-PREZERO-WIOSNA-D.webp 750w, https:\/\/www.24gliwice.pl\/wiadomosci\/wp-content\/uploads\/2026\/03\/20260309-PREZERO-WIOSNA-D-410x109.webp 410w\" sizes=\"(max-width: 750px) 100vw, 750px\" class=\"no-lazyload\" width=\"750\" height=\"200\"  style=\"display: inline-block; max-width: 100%; height: auto;\" \/><\/a><\/div><\/div>","protected":false},"excerpt":{"rendered":"<p>\u015aledztwo w sprawie mo\u017cliwego pope\u0142nienia przest\u0119pstwa przy zamkni\u0119ciu parku Chrobrego zosta\u0142o umorzone. Prokuratura stwierdzi\u0142a brak znamion czynu zabronionego. &nbsp; Afera wok\u00f3\u0142 parku Chrobrego wybuch\u0142a w grudniu ubieg\u0142ego roku, gdy poprzednie w\u0142adze miasta pozwoli\u0142y na zamkni\u0119cie cz\u0119\u015bci miejskiego parku pod biletowan\u0105 wystaw\u0119 iluminacji. W sprawie interweniowa\u0142a Katarzyna Kuczy\u0144ska-Budka, w\u00f3wczas jeszcze jako radna Rady Miasta, kt\u00f3ra wystosowa\u0142a [&hellip;]<\/p>\n","protected":false},"author":12,"featured_media":225096,"comment_status":"open","ping_status":"closed","sticky":false,"template":"","format":"standard","meta":{"_monsterinsights_skip_tracking":false,"_monsterinsights_sitenote_active":false,"_monsterinsights_sitenote_note":"","_monsterinsights_sitenote_category":0,"footnotes":"","_links_to":"","_links_to_target":""},"categories":[3,1,9],"tags":[],"class_list":["post-237433","post","type-post","status-publish","format-standard","has-post-thumbnail","hentry","category-gliwice","category-wszystko","category-aktualnosci_lokalne"],"yoast_head":"<!-- This site is optimized with the Yoast SEO plugin v27.5 - https:\/\/yoast.com\/product\/yoast-seo-wordpress\/ -->\n<title>Sprawa zamkni\u0119cia parku Chrobrego. Jest decyzja prokuratury po zawiadomieniu K. Kuczy\u0144skiej-Budki - 24GLIWICE - Portal Gliwice | codziennie nowe informacje<\/title>\n<meta name=\"robots\" content=\"index, follow, max-snippet:-1, max-image-preview:large, max-video-preview:-1\" \/>\n<link rel=\"canonical\" href=\"https:\/\/www.24gliwice.pl\/wiadomosci\/sprawa-zamkniecia-parku-chrobrego-jest-decyzja-prokuratury-po-zawiadomieniu-k-kuczynskiej-budki\/\" \/>\n<meta property=\"og:locale\" content=\"pl_PL\" \/>\n<meta property=\"og:type\" content=\"article\" \/>\n<meta property=\"og:title\" content=\"Sprawa zamkni\u0119cia parku Chrobrego. Jest decyzja prokuratury po zawiadomieniu K. Kuczy\u0144skiej-Budki - 24GLIWICE - Portal Gliwice | codziennie nowe informacje\" \/>\n<meta property=\"og:description\" content=\"\u015aledztwo w sprawie mo\u017cliwego pope\u0142nienia przest\u0119pstwa przy zamkni\u0119ciu parku Chrobrego zosta\u0142o umorzone. Prokuratura stwierdzi\u0142a brak znamion czynu zabronionego. &nbsp; Afera wok\u00f3\u0142 parku Chrobrego wybuch\u0142a w grudniu ubieg\u0142ego roku, gdy poprzednie w\u0142adze miasta pozwoli\u0142y na zamkni\u0119cie cz\u0119\u015bci miejskiego parku pod biletowan\u0105 wystaw\u0119 iluminacji. W sprawie interweniowa\u0142a Katarzyna Kuczy\u0144ska-Budka, w\u00f3wczas jeszcze jako radna Rady Miasta, kt\u00f3ra wystosowa\u0142a [&hellip;]\" \/>\n<meta property=\"og:url\" content=\"https:\/\/www.24gliwice.pl\/wiadomosci\/sprawa-zamkniecia-parku-chrobrego-jest-decyzja-prokuratury-po-zawiadomieniu-k-kuczynskiej-budki\/\" \/>\n<meta property=\"og:site_name\" content=\"24GLIWICE - Portal Gliwice | codziennie nowe informacje\" \/>\n<meta property=\"article:publisher\" content=\"https:\/\/www.facebook.com\/24gliwice\" \/>\n<meta property=\"article:published_time\" content=\"2024-06-12T00:24:32+00:00\" \/>\n<meta property=\"og:image\" content=\"https:\/\/www.24gliwice.pl\/wiadomosci\/wp-content\/uploads\/2023\/11\/park-chrobrego-ogrody-malowane-swiatlem-ogrodzenie-4.jpg\" \/>\n\t<meta property=\"og:image:width\" content=\"810\" \/>\n\t<meta property=\"og:image:height\" content=\"456\" \/>\n\t<meta property=\"og:image:type\" content=\"image\/jpeg\" \/>\n<meta name=\"author\" content=\"Micha\u0142 Szewczyk\" \/>\n<meta name=\"twitter:card\" content=\"summary_large_image\" \/>\n<meta name=\"twitter:creator\" content=\"@24gliwice\" \/>\n<meta name=\"twitter:site\" content=\"@24gliwice\" \/>\n<meta name=\"twitter:label1\" content=\"Napisane przez\" \/>\n\t<meta name=\"twitter:data1\" content=\"Micha\u0142 Szewczyk\" \/>\n\t<meta name=\"twitter:label2\" content=\"Szacowany czas czytania\" \/>\n\t<meta name=\"twitter:data2\" content=\"2 minuty\" \/>\n<script type=\"application\/ld+json\" class=\"yoast-schema-graph\">{\"@context\":\"https:\\\/\\\/schema.org\",\"@graph\":[{\"@type\":\"Article\",\"@id\":\"https:\\\/\\\/www.24gliwice.pl\\\/wiadomosci\\\/sprawa-zamkniecia-parku-chrobrego-jest-decyzja-prokuratury-po-zawiadomieniu-k-kuczynskiej-budki\\\/#article\",\"isPartOf\":{\"@id\":\"https:\\\/\\\/www.24gliwice.pl\\\/wiadomosci\\\/sprawa-zamkniecia-parku-chrobrego-jest-decyzja-prokuratury-po-zawiadomieniu-k-kuczynskiej-budki\\\/\"},\"author\":{\"name\":\"Micha\u0142 Szewczyk\",\"@id\":\"https:\\\/\\\/www.24gliwice.pl\\\/wiadomosci\\\/#\\\/schema\\\/person\\\/940e8f8a097e322de4f463f061ef8d45\"},\"headline\":\"Sprawa zamkni\u0119cia parku Chrobrego. Jest decyzja prokuratury po zawiadomieniu K. Kuczy\u0144skiej-Budki\",\"datePublished\":\"2024-06-12T00:24:32+00:00\",\"mainEntityOfPage\":{\"@id\":\"https:\\\/\\\/www.24gliwice.pl\\\/wiadomosci\\\/sprawa-zamkniecia-parku-chrobrego-jest-decyzja-prokuratury-po-zawiadomieniu-k-kuczynskiej-budki\\\/\"},\"wordCount\":363,\"commentCount\":0,\"publisher\":{\"@id\":\"https:\\\/\\\/www.24gliwice.pl\\\/wiadomosci\\\/#organization\"},\"image\":{\"@id\":\"https:\\\/\\\/www.24gliwice.pl\\\/wiadomosci\\\/sprawa-zamkniecia-parku-chrobrego-jest-decyzja-prokuratury-po-zawiadomieniu-k-kuczynskiej-budki\\\/#primaryimage\"},\"thumbnailUrl\":\"https:\\\/\\\/www.24gliwice.pl\\\/wiadomosci\\\/wp-content\\\/uploads\\\/2023\\\/11\\\/park-chrobrego-ogrody-malowane-swiatlem-ogrodzenie-4.jpg\",\"articleSection\":[\"Gliwice\",\"Najnowsze wiadomo\u015bci\",\"Portal Gliwice - Wiadomo\u015bci lokalne\"],\"inLanguage\":\"pl-PL\",\"potentialAction\":[{\"@type\":\"CommentAction\",\"name\":\"Comment\",\"target\":[\"https:\\\/\\\/www.24gliwice.pl\\\/wiadomosci\\\/sprawa-zamkniecia-parku-chrobrego-jest-decyzja-prokuratury-po-zawiadomieniu-k-kuczynskiej-budki\\\/#respond\"]}]},{\"@type\":\"WebPage\",\"@id\":\"https:\\\/\\\/www.24gliwice.pl\\\/wiadomosci\\\/sprawa-zamkniecia-parku-chrobrego-jest-decyzja-prokuratury-po-zawiadomieniu-k-kuczynskiej-budki\\\/\",\"url\":\"https:\\\/\\\/www.24gliwice.pl\\\/wiadomosci\\\/sprawa-zamkniecia-parku-chrobrego-jest-decyzja-prokuratury-po-zawiadomieniu-k-kuczynskiej-budki\\\/\",\"name\":\"Sprawa zamkni\u0119cia parku Chrobrego. Jest decyzja prokuratury po zawiadomieniu K. Kuczy\u0144skiej-Budki - 24GLIWICE - Portal Gliwice | codziennie nowe informacje\",\"isPartOf\":{\"@id\":\"https:\\\/\\\/www.24gliwice.pl\\\/wiadomosci\\\/#website\"},\"primaryImageOfPage\":{\"@id\":\"https:\\\/\\\/www.24gliwice.pl\\\/wiadomosci\\\/sprawa-zamkniecia-parku-chrobrego-jest-decyzja-prokuratury-po-zawiadomieniu-k-kuczynskiej-budki\\\/#primaryimage\"},\"image\":{\"@id\":\"https:\\\/\\\/www.24gliwice.pl\\\/wiadomosci\\\/sprawa-zamkniecia-parku-chrobrego-jest-decyzja-prokuratury-po-zawiadomieniu-k-kuczynskiej-budki\\\/#primaryimage\"},\"thumbnailUrl\":\"https:\\\/\\\/www.24gliwice.pl\\\/wiadomosci\\\/wp-content\\\/uploads\\\/2023\\\/11\\\/park-chrobrego-ogrody-malowane-swiatlem-ogrodzenie-4.jpg\",\"datePublished\":\"2024-06-12T00:24:32+00:00\",\"breadcrumb\":{\"@id\":\"https:\\\/\\\/www.24gliwice.pl\\\/wiadomosci\\\/sprawa-zamkniecia-parku-chrobrego-jest-decyzja-prokuratury-po-zawiadomieniu-k-kuczynskiej-budki\\\/#breadcrumb\"},\"inLanguage\":\"pl-PL\",\"potentialAction\":[{\"@type\":\"ReadAction\",\"target\":[\"https:\\\/\\\/www.24gliwice.pl\\\/wiadomosci\\\/sprawa-zamkniecia-parku-chrobrego-jest-decyzja-prokuratury-po-zawiadomieniu-k-kuczynskiej-budki\\\/\"]}]},{\"@type\":\"ImageObject\",\"inLanguage\":\"pl-PL\",\"@id\":\"https:\\\/\\\/www.24gliwice.pl\\\/wiadomosci\\\/sprawa-zamkniecia-parku-chrobrego-jest-decyzja-prokuratury-po-zawiadomieniu-k-kuczynskiej-budki\\\/#primaryimage\",\"url\":\"https:\\\/\\\/www.24gliwice.pl\\\/wiadomosci\\\/wp-content\\\/uploads\\\/2023\\\/11\\\/park-chrobrego-ogrody-malowane-swiatlem-ogrodzenie-4.jpg\",\"contentUrl\":\"https:\\\/\\\/www.24gliwice.pl\\\/wiadomosci\\\/wp-content\\\/uploads\\\/2023\\\/11\\\/park-chrobrego-ogrody-malowane-swiatlem-ogrodzenie-4.jpg\",\"width\":810,\"height\":456},{\"@type\":\"BreadcrumbList\",\"@id\":\"https:\\\/\\\/www.24gliwice.pl\\\/wiadomosci\\\/sprawa-zamkniecia-parku-chrobrego-jest-decyzja-prokuratury-po-zawiadomieniu-k-kuczynskiej-budki\\\/#breadcrumb\",\"itemListElement\":[{\"@type\":\"ListItem\",\"position\":1,\"name\":\"Strona g\u0142\u00f3wna\",\"item\":\"https:\\\/\\\/www.24gliwice.pl\\\/wiadomosci\\\/\"},{\"@type\":\"ListItem\",\"position\":2,\"name\":\"Sprawa zamkni\u0119cia parku Chrobrego. Jest decyzja prokuratury po zawiadomieniu K. Kuczy\u0144skiej-Budki\"}]},{\"@type\":\"WebSite\",\"@id\":\"https:\\\/\\\/www.24gliwice.pl\\\/wiadomosci\\\/#website\",\"url\":\"https:\\\/\\\/www.24gliwice.pl\\\/wiadomosci\\\/\",\"name\":\"24GLIWICE - Portal Gliwice | codziennie nowe wiadomo\u015bci\",\"description\":\"Portal Miejski Gliwice\",\"publisher\":{\"@id\":\"https:\\\/\\\/www.24gliwice.pl\\\/wiadomosci\\\/#organization\"},\"potentialAction\":[{\"@type\":\"SearchAction\",\"target\":{\"@type\":\"EntryPoint\",\"urlTemplate\":\"https:\\\/\\\/www.24gliwice.pl\\\/wiadomosci\\\/?s={search_term_string}\"},\"query-input\":{\"@type\":\"PropertyValueSpecification\",\"valueRequired\":true,\"valueName\":\"search_term_string\"}}],\"inLanguage\":\"pl-PL\"},{\"@type\":\"Organization\",\"@id\":\"https:\\\/\\\/www.24gliwice.pl\\\/wiadomosci\\\/#organization\",\"name\":\"24gliwice\",\"url\":\"https:\\\/\\\/www.24gliwice.pl\\\/wiadomosci\\\/\",\"logo\":{\"@type\":\"ImageObject\",\"inLanguage\":\"pl-PL\",\"@id\":\"https:\\\/\\\/www.24gliwice.pl\\\/wiadomosci\\\/#\\\/schema\\\/logo\\\/image\\\/\",\"url\":\"https:\\\/\\\/www.24gliwice.pl\\\/wiadomosci\\\/wp-content\\\/uploads\\\/2024\\\/10\\\/24gliwice-logo-696.jpg\",\"contentUrl\":\"https:\\\/\\\/www.24gliwice.pl\\\/wiadomosci\\\/wp-content\\\/uploads\\\/2024\\\/10\\\/24gliwice-logo-696.jpg\",\"width\":696,\"height\":696,\"caption\":\"24gliwice\"},\"image\":{\"@id\":\"https:\\\/\\\/www.24gliwice.pl\\\/wiadomosci\\\/#\\\/schema\\\/logo\\\/image\\\/\"},\"sameAs\":[\"https:\\\/\\\/www.facebook.com\\\/24gliwice\",\"https:\\\/\\\/x.com\\\/24gliwice\",\"https:\\\/\\\/www.youtube.com\\\/@24gliwice\"]},{\"@type\":\"Person\",\"@id\":\"https:\\\/\\\/www.24gliwice.pl\\\/wiadomosci\\\/#\\\/schema\\\/person\\\/940e8f8a097e322de4f463f061ef8d45\",\"name\":\"Micha\u0142 Szewczyk\",\"image\":{\"@type\":\"ImageObject\",\"inLanguage\":\"pl-PL\",\"@id\":\"https:\\\/\\\/secure.gravatar.com\\\/avatar\\\/771b8b6c74cd8d255e46392d605e01a86133900ef09b6ef3c8d451c9d92288cf?s=96&d=mm&r=g\",\"url\":\"https:\\\/\\\/secure.gravatar.com\\\/avatar\\\/771b8b6c74cd8d255e46392d605e01a86133900ef09b6ef3c8d451c9d92288cf?s=96&d=mm&r=g\",\"contentUrl\":\"https:\\\/\\\/secure.gravatar.com\\\/avatar\\\/771b8b6c74cd8d255e46392d605e01a86133900ef09b6ef3c8d451c9d92288cf?s=96&d=mm&r=g\",\"caption\":\"Micha\u0142 Szewczyk\"},\"sameAs\":[\"http:\\\/\\\/www.gazeta-miejska.pl\"],\"url\":\"https:\\\/\\\/www.24gliwice.pl\\\/wiadomosci\\\/author\\\/michal-szewczyk\\\/\"}]}<\/script>\n<!-- \/ Yoast SEO plugin. -->","yoast_head_json":{"title":"Sprawa zamkni\u0119cia parku Chrobrego. Jest decyzja prokuratury po zawiadomieniu K. Kuczy\u0144skiej-Budki - 24GLIWICE - Portal Gliwice | codziennie nowe informacje","robots":{"index":"index","follow":"follow","max-snippet":"max-snippet:-1","max-image-preview":"max-image-preview:large","max-video-preview":"max-video-preview:-1"},"canonical":"https:\/\/www.24gliwice.pl\/wiadomosci\/sprawa-zamkniecia-parku-chrobrego-jest-decyzja-prokuratury-po-zawiadomieniu-k-kuczynskiej-budki\/","og_locale":"pl_PL","og_type":"article","og_title":"Sprawa zamkni\u0119cia parku Chrobrego. Jest decyzja prokuratury po zawiadomieniu K. Kuczy\u0144skiej-Budki - 24GLIWICE - Portal Gliwice | codziennie nowe informacje","og_description":"\u015aledztwo w sprawie mo\u017cliwego pope\u0142nienia przest\u0119pstwa przy zamkni\u0119ciu parku Chrobrego zosta\u0142o umorzone. Prokuratura stwierdzi\u0142a brak znamion czynu zabronionego. &nbsp; Afera wok\u00f3\u0142 parku Chrobrego wybuch\u0142a w grudniu ubieg\u0142ego roku, gdy poprzednie w\u0142adze miasta pozwoli\u0142y na zamkni\u0119cie cz\u0119\u015bci miejskiego parku pod biletowan\u0105 wystaw\u0119 iluminacji. W sprawie interweniowa\u0142a Katarzyna Kuczy\u0144ska-Budka, w\u00f3wczas jeszcze jako radna Rady Miasta, kt\u00f3ra wystosowa\u0142a [&hellip;]","og_url":"https:\/\/www.24gliwice.pl\/wiadomosci\/sprawa-zamkniecia-parku-chrobrego-jest-decyzja-prokuratury-po-zawiadomieniu-k-kuczynskiej-budki\/","og_site_name":"24GLIWICE - Portal Gliwice | codziennie nowe informacje","article_publisher":"https:\/\/www.facebook.com\/24gliwice","article_published_time":"2024-06-12T00:24:32+00:00","og_image":[{"width":810,"height":456,"url":"https:\/\/www.24gliwice.pl\/wiadomosci\/wp-content\/uploads\/2023\/11\/park-chrobrego-ogrody-malowane-swiatlem-ogrodzenie-4.jpg","type":"image\/jpeg"}],"author":"Micha\u0142 Szewczyk","twitter_card":"summary_large_image","twitter_creator":"@24gliwice","twitter_site":"@24gliwice","twitter_misc":{"Napisane przez":"Micha\u0142 Szewczyk","Szacowany czas czytania":"2 minuty"},"schema":{"@context":"https:\/\/schema.org","@graph":[{"@type":"Article","@id":"https:\/\/www.24gliwice.pl\/wiadomosci\/sprawa-zamkniecia-parku-chrobrego-jest-decyzja-prokuratury-po-zawiadomieniu-k-kuczynskiej-budki\/#article","isPartOf":{"@id":"https:\/\/www.24gliwice.pl\/wiadomosci\/sprawa-zamkniecia-parku-chrobrego-jest-decyzja-prokuratury-po-zawiadomieniu-k-kuczynskiej-budki\/"},"author":{"name":"Micha\u0142 Szewczyk","@id":"https:\/\/www.24gliwice.pl\/wiadomosci\/#\/schema\/person\/940e8f8a097e322de4f463f061ef8d45"},"headline":"Sprawa zamkni\u0119cia parku Chrobrego. Jest decyzja prokuratury po zawiadomieniu K. Kuczy\u0144skiej-Budki","datePublished":"2024-06-12T00:24:32+00:00","mainEntityOfPage":{"@id":"https:\/\/www.24gliwice.pl\/wiadomosci\/sprawa-zamkniecia-parku-chrobrego-jest-decyzja-prokuratury-po-zawiadomieniu-k-kuczynskiej-budki\/"},"wordCount":363,"commentCount":0,"publisher":{"@id":"https:\/\/www.24gliwice.pl\/wiadomosci\/#organization"},"image":{"@id":"https:\/\/www.24gliwice.pl\/wiadomosci\/sprawa-zamkniecia-parku-chrobrego-jest-decyzja-prokuratury-po-zawiadomieniu-k-kuczynskiej-budki\/#primaryimage"},"thumbnailUrl":"https:\/\/www.24gliwice.pl\/wiadomosci\/wp-content\/uploads\/2023\/11\/park-chrobrego-ogrody-malowane-swiatlem-ogrodzenie-4.jpg","articleSection":["Gliwice","Najnowsze wiadomo\u015bci","Portal Gliwice - Wiadomo\u015bci lokalne"],"inLanguage":"pl-PL","potentialAction":[{"@type":"CommentAction","name":"Comment","target":["https:\/\/www.24gliwice.pl\/wiadomosci\/sprawa-zamkniecia-parku-chrobrego-jest-decyzja-prokuratury-po-zawiadomieniu-k-kuczynskiej-budki\/#respond"]}]},{"@type":"WebPage","@id":"https:\/\/www.24gliwice.pl\/wiadomosci\/sprawa-zamkniecia-parku-chrobrego-jest-decyzja-prokuratury-po-zawiadomieniu-k-kuczynskiej-budki\/","url":"https:\/\/www.24gliwice.pl\/wiadomosci\/sprawa-zamkniecia-parku-chrobrego-jest-decyzja-prokuratury-po-zawiadomieniu-k-kuczynskiej-budki\/","name":"Sprawa zamkni\u0119cia parku Chrobrego. Jest decyzja prokuratury po zawiadomieniu K. Kuczy\u0144skiej-Budki - 24GLIWICE - Portal Gliwice | codziennie nowe informacje","isPartOf":{"@id":"https:\/\/www.24gliwice.pl\/wiadomosci\/#website"},"primaryImageOfPage":{"@id":"https:\/\/www.24gliwice.pl\/wiadomosci\/sprawa-zamkniecia-parku-chrobrego-jest-decyzja-prokuratury-po-zawiadomieniu-k-kuczynskiej-budki\/#primaryimage"},"image":{"@id":"https:\/\/www.24gliwice.pl\/wiadomosci\/sprawa-zamkniecia-parku-chrobrego-jest-decyzja-prokuratury-po-zawiadomieniu-k-kuczynskiej-budki\/#primaryimage"},"thumbnailUrl":"https:\/\/www.24gliwice.pl\/wiadomosci\/wp-content\/uploads\/2023\/11\/park-chrobrego-ogrody-malowane-swiatlem-ogrodzenie-4.jpg","datePublished":"2024-06-12T00:24:32+00:00","breadcrumb":{"@id":"https:\/\/www.24gliwice.pl\/wiadomosci\/sprawa-zamkniecia-parku-chrobrego-jest-decyzja-prokuratury-po-zawiadomieniu-k-kuczynskiej-budki\/#breadcrumb"},"inLanguage":"pl-PL","potentialAction":[{"@type":"ReadAction","target":["https:\/\/www.24gliwice.pl\/wiadomosci\/sprawa-zamkniecia-parku-chrobrego-jest-decyzja-prokuratury-po-zawiadomieniu-k-kuczynskiej-budki\/"]}]},{"@type":"ImageObject","inLanguage":"pl-PL","@id":"https:\/\/www.24gliwice.pl\/wiadomosci\/sprawa-zamkniecia-parku-chrobrego-jest-decyzja-prokuratury-po-zawiadomieniu-k-kuczynskiej-budki\/#primaryimage","url":"https:\/\/www.24gliwice.pl\/wiadomosci\/wp-content\/uploads\/2023\/11\/park-chrobrego-ogrody-malowane-swiatlem-ogrodzenie-4.jpg","contentUrl":"https:\/\/www.24gliwice.pl\/wiadomosci\/wp-content\/uploads\/2023\/11\/park-chrobrego-ogrody-malowane-swiatlem-ogrodzenie-4.jpg","width":810,"height":456},{"@type":"BreadcrumbList","@id":"https:\/\/www.24gliwice.pl\/wiadomosci\/sprawa-zamkniecia-parku-chrobrego-jest-decyzja-prokuratury-po-zawiadomieniu-k-kuczynskiej-budki\/#breadcrumb","itemListElement":[{"@type":"ListItem","position":1,"name":"Strona g\u0142\u00f3wna","item":"https:\/\/www.24gliwice.pl\/wiadomosci\/"},{"@type":"ListItem","position":2,"name":"Sprawa zamkni\u0119cia parku Chrobrego. Jest decyzja prokuratury po zawiadomieniu K. Kuczy\u0144skiej-Budki"}]},{"@type":"WebSite","@id":"https:\/\/www.24gliwice.pl\/wiadomosci\/#website","url":"https:\/\/www.24gliwice.pl\/wiadomosci\/","name":"24GLIWICE - Portal Gliwice | codziennie nowe wiadomo\u015bci","description":"Portal Miejski Gliwice","publisher":{"@id":"https:\/\/www.24gliwice.pl\/wiadomosci\/#organization"},"potentialAction":[{"@type":"SearchAction","target":{"@type":"EntryPoint","urlTemplate":"https:\/\/www.24gliwice.pl\/wiadomosci\/?s={search_term_string}"},"query-input":{"@type":"PropertyValueSpecification","valueRequired":true,"valueName":"search_term_string"}}],"inLanguage":"pl-PL"},{"@type":"Organization","@id":"https:\/\/www.24gliwice.pl\/wiadomosci\/#organization","name":"24gliwice","url":"https:\/\/www.24gliwice.pl\/wiadomosci\/","logo":{"@type":"ImageObject","inLanguage":"pl-PL","@id":"https:\/\/www.24gliwice.pl\/wiadomosci\/#\/schema\/logo\/image\/","url":"https:\/\/www.24gliwice.pl\/wiadomosci\/wp-content\/uploads\/2024\/10\/24gliwice-logo-696.jpg","contentUrl":"https:\/\/www.24gliwice.pl\/wiadomosci\/wp-content\/uploads\/2024\/10\/24gliwice-logo-696.jpg","width":696,"height":696,"caption":"24gliwice"},"image":{"@id":"https:\/\/www.24gliwice.pl\/wiadomosci\/#\/schema\/logo\/image\/"},"sameAs":["https:\/\/www.facebook.com\/24gliwice","https:\/\/x.com\/24gliwice","https:\/\/www.youtube.com\/@24gliwice"]},{"@type":"Person","@id":"https:\/\/www.24gliwice.pl\/wiadomosci\/#\/schema\/person\/940e8f8a097e322de4f463f061ef8d45","name":"Micha\u0142 Szewczyk","image":{"@type":"ImageObject","inLanguage":"pl-PL","@id":"https:\/\/secure.gravatar.com\/avatar\/771b8b6c74cd8d255e46392d605e01a86133900ef09b6ef3c8d451c9d92288cf?s=96&d=mm&r=g","url":"https:\/\/secure.gravatar.com\/avatar\/771b8b6c74cd8d255e46392d605e01a86133900ef09b6ef3c8d451c9d92288cf?s=96&d=mm&r=g","contentUrl":"https:\/\/secure.gravatar.com\/avatar\/771b8b6c74cd8d255e46392d605e01a86133900ef09b6ef3c8d451c9d92288cf?s=96&d=mm&r=g","caption":"Micha\u0142 Szewczyk"},"sameAs":["http:\/\/www.gazeta-miejska.pl"],"url":"https:\/\/www.24gliwice.pl\/wiadomosci\/author\/michal-szewczyk\/"}]}},"_links":{"self":[{"href":"https:\/\/www.24gliwice.pl\/wiadomosci\/wp-json\/wp\/v2\/posts\/237433","targetHints":{"allow":["GET"]}}],"collection":[{"href":"https:\/\/www.24gliwice.pl\/wiadomosci\/wp-json\/wp\/v2\/posts"}],"about":[{"href":"https:\/\/www.24gliwice.pl\/wiadomosci\/wp-json\/wp\/v2\/types\/post"}],"author":[{"embeddable":true,"href":"https:\/\/www.24gliwice.pl\/wiadomosci\/wp-json\/wp\/v2\/users\/12"}],"replies":[{"embeddable":true,"href":"https:\/\/www.24gliwice.pl\/wiadomosci\/wp-json\/wp\/v2\/comments?post=237433"}],"version-history":[{"count":0,"href":"https:\/\/www.24gliwice.pl\/wiadomosci\/wp-json\/wp\/v2\/posts\/237433\/revisions"}],"wp:featuredmedia":[{"embeddable":true,"href":"https:\/\/www.24gliwice.pl\/wiadomosci\/wp-json\/wp\/v2\/media\/225096"}],"wp:attachment":[{"href":"https:\/\/www.24gliwice.pl\/wiadomosci\/wp-json\/wp\/v2\/media?parent=237433"}],"wp:term":[{"taxonomy":"category","embeddable":true,"href":"https:\/\/www.24gliwice.pl\/wiadomosci\/wp-json\/wp\/v2\/categories?post=237433"},{"taxonomy":"post_tag","embeddable":true,"href":"https:\/\/www.24gliwice.pl\/wiadomosci\/wp-json\/wp\/v2\/tags?post=237433"}],"curies":[{"name":"wp","href":"https:\/\/api.w.org\/{rel}","templated":true}]}}