{"id":239289,"date":"2024-07-18T10:28:06","date_gmt":"2024-07-18T08:28:06","guid":{"rendered":"https:\/\/www.24gliwice.pl\/wiadomosci\/?p=239289"},"modified":"2024-07-18T10:28:06","modified_gmt":"2024-07-18T08:28:06","slug":"nowy-wezel-przesiadkowy-drogowo-kolejowy-bedzie-gotowy-za-ok-35-roku-coraz-blizej-rozpoczecia-prac","status":"publish","type":"post","link":"https:\/\/www.24gliwice.pl\/wiadomosci\/nowy-wezel-przesiadkowy-drogowo-kolejowy-bedzie-gotowy-za-ok-35-roku-coraz-blizej-rozpoczecia-prac\/","title":{"rendered":"Nowy w\u0119ze\u0142 przesiadkowy &#8211; drogowo-kolejowy b\u0119dzie gotowy za ok. 3,5 roku. Coraz bli\u017cej rozpocz\u0119cia prac"},"content":{"rendered":"<div class=\"gliwi-a6-nad-leadem-artykulow gliwi-entity-placement\" id=\"gliwi-3085814607\"><div class=\"gliwi-adlabel\"><span style=\"font-size: 9px\">REKLAMA<\/span><\/div><div id=\"gliwi-4228269618\" style=\"margin-bottom: 30px;margin-left: auto;margin-right: auto;text-align: center;\"><a data-no-instant=\"1\" href=\"https:\/\/przedszkole.halogen.org.pl\/\" rel=\"noopener\" class=\"a2t-link\" target=\"_blank\" aria-label=\"20260402-ANIMATOR-przedszkole_grafika_750x200\"><img loading=\"lazy\" decoding=\"async\" src=\"https:\/\/www.24gliwice.pl\/wiadomosci\/wp-content\/uploads\/2026\/04\/20260402-ANIMATOR-przedszkole_grafika_750x200.webp\" alt=\"\"  srcset=\"https:\/\/www.24gliwice.pl\/wiadomosci\/wp-content\/uploads\/2026\/04\/20260402-ANIMATOR-przedszkole_grafika_750x200.webp 750w, https:\/\/www.24gliwice.pl\/wiadomosci\/wp-content\/uploads\/2026\/04\/20260402-ANIMATOR-przedszkole_grafika_750x200-410x109.webp 410w\" sizes=\"(max-width: 750px) 100vw, 750px\" class=\"no-lazyload\" width=\"750\" height=\"200\"  style=\"display: inline-block; max-width: 100%; height: auto;\" \/><\/a><\/div><\/div><h2>Miasto zawar\u0142o umow\u0119 z firm\u0105 EUROVIA Polska, wy\u0142onion\u0105 w przetargu na przebudow\u0119 uk\u0142adu drogowego w \u0141ab\u0119dach. Pocz\u0105tkowo prace skupi\u0105 si\u0119 przede wszystkim na infrastrukturze podziemnej.<\/h2>\n<p>&nbsp;<br \/>\nZapowiadana od lat inwestycja, sprz\u0119\u017cona jest z przebudow\u0105 stacji kolejowej i torowiska, to za\u015b jest cz\u0119\u015b\u0107 realizowana na zam\u00f3wienie PKP PLK, dlatego przebieg prac uzale\u017cniony jest od harmonogramu rob\u00f3t kolejowych. W perspektywie 3,5 roku mieszka\u0144cy \u0141ab\u0119d zyskaj\u0105 nowe rondo turbinowe i nowy uk\u0142ad drogowy, dostosowany do rozbudowanej stacji kolejowej i poszerzonego wiaduktu kolejowego w rejonie ul. Staromiejskiej. <\/p>\n<p><img loading=\"lazy\" decoding=\"async\" src=\"https:\/\/www.24gliwice.pl\/wiadomosci\/wp-content\/uploads\/2024\/07\/przebudowa-ukladu-drogowego-labedy.jpg\" alt=\"\" width=\"810\" height=\"457\" class=\"aligncenter size-full wp-image-239291\" srcset=\"https:\/\/www.24gliwice.pl\/wiadomosci\/wp-content\/uploads\/2024\/07\/przebudowa-ukladu-drogowego-labedy.jpg 810w, https:\/\/www.24gliwice.pl\/wiadomosci\/wp-content\/uploads\/2024\/07\/przebudowa-ukladu-drogowego-labedy-410x232.jpg 410w, https:\/\/www.24gliwice.pl\/wiadomosci\/wp-content\/uploads\/2024\/07\/przebudowa-ukladu-drogowego-labedy-806x455.jpg 806w, https:\/\/www.24gliwice.pl\/wiadomosci\/wp-content\/uploads\/2024\/07\/przebudowa-ukladu-drogowego-labedy-768x433.jpg 768w\" sizes=\"auto, (max-width: 810px) 100vw, 810px\" \/><\/p>\n<p>&#8211; <em>Umowa z wykonawc\u0105 prac na rozbudow\u0119 uk\u0142adu drogowego w obr\u0119bie stacji Gliwice \u2013 \u0141ab\u0119dy w ramach zadania \u201eMobilna Metropolia \u2013 budowa w\u0119z\u0142a przesiadkowego Gliwice \u2013 \u0141ab\u0119dy\u201d zosta\u0142a podpisana 17 lipca w gliwickim Urz\u0119dzie Miejskim. Termin realizacji rob\u00f3t prowadzonych w \u015bcis\u0142ej koordynacji z inwestycj\u0105 kolejow\u0105 wynosi 42 miesi\u0105ce (do stycznia 2028 roku). Koszt to 39,2 mln z\u0142 brutto<\/em> &#8211; informuje magistrat. <\/p><div class=\"gliwi-a3-w-tresci-artykulow gliwi-entity-placement\" id=\"gliwi-168135045\"><div class=\"gliwi-adlabel\"><span style=\"font-size: 9px\">REKLAMA<\/span><\/div><div id=\"gliwi-2776737599\" style=\"margin-bottom: 30px;margin-left: auto;margin-right: auto;text-align: center;\"><a data-no-instant=\"1\" href=\"https:\/\/ogrodyandersa.pl\/\" rel=\"noopener\" class=\"a2t-link\" target=\"_blank\" aria-label=\"20260415 Ogrody Andersa KUP TERAZ D\"><img loading=\"lazy\" decoding=\"async\" src=\"https:\/\/www.24gliwice.pl\/wiadomosci\/wp-content\/uploads\/2026\/04\/20260415-Ogrody-Andersa-KUP-TERAZ-D.jpg\" alt=\"\"  srcset=\"https:\/\/www.24gliwice.pl\/wiadomosci\/wp-content\/uploads\/2026\/04\/20260415-Ogrody-Andersa-KUP-TERAZ-D.jpg 750w, https:\/\/www.24gliwice.pl\/wiadomosci\/wp-content\/uploads\/2026\/04\/20260415-Ogrody-Andersa-KUP-TERAZ-D-410x109.jpg 410w\" sizes=\"(max-width: 750px) 100vw, 750px\" class=\"no-lazyload\" width=\"750\" height=\"200\"  style=\"display: inline-block; max-width: 100%; height: auto;\" \/><\/a><\/div><\/div>\n<h4>Najwi\u0119kszy zakres prac dotyczy budowy czterowlotowego ronda turbinowego pod przysz\u0142ym \u2013 nowym \u2013 wiaduktem kolejowym nad ul. Strzelc\u00f3w Bytomskich.<\/h4>\n<p>Rondo zbierze ruch z ulic Przyszowskiej, Staromiejskiej, Strzelc\u00f3w Bytomskich i G\u0142\u00f3wnej. Rozbudowany zostanie te\u017c fragment ul. Staromiejskiej w rejonie poszerzanego przez PKP PLK wiaduktu przy \u015bluzie, a zlikwidowany b\u0119dzie przejazd kolejowy w poziomie szyn na przed\u0142u\u017ceniu ul. Wolno\u015bci. <\/p>\n<p><a href=\"https:\/\/www.24gliwice.pl\/wiadomosci\/wp-content\/uploads\/2021\/10\/stacja-kolejowa-labedy-5-001.jpg\"><img loading=\"lazy\" decoding=\"async\" src=\"https:\/\/www.24gliwice.pl\/wiadomosci\/wp-content\/uploads\/2021\/10\/stacja-kolejowa-labedy-5-001.jpg\" alt=\"\" width=\"810\" height=\"457\" class=\"alignnone size-full wp-image-179293\" srcset=\"https:\/\/www.24gliwice.pl\/wiadomosci\/wp-content\/uploads\/2021\/10\/stacja-kolejowa-labedy-5-001.jpg 810w, https:\/\/www.24gliwice.pl\/wiadomosci\/wp-content\/uploads\/2021\/10\/stacja-kolejowa-labedy-5-001-410x232.jpg 410w, https:\/\/www.24gliwice.pl\/wiadomosci\/wp-content\/uploads\/2021\/10\/stacja-kolejowa-labedy-5-001-806x455.jpg 806w, https:\/\/www.24gliwice.pl\/wiadomosci\/wp-content\/uploads\/2021\/10\/stacja-kolejowa-labedy-5-001-768x433.jpg 768w\" sizes=\"auto, (max-width: 810px) 100vw, 810px\" \/><\/a><\/p>\n<p>W ramach organizacji w\u0119z\u0142a przesiadkowego w rejonie nowej stacji Gliwice \u2013 \u0141ab\u0119dy powstan\u0105 zatoki dla autobus\u00f3w, parkingi park&#038;ride dla zmotoryzowanych oraz bike&#038;ride dla rowerzyst\u00f3w, a tak\u017ce ci\u0105g pieszo-rowerowy (d\u0142ugo\u015bci ok. 80 m) i droga dla rower\u00f3w (o \u0142\u0105cznej d\u0142ugo\u015bci blisko 800 m). Przebudowie ulegnie r\u00f3wnie\u017c infrastruktura podziemna koliduj\u0105ca z inwestycj\u0105 \u2013 powstanie nowe o\u015bwietlenie uliczne wraz z kanalizacj\u0105 deszczow\u0105.<\/p>\n<h4>Inwestycja pozwoli na sprawniejszy przejazd pod przysz\u0142ymi wiaduktami kolejowymi w \u0141ab\u0119dach. Przebudowana stacja Gliwice \u2013 \u0141ab\u0119dy b\u0119dzie funkcjonowa\u0142a jako jeden z wi\u0119kszych miejskich w\u0119z\u0142\u00f3w przesiadkowych \u2013 kolejowo-drogowych.<\/h4>\n<p>\u2013 <em>W perspektywie kilku lat, w zwi\u0105zku z planami G\u00f3rno\u015bl\u0105sko-Zag\u0142\u0119biowskiej Metropolii, powstanie r\u00f3wnie\u017c nowe, zdecydowanie szybsze po\u0142\u0105czenie kolejowe \u0142\u0105cz\u0105ce Pyskowice z Gliwicami, a docelowo z Katowicami. Nowy \u0142ab\u0119dzki w\u0119ze\u0142 przesiadkowy stanie si\u0119 wtedy wa\u017cnym punktem komunikacyjnym usprawniaj\u0105cym podr\u00f3\u017cowanie po regionie. Przede wszystkim jednak dzi\u0119ki przebudowie uk\u0142adu drogowego zniknie problem w\u0105skiego gard\u0142a w tej cz\u0119\u015bci \u0141ab\u0119d, co zdecydowanie u\u0142atwi \u017cycie kierowcom oraz dojazd do teren\u00f3w przemys\u0142owych i Huty \u0141ab\u0119dy<\/em> \u2013 zapowiada <strong>Jaros\u0142aw Zi\u0119ba<\/strong>, wiceprezydent Gliwic nadzoruj\u0105cy \u0142ab\u0119dzk\u0105 inwestycj\u0119 drogow\u0105.<\/p>\n<p><a href=\"https:\/\/www.24gliwice.pl\/wiadomosci\/wp-content\/uploads\/2021\/10\/stacja-kolejowa-labedy-2-001.jpg\"><img loading=\"lazy\" decoding=\"async\" src=\"https:\/\/www.24gliwice.pl\/wiadomosci\/wp-content\/uploads\/2021\/10\/stacja-kolejowa-labedy-2-001.jpg\" alt=\"\" width=\"810\" height=\"457\" class=\"alignnone size-full wp-image-179291\" srcset=\"https:\/\/www.24gliwice.pl\/wiadomosci\/wp-content\/uploads\/2021\/10\/stacja-kolejowa-labedy-2-001.jpg 810w, https:\/\/www.24gliwice.pl\/wiadomosci\/wp-content\/uploads\/2021\/10\/stacja-kolejowa-labedy-2-001-410x232.jpg 410w, https:\/\/www.24gliwice.pl\/wiadomosci\/wp-content\/uploads\/2021\/10\/stacja-kolejowa-labedy-2-001-806x455.jpg 806w, https:\/\/www.24gliwice.pl\/wiadomosci\/wp-content\/uploads\/2021\/10\/stacja-kolejowa-labedy-2-001-768x433.jpg 768w\" sizes=\"auto, (max-width: 810px) 100vw, 810px\" \/><\/a><\/p>\n<p>Przebudowa w \u0141ab\u0119dach b\u0119dzie skomplikowana, mi\u0119dzy innymi ze wzgl\u0119du na spodziewane kolizje podziemnych sieci, kt\u00f3re b\u0119dzie trzeba obni\u017cy\u0107 w zwi\u0105zku z planowanym<strong> obni\u017ceniem terenu o prawie 4 metry.<\/strong> Wykonawca planuje zacz\u0105\u0107 przebudow\u0119 od infrastruktury podziemnej zwi\u0105zanej z odwodnieniem. W\u0142a\u015bciwy uk\u0142ad drogowy b\u0119dzie wykonywany p\u00f3\u017aniej \u2013 dopiero po tym, jak stanie wiadukt kolejowy, pod kt\u00f3rym ma funkcjonowa\u0107 w przysz\u0142o\u015bci rondo turbinowe. Kiedy to nast\u0105pi?<\/p>\n<h4>Szczeg\u00f3\u0142y harmonogramu b\u0119d\u0105 znane po om\u00f3wieniu sposobu i kolejno\u015bci prowadzenia prac z firm\u0105 \u201eTrakcj\u0105\u201d, wykonawc\u0105 rob\u00f3t kolejowych.<\/h4>\n<p>Dzia\u0142ania drogowc\u00f3w b\u0119d\u0105 musia\u0142y by\u0107 dostosowane do frontu rob\u00f3t sp\u00f3\u0142ki PKP PLK \u2013 z uwagi na konieczno\u015b\u0107 rozbi\u00f3rek cz\u0119\u015bci nasyp\u00f3w kolejowych, uzale\u017cnionych od zawiesze\u0144 kurs\u00f3w poci\u0105g\u00f3w. Co jednak najwa\u017cniejsze, przez ca\u0142y okres realizacji inwestycji prace b\u0119d\u0105 prowadzone tak, aby mieszka\u0144cy \u0141ab\u0119d w jak najmniejszym stopniu odczuli utrudnienia \u2013 zw\u0142aszcza utrudnienia w lokalnym ruchu spowodowane post\u0119pami inwestycji kolejowej. <\/p>\n<p><a href=\"https:\/\/www.24gliwice.pl\/wiadomosci\/wp-content\/uploads\/2024\/03\/przebudowa-ukladu-drogowego-w-labedach.jpg\"><img loading=\"lazy\" decoding=\"async\" src=\"https:\/\/www.24gliwice.pl\/wiadomosci\/wp-content\/uploads\/2024\/03\/przebudowa-ukladu-drogowego-w-labedach.jpg\" alt=\"\" width=\"810\" height=\"455\" class=\"alignnone size-full wp-image-232435\" srcset=\"https:\/\/www.24gliwice.pl\/wiadomosci\/wp-content\/uploads\/2024\/03\/przebudowa-ukladu-drogowego-w-labedach.jpg 810w, https:\/\/www.24gliwice.pl\/wiadomosci\/wp-content\/uploads\/2024\/03\/przebudowa-ukladu-drogowego-w-labedach-410x230.jpg 410w, https:\/\/www.24gliwice.pl\/wiadomosci\/wp-content\/uploads\/2024\/03\/przebudowa-ukladu-drogowego-w-labedach-768x431.jpg 768w\" sizes=\"auto, (max-width: 810px) 100vw, 810px\" \/><\/a><\/p>\n<p>(\u017cms)\/UM Gliwice<br \/>\nfot. UM Gliwice <\/p>\n<div class=\"gliwi-a5-na-koncu-artykulow gliwi-entity-placement\" id=\"gliwi-4206619705\"><div class=\"gliwi-adlabel\"><span style=\"font-size: 9px\">REKLAMA<\/span><\/div><div id=\"gliwi-1137511180\" style=\"margin-left: auto;margin-right: auto;text-align: center;\"><a data-no-instant=\"1\" href=\"https:\/\/prezeroarenagliwice.pl\/\" rel=\"noopener\" class=\"a2t-link\" target=\"_blank\" aria-label=\"20260309-PREZERO-WIOSNA-D\"><img loading=\"lazy\" decoding=\"async\" src=\"https:\/\/www.24gliwice.pl\/wiadomosci\/wp-content\/uploads\/2026\/03\/20260309-PREZERO-WIOSNA-D.webp\" alt=\"\"  srcset=\"https:\/\/www.24gliwice.pl\/wiadomosci\/wp-content\/uploads\/2026\/03\/20260309-PREZERO-WIOSNA-D.webp 750w, https:\/\/www.24gliwice.pl\/wiadomosci\/wp-content\/uploads\/2026\/03\/20260309-PREZERO-WIOSNA-D-410x109.webp 410w\" sizes=\"(max-width: 750px) 100vw, 750px\" class=\"no-lazyload\" width=\"750\" height=\"200\"  style=\"display: inline-block; max-width: 100%; height: auto;\" \/><\/a><\/div><\/div>","protected":false},"excerpt":{"rendered":"<p>Miasto zawar\u0142o umow\u0119 z firm\u0105 EUROVIA Polska, wy\u0142onion\u0105 w przetargu na przebudow\u0119 uk\u0142adu drogowego w \u0141ab\u0119dach. Pocz\u0105tkowo prace skupi\u0105 si\u0119 przede wszystkim na infrastrukturze podziemnej. &nbsp; Zapowiadana od lat inwestycja, sprz\u0119\u017cona jest z przebudow\u0105 stacji kolejowej i torowiska, to za\u015b jest cz\u0119\u015b\u0107 realizowana na zam\u00f3wienie PKP PLK, dlatego przebieg prac uzale\u017cniony jest od harmonogramu rob\u00f3t [&hellip;]<\/p>\n","protected":false},"author":15,"featured_media":232502,"comment_status":"open","ping_status":"closed","sticky":false,"template":"","format":"standard","meta":{"_monsterinsights_skip_tracking":false,"_monsterinsights_sitenote_active":false,"_monsterinsights_sitenote_note":"","_monsterinsights_sitenote_category":0,"footnotes":"","_links_to":"","_links_to_target":""},"categories":[3,1,9],"tags":[213,1438],"class_list":["post-239289","post","type-post","status-publish","format-standard","has-post-thumbnail","hentry","category-gliwice","category-wszystko","category-aktualnosci_lokalne","tag-rondo","tag-labedy"],"yoast_head":"<!-- This site is optimized with the Yoast SEO plugin v27.5 - https:\/\/yoast.com\/product\/yoast-seo-wordpress\/ -->\n<title>Nowy w\u0119ze\u0142 przesiadkowy - drogowo-kolejowy b\u0119dzie gotowy za ok. 3,5 roku. Coraz bli\u017cej rozpocz\u0119cia prac - 24GLIWICE - Portal Gliwice | codziennie nowe informacje<\/title>\n<meta name=\"description\" content=\"Przebudowa uk\u0142adu drogowego w \u0141ab\u0119dach wkr\u00f3tce mo\u017ce zosta\u0107 rozpocz\u0119ta. Miasto zawar\u0142o umow\u0119 z wy\u0142onionym w przetargu wykonawc\u0105 prac\" \/>\n<meta name=\"robots\" content=\"index, follow, max-snippet:-1, max-image-preview:large, max-video-preview:-1\" \/>\n<link rel=\"canonical\" href=\"https:\/\/www.24gliwice.pl\/wiadomosci\/nowy-wezel-przesiadkowy-drogowo-kolejowy-bedzie-gotowy-za-ok-35-roku-coraz-blizej-rozpoczecia-prac\/\" \/>\n<meta property=\"og:locale\" content=\"pl_PL\" \/>\n<meta property=\"og:type\" content=\"article\" \/>\n<meta property=\"og:title\" content=\"Nowy w\u0119ze\u0142 przesiadkowy - drogowo-kolejowy b\u0119dzie gotowy za ok. 3,5 roku. Coraz bli\u017cej rozpocz\u0119cia prac - 24GLIWICE - Portal Gliwice | codziennie nowe informacje\" \/>\n<meta property=\"og:description\" content=\"Przebudowa uk\u0142adu drogowego w \u0141ab\u0119dach wkr\u00f3tce mo\u017ce zosta\u0107 rozpocz\u0119ta. Miasto zawar\u0142o umow\u0119 z wy\u0142onionym w przetargu wykonawc\u0105 prac\" \/>\n<meta property=\"og:url\" content=\"https:\/\/www.24gliwice.pl\/wiadomosci\/nowy-wezel-przesiadkowy-drogowo-kolejowy-bedzie-gotowy-za-ok-35-roku-coraz-blizej-rozpoczecia-prac\/\" \/>\n<meta property=\"og:site_name\" content=\"24GLIWICE - Portal Gliwice | codziennie nowe informacje\" \/>\n<meta property=\"article:publisher\" content=\"https:\/\/www.facebook.com\/24gliwice\" \/>\n<meta property=\"article:published_time\" content=\"2024-07-18T08:28:06+00:00\" \/>\n<meta property=\"og:image\" content=\"https:\/\/www.24gliwice.pl\/wiadomosci\/wp-content\/uploads\/2024\/03\/stacja-labedy-wizualizacja6_PKP_PLK7.jpg\" \/>\n\t<meta property=\"og:image:width\" content=\"810\" \/>\n\t<meta property=\"og:image:height\" content=\"452\" \/>\n\t<meta property=\"og:image:type\" content=\"image\/jpeg\" \/>\n<meta name=\"author\" content=\"\u017baneta Mrozek-Siewierska\" \/>\n<meta name=\"twitter:card\" content=\"summary_large_image\" \/>\n<meta name=\"twitter:creator\" content=\"@24gliwice\" \/>\n<meta name=\"twitter:site\" content=\"@24gliwice\" \/>\n<meta name=\"twitter:label1\" content=\"Napisane przez\" \/>\n\t<meta name=\"twitter:data1\" content=\"\u017baneta Mrozek-Siewierska\" \/>\n\t<meta name=\"twitter:label2\" content=\"Szacowany czas czytania\" \/>\n\t<meta name=\"twitter:data2\" content=\"4 minuty\" \/>\n<script type=\"application\/ld+json\" class=\"yoast-schema-graph\">{\"@context\":\"https:\\\/\\\/schema.org\",\"@graph\":[{\"@type\":\"Article\",\"@id\":\"https:\\\/\\\/www.24gliwice.pl\\\/wiadomosci\\\/nowy-wezel-przesiadkowy-drogowo-kolejowy-bedzie-gotowy-za-ok-35-roku-coraz-blizej-rozpoczecia-prac\\\/#article\",\"isPartOf\":{\"@id\":\"https:\\\/\\\/www.24gliwice.pl\\\/wiadomosci\\\/nowy-wezel-przesiadkowy-drogowo-kolejowy-bedzie-gotowy-za-ok-35-roku-coraz-blizej-rozpoczecia-prac\\\/\"},\"author\":{\"name\":\"\u017baneta Mrozek-Siewierska\",\"@id\":\"https:\\\/\\\/www.24gliwice.pl\\\/wiadomosci\\\/#\\\/schema\\\/person\\\/e42c650edd7f2fa332be3811fb166b6e\"},\"headline\":\"Nowy w\u0119ze\u0142 przesiadkowy &#8211; drogowo-kolejowy b\u0119dzie gotowy za ok. 3,5 roku. Coraz bli\u017cej rozpocz\u0119cia prac\",\"datePublished\":\"2024-07-18T08:28:06+00:00\",\"mainEntityOfPage\":{\"@id\":\"https:\\\/\\\/www.24gliwice.pl\\\/wiadomosci\\\/nowy-wezel-przesiadkowy-drogowo-kolejowy-bedzie-gotowy-za-ok-35-roku-coraz-blizej-rozpoczecia-prac\\\/\"},\"wordCount\":632,\"commentCount\":0,\"publisher\":{\"@id\":\"https:\\\/\\\/www.24gliwice.pl\\\/wiadomosci\\\/#organization\"},\"image\":{\"@id\":\"https:\\\/\\\/www.24gliwice.pl\\\/wiadomosci\\\/nowy-wezel-przesiadkowy-drogowo-kolejowy-bedzie-gotowy-za-ok-35-roku-coraz-blizej-rozpoczecia-prac\\\/#primaryimage\"},\"thumbnailUrl\":\"https:\\\/\\\/www.24gliwice.pl\\\/wiadomosci\\\/wp-content\\\/uploads\\\/2024\\\/03\\\/stacja-labedy-wizualizacja6_PKP_PLK7.jpg\",\"keywords\":[\"RONDO\",\"\u0141AB\u0118DY\"],\"articleSection\":[\"Gliwice\",\"Najnowsze wiadomo\u015bci\",\"Portal Gliwice - Wiadomo\u015bci lokalne\"],\"inLanguage\":\"pl-PL\",\"potentialAction\":[{\"@type\":\"CommentAction\",\"name\":\"Comment\",\"target\":[\"https:\\\/\\\/www.24gliwice.pl\\\/wiadomosci\\\/nowy-wezel-przesiadkowy-drogowo-kolejowy-bedzie-gotowy-za-ok-35-roku-coraz-blizej-rozpoczecia-prac\\\/#respond\"]}]},{\"@type\":\"WebPage\",\"@id\":\"https:\\\/\\\/www.24gliwice.pl\\\/wiadomosci\\\/nowy-wezel-przesiadkowy-drogowo-kolejowy-bedzie-gotowy-za-ok-35-roku-coraz-blizej-rozpoczecia-prac\\\/\",\"url\":\"https:\\\/\\\/www.24gliwice.pl\\\/wiadomosci\\\/nowy-wezel-przesiadkowy-drogowo-kolejowy-bedzie-gotowy-za-ok-35-roku-coraz-blizej-rozpoczecia-prac\\\/\",\"name\":\"Nowy w\u0119ze\u0142 przesiadkowy - drogowo-kolejowy b\u0119dzie gotowy za ok. 3,5 roku. Coraz bli\u017cej rozpocz\u0119cia prac - 24GLIWICE - Portal Gliwice | codziennie nowe informacje\",\"isPartOf\":{\"@id\":\"https:\\\/\\\/www.24gliwice.pl\\\/wiadomosci\\\/#website\"},\"primaryImageOfPage\":{\"@id\":\"https:\\\/\\\/www.24gliwice.pl\\\/wiadomosci\\\/nowy-wezel-przesiadkowy-drogowo-kolejowy-bedzie-gotowy-za-ok-35-roku-coraz-blizej-rozpoczecia-prac\\\/#primaryimage\"},\"image\":{\"@id\":\"https:\\\/\\\/www.24gliwice.pl\\\/wiadomosci\\\/nowy-wezel-przesiadkowy-drogowo-kolejowy-bedzie-gotowy-za-ok-35-roku-coraz-blizej-rozpoczecia-prac\\\/#primaryimage\"},\"thumbnailUrl\":\"https:\\\/\\\/www.24gliwice.pl\\\/wiadomosci\\\/wp-content\\\/uploads\\\/2024\\\/03\\\/stacja-labedy-wizualizacja6_PKP_PLK7.jpg\",\"datePublished\":\"2024-07-18T08:28:06+00:00\",\"description\":\"Przebudowa uk\u0142adu drogowego w \u0141ab\u0119dach wkr\u00f3tce mo\u017ce zosta\u0107 rozpocz\u0119ta. Miasto zawar\u0142o umow\u0119 z wy\u0142onionym w przetargu wykonawc\u0105 prac\",\"breadcrumb\":{\"@id\":\"https:\\\/\\\/www.24gliwice.pl\\\/wiadomosci\\\/nowy-wezel-przesiadkowy-drogowo-kolejowy-bedzie-gotowy-za-ok-35-roku-coraz-blizej-rozpoczecia-prac\\\/#breadcrumb\"},\"inLanguage\":\"pl-PL\",\"potentialAction\":[{\"@type\":\"ReadAction\",\"target\":[\"https:\\\/\\\/www.24gliwice.pl\\\/wiadomosci\\\/nowy-wezel-przesiadkowy-drogowo-kolejowy-bedzie-gotowy-za-ok-35-roku-coraz-blizej-rozpoczecia-prac\\\/\"]}]},{\"@type\":\"ImageObject\",\"inLanguage\":\"pl-PL\",\"@id\":\"https:\\\/\\\/www.24gliwice.pl\\\/wiadomosci\\\/nowy-wezel-przesiadkowy-drogowo-kolejowy-bedzie-gotowy-za-ok-35-roku-coraz-blizej-rozpoczecia-prac\\\/#primaryimage\",\"url\":\"https:\\\/\\\/www.24gliwice.pl\\\/wiadomosci\\\/wp-content\\\/uploads\\\/2024\\\/03\\\/stacja-labedy-wizualizacja6_PKP_PLK7.jpg\",\"contentUrl\":\"https:\\\/\\\/www.24gliwice.pl\\\/wiadomosci\\\/wp-content\\\/uploads\\\/2024\\\/03\\\/stacja-labedy-wizualizacja6_PKP_PLK7.jpg\",\"width\":810,\"height\":452},{\"@type\":\"BreadcrumbList\",\"@id\":\"https:\\\/\\\/www.24gliwice.pl\\\/wiadomosci\\\/nowy-wezel-przesiadkowy-drogowo-kolejowy-bedzie-gotowy-za-ok-35-roku-coraz-blizej-rozpoczecia-prac\\\/#breadcrumb\",\"itemListElement\":[{\"@type\":\"ListItem\",\"position\":1,\"name\":\"Strona g\u0142\u00f3wna\",\"item\":\"https:\\\/\\\/www.24gliwice.pl\\\/wiadomosci\\\/\"},{\"@type\":\"ListItem\",\"position\":2,\"name\":\"Nowy w\u0119ze\u0142 przesiadkowy &#8211; drogowo-kolejowy b\u0119dzie gotowy za ok. 3,5 roku. Coraz bli\u017cej rozpocz\u0119cia prac\"}]},{\"@type\":\"WebSite\",\"@id\":\"https:\\\/\\\/www.24gliwice.pl\\\/wiadomosci\\\/#website\",\"url\":\"https:\\\/\\\/www.24gliwice.pl\\\/wiadomosci\\\/\",\"name\":\"24GLIWICE - Portal Gliwice | codziennie nowe wiadomo\u015bci\",\"description\":\"Portal Miejski Gliwice\",\"publisher\":{\"@id\":\"https:\\\/\\\/www.24gliwice.pl\\\/wiadomosci\\\/#organization\"},\"potentialAction\":[{\"@type\":\"SearchAction\",\"target\":{\"@type\":\"EntryPoint\",\"urlTemplate\":\"https:\\\/\\\/www.24gliwice.pl\\\/wiadomosci\\\/?s={search_term_string}\"},\"query-input\":{\"@type\":\"PropertyValueSpecification\",\"valueRequired\":true,\"valueName\":\"search_term_string\"}}],\"inLanguage\":\"pl-PL\"},{\"@type\":\"Organization\",\"@id\":\"https:\\\/\\\/www.24gliwice.pl\\\/wiadomosci\\\/#organization\",\"name\":\"24gliwice\",\"url\":\"https:\\\/\\\/www.24gliwice.pl\\\/wiadomosci\\\/\",\"logo\":{\"@type\":\"ImageObject\",\"inLanguage\":\"pl-PL\",\"@id\":\"https:\\\/\\\/www.24gliwice.pl\\\/wiadomosci\\\/#\\\/schema\\\/logo\\\/image\\\/\",\"url\":\"https:\\\/\\\/www.24gliwice.pl\\\/wiadomosci\\\/wp-content\\\/uploads\\\/2024\\\/10\\\/24gliwice-logo-696.jpg\",\"contentUrl\":\"https:\\\/\\\/www.24gliwice.pl\\\/wiadomosci\\\/wp-content\\\/uploads\\\/2024\\\/10\\\/24gliwice-logo-696.jpg\",\"width\":696,\"height\":696,\"caption\":\"24gliwice\"},\"image\":{\"@id\":\"https:\\\/\\\/www.24gliwice.pl\\\/wiadomosci\\\/#\\\/schema\\\/logo\\\/image\\\/\"},\"sameAs\":[\"https:\\\/\\\/www.facebook.com\\\/24gliwice\",\"https:\\\/\\\/x.com\\\/24gliwice\",\"https:\\\/\\\/www.youtube.com\\\/@24gliwice\"]},{\"@type\":\"Person\",\"@id\":\"https:\\\/\\\/www.24gliwice.pl\\\/wiadomosci\\\/#\\\/schema\\\/person\\\/e42c650edd7f2fa332be3811fb166b6e\",\"name\":\"\u017baneta Mrozek-Siewierska\",\"image\":{\"@type\":\"ImageObject\",\"inLanguage\":\"pl-PL\",\"@id\":\"https:\\\/\\\/secure.gravatar.com\\\/avatar\\\/1881429e9c64597c77ad7aef2d0a19be69a3253e57534d16aa15bf3a4d34a0a3?s=96&d=mm&r=g\",\"url\":\"https:\\\/\\\/secure.gravatar.com\\\/avatar\\\/1881429e9c64597c77ad7aef2d0a19be69a3253e57534d16aa15bf3a4d34a0a3?s=96&d=mm&r=g\",\"contentUrl\":\"https:\\\/\\\/secure.gravatar.com\\\/avatar\\\/1881429e9c64597c77ad7aef2d0a19be69a3253e57534d16aa15bf3a4d34a0a3?s=96&d=mm&r=g\",\"caption\":\"\u017baneta Mrozek-Siewierska\"},\"url\":\"https:\\\/\\\/www.24gliwice.pl\\\/wiadomosci\\\/author\\\/zms\\\/\"}]}<\/script>\n<!-- \/ Yoast SEO plugin. -->","yoast_head_json":{"title":"Nowy w\u0119ze\u0142 przesiadkowy - drogowo-kolejowy b\u0119dzie gotowy za ok. 3,5 roku. Coraz bli\u017cej rozpocz\u0119cia prac - 24GLIWICE - Portal Gliwice | codziennie nowe informacje","description":"Przebudowa uk\u0142adu drogowego w \u0141ab\u0119dach wkr\u00f3tce mo\u017ce zosta\u0107 rozpocz\u0119ta. Miasto zawar\u0142o umow\u0119 z wy\u0142onionym w przetargu wykonawc\u0105 prac","robots":{"index":"index","follow":"follow","max-snippet":"max-snippet:-1","max-image-preview":"max-image-preview:large","max-video-preview":"max-video-preview:-1"},"canonical":"https:\/\/www.24gliwice.pl\/wiadomosci\/nowy-wezel-przesiadkowy-drogowo-kolejowy-bedzie-gotowy-za-ok-35-roku-coraz-blizej-rozpoczecia-prac\/","og_locale":"pl_PL","og_type":"article","og_title":"Nowy w\u0119ze\u0142 przesiadkowy - drogowo-kolejowy b\u0119dzie gotowy za ok. 3,5 roku. Coraz bli\u017cej rozpocz\u0119cia prac - 24GLIWICE - Portal Gliwice | codziennie nowe informacje","og_description":"Przebudowa uk\u0142adu drogowego w \u0141ab\u0119dach wkr\u00f3tce mo\u017ce zosta\u0107 rozpocz\u0119ta. Miasto zawar\u0142o umow\u0119 z wy\u0142onionym w przetargu wykonawc\u0105 prac","og_url":"https:\/\/www.24gliwice.pl\/wiadomosci\/nowy-wezel-przesiadkowy-drogowo-kolejowy-bedzie-gotowy-za-ok-35-roku-coraz-blizej-rozpoczecia-prac\/","og_site_name":"24GLIWICE - Portal Gliwice | codziennie nowe informacje","article_publisher":"https:\/\/www.facebook.com\/24gliwice","article_published_time":"2024-07-18T08:28:06+00:00","og_image":[{"width":810,"height":452,"url":"https:\/\/www.24gliwice.pl\/wiadomosci\/wp-content\/uploads\/2024\/03\/stacja-labedy-wizualizacja6_PKP_PLK7.jpg","type":"image\/jpeg"}],"author":"\u017baneta Mrozek-Siewierska","twitter_card":"summary_large_image","twitter_creator":"@24gliwice","twitter_site":"@24gliwice","twitter_misc":{"Napisane przez":"\u017baneta Mrozek-Siewierska","Szacowany czas czytania":"4 minuty"},"schema":{"@context":"https:\/\/schema.org","@graph":[{"@type":"Article","@id":"https:\/\/www.24gliwice.pl\/wiadomosci\/nowy-wezel-przesiadkowy-drogowo-kolejowy-bedzie-gotowy-za-ok-35-roku-coraz-blizej-rozpoczecia-prac\/#article","isPartOf":{"@id":"https:\/\/www.24gliwice.pl\/wiadomosci\/nowy-wezel-przesiadkowy-drogowo-kolejowy-bedzie-gotowy-za-ok-35-roku-coraz-blizej-rozpoczecia-prac\/"},"author":{"name":"\u017baneta Mrozek-Siewierska","@id":"https:\/\/www.24gliwice.pl\/wiadomosci\/#\/schema\/person\/e42c650edd7f2fa332be3811fb166b6e"},"headline":"Nowy w\u0119ze\u0142 przesiadkowy &#8211; drogowo-kolejowy b\u0119dzie gotowy za ok. 3,5 roku. Coraz bli\u017cej rozpocz\u0119cia prac","datePublished":"2024-07-18T08:28:06+00:00","mainEntityOfPage":{"@id":"https:\/\/www.24gliwice.pl\/wiadomosci\/nowy-wezel-przesiadkowy-drogowo-kolejowy-bedzie-gotowy-za-ok-35-roku-coraz-blizej-rozpoczecia-prac\/"},"wordCount":632,"commentCount":0,"publisher":{"@id":"https:\/\/www.24gliwice.pl\/wiadomosci\/#organization"},"image":{"@id":"https:\/\/www.24gliwice.pl\/wiadomosci\/nowy-wezel-przesiadkowy-drogowo-kolejowy-bedzie-gotowy-za-ok-35-roku-coraz-blizej-rozpoczecia-prac\/#primaryimage"},"thumbnailUrl":"https:\/\/www.24gliwice.pl\/wiadomosci\/wp-content\/uploads\/2024\/03\/stacja-labedy-wizualizacja6_PKP_PLK7.jpg","keywords":["RONDO","\u0141AB\u0118DY"],"articleSection":["Gliwice","Najnowsze wiadomo\u015bci","Portal Gliwice - Wiadomo\u015bci lokalne"],"inLanguage":"pl-PL","potentialAction":[{"@type":"CommentAction","name":"Comment","target":["https:\/\/www.24gliwice.pl\/wiadomosci\/nowy-wezel-przesiadkowy-drogowo-kolejowy-bedzie-gotowy-za-ok-35-roku-coraz-blizej-rozpoczecia-prac\/#respond"]}]},{"@type":"WebPage","@id":"https:\/\/www.24gliwice.pl\/wiadomosci\/nowy-wezel-przesiadkowy-drogowo-kolejowy-bedzie-gotowy-za-ok-35-roku-coraz-blizej-rozpoczecia-prac\/","url":"https:\/\/www.24gliwice.pl\/wiadomosci\/nowy-wezel-przesiadkowy-drogowo-kolejowy-bedzie-gotowy-za-ok-35-roku-coraz-blizej-rozpoczecia-prac\/","name":"Nowy w\u0119ze\u0142 przesiadkowy - drogowo-kolejowy b\u0119dzie gotowy za ok. 3,5 roku. Coraz bli\u017cej rozpocz\u0119cia prac - 24GLIWICE - Portal Gliwice | codziennie nowe informacje","isPartOf":{"@id":"https:\/\/www.24gliwice.pl\/wiadomosci\/#website"},"primaryImageOfPage":{"@id":"https:\/\/www.24gliwice.pl\/wiadomosci\/nowy-wezel-przesiadkowy-drogowo-kolejowy-bedzie-gotowy-za-ok-35-roku-coraz-blizej-rozpoczecia-prac\/#primaryimage"},"image":{"@id":"https:\/\/www.24gliwice.pl\/wiadomosci\/nowy-wezel-przesiadkowy-drogowo-kolejowy-bedzie-gotowy-za-ok-35-roku-coraz-blizej-rozpoczecia-prac\/#primaryimage"},"thumbnailUrl":"https:\/\/www.24gliwice.pl\/wiadomosci\/wp-content\/uploads\/2024\/03\/stacja-labedy-wizualizacja6_PKP_PLK7.jpg","datePublished":"2024-07-18T08:28:06+00:00","description":"Przebudowa uk\u0142adu drogowego w \u0141ab\u0119dach wkr\u00f3tce mo\u017ce zosta\u0107 rozpocz\u0119ta. Miasto zawar\u0142o umow\u0119 z wy\u0142onionym w przetargu wykonawc\u0105 prac","breadcrumb":{"@id":"https:\/\/www.24gliwice.pl\/wiadomosci\/nowy-wezel-przesiadkowy-drogowo-kolejowy-bedzie-gotowy-za-ok-35-roku-coraz-blizej-rozpoczecia-prac\/#breadcrumb"},"inLanguage":"pl-PL","potentialAction":[{"@type":"ReadAction","target":["https:\/\/www.24gliwice.pl\/wiadomosci\/nowy-wezel-przesiadkowy-drogowo-kolejowy-bedzie-gotowy-za-ok-35-roku-coraz-blizej-rozpoczecia-prac\/"]}]},{"@type":"ImageObject","inLanguage":"pl-PL","@id":"https:\/\/www.24gliwice.pl\/wiadomosci\/nowy-wezel-przesiadkowy-drogowo-kolejowy-bedzie-gotowy-za-ok-35-roku-coraz-blizej-rozpoczecia-prac\/#primaryimage","url":"https:\/\/www.24gliwice.pl\/wiadomosci\/wp-content\/uploads\/2024\/03\/stacja-labedy-wizualizacja6_PKP_PLK7.jpg","contentUrl":"https:\/\/www.24gliwice.pl\/wiadomosci\/wp-content\/uploads\/2024\/03\/stacja-labedy-wizualizacja6_PKP_PLK7.jpg","width":810,"height":452},{"@type":"BreadcrumbList","@id":"https:\/\/www.24gliwice.pl\/wiadomosci\/nowy-wezel-przesiadkowy-drogowo-kolejowy-bedzie-gotowy-za-ok-35-roku-coraz-blizej-rozpoczecia-prac\/#breadcrumb","itemListElement":[{"@type":"ListItem","position":1,"name":"Strona g\u0142\u00f3wna","item":"https:\/\/www.24gliwice.pl\/wiadomosci\/"},{"@type":"ListItem","position":2,"name":"Nowy w\u0119ze\u0142 przesiadkowy &#8211; drogowo-kolejowy b\u0119dzie gotowy za ok. 3,5 roku. Coraz bli\u017cej rozpocz\u0119cia prac"}]},{"@type":"WebSite","@id":"https:\/\/www.24gliwice.pl\/wiadomosci\/#website","url":"https:\/\/www.24gliwice.pl\/wiadomosci\/","name":"24GLIWICE - Portal Gliwice | codziennie nowe wiadomo\u015bci","description":"Portal Miejski Gliwice","publisher":{"@id":"https:\/\/www.24gliwice.pl\/wiadomosci\/#organization"},"potentialAction":[{"@type":"SearchAction","target":{"@type":"EntryPoint","urlTemplate":"https:\/\/www.24gliwice.pl\/wiadomosci\/?s={search_term_string}"},"query-input":{"@type":"PropertyValueSpecification","valueRequired":true,"valueName":"search_term_string"}}],"inLanguage":"pl-PL"},{"@type":"Organization","@id":"https:\/\/www.24gliwice.pl\/wiadomosci\/#organization","name":"24gliwice","url":"https:\/\/www.24gliwice.pl\/wiadomosci\/","logo":{"@type":"ImageObject","inLanguage":"pl-PL","@id":"https:\/\/www.24gliwice.pl\/wiadomosci\/#\/schema\/logo\/image\/","url":"https:\/\/www.24gliwice.pl\/wiadomosci\/wp-content\/uploads\/2024\/10\/24gliwice-logo-696.jpg","contentUrl":"https:\/\/www.24gliwice.pl\/wiadomosci\/wp-content\/uploads\/2024\/10\/24gliwice-logo-696.jpg","width":696,"height":696,"caption":"24gliwice"},"image":{"@id":"https:\/\/www.24gliwice.pl\/wiadomosci\/#\/schema\/logo\/image\/"},"sameAs":["https:\/\/www.facebook.com\/24gliwice","https:\/\/x.com\/24gliwice","https:\/\/www.youtube.com\/@24gliwice"]},{"@type":"Person","@id":"https:\/\/www.24gliwice.pl\/wiadomosci\/#\/schema\/person\/e42c650edd7f2fa332be3811fb166b6e","name":"\u017baneta Mrozek-Siewierska","image":{"@type":"ImageObject","inLanguage":"pl-PL","@id":"https:\/\/secure.gravatar.com\/avatar\/1881429e9c64597c77ad7aef2d0a19be69a3253e57534d16aa15bf3a4d34a0a3?s=96&d=mm&r=g","url":"https:\/\/secure.gravatar.com\/avatar\/1881429e9c64597c77ad7aef2d0a19be69a3253e57534d16aa15bf3a4d34a0a3?s=96&d=mm&r=g","contentUrl":"https:\/\/secure.gravatar.com\/avatar\/1881429e9c64597c77ad7aef2d0a19be69a3253e57534d16aa15bf3a4d34a0a3?s=96&d=mm&r=g","caption":"\u017baneta Mrozek-Siewierska"},"url":"https:\/\/www.24gliwice.pl\/wiadomosci\/author\/zms\/"}]}},"_links":{"self":[{"href":"https:\/\/www.24gliwice.pl\/wiadomosci\/wp-json\/wp\/v2\/posts\/239289","targetHints":{"allow":["GET"]}}],"collection":[{"href":"https:\/\/www.24gliwice.pl\/wiadomosci\/wp-json\/wp\/v2\/posts"}],"about":[{"href":"https:\/\/www.24gliwice.pl\/wiadomosci\/wp-json\/wp\/v2\/types\/post"}],"author":[{"embeddable":true,"href":"https:\/\/www.24gliwice.pl\/wiadomosci\/wp-json\/wp\/v2\/users\/15"}],"replies":[{"embeddable":true,"href":"https:\/\/www.24gliwice.pl\/wiadomosci\/wp-json\/wp\/v2\/comments?post=239289"}],"version-history":[{"count":0,"href":"https:\/\/www.24gliwice.pl\/wiadomosci\/wp-json\/wp\/v2\/posts\/239289\/revisions"}],"wp:featuredmedia":[{"embeddable":true,"href":"https:\/\/www.24gliwice.pl\/wiadomosci\/wp-json\/wp\/v2\/media\/232502"}],"wp:attachment":[{"href":"https:\/\/www.24gliwice.pl\/wiadomosci\/wp-json\/wp\/v2\/media?parent=239289"}],"wp:term":[{"taxonomy":"category","embeddable":true,"href":"https:\/\/www.24gliwice.pl\/wiadomosci\/wp-json\/wp\/v2\/categories?post=239289"},{"taxonomy":"post_tag","embeddable":true,"href":"https:\/\/www.24gliwice.pl\/wiadomosci\/wp-json\/wp\/v2\/tags?post=239289"}],"curies":[{"name":"wp","href":"https:\/\/api.w.org\/{rel}","templated":true}]}}