{"id":239406,"date":"2024-07-23T06:38:14","date_gmt":"2024-07-23T04:38:14","guid":{"rendered":"https:\/\/www.24gliwice.pl\/wiadomosci\/?p=239406"},"modified":"2024-07-27T14:48:32","modified_gmt":"2024-07-27T12:48:32","slug":"ekstremalny-gliwicykl-na-gore-sw-anny-udzial-wziac-moga-tylko-doswiadczeni-rowerzysci","status":"publish","type":"post","link":"https:\/\/www.24gliwice.pl\/wiadomosci\/ekstremalny-gliwicykl-na-gore-sw-anny-udzial-wziac-moga-tylko-doswiadczeni-rowerzysci\/","title":{"rendered":"AKTUALIZACJA. Ekstremalny Gliwicykl na G\u00f3r\u0119 \u015bw. Anny odwo\u0142any"},"content":{"rendered":"<div class=\"gliwi-a6-nad-leadem-artykulow gliwi-entity-placement\" id=\"gliwi-542222244\"><div class=\"gliwi-adlabel\"><span style=\"font-size: 9px\">REKLAMA<\/span><\/div><div id=\"gliwi-2328105088\" style=\"margin-bottom: 30px;margin-left: auto;margin-right: auto;text-align: center;\"><a data-no-instant=\"1\" href=\"https:\/\/przedszkole.halogen.org.pl\/\" rel=\"noopener\" class=\"a2t-link\" target=\"_blank\" aria-label=\"20260402-ANIMATOR-przedszkole_grafika_750x200\"><img loading=\"lazy\" decoding=\"async\" src=\"https:\/\/www.24gliwice.pl\/wiadomosci\/wp-content\/uploads\/2026\/04\/20260402-ANIMATOR-przedszkole_grafika_750x200.webp\" alt=\"\"  srcset=\"https:\/\/www.24gliwice.pl\/wiadomosci\/wp-content\/uploads\/2026\/04\/20260402-ANIMATOR-przedszkole_grafika_750x200.webp 750w, https:\/\/www.24gliwice.pl\/wiadomosci\/wp-content\/uploads\/2026\/04\/20260402-ANIMATOR-przedszkole_grafika_750x200-410x109.webp 410w\" sizes=\"(max-width: 750px) 100vw, 750px\" class=\"no-lazyload\" width=\"750\" height=\"200\"  style=\"display: inline-block; max-width: 100%; height: auto;\" \/><\/a><\/div><\/div><p><span style=\"color: #ff0000;\">AKTUALIZACJA: Ze wzgl\u0119du na prognozowan\u0105 niesprzyjaj\u0105c\u0105 pogod\u0119 organizator odwo\u0142a\u0142 wypraw\u0119.<\/span><\/p>\n<h2>Ten Gliwicykl to wyprawa dla do\u015bwiadczonych w d\u0142ugich dystansach rowerzyst\u00f3w &#8211; do przejechania b\u0119dzie oko\u0142o 120 km. Uczestnicy pojad\u0105 na wycieczk\u0119 do G\u00f3ry \u015bw. Anny, gdzie znajduje si\u0119 nie tylko sanktuarium czy skalny amfiteatr, ale te\u017c pozosta\u0142o\u015bci dawnego wulkanu.<\/h2>\n<p>Wydarzenie zaplanowano na niedziel\u0119, 28 lipca. Rozpocz\u0119cie o godzinie 8:00 rano na placu Pi\u0142sudskiego.<\/p><div class=\"gliwi-a3-w-tresci-artykulow gliwi-entity-placement\" id=\"gliwi-1482176149\"><div class=\"gliwi-adlabel\"><span style=\"font-size: 9px\">REKLAMA<\/span><\/div><div id=\"gliwi-1574275895\" style=\"margin-bottom: 30px;margin-left: auto;margin-right: auto;text-align: center;\"><a data-no-instant=\"1\" href=\"https:\/\/zlobek.halogen.org.pl\/\" rel=\"noopener\" class=\"a2t-link\" target=\"_blank\" aria-label=\"animator-zlobek_750x200\"><img loading=\"lazy\" decoding=\"async\" src=\"https:\/\/www.24gliwice.pl\/wiadomosci\/wp-content\/uploads\/2026\/02\/animator-zlobek_750x200.webp\" alt=\"\"  srcset=\"https:\/\/www.24gliwice.pl\/wiadomosci\/wp-content\/uploads\/2026\/02\/animator-zlobek_750x200.webp 750w, https:\/\/www.24gliwice.pl\/wiadomosci\/wp-content\/uploads\/2026\/02\/animator-zlobek_750x200-410x109.webp 410w\" sizes=\"(max-width: 750px) 100vw, 750px\" class=\"no-lazyload\" width=\"750\" height=\"200\"  style=\"display: inline-block; max-width: 100%; height: auto;\" \/><\/a><\/div><\/div>\n<p>&#8211; <em>Trasa jest d\u0142uga i jak wiemy na trasie b\u0119dzie wymagaj\u0105cy podjazd zatem zanim wyruszysz z nami przemy\u015bl czy ta rajza jest dla Ciebie. Je\u017celi nie kr\u0119ci\u0142e\u015b\/a\u015b w tym roku takich dystans\u00f3w, zdecyduj si\u0119 prosz\u0119 na inne nasze propozycje Gliwicykli. W kwestii przypomnienia &#8211; ka\u017cdy jedzie na w\u0142asn\u0105 odpowiedzialno\u015b\u0107, osoby niepe\u0142noletnie pod opiek\u0105 rodzic\u00f3w<\/em> &#8211; zaznacza organizator wyprawy &#8211; stowarzyszenie Rowerowe Gliwice.<\/p>\n<h4>Ka\u017cdy z uczestnik\u00f3w obowi\u0105zkowo musi mie\u0107 za sob\u0105 zapas p\u0142yn\u00f3w i jedzenia, podstawowy zestaw naprawczy do roweru (d\u0119tki itp.) \u2013 warunek konieczny, co oczywiste &#8211; sprawny rower, a tak\u017ce kask.<\/h4>\n<p>&#8211; <em>Uczestnicy maj\u0105 obowi\u0105zek dostosowa\u0107 si\u0119 do zasad bezpiecze\u0144stwa, kt\u00f3re obowi\u0105zuj\u0105 w trakcie wydarzenia. Poruszamy si\u0119 grup\u0105 i stosujemy si\u0119 do polece\u0144 os\u00f3b kieruj\u0105cych rajz\u0105. Tempo b\u0119dzie dostosowane do uczestnik\u00f3w wydarzenia czyt. najs\u0142abszego uczestnika<\/em> &#8211; dodaje stowarzyszenie.<\/p>\n<p>Udzia\u0142 w Gliwicyklu jest r\u00f3wnoznaczny z akceptacj\u0105 regulaminu: <a href=\"https:\/\/rowerowe-gliwice.pl\/gliwicykl\" target=\"_blank\" rel=\"noopener\">https:\/\/rowerowe-gliwice.pl\/gliwicykl<\/a>.<\/p>\n<p><a href=\"https:\/\/www.facebook.com\/events\/445479444972392\/\" target=\"_blank\" rel=\"noopener\">Wydarzenie w serwisie facebook.com znajduje si\u0119 tu. <\/a><\/p>\n<p>(\u017cms)<\/p>\n<div class=\"gliwi-a5-na-koncu-artykulow gliwi-entity-placement\" id=\"gliwi-142940979\"><div class=\"gliwi-adlabel\"><span style=\"font-size: 9px\">REKLAMA<\/span><\/div><div id=\"gliwi-3462677985\" style=\"margin-left: auto;margin-right: auto;text-align: center;\"><a data-no-instant=\"1\" href=\"https:\/\/prezeroarenagliwice.pl\/\" rel=\"noopener\" class=\"a2t-link\" target=\"_blank\" aria-label=\"20260309-PREZERO-WIOSNA-D\"><img loading=\"lazy\" decoding=\"async\" src=\"https:\/\/www.24gliwice.pl\/wiadomosci\/wp-content\/uploads\/2026\/03\/20260309-PREZERO-WIOSNA-D.webp\" alt=\"\"  srcset=\"https:\/\/www.24gliwice.pl\/wiadomosci\/wp-content\/uploads\/2026\/03\/20260309-PREZERO-WIOSNA-D.webp 750w, https:\/\/www.24gliwice.pl\/wiadomosci\/wp-content\/uploads\/2026\/03\/20260309-PREZERO-WIOSNA-D-410x109.webp 410w\" sizes=\"(max-width: 750px) 100vw, 750px\" class=\"no-lazyload\" width=\"750\" height=\"200\"  style=\"display: inline-block; max-width: 100%; height: auto;\" \/><\/a><\/div><\/div>","protected":false},"excerpt":{"rendered":"<p>AKTUALIZACJA: Ze wzgl\u0119du na prognozowan\u0105 niesprzyjaj\u0105c\u0105 pogod\u0119 organizator odwo\u0142a\u0142 wypraw\u0119. Ten Gliwicykl to wyprawa dla do\u015bwiadczonych w d\u0142ugich dystansach rowerzyst\u00f3w &#8211; do przejechania b\u0119dzie oko\u0142o 120 km. Uczestnicy pojad\u0105 na wycieczk\u0119 do G\u00f3ry \u015bw. Anny, gdzie znajduje si\u0119 nie tylko sanktuarium czy skalny amfiteatr, ale te\u017c pozosta\u0142o\u015bci dawnego wulkanu. Wydarzenie zaplanowano na niedziel\u0119, 28 lipca. [&hellip;]<\/p>\n","protected":false},"author":15,"featured_media":239407,"comment_status":"open","ping_status":"closed","sticky":false,"template":"","format":"standard","meta":{"_monsterinsights_skip_tracking":false,"_monsterinsights_sitenote_active":false,"_monsterinsights_sitenote_note":"","_monsterinsights_sitenote_category":0,"footnotes":"","_links_to":"","_links_to_target":""},"categories":[3,6,1],"tags":[17628,23778],"class_list":["post-239406","post","type-post","status-publish","format-standard","has-post-thumbnail","hentry","category-gliwice","category-kultura","category-wszystko","tag-gliwicykl","tag-gora-sw-anny"],"yoast_head":"<!-- This site is optimized with the Yoast SEO plugin v27.5 - https:\/\/yoast.com\/product\/yoast-seo-wordpress\/ -->\n<title>AKTUALIZACJA. Ekstremalny Gliwicykl na G\u00f3r\u0119 \u015bw. Anny odwo\u0142any - 24GLIWICE - Portal Gliwice | codziennie nowe informacje<\/title>\n<meta name=\"description\" content=\"W niedziel\u0119, 28 lipca, odb\u0119dzie si\u0119 ekstremalny Gliwicykl tylko dla do\u015bwiadczonych rowerzyst\u00f3w. Trasa liczy oko\u0142o 120 km\" \/>\n<meta name=\"robots\" content=\"index, follow, max-snippet:-1, max-image-preview:large, max-video-preview:-1\" \/>\n<link rel=\"canonical\" href=\"https:\/\/www.24gliwice.pl\/wiadomosci\/ekstremalny-gliwicykl-na-gore-sw-anny-udzial-wziac-moga-tylko-doswiadczeni-rowerzysci\/\" \/>\n<meta property=\"og:locale\" content=\"pl_PL\" \/>\n<meta property=\"og:type\" content=\"article\" \/>\n<meta property=\"og:title\" content=\"AKTUALIZACJA. Ekstremalny Gliwicykl na G\u00f3r\u0119 \u015bw. Anny odwo\u0142any - 24GLIWICE - Portal Gliwice | codziennie nowe informacje\" \/>\n<meta property=\"og:description\" content=\"W niedziel\u0119, 28 lipca, odb\u0119dzie si\u0119 ekstremalny Gliwicykl tylko dla do\u015bwiadczonych rowerzyst\u00f3w. Trasa liczy oko\u0142o 120 km\" \/>\n<meta property=\"og:url\" content=\"https:\/\/www.24gliwice.pl\/wiadomosci\/ekstremalny-gliwicykl-na-gore-sw-anny-udzial-wziac-moga-tylko-doswiadczeni-rowerzysci\/\" \/>\n<meta property=\"og:site_name\" content=\"24GLIWICE - Portal Gliwice | codziennie nowe informacje\" \/>\n<meta property=\"article:publisher\" content=\"https:\/\/www.facebook.com\/24gliwice\" \/>\n<meta property=\"article:published_time\" content=\"2024-07-23T04:38:14+00:00\" \/>\n<meta property=\"article:modified_time\" content=\"2024-07-27T12:48:32+00:00\" \/>\n<meta property=\"og:image\" content=\"https:\/\/www.24gliwice.pl\/wiadomosci\/wp-content\/uploads\/2024\/07\/Gora-sw-anny.jpg\" \/>\n\t<meta property=\"og:image:width\" content=\"710\" \/>\n\t<meta property=\"og:image:height\" content=\"400\" \/>\n\t<meta property=\"og:image:type\" content=\"image\/jpeg\" \/>\n<meta name=\"author\" content=\"\u017baneta Mrozek-Siewierska\" \/>\n<meta name=\"twitter:card\" content=\"summary_large_image\" \/>\n<meta name=\"twitter:creator\" content=\"@24gliwice\" \/>\n<meta name=\"twitter:site\" content=\"@24gliwice\" \/>\n<meta name=\"twitter:label1\" content=\"Napisane przez\" \/>\n\t<meta name=\"twitter:data1\" content=\"\u017baneta Mrozek-Siewierska\" \/>\n\t<meta name=\"twitter:label2\" content=\"Szacowany czas czytania\" \/>\n\t<meta name=\"twitter:data2\" content=\"2 minuty\" \/>\n<script type=\"application\/ld+json\" class=\"yoast-schema-graph\">{\"@context\":\"https:\\\/\\\/schema.org\",\"@graph\":[{\"@type\":\"Article\",\"@id\":\"https:\\\/\\\/www.24gliwice.pl\\\/wiadomosci\\\/ekstremalny-gliwicykl-na-gore-sw-anny-udzial-wziac-moga-tylko-doswiadczeni-rowerzysci\\\/#article\",\"isPartOf\":{\"@id\":\"https:\\\/\\\/www.24gliwice.pl\\\/wiadomosci\\\/ekstremalny-gliwicykl-na-gore-sw-anny-udzial-wziac-moga-tylko-doswiadczeni-rowerzysci\\\/\"},\"author\":{\"name\":\"\u017baneta Mrozek-Siewierska\",\"@id\":\"https:\\\/\\\/www.24gliwice.pl\\\/wiadomosci\\\/#\\\/schema\\\/person\\\/e42c650edd7f2fa332be3811fb166b6e\"},\"headline\":\"AKTUALIZACJA. Ekstremalny Gliwicykl na G\u00f3r\u0119 \u015bw. Anny odwo\u0142any\",\"datePublished\":\"2024-07-23T04:38:14+00:00\",\"dateModified\":\"2024-07-27T12:48:32+00:00\",\"mainEntityOfPage\":{\"@id\":\"https:\\\/\\\/www.24gliwice.pl\\\/wiadomosci\\\/ekstremalny-gliwicykl-na-gore-sw-anny-udzial-wziac-moga-tylko-doswiadczeni-rowerzysci\\\/\"},\"wordCount\":262,\"commentCount\":0,\"publisher\":{\"@id\":\"https:\\\/\\\/www.24gliwice.pl\\\/wiadomosci\\\/#organization\"},\"image\":{\"@id\":\"https:\\\/\\\/www.24gliwice.pl\\\/wiadomosci\\\/ekstremalny-gliwicykl-na-gore-sw-anny-udzial-wziac-moga-tylko-doswiadczeni-rowerzysci\\\/#primaryimage\"},\"thumbnailUrl\":\"https:\\\/\\\/www.24gliwice.pl\\\/wiadomosci\\\/wp-content\\\/uploads\\\/2024\\\/07\\\/Gora-sw-anny.jpg\",\"keywords\":[\"GLIWICYKL\",\"G\u00d3RA \u015aW. ANNY\"],\"articleSection\":[\"Gliwice\",\"Kultura, wydarzenia, imprezy\",\"Najnowsze wiadomo\u015bci\"],\"inLanguage\":\"pl-PL\",\"potentialAction\":[{\"@type\":\"CommentAction\",\"name\":\"Comment\",\"target\":[\"https:\\\/\\\/www.24gliwice.pl\\\/wiadomosci\\\/ekstremalny-gliwicykl-na-gore-sw-anny-udzial-wziac-moga-tylko-doswiadczeni-rowerzysci\\\/#respond\"]}]},{\"@type\":\"WebPage\",\"@id\":\"https:\\\/\\\/www.24gliwice.pl\\\/wiadomosci\\\/ekstremalny-gliwicykl-na-gore-sw-anny-udzial-wziac-moga-tylko-doswiadczeni-rowerzysci\\\/\",\"url\":\"https:\\\/\\\/www.24gliwice.pl\\\/wiadomosci\\\/ekstremalny-gliwicykl-na-gore-sw-anny-udzial-wziac-moga-tylko-doswiadczeni-rowerzysci\\\/\",\"name\":\"AKTUALIZACJA. Ekstremalny Gliwicykl na G\u00f3r\u0119 \u015bw. Anny odwo\u0142any - 24GLIWICE - Portal Gliwice | codziennie nowe informacje\",\"isPartOf\":{\"@id\":\"https:\\\/\\\/www.24gliwice.pl\\\/wiadomosci\\\/#website\"},\"primaryImageOfPage\":{\"@id\":\"https:\\\/\\\/www.24gliwice.pl\\\/wiadomosci\\\/ekstremalny-gliwicykl-na-gore-sw-anny-udzial-wziac-moga-tylko-doswiadczeni-rowerzysci\\\/#primaryimage\"},\"image\":{\"@id\":\"https:\\\/\\\/www.24gliwice.pl\\\/wiadomosci\\\/ekstremalny-gliwicykl-na-gore-sw-anny-udzial-wziac-moga-tylko-doswiadczeni-rowerzysci\\\/#primaryimage\"},\"thumbnailUrl\":\"https:\\\/\\\/www.24gliwice.pl\\\/wiadomosci\\\/wp-content\\\/uploads\\\/2024\\\/07\\\/Gora-sw-anny.jpg\",\"datePublished\":\"2024-07-23T04:38:14+00:00\",\"dateModified\":\"2024-07-27T12:48:32+00:00\",\"description\":\"W niedziel\u0119, 28 lipca, odb\u0119dzie si\u0119 ekstremalny Gliwicykl tylko dla do\u015bwiadczonych rowerzyst\u00f3w. Trasa liczy oko\u0142o 120 km\",\"breadcrumb\":{\"@id\":\"https:\\\/\\\/www.24gliwice.pl\\\/wiadomosci\\\/ekstremalny-gliwicykl-na-gore-sw-anny-udzial-wziac-moga-tylko-doswiadczeni-rowerzysci\\\/#breadcrumb\"},\"inLanguage\":\"pl-PL\",\"potentialAction\":[{\"@type\":\"ReadAction\",\"target\":[\"https:\\\/\\\/www.24gliwice.pl\\\/wiadomosci\\\/ekstremalny-gliwicykl-na-gore-sw-anny-udzial-wziac-moga-tylko-doswiadczeni-rowerzysci\\\/\"]}]},{\"@type\":\"ImageObject\",\"inLanguage\":\"pl-PL\",\"@id\":\"https:\\\/\\\/www.24gliwice.pl\\\/wiadomosci\\\/ekstremalny-gliwicykl-na-gore-sw-anny-udzial-wziac-moga-tylko-doswiadczeni-rowerzysci\\\/#primaryimage\",\"url\":\"https:\\\/\\\/www.24gliwice.pl\\\/wiadomosci\\\/wp-content\\\/uploads\\\/2024\\\/07\\\/Gora-sw-anny.jpg\",\"contentUrl\":\"https:\\\/\\\/www.24gliwice.pl\\\/wiadomosci\\\/wp-content\\\/uploads\\\/2024\\\/07\\\/Gora-sw-anny.jpg\",\"width\":710,\"height\":400},{\"@type\":\"BreadcrumbList\",\"@id\":\"https:\\\/\\\/www.24gliwice.pl\\\/wiadomosci\\\/ekstremalny-gliwicykl-na-gore-sw-anny-udzial-wziac-moga-tylko-doswiadczeni-rowerzysci\\\/#breadcrumb\",\"itemListElement\":[{\"@type\":\"ListItem\",\"position\":1,\"name\":\"Strona g\u0142\u00f3wna\",\"item\":\"https:\\\/\\\/www.24gliwice.pl\\\/wiadomosci\\\/\"},{\"@type\":\"ListItem\",\"position\":2,\"name\":\"AKTUALIZACJA. Ekstremalny Gliwicykl na G\u00f3r\u0119 \u015bw. Anny odwo\u0142any\"}]},{\"@type\":\"WebSite\",\"@id\":\"https:\\\/\\\/www.24gliwice.pl\\\/wiadomosci\\\/#website\",\"url\":\"https:\\\/\\\/www.24gliwice.pl\\\/wiadomosci\\\/\",\"name\":\"24GLIWICE - Portal Gliwice | codziennie nowe wiadomo\u015bci\",\"description\":\"Portal Miejski Gliwice\",\"publisher\":{\"@id\":\"https:\\\/\\\/www.24gliwice.pl\\\/wiadomosci\\\/#organization\"},\"potentialAction\":[{\"@type\":\"SearchAction\",\"target\":{\"@type\":\"EntryPoint\",\"urlTemplate\":\"https:\\\/\\\/www.24gliwice.pl\\\/wiadomosci\\\/?s={search_term_string}\"},\"query-input\":{\"@type\":\"PropertyValueSpecification\",\"valueRequired\":true,\"valueName\":\"search_term_string\"}}],\"inLanguage\":\"pl-PL\"},{\"@type\":\"Organization\",\"@id\":\"https:\\\/\\\/www.24gliwice.pl\\\/wiadomosci\\\/#organization\",\"name\":\"24gliwice\",\"url\":\"https:\\\/\\\/www.24gliwice.pl\\\/wiadomosci\\\/\",\"logo\":{\"@type\":\"ImageObject\",\"inLanguage\":\"pl-PL\",\"@id\":\"https:\\\/\\\/www.24gliwice.pl\\\/wiadomosci\\\/#\\\/schema\\\/logo\\\/image\\\/\",\"url\":\"https:\\\/\\\/www.24gliwice.pl\\\/wiadomosci\\\/wp-content\\\/uploads\\\/2024\\\/10\\\/24gliwice-logo-696.jpg\",\"contentUrl\":\"https:\\\/\\\/www.24gliwice.pl\\\/wiadomosci\\\/wp-content\\\/uploads\\\/2024\\\/10\\\/24gliwice-logo-696.jpg\",\"width\":696,\"height\":696,\"caption\":\"24gliwice\"},\"image\":{\"@id\":\"https:\\\/\\\/www.24gliwice.pl\\\/wiadomosci\\\/#\\\/schema\\\/logo\\\/image\\\/\"},\"sameAs\":[\"https:\\\/\\\/www.facebook.com\\\/24gliwice\",\"https:\\\/\\\/x.com\\\/24gliwice\",\"https:\\\/\\\/www.youtube.com\\\/@24gliwice\"]},{\"@type\":\"Person\",\"@id\":\"https:\\\/\\\/www.24gliwice.pl\\\/wiadomosci\\\/#\\\/schema\\\/person\\\/e42c650edd7f2fa332be3811fb166b6e\",\"name\":\"\u017baneta Mrozek-Siewierska\",\"image\":{\"@type\":\"ImageObject\",\"inLanguage\":\"pl-PL\",\"@id\":\"https:\\\/\\\/secure.gravatar.com\\\/avatar\\\/1881429e9c64597c77ad7aef2d0a19be69a3253e57534d16aa15bf3a4d34a0a3?s=96&d=mm&r=g\",\"url\":\"https:\\\/\\\/secure.gravatar.com\\\/avatar\\\/1881429e9c64597c77ad7aef2d0a19be69a3253e57534d16aa15bf3a4d34a0a3?s=96&d=mm&r=g\",\"contentUrl\":\"https:\\\/\\\/secure.gravatar.com\\\/avatar\\\/1881429e9c64597c77ad7aef2d0a19be69a3253e57534d16aa15bf3a4d34a0a3?s=96&d=mm&r=g\",\"caption\":\"\u017baneta Mrozek-Siewierska\"},\"url\":\"https:\\\/\\\/www.24gliwice.pl\\\/wiadomosci\\\/author\\\/zms\\\/\"}]}<\/script>\n<!-- \/ Yoast SEO plugin. -->","yoast_head_json":{"title":"AKTUALIZACJA. Ekstremalny Gliwicykl na G\u00f3r\u0119 \u015bw. Anny odwo\u0142any - 24GLIWICE - Portal Gliwice | codziennie nowe informacje","description":"W niedziel\u0119, 28 lipca, odb\u0119dzie si\u0119 ekstremalny Gliwicykl tylko dla do\u015bwiadczonych rowerzyst\u00f3w. Trasa liczy oko\u0142o 120 km","robots":{"index":"index","follow":"follow","max-snippet":"max-snippet:-1","max-image-preview":"max-image-preview:large","max-video-preview":"max-video-preview:-1"},"canonical":"https:\/\/www.24gliwice.pl\/wiadomosci\/ekstremalny-gliwicykl-na-gore-sw-anny-udzial-wziac-moga-tylko-doswiadczeni-rowerzysci\/","og_locale":"pl_PL","og_type":"article","og_title":"AKTUALIZACJA. Ekstremalny Gliwicykl na G\u00f3r\u0119 \u015bw. Anny odwo\u0142any - 24GLIWICE - Portal Gliwice | codziennie nowe informacje","og_description":"W niedziel\u0119, 28 lipca, odb\u0119dzie si\u0119 ekstremalny Gliwicykl tylko dla do\u015bwiadczonych rowerzyst\u00f3w. Trasa liczy oko\u0142o 120 km","og_url":"https:\/\/www.24gliwice.pl\/wiadomosci\/ekstremalny-gliwicykl-na-gore-sw-anny-udzial-wziac-moga-tylko-doswiadczeni-rowerzysci\/","og_site_name":"24GLIWICE - Portal Gliwice | codziennie nowe informacje","article_publisher":"https:\/\/www.facebook.com\/24gliwice","article_published_time":"2024-07-23T04:38:14+00:00","article_modified_time":"2024-07-27T12:48:32+00:00","og_image":[{"width":710,"height":400,"url":"https:\/\/www.24gliwice.pl\/wiadomosci\/wp-content\/uploads\/2024\/07\/Gora-sw-anny.jpg","type":"image\/jpeg"}],"author":"\u017baneta Mrozek-Siewierska","twitter_card":"summary_large_image","twitter_creator":"@24gliwice","twitter_site":"@24gliwice","twitter_misc":{"Napisane przez":"\u017baneta Mrozek-Siewierska","Szacowany czas czytania":"2 minuty"},"schema":{"@context":"https:\/\/schema.org","@graph":[{"@type":"Article","@id":"https:\/\/www.24gliwice.pl\/wiadomosci\/ekstremalny-gliwicykl-na-gore-sw-anny-udzial-wziac-moga-tylko-doswiadczeni-rowerzysci\/#article","isPartOf":{"@id":"https:\/\/www.24gliwice.pl\/wiadomosci\/ekstremalny-gliwicykl-na-gore-sw-anny-udzial-wziac-moga-tylko-doswiadczeni-rowerzysci\/"},"author":{"name":"\u017baneta Mrozek-Siewierska","@id":"https:\/\/www.24gliwice.pl\/wiadomosci\/#\/schema\/person\/e42c650edd7f2fa332be3811fb166b6e"},"headline":"AKTUALIZACJA. Ekstremalny Gliwicykl na G\u00f3r\u0119 \u015bw. Anny odwo\u0142any","datePublished":"2024-07-23T04:38:14+00:00","dateModified":"2024-07-27T12:48:32+00:00","mainEntityOfPage":{"@id":"https:\/\/www.24gliwice.pl\/wiadomosci\/ekstremalny-gliwicykl-na-gore-sw-anny-udzial-wziac-moga-tylko-doswiadczeni-rowerzysci\/"},"wordCount":262,"commentCount":0,"publisher":{"@id":"https:\/\/www.24gliwice.pl\/wiadomosci\/#organization"},"image":{"@id":"https:\/\/www.24gliwice.pl\/wiadomosci\/ekstremalny-gliwicykl-na-gore-sw-anny-udzial-wziac-moga-tylko-doswiadczeni-rowerzysci\/#primaryimage"},"thumbnailUrl":"https:\/\/www.24gliwice.pl\/wiadomosci\/wp-content\/uploads\/2024\/07\/Gora-sw-anny.jpg","keywords":["GLIWICYKL","G\u00d3RA \u015aW. ANNY"],"articleSection":["Gliwice","Kultura, wydarzenia, imprezy","Najnowsze wiadomo\u015bci"],"inLanguage":"pl-PL","potentialAction":[{"@type":"CommentAction","name":"Comment","target":["https:\/\/www.24gliwice.pl\/wiadomosci\/ekstremalny-gliwicykl-na-gore-sw-anny-udzial-wziac-moga-tylko-doswiadczeni-rowerzysci\/#respond"]}]},{"@type":"WebPage","@id":"https:\/\/www.24gliwice.pl\/wiadomosci\/ekstremalny-gliwicykl-na-gore-sw-anny-udzial-wziac-moga-tylko-doswiadczeni-rowerzysci\/","url":"https:\/\/www.24gliwice.pl\/wiadomosci\/ekstremalny-gliwicykl-na-gore-sw-anny-udzial-wziac-moga-tylko-doswiadczeni-rowerzysci\/","name":"AKTUALIZACJA. Ekstremalny Gliwicykl na G\u00f3r\u0119 \u015bw. Anny odwo\u0142any - 24GLIWICE - Portal Gliwice | codziennie nowe informacje","isPartOf":{"@id":"https:\/\/www.24gliwice.pl\/wiadomosci\/#website"},"primaryImageOfPage":{"@id":"https:\/\/www.24gliwice.pl\/wiadomosci\/ekstremalny-gliwicykl-na-gore-sw-anny-udzial-wziac-moga-tylko-doswiadczeni-rowerzysci\/#primaryimage"},"image":{"@id":"https:\/\/www.24gliwice.pl\/wiadomosci\/ekstremalny-gliwicykl-na-gore-sw-anny-udzial-wziac-moga-tylko-doswiadczeni-rowerzysci\/#primaryimage"},"thumbnailUrl":"https:\/\/www.24gliwice.pl\/wiadomosci\/wp-content\/uploads\/2024\/07\/Gora-sw-anny.jpg","datePublished":"2024-07-23T04:38:14+00:00","dateModified":"2024-07-27T12:48:32+00:00","description":"W niedziel\u0119, 28 lipca, odb\u0119dzie si\u0119 ekstremalny Gliwicykl tylko dla do\u015bwiadczonych rowerzyst\u00f3w. Trasa liczy oko\u0142o 120 km","breadcrumb":{"@id":"https:\/\/www.24gliwice.pl\/wiadomosci\/ekstremalny-gliwicykl-na-gore-sw-anny-udzial-wziac-moga-tylko-doswiadczeni-rowerzysci\/#breadcrumb"},"inLanguage":"pl-PL","potentialAction":[{"@type":"ReadAction","target":["https:\/\/www.24gliwice.pl\/wiadomosci\/ekstremalny-gliwicykl-na-gore-sw-anny-udzial-wziac-moga-tylko-doswiadczeni-rowerzysci\/"]}]},{"@type":"ImageObject","inLanguage":"pl-PL","@id":"https:\/\/www.24gliwice.pl\/wiadomosci\/ekstremalny-gliwicykl-na-gore-sw-anny-udzial-wziac-moga-tylko-doswiadczeni-rowerzysci\/#primaryimage","url":"https:\/\/www.24gliwice.pl\/wiadomosci\/wp-content\/uploads\/2024\/07\/Gora-sw-anny.jpg","contentUrl":"https:\/\/www.24gliwice.pl\/wiadomosci\/wp-content\/uploads\/2024\/07\/Gora-sw-anny.jpg","width":710,"height":400},{"@type":"BreadcrumbList","@id":"https:\/\/www.24gliwice.pl\/wiadomosci\/ekstremalny-gliwicykl-na-gore-sw-anny-udzial-wziac-moga-tylko-doswiadczeni-rowerzysci\/#breadcrumb","itemListElement":[{"@type":"ListItem","position":1,"name":"Strona g\u0142\u00f3wna","item":"https:\/\/www.24gliwice.pl\/wiadomosci\/"},{"@type":"ListItem","position":2,"name":"AKTUALIZACJA. Ekstremalny Gliwicykl na G\u00f3r\u0119 \u015bw. Anny odwo\u0142any"}]},{"@type":"WebSite","@id":"https:\/\/www.24gliwice.pl\/wiadomosci\/#website","url":"https:\/\/www.24gliwice.pl\/wiadomosci\/","name":"24GLIWICE - Portal Gliwice | codziennie nowe wiadomo\u015bci","description":"Portal Miejski Gliwice","publisher":{"@id":"https:\/\/www.24gliwice.pl\/wiadomosci\/#organization"},"potentialAction":[{"@type":"SearchAction","target":{"@type":"EntryPoint","urlTemplate":"https:\/\/www.24gliwice.pl\/wiadomosci\/?s={search_term_string}"},"query-input":{"@type":"PropertyValueSpecification","valueRequired":true,"valueName":"search_term_string"}}],"inLanguage":"pl-PL"},{"@type":"Organization","@id":"https:\/\/www.24gliwice.pl\/wiadomosci\/#organization","name":"24gliwice","url":"https:\/\/www.24gliwice.pl\/wiadomosci\/","logo":{"@type":"ImageObject","inLanguage":"pl-PL","@id":"https:\/\/www.24gliwice.pl\/wiadomosci\/#\/schema\/logo\/image\/","url":"https:\/\/www.24gliwice.pl\/wiadomosci\/wp-content\/uploads\/2024\/10\/24gliwice-logo-696.jpg","contentUrl":"https:\/\/www.24gliwice.pl\/wiadomosci\/wp-content\/uploads\/2024\/10\/24gliwice-logo-696.jpg","width":696,"height":696,"caption":"24gliwice"},"image":{"@id":"https:\/\/www.24gliwice.pl\/wiadomosci\/#\/schema\/logo\/image\/"},"sameAs":["https:\/\/www.facebook.com\/24gliwice","https:\/\/x.com\/24gliwice","https:\/\/www.youtube.com\/@24gliwice"]},{"@type":"Person","@id":"https:\/\/www.24gliwice.pl\/wiadomosci\/#\/schema\/person\/e42c650edd7f2fa332be3811fb166b6e","name":"\u017baneta Mrozek-Siewierska","image":{"@type":"ImageObject","inLanguage":"pl-PL","@id":"https:\/\/secure.gravatar.com\/avatar\/1881429e9c64597c77ad7aef2d0a19be69a3253e57534d16aa15bf3a4d34a0a3?s=96&d=mm&r=g","url":"https:\/\/secure.gravatar.com\/avatar\/1881429e9c64597c77ad7aef2d0a19be69a3253e57534d16aa15bf3a4d34a0a3?s=96&d=mm&r=g","contentUrl":"https:\/\/secure.gravatar.com\/avatar\/1881429e9c64597c77ad7aef2d0a19be69a3253e57534d16aa15bf3a4d34a0a3?s=96&d=mm&r=g","caption":"\u017baneta Mrozek-Siewierska"},"url":"https:\/\/www.24gliwice.pl\/wiadomosci\/author\/zms\/"}]}},"_links":{"self":[{"href":"https:\/\/www.24gliwice.pl\/wiadomosci\/wp-json\/wp\/v2\/posts\/239406","targetHints":{"allow":["GET"]}}],"collection":[{"href":"https:\/\/www.24gliwice.pl\/wiadomosci\/wp-json\/wp\/v2\/posts"}],"about":[{"href":"https:\/\/www.24gliwice.pl\/wiadomosci\/wp-json\/wp\/v2\/types\/post"}],"author":[{"embeddable":true,"href":"https:\/\/www.24gliwice.pl\/wiadomosci\/wp-json\/wp\/v2\/users\/15"}],"replies":[{"embeddable":true,"href":"https:\/\/www.24gliwice.pl\/wiadomosci\/wp-json\/wp\/v2\/comments?post=239406"}],"version-history":[{"count":0,"href":"https:\/\/www.24gliwice.pl\/wiadomosci\/wp-json\/wp\/v2\/posts\/239406\/revisions"}],"wp:featuredmedia":[{"embeddable":true,"href":"https:\/\/www.24gliwice.pl\/wiadomosci\/wp-json\/wp\/v2\/media\/239407"}],"wp:attachment":[{"href":"https:\/\/www.24gliwice.pl\/wiadomosci\/wp-json\/wp\/v2\/media?parent=239406"}],"wp:term":[{"taxonomy":"category","embeddable":true,"href":"https:\/\/www.24gliwice.pl\/wiadomosci\/wp-json\/wp\/v2\/categories?post=239406"},{"taxonomy":"post_tag","embeddable":true,"href":"https:\/\/www.24gliwice.pl\/wiadomosci\/wp-json\/wp\/v2\/tags?post=239406"}],"curies":[{"name":"wp","href":"https:\/\/api.w.org\/{rel}","templated":true}]}}