{"id":239560,"date":"2024-08-04T03:24:51","date_gmt":"2024-08-04T01:24:51","guid":{"rendered":"https:\/\/www.24gliwice.pl\/wiadomosci\/?p=239560"},"modified":"2024-08-04T03:24:51","modified_gmt":"2024-08-04T01:24:51","slug":"gliwice-w-starej-fotografii-wystawa-unikatowych-zdjec-miasta-i-mieszkancow-ze-zbiorow-muzeum","status":"publish","type":"post","link":"https:\/\/www.24gliwice.pl\/wiadomosci\/gliwice-w-starej-fotografii-wystawa-unikatowych-zdjec-miasta-i-mieszkancow-ze-zbiorow-muzeum\/","title":{"rendered":"&#8220;Gliwice w starej fotografii&#8221;. Wystawa unikatowych zdj\u0119\u0107 miasta i mieszka\u0144c\u00f3w ze zbior\u00f3w Muzeum"},"content":{"rendered":"<div class=\"gliwi-a6-nad-leadem-artykulow gliwi-entity-placement\" id=\"gliwi-367134688\"><div class=\"gliwi-adlabel\"><span style=\"font-size: 9px\">REKLAMA<\/span><\/div><div id=\"gliwi-3661797946\" style=\"margin-bottom: 30px;margin-left: auto;margin-right: auto;text-align: center;\"><a data-no-instant=\"1\" href=\"https:\/\/przedszkole.halogen.org.pl\/\" rel=\"noopener\" class=\"a2t-link\" target=\"_blank\" aria-label=\"20260402-ANIMATOR-przedszkole_grafika_750x200\"><img loading=\"lazy\" decoding=\"async\" src=\"https:\/\/www.24gliwice.pl\/wiadomosci\/wp-content\/uploads\/2026\/04\/20260402-ANIMATOR-przedszkole_grafika_750x200.webp\" alt=\"\"  srcset=\"https:\/\/www.24gliwice.pl\/wiadomosci\/wp-content\/uploads\/2026\/04\/20260402-ANIMATOR-przedszkole_grafika_750x200.webp 750w, https:\/\/www.24gliwice.pl\/wiadomosci\/wp-content\/uploads\/2026\/04\/20260402-ANIMATOR-przedszkole_grafika_750x200-410x109.webp 410w\" sizes=\"(max-width: 750px) 100vw, 750px\" class=\"no-lazyload\" width=\"750\" height=\"200\"  style=\"display: inline-block; max-width: 100%; height: auto;\" \/><\/a><\/div><\/div><h2>&#8220;Gliwice w starej fotografii&#8221; to tytu\u0142 wystawy w Bibliotece Centralnej, na kt\u00f3rej zaprezentowane zostan\u0105 unikatowe, archiwalne zdj\u0119cia miasta i jego mieszka\u0144c\u00f3w. Ekspozycja b\u0119dzie dost\u0119pna od 5 do 31 sierpnia.<\/h2>\n<p>&nbsp;<br \/>\nB\u0119dzie to okazja, by zobaczy\u0107, jak z biegiem lat zmienia\u0142 si\u0119 wygl\u0105d i charakter Gliwic. Wystawa przygotowana zosta\u0142a na podstawie zbior\u00f3w Muzeum w Gliwicach w ramach projektu &#8220;Haczyk &#8211; gliwickie spotkania literackie&#8221;.<\/p>\n<p>Miejsce wystawy: Biblioteka Centralna, ul. Ko\u015bciuszki 17.<\/p><div class=\"gliwi-a3-w-tresci-artykulow gliwi-entity-placement\" id=\"gliwi-322644630\"><div class=\"gliwi-adlabel\"><span style=\"font-size: 9px\">REKLAMA<\/span><\/div><div id=\"gliwi-1832062771\" style=\"margin-bottom: 30px;margin-left: auto;margin-right: auto;text-align: center;\"><a data-no-instant=\"1\" href=\"https:\/\/ogrodyandersa.pl\/\" rel=\"noopener\" class=\"a2t-link\" target=\"_blank\" aria-label=\"20260415 Ogrody Andersa KUP TERAZ D\"><img loading=\"lazy\" decoding=\"async\" src=\"https:\/\/www.24gliwice.pl\/wiadomosci\/wp-content\/uploads\/2026\/04\/20260415-Ogrody-Andersa-KUP-TERAZ-D.jpg\" alt=\"\"  srcset=\"https:\/\/www.24gliwice.pl\/wiadomosci\/wp-content\/uploads\/2026\/04\/20260415-Ogrody-Andersa-KUP-TERAZ-D.jpg 750w, https:\/\/www.24gliwice.pl\/wiadomosci\/wp-content\/uploads\/2026\/04\/20260415-Ogrody-Andersa-KUP-TERAZ-D-410x109.jpg 410w\" sizes=\"(max-width: 750px) 100vw, 750px\" class=\"no-lazyload\" width=\"750\" height=\"200\"  style=\"display: inline-block; max-width: 100%; height: auto;\" \/><\/a><\/div><\/div>\n<h4>Historia Gliwic w pigu\u0142ce<\/h4>\n<p>Gliwice zosta\u0142y za\u0142o\u017cone w trakcie kolonizacji na prawie niemieckim w XIII wieku. Najbardziej prawdopodobn\u0105 dat\u0105 powstania jest rok 1254. Pierwsza pisemna wzmianka pochodzi z roku 1276: nazw\u0119 Gliwic wymienia dokument lokacji na prawie czynszowym s\u0105siednich Sobieszowic. Pocz\u0105tkowo miasto nale\u017ca\u0142o do piastowskiego ksi\u0119stwa opolskiego, z kt\u00f3rego w 1281 roku zosta\u0142a wydzielona ziemia bytomska. W 1348 roku cesarz Karol IV Luksemburski w\u0142\u0105czy\u0142 ten obszar do \u015awi\u0119tego Cesarstwa Rzymskiego (Narodu Niemieckiego). Istnia\u0142o te\u017c samodzielne ksi\u0119stwo gliwickie w latach 1337\u20131342 i 1465\u20131482.<\/p>\n<p>\u015aredniowieczne i wczesnonowo\u017cytne Gliwice by\u0142y ma\u0142ym miastem dziel\u0105cym losy wschodniego G\u00f3rnego \u015al\u0105ska. Na pocz\u0105tku XV w. posiada\u0142y kompletne mury miejskie, a bramy miejskie: Bia\u0142a (czyli Bytomska) i Czarna (czyli Raciborska) otwiera\u0142y wyj\u015bcia na trakty wiod\u0105ce w kierunkach tych miast. Mieszka\u0144cy zajmowali si\u0119 rzemios\u0142em, handlem a tak\u017ce upraw\u0105 chmielu, z czego czerpali znaczne zyski.<\/p>\n<h4>W obr\u0119bie miasta znajdowa\u0142y si\u0119 browar i gorzelnia. Wod\u0119 do miasta zapewnia\u0142 w\u0142asny wodoci\u0105g z rur drewnianych, doprowadzony z uj\u0119\u0107 na terenie dzisiejszej W\u00f3jtowej Wsi.<\/h4>\n<p>W czasie wojny trzydziestoletniej miasto prze\u017cy\u0142o kilka atak\u00f3w. W 1645 roku Gliwice zdobyli Szwedzi, a po pierwszej wojnie \u015bl\u0105skiej w 1742 roku przypad\u0142y one Kr\u00f3lestwu Prus. W 1796 roku z inicjatywy <strong>Friedricha Wilhelma von Redena<\/strong>, pioniera rewolucji przemys\u0142owej na G\u00f3rnym \u015al\u0105sku, zosta\u0142a za\u0142o\u017cona Kr\u00f3lewska Odlewnia \u017beliwa posiadaj\u0105ca pierwszy wielki piec opalany koksem na kontynencie europejskim. W 1812 roku uruchomiono Kana\u0142 K\u0142odnicki \u0142\u0105cz\u0105cy nowe zag\u0142\u0119bie przemys\u0142owe z Odr\u0105. Gliwice sta\u0142y si\u0119 obok Bytomia i p\u00f3\u017aniej te\u017c Katowic centrum konurbacji g\u00f3rno\u015bl\u0105skiej, prze\u017cywaj\u0105c w XIX wieku gwa\u0142towny rozw\u00f3j.<\/p>\n<p>W czwartym wydaniu Meyers Konversations-Lexikon z lat 1885\u20131890 czytamy: <em>Gliwice s\u0105 centralnym o\u015brodkiem ruchu komercyjny w g\u00f3rno\u015bl\u0105skim okr\u0119gu g\u00f3rniczym i hutniczym. Opr\u00f3cz Kr\u00f3lewskiej Odlewni \u017beliwa, Huty Gliwice i wielkich zak\u0142ad\u00f3w maszynowych (800 robotnik\u00f3w) posiadaj\u0105 znacz\u0105ce odlewnie \u017celiwa, zak\u0142ady maszynowe i produkcji kot\u0142\u00f3w parowych, odlewni\u0119 stali, fabryki rur gazowych, wyrob\u00f3w z \u017celaza i drutu, maszyn rolniczych, papieru, cementu, wielk\u0105 fabryk\u0119 szamotu, hut\u0119 i szlifierni\u0119 szk\u0142a i stolarni\u0119 parow\u0105.<\/em><\/p>\n<h4>Wraz z rozkwitem przemys\u0142u szed\u0142 rozw\u00f3j urbanistyczny. Reprezentacyjn\u0105 osi\u0105 nowego \u015br\u00f3dmie\u015bcia sta\u0142a si\u0119 Wilhelmstra\u00dfe (obecnie Zwyci\u0119stwa), kt\u00f3ra w latach 80. XIX wieku po\u0142\u0105czy\u0142a Stare Miasto z dworcem kolejowym.<\/h4>\n<p>Po\u0142\u0105czenie kolejowe Gliwice zyska\u0142y poprzez Kolej G\u00f3rno\u015bl\u0105sk\u0105 ju\u017c w 1845 roku. W 1892 roku na ulicach miasta pojawi\u0142y si\u0119 tramwaje. 1 kwietnia 1897 roku Gliwice sta\u0142y si\u0119 samodzielnym powiatem miejskim. Po I wojnie \u015bwiatowej w plebiscycie g\u00f3rno\u015bl\u0105skim 78,7% g\u0142osuj\u0105cych opowiedzia\u0142o si\u0119 za pozostaniem w granicach Niemiec. W latach 1934\u20131939 wybudowano Kana\u0142 Gliwicki, kt\u00f3ry zast\u0105pi\u0142 przestarza\u0142y Kana\u0142 K\u0142odnicki.<\/p>\n<p>W styczniu 1945 roku Gliwice zaj\u0119\u0142a Armia Czerwona. Miasto nie ucierpia\u0142o w wyniku dzia\u0142a\u0144 wojennych, ale po wkroczeniu Sowiet\u00f3w zosta\u0142o spl\u0105drowane. Sp\u0142on\u0105\u0142 mi\u0119dzy innymi ikoniczny gmach hotelu Haus Oberschlesien i teatr Victoria. Na podstawie ustale\u0144 ja\u0142ta\u0144skich i poczdamskich Gliwice zosta\u0142y po II wojnie \u015bwiatowej przyznane Polsce. W mie\u015bcie osiad\u0142o wielu Polak\u00f3w ekspatriowanych ze Lwowa i Kres\u00f3w Po\u0142udnio-Wschodnich oraz centralnej Polski i polscy reemigranci z Francji. Od czerwca 1945 roku rozpocz\u0119\u0142a sw\u0105 dzia\u0142alno\u015b\u0107 Politechnika \u015al\u0105ska.<\/p>\n<p>Projekt dofinansowano ze \u015brodk\u00f3w Ministerstwa Kultury i Dziedzictwa Narodowego pochodz\u0105cych z Funduszu Promocji Kultury.<\/p>\n<p>(\u017cms)\/MBP Gliwice<\/p>\n<p><a href=\"https:\/\/www.24gliwice.pl\/wiadomosci\/wp-content\/uploads\/2024\/07\/gliwice-na-starej-fotografii-plakat.jpg\"><img loading=\"lazy\" decoding=\"async\" class=\"alignnone wp-image-239562\" src=\"https:\/\/www.24gliwice.pl\/wiadomosci\/wp-content\/uploads\/2024\/07\/gliwice-na-starej-fotografii-plakat.jpg\" alt=\"\" width=\"1073\" height=\"1516\" srcset=\"https:\/\/www.24gliwice.pl\/wiadomosci\/wp-content\/uploads\/2024\/07\/gliwice-na-starej-fotografii-plakat.jpg 573w, https:\/\/www.24gliwice.pl\/wiadomosci\/wp-content\/uploads\/2024\/07\/gliwice-na-starej-fotografii-plakat-164x232.jpg 164w, https:\/\/www.24gliwice.pl\/wiadomosci\/wp-content\/uploads\/2024\/07\/gliwice-na-starej-fotografii-plakat-322x455.jpg 322w\" sizes=\"auto, (max-width: 1073px) 100vw, 1073px\" \/><\/a><\/p>\n<div class=\"gliwi-a5-na-koncu-artykulow gliwi-entity-placement\" id=\"gliwi-2329203467\"><div class=\"gliwi-adlabel\"><span style=\"font-size: 9px\">REKLAMA<\/span><\/div><div id=\"gliwi-1366505298\" style=\"margin-left: auto;margin-right: auto;text-align: center;\"><a data-no-instant=\"1\" href=\"https:\/\/prezeroarenagliwice.pl\/\" rel=\"noopener\" class=\"a2t-link\" target=\"_blank\" aria-label=\"20260309-PREZERO-WIOSNA-D\"><img loading=\"lazy\" decoding=\"async\" src=\"https:\/\/www.24gliwice.pl\/wiadomosci\/wp-content\/uploads\/2026\/03\/20260309-PREZERO-WIOSNA-D.webp\" alt=\"\"  srcset=\"https:\/\/www.24gliwice.pl\/wiadomosci\/wp-content\/uploads\/2026\/03\/20260309-PREZERO-WIOSNA-D.webp 750w, https:\/\/www.24gliwice.pl\/wiadomosci\/wp-content\/uploads\/2026\/03\/20260309-PREZERO-WIOSNA-D-410x109.webp 410w\" sizes=\"(max-width: 750px) 100vw, 750px\" class=\"no-lazyload\" width=\"750\" height=\"200\"  style=\"display: inline-block; max-width: 100%; height: auto;\" \/><\/a><\/div><\/div>","protected":false},"excerpt":{"rendered":"<p>&#8220;Gliwice w starej fotografii&#8221; to tytu\u0142 wystawy w Bibliotece Centralnej, na kt\u00f3rej zaprezentowane zostan\u0105 unikatowe, archiwalne zdj\u0119cia miasta i jego mieszka\u0144c\u00f3w. Ekspozycja b\u0119dzie dost\u0119pna od 5 do 31 sierpnia. &nbsp; B\u0119dzie to okazja, by zobaczy\u0107, jak z biegiem lat zmienia\u0142 si\u0119 wygl\u0105d i charakter Gliwic. Wystawa przygotowana zosta\u0142a na podstawie zbior\u00f3w Muzeum w Gliwicach w [&hellip;]<\/p>\n","protected":false},"author":15,"featured_media":239563,"comment_status":"open","ping_status":"closed","sticky":false,"template":"","format":"standard","meta":{"_monsterinsights_skip_tracking":false,"_monsterinsights_sitenote_active":false,"_monsterinsights_sitenote_note":"","_monsterinsights_sitenote_category":0,"footnotes":"","_links_to":"","_links_to_target":""},"categories":[3,6,1],"tags":[23791,2464],"class_list":["post-239560","post","type-post","status-publish","format-standard","has-post-thumbnail","hentry","category-gliwice","category-kultura","category-wszystko","tag-gliwice-na-starej-fotografii","tag-wystawa"],"yoast_head":"<!-- This site is optimized with the Yoast SEO plugin v27.5 - https:\/\/yoast.com\/product\/yoast-seo-wordpress\/ -->\n<title>&quot;Gliwice w starej fotografii&quot;. Wystawa unikatowych zdj\u0119\u0107 miasta i mieszka\u0144c\u00f3w ze zbior\u00f3w Muzeum - 24GLIWICE - Portal Gliwice | codziennie nowe informacje<\/title>\n<meta name=\"description\" content=\"Od 5 sierpnia w Bibliotece Centralnej prezentowana b\u0119dzie wystawa archiwalnych, unikatowych zdj\u0119\u0107 Gliwic i mieszka\u0144c\u00f3w miasta\" \/>\n<meta name=\"robots\" content=\"index, follow, max-snippet:-1, max-image-preview:large, max-video-preview:-1\" \/>\n<link rel=\"canonical\" href=\"https:\/\/www.24gliwice.pl\/wiadomosci\/gliwice-w-starej-fotografii-wystawa-unikatowych-zdjec-miasta-i-mieszkancow-ze-zbiorow-muzeum\/\" \/>\n<meta property=\"og:locale\" content=\"pl_PL\" \/>\n<meta property=\"og:type\" content=\"article\" \/>\n<meta property=\"og:title\" content=\"&quot;Gliwice w starej fotografii&quot;. Wystawa unikatowych zdj\u0119\u0107 miasta i mieszka\u0144c\u00f3w ze zbior\u00f3w Muzeum - 24GLIWICE - Portal Gliwice | codziennie nowe informacje\" \/>\n<meta property=\"og:description\" content=\"Od 5 sierpnia w Bibliotece Centralnej prezentowana b\u0119dzie wystawa archiwalnych, unikatowych zdj\u0119\u0107 Gliwic i mieszka\u0144c\u00f3w miasta\" \/>\n<meta property=\"og:url\" content=\"https:\/\/www.24gliwice.pl\/wiadomosci\/gliwice-w-starej-fotografii-wystawa-unikatowych-zdjec-miasta-i-mieszkancow-ze-zbiorow-muzeum\/\" \/>\n<meta property=\"og:site_name\" content=\"24GLIWICE - Portal Gliwice | codziennie nowe informacje\" \/>\n<meta property=\"article:publisher\" content=\"https:\/\/www.facebook.com\/24gliwice\" \/>\n<meta property=\"article:published_time\" content=\"2024-08-04T01:24:51+00:00\" \/>\n<meta property=\"og:image\" content=\"https:\/\/www.24gliwice.pl\/wiadomosci\/wp-content\/uploads\/2024\/07\/zwyciestwa-lata-20-XX-w.jpg\" \/>\n\t<meta property=\"og:image:width\" content=\"810\" \/>\n\t<meta property=\"og:image:height\" content=\"456\" \/>\n\t<meta property=\"og:image:type\" content=\"image\/jpeg\" \/>\n<meta name=\"author\" content=\"\u017baneta Mrozek-Siewierska\" \/>\n<meta name=\"twitter:card\" content=\"summary_large_image\" \/>\n<meta name=\"twitter:creator\" content=\"@24gliwice\" \/>\n<meta name=\"twitter:site\" content=\"@24gliwice\" \/>\n<meta name=\"twitter:label1\" content=\"Napisane przez\" \/>\n\t<meta name=\"twitter:data1\" content=\"\u017baneta Mrozek-Siewierska\" \/>\n\t<meta name=\"twitter:label2\" content=\"Szacowany czas czytania\" \/>\n\t<meta name=\"twitter:data2\" content=\"4 minuty\" \/>\n<script type=\"application\/ld+json\" class=\"yoast-schema-graph\">{\"@context\":\"https:\\\/\\\/schema.org\",\"@graph\":[{\"@type\":\"Article\",\"@id\":\"https:\\\/\\\/www.24gliwice.pl\\\/wiadomosci\\\/gliwice-w-starej-fotografii-wystawa-unikatowych-zdjec-miasta-i-mieszkancow-ze-zbiorow-muzeum\\\/#article\",\"isPartOf\":{\"@id\":\"https:\\\/\\\/www.24gliwice.pl\\\/wiadomosci\\\/gliwice-w-starej-fotografii-wystawa-unikatowych-zdjec-miasta-i-mieszkancow-ze-zbiorow-muzeum\\\/\"},\"author\":{\"name\":\"\u017baneta Mrozek-Siewierska\",\"@id\":\"https:\\\/\\\/www.24gliwice.pl\\\/wiadomosci\\\/#\\\/schema\\\/person\\\/e42c650edd7f2fa332be3811fb166b6e\"},\"headline\":\"&#8220;Gliwice w starej fotografii&#8221;. Wystawa unikatowych zdj\u0119\u0107 miasta i mieszka\u0144c\u00f3w ze zbior\u00f3w Muzeum\",\"datePublished\":\"2024-08-04T01:24:51+00:00\",\"mainEntityOfPage\":{\"@id\":\"https:\\\/\\\/www.24gliwice.pl\\\/wiadomosci\\\/gliwice-w-starej-fotografii-wystawa-unikatowych-zdjec-miasta-i-mieszkancow-ze-zbiorow-muzeum\\\/\"},\"wordCount\":686,\"commentCount\":0,\"publisher\":{\"@id\":\"https:\\\/\\\/www.24gliwice.pl\\\/wiadomosci\\\/#organization\"},\"image\":{\"@id\":\"https:\\\/\\\/www.24gliwice.pl\\\/wiadomosci\\\/gliwice-w-starej-fotografii-wystawa-unikatowych-zdjec-miasta-i-mieszkancow-ze-zbiorow-muzeum\\\/#primaryimage\"},\"thumbnailUrl\":\"https:\\\/\\\/www.24gliwice.pl\\\/wiadomosci\\\/wp-content\\\/uploads\\\/2024\\\/07\\\/zwyciestwa-lata-20-XX-w.jpg\",\"keywords\":[\"GLIWICE NA STAREJ FOTOGRAFII\",\"WYSTAWA\"],\"articleSection\":[\"Gliwice\",\"Kultura, wydarzenia, imprezy\",\"Najnowsze wiadomo\u015bci\"],\"inLanguage\":\"pl-PL\",\"potentialAction\":[{\"@type\":\"CommentAction\",\"name\":\"Comment\",\"target\":[\"https:\\\/\\\/www.24gliwice.pl\\\/wiadomosci\\\/gliwice-w-starej-fotografii-wystawa-unikatowych-zdjec-miasta-i-mieszkancow-ze-zbiorow-muzeum\\\/#respond\"]}]},{\"@type\":\"WebPage\",\"@id\":\"https:\\\/\\\/www.24gliwice.pl\\\/wiadomosci\\\/gliwice-w-starej-fotografii-wystawa-unikatowych-zdjec-miasta-i-mieszkancow-ze-zbiorow-muzeum\\\/\",\"url\":\"https:\\\/\\\/www.24gliwice.pl\\\/wiadomosci\\\/gliwice-w-starej-fotografii-wystawa-unikatowych-zdjec-miasta-i-mieszkancow-ze-zbiorow-muzeum\\\/\",\"name\":\"\\\"Gliwice w starej fotografii\\\". Wystawa unikatowych zdj\u0119\u0107 miasta i mieszka\u0144c\u00f3w ze zbior\u00f3w Muzeum - 24GLIWICE - Portal Gliwice | codziennie nowe informacje\",\"isPartOf\":{\"@id\":\"https:\\\/\\\/www.24gliwice.pl\\\/wiadomosci\\\/#website\"},\"primaryImageOfPage\":{\"@id\":\"https:\\\/\\\/www.24gliwice.pl\\\/wiadomosci\\\/gliwice-w-starej-fotografii-wystawa-unikatowych-zdjec-miasta-i-mieszkancow-ze-zbiorow-muzeum\\\/#primaryimage\"},\"image\":{\"@id\":\"https:\\\/\\\/www.24gliwice.pl\\\/wiadomosci\\\/gliwice-w-starej-fotografii-wystawa-unikatowych-zdjec-miasta-i-mieszkancow-ze-zbiorow-muzeum\\\/#primaryimage\"},\"thumbnailUrl\":\"https:\\\/\\\/www.24gliwice.pl\\\/wiadomosci\\\/wp-content\\\/uploads\\\/2024\\\/07\\\/zwyciestwa-lata-20-XX-w.jpg\",\"datePublished\":\"2024-08-04T01:24:51+00:00\",\"description\":\"Od 5 sierpnia w Bibliotece Centralnej prezentowana b\u0119dzie wystawa archiwalnych, unikatowych zdj\u0119\u0107 Gliwic i mieszka\u0144c\u00f3w miasta\",\"breadcrumb\":{\"@id\":\"https:\\\/\\\/www.24gliwice.pl\\\/wiadomosci\\\/gliwice-w-starej-fotografii-wystawa-unikatowych-zdjec-miasta-i-mieszkancow-ze-zbiorow-muzeum\\\/#breadcrumb\"},\"inLanguage\":\"pl-PL\",\"potentialAction\":[{\"@type\":\"ReadAction\",\"target\":[\"https:\\\/\\\/www.24gliwice.pl\\\/wiadomosci\\\/gliwice-w-starej-fotografii-wystawa-unikatowych-zdjec-miasta-i-mieszkancow-ze-zbiorow-muzeum\\\/\"]}]},{\"@type\":\"ImageObject\",\"inLanguage\":\"pl-PL\",\"@id\":\"https:\\\/\\\/www.24gliwice.pl\\\/wiadomosci\\\/gliwice-w-starej-fotografii-wystawa-unikatowych-zdjec-miasta-i-mieszkancow-ze-zbiorow-muzeum\\\/#primaryimage\",\"url\":\"https:\\\/\\\/www.24gliwice.pl\\\/wiadomosci\\\/wp-content\\\/uploads\\\/2024\\\/07\\\/zwyciestwa-lata-20-XX-w.jpg\",\"contentUrl\":\"https:\\\/\\\/www.24gliwice.pl\\\/wiadomosci\\\/wp-content\\\/uploads\\\/2024\\\/07\\\/zwyciestwa-lata-20-XX-w.jpg\",\"width\":810,\"height\":456},{\"@type\":\"BreadcrumbList\",\"@id\":\"https:\\\/\\\/www.24gliwice.pl\\\/wiadomosci\\\/gliwice-w-starej-fotografii-wystawa-unikatowych-zdjec-miasta-i-mieszkancow-ze-zbiorow-muzeum\\\/#breadcrumb\",\"itemListElement\":[{\"@type\":\"ListItem\",\"position\":1,\"name\":\"Strona g\u0142\u00f3wna\",\"item\":\"https:\\\/\\\/www.24gliwice.pl\\\/wiadomosci\\\/\"},{\"@type\":\"ListItem\",\"position\":2,\"name\":\"&#8222;Gliwice w starej fotografii&#8221;. Wystawa unikatowych zdj\u0119\u0107 miasta i mieszka\u0144c\u00f3w ze zbior\u00f3w Muzeum\"}]},{\"@type\":\"WebSite\",\"@id\":\"https:\\\/\\\/www.24gliwice.pl\\\/wiadomosci\\\/#website\",\"url\":\"https:\\\/\\\/www.24gliwice.pl\\\/wiadomosci\\\/\",\"name\":\"24GLIWICE - Portal Gliwice | codziennie nowe wiadomo\u015bci\",\"description\":\"Portal Miejski Gliwice\",\"publisher\":{\"@id\":\"https:\\\/\\\/www.24gliwice.pl\\\/wiadomosci\\\/#organization\"},\"potentialAction\":[{\"@type\":\"SearchAction\",\"target\":{\"@type\":\"EntryPoint\",\"urlTemplate\":\"https:\\\/\\\/www.24gliwice.pl\\\/wiadomosci\\\/?s={search_term_string}\"},\"query-input\":{\"@type\":\"PropertyValueSpecification\",\"valueRequired\":true,\"valueName\":\"search_term_string\"}}],\"inLanguage\":\"pl-PL\"},{\"@type\":\"Organization\",\"@id\":\"https:\\\/\\\/www.24gliwice.pl\\\/wiadomosci\\\/#organization\",\"name\":\"24gliwice\",\"url\":\"https:\\\/\\\/www.24gliwice.pl\\\/wiadomosci\\\/\",\"logo\":{\"@type\":\"ImageObject\",\"inLanguage\":\"pl-PL\",\"@id\":\"https:\\\/\\\/www.24gliwice.pl\\\/wiadomosci\\\/#\\\/schema\\\/logo\\\/image\\\/\",\"url\":\"https:\\\/\\\/www.24gliwice.pl\\\/wiadomosci\\\/wp-content\\\/uploads\\\/2024\\\/10\\\/24gliwice-logo-696.jpg\",\"contentUrl\":\"https:\\\/\\\/www.24gliwice.pl\\\/wiadomosci\\\/wp-content\\\/uploads\\\/2024\\\/10\\\/24gliwice-logo-696.jpg\",\"width\":696,\"height\":696,\"caption\":\"24gliwice\"},\"image\":{\"@id\":\"https:\\\/\\\/www.24gliwice.pl\\\/wiadomosci\\\/#\\\/schema\\\/logo\\\/image\\\/\"},\"sameAs\":[\"https:\\\/\\\/www.facebook.com\\\/24gliwice\",\"https:\\\/\\\/x.com\\\/24gliwice\",\"https:\\\/\\\/www.youtube.com\\\/@24gliwice\"]},{\"@type\":\"Person\",\"@id\":\"https:\\\/\\\/www.24gliwice.pl\\\/wiadomosci\\\/#\\\/schema\\\/person\\\/e42c650edd7f2fa332be3811fb166b6e\",\"name\":\"\u017baneta Mrozek-Siewierska\",\"image\":{\"@type\":\"ImageObject\",\"inLanguage\":\"pl-PL\",\"@id\":\"https:\\\/\\\/secure.gravatar.com\\\/avatar\\\/1881429e9c64597c77ad7aef2d0a19be69a3253e57534d16aa15bf3a4d34a0a3?s=96&d=mm&r=g\",\"url\":\"https:\\\/\\\/secure.gravatar.com\\\/avatar\\\/1881429e9c64597c77ad7aef2d0a19be69a3253e57534d16aa15bf3a4d34a0a3?s=96&d=mm&r=g\",\"contentUrl\":\"https:\\\/\\\/secure.gravatar.com\\\/avatar\\\/1881429e9c64597c77ad7aef2d0a19be69a3253e57534d16aa15bf3a4d34a0a3?s=96&d=mm&r=g\",\"caption\":\"\u017baneta Mrozek-Siewierska\"},\"url\":\"https:\\\/\\\/www.24gliwice.pl\\\/wiadomosci\\\/author\\\/zms\\\/\"}]}<\/script>\n<!-- \/ Yoast SEO plugin. -->","yoast_head_json":{"title":"\"Gliwice w starej fotografii\". Wystawa unikatowych zdj\u0119\u0107 miasta i mieszka\u0144c\u00f3w ze zbior\u00f3w Muzeum - 24GLIWICE - Portal Gliwice | codziennie nowe informacje","description":"Od 5 sierpnia w Bibliotece Centralnej prezentowana b\u0119dzie wystawa archiwalnych, unikatowych zdj\u0119\u0107 Gliwic i mieszka\u0144c\u00f3w miasta","robots":{"index":"index","follow":"follow","max-snippet":"max-snippet:-1","max-image-preview":"max-image-preview:large","max-video-preview":"max-video-preview:-1"},"canonical":"https:\/\/www.24gliwice.pl\/wiadomosci\/gliwice-w-starej-fotografii-wystawa-unikatowych-zdjec-miasta-i-mieszkancow-ze-zbiorow-muzeum\/","og_locale":"pl_PL","og_type":"article","og_title":"\"Gliwice w starej fotografii\". Wystawa unikatowych zdj\u0119\u0107 miasta i mieszka\u0144c\u00f3w ze zbior\u00f3w Muzeum - 24GLIWICE - Portal Gliwice | codziennie nowe informacje","og_description":"Od 5 sierpnia w Bibliotece Centralnej prezentowana b\u0119dzie wystawa archiwalnych, unikatowych zdj\u0119\u0107 Gliwic i mieszka\u0144c\u00f3w miasta","og_url":"https:\/\/www.24gliwice.pl\/wiadomosci\/gliwice-w-starej-fotografii-wystawa-unikatowych-zdjec-miasta-i-mieszkancow-ze-zbiorow-muzeum\/","og_site_name":"24GLIWICE - Portal Gliwice | codziennie nowe informacje","article_publisher":"https:\/\/www.facebook.com\/24gliwice","article_published_time":"2024-08-04T01:24:51+00:00","og_image":[{"width":810,"height":456,"url":"https:\/\/www.24gliwice.pl\/wiadomosci\/wp-content\/uploads\/2024\/07\/zwyciestwa-lata-20-XX-w.jpg","type":"image\/jpeg"}],"author":"\u017baneta Mrozek-Siewierska","twitter_card":"summary_large_image","twitter_creator":"@24gliwice","twitter_site":"@24gliwice","twitter_misc":{"Napisane przez":"\u017baneta Mrozek-Siewierska","Szacowany czas czytania":"4 minuty"},"schema":{"@context":"https:\/\/schema.org","@graph":[{"@type":"Article","@id":"https:\/\/www.24gliwice.pl\/wiadomosci\/gliwice-w-starej-fotografii-wystawa-unikatowych-zdjec-miasta-i-mieszkancow-ze-zbiorow-muzeum\/#article","isPartOf":{"@id":"https:\/\/www.24gliwice.pl\/wiadomosci\/gliwice-w-starej-fotografii-wystawa-unikatowych-zdjec-miasta-i-mieszkancow-ze-zbiorow-muzeum\/"},"author":{"name":"\u017baneta Mrozek-Siewierska","@id":"https:\/\/www.24gliwice.pl\/wiadomosci\/#\/schema\/person\/e42c650edd7f2fa332be3811fb166b6e"},"headline":"&#8220;Gliwice w starej fotografii&#8221;. Wystawa unikatowych zdj\u0119\u0107 miasta i mieszka\u0144c\u00f3w ze zbior\u00f3w Muzeum","datePublished":"2024-08-04T01:24:51+00:00","mainEntityOfPage":{"@id":"https:\/\/www.24gliwice.pl\/wiadomosci\/gliwice-w-starej-fotografii-wystawa-unikatowych-zdjec-miasta-i-mieszkancow-ze-zbiorow-muzeum\/"},"wordCount":686,"commentCount":0,"publisher":{"@id":"https:\/\/www.24gliwice.pl\/wiadomosci\/#organization"},"image":{"@id":"https:\/\/www.24gliwice.pl\/wiadomosci\/gliwice-w-starej-fotografii-wystawa-unikatowych-zdjec-miasta-i-mieszkancow-ze-zbiorow-muzeum\/#primaryimage"},"thumbnailUrl":"https:\/\/www.24gliwice.pl\/wiadomosci\/wp-content\/uploads\/2024\/07\/zwyciestwa-lata-20-XX-w.jpg","keywords":["GLIWICE NA STAREJ FOTOGRAFII","WYSTAWA"],"articleSection":["Gliwice","Kultura, wydarzenia, imprezy","Najnowsze wiadomo\u015bci"],"inLanguage":"pl-PL","potentialAction":[{"@type":"CommentAction","name":"Comment","target":["https:\/\/www.24gliwice.pl\/wiadomosci\/gliwice-w-starej-fotografii-wystawa-unikatowych-zdjec-miasta-i-mieszkancow-ze-zbiorow-muzeum\/#respond"]}]},{"@type":"WebPage","@id":"https:\/\/www.24gliwice.pl\/wiadomosci\/gliwice-w-starej-fotografii-wystawa-unikatowych-zdjec-miasta-i-mieszkancow-ze-zbiorow-muzeum\/","url":"https:\/\/www.24gliwice.pl\/wiadomosci\/gliwice-w-starej-fotografii-wystawa-unikatowych-zdjec-miasta-i-mieszkancow-ze-zbiorow-muzeum\/","name":"\"Gliwice w starej fotografii\". Wystawa unikatowych zdj\u0119\u0107 miasta i mieszka\u0144c\u00f3w ze zbior\u00f3w Muzeum - 24GLIWICE - Portal Gliwice | codziennie nowe informacje","isPartOf":{"@id":"https:\/\/www.24gliwice.pl\/wiadomosci\/#website"},"primaryImageOfPage":{"@id":"https:\/\/www.24gliwice.pl\/wiadomosci\/gliwice-w-starej-fotografii-wystawa-unikatowych-zdjec-miasta-i-mieszkancow-ze-zbiorow-muzeum\/#primaryimage"},"image":{"@id":"https:\/\/www.24gliwice.pl\/wiadomosci\/gliwice-w-starej-fotografii-wystawa-unikatowych-zdjec-miasta-i-mieszkancow-ze-zbiorow-muzeum\/#primaryimage"},"thumbnailUrl":"https:\/\/www.24gliwice.pl\/wiadomosci\/wp-content\/uploads\/2024\/07\/zwyciestwa-lata-20-XX-w.jpg","datePublished":"2024-08-04T01:24:51+00:00","description":"Od 5 sierpnia w Bibliotece Centralnej prezentowana b\u0119dzie wystawa archiwalnych, unikatowych zdj\u0119\u0107 Gliwic i mieszka\u0144c\u00f3w miasta","breadcrumb":{"@id":"https:\/\/www.24gliwice.pl\/wiadomosci\/gliwice-w-starej-fotografii-wystawa-unikatowych-zdjec-miasta-i-mieszkancow-ze-zbiorow-muzeum\/#breadcrumb"},"inLanguage":"pl-PL","potentialAction":[{"@type":"ReadAction","target":["https:\/\/www.24gliwice.pl\/wiadomosci\/gliwice-w-starej-fotografii-wystawa-unikatowych-zdjec-miasta-i-mieszkancow-ze-zbiorow-muzeum\/"]}]},{"@type":"ImageObject","inLanguage":"pl-PL","@id":"https:\/\/www.24gliwice.pl\/wiadomosci\/gliwice-w-starej-fotografii-wystawa-unikatowych-zdjec-miasta-i-mieszkancow-ze-zbiorow-muzeum\/#primaryimage","url":"https:\/\/www.24gliwice.pl\/wiadomosci\/wp-content\/uploads\/2024\/07\/zwyciestwa-lata-20-XX-w.jpg","contentUrl":"https:\/\/www.24gliwice.pl\/wiadomosci\/wp-content\/uploads\/2024\/07\/zwyciestwa-lata-20-XX-w.jpg","width":810,"height":456},{"@type":"BreadcrumbList","@id":"https:\/\/www.24gliwice.pl\/wiadomosci\/gliwice-w-starej-fotografii-wystawa-unikatowych-zdjec-miasta-i-mieszkancow-ze-zbiorow-muzeum\/#breadcrumb","itemListElement":[{"@type":"ListItem","position":1,"name":"Strona g\u0142\u00f3wna","item":"https:\/\/www.24gliwice.pl\/wiadomosci\/"},{"@type":"ListItem","position":2,"name":"&#8222;Gliwice w starej fotografii&#8221;. Wystawa unikatowych zdj\u0119\u0107 miasta i mieszka\u0144c\u00f3w ze zbior\u00f3w Muzeum"}]},{"@type":"WebSite","@id":"https:\/\/www.24gliwice.pl\/wiadomosci\/#website","url":"https:\/\/www.24gliwice.pl\/wiadomosci\/","name":"24GLIWICE - Portal Gliwice | codziennie nowe wiadomo\u015bci","description":"Portal Miejski Gliwice","publisher":{"@id":"https:\/\/www.24gliwice.pl\/wiadomosci\/#organization"},"potentialAction":[{"@type":"SearchAction","target":{"@type":"EntryPoint","urlTemplate":"https:\/\/www.24gliwice.pl\/wiadomosci\/?s={search_term_string}"},"query-input":{"@type":"PropertyValueSpecification","valueRequired":true,"valueName":"search_term_string"}}],"inLanguage":"pl-PL"},{"@type":"Organization","@id":"https:\/\/www.24gliwice.pl\/wiadomosci\/#organization","name":"24gliwice","url":"https:\/\/www.24gliwice.pl\/wiadomosci\/","logo":{"@type":"ImageObject","inLanguage":"pl-PL","@id":"https:\/\/www.24gliwice.pl\/wiadomosci\/#\/schema\/logo\/image\/","url":"https:\/\/www.24gliwice.pl\/wiadomosci\/wp-content\/uploads\/2024\/10\/24gliwice-logo-696.jpg","contentUrl":"https:\/\/www.24gliwice.pl\/wiadomosci\/wp-content\/uploads\/2024\/10\/24gliwice-logo-696.jpg","width":696,"height":696,"caption":"24gliwice"},"image":{"@id":"https:\/\/www.24gliwice.pl\/wiadomosci\/#\/schema\/logo\/image\/"},"sameAs":["https:\/\/www.facebook.com\/24gliwice","https:\/\/x.com\/24gliwice","https:\/\/www.youtube.com\/@24gliwice"]},{"@type":"Person","@id":"https:\/\/www.24gliwice.pl\/wiadomosci\/#\/schema\/person\/e42c650edd7f2fa332be3811fb166b6e","name":"\u017baneta Mrozek-Siewierska","image":{"@type":"ImageObject","inLanguage":"pl-PL","@id":"https:\/\/secure.gravatar.com\/avatar\/1881429e9c64597c77ad7aef2d0a19be69a3253e57534d16aa15bf3a4d34a0a3?s=96&d=mm&r=g","url":"https:\/\/secure.gravatar.com\/avatar\/1881429e9c64597c77ad7aef2d0a19be69a3253e57534d16aa15bf3a4d34a0a3?s=96&d=mm&r=g","contentUrl":"https:\/\/secure.gravatar.com\/avatar\/1881429e9c64597c77ad7aef2d0a19be69a3253e57534d16aa15bf3a4d34a0a3?s=96&d=mm&r=g","caption":"\u017baneta Mrozek-Siewierska"},"url":"https:\/\/www.24gliwice.pl\/wiadomosci\/author\/zms\/"}]}},"_links":{"self":[{"href":"https:\/\/www.24gliwice.pl\/wiadomosci\/wp-json\/wp\/v2\/posts\/239560","targetHints":{"allow":["GET"]}}],"collection":[{"href":"https:\/\/www.24gliwice.pl\/wiadomosci\/wp-json\/wp\/v2\/posts"}],"about":[{"href":"https:\/\/www.24gliwice.pl\/wiadomosci\/wp-json\/wp\/v2\/types\/post"}],"author":[{"embeddable":true,"href":"https:\/\/www.24gliwice.pl\/wiadomosci\/wp-json\/wp\/v2\/users\/15"}],"replies":[{"embeddable":true,"href":"https:\/\/www.24gliwice.pl\/wiadomosci\/wp-json\/wp\/v2\/comments?post=239560"}],"version-history":[{"count":0,"href":"https:\/\/www.24gliwice.pl\/wiadomosci\/wp-json\/wp\/v2\/posts\/239560\/revisions"}],"wp:featuredmedia":[{"embeddable":true,"href":"https:\/\/www.24gliwice.pl\/wiadomosci\/wp-json\/wp\/v2\/media\/239563"}],"wp:attachment":[{"href":"https:\/\/www.24gliwice.pl\/wiadomosci\/wp-json\/wp\/v2\/media?parent=239560"}],"wp:term":[{"taxonomy":"category","embeddable":true,"href":"https:\/\/www.24gliwice.pl\/wiadomosci\/wp-json\/wp\/v2\/categories?post=239560"},{"taxonomy":"post_tag","embeddable":true,"href":"https:\/\/www.24gliwice.pl\/wiadomosci\/wp-json\/wp\/v2\/tags?post=239560"}],"curies":[{"name":"wp","href":"https:\/\/api.w.org\/{rel}","templated":true}]}}