{"id":240328,"date":"2024-08-14T03:01:21","date_gmt":"2024-08-14T01:01:21","guid":{"rendered":"https:\/\/www.24gliwice.pl\/wiadomosci\/?p=240328"},"modified":"2024-08-14T03:01:21","modified_gmt":"2024-08-14T01:01:21","slug":"nowe-ronda-w-gliwicach-beda-gotowe-jeszcze-w-tym-roku-w-srodmiesciu-widac-juz-wyrazny-postep-prac","status":"publish","type":"post","link":"https:\/\/www.24gliwice.pl\/wiadomosci\/nowe-ronda-w-gliwicach-beda-gotowe-jeszcze-w-tym-roku-w-srodmiesciu-widac-juz-wyrazny-postep-prac\/","title":{"rendered":"Nowe ronda w Gliwicach b\u0119d\u0105 gotowe jeszcze w tym roku. W \u015ar\u00f3dmie\u015bciu wida\u0107 ju\u017c wyra\u017any post\u0119p prac"},"content":{"rendered":"<div class=\"gliwi-a6-nad-leadem-artykulow gliwi-entity-placement\" id=\"gliwi-2260426602\"><div class=\"gliwi-adlabel\"><span style=\"font-size: 9px\">REKLAMA<\/span><\/div><div id=\"gliwi-284588181\" style=\"margin-bottom: 30px;margin-left: auto;margin-right: auto;text-align: center;\"><a data-no-instant=\"1\" href=\"https:\/\/przedszkole.halogen.org.pl\/\" rel=\"noopener\" class=\"a2t-link\" target=\"_blank\" aria-label=\"20260402-ANIMATOR-przedszkole_grafika_750x200\"><img loading=\"lazy\" decoding=\"async\" src=\"https:\/\/www.24gliwice.pl\/wiadomosci\/wp-content\/uploads\/2026\/04\/20260402-ANIMATOR-przedszkole_grafika_750x200.webp\" alt=\"\"  srcset=\"https:\/\/www.24gliwice.pl\/wiadomosci\/wp-content\/uploads\/2026\/04\/20260402-ANIMATOR-przedszkole_grafika_750x200.webp 750w, https:\/\/www.24gliwice.pl\/wiadomosci\/wp-content\/uploads\/2026\/04\/20260402-ANIMATOR-przedszkole_grafika_750x200-410x109.webp 410w\" sizes=\"(max-width: 750px) 100vw, 750px\" class=\"no-lazyload\" width=\"750\" height=\"200\"  style=\"display: inline-block; max-width: 100%; height: auto;\" \/><\/a><\/div><\/div><h2>Na placu budowy w ci\u0105gu ulicy Sienkiewicza wida\u0107 spore zaawansowanie prac. Powstaje rondo, kt\u00f3re usprawni ruch na wje\u017adzie do Narodowego Instytutu Onkologii. Obiekt zyska\u0142 ju\u017c warstw\u0119 nawierzchni.<\/h2>\n<p>&nbsp;<br \/>\nPrace przy budowie trzywlotowego ronda rozpocz\u0119\u0142y si\u0119 w marcu. Do tej pory wykonano konieczne roboty zwi\u0105zane z przebudow\u0105 uzbrojenia podziemnego: u\u0142o\u017cono nowe kable energetyczne, gazoci\u0105gi, wodoci\u0105g i kanalizacj\u0119 deszczow\u0105. Zabudowano te\u017c kolejne warstwy wzmocnienia gruntu i podbudowy pod konstrukcj\u0119 jezdni, uk\u0142adane s\u0105 kraw\u0119\u017cniki. Wkr\u00f3tce powstanie tam r\u00f3wnie\u017c nowe o\u015bwietlenie uliczne do\u015bwietlaj\u0105ce przej\u015bcia dla pieszych. <\/p>\n<h4>Rondo przede wszystkim u\u0142atwi dojazd do Narodowego Instytutu Onkologii. B\u0119dzie to spora ulga dla pacjent\u00f3w oraz pracownik\u00f3w, kt\u00f3rzy doje\u017cd\u017caj\u0105 do tej plac\u00f3wki.<\/h4>\n<p>Obiekt buduje miasto, zadanie realizuje gliwickie Przedsi\u0119biorstwo Remont\u00f3w Ulic i Most\u00f3w. Koszt inwestycji to 2,4 mln z\u0142. \u015arodki pochodzi\u0107 b\u0119d\u0105 z bud\u017cetu Gliwic i pozyskanego przez miasto dofinansowania z Rz\u0105dowego Funduszu Rozwoju Dr\u00f3g. Zako\u0144czenie prac przewidywane jest jeszcze w tym roku. <\/p><div class=\"gliwi-a3-w-tresci-artykulow gliwi-entity-placement\" id=\"gliwi-4029693582\"><div class=\"gliwi-adlabel\"><span style=\"font-size: 9px\">REKLAMA<\/span><\/div><div id=\"gliwi-3279645353\" style=\"margin-bottom: 30px;margin-left: auto;margin-right: auto;text-align: center;\"><a data-no-instant=\"1\" href=\"https:\/\/ogrodyandersa.pl\/\" rel=\"noopener\" class=\"a2t-link\" target=\"_blank\" aria-label=\"20260415 Ogrody Andersa KUP TERAZ D\"><img loading=\"lazy\" decoding=\"async\" src=\"https:\/\/www.24gliwice.pl\/wiadomosci\/wp-content\/uploads\/2026\/04\/20260415-Ogrody-Andersa-KUP-TERAZ-D.jpg\" alt=\"\"  srcset=\"https:\/\/www.24gliwice.pl\/wiadomosci\/wp-content\/uploads\/2026\/04\/20260415-Ogrody-Andersa-KUP-TERAZ-D.jpg 750w, https:\/\/www.24gliwice.pl\/wiadomosci\/wp-content\/uploads\/2026\/04\/20260415-Ogrody-Andersa-KUP-TERAZ-D-410x109.jpg 410w\" sizes=\"(max-width: 750px) 100vw, 750px\" class=\"no-lazyload\" width=\"750\" height=\"200\"  style=\"display: inline-block; max-width: 100%; height: auto;\" \/><\/a><\/div><\/div>\n<p><a href=\"https:\/\/www.24gliwice.pl\/wiadomosci\/wp-content\/uploads\/2024\/08\/RONDO-SIENKIEWICZA2.jpg\"><img loading=\"lazy\" decoding=\"async\" src=\"https:\/\/www.24gliwice.pl\/wiadomosci\/wp-content\/uploads\/2024\/08\/RONDO-SIENKIEWICZA2.jpg\" alt=\"\" width=\"1200\" height=\"900\" class=\"alignnone size-full wp-image-240335\" srcset=\"https:\/\/www.24gliwice.pl\/wiadomosci\/wp-content\/uploads\/2024\/08\/RONDO-SIENKIEWICZA2.jpg 1200w, https:\/\/www.24gliwice.pl\/wiadomosci\/wp-content\/uploads\/2024\/08\/RONDO-SIENKIEWICZA2-309x232.jpg 309w, https:\/\/www.24gliwice.pl\/wiadomosci\/wp-content\/uploads\/2024\/08\/RONDO-SIENKIEWICZA2-607x455.jpg 607w, https:\/\/www.24gliwice.pl\/wiadomosci\/wp-content\/uploads\/2024\/08\/RONDO-SIENKIEWICZA2-768x576.jpg 768w, https:\/\/www.24gliwice.pl\/wiadomosci\/wp-content\/uploads\/2024\/08\/RONDO-SIENKIEWICZA2-810x608.jpg 810w, https:\/\/www.24gliwice.pl\/wiadomosci\/wp-content\/uploads\/2024\/08\/RONDO-SIENKIEWICZA2-1140x855.jpg 1140w\" sizes=\"auto, (max-width: 1200px) 100vw, 1200px\" \/><\/a><\/p>\n<p><a href=\"https:\/\/www.24gliwice.pl\/wiadomosci\/wp-content\/uploads\/2024\/08\/RONDO-SIENKIEWICZA3.jpg\"><img loading=\"lazy\" decoding=\"async\" src=\"https:\/\/www.24gliwice.pl\/wiadomosci\/wp-content\/uploads\/2024\/08\/RONDO-SIENKIEWICZA3.jpg\" alt=\"\" width=\"1200\" height=\"676\" class=\"alignnone size-full wp-image-240336\" srcset=\"https:\/\/www.24gliwice.pl\/wiadomosci\/wp-content\/uploads\/2024\/08\/RONDO-SIENKIEWICZA3.jpg 1200w, https:\/\/www.24gliwice.pl\/wiadomosci\/wp-content\/uploads\/2024\/08\/RONDO-SIENKIEWICZA3-410x232.jpg 410w, https:\/\/www.24gliwice.pl\/wiadomosci\/wp-content\/uploads\/2024\/08\/RONDO-SIENKIEWICZA3-808x455.jpg 808w, https:\/\/www.24gliwice.pl\/wiadomosci\/wp-content\/uploads\/2024\/08\/RONDO-SIENKIEWICZA3-768x433.jpg 768w, https:\/\/www.24gliwice.pl\/wiadomosci\/wp-content\/uploads\/2024\/08\/RONDO-SIENKIEWICZA3-810x456.jpg 810w, https:\/\/www.24gliwice.pl\/wiadomosci\/wp-content\/uploads\/2024\/08\/RONDO-SIENKIEWICZA3-1140x642.jpg 1140w\" sizes=\"auto, (max-width: 1200px) 100vw, 1200px\" \/><\/a><\/p>\n<h4>To nie jedyne powstaj\u0105ce rondo w Gliwicach<\/h4>\n<p>Cho\u0107 w\u0142a\u015bciwie nic tego nie zapowiada\u0142o, w tym roku zapad\u0142a decyzja o budowie ronda na zbiegu ulic Staromiejskiej i Portowej w \u0141ab\u0119dach. Jeszcze w czerwcu ZDM informowa\u0142, \u017ce inwestycja mo\u017ce zosta\u0107 zrealizowana pod warunkiem wygospodarowania na ten cel \u015brodk\u00f3w finansowych. Ostatecznie na czerwcowej sesji Rady Miasta wprowadzono zmiany w uchwale bud\u017cetowej, w kt\u00f3rej zabezpieczono na ten cel milion z\u0142.<\/p>\n<p><a href=\"https:\/\/www.24gliwice.pl\/wiadomosci\/wp-content\/uploads\/2024\/08\/Zrzut-ekranu-2024-08-13-131626.jpg\"><img loading=\"lazy\" decoding=\"async\" src=\"https:\/\/www.24gliwice.pl\/wiadomosci\/wp-content\/uploads\/2024\/08\/Zrzut-ekranu-2024-08-13-131626.jpg\" alt=\"\" width=\"1200\" height=\"552\" class=\"alignnone size-full wp-image-240337\" srcset=\"https:\/\/www.24gliwice.pl\/wiadomosci\/wp-content\/uploads\/2024\/08\/Zrzut-ekranu-2024-08-13-131626.jpg 1200w, https:\/\/www.24gliwice.pl\/wiadomosci\/wp-content\/uploads\/2024\/08\/Zrzut-ekranu-2024-08-13-131626-410x189.jpg 410w, https:\/\/www.24gliwice.pl\/wiadomosci\/wp-content\/uploads\/2024\/08\/Zrzut-ekranu-2024-08-13-131626-810x373.jpg 810w, https:\/\/www.24gliwice.pl\/wiadomosci\/wp-content\/uploads\/2024\/08\/Zrzut-ekranu-2024-08-13-131626-768x353.jpg 768w, https:\/\/www.24gliwice.pl\/wiadomosci\/wp-content\/uploads\/2024\/08\/Zrzut-ekranu-2024-08-13-131626-1140x524.jpg 1140w\" sizes=\"auto, (max-width: 1200px) 100vw, 1200px\" \/><\/a><\/p>\n<p>Prace rozpocz\u0119\u0142y si\u0119 w wakacje, a ich fina\u0142 przewidziano jeszcze we wrze\u015bniu. Nowy obiekt u\u0142atwi kierowcom poruszanie si\u0119 w obr\u0119bie skrzy\u017cowania, gdzie w\u0142\u0105czanie si\u0119 do ruchu z ulicy podporz\u0105dkowanej bywa\u0142o utrudnione. <\/p>\n<p><iframe src=\"https:\/\/www.google.com\/maps\/embed?pb=!4v1723547841093!6m8!1m7!1sD8nhzHfvp7yefPEiV1Hr5Q!2m2!1d50.33957167700142!2d18.61934519623939!3f353.10361632474405!4f-7.057717766144222!5f0.7820865974627469\" width=\"810\" height=\"450\" style=\"border:0;\" allowfullscreen=\"\" loading=\"lazy\" referrerpolicy=\"no-referrer-when-downgrade\"><\/iframe><\/p>\n<p>(\u017cms), UM Gliwice(mf)<\/p>\n<div class=\"gliwi-a5-na-koncu-artykulow gliwi-entity-placement\" id=\"gliwi-2023089299\"><div class=\"gliwi-adlabel\"><span style=\"font-size: 9px\">REKLAMA<\/span><\/div><div id=\"gliwi-1560490357\" style=\"margin-left: auto;margin-right: auto;text-align: center;\"><a data-no-instant=\"1\" href=\"https:\/\/www.jasek.pl\/\" rel=\"noopener\" class=\"a2t-link\" target=\"_blank\" aria-label=\"20200401-jasek 600\"><img loading=\"lazy\" decoding=\"async\" src=\"https:\/\/www.24gliwice.pl\/wiadomosci\/wp-content\/uploads\/2020\/04\/20200401-jasek-600.jpg\" alt=\"\"  srcset=\"https:\/\/www.24gliwice.pl\/wiadomosci\/wp-content\/uploads\/2020\/04\/20200401-jasek-600.jpg 600w, https:\/\/www.24gliwice.pl\/wiadomosci\/wp-content\/uploads\/2020\/04\/20200401-jasek-600-410x109.jpg 410w\" sizes=\"(max-width: 600px) 100vw, 600px\" class=\"no-lazyload\" width=\"600\" height=\"160\"  style=\"display: inline-block; max-width: 100%; height: auto;\" \/><\/a><\/div><\/div>","protected":false},"excerpt":{"rendered":"<p>Na placu budowy w ci\u0105gu ulicy Sienkiewicza wida\u0107 spore zaawansowanie prac. Powstaje rondo, kt\u00f3re usprawni ruch na wje\u017adzie do Narodowego Instytutu Onkologii. Obiekt zyska\u0142 ju\u017c warstw\u0119 nawierzchni. &nbsp; Prace przy budowie trzywlotowego ronda rozpocz\u0119\u0142y si\u0119 w marcu. Do tej pory wykonano konieczne roboty zwi\u0105zane z przebudow\u0105 uzbrojenia podziemnego: u\u0142o\u017cono nowe kable energetyczne, gazoci\u0105gi, wodoci\u0105g i [&hellip;]<\/p>\n","protected":false},"author":15,"featured_media":240334,"comment_status":"open","ping_status":"closed","sticky":false,"template":"","format":"standard","meta":{"_monsterinsights_skip_tracking":false,"_monsterinsights_sitenote_active":false,"_monsterinsights_sitenote_note":"","_monsterinsights_sitenote_category":0,"footnotes":"","_links_to":"","_links_to_target":""},"categories":[3,1,9],"tags":[213,6052],"class_list":["post-240328","post","type-post","status-publish","format-standard","has-post-thumbnail","hentry","category-gliwice","category-wszystko","category-aktualnosci_lokalne","tag-rondo","tag-sienkiewicza"],"yoast_head":"<!-- This site is optimized with the Yoast SEO plugin v27.5 - https:\/\/yoast.com\/product\/yoast-seo-wordpress\/ -->\n<title>Nowe ronda w Gliwicach b\u0119d\u0105 gotowe jeszcze w tym roku. W \u015ar\u00f3dmie\u015bciu wida\u0107 ju\u017c wyra\u017any post\u0119p prac - 24GLIWICE - Portal Gliwice | codziennie nowe informacje<\/title>\n<meta name=\"description\" content=\"Nowe rondo w ci\u0105gu ul. Sienkiewicza b\u0119dzie gotowe jeszcze w tym roku. Podobny obiekt powstaje na skrzy\u017cowaniu ul. Portowej i Staromiejskiej\" \/>\n<meta name=\"robots\" content=\"index, follow, max-snippet:-1, max-image-preview:large, max-video-preview:-1\" \/>\n<link rel=\"canonical\" href=\"https:\/\/www.24gliwice.pl\/wiadomosci\/nowe-ronda-w-gliwicach-beda-gotowe-jeszcze-w-tym-roku-w-srodmiesciu-widac-juz-wyrazny-postep-prac\/\" \/>\n<meta property=\"og:locale\" content=\"pl_PL\" \/>\n<meta property=\"og:type\" content=\"article\" \/>\n<meta property=\"og:title\" content=\"Nowe ronda w Gliwicach b\u0119d\u0105 gotowe jeszcze w tym roku. W \u015ar\u00f3dmie\u015bciu wida\u0107 ju\u017c wyra\u017any post\u0119p prac - 24GLIWICE - Portal Gliwice | codziennie nowe informacje\" \/>\n<meta property=\"og:description\" content=\"Nowe rondo w ci\u0105gu ul. Sienkiewicza b\u0119dzie gotowe jeszcze w tym roku. Podobny obiekt powstaje na skrzy\u017cowaniu ul. Portowej i Staromiejskiej\" \/>\n<meta property=\"og:url\" content=\"https:\/\/www.24gliwice.pl\/wiadomosci\/nowe-ronda-w-gliwicach-beda-gotowe-jeszcze-w-tym-roku-w-srodmiesciu-widac-juz-wyrazny-postep-prac\/\" \/>\n<meta property=\"og:site_name\" content=\"24GLIWICE - Portal Gliwice | codziennie nowe informacje\" \/>\n<meta property=\"article:publisher\" content=\"https:\/\/www.facebook.com\/24gliwice\" \/>\n<meta property=\"article:published_time\" content=\"2024-08-14T01:01:21+00:00\" \/>\n<meta property=\"og:image\" content=\"https:\/\/www.24gliwice.pl\/wiadomosci\/wp-content\/uploads\/2024\/08\/RONDO-SIENKIEWICZA.jpg\" \/>\n\t<meta property=\"og:image:width\" content=\"1200\" \/>\n\t<meta property=\"og:image:height\" content=\"677\" \/>\n\t<meta property=\"og:image:type\" content=\"image\/jpeg\" \/>\n<meta name=\"author\" content=\"\u017baneta Mrozek-Siewierska\" \/>\n<meta name=\"twitter:card\" content=\"summary_large_image\" \/>\n<meta name=\"twitter:creator\" content=\"@24gliwice\" \/>\n<meta name=\"twitter:site\" content=\"@24gliwice\" \/>\n<meta name=\"twitter:label1\" content=\"Napisane przez\" \/>\n\t<meta name=\"twitter:data1\" content=\"\u017baneta Mrozek-Siewierska\" \/>\n\t<meta name=\"twitter:label2\" content=\"Szacowany czas czytania\" \/>\n\t<meta name=\"twitter:data2\" content=\"3 minuty\" \/>\n<script type=\"application\/ld+json\" class=\"yoast-schema-graph\">{\"@context\":\"https:\\\/\\\/schema.org\",\"@graph\":[{\"@type\":\"Article\",\"@id\":\"https:\\\/\\\/www.24gliwice.pl\\\/wiadomosci\\\/nowe-ronda-w-gliwicach-beda-gotowe-jeszcze-w-tym-roku-w-srodmiesciu-widac-juz-wyrazny-postep-prac\\\/#article\",\"isPartOf\":{\"@id\":\"https:\\\/\\\/www.24gliwice.pl\\\/wiadomosci\\\/nowe-ronda-w-gliwicach-beda-gotowe-jeszcze-w-tym-roku-w-srodmiesciu-widac-juz-wyrazny-postep-prac\\\/\"},\"author\":{\"name\":\"\u017baneta Mrozek-Siewierska\",\"@id\":\"https:\\\/\\\/www.24gliwice.pl\\\/wiadomosci\\\/#\\\/schema\\\/person\\\/e42c650edd7f2fa332be3811fb166b6e\"},\"headline\":\"Nowe ronda w Gliwicach b\u0119d\u0105 gotowe jeszcze w tym roku. W \u015ar\u00f3dmie\u015bciu wida\u0107 ju\u017c wyra\u017any post\u0119p prac\",\"datePublished\":\"2024-08-14T01:01:21+00:00\",\"mainEntityOfPage\":{\"@id\":\"https:\\\/\\\/www.24gliwice.pl\\\/wiadomosci\\\/nowe-ronda-w-gliwicach-beda-gotowe-jeszcze-w-tym-roku-w-srodmiesciu-widac-juz-wyrazny-postep-prac\\\/\"},\"wordCount\":318,\"commentCount\":0,\"publisher\":{\"@id\":\"https:\\\/\\\/www.24gliwice.pl\\\/wiadomosci\\\/#organization\"},\"image\":{\"@id\":\"https:\\\/\\\/www.24gliwice.pl\\\/wiadomosci\\\/nowe-ronda-w-gliwicach-beda-gotowe-jeszcze-w-tym-roku-w-srodmiesciu-widac-juz-wyrazny-postep-prac\\\/#primaryimage\"},\"thumbnailUrl\":\"https:\\\/\\\/www.24gliwice.pl\\\/wiadomosci\\\/wp-content\\\/uploads\\\/2024\\\/08\\\/RONDO-SIENKIEWICZA.jpg\",\"keywords\":[\"RONDO\",\"sienkiewicza\"],\"articleSection\":[\"Gliwice\",\"Najnowsze wiadomo\u015bci\",\"Portal Gliwice - Wiadomo\u015bci lokalne\"],\"inLanguage\":\"pl-PL\",\"potentialAction\":[{\"@type\":\"CommentAction\",\"name\":\"Comment\",\"target\":[\"https:\\\/\\\/www.24gliwice.pl\\\/wiadomosci\\\/nowe-ronda-w-gliwicach-beda-gotowe-jeszcze-w-tym-roku-w-srodmiesciu-widac-juz-wyrazny-postep-prac\\\/#respond\"]}]},{\"@type\":\"WebPage\",\"@id\":\"https:\\\/\\\/www.24gliwice.pl\\\/wiadomosci\\\/nowe-ronda-w-gliwicach-beda-gotowe-jeszcze-w-tym-roku-w-srodmiesciu-widac-juz-wyrazny-postep-prac\\\/\",\"url\":\"https:\\\/\\\/www.24gliwice.pl\\\/wiadomosci\\\/nowe-ronda-w-gliwicach-beda-gotowe-jeszcze-w-tym-roku-w-srodmiesciu-widac-juz-wyrazny-postep-prac\\\/\",\"name\":\"Nowe ronda w Gliwicach b\u0119d\u0105 gotowe jeszcze w tym roku. W \u015ar\u00f3dmie\u015bciu wida\u0107 ju\u017c wyra\u017any post\u0119p prac - 24GLIWICE - Portal Gliwice | codziennie nowe informacje\",\"isPartOf\":{\"@id\":\"https:\\\/\\\/www.24gliwice.pl\\\/wiadomosci\\\/#website\"},\"primaryImageOfPage\":{\"@id\":\"https:\\\/\\\/www.24gliwice.pl\\\/wiadomosci\\\/nowe-ronda-w-gliwicach-beda-gotowe-jeszcze-w-tym-roku-w-srodmiesciu-widac-juz-wyrazny-postep-prac\\\/#primaryimage\"},\"image\":{\"@id\":\"https:\\\/\\\/www.24gliwice.pl\\\/wiadomosci\\\/nowe-ronda-w-gliwicach-beda-gotowe-jeszcze-w-tym-roku-w-srodmiesciu-widac-juz-wyrazny-postep-prac\\\/#primaryimage\"},\"thumbnailUrl\":\"https:\\\/\\\/www.24gliwice.pl\\\/wiadomosci\\\/wp-content\\\/uploads\\\/2024\\\/08\\\/RONDO-SIENKIEWICZA.jpg\",\"datePublished\":\"2024-08-14T01:01:21+00:00\",\"description\":\"Nowe rondo w ci\u0105gu ul. Sienkiewicza b\u0119dzie gotowe jeszcze w tym roku. Podobny obiekt powstaje na skrzy\u017cowaniu ul. Portowej i Staromiejskiej\",\"breadcrumb\":{\"@id\":\"https:\\\/\\\/www.24gliwice.pl\\\/wiadomosci\\\/nowe-ronda-w-gliwicach-beda-gotowe-jeszcze-w-tym-roku-w-srodmiesciu-widac-juz-wyrazny-postep-prac\\\/#breadcrumb\"},\"inLanguage\":\"pl-PL\",\"potentialAction\":[{\"@type\":\"ReadAction\",\"target\":[\"https:\\\/\\\/www.24gliwice.pl\\\/wiadomosci\\\/nowe-ronda-w-gliwicach-beda-gotowe-jeszcze-w-tym-roku-w-srodmiesciu-widac-juz-wyrazny-postep-prac\\\/\"]}]},{\"@type\":\"ImageObject\",\"inLanguage\":\"pl-PL\",\"@id\":\"https:\\\/\\\/www.24gliwice.pl\\\/wiadomosci\\\/nowe-ronda-w-gliwicach-beda-gotowe-jeszcze-w-tym-roku-w-srodmiesciu-widac-juz-wyrazny-postep-prac\\\/#primaryimage\",\"url\":\"https:\\\/\\\/www.24gliwice.pl\\\/wiadomosci\\\/wp-content\\\/uploads\\\/2024\\\/08\\\/RONDO-SIENKIEWICZA.jpg\",\"contentUrl\":\"https:\\\/\\\/www.24gliwice.pl\\\/wiadomosci\\\/wp-content\\\/uploads\\\/2024\\\/08\\\/RONDO-SIENKIEWICZA.jpg\",\"width\":1200,\"height\":677},{\"@type\":\"BreadcrumbList\",\"@id\":\"https:\\\/\\\/www.24gliwice.pl\\\/wiadomosci\\\/nowe-ronda-w-gliwicach-beda-gotowe-jeszcze-w-tym-roku-w-srodmiesciu-widac-juz-wyrazny-postep-prac\\\/#breadcrumb\",\"itemListElement\":[{\"@type\":\"ListItem\",\"position\":1,\"name\":\"Strona g\u0142\u00f3wna\",\"item\":\"https:\\\/\\\/www.24gliwice.pl\\\/wiadomosci\\\/\"},{\"@type\":\"ListItem\",\"position\":2,\"name\":\"Nowe ronda w Gliwicach b\u0119d\u0105 gotowe jeszcze w tym roku. W \u015ar\u00f3dmie\u015bciu wida\u0107 ju\u017c wyra\u017any post\u0119p prac\"}]},{\"@type\":\"WebSite\",\"@id\":\"https:\\\/\\\/www.24gliwice.pl\\\/wiadomosci\\\/#website\",\"url\":\"https:\\\/\\\/www.24gliwice.pl\\\/wiadomosci\\\/\",\"name\":\"24GLIWICE - Portal Gliwice | codziennie nowe wiadomo\u015bci\",\"description\":\"Portal Miejski Gliwice\",\"publisher\":{\"@id\":\"https:\\\/\\\/www.24gliwice.pl\\\/wiadomosci\\\/#organization\"},\"potentialAction\":[{\"@type\":\"SearchAction\",\"target\":{\"@type\":\"EntryPoint\",\"urlTemplate\":\"https:\\\/\\\/www.24gliwice.pl\\\/wiadomosci\\\/?s={search_term_string}\"},\"query-input\":{\"@type\":\"PropertyValueSpecification\",\"valueRequired\":true,\"valueName\":\"search_term_string\"}}],\"inLanguage\":\"pl-PL\"},{\"@type\":\"Organization\",\"@id\":\"https:\\\/\\\/www.24gliwice.pl\\\/wiadomosci\\\/#organization\",\"name\":\"24gliwice\",\"url\":\"https:\\\/\\\/www.24gliwice.pl\\\/wiadomosci\\\/\",\"logo\":{\"@type\":\"ImageObject\",\"inLanguage\":\"pl-PL\",\"@id\":\"https:\\\/\\\/www.24gliwice.pl\\\/wiadomosci\\\/#\\\/schema\\\/logo\\\/image\\\/\",\"url\":\"https:\\\/\\\/www.24gliwice.pl\\\/wiadomosci\\\/wp-content\\\/uploads\\\/2024\\\/10\\\/24gliwice-logo-696.jpg\",\"contentUrl\":\"https:\\\/\\\/www.24gliwice.pl\\\/wiadomosci\\\/wp-content\\\/uploads\\\/2024\\\/10\\\/24gliwice-logo-696.jpg\",\"width\":696,\"height\":696,\"caption\":\"24gliwice\"},\"image\":{\"@id\":\"https:\\\/\\\/www.24gliwice.pl\\\/wiadomosci\\\/#\\\/schema\\\/logo\\\/image\\\/\"},\"sameAs\":[\"https:\\\/\\\/www.facebook.com\\\/24gliwice\",\"https:\\\/\\\/x.com\\\/24gliwice\",\"https:\\\/\\\/www.youtube.com\\\/@24gliwice\"]},{\"@type\":\"Person\",\"@id\":\"https:\\\/\\\/www.24gliwice.pl\\\/wiadomosci\\\/#\\\/schema\\\/person\\\/e42c650edd7f2fa332be3811fb166b6e\",\"name\":\"\u017baneta Mrozek-Siewierska\",\"image\":{\"@type\":\"ImageObject\",\"inLanguage\":\"pl-PL\",\"@id\":\"https:\\\/\\\/secure.gravatar.com\\\/avatar\\\/1881429e9c64597c77ad7aef2d0a19be69a3253e57534d16aa15bf3a4d34a0a3?s=96&d=mm&r=g\",\"url\":\"https:\\\/\\\/secure.gravatar.com\\\/avatar\\\/1881429e9c64597c77ad7aef2d0a19be69a3253e57534d16aa15bf3a4d34a0a3?s=96&d=mm&r=g\",\"contentUrl\":\"https:\\\/\\\/secure.gravatar.com\\\/avatar\\\/1881429e9c64597c77ad7aef2d0a19be69a3253e57534d16aa15bf3a4d34a0a3?s=96&d=mm&r=g\",\"caption\":\"\u017baneta Mrozek-Siewierska\"},\"url\":\"https:\\\/\\\/www.24gliwice.pl\\\/wiadomosci\\\/author\\\/zms\\\/\"}]}<\/script>\n<!-- \/ Yoast SEO plugin. -->","yoast_head_json":{"title":"Nowe ronda w Gliwicach b\u0119d\u0105 gotowe jeszcze w tym roku. W \u015ar\u00f3dmie\u015bciu wida\u0107 ju\u017c wyra\u017any post\u0119p prac - 24GLIWICE - Portal Gliwice | codziennie nowe informacje","description":"Nowe rondo w ci\u0105gu ul. Sienkiewicza b\u0119dzie gotowe jeszcze w tym roku. Podobny obiekt powstaje na skrzy\u017cowaniu ul. Portowej i Staromiejskiej","robots":{"index":"index","follow":"follow","max-snippet":"max-snippet:-1","max-image-preview":"max-image-preview:large","max-video-preview":"max-video-preview:-1"},"canonical":"https:\/\/www.24gliwice.pl\/wiadomosci\/nowe-ronda-w-gliwicach-beda-gotowe-jeszcze-w-tym-roku-w-srodmiesciu-widac-juz-wyrazny-postep-prac\/","og_locale":"pl_PL","og_type":"article","og_title":"Nowe ronda w Gliwicach b\u0119d\u0105 gotowe jeszcze w tym roku. W \u015ar\u00f3dmie\u015bciu wida\u0107 ju\u017c wyra\u017any post\u0119p prac - 24GLIWICE - Portal Gliwice | codziennie nowe informacje","og_description":"Nowe rondo w ci\u0105gu ul. Sienkiewicza b\u0119dzie gotowe jeszcze w tym roku. Podobny obiekt powstaje na skrzy\u017cowaniu ul. Portowej i Staromiejskiej","og_url":"https:\/\/www.24gliwice.pl\/wiadomosci\/nowe-ronda-w-gliwicach-beda-gotowe-jeszcze-w-tym-roku-w-srodmiesciu-widac-juz-wyrazny-postep-prac\/","og_site_name":"24GLIWICE - Portal Gliwice | codziennie nowe informacje","article_publisher":"https:\/\/www.facebook.com\/24gliwice","article_published_time":"2024-08-14T01:01:21+00:00","og_image":[{"width":1200,"height":677,"url":"https:\/\/www.24gliwice.pl\/wiadomosci\/wp-content\/uploads\/2024\/08\/RONDO-SIENKIEWICZA.jpg","type":"image\/jpeg"}],"author":"\u017baneta Mrozek-Siewierska","twitter_card":"summary_large_image","twitter_creator":"@24gliwice","twitter_site":"@24gliwice","twitter_misc":{"Napisane przez":"\u017baneta Mrozek-Siewierska","Szacowany czas czytania":"3 minuty"},"schema":{"@context":"https:\/\/schema.org","@graph":[{"@type":"Article","@id":"https:\/\/www.24gliwice.pl\/wiadomosci\/nowe-ronda-w-gliwicach-beda-gotowe-jeszcze-w-tym-roku-w-srodmiesciu-widac-juz-wyrazny-postep-prac\/#article","isPartOf":{"@id":"https:\/\/www.24gliwice.pl\/wiadomosci\/nowe-ronda-w-gliwicach-beda-gotowe-jeszcze-w-tym-roku-w-srodmiesciu-widac-juz-wyrazny-postep-prac\/"},"author":{"name":"\u017baneta Mrozek-Siewierska","@id":"https:\/\/www.24gliwice.pl\/wiadomosci\/#\/schema\/person\/e42c650edd7f2fa332be3811fb166b6e"},"headline":"Nowe ronda w Gliwicach b\u0119d\u0105 gotowe jeszcze w tym roku. W \u015ar\u00f3dmie\u015bciu wida\u0107 ju\u017c wyra\u017any post\u0119p prac","datePublished":"2024-08-14T01:01:21+00:00","mainEntityOfPage":{"@id":"https:\/\/www.24gliwice.pl\/wiadomosci\/nowe-ronda-w-gliwicach-beda-gotowe-jeszcze-w-tym-roku-w-srodmiesciu-widac-juz-wyrazny-postep-prac\/"},"wordCount":318,"commentCount":0,"publisher":{"@id":"https:\/\/www.24gliwice.pl\/wiadomosci\/#organization"},"image":{"@id":"https:\/\/www.24gliwice.pl\/wiadomosci\/nowe-ronda-w-gliwicach-beda-gotowe-jeszcze-w-tym-roku-w-srodmiesciu-widac-juz-wyrazny-postep-prac\/#primaryimage"},"thumbnailUrl":"https:\/\/www.24gliwice.pl\/wiadomosci\/wp-content\/uploads\/2024\/08\/RONDO-SIENKIEWICZA.jpg","keywords":["RONDO","sienkiewicza"],"articleSection":["Gliwice","Najnowsze wiadomo\u015bci","Portal Gliwice - Wiadomo\u015bci lokalne"],"inLanguage":"pl-PL","potentialAction":[{"@type":"CommentAction","name":"Comment","target":["https:\/\/www.24gliwice.pl\/wiadomosci\/nowe-ronda-w-gliwicach-beda-gotowe-jeszcze-w-tym-roku-w-srodmiesciu-widac-juz-wyrazny-postep-prac\/#respond"]}]},{"@type":"WebPage","@id":"https:\/\/www.24gliwice.pl\/wiadomosci\/nowe-ronda-w-gliwicach-beda-gotowe-jeszcze-w-tym-roku-w-srodmiesciu-widac-juz-wyrazny-postep-prac\/","url":"https:\/\/www.24gliwice.pl\/wiadomosci\/nowe-ronda-w-gliwicach-beda-gotowe-jeszcze-w-tym-roku-w-srodmiesciu-widac-juz-wyrazny-postep-prac\/","name":"Nowe ronda w Gliwicach b\u0119d\u0105 gotowe jeszcze w tym roku. W \u015ar\u00f3dmie\u015bciu wida\u0107 ju\u017c wyra\u017any post\u0119p prac - 24GLIWICE - Portal Gliwice | codziennie nowe informacje","isPartOf":{"@id":"https:\/\/www.24gliwice.pl\/wiadomosci\/#website"},"primaryImageOfPage":{"@id":"https:\/\/www.24gliwice.pl\/wiadomosci\/nowe-ronda-w-gliwicach-beda-gotowe-jeszcze-w-tym-roku-w-srodmiesciu-widac-juz-wyrazny-postep-prac\/#primaryimage"},"image":{"@id":"https:\/\/www.24gliwice.pl\/wiadomosci\/nowe-ronda-w-gliwicach-beda-gotowe-jeszcze-w-tym-roku-w-srodmiesciu-widac-juz-wyrazny-postep-prac\/#primaryimage"},"thumbnailUrl":"https:\/\/www.24gliwice.pl\/wiadomosci\/wp-content\/uploads\/2024\/08\/RONDO-SIENKIEWICZA.jpg","datePublished":"2024-08-14T01:01:21+00:00","description":"Nowe rondo w ci\u0105gu ul. Sienkiewicza b\u0119dzie gotowe jeszcze w tym roku. Podobny obiekt powstaje na skrzy\u017cowaniu ul. Portowej i Staromiejskiej","breadcrumb":{"@id":"https:\/\/www.24gliwice.pl\/wiadomosci\/nowe-ronda-w-gliwicach-beda-gotowe-jeszcze-w-tym-roku-w-srodmiesciu-widac-juz-wyrazny-postep-prac\/#breadcrumb"},"inLanguage":"pl-PL","potentialAction":[{"@type":"ReadAction","target":["https:\/\/www.24gliwice.pl\/wiadomosci\/nowe-ronda-w-gliwicach-beda-gotowe-jeszcze-w-tym-roku-w-srodmiesciu-widac-juz-wyrazny-postep-prac\/"]}]},{"@type":"ImageObject","inLanguage":"pl-PL","@id":"https:\/\/www.24gliwice.pl\/wiadomosci\/nowe-ronda-w-gliwicach-beda-gotowe-jeszcze-w-tym-roku-w-srodmiesciu-widac-juz-wyrazny-postep-prac\/#primaryimage","url":"https:\/\/www.24gliwice.pl\/wiadomosci\/wp-content\/uploads\/2024\/08\/RONDO-SIENKIEWICZA.jpg","contentUrl":"https:\/\/www.24gliwice.pl\/wiadomosci\/wp-content\/uploads\/2024\/08\/RONDO-SIENKIEWICZA.jpg","width":1200,"height":677},{"@type":"BreadcrumbList","@id":"https:\/\/www.24gliwice.pl\/wiadomosci\/nowe-ronda-w-gliwicach-beda-gotowe-jeszcze-w-tym-roku-w-srodmiesciu-widac-juz-wyrazny-postep-prac\/#breadcrumb","itemListElement":[{"@type":"ListItem","position":1,"name":"Strona g\u0142\u00f3wna","item":"https:\/\/www.24gliwice.pl\/wiadomosci\/"},{"@type":"ListItem","position":2,"name":"Nowe ronda w Gliwicach b\u0119d\u0105 gotowe jeszcze w tym roku. W \u015ar\u00f3dmie\u015bciu wida\u0107 ju\u017c wyra\u017any post\u0119p prac"}]},{"@type":"WebSite","@id":"https:\/\/www.24gliwice.pl\/wiadomosci\/#website","url":"https:\/\/www.24gliwice.pl\/wiadomosci\/","name":"24GLIWICE - Portal Gliwice | codziennie nowe wiadomo\u015bci","description":"Portal Miejski Gliwice","publisher":{"@id":"https:\/\/www.24gliwice.pl\/wiadomosci\/#organization"},"potentialAction":[{"@type":"SearchAction","target":{"@type":"EntryPoint","urlTemplate":"https:\/\/www.24gliwice.pl\/wiadomosci\/?s={search_term_string}"},"query-input":{"@type":"PropertyValueSpecification","valueRequired":true,"valueName":"search_term_string"}}],"inLanguage":"pl-PL"},{"@type":"Organization","@id":"https:\/\/www.24gliwice.pl\/wiadomosci\/#organization","name":"24gliwice","url":"https:\/\/www.24gliwice.pl\/wiadomosci\/","logo":{"@type":"ImageObject","inLanguage":"pl-PL","@id":"https:\/\/www.24gliwice.pl\/wiadomosci\/#\/schema\/logo\/image\/","url":"https:\/\/www.24gliwice.pl\/wiadomosci\/wp-content\/uploads\/2024\/10\/24gliwice-logo-696.jpg","contentUrl":"https:\/\/www.24gliwice.pl\/wiadomosci\/wp-content\/uploads\/2024\/10\/24gliwice-logo-696.jpg","width":696,"height":696,"caption":"24gliwice"},"image":{"@id":"https:\/\/www.24gliwice.pl\/wiadomosci\/#\/schema\/logo\/image\/"},"sameAs":["https:\/\/www.facebook.com\/24gliwice","https:\/\/x.com\/24gliwice","https:\/\/www.youtube.com\/@24gliwice"]},{"@type":"Person","@id":"https:\/\/www.24gliwice.pl\/wiadomosci\/#\/schema\/person\/e42c650edd7f2fa332be3811fb166b6e","name":"\u017baneta Mrozek-Siewierska","image":{"@type":"ImageObject","inLanguage":"pl-PL","@id":"https:\/\/secure.gravatar.com\/avatar\/1881429e9c64597c77ad7aef2d0a19be69a3253e57534d16aa15bf3a4d34a0a3?s=96&d=mm&r=g","url":"https:\/\/secure.gravatar.com\/avatar\/1881429e9c64597c77ad7aef2d0a19be69a3253e57534d16aa15bf3a4d34a0a3?s=96&d=mm&r=g","contentUrl":"https:\/\/secure.gravatar.com\/avatar\/1881429e9c64597c77ad7aef2d0a19be69a3253e57534d16aa15bf3a4d34a0a3?s=96&d=mm&r=g","caption":"\u017baneta Mrozek-Siewierska"},"url":"https:\/\/www.24gliwice.pl\/wiadomosci\/author\/zms\/"}]}},"_links":{"self":[{"href":"https:\/\/www.24gliwice.pl\/wiadomosci\/wp-json\/wp\/v2\/posts\/240328","targetHints":{"allow":["GET"]}}],"collection":[{"href":"https:\/\/www.24gliwice.pl\/wiadomosci\/wp-json\/wp\/v2\/posts"}],"about":[{"href":"https:\/\/www.24gliwice.pl\/wiadomosci\/wp-json\/wp\/v2\/types\/post"}],"author":[{"embeddable":true,"href":"https:\/\/www.24gliwice.pl\/wiadomosci\/wp-json\/wp\/v2\/users\/15"}],"replies":[{"embeddable":true,"href":"https:\/\/www.24gliwice.pl\/wiadomosci\/wp-json\/wp\/v2\/comments?post=240328"}],"version-history":[{"count":0,"href":"https:\/\/www.24gliwice.pl\/wiadomosci\/wp-json\/wp\/v2\/posts\/240328\/revisions"}],"wp:featuredmedia":[{"embeddable":true,"href":"https:\/\/www.24gliwice.pl\/wiadomosci\/wp-json\/wp\/v2\/media\/240334"}],"wp:attachment":[{"href":"https:\/\/www.24gliwice.pl\/wiadomosci\/wp-json\/wp\/v2\/media?parent=240328"}],"wp:term":[{"taxonomy":"category","embeddable":true,"href":"https:\/\/www.24gliwice.pl\/wiadomosci\/wp-json\/wp\/v2\/categories?post=240328"},{"taxonomy":"post_tag","embeddable":true,"href":"https:\/\/www.24gliwice.pl\/wiadomosci\/wp-json\/wp\/v2\/tags?post=240328"}],"curies":[{"name":"wp","href":"https:\/\/api.w.org\/{rel}","templated":true}]}}