{"id":242224,"date":"2024-09-20T10:54:23","date_gmt":"2024-09-20T08:54:23","guid":{"rendered":"https:\/\/www.24gliwice.pl\/wiadomosci\/?p=242224"},"modified":"2024-09-20T11:54:40","modified_gmt":"2024-09-20T09:54:40","slug":"wyprzedaz-garazowa-i-akcja-sprzatania-dzielnicy-na-bojkowski-dzien-ekologiczny-obowiazuja-zapisy","status":"publish","type":"post","link":"https:\/\/www.24gliwice.pl\/wiadomosci\/wyprzedaz-garazowa-i-akcja-sprzatania-dzielnicy-na-bojkowski-dzien-ekologiczny-obowiazuja-zapisy\/","title":{"rendered":"Wyprzeda\u017c gara\u017cowa i akcja sprz\u0105tania dzielnicy. Na Bojkowski Dzie\u0144 Ekologiczny obowi\u0105zuj\u0105 zapisy"},"content":{"rendered":"<div class=\"gliwi-a6-nad-leadem-artykulow gliwi-entity-placement\" id=\"gliwi-1292770288\"><div class=\"gliwi-adlabel\"><span style=\"font-size: 9px\">REKLAMA<\/span><\/div><div id=\"gliwi-2120758041\" style=\"margin-bottom: 30px;margin-left: auto;margin-right: auto;text-align: center;\"><a data-no-instant=\"1\" href=\"https:\/\/przedszkole.halogen.org.pl\/\" rel=\"noopener\" class=\"a2t-link\" target=\"_blank\" aria-label=\"20260402-ANIMATOR-przedszkole_grafika_750x200\"><img loading=\"lazy\" decoding=\"async\" src=\"https:\/\/www.24gliwice.pl\/wiadomosci\/wp-content\/uploads\/2026\/04\/20260402-ANIMATOR-przedszkole_grafika_750x200.webp\" alt=\"\"  srcset=\"https:\/\/www.24gliwice.pl\/wiadomosci\/wp-content\/uploads\/2026\/04\/20260402-ANIMATOR-przedszkole_grafika_750x200.webp 750w, https:\/\/www.24gliwice.pl\/wiadomosci\/wp-content\/uploads\/2026\/04\/20260402-ANIMATOR-przedszkole_grafika_750x200-410x109.webp 410w\" sizes=\"(max-width: 750px) 100vw, 750px\" class=\"no-lazyload\" width=\"750\" height=\"200\"  style=\"display: inline-block; max-width: 100%; height: auto;\" \/><\/a><\/div><\/div><h2>Sprz\u0105tanie dzielnicy i wyprzeda\u017c gara\u017cowa &#8211; w Bojkowie zapowiada si\u0119 eko-sobota, podczas kt\u00f3rej mo\u017cna nie tylko uprz\u0105tn\u0105\u0107 zanieczyszczaj\u0105ce \u015brodowisko odpady, ale tak\u017ce da\u0107 rzeczom drugie \u017cycie (i jeszcze na tym zyska\u0107).<\/h2>\n<p>Bojkowski Dzie\u0144 Ekologiczny organizuje Rada Dzielnicy Bojk\u00f3w. Obowi\u0105zuj\u0105 zapisy.<\/p>\n<p>Wydarzenie odb\u0119dzie si\u0119 w sobot\u0119, 21 wrze\u015bnia. Rozpocznie je akcja sprz\u0105tania dzielnicy. Jej uczestnicy o godzinie 9:30 spotkaj\u0105 si\u0119 na placu przy Szkole Podstawowej nr 8 przy ul. Spacerowej 6, gdzie otrzymaj\u0105 worki na \u015bmieci, a nast\u0119pie do godziny 12:00 postaraj\u0105 si\u0119 zebra\u0107 jak najwi\u0119cej napotkanych \u015bmieci.<\/p><div class=\"gliwi-a3-w-tresci-artykulow gliwi-entity-placement\" id=\"gliwi-1350145684\"><div class=\"gliwi-adlabel\"><span style=\"font-size: 9px\">REKLAMA<\/span><\/div><div id=\"gliwi-396775679\" style=\"margin-bottom: 30px;margin-left: auto;margin-right: auto;text-align: center;\"><a data-no-instant=\"1\" href=\"https:\/\/ogrodyandersa.pl\/\" rel=\"noopener\" class=\"a2t-link\" target=\"_blank\" aria-label=\"20260415 Ogrody Andersa KUP TERAZ D\"><img loading=\"lazy\" decoding=\"async\" src=\"https:\/\/www.24gliwice.pl\/wiadomosci\/wp-content\/uploads\/2026\/04\/20260415-Ogrody-Andersa-KUP-TERAZ-D.jpg\" alt=\"\"  srcset=\"https:\/\/www.24gliwice.pl\/wiadomosci\/wp-content\/uploads\/2026\/04\/20260415-Ogrody-Andersa-KUP-TERAZ-D.jpg 750w, https:\/\/www.24gliwice.pl\/wiadomosci\/wp-content\/uploads\/2026\/04\/20260415-Ogrody-Andersa-KUP-TERAZ-D-410x109.jpg 410w\" sizes=\"(max-width: 750px) 100vw, 750px\" class=\"no-lazyload\" width=\"750\" height=\"200\"  style=\"display: inline-block; max-width: 100%; height: auto;\" \/><\/a><\/div><\/div>\n<h4>W pierwszej, ubieg\u0142orocznej edycji sprz\u0105tania wzi\u0119\u0142o udzia\u0142 oko\u0142o 100 os\u00f3b \u2013 mo\u017ce w tym roku uda si\u0119 pobi\u0107 ten wynik?<\/h4>\n<p>Kolejnym punktem programu b\u0119dzie wyprzeda\u017c gara\u017cowa, kt\u00f3ra odb\u0119dzie si\u0119 na tym samym placu przy SP nr 8. Od godziny 13:00 do godziny 15:00 b\u0119dzie tam mo\u017cna znale\u017a\u0107 lub wystawi\u0107 zalegaj\u0105ce ubrania, zabawki czy akcesoria szkolne. \u2013 <em>Niepotrzebne, za ma\u0142e, za du\u017ce \u2013 nie wyrzucaj, sprzedaj, zamie\u0144, oddaj<\/em> \u2013 apeluj\u0105 organizatorzy akcji.<\/p>\n<p>Aby usprawni\u0107 organizacj\u0119 wydarzenia organizatorzy prosz\u0105, aby osoby zainteresowane udzia\u0142em w kt\u00f3rejkolwiek z aktywno\u015bci wype\u0142ni\u0142y formularz dost\u0119pny na stronie <a href=\"https:\/\/docs.google.com\/forms\/d\/e\/1FAIpQLSeCVkbIQ1-IyBNyGVNVGd8Y-RGcJ30XA27Vj9cx-fMXD9EsOw\/viewform?pli=1\" rel=\"noopener\" target=\"_blank\">https:\/\/docs.google.com\/forms\/d\/e\/1FAIpQLSeCVkbIQ1-IyBNyGVNVGd8Y-RGcJ30XA27Vj9cx-fMXD9EsOw\/viewform?pli=1.<\/a> Pomo\u017ce to m.in. w przygotowaniu konkretnej liczby stoisk.<\/p>\n<p>(\u017cms)\/UM Gliwice(ml)<br \/>\nFot. Zdj\u0119cie pogl\u0105dowe<\/p>\n<p><a href=\"https:\/\/www.24gliwice.pl\/wiadomosci\/wp-content\/uploads\/2024\/09\/bojkow-plakat.jpg\"><img loading=\"lazy\" decoding=\"async\" class=\"alignnone wp-image-242226\" src=\"https:\/\/www.24gliwice.pl\/wiadomosci\/wp-content\/uploads\/2024\/09\/bojkow-plakat.jpg\" alt=\"\" width=\"1083\" height=\"1354\" srcset=\"https:\/\/www.24gliwice.pl\/wiadomosci\/wp-content\/uploads\/2024\/09\/bojkow-plakat.jpg 648w, https:\/\/www.24gliwice.pl\/wiadomosci\/wp-content\/uploads\/2024\/09\/bojkow-plakat-186x232.jpg 186w, https:\/\/www.24gliwice.pl\/wiadomosci\/wp-content\/uploads\/2024\/09\/bojkow-plakat-364x455.jpg 364w\" sizes=\"auto, (max-width: 1083px) 100vw, 1083px\" \/><\/a><\/p>\n<div class=\"gliwi-a5-na-koncu-artykulow gliwi-entity-placement\" id=\"gliwi-4231567251\"><div class=\"gliwi-adlabel\"><span style=\"font-size: 9px\">REKLAMA<\/span><\/div><div id=\"gliwi-517518538\" style=\"margin-left: auto;margin-right: auto;text-align: center;\"><a data-no-instant=\"1\" href=\"https:\/\/prezeroarenagliwice.pl\/\" rel=\"noopener\" class=\"a2t-link\" target=\"_blank\" aria-label=\"20260309-PREZERO-WIOSNA-D\"><img loading=\"lazy\" decoding=\"async\" src=\"https:\/\/www.24gliwice.pl\/wiadomosci\/wp-content\/uploads\/2026\/03\/20260309-PREZERO-WIOSNA-D.webp\" alt=\"\"  srcset=\"https:\/\/www.24gliwice.pl\/wiadomosci\/wp-content\/uploads\/2026\/03\/20260309-PREZERO-WIOSNA-D.webp 750w, https:\/\/www.24gliwice.pl\/wiadomosci\/wp-content\/uploads\/2026\/03\/20260309-PREZERO-WIOSNA-D-410x109.webp 410w\" sizes=\"(max-width: 750px) 100vw, 750px\" class=\"no-lazyload\" width=\"750\" height=\"200\"  style=\"display: inline-block; max-width: 100%; height: auto;\" \/><\/a><\/div><\/div>","protected":false},"excerpt":{"rendered":"<p>Sprz\u0105tanie dzielnicy i wyprzeda\u017c gara\u017cowa &#8211; w Bojkowie zapowiada si\u0119 eko-sobota, podczas kt\u00f3rej mo\u017cna nie tylko uprz\u0105tn\u0105\u0107 zanieczyszczaj\u0105ce \u015brodowisko odpady, ale tak\u017ce da\u0107 rzeczom drugie \u017cycie (i jeszcze na tym zyska\u0107). Bojkowski Dzie\u0144 Ekologiczny organizuje Rada Dzielnicy Bojk\u00f3w. Obowi\u0105zuj\u0105 zapisy. Wydarzenie odb\u0119dzie si\u0119 w sobot\u0119, 21 wrze\u015bnia. Rozpocznie je akcja sprz\u0105tania dzielnicy. Jej uczestnicy o [&hellip;]<\/p>\n","protected":false},"author":15,"featured_media":212866,"comment_status":"open","ping_status":"closed","sticky":false,"template":"","format":"standard","meta":{"_monsterinsights_skip_tracking":false,"_monsterinsights_sitenote_active":false,"_monsterinsights_sitenote_note":"","_monsterinsights_sitenote_category":0,"footnotes":"","_links_to":"","_links_to_target":""},"categories":[3,6,1],"tags":[23919,7319],"class_list":["post-242224","post","type-post","status-publish","format-standard","has-post-thumbnail","hentry","category-gliwice","category-kultura","category-wszystko","tag-sprzatanie-dzielnicy","tag-wyprzedaz-garazowa"],"yoast_head":"<!-- This site is optimized with the Yoast SEO plugin v27.4 - https:\/\/yoast.com\/product\/yoast-seo-wordpress\/ -->\n<title>Wyprzeda\u017c gara\u017cowa i akcja sprz\u0105tania dzielnicy. Na Bojkowski Dzie\u0144 Ekologiczny obowi\u0105zuj\u0105 zapisy - 24GLIWICE - Portal Gliwice | codziennie nowe informacje<\/title>\n<meta name=\"description\" content=\"Mieszka\u0144cy Bojkowa posprz\u0105taj\u0105 \u015bmieci zalegaj\u0105ce w miejscach do tego nieprzeznaczonych, mog\u0105 te\u017c wzi\u0105\u0107 udzia\u0142 w wyprzeda\u017cy gara\u017cowej\" \/>\n<meta name=\"robots\" content=\"index, follow, max-snippet:-1, max-image-preview:large, max-video-preview:-1\" \/>\n<link rel=\"canonical\" href=\"https:\/\/www.24gliwice.pl\/wiadomosci\/wyprzedaz-garazowa-i-akcja-sprzatania-dzielnicy-na-bojkowski-dzien-ekologiczny-obowiazuja-zapisy\/\" \/>\n<meta property=\"og:locale\" content=\"pl_PL\" \/>\n<meta property=\"og:type\" content=\"article\" \/>\n<meta property=\"og:title\" content=\"Wyprzeda\u017c gara\u017cowa i akcja sprz\u0105tania dzielnicy. Na Bojkowski Dzie\u0144 Ekologiczny obowi\u0105zuj\u0105 zapisy - 24GLIWICE - Portal Gliwice | codziennie nowe informacje\" \/>\n<meta property=\"og:description\" content=\"Mieszka\u0144cy Bojkowa posprz\u0105taj\u0105 \u015bmieci zalegaj\u0105ce w miejscach do tego nieprzeznaczonych, mog\u0105 te\u017c wzi\u0105\u0107 udzia\u0142 w wyprzeda\u017cy gara\u017cowej\" \/>\n<meta property=\"og:url\" content=\"https:\/\/www.24gliwice.pl\/wiadomosci\/wyprzedaz-garazowa-i-akcja-sprzatania-dzielnicy-na-bojkowski-dzien-ekologiczny-obowiazuja-zapisy\/\" \/>\n<meta property=\"og:site_name\" content=\"24GLIWICE - Portal Gliwice | codziennie nowe informacje\" \/>\n<meta property=\"article:publisher\" content=\"https:\/\/www.facebook.com\/24gliwice\" \/>\n<meta property=\"article:published_time\" content=\"2024-09-20T08:54:23+00:00\" \/>\n<meta property=\"article:modified_time\" content=\"2024-09-20T09:54:40+00:00\" \/>\n<meta property=\"og:image\" content=\"https:\/\/www.24gliwice.pl\/wiadomosci\/wp-content\/uploads\/2023\/04\/sprzatanie-bojkow.jpg\" \/>\n\t<meta property=\"og:image:width\" content=\"810\" \/>\n\t<meta property=\"og:image:height\" content=\"457\" \/>\n\t<meta property=\"og:image:type\" content=\"image\/jpeg\" \/>\n<meta name=\"author\" content=\"\u017baneta Mrozek-Siewierska\" \/>\n<meta name=\"twitter:card\" content=\"summary_large_image\" \/>\n<meta name=\"twitter:creator\" content=\"@24gliwice\" \/>\n<meta name=\"twitter:site\" content=\"@24gliwice\" \/>\n<meta name=\"twitter:label1\" content=\"Napisane przez\" \/>\n\t<meta name=\"twitter:data1\" content=\"\u017baneta Mrozek-Siewierska\" \/>\n\t<meta name=\"twitter:label2\" content=\"Szacowany czas czytania\" \/>\n\t<meta name=\"twitter:data2\" content=\"2 minuty\" \/>\n<script type=\"application\/ld+json\" class=\"yoast-schema-graph\">{\"@context\":\"https:\\\/\\\/schema.org\",\"@graph\":[{\"@type\":\"Article\",\"@id\":\"https:\\\/\\\/www.24gliwice.pl\\\/wiadomosci\\\/wyprzedaz-garazowa-i-akcja-sprzatania-dzielnicy-na-bojkowski-dzien-ekologiczny-obowiazuja-zapisy\\\/#article\",\"isPartOf\":{\"@id\":\"https:\\\/\\\/www.24gliwice.pl\\\/wiadomosci\\\/wyprzedaz-garazowa-i-akcja-sprzatania-dzielnicy-na-bojkowski-dzien-ekologiczny-obowiazuja-zapisy\\\/\"},\"author\":{\"name\":\"\u017baneta Mrozek-Siewierska\",\"@id\":\"https:\\\/\\\/www.24gliwice.pl\\\/wiadomosci\\\/#\\\/schema\\\/person\\\/e42c650edd7f2fa332be3811fb166b6e\"},\"headline\":\"Wyprzeda\u017c gara\u017cowa i akcja sprz\u0105tania dzielnicy. Na Bojkowski Dzie\u0144 Ekologiczny obowi\u0105zuj\u0105 zapisy\",\"datePublished\":\"2024-09-20T08:54:23+00:00\",\"dateModified\":\"2024-09-20T09:54:40+00:00\",\"mainEntityOfPage\":{\"@id\":\"https:\\\/\\\/www.24gliwice.pl\\\/wiadomosci\\\/wyprzedaz-garazowa-i-akcja-sprzatania-dzielnicy-na-bojkowski-dzien-ekologiczny-obowiazuja-zapisy\\\/\"},\"wordCount\":249,\"commentCount\":0,\"publisher\":{\"@id\":\"https:\\\/\\\/www.24gliwice.pl\\\/wiadomosci\\\/#organization\"},\"image\":{\"@id\":\"https:\\\/\\\/www.24gliwice.pl\\\/wiadomosci\\\/wyprzedaz-garazowa-i-akcja-sprzatania-dzielnicy-na-bojkowski-dzien-ekologiczny-obowiazuja-zapisy\\\/#primaryimage\"},\"thumbnailUrl\":\"https:\\\/\\\/www.24gliwice.pl\\\/wiadomosci\\\/wp-content\\\/uploads\\\/2023\\\/04\\\/sprzatanie-bojkow.jpg\",\"keywords\":[\"SPRZ\u0104TANIE DZIELNICY\",\"WYPRZEDA\u017b GARA\u017bOWA\"],\"articleSection\":[\"Gliwice\",\"Kultura, wydarzenia, imprezy\",\"Najnowsze wiadomo\u015bci\"],\"inLanguage\":\"pl-PL\",\"potentialAction\":[{\"@type\":\"CommentAction\",\"name\":\"Comment\",\"target\":[\"https:\\\/\\\/www.24gliwice.pl\\\/wiadomosci\\\/wyprzedaz-garazowa-i-akcja-sprzatania-dzielnicy-na-bojkowski-dzien-ekologiczny-obowiazuja-zapisy\\\/#respond\"]}]},{\"@type\":\"WebPage\",\"@id\":\"https:\\\/\\\/www.24gliwice.pl\\\/wiadomosci\\\/wyprzedaz-garazowa-i-akcja-sprzatania-dzielnicy-na-bojkowski-dzien-ekologiczny-obowiazuja-zapisy\\\/\",\"url\":\"https:\\\/\\\/www.24gliwice.pl\\\/wiadomosci\\\/wyprzedaz-garazowa-i-akcja-sprzatania-dzielnicy-na-bojkowski-dzien-ekologiczny-obowiazuja-zapisy\\\/\",\"name\":\"Wyprzeda\u017c gara\u017cowa i akcja sprz\u0105tania dzielnicy. Na Bojkowski Dzie\u0144 Ekologiczny obowi\u0105zuj\u0105 zapisy - 24GLIWICE - Portal Gliwice | codziennie nowe informacje\",\"isPartOf\":{\"@id\":\"https:\\\/\\\/www.24gliwice.pl\\\/wiadomosci\\\/#website\"},\"primaryImageOfPage\":{\"@id\":\"https:\\\/\\\/www.24gliwice.pl\\\/wiadomosci\\\/wyprzedaz-garazowa-i-akcja-sprzatania-dzielnicy-na-bojkowski-dzien-ekologiczny-obowiazuja-zapisy\\\/#primaryimage\"},\"image\":{\"@id\":\"https:\\\/\\\/www.24gliwice.pl\\\/wiadomosci\\\/wyprzedaz-garazowa-i-akcja-sprzatania-dzielnicy-na-bojkowski-dzien-ekologiczny-obowiazuja-zapisy\\\/#primaryimage\"},\"thumbnailUrl\":\"https:\\\/\\\/www.24gliwice.pl\\\/wiadomosci\\\/wp-content\\\/uploads\\\/2023\\\/04\\\/sprzatanie-bojkow.jpg\",\"datePublished\":\"2024-09-20T08:54:23+00:00\",\"dateModified\":\"2024-09-20T09:54:40+00:00\",\"description\":\"Mieszka\u0144cy Bojkowa posprz\u0105taj\u0105 \u015bmieci zalegaj\u0105ce w miejscach do tego nieprzeznaczonych, mog\u0105 te\u017c wzi\u0105\u0107 udzia\u0142 w wyprzeda\u017cy gara\u017cowej\",\"breadcrumb\":{\"@id\":\"https:\\\/\\\/www.24gliwice.pl\\\/wiadomosci\\\/wyprzedaz-garazowa-i-akcja-sprzatania-dzielnicy-na-bojkowski-dzien-ekologiczny-obowiazuja-zapisy\\\/#breadcrumb\"},\"inLanguage\":\"pl-PL\",\"potentialAction\":[{\"@type\":\"ReadAction\",\"target\":[\"https:\\\/\\\/www.24gliwice.pl\\\/wiadomosci\\\/wyprzedaz-garazowa-i-akcja-sprzatania-dzielnicy-na-bojkowski-dzien-ekologiczny-obowiazuja-zapisy\\\/\"]}]},{\"@type\":\"ImageObject\",\"inLanguage\":\"pl-PL\",\"@id\":\"https:\\\/\\\/www.24gliwice.pl\\\/wiadomosci\\\/wyprzedaz-garazowa-i-akcja-sprzatania-dzielnicy-na-bojkowski-dzien-ekologiczny-obowiazuja-zapisy\\\/#primaryimage\",\"url\":\"https:\\\/\\\/www.24gliwice.pl\\\/wiadomosci\\\/wp-content\\\/uploads\\\/2023\\\/04\\\/sprzatanie-bojkow.jpg\",\"contentUrl\":\"https:\\\/\\\/www.24gliwice.pl\\\/wiadomosci\\\/wp-content\\\/uploads\\\/2023\\\/04\\\/sprzatanie-bojkow.jpg\",\"width\":810,\"height\":457},{\"@type\":\"BreadcrumbList\",\"@id\":\"https:\\\/\\\/www.24gliwice.pl\\\/wiadomosci\\\/wyprzedaz-garazowa-i-akcja-sprzatania-dzielnicy-na-bojkowski-dzien-ekologiczny-obowiazuja-zapisy\\\/#breadcrumb\",\"itemListElement\":[{\"@type\":\"ListItem\",\"position\":1,\"name\":\"Strona g\u0142\u00f3wna\",\"item\":\"https:\\\/\\\/www.24gliwice.pl\\\/wiadomosci\\\/\"},{\"@type\":\"ListItem\",\"position\":2,\"name\":\"Wyprzeda\u017c gara\u017cowa i akcja sprz\u0105tania dzielnicy. Na Bojkowski Dzie\u0144 Ekologiczny obowi\u0105zuj\u0105 zapisy\"}]},{\"@type\":\"WebSite\",\"@id\":\"https:\\\/\\\/www.24gliwice.pl\\\/wiadomosci\\\/#website\",\"url\":\"https:\\\/\\\/www.24gliwice.pl\\\/wiadomosci\\\/\",\"name\":\"24GLIWICE - Portal Gliwice | codziennie nowe wiadomo\u015bci\",\"description\":\"Portal Miejski Gliwice\",\"publisher\":{\"@id\":\"https:\\\/\\\/www.24gliwice.pl\\\/wiadomosci\\\/#organization\"},\"potentialAction\":[{\"@type\":\"SearchAction\",\"target\":{\"@type\":\"EntryPoint\",\"urlTemplate\":\"https:\\\/\\\/www.24gliwice.pl\\\/wiadomosci\\\/?s={search_term_string}\"},\"query-input\":{\"@type\":\"PropertyValueSpecification\",\"valueRequired\":true,\"valueName\":\"search_term_string\"}}],\"inLanguage\":\"pl-PL\"},{\"@type\":\"Organization\",\"@id\":\"https:\\\/\\\/www.24gliwice.pl\\\/wiadomosci\\\/#organization\",\"name\":\"24gliwice\",\"url\":\"https:\\\/\\\/www.24gliwice.pl\\\/wiadomosci\\\/\",\"logo\":{\"@type\":\"ImageObject\",\"inLanguage\":\"pl-PL\",\"@id\":\"https:\\\/\\\/www.24gliwice.pl\\\/wiadomosci\\\/#\\\/schema\\\/logo\\\/image\\\/\",\"url\":\"https:\\\/\\\/www.24gliwice.pl\\\/wiadomosci\\\/wp-content\\\/uploads\\\/2024\\\/10\\\/24gliwice-logo-696.jpg\",\"contentUrl\":\"https:\\\/\\\/www.24gliwice.pl\\\/wiadomosci\\\/wp-content\\\/uploads\\\/2024\\\/10\\\/24gliwice-logo-696.jpg\",\"width\":696,\"height\":696,\"caption\":\"24gliwice\"},\"image\":{\"@id\":\"https:\\\/\\\/www.24gliwice.pl\\\/wiadomosci\\\/#\\\/schema\\\/logo\\\/image\\\/\"},\"sameAs\":[\"https:\\\/\\\/www.facebook.com\\\/24gliwice\",\"https:\\\/\\\/x.com\\\/24gliwice\",\"https:\\\/\\\/www.youtube.com\\\/@24gliwice\"]},{\"@type\":\"Person\",\"@id\":\"https:\\\/\\\/www.24gliwice.pl\\\/wiadomosci\\\/#\\\/schema\\\/person\\\/e42c650edd7f2fa332be3811fb166b6e\",\"name\":\"\u017baneta Mrozek-Siewierska\",\"image\":{\"@type\":\"ImageObject\",\"inLanguage\":\"pl-PL\",\"@id\":\"https:\\\/\\\/www.24gliwice.pl\\\/wiadomosci\\\/wp-content\\\/uploads\\\/2021\\\/11\\\/Zaneta-M_S-zdjecie-czb-96x96.jpg\",\"url\":\"https:\\\/\\\/www.24gliwice.pl\\\/wiadomosci\\\/wp-content\\\/uploads\\\/2021\\\/11\\\/Zaneta-M_S-zdjecie-czb-96x96.jpg\",\"contentUrl\":\"https:\\\/\\\/www.24gliwice.pl\\\/wiadomosci\\\/wp-content\\\/uploads\\\/2021\\\/11\\\/Zaneta-M_S-zdjecie-czb-96x96.jpg\",\"caption\":\"\u017baneta Mrozek-Siewierska\"},\"url\":\"https:\\\/\\\/www.24gliwice.pl\\\/wiadomosci\\\/author\\\/zms\\\/\"}]}<\/script>\n<!-- \/ Yoast SEO plugin. -->","yoast_head_json":{"title":"Wyprzeda\u017c gara\u017cowa i akcja sprz\u0105tania dzielnicy. Na Bojkowski Dzie\u0144 Ekologiczny obowi\u0105zuj\u0105 zapisy - 24GLIWICE - Portal Gliwice | codziennie nowe informacje","description":"Mieszka\u0144cy Bojkowa posprz\u0105taj\u0105 \u015bmieci zalegaj\u0105ce w miejscach do tego nieprzeznaczonych, mog\u0105 te\u017c wzi\u0105\u0107 udzia\u0142 w wyprzeda\u017cy gara\u017cowej","robots":{"index":"index","follow":"follow","max-snippet":"max-snippet:-1","max-image-preview":"max-image-preview:large","max-video-preview":"max-video-preview:-1"},"canonical":"https:\/\/www.24gliwice.pl\/wiadomosci\/wyprzedaz-garazowa-i-akcja-sprzatania-dzielnicy-na-bojkowski-dzien-ekologiczny-obowiazuja-zapisy\/","og_locale":"pl_PL","og_type":"article","og_title":"Wyprzeda\u017c gara\u017cowa i akcja sprz\u0105tania dzielnicy. Na Bojkowski Dzie\u0144 Ekologiczny obowi\u0105zuj\u0105 zapisy - 24GLIWICE - Portal Gliwice | codziennie nowe informacje","og_description":"Mieszka\u0144cy Bojkowa posprz\u0105taj\u0105 \u015bmieci zalegaj\u0105ce w miejscach do tego nieprzeznaczonych, mog\u0105 te\u017c wzi\u0105\u0107 udzia\u0142 w wyprzeda\u017cy gara\u017cowej","og_url":"https:\/\/www.24gliwice.pl\/wiadomosci\/wyprzedaz-garazowa-i-akcja-sprzatania-dzielnicy-na-bojkowski-dzien-ekologiczny-obowiazuja-zapisy\/","og_site_name":"24GLIWICE - Portal Gliwice | codziennie nowe informacje","article_publisher":"https:\/\/www.facebook.com\/24gliwice","article_published_time":"2024-09-20T08:54:23+00:00","article_modified_time":"2024-09-20T09:54:40+00:00","og_image":[{"width":810,"height":457,"url":"https:\/\/www.24gliwice.pl\/wiadomosci\/wp-content\/uploads\/2023\/04\/sprzatanie-bojkow.jpg","type":"image\/jpeg"}],"author":"\u017baneta Mrozek-Siewierska","twitter_card":"summary_large_image","twitter_creator":"@24gliwice","twitter_site":"@24gliwice","twitter_misc":{"Napisane przez":"\u017baneta Mrozek-Siewierska","Szacowany czas czytania":"2 minuty"},"schema":{"@context":"https:\/\/schema.org","@graph":[{"@type":"Article","@id":"https:\/\/www.24gliwice.pl\/wiadomosci\/wyprzedaz-garazowa-i-akcja-sprzatania-dzielnicy-na-bojkowski-dzien-ekologiczny-obowiazuja-zapisy\/#article","isPartOf":{"@id":"https:\/\/www.24gliwice.pl\/wiadomosci\/wyprzedaz-garazowa-i-akcja-sprzatania-dzielnicy-na-bojkowski-dzien-ekologiczny-obowiazuja-zapisy\/"},"author":{"name":"\u017baneta Mrozek-Siewierska","@id":"https:\/\/www.24gliwice.pl\/wiadomosci\/#\/schema\/person\/e42c650edd7f2fa332be3811fb166b6e"},"headline":"Wyprzeda\u017c gara\u017cowa i akcja sprz\u0105tania dzielnicy. Na Bojkowski Dzie\u0144 Ekologiczny obowi\u0105zuj\u0105 zapisy","datePublished":"2024-09-20T08:54:23+00:00","dateModified":"2024-09-20T09:54:40+00:00","mainEntityOfPage":{"@id":"https:\/\/www.24gliwice.pl\/wiadomosci\/wyprzedaz-garazowa-i-akcja-sprzatania-dzielnicy-na-bojkowski-dzien-ekologiczny-obowiazuja-zapisy\/"},"wordCount":249,"commentCount":0,"publisher":{"@id":"https:\/\/www.24gliwice.pl\/wiadomosci\/#organization"},"image":{"@id":"https:\/\/www.24gliwice.pl\/wiadomosci\/wyprzedaz-garazowa-i-akcja-sprzatania-dzielnicy-na-bojkowski-dzien-ekologiczny-obowiazuja-zapisy\/#primaryimage"},"thumbnailUrl":"https:\/\/www.24gliwice.pl\/wiadomosci\/wp-content\/uploads\/2023\/04\/sprzatanie-bojkow.jpg","keywords":["SPRZ\u0104TANIE DZIELNICY","WYPRZEDA\u017b GARA\u017bOWA"],"articleSection":["Gliwice","Kultura, wydarzenia, imprezy","Najnowsze wiadomo\u015bci"],"inLanguage":"pl-PL","potentialAction":[{"@type":"CommentAction","name":"Comment","target":["https:\/\/www.24gliwice.pl\/wiadomosci\/wyprzedaz-garazowa-i-akcja-sprzatania-dzielnicy-na-bojkowski-dzien-ekologiczny-obowiazuja-zapisy\/#respond"]}]},{"@type":"WebPage","@id":"https:\/\/www.24gliwice.pl\/wiadomosci\/wyprzedaz-garazowa-i-akcja-sprzatania-dzielnicy-na-bojkowski-dzien-ekologiczny-obowiazuja-zapisy\/","url":"https:\/\/www.24gliwice.pl\/wiadomosci\/wyprzedaz-garazowa-i-akcja-sprzatania-dzielnicy-na-bojkowski-dzien-ekologiczny-obowiazuja-zapisy\/","name":"Wyprzeda\u017c gara\u017cowa i akcja sprz\u0105tania dzielnicy. Na Bojkowski Dzie\u0144 Ekologiczny obowi\u0105zuj\u0105 zapisy - 24GLIWICE - Portal Gliwice | codziennie nowe informacje","isPartOf":{"@id":"https:\/\/www.24gliwice.pl\/wiadomosci\/#website"},"primaryImageOfPage":{"@id":"https:\/\/www.24gliwice.pl\/wiadomosci\/wyprzedaz-garazowa-i-akcja-sprzatania-dzielnicy-na-bojkowski-dzien-ekologiczny-obowiazuja-zapisy\/#primaryimage"},"image":{"@id":"https:\/\/www.24gliwice.pl\/wiadomosci\/wyprzedaz-garazowa-i-akcja-sprzatania-dzielnicy-na-bojkowski-dzien-ekologiczny-obowiazuja-zapisy\/#primaryimage"},"thumbnailUrl":"https:\/\/www.24gliwice.pl\/wiadomosci\/wp-content\/uploads\/2023\/04\/sprzatanie-bojkow.jpg","datePublished":"2024-09-20T08:54:23+00:00","dateModified":"2024-09-20T09:54:40+00:00","description":"Mieszka\u0144cy Bojkowa posprz\u0105taj\u0105 \u015bmieci zalegaj\u0105ce w miejscach do tego nieprzeznaczonych, mog\u0105 te\u017c wzi\u0105\u0107 udzia\u0142 w wyprzeda\u017cy gara\u017cowej","breadcrumb":{"@id":"https:\/\/www.24gliwice.pl\/wiadomosci\/wyprzedaz-garazowa-i-akcja-sprzatania-dzielnicy-na-bojkowski-dzien-ekologiczny-obowiazuja-zapisy\/#breadcrumb"},"inLanguage":"pl-PL","potentialAction":[{"@type":"ReadAction","target":["https:\/\/www.24gliwice.pl\/wiadomosci\/wyprzedaz-garazowa-i-akcja-sprzatania-dzielnicy-na-bojkowski-dzien-ekologiczny-obowiazuja-zapisy\/"]}]},{"@type":"ImageObject","inLanguage":"pl-PL","@id":"https:\/\/www.24gliwice.pl\/wiadomosci\/wyprzedaz-garazowa-i-akcja-sprzatania-dzielnicy-na-bojkowski-dzien-ekologiczny-obowiazuja-zapisy\/#primaryimage","url":"https:\/\/www.24gliwice.pl\/wiadomosci\/wp-content\/uploads\/2023\/04\/sprzatanie-bojkow.jpg","contentUrl":"https:\/\/www.24gliwice.pl\/wiadomosci\/wp-content\/uploads\/2023\/04\/sprzatanie-bojkow.jpg","width":810,"height":457},{"@type":"BreadcrumbList","@id":"https:\/\/www.24gliwice.pl\/wiadomosci\/wyprzedaz-garazowa-i-akcja-sprzatania-dzielnicy-na-bojkowski-dzien-ekologiczny-obowiazuja-zapisy\/#breadcrumb","itemListElement":[{"@type":"ListItem","position":1,"name":"Strona g\u0142\u00f3wna","item":"https:\/\/www.24gliwice.pl\/wiadomosci\/"},{"@type":"ListItem","position":2,"name":"Wyprzeda\u017c gara\u017cowa i akcja sprz\u0105tania dzielnicy. Na Bojkowski Dzie\u0144 Ekologiczny obowi\u0105zuj\u0105 zapisy"}]},{"@type":"WebSite","@id":"https:\/\/www.24gliwice.pl\/wiadomosci\/#website","url":"https:\/\/www.24gliwice.pl\/wiadomosci\/","name":"24GLIWICE - Portal Gliwice | codziennie nowe wiadomo\u015bci","description":"Portal Miejski Gliwice","publisher":{"@id":"https:\/\/www.24gliwice.pl\/wiadomosci\/#organization"},"potentialAction":[{"@type":"SearchAction","target":{"@type":"EntryPoint","urlTemplate":"https:\/\/www.24gliwice.pl\/wiadomosci\/?s={search_term_string}"},"query-input":{"@type":"PropertyValueSpecification","valueRequired":true,"valueName":"search_term_string"}}],"inLanguage":"pl-PL"},{"@type":"Organization","@id":"https:\/\/www.24gliwice.pl\/wiadomosci\/#organization","name":"24gliwice","url":"https:\/\/www.24gliwice.pl\/wiadomosci\/","logo":{"@type":"ImageObject","inLanguage":"pl-PL","@id":"https:\/\/www.24gliwice.pl\/wiadomosci\/#\/schema\/logo\/image\/","url":"https:\/\/www.24gliwice.pl\/wiadomosci\/wp-content\/uploads\/2024\/10\/24gliwice-logo-696.jpg","contentUrl":"https:\/\/www.24gliwice.pl\/wiadomosci\/wp-content\/uploads\/2024\/10\/24gliwice-logo-696.jpg","width":696,"height":696,"caption":"24gliwice"},"image":{"@id":"https:\/\/www.24gliwice.pl\/wiadomosci\/#\/schema\/logo\/image\/"},"sameAs":["https:\/\/www.facebook.com\/24gliwice","https:\/\/x.com\/24gliwice","https:\/\/www.youtube.com\/@24gliwice"]},{"@type":"Person","@id":"https:\/\/www.24gliwice.pl\/wiadomosci\/#\/schema\/person\/e42c650edd7f2fa332be3811fb166b6e","name":"\u017baneta Mrozek-Siewierska","image":{"@type":"ImageObject","inLanguage":"pl-PL","@id":"https:\/\/www.24gliwice.pl\/wiadomosci\/wp-content\/uploads\/2021\/11\/Zaneta-M_S-zdjecie-czb-96x96.jpg","url":"https:\/\/www.24gliwice.pl\/wiadomosci\/wp-content\/uploads\/2021\/11\/Zaneta-M_S-zdjecie-czb-96x96.jpg","contentUrl":"https:\/\/www.24gliwice.pl\/wiadomosci\/wp-content\/uploads\/2021\/11\/Zaneta-M_S-zdjecie-czb-96x96.jpg","caption":"\u017baneta Mrozek-Siewierska"},"url":"https:\/\/www.24gliwice.pl\/wiadomosci\/author\/zms\/"}]}},"_links":{"self":[{"href":"https:\/\/www.24gliwice.pl\/wiadomosci\/wp-json\/wp\/v2\/posts\/242224","targetHints":{"allow":["GET"]}}],"collection":[{"href":"https:\/\/www.24gliwice.pl\/wiadomosci\/wp-json\/wp\/v2\/posts"}],"about":[{"href":"https:\/\/www.24gliwice.pl\/wiadomosci\/wp-json\/wp\/v2\/types\/post"}],"author":[{"embeddable":true,"href":"https:\/\/www.24gliwice.pl\/wiadomosci\/wp-json\/wp\/v2\/users\/15"}],"replies":[{"embeddable":true,"href":"https:\/\/www.24gliwice.pl\/wiadomosci\/wp-json\/wp\/v2\/comments?post=242224"}],"version-history":[{"count":3,"href":"https:\/\/www.24gliwice.pl\/wiadomosci\/wp-json\/wp\/v2\/posts\/242224\/revisions"}],"predecessor-version":[{"id":242228,"href":"https:\/\/www.24gliwice.pl\/wiadomosci\/wp-json\/wp\/v2\/posts\/242224\/revisions\/242228"}],"wp:featuredmedia":[{"embeddable":true,"href":"https:\/\/www.24gliwice.pl\/wiadomosci\/wp-json\/wp\/v2\/media\/212866"}],"wp:attachment":[{"href":"https:\/\/www.24gliwice.pl\/wiadomosci\/wp-json\/wp\/v2\/media?parent=242224"}],"wp:term":[{"taxonomy":"category","embeddable":true,"href":"https:\/\/www.24gliwice.pl\/wiadomosci\/wp-json\/wp\/v2\/categories?post=242224"},{"taxonomy":"post_tag","embeddable":true,"href":"https:\/\/www.24gliwice.pl\/wiadomosci\/wp-json\/wp\/v2\/tags?post=242224"}],"curies":[{"name":"wp","href":"https:\/\/api.w.org\/{rel}","templated":true}]}}