{"id":244055,"date":"2024-10-19T04:09:55","date_gmt":"2024-10-19T02:09:55","guid":{"rendered":"https:\/\/www.24gliwice.pl\/wiadomosci\/?p=244055"},"modified":"2024-10-19T04:09:55","modified_gmt":"2024-10-19T02:09:55","slug":"ostatnia-okazja-w-tym-roku-na-taka-sprzedaz-lub-zakupy-wyprzedaz-garazowa-na-pl-krakowskim","status":"publish","type":"post","link":"https:\/\/www.24gliwice.pl\/wiadomosci\/ostatnia-okazja-w-tym-roku-na-taka-sprzedaz-lub-zakupy-wyprzedaz-garazowa-na-pl-krakowskim\/","title":{"rendered":"Ostatnia okazja w tym roku na tak\u0105 sprzeda\u017c lub zakupy. Wyprzeda\u017c gara\u017cowa na pl. Krakowskim"},"content":{"rendered":"<div class=\"gliwi-a6-nad-leadem-artykulow gliwi-entity-placement\" id=\"gliwi-3020376344\"><div class=\"gliwi-adlabel\"><span style=\"font-size: 9px\">REKLAMA<\/span><\/div><div id=\"gliwi-2845411714\" style=\"margin-bottom: 30px;margin-left: auto;margin-right: auto;text-align: center;\"><a data-no-instant=\"1\" href=\"https:\/\/przedszkole.halogen.org.pl\/\" rel=\"noopener\" class=\"a2t-link\" target=\"_blank\" aria-label=\"20260402-ANIMATOR-przedszkole_grafika_750x200\"><img loading=\"lazy\" decoding=\"async\" src=\"https:\/\/www.24gliwice.pl\/wiadomosci\/wp-content\/uploads\/2026\/04\/20260402-ANIMATOR-przedszkole_grafika_750x200.webp\" alt=\"\"  srcset=\"https:\/\/www.24gliwice.pl\/wiadomosci\/wp-content\/uploads\/2026\/04\/20260402-ANIMATOR-przedszkole_grafika_750x200.webp 750w, https:\/\/www.24gliwice.pl\/wiadomosci\/wp-content\/uploads\/2026\/04\/20260402-ANIMATOR-przedszkole_grafika_750x200-410x109.webp 410w\" sizes=\"(max-width: 750px) 100vw, 750px\" class=\"no-lazyload\" width=\"750\" height=\"200\"  style=\"display: inline-block; max-width: 100%; height: auto;\" \/><\/a><\/div><\/div><h2>Dobiega ko\u0144ca tegoroczna edycja cyklicznych wyprzeda\u017cy gara\u017cowych organizowanych w \u015ar\u00f3dmie\u015bciu. Ostatnia okazja, by kupi\u0107 co\u015b w okazyjnej cenie lub pozby\u0107 si\u0119 zb\u0119dnych rzeczy z domu b\u0119dzie w niedziel\u0119, 20 pa\u017adziernika.<\/h2>\n<p><!--more--><\/p>\n<p>Je\u015bli wi\u0119c macie co\u015b, co przedstawia warto\u015b\u0107 u\u017cytkow\u0105, a nie jest Wam ju\u017c potrzebne, warto wykorzysta\u0107 szans\u0119. Wystarczy przyj\u015b\u0107 w niedziel\u0119 na plac Krakowski i urz\u0105dzi\u0107 swoje stoisko. <\/p>\n<p>Wyprzeda\u017c potrwa od godziny 8:00 do 13:00. To \u015bwietna okazja, by znale\u017a\u0107 unikatowe przedmioty, ale te\u017c przejrze\u0107 szafy i pozby\u0107 si\u0119 rzeczy, kt\u00f3rych ju\u017c nie u\u017cywamy. <\/p><div class=\"gliwi-a3-w-tresci-artykulow gliwi-entity-placement\" id=\"gliwi-2804381235\"><div class=\"gliwi-adlabel\"><span style=\"font-size: 9px\">REKLAMA<\/span><\/div><div id=\"gliwi-252338327\" style=\"margin-bottom: 30px;margin-left: auto;margin-right: auto;text-align: center;\"><a data-no-instant=\"1\" href=\"https:\/\/ogrodyandersa.pl\/\" rel=\"noopener\" class=\"a2t-link\" target=\"_blank\" aria-label=\"20260415 Ogrody Andersa KUP TERAZ D\"><img loading=\"lazy\" decoding=\"async\" src=\"https:\/\/www.24gliwice.pl\/wiadomosci\/wp-content\/uploads\/2026\/04\/20260415-Ogrody-Andersa-KUP-TERAZ-D.jpg\" alt=\"\"  srcset=\"https:\/\/www.24gliwice.pl\/wiadomosci\/wp-content\/uploads\/2026\/04\/20260415-Ogrody-Andersa-KUP-TERAZ-D.jpg 750w, https:\/\/www.24gliwice.pl\/wiadomosci\/wp-content\/uploads\/2026\/04\/20260415-Ogrody-Andersa-KUP-TERAZ-D-410x109.jpg 410w\" sizes=\"(max-width: 750px) 100vw, 750px\" class=\"no-lazyload\" width=\"750\" height=\"200\"  style=\"display: inline-block; max-width: 100%; height: auto;\" \/><\/a><\/div><\/div>\n<p>Op\u0142ata za wystawienie stanowiska wynosi tylko 2 z\u0142, p\u0142atne u organizatora &#8211; Rady Dzielnicy \u015ar\u00f3dmie\u015bcie.  <\/p>\n<p>(\u017cms)\/UM Gliwice(mf)<\/p>\n<div class=\"gliwi-a5-na-koncu-artykulow gliwi-entity-placement\" id=\"gliwi-159480110\"><div class=\"gliwi-adlabel\"><span style=\"font-size: 9px\">REKLAMA<\/span><\/div><div id=\"gliwi-1087792086\" style=\"margin-left: auto;margin-right: auto;text-align: center;\"><a data-no-instant=\"1\" href=\"https:\/\/prezeroarenagliwice.pl\/\" rel=\"noopener\" class=\"a2t-link\" target=\"_blank\" aria-label=\"20260309-PREZERO-WIOSNA-D\"><img loading=\"lazy\" decoding=\"async\" src=\"https:\/\/www.24gliwice.pl\/wiadomosci\/wp-content\/uploads\/2026\/03\/20260309-PREZERO-WIOSNA-D.webp\" alt=\"\"  srcset=\"https:\/\/www.24gliwice.pl\/wiadomosci\/wp-content\/uploads\/2026\/03\/20260309-PREZERO-WIOSNA-D.webp 750w, https:\/\/www.24gliwice.pl\/wiadomosci\/wp-content\/uploads\/2026\/03\/20260309-PREZERO-WIOSNA-D-410x109.webp 410w\" sizes=\"(max-width: 750px) 100vw, 750px\" class=\"no-lazyload\" width=\"750\" height=\"200\"  style=\"display: inline-block; max-width: 100%; height: auto;\" \/><\/a><\/div><\/div>","protected":false},"excerpt":{"rendered":"<p>Dobiega ko\u0144ca tegoroczna edycja cyklicznych wyprzeda\u017cy gara\u017cowych organizowanych w \u015ar\u00f3dmie\u015bciu. Ostatnia okazja, by kupi\u0107 co\u015b w okazyjnej cenie lub pozby\u0107 si\u0119 zb\u0119dnych rzeczy z domu b\u0119dzie w niedziel\u0119, 20 pa\u017adziernika.<\/p>\n","protected":false},"author":15,"featured_media":222755,"comment_status":"open","ping_status":"closed","sticky":false,"template":"","format":"standard","meta":{"_monsterinsights_skip_tracking":false,"_monsterinsights_sitenote_active":false,"_monsterinsights_sitenote_note":"","_monsterinsights_sitenote_category":0,"footnotes":"","_links_to":"","_links_to_target":""},"categories":[3,6,1],"tags":[2091,7319],"class_list":["post-244055","post","type-post","status-publish","format-standard","has-post-thumbnail","hentry","category-gliwice","category-kultura","category-wszystko","tag-plac-krakowski","tag-wyprzedaz-garazowa"],"yoast_head":"<!-- This site is optimized with the Yoast SEO plugin v27.4 - https:\/\/yoast.com\/product\/yoast-seo-wordpress\/ -->\n<title>Ostatnia okazja w tym roku na tak\u0105 sprzeda\u017c lub zakupy. Wyprzeda\u017c gara\u017cowa na pl. Krakowskim - 24GLIWICE - Portal Gliwice | codziennie nowe informacje<\/title>\n<meta name=\"description\" content=\"W niedziel\u0119, 20 pa\u017adziernika, odb\u0119dzie si\u0119 ostatnia tegoroczna wyprzeda\u017c gara\u017cowa na placu Krakowskim. Op\u0142ata za stanowisko handlowe to 2 z\u0142\" \/>\n<meta name=\"robots\" content=\"index, follow, max-snippet:-1, max-image-preview:large, max-video-preview:-1\" \/>\n<link rel=\"canonical\" href=\"https:\/\/www.24gliwice.pl\/wiadomosci\/ostatnia-okazja-w-tym-roku-na-taka-sprzedaz-lub-zakupy-wyprzedaz-garazowa-na-pl-krakowskim\/\" \/>\n<meta property=\"og:locale\" content=\"pl_PL\" \/>\n<meta property=\"og:type\" content=\"article\" \/>\n<meta property=\"og:title\" content=\"Ostatnia okazja w tym roku na tak\u0105 sprzeda\u017c lub zakupy. Wyprzeda\u017c gara\u017cowa na pl. Krakowskim - 24GLIWICE - Portal Gliwice | codziennie nowe informacje\" \/>\n<meta property=\"og:description\" content=\"W niedziel\u0119, 20 pa\u017adziernika, odb\u0119dzie si\u0119 ostatnia tegoroczna wyprzeda\u017c gara\u017cowa na placu Krakowskim. Op\u0142ata za stanowisko handlowe to 2 z\u0142\" \/>\n<meta property=\"og:url\" content=\"https:\/\/www.24gliwice.pl\/wiadomosci\/ostatnia-okazja-w-tym-roku-na-taka-sprzedaz-lub-zakupy-wyprzedaz-garazowa-na-pl-krakowskim\/\" \/>\n<meta property=\"og:site_name\" content=\"24GLIWICE - Portal Gliwice | codziennie nowe informacje\" \/>\n<meta property=\"article:publisher\" content=\"https:\/\/www.facebook.com\/24gliwice\" \/>\n<meta property=\"article:published_time\" content=\"2024-10-19T02:09:55+00:00\" \/>\n<meta property=\"og:image\" content=\"https:\/\/www.24gliwice.pl\/wiadomosci\/wp-content\/uploads\/2023\/10\/wyprzedaz-garazowa.jpg\" \/>\n\t<meta property=\"og:image:width\" content=\"810\" \/>\n\t<meta property=\"og:image:height\" content=\"467\" \/>\n\t<meta property=\"og:image:type\" content=\"image\/jpeg\" \/>\n<meta name=\"author\" content=\"\u017baneta Mrozek-Siewierska\" \/>\n<meta name=\"twitter:card\" content=\"summary_large_image\" \/>\n<meta name=\"twitter:creator\" content=\"@24gliwice\" \/>\n<meta name=\"twitter:site\" content=\"@24gliwice\" \/>\n<meta name=\"twitter:label1\" content=\"Napisane przez\" \/>\n\t<meta name=\"twitter:data1\" content=\"\u017baneta Mrozek-Siewierska\" \/>\n\t<meta name=\"twitter:label2\" content=\"Szacowany czas czytania\" \/>\n\t<meta name=\"twitter:data2\" content=\"1 minuta\" \/>\n<script type=\"application\/ld+json\" class=\"yoast-schema-graph\">{\"@context\":\"https:\\\/\\\/schema.org\",\"@graph\":[{\"@type\":\"Article\",\"@id\":\"https:\\\/\\\/www.24gliwice.pl\\\/wiadomosci\\\/ostatnia-okazja-w-tym-roku-na-taka-sprzedaz-lub-zakupy-wyprzedaz-garazowa-na-pl-krakowskim\\\/#article\",\"isPartOf\":{\"@id\":\"https:\\\/\\\/www.24gliwice.pl\\\/wiadomosci\\\/ostatnia-okazja-w-tym-roku-na-taka-sprzedaz-lub-zakupy-wyprzedaz-garazowa-na-pl-krakowskim\\\/\"},\"author\":{\"name\":\"\u017baneta Mrozek-Siewierska\",\"@id\":\"https:\\\/\\\/www.24gliwice.pl\\\/wiadomosci\\\/#\\\/schema\\\/person\\\/e42c650edd7f2fa332be3811fb166b6e\"},\"headline\":\"Ostatnia okazja w tym roku na tak\u0105 sprzeda\u017c lub zakupy. Wyprzeda\u017c gara\u017cowa na pl. Krakowskim\",\"datePublished\":\"2024-10-19T02:09:55+00:00\",\"mainEntityOfPage\":{\"@id\":\"https:\\\/\\\/www.24gliwice.pl\\\/wiadomosci\\\/ostatnia-okazja-w-tym-roku-na-taka-sprzedaz-lub-zakupy-wyprzedaz-garazowa-na-pl-krakowskim\\\/\"},\"wordCount\":133,\"commentCount\":0,\"publisher\":{\"@id\":\"https:\\\/\\\/www.24gliwice.pl\\\/wiadomosci\\\/#organization\"},\"image\":{\"@id\":\"https:\\\/\\\/www.24gliwice.pl\\\/wiadomosci\\\/ostatnia-okazja-w-tym-roku-na-taka-sprzedaz-lub-zakupy-wyprzedaz-garazowa-na-pl-krakowskim\\\/#primaryimage\"},\"thumbnailUrl\":\"https:\\\/\\\/www.24gliwice.pl\\\/wiadomosci\\\/wp-content\\\/uploads\\\/2023\\\/10\\\/wyprzedaz-garazowa.jpg\",\"keywords\":[\"PLAC KRAKOWSKI\",\"WYPRZEDA\u017b GARA\u017bOWA\"],\"articleSection\":[\"Gliwice\",\"Kultura, wydarzenia, imprezy\",\"Najnowsze wiadomo\u015bci\"],\"inLanguage\":\"pl-PL\",\"potentialAction\":[{\"@type\":\"CommentAction\",\"name\":\"Comment\",\"target\":[\"https:\\\/\\\/www.24gliwice.pl\\\/wiadomosci\\\/ostatnia-okazja-w-tym-roku-na-taka-sprzedaz-lub-zakupy-wyprzedaz-garazowa-na-pl-krakowskim\\\/#respond\"]}]},{\"@type\":\"WebPage\",\"@id\":\"https:\\\/\\\/www.24gliwice.pl\\\/wiadomosci\\\/ostatnia-okazja-w-tym-roku-na-taka-sprzedaz-lub-zakupy-wyprzedaz-garazowa-na-pl-krakowskim\\\/\",\"url\":\"https:\\\/\\\/www.24gliwice.pl\\\/wiadomosci\\\/ostatnia-okazja-w-tym-roku-na-taka-sprzedaz-lub-zakupy-wyprzedaz-garazowa-na-pl-krakowskim\\\/\",\"name\":\"Ostatnia okazja w tym roku na tak\u0105 sprzeda\u017c lub zakupy. Wyprzeda\u017c gara\u017cowa na pl. Krakowskim - 24GLIWICE - Portal Gliwice | codziennie nowe informacje\",\"isPartOf\":{\"@id\":\"https:\\\/\\\/www.24gliwice.pl\\\/wiadomosci\\\/#website\"},\"primaryImageOfPage\":{\"@id\":\"https:\\\/\\\/www.24gliwice.pl\\\/wiadomosci\\\/ostatnia-okazja-w-tym-roku-na-taka-sprzedaz-lub-zakupy-wyprzedaz-garazowa-na-pl-krakowskim\\\/#primaryimage\"},\"image\":{\"@id\":\"https:\\\/\\\/www.24gliwice.pl\\\/wiadomosci\\\/ostatnia-okazja-w-tym-roku-na-taka-sprzedaz-lub-zakupy-wyprzedaz-garazowa-na-pl-krakowskim\\\/#primaryimage\"},\"thumbnailUrl\":\"https:\\\/\\\/www.24gliwice.pl\\\/wiadomosci\\\/wp-content\\\/uploads\\\/2023\\\/10\\\/wyprzedaz-garazowa.jpg\",\"datePublished\":\"2024-10-19T02:09:55+00:00\",\"description\":\"W niedziel\u0119, 20 pa\u017adziernika, odb\u0119dzie si\u0119 ostatnia tegoroczna wyprzeda\u017c gara\u017cowa na placu Krakowskim. Op\u0142ata za stanowisko handlowe to 2 z\u0142\",\"breadcrumb\":{\"@id\":\"https:\\\/\\\/www.24gliwice.pl\\\/wiadomosci\\\/ostatnia-okazja-w-tym-roku-na-taka-sprzedaz-lub-zakupy-wyprzedaz-garazowa-na-pl-krakowskim\\\/#breadcrumb\"},\"inLanguage\":\"pl-PL\",\"potentialAction\":[{\"@type\":\"ReadAction\",\"target\":[\"https:\\\/\\\/www.24gliwice.pl\\\/wiadomosci\\\/ostatnia-okazja-w-tym-roku-na-taka-sprzedaz-lub-zakupy-wyprzedaz-garazowa-na-pl-krakowskim\\\/\"]}]},{\"@type\":\"ImageObject\",\"inLanguage\":\"pl-PL\",\"@id\":\"https:\\\/\\\/www.24gliwice.pl\\\/wiadomosci\\\/ostatnia-okazja-w-tym-roku-na-taka-sprzedaz-lub-zakupy-wyprzedaz-garazowa-na-pl-krakowskim\\\/#primaryimage\",\"url\":\"https:\\\/\\\/www.24gliwice.pl\\\/wiadomosci\\\/wp-content\\\/uploads\\\/2023\\\/10\\\/wyprzedaz-garazowa.jpg\",\"contentUrl\":\"https:\\\/\\\/www.24gliwice.pl\\\/wiadomosci\\\/wp-content\\\/uploads\\\/2023\\\/10\\\/wyprzedaz-garazowa.jpg\",\"width\":810,\"height\":467},{\"@type\":\"BreadcrumbList\",\"@id\":\"https:\\\/\\\/www.24gliwice.pl\\\/wiadomosci\\\/ostatnia-okazja-w-tym-roku-na-taka-sprzedaz-lub-zakupy-wyprzedaz-garazowa-na-pl-krakowskim\\\/#breadcrumb\",\"itemListElement\":[{\"@type\":\"ListItem\",\"position\":1,\"name\":\"Strona g\u0142\u00f3wna\",\"item\":\"https:\\\/\\\/www.24gliwice.pl\\\/wiadomosci\\\/\"},{\"@type\":\"ListItem\",\"position\":2,\"name\":\"Ostatnia okazja w tym roku na tak\u0105 sprzeda\u017c lub zakupy. Wyprzeda\u017c gara\u017cowa na pl. Krakowskim\"}]},{\"@type\":\"WebSite\",\"@id\":\"https:\\\/\\\/www.24gliwice.pl\\\/wiadomosci\\\/#website\",\"url\":\"https:\\\/\\\/www.24gliwice.pl\\\/wiadomosci\\\/\",\"name\":\"24GLIWICE - Portal Gliwice | codziennie nowe wiadomo\u015bci\",\"description\":\"Portal Miejski Gliwice\",\"publisher\":{\"@id\":\"https:\\\/\\\/www.24gliwice.pl\\\/wiadomosci\\\/#organization\"},\"potentialAction\":[{\"@type\":\"SearchAction\",\"target\":{\"@type\":\"EntryPoint\",\"urlTemplate\":\"https:\\\/\\\/www.24gliwice.pl\\\/wiadomosci\\\/?s={search_term_string}\"},\"query-input\":{\"@type\":\"PropertyValueSpecification\",\"valueRequired\":true,\"valueName\":\"search_term_string\"}}],\"inLanguage\":\"pl-PL\"},{\"@type\":\"Organization\",\"@id\":\"https:\\\/\\\/www.24gliwice.pl\\\/wiadomosci\\\/#organization\",\"name\":\"24gliwice\",\"url\":\"https:\\\/\\\/www.24gliwice.pl\\\/wiadomosci\\\/\",\"logo\":{\"@type\":\"ImageObject\",\"inLanguage\":\"pl-PL\",\"@id\":\"https:\\\/\\\/www.24gliwice.pl\\\/wiadomosci\\\/#\\\/schema\\\/logo\\\/image\\\/\",\"url\":\"https:\\\/\\\/www.24gliwice.pl\\\/wiadomosci\\\/wp-content\\\/uploads\\\/2024\\\/10\\\/24gliwice-logo-696.jpg\",\"contentUrl\":\"https:\\\/\\\/www.24gliwice.pl\\\/wiadomosci\\\/wp-content\\\/uploads\\\/2024\\\/10\\\/24gliwice-logo-696.jpg\",\"width\":696,\"height\":696,\"caption\":\"24gliwice\"},\"image\":{\"@id\":\"https:\\\/\\\/www.24gliwice.pl\\\/wiadomosci\\\/#\\\/schema\\\/logo\\\/image\\\/\"},\"sameAs\":[\"https:\\\/\\\/www.facebook.com\\\/24gliwice\",\"https:\\\/\\\/x.com\\\/24gliwice\",\"https:\\\/\\\/www.youtube.com\\\/@24gliwice\"]},{\"@type\":\"Person\",\"@id\":\"https:\\\/\\\/www.24gliwice.pl\\\/wiadomosci\\\/#\\\/schema\\\/person\\\/e42c650edd7f2fa332be3811fb166b6e\",\"name\":\"\u017baneta Mrozek-Siewierska\",\"image\":{\"@type\":\"ImageObject\",\"inLanguage\":\"pl-PL\",\"@id\":\"https:\\\/\\\/www.24gliwice.pl\\\/wiadomosci\\\/wp-content\\\/uploads\\\/2021\\\/11\\\/Zaneta-M_S-zdjecie-czb-96x96.jpg\",\"url\":\"https:\\\/\\\/www.24gliwice.pl\\\/wiadomosci\\\/wp-content\\\/uploads\\\/2021\\\/11\\\/Zaneta-M_S-zdjecie-czb-96x96.jpg\",\"contentUrl\":\"https:\\\/\\\/www.24gliwice.pl\\\/wiadomosci\\\/wp-content\\\/uploads\\\/2021\\\/11\\\/Zaneta-M_S-zdjecie-czb-96x96.jpg\",\"caption\":\"\u017baneta Mrozek-Siewierska\"},\"url\":\"https:\\\/\\\/www.24gliwice.pl\\\/wiadomosci\\\/author\\\/zms\\\/\"}]}<\/script>\n<!-- \/ Yoast SEO plugin. -->","yoast_head_json":{"title":"Ostatnia okazja w tym roku na tak\u0105 sprzeda\u017c lub zakupy. Wyprzeda\u017c gara\u017cowa na pl. Krakowskim - 24GLIWICE - Portal Gliwice | codziennie nowe informacje","description":"W niedziel\u0119, 20 pa\u017adziernika, odb\u0119dzie si\u0119 ostatnia tegoroczna wyprzeda\u017c gara\u017cowa na placu Krakowskim. Op\u0142ata za stanowisko handlowe to 2 z\u0142","robots":{"index":"index","follow":"follow","max-snippet":"max-snippet:-1","max-image-preview":"max-image-preview:large","max-video-preview":"max-video-preview:-1"},"canonical":"https:\/\/www.24gliwice.pl\/wiadomosci\/ostatnia-okazja-w-tym-roku-na-taka-sprzedaz-lub-zakupy-wyprzedaz-garazowa-na-pl-krakowskim\/","og_locale":"pl_PL","og_type":"article","og_title":"Ostatnia okazja w tym roku na tak\u0105 sprzeda\u017c lub zakupy. Wyprzeda\u017c gara\u017cowa na pl. Krakowskim - 24GLIWICE - Portal Gliwice | codziennie nowe informacje","og_description":"W niedziel\u0119, 20 pa\u017adziernika, odb\u0119dzie si\u0119 ostatnia tegoroczna wyprzeda\u017c gara\u017cowa na placu Krakowskim. Op\u0142ata za stanowisko handlowe to 2 z\u0142","og_url":"https:\/\/www.24gliwice.pl\/wiadomosci\/ostatnia-okazja-w-tym-roku-na-taka-sprzedaz-lub-zakupy-wyprzedaz-garazowa-na-pl-krakowskim\/","og_site_name":"24GLIWICE - Portal Gliwice | codziennie nowe informacje","article_publisher":"https:\/\/www.facebook.com\/24gliwice","article_published_time":"2024-10-19T02:09:55+00:00","og_image":[{"width":810,"height":467,"url":"https:\/\/www.24gliwice.pl\/wiadomosci\/wp-content\/uploads\/2023\/10\/wyprzedaz-garazowa.jpg","type":"image\/jpeg"}],"author":"\u017baneta Mrozek-Siewierska","twitter_card":"summary_large_image","twitter_creator":"@24gliwice","twitter_site":"@24gliwice","twitter_misc":{"Napisane przez":"\u017baneta Mrozek-Siewierska","Szacowany czas czytania":"1 minuta"},"schema":{"@context":"https:\/\/schema.org","@graph":[{"@type":"Article","@id":"https:\/\/www.24gliwice.pl\/wiadomosci\/ostatnia-okazja-w-tym-roku-na-taka-sprzedaz-lub-zakupy-wyprzedaz-garazowa-na-pl-krakowskim\/#article","isPartOf":{"@id":"https:\/\/www.24gliwice.pl\/wiadomosci\/ostatnia-okazja-w-tym-roku-na-taka-sprzedaz-lub-zakupy-wyprzedaz-garazowa-na-pl-krakowskim\/"},"author":{"name":"\u017baneta Mrozek-Siewierska","@id":"https:\/\/www.24gliwice.pl\/wiadomosci\/#\/schema\/person\/e42c650edd7f2fa332be3811fb166b6e"},"headline":"Ostatnia okazja w tym roku na tak\u0105 sprzeda\u017c lub zakupy. Wyprzeda\u017c gara\u017cowa na pl. Krakowskim","datePublished":"2024-10-19T02:09:55+00:00","mainEntityOfPage":{"@id":"https:\/\/www.24gliwice.pl\/wiadomosci\/ostatnia-okazja-w-tym-roku-na-taka-sprzedaz-lub-zakupy-wyprzedaz-garazowa-na-pl-krakowskim\/"},"wordCount":133,"commentCount":0,"publisher":{"@id":"https:\/\/www.24gliwice.pl\/wiadomosci\/#organization"},"image":{"@id":"https:\/\/www.24gliwice.pl\/wiadomosci\/ostatnia-okazja-w-tym-roku-na-taka-sprzedaz-lub-zakupy-wyprzedaz-garazowa-na-pl-krakowskim\/#primaryimage"},"thumbnailUrl":"https:\/\/www.24gliwice.pl\/wiadomosci\/wp-content\/uploads\/2023\/10\/wyprzedaz-garazowa.jpg","keywords":["PLAC KRAKOWSKI","WYPRZEDA\u017b GARA\u017bOWA"],"articleSection":["Gliwice","Kultura, wydarzenia, imprezy","Najnowsze wiadomo\u015bci"],"inLanguage":"pl-PL","potentialAction":[{"@type":"CommentAction","name":"Comment","target":["https:\/\/www.24gliwice.pl\/wiadomosci\/ostatnia-okazja-w-tym-roku-na-taka-sprzedaz-lub-zakupy-wyprzedaz-garazowa-na-pl-krakowskim\/#respond"]}]},{"@type":"WebPage","@id":"https:\/\/www.24gliwice.pl\/wiadomosci\/ostatnia-okazja-w-tym-roku-na-taka-sprzedaz-lub-zakupy-wyprzedaz-garazowa-na-pl-krakowskim\/","url":"https:\/\/www.24gliwice.pl\/wiadomosci\/ostatnia-okazja-w-tym-roku-na-taka-sprzedaz-lub-zakupy-wyprzedaz-garazowa-na-pl-krakowskim\/","name":"Ostatnia okazja w tym roku na tak\u0105 sprzeda\u017c lub zakupy. Wyprzeda\u017c gara\u017cowa na pl. Krakowskim - 24GLIWICE - Portal Gliwice | codziennie nowe informacje","isPartOf":{"@id":"https:\/\/www.24gliwice.pl\/wiadomosci\/#website"},"primaryImageOfPage":{"@id":"https:\/\/www.24gliwice.pl\/wiadomosci\/ostatnia-okazja-w-tym-roku-na-taka-sprzedaz-lub-zakupy-wyprzedaz-garazowa-na-pl-krakowskim\/#primaryimage"},"image":{"@id":"https:\/\/www.24gliwice.pl\/wiadomosci\/ostatnia-okazja-w-tym-roku-na-taka-sprzedaz-lub-zakupy-wyprzedaz-garazowa-na-pl-krakowskim\/#primaryimage"},"thumbnailUrl":"https:\/\/www.24gliwice.pl\/wiadomosci\/wp-content\/uploads\/2023\/10\/wyprzedaz-garazowa.jpg","datePublished":"2024-10-19T02:09:55+00:00","description":"W niedziel\u0119, 20 pa\u017adziernika, odb\u0119dzie si\u0119 ostatnia tegoroczna wyprzeda\u017c gara\u017cowa na placu Krakowskim. Op\u0142ata za stanowisko handlowe to 2 z\u0142","breadcrumb":{"@id":"https:\/\/www.24gliwice.pl\/wiadomosci\/ostatnia-okazja-w-tym-roku-na-taka-sprzedaz-lub-zakupy-wyprzedaz-garazowa-na-pl-krakowskim\/#breadcrumb"},"inLanguage":"pl-PL","potentialAction":[{"@type":"ReadAction","target":["https:\/\/www.24gliwice.pl\/wiadomosci\/ostatnia-okazja-w-tym-roku-na-taka-sprzedaz-lub-zakupy-wyprzedaz-garazowa-na-pl-krakowskim\/"]}]},{"@type":"ImageObject","inLanguage":"pl-PL","@id":"https:\/\/www.24gliwice.pl\/wiadomosci\/ostatnia-okazja-w-tym-roku-na-taka-sprzedaz-lub-zakupy-wyprzedaz-garazowa-na-pl-krakowskim\/#primaryimage","url":"https:\/\/www.24gliwice.pl\/wiadomosci\/wp-content\/uploads\/2023\/10\/wyprzedaz-garazowa.jpg","contentUrl":"https:\/\/www.24gliwice.pl\/wiadomosci\/wp-content\/uploads\/2023\/10\/wyprzedaz-garazowa.jpg","width":810,"height":467},{"@type":"BreadcrumbList","@id":"https:\/\/www.24gliwice.pl\/wiadomosci\/ostatnia-okazja-w-tym-roku-na-taka-sprzedaz-lub-zakupy-wyprzedaz-garazowa-na-pl-krakowskim\/#breadcrumb","itemListElement":[{"@type":"ListItem","position":1,"name":"Strona g\u0142\u00f3wna","item":"https:\/\/www.24gliwice.pl\/wiadomosci\/"},{"@type":"ListItem","position":2,"name":"Ostatnia okazja w tym roku na tak\u0105 sprzeda\u017c lub zakupy. Wyprzeda\u017c gara\u017cowa na pl. Krakowskim"}]},{"@type":"WebSite","@id":"https:\/\/www.24gliwice.pl\/wiadomosci\/#website","url":"https:\/\/www.24gliwice.pl\/wiadomosci\/","name":"24GLIWICE - Portal Gliwice | codziennie nowe wiadomo\u015bci","description":"Portal Miejski Gliwice","publisher":{"@id":"https:\/\/www.24gliwice.pl\/wiadomosci\/#organization"},"potentialAction":[{"@type":"SearchAction","target":{"@type":"EntryPoint","urlTemplate":"https:\/\/www.24gliwice.pl\/wiadomosci\/?s={search_term_string}"},"query-input":{"@type":"PropertyValueSpecification","valueRequired":true,"valueName":"search_term_string"}}],"inLanguage":"pl-PL"},{"@type":"Organization","@id":"https:\/\/www.24gliwice.pl\/wiadomosci\/#organization","name":"24gliwice","url":"https:\/\/www.24gliwice.pl\/wiadomosci\/","logo":{"@type":"ImageObject","inLanguage":"pl-PL","@id":"https:\/\/www.24gliwice.pl\/wiadomosci\/#\/schema\/logo\/image\/","url":"https:\/\/www.24gliwice.pl\/wiadomosci\/wp-content\/uploads\/2024\/10\/24gliwice-logo-696.jpg","contentUrl":"https:\/\/www.24gliwice.pl\/wiadomosci\/wp-content\/uploads\/2024\/10\/24gliwice-logo-696.jpg","width":696,"height":696,"caption":"24gliwice"},"image":{"@id":"https:\/\/www.24gliwice.pl\/wiadomosci\/#\/schema\/logo\/image\/"},"sameAs":["https:\/\/www.facebook.com\/24gliwice","https:\/\/x.com\/24gliwice","https:\/\/www.youtube.com\/@24gliwice"]},{"@type":"Person","@id":"https:\/\/www.24gliwice.pl\/wiadomosci\/#\/schema\/person\/e42c650edd7f2fa332be3811fb166b6e","name":"\u017baneta Mrozek-Siewierska","image":{"@type":"ImageObject","inLanguage":"pl-PL","@id":"https:\/\/www.24gliwice.pl\/wiadomosci\/wp-content\/uploads\/2021\/11\/Zaneta-M_S-zdjecie-czb-96x96.jpg","url":"https:\/\/www.24gliwice.pl\/wiadomosci\/wp-content\/uploads\/2021\/11\/Zaneta-M_S-zdjecie-czb-96x96.jpg","contentUrl":"https:\/\/www.24gliwice.pl\/wiadomosci\/wp-content\/uploads\/2021\/11\/Zaneta-M_S-zdjecie-czb-96x96.jpg","caption":"\u017baneta Mrozek-Siewierska"},"url":"https:\/\/www.24gliwice.pl\/wiadomosci\/author\/zms\/"}]}},"_links":{"self":[{"href":"https:\/\/www.24gliwice.pl\/wiadomosci\/wp-json\/wp\/v2\/posts\/244055","targetHints":{"allow":["GET"]}}],"collection":[{"href":"https:\/\/www.24gliwice.pl\/wiadomosci\/wp-json\/wp\/v2\/posts"}],"about":[{"href":"https:\/\/www.24gliwice.pl\/wiadomosci\/wp-json\/wp\/v2\/types\/post"}],"author":[{"embeddable":true,"href":"https:\/\/www.24gliwice.pl\/wiadomosci\/wp-json\/wp\/v2\/users\/15"}],"replies":[{"embeddable":true,"href":"https:\/\/www.24gliwice.pl\/wiadomosci\/wp-json\/wp\/v2\/comments?post=244055"}],"version-history":[{"count":3,"href":"https:\/\/www.24gliwice.pl\/wiadomosci\/wp-json\/wp\/v2\/posts\/244055\/revisions"}],"predecessor-version":[{"id":244096,"href":"https:\/\/www.24gliwice.pl\/wiadomosci\/wp-json\/wp\/v2\/posts\/244055\/revisions\/244096"}],"wp:featuredmedia":[{"embeddable":true,"href":"https:\/\/www.24gliwice.pl\/wiadomosci\/wp-json\/wp\/v2\/media\/222755"}],"wp:attachment":[{"href":"https:\/\/www.24gliwice.pl\/wiadomosci\/wp-json\/wp\/v2\/media?parent=244055"}],"wp:term":[{"taxonomy":"category","embeddable":true,"href":"https:\/\/www.24gliwice.pl\/wiadomosci\/wp-json\/wp\/v2\/categories?post=244055"},{"taxonomy":"post_tag","embeddable":true,"href":"https:\/\/www.24gliwice.pl\/wiadomosci\/wp-json\/wp\/v2\/tags?post=244055"}],"curies":[{"name":"wp","href":"https:\/\/api.w.org\/{rel}","templated":true}]}}