{"id":244636,"date":"2024-11-01T03:49:40","date_gmt":"2024-11-01T02:49:40","guid":{"rendered":"https:\/\/www.24gliwice.pl\/wiadomosci\/?p=244636"},"modified":"2024-11-01T03:49:40","modified_gmt":"2024-11-01T02:49:40","slug":"tak-chcieli-ominac-korek-cwaniactwo-kierujacych-bmw-tym-razem-nie-uszlo-bezkarnie-bezczelne-zachowanie","status":"publish","type":"post","link":"https:\/\/www.24gliwice.pl\/wiadomosci\/tak-chcieli-ominac-korek-cwaniactwo-kierujacych-bmw-tym-razem-nie-uszlo-bezkarnie-bezczelne-zachowanie\/","title":{"rendered":"Tak chcieli omin\u0105\u0107 korek. Cwaniactwo kieruj\u0105cych BMW tym razem nie usz\u0142o bezkarnie. &#8220;Bezczelne zachowanie&#8221;"},"content":{"rendered":"<div class=\"gliwi-a6-nad-leadem-artykulow gliwi-entity-placement\" id=\"gliwi-2404333210\"><div class=\"gliwi-adlabel\"><span style=\"font-size: 9px\">REKLAMA<\/span><\/div><div id=\"gliwi-139001212\" style=\"margin-bottom: 30px;margin-left: auto;margin-right: auto;text-align: center;\"><a data-no-instant=\"1\" href=\"https:\/\/przedszkole.halogen.org.pl\/\" rel=\"noopener\" class=\"a2t-link\" target=\"_blank\" aria-label=\"20260402-ANIMATOR-przedszkole_grafika_750x200\"><img loading=\"lazy\" decoding=\"async\" src=\"https:\/\/www.24gliwice.pl\/wiadomosci\/wp-content\/uploads\/2026\/04\/20260402-ANIMATOR-przedszkole_grafika_750x200.webp\" alt=\"\"  srcset=\"https:\/\/www.24gliwice.pl\/wiadomosci\/wp-content\/uploads\/2026\/04\/20260402-ANIMATOR-przedszkole_grafika_750x200.webp 750w, https:\/\/www.24gliwice.pl\/wiadomosci\/wp-content\/uploads\/2026\/04\/20260402-ANIMATOR-przedszkole_grafika_750x200-410x109.webp 410w\" sizes=\"(max-width: 750px) 100vw, 750px\" class=\"no-lazyload\" width=\"750\" height=\"200\"  style=\"display: inline-block; max-width: 100%; height: auto;\" \/><\/a><\/div><\/div><h3>Cwaniactwo i ra\u017c\u0105ce naruszenie przepis\u00f3w ruchu drogowego w wykonaniu dw\u00f3ch kierowc\u00f3w BMW na DK 88 tym razem nie usz\u0142o bezkarnie. Dla jednego z nich sprawa zako\u0144czy\u0142a si\u0119 wysokim mandatem i zatrzymaniem uprawnie\u0144 do kierowania, drugiemu prawa jazdy odebra\u0107 si\u0119 nie da\u0142o, bo straci\u0142 je ju\u017c wcze\u015bniej. Za to gro\u017c\u0105 mu du\u017co powa\u017cniejsze konsekwencje.<\/h3>\n<p><!--more--><\/p>\n<p>Sytuacja mia\u0142a miejsce na DK 88 w pobli\u017cu strefy ekonomicznej. <\/p>\n<p>&#8211; <em>Codziennie po zako\u0144czonej pracy prawomy\u015blni kierowcy, jad\u0105cy wspomnianym odcinkiem, pr\u00f3buj\u0105 spokojnie i bezpiecznie wr\u00f3ci\u0107 do dom\u00f3w. Niestety, niekt\u00f3rzy z nich musz\u0105 mierzy\u0107 si\u0119 z bezczelnym zachowaniem innych kieruj\u0105cych, kt\u00f3rzy, zamiast czeka\u0107 w korku, omijaj\u0105 zator przez bypass przy stacji benzynowej, rozwijaj\u0105c przy tym niebezpieczne pr\u0119dko\u015bci. A\u017c trudno uwierzy\u0107, \u017ce w miejscu, w kt\u00f3rym obowi\u0105zuje ograniczenie do 40 km\/h, mo\u017cna spotka\u0107 samochody p\u0119dz\u0105ce ponad dwa razy szybciej<\/em> &#8211; komentuje podinspektor <strong>Marek S\u0142omski<\/strong>, oficer prasowy KMP Gliwice. <\/p><div class=\"gliwi-a3-w-tresci-artykulow gliwi-entity-placement\" id=\"gliwi-3248239741\"><div class=\"gliwi-adlabel\"><span style=\"font-size: 9px\">REKLAMA<\/span><\/div><div id=\"gliwi-333776236\" style=\"margin-bottom: 30px;margin-left: auto;margin-right: auto;text-align: center;\"><a data-no-instant=\"1\" href=\"https:\/\/zlobek.halogen.org.pl\/\" rel=\"noopener\" class=\"a2t-link\" target=\"_blank\" aria-label=\"animator-zlobek_750x200\"><img loading=\"lazy\" decoding=\"async\" src=\"https:\/\/www.24gliwice.pl\/wiadomosci\/wp-content\/uploads\/2026\/02\/animator-zlobek_750x200.webp\" alt=\"\"  srcset=\"https:\/\/www.24gliwice.pl\/wiadomosci\/wp-content\/uploads\/2026\/02\/animator-zlobek_750x200.webp 750w, https:\/\/www.24gliwice.pl\/wiadomosci\/wp-content\/uploads\/2026\/02\/animator-zlobek_750x200-410x109.webp 410w\" sizes=\"(max-width: 750px) 100vw, 750px\" class=\"no-lazyload\" width=\"750\" height=\"200\"  style=\"display: inline-block; max-width: 100%; height: auto;\" \/><\/a><\/div><\/div>\n<h4>Odcinek, o kt\u00f3rym mowa, to formalnie teren zabudowany, w s\u0105siedztwie skrzy\u017cowania i wyjazdu ze stacji benzynowej, gdzie zasady bezpiecze\u0144stwa drogowego powinny by\u0107 przestrzegane, ale nie s\u0105.<\/h4>\n<p>Gliwicka policja reaguje na skargi od kierowc\u00f3w, dotycz\u0105ce przypadk\u00f3w nagminnego \u0142amania przepis\u00f3w w tym rejonie. Efektem by\u0142a wczorajsza kontrola kierowc\u00f3w. Zapowiadane s\u0105 kolejne. <\/p>\n<p><iframe src=\"https:\/\/www.google.com\/maps\/embed?pb=!4v1730378335704!6m8!1m7!1sI-eIHcw05vELLvTq4kauKQ!2m2!1d50.3147956304534!2d18.62364500264285!3f95.281691733257!4f-8.239110789612027!5f0.7820865974627469\" width=\"810\" height=\"450\" style=\"border:0;\" allowfullscreen=\"\" loading=\"lazy\" referrerpolicy=\"no-referrer-when-downgrade\"><\/iframe><\/p>\n<p>&#8211; <em>Pierwszy z nich, mieszkaniec Zabrza, przeje\u017cd\u017ca\u0142 przez bypass z pr\u0119dko\u015bci\u0105 110 km\/h. Okaza\u0142o si\u0119, \u017ce ju\u017c wcze\u015bniej, administracyjnie, zatrzymano mu prawo jazdy za przekroczenie limitu 24 punkt\u00f3w karnych. Teraz jego sprawa trafi do s\u0105du, a za zbieg tego typu powa\u017cnych wykrocze\u0144 mo\u017ce go czeka\u0107 nawet 30 tysi\u0119cy z\u0142otych grzywny<\/em> &#8211; relacjonuje S\u0142omski. &#8211; <em>Drugi z \u201erajdowc\u00f3w\u201d p\u0119dzi\u0142 z pr\u0119dko\u015bci\u0105 109 km\/h, za co zap\u0142aci\u0142 mandat w wysoko\u015bci 1500 z\u0142otych i po\u017cegna\u0142 si\u0119 z prawem jazdy<\/em> &#8211; dodaje rzecznik policji. <\/p>\n<p>Nie byli to jedyni kierowcy ukarani tego dnia na DK 88, jednak zachowanie tej dw\u00f3jki wyj\u0105tkowo wyr\u00f3\u017cni\u0142o si\u0119 na tle innych sprawc\u00f3w wykrocze\u0144.<\/p>\n<p>(\u017cms)\/KMP Gliwice<br \/>\nfot. scr. Google Maps<\/p>\n<div class=\"gliwi-a5-na-koncu-artykulow gliwi-entity-placement\" id=\"gliwi-2595496073\"><div class=\"gliwi-adlabel\"><span style=\"font-size: 9px\">REKLAMA<\/span><\/div><div id=\"gliwi-67206553\" style=\"margin-left: auto;margin-right: auto;text-align: center;\"><a data-no-instant=\"1\" href=\"https:\/\/prezeroarenagliwice.pl\/\" rel=\"noopener\" class=\"a2t-link\" target=\"_blank\" aria-label=\"20260309-PREZERO-WIOSNA-D\"><img loading=\"lazy\" decoding=\"async\" src=\"https:\/\/www.24gliwice.pl\/wiadomosci\/wp-content\/uploads\/2026\/03\/20260309-PREZERO-WIOSNA-D.webp\" alt=\"\"  srcset=\"https:\/\/www.24gliwice.pl\/wiadomosci\/wp-content\/uploads\/2026\/03\/20260309-PREZERO-WIOSNA-D.webp 750w, https:\/\/www.24gliwice.pl\/wiadomosci\/wp-content\/uploads\/2026\/03\/20260309-PREZERO-WIOSNA-D-410x109.webp 410w\" sizes=\"(max-width: 750px) 100vw, 750px\" class=\"no-lazyload\" width=\"750\" height=\"200\"  style=\"display: inline-block; max-width: 100%; height: auto;\" \/><\/a><\/div><\/div>","protected":false},"excerpt":{"rendered":"<p>Cwaniactwo i ra\u017c\u0105ce naruszenie przepis\u00f3w ruchu drogowego w wykonaniu dw\u00f3ch kierowc\u00f3w BMW na DK 88 tym razem nie usz\u0142o bezkarnie. Dla jednego z nich sprawa zako\u0144czy\u0142a si\u0119 wysokim mandatem i zatrzymaniem uprawnie\u0144 do kierowania, drugiemu prawa jazdy odebra\u0107 si\u0119 nie da\u0142o, bo straci\u0142 je ju\u017c wcze\u015bniej. Za to gro\u017c\u0105 mu du\u017co powa\u017cniejsze konsekwencje.<\/p>\n","protected":false},"author":15,"featured_media":244653,"comment_status":"open","ping_status":"closed","sticky":false,"template":"","format":"standard","meta":{"_monsterinsights_skip_tracking":false,"_monsterinsights_sitenote_active":false,"_monsterinsights_sitenote_note":"","_monsterinsights_sitenote_category":0,"footnotes":"","_links_to":"","_links_to_target":""},"categories":[3,1,5],"tags":[5833,8978],"class_list":["post-244636","post","type-post","status-publish","format-standard","has-post-thumbnail","hentry","category-gliwice","category-wszystko","category-kryminalki","tag-bmw","tag-predkosc"],"yoast_head":"<!-- This site is optimized with the Yoast SEO plugin v27.5 - https:\/\/yoast.com\/product\/yoast-seo-wordpress\/ -->\n<title>Tak chcieli omin\u0105\u0107 korek. Cwaniactwo kieruj\u0105cych BMW tym razem nie usz\u0142o bezkarnie. &quot;Bezczelne zachowanie&quot; - 24GLIWICE - Portal Gliwice | codziennie nowe informacje<\/title>\n<meta name=\"description\" content=\"Dw\u00f3ch kierowc\u00f3w z BMW zosta\u0142o zatrzymanych do kontroli z powodu ra\u017c\u0105cego naruszenia przepis\u00f3w ruchu drogowego. Jeden nie mia\u0142 ju\u017c prawa jazdy\" \/>\n<meta name=\"robots\" content=\"index, follow, max-snippet:-1, max-image-preview:large, max-video-preview:-1\" \/>\n<link rel=\"canonical\" href=\"https:\/\/www.24gliwice.pl\/wiadomosci\/tak-chcieli-ominac-korek-cwaniactwo-kierujacych-bmw-tym-razem-nie-uszlo-bezkarnie-bezczelne-zachowanie\/\" \/>\n<meta property=\"og:locale\" content=\"pl_PL\" \/>\n<meta property=\"og:type\" content=\"article\" \/>\n<meta property=\"og:title\" content=\"Tak chcieli omin\u0105\u0107 korek. Cwaniactwo kieruj\u0105cych BMW tym razem nie usz\u0142o bezkarnie. &quot;Bezczelne zachowanie&quot; - 24GLIWICE - Portal Gliwice | codziennie nowe informacje\" \/>\n<meta property=\"og:description\" content=\"Dw\u00f3ch kierowc\u00f3w z BMW zosta\u0142o zatrzymanych do kontroli z powodu ra\u017c\u0105cego naruszenia przepis\u00f3w ruchu drogowego. Jeden nie mia\u0142 ju\u017c prawa jazdy\" \/>\n<meta property=\"og:url\" content=\"https:\/\/www.24gliwice.pl\/wiadomosci\/tak-chcieli-ominac-korek-cwaniactwo-kierujacych-bmw-tym-razem-nie-uszlo-bezkarnie-bezczelne-zachowanie\/\" \/>\n<meta property=\"og:site_name\" content=\"24GLIWICE - Portal Gliwice | codziennie nowe informacje\" \/>\n<meta property=\"article:publisher\" content=\"https:\/\/www.facebook.com\/24gliwice\" \/>\n<meta property=\"article:published_time\" content=\"2024-11-01T02:49:40+00:00\" \/>\n<meta property=\"og:image\" content=\"https:\/\/www.24gliwice.pl\/wiadomosci\/wp-content\/uploads\/2024\/10\/Zrzut-ekranu-2024-10-31-132358.jpg\" \/>\n\t<meta property=\"og:image:width\" content=\"1150\" \/>\n\t<meta property=\"og:image:height\" content=\"646\" \/>\n\t<meta property=\"og:image:type\" content=\"image\/jpeg\" \/>\n<meta name=\"author\" content=\"\u017baneta Mrozek-Siewierska\" \/>\n<meta name=\"twitter:card\" content=\"summary_large_image\" \/>\n<meta name=\"twitter:creator\" content=\"@24gliwice\" \/>\n<meta name=\"twitter:site\" content=\"@24gliwice\" \/>\n<meta name=\"twitter:label1\" content=\"Napisane przez\" \/>\n\t<meta name=\"twitter:data1\" content=\"\u017baneta Mrozek-Siewierska\" \/>\n\t<meta name=\"twitter:label2\" content=\"Szacowany czas czytania\" \/>\n\t<meta name=\"twitter:data2\" content=\"2 minuty\" \/>\n<script type=\"application\/ld+json\" class=\"yoast-schema-graph\">{\"@context\":\"https:\\\/\\\/schema.org\",\"@graph\":[{\"@type\":\"Article\",\"@id\":\"https:\\\/\\\/www.24gliwice.pl\\\/wiadomosci\\\/tak-chcieli-ominac-korek-cwaniactwo-kierujacych-bmw-tym-razem-nie-uszlo-bezkarnie-bezczelne-zachowanie\\\/#article\",\"isPartOf\":{\"@id\":\"https:\\\/\\\/www.24gliwice.pl\\\/wiadomosci\\\/tak-chcieli-ominac-korek-cwaniactwo-kierujacych-bmw-tym-razem-nie-uszlo-bezkarnie-bezczelne-zachowanie\\\/\"},\"author\":{\"name\":\"\u017baneta Mrozek-Siewierska\",\"@id\":\"https:\\\/\\\/www.24gliwice.pl\\\/wiadomosci\\\/#\\\/schema\\\/person\\\/e42c650edd7f2fa332be3811fb166b6e\"},\"headline\":\"Tak chcieli omin\u0105\u0107 korek. Cwaniactwo kieruj\u0105cych BMW tym razem nie usz\u0142o bezkarnie. &#8220;Bezczelne zachowanie&#8221;\",\"datePublished\":\"2024-11-01T02:49:40+00:00\",\"mainEntityOfPage\":{\"@id\":\"https:\\\/\\\/www.24gliwice.pl\\\/wiadomosci\\\/tak-chcieli-ominac-korek-cwaniactwo-kierujacych-bmw-tym-razem-nie-uszlo-bezkarnie-bezczelne-zachowanie\\\/\"},\"wordCount\":375,\"commentCount\":0,\"publisher\":{\"@id\":\"https:\\\/\\\/www.24gliwice.pl\\\/wiadomosci\\\/#organization\"},\"image\":{\"@id\":\"https:\\\/\\\/www.24gliwice.pl\\\/wiadomosci\\\/tak-chcieli-ominac-korek-cwaniactwo-kierujacych-bmw-tym-razem-nie-uszlo-bezkarnie-bezczelne-zachowanie\\\/#primaryimage\"},\"thumbnailUrl\":\"https:\\\/\\\/www.24gliwice.pl\\\/wiadomosci\\\/wp-content\\\/uploads\\\/2024\\\/10\\\/Zrzut-ekranu-2024-10-31-132358.jpg\",\"keywords\":[\"bmw\",\"PR\u0118DKO\u015a\u0106\"],\"articleSection\":[\"Gliwice\",\"Najnowsze wiadomo\u015bci\",\"Prawo\"],\"inLanguage\":\"pl-PL\",\"potentialAction\":[{\"@type\":\"CommentAction\",\"name\":\"Comment\",\"target\":[\"https:\\\/\\\/www.24gliwice.pl\\\/wiadomosci\\\/tak-chcieli-ominac-korek-cwaniactwo-kierujacych-bmw-tym-razem-nie-uszlo-bezkarnie-bezczelne-zachowanie\\\/#respond\"]}]},{\"@type\":\"WebPage\",\"@id\":\"https:\\\/\\\/www.24gliwice.pl\\\/wiadomosci\\\/tak-chcieli-ominac-korek-cwaniactwo-kierujacych-bmw-tym-razem-nie-uszlo-bezkarnie-bezczelne-zachowanie\\\/\",\"url\":\"https:\\\/\\\/www.24gliwice.pl\\\/wiadomosci\\\/tak-chcieli-ominac-korek-cwaniactwo-kierujacych-bmw-tym-razem-nie-uszlo-bezkarnie-bezczelne-zachowanie\\\/\",\"name\":\"Tak chcieli omin\u0105\u0107 korek. Cwaniactwo kieruj\u0105cych BMW tym razem nie usz\u0142o bezkarnie. \\\"Bezczelne zachowanie\\\" - 24GLIWICE - Portal Gliwice | codziennie nowe informacje\",\"isPartOf\":{\"@id\":\"https:\\\/\\\/www.24gliwice.pl\\\/wiadomosci\\\/#website\"},\"primaryImageOfPage\":{\"@id\":\"https:\\\/\\\/www.24gliwice.pl\\\/wiadomosci\\\/tak-chcieli-ominac-korek-cwaniactwo-kierujacych-bmw-tym-razem-nie-uszlo-bezkarnie-bezczelne-zachowanie\\\/#primaryimage\"},\"image\":{\"@id\":\"https:\\\/\\\/www.24gliwice.pl\\\/wiadomosci\\\/tak-chcieli-ominac-korek-cwaniactwo-kierujacych-bmw-tym-razem-nie-uszlo-bezkarnie-bezczelne-zachowanie\\\/#primaryimage\"},\"thumbnailUrl\":\"https:\\\/\\\/www.24gliwice.pl\\\/wiadomosci\\\/wp-content\\\/uploads\\\/2024\\\/10\\\/Zrzut-ekranu-2024-10-31-132358.jpg\",\"datePublished\":\"2024-11-01T02:49:40+00:00\",\"description\":\"Dw\u00f3ch kierowc\u00f3w z BMW zosta\u0142o zatrzymanych do kontroli z powodu ra\u017c\u0105cego naruszenia przepis\u00f3w ruchu drogowego. Jeden nie mia\u0142 ju\u017c prawa jazdy\",\"breadcrumb\":{\"@id\":\"https:\\\/\\\/www.24gliwice.pl\\\/wiadomosci\\\/tak-chcieli-ominac-korek-cwaniactwo-kierujacych-bmw-tym-razem-nie-uszlo-bezkarnie-bezczelne-zachowanie\\\/#breadcrumb\"},\"inLanguage\":\"pl-PL\",\"potentialAction\":[{\"@type\":\"ReadAction\",\"target\":[\"https:\\\/\\\/www.24gliwice.pl\\\/wiadomosci\\\/tak-chcieli-ominac-korek-cwaniactwo-kierujacych-bmw-tym-razem-nie-uszlo-bezkarnie-bezczelne-zachowanie\\\/\"]}]},{\"@type\":\"ImageObject\",\"inLanguage\":\"pl-PL\",\"@id\":\"https:\\\/\\\/www.24gliwice.pl\\\/wiadomosci\\\/tak-chcieli-ominac-korek-cwaniactwo-kierujacych-bmw-tym-razem-nie-uszlo-bezkarnie-bezczelne-zachowanie\\\/#primaryimage\",\"url\":\"https:\\\/\\\/www.24gliwice.pl\\\/wiadomosci\\\/wp-content\\\/uploads\\\/2024\\\/10\\\/Zrzut-ekranu-2024-10-31-132358.jpg\",\"contentUrl\":\"https:\\\/\\\/www.24gliwice.pl\\\/wiadomosci\\\/wp-content\\\/uploads\\\/2024\\\/10\\\/Zrzut-ekranu-2024-10-31-132358.jpg\",\"width\":1150,\"height\":646},{\"@type\":\"BreadcrumbList\",\"@id\":\"https:\\\/\\\/www.24gliwice.pl\\\/wiadomosci\\\/tak-chcieli-ominac-korek-cwaniactwo-kierujacych-bmw-tym-razem-nie-uszlo-bezkarnie-bezczelne-zachowanie\\\/#breadcrumb\",\"itemListElement\":[{\"@type\":\"ListItem\",\"position\":1,\"name\":\"Strona g\u0142\u00f3wna\",\"item\":\"https:\\\/\\\/www.24gliwice.pl\\\/wiadomosci\\\/\"},{\"@type\":\"ListItem\",\"position\":2,\"name\":\"Tak chcieli omin\u0105\u0107 korek. Cwaniactwo kieruj\u0105cych BMW tym razem nie usz\u0142o bezkarnie. &#8222;Bezczelne zachowanie&#8221;\"}]},{\"@type\":\"WebSite\",\"@id\":\"https:\\\/\\\/www.24gliwice.pl\\\/wiadomosci\\\/#website\",\"url\":\"https:\\\/\\\/www.24gliwice.pl\\\/wiadomosci\\\/\",\"name\":\"24GLIWICE - Portal Gliwice | codziennie nowe wiadomo\u015bci\",\"description\":\"Portal Miejski Gliwice\",\"publisher\":{\"@id\":\"https:\\\/\\\/www.24gliwice.pl\\\/wiadomosci\\\/#organization\"},\"potentialAction\":[{\"@type\":\"SearchAction\",\"target\":{\"@type\":\"EntryPoint\",\"urlTemplate\":\"https:\\\/\\\/www.24gliwice.pl\\\/wiadomosci\\\/?s={search_term_string}\"},\"query-input\":{\"@type\":\"PropertyValueSpecification\",\"valueRequired\":true,\"valueName\":\"search_term_string\"}}],\"inLanguage\":\"pl-PL\"},{\"@type\":\"Organization\",\"@id\":\"https:\\\/\\\/www.24gliwice.pl\\\/wiadomosci\\\/#organization\",\"name\":\"24gliwice\",\"url\":\"https:\\\/\\\/www.24gliwice.pl\\\/wiadomosci\\\/\",\"logo\":{\"@type\":\"ImageObject\",\"inLanguage\":\"pl-PL\",\"@id\":\"https:\\\/\\\/www.24gliwice.pl\\\/wiadomosci\\\/#\\\/schema\\\/logo\\\/image\\\/\",\"url\":\"https:\\\/\\\/www.24gliwice.pl\\\/wiadomosci\\\/wp-content\\\/uploads\\\/2024\\\/10\\\/24gliwice-logo-696.jpg\",\"contentUrl\":\"https:\\\/\\\/www.24gliwice.pl\\\/wiadomosci\\\/wp-content\\\/uploads\\\/2024\\\/10\\\/24gliwice-logo-696.jpg\",\"width\":696,\"height\":696,\"caption\":\"24gliwice\"},\"image\":{\"@id\":\"https:\\\/\\\/www.24gliwice.pl\\\/wiadomosci\\\/#\\\/schema\\\/logo\\\/image\\\/\"},\"sameAs\":[\"https:\\\/\\\/www.facebook.com\\\/24gliwice\",\"https:\\\/\\\/x.com\\\/24gliwice\",\"https:\\\/\\\/www.youtube.com\\\/@24gliwice\"]},{\"@type\":\"Person\",\"@id\":\"https:\\\/\\\/www.24gliwice.pl\\\/wiadomosci\\\/#\\\/schema\\\/person\\\/e42c650edd7f2fa332be3811fb166b6e\",\"name\":\"\u017baneta Mrozek-Siewierska\",\"image\":{\"@type\":\"ImageObject\",\"inLanguage\":\"pl-PL\",\"@id\":\"https:\\\/\\\/secure.gravatar.com\\\/avatar\\\/1881429e9c64597c77ad7aef2d0a19be69a3253e57534d16aa15bf3a4d34a0a3?s=96&d=mm&r=g\",\"url\":\"https:\\\/\\\/secure.gravatar.com\\\/avatar\\\/1881429e9c64597c77ad7aef2d0a19be69a3253e57534d16aa15bf3a4d34a0a3?s=96&d=mm&r=g\",\"contentUrl\":\"https:\\\/\\\/secure.gravatar.com\\\/avatar\\\/1881429e9c64597c77ad7aef2d0a19be69a3253e57534d16aa15bf3a4d34a0a3?s=96&d=mm&r=g\",\"caption\":\"\u017baneta Mrozek-Siewierska\"},\"url\":\"https:\\\/\\\/www.24gliwice.pl\\\/wiadomosci\\\/author\\\/zms\\\/\"}]}<\/script>\n<!-- \/ Yoast SEO plugin. -->","yoast_head_json":{"title":"Tak chcieli omin\u0105\u0107 korek. Cwaniactwo kieruj\u0105cych BMW tym razem nie usz\u0142o bezkarnie. \"Bezczelne zachowanie\" - 24GLIWICE - Portal Gliwice | codziennie nowe informacje","description":"Dw\u00f3ch kierowc\u00f3w z BMW zosta\u0142o zatrzymanych do kontroli z powodu ra\u017c\u0105cego naruszenia przepis\u00f3w ruchu drogowego. Jeden nie mia\u0142 ju\u017c prawa jazdy","robots":{"index":"index","follow":"follow","max-snippet":"max-snippet:-1","max-image-preview":"max-image-preview:large","max-video-preview":"max-video-preview:-1"},"canonical":"https:\/\/www.24gliwice.pl\/wiadomosci\/tak-chcieli-ominac-korek-cwaniactwo-kierujacych-bmw-tym-razem-nie-uszlo-bezkarnie-bezczelne-zachowanie\/","og_locale":"pl_PL","og_type":"article","og_title":"Tak chcieli omin\u0105\u0107 korek. Cwaniactwo kieruj\u0105cych BMW tym razem nie usz\u0142o bezkarnie. \"Bezczelne zachowanie\" - 24GLIWICE - Portal Gliwice | codziennie nowe informacje","og_description":"Dw\u00f3ch kierowc\u00f3w z BMW zosta\u0142o zatrzymanych do kontroli z powodu ra\u017c\u0105cego naruszenia przepis\u00f3w ruchu drogowego. Jeden nie mia\u0142 ju\u017c prawa jazdy","og_url":"https:\/\/www.24gliwice.pl\/wiadomosci\/tak-chcieli-ominac-korek-cwaniactwo-kierujacych-bmw-tym-razem-nie-uszlo-bezkarnie-bezczelne-zachowanie\/","og_site_name":"24GLIWICE - Portal Gliwice | codziennie nowe informacje","article_publisher":"https:\/\/www.facebook.com\/24gliwice","article_published_time":"2024-11-01T02:49:40+00:00","og_image":[{"width":1150,"height":646,"url":"https:\/\/www.24gliwice.pl\/wiadomosci\/wp-content\/uploads\/2024\/10\/Zrzut-ekranu-2024-10-31-132358.jpg","type":"image\/jpeg"}],"author":"\u017baneta Mrozek-Siewierska","twitter_card":"summary_large_image","twitter_creator":"@24gliwice","twitter_site":"@24gliwice","twitter_misc":{"Napisane przez":"\u017baneta Mrozek-Siewierska","Szacowany czas czytania":"2 minuty"},"schema":{"@context":"https:\/\/schema.org","@graph":[{"@type":"Article","@id":"https:\/\/www.24gliwice.pl\/wiadomosci\/tak-chcieli-ominac-korek-cwaniactwo-kierujacych-bmw-tym-razem-nie-uszlo-bezkarnie-bezczelne-zachowanie\/#article","isPartOf":{"@id":"https:\/\/www.24gliwice.pl\/wiadomosci\/tak-chcieli-ominac-korek-cwaniactwo-kierujacych-bmw-tym-razem-nie-uszlo-bezkarnie-bezczelne-zachowanie\/"},"author":{"name":"\u017baneta Mrozek-Siewierska","@id":"https:\/\/www.24gliwice.pl\/wiadomosci\/#\/schema\/person\/e42c650edd7f2fa332be3811fb166b6e"},"headline":"Tak chcieli omin\u0105\u0107 korek. Cwaniactwo kieruj\u0105cych BMW tym razem nie usz\u0142o bezkarnie. &#8220;Bezczelne zachowanie&#8221;","datePublished":"2024-11-01T02:49:40+00:00","mainEntityOfPage":{"@id":"https:\/\/www.24gliwice.pl\/wiadomosci\/tak-chcieli-ominac-korek-cwaniactwo-kierujacych-bmw-tym-razem-nie-uszlo-bezkarnie-bezczelne-zachowanie\/"},"wordCount":375,"commentCount":0,"publisher":{"@id":"https:\/\/www.24gliwice.pl\/wiadomosci\/#organization"},"image":{"@id":"https:\/\/www.24gliwice.pl\/wiadomosci\/tak-chcieli-ominac-korek-cwaniactwo-kierujacych-bmw-tym-razem-nie-uszlo-bezkarnie-bezczelne-zachowanie\/#primaryimage"},"thumbnailUrl":"https:\/\/www.24gliwice.pl\/wiadomosci\/wp-content\/uploads\/2024\/10\/Zrzut-ekranu-2024-10-31-132358.jpg","keywords":["bmw","PR\u0118DKO\u015a\u0106"],"articleSection":["Gliwice","Najnowsze wiadomo\u015bci","Prawo"],"inLanguage":"pl-PL","potentialAction":[{"@type":"CommentAction","name":"Comment","target":["https:\/\/www.24gliwice.pl\/wiadomosci\/tak-chcieli-ominac-korek-cwaniactwo-kierujacych-bmw-tym-razem-nie-uszlo-bezkarnie-bezczelne-zachowanie\/#respond"]}]},{"@type":"WebPage","@id":"https:\/\/www.24gliwice.pl\/wiadomosci\/tak-chcieli-ominac-korek-cwaniactwo-kierujacych-bmw-tym-razem-nie-uszlo-bezkarnie-bezczelne-zachowanie\/","url":"https:\/\/www.24gliwice.pl\/wiadomosci\/tak-chcieli-ominac-korek-cwaniactwo-kierujacych-bmw-tym-razem-nie-uszlo-bezkarnie-bezczelne-zachowanie\/","name":"Tak chcieli omin\u0105\u0107 korek. Cwaniactwo kieruj\u0105cych BMW tym razem nie usz\u0142o bezkarnie. \"Bezczelne zachowanie\" - 24GLIWICE - Portal Gliwice | codziennie nowe informacje","isPartOf":{"@id":"https:\/\/www.24gliwice.pl\/wiadomosci\/#website"},"primaryImageOfPage":{"@id":"https:\/\/www.24gliwice.pl\/wiadomosci\/tak-chcieli-ominac-korek-cwaniactwo-kierujacych-bmw-tym-razem-nie-uszlo-bezkarnie-bezczelne-zachowanie\/#primaryimage"},"image":{"@id":"https:\/\/www.24gliwice.pl\/wiadomosci\/tak-chcieli-ominac-korek-cwaniactwo-kierujacych-bmw-tym-razem-nie-uszlo-bezkarnie-bezczelne-zachowanie\/#primaryimage"},"thumbnailUrl":"https:\/\/www.24gliwice.pl\/wiadomosci\/wp-content\/uploads\/2024\/10\/Zrzut-ekranu-2024-10-31-132358.jpg","datePublished":"2024-11-01T02:49:40+00:00","description":"Dw\u00f3ch kierowc\u00f3w z BMW zosta\u0142o zatrzymanych do kontroli z powodu ra\u017c\u0105cego naruszenia przepis\u00f3w ruchu drogowego. Jeden nie mia\u0142 ju\u017c prawa jazdy","breadcrumb":{"@id":"https:\/\/www.24gliwice.pl\/wiadomosci\/tak-chcieli-ominac-korek-cwaniactwo-kierujacych-bmw-tym-razem-nie-uszlo-bezkarnie-bezczelne-zachowanie\/#breadcrumb"},"inLanguage":"pl-PL","potentialAction":[{"@type":"ReadAction","target":["https:\/\/www.24gliwice.pl\/wiadomosci\/tak-chcieli-ominac-korek-cwaniactwo-kierujacych-bmw-tym-razem-nie-uszlo-bezkarnie-bezczelne-zachowanie\/"]}]},{"@type":"ImageObject","inLanguage":"pl-PL","@id":"https:\/\/www.24gliwice.pl\/wiadomosci\/tak-chcieli-ominac-korek-cwaniactwo-kierujacych-bmw-tym-razem-nie-uszlo-bezkarnie-bezczelne-zachowanie\/#primaryimage","url":"https:\/\/www.24gliwice.pl\/wiadomosci\/wp-content\/uploads\/2024\/10\/Zrzut-ekranu-2024-10-31-132358.jpg","contentUrl":"https:\/\/www.24gliwice.pl\/wiadomosci\/wp-content\/uploads\/2024\/10\/Zrzut-ekranu-2024-10-31-132358.jpg","width":1150,"height":646},{"@type":"BreadcrumbList","@id":"https:\/\/www.24gliwice.pl\/wiadomosci\/tak-chcieli-ominac-korek-cwaniactwo-kierujacych-bmw-tym-razem-nie-uszlo-bezkarnie-bezczelne-zachowanie\/#breadcrumb","itemListElement":[{"@type":"ListItem","position":1,"name":"Strona g\u0142\u00f3wna","item":"https:\/\/www.24gliwice.pl\/wiadomosci\/"},{"@type":"ListItem","position":2,"name":"Tak chcieli omin\u0105\u0107 korek. Cwaniactwo kieruj\u0105cych BMW tym razem nie usz\u0142o bezkarnie. &#8222;Bezczelne zachowanie&#8221;"}]},{"@type":"WebSite","@id":"https:\/\/www.24gliwice.pl\/wiadomosci\/#website","url":"https:\/\/www.24gliwice.pl\/wiadomosci\/","name":"24GLIWICE - Portal Gliwice | codziennie nowe wiadomo\u015bci","description":"Portal Miejski Gliwice","publisher":{"@id":"https:\/\/www.24gliwice.pl\/wiadomosci\/#organization"},"potentialAction":[{"@type":"SearchAction","target":{"@type":"EntryPoint","urlTemplate":"https:\/\/www.24gliwice.pl\/wiadomosci\/?s={search_term_string}"},"query-input":{"@type":"PropertyValueSpecification","valueRequired":true,"valueName":"search_term_string"}}],"inLanguage":"pl-PL"},{"@type":"Organization","@id":"https:\/\/www.24gliwice.pl\/wiadomosci\/#organization","name":"24gliwice","url":"https:\/\/www.24gliwice.pl\/wiadomosci\/","logo":{"@type":"ImageObject","inLanguage":"pl-PL","@id":"https:\/\/www.24gliwice.pl\/wiadomosci\/#\/schema\/logo\/image\/","url":"https:\/\/www.24gliwice.pl\/wiadomosci\/wp-content\/uploads\/2024\/10\/24gliwice-logo-696.jpg","contentUrl":"https:\/\/www.24gliwice.pl\/wiadomosci\/wp-content\/uploads\/2024\/10\/24gliwice-logo-696.jpg","width":696,"height":696,"caption":"24gliwice"},"image":{"@id":"https:\/\/www.24gliwice.pl\/wiadomosci\/#\/schema\/logo\/image\/"},"sameAs":["https:\/\/www.facebook.com\/24gliwice","https:\/\/x.com\/24gliwice","https:\/\/www.youtube.com\/@24gliwice"]},{"@type":"Person","@id":"https:\/\/www.24gliwice.pl\/wiadomosci\/#\/schema\/person\/e42c650edd7f2fa332be3811fb166b6e","name":"\u017baneta Mrozek-Siewierska","image":{"@type":"ImageObject","inLanguage":"pl-PL","@id":"https:\/\/secure.gravatar.com\/avatar\/1881429e9c64597c77ad7aef2d0a19be69a3253e57534d16aa15bf3a4d34a0a3?s=96&d=mm&r=g","url":"https:\/\/secure.gravatar.com\/avatar\/1881429e9c64597c77ad7aef2d0a19be69a3253e57534d16aa15bf3a4d34a0a3?s=96&d=mm&r=g","contentUrl":"https:\/\/secure.gravatar.com\/avatar\/1881429e9c64597c77ad7aef2d0a19be69a3253e57534d16aa15bf3a4d34a0a3?s=96&d=mm&r=g","caption":"\u017baneta Mrozek-Siewierska"},"url":"https:\/\/www.24gliwice.pl\/wiadomosci\/author\/zms\/"}]}},"_links":{"self":[{"href":"https:\/\/www.24gliwice.pl\/wiadomosci\/wp-json\/wp\/v2\/posts\/244636","targetHints":{"allow":["GET"]}}],"collection":[{"href":"https:\/\/www.24gliwice.pl\/wiadomosci\/wp-json\/wp\/v2\/posts"}],"about":[{"href":"https:\/\/www.24gliwice.pl\/wiadomosci\/wp-json\/wp\/v2\/types\/post"}],"author":[{"embeddable":true,"href":"https:\/\/www.24gliwice.pl\/wiadomosci\/wp-json\/wp\/v2\/users\/15"}],"replies":[{"embeddable":true,"href":"https:\/\/www.24gliwice.pl\/wiadomosci\/wp-json\/wp\/v2\/comments?post=244636"}],"version-history":[{"count":0,"href":"https:\/\/www.24gliwice.pl\/wiadomosci\/wp-json\/wp\/v2\/posts\/244636\/revisions"}],"wp:featuredmedia":[{"embeddable":true,"href":"https:\/\/www.24gliwice.pl\/wiadomosci\/wp-json\/wp\/v2\/media\/244653"}],"wp:attachment":[{"href":"https:\/\/www.24gliwice.pl\/wiadomosci\/wp-json\/wp\/v2\/media?parent=244636"}],"wp:term":[{"taxonomy":"category","embeddable":true,"href":"https:\/\/www.24gliwice.pl\/wiadomosci\/wp-json\/wp\/v2\/categories?post=244636"},{"taxonomy":"post_tag","embeddable":true,"href":"https:\/\/www.24gliwice.pl\/wiadomosci\/wp-json\/wp\/v2\/tags?post=244636"}],"curies":[{"name":"wp","href":"https:\/\/api.w.org\/{rel}","templated":true}]}}