{"id":245072,"date":"2024-11-13T02:47:53","date_gmt":"2024-11-13T01:47:53","guid":{"rendered":"https:\/\/www.24gliwice.pl\/wiadomosci\/?p=245072"},"modified":"2024-11-13T03:10:17","modified_gmt":"2024-11-13T02:10:17","slug":"mieszkancy-nie-chca-wiezowca-obok-kilkupietrowej-zabudowy","status":"publish","type":"post","link":"https:\/\/www.24gliwice.pl\/wiadomosci\/mieszkancy-nie-chca-wiezowca-obok-kilkupietrowej-zabudowy\/","title":{"rendered":"Mieszka\u0144cy nie chc\u0105 wie\u017cowca obok kilkupi\u0119trowej zabudowy. Maj\u0105 poparcie Rady Dzielnicy i Sp\u00f3\u0142dzielni"},"content":{"rendered":"<div class=\"gliwi-a6-nad-leadem-artykulow gliwi-entity-placement\" id=\"gliwi-472643892\"><div class=\"gliwi-adlabel\"><span style=\"font-size: 9px\">REKLAMA<\/span><\/div><div id=\"gliwi-2867407497\" style=\"margin-bottom: 30px;margin-left: auto;margin-right: auto;text-align: center;\"><a data-no-instant=\"1\" href=\"https:\/\/przedszkole.halogen.org.pl\/\" rel=\"noopener\" class=\"a2t-link\" target=\"_blank\" aria-label=\"20260402-ANIMATOR-przedszkole_grafika_750x200\"><img loading=\"lazy\" decoding=\"async\" src=\"https:\/\/www.24gliwice.pl\/wiadomosci\/wp-content\/uploads\/2026\/04\/20260402-ANIMATOR-przedszkole_grafika_750x200.webp\" alt=\"\"  srcset=\"https:\/\/www.24gliwice.pl\/wiadomosci\/wp-content\/uploads\/2026\/04\/20260402-ANIMATOR-przedszkole_grafika_750x200.webp 750w, https:\/\/www.24gliwice.pl\/wiadomosci\/wp-content\/uploads\/2026\/04\/20260402-ANIMATOR-przedszkole_grafika_750x200-410x109.webp 410w\" sizes=\"(max-width: 750px) 100vw, 750px\" class=\"no-lazyload\" width=\"750\" height=\"200\"  style=\"display: inline-block; max-width: 100%; height: auto;\" \/><\/a><\/div><\/div><h2>Mieszka\u0144cy dzielnicy Baildona sprzeciwiaj\u0105 si\u0119 budowie 55-metrowego wie\u017cowca przy ulicy Jagiello\u0144skiej 28. Do Prezydenta Miasta oraz do Rady Miasta z\u0142o\u017cyli petycje, dla kt\u00f3rych uzyskali poparcie tamtejszej Rady Dzielnicy oraz Sp\u00f3\u0142dzielni Mieszkaniowej przy Politechnice \u015al\u0105skiej.<\/h2>\n<p><!--more--><\/p>\n<p>Inwestor, sp\u00f3\u0142ka Jedenasta-Sovo Group Sp. z o.o. sp. k., w lipcu br. z\u0142o\u017cy\u0142a wniosek o wydanie pozwolenia na budow\u0119 budynku us\u0142ug turystycznych i handlu z halami gara\u017cowymi, zbiornikiem na wod\u0119 do wewn\u0119trznego gaszenia po\u017caru i zbiornikiem na wod\u0119 opadow\u0105 oraz rozbi\u00f3rk\u0119 dw\u00f3ch obiekt\u00f3w. Miejscem inwestycji mia\u0142yby by\u0107 dzia\u0142ki tu\u017c obok stacji pogotowia ratunkowego, gdzie niegdy\u015b mie\u015bci\u0142 si\u0119 sk\u0142ad opa\u0142u. Nieruchomo\u015b\u0107 zosta\u0142a wystawiona na sprzeda\u017c, a zainteresowany najwyra\u017aniej si\u0119 znalaz\u0142 i ma ju\u017c konkretne plany w postaci budynku o wysoko\u015bci 55 metr\u00f3w, w kt\u00f3rym na 17 kondygnacjach maj\u0105 znale\u017a\u0107 si\u0119 122 apartamenty na wynajem. <\/p>\n<p><a href=\"https:\/\/www.24gliwice.pl\/wiadomosci\/wp-content\/uploads\/2024\/11\/jagiellonska-28-3.jpg\"><img loading=\"lazy\" decoding=\"async\" src=\"https:\/\/www.24gliwice.pl\/wiadomosci\/wp-content\/uploads\/2024\/11\/jagiellonska-28-3.jpg\" alt=\"\" width=\"810\" height=\"457\" class=\"alignnone size-full wp-image-245095\" srcset=\"https:\/\/www.24gliwice.pl\/wiadomosci\/wp-content\/uploads\/2024\/11\/jagiellonska-28-3.jpg 810w, https:\/\/www.24gliwice.pl\/wiadomosci\/wp-content\/uploads\/2024\/11\/jagiellonska-28-3-410x232.jpg 410w, https:\/\/www.24gliwice.pl\/wiadomosci\/wp-content\/uploads\/2024\/11\/jagiellonska-28-3-806x455.jpg 806w, https:\/\/www.24gliwice.pl\/wiadomosci\/wp-content\/uploads\/2024\/11\/jagiellonska-28-3-768x433.jpg 768w\" sizes=\"auto, (max-width: 810px) 100vw, 810px\" \/><\/a><\/p>\n<p>Temat poruszali\u015bmy we wrze\u015bniu, gdy w wydziale Architektury i Budownictwa wszcz\u0119to post\u0119powanie administracyjne, za\u015b do mieszka\u0144c\u00f3w s\u0105siednich nieruchomo\u015bci wys\u0142ano zawiadomienie w tej sprawie. <\/p><div class=\"gliwi-a3-w-tresci-artykulow gliwi-entity-placement\" id=\"gliwi-138602079\"><div class=\"gliwi-adlabel\"><span style=\"font-size: 9px\">REKLAMA<\/span><\/div><div id=\"gliwi-72715691\" style=\"margin-bottom: 30px;margin-left: auto;margin-right: auto;text-align: center;\"><a data-no-instant=\"1\" href=\"https:\/\/zlobek.halogen.org.pl\/\" rel=\"noopener\" class=\"a2t-link\" target=\"_blank\" aria-label=\"animator-zlobek_750x200\"><img loading=\"lazy\" decoding=\"async\" src=\"https:\/\/www.24gliwice.pl\/wiadomosci\/wp-content\/uploads\/2026\/02\/animator-zlobek_750x200.webp\" alt=\"\"  srcset=\"https:\/\/www.24gliwice.pl\/wiadomosci\/wp-content\/uploads\/2026\/02\/animator-zlobek_750x200.webp 750w, https:\/\/www.24gliwice.pl\/wiadomosci\/wp-content\/uploads\/2026\/02\/animator-zlobek_750x200-410x109.webp 410w\" sizes=\"(max-width: 750px) 100vw, 750px\" class=\"no-lazyload\" width=\"750\" height=\"200\"  style=\"display: inline-block; max-width: 100%; height: auto;\" \/><\/a><\/div><\/div>\n<blockquote class=\"wp-embedded-content\" data-secret=\"TrVO4XxSrS\"><p><a href=\"https:\/\/www.24gliwice.pl\/wiadomosci\/17-kondygnacyjny-budynek-w-miejscu-dawnego-skladu-wegla-powstana-122-apartamenty-na-wynajem\/\">17-kondygnacyjny budynek w miejscu dawnego sk\u0142adu w\u0119gla. Powstan\u0105 122 apartamenty na wynajem<\/a><\/p><\/blockquote>\n<p><iframe loading=\"lazy\" class=\"wp-embedded-content\" sandbox=\"allow-scripts\" security=\"restricted\" style=\"position: absolute; visibility: hidden;\" title=\"&#8222;17-kondygnacyjny budynek w miejscu dawnego sk\u0142adu w\u0119gla. Powstan\u0105 122 apartamenty na wynajem&#8221; &#8212; 24GLIWICE - Portal Gliwice | codziennie nowe informacje\" src=\"https:\/\/www.24gliwice.pl\/wiadomosci\/17-kondygnacyjny-budynek-w-miejscu-dawnego-skladu-wegla-powstana-122-apartamenty-na-wynajem\/embed\/#?secret=kGXcl3PBQX#?secret=TrVO4XxSrS\" data-secret=\"TrVO4XxSrS\" width=\"600\" height=\"338\" frameborder=\"0\" marginwidth=\"0\" marginheight=\"0\" scrolling=\"no\"><\/iframe><\/p>\n<p>Jak na razie wniosek o wydanie pozwolenia na budow\u0119 nadal jest w trakcie rozpatrywania. Je\u015bli jednak inwestor uzyska stosowne dopuszczenia, nowy budynek b\u0119dzie jednym z najwy\u017cszych, o ile nie najwy\u017cszym w Gliwicach (wi\u0119ksz\u0105 wysoko\u015b\u0107 maj\u0105 wie\u017ce ko\u015bcio\u0142\u00f3w i Radiostacja, to jednak inna kategoria obiekt\u00f3w). Sprzeciwiaj\u0105 si\u0119 temu mieszka\u0144cy s\u0105siednich, o wiele ni\u017cszych &#8211; od planowanego &#8211; zabudowa\u0144. W drugiej po\u0142owie pa\u017adziernika zainteresowani z\u0142o\u017cyli dwie petycje adresowane do Prezydent Gliwic <strong>Katarzyny Kuczy\u0144skiej-Budki<\/strong> oraz do Rady Miasta. Jeszcze wcze\u015bniej pozyskali opini\u0119 na temat przedsi\u0119wzi\u0119cia od Rady Dzielnicy Baildona oraz od Sp\u00f3\u0142dzielni Mieszkaniowej. Obie popieraj\u0105 protest mieszka\u0144c\u00f3w. <\/p>\n<blockquote><p><em>Planowana inwestycja stoi w ra\u017c\u0105cej sprzeczno\u015bci z prawem budowlanym oraz narusza warunki MPZP. Dodatkowo kszta\u0142t planowanej inwestycji w \u017caden spos\u00f3b nie przystaje do istniej\u0105cej infrastruktury<\/em> <\/p><\/blockquote>\n<p>&#8211; wskazuj\u0105 autorzy petycji, kt\u00f3rzy zwracaj\u0105 si\u0119 z pro\u015bb\u0105 o podj\u0119cie dzia\u0142a\u0144 w celu ochrony ich praw, jako mieszka\u0144c\u00f3w Gliwic.  <\/p>\n<p>&#8211; <em>Obecnie obowi\u0105zuj\u0105cy Miejscowy Plan Zagospodarowania Przestrzennego uchwalony w roku 2005 jest bardzo mocno nieprzystaj\u0105cy do obecnej struktury miasta w tym rejonie, a przez to zastosowanie jego warunk\u00f3w do tak kontrowersyjnej inwestycji w chwili prowadzenia d\u0142ugotrwa\u0142ych prac nad uchwaleniem Planu Og\u00f3lnego jest przedmiotem naszego protestu<\/em> &#8211; dodaj\u0105 wnioskodawcy. <\/p>\n<p><a href=\"https:\/\/www.24gliwice.pl\/wiadomosci\/wp-content\/uploads\/2024\/11\/jagiellonska-28-2.jpg\"><img loading=\"lazy\" decoding=\"async\" src=\"https:\/\/www.24gliwice.pl\/wiadomosci\/wp-content\/uploads\/2024\/11\/jagiellonska-28-2.jpg\" alt=\"\" width=\"810\" height=\"456\" class=\"alignnone size-full wp-image-245094\" srcset=\"https:\/\/www.24gliwice.pl\/wiadomosci\/wp-content\/uploads\/2024\/11\/jagiellonska-28-2.jpg 810w, https:\/\/www.24gliwice.pl\/wiadomosci\/wp-content\/uploads\/2024\/11\/jagiellonska-28-2-410x232.jpg 410w, https:\/\/www.24gliwice.pl\/wiadomosci\/wp-content\/uploads\/2024\/11\/jagiellonska-28-2-808x455.jpg 808w, https:\/\/www.24gliwice.pl\/wiadomosci\/wp-content\/uploads\/2024\/11\/jagiellonska-28-2-768x432.jpg 768w\" sizes=\"auto, (max-width: 810px) 100vw, 810px\" \/><\/a><\/p>\n<p>W dalszej cz\u0119\u015bci dokumentu mieszka\u0144cy dzielnicy podkre\u015blaj\u0105, \u017ce powstanie tak wysokiego budynku w g\u0119stej zabudowie spowoduje utrat\u0119 dost\u0119pu do \u015bwiat\u0142a s\u0142onecznego, zwracaj\u0105 te\u017c uwag\u0119 na zwi\u0105zane z tym przysz\u0142e problemy z parkowaniem i pogorszenie stanu bezpiecze\u0144stwa ruchu drogowego. <\/p>\n<h4>Ze wzgl\u0119du na powy\u017csze argumenty, autorzy petycji zwracaj\u0105 si\u0119 do Prezydenta Miasta oraz (w osobnej petycji w podobnym brzmieniu) do Rady Miasta o rozpocz\u0119cie prac nad wprowadzeniem zmian w MPZP dla tej cz\u0119\u015bci Gliwic.<\/h4>\n<p>Chodzi o takie modyfikacje, kt\u00f3re uniemo\u017cliwi\u0105 niekontrolowan\u0105 i chaotyczn\u0105 zabudow\u0119, a w przypadku dzia\u0142ki przy ul Jagiello\u0144skiej 28 powstrzymaj\u0105 procedur\u0119 wydania pozwolenia na budow\u0119 dla niesp\u00f3jnej dla dzielnicy koncepcji budynku o wysoko\u015bci 55 metr\u00f3w.<\/p>\n<p><a href=\"https:\/\/www.24gliwice.pl\/wiadomosci\/wp-content\/uploads\/2024\/11\/Zrzut-ekranu-2024-11-12-133006.jpg\"><img loading=\"lazy\" decoding=\"async\" src=\"https:\/\/www.24gliwice.pl\/wiadomosci\/wp-content\/uploads\/2024\/11\/Zrzut-ekranu-2024-11-12-133006.jpg\" alt=\"\" width=\"714\" height=\"792\" class=\"alignnone size-full wp-image-245098\" srcset=\"https:\/\/www.24gliwice.pl\/wiadomosci\/wp-content\/uploads\/2024\/11\/Zrzut-ekranu-2024-11-12-133006.jpg 714w, https:\/\/www.24gliwice.pl\/wiadomosci\/wp-content\/uploads\/2024\/11\/Zrzut-ekranu-2024-11-12-133006-209x232.jpg 209w, https:\/\/www.24gliwice.pl\/wiadomosci\/wp-content\/uploads\/2024\/11\/Zrzut-ekranu-2024-11-12-133006-410x455.jpg 410w\" sizes=\"auto, (max-width: 714px) 100vw, 714px\" \/><\/a><\/p>\n<p><a href=\"https:\/\/www.24gliwice.pl\/wiadomosci\/wp-content\/uploads\/2024\/11\/Zrzut-ekranu-2024-11-12-131420.jpg\"><img loading=\"lazy\" decoding=\"async\" src=\"https:\/\/www.24gliwice.pl\/wiadomosci\/wp-content\/uploads\/2024\/11\/Zrzut-ekranu-2024-11-12-131420.jpg\" alt=\"\" width=\"810\" height=\"710\" class=\"alignnone size-full wp-image-245092\" srcset=\"https:\/\/www.24gliwice.pl\/wiadomosci\/wp-content\/uploads\/2024\/11\/Zrzut-ekranu-2024-11-12-131420.jpg 810w, https:\/\/www.24gliwice.pl\/wiadomosci\/wp-content\/uploads\/2024\/11\/Zrzut-ekranu-2024-11-12-131420-265x232.jpg 265w, https:\/\/www.24gliwice.pl\/wiadomosci\/wp-content\/uploads\/2024\/11\/Zrzut-ekranu-2024-11-12-131420-519x455.jpg 519w, https:\/\/www.24gliwice.pl\/wiadomosci\/wp-content\/uploads\/2024\/11\/Zrzut-ekranu-2024-11-12-131420-768x673.jpg 768w\" sizes=\"auto, (max-width: 810px) 100vw, 810px\" \/><\/a><\/p>\n<p><a href=\"https:\/\/www.24gliwice.pl\/wiadomosci\/wp-content\/uploads\/2024\/11\/Zrzut-ekranu-2024-11-12-132018.jpg\"><img loading=\"lazy\" decoding=\"async\" src=\"https:\/\/www.24gliwice.pl\/wiadomosci\/wp-content\/uploads\/2024\/11\/Zrzut-ekranu-2024-11-12-132018.jpg\" alt=\"\" width=\"728\" height=\"778\" class=\"alignnone size-full wp-image-245093\" srcset=\"https:\/\/www.24gliwice.pl\/wiadomosci\/wp-content\/uploads\/2024\/11\/Zrzut-ekranu-2024-11-12-132018.jpg 728w, https:\/\/www.24gliwice.pl\/wiadomosci\/wp-content\/uploads\/2024\/11\/Zrzut-ekranu-2024-11-12-132018-217x232.jpg 217w, https:\/\/www.24gliwice.pl\/wiadomosci\/wp-content\/uploads\/2024\/11\/Zrzut-ekranu-2024-11-12-132018-426x455.jpg 426w\" sizes=\"auto, (max-width: 728px) 100vw, 728px\" \/><\/a><\/p>\n<p>Petycje wp\u0142yn\u0119\u0142y do Urz\u0119du Miejskiego 25 pa\u017adziernika. Czas na ich rozpatrzenie to 3 miesi\u0105ce. <\/p>\n<p>(\u017cms)<br \/>\nfot. 24gliwice.pl\/\u0141G, zrzuty ekranowe: BIP Gliwice.eu<\/p>\n<div class=\"gliwi-a5-na-koncu-artykulow gliwi-entity-placement\" id=\"gliwi-1748911286\"><div class=\"gliwi-adlabel\"><span style=\"font-size: 9px\">REKLAMA<\/span><\/div><div id=\"gliwi-96290056\" style=\"margin-left: auto;margin-right: auto;text-align: center;\"><a data-no-instant=\"1\" href=\"https:\/\/www.jasek.pl\/\" rel=\"noopener\" class=\"a2t-link\" target=\"_blank\" aria-label=\"20200401-jasek 600\"><img loading=\"lazy\" decoding=\"async\" src=\"https:\/\/www.24gliwice.pl\/wiadomosci\/wp-content\/uploads\/2020\/04\/20200401-jasek-600.jpg\" alt=\"\"  srcset=\"https:\/\/www.24gliwice.pl\/wiadomosci\/wp-content\/uploads\/2020\/04\/20200401-jasek-600.jpg 600w, https:\/\/www.24gliwice.pl\/wiadomosci\/wp-content\/uploads\/2020\/04\/20200401-jasek-600-410x109.jpg 410w\" sizes=\"(max-width: 600px) 100vw, 600px\" class=\"no-lazyload\" width=\"600\" height=\"160\"  style=\"display: inline-block; max-width: 100%; height: auto;\" \/><\/a><\/div><\/div>","protected":false},"excerpt":{"rendered":"<p>Mieszka\u0144cy dzielnicy Baildona sprzeciwiaj\u0105 si\u0119 budowie 55-metrowego wie\u017cowca przy ulicy Jagiello\u0144skiej 28. Do Prezydenta Miasta oraz do Rady Miasta z\u0142o\u017cyli petycje, dla kt\u00f3rych uzyskali poparcie tamtejszej Rady Dzielnicy oraz Sp\u00f3\u0142dzielni Mieszkaniowej przy Politechnice \u015al\u0105skiej.<\/p>\n","protected":false},"author":15,"featured_media":245136,"comment_status":"open","ping_status":"closed","sticky":false,"template":"","format":"standard","meta":{"_monsterinsights_skip_tracking":false,"_monsterinsights_sitenote_active":false,"_monsterinsights_sitenote_note":"","_monsterinsights_sitenote_category":0,"footnotes":"","_links_to":"","_links_to_target":""},"categories":[3,1,9,8],"tags":[23873,11932],"class_list":["post-245072","post","type-post","status-publish","format-standard","has-post-thumbnail","hentry","category-gliwice","category-wszystko","category-aktualnosci_lokalne","category-samorzad_polityka","tag-jagiellonska-28","tag-petycja"],"yoast_head":"<!-- This site is optimized with the Yoast SEO plugin v27.5 - https:\/\/yoast.com\/product\/yoast-seo-wordpress\/ -->\n<title>Mieszka\u0144cy nie chc\u0105 wie\u017cowca obok kilkupi\u0119trowej zabudowy. Maj\u0105 poparcie Rady Dzielnicy i Sp\u00f3\u0142dzielni - 24GLIWICE - Portal Gliwice | codziennie nowe informacje<\/title>\n<meta name=\"description\" content=\"Mieszka\u0144cy dzielnicy Baildona z\u0142o\u017cyli petycj\u0119 do Rady Miasta oraz Prezydent Miasta o zmiany w MPZP i uniemo\u017cliwienie budowy hotelu-wie\u017cowca\" \/>\n<meta name=\"robots\" content=\"index, follow, max-snippet:-1, max-image-preview:large, max-video-preview:-1\" \/>\n<link rel=\"canonical\" href=\"https:\/\/www.24gliwice.pl\/wiadomosci\/mieszkancy-nie-chca-wiezowca-obok-kilkupietrowej-zabudowy\/\" \/>\n<meta property=\"og:locale\" content=\"pl_PL\" \/>\n<meta property=\"og:type\" content=\"article\" \/>\n<meta property=\"og:title\" content=\"Mieszka\u0144cy nie chc\u0105 wie\u017cowca obok kilkupi\u0119trowej zabudowy. Maj\u0105 poparcie Rady Dzielnicy i Sp\u00f3\u0142dzielni - 24GLIWICE - Portal Gliwice | codziennie nowe informacje\" \/>\n<meta property=\"og:description\" content=\"Mieszka\u0144cy dzielnicy Baildona z\u0142o\u017cyli petycj\u0119 do Rady Miasta oraz Prezydent Miasta o zmiany w MPZP i uniemo\u017cliwienie budowy hotelu-wie\u017cowca\" \/>\n<meta property=\"og:url\" content=\"https:\/\/www.24gliwice.pl\/wiadomosci\/mieszkancy-nie-chca-wiezowca-obok-kilkupietrowej-zabudowy\/\" \/>\n<meta property=\"og:site_name\" content=\"24GLIWICE - Portal Gliwice | codziennie nowe informacje\" \/>\n<meta property=\"article:publisher\" content=\"https:\/\/www.facebook.com\/24gliwice\" \/>\n<meta property=\"article:published_time\" content=\"2024-11-13T01:47:53+00:00\" \/>\n<meta property=\"article:modified_time\" content=\"2024-11-13T02:10:17+00:00\" \/>\n<meta property=\"og:image\" content=\"https:\/\/www.24gliwice.pl\/wiadomosci\/wp-content\/uploads\/2024\/11\/jagiellonska-dzialka-wiezowiec.jpg\" \/>\n\t<meta property=\"og:image:width\" content=\"810\" \/>\n\t<meta property=\"og:image:height\" content=\"456\" \/>\n\t<meta property=\"og:image:type\" content=\"image\/jpeg\" \/>\n<meta name=\"author\" content=\"\u017baneta Mrozek-Siewierska\" \/>\n<meta name=\"twitter:card\" content=\"summary_large_image\" \/>\n<meta name=\"twitter:creator\" content=\"@24gliwice\" \/>\n<meta name=\"twitter:site\" content=\"@24gliwice\" \/>\n<meta name=\"twitter:label1\" content=\"Napisane przez\" \/>\n\t<meta name=\"twitter:data1\" content=\"\u017baneta Mrozek-Siewierska\" \/>\n\t<meta name=\"twitter:label2\" content=\"Szacowany czas czytania\" \/>\n\t<meta name=\"twitter:data2\" content=\"4 minuty\" \/>\n<script type=\"application\/ld+json\" class=\"yoast-schema-graph\">{\"@context\":\"https:\\\/\\\/schema.org\",\"@graph\":[{\"@type\":\"Article\",\"@id\":\"https:\\\/\\\/www.24gliwice.pl\\\/wiadomosci\\\/mieszkancy-nie-chca-wiezowca-obok-kilkupietrowej-zabudowy\\\/#article\",\"isPartOf\":{\"@id\":\"https:\\\/\\\/www.24gliwice.pl\\\/wiadomosci\\\/mieszkancy-nie-chca-wiezowca-obok-kilkupietrowej-zabudowy\\\/\"},\"author\":{\"name\":\"\u017baneta Mrozek-Siewierska\",\"@id\":\"https:\\\/\\\/www.24gliwice.pl\\\/wiadomosci\\\/#\\\/schema\\\/person\\\/e42c650edd7f2fa332be3811fb166b6e\"},\"headline\":\"Mieszka\u0144cy nie chc\u0105 wie\u017cowca obok kilkupi\u0119trowej zabudowy. Maj\u0105 poparcie Rady Dzielnicy i Sp\u00f3\u0142dzielni\",\"datePublished\":\"2024-11-13T01:47:53+00:00\",\"dateModified\":\"2024-11-13T02:10:17+00:00\",\"mainEntityOfPage\":{\"@id\":\"https:\\\/\\\/www.24gliwice.pl\\\/wiadomosci\\\/mieszkancy-nie-chca-wiezowca-obok-kilkupietrowej-zabudowy\\\/\"},\"wordCount\":588,\"commentCount\":0,\"publisher\":{\"@id\":\"https:\\\/\\\/www.24gliwice.pl\\\/wiadomosci\\\/#organization\"},\"image\":{\"@id\":\"https:\\\/\\\/www.24gliwice.pl\\\/wiadomosci\\\/mieszkancy-nie-chca-wiezowca-obok-kilkupietrowej-zabudowy\\\/#primaryimage\"},\"thumbnailUrl\":\"https:\\\/\\\/www.24gliwice.pl\\\/wiadomosci\\\/wp-content\\\/uploads\\\/2024\\\/11\\\/jagiellonska-dzialka-wiezowiec.jpg\",\"keywords\":[\"JAGIELLO\u0143SKA 28\",\"petycja\"],\"articleSection\":[\"Gliwice\",\"Najnowsze wiadomo\u015bci\",\"Portal Gliwice - Wiadomo\u015bci lokalne\",\"Samorz\u0105d, polityka\"],\"inLanguage\":\"pl-PL\",\"potentialAction\":[{\"@type\":\"CommentAction\",\"name\":\"Comment\",\"target\":[\"https:\\\/\\\/www.24gliwice.pl\\\/wiadomosci\\\/mieszkancy-nie-chca-wiezowca-obok-kilkupietrowej-zabudowy\\\/#respond\"]}]},{\"@type\":\"WebPage\",\"@id\":\"https:\\\/\\\/www.24gliwice.pl\\\/wiadomosci\\\/mieszkancy-nie-chca-wiezowca-obok-kilkupietrowej-zabudowy\\\/\",\"url\":\"https:\\\/\\\/www.24gliwice.pl\\\/wiadomosci\\\/mieszkancy-nie-chca-wiezowca-obok-kilkupietrowej-zabudowy\\\/\",\"name\":\"Mieszka\u0144cy nie chc\u0105 wie\u017cowca obok kilkupi\u0119trowej zabudowy. Maj\u0105 poparcie Rady Dzielnicy i Sp\u00f3\u0142dzielni - 24GLIWICE - Portal Gliwice | codziennie nowe informacje\",\"isPartOf\":{\"@id\":\"https:\\\/\\\/www.24gliwice.pl\\\/wiadomosci\\\/#website\"},\"primaryImageOfPage\":{\"@id\":\"https:\\\/\\\/www.24gliwice.pl\\\/wiadomosci\\\/mieszkancy-nie-chca-wiezowca-obok-kilkupietrowej-zabudowy\\\/#primaryimage\"},\"image\":{\"@id\":\"https:\\\/\\\/www.24gliwice.pl\\\/wiadomosci\\\/mieszkancy-nie-chca-wiezowca-obok-kilkupietrowej-zabudowy\\\/#primaryimage\"},\"thumbnailUrl\":\"https:\\\/\\\/www.24gliwice.pl\\\/wiadomosci\\\/wp-content\\\/uploads\\\/2024\\\/11\\\/jagiellonska-dzialka-wiezowiec.jpg\",\"datePublished\":\"2024-11-13T01:47:53+00:00\",\"dateModified\":\"2024-11-13T02:10:17+00:00\",\"description\":\"Mieszka\u0144cy dzielnicy Baildona z\u0142o\u017cyli petycj\u0119 do Rady Miasta oraz Prezydent Miasta o zmiany w MPZP i uniemo\u017cliwienie budowy hotelu-wie\u017cowca\",\"breadcrumb\":{\"@id\":\"https:\\\/\\\/www.24gliwice.pl\\\/wiadomosci\\\/mieszkancy-nie-chca-wiezowca-obok-kilkupietrowej-zabudowy\\\/#breadcrumb\"},\"inLanguage\":\"pl-PL\",\"potentialAction\":[{\"@type\":\"ReadAction\",\"target\":[\"https:\\\/\\\/www.24gliwice.pl\\\/wiadomosci\\\/mieszkancy-nie-chca-wiezowca-obok-kilkupietrowej-zabudowy\\\/\"]}]},{\"@type\":\"ImageObject\",\"inLanguage\":\"pl-PL\",\"@id\":\"https:\\\/\\\/www.24gliwice.pl\\\/wiadomosci\\\/mieszkancy-nie-chca-wiezowca-obok-kilkupietrowej-zabudowy\\\/#primaryimage\",\"url\":\"https:\\\/\\\/www.24gliwice.pl\\\/wiadomosci\\\/wp-content\\\/uploads\\\/2024\\\/11\\\/jagiellonska-dzialka-wiezowiec.jpg\",\"contentUrl\":\"https:\\\/\\\/www.24gliwice.pl\\\/wiadomosci\\\/wp-content\\\/uploads\\\/2024\\\/11\\\/jagiellonska-dzialka-wiezowiec.jpg\",\"width\":810,\"height\":456},{\"@type\":\"BreadcrumbList\",\"@id\":\"https:\\\/\\\/www.24gliwice.pl\\\/wiadomosci\\\/mieszkancy-nie-chca-wiezowca-obok-kilkupietrowej-zabudowy\\\/#breadcrumb\",\"itemListElement\":[{\"@type\":\"ListItem\",\"position\":1,\"name\":\"Strona g\u0142\u00f3wna\",\"item\":\"https:\\\/\\\/www.24gliwice.pl\\\/wiadomosci\\\/\"},{\"@type\":\"ListItem\",\"position\":2,\"name\":\"Mieszka\u0144cy nie chc\u0105 wie\u017cowca obok kilkupi\u0119trowej zabudowy. Maj\u0105 poparcie Rady Dzielnicy i Sp\u00f3\u0142dzielni\"}]},{\"@type\":\"WebSite\",\"@id\":\"https:\\\/\\\/www.24gliwice.pl\\\/wiadomosci\\\/#website\",\"url\":\"https:\\\/\\\/www.24gliwice.pl\\\/wiadomosci\\\/\",\"name\":\"24GLIWICE - Portal Gliwice | codziennie nowe wiadomo\u015bci\",\"description\":\"Portal Miejski Gliwice\",\"publisher\":{\"@id\":\"https:\\\/\\\/www.24gliwice.pl\\\/wiadomosci\\\/#organization\"},\"potentialAction\":[{\"@type\":\"SearchAction\",\"target\":{\"@type\":\"EntryPoint\",\"urlTemplate\":\"https:\\\/\\\/www.24gliwice.pl\\\/wiadomosci\\\/?s={search_term_string}\"},\"query-input\":{\"@type\":\"PropertyValueSpecification\",\"valueRequired\":true,\"valueName\":\"search_term_string\"}}],\"inLanguage\":\"pl-PL\"},{\"@type\":\"Organization\",\"@id\":\"https:\\\/\\\/www.24gliwice.pl\\\/wiadomosci\\\/#organization\",\"name\":\"24gliwice\",\"url\":\"https:\\\/\\\/www.24gliwice.pl\\\/wiadomosci\\\/\",\"logo\":{\"@type\":\"ImageObject\",\"inLanguage\":\"pl-PL\",\"@id\":\"https:\\\/\\\/www.24gliwice.pl\\\/wiadomosci\\\/#\\\/schema\\\/logo\\\/image\\\/\",\"url\":\"https:\\\/\\\/www.24gliwice.pl\\\/wiadomosci\\\/wp-content\\\/uploads\\\/2024\\\/10\\\/24gliwice-logo-696.jpg\",\"contentUrl\":\"https:\\\/\\\/www.24gliwice.pl\\\/wiadomosci\\\/wp-content\\\/uploads\\\/2024\\\/10\\\/24gliwice-logo-696.jpg\",\"width\":696,\"height\":696,\"caption\":\"24gliwice\"},\"image\":{\"@id\":\"https:\\\/\\\/www.24gliwice.pl\\\/wiadomosci\\\/#\\\/schema\\\/logo\\\/image\\\/\"},\"sameAs\":[\"https:\\\/\\\/www.facebook.com\\\/24gliwice\",\"https:\\\/\\\/x.com\\\/24gliwice\",\"https:\\\/\\\/www.youtube.com\\\/@24gliwice\"]},{\"@type\":\"Person\",\"@id\":\"https:\\\/\\\/www.24gliwice.pl\\\/wiadomosci\\\/#\\\/schema\\\/person\\\/e42c650edd7f2fa332be3811fb166b6e\",\"name\":\"\u017baneta Mrozek-Siewierska\",\"image\":{\"@type\":\"ImageObject\",\"inLanguage\":\"pl-PL\",\"@id\":\"https:\\\/\\\/secure.gravatar.com\\\/avatar\\\/1881429e9c64597c77ad7aef2d0a19be69a3253e57534d16aa15bf3a4d34a0a3?s=96&d=mm&r=g\",\"url\":\"https:\\\/\\\/secure.gravatar.com\\\/avatar\\\/1881429e9c64597c77ad7aef2d0a19be69a3253e57534d16aa15bf3a4d34a0a3?s=96&d=mm&r=g\",\"contentUrl\":\"https:\\\/\\\/secure.gravatar.com\\\/avatar\\\/1881429e9c64597c77ad7aef2d0a19be69a3253e57534d16aa15bf3a4d34a0a3?s=96&d=mm&r=g\",\"caption\":\"\u017baneta Mrozek-Siewierska\"},\"url\":\"https:\\\/\\\/www.24gliwice.pl\\\/wiadomosci\\\/author\\\/zms\\\/\"}]}<\/script>\n<!-- \/ Yoast SEO plugin. -->","yoast_head_json":{"title":"Mieszka\u0144cy nie chc\u0105 wie\u017cowca obok kilkupi\u0119trowej zabudowy. Maj\u0105 poparcie Rady Dzielnicy i Sp\u00f3\u0142dzielni - 24GLIWICE - Portal Gliwice | codziennie nowe informacje","description":"Mieszka\u0144cy dzielnicy Baildona z\u0142o\u017cyli petycj\u0119 do Rady Miasta oraz Prezydent Miasta o zmiany w MPZP i uniemo\u017cliwienie budowy hotelu-wie\u017cowca","robots":{"index":"index","follow":"follow","max-snippet":"max-snippet:-1","max-image-preview":"max-image-preview:large","max-video-preview":"max-video-preview:-1"},"canonical":"https:\/\/www.24gliwice.pl\/wiadomosci\/mieszkancy-nie-chca-wiezowca-obok-kilkupietrowej-zabudowy\/","og_locale":"pl_PL","og_type":"article","og_title":"Mieszka\u0144cy nie chc\u0105 wie\u017cowca obok kilkupi\u0119trowej zabudowy. Maj\u0105 poparcie Rady Dzielnicy i Sp\u00f3\u0142dzielni - 24GLIWICE - Portal Gliwice | codziennie nowe informacje","og_description":"Mieszka\u0144cy dzielnicy Baildona z\u0142o\u017cyli petycj\u0119 do Rady Miasta oraz Prezydent Miasta o zmiany w MPZP i uniemo\u017cliwienie budowy hotelu-wie\u017cowca","og_url":"https:\/\/www.24gliwice.pl\/wiadomosci\/mieszkancy-nie-chca-wiezowca-obok-kilkupietrowej-zabudowy\/","og_site_name":"24GLIWICE - Portal Gliwice | codziennie nowe informacje","article_publisher":"https:\/\/www.facebook.com\/24gliwice","article_published_time":"2024-11-13T01:47:53+00:00","article_modified_time":"2024-11-13T02:10:17+00:00","og_image":[{"width":810,"height":456,"url":"https:\/\/www.24gliwice.pl\/wiadomosci\/wp-content\/uploads\/2024\/11\/jagiellonska-dzialka-wiezowiec.jpg","type":"image\/jpeg"}],"author":"\u017baneta Mrozek-Siewierska","twitter_card":"summary_large_image","twitter_creator":"@24gliwice","twitter_site":"@24gliwice","twitter_misc":{"Napisane przez":"\u017baneta Mrozek-Siewierska","Szacowany czas czytania":"4 minuty"},"schema":{"@context":"https:\/\/schema.org","@graph":[{"@type":"Article","@id":"https:\/\/www.24gliwice.pl\/wiadomosci\/mieszkancy-nie-chca-wiezowca-obok-kilkupietrowej-zabudowy\/#article","isPartOf":{"@id":"https:\/\/www.24gliwice.pl\/wiadomosci\/mieszkancy-nie-chca-wiezowca-obok-kilkupietrowej-zabudowy\/"},"author":{"name":"\u017baneta Mrozek-Siewierska","@id":"https:\/\/www.24gliwice.pl\/wiadomosci\/#\/schema\/person\/e42c650edd7f2fa332be3811fb166b6e"},"headline":"Mieszka\u0144cy nie chc\u0105 wie\u017cowca obok kilkupi\u0119trowej zabudowy. Maj\u0105 poparcie Rady Dzielnicy i Sp\u00f3\u0142dzielni","datePublished":"2024-11-13T01:47:53+00:00","dateModified":"2024-11-13T02:10:17+00:00","mainEntityOfPage":{"@id":"https:\/\/www.24gliwice.pl\/wiadomosci\/mieszkancy-nie-chca-wiezowca-obok-kilkupietrowej-zabudowy\/"},"wordCount":588,"commentCount":0,"publisher":{"@id":"https:\/\/www.24gliwice.pl\/wiadomosci\/#organization"},"image":{"@id":"https:\/\/www.24gliwice.pl\/wiadomosci\/mieszkancy-nie-chca-wiezowca-obok-kilkupietrowej-zabudowy\/#primaryimage"},"thumbnailUrl":"https:\/\/www.24gliwice.pl\/wiadomosci\/wp-content\/uploads\/2024\/11\/jagiellonska-dzialka-wiezowiec.jpg","keywords":["JAGIELLO\u0143SKA 28","petycja"],"articleSection":["Gliwice","Najnowsze wiadomo\u015bci","Portal Gliwice - Wiadomo\u015bci lokalne","Samorz\u0105d, polityka"],"inLanguage":"pl-PL","potentialAction":[{"@type":"CommentAction","name":"Comment","target":["https:\/\/www.24gliwice.pl\/wiadomosci\/mieszkancy-nie-chca-wiezowca-obok-kilkupietrowej-zabudowy\/#respond"]}]},{"@type":"WebPage","@id":"https:\/\/www.24gliwice.pl\/wiadomosci\/mieszkancy-nie-chca-wiezowca-obok-kilkupietrowej-zabudowy\/","url":"https:\/\/www.24gliwice.pl\/wiadomosci\/mieszkancy-nie-chca-wiezowca-obok-kilkupietrowej-zabudowy\/","name":"Mieszka\u0144cy nie chc\u0105 wie\u017cowca obok kilkupi\u0119trowej zabudowy. Maj\u0105 poparcie Rady Dzielnicy i Sp\u00f3\u0142dzielni - 24GLIWICE - Portal Gliwice | codziennie nowe informacje","isPartOf":{"@id":"https:\/\/www.24gliwice.pl\/wiadomosci\/#website"},"primaryImageOfPage":{"@id":"https:\/\/www.24gliwice.pl\/wiadomosci\/mieszkancy-nie-chca-wiezowca-obok-kilkupietrowej-zabudowy\/#primaryimage"},"image":{"@id":"https:\/\/www.24gliwice.pl\/wiadomosci\/mieszkancy-nie-chca-wiezowca-obok-kilkupietrowej-zabudowy\/#primaryimage"},"thumbnailUrl":"https:\/\/www.24gliwice.pl\/wiadomosci\/wp-content\/uploads\/2024\/11\/jagiellonska-dzialka-wiezowiec.jpg","datePublished":"2024-11-13T01:47:53+00:00","dateModified":"2024-11-13T02:10:17+00:00","description":"Mieszka\u0144cy dzielnicy Baildona z\u0142o\u017cyli petycj\u0119 do Rady Miasta oraz Prezydent Miasta o zmiany w MPZP i uniemo\u017cliwienie budowy hotelu-wie\u017cowca","breadcrumb":{"@id":"https:\/\/www.24gliwice.pl\/wiadomosci\/mieszkancy-nie-chca-wiezowca-obok-kilkupietrowej-zabudowy\/#breadcrumb"},"inLanguage":"pl-PL","potentialAction":[{"@type":"ReadAction","target":["https:\/\/www.24gliwice.pl\/wiadomosci\/mieszkancy-nie-chca-wiezowca-obok-kilkupietrowej-zabudowy\/"]}]},{"@type":"ImageObject","inLanguage":"pl-PL","@id":"https:\/\/www.24gliwice.pl\/wiadomosci\/mieszkancy-nie-chca-wiezowca-obok-kilkupietrowej-zabudowy\/#primaryimage","url":"https:\/\/www.24gliwice.pl\/wiadomosci\/wp-content\/uploads\/2024\/11\/jagiellonska-dzialka-wiezowiec.jpg","contentUrl":"https:\/\/www.24gliwice.pl\/wiadomosci\/wp-content\/uploads\/2024\/11\/jagiellonska-dzialka-wiezowiec.jpg","width":810,"height":456},{"@type":"BreadcrumbList","@id":"https:\/\/www.24gliwice.pl\/wiadomosci\/mieszkancy-nie-chca-wiezowca-obok-kilkupietrowej-zabudowy\/#breadcrumb","itemListElement":[{"@type":"ListItem","position":1,"name":"Strona g\u0142\u00f3wna","item":"https:\/\/www.24gliwice.pl\/wiadomosci\/"},{"@type":"ListItem","position":2,"name":"Mieszka\u0144cy nie chc\u0105 wie\u017cowca obok kilkupi\u0119trowej zabudowy. Maj\u0105 poparcie Rady Dzielnicy i Sp\u00f3\u0142dzielni"}]},{"@type":"WebSite","@id":"https:\/\/www.24gliwice.pl\/wiadomosci\/#website","url":"https:\/\/www.24gliwice.pl\/wiadomosci\/","name":"24GLIWICE - Portal Gliwice | codziennie nowe wiadomo\u015bci","description":"Portal Miejski Gliwice","publisher":{"@id":"https:\/\/www.24gliwice.pl\/wiadomosci\/#organization"},"potentialAction":[{"@type":"SearchAction","target":{"@type":"EntryPoint","urlTemplate":"https:\/\/www.24gliwice.pl\/wiadomosci\/?s={search_term_string}"},"query-input":{"@type":"PropertyValueSpecification","valueRequired":true,"valueName":"search_term_string"}}],"inLanguage":"pl-PL"},{"@type":"Organization","@id":"https:\/\/www.24gliwice.pl\/wiadomosci\/#organization","name":"24gliwice","url":"https:\/\/www.24gliwice.pl\/wiadomosci\/","logo":{"@type":"ImageObject","inLanguage":"pl-PL","@id":"https:\/\/www.24gliwice.pl\/wiadomosci\/#\/schema\/logo\/image\/","url":"https:\/\/www.24gliwice.pl\/wiadomosci\/wp-content\/uploads\/2024\/10\/24gliwice-logo-696.jpg","contentUrl":"https:\/\/www.24gliwice.pl\/wiadomosci\/wp-content\/uploads\/2024\/10\/24gliwice-logo-696.jpg","width":696,"height":696,"caption":"24gliwice"},"image":{"@id":"https:\/\/www.24gliwice.pl\/wiadomosci\/#\/schema\/logo\/image\/"},"sameAs":["https:\/\/www.facebook.com\/24gliwice","https:\/\/x.com\/24gliwice","https:\/\/www.youtube.com\/@24gliwice"]},{"@type":"Person","@id":"https:\/\/www.24gliwice.pl\/wiadomosci\/#\/schema\/person\/e42c650edd7f2fa332be3811fb166b6e","name":"\u017baneta Mrozek-Siewierska","image":{"@type":"ImageObject","inLanguage":"pl-PL","@id":"https:\/\/secure.gravatar.com\/avatar\/1881429e9c64597c77ad7aef2d0a19be69a3253e57534d16aa15bf3a4d34a0a3?s=96&d=mm&r=g","url":"https:\/\/secure.gravatar.com\/avatar\/1881429e9c64597c77ad7aef2d0a19be69a3253e57534d16aa15bf3a4d34a0a3?s=96&d=mm&r=g","contentUrl":"https:\/\/secure.gravatar.com\/avatar\/1881429e9c64597c77ad7aef2d0a19be69a3253e57534d16aa15bf3a4d34a0a3?s=96&d=mm&r=g","caption":"\u017baneta Mrozek-Siewierska"},"url":"https:\/\/www.24gliwice.pl\/wiadomosci\/author\/zms\/"}]}},"_links":{"self":[{"href":"https:\/\/www.24gliwice.pl\/wiadomosci\/wp-json\/wp\/v2\/posts\/245072","targetHints":{"allow":["GET"]}}],"collection":[{"href":"https:\/\/www.24gliwice.pl\/wiadomosci\/wp-json\/wp\/v2\/posts"}],"about":[{"href":"https:\/\/www.24gliwice.pl\/wiadomosci\/wp-json\/wp\/v2\/types\/post"}],"author":[{"embeddable":true,"href":"https:\/\/www.24gliwice.pl\/wiadomosci\/wp-json\/wp\/v2\/users\/15"}],"replies":[{"embeddable":true,"href":"https:\/\/www.24gliwice.pl\/wiadomosci\/wp-json\/wp\/v2\/comments?post=245072"}],"version-history":[{"count":0,"href":"https:\/\/www.24gliwice.pl\/wiadomosci\/wp-json\/wp\/v2\/posts\/245072\/revisions"}],"wp:featuredmedia":[{"embeddable":true,"href":"https:\/\/www.24gliwice.pl\/wiadomosci\/wp-json\/wp\/v2\/media\/245136"}],"wp:attachment":[{"href":"https:\/\/www.24gliwice.pl\/wiadomosci\/wp-json\/wp\/v2\/media?parent=245072"}],"wp:term":[{"taxonomy":"category","embeddable":true,"href":"https:\/\/www.24gliwice.pl\/wiadomosci\/wp-json\/wp\/v2\/categories?post=245072"},{"taxonomy":"post_tag","embeddable":true,"href":"https:\/\/www.24gliwice.pl\/wiadomosci\/wp-json\/wp\/v2\/tags?post=245072"}],"curies":[{"name":"wp","href":"https:\/\/api.w.org\/{rel}","templated":true}]}}