{"id":246598,"date":"2024-12-11T08:41:18","date_gmt":"2024-12-11T07:41:18","guid":{"rendered":"https:\/\/www.24gliwice.pl\/wiadomosci\/?p=246598"},"modified":"2024-12-11T10:20:31","modified_gmt":"2024-12-11T09:20:31","slug":"plomienie-buchaly-z-okna-policjanci-ewakuowali-lokatorow-kolejny-pozar-w-gliwicach","status":"publish","type":"post","link":"https:\/\/www.24gliwice.pl\/wiadomosci\/plomienie-buchaly-z-okna-policjanci-ewakuowali-lokatorow-kolejny-pozar-w-gliwicach\/","title":{"rendered":"P\u0142omienie bucha\u0142y z okna, policjanci ewakuowali lokator\u00f3w. Kolejny po\u017car w Gliwicach"},"content":{"rendered":"<div class=\"gliwi-a6-nad-leadem-artykulow gliwi-entity-placement\" id=\"gliwi-3197378837\"><div class=\"gliwi-adlabel\"><span style=\"font-size: 9px\">REKLAMA<\/span><\/div><div id=\"gliwi-3514657780\" style=\"margin-bottom: 30px;margin-left: auto;margin-right: auto;text-align: center;\"><a data-no-instant=\"1\" href=\"https:\/\/przedszkole.halogen.org.pl\/\" rel=\"noopener\" class=\"a2t-link\" target=\"_blank\" aria-label=\"20260402-ANIMATOR-przedszkole_grafika_750x200\"><img loading=\"lazy\" decoding=\"async\" src=\"https:\/\/www.24gliwice.pl\/wiadomosci\/wp-content\/uploads\/2026\/04\/20260402-ANIMATOR-przedszkole_grafika_750x200.webp\" alt=\"\"  srcset=\"https:\/\/www.24gliwice.pl\/wiadomosci\/wp-content\/uploads\/2026\/04\/20260402-ANIMATOR-przedszkole_grafika_750x200.webp 750w, https:\/\/www.24gliwice.pl\/wiadomosci\/wp-content\/uploads\/2026\/04\/20260402-ANIMATOR-przedszkole_grafika_750x200-410x109.webp 410w\" sizes=\"(max-width: 750px) 100vw, 750px\" class=\"no-lazyload\" width=\"750\" height=\"200\"  style=\"display: inline-block; max-width: 100%; height: auto;\" \/><\/a><\/div><\/div><h2>Do kolejnego po\u017caru, tym razem mieszkania w budynku wielorodzinnym, dosz\u0142o w nocy w \u015brod\u0119, 11 grudnia, przy ulicy Warszawskiej. Przed przybyciem stra\u017cy po\u017carnej na miejsce dotarli policjanci, kt\u00f3rzy ewakuowali lokator\u00f3w.<\/h2>\n<p>Jak relacjonuje PSP Gliwice, ok. godziny 2:00 Dy\u017curny Stanowiska Kierowania Komendanta Miejskiego PSP w Gliwicach otrzyma\u0142 zg\u0142oszenie o po\u017carze lokalu na drugim pi\u0119trze. Z okna wydobywa\u0142y si\u0119 p\u0142omienie.<\/p>\n<blockquote><p><em>Przed przyjazdem stra\u017cy po\u017carnej z budynku ewakuowano 11 os\u00f3b, za co dzi\u0119kujemy funkcjonariuszom gliwickiej policji<\/em><\/p><\/blockquote>\n<p>&#8211; zaznacza stra\u017c po\u017carna.<\/p><div class=\"gliwi-a3-w-tresci-artykulow gliwi-entity-placement\" id=\"gliwi-2040314335\"><div class=\"gliwi-adlabel\"><span style=\"font-size: 9px\">REKLAMA<\/span><\/div><div id=\"gliwi-2257330696\" style=\"margin-bottom: 30px;margin-left: auto;margin-right: auto;text-align: center;\"><a data-no-instant=\"1\" href=\"https:\/\/ogrodyandersa.pl\/\" rel=\"noopener\" class=\"a2t-link\" target=\"_blank\" aria-label=\"20260415 Ogrody Andersa KUP TERAZ D\"><img loading=\"lazy\" decoding=\"async\" src=\"https:\/\/www.24gliwice.pl\/wiadomosci\/wp-content\/uploads\/2026\/04\/20260415-Ogrody-Andersa-KUP-TERAZ-D.jpg\" alt=\"\"  srcset=\"https:\/\/www.24gliwice.pl\/wiadomosci\/wp-content\/uploads\/2026\/04\/20260415-Ogrody-Andersa-KUP-TERAZ-D.jpg 750w, https:\/\/www.24gliwice.pl\/wiadomosci\/wp-content\/uploads\/2026\/04\/20260415-Ogrody-Andersa-KUP-TERAZ-D-410x109.jpg 410w\" sizes=\"(max-width: 750px) 100vw, 750px\" class=\"no-lazyload\" width=\"750\" height=\"200\"  style=\"display: inline-block; max-width: 100%; height: auto;\" \/><\/a><\/div><\/div>\n<p>&#8211; Dramatyczne wydarzenie zaalarmowa\u0142o \u015bwiadka, kt\u00f3ry us\u0142ysza\u0142 wo\u0142anie o pomoc, zauwa\u017cy\u0142 p\u0142omienie i natychmiast zadzwoni\u0142 pod numer alarmowy. Na miejscu natychmiast pojawili si\u0119 policjanci z pobliskiego Komisariatu II \u2013 zaopiekowali si\u0119 ranna kobiet\u0105, zarz\u0105dzili ewakuacj\u0119 mieszka\u0144c\u00f3w &#8211; dodaje podinspektor <strong>Marek S\u0142omski<\/strong>, oficer prasowy KMP Gliwice.<\/p>\n<p><a href=\"https:\/\/www.24gliwice.pl\/wiadomosci\/wp-content\/uploads\/2024\/12\/pozar-warszawska.jpg\"><img loading=\"lazy\" decoding=\"async\" class=\"alignnone wp-image-246605\" src=\"https:\/\/www.24gliwice.pl\/wiadomosci\/wp-content\/uploads\/2024\/12\/pozar-warszawska.jpg\" alt=\"\" width=\"1262\" height=\"2242\" srcset=\"https:\/\/www.24gliwice.pl\/wiadomosci\/wp-content\/uploads\/2024\/12\/pozar-warszawska.jpg 456w, https:\/\/www.24gliwice.pl\/wiadomosci\/wp-content\/uploads\/2024\/12\/pozar-warszawska-131x232.jpg 131w, https:\/\/www.24gliwice.pl\/wiadomosci\/wp-content\/uploads\/2024\/12\/pozar-warszawska-256x455.jpg 256w\" sizes=\"auto, (max-width: 1262px) 100vw, 1262px\" \/><\/a><\/p>\n<p>Ze wzgl\u0119du na zimno panuj\u0105ce na zewn\u0105trz, ewakuowani mieszka\u0144cy \u2013 \u0142\u0105cznie 11 os\u00f3b \u2013 zostali zaproszeni do komisariatu po drugiej stronie ulicy Warszawskiej, gdzie mogli znale\u017a\u0107 schronienie na czas trwania akcji ga\u015bniczej.<\/p>\n<blockquote><p><em>Stra\u017cacy oraz policjanci udzielili pierwszej pomocy poszkodowanej lokatorce mieszkania, kt\u00f3ra zosta\u0142a nast\u0119pnie przetransportowana przez zesp\u00f3\u0142 ratownictwa medycznego do szpitala<\/em><\/p><\/blockquote>\n<p>&#8211; kontynuuje PSP. Kobieta uleg\u0142a poparzeniom, jednak o w\u0142asnych si\u0142ach zdo\u0142a\u0142a opu\u015bci\u0107 mieszkanie.<\/p>\n<p>Dzia\u0142ania zako\u0144czono po godzinie 5:00. W akcji bra\u0142o udzia\u0142 6 samochod\u00f3w stra\u017cy po\u017carnej i 18 stra\u017cak\u00f3w. W bloku, w kt\u00f3rym dosz\u0142o do po\u017caru, niedawno wykonano termomodernizacj\u0119. Prace zako\u0144czono najdalej kilka tygodni temu.<\/p>\n<p><a href=\"https:\/\/www.24gliwice.pl\/wiadomosci\/wp-content\/uploads\/2024\/12\/pozar-warszawska2.jpg\"><img loading=\"lazy\" decoding=\"async\" class=\"alignnone wp-image-246606\" src=\"https:\/\/www.24gliwice.pl\/wiadomosci\/wp-content\/uploads\/2024\/12\/pozar-warszawska2.jpg\" alt=\"\" width=\"1238\" height=\"1649\" srcset=\"https:\/\/www.24gliwice.pl\/wiadomosci\/wp-content\/uploads\/2024\/12\/pozar-warszawska2.jpg 608w, https:\/\/www.24gliwice.pl\/wiadomosci\/wp-content\/uploads\/2024\/12\/pozar-warszawska2-174x232.jpg 174w, https:\/\/www.24gliwice.pl\/wiadomosci\/wp-content\/uploads\/2024\/12\/pozar-warszawska2-342x455.jpg 342w\" sizes=\"auto, (max-width: 1238px) 100vw, 1238px\" \/><\/a><\/p>\n<p>&#8211; <em>Po ugaszeniu ognia i dok\u0142adnym przeszukaniu pogorzeliska stwierdzono, \u017ce po\u017car doszcz\u0119tnie zniszczy\u0142 dwa pomieszczenia \u2013 przedpok\u00f3j i pok\u00f3j. Uszkodzona zosta\u0142a r\u00f3wnie\u017c elewacja budynku wok\u00f3\u0142 okna, instalacja elektryczna na trzeciej kondygnacji oraz \u015bciany klatki schodowej. Najwa\u017cniejsze jednak, \u017ce nikt nie zgin\u0105\u0142<\/em> &#8211; podsumowuje S\u0142omski.<\/p>\n<h4>Po zako\u0144czeniu akcji ga\u015bniczej wi\u0119kszo\u015b\u0107 lokator\u00f3w mog\u0142a powr\u00f3ci\u0107 do swoich mieszka\u0144, z wyj\u0105tkiem mieszkanki lokalu znajduj\u0105cego si\u0119 bezpo\u015brednio pod miejscem po\u017caru a zalanego w czasie gaszenia.<\/h4>\n<p>Na \u015brod\u0119 zaplanowano ogl\u0119dziny mieszkania oraz ustalanie przyczyn po\u017caru w czym pierwszoplanowe zadanie b\u0119dzie mia\u0142 bieg\u0142y z zakresu po\u017carnictwa. Do czasu zako\u0144czenia tych dzia\u0142a\u0144 miejsce zdarzenia zabezpieczaj\u0105 policjanci.<\/p>\n<p><a href=\"https:\/\/www.24gliwice.pl\/wiadomosci\/wp-content\/uploads\/2024\/12\/pozar-warszawska3.jpg\"><img loading=\"lazy\" decoding=\"async\" class=\"alignnone wp-image-246607\" src=\"https:\/\/www.24gliwice.pl\/wiadomosci\/wp-content\/uploads\/2024\/12\/pozar-warszawska3.jpg\" alt=\"\" width=\"1130\" height=\"653\" srcset=\"https:\/\/www.24gliwice.pl\/wiadomosci\/wp-content\/uploads\/2024\/12\/pozar-warszawska3.jpg 810w, https:\/\/www.24gliwice.pl\/wiadomosci\/wp-content\/uploads\/2024\/12\/pozar-warszawska3-402x232.jpg 402w, https:\/\/www.24gliwice.pl\/wiadomosci\/wp-content\/uploads\/2024\/12\/pozar-warszawska3-788x455.jpg 788w, https:\/\/www.24gliwice.pl\/wiadomosci\/wp-content\/uploads\/2024\/12\/pozar-warszawska3-768x444.jpg 768w\" sizes=\"auto, (max-width: 1130px) 100vw, 1130px\" \/><\/a><\/p>\n<h4>Czujnik dymu zwi\u0119ksza bezpiecze\u0144stwo<\/h4>\n<p>Stra\u017c po\u017carna przy okazji tej sytuacji kolejny raz zach\u0119ca do wyposa\u017cenia mieszka\u0144 w czujniki dymu, kt\u00f3re mog\u0105 w por\u0119 ostrzec przed zagro\u017ceniem, umo\u017cliwiaj\u0105c szybsz\u0105 ewakuacj\u0119 i powiadomienie s\u0142u\u017cb ratowniczych. To wydatek rz\u0119du 30 z\u0142, kt\u00f3ry mo\u017ce uratowa\u0107 komu\u015b \u017cycie.<\/p>\n<p>21 listopada 2024 roku Minister Spraw Wewn\u0119trznych i Administracji podpisa\u0142 rozporz\u0105dzenie, kt\u00f3re wprowadza obowi\u0105zek monta\u017cu:<\/p>\n<ul>\n<li>Czujnik\u00f3w dymu,<\/li>\n<li>Czujnik\u00f3w tlenku w\u0119gla.<\/li>\n<\/ul>\n<p>&#8211;<em> W przypadku istniej\u0105cych obiekt\u00f3w mieszkalnych obowi\u0105zek ten wejdzie w \u017cycie od 1 stycznia 2030 roku, ale zach\u0119camy, aby nie zwleka\u0107 \u2013 zainstaluj czujniki ju\u017c dzi\u015b! Twoje \u017cycie i zdrowie s\u0105 najwa\u017cniejsze<\/em> &#8211; podkre\u015bla PSP Gliwice.<\/p>\n<p>(\u017cms)\/PSP GLIWICE<br \/>\nZdj\u0119cie: KM PSP w Gliwicach<\/p>\n<div class=\"gliwi-a5-na-koncu-artykulow gliwi-entity-placement\" id=\"gliwi-1354749798\"><div class=\"gliwi-adlabel\"><span style=\"font-size: 9px\">REKLAMA<\/span><\/div><div id=\"gliwi-1798918416\" style=\"margin-left: auto;margin-right: auto;text-align: center;\"><a data-no-instant=\"1\" href=\"https:\/\/www.jasek.pl\/\" rel=\"noopener\" class=\"a2t-link\" target=\"_blank\" aria-label=\"20200401-jasek 600\"><img loading=\"lazy\" decoding=\"async\" src=\"https:\/\/www.24gliwice.pl\/wiadomosci\/wp-content\/uploads\/2020\/04\/20200401-jasek-600.jpg\" alt=\"\"  srcset=\"https:\/\/www.24gliwice.pl\/wiadomosci\/wp-content\/uploads\/2020\/04\/20200401-jasek-600.jpg 600w, https:\/\/www.24gliwice.pl\/wiadomosci\/wp-content\/uploads\/2020\/04\/20200401-jasek-600-410x109.jpg 410w\" sizes=\"(max-width: 600px) 100vw, 600px\" class=\"no-lazyload\" width=\"600\" height=\"160\"  style=\"display: inline-block; max-width: 100%; height: auto;\" \/><\/a><\/div><\/div>","protected":false},"excerpt":{"rendered":"<p>Do kolejnego po\u017caru, tym razem mieszkania w budynku wielorodzinnym, dosz\u0142o w nocy w \u015brod\u0119, 11 grudnia, przy ulicy Warszawskiej. Przed przybyciem stra\u017cy po\u017carnej na miejsce dotarli policjanci, kt\u00f3rzy ewakuowali lokator\u00f3w. Jak relacjonuje PSP Gliwice, ok. godziny 2:00 Dy\u017curny Stanowiska Kierowania Komendanta Miejskiego PSP w Gliwicach otrzyma\u0142 zg\u0142oszenie o po\u017carze lokalu na drugim pi\u0119trze. Z okna [&hellip;]<\/p>\n","protected":false},"author":15,"featured_media":246603,"comment_status":"open","ping_status":"closed","sticky":false,"template":"","format":"standard","meta":{"_monsterinsights_skip_tracking":false,"_monsterinsights_sitenote_active":false,"_monsterinsights_sitenote_note":"","_monsterinsights_sitenote_category":0,"footnotes":"","_links_to":"","_links_to_target":""},"categories":[3,1,5],"tags":[22688,60,5527],"class_list":["post-246598","post","type-post","status-publish","format-standard","has-post-thumbnail","hentry","category-gliwice","category-wszystko","category-kryminalki","tag-nojasek","tag-pozar","tag-warszawska"],"yoast_head":"<!-- This site is optimized with the Yoast SEO plugin v27.5 - https:\/\/yoast.com\/product\/yoast-seo-wordpress\/ -->\n<title>P\u0142omienie bucha\u0142y z okna, policjanci ewakuowali lokator\u00f3w. Kolejny po\u017car w Gliwicach - 24GLIWICE - Portal Gliwice | codziennie nowe informacje<\/title>\n<meta name=\"description\" content=\"Po\u017car mieszkania przy ulicy Warszawskiej wybuch\u0142 noc\u0105 11 grudnia. Lokator\u00f3w ewakuowali policjanci, kt\u00f3rzy przybyli na miejsce wcze\u015bniej\" \/>\n<meta name=\"robots\" content=\"index, follow, max-snippet:-1, max-image-preview:large, max-video-preview:-1\" \/>\n<link rel=\"canonical\" href=\"https:\/\/www.24gliwice.pl\/wiadomosci\/plomienie-buchaly-z-okna-policjanci-ewakuowali-lokatorow-kolejny-pozar-w-gliwicach\/\" \/>\n<meta property=\"og:locale\" content=\"pl_PL\" \/>\n<meta property=\"og:type\" content=\"article\" \/>\n<meta property=\"og:title\" content=\"P\u0142omienie bucha\u0142y z okna, policjanci ewakuowali lokator\u00f3w. Kolejny po\u017car w Gliwicach - 24GLIWICE - Portal Gliwice | codziennie nowe informacje\" \/>\n<meta property=\"og:description\" content=\"Po\u017car mieszkania przy ulicy Warszawskiej wybuch\u0142 noc\u0105 11 grudnia. Lokator\u00f3w ewakuowali policjanci, kt\u00f3rzy przybyli na miejsce wcze\u015bniej\" \/>\n<meta property=\"og:url\" content=\"https:\/\/www.24gliwice.pl\/wiadomosci\/plomienie-buchaly-z-okna-policjanci-ewakuowali-lokatorow-kolejny-pozar-w-gliwicach\/\" \/>\n<meta property=\"og:site_name\" content=\"24GLIWICE - Portal Gliwice | codziennie nowe informacje\" \/>\n<meta property=\"article:publisher\" content=\"https:\/\/www.facebook.com\/24gliwice\" \/>\n<meta property=\"article:published_time\" content=\"2024-12-11T07:41:18+00:00\" \/>\n<meta property=\"article:modified_time\" content=\"2024-12-11T09:20:31+00:00\" \/>\n<meta property=\"og:image\" content=\"https:\/\/www.24gliwice.pl\/wiadomosci\/wp-content\/uploads\/2024\/12\/pozar-zms.jpg\" \/>\n\t<meta property=\"og:image:width\" content=\"810\" \/>\n\t<meta property=\"og:image:height\" content=\"456\" \/>\n\t<meta property=\"og:image:type\" content=\"image\/jpeg\" \/>\n<meta name=\"author\" content=\"\u017baneta Mrozek-Siewierska\" \/>\n<meta name=\"twitter:card\" content=\"summary_large_image\" \/>\n<meta name=\"twitter:creator\" content=\"@24gliwice\" \/>\n<meta name=\"twitter:site\" content=\"@24gliwice\" \/>\n<meta name=\"twitter:label1\" content=\"Napisane przez\" \/>\n\t<meta name=\"twitter:data1\" content=\"\u017baneta Mrozek-Siewierska\" \/>\n\t<meta name=\"twitter:label2\" content=\"Szacowany czas czytania\" \/>\n\t<meta name=\"twitter:data2\" content=\"4 minuty\" \/>\n<script type=\"application\/ld+json\" class=\"yoast-schema-graph\">{\"@context\":\"https:\\\/\\\/schema.org\",\"@graph\":[{\"@type\":\"Article\",\"@id\":\"https:\\\/\\\/www.24gliwice.pl\\\/wiadomosci\\\/plomienie-buchaly-z-okna-policjanci-ewakuowali-lokatorow-kolejny-pozar-w-gliwicach\\\/#article\",\"isPartOf\":{\"@id\":\"https:\\\/\\\/www.24gliwice.pl\\\/wiadomosci\\\/plomienie-buchaly-z-okna-policjanci-ewakuowali-lokatorow-kolejny-pozar-w-gliwicach\\\/\"},\"author\":{\"name\":\"\u017baneta Mrozek-Siewierska\",\"@id\":\"https:\\\/\\\/www.24gliwice.pl\\\/wiadomosci\\\/#\\\/schema\\\/person\\\/e42c650edd7f2fa332be3811fb166b6e\"},\"headline\":\"P\u0142omienie bucha\u0142y z okna, policjanci ewakuowali lokator\u00f3w. Kolejny po\u017car w Gliwicach\",\"datePublished\":\"2024-12-11T07:41:18+00:00\",\"dateModified\":\"2024-12-11T09:20:31+00:00\",\"mainEntityOfPage\":{\"@id\":\"https:\\\/\\\/www.24gliwice.pl\\\/wiadomosci\\\/plomienie-buchaly-z-okna-policjanci-ewakuowali-lokatorow-kolejny-pozar-w-gliwicach\\\/\"},\"wordCount\":531,\"commentCount\":0,\"publisher\":{\"@id\":\"https:\\\/\\\/www.24gliwice.pl\\\/wiadomosci\\\/#organization\"},\"image\":{\"@id\":\"https:\\\/\\\/www.24gliwice.pl\\\/wiadomosci\\\/plomienie-buchaly-z-okna-policjanci-ewakuowali-lokatorow-kolejny-pozar-w-gliwicach\\\/#primaryimage\"},\"thumbnailUrl\":\"https:\\\/\\\/www.24gliwice.pl\\\/wiadomosci\\\/wp-content\\\/uploads\\\/2024\\\/12\\\/pozar-zms.jpg\",\"keywords\":[\"NOJASEK\",\"PO\u017bAR\",\"warszawska\"],\"articleSection\":[\"Gliwice\",\"Najnowsze wiadomo\u015bci\",\"Prawo\"],\"inLanguage\":\"pl-PL\",\"potentialAction\":[{\"@type\":\"CommentAction\",\"name\":\"Comment\",\"target\":[\"https:\\\/\\\/www.24gliwice.pl\\\/wiadomosci\\\/plomienie-buchaly-z-okna-policjanci-ewakuowali-lokatorow-kolejny-pozar-w-gliwicach\\\/#respond\"]}]},{\"@type\":\"WebPage\",\"@id\":\"https:\\\/\\\/www.24gliwice.pl\\\/wiadomosci\\\/plomienie-buchaly-z-okna-policjanci-ewakuowali-lokatorow-kolejny-pozar-w-gliwicach\\\/\",\"url\":\"https:\\\/\\\/www.24gliwice.pl\\\/wiadomosci\\\/plomienie-buchaly-z-okna-policjanci-ewakuowali-lokatorow-kolejny-pozar-w-gliwicach\\\/\",\"name\":\"P\u0142omienie bucha\u0142y z okna, policjanci ewakuowali lokator\u00f3w. Kolejny po\u017car w Gliwicach - 24GLIWICE - Portal Gliwice | codziennie nowe informacje\",\"isPartOf\":{\"@id\":\"https:\\\/\\\/www.24gliwice.pl\\\/wiadomosci\\\/#website\"},\"primaryImageOfPage\":{\"@id\":\"https:\\\/\\\/www.24gliwice.pl\\\/wiadomosci\\\/plomienie-buchaly-z-okna-policjanci-ewakuowali-lokatorow-kolejny-pozar-w-gliwicach\\\/#primaryimage\"},\"image\":{\"@id\":\"https:\\\/\\\/www.24gliwice.pl\\\/wiadomosci\\\/plomienie-buchaly-z-okna-policjanci-ewakuowali-lokatorow-kolejny-pozar-w-gliwicach\\\/#primaryimage\"},\"thumbnailUrl\":\"https:\\\/\\\/www.24gliwice.pl\\\/wiadomosci\\\/wp-content\\\/uploads\\\/2024\\\/12\\\/pozar-zms.jpg\",\"datePublished\":\"2024-12-11T07:41:18+00:00\",\"dateModified\":\"2024-12-11T09:20:31+00:00\",\"description\":\"Po\u017car mieszkania przy ulicy Warszawskiej wybuch\u0142 noc\u0105 11 grudnia. Lokator\u00f3w ewakuowali policjanci, kt\u00f3rzy przybyli na miejsce wcze\u015bniej\",\"breadcrumb\":{\"@id\":\"https:\\\/\\\/www.24gliwice.pl\\\/wiadomosci\\\/plomienie-buchaly-z-okna-policjanci-ewakuowali-lokatorow-kolejny-pozar-w-gliwicach\\\/#breadcrumb\"},\"inLanguage\":\"pl-PL\",\"potentialAction\":[{\"@type\":\"ReadAction\",\"target\":[\"https:\\\/\\\/www.24gliwice.pl\\\/wiadomosci\\\/plomienie-buchaly-z-okna-policjanci-ewakuowali-lokatorow-kolejny-pozar-w-gliwicach\\\/\"]}]},{\"@type\":\"ImageObject\",\"inLanguage\":\"pl-PL\",\"@id\":\"https:\\\/\\\/www.24gliwice.pl\\\/wiadomosci\\\/plomienie-buchaly-z-okna-policjanci-ewakuowali-lokatorow-kolejny-pozar-w-gliwicach\\\/#primaryimage\",\"url\":\"https:\\\/\\\/www.24gliwice.pl\\\/wiadomosci\\\/wp-content\\\/uploads\\\/2024\\\/12\\\/pozar-zms.jpg\",\"contentUrl\":\"https:\\\/\\\/www.24gliwice.pl\\\/wiadomosci\\\/wp-content\\\/uploads\\\/2024\\\/12\\\/pozar-zms.jpg\",\"width\":810,\"height\":456},{\"@type\":\"BreadcrumbList\",\"@id\":\"https:\\\/\\\/www.24gliwice.pl\\\/wiadomosci\\\/plomienie-buchaly-z-okna-policjanci-ewakuowali-lokatorow-kolejny-pozar-w-gliwicach\\\/#breadcrumb\",\"itemListElement\":[{\"@type\":\"ListItem\",\"position\":1,\"name\":\"Strona g\u0142\u00f3wna\",\"item\":\"https:\\\/\\\/www.24gliwice.pl\\\/wiadomosci\\\/\"},{\"@type\":\"ListItem\",\"position\":2,\"name\":\"P\u0142omienie bucha\u0142y z okna, policjanci ewakuowali lokator\u00f3w. Kolejny po\u017car w Gliwicach\"}]},{\"@type\":\"WebSite\",\"@id\":\"https:\\\/\\\/www.24gliwice.pl\\\/wiadomosci\\\/#website\",\"url\":\"https:\\\/\\\/www.24gliwice.pl\\\/wiadomosci\\\/\",\"name\":\"24GLIWICE - Portal Gliwice | codziennie nowe wiadomo\u015bci\",\"description\":\"Portal Miejski Gliwice\",\"publisher\":{\"@id\":\"https:\\\/\\\/www.24gliwice.pl\\\/wiadomosci\\\/#organization\"},\"potentialAction\":[{\"@type\":\"SearchAction\",\"target\":{\"@type\":\"EntryPoint\",\"urlTemplate\":\"https:\\\/\\\/www.24gliwice.pl\\\/wiadomosci\\\/?s={search_term_string}\"},\"query-input\":{\"@type\":\"PropertyValueSpecification\",\"valueRequired\":true,\"valueName\":\"search_term_string\"}}],\"inLanguage\":\"pl-PL\"},{\"@type\":\"Organization\",\"@id\":\"https:\\\/\\\/www.24gliwice.pl\\\/wiadomosci\\\/#organization\",\"name\":\"24gliwice\",\"url\":\"https:\\\/\\\/www.24gliwice.pl\\\/wiadomosci\\\/\",\"logo\":{\"@type\":\"ImageObject\",\"inLanguage\":\"pl-PL\",\"@id\":\"https:\\\/\\\/www.24gliwice.pl\\\/wiadomosci\\\/#\\\/schema\\\/logo\\\/image\\\/\",\"url\":\"https:\\\/\\\/www.24gliwice.pl\\\/wiadomosci\\\/wp-content\\\/uploads\\\/2024\\\/10\\\/24gliwice-logo-696.jpg\",\"contentUrl\":\"https:\\\/\\\/www.24gliwice.pl\\\/wiadomosci\\\/wp-content\\\/uploads\\\/2024\\\/10\\\/24gliwice-logo-696.jpg\",\"width\":696,\"height\":696,\"caption\":\"24gliwice\"},\"image\":{\"@id\":\"https:\\\/\\\/www.24gliwice.pl\\\/wiadomosci\\\/#\\\/schema\\\/logo\\\/image\\\/\"},\"sameAs\":[\"https:\\\/\\\/www.facebook.com\\\/24gliwice\",\"https:\\\/\\\/x.com\\\/24gliwice\",\"https:\\\/\\\/www.youtube.com\\\/@24gliwice\"]},{\"@type\":\"Person\",\"@id\":\"https:\\\/\\\/www.24gliwice.pl\\\/wiadomosci\\\/#\\\/schema\\\/person\\\/e42c650edd7f2fa332be3811fb166b6e\",\"name\":\"\u017baneta Mrozek-Siewierska\",\"image\":{\"@type\":\"ImageObject\",\"inLanguage\":\"pl-PL\",\"@id\":\"https:\\\/\\\/secure.gravatar.com\\\/avatar\\\/1881429e9c64597c77ad7aef2d0a19be69a3253e57534d16aa15bf3a4d34a0a3?s=96&d=mm&r=g\",\"url\":\"https:\\\/\\\/secure.gravatar.com\\\/avatar\\\/1881429e9c64597c77ad7aef2d0a19be69a3253e57534d16aa15bf3a4d34a0a3?s=96&d=mm&r=g\",\"contentUrl\":\"https:\\\/\\\/secure.gravatar.com\\\/avatar\\\/1881429e9c64597c77ad7aef2d0a19be69a3253e57534d16aa15bf3a4d34a0a3?s=96&d=mm&r=g\",\"caption\":\"\u017baneta Mrozek-Siewierska\"},\"url\":\"https:\\\/\\\/www.24gliwice.pl\\\/wiadomosci\\\/author\\\/zms\\\/\"}]}<\/script>\n<!-- \/ Yoast SEO plugin. -->","yoast_head_json":{"title":"P\u0142omienie bucha\u0142y z okna, policjanci ewakuowali lokator\u00f3w. Kolejny po\u017car w Gliwicach - 24GLIWICE - Portal Gliwice | codziennie nowe informacje","description":"Po\u017car mieszkania przy ulicy Warszawskiej wybuch\u0142 noc\u0105 11 grudnia. Lokator\u00f3w ewakuowali policjanci, kt\u00f3rzy przybyli na miejsce wcze\u015bniej","robots":{"index":"index","follow":"follow","max-snippet":"max-snippet:-1","max-image-preview":"max-image-preview:large","max-video-preview":"max-video-preview:-1"},"canonical":"https:\/\/www.24gliwice.pl\/wiadomosci\/plomienie-buchaly-z-okna-policjanci-ewakuowali-lokatorow-kolejny-pozar-w-gliwicach\/","og_locale":"pl_PL","og_type":"article","og_title":"P\u0142omienie bucha\u0142y z okna, policjanci ewakuowali lokator\u00f3w. Kolejny po\u017car w Gliwicach - 24GLIWICE - Portal Gliwice | codziennie nowe informacje","og_description":"Po\u017car mieszkania przy ulicy Warszawskiej wybuch\u0142 noc\u0105 11 grudnia. Lokator\u00f3w ewakuowali policjanci, kt\u00f3rzy przybyli na miejsce wcze\u015bniej","og_url":"https:\/\/www.24gliwice.pl\/wiadomosci\/plomienie-buchaly-z-okna-policjanci-ewakuowali-lokatorow-kolejny-pozar-w-gliwicach\/","og_site_name":"24GLIWICE - Portal Gliwice | codziennie nowe informacje","article_publisher":"https:\/\/www.facebook.com\/24gliwice","article_published_time":"2024-12-11T07:41:18+00:00","article_modified_time":"2024-12-11T09:20:31+00:00","og_image":[{"width":810,"height":456,"url":"https:\/\/www.24gliwice.pl\/wiadomosci\/wp-content\/uploads\/2024\/12\/pozar-zms.jpg","type":"image\/jpeg"}],"author":"\u017baneta Mrozek-Siewierska","twitter_card":"summary_large_image","twitter_creator":"@24gliwice","twitter_site":"@24gliwice","twitter_misc":{"Napisane przez":"\u017baneta Mrozek-Siewierska","Szacowany czas czytania":"4 minuty"},"schema":{"@context":"https:\/\/schema.org","@graph":[{"@type":"Article","@id":"https:\/\/www.24gliwice.pl\/wiadomosci\/plomienie-buchaly-z-okna-policjanci-ewakuowali-lokatorow-kolejny-pozar-w-gliwicach\/#article","isPartOf":{"@id":"https:\/\/www.24gliwice.pl\/wiadomosci\/plomienie-buchaly-z-okna-policjanci-ewakuowali-lokatorow-kolejny-pozar-w-gliwicach\/"},"author":{"name":"\u017baneta Mrozek-Siewierska","@id":"https:\/\/www.24gliwice.pl\/wiadomosci\/#\/schema\/person\/e42c650edd7f2fa332be3811fb166b6e"},"headline":"P\u0142omienie bucha\u0142y z okna, policjanci ewakuowali lokator\u00f3w. Kolejny po\u017car w Gliwicach","datePublished":"2024-12-11T07:41:18+00:00","dateModified":"2024-12-11T09:20:31+00:00","mainEntityOfPage":{"@id":"https:\/\/www.24gliwice.pl\/wiadomosci\/plomienie-buchaly-z-okna-policjanci-ewakuowali-lokatorow-kolejny-pozar-w-gliwicach\/"},"wordCount":531,"commentCount":0,"publisher":{"@id":"https:\/\/www.24gliwice.pl\/wiadomosci\/#organization"},"image":{"@id":"https:\/\/www.24gliwice.pl\/wiadomosci\/plomienie-buchaly-z-okna-policjanci-ewakuowali-lokatorow-kolejny-pozar-w-gliwicach\/#primaryimage"},"thumbnailUrl":"https:\/\/www.24gliwice.pl\/wiadomosci\/wp-content\/uploads\/2024\/12\/pozar-zms.jpg","keywords":["NOJASEK","PO\u017bAR","warszawska"],"articleSection":["Gliwice","Najnowsze wiadomo\u015bci","Prawo"],"inLanguage":"pl-PL","potentialAction":[{"@type":"CommentAction","name":"Comment","target":["https:\/\/www.24gliwice.pl\/wiadomosci\/plomienie-buchaly-z-okna-policjanci-ewakuowali-lokatorow-kolejny-pozar-w-gliwicach\/#respond"]}]},{"@type":"WebPage","@id":"https:\/\/www.24gliwice.pl\/wiadomosci\/plomienie-buchaly-z-okna-policjanci-ewakuowali-lokatorow-kolejny-pozar-w-gliwicach\/","url":"https:\/\/www.24gliwice.pl\/wiadomosci\/plomienie-buchaly-z-okna-policjanci-ewakuowali-lokatorow-kolejny-pozar-w-gliwicach\/","name":"P\u0142omienie bucha\u0142y z okna, policjanci ewakuowali lokator\u00f3w. Kolejny po\u017car w Gliwicach - 24GLIWICE - Portal Gliwice | codziennie nowe informacje","isPartOf":{"@id":"https:\/\/www.24gliwice.pl\/wiadomosci\/#website"},"primaryImageOfPage":{"@id":"https:\/\/www.24gliwice.pl\/wiadomosci\/plomienie-buchaly-z-okna-policjanci-ewakuowali-lokatorow-kolejny-pozar-w-gliwicach\/#primaryimage"},"image":{"@id":"https:\/\/www.24gliwice.pl\/wiadomosci\/plomienie-buchaly-z-okna-policjanci-ewakuowali-lokatorow-kolejny-pozar-w-gliwicach\/#primaryimage"},"thumbnailUrl":"https:\/\/www.24gliwice.pl\/wiadomosci\/wp-content\/uploads\/2024\/12\/pozar-zms.jpg","datePublished":"2024-12-11T07:41:18+00:00","dateModified":"2024-12-11T09:20:31+00:00","description":"Po\u017car mieszkania przy ulicy Warszawskiej wybuch\u0142 noc\u0105 11 grudnia. Lokator\u00f3w ewakuowali policjanci, kt\u00f3rzy przybyli na miejsce wcze\u015bniej","breadcrumb":{"@id":"https:\/\/www.24gliwice.pl\/wiadomosci\/plomienie-buchaly-z-okna-policjanci-ewakuowali-lokatorow-kolejny-pozar-w-gliwicach\/#breadcrumb"},"inLanguage":"pl-PL","potentialAction":[{"@type":"ReadAction","target":["https:\/\/www.24gliwice.pl\/wiadomosci\/plomienie-buchaly-z-okna-policjanci-ewakuowali-lokatorow-kolejny-pozar-w-gliwicach\/"]}]},{"@type":"ImageObject","inLanguage":"pl-PL","@id":"https:\/\/www.24gliwice.pl\/wiadomosci\/plomienie-buchaly-z-okna-policjanci-ewakuowali-lokatorow-kolejny-pozar-w-gliwicach\/#primaryimage","url":"https:\/\/www.24gliwice.pl\/wiadomosci\/wp-content\/uploads\/2024\/12\/pozar-zms.jpg","contentUrl":"https:\/\/www.24gliwice.pl\/wiadomosci\/wp-content\/uploads\/2024\/12\/pozar-zms.jpg","width":810,"height":456},{"@type":"BreadcrumbList","@id":"https:\/\/www.24gliwice.pl\/wiadomosci\/plomienie-buchaly-z-okna-policjanci-ewakuowali-lokatorow-kolejny-pozar-w-gliwicach\/#breadcrumb","itemListElement":[{"@type":"ListItem","position":1,"name":"Strona g\u0142\u00f3wna","item":"https:\/\/www.24gliwice.pl\/wiadomosci\/"},{"@type":"ListItem","position":2,"name":"P\u0142omienie bucha\u0142y z okna, policjanci ewakuowali lokator\u00f3w. Kolejny po\u017car w Gliwicach"}]},{"@type":"WebSite","@id":"https:\/\/www.24gliwice.pl\/wiadomosci\/#website","url":"https:\/\/www.24gliwice.pl\/wiadomosci\/","name":"24GLIWICE - Portal Gliwice | codziennie nowe wiadomo\u015bci","description":"Portal Miejski Gliwice","publisher":{"@id":"https:\/\/www.24gliwice.pl\/wiadomosci\/#organization"},"potentialAction":[{"@type":"SearchAction","target":{"@type":"EntryPoint","urlTemplate":"https:\/\/www.24gliwice.pl\/wiadomosci\/?s={search_term_string}"},"query-input":{"@type":"PropertyValueSpecification","valueRequired":true,"valueName":"search_term_string"}}],"inLanguage":"pl-PL"},{"@type":"Organization","@id":"https:\/\/www.24gliwice.pl\/wiadomosci\/#organization","name":"24gliwice","url":"https:\/\/www.24gliwice.pl\/wiadomosci\/","logo":{"@type":"ImageObject","inLanguage":"pl-PL","@id":"https:\/\/www.24gliwice.pl\/wiadomosci\/#\/schema\/logo\/image\/","url":"https:\/\/www.24gliwice.pl\/wiadomosci\/wp-content\/uploads\/2024\/10\/24gliwice-logo-696.jpg","contentUrl":"https:\/\/www.24gliwice.pl\/wiadomosci\/wp-content\/uploads\/2024\/10\/24gliwice-logo-696.jpg","width":696,"height":696,"caption":"24gliwice"},"image":{"@id":"https:\/\/www.24gliwice.pl\/wiadomosci\/#\/schema\/logo\/image\/"},"sameAs":["https:\/\/www.facebook.com\/24gliwice","https:\/\/x.com\/24gliwice","https:\/\/www.youtube.com\/@24gliwice"]},{"@type":"Person","@id":"https:\/\/www.24gliwice.pl\/wiadomosci\/#\/schema\/person\/e42c650edd7f2fa332be3811fb166b6e","name":"\u017baneta Mrozek-Siewierska","image":{"@type":"ImageObject","inLanguage":"pl-PL","@id":"https:\/\/secure.gravatar.com\/avatar\/1881429e9c64597c77ad7aef2d0a19be69a3253e57534d16aa15bf3a4d34a0a3?s=96&d=mm&r=g","url":"https:\/\/secure.gravatar.com\/avatar\/1881429e9c64597c77ad7aef2d0a19be69a3253e57534d16aa15bf3a4d34a0a3?s=96&d=mm&r=g","contentUrl":"https:\/\/secure.gravatar.com\/avatar\/1881429e9c64597c77ad7aef2d0a19be69a3253e57534d16aa15bf3a4d34a0a3?s=96&d=mm&r=g","caption":"\u017baneta Mrozek-Siewierska"},"url":"https:\/\/www.24gliwice.pl\/wiadomosci\/author\/zms\/"}]}},"_links":{"self":[{"href":"https:\/\/www.24gliwice.pl\/wiadomosci\/wp-json\/wp\/v2\/posts\/246598","targetHints":{"allow":["GET"]}}],"collection":[{"href":"https:\/\/www.24gliwice.pl\/wiadomosci\/wp-json\/wp\/v2\/posts"}],"about":[{"href":"https:\/\/www.24gliwice.pl\/wiadomosci\/wp-json\/wp\/v2\/types\/post"}],"author":[{"embeddable":true,"href":"https:\/\/www.24gliwice.pl\/wiadomosci\/wp-json\/wp\/v2\/users\/15"}],"replies":[{"embeddable":true,"href":"https:\/\/www.24gliwice.pl\/wiadomosci\/wp-json\/wp\/v2\/comments?post=246598"}],"version-history":[{"count":0,"href":"https:\/\/www.24gliwice.pl\/wiadomosci\/wp-json\/wp\/v2\/posts\/246598\/revisions"}],"wp:featuredmedia":[{"embeddable":true,"href":"https:\/\/www.24gliwice.pl\/wiadomosci\/wp-json\/wp\/v2\/media\/246603"}],"wp:attachment":[{"href":"https:\/\/www.24gliwice.pl\/wiadomosci\/wp-json\/wp\/v2\/media?parent=246598"}],"wp:term":[{"taxonomy":"category","embeddable":true,"href":"https:\/\/www.24gliwice.pl\/wiadomosci\/wp-json\/wp\/v2\/categories?post=246598"},{"taxonomy":"post_tag","embeddable":true,"href":"https:\/\/www.24gliwice.pl\/wiadomosci\/wp-json\/wp\/v2\/tags?post=246598"}],"curies":[{"name":"wp","href":"https:\/\/api.w.org\/{rel}","templated":true}]}}