{"id":246929,"date":"2024-12-18T17:57:22","date_gmt":"2024-12-18T16:57:22","guid":{"rendered":"https:\/\/www.24gliwice.pl\/wiadomosci\/?p=246929"},"modified":"2024-12-19T14:44:55","modified_gmt":"2024-12-19T13:44:55","slug":"dwa-100-metrowe-wiezowce-powstana-przy-ul-piwnej-emocje-internautow-decyzje-podejma-radni","status":"publish","type":"post","link":"https:\/\/www.24gliwice.pl\/wiadomosci\/dwa-100-metrowe-wiezowce-powstana-przy-ul-piwnej-emocje-internautow-decyzje-podejma-radni\/","title":{"rendered":"Dwa 100-metrowe wie\u017cowce powstan\u0105 przy ul. Piwnej? Emocje internaut\u00f3w, decyzj\u0119 podejm\u0105 radni"},"content":{"rendered":"<div class=\"gliwi-a6-nad-leadem-artykulow gliwi-entity-placement\" id=\"gliwi-253405543\"><div class=\"gliwi-adlabel\"><span style=\"font-size: 9px\">REKLAMA<\/span><\/div><div id=\"gliwi-396622865\" style=\"margin-bottom: 25px;margin-left: auto;margin-right: auto;text-align: center;\"><a data-no-instant=\"1\" href=\"https:\/\/dom100.eu\/\" rel=\"noopener\" class=\"a2t-link\" target=\"_blank\" aria-label=\"20260415 DOM100 D\"><img loading=\"lazy\" decoding=\"async\" src=\"https:\/\/www.24gliwice.pl\/wiadomosci\/wp-content\/uploads\/2026\/04\/20260415-DOM100-D.jpg\" alt=\"\"  srcset=\"https:\/\/www.24gliwice.pl\/wiadomosci\/wp-content\/uploads\/2026\/04\/20260415-DOM100-D.jpg 750w, https:\/\/www.24gliwice.pl\/wiadomosci\/wp-content\/uploads\/2026\/04\/20260415-DOM100-D-410x109.jpg 410w\" sizes=\"(max-width: 750px) 100vw, 750px\" class=\"no-lazyload\" width=\"750\" height=\"200\"  style=\"display: inline-block; max-width: 100%; height: auto;\" \/><\/a><\/div><\/div><h2>Na <a href=\"https:\/\/www.24gliwice.pl\/wiadomosci\/ix-sesja-rady-miasta-gliwice\/\">czwartkowej sesji Rady Miasta<\/a> radni podejm\u0105 decyzj\u0119 czy na placu w okolicy Starego Browaru, po\u0142o\u017conym pomi\u0119dzy Placem Piast\u00f3w a ul. Piwn\u0105 powstan\u0105 dwa 100-metrowe wie\u017cowce. Sprawa ju\u017c od kilku dni rozpala emocje internaut\u00f3w.<\/h2>\n<p><!--more--><\/p>\n<p style=\"padding-left: 40px;\"><span style=\"color: #ff0000;\"><strong>AKTUALIZACJA<\/strong> (19 grudnia, 14:10): Radni przyj\u0119li wniosek o zdj\u0119cie projektu uchwa\u0142y z porz\u0105dku obrad sesji. Oznacza to, \u017ce sprawa miejscowego planu zagospodarowania przestrzennego w rejonie ulic Piwnej i Okopowej prawdopodobnie wr\u00f3ci na jednej z kolejnych sesji, najwcze\u015bniej w styczniu.<\/span><\/p>\n<p>Trudno dziwi\u0107 si\u0119 gor\u0105cej dyskusji w Internecie, bo planowana inwestycja znacz\u0105co wp\u0142ynie na krajobraz naszego miasta. Dodatkowe emocje podsyca fakt, \u017ce wizualizacje wie\u017cowc\u00f3w, kt\u00f3re chce wybudowa\u0107 deweloper (firma Trust Investment) kr\u0105\u017c\u0105 w sieci od kilku tygodni, ale miejscowy plan zagospodarowania przestrzennego, kt\u00f3ry pozwoli na ich budow\u0119 ma zosta\u0107 przyj\u0119ty dopiero w czwartek.<\/p><div class=\"gliwi-a3-w-tresci-artykulow gliwi-entity-placement\" id=\"gliwi-2101307841\"><div class=\"gliwi-adlabel\"><span style=\"font-size: 9px\">REKLAMA<\/span><\/div><div id=\"gliwi-480852251\" style=\"margin-bottom: 30px;margin-left: auto;margin-right: auto;text-align: center;\"><a data-no-instant=\"1\" href=\"https:\/\/zlobek.halogen.org.pl\/\" rel=\"noopener\" class=\"a2t-link\" target=\"_blank\" aria-label=\"animator-zlobek_750x200\"><img loading=\"lazy\" decoding=\"async\" src=\"https:\/\/www.24gliwice.pl\/wiadomosci\/wp-content\/uploads\/2026\/02\/animator-zlobek_750x200.webp\" alt=\"\"  srcset=\"https:\/\/www.24gliwice.pl\/wiadomosci\/wp-content\/uploads\/2026\/02\/animator-zlobek_750x200.webp 750w, https:\/\/www.24gliwice.pl\/wiadomosci\/wp-content\/uploads\/2026\/02\/animator-zlobek_750x200-410x109.webp 410w\" sizes=\"(max-width: 750px) 100vw, 750px\" class=\"no-lazyload\" width=\"750\" height=\"200\"  style=\"display: inline-block; max-width: 100%; height: auto;\" \/><\/a><\/div><\/div>\n<p>Dok\u0142adnie MPZP dotyczy rejonu ul. Piwnej i Okopowej. We wrze\u015bniu i pa\u017adzierniku do planu wniesiono kilkana\u015bcie uwag od mieszka\u0144c\u00f3w m.in. dotycz\u0105cych wysoko\u015bci budynk\u00f3w wzgl\u0119dem obecnej zabudowy czy wzrostu nat\u0119\u017cenia ruchu samochodowego. Nie zosta\u0142y one jednak uwzgl\u0119dnione (przeczytaj &#8211;&gt; <a href=\"https:\/\/www.24gliwice.pl\/wiadomosci\/wysokie-budynki-przy-ulicy-piwnej-do-projektu-mpzp-zgloszono-kilkanascie-uwag-wiekszosci-nie-uwzgledniono\/\" target=\"_blank\" rel=\"noopener\">Wysokie budynki przy ulicy Piwnej \u2013 do projektu MPZP zg\u0142oszono kilkana\u015bcie uwag. Wi\u0119kszo\u015bci nie uwzgl\u0119dniono<\/a>).<\/p>\n<h4>DWA STUMETROWCE NA POCZ\u0104TEK<\/h4>\n<p>Cho\u0107 plan obejmuje stosunkowo niewielki obszar, to jego przyj\u0119cie mo\u017ce mie\u0107 wyj\u0105tkowo du\u017cy wp\u0142yw na ten rejon naszego miasta. Na ty\u0142ach Starego Browaru powsta\u0107 maj\u0105 dok\u0142adnie dwa 100-metrowe obiekty. Powierzchni\u0119 zabudowy oszacowano na maksymalnie 75% dzia\u0142ki budowlanej, a powierzchni\u0119 czynn\u0105 biologicznie na minimalnie 15% powierzchni dzia\u0142ki budowlanej. Nie ulega w\u0105tpliwo\u015bci, \u017ce obiekty b\u0119d\u0105 widoczne z du\u017cej odleg\u0142o\u015bci. Docelowo jednak nie maj\u0105 to by\u0107 jedyne tak wysokie budynki, jakie mog\u0105 powsta\u0107 w najbli\u017cszych latach w Gliwicach.<\/p>\n<p>W ostatnich miesi\u0105cach w\u0142adze Gliwic przeprowadzi\u0142y kilka spotka\u0144 konsultacyjnych dotycz\u0105cych wysokiej zabudowy z urbanistami i architektami (na szersze spotkania z mieszka\u0144cami czy spo\u0142ecznikami najwyra\u017aniej zabrak\u0142o ju\u017c czasu). 100-metrowce mog\u0105 powsta\u0107 nie tylko przy Piwnej, ale te\u017c vis a vis, na placu pod dawnym Focusie (na to pozwala ju\u017c obowi\u0105zuj\u0105cy na tym terenie MPZP). Co wi\u0119cej, takie rozwi\u0105zanie brane jest tak\u017ce pod uwag\u0119 na terenach po dawnej Fabryce Drutu przy ul. Dubois o czym informowali\u015bmy w sierpniu (przeczytaj &#8211;&gt; <a href=\"https:\/\/www.24gliwice.pl\/wiadomosci\/wysokosciowce-wokol-dawnej-fabryki-drutu\/\" target=\"_blank\" rel=\"noopener\">Wysoko\u015bciowce wok\u00f3\u0142 dawnej Fabryki Drutu? W magistracie zderza si\u0119 kilka pomys\u0142\u00f3w<\/a>). W przypadku FD przygotowanie MPZP jest jeszcze w toku.<\/p>\n<h4>RADNI PODZIELENI, W TLE OSKAR\u017bENIA O LOBBING<\/h4>\n<p>Hipotetyczna natomiast nie jest inwestycja Trust Investments. Radni KO od kilku dni publikuj\u0105 na swoich profilach spo\u0142eczno\u015bciowych wizualizacje dewelopera prezentuj\u0105ce planowan\u0105 inwestycj\u0119. Zdania w sieci s\u0105 podzielone. Wida\u0107 te\u017c, \u017ce zgodno\u015bci nie ma w\u015br\u00f3d radnych.<\/p>\n<p><em>&#8211; Chcia\u0142abym zag\u0142osowa\u0107 zgodnie z Waszymi oczekiwaniami, co do przysz\u0142o\u015bci naszego miasta. Pom\u00f3\u017ccie mi prosz\u0119, w podj\u0119ciu decyzji<\/em> &#8211; napisa\u0142a radna <strong>Alicja Mainusch<\/strong> (KO)<\/p>\n<blockquote><p>&#8211; Uwa\u017cam, \u017ce tak wysokie budynki w tej lokalizacji to nie najlepszy pomys\u0142. Wizualnie projekt nie powala, nie pasuje do okolicznych starych kamienic i zwartej zabudowy<\/p><\/blockquote>\n<p>&#8211; komentowa\u0142 radny <strong>Andrzej Chodorowski<\/strong> (KdG). <em>&#8211; S\u0105 lepsze lokalizacje w \u015ar\u00f3dmie\u015bciu na tego typu wie\u017cowce, a tu pasowa\u0142yby maksymalnie o po\u0142ow\u0119 ni\u017csze budynki. Dodatkowo inwestycja wytworzy spory ruch i problem z parkowaniem. Zaprojektowany park kieszonkowy przy wie\u017cowcu r\u00f3wnie\u017c w mojej ocenie jest za ma\u0142y, teren mo\u017cna wykorzysta\u0107 lepiej. Pytanie czy zosta\u0142y sporz\u0105dzone analizy w zakresie zacienienia okolicznych budynk\u00f3w i ograniczenia dost\u0119pu do \u015bwiat\u0142a dziennego. Nigdzie te\u017c nie widzia\u0142em opinii miejskiego urbanisty na ten temat, my\u015bl\u0119 \u017ce powinna by\u0107 udost\u0119pniona Mieszka\u0144com<\/em> &#8211; dodawa\u0142 Chodorowski.<\/p>\n<p>Entuzjastycznie do projektu podchodz\u0105 natomiast radne blisko zwi\u0105zane z urz\u0119duj\u0105c\u0105 prezydent.<\/p>\n<p>&#8211; Jestem g\u0142\u0119boko przekonana, \u017ce budowa wysoko\u015bciowc\u00f3w w Gliwicach to wyj\u0105tkowa szansa, kt\u00f3ra harmonijnie po\u0142\u0105czy nowoczesn\u0105 architektur\u0119 z historycznym dziedzictwem naszego miasta &#8211; napisa\u0142a radna Anna Go\u0142\u0119biowska (KO). &#8211; Projekt nie tylko przywr\u00f3ci \u017cycie i znaczenie zapomnianemu fragmentowi Gliwic, ale tak\u017ce nada mu zupe\u0142nie now\u0105 to\u017csamo\u015b\u0107. Zdecydowanie popieram ten projekt! &#8211; dodawa\u0142a.<\/p>\n<p>W podobnym duchu wypowiedzia\u0142a si\u0119 tak\u017ce radna <strong>Nina Drzewiecka<\/strong> (KO), kt\u00f3ra sw\u00f3j post wrzuci\u0142a nawet na p\u0142atn\u0105 promocj\u0119, a projekt okre\u015bli\u0142a mianem &#8220;Manhattanu&#8221;. Zaanga\u017cowanie radnych KO spotka\u0142o si\u0119 z odpowiedzi\u0105 gliwickiego PiS. Radni <strong>\u0141ukasz Chmielewski<\/strong> i <strong>Olaf Pest<\/strong> zarzucili radnym lobbing i reprezentowanie interes\u00f3w dewelopera.<\/p>\n<p>Sprawa nabiera rumie\u0144c\u00f3w i mo\u017cna spodziewa\u0107 si\u0119 gor\u0105cego g\u0142osowania na czwartkowej sesji Rady Miasta. Warto jednak zaznaczy\u0107, \u017ce Trust Investment nie jest nowym podmiotem dzia\u0142aj\u0105cym w Gliwicach. Firma ju\u017c w grudniu ubieg\u0142ego roku informowa\u0142a o planach rewitalizacji dawnego Browaru Scobla (przeczytaj &#8211;&gt; <a href=\"https:\/\/www.24gliwice.pl\/wiadomosci\/dawny-browar-scobla-czekaja-spore-zmiany-w-planie-budynki-mieszkalne-podziemny-parking-i-restauracje\/\" target=\"_blank\" rel=\"noopener\">Dawny browar Scobla czekaj\u0105 spore zmiany. W planie budynki mieszkalne, podziemny parking i restauracje<\/a>). Zmiana MPZP dla ul. Piwnej i Okopowej r\u00f3wnie\u017c ruszy\u0142a wiele miesi\u0119cy temu, jeszcze za rz\u0105d\u00f3w administracji <strong>Adama Neumanna<\/strong>.<\/p>\n<p><strong>Micha\u0142 Szewczyk<\/strong><\/p>\n<div class=\"gliwi-a5-na-koncu-artykulow gliwi-entity-placement\" id=\"gliwi-2399149630\"><div class=\"gliwi-adlabel\"><span style=\"font-size: 9px\">REKLAMA<\/span><\/div><div id=\"gliwi-2674928651\" style=\"margin-left: auto;margin-right: auto;text-align: center;\"><a data-no-instant=\"1\" href=\"https:\/\/prezeroarenagliwice.pl\/\" rel=\"noopener\" class=\"a2t-link\" target=\"_blank\" aria-label=\"20260309-PREZERO-WIOSNA-D\"><img loading=\"lazy\" decoding=\"async\" src=\"https:\/\/www.24gliwice.pl\/wiadomosci\/wp-content\/uploads\/2026\/03\/20260309-PREZERO-WIOSNA-D.webp\" alt=\"\"  srcset=\"https:\/\/www.24gliwice.pl\/wiadomosci\/wp-content\/uploads\/2026\/03\/20260309-PREZERO-WIOSNA-D.webp 750w, https:\/\/www.24gliwice.pl\/wiadomosci\/wp-content\/uploads\/2026\/03\/20260309-PREZERO-WIOSNA-D-410x109.webp 410w\" sizes=\"(max-width: 750px) 100vw, 750px\" class=\"no-lazyload\" width=\"750\" height=\"200\"  style=\"display: inline-block; max-width: 100%; height: auto;\" \/><\/a><\/div><\/div>","protected":false},"excerpt":{"rendered":"<p>Na czwartkowej sesji Rady Miasta radni podejm\u0105 decyzj\u0119 czy na placu w okolicy Starego Browaru, po\u0142o\u017conym pomi\u0119dzy Placem Piast\u00f3w a ul. Piwn\u0105 powstan\u0105 dwa 100-metrowe wie\u017cowce. Sprawa ju\u017c od kilku dni rozpala emocje internaut\u00f3w.<\/p>\n","protected":false},"author":12,"featured_media":246991,"comment_status":"open","ping_status":"closed","sticky":false,"template":"","format":"standard","meta":{"_monsterinsights_skip_tracking":false,"_monsterinsights_sitenote_active":false,"_monsterinsights_sitenote_note":"","_monsterinsights_sitenote_category":0,"footnotes":"","_links_to":"","_links_to_target":""},"categories":[3,1,9,8],"tags":[],"class_list":["post-246929","post","type-post","status-publish","format-standard","has-post-thumbnail","hentry","category-gliwice","category-wszystko","category-aktualnosci_lokalne","category-samorzad_polityka"],"yoast_head":"<!-- This site is optimized with the Yoast SEO plugin v27.5 - https:\/\/yoast.com\/product\/yoast-seo-wordpress\/ -->\n<title>Dwa 100-metrowe wie\u017cowce powstan\u0105 przy ul. Piwnej? Emocje internaut\u00f3w, decyzj\u0119 podejm\u0105 radni - 24GLIWICE - Portal Gliwice | codziennie nowe informacje<\/title>\n<meta name=\"robots\" content=\"index, follow, max-snippet:-1, max-image-preview:large, max-video-preview:-1\" \/>\n<link rel=\"canonical\" href=\"https:\/\/www.24gliwice.pl\/wiadomosci\/dwa-100-metrowe-wiezowce-powstana-przy-ul-piwnej-emocje-internautow-decyzje-podejma-radni\/\" \/>\n<meta property=\"og:locale\" content=\"pl_PL\" \/>\n<meta property=\"og:type\" content=\"article\" \/>\n<meta property=\"og:title\" content=\"Dwa 100-metrowe wie\u017cowce powstan\u0105 przy ul. Piwnej? Emocje internaut\u00f3w, decyzj\u0119 podejm\u0105 radni - 24GLIWICE - Portal Gliwice | codziennie nowe informacje\" \/>\n<meta property=\"og:description\" content=\"Na czwartkowej sesji Rady Miasta radni podejm\u0105 decyzj\u0119 czy na placu w okolicy Starego Browaru, po\u0142o\u017conym pomi\u0119dzy Placem Piast\u00f3w a ul. Piwn\u0105 powstan\u0105 dwa 100-metrowe wie\u017cowce. Sprawa ju\u017c od kilku dni rozpala emocje internaut\u00f3w.\" \/>\n<meta property=\"og:url\" content=\"https:\/\/www.24gliwice.pl\/wiadomosci\/dwa-100-metrowe-wiezowce-powstana-przy-ul-piwnej-emocje-internautow-decyzje-podejma-radni\/\" \/>\n<meta property=\"og:site_name\" content=\"24GLIWICE - Portal Gliwice | codziennie nowe informacje\" \/>\n<meta property=\"article:publisher\" content=\"https:\/\/www.facebook.com\/24gliwice\" \/>\n<meta property=\"article:published_time\" content=\"2024-12-18T16:57:22+00:00\" \/>\n<meta property=\"article:modified_time\" content=\"2024-12-19T13:44:55+00:00\" \/>\n<meta property=\"og:image\" content=\"https:\/\/www.24gliwice.pl\/wiadomosci\/wp-content\/uploads\/2024\/12\/wiezowce-kolaz.jpg\" \/>\n\t<meta property=\"og:image:width\" content=\"1140\" \/>\n\t<meta property=\"og:image:height\" content=\"642\" \/>\n\t<meta property=\"og:image:type\" content=\"image\/jpeg\" \/>\n<meta name=\"author\" content=\"Micha\u0142 Szewczyk\" \/>\n<meta name=\"twitter:card\" content=\"summary_large_image\" \/>\n<meta name=\"twitter:creator\" content=\"@24gliwice\" \/>\n<meta name=\"twitter:site\" content=\"@24gliwice\" \/>\n<meta name=\"twitter:label1\" content=\"Napisane przez\" \/>\n\t<meta name=\"twitter:data1\" content=\"Micha\u0142 Szewczyk\" \/>\n\t<meta name=\"twitter:label2\" content=\"Szacowany czas czytania\" \/>\n\t<meta name=\"twitter:data2\" content=\"5 minut\" \/>\n<script type=\"application\/ld+json\" class=\"yoast-schema-graph\">{\"@context\":\"https:\\\/\\\/schema.org\",\"@graph\":[{\"@type\":\"Article\",\"@id\":\"https:\\\/\\\/www.24gliwice.pl\\\/wiadomosci\\\/dwa-100-metrowe-wiezowce-powstana-przy-ul-piwnej-emocje-internautow-decyzje-podejma-radni\\\/#article\",\"isPartOf\":{\"@id\":\"https:\\\/\\\/www.24gliwice.pl\\\/wiadomosci\\\/dwa-100-metrowe-wiezowce-powstana-przy-ul-piwnej-emocje-internautow-decyzje-podejma-radni\\\/\"},\"author\":{\"name\":\"Micha\u0142 Szewczyk\",\"@id\":\"https:\\\/\\\/www.24gliwice.pl\\\/wiadomosci\\\/#\\\/schema\\\/person\\\/940e8f8a097e322de4f463f061ef8d45\"},\"headline\":\"Dwa 100-metrowe wie\u017cowce powstan\u0105 przy ul. Piwnej? Emocje internaut\u00f3w, decyzj\u0119 podejm\u0105 radni\",\"datePublished\":\"2024-12-18T16:57:22+00:00\",\"dateModified\":\"2024-12-19T13:44:55+00:00\",\"mainEntityOfPage\":{\"@id\":\"https:\\\/\\\/www.24gliwice.pl\\\/wiadomosci\\\/dwa-100-metrowe-wiezowce-powstana-przy-ul-piwnej-emocje-internautow-decyzje-podejma-radni\\\/\"},\"wordCount\":874,\"commentCount\":0,\"publisher\":{\"@id\":\"https:\\\/\\\/www.24gliwice.pl\\\/wiadomosci\\\/#organization\"},\"image\":{\"@id\":\"https:\\\/\\\/www.24gliwice.pl\\\/wiadomosci\\\/dwa-100-metrowe-wiezowce-powstana-przy-ul-piwnej-emocje-internautow-decyzje-podejma-radni\\\/#primaryimage\"},\"thumbnailUrl\":\"https:\\\/\\\/www.24gliwice.pl\\\/wiadomosci\\\/wp-content\\\/uploads\\\/2024\\\/12\\\/wiezowce-kolaz.jpg\",\"articleSection\":[\"Gliwice\",\"Najnowsze wiadomo\u015bci\",\"Portal Gliwice - Wiadomo\u015bci lokalne\",\"Samorz\u0105d, polityka\"],\"inLanguage\":\"pl-PL\",\"potentialAction\":[{\"@type\":\"CommentAction\",\"name\":\"Comment\",\"target\":[\"https:\\\/\\\/www.24gliwice.pl\\\/wiadomosci\\\/dwa-100-metrowe-wiezowce-powstana-przy-ul-piwnej-emocje-internautow-decyzje-podejma-radni\\\/#respond\"]}]},{\"@type\":\"WebPage\",\"@id\":\"https:\\\/\\\/www.24gliwice.pl\\\/wiadomosci\\\/dwa-100-metrowe-wiezowce-powstana-przy-ul-piwnej-emocje-internautow-decyzje-podejma-radni\\\/\",\"url\":\"https:\\\/\\\/www.24gliwice.pl\\\/wiadomosci\\\/dwa-100-metrowe-wiezowce-powstana-przy-ul-piwnej-emocje-internautow-decyzje-podejma-radni\\\/\",\"name\":\"Dwa 100-metrowe wie\u017cowce powstan\u0105 przy ul. Piwnej? Emocje internaut\u00f3w, decyzj\u0119 podejm\u0105 radni - 24GLIWICE - Portal Gliwice | codziennie nowe informacje\",\"isPartOf\":{\"@id\":\"https:\\\/\\\/www.24gliwice.pl\\\/wiadomosci\\\/#website\"},\"primaryImageOfPage\":{\"@id\":\"https:\\\/\\\/www.24gliwice.pl\\\/wiadomosci\\\/dwa-100-metrowe-wiezowce-powstana-przy-ul-piwnej-emocje-internautow-decyzje-podejma-radni\\\/#primaryimage\"},\"image\":{\"@id\":\"https:\\\/\\\/www.24gliwice.pl\\\/wiadomosci\\\/dwa-100-metrowe-wiezowce-powstana-przy-ul-piwnej-emocje-internautow-decyzje-podejma-radni\\\/#primaryimage\"},\"thumbnailUrl\":\"https:\\\/\\\/www.24gliwice.pl\\\/wiadomosci\\\/wp-content\\\/uploads\\\/2024\\\/12\\\/wiezowce-kolaz.jpg\",\"datePublished\":\"2024-12-18T16:57:22+00:00\",\"dateModified\":\"2024-12-19T13:44:55+00:00\",\"breadcrumb\":{\"@id\":\"https:\\\/\\\/www.24gliwice.pl\\\/wiadomosci\\\/dwa-100-metrowe-wiezowce-powstana-przy-ul-piwnej-emocje-internautow-decyzje-podejma-radni\\\/#breadcrumb\"},\"inLanguage\":\"pl-PL\",\"potentialAction\":[{\"@type\":\"ReadAction\",\"target\":[\"https:\\\/\\\/www.24gliwice.pl\\\/wiadomosci\\\/dwa-100-metrowe-wiezowce-powstana-przy-ul-piwnej-emocje-internautow-decyzje-podejma-radni\\\/\"]}]},{\"@type\":\"ImageObject\",\"inLanguage\":\"pl-PL\",\"@id\":\"https:\\\/\\\/www.24gliwice.pl\\\/wiadomosci\\\/dwa-100-metrowe-wiezowce-powstana-przy-ul-piwnej-emocje-internautow-decyzje-podejma-radni\\\/#primaryimage\",\"url\":\"https:\\\/\\\/www.24gliwice.pl\\\/wiadomosci\\\/wp-content\\\/uploads\\\/2024\\\/12\\\/wiezowce-kolaz.jpg\",\"contentUrl\":\"https:\\\/\\\/www.24gliwice.pl\\\/wiadomosci\\\/wp-content\\\/uploads\\\/2024\\\/12\\\/wiezowce-kolaz.jpg\",\"width\":1140,\"height\":642,\"caption\":\"Tak mia\u0142y wygl\u0105da\u0107 wie\u017cowce przy ul. Piwnej. wiz. Trust Investment\"},{\"@type\":\"BreadcrumbList\",\"@id\":\"https:\\\/\\\/www.24gliwice.pl\\\/wiadomosci\\\/dwa-100-metrowe-wiezowce-powstana-przy-ul-piwnej-emocje-internautow-decyzje-podejma-radni\\\/#breadcrumb\",\"itemListElement\":[{\"@type\":\"ListItem\",\"position\":1,\"name\":\"Strona g\u0142\u00f3wna\",\"item\":\"https:\\\/\\\/www.24gliwice.pl\\\/wiadomosci\\\/\"},{\"@type\":\"ListItem\",\"position\":2,\"name\":\"Dwa 100-metrowe wie\u017cowce powstan\u0105 przy ul. Piwnej? Emocje internaut\u00f3w, decyzj\u0119 podejm\u0105 radni\"}]},{\"@type\":\"WebSite\",\"@id\":\"https:\\\/\\\/www.24gliwice.pl\\\/wiadomosci\\\/#website\",\"url\":\"https:\\\/\\\/www.24gliwice.pl\\\/wiadomosci\\\/\",\"name\":\"24GLIWICE - Portal Gliwice | codziennie nowe wiadomo\u015bci\",\"description\":\"Portal Miejski Gliwice\",\"publisher\":{\"@id\":\"https:\\\/\\\/www.24gliwice.pl\\\/wiadomosci\\\/#organization\"},\"potentialAction\":[{\"@type\":\"SearchAction\",\"target\":{\"@type\":\"EntryPoint\",\"urlTemplate\":\"https:\\\/\\\/www.24gliwice.pl\\\/wiadomosci\\\/?s={search_term_string}\"},\"query-input\":{\"@type\":\"PropertyValueSpecification\",\"valueRequired\":true,\"valueName\":\"search_term_string\"}}],\"inLanguage\":\"pl-PL\"},{\"@type\":\"Organization\",\"@id\":\"https:\\\/\\\/www.24gliwice.pl\\\/wiadomosci\\\/#organization\",\"name\":\"24gliwice\",\"url\":\"https:\\\/\\\/www.24gliwice.pl\\\/wiadomosci\\\/\",\"logo\":{\"@type\":\"ImageObject\",\"inLanguage\":\"pl-PL\",\"@id\":\"https:\\\/\\\/www.24gliwice.pl\\\/wiadomosci\\\/#\\\/schema\\\/logo\\\/image\\\/\",\"url\":\"https:\\\/\\\/www.24gliwice.pl\\\/wiadomosci\\\/wp-content\\\/uploads\\\/2024\\\/10\\\/24gliwice-logo-696.jpg\",\"contentUrl\":\"https:\\\/\\\/www.24gliwice.pl\\\/wiadomosci\\\/wp-content\\\/uploads\\\/2024\\\/10\\\/24gliwice-logo-696.jpg\",\"width\":696,\"height\":696,\"caption\":\"24gliwice\"},\"image\":{\"@id\":\"https:\\\/\\\/www.24gliwice.pl\\\/wiadomosci\\\/#\\\/schema\\\/logo\\\/image\\\/\"},\"sameAs\":[\"https:\\\/\\\/www.facebook.com\\\/24gliwice\",\"https:\\\/\\\/x.com\\\/24gliwice\",\"https:\\\/\\\/www.youtube.com\\\/@24gliwice\"]},{\"@type\":\"Person\",\"@id\":\"https:\\\/\\\/www.24gliwice.pl\\\/wiadomosci\\\/#\\\/schema\\\/person\\\/940e8f8a097e322de4f463f061ef8d45\",\"name\":\"Micha\u0142 Szewczyk\",\"image\":{\"@type\":\"ImageObject\",\"inLanguage\":\"pl-PL\",\"@id\":\"https:\\\/\\\/secure.gravatar.com\\\/avatar\\\/771b8b6c74cd8d255e46392d605e01a86133900ef09b6ef3c8d451c9d92288cf?s=96&d=mm&r=g\",\"url\":\"https:\\\/\\\/secure.gravatar.com\\\/avatar\\\/771b8b6c74cd8d255e46392d605e01a86133900ef09b6ef3c8d451c9d92288cf?s=96&d=mm&r=g\",\"contentUrl\":\"https:\\\/\\\/secure.gravatar.com\\\/avatar\\\/771b8b6c74cd8d255e46392d605e01a86133900ef09b6ef3c8d451c9d92288cf?s=96&d=mm&r=g\",\"caption\":\"Micha\u0142 Szewczyk\"},\"sameAs\":[\"http:\\\/\\\/www.gazeta-miejska.pl\"],\"url\":\"https:\\\/\\\/www.24gliwice.pl\\\/wiadomosci\\\/author\\\/michal-szewczyk\\\/\"}]}<\/script>\n<!-- \/ Yoast SEO plugin. -->","yoast_head_json":{"title":"Dwa 100-metrowe wie\u017cowce powstan\u0105 przy ul. Piwnej? Emocje internaut\u00f3w, decyzj\u0119 podejm\u0105 radni - 24GLIWICE - Portal Gliwice | codziennie nowe informacje","robots":{"index":"index","follow":"follow","max-snippet":"max-snippet:-1","max-image-preview":"max-image-preview:large","max-video-preview":"max-video-preview:-1"},"canonical":"https:\/\/www.24gliwice.pl\/wiadomosci\/dwa-100-metrowe-wiezowce-powstana-przy-ul-piwnej-emocje-internautow-decyzje-podejma-radni\/","og_locale":"pl_PL","og_type":"article","og_title":"Dwa 100-metrowe wie\u017cowce powstan\u0105 przy ul. Piwnej? Emocje internaut\u00f3w, decyzj\u0119 podejm\u0105 radni - 24GLIWICE - Portal Gliwice | codziennie nowe informacje","og_description":"Na czwartkowej sesji Rady Miasta radni podejm\u0105 decyzj\u0119 czy na placu w okolicy Starego Browaru, po\u0142o\u017conym pomi\u0119dzy Placem Piast\u00f3w a ul. Piwn\u0105 powstan\u0105 dwa 100-metrowe wie\u017cowce. Sprawa ju\u017c od kilku dni rozpala emocje internaut\u00f3w.","og_url":"https:\/\/www.24gliwice.pl\/wiadomosci\/dwa-100-metrowe-wiezowce-powstana-przy-ul-piwnej-emocje-internautow-decyzje-podejma-radni\/","og_site_name":"24GLIWICE - Portal Gliwice | codziennie nowe informacje","article_publisher":"https:\/\/www.facebook.com\/24gliwice","article_published_time":"2024-12-18T16:57:22+00:00","article_modified_time":"2024-12-19T13:44:55+00:00","og_image":[{"width":1140,"height":642,"url":"https:\/\/www.24gliwice.pl\/wiadomosci\/wp-content\/uploads\/2024\/12\/wiezowce-kolaz.jpg","type":"image\/jpeg"}],"author":"Micha\u0142 Szewczyk","twitter_card":"summary_large_image","twitter_creator":"@24gliwice","twitter_site":"@24gliwice","twitter_misc":{"Napisane przez":"Micha\u0142 Szewczyk","Szacowany czas czytania":"5 minut"},"schema":{"@context":"https:\/\/schema.org","@graph":[{"@type":"Article","@id":"https:\/\/www.24gliwice.pl\/wiadomosci\/dwa-100-metrowe-wiezowce-powstana-przy-ul-piwnej-emocje-internautow-decyzje-podejma-radni\/#article","isPartOf":{"@id":"https:\/\/www.24gliwice.pl\/wiadomosci\/dwa-100-metrowe-wiezowce-powstana-przy-ul-piwnej-emocje-internautow-decyzje-podejma-radni\/"},"author":{"name":"Micha\u0142 Szewczyk","@id":"https:\/\/www.24gliwice.pl\/wiadomosci\/#\/schema\/person\/940e8f8a097e322de4f463f061ef8d45"},"headline":"Dwa 100-metrowe wie\u017cowce powstan\u0105 przy ul. Piwnej? Emocje internaut\u00f3w, decyzj\u0119 podejm\u0105 radni","datePublished":"2024-12-18T16:57:22+00:00","dateModified":"2024-12-19T13:44:55+00:00","mainEntityOfPage":{"@id":"https:\/\/www.24gliwice.pl\/wiadomosci\/dwa-100-metrowe-wiezowce-powstana-przy-ul-piwnej-emocje-internautow-decyzje-podejma-radni\/"},"wordCount":874,"commentCount":0,"publisher":{"@id":"https:\/\/www.24gliwice.pl\/wiadomosci\/#organization"},"image":{"@id":"https:\/\/www.24gliwice.pl\/wiadomosci\/dwa-100-metrowe-wiezowce-powstana-przy-ul-piwnej-emocje-internautow-decyzje-podejma-radni\/#primaryimage"},"thumbnailUrl":"https:\/\/www.24gliwice.pl\/wiadomosci\/wp-content\/uploads\/2024\/12\/wiezowce-kolaz.jpg","articleSection":["Gliwice","Najnowsze wiadomo\u015bci","Portal Gliwice - Wiadomo\u015bci lokalne","Samorz\u0105d, polityka"],"inLanguage":"pl-PL","potentialAction":[{"@type":"CommentAction","name":"Comment","target":["https:\/\/www.24gliwice.pl\/wiadomosci\/dwa-100-metrowe-wiezowce-powstana-przy-ul-piwnej-emocje-internautow-decyzje-podejma-radni\/#respond"]}]},{"@type":"WebPage","@id":"https:\/\/www.24gliwice.pl\/wiadomosci\/dwa-100-metrowe-wiezowce-powstana-przy-ul-piwnej-emocje-internautow-decyzje-podejma-radni\/","url":"https:\/\/www.24gliwice.pl\/wiadomosci\/dwa-100-metrowe-wiezowce-powstana-przy-ul-piwnej-emocje-internautow-decyzje-podejma-radni\/","name":"Dwa 100-metrowe wie\u017cowce powstan\u0105 przy ul. Piwnej? Emocje internaut\u00f3w, decyzj\u0119 podejm\u0105 radni - 24GLIWICE - Portal Gliwice | codziennie nowe informacje","isPartOf":{"@id":"https:\/\/www.24gliwice.pl\/wiadomosci\/#website"},"primaryImageOfPage":{"@id":"https:\/\/www.24gliwice.pl\/wiadomosci\/dwa-100-metrowe-wiezowce-powstana-przy-ul-piwnej-emocje-internautow-decyzje-podejma-radni\/#primaryimage"},"image":{"@id":"https:\/\/www.24gliwice.pl\/wiadomosci\/dwa-100-metrowe-wiezowce-powstana-przy-ul-piwnej-emocje-internautow-decyzje-podejma-radni\/#primaryimage"},"thumbnailUrl":"https:\/\/www.24gliwice.pl\/wiadomosci\/wp-content\/uploads\/2024\/12\/wiezowce-kolaz.jpg","datePublished":"2024-12-18T16:57:22+00:00","dateModified":"2024-12-19T13:44:55+00:00","breadcrumb":{"@id":"https:\/\/www.24gliwice.pl\/wiadomosci\/dwa-100-metrowe-wiezowce-powstana-przy-ul-piwnej-emocje-internautow-decyzje-podejma-radni\/#breadcrumb"},"inLanguage":"pl-PL","potentialAction":[{"@type":"ReadAction","target":["https:\/\/www.24gliwice.pl\/wiadomosci\/dwa-100-metrowe-wiezowce-powstana-przy-ul-piwnej-emocje-internautow-decyzje-podejma-radni\/"]}]},{"@type":"ImageObject","inLanguage":"pl-PL","@id":"https:\/\/www.24gliwice.pl\/wiadomosci\/dwa-100-metrowe-wiezowce-powstana-przy-ul-piwnej-emocje-internautow-decyzje-podejma-radni\/#primaryimage","url":"https:\/\/www.24gliwice.pl\/wiadomosci\/wp-content\/uploads\/2024\/12\/wiezowce-kolaz.jpg","contentUrl":"https:\/\/www.24gliwice.pl\/wiadomosci\/wp-content\/uploads\/2024\/12\/wiezowce-kolaz.jpg","width":1140,"height":642,"caption":"Tak mia\u0142y wygl\u0105da\u0107 wie\u017cowce przy ul. Piwnej. wiz. Trust Investment"},{"@type":"BreadcrumbList","@id":"https:\/\/www.24gliwice.pl\/wiadomosci\/dwa-100-metrowe-wiezowce-powstana-przy-ul-piwnej-emocje-internautow-decyzje-podejma-radni\/#breadcrumb","itemListElement":[{"@type":"ListItem","position":1,"name":"Strona g\u0142\u00f3wna","item":"https:\/\/www.24gliwice.pl\/wiadomosci\/"},{"@type":"ListItem","position":2,"name":"Dwa 100-metrowe wie\u017cowce powstan\u0105 przy ul. Piwnej? Emocje internaut\u00f3w, decyzj\u0119 podejm\u0105 radni"}]},{"@type":"WebSite","@id":"https:\/\/www.24gliwice.pl\/wiadomosci\/#website","url":"https:\/\/www.24gliwice.pl\/wiadomosci\/","name":"24GLIWICE - Portal Gliwice | codziennie nowe wiadomo\u015bci","description":"Portal Miejski Gliwice","publisher":{"@id":"https:\/\/www.24gliwice.pl\/wiadomosci\/#organization"},"potentialAction":[{"@type":"SearchAction","target":{"@type":"EntryPoint","urlTemplate":"https:\/\/www.24gliwice.pl\/wiadomosci\/?s={search_term_string}"},"query-input":{"@type":"PropertyValueSpecification","valueRequired":true,"valueName":"search_term_string"}}],"inLanguage":"pl-PL"},{"@type":"Organization","@id":"https:\/\/www.24gliwice.pl\/wiadomosci\/#organization","name":"24gliwice","url":"https:\/\/www.24gliwice.pl\/wiadomosci\/","logo":{"@type":"ImageObject","inLanguage":"pl-PL","@id":"https:\/\/www.24gliwice.pl\/wiadomosci\/#\/schema\/logo\/image\/","url":"https:\/\/www.24gliwice.pl\/wiadomosci\/wp-content\/uploads\/2024\/10\/24gliwice-logo-696.jpg","contentUrl":"https:\/\/www.24gliwice.pl\/wiadomosci\/wp-content\/uploads\/2024\/10\/24gliwice-logo-696.jpg","width":696,"height":696,"caption":"24gliwice"},"image":{"@id":"https:\/\/www.24gliwice.pl\/wiadomosci\/#\/schema\/logo\/image\/"},"sameAs":["https:\/\/www.facebook.com\/24gliwice","https:\/\/x.com\/24gliwice","https:\/\/www.youtube.com\/@24gliwice"]},{"@type":"Person","@id":"https:\/\/www.24gliwice.pl\/wiadomosci\/#\/schema\/person\/940e8f8a097e322de4f463f061ef8d45","name":"Micha\u0142 Szewczyk","image":{"@type":"ImageObject","inLanguage":"pl-PL","@id":"https:\/\/secure.gravatar.com\/avatar\/771b8b6c74cd8d255e46392d605e01a86133900ef09b6ef3c8d451c9d92288cf?s=96&d=mm&r=g","url":"https:\/\/secure.gravatar.com\/avatar\/771b8b6c74cd8d255e46392d605e01a86133900ef09b6ef3c8d451c9d92288cf?s=96&d=mm&r=g","contentUrl":"https:\/\/secure.gravatar.com\/avatar\/771b8b6c74cd8d255e46392d605e01a86133900ef09b6ef3c8d451c9d92288cf?s=96&d=mm&r=g","caption":"Micha\u0142 Szewczyk"},"sameAs":["http:\/\/www.gazeta-miejska.pl"],"url":"https:\/\/www.24gliwice.pl\/wiadomosci\/author\/michal-szewczyk\/"}]}},"_links":{"self":[{"href":"https:\/\/www.24gliwice.pl\/wiadomosci\/wp-json\/wp\/v2\/posts\/246929","targetHints":{"allow":["GET"]}}],"collection":[{"href":"https:\/\/www.24gliwice.pl\/wiadomosci\/wp-json\/wp\/v2\/posts"}],"about":[{"href":"https:\/\/www.24gliwice.pl\/wiadomosci\/wp-json\/wp\/v2\/types\/post"}],"author":[{"embeddable":true,"href":"https:\/\/www.24gliwice.pl\/wiadomosci\/wp-json\/wp\/v2\/users\/12"}],"replies":[{"embeddable":true,"href":"https:\/\/www.24gliwice.pl\/wiadomosci\/wp-json\/wp\/v2\/comments?post=246929"}],"version-history":[{"count":0,"href":"https:\/\/www.24gliwice.pl\/wiadomosci\/wp-json\/wp\/v2\/posts\/246929\/revisions"}],"wp:featuredmedia":[{"embeddable":true,"href":"https:\/\/www.24gliwice.pl\/wiadomosci\/wp-json\/wp\/v2\/media\/246991"}],"wp:attachment":[{"href":"https:\/\/www.24gliwice.pl\/wiadomosci\/wp-json\/wp\/v2\/media?parent=246929"}],"wp:term":[{"taxonomy":"category","embeddable":true,"href":"https:\/\/www.24gliwice.pl\/wiadomosci\/wp-json\/wp\/v2\/categories?post=246929"},{"taxonomy":"post_tag","embeddable":true,"href":"https:\/\/www.24gliwice.pl\/wiadomosci\/wp-json\/wp\/v2\/tags?post=246929"}],"curies":[{"name":"wp","href":"https:\/\/api.w.org\/{rel}","templated":true}]}}