{"id":247909,"date":"2025-01-13T02:33:35","date_gmt":"2025-01-13T01:33:35","guid":{"rendered":"https:\/\/www.24gliwice.pl\/wiadomosci\/?p=247909"},"modified":"2025-01-13T02:33:35","modified_gmt":"2025-01-13T01:33:35","slug":"tereny-inwestycyjne-na-sprzedaz-za-lacznie-kilkanascie-mln-zl-przemysl-uslugi-i-nowa-mieszkaniowka","status":"publish","type":"post","link":"https:\/\/www.24gliwice.pl\/wiadomosci\/tereny-inwestycyjne-na-sprzedaz-za-lacznie-kilkanascie-mln-zl-przemysl-uslugi-i-nowa-mieszkaniowka\/","title":{"rendered":"Tereny inwestycyjne na sprzeda\u017c za \u0142\u0105cznie kilkana\u015bcie mln z\u0142. Przemys\u0142, us\u0142ugi i nowa mieszkani\u00f3wka"},"content":{"rendered":"<div class=\"gliwi-a6-nad-leadem-artykulow gliwi-entity-placement\" id=\"gliwi-572451749\"><div class=\"gliwi-adlabel\"><span style=\"font-size: 9px\">REKLAMA<\/span><\/div><div id=\"gliwi-2128284755\" style=\"margin-bottom: 25px;margin-left: auto;margin-right: auto;text-align: center;\"><a data-no-instant=\"1\" href=\"https:\/\/dom100.eu\/\" rel=\"noopener\" class=\"a2t-link\" target=\"_blank\" aria-label=\"20260415 DOM100 D\"><img loading=\"lazy\" decoding=\"async\" src=\"https:\/\/www.24gliwice.pl\/wiadomosci\/wp-content\/uploads\/2026\/04\/20260415-DOM100-D.jpg\" alt=\"\"  srcset=\"https:\/\/www.24gliwice.pl\/wiadomosci\/wp-content\/uploads\/2026\/04\/20260415-DOM100-D.jpg 750w, https:\/\/www.24gliwice.pl\/wiadomosci\/wp-content\/uploads\/2026\/04\/20260415-DOM100-D-410x109.jpg 410w\" sizes=\"(max-width: 750px) 100vw, 750px\" class=\"no-lazyload\" width=\"750\" height=\"200\"  style=\"display: inline-block; max-width: 100%; height: auto;\" \/><\/a><\/div><\/div><h2>Miasto pr\u00f3buje sprzeda\u0107 nieruchomo\u015bci, kt\u00f3rych cena wywo\u0142awcza to \u0142\u0105cznie prawie 18 mln z\u0142. Je\u017celi w zaplanowanych na luty przetargach wy\u0142onieni zostan\u0105 nabywcy, w r\u00f3\u017cnych cz\u0119\u015bciach Gliwic mo\u017ce powsta\u0107 nowa zabudowa mieszkaniowa, obiekty przemys\u0142owe i us\u0142ugowo produkcyjne. <\/h2>\n<p><!--more--><\/p>\n<p>Miasto og\u0142osi\u0142o przetarg na sprzeda\u017c terenu inwestycyjnego na zbiegu ulic Jagodowej i O\u015bwi\u0119cimskiej o powierzchni blisko 5,3 hektara. Cena wywo\u0142awcza wynosi ponad 8,4 mln z\u0142. Jest to trzecie podej\u015bcie do zbycia prawa w\u0142asno\u015bci cz\u0119\u015bci nieruchomo\u015bci Skarbu Pa\u0144stwa.<\/p>\n<p><a href=\"https:\/\/www.24gliwice.pl\/wiadomosci\/wp-content\/uploads\/2025\/01\/dzialka-jagodowa-oswiecimska.jpg\"><img loading=\"lazy\" decoding=\"async\" src=\"https:\/\/www.24gliwice.pl\/wiadomosci\/wp-content\/uploads\/2025\/01\/dzialka-jagodowa-oswiecimska.jpg\" alt=\"\" width=\"810\" height=\"476\" class=\"alignnone size-full wp-image-247916\" srcset=\"https:\/\/www.24gliwice.pl\/wiadomosci\/wp-content\/uploads\/2025\/01\/dzialka-jagodowa-oswiecimska.jpg 810w, https:\/\/www.24gliwice.pl\/wiadomosci\/wp-content\/uploads\/2025\/01\/dzialka-jagodowa-oswiecimska-395x232.jpg 395w, https:\/\/www.24gliwice.pl\/wiadomosci\/wp-content\/uploads\/2025\/01\/dzialka-jagodowa-oswiecimska-774x455.jpg 774w, https:\/\/www.24gliwice.pl\/wiadomosci\/wp-content\/uploads\/2025\/01\/dzialka-jagodowa-oswiecimska-768x451.jpg 768w\" sizes=\"auto, (max-width: 810px) 100vw, 810px\" \/><\/a><\/p>\n<p>Dzia\u0142ka nr 128, obr\u0119b Ku\u017anica, stanowi teren niezabudowany, po\u0142o\u017cony w p\u00f3\u0142nocnej cz\u0119\u015bci miasta &#8211; na styku \u0141ab\u0119d i Czechowic, w odleg\u0142o\u015bci oko\u0142o 10 km od centrum miasta i 1,5 km od drogi wojew\u00f3dzkiej. W s\u0105siedztwie znajduj\u0105 si\u0119 tereny Zak\u0142ad\u00f3w Mechanicznych \u201eBUMAR-\u0141ab\u0119dy\u201d S.A., tereny niezagospodarowane przeznaczone pod zabudow\u0119 przemys\u0142ow\u0105, bazy i sk\u0142ady oraz grunty zadrzewione i rolne. W dalszej odleg\u0142o\u015bci znajduje si\u0119 zabudowa mieszkaniowa i ogrody dzia\u0142kowe. <\/p><div class=\"gliwi-a3-w-tresci-artykulow gliwi-entity-placement\" id=\"gliwi-1162829804\"><div class=\"gliwi-adlabel\"><span style=\"font-size: 9px\">REKLAMA<\/span><\/div><div id=\"gliwi-513482583\" style=\"margin-bottom: 30px;margin-left: auto;margin-right: auto;text-align: center;\"><a data-no-instant=\"1\" href=\"https:\/\/zlobek.halogen.org.pl\/\" rel=\"noopener\" class=\"a2t-link\" target=\"_blank\" aria-label=\"animator-zlobek_750x200\"><img loading=\"lazy\" decoding=\"async\" src=\"https:\/\/www.24gliwice.pl\/wiadomosci\/wp-content\/uploads\/2026\/02\/animator-zlobek_750x200.webp\" alt=\"\"  srcset=\"https:\/\/www.24gliwice.pl\/wiadomosci\/wp-content\/uploads\/2026\/02\/animator-zlobek_750x200.webp 750w, https:\/\/www.24gliwice.pl\/wiadomosci\/wp-content\/uploads\/2026\/02\/animator-zlobek_750x200-410x109.webp 410w\" sizes=\"(max-width: 750px) 100vw, 750px\" class=\"no-lazyload\" width=\"750\" height=\"200\"  style=\"display: inline-block; max-width: 100%; height: auto;\" \/><\/a><\/div><\/div>\n<p>Nieruchomo\u015b\u0107 jest niezabudowana i poro\u015bni\u0119ta wysokimi drzewami i krzewami. Przez dzia\u0142k\u0119 przebiegaj\u0105 sieci kanalizacyjne, wodoci\u0105gowe i elektroenergetyczne.<br \/>\nDojazd mo\u017cliwy jest bezpo\u015brednio z drogi publicznej ul. Jagodowej. Zgodnie z miejscowym planem zagospodarowania przestrzennego, jest to obszar oznaczony symbolem 1PBS co oznacza tereny przemys\u0142u, baz i sk\u0142ad\u00f3w. Kolejne podej\u015bcie do jego zbycia odb\u0119dzie si\u0119 <a href=\"https:\/\/bip.gliwice.eu\/sprzedaz-dzialka-nr-128-obreb-kuznica-rejon-ul-jagodowej-i-ul-oswiecimskiej-3\" target=\"_blank\">25 lutego br.<\/a><\/p>\n<p><iframe src=\"https:\/\/www.google.com\/maps\/embed?pb=!4v1736532784153!6m8!1m7!1sDgILz_zwHX01p6VP-HjTiQ!2m2!1d50.36718112196967!2d18.61978450043297!3f191.77337817857025!4f-2.2241258272515267!5f0.7820865974627469\" width=\"810\" height=\"455\" style=\"border:0;\" allowfullscreen=\"\" loading=\"lazy\" referrerpolicy=\"no-referrer-when-downgrade\"><\/iframe><\/p>\n<h4>Dzia\u0142ka za prawie 5 mln z\u0142 w Bojkowie<\/h4>\n<p>Wcze\u015bniej, bo 3 lutego, odb\u0119dzie si\u0119 pierwsza pr\u00f3ba sprzeda\u017cy terenu inwestycyjnego w Bojkowie. Niezabudowana dzia\u0142ka nr 483, po\u0142o\u017cona w obr\u0119bie Bojk\u00f3w Wsch\u00f3d, ma powierzchni\u0119 nieco ponad 2 ha. Cena wywo\u0142awcza nieruchomo\u015bci to 4,82 mln z\u0142. <\/p>\n<p>&#8211; <em>S\u0105siedztwo bezpo\u015brednie stanowi\u0105 tereny przemys\u0142owo-us\u0142ugowe, aktualnie uprawiane rolniczo. W bliskiej odleg\u0142o\u015bci przebiega autostrada A1. Dzia\u0142ka ma kszta\u0142t regularny, zbli\u017cony do prostok\u0105ta. Przedmiotowa dzia\u0142ka obj\u0119ta jest umow\u0105 dzier\u017cawy do 31 pa\u017adziernika 2025 r. z przeznaczeniem terenu na u\u017cywanie i pobieranie po\u017cytk\u00f3w rolnych. W zwi\u0105zku z powy\u017cszym przysz\u0142y nabywca wejdzie w prawa i obowi\u0105zki wydzier\u017cawiaj\u0105cego<\/em> &#8211; informuje w og\u0142oszeniu miasto. Przez nieruchomo\u015b\u0107 nie przebiegaj\u0105 sieci uzbrojenia terenu. W bliskiej odleg\u0142o\u015bci przebiega gazoci\u0105g.<\/p>\n<p><a href=\"https:\/\/www.24gliwice.pl\/wiadomosci\/wp-content\/uploads\/2025\/01\/dzialka-bojkow.jpg\"><img loading=\"lazy\" decoding=\"async\" src=\"https:\/\/www.24gliwice.pl\/wiadomosci\/wp-content\/uploads\/2025\/01\/dzialka-bojkow.jpg\" alt=\"\" width=\"810\" height=\"410\" class=\"alignnone size-full wp-image-247915\" srcset=\"https:\/\/www.24gliwice.pl\/wiadomosci\/wp-content\/uploads\/2025\/01\/dzialka-bojkow.jpg 810w, https:\/\/www.24gliwice.pl\/wiadomosci\/wp-content\/uploads\/2025\/01\/dzialka-bojkow-410x208.jpg 410w, https:\/\/www.24gliwice.pl\/wiadomosci\/wp-content\/uploads\/2025\/01\/dzialka-bojkow-768x389.jpg 768w\" sizes=\"auto, (max-width: 810px) 100vw, 810px\" \/><\/a><\/p>\n<p>&#8211; <em>W granicy dzia\u0142ki zlokalizowana jest skarpa cieku wodnego. Ciek ten stanowi system odwodnienia, dlatego przysz\u0142y nabywca musi zwr\u00f3ci\u0107 na niego szczeg\u00f3ln\u0105 uwag\u0119, nie mo\u017cna go zasypywa\u0107 ani zak\u0142\u00f3ca\u0107 swobodnego przep\u0142ywu w\u00f3d. Skomunikowanie przedmiotowej dzia\u0142ki powinno odbywa\u0107 si\u0119 do drogi publicznej ul. Granicznej po\u0142o\u017conej w Gminie Giera\u0142towice<\/em> &#8211; czytamy dalej w <a href=\"https:\/\/bip.gliwice.eu\/sprzedaz-dzialka-nr-483-obreb-bojkow-wschod-na-wschod-od-ul-bojkowskiej\" target=\"_blank\">og\u0142oszeniu.<\/a> <\/p>\n<p>Zgodnie z ustaleniami planu miejscowego nieruchomo\u015b\u0107 znajduje si\u0119 na terenie o symbolu: 3 UP \u2013 co oznacza: teren us\u0142ugowo-produkcyjny. Wysoko\u015b\u0107 budynk\u00f3w ograniczona zosta\u0142a do 45 m. Dzia\u0142ka le\u017cy w granicach Gliwickiego Obszaru Gospodarczego, w obszarze terenu g\u00f3rniczego \u201eSo\u015bnica III\u201d KW S.A. Oddzia\u0142 KWK \u201eSo\u015bnica-Makoszowy\u201d w Zabrzu i udokumentowanych zasob\u00f3w z\u0142o\u017ca w\u0119gla kamiennego oraz metanu jako kopaliny towarzysz\u0105cej.<\/p>\n<h4>Druga pr\u00f3ba sprzeda\u017cy teren\u00f3w mieszkaniowych<\/h4>\n<p>Tak\u017ce na<a href=\"https:\/\/bip.gliwice.eu\/sprzedaz-dz-nr-4572-4612-4622-4632-obreb-politechnika-ul-marii-sklodowskiej-curie\" target=\"_blank\"> 3 lutego <\/a>zaplanowano drugie podej\u015bcie do sprzeda\u017cy kompleksu dzia\u0142ek w dzielnicy akademickiej &#8211; chodzi o parcele nr 463\/2, 457\/2, 461\/2, 462\/2 obr\u0119b Politechnika, po\u0142o\u017cone przy ul. Marii Curie-Sk\u0142odowskiej, obecnie poro\u015bni\u0119te drzewami i krzewami, kszta\u0142tem zbli\u017cone do prostok\u0105ta. Cen\u0119 nieruchomo\u015bci o powierzchni \u0142\u0105cznej ok. 0,24 ha okre\u015blono na 4,4 mln z\u0142. <\/p>\n<p><a href=\"https:\/\/www.24gliwice.pl\/wiadomosci\/wp-content\/uploads\/2025\/01\/dzialki-curie-sklodowskiej.jpg\"><img loading=\"lazy\" decoding=\"async\" src=\"https:\/\/www.24gliwice.pl\/wiadomosci\/wp-content\/uploads\/2025\/01\/dzialki-curie-sklodowskiej.jpg\" alt=\"\" width=\"810\" height=\"584\" class=\"alignnone size-full wp-image-247917\" srcset=\"https:\/\/www.24gliwice.pl\/wiadomosci\/wp-content\/uploads\/2025\/01\/dzialki-curie-sklodowskiej.jpg 810w, https:\/\/www.24gliwice.pl\/wiadomosci\/wp-content\/uploads\/2025\/01\/dzialki-curie-sklodowskiej-322x232.jpg 322w, https:\/\/www.24gliwice.pl\/wiadomosci\/wp-content\/uploads\/2025\/01\/dzialki-curie-sklodowskiej-631x455.jpg 631w, https:\/\/www.24gliwice.pl\/wiadomosci\/wp-content\/uploads\/2025\/01\/dzialki-curie-sklodowskiej-768x554.jpg 768w\" sizes=\"auto, (max-width: 810px) 100vw, 810px\" \/><\/a><\/p>\n<p>S\u0105siedztwo bezpo\u015brednie tego terenu stanowi zabudowa mieszkaniowo-us\u0142ugowa. W bliskiej odleg\u0142o\u015bci znajduj\u0105 si\u0119 budynki o\u015bwiaty (w tym budynki Politechniki \u015al\u0105skiej), s\u0142u\u017cby zdrowia, a tak\u017ce sportu i rekreacji (PreZero Arena Gliwice). W odleg\u0142o\u015bci ok. 1000 m znajduje si\u0119 Rynek.<\/p>\n<p>Przeznaczenie dzia\u0142ek to zabudowa mieszkaniowo-us\u0142ugowa, o wysokiej intensywno\u015bci \u2013 mo\u017ce by\u0107 to obiekt wielorodzinny, a tak\u017ce zamieszkania zbiorowego jak hotel, motel, schronisko turystyczne, internat, dom studencki, czy dom rencist\u00f3w, a tak\u017ce us\u0142ugi nieuci\u0105\u017cliwe.<\/p>\n<p>(\u017cms)<\/p>\n<div class=\"gliwi-a5-na-koncu-artykulow gliwi-entity-placement\" id=\"gliwi-2991771388\"><div class=\"gliwi-adlabel\"><span style=\"font-size: 9px\">REKLAMA<\/span><\/div><div id=\"gliwi-2269041938\" style=\"margin-left: auto;margin-right: auto;text-align: center;\"><a data-no-instant=\"1\" href=\"https:\/\/prezeroarenagliwice.pl\/\" rel=\"noopener\" class=\"a2t-link\" target=\"_blank\" aria-label=\"20260309-PREZERO-WIOSNA-D\"><img loading=\"lazy\" decoding=\"async\" src=\"https:\/\/www.24gliwice.pl\/wiadomosci\/wp-content\/uploads\/2026\/03\/20260309-PREZERO-WIOSNA-D.webp\" alt=\"\"  srcset=\"https:\/\/www.24gliwice.pl\/wiadomosci\/wp-content\/uploads\/2026\/03\/20260309-PREZERO-WIOSNA-D.webp 750w, https:\/\/www.24gliwice.pl\/wiadomosci\/wp-content\/uploads\/2026\/03\/20260309-PREZERO-WIOSNA-D-410x109.webp 410w\" sizes=\"(max-width: 750px) 100vw, 750px\" class=\"no-lazyload\" width=\"750\" height=\"200\"  style=\"display: inline-block; max-width: 100%; height: auto;\" \/><\/a><\/div><\/div>","protected":false},"excerpt":{"rendered":"<p>Miasto pr\u00f3buje sprzeda\u0107 nieruchomo\u015bci, kt\u00f3rych cena wywo\u0142awcza to \u0142\u0105cznie prawie 18 mln z\u0142. Je\u017celi w zaplanowanych na luty przetargach wy\u0142onieni zostan\u0105 nabywcy, w r\u00f3\u017cnych cz\u0119\u015bciach Gliwic mo\u017ce powsta\u0107 nowa zabudowa mieszkaniowa, obiekty przemys\u0142owe i us\u0142ugowo produkcyjne.<\/p>\n","protected":false},"author":15,"featured_media":247918,"comment_status":"open","ping_status":"closed","sticky":false,"template":"","format":"standard","meta":{"_monsterinsights_skip_tracking":false,"_monsterinsights_sitenote_active":false,"_monsterinsights_sitenote_note":"","_monsterinsights_sitenote_category":0,"footnotes":"","_links_to":"","_links_to_target":""},"categories":[3,1,9,8],"tags":[14385,24147],"class_list":["post-247909","post","type-post","status-publish","format-standard","has-post-thumbnail","hentry","category-gliwice","category-wszystko","category-aktualnosci_lokalne","category-samorzad_polityka","tag-nieruchomosci","tag-sprzedaz-dzialek"],"yoast_head":"<!-- This site is optimized with the Yoast SEO plugin v27.4 - https:\/\/yoast.com\/product\/yoast-seo-wordpress\/ -->\n<title>Tereny inwestycyjne na sprzeda\u017c za \u0142\u0105cznie kilkana\u015bcie mln z\u0142. Przemys\u0142, us\u0142ugi i nowa mieszkani\u00f3wka - 24GLIWICE - Portal Gliwice | codziennie nowe informacje<\/title>\n<meta name=\"description\" content=\"Miasto sprzedaje tereny us\u0142ugowo-produkcyjne w \u0141ab\u0119dach i Bojkowie, a tak\u017ce pod zabudow\u0119 mieszkaniow\u0105 w dzielnicy Akademickiej\" \/>\n<meta name=\"robots\" content=\"index, follow, max-snippet:-1, max-image-preview:large, max-video-preview:-1\" \/>\n<link rel=\"canonical\" href=\"https:\/\/www.24gliwice.pl\/wiadomosci\/tereny-inwestycyjne-na-sprzedaz-za-lacznie-kilkanascie-mln-zl-przemysl-uslugi-i-nowa-mieszkaniowka\/\" \/>\n<meta property=\"og:locale\" content=\"pl_PL\" \/>\n<meta property=\"og:type\" content=\"article\" \/>\n<meta property=\"og:title\" content=\"Tereny inwestycyjne na sprzeda\u017c za \u0142\u0105cznie kilkana\u015bcie mln z\u0142. Przemys\u0142, us\u0142ugi i nowa mieszkani\u00f3wka - 24GLIWICE - Portal Gliwice | codziennie nowe informacje\" \/>\n<meta property=\"og:description\" content=\"Miasto sprzedaje tereny us\u0142ugowo-produkcyjne w \u0141ab\u0119dach i Bojkowie, a tak\u017ce pod zabudow\u0119 mieszkaniow\u0105 w dzielnicy Akademickiej\" \/>\n<meta property=\"og:url\" content=\"https:\/\/www.24gliwice.pl\/wiadomosci\/tereny-inwestycyjne-na-sprzedaz-za-lacznie-kilkanascie-mln-zl-przemysl-uslugi-i-nowa-mieszkaniowka\/\" \/>\n<meta property=\"og:site_name\" content=\"24GLIWICE - Portal Gliwice | codziennie nowe informacje\" \/>\n<meta property=\"article:publisher\" content=\"https:\/\/www.facebook.com\/24gliwice\" \/>\n<meta property=\"article:published_time\" content=\"2025-01-13T01:33:35+00:00\" \/>\n<meta property=\"og:image\" content=\"https:\/\/www.24gliwice.pl\/wiadomosci\/wp-content\/uploads\/2025\/01\/Zrzut-ekranu-2025-01-10-191211.png.jpg\" \/>\n\t<meta property=\"og:image:width\" content=\"810\" \/>\n\t<meta property=\"og:image:height\" content=\"456\" \/>\n\t<meta property=\"og:image:type\" content=\"image\/jpeg\" \/>\n<meta name=\"author\" content=\"\u017baneta Mrozek-Siewierska\" \/>\n<meta name=\"twitter:card\" content=\"summary_large_image\" \/>\n<meta name=\"twitter:creator\" content=\"@24gliwice\" \/>\n<meta name=\"twitter:site\" content=\"@24gliwice\" \/>\n<meta name=\"twitter:label1\" content=\"Napisane przez\" \/>\n\t<meta name=\"twitter:data1\" content=\"\u017baneta Mrozek-Siewierska\" \/>\n\t<meta name=\"twitter:label2\" content=\"Szacowany czas czytania\" \/>\n\t<meta name=\"twitter:data2\" content=\"5 minut\" \/>\n<script type=\"application\/ld+json\" class=\"yoast-schema-graph\">{\"@context\":\"https:\\\/\\\/schema.org\",\"@graph\":[{\"@type\":\"Article\",\"@id\":\"https:\\\/\\\/www.24gliwice.pl\\\/wiadomosci\\\/tereny-inwestycyjne-na-sprzedaz-za-lacznie-kilkanascie-mln-zl-przemysl-uslugi-i-nowa-mieszkaniowka\\\/#article\",\"isPartOf\":{\"@id\":\"https:\\\/\\\/www.24gliwice.pl\\\/wiadomosci\\\/tereny-inwestycyjne-na-sprzedaz-za-lacznie-kilkanascie-mln-zl-przemysl-uslugi-i-nowa-mieszkaniowka\\\/\"},\"author\":{\"name\":\"\u017baneta Mrozek-Siewierska\",\"@id\":\"https:\\\/\\\/www.24gliwice.pl\\\/wiadomosci\\\/#\\\/schema\\\/person\\\/e42c650edd7f2fa332be3811fb166b6e\"},\"headline\":\"Tereny inwestycyjne na sprzeda\u017c za \u0142\u0105cznie kilkana\u015bcie mln z\u0142. Przemys\u0142, us\u0142ugi i nowa mieszkani\u00f3wka\",\"datePublished\":\"2025-01-13T01:33:35+00:00\",\"mainEntityOfPage\":{\"@id\":\"https:\\\/\\\/www.24gliwice.pl\\\/wiadomosci\\\/tereny-inwestycyjne-na-sprzedaz-za-lacznie-kilkanascie-mln-zl-przemysl-uslugi-i-nowa-mieszkaniowka\\\/\"},\"wordCount\":698,\"commentCount\":0,\"publisher\":{\"@id\":\"https:\\\/\\\/www.24gliwice.pl\\\/wiadomosci\\\/#organization\"},\"image\":{\"@id\":\"https:\\\/\\\/www.24gliwice.pl\\\/wiadomosci\\\/tereny-inwestycyjne-na-sprzedaz-za-lacznie-kilkanascie-mln-zl-przemysl-uslugi-i-nowa-mieszkaniowka\\\/#primaryimage\"},\"thumbnailUrl\":\"https:\\\/\\\/www.24gliwice.pl\\\/wiadomosci\\\/wp-content\\\/uploads\\\/2025\\\/01\\\/Zrzut-ekranu-2025-01-10-191211.png.jpg\",\"keywords\":[\"NIERUCHOMO\u015aCI\",\"SPRZEDA\u017b DZIA\u0141EK\"],\"articleSection\":[\"Gliwice\",\"Najnowsze wiadomo\u015bci\",\"Portal Gliwice - Wiadomo\u015bci lokalne\",\"Samorz\u0105d, polityka\"],\"inLanguage\":\"pl-PL\",\"potentialAction\":[{\"@type\":\"CommentAction\",\"name\":\"Comment\",\"target\":[\"https:\\\/\\\/www.24gliwice.pl\\\/wiadomosci\\\/tereny-inwestycyjne-na-sprzedaz-za-lacznie-kilkanascie-mln-zl-przemysl-uslugi-i-nowa-mieszkaniowka\\\/#respond\"]}]},{\"@type\":\"WebPage\",\"@id\":\"https:\\\/\\\/www.24gliwice.pl\\\/wiadomosci\\\/tereny-inwestycyjne-na-sprzedaz-za-lacznie-kilkanascie-mln-zl-przemysl-uslugi-i-nowa-mieszkaniowka\\\/\",\"url\":\"https:\\\/\\\/www.24gliwice.pl\\\/wiadomosci\\\/tereny-inwestycyjne-na-sprzedaz-za-lacznie-kilkanascie-mln-zl-przemysl-uslugi-i-nowa-mieszkaniowka\\\/\",\"name\":\"Tereny inwestycyjne na sprzeda\u017c za \u0142\u0105cznie kilkana\u015bcie mln z\u0142. Przemys\u0142, us\u0142ugi i nowa mieszkani\u00f3wka - 24GLIWICE - Portal Gliwice | codziennie nowe informacje\",\"isPartOf\":{\"@id\":\"https:\\\/\\\/www.24gliwice.pl\\\/wiadomosci\\\/#website\"},\"primaryImageOfPage\":{\"@id\":\"https:\\\/\\\/www.24gliwice.pl\\\/wiadomosci\\\/tereny-inwestycyjne-na-sprzedaz-za-lacznie-kilkanascie-mln-zl-przemysl-uslugi-i-nowa-mieszkaniowka\\\/#primaryimage\"},\"image\":{\"@id\":\"https:\\\/\\\/www.24gliwice.pl\\\/wiadomosci\\\/tereny-inwestycyjne-na-sprzedaz-za-lacznie-kilkanascie-mln-zl-przemysl-uslugi-i-nowa-mieszkaniowka\\\/#primaryimage\"},\"thumbnailUrl\":\"https:\\\/\\\/www.24gliwice.pl\\\/wiadomosci\\\/wp-content\\\/uploads\\\/2025\\\/01\\\/Zrzut-ekranu-2025-01-10-191211.png.jpg\",\"datePublished\":\"2025-01-13T01:33:35+00:00\",\"description\":\"Miasto sprzedaje tereny us\u0142ugowo-produkcyjne w \u0141ab\u0119dach i Bojkowie, a tak\u017ce pod zabudow\u0119 mieszkaniow\u0105 w dzielnicy Akademickiej\",\"breadcrumb\":{\"@id\":\"https:\\\/\\\/www.24gliwice.pl\\\/wiadomosci\\\/tereny-inwestycyjne-na-sprzedaz-za-lacznie-kilkanascie-mln-zl-przemysl-uslugi-i-nowa-mieszkaniowka\\\/#breadcrumb\"},\"inLanguage\":\"pl-PL\",\"potentialAction\":[{\"@type\":\"ReadAction\",\"target\":[\"https:\\\/\\\/www.24gliwice.pl\\\/wiadomosci\\\/tereny-inwestycyjne-na-sprzedaz-za-lacznie-kilkanascie-mln-zl-przemysl-uslugi-i-nowa-mieszkaniowka\\\/\"]}]},{\"@type\":\"ImageObject\",\"inLanguage\":\"pl-PL\",\"@id\":\"https:\\\/\\\/www.24gliwice.pl\\\/wiadomosci\\\/tereny-inwestycyjne-na-sprzedaz-za-lacznie-kilkanascie-mln-zl-przemysl-uslugi-i-nowa-mieszkaniowka\\\/#primaryimage\",\"url\":\"https:\\\/\\\/www.24gliwice.pl\\\/wiadomosci\\\/wp-content\\\/uploads\\\/2025\\\/01\\\/Zrzut-ekranu-2025-01-10-191211.png.jpg\",\"contentUrl\":\"https:\\\/\\\/www.24gliwice.pl\\\/wiadomosci\\\/wp-content\\\/uploads\\\/2025\\\/01\\\/Zrzut-ekranu-2025-01-10-191211.png.jpg\",\"width\":810,\"height\":456},{\"@type\":\"BreadcrumbList\",\"@id\":\"https:\\\/\\\/www.24gliwice.pl\\\/wiadomosci\\\/tereny-inwestycyjne-na-sprzedaz-za-lacznie-kilkanascie-mln-zl-przemysl-uslugi-i-nowa-mieszkaniowka\\\/#breadcrumb\",\"itemListElement\":[{\"@type\":\"ListItem\",\"position\":1,\"name\":\"Strona g\u0142\u00f3wna\",\"item\":\"https:\\\/\\\/www.24gliwice.pl\\\/wiadomosci\\\/\"},{\"@type\":\"ListItem\",\"position\":2,\"name\":\"Tereny inwestycyjne na sprzeda\u017c za \u0142\u0105cznie kilkana\u015bcie mln z\u0142. Przemys\u0142, us\u0142ugi i nowa mieszkani\u00f3wka\"}]},{\"@type\":\"WebSite\",\"@id\":\"https:\\\/\\\/www.24gliwice.pl\\\/wiadomosci\\\/#website\",\"url\":\"https:\\\/\\\/www.24gliwice.pl\\\/wiadomosci\\\/\",\"name\":\"24GLIWICE - Portal Gliwice | codziennie nowe wiadomo\u015bci\",\"description\":\"Portal Miejski Gliwice\",\"publisher\":{\"@id\":\"https:\\\/\\\/www.24gliwice.pl\\\/wiadomosci\\\/#organization\"},\"potentialAction\":[{\"@type\":\"SearchAction\",\"target\":{\"@type\":\"EntryPoint\",\"urlTemplate\":\"https:\\\/\\\/www.24gliwice.pl\\\/wiadomosci\\\/?s={search_term_string}\"},\"query-input\":{\"@type\":\"PropertyValueSpecification\",\"valueRequired\":true,\"valueName\":\"search_term_string\"}}],\"inLanguage\":\"pl-PL\"},{\"@type\":\"Organization\",\"@id\":\"https:\\\/\\\/www.24gliwice.pl\\\/wiadomosci\\\/#organization\",\"name\":\"24gliwice\",\"url\":\"https:\\\/\\\/www.24gliwice.pl\\\/wiadomosci\\\/\",\"logo\":{\"@type\":\"ImageObject\",\"inLanguage\":\"pl-PL\",\"@id\":\"https:\\\/\\\/www.24gliwice.pl\\\/wiadomosci\\\/#\\\/schema\\\/logo\\\/image\\\/\",\"url\":\"https:\\\/\\\/www.24gliwice.pl\\\/wiadomosci\\\/wp-content\\\/uploads\\\/2024\\\/10\\\/24gliwice-logo-696.jpg\",\"contentUrl\":\"https:\\\/\\\/www.24gliwice.pl\\\/wiadomosci\\\/wp-content\\\/uploads\\\/2024\\\/10\\\/24gliwice-logo-696.jpg\",\"width\":696,\"height\":696,\"caption\":\"24gliwice\"},\"image\":{\"@id\":\"https:\\\/\\\/www.24gliwice.pl\\\/wiadomosci\\\/#\\\/schema\\\/logo\\\/image\\\/\"},\"sameAs\":[\"https:\\\/\\\/www.facebook.com\\\/24gliwice\",\"https:\\\/\\\/x.com\\\/24gliwice\",\"https:\\\/\\\/www.youtube.com\\\/@24gliwice\"]},{\"@type\":\"Person\",\"@id\":\"https:\\\/\\\/www.24gliwice.pl\\\/wiadomosci\\\/#\\\/schema\\\/person\\\/e42c650edd7f2fa332be3811fb166b6e\",\"name\":\"\u017baneta Mrozek-Siewierska\",\"image\":{\"@type\":\"ImageObject\",\"inLanguage\":\"pl-PL\",\"@id\":\"https:\\\/\\\/www.24gliwice.pl\\\/wiadomosci\\\/wp-content\\\/uploads\\\/2021\\\/11\\\/Zaneta-M_S-zdjecie-czb-96x96.jpg\",\"url\":\"https:\\\/\\\/www.24gliwice.pl\\\/wiadomosci\\\/wp-content\\\/uploads\\\/2021\\\/11\\\/Zaneta-M_S-zdjecie-czb-96x96.jpg\",\"contentUrl\":\"https:\\\/\\\/www.24gliwice.pl\\\/wiadomosci\\\/wp-content\\\/uploads\\\/2021\\\/11\\\/Zaneta-M_S-zdjecie-czb-96x96.jpg\",\"caption\":\"\u017baneta Mrozek-Siewierska\"},\"url\":\"https:\\\/\\\/www.24gliwice.pl\\\/wiadomosci\\\/author\\\/zms\\\/\"}]}<\/script>\n<!-- \/ Yoast SEO plugin. -->","yoast_head_json":{"title":"Tereny inwestycyjne na sprzeda\u017c za \u0142\u0105cznie kilkana\u015bcie mln z\u0142. Przemys\u0142, us\u0142ugi i nowa mieszkani\u00f3wka - 24GLIWICE - Portal Gliwice | codziennie nowe informacje","description":"Miasto sprzedaje tereny us\u0142ugowo-produkcyjne w \u0141ab\u0119dach i Bojkowie, a tak\u017ce pod zabudow\u0119 mieszkaniow\u0105 w dzielnicy Akademickiej","robots":{"index":"index","follow":"follow","max-snippet":"max-snippet:-1","max-image-preview":"max-image-preview:large","max-video-preview":"max-video-preview:-1"},"canonical":"https:\/\/www.24gliwice.pl\/wiadomosci\/tereny-inwestycyjne-na-sprzedaz-za-lacznie-kilkanascie-mln-zl-przemysl-uslugi-i-nowa-mieszkaniowka\/","og_locale":"pl_PL","og_type":"article","og_title":"Tereny inwestycyjne na sprzeda\u017c za \u0142\u0105cznie kilkana\u015bcie mln z\u0142. Przemys\u0142, us\u0142ugi i nowa mieszkani\u00f3wka - 24GLIWICE - Portal Gliwice | codziennie nowe informacje","og_description":"Miasto sprzedaje tereny us\u0142ugowo-produkcyjne w \u0141ab\u0119dach i Bojkowie, a tak\u017ce pod zabudow\u0119 mieszkaniow\u0105 w dzielnicy Akademickiej","og_url":"https:\/\/www.24gliwice.pl\/wiadomosci\/tereny-inwestycyjne-na-sprzedaz-za-lacznie-kilkanascie-mln-zl-przemysl-uslugi-i-nowa-mieszkaniowka\/","og_site_name":"24GLIWICE - Portal Gliwice | codziennie nowe informacje","article_publisher":"https:\/\/www.facebook.com\/24gliwice","article_published_time":"2025-01-13T01:33:35+00:00","og_image":[{"width":810,"height":456,"url":"https:\/\/www.24gliwice.pl\/wiadomosci\/wp-content\/uploads\/2025\/01\/Zrzut-ekranu-2025-01-10-191211.png.jpg","type":"image\/jpeg"}],"author":"\u017baneta Mrozek-Siewierska","twitter_card":"summary_large_image","twitter_creator":"@24gliwice","twitter_site":"@24gliwice","twitter_misc":{"Napisane przez":"\u017baneta Mrozek-Siewierska","Szacowany czas czytania":"5 minut"},"schema":{"@context":"https:\/\/schema.org","@graph":[{"@type":"Article","@id":"https:\/\/www.24gliwice.pl\/wiadomosci\/tereny-inwestycyjne-na-sprzedaz-za-lacznie-kilkanascie-mln-zl-przemysl-uslugi-i-nowa-mieszkaniowka\/#article","isPartOf":{"@id":"https:\/\/www.24gliwice.pl\/wiadomosci\/tereny-inwestycyjne-na-sprzedaz-za-lacznie-kilkanascie-mln-zl-przemysl-uslugi-i-nowa-mieszkaniowka\/"},"author":{"name":"\u017baneta Mrozek-Siewierska","@id":"https:\/\/www.24gliwice.pl\/wiadomosci\/#\/schema\/person\/e42c650edd7f2fa332be3811fb166b6e"},"headline":"Tereny inwestycyjne na sprzeda\u017c za \u0142\u0105cznie kilkana\u015bcie mln z\u0142. Przemys\u0142, us\u0142ugi i nowa mieszkani\u00f3wka","datePublished":"2025-01-13T01:33:35+00:00","mainEntityOfPage":{"@id":"https:\/\/www.24gliwice.pl\/wiadomosci\/tereny-inwestycyjne-na-sprzedaz-za-lacznie-kilkanascie-mln-zl-przemysl-uslugi-i-nowa-mieszkaniowka\/"},"wordCount":698,"commentCount":0,"publisher":{"@id":"https:\/\/www.24gliwice.pl\/wiadomosci\/#organization"},"image":{"@id":"https:\/\/www.24gliwice.pl\/wiadomosci\/tereny-inwestycyjne-na-sprzedaz-za-lacznie-kilkanascie-mln-zl-przemysl-uslugi-i-nowa-mieszkaniowka\/#primaryimage"},"thumbnailUrl":"https:\/\/www.24gliwice.pl\/wiadomosci\/wp-content\/uploads\/2025\/01\/Zrzut-ekranu-2025-01-10-191211.png.jpg","keywords":["NIERUCHOMO\u015aCI","SPRZEDA\u017b DZIA\u0141EK"],"articleSection":["Gliwice","Najnowsze wiadomo\u015bci","Portal Gliwice - Wiadomo\u015bci lokalne","Samorz\u0105d, polityka"],"inLanguage":"pl-PL","potentialAction":[{"@type":"CommentAction","name":"Comment","target":["https:\/\/www.24gliwice.pl\/wiadomosci\/tereny-inwestycyjne-na-sprzedaz-za-lacznie-kilkanascie-mln-zl-przemysl-uslugi-i-nowa-mieszkaniowka\/#respond"]}]},{"@type":"WebPage","@id":"https:\/\/www.24gliwice.pl\/wiadomosci\/tereny-inwestycyjne-na-sprzedaz-za-lacznie-kilkanascie-mln-zl-przemysl-uslugi-i-nowa-mieszkaniowka\/","url":"https:\/\/www.24gliwice.pl\/wiadomosci\/tereny-inwestycyjne-na-sprzedaz-za-lacznie-kilkanascie-mln-zl-przemysl-uslugi-i-nowa-mieszkaniowka\/","name":"Tereny inwestycyjne na sprzeda\u017c za \u0142\u0105cznie kilkana\u015bcie mln z\u0142. Przemys\u0142, us\u0142ugi i nowa mieszkani\u00f3wka - 24GLIWICE - Portal Gliwice | codziennie nowe informacje","isPartOf":{"@id":"https:\/\/www.24gliwice.pl\/wiadomosci\/#website"},"primaryImageOfPage":{"@id":"https:\/\/www.24gliwice.pl\/wiadomosci\/tereny-inwestycyjne-na-sprzedaz-za-lacznie-kilkanascie-mln-zl-przemysl-uslugi-i-nowa-mieszkaniowka\/#primaryimage"},"image":{"@id":"https:\/\/www.24gliwice.pl\/wiadomosci\/tereny-inwestycyjne-na-sprzedaz-za-lacznie-kilkanascie-mln-zl-przemysl-uslugi-i-nowa-mieszkaniowka\/#primaryimage"},"thumbnailUrl":"https:\/\/www.24gliwice.pl\/wiadomosci\/wp-content\/uploads\/2025\/01\/Zrzut-ekranu-2025-01-10-191211.png.jpg","datePublished":"2025-01-13T01:33:35+00:00","description":"Miasto sprzedaje tereny us\u0142ugowo-produkcyjne w \u0141ab\u0119dach i Bojkowie, a tak\u017ce pod zabudow\u0119 mieszkaniow\u0105 w dzielnicy Akademickiej","breadcrumb":{"@id":"https:\/\/www.24gliwice.pl\/wiadomosci\/tereny-inwestycyjne-na-sprzedaz-za-lacznie-kilkanascie-mln-zl-przemysl-uslugi-i-nowa-mieszkaniowka\/#breadcrumb"},"inLanguage":"pl-PL","potentialAction":[{"@type":"ReadAction","target":["https:\/\/www.24gliwice.pl\/wiadomosci\/tereny-inwestycyjne-na-sprzedaz-za-lacznie-kilkanascie-mln-zl-przemysl-uslugi-i-nowa-mieszkaniowka\/"]}]},{"@type":"ImageObject","inLanguage":"pl-PL","@id":"https:\/\/www.24gliwice.pl\/wiadomosci\/tereny-inwestycyjne-na-sprzedaz-za-lacznie-kilkanascie-mln-zl-przemysl-uslugi-i-nowa-mieszkaniowka\/#primaryimage","url":"https:\/\/www.24gliwice.pl\/wiadomosci\/wp-content\/uploads\/2025\/01\/Zrzut-ekranu-2025-01-10-191211.png.jpg","contentUrl":"https:\/\/www.24gliwice.pl\/wiadomosci\/wp-content\/uploads\/2025\/01\/Zrzut-ekranu-2025-01-10-191211.png.jpg","width":810,"height":456},{"@type":"BreadcrumbList","@id":"https:\/\/www.24gliwice.pl\/wiadomosci\/tereny-inwestycyjne-na-sprzedaz-za-lacznie-kilkanascie-mln-zl-przemysl-uslugi-i-nowa-mieszkaniowka\/#breadcrumb","itemListElement":[{"@type":"ListItem","position":1,"name":"Strona g\u0142\u00f3wna","item":"https:\/\/www.24gliwice.pl\/wiadomosci\/"},{"@type":"ListItem","position":2,"name":"Tereny inwestycyjne na sprzeda\u017c za \u0142\u0105cznie kilkana\u015bcie mln z\u0142. Przemys\u0142, us\u0142ugi i nowa mieszkani\u00f3wka"}]},{"@type":"WebSite","@id":"https:\/\/www.24gliwice.pl\/wiadomosci\/#website","url":"https:\/\/www.24gliwice.pl\/wiadomosci\/","name":"24GLIWICE - Portal Gliwice | codziennie nowe wiadomo\u015bci","description":"Portal Miejski Gliwice","publisher":{"@id":"https:\/\/www.24gliwice.pl\/wiadomosci\/#organization"},"potentialAction":[{"@type":"SearchAction","target":{"@type":"EntryPoint","urlTemplate":"https:\/\/www.24gliwice.pl\/wiadomosci\/?s={search_term_string}"},"query-input":{"@type":"PropertyValueSpecification","valueRequired":true,"valueName":"search_term_string"}}],"inLanguage":"pl-PL"},{"@type":"Organization","@id":"https:\/\/www.24gliwice.pl\/wiadomosci\/#organization","name":"24gliwice","url":"https:\/\/www.24gliwice.pl\/wiadomosci\/","logo":{"@type":"ImageObject","inLanguage":"pl-PL","@id":"https:\/\/www.24gliwice.pl\/wiadomosci\/#\/schema\/logo\/image\/","url":"https:\/\/www.24gliwice.pl\/wiadomosci\/wp-content\/uploads\/2024\/10\/24gliwice-logo-696.jpg","contentUrl":"https:\/\/www.24gliwice.pl\/wiadomosci\/wp-content\/uploads\/2024\/10\/24gliwice-logo-696.jpg","width":696,"height":696,"caption":"24gliwice"},"image":{"@id":"https:\/\/www.24gliwice.pl\/wiadomosci\/#\/schema\/logo\/image\/"},"sameAs":["https:\/\/www.facebook.com\/24gliwice","https:\/\/x.com\/24gliwice","https:\/\/www.youtube.com\/@24gliwice"]},{"@type":"Person","@id":"https:\/\/www.24gliwice.pl\/wiadomosci\/#\/schema\/person\/e42c650edd7f2fa332be3811fb166b6e","name":"\u017baneta Mrozek-Siewierska","image":{"@type":"ImageObject","inLanguage":"pl-PL","@id":"https:\/\/www.24gliwice.pl\/wiadomosci\/wp-content\/uploads\/2021\/11\/Zaneta-M_S-zdjecie-czb-96x96.jpg","url":"https:\/\/www.24gliwice.pl\/wiadomosci\/wp-content\/uploads\/2021\/11\/Zaneta-M_S-zdjecie-czb-96x96.jpg","contentUrl":"https:\/\/www.24gliwice.pl\/wiadomosci\/wp-content\/uploads\/2021\/11\/Zaneta-M_S-zdjecie-czb-96x96.jpg","caption":"\u017baneta Mrozek-Siewierska"},"url":"https:\/\/www.24gliwice.pl\/wiadomosci\/author\/zms\/"}]}},"_links":{"self":[{"href":"https:\/\/www.24gliwice.pl\/wiadomosci\/wp-json\/wp\/v2\/posts\/247909","targetHints":{"allow":["GET"]}}],"collection":[{"href":"https:\/\/www.24gliwice.pl\/wiadomosci\/wp-json\/wp\/v2\/posts"}],"about":[{"href":"https:\/\/www.24gliwice.pl\/wiadomosci\/wp-json\/wp\/v2\/types\/post"}],"author":[{"embeddable":true,"href":"https:\/\/www.24gliwice.pl\/wiadomosci\/wp-json\/wp\/v2\/users\/15"}],"replies":[{"embeddable":true,"href":"https:\/\/www.24gliwice.pl\/wiadomosci\/wp-json\/wp\/v2\/comments?post=247909"}],"version-history":[{"count":9,"href":"https:\/\/www.24gliwice.pl\/wiadomosci\/wp-json\/wp\/v2\/posts\/247909\/revisions"}],"predecessor-version":[{"id":247936,"href":"https:\/\/www.24gliwice.pl\/wiadomosci\/wp-json\/wp\/v2\/posts\/247909\/revisions\/247936"}],"wp:featuredmedia":[{"embeddable":true,"href":"https:\/\/www.24gliwice.pl\/wiadomosci\/wp-json\/wp\/v2\/media\/247918"}],"wp:attachment":[{"href":"https:\/\/www.24gliwice.pl\/wiadomosci\/wp-json\/wp\/v2\/media?parent=247909"}],"wp:term":[{"taxonomy":"category","embeddable":true,"href":"https:\/\/www.24gliwice.pl\/wiadomosci\/wp-json\/wp\/v2\/categories?post=247909"},{"taxonomy":"post_tag","embeddable":true,"href":"https:\/\/www.24gliwice.pl\/wiadomosci\/wp-json\/wp\/v2\/tags?post=247909"}],"curies":[{"name":"wp","href":"https:\/\/api.w.org\/{rel}","templated":true}]}}