{"id":248258,"date":"2025-01-17T16:13:05","date_gmt":"2025-01-17T15:13:05","guid":{"rendered":"https:\/\/www.24gliwice.pl\/wiadomosci\/?p=248258"},"modified":"2025-01-17T16:13:05","modified_gmt":"2025-01-17T15:13:05","slug":"zwloki-grzebalismy-w-jamach-wykopanych-w-sniegu-upamietniono-ofiary-tragedii-gornoslaskiej","status":"publish","type":"post","link":"https:\/\/www.24gliwice.pl\/wiadomosci\/zwloki-grzebalismy-w-jamach-wykopanych-w-sniegu-upamietniono-ofiary-tragedii-gornoslaskiej\/","title":{"rendered":"&#8220;Zw\u0142oki grzebali\u015bmy w jamach wykopanych w \u015bniegu&#8221;. Upami\u0119tniono ofiary Tragedii G\u00f3rno\u015bl\u0105skiej"},"content":{"rendered":"<div class=\"gliwi-a6-nad-leadem-artykulow gliwi-entity-placement\" id=\"gliwi-1164079368\"><div class=\"gliwi-adlabel\"><span style=\"font-size: 9px\">REKLAMA<\/span><\/div><div id=\"gliwi-1133989321\" style=\"margin-bottom: 30px;margin-left: auto;margin-right: auto;text-align: center;\"><a data-no-instant=\"1\" href=\"https:\/\/przedszkole.halogen.org.pl\/\" rel=\"noopener\" class=\"a2t-link\" target=\"_blank\" aria-label=\"20260402-ANIMATOR-przedszkole_grafika_750x200\"><img loading=\"lazy\" decoding=\"async\" src=\"https:\/\/www.24gliwice.pl\/wiadomosci\/wp-content\/uploads\/2026\/04\/20260402-ANIMATOR-przedszkole_grafika_750x200.webp\" alt=\"\"  srcset=\"https:\/\/www.24gliwice.pl\/wiadomosci\/wp-content\/uploads\/2026\/04\/20260402-ANIMATOR-przedszkole_grafika_750x200.webp 750w, https:\/\/www.24gliwice.pl\/wiadomosci\/wp-content\/uploads\/2026\/04\/20260402-ANIMATOR-przedszkole_grafika_750x200-410x109.webp 410w\" sizes=\"(max-width: 750px) 100vw, 750px\" class=\"no-lazyload\" width=\"750\" height=\"200\"  style=\"display: inline-block; max-width: 100%; height: auto;\" \/><\/a><\/div><\/div><h2>&#8211; <em>\u015amiertelno\u015b\u0107 w\u015br\u00f3d wi\u0119\u017ani\u00f3w internowanych by\u0142a bardzo du\u017ca. Chorowali oni g\u0142\u00f3wnie na tyfus, serce, gru\u017alic\u0119. Zw\u0142oki zmar\u0142ych grzebali\u015bmy w tzw. jamach wykopanych w \u015bniegu, dlatego kiedy \u015bnieg topnia\u0142 cz\u0119\u015b\u0107 cia\u0142 rozszarpywa\u0142y psy i inne dzikie zwierz\u0119ta<\/em> &#8211; to wspomnienia uczestnika wydarze\u0144, kt\u00f3re obecnie okre\u015bla si\u0119 mianem Tragedii G\u00f3rno\u015bl\u0105skiej.<\/h2>\n<p><!--more--><\/p>\n<p>Ods\u0142oni\u0119cie tablicy upami\u0119tniaj\u0105cej ofiary, kt\u00f3r\u0105 zamontowano na budynku Stacji Kultury, i odczytanie nazwisk mieszka\u0144c\u00f3w miejscowo\u015bci wywiezionych na Wsch\u00f3d &#8211; uroczyste obchody 80. rocznicy Tragedii G\u00f3rno\u015bl\u0105skiej odby\u0142y si\u0119 w Pyskowicach w pi\u0105tek, 17 stycznia. W wydarzeniu wzi\u0119li udzia\u0142 parlamentarzy\u015bci, przedstawiciele pyskowickiego samorz\u0105du, reprezentanci sejmiku wojew\u00f3dztwa, a tak\u017ce powiatu. &#8211; To miejsce b\u0119dzie nam przypomina\u0107 o tych wydarzeniach, kiedy setki pyskowiczan wyjecha\u0142y i wielu z nich nie wr\u00f3ci\u0142o &#8211; m\u00f3wi\u0142 burmistrz tej miejscowo\u015bci, <strong>Adam W\u00f3jcik.<\/strong><\/p>\n<blockquote><p>Tragedia G\u00f3rno\u015bl\u0105ska rozpocz\u0119\u0142a si\u0119 w Pyskowicach. St\u0105d wyjecha\u0142y pierwsze transporty. Bardzo d\u0142ugo zastanawiali\u015bmy si\u0119, jak podkre\u015bli\u0107 to, \u017ce te wydarzenia rozpoczyna\u0142y si\u0119 w Pyskowicach<\/p><\/blockquote>\n<p>&#8211; kontynuowa\u0142 burmistrz.<\/p><div class=\"gliwi-a3-w-tresci-artykulow gliwi-entity-placement\" id=\"gliwi-1870637035\"><div class=\"gliwi-adlabel\"><span style=\"font-size: 9px\">REKLAMA<\/span><\/div><div id=\"gliwi-3550871927\" style=\"margin-bottom: 30px;margin-left: auto;margin-right: auto;text-align: center;\"><a data-no-instant=\"1\" href=\"https:\/\/zlobek.halogen.org.pl\/\" rel=\"noopener\" class=\"a2t-link\" target=\"_blank\" aria-label=\"animator-zlobek_750x200\"><img loading=\"lazy\" decoding=\"async\" src=\"https:\/\/www.24gliwice.pl\/wiadomosci\/wp-content\/uploads\/2026\/02\/animator-zlobek_750x200.webp\" alt=\"\"  srcset=\"https:\/\/www.24gliwice.pl\/wiadomosci\/wp-content\/uploads\/2026\/02\/animator-zlobek_750x200.webp 750w, https:\/\/www.24gliwice.pl\/wiadomosci\/wp-content\/uploads\/2026\/02\/animator-zlobek_750x200-410x109.webp 410w\" sizes=\"(max-width: 750px) 100vw, 750px\" class=\"no-lazyload\" width=\"750\" height=\"200\"  style=\"display: inline-block; max-width: 100%; height: auto;\" \/><\/a><\/div><\/div>\n<p>&#8211; To dzisiaj jest ten dzie\u0144, w kt\u00f3rym &#8211; z okazji tej 80., smutnej rocznicy mo\u017cemy si\u0119 tutaj spotka\u0107 i chcieliby\u015bmy podkre\u015bli\u0107 wag\u0119 tych wydarze\u0144. Ja mam tylko taki jeden przekaz, \u017ce z\u0142o rodzi si\u0119 w ciszy i chcia\u0142bym, \u017ceby\u015bmy dzisiaj wszyscy pami\u0119tali o tym, \u017ce to co si\u0119 dzieje za nasz\u0105 wschodni\u0105 granic\u0105 nie mo\u017ce pozosta\u0107 bez komentarza i powinni\u015bmy by\u0107 ca\u0142y czas czujni i uwa\u017cni, poniewa\u017c bardzo w\u0105ska i cienka granica jest mi\u0119dzy tym, co dzi\u015b jest dobre, a co za chwil\u0119 mo\u017ce sta\u0107 si\u0119 nie do ogarni\u0119cia i nie do powstrzymania &#8211; podkre\u015bla\u0142 W\u00f3jcik.<\/p>\n<p><a href=\"https:\/\/www.24gliwice.pl\/wiadomosci\/wp-content\/uploads\/2025\/01\/pyskowice-tragedia4.jpg\"><img loading=\"lazy\" decoding=\"async\" class=\"alignnone size-full wp-image-248276\" src=\"https:\/\/www.24gliwice.pl\/wiadomosci\/wp-content\/uploads\/2025\/01\/pyskowice-tragedia4.jpg\" alt=\"\" width=\"1200\" height=\"677\" srcset=\"https:\/\/www.24gliwice.pl\/wiadomosci\/wp-content\/uploads\/2025\/01\/pyskowice-tragedia4.jpg 1200w, https:\/\/www.24gliwice.pl\/wiadomosci\/wp-content\/uploads\/2025\/01\/pyskowice-tragedia4-410x232.jpg 410w, https:\/\/www.24gliwice.pl\/wiadomosci\/wp-content\/uploads\/2025\/01\/pyskowice-tragedia4-806x455.jpg 806w, https:\/\/www.24gliwice.pl\/wiadomosci\/wp-content\/uploads\/2025\/01\/pyskowice-tragedia4-768x433.jpg 768w, https:\/\/www.24gliwice.pl\/wiadomosci\/wp-content\/uploads\/2025\/01\/pyskowice-tragedia4-810x457.jpg 810w, https:\/\/www.24gliwice.pl\/wiadomosci\/wp-content\/uploads\/2025\/01\/pyskowice-tragedia4-1140x643.jpg 1140w\" sizes=\"auto, (max-width: 1200px) 100vw, 1200px\" \/><\/a><\/p>\n<p>Wymiar historyczny wydarze\u0144 sprzed 80 lat przybli\u017cy\u0142 zgromadzonym <strong>B\u0142a\u017cej Kupski,<\/strong> radny Pyskowic, b\u0119d\u0105cy r\u00f3wnocze\u015bnie nauczycielem historii. Odczyta\u0142 on wspomnienia os\u00f3b, kt\u00f3re by\u0142y ich bezpo\u015brednimi uczestnikami.<\/p>\n<p><a href=\"https:\/\/www.24gliwice.pl\/wiadomosci\/wp-content\/uploads\/2025\/01\/pyskowice-tragedia.jpg\"><img loading=\"lazy\" decoding=\"async\" class=\"alignnone size-full wp-image-248274\" src=\"https:\/\/www.24gliwice.pl\/wiadomosci\/wp-content\/uploads\/2025\/01\/pyskowice-tragedia.jpg\" alt=\"\" width=\"1200\" height=\"675\" srcset=\"https:\/\/www.24gliwice.pl\/wiadomosci\/wp-content\/uploads\/2025\/01\/pyskowice-tragedia.jpg 1200w, https:\/\/www.24gliwice.pl\/wiadomosci\/wp-content\/uploads\/2025\/01\/pyskowice-tragedia-410x232.jpg 410w, https:\/\/www.24gliwice.pl\/wiadomosci\/wp-content\/uploads\/2025\/01\/pyskowice-tragedia-810x456.jpg 810w, https:\/\/www.24gliwice.pl\/wiadomosci\/wp-content\/uploads\/2025\/01\/pyskowice-tragedia-768x432.jpg 768w, https:\/\/www.24gliwice.pl\/wiadomosci\/wp-content\/uploads\/2025\/01\/pyskowice-tragedia-1140x641.jpg 1140w\" sizes=\"auto, (max-width: 1200px) 100vw, 1200px\" \/><\/a><\/p>\n<p>***<\/p>\n<p style=\"padding-left: 40px;\">&#8220;<em>23 marca za\u0142adowano nas do bydl\u0119cych wagon\u00f3w, po 80 os\u00f3b. Drzwi zaryglowano. Wagon posiada\u0142 tylko dwa ma\u0142e zakratowane okienka. Nie posiada\u0142y szyb. Panowa\u0142 w\u00f3wczas siarczysty mr\u00f3z. Ja by\u0142em tylko w sweterku i dotkliwie odczuwa\u0142em zimno. Na miejsce przeznaczenia jechali\u015bmy prawie 6 tygodni. Po drodze zmar\u0142o 5-6 os\u00f3b.<\/em>&#8221; (<strong>Gerard Morga\u0142a<\/strong>, Katowice)<\/p>\n<p style=\"padding-left: 40px;\">&#8220;<em>Zakwaterowanie w barakach odby\u0142o si\u0119 wed\u0142ug spis\u00f3w z poci\u0105gu. Ka\u017cdy barak posiada\u0142 4 du\u017ce pomieszczenia wyposa\u017cone w prycze i piec \u017celazny w \u015brodku. Wydali nam puszki blaszane po ameryka\u0144skich konserwach mi\u0119snych jako naczynia na jedzenie i picie. G\u00f3rnicy okre\u015blali pierwsze wra\u017cenia o rosyjskiej kopalni jako straszne &#8211; panowa\u0142y tam z\u0142e warunki g\u00f3rniczo-geologiczne, ale jeszcze gorszy by\u0142 stan bezpiecze\u0144stwa pracy i urz\u0105dze\u0144 technicznych. Z naszej grupy dwudziestu (os\u00f3b, red.), powr\u00f3ci\u0142o do domu o\u015bmioro.<\/em>&#8221; (<strong>Vinzent Zaremba<\/strong>, Przyszowice)<\/p>\n<p style=\"padding-left: 40px;\">&#8220;<em>\u015amiertelno\u015b\u0107 w\u015br\u00f3d wi\u0119\u017ani\u00f3w internowanych by\u0142a bardzo du\u017ca. Chorowali oni g\u0142\u00f3wnie na tyfus, serce, gru\u017alic\u0119. Zw\u0142oki zmar\u0142ych grzebali\u015bmy w tzw. jamach wykopanych w \u015bniegu, dlatego kiedy \u015bnieg topnia\u0142 cz\u0119\u015b\u0107 cia\u0142 rozszarpywa\u0142y psy i inne dzikie zwierz\u0119ta. Jedzenie by\u0142o bardzo skromne &#8211; kawa\u0142ek chleba, kasza polana oliw\u0105 i dwa ma\u0142e \u015bledzie.<\/em>&#8221; (<strong>Alfred Gerstberger<\/strong>, Bytom)<\/p>\n<p>***<\/p>\n<p><a href=\"https:\/\/www.24gliwice.pl\/wiadomosci\/wp-content\/uploads\/2025\/01\/pyskowice-tragedia-reszta-instalacji.jpg\"><img loading=\"lazy\" decoding=\"async\" class=\"alignnone size-full wp-image-248270\" src=\"https:\/\/www.24gliwice.pl\/wiadomosci\/wp-content\/uploads\/2025\/01\/pyskowice-tragedia-reszta-instalacji.jpg\" alt=\"\" width=\"1200\" height=\"675\" srcset=\"https:\/\/www.24gliwice.pl\/wiadomosci\/wp-content\/uploads\/2025\/01\/pyskowice-tragedia-reszta-instalacji.jpg 1200w, https:\/\/www.24gliwice.pl\/wiadomosci\/wp-content\/uploads\/2025\/01\/pyskowice-tragedia-reszta-instalacji-410x232.jpg 410w, https:\/\/www.24gliwice.pl\/wiadomosci\/wp-content\/uploads\/2025\/01\/pyskowice-tragedia-reszta-instalacji-810x456.jpg 810w, https:\/\/www.24gliwice.pl\/wiadomosci\/wp-content\/uploads\/2025\/01\/pyskowice-tragedia-reszta-instalacji-768x432.jpg 768w, https:\/\/www.24gliwice.pl\/wiadomosci\/wp-content\/uploads\/2025\/01\/pyskowice-tragedia-reszta-instalacji-1140x641.jpg 1140w\" sizes=\"auto, (max-width: 1200px) 100vw, 1200px\" \/><\/a><\/p>\n<p>&#8211; Kiedy\u015b w naszym mie\u015bcie poci\u0105gi kursowa\u0142y non stop. Tutaj mieli\u015bmy szerokie tory &#8211; tory, kt\u00f3re u\u017cywane by\u0142y r\u00f3wnie\u017c w Rosji radzieckiej i dlatego Pyskowice by\u0142y dogodnym miejscem, aby tutaj internowanych wsadzi\u0107 do bydl\u0119cych wagon\u00f3w i wys\u0142a\u0107 na Wsch\u00f3d. Ale \u017ceby zrozumie\u0107, dlaczego dosz\u0142o do wyw\u00f3zek, dlaczego dosz\u0142o do Tragedii G\u00f3rno\u015bl\u0105skiej, musimy si\u0119 cofn\u0105\u0107 do 1939 roku &#8211; wtedy rozpoczyna si\u0119 II wojna \u015bwiatowa. Hitlerowskie Niemcy napadaj\u0105 na Polsk\u0119, nast\u0119pnie zajmuj\u0105 prawie po\u0142ow\u0119 Europy, ale ofensywa si\u0119 za\u0142amuje. Armia Czerwona idzie na Zach\u00f3d &#8211; oczywi\u015bcie m\u00f3wi\u0119 to w cudzys\u0142owie &#8211; &#8220;wyzwala&#8221; po drodze tereny nios\u0105c \u015bmier\u0107, nios\u0105c spustoszenie &#8211; opisywa\u0142 B\u0142a\u017cej Kupski.<\/p>\n<blockquote><p>Kiedy wkracza na G\u00f3rny \u015al\u0105sk, szczeg\u00f3lnie na t\u0105 cz\u0119\u015b\u0107, kt\u00f3ra przed wojn\u0105 nale\u017ca\u0142a do Niemiec, mieszka\u0144cy prze\u017cywaj\u0105 piek\u0142o. Grabie\u017ce, morderstwa, gwa\u0142ty &#8211; to jest codzienno\u015b\u0107.<\/p><\/blockquote>\n<p>&#8211; Po konferencji w Ja\u0142cie zapada decyzja, aby m\u0119\u017cczyzn wieku 17, 16 lat, do 50, czasem 55, zatrzymywa\u0107, wzywa\u0107 na posterunki, zatrzymywa\u0107 w obozach przej\u015bciowych i m\u00f3wi\u0107 im, \u017ce tylko na roboty pojad\u0105 &#8211; mo\u017ce tydzie\u0144, mo\u017ce dwa &#8211; i wr\u00f3c\u0105. B\u0119d\u0105 odgruzowywa\u0107 zniszczenia wojenne. Ale tak nie by\u0142o &#8211; od marca 1945 roku ludzie czuj\u0105cy si\u0119 za Niemc\u00f3w, G\u00f3rno\u015bl\u0105zacy wywo\u017ceni s\u0105 na Wsch\u00f3d. Traktowani s\u0105 jako \u017cywe odszkodowanie, \u017cywa reparacja. Stalin uzyska\u0142 na to milcz\u0105c\u0105 zgod\u0119 pa\u0144stw alianckich. Podr\u00f3\u017cuj\u0105 niekiedy tydzie\u0144, niekiedy dwa, wielu z nich umiera po drodze. Ci, co docieraj\u0105, trafiaj\u0105 na fatalne warunki: -20 stopni, ci\u0119\u017cka praca, s\u0142abe jedzenie, szalej\u0105ce choroby. Wraca oko\u0142o 70 %, 30 % zostaje ju\u017c na tej okrutniej ziemi. I to w\u0142a\u015bnie Peiskretscham (dawna nazwa Pyskowic, red.) by\u0142o \u015bwiadkiem tych zbrodni, a w\u015br\u00f3d nas s\u0105 rodziny, kt\u00f3re to dotkn\u0119\u0142o &#8211; m\u00f3wi\u0142 Kupski.<\/p>\n<p><a href=\"https:\/\/www.24gliwice.pl\/wiadomosci\/wp-content\/uploads\/2025\/01\/pyskowice-tragedia-tablica-001.jpg\"><img loading=\"lazy\" decoding=\"async\" class=\"alignnone  wp-image-248272\" src=\"https:\/\/www.24gliwice.pl\/wiadomosci\/wp-content\/uploads\/2025\/01\/pyskowice-tragedia-tablica-001.jpg\" alt=\"\" width=\"1174\" height=\"2100\" srcset=\"https:\/\/www.24gliwice.pl\/wiadomosci\/wp-content\/uploads\/2025\/01\/pyskowice-tragedia-tablica-001.jpg 671w, https:\/\/www.24gliwice.pl\/wiadomosci\/wp-content\/uploads\/2025\/01\/pyskowice-tragedia-tablica-001-130x232.jpg 130w, https:\/\/www.24gliwice.pl\/wiadomosci\/wp-content\/uploads\/2025\/01\/pyskowice-tragedia-tablica-001-254x455.jpg 254w\" sizes=\"auto, (max-width: 1174px) 100vw, 1174px\" \/><\/a><\/p>\n<p>Na ods\u0142oni\u0119tej w pi\u0105tek, 17 stycznia, tablicy upami\u0119tniaj\u0105cej, mowa jest o ponad 300 ofiarach z Pyskowic. Wed\u0142ug obecnych szacunk\u00f3w, na Wsch\u00f3d wywieziono 410 mieszka\u0144c\u00f3w, co stanowi\u0142o 10% \u00f3wczesnej ludno\u015bci tego miasta. Wywiezieni kierowani byli do pracy na terenie dzisiejszej Ukrainy, Bia\u0142orusi, Kazachstanu, Gruzji, Azerbejd\u017canu, w rejony Uralu i Syberii.<\/p>\n<p>(\u017cms)<br \/>\nfot. 24gliwice.pl\/\u0141G<\/p>\n<div class=\"gliwi-a5-na-koncu-artykulow gliwi-entity-placement\" id=\"gliwi-3844933984\"><div class=\"gliwi-adlabel\"><span style=\"font-size: 9px\">REKLAMA<\/span><\/div><div id=\"gliwi-1543695630\" style=\"margin-left: auto;margin-right: auto;text-align: center;\"><a data-no-instant=\"1\" href=\"https:\/\/prezeroarenagliwice.pl\/\" rel=\"noopener\" class=\"a2t-link\" target=\"_blank\" aria-label=\"20260309-PREZERO-WIOSNA-D\"><img loading=\"lazy\" decoding=\"async\" src=\"https:\/\/www.24gliwice.pl\/wiadomosci\/wp-content\/uploads\/2026\/03\/20260309-PREZERO-WIOSNA-D.webp\" alt=\"\"  srcset=\"https:\/\/www.24gliwice.pl\/wiadomosci\/wp-content\/uploads\/2026\/03\/20260309-PREZERO-WIOSNA-D.webp 750w, https:\/\/www.24gliwice.pl\/wiadomosci\/wp-content\/uploads\/2026\/03\/20260309-PREZERO-WIOSNA-D-410x109.webp 410w\" sizes=\"(max-width: 750px) 100vw, 750px\" class=\"no-lazyload\" width=\"750\" height=\"200\"  style=\"display: inline-block; max-width: 100%; height: auto;\" \/><\/a><\/div><\/div>","protected":false},"excerpt":{"rendered":"<p>&#8211; \u015amiertelno\u015b\u0107 w\u015br\u00f3d wi\u0119\u017ani\u00f3w internowanych by\u0142a bardzo du\u017ca. Chorowali oni g\u0142\u00f3wnie na tyfus, serce, gru\u017alic\u0119. Zw\u0142oki zmar\u0142ych grzebali\u015bmy w tzw. jamach wykopanych w \u015bniegu, dlatego kiedy \u015bnieg topnia\u0142 cz\u0119\u015b\u0107 cia\u0142 rozszarpywa\u0142y psy i inne dzikie zwierz\u0119ta &#8211; to wspomnienia uczestnika wydarze\u0144, kt\u00f3re obecnie okre\u015bla si\u0119 mianem Tragedii G\u00f3rno\u015bl\u0105skiej.<\/p>\n","protected":false},"author":15,"featured_media":248279,"comment_status":"open","ping_status":"closed","sticky":false,"template":"","format":"standard","meta":{"_monsterinsights_skip_tracking":false,"_monsterinsights_sitenote_active":false,"_monsterinsights_sitenote_note":"","_monsterinsights_sitenote_category":0,"footnotes":"","_links_to":"","_links_to_target":""},"categories":[3,7,1],"tags":[949,24144],"class_list":["post-248258","post","type-post","status-publish","format-standard","has-post-thumbnail","hentry","category-gliwice","category-historia","category-wszystko","tag-pyskowice","tag-tragedia-gornoslaska"],"yoast_head":"<!-- This site is optimized with the Yoast SEO plugin v27.4 - https:\/\/yoast.com\/product\/yoast-seo-wordpress\/ -->\n<title>&quot;Zw\u0142oki grzebali\u015bmy w jamach wykopanych w \u015bniegu&quot;. Upami\u0119tniono ofiary Tragedii G\u00f3rno\u015bl\u0105skiej - 24GLIWICE - Portal Gliwice | codziennie nowe informacje<\/title>\n<meta name=\"description\" content=\"W Pyskowicach zorganizowano obchody 80. rocznicy Tragedii G\u00f3rno\u015bl\u0105skiej. Na budynku Stacji Kultury zawieszono tablic\u0119 upami\u0119tniaj\u0105c\u0105 ofiary\" \/>\n<meta name=\"robots\" content=\"index, follow, max-snippet:-1, max-image-preview:large, max-video-preview:-1\" \/>\n<link rel=\"canonical\" href=\"https:\/\/www.24gliwice.pl\/wiadomosci\/zwloki-grzebalismy-w-jamach-wykopanych-w-sniegu-upamietniono-ofiary-tragedii-gornoslaskiej\/\" \/>\n<meta property=\"og:locale\" content=\"pl_PL\" \/>\n<meta property=\"og:type\" content=\"article\" \/>\n<meta property=\"og:title\" content=\"&quot;Zw\u0142oki grzebali\u015bmy w jamach wykopanych w \u015bniegu&quot;. Upami\u0119tniono ofiary Tragedii G\u00f3rno\u015bl\u0105skiej - 24GLIWICE - Portal Gliwice | codziennie nowe informacje\" \/>\n<meta property=\"og:description\" content=\"W Pyskowicach zorganizowano obchody 80. rocznicy Tragedii G\u00f3rno\u015bl\u0105skiej. Na budynku Stacji Kultury zawieszono tablic\u0119 upami\u0119tniaj\u0105c\u0105 ofiary\" \/>\n<meta property=\"og:url\" content=\"https:\/\/www.24gliwice.pl\/wiadomosci\/zwloki-grzebalismy-w-jamach-wykopanych-w-sniegu-upamietniono-ofiary-tragedii-gornoslaskiej\/\" \/>\n<meta property=\"og:site_name\" content=\"24GLIWICE - Portal Gliwice | codziennie nowe informacje\" \/>\n<meta property=\"article:publisher\" content=\"https:\/\/www.facebook.com\/24gliwice\" \/>\n<meta property=\"article:published_time\" content=\"2025-01-17T15:13:05+00:00\" \/>\n<meta property=\"og:image\" content=\"https:\/\/www.24gliwice.pl\/wiadomosci\/wp-content\/uploads\/2025\/01\/pyskowice-tragedia7.jpg\" \/>\n\t<meta property=\"og:image:width\" content=\"1200\" \/>\n\t<meta property=\"og:image:height\" content=\"677\" \/>\n\t<meta property=\"og:image:type\" content=\"image\/jpeg\" \/>\n<meta name=\"author\" content=\"\u017baneta Mrozek-Siewierska\" \/>\n<meta name=\"twitter:card\" content=\"summary_large_image\" \/>\n<meta name=\"twitter:creator\" content=\"@24gliwice\" \/>\n<meta name=\"twitter:site\" content=\"@24gliwice\" \/>\n<meta name=\"twitter:label1\" content=\"Napisane przez\" \/>\n\t<meta name=\"twitter:data1\" content=\"\u017baneta Mrozek-Siewierska\" \/>\n\t<meta name=\"twitter:label2\" content=\"Szacowany czas czytania\" \/>\n\t<meta name=\"twitter:data2\" content=\"6 minut\" \/>\n<script type=\"application\/ld+json\" class=\"yoast-schema-graph\">{\"@context\":\"https:\\\/\\\/schema.org\",\"@graph\":[{\"@type\":\"Article\",\"@id\":\"https:\\\/\\\/www.24gliwice.pl\\\/wiadomosci\\\/zwloki-grzebalismy-w-jamach-wykopanych-w-sniegu-upamietniono-ofiary-tragedii-gornoslaskiej\\\/#article\",\"isPartOf\":{\"@id\":\"https:\\\/\\\/www.24gliwice.pl\\\/wiadomosci\\\/zwloki-grzebalismy-w-jamach-wykopanych-w-sniegu-upamietniono-ofiary-tragedii-gornoslaskiej\\\/\"},\"author\":{\"name\":\"\u017baneta Mrozek-Siewierska\",\"@id\":\"https:\\\/\\\/www.24gliwice.pl\\\/wiadomosci\\\/#\\\/schema\\\/person\\\/e42c650edd7f2fa332be3811fb166b6e\"},\"headline\":\"&#8220;Zw\u0142oki grzebali\u015bmy w jamach wykopanych w \u015bniegu&#8221;. Upami\u0119tniono ofiary Tragedii G\u00f3rno\u015bl\u0105skiej\",\"datePublished\":\"2025-01-17T15:13:05+00:00\",\"mainEntityOfPage\":{\"@id\":\"https:\\\/\\\/www.24gliwice.pl\\\/wiadomosci\\\/zwloki-grzebalismy-w-jamach-wykopanych-w-sniegu-upamietniono-ofiary-tragedii-gornoslaskiej\\\/\"},\"wordCount\":983,\"commentCount\":0,\"publisher\":{\"@id\":\"https:\\\/\\\/www.24gliwice.pl\\\/wiadomosci\\\/#organization\"},\"image\":{\"@id\":\"https:\\\/\\\/www.24gliwice.pl\\\/wiadomosci\\\/zwloki-grzebalismy-w-jamach-wykopanych-w-sniegu-upamietniono-ofiary-tragedii-gornoslaskiej\\\/#primaryimage\"},\"thumbnailUrl\":\"https:\\\/\\\/www.24gliwice.pl\\\/wiadomosci\\\/wp-content\\\/uploads\\\/2025\\\/01\\\/pyskowice-tragedia7.jpg\",\"keywords\":[\"PYSKOWICE\",\"TRAGEDIA G\u00d3RNO\u015aL\u0104SKA\"],\"articleSection\":[\"Gliwice\",\"Historia\",\"Najnowsze wiadomo\u015bci\"],\"inLanguage\":\"pl-PL\",\"potentialAction\":[{\"@type\":\"CommentAction\",\"name\":\"Comment\",\"target\":[\"https:\\\/\\\/www.24gliwice.pl\\\/wiadomosci\\\/zwloki-grzebalismy-w-jamach-wykopanych-w-sniegu-upamietniono-ofiary-tragedii-gornoslaskiej\\\/#respond\"]}]},{\"@type\":\"WebPage\",\"@id\":\"https:\\\/\\\/www.24gliwice.pl\\\/wiadomosci\\\/zwloki-grzebalismy-w-jamach-wykopanych-w-sniegu-upamietniono-ofiary-tragedii-gornoslaskiej\\\/\",\"url\":\"https:\\\/\\\/www.24gliwice.pl\\\/wiadomosci\\\/zwloki-grzebalismy-w-jamach-wykopanych-w-sniegu-upamietniono-ofiary-tragedii-gornoslaskiej\\\/\",\"name\":\"\\\"Zw\u0142oki grzebali\u015bmy w jamach wykopanych w \u015bniegu\\\". Upami\u0119tniono ofiary Tragedii G\u00f3rno\u015bl\u0105skiej - 24GLIWICE - Portal Gliwice | codziennie nowe informacje\",\"isPartOf\":{\"@id\":\"https:\\\/\\\/www.24gliwice.pl\\\/wiadomosci\\\/#website\"},\"primaryImageOfPage\":{\"@id\":\"https:\\\/\\\/www.24gliwice.pl\\\/wiadomosci\\\/zwloki-grzebalismy-w-jamach-wykopanych-w-sniegu-upamietniono-ofiary-tragedii-gornoslaskiej\\\/#primaryimage\"},\"image\":{\"@id\":\"https:\\\/\\\/www.24gliwice.pl\\\/wiadomosci\\\/zwloki-grzebalismy-w-jamach-wykopanych-w-sniegu-upamietniono-ofiary-tragedii-gornoslaskiej\\\/#primaryimage\"},\"thumbnailUrl\":\"https:\\\/\\\/www.24gliwice.pl\\\/wiadomosci\\\/wp-content\\\/uploads\\\/2025\\\/01\\\/pyskowice-tragedia7.jpg\",\"datePublished\":\"2025-01-17T15:13:05+00:00\",\"description\":\"W Pyskowicach zorganizowano obchody 80. rocznicy Tragedii G\u00f3rno\u015bl\u0105skiej. Na budynku Stacji Kultury zawieszono tablic\u0119 upami\u0119tniaj\u0105c\u0105 ofiary\",\"breadcrumb\":{\"@id\":\"https:\\\/\\\/www.24gliwice.pl\\\/wiadomosci\\\/zwloki-grzebalismy-w-jamach-wykopanych-w-sniegu-upamietniono-ofiary-tragedii-gornoslaskiej\\\/#breadcrumb\"},\"inLanguage\":\"pl-PL\",\"potentialAction\":[{\"@type\":\"ReadAction\",\"target\":[\"https:\\\/\\\/www.24gliwice.pl\\\/wiadomosci\\\/zwloki-grzebalismy-w-jamach-wykopanych-w-sniegu-upamietniono-ofiary-tragedii-gornoslaskiej\\\/\"]}]},{\"@type\":\"ImageObject\",\"inLanguage\":\"pl-PL\",\"@id\":\"https:\\\/\\\/www.24gliwice.pl\\\/wiadomosci\\\/zwloki-grzebalismy-w-jamach-wykopanych-w-sniegu-upamietniono-ofiary-tragedii-gornoslaskiej\\\/#primaryimage\",\"url\":\"https:\\\/\\\/www.24gliwice.pl\\\/wiadomosci\\\/wp-content\\\/uploads\\\/2025\\\/01\\\/pyskowice-tragedia7.jpg\",\"contentUrl\":\"https:\\\/\\\/www.24gliwice.pl\\\/wiadomosci\\\/wp-content\\\/uploads\\\/2025\\\/01\\\/pyskowice-tragedia7.jpg\",\"width\":1200,\"height\":677},{\"@type\":\"BreadcrumbList\",\"@id\":\"https:\\\/\\\/www.24gliwice.pl\\\/wiadomosci\\\/zwloki-grzebalismy-w-jamach-wykopanych-w-sniegu-upamietniono-ofiary-tragedii-gornoslaskiej\\\/#breadcrumb\",\"itemListElement\":[{\"@type\":\"ListItem\",\"position\":1,\"name\":\"Strona g\u0142\u00f3wna\",\"item\":\"https:\\\/\\\/www.24gliwice.pl\\\/wiadomosci\\\/\"},{\"@type\":\"ListItem\",\"position\":2,\"name\":\"&#8222;Zw\u0142oki grzebali\u015bmy w jamach wykopanych w \u015bniegu&#8221;. Upami\u0119tniono ofiary Tragedii G\u00f3rno\u015bl\u0105skiej\"}]},{\"@type\":\"WebSite\",\"@id\":\"https:\\\/\\\/www.24gliwice.pl\\\/wiadomosci\\\/#website\",\"url\":\"https:\\\/\\\/www.24gliwice.pl\\\/wiadomosci\\\/\",\"name\":\"24GLIWICE - Portal Gliwice | codziennie nowe wiadomo\u015bci\",\"description\":\"Portal Miejski Gliwice\",\"publisher\":{\"@id\":\"https:\\\/\\\/www.24gliwice.pl\\\/wiadomosci\\\/#organization\"},\"potentialAction\":[{\"@type\":\"SearchAction\",\"target\":{\"@type\":\"EntryPoint\",\"urlTemplate\":\"https:\\\/\\\/www.24gliwice.pl\\\/wiadomosci\\\/?s={search_term_string}\"},\"query-input\":{\"@type\":\"PropertyValueSpecification\",\"valueRequired\":true,\"valueName\":\"search_term_string\"}}],\"inLanguage\":\"pl-PL\"},{\"@type\":\"Organization\",\"@id\":\"https:\\\/\\\/www.24gliwice.pl\\\/wiadomosci\\\/#organization\",\"name\":\"24gliwice\",\"url\":\"https:\\\/\\\/www.24gliwice.pl\\\/wiadomosci\\\/\",\"logo\":{\"@type\":\"ImageObject\",\"inLanguage\":\"pl-PL\",\"@id\":\"https:\\\/\\\/www.24gliwice.pl\\\/wiadomosci\\\/#\\\/schema\\\/logo\\\/image\\\/\",\"url\":\"https:\\\/\\\/www.24gliwice.pl\\\/wiadomosci\\\/wp-content\\\/uploads\\\/2024\\\/10\\\/24gliwice-logo-696.jpg\",\"contentUrl\":\"https:\\\/\\\/www.24gliwice.pl\\\/wiadomosci\\\/wp-content\\\/uploads\\\/2024\\\/10\\\/24gliwice-logo-696.jpg\",\"width\":696,\"height\":696,\"caption\":\"24gliwice\"},\"image\":{\"@id\":\"https:\\\/\\\/www.24gliwice.pl\\\/wiadomosci\\\/#\\\/schema\\\/logo\\\/image\\\/\"},\"sameAs\":[\"https:\\\/\\\/www.facebook.com\\\/24gliwice\",\"https:\\\/\\\/x.com\\\/24gliwice\",\"https:\\\/\\\/www.youtube.com\\\/@24gliwice\"]},{\"@type\":\"Person\",\"@id\":\"https:\\\/\\\/www.24gliwice.pl\\\/wiadomosci\\\/#\\\/schema\\\/person\\\/e42c650edd7f2fa332be3811fb166b6e\",\"name\":\"\u017baneta Mrozek-Siewierska\",\"image\":{\"@type\":\"ImageObject\",\"inLanguage\":\"pl-PL\",\"@id\":\"https:\\\/\\\/www.24gliwice.pl\\\/wiadomosci\\\/wp-content\\\/uploads\\\/2021\\\/11\\\/Zaneta-M_S-zdjecie-czb-96x96.jpg\",\"url\":\"https:\\\/\\\/www.24gliwice.pl\\\/wiadomosci\\\/wp-content\\\/uploads\\\/2021\\\/11\\\/Zaneta-M_S-zdjecie-czb-96x96.jpg\",\"contentUrl\":\"https:\\\/\\\/www.24gliwice.pl\\\/wiadomosci\\\/wp-content\\\/uploads\\\/2021\\\/11\\\/Zaneta-M_S-zdjecie-czb-96x96.jpg\",\"caption\":\"\u017baneta Mrozek-Siewierska\"},\"url\":\"https:\\\/\\\/www.24gliwice.pl\\\/wiadomosci\\\/author\\\/zms\\\/\"}]}<\/script>\n<!-- \/ Yoast SEO plugin. -->","yoast_head_json":{"title":"\"Zw\u0142oki grzebali\u015bmy w jamach wykopanych w \u015bniegu\". Upami\u0119tniono ofiary Tragedii G\u00f3rno\u015bl\u0105skiej - 24GLIWICE - Portal Gliwice | codziennie nowe informacje","description":"W Pyskowicach zorganizowano obchody 80. rocznicy Tragedii G\u00f3rno\u015bl\u0105skiej. Na budynku Stacji Kultury zawieszono tablic\u0119 upami\u0119tniaj\u0105c\u0105 ofiary","robots":{"index":"index","follow":"follow","max-snippet":"max-snippet:-1","max-image-preview":"max-image-preview:large","max-video-preview":"max-video-preview:-1"},"canonical":"https:\/\/www.24gliwice.pl\/wiadomosci\/zwloki-grzebalismy-w-jamach-wykopanych-w-sniegu-upamietniono-ofiary-tragedii-gornoslaskiej\/","og_locale":"pl_PL","og_type":"article","og_title":"\"Zw\u0142oki grzebali\u015bmy w jamach wykopanych w \u015bniegu\". Upami\u0119tniono ofiary Tragedii G\u00f3rno\u015bl\u0105skiej - 24GLIWICE - Portal Gliwice | codziennie nowe informacje","og_description":"W Pyskowicach zorganizowano obchody 80. rocznicy Tragedii G\u00f3rno\u015bl\u0105skiej. Na budynku Stacji Kultury zawieszono tablic\u0119 upami\u0119tniaj\u0105c\u0105 ofiary","og_url":"https:\/\/www.24gliwice.pl\/wiadomosci\/zwloki-grzebalismy-w-jamach-wykopanych-w-sniegu-upamietniono-ofiary-tragedii-gornoslaskiej\/","og_site_name":"24GLIWICE - Portal Gliwice | codziennie nowe informacje","article_publisher":"https:\/\/www.facebook.com\/24gliwice","article_published_time":"2025-01-17T15:13:05+00:00","og_image":[{"width":1200,"height":677,"url":"https:\/\/www.24gliwice.pl\/wiadomosci\/wp-content\/uploads\/2025\/01\/pyskowice-tragedia7.jpg","type":"image\/jpeg"}],"author":"\u017baneta Mrozek-Siewierska","twitter_card":"summary_large_image","twitter_creator":"@24gliwice","twitter_site":"@24gliwice","twitter_misc":{"Napisane przez":"\u017baneta Mrozek-Siewierska","Szacowany czas czytania":"6 minut"},"schema":{"@context":"https:\/\/schema.org","@graph":[{"@type":"Article","@id":"https:\/\/www.24gliwice.pl\/wiadomosci\/zwloki-grzebalismy-w-jamach-wykopanych-w-sniegu-upamietniono-ofiary-tragedii-gornoslaskiej\/#article","isPartOf":{"@id":"https:\/\/www.24gliwice.pl\/wiadomosci\/zwloki-grzebalismy-w-jamach-wykopanych-w-sniegu-upamietniono-ofiary-tragedii-gornoslaskiej\/"},"author":{"name":"\u017baneta Mrozek-Siewierska","@id":"https:\/\/www.24gliwice.pl\/wiadomosci\/#\/schema\/person\/e42c650edd7f2fa332be3811fb166b6e"},"headline":"&#8220;Zw\u0142oki grzebali\u015bmy w jamach wykopanych w \u015bniegu&#8221;. Upami\u0119tniono ofiary Tragedii G\u00f3rno\u015bl\u0105skiej","datePublished":"2025-01-17T15:13:05+00:00","mainEntityOfPage":{"@id":"https:\/\/www.24gliwice.pl\/wiadomosci\/zwloki-grzebalismy-w-jamach-wykopanych-w-sniegu-upamietniono-ofiary-tragedii-gornoslaskiej\/"},"wordCount":983,"commentCount":0,"publisher":{"@id":"https:\/\/www.24gliwice.pl\/wiadomosci\/#organization"},"image":{"@id":"https:\/\/www.24gliwice.pl\/wiadomosci\/zwloki-grzebalismy-w-jamach-wykopanych-w-sniegu-upamietniono-ofiary-tragedii-gornoslaskiej\/#primaryimage"},"thumbnailUrl":"https:\/\/www.24gliwice.pl\/wiadomosci\/wp-content\/uploads\/2025\/01\/pyskowice-tragedia7.jpg","keywords":["PYSKOWICE","TRAGEDIA G\u00d3RNO\u015aL\u0104SKA"],"articleSection":["Gliwice","Historia","Najnowsze wiadomo\u015bci"],"inLanguage":"pl-PL","potentialAction":[{"@type":"CommentAction","name":"Comment","target":["https:\/\/www.24gliwice.pl\/wiadomosci\/zwloki-grzebalismy-w-jamach-wykopanych-w-sniegu-upamietniono-ofiary-tragedii-gornoslaskiej\/#respond"]}]},{"@type":"WebPage","@id":"https:\/\/www.24gliwice.pl\/wiadomosci\/zwloki-grzebalismy-w-jamach-wykopanych-w-sniegu-upamietniono-ofiary-tragedii-gornoslaskiej\/","url":"https:\/\/www.24gliwice.pl\/wiadomosci\/zwloki-grzebalismy-w-jamach-wykopanych-w-sniegu-upamietniono-ofiary-tragedii-gornoslaskiej\/","name":"\"Zw\u0142oki grzebali\u015bmy w jamach wykopanych w \u015bniegu\". Upami\u0119tniono ofiary Tragedii G\u00f3rno\u015bl\u0105skiej - 24GLIWICE - Portal Gliwice | codziennie nowe informacje","isPartOf":{"@id":"https:\/\/www.24gliwice.pl\/wiadomosci\/#website"},"primaryImageOfPage":{"@id":"https:\/\/www.24gliwice.pl\/wiadomosci\/zwloki-grzebalismy-w-jamach-wykopanych-w-sniegu-upamietniono-ofiary-tragedii-gornoslaskiej\/#primaryimage"},"image":{"@id":"https:\/\/www.24gliwice.pl\/wiadomosci\/zwloki-grzebalismy-w-jamach-wykopanych-w-sniegu-upamietniono-ofiary-tragedii-gornoslaskiej\/#primaryimage"},"thumbnailUrl":"https:\/\/www.24gliwice.pl\/wiadomosci\/wp-content\/uploads\/2025\/01\/pyskowice-tragedia7.jpg","datePublished":"2025-01-17T15:13:05+00:00","description":"W Pyskowicach zorganizowano obchody 80. rocznicy Tragedii G\u00f3rno\u015bl\u0105skiej. Na budynku Stacji Kultury zawieszono tablic\u0119 upami\u0119tniaj\u0105c\u0105 ofiary","breadcrumb":{"@id":"https:\/\/www.24gliwice.pl\/wiadomosci\/zwloki-grzebalismy-w-jamach-wykopanych-w-sniegu-upamietniono-ofiary-tragedii-gornoslaskiej\/#breadcrumb"},"inLanguage":"pl-PL","potentialAction":[{"@type":"ReadAction","target":["https:\/\/www.24gliwice.pl\/wiadomosci\/zwloki-grzebalismy-w-jamach-wykopanych-w-sniegu-upamietniono-ofiary-tragedii-gornoslaskiej\/"]}]},{"@type":"ImageObject","inLanguage":"pl-PL","@id":"https:\/\/www.24gliwice.pl\/wiadomosci\/zwloki-grzebalismy-w-jamach-wykopanych-w-sniegu-upamietniono-ofiary-tragedii-gornoslaskiej\/#primaryimage","url":"https:\/\/www.24gliwice.pl\/wiadomosci\/wp-content\/uploads\/2025\/01\/pyskowice-tragedia7.jpg","contentUrl":"https:\/\/www.24gliwice.pl\/wiadomosci\/wp-content\/uploads\/2025\/01\/pyskowice-tragedia7.jpg","width":1200,"height":677},{"@type":"BreadcrumbList","@id":"https:\/\/www.24gliwice.pl\/wiadomosci\/zwloki-grzebalismy-w-jamach-wykopanych-w-sniegu-upamietniono-ofiary-tragedii-gornoslaskiej\/#breadcrumb","itemListElement":[{"@type":"ListItem","position":1,"name":"Strona g\u0142\u00f3wna","item":"https:\/\/www.24gliwice.pl\/wiadomosci\/"},{"@type":"ListItem","position":2,"name":"&#8222;Zw\u0142oki grzebali\u015bmy w jamach wykopanych w \u015bniegu&#8221;. Upami\u0119tniono ofiary Tragedii G\u00f3rno\u015bl\u0105skiej"}]},{"@type":"WebSite","@id":"https:\/\/www.24gliwice.pl\/wiadomosci\/#website","url":"https:\/\/www.24gliwice.pl\/wiadomosci\/","name":"24GLIWICE - Portal Gliwice | codziennie nowe wiadomo\u015bci","description":"Portal Miejski Gliwice","publisher":{"@id":"https:\/\/www.24gliwice.pl\/wiadomosci\/#organization"},"potentialAction":[{"@type":"SearchAction","target":{"@type":"EntryPoint","urlTemplate":"https:\/\/www.24gliwice.pl\/wiadomosci\/?s={search_term_string}"},"query-input":{"@type":"PropertyValueSpecification","valueRequired":true,"valueName":"search_term_string"}}],"inLanguage":"pl-PL"},{"@type":"Organization","@id":"https:\/\/www.24gliwice.pl\/wiadomosci\/#organization","name":"24gliwice","url":"https:\/\/www.24gliwice.pl\/wiadomosci\/","logo":{"@type":"ImageObject","inLanguage":"pl-PL","@id":"https:\/\/www.24gliwice.pl\/wiadomosci\/#\/schema\/logo\/image\/","url":"https:\/\/www.24gliwice.pl\/wiadomosci\/wp-content\/uploads\/2024\/10\/24gliwice-logo-696.jpg","contentUrl":"https:\/\/www.24gliwice.pl\/wiadomosci\/wp-content\/uploads\/2024\/10\/24gliwice-logo-696.jpg","width":696,"height":696,"caption":"24gliwice"},"image":{"@id":"https:\/\/www.24gliwice.pl\/wiadomosci\/#\/schema\/logo\/image\/"},"sameAs":["https:\/\/www.facebook.com\/24gliwice","https:\/\/x.com\/24gliwice","https:\/\/www.youtube.com\/@24gliwice"]},{"@type":"Person","@id":"https:\/\/www.24gliwice.pl\/wiadomosci\/#\/schema\/person\/e42c650edd7f2fa332be3811fb166b6e","name":"\u017baneta Mrozek-Siewierska","image":{"@type":"ImageObject","inLanguage":"pl-PL","@id":"https:\/\/www.24gliwice.pl\/wiadomosci\/wp-content\/uploads\/2021\/11\/Zaneta-M_S-zdjecie-czb-96x96.jpg","url":"https:\/\/www.24gliwice.pl\/wiadomosci\/wp-content\/uploads\/2021\/11\/Zaneta-M_S-zdjecie-czb-96x96.jpg","contentUrl":"https:\/\/www.24gliwice.pl\/wiadomosci\/wp-content\/uploads\/2021\/11\/Zaneta-M_S-zdjecie-czb-96x96.jpg","caption":"\u017baneta Mrozek-Siewierska"},"url":"https:\/\/www.24gliwice.pl\/wiadomosci\/author\/zms\/"}]}},"_links":{"self":[{"href":"https:\/\/www.24gliwice.pl\/wiadomosci\/wp-json\/wp\/v2\/posts\/248258","targetHints":{"allow":["GET"]}}],"collection":[{"href":"https:\/\/www.24gliwice.pl\/wiadomosci\/wp-json\/wp\/v2\/posts"}],"about":[{"href":"https:\/\/www.24gliwice.pl\/wiadomosci\/wp-json\/wp\/v2\/types\/post"}],"author":[{"embeddable":true,"href":"https:\/\/www.24gliwice.pl\/wiadomosci\/wp-json\/wp\/v2\/users\/15"}],"replies":[{"embeddable":true,"href":"https:\/\/www.24gliwice.pl\/wiadomosci\/wp-json\/wp\/v2\/comments?post=248258"}],"version-history":[{"count":16,"href":"https:\/\/www.24gliwice.pl\/wiadomosci\/wp-json\/wp\/v2\/posts\/248258\/revisions"}],"predecessor-version":[{"id":248285,"href":"https:\/\/www.24gliwice.pl\/wiadomosci\/wp-json\/wp\/v2\/posts\/248258\/revisions\/248285"}],"wp:featuredmedia":[{"embeddable":true,"href":"https:\/\/www.24gliwice.pl\/wiadomosci\/wp-json\/wp\/v2\/media\/248279"}],"wp:attachment":[{"href":"https:\/\/www.24gliwice.pl\/wiadomosci\/wp-json\/wp\/v2\/media?parent=248258"}],"wp:term":[{"taxonomy":"category","embeddable":true,"href":"https:\/\/www.24gliwice.pl\/wiadomosci\/wp-json\/wp\/v2\/categories?post=248258"},{"taxonomy":"post_tag","embeddable":true,"href":"https:\/\/www.24gliwice.pl\/wiadomosci\/wp-json\/wp\/v2\/tags?post=248258"}],"curies":[{"name":"wp","href":"https:\/\/api.w.org\/{rel}","templated":true}]}}