{"id":249021,"date":"2025-02-04T00:39:02","date_gmt":"2025-02-03T23:39:02","guid":{"rendered":"https:\/\/www.24gliwice.pl\/wiadomosci\/?p=249021"},"modified":"2025-02-04T00:39:02","modified_gmt":"2025-02-03T23:39:02","slug":"105-lecie-harcerstwa-w-gliwicach-hufiec-zhp-przygotowuje-obchody-i-zaprasza-do-wstapienia-w-szeregi","status":"publish","type":"post","link":"https:\/\/www.24gliwice.pl\/wiadomosci\/105-lecie-harcerstwa-w-gliwicach-hufiec-zhp-przygotowuje-obchody-i-zaprasza-do-wstapienia-w-szeregi\/","title":{"rendered":"105-lecie harcerstwa w Gliwicach. Hufiec ZHP przygotowuje obchody i zaprasza do wst\u0105pienia w szeregi"},"content":{"rendered":"<div class=\"gliwi-a6-nad-leadem-artykulow gliwi-entity-placement\" id=\"gliwi-2698891207\"><div class=\"gliwi-adlabel\"><span style=\"font-size: 9px\">REKLAMA<\/span><\/div><div id=\"gliwi-1027331976\" style=\"margin-bottom: 30px;margin-left: auto;margin-right: auto;text-align: center;\"><a data-no-instant=\"1\" href=\"https:\/\/przedszkole.halogen.org.pl\/\" rel=\"noopener\" class=\"a2t-link\" target=\"_blank\" aria-label=\"20260402-ANIMATOR-przedszkole_grafika_750x200\"><img loading=\"lazy\" decoding=\"async\" src=\"https:\/\/www.24gliwice.pl\/wiadomosci\/wp-content\/uploads\/2026\/04\/20260402-ANIMATOR-przedszkole_grafika_750x200.webp\" alt=\"\"  srcset=\"https:\/\/www.24gliwice.pl\/wiadomosci\/wp-content\/uploads\/2026\/04\/20260402-ANIMATOR-przedszkole_grafika_750x200.webp 750w, https:\/\/www.24gliwice.pl\/wiadomosci\/wp-content\/uploads\/2026\/04\/20260402-ANIMATOR-przedszkole_grafika_750x200-410x109.webp 410w\" sizes=\"(max-width: 750px) 100vw, 750px\" class=\"no-lazyload\" width=\"750\" height=\"200\"  style=\"display: inline-block; max-width: 100%; height: auto;\" \/><\/a><\/div><\/div><h2>Mija 105 lat odk\u0105d na ziemiach gliwickich pojawi\u0142y si\u0119 pierwsze dru\u017cyny harcerskie. Z tej okazji cz\u0142onkowie Hufca ZHP Ziemi Gliwickiej b\u0119d\u0105 bra\u0107 udzia\u0142 w\u00a0wyj\u0105tkowych wydarzeniach, kt\u00f3re nie tylko ich zintegruj\u0105, ale tak\u017ce wzmocni\u0105 pami\u0119\u0107 o\u00a0ich wsp\u00f3lnej historii. Zapraszaj\u0105 te\u017c dzieci i m\u0142odzie\u017c do zapisywania si\u0119 w ich szeregi.<\/h2>\n<p><!--more--><\/p>\n<p>W 2025 roku Komenda Hufca ZHP Ziemi Gliwickiej przygotowa\u0142a program obchod\u00f3w, podczas kt\u00f3rych harcerze zapoznaj\u0105 si\u0119 z bohaterem i histori\u0105 hufca, rozwin\u0105 swoje warto\u015bci patriotyczne, poszerz\u0105 wiedz\u0119 nt. swojego miejsca zamieszkania oraz najwa\u017cniejszych zabytk\u00f3w zwi\u0105zanych z\u00a0harcerstwem w Gliwicach, Knurowie i\u00a0Toszku.<\/p>\n<blockquote><p><em>Pami\u0119\u0107 o historii i kultywowanie lokalnych tradycji to bardzo wa\u017cny element lokalnego patriotyzmu, kt\u00f3ry staramy si\u0119 krzewi\u0107 w zuchach i harcerzach z naszego hufca<\/em> <\/p><\/blockquote>\n<p>\u2013 m\u00f3wi harcmistrzyni <strong>Ewa Seweryn,<\/strong> Rzeczniczka Prasowa Hufca ZHP Ziemi Gliwickiej. \u2013 <em>Chcemy budowa\u0107 poczucie wsp\u00f3lnoty i przypomnie\u0107, \u017ce my r\u00f3wnie\u017c jeste\u015bmy cz\u0119\u015bci\u0105 tej d\u0142ugiej historii. W trakcie szeregu wydarze\u0144, kt\u00f3re odb\u0119d\u0105 si\u0119 w tym roku, uczcimy ten wyj\u0105tkowy jubileusz. Pierwsza akcja ju\u017c za nami, a jeszcze wiele wsp\u00f3lnych przyg\u00f3d przed nami<\/em> &#8211; dodaje. <\/p><div class=\"gliwi-a3-w-tresci-artykulow gliwi-entity-placement\" id=\"gliwi-15948620\"><div class=\"gliwi-adlabel\"><span style=\"font-size: 9px\">REKLAMA<\/span><\/div><div id=\"gliwi-1259884480\" style=\"margin-bottom: 30px;margin-left: auto;margin-right: auto;text-align: center;\"><a data-no-instant=\"1\" href=\"https:\/\/ogrodyandersa.pl\/\" rel=\"noopener\" class=\"a2t-link\" target=\"_blank\" aria-label=\"20260415 Ogrody Andersa KUP TERAZ D\"><img loading=\"lazy\" decoding=\"async\" src=\"https:\/\/www.24gliwice.pl\/wiadomosci\/wp-content\/uploads\/2026\/04\/20260415-Ogrody-Andersa-KUP-TERAZ-D.jpg\" alt=\"\"  srcset=\"https:\/\/www.24gliwice.pl\/wiadomosci\/wp-content\/uploads\/2026\/04\/20260415-Ogrody-Andersa-KUP-TERAZ-D.jpg 750w, https:\/\/www.24gliwice.pl\/wiadomosci\/wp-content\/uploads\/2026\/04\/20260415-Ogrody-Andersa-KUP-TERAZ-D-410x109.jpg 410w\" sizes=\"(max-width: 750px) 100vw, 750px\" class=\"no-lazyload\" width=\"750\" height=\"200\"  style=\"display: inline-block; max-width: 100%; height: auto;\" \/><\/a><\/div><\/div>\n<p>W celu motywacji harcerzy do wsp\u00f3lnego uczestnictwa w wydarzeniach, przez ca\u0142y rok b\u0119d\u0105 oni zbiera\u0107 kolekcjonerskie naklejki. Osoby, kt\u00f3re zbior\u0105 ich najwi\u0119cej b\u0119d\u0105 mog\u0142y zdoby\u0107 pami\u0105tkowe odznaki w stopniu br\u0105zowym, srebrnym oraz z\u0142otym.<\/p>\n<p><a href=\"https:\/\/www.24gliwice.pl\/wiadomosci\/wp-content\/uploads\/2025\/01\/hufiec-zhp.jpg\"><img loading=\"lazy\" decoding=\"async\" src=\"https:\/\/www.24gliwice.pl\/wiadomosci\/wp-content\/uploads\/2025\/01\/hufiec-zhp.jpg\" alt=\"\" width=\"810\" height=\"608\" class=\"alignnone size-full wp-image-249024\" srcset=\"https:\/\/www.24gliwice.pl\/wiadomosci\/wp-content\/uploads\/2025\/01\/hufiec-zhp.jpg 810w, https:\/\/www.24gliwice.pl\/wiadomosci\/wp-content\/uploads\/2025\/01\/hufiec-zhp-309x232.jpg 309w, https:\/\/www.24gliwice.pl\/wiadomosci\/wp-content\/uploads\/2025\/01\/hufiec-zhp-606x455.jpg 606w, https:\/\/www.24gliwice.pl\/wiadomosci\/wp-content\/uploads\/2025\/01\/hufiec-zhp-768x576.jpg 768w\" sizes=\"auto, (max-width: 810px) 100vw, 810px\" \/><\/a><\/p>\n<h4>Co znajdziemy w planach tegorocznych obchod\u00f3w?<\/h4>\n<p>WO\u015aP, w kt\u00f3rego organizacj\u0119 tak\u017ce zaanga\u017cowani s\u0105 harcerze z gliwickiego hufca, jest ju\u017c za nami. Jednak cz\u0142onkowie tej organizacji b\u0119d\u0105 przez ca\u0142y rok mie\u0107 okazj\u0119 uczestnictwa w wyj\u0105tkowych eventach. W programie znajd\u0105 si\u0119 m.in.:<\/p>\n<ul>\n<li>Luty: Dzie\u0144 My\u015bli Braterskiej, czyli najwi\u0119ksze \u015bwi\u0119to harcerzy i przyja\u017ani;<\/li>\n<li>Kwiecie\u0144: XXII Rajd \u015bw. Jerzego, czyli coroczna przygoda, w\u0119dr\u00f3wka i wsp\u00f3\u0142zawodnictwo;<\/li>\n<li>Maj i listopad: wsp\u00f3lne uczestnictwo w pa\u0144stwowych obchodach;<\/li>\n<li>Maj: Ognisko Pokole\u0144, czyli spotkanie, kt\u00f3re po\u0142\u0105czy wiele generacji kadry;<\/li>\n<li>Czerwiec: Zako\u0144czenie Roku, uroczyste podsumowanie i pocz\u0105tek wakacyjnych przyg\u00f3d;<\/li>\n<li>Lato: Harcerska Akcja Letnia, obozy i kolonie, czyli lato pe\u0142ne wyzwa\u0144;<\/li>\n<li>Wrzesie\u0144: Harcerski Start, inauguracja roku i oficjalny powr\u00f3t do dzia\u0142ania;<\/li>\n<li>Jesie\u0144: IV Biwak Kadry, wyjazd kszta\u0142ceniowy, integracyjny i rozwojowy dla kadry hufca; <\/li>\n<li>Listopad: Warty Honorowe przy grobach, czyli wspomnienie tych, kt\u00f3rzy odeszli;<\/li>\n<li>Zima: Podsumowanie ca\u0142orocznych obchod\u00f3w.<\/li>\n<\/ul>\n<h4>Jak zapisa\u0107 dziecko do harcerstwa?<\/h4>\n<p>&#8211; <em>Je\u015bli chcesz, aby Twoje dziecko tak\u017ce zosta\u0142o cz\u0119\u015bci\u0105 105-letniej historii gliwickiego harcerstwa i\u00a0do\u0142\u0105czy\u0142o do naszej wsp\u00f3lnoty, okre\u015bl w\u00a0jakim jest wieku, a nast\u0119pnie wybierz dru\u017cyn\u0119 lub gromad\u0119, do kt\u00f3rej mog\u0142oby przyst\u0105pi\u0107. Na naszej stronie przy profilu ka\u017cdej jednostki podany jest termin oraz miejsce zbi\u00f3rek, a tak\u017ce kontakt z dru\u017cynowym. Wiek 6-9 lat to gromady zuchowe, 10-12 lat to dru\u017cyny harcerskie, 13-16 lat to dru\u017cyny starszoharcerskie, a 15-21 lat to dru\u017cyny w\u0119drownicze<\/em> &#8211; informuje Hufiec.<\/p>\n<p><a href=\"https:\/\/gliwice.zhp.pl\/struktura\/jednostki-organizacyjne\/\" target=\"_blank\">Spis jednostek mo\u017cna znale\u017a\u0107 tu (link).<\/a> Zainteresowani do\u0142\u0105czeniem mog\u0105 te\u017c napisa\u0107 do biura Hufca wysy\u0142aj\u0105c wiadomo\u015b\u0107 na adres <a href=\"http:\/\/biuro@gliwice.zhp.pl\" target=\"_blank\">biuro@gliwice.zhp.pl<\/a>. W mailu nale\u017cy wskaza\u0107, w jakim wieku jest dziecko i w kt\u00f3rej cz\u0119\u015bci Gliwic, Knurowa lub Toszka poszukuje dru\u017cyny. <\/p>\n<p>Mat. Pras. Hufiec ZHP Ziemi Gliwickiej<br \/>\nFot. ZHP \/ Kamil Widuch<\/p>\n<div class=\"gliwi-a5-na-koncu-artykulow gliwi-entity-placement\" id=\"gliwi-2360140325\"><div class=\"gliwi-adlabel\"><span style=\"font-size: 9px\">REKLAMA<\/span><\/div><div id=\"gliwi-82797754\" style=\"margin-left: auto;margin-right: auto;text-align: center;\"><a data-no-instant=\"1\" href=\"https:\/\/prezeroarenagliwice.pl\/\" rel=\"noopener\" class=\"a2t-link\" target=\"_blank\" aria-label=\"20260309-PREZERO-WIOSNA-D\"><img loading=\"lazy\" decoding=\"async\" src=\"https:\/\/www.24gliwice.pl\/wiadomosci\/wp-content\/uploads\/2026\/03\/20260309-PREZERO-WIOSNA-D.webp\" alt=\"\"  srcset=\"https:\/\/www.24gliwice.pl\/wiadomosci\/wp-content\/uploads\/2026\/03\/20260309-PREZERO-WIOSNA-D.webp 750w, https:\/\/www.24gliwice.pl\/wiadomosci\/wp-content\/uploads\/2026\/03\/20260309-PREZERO-WIOSNA-D-410x109.webp 410w\" sizes=\"(max-width: 750px) 100vw, 750px\" class=\"no-lazyload\" width=\"750\" height=\"200\"  style=\"display: inline-block; max-width: 100%; height: auto;\" \/><\/a><\/div><\/div>","protected":false},"excerpt":{"rendered":"<p>Mija 105 lat odk\u0105d na ziemiach gliwickich pojawi\u0142y si\u0119 pierwsze dru\u017cyny harcerskie. Z tej okazji cz\u0142onkowie Hufca ZHP Ziemi Gliwickiej b\u0119d\u0105 bra\u0107 udzia\u0142 w\u00a0wyj\u0105tkowych wydarzeniach, kt\u00f3re nie tylko ich zintegruj\u0105, ale tak\u017ce wzmocni\u0105 pami\u0119\u0107 o\u00a0ich wsp\u00f3lnej historii. Zapraszaj\u0105 te\u017c dzieci i m\u0142odzie\u017c do zapisywania si\u0119 w ich szeregi.<\/p>\n","protected":false},"author":15,"featured_media":249025,"comment_status":"open","ping_status":"closed","sticky":false,"template":"","format":"standard","meta":{"_monsterinsights_skip_tracking":false,"_monsterinsights_sitenote_active":false,"_monsterinsights_sitenote_note":"","_monsterinsights_sitenote_category":0,"footnotes":"","_links_to":"","_links_to_target":""},"categories":[3,1],"tags":[24192,578],"class_list":["post-249021","post","type-post","status-publish","format-standard","has-post-thumbnail","hentry","category-gliwice","category-wszystko","tag-harcerstwo","tag-zhp"],"yoast_head":"<!-- This site is optimized with the Yoast SEO plugin v27.5 - https:\/\/yoast.com\/product\/yoast-seo-wordpress\/ -->\n<title>105-lecie harcerstwa w Gliwicach. Hufiec ZHP przygotowuje obchody i zaprasza do wst\u0105pienia w szeregi - 24GLIWICE - Portal Gliwice | codziennie nowe informacje<\/title>\n<meta name=\"description\" content=\"Jak zosta\u0107 harcerzem? Wystarczy wys\u0142a\u0107 wiadomo\u015b\u0107 do Hufca ZHP Ziemi Gliwickiej ze wskazaniem, do jakiej grupy wiekowej mo\u017ce nale\u017ce\u0107 dziecko\" \/>\n<meta name=\"robots\" content=\"index, follow, max-snippet:-1, max-image-preview:large, max-video-preview:-1\" \/>\n<link rel=\"canonical\" href=\"https:\/\/www.24gliwice.pl\/wiadomosci\/105-lecie-harcerstwa-w-gliwicach-hufiec-zhp-przygotowuje-obchody-i-zaprasza-do-wstapienia-w-szeregi\/\" \/>\n<meta property=\"og:locale\" content=\"pl_PL\" \/>\n<meta property=\"og:type\" content=\"article\" \/>\n<meta property=\"og:title\" content=\"105-lecie harcerstwa w Gliwicach. Hufiec ZHP przygotowuje obchody i zaprasza do wst\u0105pienia w szeregi - 24GLIWICE - Portal Gliwice | codziennie nowe informacje\" \/>\n<meta property=\"og:description\" content=\"Jak zosta\u0107 harcerzem? Wystarczy wys\u0142a\u0107 wiadomo\u015b\u0107 do Hufca ZHP Ziemi Gliwickiej ze wskazaniem, do jakiej grupy wiekowej mo\u017ce nale\u017ce\u0107 dziecko\" \/>\n<meta property=\"og:url\" content=\"https:\/\/www.24gliwice.pl\/wiadomosci\/105-lecie-harcerstwa-w-gliwicach-hufiec-zhp-przygotowuje-obchody-i-zaprasza-do-wstapienia-w-szeregi\/\" \/>\n<meta property=\"og:site_name\" content=\"24GLIWICE - Portal Gliwice | codziennie nowe informacje\" \/>\n<meta property=\"article:publisher\" content=\"https:\/\/www.facebook.com\/24gliwice\" \/>\n<meta property=\"article:published_time\" content=\"2025-02-03T23:39:02+00:00\" \/>\n<meta property=\"og:image\" content=\"https:\/\/www.24gliwice.pl\/wiadomosci\/wp-content\/uploads\/2025\/01\/hufiec-zhp2.jpg\" \/>\n\t<meta property=\"og:image:width\" content=\"810\" \/>\n\t<meta property=\"og:image:height\" content=\"457\" \/>\n\t<meta property=\"og:image:type\" content=\"image\/jpeg\" \/>\n<meta name=\"author\" content=\"\u017baneta Mrozek-Siewierska\" \/>\n<meta name=\"twitter:card\" content=\"summary_large_image\" \/>\n<meta name=\"twitter:creator\" content=\"@24gliwice\" \/>\n<meta name=\"twitter:site\" content=\"@24gliwice\" \/>\n<meta name=\"twitter:label1\" content=\"Napisane przez\" \/>\n\t<meta name=\"twitter:data1\" content=\"\u017baneta Mrozek-Siewierska\" \/>\n\t<meta name=\"twitter:label2\" content=\"Szacowany czas czytania\" \/>\n\t<meta name=\"twitter:data2\" content=\"4 minuty\" \/>\n<script type=\"application\/ld+json\" class=\"yoast-schema-graph\">{\"@context\":\"https:\\\/\\\/schema.org\",\"@graph\":[{\"@type\":\"Article\",\"@id\":\"https:\\\/\\\/www.24gliwice.pl\\\/wiadomosci\\\/105-lecie-harcerstwa-w-gliwicach-hufiec-zhp-przygotowuje-obchody-i-zaprasza-do-wstapienia-w-szeregi\\\/#article\",\"isPartOf\":{\"@id\":\"https:\\\/\\\/www.24gliwice.pl\\\/wiadomosci\\\/105-lecie-harcerstwa-w-gliwicach-hufiec-zhp-przygotowuje-obchody-i-zaprasza-do-wstapienia-w-szeregi\\\/\"},\"author\":{\"name\":\"\u017baneta Mrozek-Siewierska\",\"@id\":\"https:\\\/\\\/www.24gliwice.pl\\\/wiadomosci\\\/#\\\/schema\\\/person\\\/e42c650edd7f2fa332be3811fb166b6e\"},\"headline\":\"105-lecie harcerstwa w Gliwicach. Hufiec ZHP przygotowuje obchody i zaprasza do wst\u0105pienia w szeregi\",\"datePublished\":\"2025-02-03T23:39:02+00:00\",\"mainEntityOfPage\":{\"@id\":\"https:\\\/\\\/www.24gliwice.pl\\\/wiadomosci\\\/105-lecie-harcerstwa-w-gliwicach-hufiec-zhp-przygotowuje-obchody-i-zaprasza-do-wstapienia-w-szeregi\\\/\"},\"wordCount\":581,\"commentCount\":0,\"publisher\":{\"@id\":\"https:\\\/\\\/www.24gliwice.pl\\\/wiadomosci\\\/#organization\"},\"image\":{\"@id\":\"https:\\\/\\\/www.24gliwice.pl\\\/wiadomosci\\\/105-lecie-harcerstwa-w-gliwicach-hufiec-zhp-przygotowuje-obchody-i-zaprasza-do-wstapienia-w-szeregi\\\/#primaryimage\"},\"thumbnailUrl\":\"https:\\\/\\\/www.24gliwice.pl\\\/wiadomosci\\\/wp-content\\\/uploads\\\/2025\\\/01\\\/hufiec-zhp2.jpg\",\"keywords\":[\"HARCERSTWO\",\"ZHP\"],\"articleSection\":[\"Gliwice\",\"Najnowsze wiadomo\u015bci\"],\"inLanguage\":\"pl-PL\",\"potentialAction\":[{\"@type\":\"CommentAction\",\"name\":\"Comment\",\"target\":[\"https:\\\/\\\/www.24gliwice.pl\\\/wiadomosci\\\/105-lecie-harcerstwa-w-gliwicach-hufiec-zhp-przygotowuje-obchody-i-zaprasza-do-wstapienia-w-szeregi\\\/#respond\"]}]},{\"@type\":\"WebPage\",\"@id\":\"https:\\\/\\\/www.24gliwice.pl\\\/wiadomosci\\\/105-lecie-harcerstwa-w-gliwicach-hufiec-zhp-przygotowuje-obchody-i-zaprasza-do-wstapienia-w-szeregi\\\/\",\"url\":\"https:\\\/\\\/www.24gliwice.pl\\\/wiadomosci\\\/105-lecie-harcerstwa-w-gliwicach-hufiec-zhp-przygotowuje-obchody-i-zaprasza-do-wstapienia-w-szeregi\\\/\",\"name\":\"105-lecie harcerstwa w Gliwicach. Hufiec ZHP przygotowuje obchody i zaprasza do wst\u0105pienia w szeregi - 24GLIWICE - Portal Gliwice | codziennie nowe informacje\",\"isPartOf\":{\"@id\":\"https:\\\/\\\/www.24gliwice.pl\\\/wiadomosci\\\/#website\"},\"primaryImageOfPage\":{\"@id\":\"https:\\\/\\\/www.24gliwice.pl\\\/wiadomosci\\\/105-lecie-harcerstwa-w-gliwicach-hufiec-zhp-przygotowuje-obchody-i-zaprasza-do-wstapienia-w-szeregi\\\/#primaryimage\"},\"image\":{\"@id\":\"https:\\\/\\\/www.24gliwice.pl\\\/wiadomosci\\\/105-lecie-harcerstwa-w-gliwicach-hufiec-zhp-przygotowuje-obchody-i-zaprasza-do-wstapienia-w-szeregi\\\/#primaryimage\"},\"thumbnailUrl\":\"https:\\\/\\\/www.24gliwice.pl\\\/wiadomosci\\\/wp-content\\\/uploads\\\/2025\\\/01\\\/hufiec-zhp2.jpg\",\"datePublished\":\"2025-02-03T23:39:02+00:00\",\"description\":\"Jak zosta\u0107 harcerzem? Wystarczy wys\u0142a\u0107 wiadomo\u015b\u0107 do Hufca ZHP Ziemi Gliwickiej ze wskazaniem, do jakiej grupy wiekowej mo\u017ce nale\u017ce\u0107 dziecko\",\"breadcrumb\":{\"@id\":\"https:\\\/\\\/www.24gliwice.pl\\\/wiadomosci\\\/105-lecie-harcerstwa-w-gliwicach-hufiec-zhp-przygotowuje-obchody-i-zaprasza-do-wstapienia-w-szeregi\\\/#breadcrumb\"},\"inLanguage\":\"pl-PL\",\"potentialAction\":[{\"@type\":\"ReadAction\",\"target\":[\"https:\\\/\\\/www.24gliwice.pl\\\/wiadomosci\\\/105-lecie-harcerstwa-w-gliwicach-hufiec-zhp-przygotowuje-obchody-i-zaprasza-do-wstapienia-w-szeregi\\\/\"]}]},{\"@type\":\"ImageObject\",\"inLanguage\":\"pl-PL\",\"@id\":\"https:\\\/\\\/www.24gliwice.pl\\\/wiadomosci\\\/105-lecie-harcerstwa-w-gliwicach-hufiec-zhp-przygotowuje-obchody-i-zaprasza-do-wstapienia-w-szeregi\\\/#primaryimage\",\"url\":\"https:\\\/\\\/www.24gliwice.pl\\\/wiadomosci\\\/wp-content\\\/uploads\\\/2025\\\/01\\\/hufiec-zhp2.jpg\",\"contentUrl\":\"https:\\\/\\\/www.24gliwice.pl\\\/wiadomosci\\\/wp-content\\\/uploads\\\/2025\\\/01\\\/hufiec-zhp2.jpg\",\"width\":810,\"height\":457},{\"@type\":\"BreadcrumbList\",\"@id\":\"https:\\\/\\\/www.24gliwice.pl\\\/wiadomosci\\\/105-lecie-harcerstwa-w-gliwicach-hufiec-zhp-przygotowuje-obchody-i-zaprasza-do-wstapienia-w-szeregi\\\/#breadcrumb\",\"itemListElement\":[{\"@type\":\"ListItem\",\"position\":1,\"name\":\"Strona g\u0142\u00f3wna\",\"item\":\"https:\\\/\\\/www.24gliwice.pl\\\/wiadomosci\\\/\"},{\"@type\":\"ListItem\",\"position\":2,\"name\":\"105-lecie harcerstwa w Gliwicach. Hufiec ZHP przygotowuje obchody i zaprasza do wst\u0105pienia w szeregi\"}]},{\"@type\":\"WebSite\",\"@id\":\"https:\\\/\\\/www.24gliwice.pl\\\/wiadomosci\\\/#website\",\"url\":\"https:\\\/\\\/www.24gliwice.pl\\\/wiadomosci\\\/\",\"name\":\"24GLIWICE - Portal Gliwice | codziennie nowe wiadomo\u015bci\",\"description\":\"Portal Miejski Gliwice\",\"publisher\":{\"@id\":\"https:\\\/\\\/www.24gliwice.pl\\\/wiadomosci\\\/#organization\"},\"potentialAction\":[{\"@type\":\"SearchAction\",\"target\":{\"@type\":\"EntryPoint\",\"urlTemplate\":\"https:\\\/\\\/www.24gliwice.pl\\\/wiadomosci\\\/?s={search_term_string}\"},\"query-input\":{\"@type\":\"PropertyValueSpecification\",\"valueRequired\":true,\"valueName\":\"search_term_string\"}}],\"inLanguage\":\"pl-PL\"},{\"@type\":\"Organization\",\"@id\":\"https:\\\/\\\/www.24gliwice.pl\\\/wiadomosci\\\/#organization\",\"name\":\"24gliwice\",\"url\":\"https:\\\/\\\/www.24gliwice.pl\\\/wiadomosci\\\/\",\"logo\":{\"@type\":\"ImageObject\",\"inLanguage\":\"pl-PL\",\"@id\":\"https:\\\/\\\/www.24gliwice.pl\\\/wiadomosci\\\/#\\\/schema\\\/logo\\\/image\\\/\",\"url\":\"https:\\\/\\\/www.24gliwice.pl\\\/wiadomosci\\\/wp-content\\\/uploads\\\/2024\\\/10\\\/24gliwice-logo-696.jpg\",\"contentUrl\":\"https:\\\/\\\/www.24gliwice.pl\\\/wiadomosci\\\/wp-content\\\/uploads\\\/2024\\\/10\\\/24gliwice-logo-696.jpg\",\"width\":696,\"height\":696,\"caption\":\"24gliwice\"},\"image\":{\"@id\":\"https:\\\/\\\/www.24gliwice.pl\\\/wiadomosci\\\/#\\\/schema\\\/logo\\\/image\\\/\"},\"sameAs\":[\"https:\\\/\\\/www.facebook.com\\\/24gliwice\",\"https:\\\/\\\/x.com\\\/24gliwice\",\"https:\\\/\\\/www.youtube.com\\\/@24gliwice\"]},{\"@type\":\"Person\",\"@id\":\"https:\\\/\\\/www.24gliwice.pl\\\/wiadomosci\\\/#\\\/schema\\\/person\\\/e42c650edd7f2fa332be3811fb166b6e\",\"name\":\"\u017baneta Mrozek-Siewierska\",\"image\":{\"@type\":\"ImageObject\",\"inLanguage\":\"pl-PL\",\"@id\":\"https:\\\/\\\/secure.gravatar.com\\\/avatar\\\/1881429e9c64597c77ad7aef2d0a19be69a3253e57534d16aa15bf3a4d34a0a3?s=96&d=mm&r=g\",\"url\":\"https:\\\/\\\/secure.gravatar.com\\\/avatar\\\/1881429e9c64597c77ad7aef2d0a19be69a3253e57534d16aa15bf3a4d34a0a3?s=96&d=mm&r=g\",\"contentUrl\":\"https:\\\/\\\/secure.gravatar.com\\\/avatar\\\/1881429e9c64597c77ad7aef2d0a19be69a3253e57534d16aa15bf3a4d34a0a3?s=96&d=mm&r=g\",\"caption\":\"\u017baneta Mrozek-Siewierska\"},\"url\":\"https:\\\/\\\/www.24gliwice.pl\\\/wiadomosci\\\/author\\\/zms\\\/\"}]}<\/script>\n<!-- \/ Yoast SEO plugin. -->","yoast_head_json":{"title":"105-lecie harcerstwa w Gliwicach. Hufiec ZHP przygotowuje obchody i zaprasza do wst\u0105pienia w szeregi - 24GLIWICE - Portal Gliwice | codziennie nowe informacje","description":"Jak zosta\u0107 harcerzem? Wystarczy wys\u0142a\u0107 wiadomo\u015b\u0107 do Hufca ZHP Ziemi Gliwickiej ze wskazaniem, do jakiej grupy wiekowej mo\u017ce nale\u017ce\u0107 dziecko","robots":{"index":"index","follow":"follow","max-snippet":"max-snippet:-1","max-image-preview":"max-image-preview:large","max-video-preview":"max-video-preview:-1"},"canonical":"https:\/\/www.24gliwice.pl\/wiadomosci\/105-lecie-harcerstwa-w-gliwicach-hufiec-zhp-przygotowuje-obchody-i-zaprasza-do-wstapienia-w-szeregi\/","og_locale":"pl_PL","og_type":"article","og_title":"105-lecie harcerstwa w Gliwicach. Hufiec ZHP przygotowuje obchody i zaprasza do wst\u0105pienia w szeregi - 24GLIWICE - Portal Gliwice | codziennie nowe informacje","og_description":"Jak zosta\u0107 harcerzem? Wystarczy wys\u0142a\u0107 wiadomo\u015b\u0107 do Hufca ZHP Ziemi Gliwickiej ze wskazaniem, do jakiej grupy wiekowej mo\u017ce nale\u017ce\u0107 dziecko","og_url":"https:\/\/www.24gliwice.pl\/wiadomosci\/105-lecie-harcerstwa-w-gliwicach-hufiec-zhp-przygotowuje-obchody-i-zaprasza-do-wstapienia-w-szeregi\/","og_site_name":"24GLIWICE - Portal Gliwice | codziennie nowe informacje","article_publisher":"https:\/\/www.facebook.com\/24gliwice","article_published_time":"2025-02-03T23:39:02+00:00","og_image":[{"width":810,"height":457,"url":"https:\/\/www.24gliwice.pl\/wiadomosci\/wp-content\/uploads\/2025\/01\/hufiec-zhp2.jpg","type":"image\/jpeg"}],"author":"\u017baneta Mrozek-Siewierska","twitter_card":"summary_large_image","twitter_creator":"@24gliwice","twitter_site":"@24gliwice","twitter_misc":{"Napisane przez":"\u017baneta Mrozek-Siewierska","Szacowany czas czytania":"4 minuty"},"schema":{"@context":"https:\/\/schema.org","@graph":[{"@type":"Article","@id":"https:\/\/www.24gliwice.pl\/wiadomosci\/105-lecie-harcerstwa-w-gliwicach-hufiec-zhp-przygotowuje-obchody-i-zaprasza-do-wstapienia-w-szeregi\/#article","isPartOf":{"@id":"https:\/\/www.24gliwice.pl\/wiadomosci\/105-lecie-harcerstwa-w-gliwicach-hufiec-zhp-przygotowuje-obchody-i-zaprasza-do-wstapienia-w-szeregi\/"},"author":{"name":"\u017baneta Mrozek-Siewierska","@id":"https:\/\/www.24gliwice.pl\/wiadomosci\/#\/schema\/person\/e42c650edd7f2fa332be3811fb166b6e"},"headline":"105-lecie harcerstwa w Gliwicach. Hufiec ZHP przygotowuje obchody i zaprasza do wst\u0105pienia w szeregi","datePublished":"2025-02-03T23:39:02+00:00","mainEntityOfPage":{"@id":"https:\/\/www.24gliwice.pl\/wiadomosci\/105-lecie-harcerstwa-w-gliwicach-hufiec-zhp-przygotowuje-obchody-i-zaprasza-do-wstapienia-w-szeregi\/"},"wordCount":581,"commentCount":0,"publisher":{"@id":"https:\/\/www.24gliwice.pl\/wiadomosci\/#organization"},"image":{"@id":"https:\/\/www.24gliwice.pl\/wiadomosci\/105-lecie-harcerstwa-w-gliwicach-hufiec-zhp-przygotowuje-obchody-i-zaprasza-do-wstapienia-w-szeregi\/#primaryimage"},"thumbnailUrl":"https:\/\/www.24gliwice.pl\/wiadomosci\/wp-content\/uploads\/2025\/01\/hufiec-zhp2.jpg","keywords":["HARCERSTWO","ZHP"],"articleSection":["Gliwice","Najnowsze wiadomo\u015bci"],"inLanguage":"pl-PL","potentialAction":[{"@type":"CommentAction","name":"Comment","target":["https:\/\/www.24gliwice.pl\/wiadomosci\/105-lecie-harcerstwa-w-gliwicach-hufiec-zhp-przygotowuje-obchody-i-zaprasza-do-wstapienia-w-szeregi\/#respond"]}]},{"@type":"WebPage","@id":"https:\/\/www.24gliwice.pl\/wiadomosci\/105-lecie-harcerstwa-w-gliwicach-hufiec-zhp-przygotowuje-obchody-i-zaprasza-do-wstapienia-w-szeregi\/","url":"https:\/\/www.24gliwice.pl\/wiadomosci\/105-lecie-harcerstwa-w-gliwicach-hufiec-zhp-przygotowuje-obchody-i-zaprasza-do-wstapienia-w-szeregi\/","name":"105-lecie harcerstwa w Gliwicach. Hufiec ZHP przygotowuje obchody i zaprasza do wst\u0105pienia w szeregi - 24GLIWICE - Portal Gliwice | codziennie nowe informacje","isPartOf":{"@id":"https:\/\/www.24gliwice.pl\/wiadomosci\/#website"},"primaryImageOfPage":{"@id":"https:\/\/www.24gliwice.pl\/wiadomosci\/105-lecie-harcerstwa-w-gliwicach-hufiec-zhp-przygotowuje-obchody-i-zaprasza-do-wstapienia-w-szeregi\/#primaryimage"},"image":{"@id":"https:\/\/www.24gliwice.pl\/wiadomosci\/105-lecie-harcerstwa-w-gliwicach-hufiec-zhp-przygotowuje-obchody-i-zaprasza-do-wstapienia-w-szeregi\/#primaryimage"},"thumbnailUrl":"https:\/\/www.24gliwice.pl\/wiadomosci\/wp-content\/uploads\/2025\/01\/hufiec-zhp2.jpg","datePublished":"2025-02-03T23:39:02+00:00","description":"Jak zosta\u0107 harcerzem? Wystarczy wys\u0142a\u0107 wiadomo\u015b\u0107 do Hufca ZHP Ziemi Gliwickiej ze wskazaniem, do jakiej grupy wiekowej mo\u017ce nale\u017ce\u0107 dziecko","breadcrumb":{"@id":"https:\/\/www.24gliwice.pl\/wiadomosci\/105-lecie-harcerstwa-w-gliwicach-hufiec-zhp-przygotowuje-obchody-i-zaprasza-do-wstapienia-w-szeregi\/#breadcrumb"},"inLanguage":"pl-PL","potentialAction":[{"@type":"ReadAction","target":["https:\/\/www.24gliwice.pl\/wiadomosci\/105-lecie-harcerstwa-w-gliwicach-hufiec-zhp-przygotowuje-obchody-i-zaprasza-do-wstapienia-w-szeregi\/"]}]},{"@type":"ImageObject","inLanguage":"pl-PL","@id":"https:\/\/www.24gliwice.pl\/wiadomosci\/105-lecie-harcerstwa-w-gliwicach-hufiec-zhp-przygotowuje-obchody-i-zaprasza-do-wstapienia-w-szeregi\/#primaryimage","url":"https:\/\/www.24gliwice.pl\/wiadomosci\/wp-content\/uploads\/2025\/01\/hufiec-zhp2.jpg","contentUrl":"https:\/\/www.24gliwice.pl\/wiadomosci\/wp-content\/uploads\/2025\/01\/hufiec-zhp2.jpg","width":810,"height":457},{"@type":"BreadcrumbList","@id":"https:\/\/www.24gliwice.pl\/wiadomosci\/105-lecie-harcerstwa-w-gliwicach-hufiec-zhp-przygotowuje-obchody-i-zaprasza-do-wstapienia-w-szeregi\/#breadcrumb","itemListElement":[{"@type":"ListItem","position":1,"name":"Strona g\u0142\u00f3wna","item":"https:\/\/www.24gliwice.pl\/wiadomosci\/"},{"@type":"ListItem","position":2,"name":"105-lecie harcerstwa w Gliwicach. Hufiec ZHP przygotowuje obchody i zaprasza do wst\u0105pienia w szeregi"}]},{"@type":"WebSite","@id":"https:\/\/www.24gliwice.pl\/wiadomosci\/#website","url":"https:\/\/www.24gliwice.pl\/wiadomosci\/","name":"24GLIWICE - Portal Gliwice | codziennie nowe wiadomo\u015bci","description":"Portal Miejski Gliwice","publisher":{"@id":"https:\/\/www.24gliwice.pl\/wiadomosci\/#organization"},"potentialAction":[{"@type":"SearchAction","target":{"@type":"EntryPoint","urlTemplate":"https:\/\/www.24gliwice.pl\/wiadomosci\/?s={search_term_string}"},"query-input":{"@type":"PropertyValueSpecification","valueRequired":true,"valueName":"search_term_string"}}],"inLanguage":"pl-PL"},{"@type":"Organization","@id":"https:\/\/www.24gliwice.pl\/wiadomosci\/#organization","name":"24gliwice","url":"https:\/\/www.24gliwice.pl\/wiadomosci\/","logo":{"@type":"ImageObject","inLanguage":"pl-PL","@id":"https:\/\/www.24gliwice.pl\/wiadomosci\/#\/schema\/logo\/image\/","url":"https:\/\/www.24gliwice.pl\/wiadomosci\/wp-content\/uploads\/2024\/10\/24gliwice-logo-696.jpg","contentUrl":"https:\/\/www.24gliwice.pl\/wiadomosci\/wp-content\/uploads\/2024\/10\/24gliwice-logo-696.jpg","width":696,"height":696,"caption":"24gliwice"},"image":{"@id":"https:\/\/www.24gliwice.pl\/wiadomosci\/#\/schema\/logo\/image\/"},"sameAs":["https:\/\/www.facebook.com\/24gliwice","https:\/\/x.com\/24gliwice","https:\/\/www.youtube.com\/@24gliwice"]},{"@type":"Person","@id":"https:\/\/www.24gliwice.pl\/wiadomosci\/#\/schema\/person\/e42c650edd7f2fa332be3811fb166b6e","name":"\u017baneta Mrozek-Siewierska","image":{"@type":"ImageObject","inLanguage":"pl-PL","@id":"https:\/\/secure.gravatar.com\/avatar\/1881429e9c64597c77ad7aef2d0a19be69a3253e57534d16aa15bf3a4d34a0a3?s=96&d=mm&r=g","url":"https:\/\/secure.gravatar.com\/avatar\/1881429e9c64597c77ad7aef2d0a19be69a3253e57534d16aa15bf3a4d34a0a3?s=96&d=mm&r=g","contentUrl":"https:\/\/secure.gravatar.com\/avatar\/1881429e9c64597c77ad7aef2d0a19be69a3253e57534d16aa15bf3a4d34a0a3?s=96&d=mm&r=g","caption":"\u017baneta Mrozek-Siewierska"},"url":"https:\/\/www.24gliwice.pl\/wiadomosci\/author\/zms\/"}]}},"_links":{"self":[{"href":"https:\/\/www.24gliwice.pl\/wiadomosci\/wp-json\/wp\/v2\/posts\/249021","targetHints":{"allow":["GET"]}}],"collection":[{"href":"https:\/\/www.24gliwice.pl\/wiadomosci\/wp-json\/wp\/v2\/posts"}],"about":[{"href":"https:\/\/www.24gliwice.pl\/wiadomosci\/wp-json\/wp\/v2\/types\/post"}],"author":[{"embeddable":true,"href":"https:\/\/www.24gliwice.pl\/wiadomosci\/wp-json\/wp\/v2\/users\/15"}],"replies":[{"embeddable":true,"href":"https:\/\/www.24gliwice.pl\/wiadomosci\/wp-json\/wp\/v2\/comments?post=249021"}],"version-history":[{"count":0,"href":"https:\/\/www.24gliwice.pl\/wiadomosci\/wp-json\/wp\/v2\/posts\/249021\/revisions"}],"wp:featuredmedia":[{"embeddable":true,"href":"https:\/\/www.24gliwice.pl\/wiadomosci\/wp-json\/wp\/v2\/media\/249025"}],"wp:attachment":[{"href":"https:\/\/www.24gliwice.pl\/wiadomosci\/wp-json\/wp\/v2\/media?parent=249021"}],"wp:term":[{"taxonomy":"category","embeddable":true,"href":"https:\/\/www.24gliwice.pl\/wiadomosci\/wp-json\/wp\/v2\/categories?post=249021"},{"taxonomy":"post_tag","embeddable":true,"href":"https:\/\/www.24gliwice.pl\/wiadomosci\/wp-json\/wp\/v2\/tags?post=249021"}],"curies":[{"name":"wp","href":"https:\/\/api.w.org\/{rel}","templated":true}]}}