{"id":249128,"date":"2025-02-04T01:03:46","date_gmt":"2025-02-04T00:03:46","guid":{"rendered":"https:\/\/www.24gliwice.pl\/wiadomosci\/?p=249128"},"modified":"2025-02-04T01:03:46","modified_gmt":"2025-02-04T00:03:46","slug":"koleje-slaskie-planuja-duza-inwestycje-na-terenie-gliwic-powstanie-baza-dla-taboru-i-nowe-przystanki-kolejowe","status":"publish","type":"post","link":"https:\/\/www.24gliwice.pl\/wiadomosci\/koleje-slaskie-planuja-duza-inwestycje-na-terenie-gliwic-powstanie-baza-dla-taboru-i-nowe-przystanki-kolejowe\/","title":{"rendered":"Koleje \u015al\u0105skie planuj\u0105 du\u017c\u0105 inwestycj\u0119 na terenie Gliwic. Powstanie baza dla taboru i nowe przystanki kolejowe"},"content":{"rendered":"<div class=\"gliwi-a6-nad-leadem-artykulow gliwi-entity-placement\" id=\"gliwi-3408031163\"><div class=\"gliwi-adlabel\"><span style=\"font-size: 9px\">REKLAMA<\/span><\/div><div id=\"gliwi-3343657666\" style=\"margin-bottom: 30px;margin-left: auto;margin-right: auto;text-align: center;\"><a data-no-instant=\"1\" href=\"https:\/\/przedszkole.halogen.org.pl\/\" rel=\"noopener\" class=\"a2t-link\" target=\"_blank\" aria-label=\"20260402-ANIMATOR-przedszkole_grafika_750x200\"><img loading=\"lazy\" decoding=\"async\" src=\"https:\/\/www.24gliwice.pl\/wiadomosci\/wp-content\/uploads\/2026\/04\/20260402-ANIMATOR-przedszkole_grafika_750x200.webp\" alt=\"\"  srcset=\"https:\/\/www.24gliwice.pl\/wiadomosci\/wp-content\/uploads\/2026\/04\/20260402-ANIMATOR-przedszkole_grafika_750x200.webp 750w, https:\/\/www.24gliwice.pl\/wiadomosci\/wp-content\/uploads\/2026\/04\/20260402-ANIMATOR-przedszkole_grafika_750x200-410x109.webp 410w\" sizes=\"(max-width: 750px) 100vw, 750px\" class=\"no-lazyload\" width=\"750\" height=\"200\"  style=\"display: inline-block; max-width: 100%; height: auto;\" \/><\/a><\/div><\/div><h2>Poprzemys\u0142owy teren pola Bojk\u00f3w, nale\u017c\u0105cego do kopalni So\u015bnica, zostanie zagospodarowany na nowo &#8211; Koleje \u015al\u0105skie zamierzaj\u0105 przej\u0105\u0107 obiekt i wykona\u0107 tam baz\u0119 dla swojego taboru. W ramach inwestycji zapowiedziano tak\u017ce remont kilkukilometrowej linii kolejowej i budow\u0119 trzech przystank\u00f3w &#8211; przy ul. Bojkowskiej, Sikorskiego oraz Us\u0142ugowej.<\/h2>\n<p><!--more--><\/p>\n<p>W pierwszej kolejno\u015bci regionalny przewo\u017anik ma przej\u0105\u0107 ten obiekt w dzier\u017caw\u0119, p\u00f3\u017aniej planowane jest kupno dzia\u0142ki, a na ko\u0144cu realizacja docelowej inwestycji. Koleje \u015al\u0105skie i Polska Grupa G\u00f3rnicza na terenie cechowni KWK So\u015bnica podpisa\u0142y list intencyjny, kt\u00f3rego efektem ma by\u0107 zielona transformacja poprzemys\u0142owego terenu kopalni. Przedmiotem zainteresowania sp\u00f3\u0142ki kolejowej jest ponad czterohektarowa dzia\u0142ka po dawnym szybie Bojk\u00f3w, obecnie nale\u017c\u0105ca do PGG.<\/p>\n<p><a href=\"https:\/\/www.24gliwice.pl\/wiadomosci\/wp-content\/uploads\/2025\/02\/bojkow-kwk-stop2.jpg\"><img loading=\"lazy\" decoding=\"async\" class=\"alignnone size-full wp-image-249138\" src=\"https:\/\/www.24gliwice.pl\/wiadomosci\/wp-content\/uploads\/2025\/02\/bojkow-kwk-stop2.jpg\" alt=\"\" width=\"810\" height=\"456\" srcset=\"https:\/\/www.24gliwice.pl\/wiadomosci\/wp-content\/uploads\/2025\/02\/bojkow-kwk-stop2.jpg 810w, https:\/\/www.24gliwice.pl\/wiadomosci\/wp-content\/uploads\/2025\/02\/bojkow-kwk-stop2-410x232.jpg 410w, https:\/\/www.24gliwice.pl\/wiadomosci\/wp-content\/uploads\/2025\/02\/bojkow-kwk-stop2-808x455.jpg 808w, https:\/\/www.24gliwice.pl\/wiadomosci\/wp-content\/uploads\/2025\/02\/bojkow-kwk-stop2-768x432.jpg 768w\" sizes=\"auto, (max-width: 810px) 100vw, 810px\" \/><\/a><\/p>\n<p><a href=\"https:\/\/www.24gliwice.pl\/wiadomosci\/wp-content\/uploads\/2025\/02\/bojkow-kwk-wagonik-szpula.jpg\"><img loading=\"lazy\" decoding=\"async\" class=\"alignnone size-full wp-image-249140\" src=\"https:\/\/www.24gliwice.pl\/wiadomosci\/wp-content\/uploads\/2025\/02\/bojkow-kwk-wagonik-szpula.jpg\" alt=\"\" width=\"810\" height=\"456\" srcset=\"https:\/\/www.24gliwice.pl\/wiadomosci\/wp-content\/uploads\/2025\/02\/bojkow-kwk-wagonik-szpula.jpg 810w, https:\/\/www.24gliwice.pl\/wiadomosci\/wp-content\/uploads\/2025\/02\/bojkow-kwk-wagonik-szpula-410x232.jpg 410w, https:\/\/www.24gliwice.pl\/wiadomosci\/wp-content\/uploads\/2025\/02\/bojkow-kwk-wagonik-szpula-808x455.jpg 808w, https:\/\/www.24gliwice.pl\/wiadomosci\/wp-content\/uploads\/2025\/02\/bojkow-kwk-wagonik-szpula-768x432.jpg 768w\" sizes=\"auto, (max-width: 810px) 100vw, 810px\" \/><\/a><\/p>\n<p>\u2013 Transformacja sprawia, \u017ce Wojew\u00f3dztwo \u015al\u0105skie zmienia si\u0119 praktycznie ka\u017cdego dnia. Dawne zak\u0142ady pracy zwi\u0105zane z przemys\u0142em ci\u0119\u017ckim i wydobywczym zyskuj\u0105 dzi\u015b nowe \u017cycie, mi\u0119dzy innymi dzi\u0119ki funduszom unijnym. Miejsca pracy tworzone s\u0105 w zupe\u0142nie nowych sektorach. Przekszta\u0142cenie terenu po szybie Bojk\u00f3w w Gliwicach w nowoczesn\u0105 baz\u0119 z w\u0142asn\u0105 bocznic\u0105, na czym skorzystaj\u0105 Koleje \u015al\u0105skie, jest jednym z przyk\u0142ad\u00f3w transformacji. Los szybu Bojk\u00f3w przes\u0105dzony zosta\u0142, gdy powa\u017cnej awarii uleg\u0142a jego maszyna wyci\u0105gowa, a dok\u0142adniej jej silnik \u2013 m\u00f3wi <strong>Wojciech Sa\u0142uga<\/strong>, marsza\u0142ek wojew\u00f3dztwa \u015bl\u0105skiego.<\/p><div class=\"gliwi-a3-w-tresci-artykulow gliwi-entity-placement\" id=\"gliwi-423666923\"><div class=\"gliwi-adlabel\"><span style=\"font-size: 9px\">REKLAMA<\/span><\/div><div id=\"gliwi-198973199\" style=\"margin-bottom: 30px;margin-left: auto;margin-right: auto;text-align: center;\"><a data-no-instant=\"1\" href=\"https:\/\/ogrodyandersa.pl\/\" rel=\"noopener\" class=\"a2t-link\" target=\"_blank\" aria-label=\"20260415 Ogrody Andersa KUP TERAZ D\"><img loading=\"lazy\" decoding=\"async\" src=\"https:\/\/www.24gliwice.pl\/wiadomosci\/wp-content\/uploads\/2026\/04\/20260415-Ogrody-Andersa-KUP-TERAZ-D.jpg\" alt=\"\"  srcset=\"https:\/\/www.24gliwice.pl\/wiadomosci\/wp-content\/uploads\/2026\/04\/20260415-Ogrody-Andersa-KUP-TERAZ-D.jpg 750w, https:\/\/www.24gliwice.pl\/wiadomosci\/wp-content\/uploads\/2026\/04\/20260415-Ogrody-Andersa-KUP-TERAZ-D-410x109.jpg 410w\" sizes=\"(max-width: 750px) 100vw, 750px\" class=\"no-lazyload\" width=\"750\" height=\"200\"  style=\"display: inline-block; max-width: 100%; height: auto;\" \/><\/a><\/div><\/div>\n<blockquote><p>Jako samorz\u0105d wojew\u00f3dzki stale podnosimy jako\u015b\u0107 i cz\u0119stotliwo\u015b\u0107 regionalnych po\u0142\u0105cze\u0144. Kosztem ok. 1,4 mld z\u0142, w cz\u0119\u015bci z unijnych funduszy, wsp\u00f3lnie zam\u00f3wili\u015bmy 29 nowych Impuls\u00f3w 2. Pierwszy przyjedzie ju\u017c pod koniec miesi\u0105ca, dlatego ciesz\u0119 si\u0119, \u017ce Koleje \u015al\u0105skie my\u015bl\u0105c o rozwoju znalaz\u0142y takie miejsce dla powi\u0119kszaj\u0105cego si\u0119 taboru<\/p><\/blockquote>\n<p>\u2013 dodaje <strong>Grzegorz Boski,<\/strong> wicemarsza\u0142ek wojew\u00f3dztwa \u015bl\u0105skiego.<\/p>\n<p>Atutem pokopalnianej dzia\u0142ki jest w\u0142asna bocznica kolejowa, dzi\u0119ki kt\u00f3rej pojazdy Kolei \u015al\u0105skich b\u0119d\u0105 mia\u0142y ok. 5 km do linii kolejowej zarz\u0105dzanej przez PKP PLK i stacji Gliwice. Koleje \u015al\u0105skie prowadz\u0105 ju\u017c rozmowy z PKP PLK, by przej\u0105\u0107 ten tor od PGG, a p\u00f3\u017aniej wyremontowa\u0107 kilkukilometrow\u0105 lini\u0119 i wybudowa\u0107<strong> trzy nowe przystanki \u2013 przy ul.\u00a0Bojkowskiej, Sikorskiego i Us\u0142ugowej.<\/strong> Ta inwestycja by\u0142aby dodatkowym impulsem do\u00a0rewitalizacji Bojkowa i So\u015bnicy. Mieszka\u0144com Gliwic u\u0142atwi\u0142oby to korzystanie z transportu zbiorowego, a pracuj\u0105cym w strefie ekonomicznej \u2013 dojazd do pracy.<\/p>\n<p><a href=\"https:\/\/www.24gliwice.pl\/wiadomosci\/wp-content\/uploads\/2025\/02\/bojkow-kwk-szyny-budynek-wieza.jpg\"><img loading=\"lazy\" decoding=\"async\" class=\"alignnone size-full wp-image-249144\" src=\"https:\/\/www.24gliwice.pl\/wiadomosci\/wp-content\/uploads\/2025\/02\/bojkow-kwk-szyny-budynek-wieza.jpg\" alt=\"\" width=\"810\" height=\"456\" srcset=\"https:\/\/www.24gliwice.pl\/wiadomosci\/wp-content\/uploads\/2025\/02\/bojkow-kwk-szyny-budynek-wieza.jpg 810w, https:\/\/www.24gliwice.pl\/wiadomosci\/wp-content\/uploads\/2025\/02\/bojkow-kwk-szyny-budynek-wieza-410x232.jpg 410w, https:\/\/www.24gliwice.pl\/wiadomosci\/wp-content\/uploads\/2025\/02\/bojkow-kwk-szyny-budynek-wieza-808x455.jpg 808w, https:\/\/www.24gliwice.pl\/wiadomosci\/wp-content\/uploads\/2025\/02\/bojkow-kwk-szyny-budynek-wieza-768x432.jpg 768w\" sizes=\"auto, (max-width: 810px) 100vw, 810px\" \/><\/a><\/p>\n<h4>Nowe miejsca pracy<\/h4>\n<p>Podpisany w poniedzia\u0142ek, 3 lutego, list intencyjny zak\u0142ada w pierwszym etapie oddanie Kolejom \u015al\u0105skim dzia\u0142ki w dzier\u017caw\u0119. Ostatecznie, po wycenie, nieruchomo\u015b\u0107 ma zmieni\u0107 sw\u00f3j charakter z\u00a0g\u00f3rniczego na kolejowy. Dawny szyb zosta\u0142 ju\u017c zasypany, a teren przechodzi dalsz\u0105 metamorfoz\u0119.<\/p>\n<p><a href=\"https:\/\/www.24gliwice.pl\/wiadomosci\/wp-content\/uploads\/2025\/02\/bojkow-kwk-zlom.jpg\"><img loading=\"lazy\" decoding=\"async\" class=\"alignnone size-full wp-image-249143\" src=\"https:\/\/www.24gliwice.pl\/wiadomosci\/wp-content\/uploads\/2025\/02\/bojkow-kwk-zlom.jpg\" alt=\"\" width=\"810\" height=\"456\" srcset=\"https:\/\/www.24gliwice.pl\/wiadomosci\/wp-content\/uploads\/2025\/02\/bojkow-kwk-zlom.jpg 810w, https:\/\/www.24gliwice.pl\/wiadomosci\/wp-content\/uploads\/2025\/02\/bojkow-kwk-zlom-410x232.jpg 410w, https:\/\/www.24gliwice.pl\/wiadomosci\/wp-content\/uploads\/2025\/02\/bojkow-kwk-zlom-808x455.jpg 808w, https:\/\/www.24gliwice.pl\/wiadomosci\/wp-content\/uploads\/2025\/02\/bojkow-kwk-zlom-768x432.jpg 768w\" sizes=\"auto, (max-width: 810px) 100vw, 810px\" \/><\/a><\/p>\n<p><a href=\"https:\/\/www.24gliwice.pl\/wiadomosci\/wp-content\/uploads\/2025\/02\/bojkow-kwk-wyciag.jpg\"><img loading=\"lazy\" decoding=\"async\" class=\"alignnone size-full wp-image-249142\" src=\"https:\/\/www.24gliwice.pl\/wiadomosci\/wp-content\/uploads\/2025\/02\/bojkow-kwk-wyciag.jpg\" alt=\"\" width=\"810\" height=\"456\" srcset=\"https:\/\/www.24gliwice.pl\/wiadomosci\/wp-content\/uploads\/2025\/02\/bojkow-kwk-wyciag.jpg 810w, https:\/\/www.24gliwice.pl\/wiadomosci\/wp-content\/uploads\/2025\/02\/bojkow-kwk-wyciag-410x232.jpg 410w, https:\/\/www.24gliwice.pl\/wiadomosci\/wp-content\/uploads\/2025\/02\/bojkow-kwk-wyciag-808x455.jpg 808w, https:\/\/www.24gliwice.pl\/wiadomosci\/wp-content\/uploads\/2025\/02\/bojkow-kwk-wyciag-768x432.jpg 768w\" sizes=\"auto, (max-width: 810px) 100vw, 810px\" \/><\/a><\/p>\n<p>\u2013 To szansa na nowe \u017cycie Bojkowa, na stabilne i d\u0142ugie \u017cycie. Teren, kt\u00f3ry s\u0142u\u017cy dzi\u015b peryferyjnie kopalni b\u0119dzie m\u00f3g\u0142 by\u0107 wykorzystany bardziej efektywnie \u2013 dzi\u015b na Bojkowie pracuje kilkana\u015bcie os\u00f3b m.in. przy obs\u0142udze placu materia\u0142owego, w bazie kolejowej b\u0119dzie mog\u0142o pracowa\u0107 ich znacznie wi\u0119cej \u2013 m\u00f3wi Marek Skuza, wiceprezes Polskiej Grupy G\u00f3rniczej.<\/p>\n<h4>Na zaprojektowanie i budow\u0119 nowoczesnej bazy dla swojego taboru, Koleje \u015al\u0105skie planuj\u0105 pozyska\u0107 dofinansowanie z funduszy Unii Europejskiej. Inwestycja mo\u017ce kosztowa\u0107 ponad 100 mln z\u0142.<\/h4>\n<p>\u2013 Bardzo si\u0119 ciesz\u0119, \u017ce projekt, kt\u00f3ry inicjowali\u015bmy wsp\u00f3lnie z prezesem Krzysztofem Klimoszem, w czasie gdy zarz\u0105dza\u0142em PGG nabra\u0142 realnych kszta\u0142t\u00f3w. Jego realizacja oznacza nie tylko wzmocnienie potencja\u0142u naszego regionalnego przewo\u017anika ale r\u00f3wnie\u017c popraw\u0119 jako\u015bci transportu publicznego dla mieszka\u0144c\u00f3w wojew\u00f3dztwa. Wszyscy jeste\u015bmy bardzo zdeterminowani, by doprowadzi\u0107 go do ko\u0144ca \u2013 podsumowuje <strong>Leszek Pietraszek, <\/strong>wicemarsza\u0142ek wojew\u00f3dztwa \u015bl\u0105skiego.<\/p>\n<p><a href=\"https:\/\/www.24gliwice.pl\/wiadomosci\/wp-content\/uploads\/2025\/02\/bojkow-kwk-wieza.jpg\"><img loading=\"lazy\" decoding=\"async\" class=\"alignnone size-full wp-image-249141\" src=\"https:\/\/www.24gliwice.pl\/wiadomosci\/wp-content\/uploads\/2025\/02\/bojkow-kwk-wieza.jpg\" alt=\"\" width=\"810\" height=\"456\" srcset=\"https:\/\/www.24gliwice.pl\/wiadomosci\/wp-content\/uploads\/2025\/02\/bojkow-kwk-wieza.jpg 810w, https:\/\/www.24gliwice.pl\/wiadomosci\/wp-content\/uploads\/2025\/02\/bojkow-kwk-wieza-410x232.jpg 410w, https:\/\/www.24gliwice.pl\/wiadomosci\/wp-content\/uploads\/2025\/02\/bojkow-kwk-wieza-808x455.jpg 808w, https:\/\/www.24gliwice.pl\/wiadomosci\/wp-content\/uploads\/2025\/02\/bojkow-kwk-wieza-768x432.jpg 768w\" sizes=\"auto, (max-width: 810px) 100vw, 810px\" \/><\/a><\/p>\n<p><a href=\"https:\/\/www.24gliwice.pl\/wiadomosci\/wp-content\/uploads\/2025\/02\/bojkow-kwk-suwnice.jpg\"><img loading=\"lazy\" decoding=\"async\" class=\"alignnone size-full wp-image-249139\" src=\"https:\/\/www.24gliwice.pl\/wiadomosci\/wp-content\/uploads\/2025\/02\/bojkow-kwk-suwnice.jpg\" alt=\"\" width=\"810\" height=\"456\" srcset=\"https:\/\/www.24gliwice.pl\/wiadomosci\/wp-content\/uploads\/2025\/02\/bojkow-kwk-suwnice.jpg 810w, https:\/\/www.24gliwice.pl\/wiadomosci\/wp-content\/uploads\/2025\/02\/bojkow-kwk-suwnice-410x232.jpg 410w, https:\/\/www.24gliwice.pl\/wiadomosci\/wp-content\/uploads\/2025\/02\/bojkow-kwk-suwnice-808x455.jpg 808w, https:\/\/www.24gliwice.pl\/wiadomosci\/wp-content\/uploads\/2025\/02\/bojkow-kwk-suwnice-768x432.jpg 768w\" sizes=\"auto, (max-width: 810px) 100vw, 810px\" \/><\/a><\/p>\n<p>Nowa baza ma by\u0107 gotowa na koniec 2026 roku. Sw\u0105 dzia\u0142alno\u015b\u0107 rozpocznie w kolejnym roku.\u00a0Wtedy te\u017c, flota Kolei \u015al\u0105skich b\u0119dzie du\u017co wi\u0119ksza ni\u017c obecnie. Na regionalnych liniach b\u0119d\u0105 kursowa\u0142y ju\u017c wszystkie z 29 zam\u00f3wionych przez Wojew\u00f3dztwo \u015al\u0105skie i sp\u00f3\u0142k\u0119 nowych Impuls\u00f3w 2. Ten warty ok 1,4 mld z\u0142 kontrakt pozwoli Kolejom \u015al\u0105skim na uruchomienie nowych po\u0142\u0105cze\u0144, kt\u00f3re s\u0105 w planach strategicznych przewo\u017anika i pozwoli zwi\u0119kszy\u0107 cz\u0119stotliwo\u015bci kurs\u00f3w na istniej\u0105cych trasach.<\/p>\n<blockquote><p>Gliwice to \u015bwietne miejsce, bo tu zaczyna si\u0119 najcz\u0119\u015bciej wybierana przez naszych pasa\u017cer\u00f3w trasa S1 z Gliwic do Cz\u0119stochowy, ale r\u00f3wnie\u017c to miejsce nowych kierunk\u00f3w ekspansji sp\u00f3\u0142ki, jak po\u0142\u0105czenie z Gliwic przez Knur\u00f3w do Rybnika<\/p><\/blockquote>\n<p>\u2013 t\u0142umaczy<strong> Krzysztof Klimosz<\/strong>, prezes Kolei \u015al\u0105skich.<\/p>\n<p>W nowo wybudowanej bazie K\u015a w Gliwicach serwisowane b\u0119d\u0105 nie tylko poci\u0105gi regionalnego przewo\u017anika. \u2013 Prowadzimy ju\u017c wst\u0119pne rozmowy z PKP Intercity oraz z\u00a0Newagiem, chc\u0105cym przez 10 lat serwisowa\u0107 u nas 35 swoich pojazd\u00f3w \u2013 zdradza Krzysztof Klimosz.<\/p>\n<p><a href=\"https:\/\/www.24gliwice.pl\/wiadomosci\/wp-content\/uploads\/2025\/02\/bojkow-kwk-rozdzielnia.jpg\"><img loading=\"lazy\" decoding=\"async\" class=\"alignnone size-full wp-image-249137\" src=\"https:\/\/www.24gliwice.pl\/wiadomosci\/wp-content\/uploads\/2025\/02\/bojkow-kwk-rozdzielnia.jpg\" alt=\"\" width=\"810\" height=\"456\" srcset=\"https:\/\/www.24gliwice.pl\/wiadomosci\/wp-content\/uploads\/2025\/02\/bojkow-kwk-rozdzielnia.jpg 810w, https:\/\/www.24gliwice.pl\/wiadomosci\/wp-content\/uploads\/2025\/02\/bojkow-kwk-rozdzielnia-410x232.jpg 410w, https:\/\/www.24gliwice.pl\/wiadomosci\/wp-content\/uploads\/2025\/02\/bojkow-kwk-rozdzielnia-808x455.jpg 808w, https:\/\/www.24gliwice.pl\/wiadomosci\/wp-content\/uploads\/2025\/02\/bojkow-kwk-rozdzielnia-768x432.jpg 768w\" sizes=\"auto, (max-width: 810px) 100vw, 810px\" \/><\/a> <a href=\"https:\/\/www.24gliwice.pl\/wiadomosci\/wp-content\/uploads\/2025\/02\/bojkow-kwk-kopalnia-metanowa.jpg\"><img loading=\"lazy\" decoding=\"async\" class=\"alignnone size-full wp-image-249134\" src=\"https:\/\/www.24gliwice.pl\/wiadomosci\/wp-content\/uploads\/2025\/02\/bojkow-kwk-kopalnia-metanowa.jpg\" alt=\"\" width=\"810\" height=\"456\" srcset=\"https:\/\/www.24gliwice.pl\/wiadomosci\/wp-content\/uploads\/2025\/02\/bojkow-kwk-kopalnia-metanowa.jpg 810w, https:\/\/www.24gliwice.pl\/wiadomosci\/wp-content\/uploads\/2025\/02\/bojkow-kwk-kopalnia-metanowa-410x232.jpg 410w, https:\/\/www.24gliwice.pl\/wiadomosci\/wp-content\/uploads\/2025\/02\/bojkow-kwk-kopalnia-metanowa-808x455.jpg 808w, https:\/\/www.24gliwice.pl\/wiadomosci\/wp-content\/uploads\/2025\/02\/bojkow-kwk-kopalnia-metanowa-768x432.jpg 768w\" sizes=\"auto, (max-width: 810px) 100vw, 810px\" \/><\/a><\/p>\n<h4>To nie jedyna inwestycja regionalnego przewo\u017anika<\/h4>\n<p>R\u00f3wnolegle Koleje \u015al\u0105skie rozbudowuj\u0105 swoj\u0105 baz\u0119 przy ul. Raciborskiej w Katowicach. Rozbudowa i doposa\u017cenie zaplecza technicznego rozpocznie si\u0119 lada moment i poch\u0142onie ok. 48 mln z\u0142. Przetarg na zaprojektowanie, uzyskanie pozwolenia na budow\u0119 i jej zrealizowanie w ubieg\u0142ym roku wygra\u0142a firma Budimex SA.<\/p>\n<p>W ramach tej inwestycji zostan\u0105 przebudowane torowiska i trakcja cz\u0119\u015bci bocznic, Koleje \u015al\u0105skie zyskaj\u0105 nowoczesn\u0105 tokark\u0119 podtorow\u0105 i myjni\u0119 umo\u017cliwiaj\u0105c\u0105 ca\u0142oroczn\u0105 eksploatacj\u0119. Now\u0105, przyjazn\u0105 \u015brodowisku i efektywn\u0105 energetycznie przestrze\u0144 zyskaj\u0105 r\u00f3wnie\u017c pracownicy obs\u0142ugi technicznej pojazd\u00f3w.<\/p>\n<p><a href=\"https:\/\/www.24gliwice.pl\/wiadomosci\/wp-content\/uploads\/2025\/02\/BOJKOW-KWK-LIST-INTENCYJNY2.jpg\"><img loading=\"lazy\" decoding=\"async\" class=\"alignnone size-full wp-image-249147\" src=\"https:\/\/www.24gliwice.pl\/wiadomosci\/wp-content\/uploads\/2025\/02\/BOJKOW-KWK-LIST-INTENCYJNY2.jpg\" alt=\"\" width=\"810\" height=\"457\" srcset=\"https:\/\/www.24gliwice.pl\/wiadomosci\/wp-content\/uploads\/2025\/02\/BOJKOW-KWK-LIST-INTENCYJNY2.jpg 810w, https:\/\/www.24gliwice.pl\/wiadomosci\/wp-content\/uploads\/2025\/02\/BOJKOW-KWK-LIST-INTENCYJNY2-410x232.jpg 410w, https:\/\/www.24gliwice.pl\/wiadomosci\/wp-content\/uploads\/2025\/02\/BOJKOW-KWK-LIST-INTENCYJNY2-806x455.jpg 806w, https:\/\/www.24gliwice.pl\/wiadomosci\/wp-content\/uploads\/2025\/02\/BOJKOW-KWK-LIST-INTENCYJNY2-768x433.jpg 768w\" sizes=\"auto, (max-width: 810px) 100vw, 810px\" \/><\/a><\/p>\n<p><a href=\"https:\/\/www.24gliwice.pl\/wiadomosci\/wp-content\/uploads\/2025\/02\/bojkow-baza-kolejowa.jpg\"><img loading=\"lazy\" decoding=\"async\" class=\"alignnone size-full wp-image-249133\" src=\"https:\/\/www.24gliwice.pl\/wiadomosci\/wp-content\/uploads\/2025\/02\/bojkow-baza-kolejowa.jpg\" alt=\"\" width=\"810\" height=\"456\" srcset=\"https:\/\/www.24gliwice.pl\/wiadomosci\/wp-content\/uploads\/2025\/02\/bojkow-baza-kolejowa.jpg 810w, https:\/\/www.24gliwice.pl\/wiadomosci\/wp-content\/uploads\/2025\/02\/bojkow-baza-kolejowa-410x232.jpg 410w, https:\/\/www.24gliwice.pl\/wiadomosci\/wp-content\/uploads\/2025\/02\/bojkow-baza-kolejowa-808x455.jpg 808w, https:\/\/www.24gliwice.pl\/wiadomosci\/wp-content\/uploads\/2025\/02\/bojkow-baza-kolejowa-768x432.jpg 768w\" sizes=\"auto, (max-width: 810px) 100vw, 810px\" \/><\/a><\/p>\n<p>(\u017cms)\/mat. pras. Kolei \u015al\u0105skich<\/p>\n<div class=\"gliwi-a5-na-koncu-artykulow gliwi-entity-placement\" id=\"gliwi-1980855635\"><div class=\"gliwi-adlabel\"><span style=\"font-size: 9px\">REKLAMA<\/span><\/div><div id=\"gliwi-3104586400\" style=\"margin-left: auto;margin-right: auto;text-align: center;\"><a data-no-instant=\"1\" href=\"https:\/\/www.jasek.pl\/\" rel=\"noopener\" class=\"a2t-link\" target=\"_blank\" aria-label=\"20200401-jasek 600\"><img loading=\"lazy\" decoding=\"async\" src=\"https:\/\/www.24gliwice.pl\/wiadomosci\/wp-content\/uploads\/2020\/04\/20200401-jasek-600.jpg\" alt=\"\"  srcset=\"https:\/\/www.24gliwice.pl\/wiadomosci\/wp-content\/uploads\/2020\/04\/20200401-jasek-600.jpg 600w, https:\/\/www.24gliwice.pl\/wiadomosci\/wp-content\/uploads\/2020\/04\/20200401-jasek-600-410x109.jpg 410w\" sizes=\"(max-width: 600px) 100vw, 600px\" class=\"no-lazyload\" width=\"600\" height=\"160\"  style=\"display: inline-block; max-width: 100%; height: auto;\" \/><\/a><\/div><\/div>","protected":false},"excerpt":{"rendered":"<p>Poprzemys\u0142owy teren pola Bojk\u00f3w, nale\u017c\u0105cego do kopalni So\u015bnica, zostanie zagospodarowany na nowo &#8211; Koleje \u015al\u0105skie zamierzaj\u0105 przej\u0105\u0107 obiekt i wykona\u0107 tam baz\u0119 dla swojego taboru. W ramach inwestycji zapowiedziano tak\u017ce remont kilkukilometrowej linii kolejowej i budow\u0119 trzech przystank\u00f3w &#8211; przy ul. Bojkowskiej, Sikorskiego oraz Us\u0142ugowej.<\/p>\n","protected":false},"author":15,"featured_media":249150,"comment_status":"open","ping_status":"closed","sticky":false,"template":"","format":"standard","meta":{"_monsterinsights_skip_tracking":false,"_monsterinsights_sitenote_active":false,"_monsterinsights_sitenote_note":"","_monsterinsights_sitenote_category":0,"footnotes":"","_links_to":"","_links_to_target":""},"categories":[3,1,9,8],"tags":[24195,24194],"class_list":["post-249128","post","type-post","status-publish","format-standard","has-post-thumbnail","hentry","category-gliwice","category-wszystko","category-aktualnosci_lokalne","category-samorzad_polityka","tag-baza-kolei-slaskich","tag-pole-bojkow"],"yoast_head":"<!-- This site is optimized with the Yoast SEO plugin v27.5 - https:\/\/yoast.com\/product\/yoast-seo-wordpress\/ -->\n<title>Koleje \u015al\u0105skie planuj\u0105 du\u017c\u0105 inwestycj\u0119 na terenie Gliwic. Powstanie baza dla taboru i nowe przystanki kolejowe - 24GLIWICE - Portal Gliwice | codziennie nowe informacje<\/title>\n<meta name=\"description\" content=\"Baza dla taboru kolejowego w miejscu pola Bojk\u00f3w nale\u017c\u0105cego do KWK So\u015bnica to plan inwestycyjny Kolei \u015al\u0105skich do realizacji na terenie Gliwic\" \/>\n<meta name=\"robots\" content=\"index, follow, max-snippet:-1, max-image-preview:large, max-video-preview:-1\" \/>\n<link rel=\"canonical\" href=\"https:\/\/www.24gliwice.pl\/wiadomosci\/koleje-slaskie-planuja-duza-inwestycje-na-terenie-gliwic-powstanie-baza-dla-taboru-i-nowe-przystanki-kolejowe\/\" \/>\n<meta property=\"og:locale\" content=\"pl_PL\" \/>\n<meta property=\"og:type\" content=\"article\" \/>\n<meta property=\"og:title\" content=\"Koleje \u015al\u0105skie planuj\u0105 du\u017c\u0105 inwestycj\u0119 na terenie Gliwic. Powstanie baza dla taboru i nowe przystanki kolejowe - 24GLIWICE - Portal Gliwice | codziennie nowe informacje\" \/>\n<meta property=\"og:description\" content=\"Baza dla taboru kolejowego w miejscu pola Bojk\u00f3w nale\u017c\u0105cego do KWK So\u015bnica to plan inwestycyjny Kolei \u015al\u0105skich do realizacji na terenie Gliwic\" \/>\n<meta property=\"og:url\" content=\"https:\/\/www.24gliwice.pl\/wiadomosci\/koleje-slaskie-planuja-duza-inwestycje-na-terenie-gliwic-powstanie-baza-dla-taboru-i-nowe-przystanki-kolejowe\/\" \/>\n<meta property=\"og:site_name\" content=\"24GLIWICE - Portal Gliwice | codziennie nowe informacje\" \/>\n<meta property=\"article:publisher\" content=\"https:\/\/www.facebook.com\/24gliwice\" \/>\n<meta property=\"article:published_time\" content=\"2025-02-04T00:03:46+00:00\" \/>\n<meta property=\"og:image\" content=\"https:\/\/www.24gliwice.pl\/wiadomosci\/wp-content\/uploads\/2025\/02\/bojkow-kwk-pole-bojkow-kopalni-sosnica-001.jpg\" \/>\n\t<meta property=\"og:image:width\" content=\"1200\" \/>\n\t<meta property=\"og:image:height\" content=\"677\" \/>\n\t<meta property=\"og:image:type\" content=\"image\/jpeg\" \/>\n<meta name=\"author\" content=\"\u017baneta Mrozek-Siewierska\" \/>\n<meta name=\"twitter:card\" content=\"summary_large_image\" \/>\n<meta name=\"twitter:creator\" content=\"@24gliwice\" \/>\n<meta name=\"twitter:site\" content=\"@24gliwice\" \/>\n<meta name=\"twitter:label1\" content=\"Napisane przez\" \/>\n\t<meta name=\"twitter:data1\" content=\"\u017baneta Mrozek-Siewierska\" \/>\n\t<meta name=\"twitter:label2\" content=\"Szacowany czas czytania\" \/>\n\t<meta name=\"twitter:data2\" content=\"7 minut\" \/>\n<script type=\"application\/ld+json\" class=\"yoast-schema-graph\">{\"@context\":\"https:\\\/\\\/schema.org\",\"@graph\":[{\"@type\":\"Article\",\"@id\":\"https:\\\/\\\/www.24gliwice.pl\\\/wiadomosci\\\/koleje-slaskie-planuja-duza-inwestycje-na-terenie-gliwic-powstanie-baza-dla-taboru-i-nowe-przystanki-kolejowe\\\/#article\",\"isPartOf\":{\"@id\":\"https:\\\/\\\/www.24gliwice.pl\\\/wiadomosci\\\/koleje-slaskie-planuja-duza-inwestycje-na-terenie-gliwic-powstanie-baza-dla-taboru-i-nowe-przystanki-kolejowe\\\/\"},\"author\":{\"name\":\"\u017baneta Mrozek-Siewierska\",\"@id\":\"https:\\\/\\\/www.24gliwice.pl\\\/wiadomosci\\\/#\\\/schema\\\/person\\\/e42c650edd7f2fa332be3811fb166b6e\"},\"headline\":\"Koleje \u015al\u0105skie planuj\u0105 du\u017c\u0105 inwestycj\u0119 na terenie Gliwic. Powstanie baza dla taboru i nowe przystanki kolejowe\",\"datePublished\":\"2025-02-04T00:03:46+00:00\",\"mainEntityOfPage\":{\"@id\":\"https:\\\/\\\/www.24gliwice.pl\\\/wiadomosci\\\/koleje-slaskie-planuja-duza-inwestycje-na-terenie-gliwic-powstanie-baza-dla-taboru-i-nowe-przystanki-kolejowe\\\/\"},\"wordCount\":922,\"commentCount\":0,\"publisher\":{\"@id\":\"https:\\\/\\\/www.24gliwice.pl\\\/wiadomosci\\\/#organization\"},\"image\":{\"@id\":\"https:\\\/\\\/www.24gliwice.pl\\\/wiadomosci\\\/koleje-slaskie-planuja-duza-inwestycje-na-terenie-gliwic-powstanie-baza-dla-taboru-i-nowe-przystanki-kolejowe\\\/#primaryimage\"},\"thumbnailUrl\":\"https:\\\/\\\/www.24gliwice.pl\\\/wiadomosci\\\/wp-content\\\/uploads\\\/2025\\\/02\\\/bojkow-kwk-pole-bojkow-kopalni-sosnica-001.jpg\",\"keywords\":[\"BAZA KOLEI \u015aL\u0104SKICH\",\"POLE BOJK\u00d3W\"],\"articleSection\":[\"Gliwice\",\"Najnowsze wiadomo\u015bci\",\"Portal Gliwice - Wiadomo\u015bci lokalne\",\"Samorz\u0105d, polityka\"],\"inLanguage\":\"pl-PL\",\"potentialAction\":[{\"@type\":\"CommentAction\",\"name\":\"Comment\",\"target\":[\"https:\\\/\\\/www.24gliwice.pl\\\/wiadomosci\\\/koleje-slaskie-planuja-duza-inwestycje-na-terenie-gliwic-powstanie-baza-dla-taboru-i-nowe-przystanki-kolejowe\\\/#respond\"]}]},{\"@type\":\"WebPage\",\"@id\":\"https:\\\/\\\/www.24gliwice.pl\\\/wiadomosci\\\/koleje-slaskie-planuja-duza-inwestycje-na-terenie-gliwic-powstanie-baza-dla-taboru-i-nowe-przystanki-kolejowe\\\/\",\"url\":\"https:\\\/\\\/www.24gliwice.pl\\\/wiadomosci\\\/koleje-slaskie-planuja-duza-inwestycje-na-terenie-gliwic-powstanie-baza-dla-taboru-i-nowe-przystanki-kolejowe\\\/\",\"name\":\"Koleje \u015al\u0105skie planuj\u0105 du\u017c\u0105 inwestycj\u0119 na terenie Gliwic. Powstanie baza dla taboru i nowe przystanki kolejowe - 24GLIWICE - Portal Gliwice | codziennie nowe informacje\",\"isPartOf\":{\"@id\":\"https:\\\/\\\/www.24gliwice.pl\\\/wiadomosci\\\/#website\"},\"primaryImageOfPage\":{\"@id\":\"https:\\\/\\\/www.24gliwice.pl\\\/wiadomosci\\\/koleje-slaskie-planuja-duza-inwestycje-na-terenie-gliwic-powstanie-baza-dla-taboru-i-nowe-przystanki-kolejowe\\\/#primaryimage\"},\"image\":{\"@id\":\"https:\\\/\\\/www.24gliwice.pl\\\/wiadomosci\\\/koleje-slaskie-planuja-duza-inwestycje-na-terenie-gliwic-powstanie-baza-dla-taboru-i-nowe-przystanki-kolejowe\\\/#primaryimage\"},\"thumbnailUrl\":\"https:\\\/\\\/www.24gliwice.pl\\\/wiadomosci\\\/wp-content\\\/uploads\\\/2025\\\/02\\\/bojkow-kwk-pole-bojkow-kopalni-sosnica-001.jpg\",\"datePublished\":\"2025-02-04T00:03:46+00:00\",\"description\":\"Baza dla taboru kolejowego w miejscu pola Bojk\u00f3w nale\u017c\u0105cego do KWK So\u015bnica to plan inwestycyjny Kolei \u015al\u0105skich do realizacji na terenie Gliwic\",\"breadcrumb\":{\"@id\":\"https:\\\/\\\/www.24gliwice.pl\\\/wiadomosci\\\/koleje-slaskie-planuja-duza-inwestycje-na-terenie-gliwic-powstanie-baza-dla-taboru-i-nowe-przystanki-kolejowe\\\/#breadcrumb\"},\"inLanguage\":\"pl-PL\",\"potentialAction\":[{\"@type\":\"ReadAction\",\"target\":[\"https:\\\/\\\/www.24gliwice.pl\\\/wiadomosci\\\/koleje-slaskie-planuja-duza-inwestycje-na-terenie-gliwic-powstanie-baza-dla-taboru-i-nowe-przystanki-kolejowe\\\/\"]}]},{\"@type\":\"ImageObject\",\"inLanguage\":\"pl-PL\",\"@id\":\"https:\\\/\\\/www.24gliwice.pl\\\/wiadomosci\\\/koleje-slaskie-planuja-duza-inwestycje-na-terenie-gliwic-powstanie-baza-dla-taboru-i-nowe-przystanki-kolejowe\\\/#primaryimage\",\"url\":\"https:\\\/\\\/www.24gliwice.pl\\\/wiadomosci\\\/wp-content\\\/uploads\\\/2025\\\/02\\\/bojkow-kwk-pole-bojkow-kopalni-sosnica-001.jpg\",\"contentUrl\":\"https:\\\/\\\/www.24gliwice.pl\\\/wiadomosci\\\/wp-content\\\/uploads\\\/2025\\\/02\\\/bojkow-kwk-pole-bojkow-kopalni-sosnica-001.jpg\",\"width\":1200,\"height\":677},{\"@type\":\"BreadcrumbList\",\"@id\":\"https:\\\/\\\/www.24gliwice.pl\\\/wiadomosci\\\/koleje-slaskie-planuja-duza-inwestycje-na-terenie-gliwic-powstanie-baza-dla-taboru-i-nowe-przystanki-kolejowe\\\/#breadcrumb\",\"itemListElement\":[{\"@type\":\"ListItem\",\"position\":1,\"name\":\"Strona g\u0142\u00f3wna\",\"item\":\"https:\\\/\\\/www.24gliwice.pl\\\/wiadomosci\\\/\"},{\"@type\":\"ListItem\",\"position\":2,\"name\":\"Koleje \u015al\u0105skie planuj\u0105 du\u017c\u0105 inwestycj\u0119 na terenie Gliwic. Powstanie baza dla taboru i nowe przystanki kolejowe\"}]},{\"@type\":\"WebSite\",\"@id\":\"https:\\\/\\\/www.24gliwice.pl\\\/wiadomosci\\\/#website\",\"url\":\"https:\\\/\\\/www.24gliwice.pl\\\/wiadomosci\\\/\",\"name\":\"24GLIWICE - Portal Gliwice | codziennie nowe wiadomo\u015bci\",\"description\":\"Portal Miejski Gliwice\",\"publisher\":{\"@id\":\"https:\\\/\\\/www.24gliwice.pl\\\/wiadomosci\\\/#organization\"},\"potentialAction\":[{\"@type\":\"SearchAction\",\"target\":{\"@type\":\"EntryPoint\",\"urlTemplate\":\"https:\\\/\\\/www.24gliwice.pl\\\/wiadomosci\\\/?s={search_term_string}\"},\"query-input\":{\"@type\":\"PropertyValueSpecification\",\"valueRequired\":true,\"valueName\":\"search_term_string\"}}],\"inLanguage\":\"pl-PL\"},{\"@type\":\"Organization\",\"@id\":\"https:\\\/\\\/www.24gliwice.pl\\\/wiadomosci\\\/#organization\",\"name\":\"24gliwice\",\"url\":\"https:\\\/\\\/www.24gliwice.pl\\\/wiadomosci\\\/\",\"logo\":{\"@type\":\"ImageObject\",\"inLanguage\":\"pl-PL\",\"@id\":\"https:\\\/\\\/www.24gliwice.pl\\\/wiadomosci\\\/#\\\/schema\\\/logo\\\/image\\\/\",\"url\":\"https:\\\/\\\/www.24gliwice.pl\\\/wiadomosci\\\/wp-content\\\/uploads\\\/2024\\\/10\\\/24gliwice-logo-696.jpg\",\"contentUrl\":\"https:\\\/\\\/www.24gliwice.pl\\\/wiadomosci\\\/wp-content\\\/uploads\\\/2024\\\/10\\\/24gliwice-logo-696.jpg\",\"width\":696,\"height\":696,\"caption\":\"24gliwice\"},\"image\":{\"@id\":\"https:\\\/\\\/www.24gliwice.pl\\\/wiadomosci\\\/#\\\/schema\\\/logo\\\/image\\\/\"},\"sameAs\":[\"https:\\\/\\\/www.facebook.com\\\/24gliwice\",\"https:\\\/\\\/x.com\\\/24gliwice\",\"https:\\\/\\\/www.youtube.com\\\/@24gliwice\"]},{\"@type\":\"Person\",\"@id\":\"https:\\\/\\\/www.24gliwice.pl\\\/wiadomosci\\\/#\\\/schema\\\/person\\\/e42c650edd7f2fa332be3811fb166b6e\",\"name\":\"\u017baneta Mrozek-Siewierska\",\"image\":{\"@type\":\"ImageObject\",\"inLanguage\":\"pl-PL\",\"@id\":\"https:\\\/\\\/secure.gravatar.com\\\/avatar\\\/1881429e9c64597c77ad7aef2d0a19be69a3253e57534d16aa15bf3a4d34a0a3?s=96&d=mm&r=g\",\"url\":\"https:\\\/\\\/secure.gravatar.com\\\/avatar\\\/1881429e9c64597c77ad7aef2d0a19be69a3253e57534d16aa15bf3a4d34a0a3?s=96&d=mm&r=g\",\"contentUrl\":\"https:\\\/\\\/secure.gravatar.com\\\/avatar\\\/1881429e9c64597c77ad7aef2d0a19be69a3253e57534d16aa15bf3a4d34a0a3?s=96&d=mm&r=g\",\"caption\":\"\u017baneta Mrozek-Siewierska\"},\"url\":\"https:\\\/\\\/www.24gliwice.pl\\\/wiadomosci\\\/author\\\/zms\\\/\"}]}<\/script>\n<!-- \/ Yoast SEO plugin. -->","yoast_head_json":{"title":"Koleje \u015al\u0105skie planuj\u0105 du\u017c\u0105 inwestycj\u0119 na terenie Gliwic. Powstanie baza dla taboru i nowe przystanki kolejowe - 24GLIWICE - Portal Gliwice | codziennie nowe informacje","description":"Baza dla taboru kolejowego w miejscu pola Bojk\u00f3w nale\u017c\u0105cego do KWK So\u015bnica to plan inwestycyjny Kolei \u015al\u0105skich do realizacji na terenie Gliwic","robots":{"index":"index","follow":"follow","max-snippet":"max-snippet:-1","max-image-preview":"max-image-preview:large","max-video-preview":"max-video-preview:-1"},"canonical":"https:\/\/www.24gliwice.pl\/wiadomosci\/koleje-slaskie-planuja-duza-inwestycje-na-terenie-gliwic-powstanie-baza-dla-taboru-i-nowe-przystanki-kolejowe\/","og_locale":"pl_PL","og_type":"article","og_title":"Koleje \u015al\u0105skie planuj\u0105 du\u017c\u0105 inwestycj\u0119 na terenie Gliwic. Powstanie baza dla taboru i nowe przystanki kolejowe - 24GLIWICE - Portal Gliwice | codziennie nowe informacje","og_description":"Baza dla taboru kolejowego w miejscu pola Bojk\u00f3w nale\u017c\u0105cego do KWK So\u015bnica to plan inwestycyjny Kolei \u015al\u0105skich do realizacji na terenie Gliwic","og_url":"https:\/\/www.24gliwice.pl\/wiadomosci\/koleje-slaskie-planuja-duza-inwestycje-na-terenie-gliwic-powstanie-baza-dla-taboru-i-nowe-przystanki-kolejowe\/","og_site_name":"24GLIWICE - Portal Gliwice | codziennie nowe informacje","article_publisher":"https:\/\/www.facebook.com\/24gliwice","article_published_time":"2025-02-04T00:03:46+00:00","og_image":[{"width":1200,"height":677,"url":"https:\/\/www.24gliwice.pl\/wiadomosci\/wp-content\/uploads\/2025\/02\/bojkow-kwk-pole-bojkow-kopalni-sosnica-001.jpg","type":"image\/jpeg"}],"author":"\u017baneta Mrozek-Siewierska","twitter_card":"summary_large_image","twitter_creator":"@24gliwice","twitter_site":"@24gliwice","twitter_misc":{"Napisane przez":"\u017baneta Mrozek-Siewierska","Szacowany czas czytania":"7 minut"},"schema":{"@context":"https:\/\/schema.org","@graph":[{"@type":"Article","@id":"https:\/\/www.24gliwice.pl\/wiadomosci\/koleje-slaskie-planuja-duza-inwestycje-na-terenie-gliwic-powstanie-baza-dla-taboru-i-nowe-przystanki-kolejowe\/#article","isPartOf":{"@id":"https:\/\/www.24gliwice.pl\/wiadomosci\/koleje-slaskie-planuja-duza-inwestycje-na-terenie-gliwic-powstanie-baza-dla-taboru-i-nowe-przystanki-kolejowe\/"},"author":{"name":"\u017baneta Mrozek-Siewierska","@id":"https:\/\/www.24gliwice.pl\/wiadomosci\/#\/schema\/person\/e42c650edd7f2fa332be3811fb166b6e"},"headline":"Koleje \u015al\u0105skie planuj\u0105 du\u017c\u0105 inwestycj\u0119 na terenie Gliwic. Powstanie baza dla taboru i nowe przystanki kolejowe","datePublished":"2025-02-04T00:03:46+00:00","mainEntityOfPage":{"@id":"https:\/\/www.24gliwice.pl\/wiadomosci\/koleje-slaskie-planuja-duza-inwestycje-na-terenie-gliwic-powstanie-baza-dla-taboru-i-nowe-przystanki-kolejowe\/"},"wordCount":922,"commentCount":0,"publisher":{"@id":"https:\/\/www.24gliwice.pl\/wiadomosci\/#organization"},"image":{"@id":"https:\/\/www.24gliwice.pl\/wiadomosci\/koleje-slaskie-planuja-duza-inwestycje-na-terenie-gliwic-powstanie-baza-dla-taboru-i-nowe-przystanki-kolejowe\/#primaryimage"},"thumbnailUrl":"https:\/\/www.24gliwice.pl\/wiadomosci\/wp-content\/uploads\/2025\/02\/bojkow-kwk-pole-bojkow-kopalni-sosnica-001.jpg","keywords":["BAZA KOLEI \u015aL\u0104SKICH","POLE BOJK\u00d3W"],"articleSection":["Gliwice","Najnowsze wiadomo\u015bci","Portal Gliwice - Wiadomo\u015bci lokalne","Samorz\u0105d, polityka"],"inLanguage":"pl-PL","potentialAction":[{"@type":"CommentAction","name":"Comment","target":["https:\/\/www.24gliwice.pl\/wiadomosci\/koleje-slaskie-planuja-duza-inwestycje-na-terenie-gliwic-powstanie-baza-dla-taboru-i-nowe-przystanki-kolejowe\/#respond"]}]},{"@type":"WebPage","@id":"https:\/\/www.24gliwice.pl\/wiadomosci\/koleje-slaskie-planuja-duza-inwestycje-na-terenie-gliwic-powstanie-baza-dla-taboru-i-nowe-przystanki-kolejowe\/","url":"https:\/\/www.24gliwice.pl\/wiadomosci\/koleje-slaskie-planuja-duza-inwestycje-na-terenie-gliwic-powstanie-baza-dla-taboru-i-nowe-przystanki-kolejowe\/","name":"Koleje \u015al\u0105skie planuj\u0105 du\u017c\u0105 inwestycj\u0119 na terenie Gliwic. Powstanie baza dla taboru i nowe przystanki kolejowe - 24GLIWICE - Portal Gliwice | codziennie nowe informacje","isPartOf":{"@id":"https:\/\/www.24gliwice.pl\/wiadomosci\/#website"},"primaryImageOfPage":{"@id":"https:\/\/www.24gliwice.pl\/wiadomosci\/koleje-slaskie-planuja-duza-inwestycje-na-terenie-gliwic-powstanie-baza-dla-taboru-i-nowe-przystanki-kolejowe\/#primaryimage"},"image":{"@id":"https:\/\/www.24gliwice.pl\/wiadomosci\/koleje-slaskie-planuja-duza-inwestycje-na-terenie-gliwic-powstanie-baza-dla-taboru-i-nowe-przystanki-kolejowe\/#primaryimage"},"thumbnailUrl":"https:\/\/www.24gliwice.pl\/wiadomosci\/wp-content\/uploads\/2025\/02\/bojkow-kwk-pole-bojkow-kopalni-sosnica-001.jpg","datePublished":"2025-02-04T00:03:46+00:00","description":"Baza dla taboru kolejowego w miejscu pola Bojk\u00f3w nale\u017c\u0105cego do KWK So\u015bnica to plan inwestycyjny Kolei \u015al\u0105skich do realizacji na terenie Gliwic","breadcrumb":{"@id":"https:\/\/www.24gliwice.pl\/wiadomosci\/koleje-slaskie-planuja-duza-inwestycje-na-terenie-gliwic-powstanie-baza-dla-taboru-i-nowe-przystanki-kolejowe\/#breadcrumb"},"inLanguage":"pl-PL","potentialAction":[{"@type":"ReadAction","target":["https:\/\/www.24gliwice.pl\/wiadomosci\/koleje-slaskie-planuja-duza-inwestycje-na-terenie-gliwic-powstanie-baza-dla-taboru-i-nowe-przystanki-kolejowe\/"]}]},{"@type":"ImageObject","inLanguage":"pl-PL","@id":"https:\/\/www.24gliwice.pl\/wiadomosci\/koleje-slaskie-planuja-duza-inwestycje-na-terenie-gliwic-powstanie-baza-dla-taboru-i-nowe-przystanki-kolejowe\/#primaryimage","url":"https:\/\/www.24gliwice.pl\/wiadomosci\/wp-content\/uploads\/2025\/02\/bojkow-kwk-pole-bojkow-kopalni-sosnica-001.jpg","contentUrl":"https:\/\/www.24gliwice.pl\/wiadomosci\/wp-content\/uploads\/2025\/02\/bojkow-kwk-pole-bojkow-kopalni-sosnica-001.jpg","width":1200,"height":677},{"@type":"BreadcrumbList","@id":"https:\/\/www.24gliwice.pl\/wiadomosci\/koleje-slaskie-planuja-duza-inwestycje-na-terenie-gliwic-powstanie-baza-dla-taboru-i-nowe-przystanki-kolejowe\/#breadcrumb","itemListElement":[{"@type":"ListItem","position":1,"name":"Strona g\u0142\u00f3wna","item":"https:\/\/www.24gliwice.pl\/wiadomosci\/"},{"@type":"ListItem","position":2,"name":"Koleje \u015al\u0105skie planuj\u0105 du\u017c\u0105 inwestycj\u0119 na terenie Gliwic. Powstanie baza dla taboru i nowe przystanki kolejowe"}]},{"@type":"WebSite","@id":"https:\/\/www.24gliwice.pl\/wiadomosci\/#website","url":"https:\/\/www.24gliwice.pl\/wiadomosci\/","name":"24GLIWICE - Portal Gliwice | codziennie nowe wiadomo\u015bci","description":"Portal Miejski Gliwice","publisher":{"@id":"https:\/\/www.24gliwice.pl\/wiadomosci\/#organization"},"potentialAction":[{"@type":"SearchAction","target":{"@type":"EntryPoint","urlTemplate":"https:\/\/www.24gliwice.pl\/wiadomosci\/?s={search_term_string}"},"query-input":{"@type":"PropertyValueSpecification","valueRequired":true,"valueName":"search_term_string"}}],"inLanguage":"pl-PL"},{"@type":"Organization","@id":"https:\/\/www.24gliwice.pl\/wiadomosci\/#organization","name":"24gliwice","url":"https:\/\/www.24gliwice.pl\/wiadomosci\/","logo":{"@type":"ImageObject","inLanguage":"pl-PL","@id":"https:\/\/www.24gliwice.pl\/wiadomosci\/#\/schema\/logo\/image\/","url":"https:\/\/www.24gliwice.pl\/wiadomosci\/wp-content\/uploads\/2024\/10\/24gliwice-logo-696.jpg","contentUrl":"https:\/\/www.24gliwice.pl\/wiadomosci\/wp-content\/uploads\/2024\/10\/24gliwice-logo-696.jpg","width":696,"height":696,"caption":"24gliwice"},"image":{"@id":"https:\/\/www.24gliwice.pl\/wiadomosci\/#\/schema\/logo\/image\/"},"sameAs":["https:\/\/www.facebook.com\/24gliwice","https:\/\/x.com\/24gliwice","https:\/\/www.youtube.com\/@24gliwice"]},{"@type":"Person","@id":"https:\/\/www.24gliwice.pl\/wiadomosci\/#\/schema\/person\/e42c650edd7f2fa332be3811fb166b6e","name":"\u017baneta Mrozek-Siewierska","image":{"@type":"ImageObject","inLanguage":"pl-PL","@id":"https:\/\/secure.gravatar.com\/avatar\/1881429e9c64597c77ad7aef2d0a19be69a3253e57534d16aa15bf3a4d34a0a3?s=96&d=mm&r=g","url":"https:\/\/secure.gravatar.com\/avatar\/1881429e9c64597c77ad7aef2d0a19be69a3253e57534d16aa15bf3a4d34a0a3?s=96&d=mm&r=g","contentUrl":"https:\/\/secure.gravatar.com\/avatar\/1881429e9c64597c77ad7aef2d0a19be69a3253e57534d16aa15bf3a4d34a0a3?s=96&d=mm&r=g","caption":"\u017baneta Mrozek-Siewierska"},"url":"https:\/\/www.24gliwice.pl\/wiadomosci\/author\/zms\/"}]}},"_links":{"self":[{"href":"https:\/\/www.24gliwice.pl\/wiadomosci\/wp-json\/wp\/v2\/posts\/249128","targetHints":{"allow":["GET"]}}],"collection":[{"href":"https:\/\/www.24gliwice.pl\/wiadomosci\/wp-json\/wp\/v2\/posts"}],"about":[{"href":"https:\/\/www.24gliwice.pl\/wiadomosci\/wp-json\/wp\/v2\/types\/post"}],"author":[{"embeddable":true,"href":"https:\/\/www.24gliwice.pl\/wiadomosci\/wp-json\/wp\/v2\/users\/15"}],"replies":[{"embeddable":true,"href":"https:\/\/www.24gliwice.pl\/wiadomosci\/wp-json\/wp\/v2\/comments?post=249128"}],"version-history":[{"count":0,"href":"https:\/\/www.24gliwice.pl\/wiadomosci\/wp-json\/wp\/v2\/posts\/249128\/revisions"}],"wp:featuredmedia":[{"embeddable":true,"href":"https:\/\/www.24gliwice.pl\/wiadomosci\/wp-json\/wp\/v2\/media\/249150"}],"wp:attachment":[{"href":"https:\/\/www.24gliwice.pl\/wiadomosci\/wp-json\/wp\/v2\/media?parent=249128"}],"wp:term":[{"taxonomy":"category","embeddable":true,"href":"https:\/\/www.24gliwice.pl\/wiadomosci\/wp-json\/wp\/v2\/categories?post=249128"},{"taxonomy":"post_tag","embeddable":true,"href":"https:\/\/www.24gliwice.pl\/wiadomosci\/wp-json\/wp\/v2\/tags?post=249128"}],"curies":[{"name":"wp","href":"https:\/\/api.w.org\/{rel}","templated":true}]}}