{"id":249219,"date":"2025-02-05T01:58:03","date_gmt":"2025-02-05T00:58:03","guid":{"rendered":"https:\/\/www.24gliwice.pl\/wiadomosci\/?p=249219"},"modified":"2025-02-05T16:48:10","modified_gmt":"2025-02-05T15:48:10","slug":"wiezowce-przy-piwnej-w-gliwicach-tak-czy-nie-w-gosciu-dnia-rozmawiamy-z-agata-twardoch-miejska-urbanistka","status":"publish","type":"post","link":"https:\/\/www.24gliwice.pl\/wiadomosci\/wiezowce-przy-piwnej-w-gliwicach-tak-czy-nie-w-gosciu-dnia-rozmawiamy-z-agata-twardoch-miejska-urbanistka\/","title":{"rendered":"Wie\u017cowce przy Piwnej w Gliwicach. Tak czy Nie? W &#8220;Go\u015bciu Dnia&#8221; rozmawiamy z Agat\u0105 Twardoch, miejsk\u0105 urbanistk\u0105"},"content":{"rendered":"<div class=\"gliwi-a6-nad-leadem-artykulow gliwi-entity-placement\" id=\"gliwi-4141572389\"><div class=\"gliwi-adlabel\"><span style=\"font-size: 9px\">REKLAMA<\/span><\/div><div id=\"gliwi-4112349781\" style=\"margin-bottom: 30px;margin-left: auto;margin-right: auto;text-align: center;\"><a data-no-instant=\"1\" href=\"https:\/\/przedszkole.halogen.org.pl\/\" rel=\"noopener\" class=\"a2t-link\" target=\"_blank\" aria-label=\"20260402-ANIMATOR-przedszkole_grafika_750x200\"><img loading=\"lazy\" decoding=\"async\" src=\"https:\/\/www.24gliwice.pl\/wiadomosci\/wp-content\/uploads\/2026\/04\/20260402-ANIMATOR-przedszkole_grafika_750x200.webp\" alt=\"\"  srcset=\"https:\/\/www.24gliwice.pl\/wiadomosci\/wp-content\/uploads\/2026\/04\/20260402-ANIMATOR-przedszkole_grafika_750x200.webp 750w, https:\/\/www.24gliwice.pl\/wiadomosci\/wp-content\/uploads\/2026\/04\/20260402-ANIMATOR-przedszkole_grafika_750x200-410x109.webp 410w\" sizes=\"(max-width: 750px) 100vw, 750px\" class=\"no-lazyload\" width=\"750\" height=\"200\"  style=\"display: inline-block; max-width: 100%; height: auto;\" \/><\/a><\/div><\/div><p><iframe loading=\"lazy\" width=\"810\" height=\"456\" src=\"https:\/\/www.youtube.com\/embed\/9uXRU0uJHiQ?si=uMbGlzzB65L3QTXz\" title=\"YouTube video player\" frameborder=\"0\" allow=\"accelerometer; autoplay; clipboard-write; encrypted-media; gyroscope; picture-in-picture; web-share\" referrerpolicy=\"strict-origin-when-cross-origin\" allowfullscreen><\/iframe><\/p>\n<h3>To temat, kt\u00f3ry co najmniej <a href=\"https:\/\/www.24gliwice.pl\/wiadomosci\/dwa-100-metrowe-wiezowce-powstana-przy-ul-piwnej-emocje-internautow-decyzje-podejma-radni\/\">od kilku tygodni rozgrzewa gliwick\u0105 opini\u0119 publiczn\u0105<\/a>. Zmiana planu zagospodarowania przestrzennego, kt\u00f3r\u0105 zaakceptuj\u0105 lub odrzuc\u0105 radni podczas czwartkowej sesji, zdecyduje o tym, czy przy ul. Piwnej, w s\u0105siedztwie zabudowa\u0144 dawnego browaru Hugo Scobla b\u0119d\u0105 mog\u0142y powsta\u0107 dwa ok. 100-metrowe wie\u017cowce.<\/h3>\n<p><!--more--><\/p>\n<p>W rozmowie z <a href=\"https:\/\/www.24gliwice.pl\/wiadomosci\/wybrano-miejskiego-urbaniste-gliwice-miastem-zielonym-oferujacym-wielkie-mozliwosci\/\">Agat\u0105 Twardoch, miejsk\u0105 urbanistk\u0105<\/a> pytamy o wi\u0119kszo\u015b\u0107 podnoszonych w dyskusjach w\u0105tpliwo\u015bci zwi\u0105zanych z t\u0105 inwestycj\u0105, kt\u00f3ra niew\u0105tpliwie ma szans\u0119 sta\u0107 si\u0119 na d\u0142ugie lata jednym z najbardziej charakterystycznych element\u00f3w krajobrazu naszego miasta. <\/p>\n<p>Program zrealizowano w studiu 24gliwice. Rozmow\u0119 prowadzi\u0142 red. <strong>Micha\u0142 Szewczyk<\/strong> (24gliwice). Realizacja <strong>\u0141ukasz Gawin<\/strong>, <strong>Marcin Fabrykowski<\/strong>. Odcinek powsta\u0142 dzi\u0119ki wsp\u00f3\u0142pracy redakcji 24gliwice i Nowin Gliwickich.<\/p><div class=\"gliwi-a3-w-tresci-artykulow gliwi-entity-placement\" id=\"gliwi-3220764958\"><div class=\"gliwi-adlabel\"><span style=\"font-size: 9px\">REKLAMA<\/span><\/div><div id=\"gliwi-1834212102\" style=\"margin-bottom: 30px;margin-left: auto;margin-right: auto;text-align: center;\"><a data-no-instant=\"1\" href=\"https:\/\/ogrodyandersa.pl\/\" rel=\"noopener\" class=\"a2t-link\" target=\"_blank\" aria-label=\"20260415 Ogrody Andersa KUP TERAZ D\"><img loading=\"lazy\" decoding=\"async\" src=\"https:\/\/www.24gliwice.pl\/wiadomosci\/wp-content\/uploads\/2026\/04\/20260415-Ogrody-Andersa-KUP-TERAZ-D.jpg\" alt=\"\"  srcset=\"https:\/\/www.24gliwice.pl\/wiadomosci\/wp-content\/uploads\/2026\/04\/20260415-Ogrody-Andersa-KUP-TERAZ-D.jpg 750w, https:\/\/www.24gliwice.pl\/wiadomosci\/wp-content\/uploads\/2026\/04\/20260415-Ogrody-Andersa-KUP-TERAZ-D-410x109.jpg 410w\" sizes=\"(max-width: 750px) 100vw, 750px\" class=\"no-lazyload\" width=\"750\" height=\"200\"  style=\"display: inline-block; max-width: 100%; height: auto;\" \/><\/a><\/div><\/div>\n<div id=\"attachment_246991\" style=\"width: 1150px\" class=\"wp-caption aligncenter\"><img loading=\"lazy\" decoding=\"async\" aria-describedby=\"caption-attachment-246991\" src=\"https:\/\/www.24gliwice.pl\/wiadomosci\/wp-content\/uploads\/2024\/12\/wiezowce-kolaz.jpg\" alt=\"\" width=\"1140\" height=\"642\" class=\"size-full wp-image-246991\" srcset=\"https:\/\/www.24gliwice.pl\/wiadomosci\/wp-content\/uploads\/2024\/12\/wiezowce-kolaz.jpg 1140w, https:\/\/www.24gliwice.pl\/wiadomosci\/wp-content\/uploads\/2024\/12\/wiezowce-kolaz-410x232.jpg 410w, https:\/\/www.24gliwice.pl\/wiadomosci\/wp-content\/uploads\/2024\/12\/wiezowce-kolaz-808x455.jpg 808w, https:\/\/www.24gliwice.pl\/wiadomosci\/wp-content\/uploads\/2024\/12\/wiezowce-kolaz-768x433.jpg 768w, https:\/\/www.24gliwice.pl\/wiadomosci\/wp-content\/uploads\/2024\/12\/wiezowce-kolaz-810x456.jpg 810w\" sizes=\"auto, (max-width: 1140px) 100vw, 1140px\" \/><p id=\"caption-attachment-246991\" class=\"wp-caption-text\">wiz. Trust Investment<\/p><\/div>\n<div class=\"gliwi-a5-na-koncu-artykulow gliwi-entity-placement\" id=\"gliwi-2946347331\"><div class=\"gliwi-adlabel\"><span style=\"font-size: 9px\">REKLAMA<\/span><\/div><div id=\"gliwi-3408132563\" style=\"margin-left: auto;margin-right: auto;text-align: center;\"><a data-no-instant=\"1\" href=\"https:\/\/prezeroarenagliwice.pl\/\" rel=\"noopener\" class=\"a2t-link\" target=\"_blank\" aria-label=\"20260309-PREZERO-WIOSNA-D\"><img loading=\"lazy\" decoding=\"async\" src=\"https:\/\/www.24gliwice.pl\/wiadomosci\/wp-content\/uploads\/2026\/03\/20260309-PREZERO-WIOSNA-D.webp\" alt=\"\"  srcset=\"https:\/\/www.24gliwice.pl\/wiadomosci\/wp-content\/uploads\/2026\/03\/20260309-PREZERO-WIOSNA-D.webp 750w, https:\/\/www.24gliwice.pl\/wiadomosci\/wp-content\/uploads\/2026\/03\/20260309-PREZERO-WIOSNA-D-410x109.webp 410w\" sizes=\"(max-width: 750px) 100vw, 750px\" class=\"no-lazyload\" width=\"750\" height=\"200\"  style=\"display: inline-block; max-width: 100%; height: auto;\" \/><\/a><\/div><\/div>","protected":false},"excerpt":{"rendered":"<p>To temat, kt\u00f3ry co najmniej od kilku tygodni rozgrzewa gliwick\u0105 opini\u0119 publiczn\u0105. Zmiana planu zagospodarowania przestrzennego, kt\u00f3r\u0105 zaakceptuj\u0105 lub odrzuc\u0105 radni podczas czwartkowej sesji, zdecyduje o tym, czy przy ul. Piwnej, w s\u0105siedztwie zabudowa\u0144 dawnego browaru Hugo Scobla b\u0119d\u0105 mog\u0142y powsta\u0107 dwa ok. 100-metrowe wie\u017cowce.<\/p>\n","protected":false},"author":4,"featured_media":249220,"comment_status":"open","ping_status":"closed","sticky":false,"template":"","format":"video","meta":{"_monsterinsights_skip_tracking":false,"_monsterinsights_sitenote_active":false,"_monsterinsights_sitenote_note":"","_monsterinsights_sitenote_category":0,"footnotes":"","_links_to":"","_links_to_target":""},"categories":[3,83,1,9,7144,8,4,12],"tags":[23796,24197],"class_list":["post-249219","post","type-post","status-publish","format-video","has-post-thumbnail","hentry","category-gliwice","category-gosc_dnia","category-wszystko","category-aktualnosci_lokalne","category-publicystyka_tv","category-samorzad_polityka","category-telewizja-gliwice","category-wywiady","tag-agata-twardoch","tag-wiezowce","post_format-post-format-video"],"yoast_head":"<!-- This site is optimized with the Yoast SEO plugin v27.5 - https:\/\/yoast.com\/product\/yoast-seo-wordpress\/ -->\n<title>Wie\u017cowce przy Piwnej w Gliwicach. Tak czy Nie? W &quot;Go\u015bciu Dnia&quot; rozmawiamy z Agat\u0105 Twardoch, miejsk\u0105 urbanistk\u0105 - 24GLIWICE - Portal Gliwice | codziennie nowe informacje<\/title>\n<meta name=\"robots\" content=\"index, follow, max-snippet:-1, max-image-preview:large, max-video-preview:-1\" \/>\n<link rel=\"canonical\" href=\"https:\/\/www.24gliwice.pl\/wiadomosci\/wiezowce-przy-piwnej-w-gliwicach-tak-czy-nie-w-gosciu-dnia-rozmawiamy-z-agata-twardoch-miejska-urbanistka\/\" \/>\n<meta property=\"og:locale\" content=\"pl_PL\" \/>\n<meta property=\"og:type\" content=\"article\" \/>\n<meta property=\"og:title\" content=\"Wie\u017cowce przy Piwnej w Gliwicach. Tak czy Nie? W &quot;Go\u015bciu Dnia&quot; rozmawiamy z Agat\u0105 Twardoch, miejsk\u0105 urbanistk\u0105 - 24GLIWICE - Portal Gliwice | codziennie nowe informacje\" \/>\n<meta property=\"og:description\" content=\"To temat, kt\u00f3ry co najmniej od kilku tygodni rozgrzewa gliwick\u0105 opini\u0119 publiczn\u0105. Zmiana planu zagospodarowania przestrzennego, kt\u00f3r\u0105 zaakceptuj\u0105 lub odrzuc\u0105 radni podczas czwartkowej sesji, zdecyduje o tym, czy przy ul. Piwnej, w s\u0105siedztwie zabudowa\u0144 dawnego browaru Hugo Scobla b\u0119d\u0105 mog\u0142y powsta\u0107 dwa ok. 100-metrowe wie\u017cowce.\" \/>\n<meta property=\"og:url\" content=\"https:\/\/www.24gliwice.pl\/wiadomosci\/wiezowce-przy-piwnej-w-gliwicach-tak-czy-nie-w-gosciu-dnia-rozmawiamy-z-agata-twardoch-miejska-urbanistka\/\" \/>\n<meta property=\"og:site_name\" content=\"24GLIWICE - Portal Gliwice | codziennie nowe informacje\" \/>\n<meta property=\"article:publisher\" content=\"https:\/\/www.facebook.com\/24gliwice\" \/>\n<meta property=\"article:author\" content=\"https:\/\/www.facebook.com\/marcin.fabrykowski\" \/>\n<meta property=\"article:published_time\" content=\"2025-02-05T00:58:03+00:00\" \/>\n<meta property=\"article:modified_time\" content=\"2025-02-05T15:48:10+00:00\" \/>\n<meta property=\"og:image\" content=\"https:\/\/www.24gliwice.pl\/wiadomosci\/wp-content\/uploads\/2025\/02\/agata-twardoch-gosc-dnia.jpg\" \/>\n\t<meta property=\"og:image:width\" content=\"810\" \/>\n\t<meta property=\"og:image:height\" content=\"456\" \/>\n\t<meta property=\"og:image:type\" content=\"image\/jpeg\" \/>\n<meta name=\"author\" content=\"Marcin Fabrykowski\" \/>\n<meta name=\"twitter:card\" content=\"summary_large_image\" \/>\n<meta name=\"twitter:creator\" content=\"@24gliwice\" \/>\n<meta name=\"twitter:site\" content=\"@24gliwice\" \/>\n<meta name=\"twitter:label1\" content=\"Napisane przez\" \/>\n\t<meta name=\"twitter:data1\" content=\"Marcin Fabrykowski\" \/>\n\t<meta name=\"twitter:label2\" content=\"Szacowany czas czytania\" \/>\n\t<meta name=\"twitter:data2\" content=\"2 minuty\" \/>\n<script type=\"application\/ld+json\" class=\"yoast-schema-graph\">{\"@context\":\"https:\\\/\\\/schema.org\",\"@graph\":[{\"@type\":\"Article\",\"@id\":\"https:\\\/\\\/www.24gliwice.pl\\\/wiadomosci\\\/wiezowce-przy-piwnej-w-gliwicach-tak-czy-nie-w-gosciu-dnia-rozmawiamy-z-agata-twardoch-miejska-urbanistka\\\/#article\",\"isPartOf\":{\"@id\":\"https:\\\/\\\/www.24gliwice.pl\\\/wiadomosci\\\/wiezowce-przy-piwnej-w-gliwicach-tak-czy-nie-w-gosciu-dnia-rozmawiamy-z-agata-twardoch-miejska-urbanistka\\\/\"},\"author\":{\"name\":\"Marcin Fabrykowski\",\"@id\":\"https:\\\/\\\/www.24gliwice.pl\\\/wiadomosci\\\/#\\\/schema\\\/person\\\/cb5857e4a4d048c15984c1edcc8ef0c0\"},\"headline\":\"Wie\u017cowce przy Piwnej w Gliwicach. Tak czy Nie? W &#8220;Go\u015bciu Dnia&#8221; rozmawiamy z Agat\u0105 Twardoch, miejsk\u0105 urbanistk\u0105\",\"datePublished\":\"2025-02-05T00:58:03+00:00\",\"dateModified\":\"2025-02-05T15:48:10+00:00\",\"mainEntityOfPage\":{\"@id\":\"https:\\\/\\\/www.24gliwice.pl\\\/wiadomosci\\\/wiezowce-przy-piwnej-w-gliwicach-tak-czy-nie-w-gosciu-dnia-rozmawiamy-z-agata-twardoch-miejska-urbanistka\\\/\"},\"wordCount\":150,\"commentCount\":0,\"publisher\":{\"@id\":\"https:\\\/\\\/www.24gliwice.pl\\\/wiadomosci\\\/#organization\"},\"image\":{\"@id\":\"https:\\\/\\\/www.24gliwice.pl\\\/wiadomosci\\\/wiezowce-przy-piwnej-w-gliwicach-tak-czy-nie-w-gosciu-dnia-rozmawiamy-z-agata-twardoch-miejska-urbanistka\\\/#primaryimage\"},\"thumbnailUrl\":\"https:\\\/\\\/www.24gliwice.pl\\\/wiadomosci\\\/wp-content\\\/uploads\\\/2025\\\/02\\\/agata-twardoch-gosc-dnia.jpg\",\"keywords\":[\"AGATA TWARDOCH\",\"WIE\u017bOWCE\"],\"articleSection\":[\"Gliwice\",\"Go\u015b\u0107 Dnia\",\"Najnowsze wiadomo\u015bci\",\"Portal Gliwice - Wiadomo\u015bci lokalne\",\"Publicystyka\",\"Samorz\u0105d, polityka\",\"Telewizja, materia\u0142y wideo\",\"Wywiady\"],\"inLanguage\":\"pl-PL\",\"potentialAction\":[{\"@type\":\"CommentAction\",\"name\":\"Comment\",\"target\":[\"https:\\\/\\\/www.24gliwice.pl\\\/wiadomosci\\\/wiezowce-przy-piwnej-w-gliwicach-tak-czy-nie-w-gosciu-dnia-rozmawiamy-z-agata-twardoch-miejska-urbanistka\\\/#respond\"]}]},{\"@type\":\"WebPage\",\"@id\":\"https:\\\/\\\/www.24gliwice.pl\\\/wiadomosci\\\/wiezowce-przy-piwnej-w-gliwicach-tak-czy-nie-w-gosciu-dnia-rozmawiamy-z-agata-twardoch-miejska-urbanistka\\\/\",\"url\":\"https:\\\/\\\/www.24gliwice.pl\\\/wiadomosci\\\/wiezowce-przy-piwnej-w-gliwicach-tak-czy-nie-w-gosciu-dnia-rozmawiamy-z-agata-twardoch-miejska-urbanistka\\\/\",\"name\":\"Wie\u017cowce przy Piwnej w Gliwicach. Tak czy Nie? W \\\"Go\u015bciu Dnia\\\" rozmawiamy z Agat\u0105 Twardoch, miejsk\u0105 urbanistk\u0105 - 24GLIWICE - Portal Gliwice | codziennie nowe informacje\",\"isPartOf\":{\"@id\":\"https:\\\/\\\/www.24gliwice.pl\\\/wiadomosci\\\/#website\"},\"primaryImageOfPage\":{\"@id\":\"https:\\\/\\\/www.24gliwice.pl\\\/wiadomosci\\\/wiezowce-przy-piwnej-w-gliwicach-tak-czy-nie-w-gosciu-dnia-rozmawiamy-z-agata-twardoch-miejska-urbanistka\\\/#primaryimage\"},\"image\":{\"@id\":\"https:\\\/\\\/www.24gliwice.pl\\\/wiadomosci\\\/wiezowce-przy-piwnej-w-gliwicach-tak-czy-nie-w-gosciu-dnia-rozmawiamy-z-agata-twardoch-miejska-urbanistka\\\/#primaryimage\"},\"thumbnailUrl\":\"https:\\\/\\\/www.24gliwice.pl\\\/wiadomosci\\\/wp-content\\\/uploads\\\/2025\\\/02\\\/agata-twardoch-gosc-dnia.jpg\",\"datePublished\":\"2025-02-05T00:58:03+00:00\",\"dateModified\":\"2025-02-05T15:48:10+00:00\",\"breadcrumb\":{\"@id\":\"https:\\\/\\\/www.24gliwice.pl\\\/wiadomosci\\\/wiezowce-przy-piwnej-w-gliwicach-tak-czy-nie-w-gosciu-dnia-rozmawiamy-z-agata-twardoch-miejska-urbanistka\\\/#breadcrumb\"},\"inLanguage\":\"pl-PL\",\"potentialAction\":[{\"@type\":\"ReadAction\",\"target\":[\"https:\\\/\\\/www.24gliwice.pl\\\/wiadomosci\\\/wiezowce-przy-piwnej-w-gliwicach-tak-czy-nie-w-gosciu-dnia-rozmawiamy-z-agata-twardoch-miejska-urbanistka\\\/\"]}]},{\"@type\":\"ImageObject\",\"inLanguage\":\"pl-PL\",\"@id\":\"https:\\\/\\\/www.24gliwice.pl\\\/wiadomosci\\\/wiezowce-przy-piwnej-w-gliwicach-tak-czy-nie-w-gosciu-dnia-rozmawiamy-z-agata-twardoch-miejska-urbanistka\\\/#primaryimage\",\"url\":\"https:\\\/\\\/www.24gliwice.pl\\\/wiadomosci\\\/wp-content\\\/uploads\\\/2025\\\/02\\\/agata-twardoch-gosc-dnia.jpg\",\"contentUrl\":\"https:\\\/\\\/www.24gliwice.pl\\\/wiadomosci\\\/wp-content\\\/uploads\\\/2025\\\/02\\\/agata-twardoch-gosc-dnia.jpg\",\"width\":810,\"height\":456},{\"@type\":\"BreadcrumbList\",\"@id\":\"https:\\\/\\\/www.24gliwice.pl\\\/wiadomosci\\\/wiezowce-przy-piwnej-w-gliwicach-tak-czy-nie-w-gosciu-dnia-rozmawiamy-z-agata-twardoch-miejska-urbanistka\\\/#breadcrumb\",\"itemListElement\":[{\"@type\":\"ListItem\",\"position\":1,\"name\":\"Strona g\u0142\u00f3wna\",\"item\":\"https:\\\/\\\/www.24gliwice.pl\\\/wiadomosci\\\/\"},{\"@type\":\"ListItem\",\"position\":2,\"name\":\"Wie\u017cowce przy Piwnej w Gliwicach. Tak czy Nie? W &#8220;Go\u015bciu Dnia&#8221; rozmawiamy z Agat\u0105 Twardoch, miejsk\u0105 urbanistk\u0105\"}]},{\"@type\":\"WebSite\",\"@id\":\"https:\\\/\\\/www.24gliwice.pl\\\/wiadomosci\\\/#website\",\"url\":\"https:\\\/\\\/www.24gliwice.pl\\\/wiadomosci\\\/\",\"name\":\"24GLIWICE - Portal Gliwice | codziennie nowe wiadomo\u015bci\",\"description\":\"Portal Miejski Gliwice\",\"publisher\":{\"@id\":\"https:\\\/\\\/www.24gliwice.pl\\\/wiadomosci\\\/#organization\"},\"potentialAction\":[{\"@type\":\"SearchAction\",\"target\":{\"@type\":\"EntryPoint\",\"urlTemplate\":\"https:\\\/\\\/www.24gliwice.pl\\\/wiadomosci\\\/?s={search_term_string}\"},\"query-input\":{\"@type\":\"PropertyValueSpecification\",\"valueRequired\":true,\"valueName\":\"search_term_string\"}}],\"inLanguage\":\"pl-PL\"},{\"@type\":\"Organization\",\"@id\":\"https:\\\/\\\/www.24gliwice.pl\\\/wiadomosci\\\/#organization\",\"name\":\"24gliwice\",\"url\":\"https:\\\/\\\/www.24gliwice.pl\\\/wiadomosci\\\/\",\"logo\":{\"@type\":\"ImageObject\",\"inLanguage\":\"pl-PL\",\"@id\":\"https:\\\/\\\/www.24gliwice.pl\\\/wiadomosci\\\/#\\\/schema\\\/logo\\\/image\\\/\",\"url\":\"https:\\\/\\\/www.24gliwice.pl\\\/wiadomosci\\\/wp-content\\\/uploads\\\/2024\\\/10\\\/24gliwice-logo-696.jpg\",\"contentUrl\":\"https:\\\/\\\/www.24gliwice.pl\\\/wiadomosci\\\/wp-content\\\/uploads\\\/2024\\\/10\\\/24gliwice-logo-696.jpg\",\"width\":696,\"height\":696,\"caption\":\"24gliwice\"},\"image\":{\"@id\":\"https:\\\/\\\/www.24gliwice.pl\\\/wiadomosci\\\/#\\\/schema\\\/logo\\\/image\\\/\"},\"sameAs\":[\"https:\\\/\\\/www.facebook.com\\\/24gliwice\",\"https:\\\/\\\/x.com\\\/24gliwice\",\"https:\\\/\\\/www.youtube.com\\\/@24gliwice\"]},{\"@type\":\"Person\",\"@id\":\"https:\\\/\\\/www.24gliwice.pl\\\/wiadomosci\\\/#\\\/schema\\\/person\\\/cb5857e4a4d048c15984c1edcc8ef0c0\",\"name\":\"Marcin Fabrykowski\",\"image\":{\"@type\":\"ImageObject\",\"inLanguage\":\"pl-PL\",\"@id\":\"https:\\\/\\\/www.24gliwice.pl\\\/wiadomosci\\\/wp-content\\\/uploads\\\/2025\\\/11\\\/zdjecie-moje-marcin-300-96x96.jpg\",\"url\":\"https:\\\/\\\/www.24gliwice.pl\\\/wiadomosci\\\/wp-content\\\/uploads\\\/2025\\\/11\\\/zdjecie-moje-marcin-300-96x96.jpg\",\"contentUrl\":\"https:\\\/\\\/www.24gliwice.pl\\\/wiadomosci\\\/wp-content\\\/uploads\\\/2025\\\/11\\\/zdjecie-moje-marcin-300-96x96.jpg\",\"caption\":\"Marcin Fabrykowski\"},\"sameAs\":[\"http:\\\/\\\/24gliwice.pl\",\"https:\\\/\\\/www.facebook.com\\\/marcin.fabrykowski\"],\"url\":\"https:\\\/\\\/www.24gliwice.pl\\\/wiadomosci\\\/author\\\/marcin-fabrykowski\\\/\"}]}<\/script>\n<!-- \/ Yoast SEO plugin. -->","yoast_head_json":{"title":"Wie\u017cowce przy Piwnej w Gliwicach. Tak czy Nie? W \"Go\u015bciu Dnia\" rozmawiamy z Agat\u0105 Twardoch, miejsk\u0105 urbanistk\u0105 - 24GLIWICE - Portal Gliwice | codziennie nowe informacje","robots":{"index":"index","follow":"follow","max-snippet":"max-snippet:-1","max-image-preview":"max-image-preview:large","max-video-preview":"max-video-preview:-1"},"canonical":"https:\/\/www.24gliwice.pl\/wiadomosci\/wiezowce-przy-piwnej-w-gliwicach-tak-czy-nie-w-gosciu-dnia-rozmawiamy-z-agata-twardoch-miejska-urbanistka\/","og_locale":"pl_PL","og_type":"article","og_title":"Wie\u017cowce przy Piwnej w Gliwicach. Tak czy Nie? W \"Go\u015bciu Dnia\" rozmawiamy z Agat\u0105 Twardoch, miejsk\u0105 urbanistk\u0105 - 24GLIWICE - Portal Gliwice | codziennie nowe informacje","og_description":"To temat, kt\u00f3ry co najmniej od kilku tygodni rozgrzewa gliwick\u0105 opini\u0119 publiczn\u0105. Zmiana planu zagospodarowania przestrzennego, kt\u00f3r\u0105 zaakceptuj\u0105 lub odrzuc\u0105 radni podczas czwartkowej sesji, zdecyduje o tym, czy przy ul. Piwnej, w s\u0105siedztwie zabudowa\u0144 dawnego browaru Hugo Scobla b\u0119d\u0105 mog\u0142y powsta\u0107 dwa ok. 100-metrowe wie\u017cowce.","og_url":"https:\/\/www.24gliwice.pl\/wiadomosci\/wiezowce-przy-piwnej-w-gliwicach-tak-czy-nie-w-gosciu-dnia-rozmawiamy-z-agata-twardoch-miejska-urbanistka\/","og_site_name":"24GLIWICE - Portal Gliwice | codziennie nowe informacje","article_publisher":"https:\/\/www.facebook.com\/24gliwice","article_author":"https:\/\/www.facebook.com\/marcin.fabrykowski","article_published_time":"2025-02-05T00:58:03+00:00","article_modified_time":"2025-02-05T15:48:10+00:00","og_image":[{"width":810,"height":456,"url":"https:\/\/www.24gliwice.pl\/wiadomosci\/wp-content\/uploads\/2025\/02\/agata-twardoch-gosc-dnia.jpg","type":"image\/jpeg"}],"author":"Marcin Fabrykowski","twitter_card":"summary_large_image","twitter_creator":"@24gliwice","twitter_site":"@24gliwice","twitter_misc":{"Napisane przez":"Marcin Fabrykowski","Szacowany czas czytania":"2 minuty"},"schema":{"@context":"https:\/\/schema.org","@graph":[{"@type":"Article","@id":"https:\/\/www.24gliwice.pl\/wiadomosci\/wiezowce-przy-piwnej-w-gliwicach-tak-czy-nie-w-gosciu-dnia-rozmawiamy-z-agata-twardoch-miejska-urbanistka\/#article","isPartOf":{"@id":"https:\/\/www.24gliwice.pl\/wiadomosci\/wiezowce-przy-piwnej-w-gliwicach-tak-czy-nie-w-gosciu-dnia-rozmawiamy-z-agata-twardoch-miejska-urbanistka\/"},"author":{"name":"Marcin Fabrykowski","@id":"https:\/\/www.24gliwice.pl\/wiadomosci\/#\/schema\/person\/cb5857e4a4d048c15984c1edcc8ef0c0"},"headline":"Wie\u017cowce przy Piwnej w Gliwicach. Tak czy Nie? W &#8220;Go\u015bciu Dnia&#8221; rozmawiamy z Agat\u0105 Twardoch, miejsk\u0105 urbanistk\u0105","datePublished":"2025-02-05T00:58:03+00:00","dateModified":"2025-02-05T15:48:10+00:00","mainEntityOfPage":{"@id":"https:\/\/www.24gliwice.pl\/wiadomosci\/wiezowce-przy-piwnej-w-gliwicach-tak-czy-nie-w-gosciu-dnia-rozmawiamy-z-agata-twardoch-miejska-urbanistka\/"},"wordCount":150,"commentCount":0,"publisher":{"@id":"https:\/\/www.24gliwice.pl\/wiadomosci\/#organization"},"image":{"@id":"https:\/\/www.24gliwice.pl\/wiadomosci\/wiezowce-przy-piwnej-w-gliwicach-tak-czy-nie-w-gosciu-dnia-rozmawiamy-z-agata-twardoch-miejska-urbanistka\/#primaryimage"},"thumbnailUrl":"https:\/\/www.24gliwice.pl\/wiadomosci\/wp-content\/uploads\/2025\/02\/agata-twardoch-gosc-dnia.jpg","keywords":["AGATA TWARDOCH","WIE\u017bOWCE"],"articleSection":["Gliwice","Go\u015b\u0107 Dnia","Najnowsze wiadomo\u015bci","Portal Gliwice - Wiadomo\u015bci lokalne","Publicystyka","Samorz\u0105d, polityka","Telewizja, materia\u0142y wideo","Wywiady"],"inLanguage":"pl-PL","potentialAction":[{"@type":"CommentAction","name":"Comment","target":["https:\/\/www.24gliwice.pl\/wiadomosci\/wiezowce-przy-piwnej-w-gliwicach-tak-czy-nie-w-gosciu-dnia-rozmawiamy-z-agata-twardoch-miejska-urbanistka\/#respond"]}]},{"@type":"WebPage","@id":"https:\/\/www.24gliwice.pl\/wiadomosci\/wiezowce-przy-piwnej-w-gliwicach-tak-czy-nie-w-gosciu-dnia-rozmawiamy-z-agata-twardoch-miejska-urbanistka\/","url":"https:\/\/www.24gliwice.pl\/wiadomosci\/wiezowce-przy-piwnej-w-gliwicach-tak-czy-nie-w-gosciu-dnia-rozmawiamy-z-agata-twardoch-miejska-urbanistka\/","name":"Wie\u017cowce przy Piwnej w Gliwicach. Tak czy Nie? W \"Go\u015bciu Dnia\" rozmawiamy z Agat\u0105 Twardoch, miejsk\u0105 urbanistk\u0105 - 24GLIWICE - Portal Gliwice | codziennie nowe informacje","isPartOf":{"@id":"https:\/\/www.24gliwice.pl\/wiadomosci\/#website"},"primaryImageOfPage":{"@id":"https:\/\/www.24gliwice.pl\/wiadomosci\/wiezowce-przy-piwnej-w-gliwicach-tak-czy-nie-w-gosciu-dnia-rozmawiamy-z-agata-twardoch-miejska-urbanistka\/#primaryimage"},"image":{"@id":"https:\/\/www.24gliwice.pl\/wiadomosci\/wiezowce-przy-piwnej-w-gliwicach-tak-czy-nie-w-gosciu-dnia-rozmawiamy-z-agata-twardoch-miejska-urbanistka\/#primaryimage"},"thumbnailUrl":"https:\/\/www.24gliwice.pl\/wiadomosci\/wp-content\/uploads\/2025\/02\/agata-twardoch-gosc-dnia.jpg","datePublished":"2025-02-05T00:58:03+00:00","dateModified":"2025-02-05T15:48:10+00:00","breadcrumb":{"@id":"https:\/\/www.24gliwice.pl\/wiadomosci\/wiezowce-przy-piwnej-w-gliwicach-tak-czy-nie-w-gosciu-dnia-rozmawiamy-z-agata-twardoch-miejska-urbanistka\/#breadcrumb"},"inLanguage":"pl-PL","potentialAction":[{"@type":"ReadAction","target":["https:\/\/www.24gliwice.pl\/wiadomosci\/wiezowce-przy-piwnej-w-gliwicach-tak-czy-nie-w-gosciu-dnia-rozmawiamy-z-agata-twardoch-miejska-urbanistka\/"]}]},{"@type":"ImageObject","inLanguage":"pl-PL","@id":"https:\/\/www.24gliwice.pl\/wiadomosci\/wiezowce-przy-piwnej-w-gliwicach-tak-czy-nie-w-gosciu-dnia-rozmawiamy-z-agata-twardoch-miejska-urbanistka\/#primaryimage","url":"https:\/\/www.24gliwice.pl\/wiadomosci\/wp-content\/uploads\/2025\/02\/agata-twardoch-gosc-dnia.jpg","contentUrl":"https:\/\/www.24gliwice.pl\/wiadomosci\/wp-content\/uploads\/2025\/02\/agata-twardoch-gosc-dnia.jpg","width":810,"height":456},{"@type":"BreadcrumbList","@id":"https:\/\/www.24gliwice.pl\/wiadomosci\/wiezowce-przy-piwnej-w-gliwicach-tak-czy-nie-w-gosciu-dnia-rozmawiamy-z-agata-twardoch-miejska-urbanistka\/#breadcrumb","itemListElement":[{"@type":"ListItem","position":1,"name":"Strona g\u0142\u00f3wna","item":"https:\/\/www.24gliwice.pl\/wiadomosci\/"},{"@type":"ListItem","position":2,"name":"Wie\u017cowce przy Piwnej w Gliwicach. Tak czy Nie? W &#8220;Go\u015bciu Dnia&#8221; rozmawiamy z Agat\u0105 Twardoch, miejsk\u0105 urbanistk\u0105"}]},{"@type":"WebSite","@id":"https:\/\/www.24gliwice.pl\/wiadomosci\/#website","url":"https:\/\/www.24gliwice.pl\/wiadomosci\/","name":"24GLIWICE - Portal Gliwice | codziennie nowe wiadomo\u015bci","description":"Portal Miejski Gliwice","publisher":{"@id":"https:\/\/www.24gliwice.pl\/wiadomosci\/#organization"},"potentialAction":[{"@type":"SearchAction","target":{"@type":"EntryPoint","urlTemplate":"https:\/\/www.24gliwice.pl\/wiadomosci\/?s={search_term_string}"},"query-input":{"@type":"PropertyValueSpecification","valueRequired":true,"valueName":"search_term_string"}}],"inLanguage":"pl-PL"},{"@type":"Organization","@id":"https:\/\/www.24gliwice.pl\/wiadomosci\/#organization","name":"24gliwice","url":"https:\/\/www.24gliwice.pl\/wiadomosci\/","logo":{"@type":"ImageObject","inLanguage":"pl-PL","@id":"https:\/\/www.24gliwice.pl\/wiadomosci\/#\/schema\/logo\/image\/","url":"https:\/\/www.24gliwice.pl\/wiadomosci\/wp-content\/uploads\/2024\/10\/24gliwice-logo-696.jpg","contentUrl":"https:\/\/www.24gliwice.pl\/wiadomosci\/wp-content\/uploads\/2024\/10\/24gliwice-logo-696.jpg","width":696,"height":696,"caption":"24gliwice"},"image":{"@id":"https:\/\/www.24gliwice.pl\/wiadomosci\/#\/schema\/logo\/image\/"},"sameAs":["https:\/\/www.facebook.com\/24gliwice","https:\/\/x.com\/24gliwice","https:\/\/www.youtube.com\/@24gliwice"]},{"@type":"Person","@id":"https:\/\/www.24gliwice.pl\/wiadomosci\/#\/schema\/person\/cb5857e4a4d048c15984c1edcc8ef0c0","name":"Marcin Fabrykowski","image":{"@type":"ImageObject","inLanguage":"pl-PL","@id":"https:\/\/www.24gliwice.pl\/wiadomosci\/wp-content\/uploads\/2025\/11\/zdjecie-moje-marcin-300-96x96.jpg","url":"https:\/\/www.24gliwice.pl\/wiadomosci\/wp-content\/uploads\/2025\/11\/zdjecie-moje-marcin-300-96x96.jpg","contentUrl":"https:\/\/www.24gliwice.pl\/wiadomosci\/wp-content\/uploads\/2025\/11\/zdjecie-moje-marcin-300-96x96.jpg","caption":"Marcin Fabrykowski"},"sameAs":["http:\/\/24gliwice.pl","https:\/\/www.facebook.com\/marcin.fabrykowski"],"url":"https:\/\/www.24gliwice.pl\/wiadomosci\/author\/marcin-fabrykowski\/"}]}},"_links":{"self":[{"href":"https:\/\/www.24gliwice.pl\/wiadomosci\/wp-json\/wp\/v2\/posts\/249219","targetHints":{"allow":["GET"]}}],"collection":[{"href":"https:\/\/www.24gliwice.pl\/wiadomosci\/wp-json\/wp\/v2\/posts"}],"about":[{"href":"https:\/\/www.24gliwice.pl\/wiadomosci\/wp-json\/wp\/v2\/types\/post"}],"author":[{"embeddable":true,"href":"https:\/\/www.24gliwice.pl\/wiadomosci\/wp-json\/wp\/v2\/users\/4"}],"replies":[{"embeddable":true,"href":"https:\/\/www.24gliwice.pl\/wiadomosci\/wp-json\/wp\/v2\/comments?post=249219"}],"version-history":[{"count":0,"href":"https:\/\/www.24gliwice.pl\/wiadomosci\/wp-json\/wp\/v2\/posts\/249219\/revisions"}],"wp:featuredmedia":[{"embeddable":true,"href":"https:\/\/www.24gliwice.pl\/wiadomosci\/wp-json\/wp\/v2\/media\/249220"}],"wp:attachment":[{"href":"https:\/\/www.24gliwice.pl\/wiadomosci\/wp-json\/wp\/v2\/media?parent=249219"}],"wp:term":[{"taxonomy":"category","embeddable":true,"href":"https:\/\/www.24gliwice.pl\/wiadomosci\/wp-json\/wp\/v2\/categories?post=249219"},{"taxonomy":"post_tag","embeddable":true,"href":"https:\/\/www.24gliwice.pl\/wiadomosci\/wp-json\/wp\/v2\/tags?post=249219"}],"curies":[{"name":"wp","href":"https:\/\/api.w.org\/{rel}","templated":true}]}}