{"id":249386,"date":"2025-02-07T13:07:11","date_gmt":"2025-02-07T12:07:11","guid":{"rendered":"https:\/\/www.24gliwice.pl\/wiadomosci\/?p=249386"},"modified":"2025-02-07T13:07:11","modified_gmt":"2025-02-07T12:07:11","slug":"z-narkotykami-i-z-zakazem-kierowania-wybral-sie-na-przejazdzke-38-latek-odpowie-przed-sadem","status":"publish","type":"post","link":"https:\/\/www.24gliwice.pl\/wiadomosci\/z-narkotykami-i-z-zakazem-kierowania-wybral-sie-na-przejazdzke-38-latek-odpowie-przed-sadem\/","title":{"rendered":"Z narkotykami i z zakazem kierowania wybra\u0142 si\u0119 na przeja\u017cd\u017ck\u0119. 38-latek odpowie przed s\u0105dem"},"content":{"rendered":"<div class=\"gliwi-a6-nad-leadem-artykulow gliwi-entity-placement\" id=\"gliwi-1468136879\"><div class=\"gliwi-adlabel\"><span style=\"font-size: 9px\">REKLAMA<\/span><\/div><div id=\"gliwi-2369862500\" style=\"margin-bottom: 30px;margin-left: auto;margin-right: auto;text-align: center;\"><a data-no-instant=\"1\" href=\"https:\/\/przedszkole.halogen.org.pl\/\" rel=\"noopener\" class=\"a2t-link\" target=\"_blank\" aria-label=\"20260402-ANIMATOR-przedszkole_grafika_750x200\"><img loading=\"lazy\" decoding=\"async\" src=\"https:\/\/www.24gliwice.pl\/wiadomosci\/wp-content\/uploads\/2026\/04\/20260402-ANIMATOR-przedszkole_grafika_750x200.webp\" alt=\"\"  srcset=\"https:\/\/www.24gliwice.pl\/wiadomosci\/wp-content\/uploads\/2026\/04\/20260402-ANIMATOR-przedszkole_grafika_750x200.webp 750w, https:\/\/www.24gliwice.pl\/wiadomosci\/wp-content\/uploads\/2026\/04\/20260402-ANIMATOR-przedszkole_grafika_750x200-410x109.webp 410w\" sizes=\"(max-width: 750px) 100vw, 750px\" class=\"no-lazyload\" width=\"750\" height=\"200\"  style=\"display: inline-block; max-width: 100%; height: auto;\" \/><\/a><\/div><\/div><h2>Gliwiczanin z aktywnym zakazem kierowania, wybra\u0142 si\u0119 na przeja\u017cd\u017ck\u0119 skuterem. Do kontroli zatrzymano go na terenie Bytomia. Wkr\u00f3tce wyszed\u0142 na jaw dodatkowy pow\u00f3d nerwowego zachowania m\u0119\u017cczyzny &#8211; mia\u0142 przy sobie woreczek z substancj\u0105 psychoaktywn\u0105. To, czy by\u0142 tak\u017ce pod ich wp\u0142ywem, wyka\u017ce badanie krwi.<\/h2>\n<p><!--more--><\/p>\n<p>W \u015brod\u0119, 5 lutego, p\u00f3\u017anym wieczorem bytomscy wywiadowcy na ulicy Dworskiej zauwa\u017cyli jad\u0105cy motocykl marki Honda, kt\u00f3ry poddali kontroli drogowej. <\/p>\n<p>&#8211; <em>Podczas sprawdzenia w policyjnych systemach okaza\u0142o si\u0119, \u017ce 38-latka obowi\u0105zuje s\u0105dowy zakaz prowadzenia pojazd\u00f3w mechanicznych. Ale to nie wszystko&#8230; Uwag\u0119 mundurowych zwr\u00f3ci\u0142 r\u00f3wnie\u017c fakt, \u017ce podczas kontroli drogowej 38-latek zachowywa\u0142 si\u0119 niezwykle nerwowo. Ich &#8220;policyjny nos&#8221;, nie zawi\u00f3d\u0142 i tym razem<\/em> &#8211; relacjonuje \u015bl\u0105ska policja.<\/p><div class=\"gliwi-a3-w-tresci-artykulow gliwi-entity-placement\" id=\"gliwi-2530049618\"><div class=\"gliwi-adlabel\"><span style=\"font-size: 9px\">REKLAMA<\/span><\/div><div id=\"gliwi-3975814032\" style=\"margin-bottom: 30px;margin-left: auto;margin-right: auto;text-align: center;\"><a data-no-instant=\"1\" href=\"https:\/\/ogrodyandersa.pl\/\" rel=\"noopener\" class=\"a2t-link\" target=\"_blank\" aria-label=\"20260415 Ogrody Andersa KUP TERAZ D\"><img loading=\"lazy\" decoding=\"async\" src=\"https:\/\/www.24gliwice.pl\/wiadomosci\/wp-content\/uploads\/2026\/04\/20260415-Ogrody-Andersa-KUP-TERAZ-D.jpg\" alt=\"\"  srcset=\"https:\/\/www.24gliwice.pl\/wiadomosci\/wp-content\/uploads\/2026\/04\/20260415-Ogrody-Andersa-KUP-TERAZ-D.jpg 750w, https:\/\/www.24gliwice.pl\/wiadomosci\/wp-content\/uploads\/2026\/04\/20260415-Ogrody-Andersa-KUP-TERAZ-D-410x109.jpg 410w\" sizes=\"(max-width: 750px) 100vw, 750px\" class=\"no-lazyload\" width=\"750\" height=\"200\"  style=\"display: inline-block; max-width: 100%; height: auto;\" \/><\/a><\/div><\/div>\n<blockquote><p><em>Str\u00f3\u017ce prawa znale\u017ali przy m\u0119\u017cczy\u017anie woreczek strunowy z bia\u0142ym proszkiem. Badanie testerem potwierdzi\u0142o, \u017ce by\u0142a to substancja psychoaktywna. Z uwagi na uzasadnione podejrzenie, \u017ce gliwiczanin m\u00f3g\u0142 kierowa\u0107  pod ich wp\u0142ywem, zosta\u0142a mu pobrana krew do dalszych bada\u0144<\/em><\/p><\/blockquote>\n<p>&#8211; kontynuuje KWP Katowice.<\/p>\n<p>Policjanci usun\u0119li kontrolowany pojazd z drogi na koszt w\u0142a\u015bciciela, a 38-latek trafi\u0142 do policyjnego aresztu. Za szereg pope\u0142nionych przest\u0119pstw odpowie teraz przed s\u0105dem. Zgodnie z przepisami, posiadanie \u015brodk\u00f3w odurzaj\u0105cych lub substancji psychotropowych zagro\u017cone jest kar\u0105 do 3 lat wi\u0119zienia, podobnie, jak prowadzenie pojazdu pod wp\u0142ywem \u015brodka odurzaj\u0105cego, a niestosowanie si\u0119 do s\u0105dowego zakazu a\u017c 5-letnim pobytem za kratami.<\/p>\n<p>(\u017cms)\/\u015al\u0105ska Policja<br \/>\nfot. \u015al\u0105ska Policja\/Bytom<\/p>\n<div class=\"gliwi-a5-na-koncu-artykulow gliwi-entity-placement\" id=\"gliwi-512929658\"><div class=\"gliwi-adlabel\"><span style=\"font-size: 9px\">REKLAMA<\/span><\/div><div id=\"gliwi-1541034517\" style=\"margin-left: auto;margin-right: auto;text-align: center;\"><a data-no-instant=\"1\" href=\"https:\/\/prezeroarenagliwice.pl\/\" rel=\"noopener\" class=\"a2t-link\" target=\"_blank\" aria-label=\"20260309-PREZERO-WIOSNA-D\"><img loading=\"lazy\" decoding=\"async\" src=\"https:\/\/www.24gliwice.pl\/wiadomosci\/wp-content\/uploads\/2026\/03\/20260309-PREZERO-WIOSNA-D.webp\" alt=\"\"  srcset=\"https:\/\/www.24gliwice.pl\/wiadomosci\/wp-content\/uploads\/2026\/03\/20260309-PREZERO-WIOSNA-D.webp 750w, https:\/\/www.24gliwice.pl\/wiadomosci\/wp-content\/uploads\/2026\/03\/20260309-PREZERO-WIOSNA-D-410x109.webp 410w\" sizes=\"(max-width: 750px) 100vw, 750px\" class=\"no-lazyload\" width=\"750\" height=\"200\"  style=\"display: inline-block; max-width: 100%; height: auto;\" \/><\/a><\/div><\/div>","protected":false},"excerpt":{"rendered":"<p>Gliwiczanin z aktywnym zakazem kierowania, wybra\u0142 si\u0119 na przeja\u017cd\u017ck\u0119 skuterem. Do kontroli zatrzymano go na terenie Bytomia. Wkr\u00f3tce wyszed\u0142 na jaw dodatkowy pow\u00f3d nerwowego zachowania m\u0119\u017cczyzny &#8211; mia\u0142 przy sobie woreczek z substancj\u0105 psychoaktywn\u0105. To, czy by\u0142 tak\u017ce pod ich wp\u0142ywem, wyka\u017ce badanie krwi.<\/p>\n","protected":false},"author":15,"featured_media":249390,"comment_status":"open","ping_status":"closed","sticky":false,"template":"","format":"standard","meta":{"_monsterinsights_skip_tracking":false,"_monsterinsights_sitenote_active":false,"_monsterinsights_sitenote_note":"","_monsterinsights_sitenote_category":0,"footnotes":"","_links_to":"","_links_to_target":""},"categories":[3,1,5],"tags":[5610,23238],"class_list":["post-249386","post","type-post","status-publish","format-standard","has-post-thumbnail","hentry","category-gliwice","category-wszystko","category-kryminalki","tag-narkotyki","tag-zakaz-kierowania"],"yoast_head":"<!-- This site is optimized with the Yoast SEO plugin v27.5 - https:\/\/yoast.com\/product\/yoast-seo-wordpress\/ -->\n<title>Z narkotykami i z zakazem kierowania wybra\u0142 si\u0119 na przeja\u017cd\u017ck\u0119. 38-latek odpowie przed s\u0105dem - 24GLIWICE - Portal Gliwice | codziennie nowe informacje<\/title>\n<meta name=\"description\" content=\"Kierowca motocykla z zakazem kierowania zosta\u0142 zatrzymany do kontroli. Przy m\u0119\u017cczy\u017anie znaleziono tak\u017ce narkotyki\" \/>\n<meta name=\"robots\" content=\"index, follow, max-snippet:-1, max-image-preview:large, max-video-preview:-1\" \/>\n<link rel=\"canonical\" href=\"https:\/\/www.24gliwice.pl\/wiadomosci\/z-narkotykami-i-z-zakazem-kierowania-wybral-sie-na-przejazdzke-38-latek-odpowie-przed-sadem\/\" \/>\n<meta property=\"og:locale\" content=\"pl_PL\" \/>\n<meta property=\"og:type\" content=\"article\" \/>\n<meta property=\"og:title\" content=\"Z narkotykami i z zakazem kierowania wybra\u0142 si\u0119 na przeja\u017cd\u017ck\u0119. 38-latek odpowie przed s\u0105dem - 24GLIWICE - Portal Gliwice | codziennie nowe informacje\" \/>\n<meta property=\"og:description\" content=\"Kierowca motocykla z zakazem kierowania zosta\u0142 zatrzymany do kontroli. Przy m\u0119\u017cczy\u017anie znaleziono tak\u017ce narkotyki\" \/>\n<meta property=\"og:url\" content=\"https:\/\/www.24gliwice.pl\/wiadomosci\/z-narkotykami-i-z-zakazem-kierowania-wybral-sie-na-przejazdzke-38-latek-odpowie-przed-sadem\/\" \/>\n<meta property=\"og:site_name\" content=\"24GLIWICE - Portal Gliwice | codziennie nowe informacje\" \/>\n<meta property=\"article:publisher\" content=\"https:\/\/www.facebook.com\/24gliwice\" \/>\n<meta property=\"article:published_time\" content=\"2025-02-07T12:07:11+00:00\" \/>\n<meta property=\"og:image\" content=\"https:\/\/www.24gliwice.pl\/wiadomosci\/wp-content\/uploads\/2025\/02\/kierowal-na-zakazie2.jpg\" \/>\n\t<meta property=\"og:image:width\" content=\"810\" \/>\n\t<meta property=\"og:image:height\" content=\"455\" \/>\n\t<meta property=\"og:image:type\" content=\"image\/jpeg\" \/>\n<meta name=\"author\" content=\"\u017baneta Mrozek-Siewierska\" \/>\n<meta name=\"twitter:card\" content=\"summary_large_image\" \/>\n<meta name=\"twitter:creator\" content=\"@24gliwice\" \/>\n<meta name=\"twitter:site\" content=\"@24gliwice\" \/>\n<meta name=\"twitter:label1\" content=\"Napisane przez\" \/>\n\t<meta name=\"twitter:data1\" content=\"\u017baneta Mrozek-Siewierska\" \/>\n\t<meta name=\"twitter:label2\" content=\"Szacowany czas czytania\" \/>\n\t<meta name=\"twitter:data2\" content=\"2 minuty\" \/>\n<script type=\"application\/ld+json\" class=\"yoast-schema-graph\">{\"@context\":\"https:\\\/\\\/schema.org\",\"@graph\":[{\"@type\":\"Article\",\"@id\":\"https:\\\/\\\/www.24gliwice.pl\\\/wiadomosci\\\/z-narkotykami-i-z-zakazem-kierowania-wybral-sie-na-przejazdzke-38-latek-odpowie-przed-sadem\\\/#article\",\"isPartOf\":{\"@id\":\"https:\\\/\\\/www.24gliwice.pl\\\/wiadomosci\\\/z-narkotykami-i-z-zakazem-kierowania-wybral-sie-na-przejazdzke-38-latek-odpowie-przed-sadem\\\/\"},\"author\":{\"name\":\"\u017baneta Mrozek-Siewierska\",\"@id\":\"https:\\\/\\\/www.24gliwice.pl\\\/wiadomosci\\\/#\\\/schema\\\/person\\\/e42c650edd7f2fa332be3811fb166b6e\"},\"headline\":\"Z narkotykami i z zakazem kierowania wybra\u0142 si\u0119 na przeja\u017cd\u017ck\u0119. 38-latek odpowie przed s\u0105dem\",\"datePublished\":\"2025-02-07T12:07:11+00:00\",\"mainEntityOfPage\":{\"@id\":\"https:\\\/\\\/www.24gliwice.pl\\\/wiadomosci\\\/z-narkotykami-i-z-zakazem-kierowania-wybral-sie-na-przejazdzke-38-latek-odpowie-przed-sadem\\\/\"},\"wordCount\":276,\"commentCount\":0,\"publisher\":{\"@id\":\"https:\\\/\\\/www.24gliwice.pl\\\/wiadomosci\\\/#organization\"},\"image\":{\"@id\":\"https:\\\/\\\/www.24gliwice.pl\\\/wiadomosci\\\/z-narkotykami-i-z-zakazem-kierowania-wybral-sie-na-przejazdzke-38-latek-odpowie-przed-sadem\\\/#primaryimage\"},\"thumbnailUrl\":\"https:\\\/\\\/www.24gliwice.pl\\\/wiadomosci\\\/wp-content\\\/uploads\\\/2025\\\/02\\\/kierowal-na-zakazie2.jpg\",\"keywords\":[\"NARKOTYKI\",\"zakaz kierowania\"],\"articleSection\":[\"Gliwice\",\"Najnowsze wiadomo\u015bci\",\"Prawo\"],\"inLanguage\":\"pl-PL\",\"potentialAction\":[{\"@type\":\"CommentAction\",\"name\":\"Comment\",\"target\":[\"https:\\\/\\\/www.24gliwice.pl\\\/wiadomosci\\\/z-narkotykami-i-z-zakazem-kierowania-wybral-sie-na-przejazdzke-38-latek-odpowie-przed-sadem\\\/#respond\"]}]},{\"@type\":\"WebPage\",\"@id\":\"https:\\\/\\\/www.24gliwice.pl\\\/wiadomosci\\\/z-narkotykami-i-z-zakazem-kierowania-wybral-sie-na-przejazdzke-38-latek-odpowie-przed-sadem\\\/\",\"url\":\"https:\\\/\\\/www.24gliwice.pl\\\/wiadomosci\\\/z-narkotykami-i-z-zakazem-kierowania-wybral-sie-na-przejazdzke-38-latek-odpowie-przed-sadem\\\/\",\"name\":\"Z narkotykami i z zakazem kierowania wybra\u0142 si\u0119 na przeja\u017cd\u017ck\u0119. 38-latek odpowie przed s\u0105dem - 24GLIWICE - Portal Gliwice | codziennie nowe informacje\",\"isPartOf\":{\"@id\":\"https:\\\/\\\/www.24gliwice.pl\\\/wiadomosci\\\/#website\"},\"primaryImageOfPage\":{\"@id\":\"https:\\\/\\\/www.24gliwice.pl\\\/wiadomosci\\\/z-narkotykami-i-z-zakazem-kierowania-wybral-sie-na-przejazdzke-38-latek-odpowie-przed-sadem\\\/#primaryimage\"},\"image\":{\"@id\":\"https:\\\/\\\/www.24gliwice.pl\\\/wiadomosci\\\/z-narkotykami-i-z-zakazem-kierowania-wybral-sie-na-przejazdzke-38-latek-odpowie-przed-sadem\\\/#primaryimage\"},\"thumbnailUrl\":\"https:\\\/\\\/www.24gliwice.pl\\\/wiadomosci\\\/wp-content\\\/uploads\\\/2025\\\/02\\\/kierowal-na-zakazie2.jpg\",\"datePublished\":\"2025-02-07T12:07:11+00:00\",\"description\":\"Kierowca motocykla z zakazem kierowania zosta\u0142 zatrzymany do kontroli. Przy m\u0119\u017cczy\u017anie znaleziono tak\u017ce narkotyki\",\"breadcrumb\":{\"@id\":\"https:\\\/\\\/www.24gliwice.pl\\\/wiadomosci\\\/z-narkotykami-i-z-zakazem-kierowania-wybral-sie-na-przejazdzke-38-latek-odpowie-przed-sadem\\\/#breadcrumb\"},\"inLanguage\":\"pl-PL\",\"potentialAction\":[{\"@type\":\"ReadAction\",\"target\":[\"https:\\\/\\\/www.24gliwice.pl\\\/wiadomosci\\\/z-narkotykami-i-z-zakazem-kierowania-wybral-sie-na-przejazdzke-38-latek-odpowie-przed-sadem\\\/\"]}]},{\"@type\":\"ImageObject\",\"inLanguage\":\"pl-PL\",\"@id\":\"https:\\\/\\\/www.24gliwice.pl\\\/wiadomosci\\\/z-narkotykami-i-z-zakazem-kierowania-wybral-sie-na-przejazdzke-38-latek-odpowie-przed-sadem\\\/#primaryimage\",\"url\":\"https:\\\/\\\/www.24gliwice.pl\\\/wiadomosci\\\/wp-content\\\/uploads\\\/2025\\\/02\\\/kierowal-na-zakazie2.jpg\",\"contentUrl\":\"https:\\\/\\\/www.24gliwice.pl\\\/wiadomosci\\\/wp-content\\\/uploads\\\/2025\\\/02\\\/kierowal-na-zakazie2.jpg\",\"width\":810,\"height\":455},{\"@type\":\"BreadcrumbList\",\"@id\":\"https:\\\/\\\/www.24gliwice.pl\\\/wiadomosci\\\/z-narkotykami-i-z-zakazem-kierowania-wybral-sie-na-przejazdzke-38-latek-odpowie-przed-sadem\\\/#breadcrumb\",\"itemListElement\":[{\"@type\":\"ListItem\",\"position\":1,\"name\":\"Strona g\u0142\u00f3wna\",\"item\":\"https:\\\/\\\/www.24gliwice.pl\\\/wiadomosci\\\/\"},{\"@type\":\"ListItem\",\"position\":2,\"name\":\"Z narkotykami i z zakazem kierowania wybra\u0142 si\u0119 na przeja\u017cd\u017ck\u0119. 38-latek odpowie przed s\u0105dem\"}]},{\"@type\":\"WebSite\",\"@id\":\"https:\\\/\\\/www.24gliwice.pl\\\/wiadomosci\\\/#website\",\"url\":\"https:\\\/\\\/www.24gliwice.pl\\\/wiadomosci\\\/\",\"name\":\"24GLIWICE - Portal Gliwice | codziennie nowe wiadomo\u015bci\",\"description\":\"Portal Miejski Gliwice\",\"publisher\":{\"@id\":\"https:\\\/\\\/www.24gliwice.pl\\\/wiadomosci\\\/#organization\"},\"potentialAction\":[{\"@type\":\"SearchAction\",\"target\":{\"@type\":\"EntryPoint\",\"urlTemplate\":\"https:\\\/\\\/www.24gliwice.pl\\\/wiadomosci\\\/?s={search_term_string}\"},\"query-input\":{\"@type\":\"PropertyValueSpecification\",\"valueRequired\":true,\"valueName\":\"search_term_string\"}}],\"inLanguage\":\"pl-PL\"},{\"@type\":\"Organization\",\"@id\":\"https:\\\/\\\/www.24gliwice.pl\\\/wiadomosci\\\/#organization\",\"name\":\"24gliwice\",\"url\":\"https:\\\/\\\/www.24gliwice.pl\\\/wiadomosci\\\/\",\"logo\":{\"@type\":\"ImageObject\",\"inLanguage\":\"pl-PL\",\"@id\":\"https:\\\/\\\/www.24gliwice.pl\\\/wiadomosci\\\/#\\\/schema\\\/logo\\\/image\\\/\",\"url\":\"https:\\\/\\\/www.24gliwice.pl\\\/wiadomosci\\\/wp-content\\\/uploads\\\/2024\\\/10\\\/24gliwice-logo-696.jpg\",\"contentUrl\":\"https:\\\/\\\/www.24gliwice.pl\\\/wiadomosci\\\/wp-content\\\/uploads\\\/2024\\\/10\\\/24gliwice-logo-696.jpg\",\"width\":696,\"height\":696,\"caption\":\"24gliwice\"},\"image\":{\"@id\":\"https:\\\/\\\/www.24gliwice.pl\\\/wiadomosci\\\/#\\\/schema\\\/logo\\\/image\\\/\"},\"sameAs\":[\"https:\\\/\\\/www.facebook.com\\\/24gliwice\",\"https:\\\/\\\/x.com\\\/24gliwice\",\"https:\\\/\\\/www.youtube.com\\\/@24gliwice\"]},{\"@type\":\"Person\",\"@id\":\"https:\\\/\\\/www.24gliwice.pl\\\/wiadomosci\\\/#\\\/schema\\\/person\\\/e42c650edd7f2fa332be3811fb166b6e\",\"name\":\"\u017baneta Mrozek-Siewierska\",\"image\":{\"@type\":\"ImageObject\",\"inLanguage\":\"pl-PL\",\"@id\":\"https:\\\/\\\/secure.gravatar.com\\\/avatar\\\/1881429e9c64597c77ad7aef2d0a19be69a3253e57534d16aa15bf3a4d34a0a3?s=96&d=mm&r=g\",\"url\":\"https:\\\/\\\/secure.gravatar.com\\\/avatar\\\/1881429e9c64597c77ad7aef2d0a19be69a3253e57534d16aa15bf3a4d34a0a3?s=96&d=mm&r=g\",\"contentUrl\":\"https:\\\/\\\/secure.gravatar.com\\\/avatar\\\/1881429e9c64597c77ad7aef2d0a19be69a3253e57534d16aa15bf3a4d34a0a3?s=96&d=mm&r=g\",\"caption\":\"\u017baneta Mrozek-Siewierska\"},\"url\":\"https:\\\/\\\/www.24gliwice.pl\\\/wiadomosci\\\/author\\\/zms\\\/\"}]}<\/script>\n<!-- \/ Yoast SEO plugin. -->","yoast_head_json":{"title":"Z narkotykami i z zakazem kierowania wybra\u0142 si\u0119 na przeja\u017cd\u017ck\u0119. 38-latek odpowie przed s\u0105dem - 24GLIWICE - Portal Gliwice | codziennie nowe informacje","description":"Kierowca motocykla z zakazem kierowania zosta\u0142 zatrzymany do kontroli. Przy m\u0119\u017cczy\u017anie znaleziono tak\u017ce narkotyki","robots":{"index":"index","follow":"follow","max-snippet":"max-snippet:-1","max-image-preview":"max-image-preview:large","max-video-preview":"max-video-preview:-1"},"canonical":"https:\/\/www.24gliwice.pl\/wiadomosci\/z-narkotykami-i-z-zakazem-kierowania-wybral-sie-na-przejazdzke-38-latek-odpowie-przed-sadem\/","og_locale":"pl_PL","og_type":"article","og_title":"Z narkotykami i z zakazem kierowania wybra\u0142 si\u0119 na przeja\u017cd\u017ck\u0119. 38-latek odpowie przed s\u0105dem - 24GLIWICE - Portal Gliwice | codziennie nowe informacje","og_description":"Kierowca motocykla z zakazem kierowania zosta\u0142 zatrzymany do kontroli. Przy m\u0119\u017cczy\u017anie znaleziono tak\u017ce narkotyki","og_url":"https:\/\/www.24gliwice.pl\/wiadomosci\/z-narkotykami-i-z-zakazem-kierowania-wybral-sie-na-przejazdzke-38-latek-odpowie-przed-sadem\/","og_site_name":"24GLIWICE - Portal Gliwice | codziennie nowe informacje","article_publisher":"https:\/\/www.facebook.com\/24gliwice","article_published_time":"2025-02-07T12:07:11+00:00","og_image":[{"width":810,"height":455,"url":"https:\/\/www.24gliwice.pl\/wiadomosci\/wp-content\/uploads\/2025\/02\/kierowal-na-zakazie2.jpg","type":"image\/jpeg"}],"author":"\u017baneta Mrozek-Siewierska","twitter_card":"summary_large_image","twitter_creator":"@24gliwice","twitter_site":"@24gliwice","twitter_misc":{"Napisane przez":"\u017baneta Mrozek-Siewierska","Szacowany czas czytania":"2 minuty"},"schema":{"@context":"https:\/\/schema.org","@graph":[{"@type":"Article","@id":"https:\/\/www.24gliwice.pl\/wiadomosci\/z-narkotykami-i-z-zakazem-kierowania-wybral-sie-na-przejazdzke-38-latek-odpowie-przed-sadem\/#article","isPartOf":{"@id":"https:\/\/www.24gliwice.pl\/wiadomosci\/z-narkotykami-i-z-zakazem-kierowania-wybral-sie-na-przejazdzke-38-latek-odpowie-przed-sadem\/"},"author":{"name":"\u017baneta Mrozek-Siewierska","@id":"https:\/\/www.24gliwice.pl\/wiadomosci\/#\/schema\/person\/e42c650edd7f2fa332be3811fb166b6e"},"headline":"Z narkotykami i z zakazem kierowania wybra\u0142 si\u0119 na przeja\u017cd\u017ck\u0119. 38-latek odpowie przed s\u0105dem","datePublished":"2025-02-07T12:07:11+00:00","mainEntityOfPage":{"@id":"https:\/\/www.24gliwice.pl\/wiadomosci\/z-narkotykami-i-z-zakazem-kierowania-wybral-sie-na-przejazdzke-38-latek-odpowie-przed-sadem\/"},"wordCount":276,"commentCount":0,"publisher":{"@id":"https:\/\/www.24gliwice.pl\/wiadomosci\/#organization"},"image":{"@id":"https:\/\/www.24gliwice.pl\/wiadomosci\/z-narkotykami-i-z-zakazem-kierowania-wybral-sie-na-przejazdzke-38-latek-odpowie-przed-sadem\/#primaryimage"},"thumbnailUrl":"https:\/\/www.24gliwice.pl\/wiadomosci\/wp-content\/uploads\/2025\/02\/kierowal-na-zakazie2.jpg","keywords":["NARKOTYKI","zakaz kierowania"],"articleSection":["Gliwice","Najnowsze wiadomo\u015bci","Prawo"],"inLanguage":"pl-PL","potentialAction":[{"@type":"CommentAction","name":"Comment","target":["https:\/\/www.24gliwice.pl\/wiadomosci\/z-narkotykami-i-z-zakazem-kierowania-wybral-sie-na-przejazdzke-38-latek-odpowie-przed-sadem\/#respond"]}]},{"@type":"WebPage","@id":"https:\/\/www.24gliwice.pl\/wiadomosci\/z-narkotykami-i-z-zakazem-kierowania-wybral-sie-na-przejazdzke-38-latek-odpowie-przed-sadem\/","url":"https:\/\/www.24gliwice.pl\/wiadomosci\/z-narkotykami-i-z-zakazem-kierowania-wybral-sie-na-przejazdzke-38-latek-odpowie-przed-sadem\/","name":"Z narkotykami i z zakazem kierowania wybra\u0142 si\u0119 na przeja\u017cd\u017ck\u0119. 38-latek odpowie przed s\u0105dem - 24GLIWICE - Portal Gliwice | codziennie nowe informacje","isPartOf":{"@id":"https:\/\/www.24gliwice.pl\/wiadomosci\/#website"},"primaryImageOfPage":{"@id":"https:\/\/www.24gliwice.pl\/wiadomosci\/z-narkotykami-i-z-zakazem-kierowania-wybral-sie-na-przejazdzke-38-latek-odpowie-przed-sadem\/#primaryimage"},"image":{"@id":"https:\/\/www.24gliwice.pl\/wiadomosci\/z-narkotykami-i-z-zakazem-kierowania-wybral-sie-na-przejazdzke-38-latek-odpowie-przed-sadem\/#primaryimage"},"thumbnailUrl":"https:\/\/www.24gliwice.pl\/wiadomosci\/wp-content\/uploads\/2025\/02\/kierowal-na-zakazie2.jpg","datePublished":"2025-02-07T12:07:11+00:00","description":"Kierowca motocykla z zakazem kierowania zosta\u0142 zatrzymany do kontroli. Przy m\u0119\u017cczy\u017anie znaleziono tak\u017ce narkotyki","breadcrumb":{"@id":"https:\/\/www.24gliwice.pl\/wiadomosci\/z-narkotykami-i-z-zakazem-kierowania-wybral-sie-na-przejazdzke-38-latek-odpowie-przed-sadem\/#breadcrumb"},"inLanguage":"pl-PL","potentialAction":[{"@type":"ReadAction","target":["https:\/\/www.24gliwice.pl\/wiadomosci\/z-narkotykami-i-z-zakazem-kierowania-wybral-sie-na-przejazdzke-38-latek-odpowie-przed-sadem\/"]}]},{"@type":"ImageObject","inLanguage":"pl-PL","@id":"https:\/\/www.24gliwice.pl\/wiadomosci\/z-narkotykami-i-z-zakazem-kierowania-wybral-sie-na-przejazdzke-38-latek-odpowie-przed-sadem\/#primaryimage","url":"https:\/\/www.24gliwice.pl\/wiadomosci\/wp-content\/uploads\/2025\/02\/kierowal-na-zakazie2.jpg","contentUrl":"https:\/\/www.24gliwice.pl\/wiadomosci\/wp-content\/uploads\/2025\/02\/kierowal-na-zakazie2.jpg","width":810,"height":455},{"@type":"BreadcrumbList","@id":"https:\/\/www.24gliwice.pl\/wiadomosci\/z-narkotykami-i-z-zakazem-kierowania-wybral-sie-na-przejazdzke-38-latek-odpowie-przed-sadem\/#breadcrumb","itemListElement":[{"@type":"ListItem","position":1,"name":"Strona g\u0142\u00f3wna","item":"https:\/\/www.24gliwice.pl\/wiadomosci\/"},{"@type":"ListItem","position":2,"name":"Z narkotykami i z zakazem kierowania wybra\u0142 si\u0119 na przeja\u017cd\u017ck\u0119. 38-latek odpowie przed s\u0105dem"}]},{"@type":"WebSite","@id":"https:\/\/www.24gliwice.pl\/wiadomosci\/#website","url":"https:\/\/www.24gliwice.pl\/wiadomosci\/","name":"24GLIWICE - Portal Gliwice | codziennie nowe wiadomo\u015bci","description":"Portal Miejski Gliwice","publisher":{"@id":"https:\/\/www.24gliwice.pl\/wiadomosci\/#organization"},"potentialAction":[{"@type":"SearchAction","target":{"@type":"EntryPoint","urlTemplate":"https:\/\/www.24gliwice.pl\/wiadomosci\/?s={search_term_string}"},"query-input":{"@type":"PropertyValueSpecification","valueRequired":true,"valueName":"search_term_string"}}],"inLanguage":"pl-PL"},{"@type":"Organization","@id":"https:\/\/www.24gliwice.pl\/wiadomosci\/#organization","name":"24gliwice","url":"https:\/\/www.24gliwice.pl\/wiadomosci\/","logo":{"@type":"ImageObject","inLanguage":"pl-PL","@id":"https:\/\/www.24gliwice.pl\/wiadomosci\/#\/schema\/logo\/image\/","url":"https:\/\/www.24gliwice.pl\/wiadomosci\/wp-content\/uploads\/2024\/10\/24gliwice-logo-696.jpg","contentUrl":"https:\/\/www.24gliwice.pl\/wiadomosci\/wp-content\/uploads\/2024\/10\/24gliwice-logo-696.jpg","width":696,"height":696,"caption":"24gliwice"},"image":{"@id":"https:\/\/www.24gliwice.pl\/wiadomosci\/#\/schema\/logo\/image\/"},"sameAs":["https:\/\/www.facebook.com\/24gliwice","https:\/\/x.com\/24gliwice","https:\/\/www.youtube.com\/@24gliwice"]},{"@type":"Person","@id":"https:\/\/www.24gliwice.pl\/wiadomosci\/#\/schema\/person\/e42c650edd7f2fa332be3811fb166b6e","name":"\u017baneta Mrozek-Siewierska","image":{"@type":"ImageObject","inLanguage":"pl-PL","@id":"https:\/\/secure.gravatar.com\/avatar\/1881429e9c64597c77ad7aef2d0a19be69a3253e57534d16aa15bf3a4d34a0a3?s=96&d=mm&r=g","url":"https:\/\/secure.gravatar.com\/avatar\/1881429e9c64597c77ad7aef2d0a19be69a3253e57534d16aa15bf3a4d34a0a3?s=96&d=mm&r=g","contentUrl":"https:\/\/secure.gravatar.com\/avatar\/1881429e9c64597c77ad7aef2d0a19be69a3253e57534d16aa15bf3a4d34a0a3?s=96&d=mm&r=g","caption":"\u017baneta Mrozek-Siewierska"},"url":"https:\/\/www.24gliwice.pl\/wiadomosci\/author\/zms\/"}]}},"_links":{"self":[{"href":"https:\/\/www.24gliwice.pl\/wiadomosci\/wp-json\/wp\/v2\/posts\/249386","targetHints":{"allow":["GET"]}}],"collection":[{"href":"https:\/\/www.24gliwice.pl\/wiadomosci\/wp-json\/wp\/v2\/posts"}],"about":[{"href":"https:\/\/www.24gliwice.pl\/wiadomosci\/wp-json\/wp\/v2\/types\/post"}],"author":[{"embeddable":true,"href":"https:\/\/www.24gliwice.pl\/wiadomosci\/wp-json\/wp\/v2\/users\/15"}],"replies":[{"embeddable":true,"href":"https:\/\/www.24gliwice.pl\/wiadomosci\/wp-json\/wp\/v2\/comments?post=249386"}],"version-history":[{"count":0,"href":"https:\/\/www.24gliwice.pl\/wiadomosci\/wp-json\/wp\/v2\/posts\/249386\/revisions"}],"wp:featuredmedia":[{"embeddable":true,"href":"https:\/\/www.24gliwice.pl\/wiadomosci\/wp-json\/wp\/v2\/media\/249390"}],"wp:attachment":[{"href":"https:\/\/www.24gliwice.pl\/wiadomosci\/wp-json\/wp\/v2\/media?parent=249386"}],"wp:term":[{"taxonomy":"category","embeddable":true,"href":"https:\/\/www.24gliwice.pl\/wiadomosci\/wp-json\/wp\/v2\/categories?post=249386"},{"taxonomy":"post_tag","embeddable":true,"href":"https:\/\/www.24gliwice.pl\/wiadomosci\/wp-json\/wp\/v2\/tags?post=249386"}],"curies":[{"name":"wp","href":"https:\/\/api.w.org\/{rel}","templated":true}]}}