{"id":249698,"date":"2025-02-12T15:35:22","date_gmt":"2025-02-12T14:35:22","guid":{"rendered":"https:\/\/www.24gliwice.pl\/wiadomosci\/?p=249698"},"modified":"2025-02-12T15:35:22","modified_gmt":"2025-02-12T14:35:22","slug":"na-rynku-bardzo-trudno-pozyskac-specjalistow-politechnika-bedzie-ksztalcic-kadry-dla-kolei-slaskich","status":"publish","type":"post","link":"https:\/\/www.24gliwice.pl\/wiadomosci\/na-rynku-bardzo-trudno-pozyskac-specjalistow-politechnika-bedzie-ksztalcic-kadry-dla-kolei-slaskich\/","title":{"rendered":"&#8220;Na rynku bardzo trudno pozyska\u0107 specjalist\u00f3w&#8221;. Politechnika b\u0119dzie kszta\u0142ci\u0107 kadry dla Kolei \u015al\u0105skich"},"content":{"rendered":"<div class=\"gliwi-a6-nad-leadem-artykulow gliwi-entity-placement\" id=\"gliwi-2827156274\"><div class=\"gliwi-adlabel\"><span style=\"font-size: 9px\">REKLAMA<\/span><\/div><div id=\"gliwi-2738244174\" style=\"margin-bottom: 25px;margin-left: auto;margin-right: auto;text-align: center;\"><a data-no-instant=\"1\" href=\"https:\/\/dom100.eu\/\" rel=\"noopener\" class=\"a2t-link\" target=\"_blank\" aria-label=\"20260415 DOM100 D\"><img loading=\"lazy\" decoding=\"async\" src=\"https:\/\/www.24gliwice.pl\/wiadomosci\/wp-content\/uploads\/2026\/04\/20260415-DOM100-D.jpg\" alt=\"\"  srcset=\"https:\/\/www.24gliwice.pl\/wiadomosci\/wp-content\/uploads\/2026\/04\/20260415-DOM100-D.jpg 750w, https:\/\/www.24gliwice.pl\/wiadomosci\/wp-content\/uploads\/2026\/04\/20260415-DOM100-D-410x109.jpg 410w\" sizes=\"(max-width: 750px) 100vw, 750px\" class=\"no-lazyload\" width=\"750\" height=\"200\"  style=\"display: inline-block; max-width: 100%; height: auto;\" \/><\/a><\/div><\/div><h2>Prace badawczo-rozwojowe, praktyki dla student\u00f3w, ale r\u00f3wnie\u017c mo\u017cliwo\u015b\u0107 rozwoju dla pracownik\u00f3w regionalnego przewo\u017anika. Koleje \u015al\u0105skie i Politechnika \u015al\u0105ska podpisa\u0142y porozumienie o wsp\u00f3\u0142pracy.<\/h2>\n<p><!--more--><\/p>\n<p>\u2013 Na rynku bardzo trudno pozyska\u0107 specjalist\u00f3w w dziedzinie kolejnictwa. Brakuje wielu maszynist\u00f3w in\u017cynier\u00f3w obs\u0142uguj\u0105cych sk\u0142ady. Dlatego ka\u017cda wsp\u00f3\u0142praca z uczelniami wy\u017cszymi, kt\u00f3ra pozwoli przygotowa\u0107 wykwalifikowanych pracownik\u00f3w \u2013 nie tylko dla naszej sp\u00f3\u0142ki, jest dzia\u0142alno\u015bci\u0105 korzystn\u0105 dla wszystkich \u2013 m\u00f3wi <strong>Krzysztof Klimosz<\/strong>, prezes Kolei \u015al\u0105skich.<\/p>\n<h4>Koleje \u015al\u0105skie chcia\u0142yby zatrudnia\u0107 najlepszych absolwent\u00f3w Politechniki \u015al\u0105skiej, ale tak\u017ce oferowa\u0107 studentom praktyki dyplomowe i miesi\u0119czne sta\u017ce studenckie.<\/h4>\n<p>\u2013 <em>Je\u017celi wyjdziemy z odpowiedni\u0105, wsp\u00f3ln\u0105 ofert\u0105, to przyci\u0105gniemy wielu zdolnych kandydat\u00f3w. Dodatkowe formy zach\u0119ty, kt\u00f3re mogliby\u015bmy wykorzysta\u0107 tak\u017ce w promowaniu naszych nowych aktywno\u015bci dydaktycznych, pomog\u0142yby zdoby\u0107 dla nas dobrych kandydat\u00f3w, a sp\u00f3\u0142ce znakomitych pracownik\u00f3w<\/em> \u2013 uwa\u017ca prof. <strong>Marek Pawe\u0142czyk,<\/strong> rektor Politechniki \u015al\u0105skiej w Gliwicach.<\/p><div class=\"gliwi-a3-w-tresci-artykulow gliwi-entity-placement\" id=\"gliwi-2072564552\"><div class=\"gliwi-adlabel\"><span style=\"font-size: 9px\">REKLAMA<\/span><\/div><div id=\"gliwi-3595368052\" style=\"margin-bottom: 30px;margin-left: auto;margin-right: auto;text-align: center;\"><a data-no-instant=\"1\" href=\"https:\/\/zlobek.halogen.org.pl\/\" rel=\"noopener\" class=\"a2t-link\" target=\"_blank\" aria-label=\"animator-zlobek_750x200\"><img loading=\"lazy\" decoding=\"async\" src=\"https:\/\/www.24gliwice.pl\/wiadomosci\/wp-content\/uploads\/2026\/02\/animator-zlobek_750x200.webp\" alt=\"\"  srcset=\"https:\/\/www.24gliwice.pl\/wiadomosci\/wp-content\/uploads\/2026\/02\/animator-zlobek_750x200.webp 750w, https:\/\/www.24gliwice.pl\/wiadomosci\/wp-content\/uploads\/2026\/02\/animator-zlobek_750x200-410x109.webp 410w\" sizes=\"(max-width: 750px) 100vw, 750px\" class=\"no-lazyload\" width=\"750\" height=\"200\"  style=\"display: inline-block; max-width: 100%; height: auto;\" \/><\/a><\/div><\/div>\n<p><a href=\"https:\/\/www.24gliwice.pl\/wiadomosci\/wp-content\/uploads\/2025\/02\/politechnika-i-koleje-slaskie.jpg\"><img loading=\"lazy\" decoding=\"async\" src=\"https:\/\/www.24gliwice.pl\/wiadomosci\/wp-content\/uploads\/2025\/02\/politechnika-i-koleje-slaskie.jpg\" alt=\"\" width=\"810\" height=\"456\" class=\"alignnone size-full wp-image-249699\" srcset=\"https:\/\/www.24gliwice.pl\/wiadomosci\/wp-content\/uploads\/2025\/02\/politechnika-i-koleje-slaskie.jpg 810w, https:\/\/www.24gliwice.pl\/wiadomosci\/wp-content\/uploads\/2025\/02\/politechnika-i-koleje-slaskie-410x232.jpg 410w, https:\/\/www.24gliwice.pl\/wiadomosci\/wp-content\/uploads\/2025\/02\/politechnika-i-koleje-slaskie-808x455.jpg 808w, https:\/\/www.24gliwice.pl\/wiadomosci\/wp-content\/uploads\/2025\/02\/politechnika-i-koleje-slaskie-768x432.jpg 768w\" sizes=\"auto, (max-width: 810px) 100vw, 810px\" \/><\/a><\/p>\n<p>Nad szukaniem nowych rozwi\u0105za\u0144 technicznych, organizacyjnych i zarz\u0105dczych ma si\u0119 pochyli\u0107 wsp\u00f3lny zesp\u00f3\u0142 z\u0142o\u017cony z politechnik\u00f3w i kolejarzy.<\/p>\n<p>Zawarte porozumienie zak\u0142ada r\u00f3wnie\u017c, \u017ce kolejowa sp\u00f3\u0142ka i uczelnia wsp\u00f3lnie b\u0119d\u0105 prowadzi\u0142y prace naukowe i badawcze odpowiadaj\u0105ce na potrzeby Kolei \u015al\u0105skich.<\/p>\n<h4>Pracownicy regionalnego przewo\u017anika zyskaj\u0105 mo\u017cliwo\u015b\u0107 rozwoju na specjalistycznych kursach, studiach podyplomowych i doktoranckich.<\/h4>\n<p>Owocem wsp\u00f3\u0142pracy b\u0119dzie r\u00f3wnie\u017c unowocze\u015bnienie programu dydaktycznego i wsp\u00f3lne organizowanie zaj\u0119\u0107 praktycznych oraz program\u00f3w stypendialnych.<\/p>\n<p>\u2013 <em>My\u015blimy o wyst\u0105pieniu ze wsp\u00f3lnym wnioskiem, dzi\u0119ki kt\u00f3remu powsta\u0142aby odpowiednia do kszta\u0142cenia maszynist\u00f3w infrastruktura. Chcieliby\u015bmy tak\u017ce, by nasza wsp\u00f3\u0142praca dotyczy\u0142a r\u00f3wnie\u017c dzia\u0142alno\u015bci badawczej. Mamy znakomitych naukowc\u00f3w, kt\u00f3rzy w zakresie kolejnictwa wsp\u00f3\u0142pracowali z r\u00f3\u017cnymi firmami. Te kompetencje mog\u0105 wykorzysta\u0107 tak\u017ce do wspierania Kolei \u015al\u0105skich. Dla Politechniki b\u0119dzie to na pewno oznacza\u0142o poszerzenie oferty dydaktycznej<\/em> \u2013 podkre\u015bla prof. Pawe\u0142czyk.<\/p>\n<h4>Kolej to przysz\u0142o\u015b\u0107<\/h4>\n<p>Koleje \u015al\u0105skie to licz\u0105cy si\u0119 polski przewo\u017anik regionalny. W ubieg\u0142ym roku sp\u00f3\u0142ka przewioz\u0142a 22 mln pasa\u017cer\u00f3w. Ju\u017c wkr\u00f3tce tabor powi\u0119kszy si\u0119 o 29 nowych Impuls\u00f3w II. Sp\u00f3\u0142ka i samorz\u0105d wojew\u00f3dztwa \u015bl\u0105skiego najprawdopodobniej skorzystaj\u0105 z zakontraktowanych opcji i zam\u00f3wi\u0105 kilka dodatkowych pojazd\u00f3w. W ci\u0105gu dw\u00f3ch najbli\u017cszych lat, na pog\u00f3rniczych terenach w Gliwicach powstanie nowa, druga baza Kolei \u015al\u0105skich.<\/p>\n<blockquote class=\"wp-embedded-content\" data-secret=\"TdQ3ASl8gm\"><p><a href=\"https:\/\/www.24gliwice.pl\/wiadomosci\/koleje-slaskie-planuja-duza-inwestycje-na-terenie-gliwic-powstanie-baza-dla-taboru-i-nowe-przystanki-kolejowe\/\">Koleje \u015al\u0105skie planuj\u0105 du\u017c\u0105 inwestycj\u0119 na terenie Gliwic. Powstanie baza dla taboru i nowe przystanki kolejowe<\/a><\/p><\/blockquote>\n<p><iframe loading=\"lazy\" class=\"wp-embedded-content\" sandbox=\"allow-scripts\" security=\"restricted\" style=\"position: absolute; visibility: hidden;\" title=\"&#8222;Koleje \u015al\u0105skie planuj\u0105 du\u017c\u0105 inwestycj\u0119 na terenie Gliwic. Powstanie baza dla taboru i nowe przystanki kolejowe&#8221; &#8212; 24GLIWICE - Portal Gliwice | codziennie nowe informacje\" src=\"https:\/\/www.24gliwice.pl\/wiadomosci\/koleje-slaskie-planuja-duza-inwestycje-na-terenie-gliwic-powstanie-baza-dla-taboru-i-nowe-przystanki-kolejowe\/embed\/#?secret=MaCdeLBRXk#?secret=TdQ3ASl8gm\" data-secret=\"TdQ3ASl8gm\" width=\"600\" height=\"338\" frameborder=\"0\" marginwidth=\"0\" marginheight=\"0\" scrolling=\"no\"><\/iframe><\/p>\n<p>\u2013 Koleje maj\u0105 \u015bwietlan\u0105 przysz\u0142o\u015b\u0107. Pan premier Donald Tusk powiedzia\u0142 wczoraj na konferencji prasowej, \u017ce w najbli\u017cszych pi\u0119ciu latach wydamy 160 mld na kolej. Kto\u015b to b\u0119dzie musia\u0142 obs\u0142u\u017cy\u0107 i tutaj rola Politechniki \u015al\u0105skiej, \u017ceby przygotowa\u0107 kadry do pracy w kolejnictwie \u2013 t\u0142umaczy Krzysztof Klimosz.<\/p>\n<h4>Nauka wspiera biznes<\/h4>\n<p>Politechnika \u015al\u0105ska to jedna z najlepszych polskich uczelni technicznych. W \u015bwi\u0119tuj\u0105cej w tym roku jubileusz 80-lecia istnienia uczelni na studiach r\u00f3\u017cnego stopnia (licencjackich, in\u017cynierskich, magisterskich, doktoranckich i podyplomowych), na 13 wydzia\u0142ach i blisko 60 podstawowych kierunkach kszta\u0142ci si\u0119 blisko 16 tys. student\u00f3w. Kadra naukowa Politechniki \u015al\u0105skiej liczy ponad 1,6 tys. pracownik\u00f3w naukowych, z czego ponad 120 to tytularni profesorowie nauk technicznych.<\/p>\n<p>To nie pierwsze porozumienie Kolei \u015al\u0105skich z uczelni\u0105 w wojew\u00f3dztwie \u015al\u0105skim. Pod koniec ubieg\u0142ego roku, list intencyjny w sprawie wsp\u00f3\u0142pracy edukacyjnej i naukowej, \u015bl\u0105ski przewo\u017anik zawar\u0142 z Akademi\u0105 WSB w D\u0105browie G\u00f3rniczej.<\/p>\n<p>(mat. Kolei \u015al\u0105skich)<br \/>\nfot. Koleje \u015al\u0105skie<\/p>\n<div class=\"gliwi-a5-na-koncu-artykulow gliwi-entity-placement\" id=\"gliwi-1478831497\"><div class=\"gliwi-adlabel\"><span style=\"font-size: 9px\">REKLAMA<\/span><\/div><div id=\"gliwi-2186540805\" style=\"margin-left: auto;margin-right: auto;text-align: center;\"><a data-no-instant=\"1\" href=\"https:\/\/prezeroarenagliwice.pl\/\" rel=\"noopener\" class=\"a2t-link\" target=\"_blank\" aria-label=\"20260309-PREZERO-WIOSNA-D\"><img loading=\"lazy\" decoding=\"async\" src=\"https:\/\/www.24gliwice.pl\/wiadomosci\/wp-content\/uploads\/2026\/03\/20260309-PREZERO-WIOSNA-D.webp\" alt=\"\"  srcset=\"https:\/\/www.24gliwice.pl\/wiadomosci\/wp-content\/uploads\/2026\/03\/20260309-PREZERO-WIOSNA-D.webp 750w, https:\/\/www.24gliwice.pl\/wiadomosci\/wp-content\/uploads\/2026\/03\/20260309-PREZERO-WIOSNA-D-410x109.webp 410w\" sizes=\"(max-width: 750px) 100vw, 750px\" class=\"no-lazyload\" width=\"750\" height=\"200\"  style=\"display: inline-block; max-width: 100%; height: auto;\" \/><\/a><\/div><\/div>","protected":false},"excerpt":{"rendered":"<p>Prace badawczo-rozwojowe, praktyki dla student\u00f3w, ale r\u00f3wnie\u017c mo\u017cliwo\u015b\u0107 rozwoju dla pracownik\u00f3w regionalnego przewo\u017anika. Koleje \u015al\u0105skie i Politechnika \u015al\u0105ska podpisa\u0142y porozumienie o wsp\u00f3\u0142pracy.<\/p>\n","protected":false},"author":15,"featured_media":125499,"comment_status":"open","ping_status":"closed","sticky":false,"template":"","format":"standard","meta":{"_monsterinsights_skip_tracking":false,"_monsterinsights_sitenote_active":false,"_monsterinsights_sitenote_note":"","_monsterinsights_sitenote_category":0,"footnotes":"","_links_to":"","_links_to_target":""},"categories":[3,1],"tags":[4687,9359],"class_list":["post-249698","post","type-post","status-publish","format-standard","has-post-thumbnail","hentry","category-gliwice","category-wszystko","tag-koleje-slaskie","tag-politechnika"],"yoast_head":"<!-- This site is optimized with the Yoast SEO plugin v27.5 - https:\/\/yoast.com\/product\/yoast-seo-wordpress\/ -->\n<title>&quot;Na rynku bardzo trudno pozyska\u0107 specjalist\u00f3w&quot;. Politechnika b\u0119dzie kszta\u0142ci\u0107 kadry dla Kolei \u015al\u0105skich - 24GLIWICE - Portal Gliwice | codziennie nowe informacje<\/title>\n<meta name=\"description\" content=\"Koleje \u015al\u0105skie i Politechnika \u015al\u0105ska zawar\u0142y porozumienie o wsp\u00f3\u0142pracy. Gliwicka uczelnia b\u0119dzie m.in. kszta\u0142ci\u0107 kadry dla przewo\u017anika\" \/>\n<meta name=\"robots\" content=\"index, follow, max-snippet:-1, max-image-preview:large, max-video-preview:-1\" \/>\n<link rel=\"canonical\" href=\"https:\/\/www.24gliwice.pl\/wiadomosci\/na-rynku-bardzo-trudno-pozyskac-specjalistow-politechnika-bedzie-ksztalcic-kadry-dla-kolei-slaskich\/\" \/>\n<meta property=\"og:locale\" content=\"pl_PL\" \/>\n<meta property=\"og:type\" content=\"article\" \/>\n<meta property=\"og:title\" content=\"&quot;Na rynku bardzo trudno pozyska\u0107 specjalist\u00f3w&quot;. Politechnika b\u0119dzie kszta\u0142ci\u0107 kadry dla Kolei \u015al\u0105skich - 24GLIWICE - Portal Gliwice | codziennie nowe informacje\" \/>\n<meta property=\"og:description\" content=\"Koleje \u015al\u0105skie i Politechnika \u015al\u0105ska zawar\u0142y porozumienie o wsp\u00f3\u0142pracy. Gliwicka uczelnia b\u0119dzie m.in. kszta\u0142ci\u0107 kadry dla przewo\u017anika\" \/>\n<meta property=\"og:url\" content=\"https:\/\/www.24gliwice.pl\/wiadomosci\/na-rynku-bardzo-trudno-pozyskac-specjalistow-politechnika-bedzie-ksztalcic-kadry-dla-kolei-slaskich\/\" \/>\n<meta property=\"og:site_name\" content=\"24GLIWICE - Portal Gliwice | codziennie nowe informacje\" \/>\n<meta property=\"article:publisher\" content=\"https:\/\/www.facebook.com\/24gliwice\" \/>\n<meta property=\"article:published_time\" content=\"2025-02-12T14:35:22+00:00\" \/>\n<meta property=\"og:image\" content=\"https:\/\/www.24gliwice.pl\/wiadomosci\/wp-content\/uploads\/2018\/11\/1-politechnika.jpg\" \/>\n\t<meta property=\"og:image:width\" content=\"810\" \/>\n\t<meta property=\"og:image:height\" content=\"457\" \/>\n\t<meta property=\"og:image:type\" content=\"image\/jpeg\" \/>\n<meta name=\"author\" content=\"\u017baneta Mrozek-Siewierska\" \/>\n<meta name=\"twitter:card\" content=\"summary_large_image\" \/>\n<meta name=\"twitter:creator\" content=\"@24gliwice\" \/>\n<meta name=\"twitter:site\" content=\"@24gliwice\" \/>\n<meta name=\"twitter:label1\" content=\"Napisane przez\" \/>\n\t<meta name=\"twitter:data1\" content=\"\u017baneta Mrozek-Siewierska\" \/>\n\t<meta name=\"twitter:label2\" content=\"Szacowany czas czytania\" \/>\n\t<meta name=\"twitter:data2\" content=\"4 minuty\" \/>\n<script type=\"application\/ld+json\" class=\"yoast-schema-graph\">{\"@context\":\"https:\\\/\\\/schema.org\",\"@graph\":[{\"@type\":\"Article\",\"@id\":\"https:\\\/\\\/www.24gliwice.pl\\\/wiadomosci\\\/na-rynku-bardzo-trudno-pozyskac-specjalistow-politechnika-bedzie-ksztalcic-kadry-dla-kolei-slaskich\\\/#article\",\"isPartOf\":{\"@id\":\"https:\\\/\\\/www.24gliwice.pl\\\/wiadomosci\\\/na-rynku-bardzo-trudno-pozyskac-specjalistow-politechnika-bedzie-ksztalcic-kadry-dla-kolei-slaskich\\\/\"},\"author\":{\"name\":\"\u017baneta Mrozek-Siewierska\",\"@id\":\"https:\\\/\\\/www.24gliwice.pl\\\/wiadomosci\\\/#\\\/schema\\\/person\\\/e42c650edd7f2fa332be3811fb166b6e\"},\"headline\":\"&#8220;Na rynku bardzo trudno pozyska\u0107 specjalist\u00f3w&#8221;. Politechnika b\u0119dzie kszta\u0142ci\u0107 kadry dla Kolei \u015al\u0105skich\",\"datePublished\":\"2025-02-12T14:35:22+00:00\",\"mainEntityOfPage\":{\"@id\":\"https:\\\/\\\/www.24gliwice.pl\\\/wiadomosci\\\/na-rynku-bardzo-trudno-pozyskac-specjalistow-politechnika-bedzie-ksztalcic-kadry-dla-kolei-slaskich\\\/\"},\"wordCount\":616,\"commentCount\":0,\"publisher\":{\"@id\":\"https:\\\/\\\/www.24gliwice.pl\\\/wiadomosci\\\/#organization\"},\"image\":{\"@id\":\"https:\\\/\\\/www.24gliwice.pl\\\/wiadomosci\\\/na-rynku-bardzo-trudno-pozyskac-specjalistow-politechnika-bedzie-ksztalcic-kadry-dla-kolei-slaskich\\\/#primaryimage\"},\"thumbnailUrl\":\"https:\\\/\\\/www.24gliwice.pl\\\/wiadomosci\\\/wp-content\\\/uploads\\\/2018\\\/11\\\/1-politechnika.jpg\",\"keywords\":[\"KOLEJE \u015aL\u0104SKIE\",\"POLITECHNIKA\"],\"articleSection\":[\"Gliwice\",\"Najnowsze wiadomo\u015bci\"],\"inLanguage\":\"pl-PL\",\"potentialAction\":[{\"@type\":\"CommentAction\",\"name\":\"Comment\",\"target\":[\"https:\\\/\\\/www.24gliwice.pl\\\/wiadomosci\\\/na-rynku-bardzo-trudno-pozyskac-specjalistow-politechnika-bedzie-ksztalcic-kadry-dla-kolei-slaskich\\\/#respond\"]}]},{\"@type\":\"WebPage\",\"@id\":\"https:\\\/\\\/www.24gliwice.pl\\\/wiadomosci\\\/na-rynku-bardzo-trudno-pozyskac-specjalistow-politechnika-bedzie-ksztalcic-kadry-dla-kolei-slaskich\\\/\",\"url\":\"https:\\\/\\\/www.24gliwice.pl\\\/wiadomosci\\\/na-rynku-bardzo-trudno-pozyskac-specjalistow-politechnika-bedzie-ksztalcic-kadry-dla-kolei-slaskich\\\/\",\"name\":\"\\\"Na rynku bardzo trudno pozyska\u0107 specjalist\u00f3w\\\". Politechnika b\u0119dzie kszta\u0142ci\u0107 kadry dla Kolei \u015al\u0105skich - 24GLIWICE - Portal Gliwice | codziennie nowe informacje\",\"isPartOf\":{\"@id\":\"https:\\\/\\\/www.24gliwice.pl\\\/wiadomosci\\\/#website\"},\"primaryImageOfPage\":{\"@id\":\"https:\\\/\\\/www.24gliwice.pl\\\/wiadomosci\\\/na-rynku-bardzo-trudno-pozyskac-specjalistow-politechnika-bedzie-ksztalcic-kadry-dla-kolei-slaskich\\\/#primaryimage\"},\"image\":{\"@id\":\"https:\\\/\\\/www.24gliwice.pl\\\/wiadomosci\\\/na-rynku-bardzo-trudno-pozyskac-specjalistow-politechnika-bedzie-ksztalcic-kadry-dla-kolei-slaskich\\\/#primaryimage\"},\"thumbnailUrl\":\"https:\\\/\\\/www.24gliwice.pl\\\/wiadomosci\\\/wp-content\\\/uploads\\\/2018\\\/11\\\/1-politechnika.jpg\",\"datePublished\":\"2025-02-12T14:35:22+00:00\",\"description\":\"Koleje \u015al\u0105skie i Politechnika \u015al\u0105ska zawar\u0142y porozumienie o wsp\u00f3\u0142pracy. Gliwicka uczelnia b\u0119dzie m.in. kszta\u0142ci\u0107 kadry dla przewo\u017anika\",\"breadcrumb\":{\"@id\":\"https:\\\/\\\/www.24gliwice.pl\\\/wiadomosci\\\/na-rynku-bardzo-trudno-pozyskac-specjalistow-politechnika-bedzie-ksztalcic-kadry-dla-kolei-slaskich\\\/#breadcrumb\"},\"inLanguage\":\"pl-PL\",\"potentialAction\":[{\"@type\":\"ReadAction\",\"target\":[\"https:\\\/\\\/www.24gliwice.pl\\\/wiadomosci\\\/na-rynku-bardzo-trudno-pozyskac-specjalistow-politechnika-bedzie-ksztalcic-kadry-dla-kolei-slaskich\\\/\"]}]},{\"@type\":\"ImageObject\",\"inLanguage\":\"pl-PL\",\"@id\":\"https:\\\/\\\/www.24gliwice.pl\\\/wiadomosci\\\/na-rynku-bardzo-trudno-pozyskac-specjalistow-politechnika-bedzie-ksztalcic-kadry-dla-kolei-slaskich\\\/#primaryimage\",\"url\":\"https:\\\/\\\/www.24gliwice.pl\\\/wiadomosci\\\/wp-content\\\/uploads\\\/2018\\\/11\\\/1-politechnika.jpg\",\"contentUrl\":\"https:\\\/\\\/www.24gliwice.pl\\\/wiadomosci\\\/wp-content\\\/uploads\\\/2018\\\/11\\\/1-politechnika.jpg\",\"width\":810,\"height\":457},{\"@type\":\"BreadcrumbList\",\"@id\":\"https:\\\/\\\/www.24gliwice.pl\\\/wiadomosci\\\/na-rynku-bardzo-trudno-pozyskac-specjalistow-politechnika-bedzie-ksztalcic-kadry-dla-kolei-slaskich\\\/#breadcrumb\",\"itemListElement\":[{\"@type\":\"ListItem\",\"position\":1,\"name\":\"Strona g\u0142\u00f3wna\",\"item\":\"https:\\\/\\\/www.24gliwice.pl\\\/wiadomosci\\\/\"},{\"@type\":\"ListItem\",\"position\":2,\"name\":\"&#8220;Na rynku bardzo trudno pozyska\u0107 specjalist\u00f3w&#8221;. Politechnika b\u0119dzie kszta\u0142ci\u0107 kadry dla Kolei \u015al\u0105skich\"}]},{\"@type\":\"WebSite\",\"@id\":\"https:\\\/\\\/www.24gliwice.pl\\\/wiadomosci\\\/#website\",\"url\":\"https:\\\/\\\/www.24gliwice.pl\\\/wiadomosci\\\/\",\"name\":\"24GLIWICE - Portal Gliwice | codziennie nowe wiadomo\u015bci\",\"description\":\"Portal Miejski Gliwice\",\"publisher\":{\"@id\":\"https:\\\/\\\/www.24gliwice.pl\\\/wiadomosci\\\/#organization\"},\"potentialAction\":[{\"@type\":\"SearchAction\",\"target\":{\"@type\":\"EntryPoint\",\"urlTemplate\":\"https:\\\/\\\/www.24gliwice.pl\\\/wiadomosci\\\/?s={search_term_string}\"},\"query-input\":{\"@type\":\"PropertyValueSpecification\",\"valueRequired\":true,\"valueName\":\"search_term_string\"}}],\"inLanguage\":\"pl-PL\"},{\"@type\":\"Organization\",\"@id\":\"https:\\\/\\\/www.24gliwice.pl\\\/wiadomosci\\\/#organization\",\"name\":\"24gliwice\",\"url\":\"https:\\\/\\\/www.24gliwice.pl\\\/wiadomosci\\\/\",\"logo\":{\"@type\":\"ImageObject\",\"inLanguage\":\"pl-PL\",\"@id\":\"https:\\\/\\\/www.24gliwice.pl\\\/wiadomosci\\\/#\\\/schema\\\/logo\\\/image\\\/\",\"url\":\"https:\\\/\\\/www.24gliwice.pl\\\/wiadomosci\\\/wp-content\\\/uploads\\\/2024\\\/10\\\/24gliwice-logo-696.jpg\",\"contentUrl\":\"https:\\\/\\\/www.24gliwice.pl\\\/wiadomosci\\\/wp-content\\\/uploads\\\/2024\\\/10\\\/24gliwice-logo-696.jpg\",\"width\":696,\"height\":696,\"caption\":\"24gliwice\"},\"image\":{\"@id\":\"https:\\\/\\\/www.24gliwice.pl\\\/wiadomosci\\\/#\\\/schema\\\/logo\\\/image\\\/\"},\"sameAs\":[\"https:\\\/\\\/www.facebook.com\\\/24gliwice\",\"https:\\\/\\\/x.com\\\/24gliwice\",\"https:\\\/\\\/www.youtube.com\\\/@24gliwice\"]},{\"@type\":\"Person\",\"@id\":\"https:\\\/\\\/www.24gliwice.pl\\\/wiadomosci\\\/#\\\/schema\\\/person\\\/e42c650edd7f2fa332be3811fb166b6e\",\"name\":\"\u017baneta Mrozek-Siewierska\",\"image\":{\"@type\":\"ImageObject\",\"inLanguage\":\"pl-PL\",\"@id\":\"https:\\\/\\\/secure.gravatar.com\\\/avatar\\\/1881429e9c64597c77ad7aef2d0a19be69a3253e57534d16aa15bf3a4d34a0a3?s=96&d=mm&r=g\",\"url\":\"https:\\\/\\\/secure.gravatar.com\\\/avatar\\\/1881429e9c64597c77ad7aef2d0a19be69a3253e57534d16aa15bf3a4d34a0a3?s=96&d=mm&r=g\",\"contentUrl\":\"https:\\\/\\\/secure.gravatar.com\\\/avatar\\\/1881429e9c64597c77ad7aef2d0a19be69a3253e57534d16aa15bf3a4d34a0a3?s=96&d=mm&r=g\",\"caption\":\"\u017baneta Mrozek-Siewierska\"},\"url\":\"https:\\\/\\\/www.24gliwice.pl\\\/wiadomosci\\\/author\\\/zms\\\/\"}]}<\/script>\n<!-- \/ Yoast SEO plugin. -->","yoast_head_json":{"title":"\"Na rynku bardzo trudno pozyska\u0107 specjalist\u00f3w\". Politechnika b\u0119dzie kszta\u0142ci\u0107 kadry dla Kolei \u015al\u0105skich - 24GLIWICE - Portal Gliwice | codziennie nowe informacje","description":"Koleje \u015al\u0105skie i Politechnika \u015al\u0105ska zawar\u0142y porozumienie o wsp\u00f3\u0142pracy. Gliwicka uczelnia b\u0119dzie m.in. kszta\u0142ci\u0107 kadry dla przewo\u017anika","robots":{"index":"index","follow":"follow","max-snippet":"max-snippet:-1","max-image-preview":"max-image-preview:large","max-video-preview":"max-video-preview:-1"},"canonical":"https:\/\/www.24gliwice.pl\/wiadomosci\/na-rynku-bardzo-trudno-pozyskac-specjalistow-politechnika-bedzie-ksztalcic-kadry-dla-kolei-slaskich\/","og_locale":"pl_PL","og_type":"article","og_title":"\"Na rynku bardzo trudno pozyska\u0107 specjalist\u00f3w\". Politechnika b\u0119dzie kszta\u0142ci\u0107 kadry dla Kolei \u015al\u0105skich - 24GLIWICE - Portal Gliwice | codziennie nowe informacje","og_description":"Koleje \u015al\u0105skie i Politechnika \u015al\u0105ska zawar\u0142y porozumienie o wsp\u00f3\u0142pracy. Gliwicka uczelnia b\u0119dzie m.in. kszta\u0142ci\u0107 kadry dla przewo\u017anika","og_url":"https:\/\/www.24gliwice.pl\/wiadomosci\/na-rynku-bardzo-trudno-pozyskac-specjalistow-politechnika-bedzie-ksztalcic-kadry-dla-kolei-slaskich\/","og_site_name":"24GLIWICE - Portal Gliwice | codziennie nowe informacje","article_publisher":"https:\/\/www.facebook.com\/24gliwice","article_published_time":"2025-02-12T14:35:22+00:00","og_image":[{"width":810,"height":457,"url":"https:\/\/www.24gliwice.pl\/wiadomosci\/wp-content\/uploads\/2018\/11\/1-politechnika.jpg","type":"image\/jpeg"}],"author":"\u017baneta Mrozek-Siewierska","twitter_card":"summary_large_image","twitter_creator":"@24gliwice","twitter_site":"@24gliwice","twitter_misc":{"Napisane przez":"\u017baneta Mrozek-Siewierska","Szacowany czas czytania":"4 minuty"},"schema":{"@context":"https:\/\/schema.org","@graph":[{"@type":"Article","@id":"https:\/\/www.24gliwice.pl\/wiadomosci\/na-rynku-bardzo-trudno-pozyskac-specjalistow-politechnika-bedzie-ksztalcic-kadry-dla-kolei-slaskich\/#article","isPartOf":{"@id":"https:\/\/www.24gliwice.pl\/wiadomosci\/na-rynku-bardzo-trudno-pozyskac-specjalistow-politechnika-bedzie-ksztalcic-kadry-dla-kolei-slaskich\/"},"author":{"name":"\u017baneta Mrozek-Siewierska","@id":"https:\/\/www.24gliwice.pl\/wiadomosci\/#\/schema\/person\/e42c650edd7f2fa332be3811fb166b6e"},"headline":"&#8220;Na rynku bardzo trudno pozyska\u0107 specjalist\u00f3w&#8221;. Politechnika b\u0119dzie kszta\u0142ci\u0107 kadry dla Kolei \u015al\u0105skich","datePublished":"2025-02-12T14:35:22+00:00","mainEntityOfPage":{"@id":"https:\/\/www.24gliwice.pl\/wiadomosci\/na-rynku-bardzo-trudno-pozyskac-specjalistow-politechnika-bedzie-ksztalcic-kadry-dla-kolei-slaskich\/"},"wordCount":616,"commentCount":0,"publisher":{"@id":"https:\/\/www.24gliwice.pl\/wiadomosci\/#organization"},"image":{"@id":"https:\/\/www.24gliwice.pl\/wiadomosci\/na-rynku-bardzo-trudno-pozyskac-specjalistow-politechnika-bedzie-ksztalcic-kadry-dla-kolei-slaskich\/#primaryimage"},"thumbnailUrl":"https:\/\/www.24gliwice.pl\/wiadomosci\/wp-content\/uploads\/2018\/11\/1-politechnika.jpg","keywords":["KOLEJE \u015aL\u0104SKIE","POLITECHNIKA"],"articleSection":["Gliwice","Najnowsze wiadomo\u015bci"],"inLanguage":"pl-PL","potentialAction":[{"@type":"CommentAction","name":"Comment","target":["https:\/\/www.24gliwice.pl\/wiadomosci\/na-rynku-bardzo-trudno-pozyskac-specjalistow-politechnika-bedzie-ksztalcic-kadry-dla-kolei-slaskich\/#respond"]}]},{"@type":"WebPage","@id":"https:\/\/www.24gliwice.pl\/wiadomosci\/na-rynku-bardzo-trudno-pozyskac-specjalistow-politechnika-bedzie-ksztalcic-kadry-dla-kolei-slaskich\/","url":"https:\/\/www.24gliwice.pl\/wiadomosci\/na-rynku-bardzo-trudno-pozyskac-specjalistow-politechnika-bedzie-ksztalcic-kadry-dla-kolei-slaskich\/","name":"\"Na rynku bardzo trudno pozyska\u0107 specjalist\u00f3w\". Politechnika b\u0119dzie kszta\u0142ci\u0107 kadry dla Kolei \u015al\u0105skich - 24GLIWICE - Portal Gliwice | codziennie nowe informacje","isPartOf":{"@id":"https:\/\/www.24gliwice.pl\/wiadomosci\/#website"},"primaryImageOfPage":{"@id":"https:\/\/www.24gliwice.pl\/wiadomosci\/na-rynku-bardzo-trudno-pozyskac-specjalistow-politechnika-bedzie-ksztalcic-kadry-dla-kolei-slaskich\/#primaryimage"},"image":{"@id":"https:\/\/www.24gliwice.pl\/wiadomosci\/na-rynku-bardzo-trudno-pozyskac-specjalistow-politechnika-bedzie-ksztalcic-kadry-dla-kolei-slaskich\/#primaryimage"},"thumbnailUrl":"https:\/\/www.24gliwice.pl\/wiadomosci\/wp-content\/uploads\/2018\/11\/1-politechnika.jpg","datePublished":"2025-02-12T14:35:22+00:00","description":"Koleje \u015al\u0105skie i Politechnika \u015al\u0105ska zawar\u0142y porozumienie o wsp\u00f3\u0142pracy. Gliwicka uczelnia b\u0119dzie m.in. kszta\u0142ci\u0107 kadry dla przewo\u017anika","breadcrumb":{"@id":"https:\/\/www.24gliwice.pl\/wiadomosci\/na-rynku-bardzo-trudno-pozyskac-specjalistow-politechnika-bedzie-ksztalcic-kadry-dla-kolei-slaskich\/#breadcrumb"},"inLanguage":"pl-PL","potentialAction":[{"@type":"ReadAction","target":["https:\/\/www.24gliwice.pl\/wiadomosci\/na-rynku-bardzo-trudno-pozyskac-specjalistow-politechnika-bedzie-ksztalcic-kadry-dla-kolei-slaskich\/"]}]},{"@type":"ImageObject","inLanguage":"pl-PL","@id":"https:\/\/www.24gliwice.pl\/wiadomosci\/na-rynku-bardzo-trudno-pozyskac-specjalistow-politechnika-bedzie-ksztalcic-kadry-dla-kolei-slaskich\/#primaryimage","url":"https:\/\/www.24gliwice.pl\/wiadomosci\/wp-content\/uploads\/2018\/11\/1-politechnika.jpg","contentUrl":"https:\/\/www.24gliwice.pl\/wiadomosci\/wp-content\/uploads\/2018\/11\/1-politechnika.jpg","width":810,"height":457},{"@type":"BreadcrumbList","@id":"https:\/\/www.24gliwice.pl\/wiadomosci\/na-rynku-bardzo-trudno-pozyskac-specjalistow-politechnika-bedzie-ksztalcic-kadry-dla-kolei-slaskich\/#breadcrumb","itemListElement":[{"@type":"ListItem","position":1,"name":"Strona g\u0142\u00f3wna","item":"https:\/\/www.24gliwice.pl\/wiadomosci\/"},{"@type":"ListItem","position":2,"name":"&#8220;Na rynku bardzo trudno pozyska\u0107 specjalist\u00f3w&#8221;. Politechnika b\u0119dzie kszta\u0142ci\u0107 kadry dla Kolei \u015al\u0105skich"}]},{"@type":"WebSite","@id":"https:\/\/www.24gliwice.pl\/wiadomosci\/#website","url":"https:\/\/www.24gliwice.pl\/wiadomosci\/","name":"24GLIWICE - Portal Gliwice | codziennie nowe wiadomo\u015bci","description":"Portal Miejski Gliwice","publisher":{"@id":"https:\/\/www.24gliwice.pl\/wiadomosci\/#organization"},"potentialAction":[{"@type":"SearchAction","target":{"@type":"EntryPoint","urlTemplate":"https:\/\/www.24gliwice.pl\/wiadomosci\/?s={search_term_string}"},"query-input":{"@type":"PropertyValueSpecification","valueRequired":true,"valueName":"search_term_string"}}],"inLanguage":"pl-PL"},{"@type":"Organization","@id":"https:\/\/www.24gliwice.pl\/wiadomosci\/#organization","name":"24gliwice","url":"https:\/\/www.24gliwice.pl\/wiadomosci\/","logo":{"@type":"ImageObject","inLanguage":"pl-PL","@id":"https:\/\/www.24gliwice.pl\/wiadomosci\/#\/schema\/logo\/image\/","url":"https:\/\/www.24gliwice.pl\/wiadomosci\/wp-content\/uploads\/2024\/10\/24gliwice-logo-696.jpg","contentUrl":"https:\/\/www.24gliwice.pl\/wiadomosci\/wp-content\/uploads\/2024\/10\/24gliwice-logo-696.jpg","width":696,"height":696,"caption":"24gliwice"},"image":{"@id":"https:\/\/www.24gliwice.pl\/wiadomosci\/#\/schema\/logo\/image\/"},"sameAs":["https:\/\/www.facebook.com\/24gliwice","https:\/\/x.com\/24gliwice","https:\/\/www.youtube.com\/@24gliwice"]},{"@type":"Person","@id":"https:\/\/www.24gliwice.pl\/wiadomosci\/#\/schema\/person\/e42c650edd7f2fa332be3811fb166b6e","name":"\u017baneta Mrozek-Siewierska","image":{"@type":"ImageObject","inLanguage":"pl-PL","@id":"https:\/\/secure.gravatar.com\/avatar\/1881429e9c64597c77ad7aef2d0a19be69a3253e57534d16aa15bf3a4d34a0a3?s=96&d=mm&r=g","url":"https:\/\/secure.gravatar.com\/avatar\/1881429e9c64597c77ad7aef2d0a19be69a3253e57534d16aa15bf3a4d34a0a3?s=96&d=mm&r=g","contentUrl":"https:\/\/secure.gravatar.com\/avatar\/1881429e9c64597c77ad7aef2d0a19be69a3253e57534d16aa15bf3a4d34a0a3?s=96&d=mm&r=g","caption":"\u017baneta Mrozek-Siewierska"},"url":"https:\/\/www.24gliwice.pl\/wiadomosci\/author\/zms\/"}]}},"_links":{"self":[{"href":"https:\/\/www.24gliwice.pl\/wiadomosci\/wp-json\/wp\/v2\/posts\/249698","targetHints":{"allow":["GET"]}}],"collection":[{"href":"https:\/\/www.24gliwice.pl\/wiadomosci\/wp-json\/wp\/v2\/posts"}],"about":[{"href":"https:\/\/www.24gliwice.pl\/wiadomosci\/wp-json\/wp\/v2\/types\/post"}],"author":[{"embeddable":true,"href":"https:\/\/www.24gliwice.pl\/wiadomosci\/wp-json\/wp\/v2\/users\/15"}],"replies":[{"embeddable":true,"href":"https:\/\/www.24gliwice.pl\/wiadomosci\/wp-json\/wp\/v2\/comments?post=249698"}],"version-history":[{"count":0,"href":"https:\/\/www.24gliwice.pl\/wiadomosci\/wp-json\/wp\/v2\/posts\/249698\/revisions"}],"wp:featuredmedia":[{"embeddable":true,"href":"https:\/\/www.24gliwice.pl\/wiadomosci\/wp-json\/wp\/v2\/media\/125499"}],"wp:attachment":[{"href":"https:\/\/www.24gliwice.pl\/wiadomosci\/wp-json\/wp\/v2\/media?parent=249698"}],"wp:term":[{"taxonomy":"category","embeddable":true,"href":"https:\/\/www.24gliwice.pl\/wiadomosci\/wp-json\/wp\/v2\/categories?post=249698"},{"taxonomy":"post_tag","embeddable":true,"href":"https:\/\/www.24gliwice.pl\/wiadomosci\/wp-json\/wp\/v2\/tags?post=249698"}],"curies":[{"name":"wp","href":"https:\/\/api.w.org\/{rel}","templated":true}]}}