{"id":250013,"date":"2025-02-19T13:04:50","date_gmt":"2025-02-19T12:04:50","guid":{"rendered":"https:\/\/www.24gliwice.pl\/wiadomosci\/?p=250013"},"modified":"2025-02-19T13:04:50","modified_gmt":"2025-02-19T12:04:50","slug":"zbiorki-ubran-i-tekstyliow-w-dzielnicach-gliwic-jest-harmonogram-na-i-polowe-roku","status":"publish","type":"post","link":"https:\/\/www.24gliwice.pl\/wiadomosci\/zbiorki-ubran-i-tekstyliow-w-dzielnicach-gliwic-jest-harmonogram-na-i-polowe-roku\/","title":{"rendered":"Zbi\u00f3rki ubra\u0144 i tekstyli\u00f3w w dzielnicach Gliwic. Jest harmonogram na I po\u0142ow\u0119 roku"},"content":{"rendered":"<div class=\"gliwi-a6-nad-leadem-artykulow gliwi-entity-placement\" id=\"gliwi-8013855\"><div class=\"gliwi-adlabel\"><span style=\"font-size: 9px\">REKLAMA<\/span><\/div><div id=\"gliwi-1873493628\" style=\"margin-bottom: 30px;margin-left: auto;margin-right: auto;text-align: center;\"><a data-no-instant=\"1\" href=\"https:\/\/przedszkole.halogen.org.pl\/\" rel=\"noopener\" class=\"a2t-link\" target=\"_blank\" aria-label=\"20260402-ANIMATOR-przedszkole_grafika_750x200\"><img loading=\"lazy\" decoding=\"async\" src=\"https:\/\/www.24gliwice.pl\/wiadomosci\/wp-content\/uploads\/2026\/04\/20260402-ANIMATOR-przedszkole_grafika_750x200.webp\" alt=\"\"  srcset=\"https:\/\/www.24gliwice.pl\/wiadomosci\/wp-content\/uploads\/2026\/04\/20260402-ANIMATOR-przedszkole_grafika_750x200.webp 750w, https:\/\/www.24gliwice.pl\/wiadomosci\/wp-content\/uploads\/2026\/04\/20260402-ANIMATOR-przedszkole_grafika_750x200-410x109.webp 410w\" sizes=\"(max-width: 750px) 100vw, 750px\" class=\"no-lazyload\" width=\"750\" height=\"200\"  style=\"display: inline-block; max-width: 100%; height: auto;\" \/><\/a><\/div><\/div><h2>Ubra\u0144, but\u00f3w i r\u00f3\u017cnego rodzaju tekstyli\u00f3w u\u017cywanych w gospodarstwach domowych od stycznia br. nie mo\u017cna ju\u017c wrzuca\u0107 do \u015bmieci &#8211; alternatyw\u0105 jest wyprawa do PSZOK lub przyniesienie ich na miejsce odbioru. W\u0142a\u015bnie opublikowano harmonogram takich zbi\u00f3rek w poszczeg\u00f3lnych dzielnicach Gliwic.<\/h2>\n<p><!--more--><\/p>\n<p>Akcja co prawda nie rozwi\u0105zuje zupe\u0142nie problemu np. dla starszych, niezmotoryzowanych gliwiczan mieszkaj\u0105cych na drugim ko\u0144cu dzielnicy, ale i tak jest u\u0142atwieniem, bo to punktu zbi\u00f3rki b\u0119dzie bli\u017cej.<\/p>\n<p>Zbi\u00f3rki odpad\u00f3w tekstylnych zorganizowane zostan\u0105 w soboty. W harmonogramie znalaz\u0142y si\u0119 wszystkie gliwickie dzielnice, najwi\u0119ksze nawet dwukrotnie. Pierwsza tura rusza 8 marca i potrwa do 12 lipca. O kolejnych terminach miasto b\u0119dzie informowa\u0107 w p\u00f3\u017aniejszym czasie.<\/p><div class=\"gliwi-a3-w-tresci-artykulow gliwi-entity-placement\" id=\"gliwi-3152512618\"><div class=\"gliwi-adlabel\"><span style=\"font-size: 9px\">REKLAMA<\/span><\/div><div id=\"gliwi-2853141121\" style=\"margin-bottom: 30px;margin-left: auto;margin-right: auto;text-align: center;\"><a data-no-instant=\"1\" href=\"https:\/\/zlobek.halogen.org.pl\/\" rel=\"noopener\" class=\"a2t-link\" target=\"_blank\" aria-label=\"animator-zlobek_750x200\"><img loading=\"lazy\" decoding=\"async\" src=\"https:\/\/www.24gliwice.pl\/wiadomosci\/wp-content\/uploads\/2026\/02\/animator-zlobek_750x200.webp\" alt=\"\"  srcset=\"https:\/\/www.24gliwice.pl\/wiadomosci\/wp-content\/uploads\/2026\/02\/animator-zlobek_750x200.webp 750w, https:\/\/www.24gliwice.pl\/wiadomosci\/wp-content\/uploads\/2026\/02\/animator-zlobek_750x200-410x109.webp 410w\" sizes=\"(max-width: 750px) 100vw, 750px\" class=\"no-lazyload\" width=\"750\" height=\"200\"  style=\"display: inline-block; max-width: 100%; height: auto;\" \/><\/a><\/div><\/div>\n<p>Co nale\u017cy segregowa\u0107 i przekazywa\u0107 podczas miejskich zbi\u00f3rek? Najlepiej to, co nie nadaje si\u0119 ju\u017c do u\u017cytku, tekstylia i ubrania zniszczone, niemo\u017cliwe do ponownego wykorzystania. Podczas mobilnych zbi\u00f3rek mo\u017cna przekazywa\u0107 przyk\u0142adowo:<\/p>\n<ul>\n<li>stare, podarte, nienadaj\u0105ce si\u0119 do naprawy kurtki, p\u0142aszcze, kombinezony sportowe, spodnie, swetry, bluzy, bluzki, bielizn\u0119;<\/li>\n<li>zu\u017cyte obuwie, nieprzydatne do ponownego u\u017cycia;<\/li>\n<li>tekstylne elementy wyposa\u017cenia wn\u0119trz, w tym nieprzydatne do wykorzystania zas\u0142ony, firany, zniszczone koce, ko\u0142dry, poduszki, narzuty, r\u0119czniki, szmaty czy \u015bcierki kuchenne. <\/li>\n<\/ul>\n<p>Kto przeoczy zbi\u00f3rk\u0119, b\u0105d\u017a te\u017c nie chce czeka\u0107, mo\u017ce odpady tekstylne dostarcza\u0107 do Punktu Selektywnego Zbierania Odpad\u00f3w (PSZOK) przy ul. Rybnickiej 199B.<\/p>\n<p>Warto wspomnie\u0107, \u017ce rzeczom w dobrym stanie mo\u017cna nada\u0107 drugie \u017cycie \u2013 np. przekaza\u0107 potrzebuj\u0105cym, organizacjom charytatywnym lub znajomym. Koce, po\u015bciel i r\u0119czniki ch\u0119tnie przyjmuj\u0105 i wykorzystuj\u0105 np. schroniska czy fundacje dla zwierz\u0105t. Z kolei czyst\u0105 odzie\u017c i tekstylia nadaj\u0105ce si\u0119 do u\u017cytku mo\u017cna odda\u0107 do pojemnik\u00f3w PCK lub Punktu Drugiego \u017bycia w PSZOK. Mo\u017cna je te\u017c podarowa\u0107 osobom potrzebuj\u0105cym lub znajomym, kt\u00f3rym mog\u0105 si\u0119 przyda\u0107. <\/p>\n<h4>HARMONOGRAM MOBILNYCH ZBI\u00d3REK ODPAD\u00d3W TEKSTYLNYCH W DZIELNICACH<\/h4>\n<h5>8 marca<\/h5>\n<ul>\n<li>8.00 \u2013 10.00 <strong>STARE GLIWICE<\/strong>, parking ul. Rubinowa (przy sklepie Biedronka);<\/li>\n<li>11.00 \u2013 13.00 <strong>TRYNEK<\/strong>, ul. M\u0142odych Patriot\u00f3w, parking przy wje\u017adzie na osiedle;<\/li>\n<li>14.00 \u2013 16.00 <strong>SO\u015aNICA<\/strong>, ul. Przedwio\u015bnie, przy szkole; <\/li>\n<\/ul>\n<h5>22 marca<\/h5>\n<ul>\n<li>8.00 \u2013 10.00 <strong>\u017bERNIKI, <\/strong>ul. \u017bernicka, przy ko\u015bciele;<\/li>\n<li>11.00 \u2013 13.00<strong> OBRO\u0143C\u00d3W POKOJU,<\/strong> ul. Paderewskiego, parking samochodowy;<\/li>\n<li>14.00 \u2013 16.00<strong> SZOBISZOWICE<\/strong>, Batalionu Kosynier\u00f3w 1-7, parking od ul. Bernardy\u0144skiej;<\/li>\n<\/ul>\n<h5>5 kwietnia<\/h5>\n<ul>\n<li>8.00 \u2013 10.00 <strong>WILCZE GARD\u0141O<\/strong>, parking na skwerze ul. Traktorzyst\u00f3w\/ul. Astr\u00f3w;<\/li>\n<li>11.00 \u2013 13.00 <strong>OSTROPA,<\/strong> ul. Daszy\u0144skiego, przy ko\u015bciele;<\/li>\n<li>14.00 \u2013 16.00<strong> W\u00d3JTOWA WIE\u015a,<\/strong> ul. G\u0142owackiego, przy ko\u015bciele;<\/li>\n<\/ul>\n<h5>10 maja<\/h5>\n<ul>\n<li>8.00 \u2013 10.00 <strong>ZATORZE,<\/strong> ul. Okrzei, parking przy GCE;<\/li>\n<li>11.00 \u2013 13.00 <strong>KOPERNIKA,<\/strong> ul. Kopernika, przy pawilonie handlowym;<\/li>\n<li>14.00 \u2013 16.00 <strong>BAILDONA, <\/strong>ul. Robotnicza, parking naprzeciwko zak\u0142adu GZUT;<\/li>\n<\/ul>\n<h5>31 maja<\/h5>\n<ul>\n<li>8.00 \u2013 10.00 <strong>CZECHOWICE,<\/strong> ul. Nad \u0141\u0105kami 1, przed budynkiem;<\/li>\n<li>11.00 \u2013 13.00<strong> POLITECHNIKA,<\/strong> plac Krakowski;<\/li>\n<li>14.00 \u2013 16.00 <strong>\u015aR\u00d3DMIE\u015aCIE, <\/strong>pl. Pi\u0142sudskiego, parking samochodowy;<\/li>\n<\/ul>\n<h5>7 czerwca<\/h5>\n<ul>\n<li>8.00 \u2013 10.00<strong> \u0141AB\u0118DY,<\/strong> ul. Staromiejska, parking przy szkole;<\/li>\n<li>11.00 \u2013 13.00<strong> SO\u015aNICA,<\/strong> ul. Korczoka, przy ko\u015bciele;<\/li>\n<\/ul>\n<h5>14 czerwca<\/h5>\n<ul>\n<li>8.00 \u2013 10.00 <strong>BRZEZINKA,<\/strong> ul. Zamojska, przy ko\u015bciele;<\/li>\n<li>11.00 \u2013 13.00 <strong>\u0141AB\u0118DY, <\/strong>ul. Literat\u00f3w, parking naprzeciwko placu zabaw za budynkiem nr 47;<\/li>\n<li>14.00  \u2013 16.00 <strong>WOJSKA POLSKIEGO<\/strong>, ul. Ordona, parking samochodowy;<\/li>\n<\/ul>\n<h5>12 lipca<\/h5>\n<ul>\n<li>8.00 \u2013 10.00 <strong>LIGOTA ZABRSKA,<\/strong> ul. Pocztowa, przy szkole;<\/li>\n<li>11.00  \u2013 13.00 <strong>BOJK\u00d3W, <\/strong>ul. Rolnik\u00f3w, przy ko\u015bciele;<\/li>\n<li>14.00  \u2013 16.00 <strong>SIKORNIK<\/strong>, ul. Pliszki, parking przy ko\u015bciele.<\/li>\n<\/ul>\n<p>Harmonogram jest tak\u017ce dost\u0119pny na stronie <a href=\"http:\/\/segreguj.gliwice.eu\" target=\"_blank\">segreguj.gliwice.eu<\/a> w zak\u0142adce Harmonogram wywozu. <\/p>\n<p>(\u017cms)\/UM Gliwice(al)<\/p>\n<p><a href=\"https:\/\/www.24gliwice.pl\/wiadomosci\/wp-content\/uploads\/2025\/02\/zbiorki-tekstyliow-w-dzielnicach.jpg\"><img loading=\"lazy\" decoding=\"async\" src=\"https:\/\/www.24gliwice.pl\/wiadomosci\/wp-content\/uploads\/2025\/02\/zbiorki-tekstyliow-w-dzielnicach.jpg\" alt=\"\" width=\"849\" height=\"1200\" class=\"alignnone size-full wp-image-250015\" srcset=\"https:\/\/www.24gliwice.pl\/wiadomosci\/wp-content\/uploads\/2025\/02\/zbiorki-tekstyliow-w-dzielnicach.jpg 849w, https:\/\/www.24gliwice.pl\/wiadomosci\/wp-content\/uploads\/2025\/02\/zbiorki-tekstyliow-w-dzielnicach-164x232.jpg 164w, https:\/\/www.24gliwice.pl\/wiadomosci\/wp-content\/uploads\/2025\/02\/zbiorki-tekstyliow-w-dzielnicach-322x455.jpg 322w, https:\/\/www.24gliwice.pl\/wiadomosci\/wp-content\/uploads\/2025\/02\/zbiorki-tekstyliow-w-dzielnicach-768x1086.jpg 768w, https:\/\/www.24gliwice.pl\/wiadomosci\/wp-content\/uploads\/2025\/02\/zbiorki-tekstyliow-w-dzielnicach-810x1145.jpg 810w\" sizes=\"auto, (max-width: 849px) 100vw, 849px\" \/><\/a><\/p>\n<div class=\"gliwi-a5-na-koncu-artykulow gliwi-entity-placement\" id=\"gliwi-1090044343\"><div class=\"gliwi-adlabel\"><span style=\"font-size: 9px\">REKLAMA<\/span><\/div><div id=\"gliwi-582172844\" style=\"margin-left: auto;margin-right: auto;text-align: center;\"><a data-no-instant=\"1\" href=\"https:\/\/prezeroarenagliwice.pl\/\" rel=\"noopener\" class=\"a2t-link\" target=\"_blank\" aria-label=\"20260309-PREZERO-WIOSNA-D\"><img loading=\"lazy\" decoding=\"async\" src=\"https:\/\/www.24gliwice.pl\/wiadomosci\/wp-content\/uploads\/2026\/03\/20260309-PREZERO-WIOSNA-D.webp\" alt=\"\"  srcset=\"https:\/\/www.24gliwice.pl\/wiadomosci\/wp-content\/uploads\/2026\/03\/20260309-PREZERO-WIOSNA-D.webp 750w, https:\/\/www.24gliwice.pl\/wiadomosci\/wp-content\/uploads\/2026\/03\/20260309-PREZERO-WIOSNA-D-410x109.webp 410w\" sizes=\"(max-width: 750px) 100vw, 750px\" class=\"no-lazyload\" width=\"750\" height=\"200\"  style=\"display: inline-block; max-width: 100%; height: auto;\" \/><\/a><\/div><\/div>","protected":false},"excerpt":{"rendered":"<p>Ubra\u0144, but\u00f3w i r\u00f3\u017cnego rodzaju tekstyli\u00f3w u\u017cywanych w gospodarstwach domowych od stycznia br. nie mo\u017cna ju\u017c wrzuca\u0107 do \u015bmieci &#8211; alternatyw\u0105 jest wyprawa do PSZOK lub przyniesienie ich na miejsce odbioru. W\u0142a\u015bnie opublikowano harmonogram takich zbi\u00f3rek w poszczeg\u00f3lnych dzielnicach Gliwic.<\/p>\n","protected":false},"author":15,"featured_media":250017,"comment_status":"open","ping_status":"closed","sticky":false,"template":"","format":"standard","meta":{"_monsterinsights_skip_tracking":false,"_monsterinsights_sitenote_active":false,"_monsterinsights_sitenote_note":"","_monsterinsights_sitenote_category":0,"footnotes":"","_links_to":"","_links_to_target":""},"categories":[3,1],"tags":[11760,24215],"class_list":["post-250013","post","type-post","status-publish","format-standard","has-post-thumbnail","hentry","category-gliwice","category-wszystko","tag-harmonogram","tag-zbiorki-ubran"],"yoast_head":"<!-- This site is optimized with the Yoast SEO plugin v27.5 - https:\/\/yoast.com\/product\/yoast-seo-wordpress\/ -->\n<title>Zbi\u00f3rki ubra\u0144 i tekstyli\u00f3w w dzielnicach Gliwic. Jest harmonogram na I po\u0142ow\u0119 roku - 24GLIWICE - Portal Gliwice | codziennie nowe informacje<\/title>\n<meta name=\"description\" content=\"Miasto opublikowa\u0142o harmonogram zbi\u00f3rek ubra\u0144 i tekstyli\u00f3w na I po\u0142ow\u0119 2025 roku. Odb\u0119d\u0105 si\u0119 we wszystkich dzielnicach Gliwic\" \/>\n<meta name=\"robots\" content=\"index, follow, max-snippet:-1, max-image-preview:large, max-video-preview:-1\" \/>\n<link rel=\"canonical\" href=\"https:\/\/www.24gliwice.pl\/wiadomosci\/zbiorki-ubran-i-tekstyliow-w-dzielnicach-gliwic-jest-harmonogram-na-i-polowe-roku\/\" \/>\n<meta property=\"og:locale\" content=\"pl_PL\" \/>\n<meta property=\"og:type\" content=\"article\" \/>\n<meta property=\"og:title\" content=\"Zbi\u00f3rki ubra\u0144 i tekstyli\u00f3w w dzielnicach Gliwic. Jest harmonogram na I po\u0142ow\u0119 roku - 24GLIWICE - Portal Gliwice | codziennie nowe informacje\" \/>\n<meta property=\"og:description\" content=\"Miasto opublikowa\u0142o harmonogram zbi\u00f3rek ubra\u0144 i tekstyli\u00f3w na I po\u0142ow\u0119 2025 roku. Odb\u0119d\u0105 si\u0119 we wszystkich dzielnicach Gliwic\" \/>\n<meta property=\"og:url\" content=\"https:\/\/www.24gliwice.pl\/wiadomosci\/zbiorki-ubran-i-tekstyliow-w-dzielnicach-gliwic-jest-harmonogram-na-i-polowe-roku\/\" \/>\n<meta property=\"og:site_name\" content=\"24GLIWICE - Portal Gliwice | codziennie nowe informacje\" \/>\n<meta property=\"article:publisher\" content=\"https:\/\/www.facebook.com\/24gliwice\" \/>\n<meta property=\"article:published_time\" content=\"2025-02-19T12:04:50+00:00\" \/>\n<meta property=\"og:image\" content=\"https:\/\/www.24gliwice.pl\/wiadomosci\/wp-content\/uploads\/2025\/02\/ubrania.jpg\" \/>\n\t<meta property=\"og:image:width\" content=\"1200\" \/>\n\t<meta property=\"og:image:height\" content=\"670\" \/>\n\t<meta property=\"og:image:type\" content=\"image\/jpeg\" \/>\n<meta name=\"author\" content=\"\u017baneta Mrozek-Siewierska\" \/>\n<meta name=\"twitter:card\" content=\"summary_large_image\" \/>\n<meta name=\"twitter:creator\" content=\"@24gliwice\" \/>\n<meta name=\"twitter:site\" content=\"@24gliwice\" \/>\n<meta name=\"twitter:label1\" content=\"Napisane przez\" \/>\n\t<meta name=\"twitter:data1\" content=\"\u017baneta Mrozek-Siewierska\" \/>\n\t<meta name=\"twitter:label2\" content=\"Szacowany czas czytania\" \/>\n\t<meta name=\"twitter:data2\" content=\"4 minuty\" \/>\n<script type=\"application\/ld+json\" class=\"yoast-schema-graph\">{\"@context\":\"https:\\\/\\\/schema.org\",\"@graph\":[{\"@type\":\"Article\",\"@id\":\"https:\\\/\\\/www.24gliwice.pl\\\/wiadomosci\\\/zbiorki-ubran-i-tekstyliow-w-dzielnicach-gliwic-jest-harmonogram-na-i-polowe-roku\\\/#article\",\"isPartOf\":{\"@id\":\"https:\\\/\\\/www.24gliwice.pl\\\/wiadomosci\\\/zbiorki-ubran-i-tekstyliow-w-dzielnicach-gliwic-jest-harmonogram-na-i-polowe-roku\\\/\"},\"author\":{\"name\":\"\u017baneta Mrozek-Siewierska\",\"@id\":\"https:\\\/\\\/www.24gliwice.pl\\\/wiadomosci\\\/#\\\/schema\\\/person\\\/e42c650edd7f2fa332be3811fb166b6e\"},\"headline\":\"Zbi\u00f3rki ubra\u0144 i tekstyli\u00f3w w dzielnicach Gliwic. Jest harmonogram na I po\u0142ow\u0119 roku\",\"datePublished\":\"2025-02-19T12:04:50+00:00\",\"mainEntityOfPage\":{\"@id\":\"https:\\\/\\\/www.24gliwice.pl\\\/wiadomosci\\\/zbiorki-ubran-i-tekstyliow-w-dzielnicach-gliwic-jest-harmonogram-na-i-polowe-roku\\\/\"},\"wordCount\":546,\"commentCount\":0,\"publisher\":{\"@id\":\"https:\\\/\\\/www.24gliwice.pl\\\/wiadomosci\\\/#organization\"},\"image\":{\"@id\":\"https:\\\/\\\/www.24gliwice.pl\\\/wiadomosci\\\/zbiorki-ubran-i-tekstyliow-w-dzielnicach-gliwic-jest-harmonogram-na-i-polowe-roku\\\/#primaryimage\"},\"thumbnailUrl\":\"https:\\\/\\\/www.24gliwice.pl\\\/wiadomosci\\\/wp-content\\\/uploads\\\/2025\\\/02\\\/ubrania.jpg\",\"keywords\":[\"harmonogram\",\"ZBI\u00d3RKI UBRA\u0143\"],\"articleSection\":[\"Gliwice\",\"Najnowsze wiadomo\u015bci\"],\"inLanguage\":\"pl-PL\",\"potentialAction\":[{\"@type\":\"CommentAction\",\"name\":\"Comment\",\"target\":[\"https:\\\/\\\/www.24gliwice.pl\\\/wiadomosci\\\/zbiorki-ubran-i-tekstyliow-w-dzielnicach-gliwic-jest-harmonogram-na-i-polowe-roku\\\/#respond\"]}]},{\"@type\":\"WebPage\",\"@id\":\"https:\\\/\\\/www.24gliwice.pl\\\/wiadomosci\\\/zbiorki-ubran-i-tekstyliow-w-dzielnicach-gliwic-jest-harmonogram-na-i-polowe-roku\\\/\",\"url\":\"https:\\\/\\\/www.24gliwice.pl\\\/wiadomosci\\\/zbiorki-ubran-i-tekstyliow-w-dzielnicach-gliwic-jest-harmonogram-na-i-polowe-roku\\\/\",\"name\":\"Zbi\u00f3rki ubra\u0144 i tekstyli\u00f3w w dzielnicach Gliwic. Jest harmonogram na I po\u0142ow\u0119 roku - 24GLIWICE - Portal Gliwice | codziennie nowe informacje\",\"isPartOf\":{\"@id\":\"https:\\\/\\\/www.24gliwice.pl\\\/wiadomosci\\\/#website\"},\"primaryImageOfPage\":{\"@id\":\"https:\\\/\\\/www.24gliwice.pl\\\/wiadomosci\\\/zbiorki-ubran-i-tekstyliow-w-dzielnicach-gliwic-jest-harmonogram-na-i-polowe-roku\\\/#primaryimage\"},\"image\":{\"@id\":\"https:\\\/\\\/www.24gliwice.pl\\\/wiadomosci\\\/zbiorki-ubran-i-tekstyliow-w-dzielnicach-gliwic-jest-harmonogram-na-i-polowe-roku\\\/#primaryimage\"},\"thumbnailUrl\":\"https:\\\/\\\/www.24gliwice.pl\\\/wiadomosci\\\/wp-content\\\/uploads\\\/2025\\\/02\\\/ubrania.jpg\",\"datePublished\":\"2025-02-19T12:04:50+00:00\",\"description\":\"Miasto opublikowa\u0142o harmonogram zbi\u00f3rek ubra\u0144 i tekstyli\u00f3w na I po\u0142ow\u0119 2025 roku. Odb\u0119d\u0105 si\u0119 we wszystkich dzielnicach Gliwic\",\"breadcrumb\":{\"@id\":\"https:\\\/\\\/www.24gliwice.pl\\\/wiadomosci\\\/zbiorki-ubran-i-tekstyliow-w-dzielnicach-gliwic-jest-harmonogram-na-i-polowe-roku\\\/#breadcrumb\"},\"inLanguage\":\"pl-PL\",\"potentialAction\":[{\"@type\":\"ReadAction\",\"target\":[\"https:\\\/\\\/www.24gliwice.pl\\\/wiadomosci\\\/zbiorki-ubran-i-tekstyliow-w-dzielnicach-gliwic-jest-harmonogram-na-i-polowe-roku\\\/\"]}]},{\"@type\":\"ImageObject\",\"inLanguage\":\"pl-PL\",\"@id\":\"https:\\\/\\\/www.24gliwice.pl\\\/wiadomosci\\\/zbiorki-ubran-i-tekstyliow-w-dzielnicach-gliwic-jest-harmonogram-na-i-polowe-roku\\\/#primaryimage\",\"url\":\"https:\\\/\\\/www.24gliwice.pl\\\/wiadomosci\\\/wp-content\\\/uploads\\\/2025\\\/02\\\/ubrania.jpg\",\"contentUrl\":\"https:\\\/\\\/www.24gliwice.pl\\\/wiadomosci\\\/wp-content\\\/uploads\\\/2025\\\/02\\\/ubrania.jpg\",\"width\":1200,\"height\":670},{\"@type\":\"BreadcrumbList\",\"@id\":\"https:\\\/\\\/www.24gliwice.pl\\\/wiadomosci\\\/zbiorki-ubran-i-tekstyliow-w-dzielnicach-gliwic-jest-harmonogram-na-i-polowe-roku\\\/#breadcrumb\",\"itemListElement\":[{\"@type\":\"ListItem\",\"position\":1,\"name\":\"Strona g\u0142\u00f3wna\",\"item\":\"https:\\\/\\\/www.24gliwice.pl\\\/wiadomosci\\\/\"},{\"@type\":\"ListItem\",\"position\":2,\"name\":\"Zbi\u00f3rki ubra\u0144 i tekstyli\u00f3w w dzielnicach Gliwic. Jest harmonogram na I po\u0142ow\u0119 roku\"}]},{\"@type\":\"WebSite\",\"@id\":\"https:\\\/\\\/www.24gliwice.pl\\\/wiadomosci\\\/#website\",\"url\":\"https:\\\/\\\/www.24gliwice.pl\\\/wiadomosci\\\/\",\"name\":\"24GLIWICE - Portal Gliwice | codziennie nowe wiadomo\u015bci\",\"description\":\"Portal Miejski Gliwice\",\"publisher\":{\"@id\":\"https:\\\/\\\/www.24gliwice.pl\\\/wiadomosci\\\/#organization\"},\"potentialAction\":[{\"@type\":\"SearchAction\",\"target\":{\"@type\":\"EntryPoint\",\"urlTemplate\":\"https:\\\/\\\/www.24gliwice.pl\\\/wiadomosci\\\/?s={search_term_string}\"},\"query-input\":{\"@type\":\"PropertyValueSpecification\",\"valueRequired\":true,\"valueName\":\"search_term_string\"}}],\"inLanguage\":\"pl-PL\"},{\"@type\":\"Organization\",\"@id\":\"https:\\\/\\\/www.24gliwice.pl\\\/wiadomosci\\\/#organization\",\"name\":\"24gliwice\",\"url\":\"https:\\\/\\\/www.24gliwice.pl\\\/wiadomosci\\\/\",\"logo\":{\"@type\":\"ImageObject\",\"inLanguage\":\"pl-PL\",\"@id\":\"https:\\\/\\\/www.24gliwice.pl\\\/wiadomosci\\\/#\\\/schema\\\/logo\\\/image\\\/\",\"url\":\"https:\\\/\\\/www.24gliwice.pl\\\/wiadomosci\\\/wp-content\\\/uploads\\\/2024\\\/10\\\/24gliwice-logo-696.jpg\",\"contentUrl\":\"https:\\\/\\\/www.24gliwice.pl\\\/wiadomosci\\\/wp-content\\\/uploads\\\/2024\\\/10\\\/24gliwice-logo-696.jpg\",\"width\":696,\"height\":696,\"caption\":\"24gliwice\"},\"image\":{\"@id\":\"https:\\\/\\\/www.24gliwice.pl\\\/wiadomosci\\\/#\\\/schema\\\/logo\\\/image\\\/\"},\"sameAs\":[\"https:\\\/\\\/www.facebook.com\\\/24gliwice\",\"https:\\\/\\\/x.com\\\/24gliwice\",\"https:\\\/\\\/www.youtube.com\\\/@24gliwice\"]},{\"@type\":\"Person\",\"@id\":\"https:\\\/\\\/www.24gliwice.pl\\\/wiadomosci\\\/#\\\/schema\\\/person\\\/e42c650edd7f2fa332be3811fb166b6e\",\"name\":\"\u017baneta Mrozek-Siewierska\",\"image\":{\"@type\":\"ImageObject\",\"inLanguage\":\"pl-PL\",\"@id\":\"https:\\\/\\\/secure.gravatar.com\\\/avatar\\\/1881429e9c64597c77ad7aef2d0a19be69a3253e57534d16aa15bf3a4d34a0a3?s=96&d=mm&r=g\",\"url\":\"https:\\\/\\\/secure.gravatar.com\\\/avatar\\\/1881429e9c64597c77ad7aef2d0a19be69a3253e57534d16aa15bf3a4d34a0a3?s=96&d=mm&r=g\",\"contentUrl\":\"https:\\\/\\\/secure.gravatar.com\\\/avatar\\\/1881429e9c64597c77ad7aef2d0a19be69a3253e57534d16aa15bf3a4d34a0a3?s=96&d=mm&r=g\",\"caption\":\"\u017baneta Mrozek-Siewierska\"},\"url\":\"https:\\\/\\\/www.24gliwice.pl\\\/wiadomosci\\\/author\\\/zms\\\/\"}]}<\/script>\n<!-- \/ Yoast SEO plugin. -->","yoast_head_json":{"title":"Zbi\u00f3rki ubra\u0144 i tekstyli\u00f3w w dzielnicach Gliwic. Jest harmonogram na I po\u0142ow\u0119 roku - 24GLIWICE - Portal Gliwice | codziennie nowe informacje","description":"Miasto opublikowa\u0142o harmonogram zbi\u00f3rek ubra\u0144 i tekstyli\u00f3w na I po\u0142ow\u0119 2025 roku. Odb\u0119d\u0105 si\u0119 we wszystkich dzielnicach Gliwic","robots":{"index":"index","follow":"follow","max-snippet":"max-snippet:-1","max-image-preview":"max-image-preview:large","max-video-preview":"max-video-preview:-1"},"canonical":"https:\/\/www.24gliwice.pl\/wiadomosci\/zbiorki-ubran-i-tekstyliow-w-dzielnicach-gliwic-jest-harmonogram-na-i-polowe-roku\/","og_locale":"pl_PL","og_type":"article","og_title":"Zbi\u00f3rki ubra\u0144 i tekstyli\u00f3w w dzielnicach Gliwic. Jest harmonogram na I po\u0142ow\u0119 roku - 24GLIWICE - Portal Gliwice | codziennie nowe informacje","og_description":"Miasto opublikowa\u0142o harmonogram zbi\u00f3rek ubra\u0144 i tekstyli\u00f3w na I po\u0142ow\u0119 2025 roku. Odb\u0119d\u0105 si\u0119 we wszystkich dzielnicach Gliwic","og_url":"https:\/\/www.24gliwice.pl\/wiadomosci\/zbiorki-ubran-i-tekstyliow-w-dzielnicach-gliwic-jest-harmonogram-na-i-polowe-roku\/","og_site_name":"24GLIWICE - Portal Gliwice | codziennie nowe informacje","article_publisher":"https:\/\/www.facebook.com\/24gliwice","article_published_time":"2025-02-19T12:04:50+00:00","og_image":[{"width":1200,"height":670,"url":"https:\/\/www.24gliwice.pl\/wiadomosci\/wp-content\/uploads\/2025\/02\/ubrania.jpg","type":"image\/jpeg"}],"author":"\u017baneta Mrozek-Siewierska","twitter_card":"summary_large_image","twitter_creator":"@24gliwice","twitter_site":"@24gliwice","twitter_misc":{"Napisane przez":"\u017baneta Mrozek-Siewierska","Szacowany czas czytania":"4 minuty"},"schema":{"@context":"https:\/\/schema.org","@graph":[{"@type":"Article","@id":"https:\/\/www.24gliwice.pl\/wiadomosci\/zbiorki-ubran-i-tekstyliow-w-dzielnicach-gliwic-jest-harmonogram-na-i-polowe-roku\/#article","isPartOf":{"@id":"https:\/\/www.24gliwice.pl\/wiadomosci\/zbiorki-ubran-i-tekstyliow-w-dzielnicach-gliwic-jest-harmonogram-na-i-polowe-roku\/"},"author":{"name":"\u017baneta Mrozek-Siewierska","@id":"https:\/\/www.24gliwice.pl\/wiadomosci\/#\/schema\/person\/e42c650edd7f2fa332be3811fb166b6e"},"headline":"Zbi\u00f3rki ubra\u0144 i tekstyli\u00f3w w dzielnicach Gliwic. Jest harmonogram na I po\u0142ow\u0119 roku","datePublished":"2025-02-19T12:04:50+00:00","mainEntityOfPage":{"@id":"https:\/\/www.24gliwice.pl\/wiadomosci\/zbiorki-ubran-i-tekstyliow-w-dzielnicach-gliwic-jest-harmonogram-na-i-polowe-roku\/"},"wordCount":546,"commentCount":0,"publisher":{"@id":"https:\/\/www.24gliwice.pl\/wiadomosci\/#organization"},"image":{"@id":"https:\/\/www.24gliwice.pl\/wiadomosci\/zbiorki-ubran-i-tekstyliow-w-dzielnicach-gliwic-jest-harmonogram-na-i-polowe-roku\/#primaryimage"},"thumbnailUrl":"https:\/\/www.24gliwice.pl\/wiadomosci\/wp-content\/uploads\/2025\/02\/ubrania.jpg","keywords":["harmonogram","ZBI\u00d3RKI UBRA\u0143"],"articleSection":["Gliwice","Najnowsze wiadomo\u015bci"],"inLanguage":"pl-PL","potentialAction":[{"@type":"CommentAction","name":"Comment","target":["https:\/\/www.24gliwice.pl\/wiadomosci\/zbiorki-ubran-i-tekstyliow-w-dzielnicach-gliwic-jest-harmonogram-na-i-polowe-roku\/#respond"]}]},{"@type":"WebPage","@id":"https:\/\/www.24gliwice.pl\/wiadomosci\/zbiorki-ubran-i-tekstyliow-w-dzielnicach-gliwic-jest-harmonogram-na-i-polowe-roku\/","url":"https:\/\/www.24gliwice.pl\/wiadomosci\/zbiorki-ubran-i-tekstyliow-w-dzielnicach-gliwic-jest-harmonogram-na-i-polowe-roku\/","name":"Zbi\u00f3rki ubra\u0144 i tekstyli\u00f3w w dzielnicach Gliwic. Jest harmonogram na I po\u0142ow\u0119 roku - 24GLIWICE - Portal Gliwice | codziennie nowe informacje","isPartOf":{"@id":"https:\/\/www.24gliwice.pl\/wiadomosci\/#website"},"primaryImageOfPage":{"@id":"https:\/\/www.24gliwice.pl\/wiadomosci\/zbiorki-ubran-i-tekstyliow-w-dzielnicach-gliwic-jest-harmonogram-na-i-polowe-roku\/#primaryimage"},"image":{"@id":"https:\/\/www.24gliwice.pl\/wiadomosci\/zbiorki-ubran-i-tekstyliow-w-dzielnicach-gliwic-jest-harmonogram-na-i-polowe-roku\/#primaryimage"},"thumbnailUrl":"https:\/\/www.24gliwice.pl\/wiadomosci\/wp-content\/uploads\/2025\/02\/ubrania.jpg","datePublished":"2025-02-19T12:04:50+00:00","description":"Miasto opublikowa\u0142o harmonogram zbi\u00f3rek ubra\u0144 i tekstyli\u00f3w na I po\u0142ow\u0119 2025 roku. Odb\u0119d\u0105 si\u0119 we wszystkich dzielnicach Gliwic","breadcrumb":{"@id":"https:\/\/www.24gliwice.pl\/wiadomosci\/zbiorki-ubran-i-tekstyliow-w-dzielnicach-gliwic-jest-harmonogram-na-i-polowe-roku\/#breadcrumb"},"inLanguage":"pl-PL","potentialAction":[{"@type":"ReadAction","target":["https:\/\/www.24gliwice.pl\/wiadomosci\/zbiorki-ubran-i-tekstyliow-w-dzielnicach-gliwic-jest-harmonogram-na-i-polowe-roku\/"]}]},{"@type":"ImageObject","inLanguage":"pl-PL","@id":"https:\/\/www.24gliwice.pl\/wiadomosci\/zbiorki-ubran-i-tekstyliow-w-dzielnicach-gliwic-jest-harmonogram-na-i-polowe-roku\/#primaryimage","url":"https:\/\/www.24gliwice.pl\/wiadomosci\/wp-content\/uploads\/2025\/02\/ubrania.jpg","contentUrl":"https:\/\/www.24gliwice.pl\/wiadomosci\/wp-content\/uploads\/2025\/02\/ubrania.jpg","width":1200,"height":670},{"@type":"BreadcrumbList","@id":"https:\/\/www.24gliwice.pl\/wiadomosci\/zbiorki-ubran-i-tekstyliow-w-dzielnicach-gliwic-jest-harmonogram-na-i-polowe-roku\/#breadcrumb","itemListElement":[{"@type":"ListItem","position":1,"name":"Strona g\u0142\u00f3wna","item":"https:\/\/www.24gliwice.pl\/wiadomosci\/"},{"@type":"ListItem","position":2,"name":"Zbi\u00f3rki ubra\u0144 i tekstyli\u00f3w w dzielnicach Gliwic. Jest harmonogram na I po\u0142ow\u0119 roku"}]},{"@type":"WebSite","@id":"https:\/\/www.24gliwice.pl\/wiadomosci\/#website","url":"https:\/\/www.24gliwice.pl\/wiadomosci\/","name":"24GLIWICE - Portal Gliwice | codziennie nowe wiadomo\u015bci","description":"Portal Miejski Gliwice","publisher":{"@id":"https:\/\/www.24gliwice.pl\/wiadomosci\/#organization"},"potentialAction":[{"@type":"SearchAction","target":{"@type":"EntryPoint","urlTemplate":"https:\/\/www.24gliwice.pl\/wiadomosci\/?s={search_term_string}"},"query-input":{"@type":"PropertyValueSpecification","valueRequired":true,"valueName":"search_term_string"}}],"inLanguage":"pl-PL"},{"@type":"Organization","@id":"https:\/\/www.24gliwice.pl\/wiadomosci\/#organization","name":"24gliwice","url":"https:\/\/www.24gliwice.pl\/wiadomosci\/","logo":{"@type":"ImageObject","inLanguage":"pl-PL","@id":"https:\/\/www.24gliwice.pl\/wiadomosci\/#\/schema\/logo\/image\/","url":"https:\/\/www.24gliwice.pl\/wiadomosci\/wp-content\/uploads\/2024\/10\/24gliwice-logo-696.jpg","contentUrl":"https:\/\/www.24gliwice.pl\/wiadomosci\/wp-content\/uploads\/2024\/10\/24gliwice-logo-696.jpg","width":696,"height":696,"caption":"24gliwice"},"image":{"@id":"https:\/\/www.24gliwice.pl\/wiadomosci\/#\/schema\/logo\/image\/"},"sameAs":["https:\/\/www.facebook.com\/24gliwice","https:\/\/x.com\/24gliwice","https:\/\/www.youtube.com\/@24gliwice"]},{"@type":"Person","@id":"https:\/\/www.24gliwice.pl\/wiadomosci\/#\/schema\/person\/e42c650edd7f2fa332be3811fb166b6e","name":"\u017baneta Mrozek-Siewierska","image":{"@type":"ImageObject","inLanguage":"pl-PL","@id":"https:\/\/secure.gravatar.com\/avatar\/1881429e9c64597c77ad7aef2d0a19be69a3253e57534d16aa15bf3a4d34a0a3?s=96&d=mm&r=g","url":"https:\/\/secure.gravatar.com\/avatar\/1881429e9c64597c77ad7aef2d0a19be69a3253e57534d16aa15bf3a4d34a0a3?s=96&d=mm&r=g","contentUrl":"https:\/\/secure.gravatar.com\/avatar\/1881429e9c64597c77ad7aef2d0a19be69a3253e57534d16aa15bf3a4d34a0a3?s=96&d=mm&r=g","caption":"\u017baneta Mrozek-Siewierska"},"url":"https:\/\/www.24gliwice.pl\/wiadomosci\/author\/zms\/"}]}},"_links":{"self":[{"href":"https:\/\/www.24gliwice.pl\/wiadomosci\/wp-json\/wp\/v2\/posts\/250013","targetHints":{"allow":["GET"]}}],"collection":[{"href":"https:\/\/www.24gliwice.pl\/wiadomosci\/wp-json\/wp\/v2\/posts"}],"about":[{"href":"https:\/\/www.24gliwice.pl\/wiadomosci\/wp-json\/wp\/v2\/types\/post"}],"author":[{"embeddable":true,"href":"https:\/\/www.24gliwice.pl\/wiadomosci\/wp-json\/wp\/v2\/users\/15"}],"replies":[{"embeddable":true,"href":"https:\/\/www.24gliwice.pl\/wiadomosci\/wp-json\/wp\/v2\/comments?post=250013"}],"version-history":[{"count":0,"href":"https:\/\/www.24gliwice.pl\/wiadomosci\/wp-json\/wp\/v2\/posts\/250013\/revisions"}],"wp:featuredmedia":[{"embeddable":true,"href":"https:\/\/www.24gliwice.pl\/wiadomosci\/wp-json\/wp\/v2\/media\/250017"}],"wp:attachment":[{"href":"https:\/\/www.24gliwice.pl\/wiadomosci\/wp-json\/wp\/v2\/media?parent=250013"}],"wp:term":[{"taxonomy":"category","embeddable":true,"href":"https:\/\/www.24gliwice.pl\/wiadomosci\/wp-json\/wp\/v2\/categories?post=250013"},{"taxonomy":"post_tag","embeddable":true,"href":"https:\/\/www.24gliwice.pl\/wiadomosci\/wp-json\/wp\/v2\/tags?post=250013"}],"curies":[{"name":"wp","href":"https:\/\/api.w.org\/{rel}","templated":true}]}}