{"id":250098,"date":"2025-02-21T01:41:01","date_gmt":"2025-02-21T00:41:01","guid":{"rendered":"https:\/\/www.24gliwice.pl\/wiadomosci\/?p=250098"},"modified":"2025-02-21T01:41:01","modified_gmt":"2025-02-21T00:41:01","slug":"tramwaj-w-gliwicach-kajetan-gornig-powstal-pomysl-zeby-powrocic-do-tematu-tv","status":"publish","type":"post","link":"https:\/\/www.24gliwice.pl\/wiadomosci\/tramwaj-w-gliwicach-kajetan-gornig-powstal-pomysl-zeby-powrocic-do-tematu-tv\/","title":{"rendered":"Tramwaj w Gliwicach? Kajetan Gornig: &#8220;Powsta\u0142 pomys\u0142, \u017ceby powr\u00f3ci\u0107 do tematu&#8221; (TV)"},"content":{"rendered":"<div class=\"gliwi-a6-nad-leadem-artykulow gliwi-entity-placement\" id=\"gliwi-3843443771\"><div class=\"gliwi-adlabel\"><span style=\"font-size: 9px\">REKLAMA<\/span><\/div><div id=\"gliwi-3474379309\" style=\"margin-bottom: 25px;margin-left: auto;margin-right: auto;text-align: center;\"><a data-no-instant=\"1\" href=\"https:\/\/dom100.eu\/\" rel=\"noopener\" class=\"a2t-link\" target=\"_blank\" aria-label=\"20260415 DOM100 D\"><img loading=\"lazy\" decoding=\"async\" src=\"https:\/\/www.24gliwice.pl\/wiadomosci\/wp-content\/uploads\/2026\/04\/20260415-DOM100-D.jpg\" alt=\"\"  srcset=\"https:\/\/www.24gliwice.pl\/wiadomosci\/wp-content\/uploads\/2026\/04\/20260415-DOM100-D.jpg 750w, https:\/\/www.24gliwice.pl\/wiadomosci\/wp-content\/uploads\/2026\/04\/20260415-DOM100-D-410x109.jpg 410w\" sizes=\"(max-width: 750px) 100vw, 750px\" class=\"no-lazyload\" width=\"750\" height=\"200\"  style=\"display: inline-block; max-width: 100%; height: auto;\" \/><\/a><\/div><\/div><p><iframe loading=\"lazy\" title=\"YouTube video player\" src=\"https:\/\/www.youtube.com\/embed\/DltKoGIkzw8?si=dNdvibBiVKMKxc_z\" width=\"810\" height=\"456\" frameborder=\"0\" allowfullscreen=\"allowfullscreen\"><\/iframe><\/p>\n<h3>Chocia\u017c kwestia powrotu tramwaju do Gliwic mo\u017ce si\u0119 wydawa\u0107 zamkni\u0119ta, pomys\u0142 ostatnio powr\u00f3ci\u0142 m.in. za spraw\u0105 Kajetana Gorniga, wiceprzewodnicz\u0105cego Rady Miasta, kt\u00f3ry uwa\u017ca, \u017ce nale\u017cy przeanalizowa\u0107 pomys\u0142 wskrzeszenia komunikacji szynowej w mie\u015bcie.<\/h3>\n<p><!--more--><\/p>\n<p>Wed\u0142ug naszego rozm\u00f3wcy tramwaj m\u00f3g\u0142by funkcjonowa\u0107 jako atrakcja turystyczna pomi\u0119dzy dworcem PKP a Rynkiem, mo\u017cliwy by\u0142by tak\u017ce nowoczesny transport miejski z niezale\u017cnym torowiskiem z nowoczesnymi wagonami, kt\u00f3rego zadaniem by\u0142oby skomunikowanie najwa\u017cniejszych dzielnic Gliwic z centrum.<\/p>\n<p>Kajetan Gornig nie ukrywa, \u017ce w 2009 roku, jako radny by\u0142 zwolennikiem likwidacji tramwaju. <em>&#8211; Tramwaj kt\u00f3ry by\u0142, je\u017adzi\u0142 20 lat temu, przeszed\u0142 do historii i s\u0142usznie. Dlatego, \u017ce by\u0142 g\u0142o\u015bny niefunkcjonalny, a trasa nie by\u0142a optymalna<\/em> &#8211; uwa\u017ca Gornig, przekonuj\u0105c, \u017ce do tematu nale\u017cy podej\u015b\u0107 na nowo. <\/p><div class=\"gliwi-a3-w-tresci-artykulow gliwi-entity-placement\" id=\"gliwi-3646887184\"><div class=\"gliwi-adlabel\"><span style=\"font-size: 9px\">REKLAMA<\/span><\/div><div id=\"gliwi-2327495628\" style=\"margin-bottom: 30px;margin-left: auto;margin-right: auto;text-align: center;\"><a data-no-instant=\"1\" href=\"https:\/\/zlobek.halogen.org.pl\/\" rel=\"noopener\" class=\"a2t-link\" target=\"_blank\" aria-label=\"animator-zlobek_750x200\"><img loading=\"lazy\" decoding=\"async\" src=\"https:\/\/www.24gliwice.pl\/wiadomosci\/wp-content\/uploads\/2026\/02\/animator-zlobek_750x200.webp\" alt=\"\"  srcset=\"https:\/\/www.24gliwice.pl\/wiadomosci\/wp-content\/uploads\/2026\/02\/animator-zlobek_750x200.webp 750w, https:\/\/www.24gliwice.pl\/wiadomosci\/wp-content\/uploads\/2026\/02\/animator-zlobek_750x200-410x109.webp 410w\" sizes=\"(max-width: 750px) 100vw, 750px\" class=\"no-lazyload\" width=\"750\" height=\"200\"  style=\"display: inline-block; max-width: 100%; height: auto;\" \/><\/a><\/div><\/div>\n<p>Tramwaj <em>&#8220;na pewno wzd\u0142u\u017c ulicy Chorzowskiej i przejazd do dworca PKP maj\u0105 sens. Na pewno nale\u017ca\u0142oby si\u0119 zastanowi\u0107 czy przejazd przez \u015br\u00f3dmie\u015bcie, przez star\u00f3wk\u0119, czy przejazd w kierunku ulicy Ko\u015bciuszki, bo Ko\u015bciuszki jest jedyn\u0105 ulic\u0105, gdzie nie je\u017adzi \u017caden autobus. A jest bardzo potrzebna komunikacja pomi\u0119dzy Nowym \u015awiatem, skrzy\u017cowaniem z Kochanowskiego i tamt\u0105 okolic\u0105 na przyk\u0142ad z ulic\u0105 \u0141ab\u0119dzk\u0105 i stref\u0105, gdzie wydaje si\u0119 \u017ce by\u0142by to dobry spos\u00f3b na skomunikowanie du\u017cych dzielnic&#8221;<\/em>.<\/p>\n<hr>\n<p>Uwaga. Dla u\u0142atwienia wywiad zosta\u0142 podzielony na rozdzia\u0142y. Je\u015bli chcesz pos\u0142ucha\u0107 tylko okre\u015blonego fragmentu \u2013 najed\u017a na pasek post\u0119pu filmu w trakcie odtwarzania. Mo\u017cesz te\u017c klikn\u0105\u0107 bezpo\u015brednio w wybrany znacznik czasowy widoczny poni\u017cej.<br \/>\n<span class=\"yt-core-attributed-string--link-inherit-color\" dir=\"auto\"><a class=\"yt-core-attributed-string__link yt-core-attributed-string__link--call-to-action-color\" tabindex=\"0\" href=\"https:\/\/www.youtube.com\/watch?v=DltKoGIkzw8&amp;t=6s\" target=\"\">00:06<\/a><\/span><span class=\"yt-core-attributed-string--link-inherit-color\" dir=\"auto\"> Tramwaj w Gliwicach <\/span><span class=\"yt-core-attributed-string--link-inherit-color\" dir=\"auto\"><a class=\"yt-core-attributed-string__link yt-core-attributed-string__link--call-to-action-color\" tabindex=\"0\" href=\"https:\/\/www.youtube.com\/watch?v=DltKoGIkzw8&amp;t=813s\" target=\"\">13:33<\/a><\/span><span class=\"yt-core-attributed-string--link-inherit-color\" dir=\"auto\"> Czy Nowy Ratusz to przystawka KO? <\/span><span class=\"yt-core-attributed-string--link-inherit-color\" dir=\"auto\"><a class=\"yt-core-attributed-string__link yt-core-attributed-string__link--call-to-action-color\" tabindex=\"0\" href=\"https:\/\/www.youtube.com\/watch?v=DltKoGIkzw8&amp;t=1075s\" target=\"\">17:55<\/a><\/span><span class=\"yt-core-attributed-string--link-inherit-color\" dir=\"auto\"> Miejskie pieni\u0105dze dla portalu widmo <\/span><span class=\"yt-core-attributed-string--link-inherit-color\" dir=\"auto\"><a class=\"yt-core-attributed-string__link yt-core-attributed-string__link--call-to-action-color\" tabindex=\"0\" href=\"https:\/\/www.youtube.com\/watch?v=DltKoGIkzw8&amp;t=1215s\" target=\"\">20:15<\/a><\/span><span class=\"yt-core-attributed-string--link-inherit-color\" dir=\"auto\"> Plany Nowego Ratusza na 2025 rok<\/span><\/p>\n<p>Program zrealizowano w studiu 24gliwice. Rozmow\u0119 prowadzi\u0142 red. <strong>Micha\u0142 Szewczyk<\/strong> (24gliwice). Realizacja <strong>\u0141ukasz Gawin<\/strong>, <strong>Marcin Fabrykowski<\/strong>.<\/p>\n<p>Odcinek powsta\u0142 dzi\u0119ki wsp\u00f3\u0142pracy redakcji 24gliwice i <a href=\"https:\/\/www.nowiny.gliwice.pl\/\" target=\"_blank\" rel=\"noopener\">Nowin Gliwickich<\/a>.<\/p>\n<div class=\"gliwi-a5-na-koncu-artykulow gliwi-entity-placement\" id=\"gliwi-1060836823\"><div class=\"gliwi-adlabel\"><span style=\"font-size: 9px\">REKLAMA<\/span><\/div><div id=\"gliwi-1202430575\" style=\"margin-left: auto;margin-right: auto;text-align: center;\"><a data-no-instant=\"1\" href=\"https:\/\/prezeroarenagliwice.pl\/\" rel=\"noopener\" class=\"a2t-link\" target=\"_blank\" aria-label=\"20260309-PREZERO-WIOSNA-D\"><img loading=\"lazy\" decoding=\"async\" src=\"https:\/\/www.24gliwice.pl\/wiadomosci\/wp-content\/uploads\/2026\/03\/20260309-PREZERO-WIOSNA-D.webp\" alt=\"\"  srcset=\"https:\/\/www.24gliwice.pl\/wiadomosci\/wp-content\/uploads\/2026\/03\/20260309-PREZERO-WIOSNA-D.webp 750w, https:\/\/www.24gliwice.pl\/wiadomosci\/wp-content\/uploads\/2026\/03\/20260309-PREZERO-WIOSNA-D-410x109.webp 410w\" sizes=\"(max-width: 750px) 100vw, 750px\" class=\"no-lazyload\" width=\"750\" height=\"200\"  style=\"display: inline-block; max-width: 100%; height: auto;\" \/><\/a><\/div><\/div>","protected":false},"excerpt":{"rendered":"<p>Chocia\u017c kwestia powrotu tramwaju do Gliwic mo\u017ce si\u0119 wydawa\u0107 zamkni\u0119ta, pomys\u0142 ostatnio powr\u00f3ci\u0142 m.in. za spraw\u0105 Kajetana Gorniga, wiceprzewodnicz\u0105cego Rady Miasta, kt\u00f3ry uwa\u017ca, \u017ce nale\u017cy przeanalizowa\u0107 pomys\u0142 wskrzeszenia komunikacji szynowej w mie\u015bcie.<\/p>\n","protected":false},"author":4,"featured_media":250099,"comment_status":"open","ping_status":"closed","sticky":false,"template":"","format":"video","meta":{"_monsterinsights_skip_tracking":false,"_monsterinsights_sitenote_active":false,"_monsterinsights_sitenote_note":"","_monsterinsights_sitenote_category":0,"footnotes":"","_links_to":"","_links_to_target":""},"categories":[3,83,1,9,7144,8,4,12],"tags":[76,715,7059,4584],"class_list":["post-250098","post","type-post","status-publish","format-video","has-post-thumbnail","hentry","category-gliwice","category-gosc_dnia","category-wszystko","category-aktualnosci_lokalne","category-publicystyka_tv","category-samorzad_polityka","category-telewizja-gliwice","category-wywiady","tag-gosc-dnia","tag-kajetan-gornig","tag-michal-szewczyk","tag-tramwaj","post_format-post-format-video"],"yoast_head":"<!-- This site is optimized with the Yoast SEO plugin v27.5 - https:\/\/yoast.com\/product\/yoast-seo-wordpress\/ -->\n<title>Tramwaj w Gliwicach? Kajetan Gornig: &quot;Powsta\u0142 pomys\u0142, \u017ceby powr\u00f3ci\u0107 do tematu&quot; (TV) - 24GLIWICE - Portal Gliwice | codziennie nowe informacje<\/title>\n<meta name=\"robots\" content=\"index, follow, max-snippet:-1, max-image-preview:large, max-video-preview:-1\" \/>\n<link rel=\"canonical\" href=\"https:\/\/www.24gliwice.pl\/wiadomosci\/tramwaj-w-gliwicach-kajetan-gornig-powstal-pomysl-zeby-powrocic-do-tematu-tv\/\" \/>\n<meta property=\"og:locale\" content=\"pl_PL\" \/>\n<meta property=\"og:type\" content=\"article\" \/>\n<meta property=\"og:title\" content=\"Tramwaj w Gliwicach? Kajetan Gornig: &quot;Powsta\u0142 pomys\u0142, \u017ceby powr\u00f3ci\u0107 do tematu&quot; (TV) - 24GLIWICE - Portal Gliwice | codziennie nowe informacje\" \/>\n<meta property=\"og:description\" content=\"Chocia\u017c kwestia powrotu tramwaju do Gliwic mo\u017ce si\u0119 wydawa\u0107 zamkni\u0119ta, pomys\u0142 ostatnio powr\u00f3ci\u0142 m.in. za spraw\u0105 Kajetana Gorniga, wiceprzewodnicz\u0105cego Rady Miasta, kt\u00f3ry uwa\u017ca, \u017ce nale\u017cy przeanalizowa\u0107 pomys\u0142 wskrzeszenia komunikacji szynowej w mie\u015bcie.\" \/>\n<meta property=\"og:url\" content=\"https:\/\/www.24gliwice.pl\/wiadomosci\/tramwaj-w-gliwicach-kajetan-gornig-powstal-pomysl-zeby-powrocic-do-tematu-tv\/\" \/>\n<meta property=\"og:site_name\" content=\"24GLIWICE - Portal Gliwice | codziennie nowe informacje\" \/>\n<meta property=\"article:publisher\" content=\"https:\/\/www.facebook.com\/24gliwice\" \/>\n<meta property=\"article:author\" content=\"https:\/\/www.facebook.com\/marcin.fabrykowski\" \/>\n<meta property=\"article:published_time\" content=\"2025-02-21T00:41:01+00:00\" \/>\n<meta property=\"og:image\" content=\"https:\/\/www.24gliwice.pl\/wiadomosci\/wp-content\/uploads\/2025\/02\/Gornig-YT-gosc-dnia.jpg\" \/>\n\t<meta property=\"og:image:width\" content=\"1140\" \/>\n\t<meta property=\"og:image:height\" content=\"642\" \/>\n\t<meta property=\"og:image:type\" content=\"image\/jpeg\" \/>\n<meta name=\"author\" content=\"Marcin Fabrykowski\" \/>\n<meta name=\"twitter:card\" content=\"summary_large_image\" \/>\n<meta name=\"twitter:creator\" content=\"@24gliwice\" \/>\n<meta name=\"twitter:site\" content=\"@24gliwice\" \/>\n<meta name=\"twitter:label1\" content=\"Napisane przez\" \/>\n\t<meta name=\"twitter:data1\" content=\"Marcin Fabrykowski\" \/>\n\t<meta name=\"twitter:label2\" content=\"Szacowany czas czytania\" \/>\n\t<meta name=\"twitter:data2\" content=\"2 minuty\" \/>\n<script type=\"application\/ld+json\" class=\"yoast-schema-graph\">{\"@context\":\"https:\\\/\\\/schema.org\",\"@graph\":[{\"@type\":\"Article\",\"@id\":\"https:\\\/\\\/www.24gliwice.pl\\\/wiadomosci\\\/tramwaj-w-gliwicach-kajetan-gornig-powstal-pomysl-zeby-powrocic-do-tematu-tv\\\/#article\",\"isPartOf\":{\"@id\":\"https:\\\/\\\/www.24gliwice.pl\\\/wiadomosci\\\/tramwaj-w-gliwicach-kajetan-gornig-powstal-pomysl-zeby-powrocic-do-tematu-tv\\\/\"},\"author\":{\"name\":\"Marcin Fabrykowski\",\"@id\":\"https:\\\/\\\/www.24gliwice.pl\\\/wiadomosci\\\/#\\\/schema\\\/person\\\/cb5857e4a4d048c15984c1edcc8ef0c0\"},\"headline\":\"Tramwaj w Gliwicach? Kajetan Gornig: &#8220;Powsta\u0142 pomys\u0142, \u017ceby powr\u00f3ci\u0107 do tematu&#8221; (TV)\",\"datePublished\":\"2025-02-21T00:41:01+00:00\",\"mainEntityOfPage\":{\"@id\":\"https:\\\/\\\/www.24gliwice.pl\\\/wiadomosci\\\/tramwaj-w-gliwicach-kajetan-gornig-powstal-pomysl-zeby-powrocic-do-tematu-tv\\\/\"},\"wordCount\":333,\"commentCount\":0,\"publisher\":{\"@id\":\"https:\\\/\\\/www.24gliwice.pl\\\/wiadomosci\\\/#organization\"},\"image\":{\"@id\":\"https:\\\/\\\/www.24gliwice.pl\\\/wiadomosci\\\/tramwaj-w-gliwicach-kajetan-gornig-powstal-pomysl-zeby-powrocic-do-tematu-tv\\\/#primaryimage\"},\"thumbnailUrl\":\"https:\\\/\\\/www.24gliwice.pl\\\/wiadomosci\\\/wp-content\\\/uploads\\\/2025\\\/02\\\/Gornig-YT-gosc-dnia.jpg\",\"keywords\":[\"GO\u015a\u0106 DNIA\",\"KAJETAN GORNIG\",\"Micha\u0142 Szewczyk\",\"tramwaj\"],\"articleSection\":[\"Gliwice\",\"Go\u015b\u0107 Dnia\",\"Najnowsze wiadomo\u015bci\",\"Portal Gliwice - Wiadomo\u015bci lokalne\",\"Publicystyka\",\"Samorz\u0105d, polityka\",\"Telewizja, materia\u0142y wideo\",\"Wywiady\"],\"inLanguage\":\"pl-PL\",\"potentialAction\":[{\"@type\":\"CommentAction\",\"name\":\"Comment\",\"target\":[\"https:\\\/\\\/www.24gliwice.pl\\\/wiadomosci\\\/tramwaj-w-gliwicach-kajetan-gornig-powstal-pomysl-zeby-powrocic-do-tematu-tv\\\/#respond\"]}]},{\"@type\":\"WebPage\",\"@id\":\"https:\\\/\\\/www.24gliwice.pl\\\/wiadomosci\\\/tramwaj-w-gliwicach-kajetan-gornig-powstal-pomysl-zeby-powrocic-do-tematu-tv\\\/\",\"url\":\"https:\\\/\\\/www.24gliwice.pl\\\/wiadomosci\\\/tramwaj-w-gliwicach-kajetan-gornig-powstal-pomysl-zeby-powrocic-do-tematu-tv\\\/\",\"name\":\"Tramwaj w Gliwicach? Kajetan Gornig: \\\"Powsta\u0142 pomys\u0142, \u017ceby powr\u00f3ci\u0107 do tematu\\\" (TV) - 24GLIWICE - Portal Gliwice | codziennie nowe informacje\",\"isPartOf\":{\"@id\":\"https:\\\/\\\/www.24gliwice.pl\\\/wiadomosci\\\/#website\"},\"primaryImageOfPage\":{\"@id\":\"https:\\\/\\\/www.24gliwice.pl\\\/wiadomosci\\\/tramwaj-w-gliwicach-kajetan-gornig-powstal-pomysl-zeby-powrocic-do-tematu-tv\\\/#primaryimage\"},\"image\":{\"@id\":\"https:\\\/\\\/www.24gliwice.pl\\\/wiadomosci\\\/tramwaj-w-gliwicach-kajetan-gornig-powstal-pomysl-zeby-powrocic-do-tematu-tv\\\/#primaryimage\"},\"thumbnailUrl\":\"https:\\\/\\\/www.24gliwice.pl\\\/wiadomosci\\\/wp-content\\\/uploads\\\/2025\\\/02\\\/Gornig-YT-gosc-dnia.jpg\",\"datePublished\":\"2025-02-21T00:41:01+00:00\",\"breadcrumb\":{\"@id\":\"https:\\\/\\\/www.24gliwice.pl\\\/wiadomosci\\\/tramwaj-w-gliwicach-kajetan-gornig-powstal-pomysl-zeby-powrocic-do-tematu-tv\\\/#breadcrumb\"},\"inLanguage\":\"pl-PL\",\"potentialAction\":[{\"@type\":\"ReadAction\",\"target\":[\"https:\\\/\\\/www.24gliwice.pl\\\/wiadomosci\\\/tramwaj-w-gliwicach-kajetan-gornig-powstal-pomysl-zeby-powrocic-do-tematu-tv\\\/\"]}]},{\"@type\":\"ImageObject\",\"inLanguage\":\"pl-PL\",\"@id\":\"https:\\\/\\\/www.24gliwice.pl\\\/wiadomosci\\\/tramwaj-w-gliwicach-kajetan-gornig-powstal-pomysl-zeby-powrocic-do-tematu-tv\\\/#primaryimage\",\"url\":\"https:\\\/\\\/www.24gliwice.pl\\\/wiadomosci\\\/wp-content\\\/uploads\\\/2025\\\/02\\\/Gornig-YT-gosc-dnia.jpg\",\"contentUrl\":\"https:\\\/\\\/www.24gliwice.pl\\\/wiadomosci\\\/wp-content\\\/uploads\\\/2025\\\/02\\\/Gornig-YT-gosc-dnia.jpg\",\"width\":1140,\"height\":642},{\"@type\":\"BreadcrumbList\",\"@id\":\"https:\\\/\\\/www.24gliwice.pl\\\/wiadomosci\\\/tramwaj-w-gliwicach-kajetan-gornig-powstal-pomysl-zeby-powrocic-do-tematu-tv\\\/#breadcrumb\",\"itemListElement\":[{\"@type\":\"ListItem\",\"position\":1,\"name\":\"Strona g\u0142\u00f3wna\",\"item\":\"https:\\\/\\\/www.24gliwice.pl\\\/wiadomosci\\\/\"},{\"@type\":\"ListItem\",\"position\":2,\"name\":\"Tramwaj w Gliwicach? Kajetan Gornig: &#8220;Powsta\u0142 pomys\u0142, \u017ceby powr\u00f3ci\u0107 do tematu&#8221; (TV)\"}]},{\"@type\":\"WebSite\",\"@id\":\"https:\\\/\\\/www.24gliwice.pl\\\/wiadomosci\\\/#website\",\"url\":\"https:\\\/\\\/www.24gliwice.pl\\\/wiadomosci\\\/\",\"name\":\"24GLIWICE - Portal Gliwice | codziennie nowe wiadomo\u015bci\",\"description\":\"Portal Miejski Gliwice\",\"publisher\":{\"@id\":\"https:\\\/\\\/www.24gliwice.pl\\\/wiadomosci\\\/#organization\"},\"potentialAction\":[{\"@type\":\"SearchAction\",\"target\":{\"@type\":\"EntryPoint\",\"urlTemplate\":\"https:\\\/\\\/www.24gliwice.pl\\\/wiadomosci\\\/?s={search_term_string}\"},\"query-input\":{\"@type\":\"PropertyValueSpecification\",\"valueRequired\":true,\"valueName\":\"search_term_string\"}}],\"inLanguage\":\"pl-PL\"},{\"@type\":\"Organization\",\"@id\":\"https:\\\/\\\/www.24gliwice.pl\\\/wiadomosci\\\/#organization\",\"name\":\"24gliwice\",\"url\":\"https:\\\/\\\/www.24gliwice.pl\\\/wiadomosci\\\/\",\"logo\":{\"@type\":\"ImageObject\",\"inLanguage\":\"pl-PL\",\"@id\":\"https:\\\/\\\/www.24gliwice.pl\\\/wiadomosci\\\/#\\\/schema\\\/logo\\\/image\\\/\",\"url\":\"https:\\\/\\\/www.24gliwice.pl\\\/wiadomosci\\\/wp-content\\\/uploads\\\/2024\\\/10\\\/24gliwice-logo-696.jpg\",\"contentUrl\":\"https:\\\/\\\/www.24gliwice.pl\\\/wiadomosci\\\/wp-content\\\/uploads\\\/2024\\\/10\\\/24gliwice-logo-696.jpg\",\"width\":696,\"height\":696,\"caption\":\"24gliwice\"},\"image\":{\"@id\":\"https:\\\/\\\/www.24gliwice.pl\\\/wiadomosci\\\/#\\\/schema\\\/logo\\\/image\\\/\"},\"sameAs\":[\"https:\\\/\\\/www.facebook.com\\\/24gliwice\",\"https:\\\/\\\/x.com\\\/24gliwice\",\"https:\\\/\\\/www.youtube.com\\\/@24gliwice\"]},{\"@type\":\"Person\",\"@id\":\"https:\\\/\\\/www.24gliwice.pl\\\/wiadomosci\\\/#\\\/schema\\\/person\\\/cb5857e4a4d048c15984c1edcc8ef0c0\",\"name\":\"Marcin Fabrykowski\",\"image\":{\"@type\":\"ImageObject\",\"inLanguage\":\"pl-PL\",\"@id\":\"https:\\\/\\\/www.24gliwice.pl\\\/wiadomosci\\\/wp-content\\\/uploads\\\/2025\\\/11\\\/zdjecie-moje-marcin-300-96x96.jpg\",\"url\":\"https:\\\/\\\/www.24gliwice.pl\\\/wiadomosci\\\/wp-content\\\/uploads\\\/2025\\\/11\\\/zdjecie-moje-marcin-300-96x96.jpg\",\"contentUrl\":\"https:\\\/\\\/www.24gliwice.pl\\\/wiadomosci\\\/wp-content\\\/uploads\\\/2025\\\/11\\\/zdjecie-moje-marcin-300-96x96.jpg\",\"caption\":\"Marcin Fabrykowski\"},\"sameAs\":[\"http:\\\/\\\/24gliwice.pl\",\"https:\\\/\\\/www.facebook.com\\\/marcin.fabrykowski\"],\"url\":\"https:\\\/\\\/www.24gliwice.pl\\\/wiadomosci\\\/author\\\/marcin-fabrykowski\\\/\"}]}<\/script>\n<!-- \/ Yoast SEO plugin. -->","yoast_head_json":{"title":"Tramwaj w Gliwicach? Kajetan Gornig: \"Powsta\u0142 pomys\u0142, \u017ceby powr\u00f3ci\u0107 do tematu\" (TV) - 24GLIWICE - Portal Gliwice | codziennie nowe informacje","robots":{"index":"index","follow":"follow","max-snippet":"max-snippet:-1","max-image-preview":"max-image-preview:large","max-video-preview":"max-video-preview:-1"},"canonical":"https:\/\/www.24gliwice.pl\/wiadomosci\/tramwaj-w-gliwicach-kajetan-gornig-powstal-pomysl-zeby-powrocic-do-tematu-tv\/","og_locale":"pl_PL","og_type":"article","og_title":"Tramwaj w Gliwicach? Kajetan Gornig: \"Powsta\u0142 pomys\u0142, \u017ceby powr\u00f3ci\u0107 do tematu\" (TV) - 24GLIWICE - Portal Gliwice | codziennie nowe informacje","og_description":"Chocia\u017c kwestia powrotu tramwaju do Gliwic mo\u017ce si\u0119 wydawa\u0107 zamkni\u0119ta, pomys\u0142 ostatnio powr\u00f3ci\u0142 m.in. za spraw\u0105 Kajetana Gorniga, wiceprzewodnicz\u0105cego Rady Miasta, kt\u00f3ry uwa\u017ca, \u017ce nale\u017cy przeanalizowa\u0107 pomys\u0142 wskrzeszenia komunikacji szynowej w mie\u015bcie.","og_url":"https:\/\/www.24gliwice.pl\/wiadomosci\/tramwaj-w-gliwicach-kajetan-gornig-powstal-pomysl-zeby-powrocic-do-tematu-tv\/","og_site_name":"24GLIWICE - Portal Gliwice | codziennie nowe informacje","article_publisher":"https:\/\/www.facebook.com\/24gliwice","article_author":"https:\/\/www.facebook.com\/marcin.fabrykowski","article_published_time":"2025-02-21T00:41:01+00:00","og_image":[{"width":1140,"height":642,"url":"https:\/\/www.24gliwice.pl\/wiadomosci\/wp-content\/uploads\/2025\/02\/Gornig-YT-gosc-dnia.jpg","type":"image\/jpeg"}],"author":"Marcin Fabrykowski","twitter_card":"summary_large_image","twitter_creator":"@24gliwice","twitter_site":"@24gliwice","twitter_misc":{"Napisane przez":"Marcin Fabrykowski","Szacowany czas czytania":"2 minuty"},"schema":{"@context":"https:\/\/schema.org","@graph":[{"@type":"Article","@id":"https:\/\/www.24gliwice.pl\/wiadomosci\/tramwaj-w-gliwicach-kajetan-gornig-powstal-pomysl-zeby-powrocic-do-tematu-tv\/#article","isPartOf":{"@id":"https:\/\/www.24gliwice.pl\/wiadomosci\/tramwaj-w-gliwicach-kajetan-gornig-powstal-pomysl-zeby-powrocic-do-tematu-tv\/"},"author":{"name":"Marcin Fabrykowski","@id":"https:\/\/www.24gliwice.pl\/wiadomosci\/#\/schema\/person\/cb5857e4a4d048c15984c1edcc8ef0c0"},"headline":"Tramwaj w Gliwicach? Kajetan Gornig: &#8220;Powsta\u0142 pomys\u0142, \u017ceby powr\u00f3ci\u0107 do tematu&#8221; (TV)","datePublished":"2025-02-21T00:41:01+00:00","mainEntityOfPage":{"@id":"https:\/\/www.24gliwice.pl\/wiadomosci\/tramwaj-w-gliwicach-kajetan-gornig-powstal-pomysl-zeby-powrocic-do-tematu-tv\/"},"wordCount":333,"commentCount":0,"publisher":{"@id":"https:\/\/www.24gliwice.pl\/wiadomosci\/#organization"},"image":{"@id":"https:\/\/www.24gliwice.pl\/wiadomosci\/tramwaj-w-gliwicach-kajetan-gornig-powstal-pomysl-zeby-powrocic-do-tematu-tv\/#primaryimage"},"thumbnailUrl":"https:\/\/www.24gliwice.pl\/wiadomosci\/wp-content\/uploads\/2025\/02\/Gornig-YT-gosc-dnia.jpg","keywords":["GO\u015a\u0106 DNIA","KAJETAN GORNIG","Micha\u0142 Szewczyk","tramwaj"],"articleSection":["Gliwice","Go\u015b\u0107 Dnia","Najnowsze wiadomo\u015bci","Portal Gliwice - Wiadomo\u015bci lokalne","Publicystyka","Samorz\u0105d, polityka","Telewizja, materia\u0142y wideo","Wywiady"],"inLanguage":"pl-PL","potentialAction":[{"@type":"CommentAction","name":"Comment","target":["https:\/\/www.24gliwice.pl\/wiadomosci\/tramwaj-w-gliwicach-kajetan-gornig-powstal-pomysl-zeby-powrocic-do-tematu-tv\/#respond"]}]},{"@type":"WebPage","@id":"https:\/\/www.24gliwice.pl\/wiadomosci\/tramwaj-w-gliwicach-kajetan-gornig-powstal-pomysl-zeby-powrocic-do-tematu-tv\/","url":"https:\/\/www.24gliwice.pl\/wiadomosci\/tramwaj-w-gliwicach-kajetan-gornig-powstal-pomysl-zeby-powrocic-do-tematu-tv\/","name":"Tramwaj w Gliwicach? Kajetan Gornig: \"Powsta\u0142 pomys\u0142, \u017ceby powr\u00f3ci\u0107 do tematu\" (TV) - 24GLIWICE - Portal Gliwice | codziennie nowe informacje","isPartOf":{"@id":"https:\/\/www.24gliwice.pl\/wiadomosci\/#website"},"primaryImageOfPage":{"@id":"https:\/\/www.24gliwice.pl\/wiadomosci\/tramwaj-w-gliwicach-kajetan-gornig-powstal-pomysl-zeby-powrocic-do-tematu-tv\/#primaryimage"},"image":{"@id":"https:\/\/www.24gliwice.pl\/wiadomosci\/tramwaj-w-gliwicach-kajetan-gornig-powstal-pomysl-zeby-powrocic-do-tematu-tv\/#primaryimage"},"thumbnailUrl":"https:\/\/www.24gliwice.pl\/wiadomosci\/wp-content\/uploads\/2025\/02\/Gornig-YT-gosc-dnia.jpg","datePublished":"2025-02-21T00:41:01+00:00","breadcrumb":{"@id":"https:\/\/www.24gliwice.pl\/wiadomosci\/tramwaj-w-gliwicach-kajetan-gornig-powstal-pomysl-zeby-powrocic-do-tematu-tv\/#breadcrumb"},"inLanguage":"pl-PL","potentialAction":[{"@type":"ReadAction","target":["https:\/\/www.24gliwice.pl\/wiadomosci\/tramwaj-w-gliwicach-kajetan-gornig-powstal-pomysl-zeby-powrocic-do-tematu-tv\/"]}]},{"@type":"ImageObject","inLanguage":"pl-PL","@id":"https:\/\/www.24gliwice.pl\/wiadomosci\/tramwaj-w-gliwicach-kajetan-gornig-powstal-pomysl-zeby-powrocic-do-tematu-tv\/#primaryimage","url":"https:\/\/www.24gliwice.pl\/wiadomosci\/wp-content\/uploads\/2025\/02\/Gornig-YT-gosc-dnia.jpg","contentUrl":"https:\/\/www.24gliwice.pl\/wiadomosci\/wp-content\/uploads\/2025\/02\/Gornig-YT-gosc-dnia.jpg","width":1140,"height":642},{"@type":"BreadcrumbList","@id":"https:\/\/www.24gliwice.pl\/wiadomosci\/tramwaj-w-gliwicach-kajetan-gornig-powstal-pomysl-zeby-powrocic-do-tematu-tv\/#breadcrumb","itemListElement":[{"@type":"ListItem","position":1,"name":"Strona g\u0142\u00f3wna","item":"https:\/\/www.24gliwice.pl\/wiadomosci\/"},{"@type":"ListItem","position":2,"name":"Tramwaj w Gliwicach? Kajetan Gornig: &#8220;Powsta\u0142 pomys\u0142, \u017ceby powr\u00f3ci\u0107 do tematu&#8221; (TV)"}]},{"@type":"WebSite","@id":"https:\/\/www.24gliwice.pl\/wiadomosci\/#website","url":"https:\/\/www.24gliwice.pl\/wiadomosci\/","name":"24GLIWICE - Portal Gliwice | codziennie nowe wiadomo\u015bci","description":"Portal Miejski Gliwice","publisher":{"@id":"https:\/\/www.24gliwice.pl\/wiadomosci\/#organization"},"potentialAction":[{"@type":"SearchAction","target":{"@type":"EntryPoint","urlTemplate":"https:\/\/www.24gliwice.pl\/wiadomosci\/?s={search_term_string}"},"query-input":{"@type":"PropertyValueSpecification","valueRequired":true,"valueName":"search_term_string"}}],"inLanguage":"pl-PL"},{"@type":"Organization","@id":"https:\/\/www.24gliwice.pl\/wiadomosci\/#organization","name":"24gliwice","url":"https:\/\/www.24gliwice.pl\/wiadomosci\/","logo":{"@type":"ImageObject","inLanguage":"pl-PL","@id":"https:\/\/www.24gliwice.pl\/wiadomosci\/#\/schema\/logo\/image\/","url":"https:\/\/www.24gliwice.pl\/wiadomosci\/wp-content\/uploads\/2024\/10\/24gliwice-logo-696.jpg","contentUrl":"https:\/\/www.24gliwice.pl\/wiadomosci\/wp-content\/uploads\/2024\/10\/24gliwice-logo-696.jpg","width":696,"height":696,"caption":"24gliwice"},"image":{"@id":"https:\/\/www.24gliwice.pl\/wiadomosci\/#\/schema\/logo\/image\/"},"sameAs":["https:\/\/www.facebook.com\/24gliwice","https:\/\/x.com\/24gliwice","https:\/\/www.youtube.com\/@24gliwice"]},{"@type":"Person","@id":"https:\/\/www.24gliwice.pl\/wiadomosci\/#\/schema\/person\/cb5857e4a4d048c15984c1edcc8ef0c0","name":"Marcin Fabrykowski","image":{"@type":"ImageObject","inLanguage":"pl-PL","@id":"https:\/\/www.24gliwice.pl\/wiadomosci\/wp-content\/uploads\/2025\/11\/zdjecie-moje-marcin-300-96x96.jpg","url":"https:\/\/www.24gliwice.pl\/wiadomosci\/wp-content\/uploads\/2025\/11\/zdjecie-moje-marcin-300-96x96.jpg","contentUrl":"https:\/\/www.24gliwice.pl\/wiadomosci\/wp-content\/uploads\/2025\/11\/zdjecie-moje-marcin-300-96x96.jpg","caption":"Marcin Fabrykowski"},"sameAs":["http:\/\/24gliwice.pl","https:\/\/www.facebook.com\/marcin.fabrykowski"],"url":"https:\/\/www.24gliwice.pl\/wiadomosci\/author\/marcin-fabrykowski\/"}]}},"_links":{"self":[{"href":"https:\/\/www.24gliwice.pl\/wiadomosci\/wp-json\/wp\/v2\/posts\/250098","targetHints":{"allow":["GET"]}}],"collection":[{"href":"https:\/\/www.24gliwice.pl\/wiadomosci\/wp-json\/wp\/v2\/posts"}],"about":[{"href":"https:\/\/www.24gliwice.pl\/wiadomosci\/wp-json\/wp\/v2\/types\/post"}],"author":[{"embeddable":true,"href":"https:\/\/www.24gliwice.pl\/wiadomosci\/wp-json\/wp\/v2\/users\/4"}],"replies":[{"embeddable":true,"href":"https:\/\/www.24gliwice.pl\/wiadomosci\/wp-json\/wp\/v2\/comments?post=250098"}],"version-history":[{"count":0,"href":"https:\/\/www.24gliwice.pl\/wiadomosci\/wp-json\/wp\/v2\/posts\/250098\/revisions"}],"wp:featuredmedia":[{"embeddable":true,"href":"https:\/\/www.24gliwice.pl\/wiadomosci\/wp-json\/wp\/v2\/media\/250099"}],"wp:attachment":[{"href":"https:\/\/www.24gliwice.pl\/wiadomosci\/wp-json\/wp\/v2\/media?parent=250098"}],"wp:term":[{"taxonomy":"category","embeddable":true,"href":"https:\/\/www.24gliwice.pl\/wiadomosci\/wp-json\/wp\/v2\/categories?post=250098"},{"taxonomy":"post_tag","embeddable":true,"href":"https:\/\/www.24gliwice.pl\/wiadomosci\/wp-json\/wp\/v2\/tags?post=250098"}],"curies":[{"name":"wp","href":"https:\/\/api.w.org\/{rel}","templated":true}]}}