{"id":250855,"date":"2025-03-07T03:38:05","date_gmt":"2025-03-07T02:38:05","guid":{"rendered":"https:\/\/www.24gliwice.pl\/wiadomosci\/?p=250855"},"modified":"2025-03-07T03:38:05","modified_gmt":"2025-03-07T02:38:05","slug":"zbiorki-elektroodpadow-w-roznych-dzielnicach-gliwic-harmonogram-na-2025-rok","status":"publish","type":"post","link":"https:\/\/www.24gliwice.pl\/wiadomosci\/zbiorki-elektroodpadow-w-roznych-dzielnicach-gliwic-harmonogram-na-2025-rok\/","title":{"rendered":"Zbi\u00f3rki elektroodpad\u00f3w w r\u00f3\u017cnych dzielnicach Gliwic. Harmonogram na 2025 rok"},"content":{"rendered":"<div class=\"gliwi-a6-nad-leadem-artykulow gliwi-entity-placement\" id=\"gliwi-197370727\"><div class=\"gliwi-adlabel\"><span style=\"font-size: 9px\">REKLAMA<\/span><\/div><div id=\"gliwi-3188967403\" style=\"margin-bottom: 30px;margin-left: auto;margin-right: auto;text-align: center;\"><a data-no-instant=\"1\" href=\"https:\/\/przedszkole.halogen.org.pl\/\" rel=\"noopener\" class=\"a2t-link\" target=\"_blank\" aria-label=\"20260402-ANIMATOR-przedszkole_grafika_750x200\"><img loading=\"lazy\" decoding=\"async\" src=\"https:\/\/www.24gliwice.pl\/wiadomosci\/wp-content\/uploads\/2026\/04\/20260402-ANIMATOR-przedszkole_grafika_750x200.webp\" alt=\"\"  srcset=\"https:\/\/www.24gliwice.pl\/wiadomosci\/wp-content\/uploads\/2026\/04\/20260402-ANIMATOR-przedszkole_grafika_750x200.webp 750w, https:\/\/www.24gliwice.pl\/wiadomosci\/wp-content\/uploads\/2026\/04\/20260402-ANIMATOR-przedszkole_grafika_750x200-410x109.webp 410w\" sizes=\"(max-width: 750px) 100vw, 750px\" class=\"no-lazyload\" width=\"750\" height=\"200\"  style=\"display: inline-block; max-width: 100%; height: auto;\" \/><\/a><\/div><\/div><h2>Tegoroczne zbi\u00f3rki elektroodpad\u00f3w rozpoczn\u0105 si\u0119 15 marca i potrwaj\u0105 do 29 listopada. Opublikowano ju\u017c harmonogram na 2025 rok, w kt\u00f3rym wyznaczono 20 termin\u00f3w odbioru.<\/h2>\n<p><!--more--><\/p>\n<p>Specjalny samoch\u00f3d firmy zajmuj\u0105cej si\u0119 recyklingiem tego rodzaju \u015bmieci pojawi si\u0119 w r\u00f3\u017cnych gliwickich dzielnicach &#8211; w niekt\u00f3rych, jak np. Czechowice i Wilcze Gard\u0142o tylko raz, w przewa\u017caj\u0105cej cz\u0119\u015bci po dwa razy, za\u015b na wi\u0119kszych osiedlach b\u0119d\u0105 trzy, a nawet cztery okazje. Dzielnice Baildona i Politechnika nie znalaz\u0142y si\u0119 w harmonogramie. <\/p>\n<p>Co mo\u017cna tam dostarczy\u0107? Z grubsza rzecz bior\u0105c wszystko to, co zasilane jest energi\u0105 elektryczn\u0105 (pr\u0105d i baterie). Mog\u0105 to wi\u0119c by\u0107 elementy o\u015bwietlenia (lampy, ale te\u017c \u015bwietl\u00f3wki, \u017car\u00f3wki), sprz\u0119t AGD (pralki, lod\u00f3wki, odkurzacze, suszarki do w\u0142os\u00f3w), komputery, drukarki, konsole, zabawki, gad\u017cety, telefony kom\u00f3rkowe&#8230; Tych sprz\u0119t\u00f3w nie nale\u017cy wrzuca\u0107 do standardowych w gospodarstwach domowych pojemnik\u00f3w na odpady. <\/p><div class=\"gliwi-a3-w-tresci-artykulow gliwi-entity-placement\" id=\"gliwi-528402429\"><div class=\"gliwi-adlabel\"><span style=\"font-size: 9px\">REKLAMA<\/span><\/div><div id=\"gliwi-711181724\" style=\"margin-bottom: 30px;margin-left: auto;margin-right: auto;text-align: center;\"><a data-no-instant=\"1\" href=\"https:\/\/zlobek.halogen.org.pl\/\" rel=\"noopener\" class=\"a2t-link\" target=\"_blank\" aria-label=\"animator-zlobek_750x200\"><img loading=\"lazy\" decoding=\"async\" src=\"https:\/\/www.24gliwice.pl\/wiadomosci\/wp-content\/uploads\/2026\/02\/animator-zlobek_750x200.webp\" alt=\"\"  srcset=\"https:\/\/www.24gliwice.pl\/wiadomosci\/wp-content\/uploads\/2026\/02\/animator-zlobek_750x200.webp 750w, https:\/\/www.24gliwice.pl\/wiadomosci\/wp-content\/uploads\/2026\/02\/animator-zlobek_750x200-410x109.webp 410w\" sizes=\"(max-width: 750px) 100vw, 750px\" class=\"no-lazyload\" width=\"750\" height=\"200\"  style=\"display: inline-block; max-width: 100%; height: auto;\" \/><\/a><\/div><\/div>\n<h4>W niekt\u00f3rych przypadkach firma EKOMAX, realizuj\u0105ca tegoroczne zbi\u00f3rki elektro\u015bmieci, mo\u017ce zabra\u0107 je bezpo\u015brednio z miejsc zamieszkania gliwiczan.<\/h4>\n<p>&#8211; <em>Chcesz zg\u0142osi\u0107 odbi\u00f3r ci\u0119\u017ckiego sprz\u0119tu elektrycznego lub elektronicznego bezpo\u015brednio ze swojej nieruchomo\u015bci zadzwo\u0144 do firmy Ekomax sp. z o.o. pod nr 882 102 882 lub napisz na adres mail: <a href=\"mailto:elektroodpady@ekomax.com.pl\" target=\"_blank\">elektroodpady@ekomax.com.pl<\/a><\/em> &#8211; czytamy na stronie Segreguj.Gliwice.eu<\/p>\n<h4>HARMONOGRAM ZBI\u00d3REK ELEKTROODPAD\u00d3W W 2025 ROKU<\/h4>\n<h5>15 marca<\/h5>\n<ul>\n<li>10:00-12:00 <strong>\u0141ab\u0119dy<\/strong>, ul. Radosna parking przy ko\u015bciele,<\/li>\n<li>12:30-14:30 <strong>Ostropa<\/strong>, ul. Daszy\u0144skiego przy ko\u015bciele,<\/li>\n<\/ul>\n<h5>29 marca<\/h5>\n<ul>\n<li>10:00-12:00 <strong>Szobiszowice<\/strong>, ul. Sztabu Powsta\u0144czego 27, parking od ul. Bernardy\u0144skiej,<\/li>\n<li>12:30-14:30 <strong>Bojk\u00f3w<\/strong>, ul. Rolnik\u00f3w przy ko\u015bciele,<\/li>\n<\/ul>\n<h5>12 kwietnia<\/h5>\n<ul>\n<li>10:00-12:00 <strong>Wojska Polskiego<\/strong>, ul. Ordona, parking samochodowy,<\/li>\n<li>12:30-14:30 <strong>Ligota Zabrska<\/strong>, ul. Pocztowa przy szkole,<\/li>\n<\/ul>\n<h5>26 kwietnia<\/h5>\n<ul>\n<li>10:00-12:00 <strong>\u017berniki<\/strong>, ul. \u017bernicka przy ko\u015bciele,<\/li>\n<li>12:30-14:30 <strong>Obro\u0144c\u00f3w Pokoju<\/strong>, ul. Paderewskiego parking samochodowy,<\/li>\n<\/ul>\n<h5>10 maja<\/h5>\n<ul>\n<li>10:00-12:00 <strong>Kopernika<\/strong>, ul. Kopernika, przy pawilonie handlowym,<\/li>\n<li>12:30-14:30 <strong>Trynek<\/strong>, ul. M\u0142odych Patriot\u00f3w parking przy wje\u017adzie na osiedle,<\/li>\n<\/ul>\n<h5>24 maja<\/h5>\n<ul>\n<li>10:00-12:00 <strong>So\u015bnica<\/strong>, ul. Przedwio\u015bnie przy szkole,<\/li>\n<li>12:30-14:30 <strong>\u0141ab\u0119dy<\/strong>, Staromiejska, parking przy szkole,<\/li>\n<\/ul>\n<h5>7 czerwca<\/h5>\n<ul>\n<li>10:00-12:00 <strong>\u015ar\u00f3dmie\u015bcie<\/strong>, Pl. Pi\u0142sudskiego parking samochodowy,<\/li>\n<li>12:30-14:30 <strong>Czechowice<\/strong>, ul. Nad \u0141\u0105kami 1, przed budynkiem,<\/li>\n<\/ul>\n<h5>14 czerwca<\/h5>\n<ul>\n<li>10:00-12:00 <strong>W\u00f3jtowa Wie\u015b<\/strong>, ul. G\u0142owackiego przy ko\u015bciele,<\/li>\n<li>12:30-14:30 <strong>Zatorze<\/strong>, ul. Okrzei parking przy GCE,<\/li>\n<\/ul>\n<h5>28 czerwca<\/h5>\n<ul>\n<li>10:00-12:00 <strong>Sikornik<\/strong>, ul. Pliszki parking przy ko\u015bciele,<\/li>\n<li>12:30-14:30 <strong>Stare Gliwice<\/strong>, ul. Rubinowa (za sklepem Biedronka),<\/li>\n<\/ul>\n<h5>12 lipca<\/h5>\n<ul>\n<li>10:00-12:00 <strong>Brzezinka<\/strong>, ul. Zamojska przy ko\u015bciele,<\/li>\n<li>12:30-14:30<strong> So\u015bnica,<\/strong> ul. Korczoka przy ko\u015bciele,<\/li>\n<\/ul>\n<h5>26 lipca<\/h5>\n<ul>\n<li>10:00-12:00 <strong>Wojska Polskiego<\/strong>, ul. Ordona, parking samochodowy,<\/li>\n<li>12:30-14:30 <strong>Ligota Zabrska<\/strong>, ul. Pocztowa przy szkole,<\/li>\n<\/ul>\n<h5>9 sierpnia<\/h5>\n<ul>\n<li>10:00-12:00 <strong>Szobiszowice<\/strong>, ul. Batalionu Kosynier\u00f3w 1-7, parking od ul. Bernardy\u0144skiej,<\/li>\n<li>12:30-14:30 <strong>Bojk\u00f3w<\/strong>, ul. Rolnik\u00f3w przy ko\u015bciele,<\/li>\n<\/ul>\n<h5>23 sierpnia<\/h5>\n<ul>\n<li>10:00-12:00 <strong>\u0141ab\u0119dy<\/strong>, ul. Literat\u00f3w przy placu zabaw,<\/li>\n<li>12:30-14:30 <strong>Ostropa<\/strong>, ul. Daszy\u0144skiego przy ko\u015bciele,<\/li>\n<\/ul>\n<h5>30 sierpnia<\/h5>\n<ul>\n<li>10:00-12:00 <strong>Trynek<\/strong>, ul. M\u0142odych Patriot\u00f3w, parking przy wje\u017adzie na osiedle,<\/li>\n<li>12:30-14:30 <strong>Obro\u0144c\u00f3w Pokoju<\/strong>, ul. Paderewskiego parking samochodowy,<\/li>\n<\/ul>\n<h5>13 wrze\u015bnia<\/h5>\n<ul>\n<li>10:00-12:00 <strong>Kopernika<\/strong>, przy Sanktuarium,<\/li>\n<li>12:30-14:30 <strong>\u017berniki<\/strong>, ul. \u017bernicka, przy ko\u015bciele,<\/li>\n<\/ul>\n<h5>27 wrze\u015bnia<\/h5>\n<ul>\n<li>10:00-12:00 <strong>So\u015bnica<\/strong>, ul. Przedwio\u015bnie przy szkole,<\/li>\n<li>12:30-14:30 <strong>\u0141ab\u0119dy<\/strong>, ul. Staromiejska, parking przy szkole,<\/li>\n<\/ul>\n<h5>11 pa\u017adziernika<\/h5>\n<ul>\n<li>10:00-12:00 <strong>\u015ar\u00f3dmie\u015bcie<\/strong>, ul. Ziemowita parking przy katedrze,<\/li>\n<li>12:30-14:30 <strong>Wilcze Gard\u0142o<\/strong>, parking na skwerze ul. Traktorzyst\u00f3w\/ul. Astr\u00f3w,<\/li>\n<\/ul>\n<h5>25 pa\u017adziernika<\/h5>\n<ul>\n<li>10:00-12:00 <strong>W\u00f3jtowa Wie\u015b<\/strong>, ul. G\u0142owackiego przy ko\u015bciele,<\/li>\n<li>12:30-14:30 <strong>Zatorze<\/strong>, ul. Okrzei parking przy GCE,<\/li>\n<\/ul>\n<h5>15 listopada<\/h5>\n<ul>\n<li>10:00-12:00 <strong>Sikornik<\/strong>, ul. Pliszki parking przy ko\u015bciele,<\/li>\n<li>12:30-14:30 <strong>Stare Gliwice<\/strong>, ul. Rubinowa (za sklepem Biedronka),<\/li>\n<\/ul>\n<h5>29 listopada<\/h5>\n<ul>\n<li>10:00-12:00 <strong>Brzezinka<\/strong>, ul. Zamojska przy ko\u015bciele,<\/li>\n<li>12:30-14:30 <strong>\u015ar\u00f3dmie\u015bcie<\/strong>, Pl. Pi\u0142sudskiego parking samochodowy.<\/li>\n<\/ul>\n<p>Harmonogram zbi\u00f3rek elektro\u015bmieci w formacie PDF mo\u017cna pobra\u0107 tu: <a href=\"https:\/\/www.24gliwice.pl\/wiadomosci\/wp-content\/uploads\/2025\/03\/HARMONOGRAM-ZBIOREK-ELEKTROODPADOW-2025.pdf\">HARMONOGRAM-ZBIOREK-ELEKTROODPADOW 2025<\/a>.<\/p>\n<p>Szczeg\u00f3\u0142owe informacje znajduj\u0105 si\u0119 na stronie <a href=\"https:\/\/segreguj.gliwice.eu\/harmonogram-wywozu\/\" target=\"_blank\">segreguj.gliwice.eu.<\/a><\/p>\n<p>(\u017cms)<\/p>\n<div class=\"gliwi-a5-na-koncu-artykulow gliwi-entity-placement\" id=\"gliwi-3513665604\"><div class=\"gliwi-adlabel\"><span style=\"font-size: 9px\">REKLAMA<\/span><\/div><div id=\"gliwi-4042114263\" style=\"margin-left: auto;margin-right: auto;text-align: center;\"><a data-no-instant=\"1\" href=\"https:\/\/www.jasek.pl\/\" rel=\"noopener\" class=\"a2t-link\" target=\"_blank\" aria-label=\"20200401-jasek 600\"><img loading=\"lazy\" decoding=\"async\" src=\"https:\/\/www.24gliwice.pl\/wiadomosci\/wp-content\/uploads\/2020\/04\/20200401-jasek-600.jpg\" alt=\"\"  srcset=\"https:\/\/www.24gliwice.pl\/wiadomosci\/wp-content\/uploads\/2020\/04\/20200401-jasek-600.jpg 600w, https:\/\/www.24gliwice.pl\/wiadomosci\/wp-content\/uploads\/2020\/04\/20200401-jasek-600-410x109.jpg 410w\" sizes=\"(max-width: 600px) 100vw, 600px\" class=\"no-lazyload\" width=\"600\" height=\"160\"  style=\"display: inline-block; max-width: 100%; height: auto;\" \/><\/a><\/div><\/div>","protected":false},"excerpt":{"rendered":"<p>Tegoroczne zbi\u00f3rki elektroodpad\u00f3w rozpoczn\u0105 si\u0119 15 marca i potrwaj\u0105 do 29 listopada. Opublikowano ju\u017c harmonogram na 2025 rok, w kt\u00f3rym wyznaczono 20 termin\u00f3w odbioru.<\/p>\n","protected":false},"author":15,"featured_media":236216,"comment_status":"open","ping_status":"closed","sticky":false,"template":"","format":"standard","meta":{"_monsterinsights_skip_tracking":false,"_monsterinsights_sitenote_active":false,"_monsterinsights_sitenote_note":"","_monsterinsights_sitenote_category":0,"footnotes":"","_links_to":"","_links_to_target":""},"categories":[3,1],"tags":[24240,2582],"class_list":["post-250855","post","type-post","status-publish","format-standard","has-post-thumbnail","hentry","category-gliwice","category-wszystko","tag-harmonogram-2025","tag-zbiorka-elektrosmieci"],"yoast_head":"<!-- This site is optimized with the Yoast SEO plugin v27.5 - https:\/\/yoast.com\/product\/yoast-seo-wordpress\/ -->\n<title>Zbi\u00f3rki elektroodpad\u00f3w w r\u00f3\u017cnych dzielnicach Gliwic. Harmonogram na 2025 rok - 24GLIWICE - Portal Gliwice | codziennie nowe informacje<\/title>\n<meta name=\"description\" content=\"W po\u0142owie marca rozpoczn\u0105 si\u0119 zbi\u00f3rki elektroodpad\u00f3w na terenie Gliwic. Specjalny samoch\u00f3d b\u0119dzie pojawia\u0142 si\u0119 w r\u00f3\u017cnych dzielnicach miasta\" \/>\n<meta name=\"robots\" content=\"index, follow, max-snippet:-1, max-image-preview:large, max-video-preview:-1\" \/>\n<link rel=\"canonical\" href=\"https:\/\/www.24gliwice.pl\/wiadomosci\/zbiorki-elektroodpadow-w-roznych-dzielnicach-gliwic-harmonogram-na-2025-rok\/\" \/>\n<meta property=\"og:locale\" content=\"pl_PL\" \/>\n<meta property=\"og:type\" content=\"article\" \/>\n<meta property=\"og:title\" content=\"Zbi\u00f3rki elektroodpad\u00f3w w r\u00f3\u017cnych dzielnicach Gliwic. Harmonogram na 2025 rok - 24GLIWICE - Portal Gliwice | codziennie nowe informacje\" \/>\n<meta property=\"og:description\" content=\"W po\u0142owie marca rozpoczn\u0105 si\u0119 zbi\u00f3rki elektroodpad\u00f3w na terenie Gliwic. Specjalny samoch\u00f3d b\u0119dzie pojawia\u0142 si\u0119 w r\u00f3\u017cnych dzielnicach miasta\" \/>\n<meta property=\"og:url\" content=\"https:\/\/www.24gliwice.pl\/wiadomosci\/zbiorki-elektroodpadow-w-roznych-dzielnicach-gliwic-harmonogram-na-2025-rok\/\" \/>\n<meta property=\"og:site_name\" content=\"24GLIWICE - Portal Gliwice | codziennie nowe informacje\" \/>\n<meta property=\"article:publisher\" content=\"https:\/\/www.facebook.com\/24gliwice\" \/>\n<meta property=\"article:published_time\" content=\"2025-03-07T02:38:05+00:00\" \/>\n<meta property=\"og:image\" content=\"https:\/\/www.24gliwice.pl\/wiadomosci\/wp-content\/uploads\/2024\/05\/elektrosmieci-czestochowska-telewizor2.jpg\" \/>\n\t<meta property=\"og:image:width\" content=\"810\" \/>\n\t<meta property=\"og:image:height\" content=\"456\" \/>\n\t<meta property=\"og:image:type\" content=\"image\/jpeg\" \/>\n<meta name=\"author\" content=\"\u017baneta Mrozek-Siewierska\" \/>\n<meta name=\"twitter:card\" content=\"summary_large_image\" \/>\n<meta name=\"twitter:creator\" content=\"@24gliwice\" \/>\n<meta name=\"twitter:site\" content=\"@24gliwice\" \/>\n<meta name=\"twitter:label1\" content=\"Napisane przez\" \/>\n\t<meta name=\"twitter:data1\" content=\"\u017baneta Mrozek-Siewierska\" \/>\n\t<meta name=\"twitter:label2\" content=\"Szacowany czas czytania\" \/>\n\t<meta name=\"twitter:data2\" content=\"4 minuty\" \/>\n<script type=\"application\/ld+json\" class=\"yoast-schema-graph\">{\"@context\":\"https:\\\/\\\/schema.org\",\"@graph\":[{\"@type\":\"Article\",\"@id\":\"https:\\\/\\\/www.24gliwice.pl\\\/wiadomosci\\\/zbiorki-elektroodpadow-w-roznych-dzielnicach-gliwic-harmonogram-na-2025-rok\\\/#article\",\"isPartOf\":{\"@id\":\"https:\\\/\\\/www.24gliwice.pl\\\/wiadomosci\\\/zbiorki-elektroodpadow-w-roznych-dzielnicach-gliwic-harmonogram-na-2025-rok\\\/\"},\"author\":{\"name\":\"\u017baneta Mrozek-Siewierska\",\"@id\":\"https:\\\/\\\/www.24gliwice.pl\\\/wiadomosci\\\/#\\\/schema\\\/person\\\/e42c650edd7f2fa332be3811fb166b6e\"},\"headline\":\"Zbi\u00f3rki elektroodpad\u00f3w w r\u00f3\u017cnych dzielnicach Gliwic. Harmonogram na 2025 rok\",\"datePublished\":\"2025-03-07T02:38:05+00:00\",\"mainEntityOfPage\":{\"@id\":\"https:\\\/\\\/www.24gliwice.pl\\\/wiadomosci\\\/zbiorki-elektroodpadow-w-roznych-dzielnicach-gliwic-harmonogram-na-2025-rok\\\/\"},\"wordCount\":633,\"commentCount\":0,\"publisher\":{\"@id\":\"https:\\\/\\\/www.24gliwice.pl\\\/wiadomosci\\\/#organization\"},\"image\":{\"@id\":\"https:\\\/\\\/www.24gliwice.pl\\\/wiadomosci\\\/zbiorki-elektroodpadow-w-roznych-dzielnicach-gliwic-harmonogram-na-2025-rok\\\/#primaryimage\"},\"thumbnailUrl\":\"https:\\\/\\\/www.24gliwice.pl\\\/wiadomosci\\\/wp-content\\\/uploads\\\/2024\\\/05\\\/elektrosmieci-czestochowska-telewizor2.jpg\",\"keywords\":[\"HARMONOGRAM 2025\",\"ZBI\u00d3RKA ELEKTRO\u015aMIECI\"],\"articleSection\":[\"Gliwice\",\"Najnowsze wiadomo\u015bci\"],\"inLanguage\":\"pl-PL\",\"potentialAction\":[{\"@type\":\"CommentAction\",\"name\":\"Comment\",\"target\":[\"https:\\\/\\\/www.24gliwice.pl\\\/wiadomosci\\\/zbiorki-elektroodpadow-w-roznych-dzielnicach-gliwic-harmonogram-na-2025-rok\\\/#respond\"]}]},{\"@type\":\"WebPage\",\"@id\":\"https:\\\/\\\/www.24gliwice.pl\\\/wiadomosci\\\/zbiorki-elektroodpadow-w-roznych-dzielnicach-gliwic-harmonogram-na-2025-rok\\\/\",\"url\":\"https:\\\/\\\/www.24gliwice.pl\\\/wiadomosci\\\/zbiorki-elektroodpadow-w-roznych-dzielnicach-gliwic-harmonogram-na-2025-rok\\\/\",\"name\":\"Zbi\u00f3rki elektroodpad\u00f3w w r\u00f3\u017cnych dzielnicach Gliwic. Harmonogram na 2025 rok - 24GLIWICE - Portal Gliwice | codziennie nowe informacje\",\"isPartOf\":{\"@id\":\"https:\\\/\\\/www.24gliwice.pl\\\/wiadomosci\\\/#website\"},\"primaryImageOfPage\":{\"@id\":\"https:\\\/\\\/www.24gliwice.pl\\\/wiadomosci\\\/zbiorki-elektroodpadow-w-roznych-dzielnicach-gliwic-harmonogram-na-2025-rok\\\/#primaryimage\"},\"image\":{\"@id\":\"https:\\\/\\\/www.24gliwice.pl\\\/wiadomosci\\\/zbiorki-elektroodpadow-w-roznych-dzielnicach-gliwic-harmonogram-na-2025-rok\\\/#primaryimage\"},\"thumbnailUrl\":\"https:\\\/\\\/www.24gliwice.pl\\\/wiadomosci\\\/wp-content\\\/uploads\\\/2024\\\/05\\\/elektrosmieci-czestochowska-telewizor2.jpg\",\"datePublished\":\"2025-03-07T02:38:05+00:00\",\"description\":\"W po\u0142owie marca rozpoczn\u0105 si\u0119 zbi\u00f3rki elektroodpad\u00f3w na terenie Gliwic. Specjalny samoch\u00f3d b\u0119dzie pojawia\u0142 si\u0119 w r\u00f3\u017cnych dzielnicach miasta\",\"breadcrumb\":{\"@id\":\"https:\\\/\\\/www.24gliwice.pl\\\/wiadomosci\\\/zbiorki-elektroodpadow-w-roznych-dzielnicach-gliwic-harmonogram-na-2025-rok\\\/#breadcrumb\"},\"inLanguage\":\"pl-PL\",\"potentialAction\":[{\"@type\":\"ReadAction\",\"target\":[\"https:\\\/\\\/www.24gliwice.pl\\\/wiadomosci\\\/zbiorki-elektroodpadow-w-roznych-dzielnicach-gliwic-harmonogram-na-2025-rok\\\/\"]}]},{\"@type\":\"ImageObject\",\"inLanguage\":\"pl-PL\",\"@id\":\"https:\\\/\\\/www.24gliwice.pl\\\/wiadomosci\\\/zbiorki-elektroodpadow-w-roznych-dzielnicach-gliwic-harmonogram-na-2025-rok\\\/#primaryimage\",\"url\":\"https:\\\/\\\/www.24gliwice.pl\\\/wiadomosci\\\/wp-content\\\/uploads\\\/2024\\\/05\\\/elektrosmieci-czestochowska-telewizor2.jpg\",\"contentUrl\":\"https:\\\/\\\/www.24gliwice.pl\\\/wiadomosci\\\/wp-content\\\/uploads\\\/2024\\\/05\\\/elektrosmieci-czestochowska-telewizor2.jpg\",\"width\":810,\"height\":456},{\"@type\":\"BreadcrumbList\",\"@id\":\"https:\\\/\\\/www.24gliwice.pl\\\/wiadomosci\\\/zbiorki-elektroodpadow-w-roznych-dzielnicach-gliwic-harmonogram-na-2025-rok\\\/#breadcrumb\",\"itemListElement\":[{\"@type\":\"ListItem\",\"position\":1,\"name\":\"Strona g\u0142\u00f3wna\",\"item\":\"https:\\\/\\\/www.24gliwice.pl\\\/wiadomosci\\\/\"},{\"@type\":\"ListItem\",\"position\":2,\"name\":\"Zbi\u00f3rki elektroodpad\u00f3w w r\u00f3\u017cnych dzielnicach Gliwic. Harmonogram na 2025 rok\"}]},{\"@type\":\"WebSite\",\"@id\":\"https:\\\/\\\/www.24gliwice.pl\\\/wiadomosci\\\/#website\",\"url\":\"https:\\\/\\\/www.24gliwice.pl\\\/wiadomosci\\\/\",\"name\":\"24GLIWICE - Portal Gliwice | codziennie nowe wiadomo\u015bci\",\"description\":\"Portal Miejski Gliwice\",\"publisher\":{\"@id\":\"https:\\\/\\\/www.24gliwice.pl\\\/wiadomosci\\\/#organization\"},\"potentialAction\":[{\"@type\":\"SearchAction\",\"target\":{\"@type\":\"EntryPoint\",\"urlTemplate\":\"https:\\\/\\\/www.24gliwice.pl\\\/wiadomosci\\\/?s={search_term_string}\"},\"query-input\":{\"@type\":\"PropertyValueSpecification\",\"valueRequired\":true,\"valueName\":\"search_term_string\"}}],\"inLanguage\":\"pl-PL\"},{\"@type\":\"Organization\",\"@id\":\"https:\\\/\\\/www.24gliwice.pl\\\/wiadomosci\\\/#organization\",\"name\":\"24gliwice\",\"url\":\"https:\\\/\\\/www.24gliwice.pl\\\/wiadomosci\\\/\",\"logo\":{\"@type\":\"ImageObject\",\"inLanguage\":\"pl-PL\",\"@id\":\"https:\\\/\\\/www.24gliwice.pl\\\/wiadomosci\\\/#\\\/schema\\\/logo\\\/image\\\/\",\"url\":\"https:\\\/\\\/www.24gliwice.pl\\\/wiadomosci\\\/wp-content\\\/uploads\\\/2024\\\/10\\\/24gliwice-logo-696.jpg\",\"contentUrl\":\"https:\\\/\\\/www.24gliwice.pl\\\/wiadomosci\\\/wp-content\\\/uploads\\\/2024\\\/10\\\/24gliwice-logo-696.jpg\",\"width\":696,\"height\":696,\"caption\":\"24gliwice\"},\"image\":{\"@id\":\"https:\\\/\\\/www.24gliwice.pl\\\/wiadomosci\\\/#\\\/schema\\\/logo\\\/image\\\/\"},\"sameAs\":[\"https:\\\/\\\/www.facebook.com\\\/24gliwice\",\"https:\\\/\\\/x.com\\\/24gliwice\",\"https:\\\/\\\/www.youtube.com\\\/@24gliwice\"]},{\"@type\":\"Person\",\"@id\":\"https:\\\/\\\/www.24gliwice.pl\\\/wiadomosci\\\/#\\\/schema\\\/person\\\/e42c650edd7f2fa332be3811fb166b6e\",\"name\":\"\u017baneta Mrozek-Siewierska\",\"image\":{\"@type\":\"ImageObject\",\"inLanguage\":\"pl-PL\",\"@id\":\"https:\\\/\\\/secure.gravatar.com\\\/avatar\\\/1881429e9c64597c77ad7aef2d0a19be69a3253e57534d16aa15bf3a4d34a0a3?s=96&d=mm&r=g\",\"url\":\"https:\\\/\\\/secure.gravatar.com\\\/avatar\\\/1881429e9c64597c77ad7aef2d0a19be69a3253e57534d16aa15bf3a4d34a0a3?s=96&d=mm&r=g\",\"contentUrl\":\"https:\\\/\\\/secure.gravatar.com\\\/avatar\\\/1881429e9c64597c77ad7aef2d0a19be69a3253e57534d16aa15bf3a4d34a0a3?s=96&d=mm&r=g\",\"caption\":\"\u017baneta Mrozek-Siewierska\"},\"url\":\"https:\\\/\\\/www.24gliwice.pl\\\/wiadomosci\\\/author\\\/zms\\\/\"}]}<\/script>\n<!-- \/ Yoast SEO plugin. -->","yoast_head_json":{"title":"Zbi\u00f3rki elektroodpad\u00f3w w r\u00f3\u017cnych dzielnicach Gliwic. Harmonogram na 2025 rok - 24GLIWICE - Portal Gliwice | codziennie nowe informacje","description":"W po\u0142owie marca rozpoczn\u0105 si\u0119 zbi\u00f3rki elektroodpad\u00f3w na terenie Gliwic. Specjalny samoch\u00f3d b\u0119dzie pojawia\u0142 si\u0119 w r\u00f3\u017cnych dzielnicach miasta","robots":{"index":"index","follow":"follow","max-snippet":"max-snippet:-1","max-image-preview":"max-image-preview:large","max-video-preview":"max-video-preview:-1"},"canonical":"https:\/\/www.24gliwice.pl\/wiadomosci\/zbiorki-elektroodpadow-w-roznych-dzielnicach-gliwic-harmonogram-na-2025-rok\/","og_locale":"pl_PL","og_type":"article","og_title":"Zbi\u00f3rki elektroodpad\u00f3w w r\u00f3\u017cnych dzielnicach Gliwic. Harmonogram na 2025 rok - 24GLIWICE - Portal Gliwice | codziennie nowe informacje","og_description":"W po\u0142owie marca rozpoczn\u0105 si\u0119 zbi\u00f3rki elektroodpad\u00f3w na terenie Gliwic. Specjalny samoch\u00f3d b\u0119dzie pojawia\u0142 si\u0119 w r\u00f3\u017cnych dzielnicach miasta","og_url":"https:\/\/www.24gliwice.pl\/wiadomosci\/zbiorki-elektroodpadow-w-roznych-dzielnicach-gliwic-harmonogram-na-2025-rok\/","og_site_name":"24GLIWICE - Portal Gliwice | codziennie nowe informacje","article_publisher":"https:\/\/www.facebook.com\/24gliwice","article_published_time":"2025-03-07T02:38:05+00:00","og_image":[{"width":810,"height":456,"url":"https:\/\/www.24gliwice.pl\/wiadomosci\/wp-content\/uploads\/2024\/05\/elektrosmieci-czestochowska-telewizor2.jpg","type":"image\/jpeg"}],"author":"\u017baneta Mrozek-Siewierska","twitter_card":"summary_large_image","twitter_creator":"@24gliwice","twitter_site":"@24gliwice","twitter_misc":{"Napisane przez":"\u017baneta Mrozek-Siewierska","Szacowany czas czytania":"4 minuty"},"schema":{"@context":"https:\/\/schema.org","@graph":[{"@type":"Article","@id":"https:\/\/www.24gliwice.pl\/wiadomosci\/zbiorki-elektroodpadow-w-roznych-dzielnicach-gliwic-harmonogram-na-2025-rok\/#article","isPartOf":{"@id":"https:\/\/www.24gliwice.pl\/wiadomosci\/zbiorki-elektroodpadow-w-roznych-dzielnicach-gliwic-harmonogram-na-2025-rok\/"},"author":{"name":"\u017baneta Mrozek-Siewierska","@id":"https:\/\/www.24gliwice.pl\/wiadomosci\/#\/schema\/person\/e42c650edd7f2fa332be3811fb166b6e"},"headline":"Zbi\u00f3rki elektroodpad\u00f3w w r\u00f3\u017cnych dzielnicach Gliwic. Harmonogram na 2025 rok","datePublished":"2025-03-07T02:38:05+00:00","mainEntityOfPage":{"@id":"https:\/\/www.24gliwice.pl\/wiadomosci\/zbiorki-elektroodpadow-w-roznych-dzielnicach-gliwic-harmonogram-na-2025-rok\/"},"wordCount":633,"commentCount":0,"publisher":{"@id":"https:\/\/www.24gliwice.pl\/wiadomosci\/#organization"},"image":{"@id":"https:\/\/www.24gliwice.pl\/wiadomosci\/zbiorki-elektroodpadow-w-roznych-dzielnicach-gliwic-harmonogram-na-2025-rok\/#primaryimage"},"thumbnailUrl":"https:\/\/www.24gliwice.pl\/wiadomosci\/wp-content\/uploads\/2024\/05\/elektrosmieci-czestochowska-telewizor2.jpg","keywords":["HARMONOGRAM 2025","ZBI\u00d3RKA ELEKTRO\u015aMIECI"],"articleSection":["Gliwice","Najnowsze wiadomo\u015bci"],"inLanguage":"pl-PL","potentialAction":[{"@type":"CommentAction","name":"Comment","target":["https:\/\/www.24gliwice.pl\/wiadomosci\/zbiorki-elektroodpadow-w-roznych-dzielnicach-gliwic-harmonogram-na-2025-rok\/#respond"]}]},{"@type":"WebPage","@id":"https:\/\/www.24gliwice.pl\/wiadomosci\/zbiorki-elektroodpadow-w-roznych-dzielnicach-gliwic-harmonogram-na-2025-rok\/","url":"https:\/\/www.24gliwice.pl\/wiadomosci\/zbiorki-elektroodpadow-w-roznych-dzielnicach-gliwic-harmonogram-na-2025-rok\/","name":"Zbi\u00f3rki elektroodpad\u00f3w w r\u00f3\u017cnych dzielnicach Gliwic. Harmonogram na 2025 rok - 24GLIWICE - Portal Gliwice | codziennie nowe informacje","isPartOf":{"@id":"https:\/\/www.24gliwice.pl\/wiadomosci\/#website"},"primaryImageOfPage":{"@id":"https:\/\/www.24gliwice.pl\/wiadomosci\/zbiorki-elektroodpadow-w-roznych-dzielnicach-gliwic-harmonogram-na-2025-rok\/#primaryimage"},"image":{"@id":"https:\/\/www.24gliwice.pl\/wiadomosci\/zbiorki-elektroodpadow-w-roznych-dzielnicach-gliwic-harmonogram-na-2025-rok\/#primaryimage"},"thumbnailUrl":"https:\/\/www.24gliwice.pl\/wiadomosci\/wp-content\/uploads\/2024\/05\/elektrosmieci-czestochowska-telewizor2.jpg","datePublished":"2025-03-07T02:38:05+00:00","description":"W po\u0142owie marca rozpoczn\u0105 si\u0119 zbi\u00f3rki elektroodpad\u00f3w na terenie Gliwic. Specjalny samoch\u00f3d b\u0119dzie pojawia\u0142 si\u0119 w r\u00f3\u017cnych dzielnicach miasta","breadcrumb":{"@id":"https:\/\/www.24gliwice.pl\/wiadomosci\/zbiorki-elektroodpadow-w-roznych-dzielnicach-gliwic-harmonogram-na-2025-rok\/#breadcrumb"},"inLanguage":"pl-PL","potentialAction":[{"@type":"ReadAction","target":["https:\/\/www.24gliwice.pl\/wiadomosci\/zbiorki-elektroodpadow-w-roznych-dzielnicach-gliwic-harmonogram-na-2025-rok\/"]}]},{"@type":"ImageObject","inLanguage":"pl-PL","@id":"https:\/\/www.24gliwice.pl\/wiadomosci\/zbiorki-elektroodpadow-w-roznych-dzielnicach-gliwic-harmonogram-na-2025-rok\/#primaryimage","url":"https:\/\/www.24gliwice.pl\/wiadomosci\/wp-content\/uploads\/2024\/05\/elektrosmieci-czestochowska-telewizor2.jpg","contentUrl":"https:\/\/www.24gliwice.pl\/wiadomosci\/wp-content\/uploads\/2024\/05\/elektrosmieci-czestochowska-telewizor2.jpg","width":810,"height":456},{"@type":"BreadcrumbList","@id":"https:\/\/www.24gliwice.pl\/wiadomosci\/zbiorki-elektroodpadow-w-roznych-dzielnicach-gliwic-harmonogram-na-2025-rok\/#breadcrumb","itemListElement":[{"@type":"ListItem","position":1,"name":"Strona g\u0142\u00f3wna","item":"https:\/\/www.24gliwice.pl\/wiadomosci\/"},{"@type":"ListItem","position":2,"name":"Zbi\u00f3rki elektroodpad\u00f3w w r\u00f3\u017cnych dzielnicach Gliwic. Harmonogram na 2025 rok"}]},{"@type":"WebSite","@id":"https:\/\/www.24gliwice.pl\/wiadomosci\/#website","url":"https:\/\/www.24gliwice.pl\/wiadomosci\/","name":"24GLIWICE - Portal Gliwice | codziennie nowe wiadomo\u015bci","description":"Portal Miejski Gliwice","publisher":{"@id":"https:\/\/www.24gliwice.pl\/wiadomosci\/#organization"},"potentialAction":[{"@type":"SearchAction","target":{"@type":"EntryPoint","urlTemplate":"https:\/\/www.24gliwice.pl\/wiadomosci\/?s={search_term_string}"},"query-input":{"@type":"PropertyValueSpecification","valueRequired":true,"valueName":"search_term_string"}}],"inLanguage":"pl-PL"},{"@type":"Organization","@id":"https:\/\/www.24gliwice.pl\/wiadomosci\/#organization","name":"24gliwice","url":"https:\/\/www.24gliwice.pl\/wiadomosci\/","logo":{"@type":"ImageObject","inLanguage":"pl-PL","@id":"https:\/\/www.24gliwice.pl\/wiadomosci\/#\/schema\/logo\/image\/","url":"https:\/\/www.24gliwice.pl\/wiadomosci\/wp-content\/uploads\/2024\/10\/24gliwice-logo-696.jpg","contentUrl":"https:\/\/www.24gliwice.pl\/wiadomosci\/wp-content\/uploads\/2024\/10\/24gliwice-logo-696.jpg","width":696,"height":696,"caption":"24gliwice"},"image":{"@id":"https:\/\/www.24gliwice.pl\/wiadomosci\/#\/schema\/logo\/image\/"},"sameAs":["https:\/\/www.facebook.com\/24gliwice","https:\/\/x.com\/24gliwice","https:\/\/www.youtube.com\/@24gliwice"]},{"@type":"Person","@id":"https:\/\/www.24gliwice.pl\/wiadomosci\/#\/schema\/person\/e42c650edd7f2fa332be3811fb166b6e","name":"\u017baneta Mrozek-Siewierska","image":{"@type":"ImageObject","inLanguage":"pl-PL","@id":"https:\/\/secure.gravatar.com\/avatar\/1881429e9c64597c77ad7aef2d0a19be69a3253e57534d16aa15bf3a4d34a0a3?s=96&d=mm&r=g","url":"https:\/\/secure.gravatar.com\/avatar\/1881429e9c64597c77ad7aef2d0a19be69a3253e57534d16aa15bf3a4d34a0a3?s=96&d=mm&r=g","contentUrl":"https:\/\/secure.gravatar.com\/avatar\/1881429e9c64597c77ad7aef2d0a19be69a3253e57534d16aa15bf3a4d34a0a3?s=96&d=mm&r=g","caption":"\u017baneta Mrozek-Siewierska"},"url":"https:\/\/www.24gliwice.pl\/wiadomosci\/author\/zms\/"}]}},"_links":{"self":[{"href":"https:\/\/www.24gliwice.pl\/wiadomosci\/wp-json\/wp\/v2\/posts\/250855","targetHints":{"allow":["GET"]}}],"collection":[{"href":"https:\/\/www.24gliwice.pl\/wiadomosci\/wp-json\/wp\/v2\/posts"}],"about":[{"href":"https:\/\/www.24gliwice.pl\/wiadomosci\/wp-json\/wp\/v2\/types\/post"}],"author":[{"embeddable":true,"href":"https:\/\/www.24gliwice.pl\/wiadomosci\/wp-json\/wp\/v2\/users\/15"}],"replies":[{"embeddable":true,"href":"https:\/\/www.24gliwice.pl\/wiadomosci\/wp-json\/wp\/v2\/comments?post=250855"}],"version-history":[{"count":0,"href":"https:\/\/www.24gliwice.pl\/wiadomosci\/wp-json\/wp\/v2\/posts\/250855\/revisions"}],"wp:featuredmedia":[{"embeddable":true,"href":"https:\/\/www.24gliwice.pl\/wiadomosci\/wp-json\/wp\/v2\/media\/236216"}],"wp:attachment":[{"href":"https:\/\/www.24gliwice.pl\/wiadomosci\/wp-json\/wp\/v2\/media?parent=250855"}],"wp:term":[{"taxonomy":"category","embeddable":true,"href":"https:\/\/www.24gliwice.pl\/wiadomosci\/wp-json\/wp\/v2\/categories?post=250855"},{"taxonomy":"post_tag","embeddable":true,"href":"https:\/\/www.24gliwice.pl\/wiadomosci\/wp-json\/wp\/v2\/tags?post=250855"}],"curies":[{"name":"wp","href":"https:\/\/api.w.org\/{rel}","templated":true}]}}