{"id":251200,"date":"2025-03-13T00:27:54","date_gmt":"2025-03-12T23:27:54","guid":{"rendered":"https:\/\/www.24gliwice.pl\/wiadomosci\/?p=251200"},"modified":"2025-03-13T00:38:37","modified_gmt":"2025-03-12T23:38:37","slug":"piekne-madre-i-bogate-niezwykle-kobiety-slaska-prelekcja-w-stacji-artystycznej-rynek-wstep-biletowany","status":"publish","type":"post","link":"https:\/\/www.24gliwice.pl\/wiadomosci\/piekne-madre-i-bogate-niezwykle-kobiety-slaska-prelekcja-w-stacji-artystycznej-rynek-wstep-biletowany\/","title":{"rendered":"&#8220;Pi\u0119kne, m\u0105dre i bogate &#8211; niezwyk\u0142e kobiety \u015al\u0105ska&#8221;. Prelekcja w Stacji Artystycznej Rynek, wst\u0119p biletowany"},"content":{"rendered":"<div class=\"gliwi-a6-nad-leadem-artykulow gliwi-entity-placement\" id=\"gliwi-920540851\"><div class=\"gliwi-adlabel\"><span style=\"font-size: 9px\">REKLAMA<\/span><\/div><div id=\"gliwi-4191520104\" style=\"margin-bottom: 25px;margin-left: auto;margin-right: auto;text-align: center;\"><a data-no-instant=\"1\" href=\"https:\/\/dom100.eu\/\" rel=\"noopener\" class=\"a2t-link\" target=\"_blank\" aria-label=\"20260415 DOM100 D\"><img loading=\"lazy\" decoding=\"async\" src=\"https:\/\/www.24gliwice.pl\/wiadomosci\/wp-content\/uploads\/2026\/04\/20260415-DOM100-D.jpg\" alt=\"\"  srcset=\"https:\/\/www.24gliwice.pl\/wiadomosci\/wp-content\/uploads\/2026\/04\/20260415-DOM100-D.jpg 750w, https:\/\/www.24gliwice.pl\/wiadomosci\/wp-content\/uploads\/2026\/04\/20260415-DOM100-D-410x109.jpg 410w\" sizes=\"(max-width: 750px) 100vw, 750px\" class=\"no-lazyload\" width=\"750\" height=\"200\"  style=\"display: inline-block; max-width: 100%; height: auto;\" \/><\/a><\/div><\/div><h2>Niezwyk\u0142e kobiety ze \u015al\u0105ska b\u0119d\u0105 tematem prelekcji, jak\u0105 w Stacji Artystycznej Rynek wyg\u0142osi Teresa Szyd\u0142owska, cz\u0142onkini stowarzyszenia Wrazidlok. Wydarzenie odb\u0119dzie si\u0119 w sobot\u0119, 15 marca, w Stacji Artystycznej Rynek.<\/h2>\n<p><!--more--><\/p>\n<p>Wiele wybitnych kobiet ma wk\u0142ad w rozw\u00f3j kultury i nauki na \u015al\u0105sku. Jedne s\u0105 szeroko znane ze swojej tw\u00f3rczo\u015bci literackiej, naukowej czy artystycznej. \u017bycie innych, szczeg\u00f3lnie wysoko urodzonych arystokratek, jest cz\u0119sto owiane tajemnicami rodzinnymi. W gronie niezwyk\u0142ych znajduj\u0105 si\u0119 tak\u017ce kobiety ambitne, maj\u0105ce odwag\u0119 \u0142ama\u0107 stereotypy i konwenanse. Warto jest pochyli\u0107 si\u0119 nad ich losami i pozna\u0107 ich dzia\u0142ania, pora\u017cki i sukcesy.<\/p>\n<h4>Postacie Friederike von Reden, Marianny Ora\u0144skiej, Daisy von Pless, Klary Immerwahr i Marii Goeppert-Mayer &#8211; niezwyk\u0142ych kobiet zwi\u0105zanych ze \u015al\u0105skiem \u2013 przybli\u017cy w swojej opowie\u015bci Teresa Szyd\u0142owska.<\/h4>\n<p>Prelegentka jest cz\u0142onkiem &#8211; za\u0142o\u017cycielem Stowarzyszenia WRAZIDLOK. Uko\u0144czy\u0142a studia na Wydziale Chemii Politechniki Wroc\u0142awskiej. Ma za sob\u0105 bogat\u0105 karier\u0119 zawodow\u0105 w przemy\u015ble chemicznym i g\u00f3rnictwie. Po przej\u015bciu na emerytur\u0119 jest nadal aktywna jako ekspert w Polskim Komitecie Normalizacyjnym, jest tak\u017ce wyk\u0142adowc\u0105 na studiach podyplomowych i t\u0142umaczem j. angielskiego. <\/p><div class=\"gliwi-a3-w-tresci-artykulow gliwi-entity-placement\" id=\"gliwi-1890776554\"><div class=\"gliwi-adlabel\"><span style=\"font-size: 9px\">REKLAMA<\/span><\/div><div id=\"gliwi-4089357120\" style=\"margin-bottom: 30px;margin-left: auto;margin-right: auto;text-align: center;\"><a data-no-instant=\"1\" href=\"https:\/\/zlobek.halogen.org.pl\/\" rel=\"noopener\" class=\"a2t-link\" target=\"_blank\" aria-label=\"animator-zlobek_750x200\"><img loading=\"lazy\" decoding=\"async\" src=\"https:\/\/www.24gliwice.pl\/wiadomosci\/wp-content\/uploads\/2026\/02\/animator-zlobek_750x200.webp\" alt=\"\"  srcset=\"https:\/\/www.24gliwice.pl\/wiadomosci\/wp-content\/uploads\/2026\/02\/animator-zlobek_750x200.webp 750w, https:\/\/www.24gliwice.pl\/wiadomosci\/wp-content\/uploads\/2026\/02\/animator-zlobek_750x200-410x109.webp 410w\" sizes=\"(max-width: 750px) 100vw, 750px\" class=\"no-lazyload\" width=\"750\" height=\"200\"  style=\"display: inline-block; max-width: 100%; height: auto;\" \/><\/a><\/div><\/div>\n<p>Teresa Szyd\u0142owska to Tarnog\u00f3rzanka, \u015al\u0105zaczka od wielu pokole\u0144, rozmi\u0142owana w historii, kulturze, tradycji i j\u0119zyku \u015bl\u0105skim, z pasj\u0105 przekazuje wiedz\u0119 i mi\u0142o\u015b\u0107 do regionu turystom z Polski i zagranicy. Z zainteresowaniem anga\u017cuje si\u0119 tak\u017ce w przedsi\u0119wzi\u0119cia organizowane przez Stowarzyszenie WRAZIDLOK, jest przewodniczk\u0105, wyg\u0142asza prelekcje historyczne i prowadzi rajzy.<\/p>\n<h4>Prelekcja odb\u0119dzie si\u0119 w Stacji Artystycznej Rynek (Rynek 4-5) w sobot\u0119, 15 marca, pocz\u0105tek o godzinie 16:30. Bilety w cenie 25 z\u0142 s\u0105 do kupienia na stronie<a href=\"https:\/\/www.gtwgliwice.pl\/product\/prelekcja-niezwykle-kobiety-slaska\/\" target=\"_blank\"> GTW Gliwice (Link) <\/a>oraz w SAR w godzinach otwarcia.<\/h4>\n<p>Miejsce wydarzenia znajduje si\u0119 na I pi\u0119trze budynku, nad salonem Empik, dlatego osoby z niepe\u0142nosprawno\u015bci\u0105 &#8211;  po wcze\u015bniejszym zg\u0142oszeniu &#8211; mog\u0105 dosta\u0107 si\u0119 do lokalu za pomoc\u0105 schodo\u0142azu g\u0105siennicowego. Zg\u0142osi\u0107 potrzeb\u0119 wykorzystania urz\u0105dzenia mo\u017cna dzwoni\u0105c na nr tel.  504 676 972 lub pisz\u0105c na adres e-mail <a href=\"mailto:sar.gtwgliwice@gmail.com\" target=\"_blank\">sar.gtwgliwice@gmail.com<\/a>. Uwaga: Schodo\u0142az obs\u0142uguje w\u00f3zki tradycyjne, nie elektryczne. <\/p>\n<p><a href=\"https:\/\/www.facebook.com\/events\/1305119470818728\" target=\"_blank\">Wydarzenie w serwisie facebook.com &#8211; link. <\/a><br \/>\n(\u017cms)\/mat. organizatora<\/p>\n<div class=\"gliwi-a5-na-koncu-artykulow gliwi-entity-placement\" id=\"gliwi-2693626613\"><div class=\"gliwi-adlabel\"><span style=\"font-size: 9px\">REKLAMA<\/span><\/div><div id=\"gliwi-3652190336\" style=\"margin-left: auto;margin-right: auto;text-align: center;\"><a data-no-instant=\"1\" href=\"https:\/\/www.jasek.pl\/\" rel=\"noopener\" class=\"a2t-link\" target=\"_blank\" aria-label=\"20200401-jasek 600\"><img loading=\"lazy\" decoding=\"async\" src=\"https:\/\/www.24gliwice.pl\/wiadomosci\/wp-content\/uploads\/2020\/04\/20200401-jasek-600.jpg\" alt=\"\"  srcset=\"https:\/\/www.24gliwice.pl\/wiadomosci\/wp-content\/uploads\/2020\/04\/20200401-jasek-600.jpg 600w, https:\/\/www.24gliwice.pl\/wiadomosci\/wp-content\/uploads\/2020\/04\/20200401-jasek-600-410x109.jpg 410w\" sizes=\"(max-width: 600px) 100vw, 600px\" class=\"no-lazyload\" width=\"600\" height=\"160\"  style=\"display: inline-block; max-width: 100%; height: auto;\" \/><\/a><\/div><\/div>","protected":false},"excerpt":{"rendered":"<p>Niezwyk\u0142e kobiety ze \u015al\u0105ska b\u0119d\u0105 tematem prelekcji, jak\u0105 w Stacji Artystycznej Rynek wyg\u0142osi Teresa Szyd\u0142owska, cz\u0142onkini stowarzyszenia Wrazidlok. Wydarzenie odb\u0119dzie si\u0119 w sobot\u0119, 15 marca, w Stacji Artystycznej Rynek.<\/p>\n","protected":false},"author":15,"featured_media":251210,"comment_status":"open","ping_status":"closed","sticky":false,"template":"","format":"standard","meta":{"_monsterinsights_skip_tracking":false,"_monsterinsights_sitenote_active":false,"_monsterinsights_sitenote_note":"","_monsterinsights_sitenote_category":0,"footnotes":"","_links_to":"","_links_to_target":""},"categories":[3,6,1],"tags":[11263,10725],"class_list":["post-251200","post","type-post","status-publish","format-standard","has-post-thumbnail","hentry","category-gliwice","category-kultura","category-wszystko","tag-prelekcja","tag-sar"],"yoast_head":"<!-- This site is optimized with the Yoast SEO plugin v27.5 - https:\/\/yoast.com\/product\/yoast-seo-wordpress\/ -->\n<title>&quot;Pi\u0119kne, m\u0105dre i bogate - niezwyk\u0142e kobiety \u015al\u0105ska&quot;. Prelekcja w Stacji Artystycznej Rynek, wst\u0119p biletowany - 24GLIWICE - Portal Gliwice | codziennie nowe informacje<\/title>\n<meta name=\"description\" content=\"15 marca w Stacji Artystycznej Rynek odb\u0119dzie si\u0119 prelekcja Teresy Szyd\u0142owskiej na temat kobiet ze \u015bl\u0105ska. Bilety s\u0105 dost\u0119pne w cenie 25 z\u0142\" \/>\n<meta name=\"robots\" content=\"index, follow, max-snippet:-1, max-image-preview:large, max-video-preview:-1\" \/>\n<link rel=\"canonical\" href=\"https:\/\/www.24gliwice.pl\/wiadomosci\/piekne-madre-i-bogate-niezwykle-kobiety-slaska-prelekcja-w-stacji-artystycznej-rynek-wstep-biletowany\/\" \/>\n<meta property=\"og:locale\" content=\"pl_PL\" \/>\n<meta property=\"og:type\" content=\"article\" \/>\n<meta property=\"og:title\" content=\"&quot;Pi\u0119kne, m\u0105dre i bogate - niezwyk\u0142e kobiety \u015al\u0105ska&quot;. Prelekcja w Stacji Artystycznej Rynek, wst\u0119p biletowany - 24GLIWICE - Portal Gliwice | codziennie nowe informacje\" \/>\n<meta property=\"og:description\" content=\"15 marca w Stacji Artystycznej Rynek odb\u0119dzie si\u0119 prelekcja Teresy Szyd\u0142owskiej na temat kobiet ze \u015bl\u0105ska. Bilety s\u0105 dost\u0119pne w cenie 25 z\u0142\" \/>\n<meta property=\"og:url\" content=\"https:\/\/www.24gliwice.pl\/wiadomosci\/piekne-madre-i-bogate-niezwykle-kobiety-slaska-prelekcja-w-stacji-artystycznej-rynek-wstep-biletowany\/\" \/>\n<meta property=\"og:site_name\" content=\"24GLIWICE - Portal Gliwice | codziennie nowe informacje\" \/>\n<meta property=\"article:publisher\" content=\"https:\/\/www.facebook.com\/24gliwice\" \/>\n<meta property=\"article:published_time\" content=\"2025-03-12T23:27:54+00:00\" \/>\n<meta property=\"article:modified_time\" content=\"2025-03-12T23:38:37+00:00\" \/>\n<meta property=\"og:image\" content=\"https:\/\/www.24gliwice.pl\/wiadomosci\/wp-content\/uploads\/2025\/03\/sar-kobiety-001.jpg\" \/>\n\t<meta property=\"og:image:width\" content=\"810\" \/>\n\t<meta property=\"og:image:height\" content=\"456\" \/>\n\t<meta property=\"og:image:type\" content=\"image\/jpeg\" \/>\n<meta name=\"author\" content=\"\u017baneta Mrozek-Siewierska\" \/>\n<meta name=\"twitter:card\" content=\"summary_large_image\" \/>\n<meta name=\"twitter:creator\" content=\"@24gliwice\" \/>\n<meta name=\"twitter:site\" content=\"@24gliwice\" \/>\n<meta name=\"twitter:label1\" content=\"Napisane przez\" \/>\n\t<meta name=\"twitter:data1\" content=\"\u017baneta Mrozek-Siewierska\" \/>\n\t<meta name=\"twitter:label2\" content=\"Szacowany czas czytania\" \/>\n\t<meta name=\"twitter:data2\" content=\"3 minuty\" \/>\n<script type=\"application\/ld+json\" class=\"yoast-schema-graph\">{\"@context\":\"https:\\\/\\\/schema.org\",\"@graph\":[{\"@type\":\"Article\",\"@id\":\"https:\\\/\\\/www.24gliwice.pl\\\/wiadomosci\\\/piekne-madre-i-bogate-niezwykle-kobiety-slaska-prelekcja-w-stacji-artystycznej-rynek-wstep-biletowany\\\/#article\",\"isPartOf\":{\"@id\":\"https:\\\/\\\/www.24gliwice.pl\\\/wiadomosci\\\/piekne-madre-i-bogate-niezwykle-kobiety-slaska-prelekcja-w-stacji-artystycznej-rynek-wstep-biletowany\\\/\"},\"author\":{\"name\":\"\u017baneta Mrozek-Siewierska\",\"@id\":\"https:\\\/\\\/www.24gliwice.pl\\\/wiadomosci\\\/#\\\/schema\\\/person\\\/e42c650edd7f2fa332be3811fb166b6e\"},\"headline\":\"&#8220;Pi\u0119kne, m\u0105dre i bogate &#8211; niezwyk\u0142e kobiety \u015al\u0105ska&#8221;. Prelekcja w Stacji Artystycznej Rynek, wst\u0119p biletowany\",\"datePublished\":\"2025-03-12T23:27:54+00:00\",\"dateModified\":\"2025-03-12T23:38:37+00:00\",\"mainEntityOfPage\":{\"@id\":\"https:\\\/\\\/www.24gliwice.pl\\\/wiadomosci\\\/piekne-madre-i-bogate-niezwykle-kobiety-slaska-prelekcja-w-stacji-artystycznej-rynek-wstep-biletowany\\\/\"},\"wordCount\":396,\"commentCount\":0,\"publisher\":{\"@id\":\"https:\\\/\\\/www.24gliwice.pl\\\/wiadomosci\\\/#organization\"},\"image\":{\"@id\":\"https:\\\/\\\/www.24gliwice.pl\\\/wiadomosci\\\/piekne-madre-i-bogate-niezwykle-kobiety-slaska-prelekcja-w-stacji-artystycznej-rynek-wstep-biletowany\\\/#primaryimage\"},\"thumbnailUrl\":\"https:\\\/\\\/www.24gliwice.pl\\\/wiadomosci\\\/wp-content\\\/uploads\\\/2025\\\/03\\\/sar-kobiety-001.jpg\",\"keywords\":[\"prelekcja\",\"sar\"],\"articleSection\":[\"Gliwice\",\"Kultura, wydarzenia, imprezy\",\"Najnowsze wiadomo\u015bci\"],\"inLanguage\":\"pl-PL\",\"potentialAction\":[{\"@type\":\"CommentAction\",\"name\":\"Comment\",\"target\":[\"https:\\\/\\\/www.24gliwice.pl\\\/wiadomosci\\\/piekne-madre-i-bogate-niezwykle-kobiety-slaska-prelekcja-w-stacji-artystycznej-rynek-wstep-biletowany\\\/#respond\"]}]},{\"@type\":\"WebPage\",\"@id\":\"https:\\\/\\\/www.24gliwice.pl\\\/wiadomosci\\\/piekne-madre-i-bogate-niezwykle-kobiety-slaska-prelekcja-w-stacji-artystycznej-rynek-wstep-biletowany\\\/\",\"url\":\"https:\\\/\\\/www.24gliwice.pl\\\/wiadomosci\\\/piekne-madre-i-bogate-niezwykle-kobiety-slaska-prelekcja-w-stacji-artystycznej-rynek-wstep-biletowany\\\/\",\"name\":\"\\\"Pi\u0119kne, m\u0105dre i bogate - niezwyk\u0142e kobiety \u015al\u0105ska\\\". Prelekcja w Stacji Artystycznej Rynek, wst\u0119p biletowany - 24GLIWICE - Portal Gliwice | codziennie nowe informacje\",\"isPartOf\":{\"@id\":\"https:\\\/\\\/www.24gliwice.pl\\\/wiadomosci\\\/#website\"},\"primaryImageOfPage\":{\"@id\":\"https:\\\/\\\/www.24gliwice.pl\\\/wiadomosci\\\/piekne-madre-i-bogate-niezwykle-kobiety-slaska-prelekcja-w-stacji-artystycznej-rynek-wstep-biletowany\\\/#primaryimage\"},\"image\":{\"@id\":\"https:\\\/\\\/www.24gliwice.pl\\\/wiadomosci\\\/piekne-madre-i-bogate-niezwykle-kobiety-slaska-prelekcja-w-stacji-artystycznej-rynek-wstep-biletowany\\\/#primaryimage\"},\"thumbnailUrl\":\"https:\\\/\\\/www.24gliwice.pl\\\/wiadomosci\\\/wp-content\\\/uploads\\\/2025\\\/03\\\/sar-kobiety-001.jpg\",\"datePublished\":\"2025-03-12T23:27:54+00:00\",\"dateModified\":\"2025-03-12T23:38:37+00:00\",\"description\":\"15 marca w Stacji Artystycznej Rynek odb\u0119dzie si\u0119 prelekcja Teresy Szyd\u0142owskiej na temat kobiet ze \u015bl\u0105ska. Bilety s\u0105 dost\u0119pne w cenie 25 z\u0142\",\"breadcrumb\":{\"@id\":\"https:\\\/\\\/www.24gliwice.pl\\\/wiadomosci\\\/piekne-madre-i-bogate-niezwykle-kobiety-slaska-prelekcja-w-stacji-artystycznej-rynek-wstep-biletowany\\\/#breadcrumb\"},\"inLanguage\":\"pl-PL\",\"potentialAction\":[{\"@type\":\"ReadAction\",\"target\":[\"https:\\\/\\\/www.24gliwice.pl\\\/wiadomosci\\\/piekne-madre-i-bogate-niezwykle-kobiety-slaska-prelekcja-w-stacji-artystycznej-rynek-wstep-biletowany\\\/\"]}]},{\"@type\":\"ImageObject\",\"inLanguage\":\"pl-PL\",\"@id\":\"https:\\\/\\\/www.24gliwice.pl\\\/wiadomosci\\\/piekne-madre-i-bogate-niezwykle-kobiety-slaska-prelekcja-w-stacji-artystycznej-rynek-wstep-biletowany\\\/#primaryimage\",\"url\":\"https:\\\/\\\/www.24gliwice.pl\\\/wiadomosci\\\/wp-content\\\/uploads\\\/2025\\\/03\\\/sar-kobiety-001.jpg\",\"contentUrl\":\"https:\\\/\\\/www.24gliwice.pl\\\/wiadomosci\\\/wp-content\\\/uploads\\\/2025\\\/03\\\/sar-kobiety-001.jpg\",\"width\":810,\"height\":456},{\"@type\":\"BreadcrumbList\",\"@id\":\"https:\\\/\\\/www.24gliwice.pl\\\/wiadomosci\\\/piekne-madre-i-bogate-niezwykle-kobiety-slaska-prelekcja-w-stacji-artystycznej-rynek-wstep-biletowany\\\/#breadcrumb\",\"itemListElement\":[{\"@type\":\"ListItem\",\"position\":1,\"name\":\"Strona g\u0142\u00f3wna\",\"item\":\"https:\\\/\\\/www.24gliwice.pl\\\/wiadomosci\\\/\"},{\"@type\":\"ListItem\",\"position\":2,\"name\":\"&#8220;Pi\u0119kne, m\u0105dre i bogate &#8211; niezwyk\u0142e kobiety \u015al\u0105ska&#8221;. Prelekcja w Stacji Artystycznej Rynek, wst\u0119p biletowany\"}]},{\"@type\":\"WebSite\",\"@id\":\"https:\\\/\\\/www.24gliwice.pl\\\/wiadomosci\\\/#website\",\"url\":\"https:\\\/\\\/www.24gliwice.pl\\\/wiadomosci\\\/\",\"name\":\"24GLIWICE - Portal Gliwice | codziennie nowe wiadomo\u015bci\",\"description\":\"Portal Miejski Gliwice\",\"publisher\":{\"@id\":\"https:\\\/\\\/www.24gliwice.pl\\\/wiadomosci\\\/#organization\"},\"potentialAction\":[{\"@type\":\"SearchAction\",\"target\":{\"@type\":\"EntryPoint\",\"urlTemplate\":\"https:\\\/\\\/www.24gliwice.pl\\\/wiadomosci\\\/?s={search_term_string}\"},\"query-input\":{\"@type\":\"PropertyValueSpecification\",\"valueRequired\":true,\"valueName\":\"search_term_string\"}}],\"inLanguage\":\"pl-PL\"},{\"@type\":\"Organization\",\"@id\":\"https:\\\/\\\/www.24gliwice.pl\\\/wiadomosci\\\/#organization\",\"name\":\"24gliwice\",\"url\":\"https:\\\/\\\/www.24gliwice.pl\\\/wiadomosci\\\/\",\"logo\":{\"@type\":\"ImageObject\",\"inLanguage\":\"pl-PL\",\"@id\":\"https:\\\/\\\/www.24gliwice.pl\\\/wiadomosci\\\/#\\\/schema\\\/logo\\\/image\\\/\",\"url\":\"https:\\\/\\\/www.24gliwice.pl\\\/wiadomosci\\\/wp-content\\\/uploads\\\/2024\\\/10\\\/24gliwice-logo-696.jpg\",\"contentUrl\":\"https:\\\/\\\/www.24gliwice.pl\\\/wiadomosci\\\/wp-content\\\/uploads\\\/2024\\\/10\\\/24gliwice-logo-696.jpg\",\"width\":696,\"height\":696,\"caption\":\"24gliwice\"},\"image\":{\"@id\":\"https:\\\/\\\/www.24gliwice.pl\\\/wiadomosci\\\/#\\\/schema\\\/logo\\\/image\\\/\"},\"sameAs\":[\"https:\\\/\\\/www.facebook.com\\\/24gliwice\",\"https:\\\/\\\/x.com\\\/24gliwice\",\"https:\\\/\\\/www.youtube.com\\\/@24gliwice\"]},{\"@type\":\"Person\",\"@id\":\"https:\\\/\\\/www.24gliwice.pl\\\/wiadomosci\\\/#\\\/schema\\\/person\\\/e42c650edd7f2fa332be3811fb166b6e\",\"name\":\"\u017baneta Mrozek-Siewierska\",\"image\":{\"@type\":\"ImageObject\",\"inLanguage\":\"pl-PL\",\"@id\":\"https:\\\/\\\/secure.gravatar.com\\\/avatar\\\/1881429e9c64597c77ad7aef2d0a19be69a3253e57534d16aa15bf3a4d34a0a3?s=96&d=mm&r=g\",\"url\":\"https:\\\/\\\/secure.gravatar.com\\\/avatar\\\/1881429e9c64597c77ad7aef2d0a19be69a3253e57534d16aa15bf3a4d34a0a3?s=96&d=mm&r=g\",\"contentUrl\":\"https:\\\/\\\/secure.gravatar.com\\\/avatar\\\/1881429e9c64597c77ad7aef2d0a19be69a3253e57534d16aa15bf3a4d34a0a3?s=96&d=mm&r=g\",\"caption\":\"\u017baneta Mrozek-Siewierska\"},\"url\":\"https:\\\/\\\/www.24gliwice.pl\\\/wiadomosci\\\/author\\\/zms\\\/\"}]}<\/script>\n<!-- \/ Yoast SEO plugin. -->","yoast_head_json":{"title":"\"Pi\u0119kne, m\u0105dre i bogate - niezwyk\u0142e kobiety \u015al\u0105ska\". Prelekcja w Stacji Artystycznej Rynek, wst\u0119p biletowany - 24GLIWICE - Portal Gliwice | codziennie nowe informacje","description":"15 marca w Stacji Artystycznej Rynek odb\u0119dzie si\u0119 prelekcja Teresy Szyd\u0142owskiej na temat kobiet ze \u015bl\u0105ska. Bilety s\u0105 dost\u0119pne w cenie 25 z\u0142","robots":{"index":"index","follow":"follow","max-snippet":"max-snippet:-1","max-image-preview":"max-image-preview:large","max-video-preview":"max-video-preview:-1"},"canonical":"https:\/\/www.24gliwice.pl\/wiadomosci\/piekne-madre-i-bogate-niezwykle-kobiety-slaska-prelekcja-w-stacji-artystycznej-rynek-wstep-biletowany\/","og_locale":"pl_PL","og_type":"article","og_title":"\"Pi\u0119kne, m\u0105dre i bogate - niezwyk\u0142e kobiety \u015al\u0105ska\". Prelekcja w Stacji Artystycznej Rynek, wst\u0119p biletowany - 24GLIWICE - Portal Gliwice | codziennie nowe informacje","og_description":"15 marca w Stacji Artystycznej Rynek odb\u0119dzie si\u0119 prelekcja Teresy Szyd\u0142owskiej na temat kobiet ze \u015bl\u0105ska. Bilety s\u0105 dost\u0119pne w cenie 25 z\u0142","og_url":"https:\/\/www.24gliwice.pl\/wiadomosci\/piekne-madre-i-bogate-niezwykle-kobiety-slaska-prelekcja-w-stacji-artystycznej-rynek-wstep-biletowany\/","og_site_name":"24GLIWICE - Portal Gliwice | codziennie nowe informacje","article_publisher":"https:\/\/www.facebook.com\/24gliwice","article_published_time":"2025-03-12T23:27:54+00:00","article_modified_time":"2025-03-12T23:38:37+00:00","og_image":[{"width":810,"height":456,"url":"https:\/\/www.24gliwice.pl\/wiadomosci\/wp-content\/uploads\/2025\/03\/sar-kobiety-001.jpg","type":"image\/jpeg"}],"author":"\u017baneta Mrozek-Siewierska","twitter_card":"summary_large_image","twitter_creator":"@24gliwice","twitter_site":"@24gliwice","twitter_misc":{"Napisane przez":"\u017baneta Mrozek-Siewierska","Szacowany czas czytania":"3 minuty"},"schema":{"@context":"https:\/\/schema.org","@graph":[{"@type":"Article","@id":"https:\/\/www.24gliwice.pl\/wiadomosci\/piekne-madre-i-bogate-niezwykle-kobiety-slaska-prelekcja-w-stacji-artystycznej-rynek-wstep-biletowany\/#article","isPartOf":{"@id":"https:\/\/www.24gliwice.pl\/wiadomosci\/piekne-madre-i-bogate-niezwykle-kobiety-slaska-prelekcja-w-stacji-artystycznej-rynek-wstep-biletowany\/"},"author":{"name":"\u017baneta Mrozek-Siewierska","@id":"https:\/\/www.24gliwice.pl\/wiadomosci\/#\/schema\/person\/e42c650edd7f2fa332be3811fb166b6e"},"headline":"&#8220;Pi\u0119kne, m\u0105dre i bogate &#8211; niezwyk\u0142e kobiety \u015al\u0105ska&#8221;. Prelekcja w Stacji Artystycznej Rynek, wst\u0119p biletowany","datePublished":"2025-03-12T23:27:54+00:00","dateModified":"2025-03-12T23:38:37+00:00","mainEntityOfPage":{"@id":"https:\/\/www.24gliwice.pl\/wiadomosci\/piekne-madre-i-bogate-niezwykle-kobiety-slaska-prelekcja-w-stacji-artystycznej-rynek-wstep-biletowany\/"},"wordCount":396,"commentCount":0,"publisher":{"@id":"https:\/\/www.24gliwice.pl\/wiadomosci\/#organization"},"image":{"@id":"https:\/\/www.24gliwice.pl\/wiadomosci\/piekne-madre-i-bogate-niezwykle-kobiety-slaska-prelekcja-w-stacji-artystycznej-rynek-wstep-biletowany\/#primaryimage"},"thumbnailUrl":"https:\/\/www.24gliwice.pl\/wiadomosci\/wp-content\/uploads\/2025\/03\/sar-kobiety-001.jpg","keywords":["prelekcja","sar"],"articleSection":["Gliwice","Kultura, wydarzenia, imprezy","Najnowsze wiadomo\u015bci"],"inLanguage":"pl-PL","potentialAction":[{"@type":"CommentAction","name":"Comment","target":["https:\/\/www.24gliwice.pl\/wiadomosci\/piekne-madre-i-bogate-niezwykle-kobiety-slaska-prelekcja-w-stacji-artystycznej-rynek-wstep-biletowany\/#respond"]}]},{"@type":"WebPage","@id":"https:\/\/www.24gliwice.pl\/wiadomosci\/piekne-madre-i-bogate-niezwykle-kobiety-slaska-prelekcja-w-stacji-artystycznej-rynek-wstep-biletowany\/","url":"https:\/\/www.24gliwice.pl\/wiadomosci\/piekne-madre-i-bogate-niezwykle-kobiety-slaska-prelekcja-w-stacji-artystycznej-rynek-wstep-biletowany\/","name":"\"Pi\u0119kne, m\u0105dre i bogate - niezwyk\u0142e kobiety \u015al\u0105ska\". Prelekcja w Stacji Artystycznej Rynek, wst\u0119p biletowany - 24GLIWICE - Portal Gliwice | codziennie nowe informacje","isPartOf":{"@id":"https:\/\/www.24gliwice.pl\/wiadomosci\/#website"},"primaryImageOfPage":{"@id":"https:\/\/www.24gliwice.pl\/wiadomosci\/piekne-madre-i-bogate-niezwykle-kobiety-slaska-prelekcja-w-stacji-artystycznej-rynek-wstep-biletowany\/#primaryimage"},"image":{"@id":"https:\/\/www.24gliwice.pl\/wiadomosci\/piekne-madre-i-bogate-niezwykle-kobiety-slaska-prelekcja-w-stacji-artystycznej-rynek-wstep-biletowany\/#primaryimage"},"thumbnailUrl":"https:\/\/www.24gliwice.pl\/wiadomosci\/wp-content\/uploads\/2025\/03\/sar-kobiety-001.jpg","datePublished":"2025-03-12T23:27:54+00:00","dateModified":"2025-03-12T23:38:37+00:00","description":"15 marca w Stacji Artystycznej Rynek odb\u0119dzie si\u0119 prelekcja Teresy Szyd\u0142owskiej na temat kobiet ze \u015bl\u0105ska. Bilety s\u0105 dost\u0119pne w cenie 25 z\u0142","breadcrumb":{"@id":"https:\/\/www.24gliwice.pl\/wiadomosci\/piekne-madre-i-bogate-niezwykle-kobiety-slaska-prelekcja-w-stacji-artystycznej-rynek-wstep-biletowany\/#breadcrumb"},"inLanguage":"pl-PL","potentialAction":[{"@type":"ReadAction","target":["https:\/\/www.24gliwice.pl\/wiadomosci\/piekne-madre-i-bogate-niezwykle-kobiety-slaska-prelekcja-w-stacji-artystycznej-rynek-wstep-biletowany\/"]}]},{"@type":"ImageObject","inLanguage":"pl-PL","@id":"https:\/\/www.24gliwice.pl\/wiadomosci\/piekne-madre-i-bogate-niezwykle-kobiety-slaska-prelekcja-w-stacji-artystycznej-rynek-wstep-biletowany\/#primaryimage","url":"https:\/\/www.24gliwice.pl\/wiadomosci\/wp-content\/uploads\/2025\/03\/sar-kobiety-001.jpg","contentUrl":"https:\/\/www.24gliwice.pl\/wiadomosci\/wp-content\/uploads\/2025\/03\/sar-kobiety-001.jpg","width":810,"height":456},{"@type":"BreadcrumbList","@id":"https:\/\/www.24gliwice.pl\/wiadomosci\/piekne-madre-i-bogate-niezwykle-kobiety-slaska-prelekcja-w-stacji-artystycznej-rynek-wstep-biletowany\/#breadcrumb","itemListElement":[{"@type":"ListItem","position":1,"name":"Strona g\u0142\u00f3wna","item":"https:\/\/www.24gliwice.pl\/wiadomosci\/"},{"@type":"ListItem","position":2,"name":"&#8220;Pi\u0119kne, m\u0105dre i bogate &#8211; niezwyk\u0142e kobiety \u015al\u0105ska&#8221;. Prelekcja w Stacji Artystycznej Rynek, wst\u0119p biletowany"}]},{"@type":"WebSite","@id":"https:\/\/www.24gliwice.pl\/wiadomosci\/#website","url":"https:\/\/www.24gliwice.pl\/wiadomosci\/","name":"24GLIWICE - Portal Gliwice | codziennie nowe wiadomo\u015bci","description":"Portal Miejski Gliwice","publisher":{"@id":"https:\/\/www.24gliwice.pl\/wiadomosci\/#organization"},"potentialAction":[{"@type":"SearchAction","target":{"@type":"EntryPoint","urlTemplate":"https:\/\/www.24gliwice.pl\/wiadomosci\/?s={search_term_string}"},"query-input":{"@type":"PropertyValueSpecification","valueRequired":true,"valueName":"search_term_string"}}],"inLanguage":"pl-PL"},{"@type":"Organization","@id":"https:\/\/www.24gliwice.pl\/wiadomosci\/#organization","name":"24gliwice","url":"https:\/\/www.24gliwice.pl\/wiadomosci\/","logo":{"@type":"ImageObject","inLanguage":"pl-PL","@id":"https:\/\/www.24gliwice.pl\/wiadomosci\/#\/schema\/logo\/image\/","url":"https:\/\/www.24gliwice.pl\/wiadomosci\/wp-content\/uploads\/2024\/10\/24gliwice-logo-696.jpg","contentUrl":"https:\/\/www.24gliwice.pl\/wiadomosci\/wp-content\/uploads\/2024\/10\/24gliwice-logo-696.jpg","width":696,"height":696,"caption":"24gliwice"},"image":{"@id":"https:\/\/www.24gliwice.pl\/wiadomosci\/#\/schema\/logo\/image\/"},"sameAs":["https:\/\/www.facebook.com\/24gliwice","https:\/\/x.com\/24gliwice","https:\/\/www.youtube.com\/@24gliwice"]},{"@type":"Person","@id":"https:\/\/www.24gliwice.pl\/wiadomosci\/#\/schema\/person\/e42c650edd7f2fa332be3811fb166b6e","name":"\u017baneta Mrozek-Siewierska","image":{"@type":"ImageObject","inLanguage":"pl-PL","@id":"https:\/\/secure.gravatar.com\/avatar\/1881429e9c64597c77ad7aef2d0a19be69a3253e57534d16aa15bf3a4d34a0a3?s=96&d=mm&r=g","url":"https:\/\/secure.gravatar.com\/avatar\/1881429e9c64597c77ad7aef2d0a19be69a3253e57534d16aa15bf3a4d34a0a3?s=96&d=mm&r=g","contentUrl":"https:\/\/secure.gravatar.com\/avatar\/1881429e9c64597c77ad7aef2d0a19be69a3253e57534d16aa15bf3a4d34a0a3?s=96&d=mm&r=g","caption":"\u017baneta Mrozek-Siewierska"},"url":"https:\/\/www.24gliwice.pl\/wiadomosci\/author\/zms\/"}]}},"_links":{"self":[{"href":"https:\/\/www.24gliwice.pl\/wiadomosci\/wp-json\/wp\/v2\/posts\/251200","targetHints":{"allow":["GET"]}}],"collection":[{"href":"https:\/\/www.24gliwice.pl\/wiadomosci\/wp-json\/wp\/v2\/posts"}],"about":[{"href":"https:\/\/www.24gliwice.pl\/wiadomosci\/wp-json\/wp\/v2\/types\/post"}],"author":[{"embeddable":true,"href":"https:\/\/www.24gliwice.pl\/wiadomosci\/wp-json\/wp\/v2\/users\/15"}],"replies":[{"embeddable":true,"href":"https:\/\/www.24gliwice.pl\/wiadomosci\/wp-json\/wp\/v2\/comments?post=251200"}],"version-history":[{"count":0,"href":"https:\/\/www.24gliwice.pl\/wiadomosci\/wp-json\/wp\/v2\/posts\/251200\/revisions"}],"wp:featuredmedia":[{"embeddable":true,"href":"https:\/\/www.24gliwice.pl\/wiadomosci\/wp-json\/wp\/v2\/media\/251210"}],"wp:attachment":[{"href":"https:\/\/www.24gliwice.pl\/wiadomosci\/wp-json\/wp\/v2\/media?parent=251200"}],"wp:term":[{"taxonomy":"category","embeddable":true,"href":"https:\/\/www.24gliwice.pl\/wiadomosci\/wp-json\/wp\/v2\/categories?post=251200"},{"taxonomy":"post_tag","embeddable":true,"href":"https:\/\/www.24gliwice.pl\/wiadomosci\/wp-json\/wp\/v2\/tags?post=251200"}],"curies":[{"name":"wp","href":"https:\/\/api.w.org\/{rel}","templated":true}]}}