{"id":251411,"date":"2025-03-14T17:59:37","date_gmt":"2025-03-14T16:59:37","guid":{"rendered":"https:\/\/www.24gliwice.pl\/wiadomosci\/?p=251411"},"modified":"2025-03-14T18:00:05","modified_gmt":"2025-03-14T17:00:05","slug":"a-niech-to-piorko-odlotowa-bajka-z-polotem","status":"publish","type":"post","link":"https:\/\/www.24gliwice.pl\/wiadomosci\/a-niech-to-piorko-odlotowa-bajka-z-polotem\/","title":{"rendered":"A niech to pi\u00f3rko! Odlotowa bajka z polotem"},"content":{"rendered":"<h4>Ju\u017c wkr\u00f3tce najm\u0142odsi widzowie wraz ze swoimi opiekunami b\u0119d\u0105 mieli okazj\u0119 prze\u017cy\u0107 niezwyk\u0142\u0105 przygod\u0119 w \u015bwiecie pe\u0142nym barw, muzyki i humoru! Teatr Lufcik na Korbk\u0119 zaprasza na wyj\u0105tkowe widowisko pt. \u201eA niech to pi\u00f3rko!\u201d, kt\u00f3re przeniesie publiczno\u015b\u0107 do zaczarowanego \u015bwiata ptak\u00f3w-dzieciak\u00f3w. Spektakl odb\u0119dzie si\u0119 w PreZero Arena Gliwice i zapewni niezapomniane wra\u017cenia zar\u00f3wno dzieciom, jak i doros\u0142ym.<\/h4>\n<p>&nbsp;<\/p>\n<h3>Spektakl pe\u0142en humoru i m\u0105dro\u015bci<\/h3>\n<p>\u201eA niech to pi\u00f3rko!\u201d to rymowana opowie\u015b\u0107 inspirowana klasyk\u0105 polskiej poezji dzieci\u0119cej, w tym tw\u00f3rczo\u015bci\u0105 Juliana Tuwima, Jana Brzechwy czy Wandy Chotomskiej, a tak\u017ce oryginaln\u0105 histori\u0105 gliwickiej autorki Miry Fross. Pe\u0142na zwrot\u00f3w akcji i zabawnych sytuacji historia m\u00f3wi o akceptacji siebie, odwadze oraz poszukiwaniu w\u0142asnego g\u0142osu. Widowisko anga\u017cuje m\u0142odych widz\u00f3w i pokazuje, \u017ce ka\u017cdy jest wyj\u0105tkowy taki, jaki jest \u2013 bez potrzeby \u201estrojenia si\u0119 w cudze pi\u00f3rka\u201d.<\/p>\n<div id=\"attachment_251416\" style=\"width: 820px\" class=\"wp-caption aligncenter\"><img loading=\"lazy\" decoding=\"async\" aria-describedby=\"caption-attachment-251416\" class=\"size-full wp-image-251416\" src=\"https:\/\/www.24gliwice.pl\/wiadomosci\/wp-content\/uploads\/2025\/03\/lufcik_palmiarrnia_28-02-2025_r_kazmierczak_30.jpg\" alt=\"\" width=\"810\" height=\"539\" srcset=\"https:\/\/www.24gliwice.pl\/wiadomosci\/wp-content\/uploads\/2025\/03\/lufcik_palmiarrnia_28-02-2025_r_kazmierczak_30.jpg 810w, https:\/\/www.24gliwice.pl\/wiadomosci\/wp-content\/uploads\/2025\/03\/lufcik_palmiarrnia_28-02-2025_r_kazmierczak_30-349x232.jpg 349w, https:\/\/www.24gliwice.pl\/wiadomosci\/wp-content\/uploads\/2025\/03\/lufcik_palmiarrnia_28-02-2025_r_kazmierczak_30-684x455.jpg 684w, https:\/\/www.24gliwice.pl\/wiadomosci\/wp-content\/uploads\/2025\/03\/lufcik_palmiarrnia_28-02-2025_r_kazmierczak_30-768x511.jpg 768w\" sizes=\"auto, (max-width: 810px) 100vw, 810px\" \/><p id=\"caption-attachment-251416\" class=\"wp-caption-text\">WWW.RADOSLAWKAZMIERCZAK.COM<\/p><\/div>\n<h3>Dlaczego warto zobaczy\u0107 ten spektakl?<\/h3>\n<p>\u201eA niech to pi\u00f3rko!\u201d to niezwyk\u0142a podr\u00f3\u017c do \u015bwiata s\u0142\u00f3w, rytm\u00f3w i rym\u00f3w, gdzie dzieci w przyst\u0119pny spos\u00f3b ucz\u0105 si\u0119 pi\u0119kna j\u0119zyka oraz jego d\u017awi\u0119czno\u015bci. Zabawa s\u0142owem, humorystyczne dialogi i pe\u0142ne ekspresji postaci czyni\u0105 ten spektakl idealnym pierwszym spotkaniem z teatrem. Wsp\u00f3lne odkrywanie wierszy i rym\u00f3w rozwija umiej\u0119tno\u015bci j\u0119zykowe, kszta\u0142tuje wra\u017cliwo\u015b\u0107 artystyczn\u0105 i pobudza wyobra\u017ani\u0119 m\u0142odych widz\u00f3w.<\/p>\n<h3>Teatr, kt\u00f3ry zachwyca form\u0105<\/h3>\n<p>Widowisko zosta\u0142o stworzone przez profesjonalnych tw\u00f3rc\u00f3w scenicznych i konsultowane z psychologiem dzieci\u0119cym oraz oligofrenopedagogiem. To dynamiczna, interaktywna inscenizacja, kt\u00f3ra \u0142\u0105czy elementy ta\u0144ca, muzyki, cyrku oraz nowoczesnych efekt\u00f3w wizualnych. Kolorowe kostiumy, autorskie kompozycje, imponuj\u0105ce uk\u0142ady taneczne i niecodzienne rekwizyty oczaruj\u0105 publiczno\u015b\u0107 i na d\u0142ugo pozostan\u0105 w jej pami\u0119ci.<\/p>\n<div id=\"attachment_251418\" style=\"width: 820px\" class=\"wp-caption aligncenter\"><img loading=\"lazy\" decoding=\"async\" aria-describedby=\"caption-attachment-251418\" class=\"size-full wp-image-251418\" src=\"https:\/\/www.24gliwice.pl\/wiadomosci\/wp-content\/uploads\/2025\/03\/lufcik_palmiarrnia_28-02-2025_r_kazmierczak_93.jpg\" alt=\"\" width=\"810\" height=\"539\" srcset=\"https:\/\/www.24gliwice.pl\/wiadomosci\/wp-content\/uploads\/2025\/03\/lufcik_palmiarrnia_28-02-2025_r_kazmierczak_93.jpg 810w, https:\/\/www.24gliwice.pl\/wiadomosci\/wp-content\/uploads\/2025\/03\/lufcik_palmiarrnia_28-02-2025_r_kazmierczak_93-349x232.jpg 349w, https:\/\/www.24gliwice.pl\/wiadomosci\/wp-content\/uploads\/2025\/03\/lufcik_palmiarrnia_28-02-2025_r_kazmierczak_93-684x455.jpg 684w, https:\/\/www.24gliwice.pl\/wiadomosci\/wp-content\/uploads\/2025\/03\/lufcik_palmiarrnia_28-02-2025_r_kazmierczak_93-768x511.jpg 768w\" sizes=\"auto, (max-width: 810px) 100vw, 810px\" \/><p id=\"caption-attachment-251418\" class=\"wp-caption-text\">WWW.RADOSLAWKAZMIERCZAK.COM<\/p><\/div>\n<h3>Teatr dla dzieci \u2013 edukacja i rozrywka w jednym!<\/h3>\n<p>Spektakl dla najm\u0142odszych to nie tylko \u015bwietna zabawa, ale tak\u017ce doskona\u0142y spos\u00f3b na rozwijanie umiej\u0119tno\u015bci literackich, spo\u0142ecznych i emocjonalnych. Kontakt z teatrem:<br \/>\n\u2022 Buduje koncentracj\u0119 i umiej\u0119tno\u015b\u0107 skupienia uwagi,<br \/>\n\u2022 Wprowadza w \u015bwiat sztuki i pobudza kreatywno\u015b\u0107,<br \/>\n\u2022 Pomaga oswaja\u0107 trudne emocje i rozwija kompetencje spo\u0142eczne,<br \/>\n\u2022 Jest okazj\u0105 do wsp\u00f3lnego prze\u017cywania i budowania pi\u0119knych wspomnie\u0144.<\/p>\n<div id=\"attachment_251419\" style=\"width: 820px\" class=\"wp-caption aligncenter\"><img loading=\"lazy\" decoding=\"async\" aria-describedby=\"caption-attachment-251419\" class=\"size-full wp-image-251419\" src=\"https:\/\/www.24gliwice.pl\/wiadomosci\/wp-content\/uploads\/2025\/03\/lufcik_palmiarrnia_28-02-2025_r_kazmierczak_105.jpg\" alt=\"\" width=\"810\" height=\"539\" srcset=\"https:\/\/www.24gliwice.pl\/wiadomosci\/wp-content\/uploads\/2025\/03\/lufcik_palmiarrnia_28-02-2025_r_kazmierczak_105.jpg 810w, https:\/\/www.24gliwice.pl\/wiadomosci\/wp-content\/uploads\/2025\/03\/lufcik_palmiarrnia_28-02-2025_r_kazmierczak_105-349x232.jpg 349w, https:\/\/www.24gliwice.pl\/wiadomosci\/wp-content\/uploads\/2025\/03\/lufcik_palmiarrnia_28-02-2025_r_kazmierczak_105-684x455.jpg 684w, https:\/\/www.24gliwice.pl\/wiadomosci\/wp-content\/uploads\/2025\/03\/lufcik_palmiarrnia_28-02-2025_r_kazmierczak_105-768x511.jpg 768w\" sizes=\"auto, (max-width: 810px) 100vw, 810px\" \/><p id=\"caption-attachment-251419\" class=\"wp-caption-text\">WWW.RADOSLAWKAZMIERCZAK.COM<\/p><\/div>\n<h3>Zapraszamy na wyj\u0105tkowe widowisko!<\/h3>\n<p>\u201eA niech to pi\u00f3rko!\u201d to spektakl skierowany do dzieci w wieku 5+ oraz ich opiekun\u00f3w, a tak\u017ce grup przedszkolnych i uczni\u00f3w klas pocz\u0105tkowych. Teatralna podr\u00f3\u017c w \u015bwiat ptasich przyjaci\u00f3\u0142 b\u0119dzie nie tylko edukacyjn\u0105 przygod\u0105, ale tak\u017ce niezapomnianym prze\u017cyciem pe\u0142nym \u015bmiechu, muzyki i kolor\u00f3w.<\/p>\n<p>Przekonajcie si\u0119 sami i do\u0142\u0105czcie do wsp\u00f3lnej zabawy pod znakiem radosnego okrzyku: \u201e<strong>A niech to pi\u00f3rko!<\/strong>\u201d<\/p>\n<p>Spektakl \u201eA niech to pi\u00f3rko!\u201d odb\u0119dzie si\u0119 10 kwietnia 2025 roku w PreZero Arenie Gliwice, a sprzeda\u017c bilet\u00f3w na spektakl prowadzona jest przez Eventim. Bilety mo\u017cna zakupi\u0107 indywidualnie lub jako grupa. Ceny bilet\u00f3w dost\u0119pne s\u0105 na Eventim.<\/p>\n<p>Wi\u0119cej informacji na temat wydarzenia: <a href=\"https:\/\/prezeroarenagliwice.pl\/events\/a-niech-to-piorko-odlotowa-bajka-z-polotem\" target=\"_blank\" rel=\"noopener\">https:\/\/prezeroarenagliwice.pl\/events\/a-niech-to-piorko-odlotowa-bajka-z-polotem<\/a><br \/>\nZakup bilet\u00f3w na Eventim: <a href=\"https:\/\/www.eventim.pl\/event\/a-niech-to-piorko-prezeroarena-gliwice-19561751\" target=\"_blank\" rel=\"noopener\">https:\/\/www.eventim.pl\/event\/a-niech-to-piorko-prezeroarena-gliwice-19561751<\/a><\/p>\n<div id=\"attachment_251417\" style=\"width: 820px\" class=\"wp-caption aligncenter\"><img loading=\"lazy\" decoding=\"async\" aria-describedby=\"caption-attachment-251417\" class=\"size-full wp-image-251417\" src=\"https:\/\/www.24gliwice.pl\/wiadomosci\/wp-content\/uploads\/2025\/03\/lufcik_palmiarrnia_28-02-2025_r_kazmierczak_73.jpg\" alt=\"\" width=\"810\" height=\"539\" srcset=\"https:\/\/www.24gliwice.pl\/wiadomosci\/wp-content\/uploads\/2025\/03\/lufcik_palmiarrnia_28-02-2025_r_kazmierczak_73.jpg 810w, https:\/\/www.24gliwice.pl\/wiadomosci\/wp-content\/uploads\/2025\/03\/lufcik_palmiarrnia_28-02-2025_r_kazmierczak_73-349x232.jpg 349w, https:\/\/www.24gliwice.pl\/wiadomosci\/wp-content\/uploads\/2025\/03\/lufcik_palmiarrnia_28-02-2025_r_kazmierczak_73-684x455.jpg 684w, https:\/\/www.24gliwice.pl\/wiadomosci\/wp-content\/uploads\/2025\/03\/lufcik_palmiarrnia_28-02-2025_r_kazmierczak_73-768x511.jpg 768w\" sizes=\"auto, (max-width: 810px) 100vw, 810px\" \/><p id=\"caption-attachment-251417\" class=\"wp-caption-text\">WWW.RADOSLAWKAZMIERCZAK.COM<\/p><\/div>\n<div id=\"gliwi-293993171\"><div class=\"gliwi-adlabel\"><span style=\"font-size: 9px\">REKLAMA<\/span><\/div><small>materia\u0142 partnera | <a href=\"https:\/\/www.24gliwice.pl\/wiadomosci\/material-partnera-warunki\/\" target=\"_blank\" rel=\"noopener\">informacja<\/a><\/small><\/div>\n","protected":false},"excerpt":{"rendered":"<p>Ju\u017c wkr\u00f3tce najm\u0142odsi widzowie wraz ze swoimi opiekunami b\u0119d\u0105 mieli okazj\u0119 prze\u017cy\u0107 niezwyk\u0142\u0105 przygod\u0119 w \u015bwiecie pe\u0142nym barw, muzyki i humoru! Teatr Lufcik na Korbk\u0119 zaprasza na wyj\u0105tkowe widowisko pt. \u201eA niech to pi\u00f3rko!\u201d, kt\u00f3re przeniesie publiczno\u015b\u0107 do zaczarowanego \u015bwiata ptak\u00f3w-dzieciak\u00f3w. Spektakl odb\u0119dzie si\u0119 w PreZero Arena Gliwice i zapewni niezapomniane wra\u017cenia zar\u00f3wno dzieciom, jak [&hellip;]<\/p>\n","protected":false},"author":4,"featured_media":251415,"comment_status":"closed","ping_status":"closed","sticky":false,"template":"","format":"standard","meta":{"_monsterinsights_skip_tracking":false,"_monsterinsights_sitenote_active":false,"_monsterinsights_sitenote_note":"","_monsterinsights_sitenote_category":0,"footnotes":"","_links_to":"","_links_to_target":""},"categories":[3,6,1,1129],"tags":[7651,24181],"class_list":["post-251411","post","type-post","status-publish","format-standard","has-post-thumbnail","hentry","category-gliwice","category-kultura","category-wszystko","category-polecamy","tag-lufcik-na-korbke","tag-prezero-arena"],"yoast_head":"<!-- This site is optimized with the Yoast SEO plugin v27.5 - https:\/\/yoast.com\/product\/yoast-seo-wordpress\/ -->\n<title>A niech to pi\u00f3rko! Odlotowa bajka z polotem - 24GLIWICE - Portal Gliwice | codziennie nowe informacje<\/title>\n<meta name=\"robots\" content=\"index, follow, max-snippet:-1, max-image-preview:large, max-video-preview:-1\" \/>\n<link rel=\"canonical\" href=\"https:\/\/www.24gliwice.pl\/wiadomosci\/a-niech-to-piorko-odlotowa-bajka-z-polotem\/\" \/>\n<meta property=\"og:locale\" content=\"pl_PL\" \/>\n<meta property=\"og:type\" content=\"article\" \/>\n<meta property=\"og:title\" content=\"A niech to pi\u00f3rko! Odlotowa bajka z polotem - 24GLIWICE - Portal Gliwice | codziennie nowe informacje\" \/>\n<meta property=\"og:description\" content=\"Ju\u017c wkr\u00f3tce najm\u0142odsi widzowie wraz ze swoimi opiekunami b\u0119d\u0105 mieli okazj\u0119 prze\u017cy\u0107 niezwyk\u0142\u0105 przygod\u0119 w \u015bwiecie pe\u0142nym barw, muzyki i humoru! Teatr Lufcik na Korbk\u0119 zaprasza na wyj\u0105tkowe widowisko pt. \u201eA niech to pi\u00f3rko!\u201d, kt\u00f3re przeniesie publiczno\u015b\u0107 do zaczarowanego \u015bwiata ptak\u00f3w-dzieciak\u00f3w. Spektakl odb\u0119dzie si\u0119 w PreZero Arena Gliwice i zapewni niezapomniane wra\u017cenia zar\u00f3wno dzieciom, jak [&hellip;]\" \/>\n<meta property=\"og:url\" content=\"https:\/\/www.24gliwice.pl\/wiadomosci\/a-niech-to-piorko-odlotowa-bajka-z-polotem\/\" \/>\n<meta property=\"og:site_name\" content=\"24GLIWICE - Portal Gliwice | codziennie nowe informacje\" \/>\n<meta property=\"article:publisher\" content=\"https:\/\/www.facebook.com\/24gliwice\" \/>\n<meta property=\"article:author\" content=\"https:\/\/www.facebook.com\/marcin.fabrykowski\" \/>\n<meta property=\"article:published_time\" content=\"2025-03-14T16:59:37+00:00\" \/>\n<meta property=\"article:modified_time\" content=\"2025-03-14T17:00:05+00:00\" \/>\n<meta property=\"og:image\" content=\"https:\/\/www.24gliwice.pl\/wiadomosci\/wp-content\/uploads\/2025\/03\/lufcik_palmiarrnia_28-02-2025_r_kazmierczak_156.jpg\" \/>\n\t<meta property=\"og:image:width\" content=\"1140\" \/>\n\t<meta property=\"og:image:height\" content=\"760\" \/>\n\t<meta property=\"og:image:type\" content=\"image\/jpeg\" \/>\n<meta name=\"author\" content=\"Marcin Fabrykowski\" \/>\n<meta name=\"twitter:card\" content=\"summary_large_image\" \/>\n<meta name=\"twitter:creator\" content=\"@24gliwice\" \/>\n<meta name=\"twitter:site\" content=\"@24gliwice\" \/>\n<meta name=\"twitter:label1\" content=\"Napisane przez\" \/>\n\t<meta name=\"twitter:data1\" content=\"Marcin Fabrykowski\" \/>\n\t<meta name=\"twitter:label2\" content=\"Szacowany czas czytania\" \/>\n\t<meta name=\"twitter:data2\" content=\"4 minuty\" \/>\n<script type=\"application\/ld+json\" class=\"yoast-schema-graph\">{\"@context\":\"https:\\\/\\\/schema.org\",\"@graph\":[{\"@type\":\"Article\",\"@id\":\"https:\\\/\\\/www.24gliwice.pl\\\/wiadomosci\\\/a-niech-to-piorko-odlotowa-bajka-z-polotem\\\/#article\",\"isPartOf\":{\"@id\":\"https:\\\/\\\/www.24gliwice.pl\\\/wiadomosci\\\/a-niech-to-piorko-odlotowa-bajka-z-polotem\\\/\"},\"author\":{\"name\":\"Marcin Fabrykowski\",\"@id\":\"https:\\\/\\\/www.24gliwice.pl\\\/wiadomosci\\\/#\\\/schema\\\/person\\\/cb5857e4a4d048c15984c1edcc8ef0c0\"},\"headline\":\"A niech to pi\u00f3rko! Odlotowa bajka z polotem\",\"datePublished\":\"2025-03-14T16:59:37+00:00\",\"dateModified\":\"2025-03-14T17:00:05+00:00\",\"mainEntityOfPage\":{\"@id\":\"https:\\\/\\\/www.24gliwice.pl\\\/wiadomosci\\\/a-niech-to-piorko-odlotowa-bajka-z-polotem\\\/\"},\"wordCount\":574,\"publisher\":{\"@id\":\"https:\\\/\\\/www.24gliwice.pl\\\/wiadomosci\\\/#organization\"},\"image\":{\"@id\":\"https:\\\/\\\/www.24gliwice.pl\\\/wiadomosci\\\/a-niech-to-piorko-odlotowa-bajka-z-polotem\\\/#primaryimage\"},\"thumbnailUrl\":\"https:\\\/\\\/www.24gliwice.pl\\\/wiadomosci\\\/wp-content\\\/uploads\\\/2025\\\/03\\\/lufcik_palmiarrnia_28-02-2025_r_kazmierczak_156.jpg\",\"keywords\":[\"LUFCIK NA KORBK\u0118\",\"PREZERO ARENA\"],\"articleSection\":[\"Gliwice\",\"Kultura, wydarzenia, imprezy\",\"Najnowsze wiadomo\u015bci\",\"Polecamy\"],\"inLanguage\":\"pl-PL\"},{\"@type\":\"WebPage\",\"@id\":\"https:\\\/\\\/www.24gliwice.pl\\\/wiadomosci\\\/a-niech-to-piorko-odlotowa-bajka-z-polotem\\\/\",\"url\":\"https:\\\/\\\/www.24gliwice.pl\\\/wiadomosci\\\/a-niech-to-piorko-odlotowa-bajka-z-polotem\\\/\",\"name\":\"A niech to pi\u00f3rko! Odlotowa bajka z polotem - 24GLIWICE - Portal Gliwice | codziennie nowe informacje\",\"isPartOf\":{\"@id\":\"https:\\\/\\\/www.24gliwice.pl\\\/wiadomosci\\\/#website\"},\"primaryImageOfPage\":{\"@id\":\"https:\\\/\\\/www.24gliwice.pl\\\/wiadomosci\\\/a-niech-to-piorko-odlotowa-bajka-z-polotem\\\/#primaryimage\"},\"image\":{\"@id\":\"https:\\\/\\\/www.24gliwice.pl\\\/wiadomosci\\\/a-niech-to-piorko-odlotowa-bajka-z-polotem\\\/#primaryimage\"},\"thumbnailUrl\":\"https:\\\/\\\/www.24gliwice.pl\\\/wiadomosci\\\/wp-content\\\/uploads\\\/2025\\\/03\\\/lufcik_palmiarrnia_28-02-2025_r_kazmierczak_156.jpg\",\"datePublished\":\"2025-03-14T16:59:37+00:00\",\"dateModified\":\"2025-03-14T17:00:05+00:00\",\"breadcrumb\":{\"@id\":\"https:\\\/\\\/www.24gliwice.pl\\\/wiadomosci\\\/a-niech-to-piorko-odlotowa-bajka-z-polotem\\\/#breadcrumb\"},\"inLanguage\":\"pl-PL\",\"potentialAction\":[{\"@type\":\"ReadAction\",\"target\":[\"https:\\\/\\\/www.24gliwice.pl\\\/wiadomosci\\\/a-niech-to-piorko-odlotowa-bajka-z-polotem\\\/\"]}]},{\"@type\":\"ImageObject\",\"inLanguage\":\"pl-PL\",\"@id\":\"https:\\\/\\\/www.24gliwice.pl\\\/wiadomosci\\\/a-niech-to-piorko-odlotowa-bajka-z-polotem\\\/#primaryimage\",\"url\":\"https:\\\/\\\/www.24gliwice.pl\\\/wiadomosci\\\/wp-content\\\/uploads\\\/2025\\\/03\\\/lufcik_palmiarrnia_28-02-2025_r_kazmierczak_156.jpg\",\"contentUrl\":\"https:\\\/\\\/www.24gliwice.pl\\\/wiadomosci\\\/wp-content\\\/uploads\\\/2025\\\/03\\\/lufcik_palmiarrnia_28-02-2025_r_kazmierczak_156.jpg\",\"width\":1140,\"height\":760,\"caption\":\"WWW.RADOSLAWKAZMIERCZAK.COM\"},{\"@type\":\"BreadcrumbList\",\"@id\":\"https:\\\/\\\/www.24gliwice.pl\\\/wiadomosci\\\/a-niech-to-piorko-odlotowa-bajka-z-polotem\\\/#breadcrumb\",\"itemListElement\":[{\"@type\":\"ListItem\",\"position\":1,\"name\":\"Strona g\u0142\u00f3wna\",\"item\":\"https:\\\/\\\/www.24gliwice.pl\\\/wiadomosci\\\/\"},{\"@type\":\"ListItem\",\"position\":2,\"name\":\"A niech to pi\u00f3rko! Odlotowa bajka z polotem\"}]},{\"@type\":\"WebSite\",\"@id\":\"https:\\\/\\\/www.24gliwice.pl\\\/wiadomosci\\\/#website\",\"url\":\"https:\\\/\\\/www.24gliwice.pl\\\/wiadomosci\\\/\",\"name\":\"24GLIWICE - Portal Gliwice | codziennie nowe wiadomo\u015bci\",\"description\":\"Portal Miejski Gliwice\",\"publisher\":{\"@id\":\"https:\\\/\\\/www.24gliwice.pl\\\/wiadomosci\\\/#organization\"},\"potentialAction\":[{\"@type\":\"SearchAction\",\"target\":{\"@type\":\"EntryPoint\",\"urlTemplate\":\"https:\\\/\\\/www.24gliwice.pl\\\/wiadomosci\\\/?s={search_term_string}\"},\"query-input\":{\"@type\":\"PropertyValueSpecification\",\"valueRequired\":true,\"valueName\":\"search_term_string\"}}],\"inLanguage\":\"pl-PL\"},{\"@type\":\"Organization\",\"@id\":\"https:\\\/\\\/www.24gliwice.pl\\\/wiadomosci\\\/#organization\",\"name\":\"24gliwice\",\"url\":\"https:\\\/\\\/www.24gliwice.pl\\\/wiadomosci\\\/\",\"logo\":{\"@type\":\"ImageObject\",\"inLanguage\":\"pl-PL\",\"@id\":\"https:\\\/\\\/www.24gliwice.pl\\\/wiadomosci\\\/#\\\/schema\\\/logo\\\/image\\\/\",\"url\":\"https:\\\/\\\/www.24gliwice.pl\\\/wiadomosci\\\/wp-content\\\/uploads\\\/2024\\\/10\\\/24gliwice-logo-696.jpg\",\"contentUrl\":\"https:\\\/\\\/www.24gliwice.pl\\\/wiadomosci\\\/wp-content\\\/uploads\\\/2024\\\/10\\\/24gliwice-logo-696.jpg\",\"width\":696,\"height\":696,\"caption\":\"24gliwice\"},\"image\":{\"@id\":\"https:\\\/\\\/www.24gliwice.pl\\\/wiadomosci\\\/#\\\/schema\\\/logo\\\/image\\\/\"},\"sameAs\":[\"https:\\\/\\\/www.facebook.com\\\/24gliwice\",\"https:\\\/\\\/x.com\\\/24gliwice\",\"https:\\\/\\\/www.youtube.com\\\/@24gliwice\"]},{\"@type\":\"Person\",\"@id\":\"https:\\\/\\\/www.24gliwice.pl\\\/wiadomosci\\\/#\\\/schema\\\/person\\\/cb5857e4a4d048c15984c1edcc8ef0c0\",\"name\":\"Marcin Fabrykowski\",\"image\":{\"@type\":\"ImageObject\",\"inLanguage\":\"pl-PL\",\"@id\":\"https:\\\/\\\/www.24gliwice.pl\\\/wiadomosci\\\/wp-content\\\/uploads\\\/2025\\\/11\\\/zdjecie-moje-marcin-300-96x96.jpg\",\"url\":\"https:\\\/\\\/www.24gliwice.pl\\\/wiadomosci\\\/wp-content\\\/uploads\\\/2025\\\/11\\\/zdjecie-moje-marcin-300-96x96.jpg\",\"contentUrl\":\"https:\\\/\\\/www.24gliwice.pl\\\/wiadomosci\\\/wp-content\\\/uploads\\\/2025\\\/11\\\/zdjecie-moje-marcin-300-96x96.jpg\",\"caption\":\"Marcin Fabrykowski\"},\"sameAs\":[\"http:\\\/\\\/24gliwice.pl\",\"https:\\\/\\\/www.facebook.com\\\/marcin.fabrykowski\"],\"url\":\"https:\\\/\\\/www.24gliwice.pl\\\/wiadomosci\\\/author\\\/marcin-fabrykowski\\\/\"}]}<\/script>\n<!-- \/ Yoast SEO plugin. -->","yoast_head_json":{"title":"A niech to pi\u00f3rko! Odlotowa bajka z polotem - 24GLIWICE - Portal Gliwice | codziennie nowe informacje","robots":{"index":"index","follow":"follow","max-snippet":"max-snippet:-1","max-image-preview":"max-image-preview:large","max-video-preview":"max-video-preview:-1"},"canonical":"https:\/\/www.24gliwice.pl\/wiadomosci\/a-niech-to-piorko-odlotowa-bajka-z-polotem\/","og_locale":"pl_PL","og_type":"article","og_title":"A niech to pi\u00f3rko! Odlotowa bajka z polotem - 24GLIWICE - Portal Gliwice | codziennie nowe informacje","og_description":"Ju\u017c wkr\u00f3tce najm\u0142odsi widzowie wraz ze swoimi opiekunami b\u0119d\u0105 mieli okazj\u0119 prze\u017cy\u0107 niezwyk\u0142\u0105 przygod\u0119 w \u015bwiecie pe\u0142nym barw, muzyki i humoru! Teatr Lufcik na Korbk\u0119 zaprasza na wyj\u0105tkowe widowisko pt. \u201eA niech to pi\u00f3rko!\u201d, kt\u00f3re przeniesie publiczno\u015b\u0107 do zaczarowanego \u015bwiata ptak\u00f3w-dzieciak\u00f3w. Spektakl odb\u0119dzie si\u0119 w PreZero Arena Gliwice i zapewni niezapomniane wra\u017cenia zar\u00f3wno dzieciom, jak [&hellip;]","og_url":"https:\/\/www.24gliwice.pl\/wiadomosci\/a-niech-to-piorko-odlotowa-bajka-z-polotem\/","og_site_name":"24GLIWICE - Portal Gliwice | codziennie nowe informacje","article_publisher":"https:\/\/www.facebook.com\/24gliwice","article_author":"https:\/\/www.facebook.com\/marcin.fabrykowski","article_published_time":"2025-03-14T16:59:37+00:00","article_modified_time":"2025-03-14T17:00:05+00:00","og_image":[{"width":1140,"height":760,"url":"https:\/\/www.24gliwice.pl\/wiadomosci\/wp-content\/uploads\/2025\/03\/lufcik_palmiarrnia_28-02-2025_r_kazmierczak_156.jpg","type":"image\/jpeg"}],"author":"Marcin Fabrykowski","twitter_card":"summary_large_image","twitter_creator":"@24gliwice","twitter_site":"@24gliwice","twitter_misc":{"Napisane przez":"Marcin Fabrykowski","Szacowany czas czytania":"4 minuty"},"schema":{"@context":"https:\/\/schema.org","@graph":[{"@type":"Article","@id":"https:\/\/www.24gliwice.pl\/wiadomosci\/a-niech-to-piorko-odlotowa-bajka-z-polotem\/#article","isPartOf":{"@id":"https:\/\/www.24gliwice.pl\/wiadomosci\/a-niech-to-piorko-odlotowa-bajka-z-polotem\/"},"author":{"name":"Marcin Fabrykowski","@id":"https:\/\/www.24gliwice.pl\/wiadomosci\/#\/schema\/person\/cb5857e4a4d048c15984c1edcc8ef0c0"},"headline":"A niech to pi\u00f3rko! Odlotowa bajka z polotem","datePublished":"2025-03-14T16:59:37+00:00","dateModified":"2025-03-14T17:00:05+00:00","mainEntityOfPage":{"@id":"https:\/\/www.24gliwice.pl\/wiadomosci\/a-niech-to-piorko-odlotowa-bajka-z-polotem\/"},"wordCount":574,"publisher":{"@id":"https:\/\/www.24gliwice.pl\/wiadomosci\/#organization"},"image":{"@id":"https:\/\/www.24gliwice.pl\/wiadomosci\/a-niech-to-piorko-odlotowa-bajka-z-polotem\/#primaryimage"},"thumbnailUrl":"https:\/\/www.24gliwice.pl\/wiadomosci\/wp-content\/uploads\/2025\/03\/lufcik_palmiarrnia_28-02-2025_r_kazmierczak_156.jpg","keywords":["LUFCIK NA KORBK\u0118","PREZERO ARENA"],"articleSection":["Gliwice","Kultura, wydarzenia, imprezy","Najnowsze wiadomo\u015bci","Polecamy"],"inLanguage":"pl-PL"},{"@type":"WebPage","@id":"https:\/\/www.24gliwice.pl\/wiadomosci\/a-niech-to-piorko-odlotowa-bajka-z-polotem\/","url":"https:\/\/www.24gliwice.pl\/wiadomosci\/a-niech-to-piorko-odlotowa-bajka-z-polotem\/","name":"A niech to pi\u00f3rko! Odlotowa bajka z polotem - 24GLIWICE - Portal Gliwice | codziennie nowe informacje","isPartOf":{"@id":"https:\/\/www.24gliwice.pl\/wiadomosci\/#website"},"primaryImageOfPage":{"@id":"https:\/\/www.24gliwice.pl\/wiadomosci\/a-niech-to-piorko-odlotowa-bajka-z-polotem\/#primaryimage"},"image":{"@id":"https:\/\/www.24gliwice.pl\/wiadomosci\/a-niech-to-piorko-odlotowa-bajka-z-polotem\/#primaryimage"},"thumbnailUrl":"https:\/\/www.24gliwice.pl\/wiadomosci\/wp-content\/uploads\/2025\/03\/lufcik_palmiarrnia_28-02-2025_r_kazmierczak_156.jpg","datePublished":"2025-03-14T16:59:37+00:00","dateModified":"2025-03-14T17:00:05+00:00","breadcrumb":{"@id":"https:\/\/www.24gliwice.pl\/wiadomosci\/a-niech-to-piorko-odlotowa-bajka-z-polotem\/#breadcrumb"},"inLanguage":"pl-PL","potentialAction":[{"@type":"ReadAction","target":["https:\/\/www.24gliwice.pl\/wiadomosci\/a-niech-to-piorko-odlotowa-bajka-z-polotem\/"]}]},{"@type":"ImageObject","inLanguage":"pl-PL","@id":"https:\/\/www.24gliwice.pl\/wiadomosci\/a-niech-to-piorko-odlotowa-bajka-z-polotem\/#primaryimage","url":"https:\/\/www.24gliwice.pl\/wiadomosci\/wp-content\/uploads\/2025\/03\/lufcik_palmiarrnia_28-02-2025_r_kazmierczak_156.jpg","contentUrl":"https:\/\/www.24gliwice.pl\/wiadomosci\/wp-content\/uploads\/2025\/03\/lufcik_palmiarrnia_28-02-2025_r_kazmierczak_156.jpg","width":1140,"height":760,"caption":"WWW.RADOSLAWKAZMIERCZAK.COM"},{"@type":"BreadcrumbList","@id":"https:\/\/www.24gliwice.pl\/wiadomosci\/a-niech-to-piorko-odlotowa-bajka-z-polotem\/#breadcrumb","itemListElement":[{"@type":"ListItem","position":1,"name":"Strona g\u0142\u00f3wna","item":"https:\/\/www.24gliwice.pl\/wiadomosci\/"},{"@type":"ListItem","position":2,"name":"A niech to pi\u00f3rko! Odlotowa bajka z polotem"}]},{"@type":"WebSite","@id":"https:\/\/www.24gliwice.pl\/wiadomosci\/#website","url":"https:\/\/www.24gliwice.pl\/wiadomosci\/","name":"24GLIWICE - Portal Gliwice | codziennie nowe wiadomo\u015bci","description":"Portal Miejski Gliwice","publisher":{"@id":"https:\/\/www.24gliwice.pl\/wiadomosci\/#organization"},"potentialAction":[{"@type":"SearchAction","target":{"@type":"EntryPoint","urlTemplate":"https:\/\/www.24gliwice.pl\/wiadomosci\/?s={search_term_string}"},"query-input":{"@type":"PropertyValueSpecification","valueRequired":true,"valueName":"search_term_string"}}],"inLanguage":"pl-PL"},{"@type":"Organization","@id":"https:\/\/www.24gliwice.pl\/wiadomosci\/#organization","name":"24gliwice","url":"https:\/\/www.24gliwice.pl\/wiadomosci\/","logo":{"@type":"ImageObject","inLanguage":"pl-PL","@id":"https:\/\/www.24gliwice.pl\/wiadomosci\/#\/schema\/logo\/image\/","url":"https:\/\/www.24gliwice.pl\/wiadomosci\/wp-content\/uploads\/2024\/10\/24gliwice-logo-696.jpg","contentUrl":"https:\/\/www.24gliwice.pl\/wiadomosci\/wp-content\/uploads\/2024\/10\/24gliwice-logo-696.jpg","width":696,"height":696,"caption":"24gliwice"},"image":{"@id":"https:\/\/www.24gliwice.pl\/wiadomosci\/#\/schema\/logo\/image\/"},"sameAs":["https:\/\/www.facebook.com\/24gliwice","https:\/\/x.com\/24gliwice","https:\/\/www.youtube.com\/@24gliwice"]},{"@type":"Person","@id":"https:\/\/www.24gliwice.pl\/wiadomosci\/#\/schema\/person\/cb5857e4a4d048c15984c1edcc8ef0c0","name":"Marcin Fabrykowski","image":{"@type":"ImageObject","inLanguage":"pl-PL","@id":"https:\/\/www.24gliwice.pl\/wiadomosci\/wp-content\/uploads\/2025\/11\/zdjecie-moje-marcin-300-96x96.jpg","url":"https:\/\/www.24gliwice.pl\/wiadomosci\/wp-content\/uploads\/2025\/11\/zdjecie-moje-marcin-300-96x96.jpg","contentUrl":"https:\/\/www.24gliwice.pl\/wiadomosci\/wp-content\/uploads\/2025\/11\/zdjecie-moje-marcin-300-96x96.jpg","caption":"Marcin Fabrykowski"},"sameAs":["http:\/\/24gliwice.pl","https:\/\/www.facebook.com\/marcin.fabrykowski"],"url":"https:\/\/www.24gliwice.pl\/wiadomosci\/author\/marcin-fabrykowski\/"}]}},"_links":{"self":[{"href":"https:\/\/www.24gliwice.pl\/wiadomosci\/wp-json\/wp\/v2\/posts\/251411","targetHints":{"allow":["GET"]}}],"collection":[{"href":"https:\/\/www.24gliwice.pl\/wiadomosci\/wp-json\/wp\/v2\/posts"}],"about":[{"href":"https:\/\/www.24gliwice.pl\/wiadomosci\/wp-json\/wp\/v2\/types\/post"}],"author":[{"embeddable":true,"href":"https:\/\/www.24gliwice.pl\/wiadomosci\/wp-json\/wp\/v2\/users\/4"}],"replies":[{"embeddable":true,"href":"https:\/\/www.24gliwice.pl\/wiadomosci\/wp-json\/wp\/v2\/comments?post=251411"}],"version-history":[{"count":0,"href":"https:\/\/www.24gliwice.pl\/wiadomosci\/wp-json\/wp\/v2\/posts\/251411\/revisions"}],"wp:featuredmedia":[{"embeddable":true,"href":"https:\/\/www.24gliwice.pl\/wiadomosci\/wp-json\/wp\/v2\/media\/251415"}],"wp:attachment":[{"href":"https:\/\/www.24gliwice.pl\/wiadomosci\/wp-json\/wp\/v2\/media?parent=251411"}],"wp:term":[{"taxonomy":"category","embeddable":true,"href":"https:\/\/www.24gliwice.pl\/wiadomosci\/wp-json\/wp\/v2\/categories?post=251411"},{"taxonomy":"post_tag","embeddable":true,"href":"https:\/\/www.24gliwice.pl\/wiadomosci\/wp-json\/wp\/v2\/tags?post=251411"}],"curies":[{"name":"wp","href":"https:\/\/api.w.org\/{rel}","templated":true}]}}