{"id":251874,"date":"2025-03-27T09:46:34","date_gmt":"2025-03-27T08:46:34","guid":{"rendered":"https:\/\/www.24gliwice.pl\/wiadomosci\/?p=251874"},"modified":"2025-03-27T03:53:22","modified_gmt":"2025-03-27T02:53:22","slug":"nowa-inwestycja-na-terenie-gliwickiej-oczyszczalni-sciekow-w-przyszlosci-ma-przelozyc-sie-na-mniejsze-rachunki","status":"publish","type":"post","link":"https:\/\/www.24gliwice.pl\/wiadomosci\/nowa-inwestycja-na-terenie-gliwickiej-oczyszczalni-sciekow-w-przyszlosci-ma-przelozyc-sie-na-mniejsze-rachunki\/","title":{"rendered":"Nowa inwestycja na terenie gliwickiej oczyszczalni \u015bciek\u00f3w. &#8220;W przysz\u0142o\u015bci ma prze\u0142o\u017cy\u0107 si\u0119 na mniejsze rachunki&#8221;"},"content":{"rendered":"<div class=\"gliwi-a6-nad-leadem-artykulow gliwi-entity-placement\" id=\"gliwi-1559010045\"><div class=\"gliwi-adlabel\"><span style=\"font-size: 9px\">REKLAMA<\/span><\/div><div id=\"gliwi-1890574843\" style=\"margin-bottom: 25px;margin-left: auto;margin-right: auto;text-align: center;\"><a data-no-instant=\"1\" href=\"https:\/\/dom100.eu\/\" rel=\"noopener\" class=\"a2t-link\" target=\"_blank\" aria-label=\"20260415 DOM100 D\"><img loading=\"lazy\" decoding=\"async\" src=\"https:\/\/www.24gliwice.pl\/wiadomosci\/wp-content\/uploads\/2026\/04\/20260415-DOM100-D.jpg\" alt=\"\"  srcset=\"https:\/\/www.24gliwice.pl\/wiadomosci\/wp-content\/uploads\/2026\/04\/20260415-DOM100-D.jpg 750w, https:\/\/www.24gliwice.pl\/wiadomosci\/wp-content\/uploads\/2026\/04\/20260415-DOM100-D-410x109.jpg 410w\" sizes=\"(max-width: 750px) 100vw, 750px\" class=\"no-lazyload\" width=\"750\" height=\"200\"  style=\"display: inline-block; max-width: 100%; height: auto;\" \/><\/a><\/div><\/div><h2>Do 2028 roku na terenie Centralnej Oczyszczalni \u015aciek\u00f3w w Gliwicach wybudowana zostanie pompa ciep\u0142a. Instalacja ta pozwoli na odzysk ciep\u0142a odpadowego z miejskiej sieci kanalizacyjnej, co ma przyczyni\u0107 si\u0119 do redukcji koszt\u00f3w energetycznych oraz obni\u017cenia emisji CO2.<\/h2>\n<p><!--more--><\/p>\n<p>Inwestycja powstanie dzi\u0119ki zawarciu tr\u00f3jstronnego porozumienie miasta, PEC-u i Przedsi\u0119biorstwa Wodoci\u0105g\u00f3w i Kanalizacji. We wtorek, 25 marca, poinformowano o podpisaniu umowy z konsorcjum firm: Energopomiar Sp. z o.o. w Gliwicach oraz Antea Group Poland, kt\u00f3re b\u0119dzie pe\u0142ni\u0107 rol\u0119 In\u017cyniera Kontraktu. Wykonawcy zostali wybrani w przetargu. Zgodnie z zapowiedzi\u0105 gliwickiej ciep\u0142owni, przygotowania do tej inwestycji lada moment b\u0119d\u0105 mog\u0142y si\u0119 rozpocz\u0105\u0107.  <\/p>\n<p> &#8211; <em>Wy\u0142onienie In\u017cyniera Kontraktu pozwoli nam sprawnie i profesjonalnie zabudowa\u0107 uk\u0142ad pompy ciep\u0142a na Centralnej Oczyszczalni \u015aciek\u00f3w w Gliwicach (PWiK)<\/em> &#8211; m\u00f3wi <strong>Krzysztof Szali\u0144ski,<\/strong> prezes Przedsi\u0119biorstwa Energetyki Cieplnej w Gliwicach. <\/p><div class=\"gliwi-a3-w-tresci-artykulow gliwi-entity-placement\" id=\"gliwi-3375027879\"><div class=\"gliwi-adlabel\"><span style=\"font-size: 9px\">REKLAMA<\/span><\/div><div id=\"gliwi-2083682787\" style=\"margin-bottom: 30px;margin-left: auto;margin-right: auto;text-align: center;\"><a data-no-instant=\"1\" href=\"https:\/\/ogrodyandersa.pl\/\" rel=\"noopener\" class=\"a2t-link\" target=\"_blank\" aria-label=\"20260415 Ogrody Andersa KUP TERAZ D\"><img loading=\"lazy\" decoding=\"async\" src=\"https:\/\/www.24gliwice.pl\/wiadomosci\/wp-content\/uploads\/2026\/04\/20260415-Ogrody-Andersa-KUP-TERAZ-D.jpg\" alt=\"\"  srcset=\"https:\/\/www.24gliwice.pl\/wiadomosci\/wp-content\/uploads\/2026\/04\/20260415-Ogrody-Andersa-KUP-TERAZ-D.jpg 750w, https:\/\/www.24gliwice.pl\/wiadomosci\/wp-content\/uploads\/2026\/04\/20260415-Ogrody-Andersa-KUP-TERAZ-D-410x109.jpg 410w\" sizes=\"(max-width: 750px) 100vw, 750px\" class=\"no-lazyload\" width=\"750\" height=\"200\"  style=\"display: inline-block; max-width: 100%; height: auto;\" \/><\/a><\/div><\/div>\n<blockquote><p><em>Projekt wpisuje si\u0119 w proces dywersyfikacji \u017ar\u00f3de\u0142 ciep\u0142a, kt\u00f3ry w przysz\u0142o\u015bci ma prze\u0142o\u017cy\u0107 si\u0119 na mniejsze rachunki dla mieszka\u0144c\u00f3w i wi\u0119ksze zyski dla \u015brodowiska na skutek ograniczenia emisji CO2<\/em><\/p><\/blockquote>\n<p>&#8211; dodaje Szali\u0144ski. <\/p>\n<p>&#8211; Bardzo si\u0119 cieszymy, \u017ce mo\u017cemy uczestniczy\u0107 w ca\u0142ym cyklu \u017cycia instalacji, kt\u00f3re w gliwickim PEC ju\u017c pracuj\u0105 i b\u0119d\u0105 pracowa\u0107 w przysz\u0142o\u015bci \u2013 od fazy wczesnokoncepcyjnej, a\u017c do samych przetarg\u00f3w i doradztwa przy inwestycjach, kt\u00f3re b\u0119d\u0105 realizowane. Procesami dywersyfikacji i dekarbonizacji w idei zr\u00f3wnowa\u017conego rozwoju zajmujemy si\u0119 bardzo szeroko. Cieszymy si\u0119 na t\u0119 wsp\u00f3\u0142prac\u0119, poniewa\u017c w naszej ocenie planowana instalacja jest jedn\u0105 z najbardziej dojrza\u0142ych \u2013 podkre\u015bla <strong>Tomasz S\u0142upik<\/strong>, prezes Energopomiaru. <\/p>\n<p>&#8211; Jeste\u015bmy bardzo zadowoleni, \u017ce wsp\u00f3lnie z Energopomiarem Gliwice b\u0119dziemy uczestniczy\u0107 w tym przedsi\u0119wzi\u0119ciu jako In\u017cynier Kontraktu. B\u0119dziemy oceniali dokumentacj\u0119 i kontrolowali prawid\u0142owo\u015b\u0107 przebiegu procesu inwestycyjnego. Mamy do\u015bwiadczenia w energetyce, ciep\u0142ownictwie i gazownictwie \u2013 us\u0142ugi in\u017cynieryjne tego rodzaju \u015bwiadczymy ju\u017c od ponad 15 lat \u2013 dodaje <strong>Witold Rusin,<\/strong> dyrektor segmentu energetyki Antea Group.<\/p>\n<h4>Warto wspomnie\u0107, \u017ce przedsi\u0119wzi\u0119cie to jest jednym z wielu przygotowywanych przez PEC-Gliwice, kt\u00f3re maj\u0105 odmieni\u0107 oblicze ciep\u0142ownictwa w naszym mie\u015bcie.<\/h4>\n<p>&#8211; Zaplanowane dzia\u0142ania pomog\u0105 przedsi\u0119biorstwu uzyska\u0107 status EFEKTYWNEGO SYSTEMU CIEP\u0141OWNICZEGO, a w niedalekiej przysz\u0142o\u015bci osi\u0105gni\u0119cie neutralno\u015bci klimatycznej. Zabudowa pompy ciep\u0142a na Centralnej Oczyszczalni \u015aciek\u00f3w Przedsi\u0119biorstwa Wodoci\u0105g\u00f3w i Kanalizacji w Gliwicach to jedna z tych inwestycji, kt\u00f3re zauwa\u017cy\u0142a i doceni\u0142a Komisja Europejska &#8211; podkre\u015bla gliwicka ciep\u0142ownia.<\/p>\n<p>W pierwszej po\u0142owie marca br. prezes PEC Gliwice, wraz z przedstawicielami samorz\u0105du, go\u015bci\u0142 w Brukseli. Gliwice jako jedyne polskie miasto zosta\u0142y docenione za wsp\u00f3\u0142prac\u0119 w ramach sieci 100 Inteligentnych Miast (Intelligent Cities Challenge \u2013 Inicjatywa ICC 2.0). Komisja Europejska nagrodzi\u0142a gliwickie dzia\u0142ania i zwi\u0105zane z nimi zielone porozumienia na rzecz transformacji energetycznej, uznaj\u0105c je za najbardziej znacz\u0105ce i wp\u0142ywowe.<\/p>\n<h4>Park Zielonej Energii to nie wszystko<\/h4>\n<p>W ostatnim czasie rozstrzygni\u0119to dwa zam\u00f3wienia publiczne na inwestycje, kt\u00f3re maj\u0105 by\u0107 realizowane na terenie przy gliwickiej ciep\u0142owni &#8211; chodzi o elementy Parku Zielonej Energii, a dok\u0142adniej o blok parowy z kot\u0142em wielopaliwowym, a tak\u017ce farm\u0119 solarn\u0105. <\/p>\n<blockquote class=\"wp-embedded-content\" data-secret=\"UeJkhcqMv3\"><p><a href=\"https:\/\/www.24gliwice.pl\/wiadomosci\/wielka-gliwicka-inwestycja-przechodzi-do-realizacji-wyloniono-wykonawcow-bloku-parowego-i-farmy-solarnej\/\">Wielka gliwicka inwestycja przechodzi do realizacji. Wy\u0142oniono wykonawc\u00f3w bloku parowego i farmy solarnej<\/a><\/p><\/blockquote>\n<p><iframe loading=\"lazy\" class=\"wp-embedded-content\" sandbox=\"allow-scripts\" security=\"restricted\" style=\"position: absolute; visibility: hidden;\" title=\"&#8222;Wielka gliwicka inwestycja przechodzi do realizacji. Wy\u0142oniono wykonawc\u00f3w bloku parowego i farmy solarnej&#8221; &#8212; 24GLIWICE - Portal Gliwice | codziennie nowe informacje\" src=\"https:\/\/www.24gliwice.pl\/wiadomosci\/wielka-gliwicka-inwestycja-przechodzi-do-realizacji-wyloniono-wykonawcow-bloku-parowego-i-farmy-solarnej\/embed\/#?secret=eFV9dJjcWL#?secret=UeJkhcqMv3\" data-secret=\"UeJkhcqMv3\" width=\"600\" height=\"338\" frameborder=\"0\" marginwidth=\"0\" marginheight=\"0\" scrolling=\"no\"><\/iframe><\/p>\n<p>To jednak nie koniec, bo w porozumieniu ze \u015al\u0105sk\u0105 Sieci\u0105 Metropolitaln\u0105 planowane jest wykorzystanie nadmiaru energii elektrycznej z paneli fotowoltaicznych zainstalowanych na dachach Centrum Przesiadkowego do produkcji energii cieplnej, a tak\u017ce odzysk ciep\u0142a odpadowego z budowanego w rejonie gliwickiego lotniska budynku Data Center \u015aSM. Opr\u00f3cz tego PEC zobowi\u0105za\u0142 si\u0119 do regulacji \u0142\u0105cznie 180 ulokowanych w miejskich budynkach w\u0119z\u0142\u00f3w cieplnych, co powinno doprowadzi\u0107 do  usprawnieniu wykorzystania energii cieplnej. <\/p>\n<p>(\u017cms)\/mat. PEC Gliwice<br \/>\nfot. MOSQUIDRON<\/p>\n<div class=\"gliwi-a5-na-koncu-artykulow gliwi-entity-placement\" id=\"gliwi-1139994727\"><div class=\"gliwi-adlabel\"><span style=\"font-size: 9px\">REKLAMA<\/span><\/div><div id=\"gliwi-934281311\" style=\"margin-left: auto;margin-right: auto;text-align: center;\"><a data-no-instant=\"1\" href=\"https:\/\/www.jasek.pl\/\" rel=\"noopener\" class=\"a2t-link\" target=\"_blank\" aria-label=\"20200401-jasek 600\"><img loading=\"lazy\" decoding=\"async\" src=\"https:\/\/www.24gliwice.pl\/wiadomosci\/wp-content\/uploads\/2020\/04\/20200401-jasek-600.jpg\" alt=\"\"  srcset=\"https:\/\/www.24gliwice.pl\/wiadomosci\/wp-content\/uploads\/2020\/04\/20200401-jasek-600.jpg 600w, https:\/\/www.24gliwice.pl\/wiadomosci\/wp-content\/uploads\/2020\/04\/20200401-jasek-600-410x109.jpg 410w\" sizes=\"(max-width: 600px) 100vw, 600px\" class=\"no-lazyload\" width=\"600\" height=\"160\"  style=\"display: inline-block; max-width: 100%; height: auto;\" \/><\/a><\/div><\/div>","protected":false},"excerpt":{"rendered":"<p>Do 2028 roku na terenie Centralnej Oczyszczalni \u015aciek\u00f3w w Gliwicach wybudowana zostanie pompa ciep\u0142a. Instalacja ta pozwoli na odzysk ciep\u0142a odpadowego z miejskiej sieci kanalizacyjnej, co ma przyczyni\u0107 si\u0119 do redukcji koszt\u00f3w energetycznych oraz obni\u017cenia emisji CO2.<\/p>\n","protected":false},"author":15,"featured_media":214701,"comment_status":"open","ping_status":"closed","sticky":false,"template":"","format":"standard","meta":{"_monsterinsights_skip_tracking":false,"_monsterinsights_sitenote_active":false,"_monsterinsights_sitenote_note":"","_monsterinsights_sitenote_category":0,"footnotes":"","_links_to":"","_links_to_target":""},"categories":[3,1],"tags":[24272,13478],"class_list":["post-251874","post","type-post","status-publish","format-standard","has-post-thumbnail","hentry","category-gliwice","category-wszystko","tag-oczyszczalnia","tag-pec"],"yoast_head":"<!-- This site is optimized with the Yoast SEO plugin v27.5 - https:\/\/yoast.com\/product\/yoast-seo-wordpress\/ -->\n<title>Nowa inwestycja na terenie gliwickiej oczyszczalni \u015bciek\u00f3w. &quot;W przysz\u0142o\u015bci ma prze\u0142o\u017cy\u0107 si\u0119 na mniejsze rachunki&quot; - 24GLIWICE - Portal Gliwice | codziennie nowe informacje<\/title>\n<meta name=\"description\" content=\"Na terenie Oczyszczalni \u015aciek\u00f3w w Gliwicach zabudowana zostanie pompa ciep\u0142a. Pozwoli na odzyskiwanie ciep\u0142a odpadowego\" \/>\n<meta name=\"robots\" content=\"index, follow, max-snippet:-1, max-image-preview:large, max-video-preview:-1\" \/>\n<link rel=\"canonical\" href=\"https:\/\/www.24gliwice.pl\/wiadomosci\/nowa-inwestycja-na-terenie-gliwickiej-oczyszczalni-sciekow-w-przyszlosci-ma-przelozyc-sie-na-mniejsze-rachunki\/\" \/>\n<meta property=\"og:locale\" content=\"pl_PL\" \/>\n<meta property=\"og:type\" content=\"article\" \/>\n<meta property=\"og:title\" content=\"Nowa inwestycja na terenie gliwickiej oczyszczalni \u015bciek\u00f3w. &quot;W przysz\u0142o\u015bci ma prze\u0142o\u017cy\u0107 si\u0119 na mniejsze rachunki&quot; - 24GLIWICE - Portal Gliwice | codziennie nowe informacje\" \/>\n<meta property=\"og:description\" content=\"Na terenie Oczyszczalni \u015aciek\u00f3w w Gliwicach zabudowana zostanie pompa ciep\u0142a. Pozwoli na odzyskiwanie ciep\u0142a odpadowego\" \/>\n<meta property=\"og:url\" content=\"https:\/\/www.24gliwice.pl\/wiadomosci\/nowa-inwestycja-na-terenie-gliwickiej-oczyszczalni-sciekow-w-przyszlosci-ma-przelozyc-sie-na-mniejsze-rachunki\/\" \/>\n<meta property=\"og:site_name\" content=\"24GLIWICE - Portal Gliwice | codziennie nowe informacje\" \/>\n<meta property=\"article:publisher\" content=\"https:\/\/www.facebook.com\/24gliwice\" \/>\n<meta property=\"article:published_time\" content=\"2025-03-27T08:46:34+00:00\" \/>\n<meta property=\"og:image\" content=\"https:\/\/www.24gliwice.pl\/wiadomosci\/wp-content\/uploads\/2023\/05\/oczyszczalnia.jpg\" \/>\n\t<meta property=\"og:image:width\" content=\"810\" \/>\n\t<meta property=\"og:image:height\" content=\"456\" \/>\n\t<meta property=\"og:image:type\" content=\"image\/jpeg\" \/>\n<meta name=\"author\" content=\"\u017baneta Mrozek-Siewierska\" \/>\n<meta name=\"twitter:card\" content=\"summary_large_image\" \/>\n<meta name=\"twitter:creator\" content=\"@24gliwice\" \/>\n<meta name=\"twitter:site\" content=\"@24gliwice\" \/>\n<meta name=\"twitter:label1\" content=\"Napisane przez\" \/>\n\t<meta name=\"twitter:data1\" content=\"\u017baneta Mrozek-Siewierska\" \/>\n\t<meta name=\"twitter:label2\" content=\"Szacowany czas czytania\" \/>\n\t<meta name=\"twitter:data2\" content=\"4 minuty\" \/>\n<script type=\"application\/ld+json\" class=\"yoast-schema-graph\">{\"@context\":\"https:\\\/\\\/schema.org\",\"@graph\":[{\"@type\":\"Article\",\"@id\":\"https:\\\/\\\/www.24gliwice.pl\\\/wiadomosci\\\/nowa-inwestycja-na-terenie-gliwickiej-oczyszczalni-sciekow-w-przyszlosci-ma-przelozyc-sie-na-mniejsze-rachunki\\\/#article\",\"isPartOf\":{\"@id\":\"https:\\\/\\\/www.24gliwice.pl\\\/wiadomosci\\\/nowa-inwestycja-na-terenie-gliwickiej-oczyszczalni-sciekow-w-przyszlosci-ma-przelozyc-sie-na-mniejsze-rachunki\\\/\"},\"author\":{\"name\":\"\u017baneta Mrozek-Siewierska\",\"@id\":\"https:\\\/\\\/www.24gliwice.pl\\\/wiadomosci\\\/#\\\/schema\\\/person\\\/e42c650edd7f2fa332be3811fb166b6e\"},\"headline\":\"Nowa inwestycja na terenie gliwickiej oczyszczalni \u015bciek\u00f3w. &#8220;W przysz\u0142o\u015bci ma prze\u0142o\u017cy\u0107 si\u0119 na mniejsze rachunki&#8221;\",\"datePublished\":\"2025-03-27T08:46:34+00:00\",\"mainEntityOfPage\":{\"@id\":\"https:\\\/\\\/www.24gliwice.pl\\\/wiadomosci\\\/nowa-inwestycja-na-terenie-gliwickiej-oczyszczalni-sciekow-w-przyszlosci-ma-przelozyc-sie-na-mniejsze-rachunki\\\/\"},\"wordCount\":652,\"commentCount\":0,\"publisher\":{\"@id\":\"https:\\\/\\\/www.24gliwice.pl\\\/wiadomosci\\\/#organization\"},\"image\":{\"@id\":\"https:\\\/\\\/www.24gliwice.pl\\\/wiadomosci\\\/nowa-inwestycja-na-terenie-gliwickiej-oczyszczalni-sciekow-w-przyszlosci-ma-przelozyc-sie-na-mniejsze-rachunki\\\/#primaryimage\"},\"thumbnailUrl\":\"https:\\\/\\\/www.24gliwice.pl\\\/wiadomosci\\\/wp-content\\\/uploads\\\/2023\\\/05\\\/oczyszczalnia.jpg\",\"keywords\":[\"OCZYSZCZALNIA\",\"pec\"],\"articleSection\":[\"Gliwice\",\"Najnowsze wiadomo\u015bci\"],\"inLanguage\":\"pl-PL\",\"potentialAction\":[{\"@type\":\"CommentAction\",\"name\":\"Comment\",\"target\":[\"https:\\\/\\\/www.24gliwice.pl\\\/wiadomosci\\\/nowa-inwestycja-na-terenie-gliwickiej-oczyszczalni-sciekow-w-przyszlosci-ma-przelozyc-sie-na-mniejsze-rachunki\\\/#respond\"]}]},{\"@type\":\"WebPage\",\"@id\":\"https:\\\/\\\/www.24gliwice.pl\\\/wiadomosci\\\/nowa-inwestycja-na-terenie-gliwickiej-oczyszczalni-sciekow-w-przyszlosci-ma-przelozyc-sie-na-mniejsze-rachunki\\\/\",\"url\":\"https:\\\/\\\/www.24gliwice.pl\\\/wiadomosci\\\/nowa-inwestycja-na-terenie-gliwickiej-oczyszczalni-sciekow-w-przyszlosci-ma-przelozyc-sie-na-mniejsze-rachunki\\\/\",\"name\":\"Nowa inwestycja na terenie gliwickiej oczyszczalni \u015bciek\u00f3w. \\\"W przysz\u0142o\u015bci ma prze\u0142o\u017cy\u0107 si\u0119 na mniejsze rachunki\\\" - 24GLIWICE - Portal Gliwice | codziennie nowe informacje\",\"isPartOf\":{\"@id\":\"https:\\\/\\\/www.24gliwice.pl\\\/wiadomosci\\\/#website\"},\"primaryImageOfPage\":{\"@id\":\"https:\\\/\\\/www.24gliwice.pl\\\/wiadomosci\\\/nowa-inwestycja-na-terenie-gliwickiej-oczyszczalni-sciekow-w-przyszlosci-ma-przelozyc-sie-na-mniejsze-rachunki\\\/#primaryimage\"},\"image\":{\"@id\":\"https:\\\/\\\/www.24gliwice.pl\\\/wiadomosci\\\/nowa-inwestycja-na-terenie-gliwickiej-oczyszczalni-sciekow-w-przyszlosci-ma-przelozyc-sie-na-mniejsze-rachunki\\\/#primaryimage\"},\"thumbnailUrl\":\"https:\\\/\\\/www.24gliwice.pl\\\/wiadomosci\\\/wp-content\\\/uploads\\\/2023\\\/05\\\/oczyszczalnia.jpg\",\"datePublished\":\"2025-03-27T08:46:34+00:00\",\"description\":\"Na terenie Oczyszczalni \u015aciek\u00f3w w Gliwicach zabudowana zostanie pompa ciep\u0142a. Pozwoli na odzyskiwanie ciep\u0142a odpadowego\",\"breadcrumb\":{\"@id\":\"https:\\\/\\\/www.24gliwice.pl\\\/wiadomosci\\\/nowa-inwestycja-na-terenie-gliwickiej-oczyszczalni-sciekow-w-przyszlosci-ma-przelozyc-sie-na-mniejsze-rachunki\\\/#breadcrumb\"},\"inLanguage\":\"pl-PL\",\"potentialAction\":[{\"@type\":\"ReadAction\",\"target\":[\"https:\\\/\\\/www.24gliwice.pl\\\/wiadomosci\\\/nowa-inwestycja-na-terenie-gliwickiej-oczyszczalni-sciekow-w-przyszlosci-ma-przelozyc-sie-na-mniejsze-rachunki\\\/\"]}]},{\"@type\":\"ImageObject\",\"inLanguage\":\"pl-PL\",\"@id\":\"https:\\\/\\\/www.24gliwice.pl\\\/wiadomosci\\\/nowa-inwestycja-na-terenie-gliwickiej-oczyszczalni-sciekow-w-przyszlosci-ma-przelozyc-sie-na-mniejsze-rachunki\\\/#primaryimage\",\"url\":\"https:\\\/\\\/www.24gliwice.pl\\\/wiadomosci\\\/wp-content\\\/uploads\\\/2023\\\/05\\\/oczyszczalnia.jpg\",\"contentUrl\":\"https:\\\/\\\/www.24gliwice.pl\\\/wiadomosci\\\/wp-content\\\/uploads\\\/2023\\\/05\\\/oczyszczalnia.jpg\",\"width\":810,\"height\":456},{\"@type\":\"BreadcrumbList\",\"@id\":\"https:\\\/\\\/www.24gliwice.pl\\\/wiadomosci\\\/nowa-inwestycja-na-terenie-gliwickiej-oczyszczalni-sciekow-w-przyszlosci-ma-przelozyc-sie-na-mniejsze-rachunki\\\/#breadcrumb\",\"itemListElement\":[{\"@type\":\"ListItem\",\"position\":1,\"name\":\"Strona g\u0142\u00f3wna\",\"item\":\"https:\\\/\\\/www.24gliwice.pl\\\/wiadomosci\\\/\"},{\"@type\":\"ListItem\",\"position\":2,\"name\":\"Nowa inwestycja na terenie gliwickiej oczyszczalni \u015bciek\u00f3w. &#8220;W przysz\u0142o\u015bci ma prze\u0142o\u017cy\u0107 si\u0119 na mniejsze rachunki&#8221;\"}]},{\"@type\":\"WebSite\",\"@id\":\"https:\\\/\\\/www.24gliwice.pl\\\/wiadomosci\\\/#website\",\"url\":\"https:\\\/\\\/www.24gliwice.pl\\\/wiadomosci\\\/\",\"name\":\"24GLIWICE - Portal Gliwice | codziennie nowe wiadomo\u015bci\",\"description\":\"Portal Miejski Gliwice\",\"publisher\":{\"@id\":\"https:\\\/\\\/www.24gliwice.pl\\\/wiadomosci\\\/#organization\"},\"potentialAction\":[{\"@type\":\"SearchAction\",\"target\":{\"@type\":\"EntryPoint\",\"urlTemplate\":\"https:\\\/\\\/www.24gliwice.pl\\\/wiadomosci\\\/?s={search_term_string}\"},\"query-input\":{\"@type\":\"PropertyValueSpecification\",\"valueRequired\":true,\"valueName\":\"search_term_string\"}}],\"inLanguage\":\"pl-PL\"},{\"@type\":\"Organization\",\"@id\":\"https:\\\/\\\/www.24gliwice.pl\\\/wiadomosci\\\/#organization\",\"name\":\"24gliwice\",\"url\":\"https:\\\/\\\/www.24gliwice.pl\\\/wiadomosci\\\/\",\"logo\":{\"@type\":\"ImageObject\",\"inLanguage\":\"pl-PL\",\"@id\":\"https:\\\/\\\/www.24gliwice.pl\\\/wiadomosci\\\/#\\\/schema\\\/logo\\\/image\\\/\",\"url\":\"https:\\\/\\\/www.24gliwice.pl\\\/wiadomosci\\\/wp-content\\\/uploads\\\/2024\\\/10\\\/24gliwice-logo-696.jpg\",\"contentUrl\":\"https:\\\/\\\/www.24gliwice.pl\\\/wiadomosci\\\/wp-content\\\/uploads\\\/2024\\\/10\\\/24gliwice-logo-696.jpg\",\"width\":696,\"height\":696,\"caption\":\"24gliwice\"},\"image\":{\"@id\":\"https:\\\/\\\/www.24gliwice.pl\\\/wiadomosci\\\/#\\\/schema\\\/logo\\\/image\\\/\"},\"sameAs\":[\"https:\\\/\\\/www.facebook.com\\\/24gliwice\",\"https:\\\/\\\/x.com\\\/24gliwice\",\"https:\\\/\\\/www.youtube.com\\\/@24gliwice\"]},{\"@type\":\"Person\",\"@id\":\"https:\\\/\\\/www.24gliwice.pl\\\/wiadomosci\\\/#\\\/schema\\\/person\\\/e42c650edd7f2fa332be3811fb166b6e\",\"name\":\"\u017baneta Mrozek-Siewierska\",\"image\":{\"@type\":\"ImageObject\",\"inLanguage\":\"pl-PL\",\"@id\":\"https:\\\/\\\/secure.gravatar.com\\\/avatar\\\/1881429e9c64597c77ad7aef2d0a19be69a3253e57534d16aa15bf3a4d34a0a3?s=96&d=mm&r=g\",\"url\":\"https:\\\/\\\/secure.gravatar.com\\\/avatar\\\/1881429e9c64597c77ad7aef2d0a19be69a3253e57534d16aa15bf3a4d34a0a3?s=96&d=mm&r=g\",\"contentUrl\":\"https:\\\/\\\/secure.gravatar.com\\\/avatar\\\/1881429e9c64597c77ad7aef2d0a19be69a3253e57534d16aa15bf3a4d34a0a3?s=96&d=mm&r=g\",\"caption\":\"\u017baneta Mrozek-Siewierska\"},\"url\":\"https:\\\/\\\/www.24gliwice.pl\\\/wiadomosci\\\/author\\\/zms\\\/\"}]}<\/script>\n<!-- \/ Yoast SEO plugin. -->","yoast_head_json":{"title":"Nowa inwestycja na terenie gliwickiej oczyszczalni \u015bciek\u00f3w. \"W przysz\u0142o\u015bci ma prze\u0142o\u017cy\u0107 si\u0119 na mniejsze rachunki\" - 24GLIWICE - Portal Gliwice | codziennie nowe informacje","description":"Na terenie Oczyszczalni \u015aciek\u00f3w w Gliwicach zabudowana zostanie pompa ciep\u0142a. Pozwoli na odzyskiwanie ciep\u0142a odpadowego","robots":{"index":"index","follow":"follow","max-snippet":"max-snippet:-1","max-image-preview":"max-image-preview:large","max-video-preview":"max-video-preview:-1"},"canonical":"https:\/\/www.24gliwice.pl\/wiadomosci\/nowa-inwestycja-na-terenie-gliwickiej-oczyszczalni-sciekow-w-przyszlosci-ma-przelozyc-sie-na-mniejsze-rachunki\/","og_locale":"pl_PL","og_type":"article","og_title":"Nowa inwestycja na terenie gliwickiej oczyszczalni \u015bciek\u00f3w. \"W przysz\u0142o\u015bci ma prze\u0142o\u017cy\u0107 si\u0119 na mniejsze rachunki\" - 24GLIWICE - Portal Gliwice | codziennie nowe informacje","og_description":"Na terenie Oczyszczalni \u015aciek\u00f3w w Gliwicach zabudowana zostanie pompa ciep\u0142a. Pozwoli na odzyskiwanie ciep\u0142a odpadowego","og_url":"https:\/\/www.24gliwice.pl\/wiadomosci\/nowa-inwestycja-na-terenie-gliwickiej-oczyszczalni-sciekow-w-przyszlosci-ma-przelozyc-sie-na-mniejsze-rachunki\/","og_site_name":"24GLIWICE - Portal Gliwice | codziennie nowe informacje","article_publisher":"https:\/\/www.facebook.com\/24gliwice","article_published_time":"2025-03-27T08:46:34+00:00","og_image":[{"width":810,"height":456,"url":"https:\/\/www.24gliwice.pl\/wiadomosci\/wp-content\/uploads\/2023\/05\/oczyszczalnia.jpg","type":"image\/jpeg"}],"author":"\u017baneta Mrozek-Siewierska","twitter_card":"summary_large_image","twitter_creator":"@24gliwice","twitter_site":"@24gliwice","twitter_misc":{"Napisane przez":"\u017baneta Mrozek-Siewierska","Szacowany czas czytania":"4 minuty"},"schema":{"@context":"https:\/\/schema.org","@graph":[{"@type":"Article","@id":"https:\/\/www.24gliwice.pl\/wiadomosci\/nowa-inwestycja-na-terenie-gliwickiej-oczyszczalni-sciekow-w-przyszlosci-ma-przelozyc-sie-na-mniejsze-rachunki\/#article","isPartOf":{"@id":"https:\/\/www.24gliwice.pl\/wiadomosci\/nowa-inwestycja-na-terenie-gliwickiej-oczyszczalni-sciekow-w-przyszlosci-ma-przelozyc-sie-na-mniejsze-rachunki\/"},"author":{"name":"\u017baneta Mrozek-Siewierska","@id":"https:\/\/www.24gliwice.pl\/wiadomosci\/#\/schema\/person\/e42c650edd7f2fa332be3811fb166b6e"},"headline":"Nowa inwestycja na terenie gliwickiej oczyszczalni \u015bciek\u00f3w. &#8220;W przysz\u0142o\u015bci ma prze\u0142o\u017cy\u0107 si\u0119 na mniejsze rachunki&#8221;","datePublished":"2025-03-27T08:46:34+00:00","mainEntityOfPage":{"@id":"https:\/\/www.24gliwice.pl\/wiadomosci\/nowa-inwestycja-na-terenie-gliwickiej-oczyszczalni-sciekow-w-przyszlosci-ma-przelozyc-sie-na-mniejsze-rachunki\/"},"wordCount":652,"commentCount":0,"publisher":{"@id":"https:\/\/www.24gliwice.pl\/wiadomosci\/#organization"},"image":{"@id":"https:\/\/www.24gliwice.pl\/wiadomosci\/nowa-inwestycja-na-terenie-gliwickiej-oczyszczalni-sciekow-w-przyszlosci-ma-przelozyc-sie-na-mniejsze-rachunki\/#primaryimage"},"thumbnailUrl":"https:\/\/www.24gliwice.pl\/wiadomosci\/wp-content\/uploads\/2023\/05\/oczyszczalnia.jpg","keywords":["OCZYSZCZALNIA","pec"],"articleSection":["Gliwice","Najnowsze wiadomo\u015bci"],"inLanguage":"pl-PL","potentialAction":[{"@type":"CommentAction","name":"Comment","target":["https:\/\/www.24gliwice.pl\/wiadomosci\/nowa-inwestycja-na-terenie-gliwickiej-oczyszczalni-sciekow-w-przyszlosci-ma-przelozyc-sie-na-mniejsze-rachunki\/#respond"]}]},{"@type":"WebPage","@id":"https:\/\/www.24gliwice.pl\/wiadomosci\/nowa-inwestycja-na-terenie-gliwickiej-oczyszczalni-sciekow-w-przyszlosci-ma-przelozyc-sie-na-mniejsze-rachunki\/","url":"https:\/\/www.24gliwice.pl\/wiadomosci\/nowa-inwestycja-na-terenie-gliwickiej-oczyszczalni-sciekow-w-przyszlosci-ma-przelozyc-sie-na-mniejsze-rachunki\/","name":"Nowa inwestycja na terenie gliwickiej oczyszczalni \u015bciek\u00f3w. \"W przysz\u0142o\u015bci ma prze\u0142o\u017cy\u0107 si\u0119 na mniejsze rachunki\" - 24GLIWICE - Portal Gliwice | codziennie nowe informacje","isPartOf":{"@id":"https:\/\/www.24gliwice.pl\/wiadomosci\/#website"},"primaryImageOfPage":{"@id":"https:\/\/www.24gliwice.pl\/wiadomosci\/nowa-inwestycja-na-terenie-gliwickiej-oczyszczalni-sciekow-w-przyszlosci-ma-przelozyc-sie-na-mniejsze-rachunki\/#primaryimage"},"image":{"@id":"https:\/\/www.24gliwice.pl\/wiadomosci\/nowa-inwestycja-na-terenie-gliwickiej-oczyszczalni-sciekow-w-przyszlosci-ma-przelozyc-sie-na-mniejsze-rachunki\/#primaryimage"},"thumbnailUrl":"https:\/\/www.24gliwice.pl\/wiadomosci\/wp-content\/uploads\/2023\/05\/oczyszczalnia.jpg","datePublished":"2025-03-27T08:46:34+00:00","description":"Na terenie Oczyszczalni \u015aciek\u00f3w w Gliwicach zabudowana zostanie pompa ciep\u0142a. Pozwoli na odzyskiwanie ciep\u0142a odpadowego","breadcrumb":{"@id":"https:\/\/www.24gliwice.pl\/wiadomosci\/nowa-inwestycja-na-terenie-gliwickiej-oczyszczalni-sciekow-w-przyszlosci-ma-przelozyc-sie-na-mniejsze-rachunki\/#breadcrumb"},"inLanguage":"pl-PL","potentialAction":[{"@type":"ReadAction","target":["https:\/\/www.24gliwice.pl\/wiadomosci\/nowa-inwestycja-na-terenie-gliwickiej-oczyszczalni-sciekow-w-przyszlosci-ma-przelozyc-sie-na-mniejsze-rachunki\/"]}]},{"@type":"ImageObject","inLanguage":"pl-PL","@id":"https:\/\/www.24gliwice.pl\/wiadomosci\/nowa-inwestycja-na-terenie-gliwickiej-oczyszczalni-sciekow-w-przyszlosci-ma-przelozyc-sie-na-mniejsze-rachunki\/#primaryimage","url":"https:\/\/www.24gliwice.pl\/wiadomosci\/wp-content\/uploads\/2023\/05\/oczyszczalnia.jpg","contentUrl":"https:\/\/www.24gliwice.pl\/wiadomosci\/wp-content\/uploads\/2023\/05\/oczyszczalnia.jpg","width":810,"height":456},{"@type":"BreadcrumbList","@id":"https:\/\/www.24gliwice.pl\/wiadomosci\/nowa-inwestycja-na-terenie-gliwickiej-oczyszczalni-sciekow-w-przyszlosci-ma-przelozyc-sie-na-mniejsze-rachunki\/#breadcrumb","itemListElement":[{"@type":"ListItem","position":1,"name":"Strona g\u0142\u00f3wna","item":"https:\/\/www.24gliwice.pl\/wiadomosci\/"},{"@type":"ListItem","position":2,"name":"Nowa inwestycja na terenie gliwickiej oczyszczalni \u015bciek\u00f3w. &#8220;W przysz\u0142o\u015bci ma prze\u0142o\u017cy\u0107 si\u0119 na mniejsze rachunki&#8221;"}]},{"@type":"WebSite","@id":"https:\/\/www.24gliwice.pl\/wiadomosci\/#website","url":"https:\/\/www.24gliwice.pl\/wiadomosci\/","name":"24GLIWICE - Portal Gliwice | codziennie nowe wiadomo\u015bci","description":"Portal Miejski Gliwice","publisher":{"@id":"https:\/\/www.24gliwice.pl\/wiadomosci\/#organization"},"potentialAction":[{"@type":"SearchAction","target":{"@type":"EntryPoint","urlTemplate":"https:\/\/www.24gliwice.pl\/wiadomosci\/?s={search_term_string}"},"query-input":{"@type":"PropertyValueSpecification","valueRequired":true,"valueName":"search_term_string"}}],"inLanguage":"pl-PL"},{"@type":"Organization","@id":"https:\/\/www.24gliwice.pl\/wiadomosci\/#organization","name":"24gliwice","url":"https:\/\/www.24gliwice.pl\/wiadomosci\/","logo":{"@type":"ImageObject","inLanguage":"pl-PL","@id":"https:\/\/www.24gliwice.pl\/wiadomosci\/#\/schema\/logo\/image\/","url":"https:\/\/www.24gliwice.pl\/wiadomosci\/wp-content\/uploads\/2024\/10\/24gliwice-logo-696.jpg","contentUrl":"https:\/\/www.24gliwice.pl\/wiadomosci\/wp-content\/uploads\/2024\/10\/24gliwice-logo-696.jpg","width":696,"height":696,"caption":"24gliwice"},"image":{"@id":"https:\/\/www.24gliwice.pl\/wiadomosci\/#\/schema\/logo\/image\/"},"sameAs":["https:\/\/www.facebook.com\/24gliwice","https:\/\/x.com\/24gliwice","https:\/\/www.youtube.com\/@24gliwice"]},{"@type":"Person","@id":"https:\/\/www.24gliwice.pl\/wiadomosci\/#\/schema\/person\/e42c650edd7f2fa332be3811fb166b6e","name":"\u017baneta Mrozek-Siewierska","image":{"@type":"ImageObject","inLanguage":"pl-PL","@id":"https:\/\/secure.gravatar.com\/avatar\/1881429e9c64597c77ad7aef2d0a19be69a3253e57534d16aa15bf3a4d34a0a3?s=96&d=mm&r=g","url":"https:\/\/secure.gravatar.com\/avatar\/1881429e9c64597c77ad7aef2d0a19be69a3253e57534d16aa15bf3a4d34a0a3?s=96&d=mm&r=g","contentUrl":"https:\/\/secure.gravatar.com\/avatar\/1881429e9c64597c77ad7aef2d0a19be69a3253e57534d16aa15bf3a4d34a0a3?s=96&d=mm&r=g","caption":"\u017baneta Mrozek-Siewierska"},"url":"https:\/\/www.24gliwice.pl\/wiadomosci\/author\/zms\/"}]}},"_links":{"self":[{"href":"https:\/\/www.24gliwice.pl\/wiadomosci\/wp-json\/wp\/v2\/posts\/251874","targetHints":{"allow":["GET"]}}],"collection":[{"href":"https:\/\/www.24gliwice.pl\/wiadomosci\/wp-json\/wp\/v2\/posts"}],"about":[{"href":"https:\/\/www.24gliwice.pl\/wiadomosci\/wp-json\/wp\/v2\/types\/post"}],"author":[{"embeddable":true,"href":"https:\/\/www.24gliwice.pl\/wiadomosci\/wp-json\/wp\/v2\/users\/15"}],"replies":[{"embeddable":true,"href":"https:\/\/www.24gliwice.pl\/wiadomosci\/wp-json\/wp\/v2\/comments?post=251874"}],"version-history":[{"count":0,"href":"https:\/\/www.24gliwice.pl\/wiadomosci\/wp-json\/wp\/v2\/posts\/251874\/revisions"}],"wp:featuredmedia":[{"embeddable":true,"href":"https:\/\/www.24gliwice.pl\/wiadomosci\/wp-json\/wp\/v2\/media\/214701"}],"wp:attachment":[{"href":"https:\/\/www.24gliwice.pl\/wiadomosci\/wp-json\/wp\/v2\/media?parent=251874"}],"wp:term":[{"taxonomy":"category","embeddable":true,"href":"https:\/\/www.24gliwice.pl\/wiadomosci\/wp-json\/wp\/v2\/categories?post=251874"},{"taxonomy":"post_tag","embeddable":true,"href":"https:\/\/www.24gliwice.pl\/wiadomosci\/wp-json\/wp\/v2\/tags?post=251874"}],"curies":[{"name":"wp","href":"https:\/\/api.w.org\/{rel}","templated":true}]}}