{"id":252338,"date":"2025-04-03T23:59:52","date_gmt":"2025-04-03T21:59:52","guid":{"rendered":"https:\/\/www.24gliwice.pl\/wiadomosci\/?p=252338"},"modified":"2025-04-09T02:18:14","modified_gmt":"2025-04-09T00:18:14","slug":"dzwieki-miasta-cykl-spacerow-z-wystepami-chorow-spacer-i","status":"publish","type":"post","link":"https:\/\/www.24gliwice.pl\/wiadomosci\/dzwieki-miasta-cykl-spacerow-z-wystepami-chorow-spacer-i\/","title":{"rendered":"D\u017awi\u0119ki miasta. Cykl spacer\u00f3w z wyst\u0119pami ch\u00f3r\u00f3w. Spacer I"},"content":{"rendered":"<h2>\u201eD\u017awi\u0119ki miasta\u201d to innowacyjny projekt kulturalny, kt\u00f3ry o\u017cywia histori\u0119 i dziedzictwo Gliwic. Podczas pi\u0119ciu spacer\u00f3w uczestnicy poznaj\u0105 histori\u0119 oraz tradycje r\u00f3\u017cnych spo\u0142eczno\u015bci zamieszkuj\u0105cych miasto, takich jak Niemcy, \u017bydzi, Ormianie, Polacy i \u015al\u0105zacy. Cz\u0119\u015bci\u0105 spacer\u00f3w s\u0105 kameralne wyst\u0119py lokalnych ch\u00f3r\u00f3w.<\/h2>\n<p>&nbsp;<\/p>\n<h3><strong>Spacer I | OSTROPA \u2013 Niemieckie Dziedzictwo<\/strong><\/h3>\n<p><strong>Przewodnik:<\/strong>\u00a0Kamil Iwanicki<br \/>\n<strong>Zapisy na spacer:\u00a0<a role=\"link\" href=\"mailto:projekty@ckvictoria.pl\">projekty@ckvictoria.pl<\/a><\/strong><br \/>\n&nbsp;<\/p>\n<p>W tym tygodniu oddalimy si\u0119 od centrum Gliwic i wybierzemy do Ostropy \u2013 dawnej podmiejskiej wsi o bogatej historii. Przez wieki by\u0142a ona r\u00f3\u017cnie nazywana(Utropa, Roztropa, Stroppendorf), ale jej pocz\u0105tki si\u0119gaj\u0105 XIII wieku, gdy zosta\u0142a lokowana na prawie niemieckim ju\u017c w 1286 roku. Jej dzieje naznaczone by\u0142y trudnymi wydarzeniami: wojnami, zarazami i po\u017carami, w tym tragicznym spaleniem ko\u015bcio\u0142a przez Szwed\u00f3w w 1643 roku.<\/p>\n<p>Podczas spaceru zg\u0142\u0119bimy lokalne dziedzictwo Gliwic na przyk\u0142adzie Ostropy, poznaj\u0105c histori\u0119 miejscowo\u015bci, codzienne \u017cycie dawnych mieszka\u0144c\u00f3w, ich tradycje, a w szczeg\u00f3lno\u015bci s\u0142ynny zwyczaj procesji konnych w Poniedzia\u0142ek Wielkanocny oraz wyj\u0105tkow\u0105 architektur\u0119 dzielnicy.<\/p>\n<p><strong>Fina\u0142owy koncert ch\u00f3ru Heimat<\/strong>\u00a0\u2013 spacer zako\u0144czy si\u0119 koncertem w Ko\u015bciele \u015bw. Jerzego. Ch\u00f3r Heimat wykona pie\u015bni o ma\u0142ej ojczy\u017anie (\u201eHeimat\u201d), nawi\u0105zuj\u0105c do znaczenia ko\u015bcio\u0142a dla niemieckiej spo\u0142eczno\u015bci Gliwic.<\/p>\n<p><strong>5 kwietnia | godz. 10:00<br \/>\nMiejsce wydarzenia<br \/>\nStart: przystanek Ostropa Cegielnia<\/strong><\/p>\n<hr \/>\n<p><strong>Dofinansowano ze \u015brodk\u00f3w Ministra Kultury i Dziedzictwa Narodowego w ramach programu dotacyjnego SYNERGIE<\/strong><\/p>\n<p>Organizacja: Centrum Kultury Victoria<br \/>\nPartnerzy: Fundacja Ch\u00f3rtownie., Kolidaly Institut Wien<\/p>\n<p>(ckv)<\/p>\n","protected":false},"excerpt":{"rendered":"<p>\u201eD\u017awi\u0119ki miasta\u201d to innowacyjny projekt kulturalny, kt\u00f3ry o\u017cywia histori\u0119 i dziedzictwo Gliwic. Podczas pi\u0119ciu spacer\u00f3w uczestnicy poznaj\u0105 histori\u0119 oraz tradycje r\u00f3\u017cnych spo\u0142eczno\u015bci zamieszkuj\u0105cych miasto, takich jak Niemcy, \u017bydzi, Ormianie, Polacy i \u015al\u0105zacy. Cz\u0119\u015bci\u0105 spacer\u00f3w s\u0105 kameralne wyst\u0119py lokalnych ch\u00f3r\u00f3w. &nbsp; Spacer I | OSTROPA \u2013 Niemieckie Dziedzictwo Przewodnik:\u00a0Kamil Iwanicki Zapisy na spacer:\u00a0projekty@ckvictoria.pl &nbsp; W tym [&hellip;]<\/p>\n","protected":false},"author":4,"featured_media":252341,"comment_status":"closed","ping_status":"closed","sticky":false,"template":"","format":"standard","meta":{"_monsterinsights_skip_tracking":false,"_monsterinsights_sitenote_active":false,"_monsterinsights_sitenote_note":"","_monsterinsights_sitenote_category":0,"footnotes":"","_links_to":"","_links_to_target":""},"categories":[3,6,1],"tags":[],"class_list":["post-252338","post","type-post","status-publish","format-standard","has-post-thumbnail","hentry","category-gliwice","category-kultura","category-wszystko"],"yoast_head":"<!-- This site is optimized with the Yoast SEO plugin v27.5 - https:\/\/yoast.com\/product\/yoast-seo-wordpress\/ -->\n<title>D\u017awi\u0119ki miasta. Cykl spacer\u00f3w z wyst\u0119pami ch\u00f3r\u00f3w. Spacer I - 24GLIWICE - Portal Gliwice | codziennie nowe informacje<\/title>\n<meta name=\"robots\" content=\"index, follow, max-snippet:-1, max-image-preview:large, max-video-preview:-1\" \/>\n<link rel=\"canonical\" href=\"https:\/\/www.24gliwice.pl\/wiadomosci\/dzwieki-miasta-cykl-spacerow-z-wystepami-chorow-spacer-i\/\" \/>\n<meta property=\"og:locale\" content=\"pl_PL\" \/>\n<meta property=\"og:type\" content=\"article\" \/>\n<meta property=\"og:title\" content=\"D\u017awi\u0119ki miasta. Cykl spacer\u00f3w z wyst\u0119pami ch\u00f3r\u00f3w. Spacer I - 24GLIWICE - Portal Gliwice | codziennie nowe informacje\" \/>\n<meta property=\"og:description\" content=\"\u201eD\u017awi\u0119ki miasta\u201d to innowacyjny projekt kulturalny, kt\u00f3ry o\u017cywia histori\u0119 i dziedzictwo Gliwic. Podczas pi\u0119ciu spacer\u00f3w uczestnicy poznaj\u0105 histori\u0119 oraz tradycje r\u00f3\u017cnych spo\u0142eczno\u015bci zamieszkuj\u0105cych miasto, takich jak Niemcy, \u017bydzi, Ormianie, Polacy i \u015al\u0105zacy. Cz\u0119\u015bci\u0105 spacer\u00f3w s\u0105 kameralne wyst\u0119py lokalnych ch\u00f3r\u00f3w. &nbsp; Spacer I | OSTROPA \u2013 Niemieckie Dziedzictwo Przewodnik:\u00a0Kamil Iwanicki Zapisy na spacer:\u00a0projekty@ckvictoria.pl &nbsp; W tym [&hellip;]\" \/>\n<meta property=\"og:url\" content=\"https:\/\/www.24gliwice.pl\/wiadomosci\/dzwieki-miasta-cykl-spacerow-z-wystepami-chorow-spacer-i\/\" \/>\n<meta property=\"og:site_name\" content=\"24GLIWICE - Portal Gliwice | codziennie nowe informacje\" \/>\n<meta property=\"article:publisher\" content=\"https:\/\/www.facebook.com\/24gliwice\" \/>\n<meta property=\"article:author\" content=\"https:\/\/www.facebook.com\/marcin.fabrykowski\" \/>\n<meta property=\"article:published_time\" content=\"2025-04-03T21:59:52+00:00\" \/>\n<meta property=\"article:modified_time\" content=\"2025-04-09T00:18:14+00:00\" \/>\n<meta property=\"og:image\" content=\"https:\/\/www.24gliwice.pl\/wiadomosci\/wp-content\/uploads\/2025\/04\/Dzwieki-miasta-1500-x-750-px.jpg\" \/>\n\t<meta property=\"og:image:width\" content=\"810\" \/>\n\t<meta property=\"og:image:height\" content=\"405\" \/>\n\t<meta property=\"og:image:type\" content=\"image\/jpeg\" \/>\n<meta name=\"author\" content=\"Marcin Fabrykowski\" \/>\n<meta name=\"twitter:card\" content=\"summary_large_image\" \/>\n<meta name=\"twitter:creator\" content=\"@24gliwice\" \/>\n<meta name=\"twitter:site\" content=\"@24gliwice\" \/>\n<meta name=\"twitter:label1\" content=\"Napisane przez\" \/>\n\t<meta name=\"twitter:data1\" content=\"Marcin Fabrykowski\" \/>\n\t<meta name=\"twitter:label2\" content=\"Szacowany czas czytania\" \/>\n\t<meta name=\"twitter:data2\" content=\"2 minuty\" \/>\n<script type=\"application\/ld+json\" class=\"yoast-schema-graph\">{\"@context\":\"https:\\\/\\\/schema.org\",\"@graph\":[{\"@type\":\"Article\",\"@id\":\"https:\\\/\\\/www.24gliwice.pl\\\/wiadomosci\\\/dzwieki-miasta-cykl-spacerow-z-wystepami-chorow-spacer-i\\\/#article\",\"isPartOf\":{\"@id\":\"https:\\\/\\\/www.24gliwice.pl\\\/wiadomosci\\\/dzwieki-miasta-cykl-spacerow-z-wystepami-chorow-spacer-i\\\/\"},\"author\":{\"name\":\"Marcin Fabrykowski\",\"@id\":\"https:\\\/\\\/www.24gliwice.pl\\\/wiadomosci\\\/#\\\/schema\\\/person\\\/cb5857e4a4d048c15984c1edcc8ef0c0\"},\"headline\":\"D\u017awi\u0119ki miasta. Cykl spacer\u00f3w z wyst\u0119pami ch\u00f3r\u00f3w. Spacer I\",\"datePublished\":\"2025-04-03T21:59:52+00:00\",\"dateModified\":\"2025-04-09T00:18:14+00:00\",\"mainEntityOfPage\":{\"@id\":\"https:\\\/\\\/www.24gliwice.pl\\\/wiadomosci\\\/dzwieki-miasta-cykl-spacerow-z-wystepami-chorow-spacer-i\\\/\"},\"wordCount\":276,\"publisher\":{\"@id\":\"https:\\\/\\\/www.24gliwice.pl\\\/wiadomosci\\\/#organization\"},\"image\":{\"@id\":\"https:\\\/\\\/www.24gliwice.pl\\\/wiadomosci\\\/dzwieki-miasta-cykl-spacerow-z-wystepami-chorow-spacer-i\\\/#primaryimage\"},\"thumbnailUrl\":\"https:\\\/\\\/www.24gliwice.pl\\\/wiadomosci\\\/wp-content\\\/uploads\\\/2025\\\/04\\\/Dzwieki-miasta-1500-x-750-px.jpg\",\"articleSection\":[\"Gliwice\",\"Kultura, wydarzenia, imprezy\",\"Najnowsze wiadomo\u015bci\"],\"inLanguage\":\"pl-PL\"},{\"@type\":\"WebPage\",\"@id\":\"https:\\\/\\\/www.24gliwice.pl\\\/wiadomosci\\\/dzwieki-miasta-cykl-spacerow-z-wystepami-chorow-spacer-i\\\/\",\"url\":\"https:\\\/\\\/www.24gliwice.pl\\\/wiadomosci\\\/dzwieki-miasta-cykl-spacerow-z-wystepami-chorow-spacer-i\\\/\",\"name\":\"D\u017awi\u0119ki miasta. Cykl spacer\u00f3w z wyst\u0119pami ch\u00f3r\u00f3w. Spacer I - 24GLIWICE - Portal Gliwice | codziennie nowe informacje\",\"isPartOf\":{\"@id\":\"https:\\\/\\\/www.24gliwice.pl\\\/wiadomosci\\\/#website\"},\"primaryImageOfPage\":{\"@id\":\"https:\\\/\\\/www.24gliwice.pl\\\/wiadomosci\\\/dzwieki-miasta-cykl-spacerow-z-wystepami-chorow-spacer-i\\\/#primaryimage\"},\"image\":{\"@id\":\"https:\\\/\\\/www.24gliwice.pl\\\/wiadomosci\\\/dzwieki-miasta-cykl-spacerow-z-wystepami-chorow-spacer-i\\\/#primaryimage\"},\"thumbnailUrl\":\"https:\\\/\\\/www.24gliwice.pl\\\/wiadomosci\\\/wp-content\\\/uploads\\\/2025\\\/04\\\/Dzwieki-miasta-1500-x-750-px.jpg\",\"datePublished\":\"2025-04-03T21:59:52+00:00\",\"dateModified\":\"2025-04-09T00:18:14+00:00\",\"breadcrumb\":{\"@id\":\"https:\\\/\\\/www.24gliwice.pl\\\/wiadomosci\\\/dzwieki-miasta-cykl-spacerow-z-wystepami-chorow-spacer-i\\\/#breadcrumb\"},\"inLanguage\":\"pl-PL\",\"potentialAction\":[{\"@type\":\"ReadAction\",\"target\":[\"https:\\\/\\\/www.24gliwice.pl\\\/wiadomosci\\\/dzwieki-miasta-cykl-spacerow-z-wystepami-chorow-spacer-i\\\/\"]}]},{\"@type\":\"ImageObject\",\"inLanguage\":\"pl-PL\",\"@id\":\"https:\\\/\\\/www.24gliwice.pl\\\/wiadomosci\\\/dzwieki-miasta-cykl-spacerow-z-wystepami-chorow-spacer-i\\\/#primaryimage\",\"url\":\"https:\\\/\\\/www.24gliwice.pl\\\/wiadomosci\\\/wp-content\\\/uploads\\\/2025\\\/04\\\/Dzwieki-miasta-1500-x-750-px.jpg\",\"contentUrl\":\"https:\\\/\\\/www.24gliwice.pl\\\/wiadomosci\\\/wp-content\\\/uploads\\\/2025\\\/04\\\/Dzwieki-miasta-1500-x-750-px.jpg\",\"width\":810,\"height\":405},{\"@type\":\"BreadcrumbList\",\"@id\":\"https:\\\/\\\/www.24gliwice.pl\\\/wiadomosci\\\/dzwieki-miasta-cykl-spacerow-z-wystepami-chorow-spacer-i\\\/#breadcrumb\",\"itemListElement\":[{\"@type\":\"ListItem\",\"position\":1,\"name\":\"Strona g\u0142\u00f3wna\",\"item\":\"https:\\\/\\\/www.24gliwice.pl\\\/wiadomosci\\\/\"},{\"@type\":\"ListItem\",\"position\":2,\"name\":\"D\u017awi\u0119ki miasta. Cykl spacer\u00f3w z wyst\u0119pami ch\u00f3r\u00f3w. Spacer I\"}]},{\"@type\":\"WebSite\",\"@id\":\"https:\\\/\\\/www.24gliwice.pl\\\/wiadomosci\\\/#website\",\"url\":\"https:\\\/\\\/www.24gliwice.pl\\\/wiadomosci\\\/\",\"name\":\"24GLIWICE - Portal Gliwice | codziennie nowe wiadomo\u015bci\",\"description\":\"Portal Miejski Gliwice\",\"publisher\":{\"@id\":\"https:\\\/\\\/www.24gliwice.pl\\\/wiadomosci\\\/#organization\"},\"potentialAction\":[{\"@type\":\"SearchAction\",\"target\":{\"@type\":\"EntryPoint\",\"urlTemplate\":\"https:\\\/\\\/www.24gliwice.pl\\\/wiadomosci\\\/?s={search_term_string}\"},\"query-input\":{\"@type\":\"PropertyValueSpecification\",\"valueRequired\":true,\"valueName\":\"search_term_string\"}}],\"inLanguage\":\"pl-PL\"},{\"@type\":\"Organization\",\"@id\":\"https:\\\/\\\/www.24gliwice.pl\\\/wiadomosci\\\/#organization\",\"name\":\"24gliwice\",\"url\":\"https:\\\/\\\/www.24gliwice.pl\\\/wiadomosci\\\/\",\"logo\":{\"@type\":\"ImageObject\",\"inLanguage\":\"pl-PL\",\"@id\":\"https:\\\/\\\/www.24gliwice.pl\\\/wiadomosci\\\/#\\\/schema\\\/logo\\\/image\\\/\",\"url\":\"https:\\\/\\\/www.24gliwice.pl\\\/wiadomosci\\\/wp-content\\\/uploads\\\/2024\\\/10\\\/24gliwice-logo-696.jpg\",\"contentUrl\":\"https:\\\/\\\/www.24gliwice.pl\\\/wiadomosci\\\/wp-content\\\/uploads\\\/2024\\\/10\\\/24gliwice-logo-696.jpg\",\"width\":696,\"height\":696,\"caption\":\"24gliwice\"},\"image\":{\"@id\":\"https:\\\/\\\/www.24gliwice.pl\\\/wiadomosci\\\/#\\\/schema\\\/logo\\\/image\\\/\"},\"sameAs\":[\"https:\\\/\\\/www.facebook.com\\\/24gliwice\",\"https:\\\/\\\/x.com\\\/24gliwice\",\"https:\\\/\\\/www.youtube.com\\\/@24gliwice\"]},{\"@type\":\"Person\",\"@id\":\"https:\\\/\\\/www.24gliwice.pl\\\/wiadomosci\\\/#\\\/schema\\\/person\\\/cb5857e4a4d048c15984c1edcc8ef0c0\",\"name\":\"Marcin Fabrykowski\",\"image\":{\"@type\":\"ImageObject\",\"inLanguage\":\"pl-PL\",\"@id\":\"https:\\\/\\\/www.24gliwice.pl\\\/wiadomosci\\\/wp-content\\\/uploads\\\/2025\\\/11\\\/zdjecie-moje-marcin-300-96x96.jpg\",\"url\":\"https:\\\/\\\/www.24gliwice.pl\\\/wiadomosci\\\/wp-content\\\/uploads\\\/2025\\\/11\\\/zdjecie-moje-marcin-300-96x96.jpg\",\"contentUrl\":\"https:\\\/\\\/www.24gliwice.pl\\\/wiadomosci\\\/wp-content\\\/uploads\\\/2025\\\/11\\\/zdjecie-moje-marcin-300-96x96.jpg\",\"caption\":\"Marcin Fabrykowski\"},\"sameAs\":[\"http:\\\/\\\/24gliwice.pl\",\"https:\\\/\\\/www.facebook.com\\\/marcin.fabrykowski\"],\"url\":\"https:\\\/\\\/www.24gliwice.pl\\\/wiadomosci\\\/author\\\/marcin-fabrykowski\\\/\"}]}<\/script>\n<!-- \/ Yoast SEO plugin. -->","yoast_head_json":{"title":"D\u017awi\u0119ki miasta. Cykl spacer\u00f3w z wyst\u0119pami ch\u00f3r\u00f3w. Spacer I - 24GLIWICE - Portal Gliwice | codziennie nowe informacje","robots":{"index":"index","follow":"follow","max-snippet":"max-snippet:-1","max-image-preview":"max-image-preview:large","max-video-preview":"max-video-preview:-1"},"canonical":"https:\/\/www.24gliwice.pl\/wiadomosci\/dzwieki-miasta-cykl-spacerow-z-wystepami-chorow-spacer-i\/","og_locale":"pl_PL","og_type":"article","og_title":"D\u017awi\u0119ki miasta. Cykl spacer\u00f3w z wyst\u0119pami ch\u00f3r\u00f3w. Spacer I - 24GLIWICE - Portal Gliwice | codziennie nowe informacje","og_description":"\u201eD\u017awi\u0119ki miasta\u201d to innowacyjny projekt kulturalny, kt\u00f3ry o\u017cywia histori\u0119 i dziedzictwo Gliwic. Podczas pi\u0119ciu spacer\u00f3w uczestnicy poznaj\u0105 histori\u0119 oraz tradycje r\u00f3\u017cnych spo\u0142eczno\u015bci zamieszkuj\u0105cych miasto, takich jak Niemcy, \u017bydzi, Ormianie, Polacy i \u015al\u0105zacy. Cz\u0119\u015bci\u0105 spacer\u00f3w s\u0105 kameralne wyst\u0119py lokalnych ch\u00f3r\u00f3w. &nbsp; Spacer I | OSTROPA \u2013 Niemieckie Dziedzictwo Przewodnik:\u00a0Kamil Iwanicki Zapisy na spacer:\u00a0projekty@ckvictoria.pl &nbsp; W tym [&hellip;]","og_url":"https:\/\/www.24gliwice.pl\/wiadomosci\/dzwieki-miasta-cykl-spacerow-z-wystepami-chorow-spacer-i\/","og_site_name":"24GLIWICE - Portal Gliwice | codziennie nowe informacje","article_publisher":"https:\/\/www.facebook.com\/24gliwice","article_author":"https:\/\/www.facebook.com\/marcin.fabrykowski","article_published_time":"2025-04-03T21:59:52+00:00","article_modified_time":"2025-04-09T00:18:14+00:00","og_image":[{"width":810,"height":405,"url":"https:\/\/www.24gliwice.pl\/wiadomosci\/wp-content\/uploads\/2025\/04\/Dzwieki-miasta-1500-x-750-px.jpg","type":"image\/jpeg"}],"author":"Marcin Fabrykowski","twitter_card":"summary_large_image","twitter_creator":"@24gliwice","twitter_site":"@24gliwice","twitter_misc":{"Napisane przez":"Marcin Fabrykowski","Szacowany czas czytania":"2 minuty"},"schema":{"@context":"https:\/\/schema.org","@graph":[{"@type":"Article","@id":"https:\/\/www.24gliwice.pl\/wiadomosci\/dzwieki-miasta-cykl-spacerow-z-wystepami-chorow-spacer-i\/#article","isPartOf":{"@id":"https:\/\/www.24gliwice.pl\/wiadomosci\/dzwieki-miasta-cykl-spacerow-z-wystepami-chorow-spacer-i\/"},"author":{"name":"Marcin Fabrykowski","@id":"https:\/\/www.24gliwice.pl\/wiadomosci\/#\/schema\/person\/cb5857e4a4d048c15984c1edcc8ef0c0"},"headline":"D\u017awi\u0119ki miasta. Cykl spacer\u00f3w z wyst\u0119pami ch\u00f3r\u00f3w. Spacer I","datePublished":"2025-04-03T21:59:52+00:00","dateModified":"2025-04-09T00:18:14+00:00","mainEntityOfPage":{"@id":"https:\/\/www.24gliwice.pl\/wiadomosci\/dzwieki-miasta-cykl-spacerow-z-wystepami-chorow-spacer-i\/"},"wordCount":276,"publisher":{"@id":"https:\/\/www.24gliwice.pl\/wiadomosci\/#organization"},"image":{"@id":"https:\/\/www.24gliwice.pl\/wiadomosci\/dzwieki-miasta-cykl-spacerow-z-wystepami-chorow-spacer-i\/#primaryimage"},"thumbnailUrl":"https:\/\/www.24gliwice.pl\/wiadomosci\/wp-content\/uploads\/2025\/04\/Dzwieki-miasta-1500-x-750-px.jpg","articleSection":["Gliwice","Kultura, wydarzenia, imprezy","Najnowsze wiadomo\u015bci"],"inLanguage":"pl-PL"},{"@type":"WebPage","@id":"https:\/\/www.24gliwice.pl\/wiadomosci\/dzwieki-miasta-cykl-spacerow-z-wystepami-chorow-spacer-i\/","url":"https:\/\/www.24gliwice.pl\/wiadomosci\/dzwieki-miasta-cykl-spacerow-z-wystepami-chorow-spacer-i\/","name":"D\u017awi\u0119ki miasta. Cykl spacer\u00f3w z wyst\u0119pami ch\u00f3r\u00f3w. Spacer I - 24GLIWICE - Portal Gliwice | codziennie nowe informacje","isPartOf":{"@id":"https:\/\/www.24gliwice.pl\/wiadomosci\/#website"},"primaryImageOfPage":{"@id":"https:\/\/www.24gliwice.pl\/wiadomosci\/dzwieki-miasta-cykl-spacerow-z-wystepami-chorow-spacer-i\/#primaryimage"},"image":{"@id":"https:\/\/www.24gliwice.pl\/wiadomosci\/dzwieki-miasta-cykl-spacerow-z-wystepami-chorow-spacer-i\/#primaryimage"},"thumbnailUrl":"https:\/\/www.24gliwice.pl\/wiadomosci\/wp-content\/uploads\/2025\/04\/Dzwieki-miasta-1500-x-750-px.jpg","datePublished":"2025-04-03T21:59:52+00:00","dateModified":"2025-04-09T00:18:14+00:00","breadcrumb":{"@id":"https:\/\/www.24gliwice.pl\/wiadomosci\/dzwieki-miasta-cykl-spacerow-z-wystepami-chorow-spacer-i\/#breadcrumb"},"inLanguage":"pl-PL","potentialAction":[{"@type":"ReadAction","target":["https:\/\/www.24gliwice.pl\/wiadomosci\/dzwieki-miasta-cykl-spacerow-z-wystepami-chorow-spacer-i\/"]}]},{"@type":"ImageObject","inLanguage":"pl-PL","@id":"https:\/\/www.24gliwice.pl\/wiadomosci\/dzwieki-miasta-cykl-spacerow-z-wystepami-chorow-spacer-i\/#primaryimage","url":"https:\/\/www.24gliwice.pl\/wiadomosci\/wp-content\/uploads\/2025\/04\/Dzwieki-miasta-1500-x-750-px.jpg","contentUrl":"https:\/\/www.24gliwice.pl\/wiadomosci\/wp-content\/uploads\/2025\/04\/Dzwieki-miasta-1500-x-750-px.jpg","width":810,"height":405},{"@type":"BreadcrumbList","@id":"https:\/\/www.24gliwice.pl\/wiadomosci\/dzwieki-miasta-cykl-spacerow-z-wystepami-chorow-spacer-i\/#breadcrumb","itemListElement":[{"@type":"ListItem","position":1,"name":"Strona g\u0142\u00f3wna","item":"https:\/\/www.24gliwice.pl\/wiadomosci\/"},{"@type":"ListItem","position":2,"name":"D\u017awi\u0119ki miasta. Cykl spacer\u00f3w z wyst\u0119pami ch\u00f3r\u00f3w. Spacer I"}]},{"@type":"WebSite","@id":"https:\/\/www.24gliwice.pl\/wiadomosci\/#website","url":"https:\/\/www.24gliwice.pl\/wiadomosci\/","name":"24GLIWICE - Portal Gliwice | codziennie nowe wiadomo\u015bci","description":"Portal Miejski Gliwice","publisher":{"@id":"https:\/\/www.24gliwice.pl\/wiadomosci\/#organization"},"potentialAction":[{"@type":"SearchAction","target":{"@type":"EntryPoint","urlTemplate":"https:\/\/www.24gliwice.pl\/wiadomosci\/?s={search_term_string}"},"query-input":{"@type":"PropertyValueSpecification","valueRequired":true,"valueName":"search_term_string"}}],"inLanguage":"pl-PL"},{"@type":"Organization","@id":"https:\/\/www.24gliwice.pl\/wiadomosci\/#organization","name":"24gliwice","url":"https:\/\/www.24gliwice.pl\/wiadomosci\/","logo":{"@type":"ImageObject","inLanguage":"pl-PL","@id":"https:\/\/www.24gliwice.pl\/wiadomosci\/#\/schema\/logo\/image\/","url":"https:\/\/www.24gliwice.pl\/wiadomosci\/wp-content\/uploads\/2024\/10\/24gliwice-logo-696.jpg","contentUrl":"https:\/\/www.24gliwice.pl\/wiadomosci\/wp-content\/uploads\/2024\/10\/24gliwice-logo-696.jpg","width":696,"height":696,"caption":"24gliwice"},"image":{"@id":"https:\/\/www.24gliwice.pl\/wiadomosci\/#\/schema\/logo\/image\/"},"sameAs":["https:\/\/www.facebook.com\/24gliwice","https:\/\/x.com\/24gliwice","https:\/\/www.youtube.com\/@24gliwice"]},{"@type":"Person","@id":"https:\/\/www.24gliwice.pl\/wiadomosci\/#\/schema\/person\/cb5857e4a4d048c15984c1edcc8ef0c0","name":"Marcin Fabrykowski","image":{"@type":"ImageObject","inLanguage":"pl-PL","@id":"https:\/\/www.24gliwice.pl\/wiadomosci\/wp-content\/uploads\/2025\/11\/zdjecie-moje-marcin-300-96x96.jpg","url":"https:\/\/www.24gliwice.pl\/wiadomosci\/wp-content\/uploads\/2025\/11\/zdjecie-moje-marcin-300-96x96.jpg","contentUrl":"https:\/\/www.24gliwice.pl\/wiadomosci\/wp-content\/uploads\/2025\/11\/zdjecie-moje-marcin-300-96x96.jpg","caption":"Marcin Fabrykowski"},"sameAs":["http:\/\/24gliwice.pl","https:\/\/www.facebook.com\/marcin.fabrykowski"],"url":"https:\/\/www.24gliwice.pl\/wiadomosci\/author\/marcin-fabrykowski\/"}]}},"_links":{"self":[{"href":"https:\/\/www.24gliwice.pl\/wiadomosci\/wp-json\/wp\/v2\/posts\/252338","targetHints":{"allow":["GET"]}}],"collection":[{"href":"https:\/\/www.24gliwice.pl\/wiadomosci\/wp-json\/wp\/v2\/posts"}],"about":[{"href":"https:\/\/www.24gliwice.pl\/wiadomosci\/wp-json\/wp\/v2\/types\/post"}],"author":[{"embeddable":true,"href":"https:\/\/www.24gliwice.pl\/wiadomosci\/wp-json\/wp\/v2\/users\/4"}],"replies":[{"embeddable":true,"href":"https:\/\/www.24gliwice.pl\/wiadomosci\/wp-json\/wp\/v2\/comments?post=252338"}],"version-history":[{"count":0,"href":"https:\/\/www.24gliwice.pl\/wiadomosci\/wp-json\/wp\/v2\/posts\/252338\/revisions"}],"wp:featuredmedia":[{"embeddable":true,"href":"https:\/\/www.24gliwice.pl\/wiadomosci\/wp-json\/wp\/v2\/media\/252341"}],"wp:attachment":[{"href":"https:\/\/www.24gliwice.pl\/wiadomosci\/wp-json\/wp\/v2\/media?parent=252338"}],"wp:term":[{"taxonomy":"category","embeddable":true,"href":"https:\/\/www.24gliwice.pl\/wiadomosci\/wp-json\/wp\/v2\/categories?post=252338"},{"taxonomy":"post_tag","embeddable":true,"href":"https:\/\/www.24gliwice.pl\/wiadomosci\/wp-json\/wp\/v2\/tags?post=252338"}],"curies":[{"name":"wp","href":"https:\/\/api.w.org\/{rel}","templated":true}]}}