{"id":252560,"date":"2025-04-08T23:59:22","date_gmt":"2025-04-08T21:59:22","guid":{"rendered":"https:\/\/www.24gliwice.pl\/wiadomosci\/?p=252560"},"modified":"2025-04-09T02:36:42","modified_gmt":"2025-04-09T00:36:42","slug":"nowosc-w-programie-cyklu-wiosna-z-fryderykiem-pianoforte-pokaz-filmu-oraz-spotkanie-z-tworcami","status":"publish","type":"post","link":"https:\/\/www.24gliwice.pl\/wiadomosci\/nowosc-w-programie-cyklu-wiosna-z-fryderykiem-pianoforte-pokaz-filmu-oraz-spotkanie-z-tworcami\/","title":{"rendered":"Nowo\u015b\u0107 w programie cyklu \u201eWiosna z Fryderykiem\u201d. Pianoforte &#8211; pokaz filmu oraz spotkanie z tw\u00f3rcami"},"content":{"rendered":"<h2>11 kwietnie w kinie Amok nast\u0105pi pokaz specjalny filmu \u201ePianoforte\u201d oraz\u00a0spotkanie z\u00a0jego tw\u00f3rcami: re\u017cyserem\u00a0Jakubem Pi\u0105tkiem\u00a0i\u00a0jedn\u0105 z\u00a0bohaterek tego fascynuj\u0105cego portretu muzyk\u00f3w zmagaj\u0105cych si\u0119 z\u00a0trudami Konkursu Chopinowskiego,\u00a0Leonor\u0105 Armelllini.<\/h2>\n<p><!--more--><\/p>\n<p>Ten presti\u017cowy konkurs odbywa si\u0119 raz na\u00a0pi\u0119\u0107 lat. M\u0142odzi muzycy, kt\u00f3rzy\u00a0ca\u0142e \u017cycie po\u015bwi\u0119cili Chopinowi, mierz\u0105 si\u0119 z\u00a0wymaganiami konkursowymi i\u00a0w\u0142asnymi emocjami. Co jeszcze nimi kieruje: ogromna praca, pasja, talent czy obsesyjne d\u0105\u017cenie do\u00a0doskona\u0142o\u015bci? Na\u00a0te pytania odpowiedz\u0105 nasi go\u015bcie.<\/p>\n<p>Wydarzenie towarzysz\u0105ce cyklowi koncert\u00f3w\u00a0<a href=\"https:\/\/ckvictoria.pl\/wydarzenie\/wiosna-z-fryderykiem-2025\/\">WIOSNA Z\u00a0FRYDERYKIEM 2025<\/a>\u00a0odbywaj\u0105cych si\u0119 w\u00a0Palmiarni Miejskiej w\u00a0Gliwicach.<\/p>\n<p><strong><img loading=\"lazy\" decoding=\"async\" class=\"size-medium wp-image-39433 alignright\" src=\"https:\/\/amok.gliwice.pl\/wp-content\/uploads\/2025\/02\/Leonora-Armellini_Lodovica-Barbieri-300x200.jpg\" sizes=\"auto, (max-width: 300px) 100vw, 300px\" srcset=\"https:\/\/amok.gliwice.pl\/wp-content\/uploads\/2025\/02\/Leonora-Armellini_Lodovica-Barbieri-300x200.jpg 300w, https:\/\/amok.gliwice.pl\/wp-content\/uploads\/2025\/02\/Leonora-Armellini_Lodovica-Barbieri-1024x683.jpg 1024w, https:\/\/amok.gliwice.pl\/wp-content\/uploads\/2025\/02\/Leonora-Armellini_Lodovica-Barbieri-768x512.jpg 768w, https:\/\/amok.gliwice.pl\/wp-content\/uploads\/2025\/02\/Leonora-Armellini_Lodovica-Barbieri-1536x1024.jpg 1536w, https:\/\/amok.gliwice.pl\/wp-content\/uploads\/2025\/02\/Leonora-Armellini_Lodovica-Barbieri.jpg 1920w\" alt=\"\" width=\"300\" height=\"200\" \/><\/strong>Leonora Armelini\u00a0\u2013 pianistka. Laureatka V nagrody XVIII Mi\u0119dzynarodowego Konkursu Pianistycznego im.\u00a0Fryderyka Chopina w\u00a0Warszawie w\u00a02021 roku. W\u00a0wieku 17 lat\u00a0 uko\u0144czy\u0142a z\u00a0wyr\u00f3\u017cnieniem Akademi\u0119 Muzyczn\u0105 \u015bw. Cecylii w\u00a0Rzymie w\u00a0klasie Sergia Petricarollego. Nast\u0119pnie studiowa\u0142a pod\u00a0kierunkiem Lilyi Zilberstein w\u00a0Musikhochschule w\u00a0Hamburgu i\u00a0Borisa Pertrushansky\u2019ego na\u00a0Accademia Pianistica di Imola.<\/p>\n<p>Finalistka XVI Mi\u0119dzynarodowego Konkursu Pianistycznego im.\u00a0Ferruccia Busoniego w\u00a0Bolzano. Wyst\u0119powa\u0142a na\u00a0ca\u0142ym \u015bwiecie, w\u00a0Carnegie Hall w\u00a0Nowym Yorku i\u00a0w\u00a0Filharmonii Narodowej w\u00a0Warszawie. W\u015br\u00f3d wielu jej nagra\u0144 mo\u017cna znale\u017a\u0107 m.in.\u00a0oba koncerty fortepianowe Fryderyka Chopina. Koncertuje cz\u0119sto w\u00a0Polsce, w\u00a0tym podczas \u201eWiosny z\u00a0Fryderykiem\u201d, maj\u0105c tu swoj\u0105 oddan\u0105 publiczno\u015b\u0107. Reprezentuje m\u0142ode pokolenie najwybitniejszych pianist\u00f3w w\u0142oskich.<\/p>\n<p>\u201eP<img loading=\"lazy\" decoding=\"async\" class=\"size-medium wp-image-39551 alignleft\" src=\"https:\/\/amok.gliwice.pl\/wp-content\/uploads\/2025\/02\/mdagff-2023-pianoforte-director-s-photo-0-1800615-300x280.jpg\" sizes=\"auto, (max-width: 300px) 100vw, 300px\" srcset=\"https:\/\/amok.gliwice.pl\/wp-content\/uploads\/2025\/02\/mdagff-2023-pianoforte-director-s-photo-0-1800615-300x280.jpg 300w, https:\/\/amok.gliwice.pl\/wp-content\/uploads\/2025\/02\/mdagff-2023-pianoforte-director-s-photo-0-1800615-1024x956.jpg 1024w, https:\/\/amok.gliwice.pl\/wp-content\/uploads\/2025\/02\/mdagff-2023-pianoforte-director-s-photo-0-1800615-768x717.jpg 768w, https:\/\/amok.gliwice.pl\/wp-content\/uploads\/2025\/02\/mdagff-2023-pianoforte-director-s-photo-0-1800615-1536x1435.jpg 1536w, https:\/\/amok.gliwice.pl\/wp-content\/uploads\/2025\/02\/mdagff-2023-pianoforte-director-s-photo-0-1800615.jpg 2000w\" alt=\"\" width=\"300\" height=\"280\" \/>o\u0142o\u017cy\u0142em nacisk na\u00a0backstage i\u00a0sfer\u0119 prywatn\u0105, niedost\u0119pn\u0105 dla widowni Filharmonii. Podobnie jak w\u00a0klasycznym kr\u00f3tkim dokumencie Kazimierza Karabasza \u201eMuzykanci\u201c z\u00a01960 roku, gdzie najwa\u017cniejsza jest pr\u00f3ba orkiestry z\u0142o\u017conej z\u00a0tramwajarzy a\u00a0nie sam koncert. To\u00a0na pr\u00f3bie jeste\u015bmy lud\u017ami, na\u00a0scenie stajemy si\u0119 magicznymi, mitycznymi zwierz\u0119tami\u201d \u2013 m\u00f3wi o\u00a0swoich za\u0142o\u017ceniach Pi\u0105tek. Uda\u0142o mu si\u0119 skupi\u0107 na\u00a0bohaterach i\u00a0bohaterkach, odwiedzaj\u0105c ich nie tylko w\u00a0salach pr\u00f3b i\u00a0towarzysz\u0105c im na\u00a0scenie, ale\u00a0tak\u017ce w\u00a0domowym zaciszu oraz\u00a0w\u00a0trudnych momentach prze\u017cywania pora\u017cki.\u201d \u2013\u00a0Jakub Pi\u0105tek<\/p>\n<p>Data: <strong>11 kwietnia | godz. 19:00<\/strong><br \/>\nMiejsce wydarzenia: <strong>Kino AMOK &#8211; Scena Bajka, ul. Dolnych Wa\u0142\u00f3w 3, Gliwice<\/strong><br \/>\nCena bilet\u00f3w: od 19 z\u0142 z\u0142<br \/>\n<strong>Link do\u00a0zakupu bilet\u00f3w:<\/strong><br \/>\n<a href=\"https:\/\/ckv.systembiletowy.pl\/index.php\/repertoire.html?id=3506\">https:\/\/ckv.systembiletowy.pl\/index.php\/repertoire.html?id=3506<\/a><\/p>\n<p>(ckv)<\/p>\n","protected":false},"excerpt":{"rendered":"<p>11 kwietnie w kinie Amok nast\u0105pi pokaz specjalny filmu \u201ePianoforte\u201d oraz\u00a0spotkanie z\u00a0jego tw\u00f3rcami: re\u017cyserem\u00a0Jakubem Pi\u0105tkiem\u00a0i\u00a0jedn\u0105 z\u00a0bohaterek tego fascynuj\u0105cego portretu muzyk\u00f3w zmagaj\u0105cych si\u0119 z\u00a0trudami Konkursu Chopinowskiego,\u00a0Leonor\u0105 Armelllini.<\/p>\n","protected":false},"author":4,"featured_media":252567,"comment_status":"closed","ping_status":"closed","sticky":false,"template":"","format":"standard","meta":{"_monsterinsights_skip_tracking":false,"_monsterinsights_sitenote_active":false,"_monsterinsights_sitenote_note":"","_monsterinsights_sitenote_category":0,"footnotes":"","_links_to":"","_links_to_target":""},"categories":[3,6,1,1129],"tags":[],"class_list":["post-252560","post","type-post","status-publish","format-standard","has-post-thumbnail","hentry","category-gliwice","category-kultura","category-wszystko","category-polecamy"],"yoast_head":"<!-- This site is optimized with the Yoast SEO plugin v27.5 - https:\/\/yoast.com\/product\/yoast-seo-wordpress\/ -->\n<title>Nowo\u015b\u0107 w programie cyklu \u201eWiosna z Fryderykiem\u201d. Pianoforte - pokaz filmu oraz spotkanie z tw\u00f3rcami - 24GLIWICE - Portal Gliwice | codziennie nowe informacje<\/title>\n<meta name=\"robots\" content=\"index, follow, max-snippet:-1, max-image-preview:large, max-video-preview:-1\" \/>\n<link rel=\"canonical\" href=\"https:\/\/www.24gliwice.pl\/wiadomosci\/nowosc-w-programie-cyklu-wiosna-z-fryderykiem-pianoforte-pokaz-filmu-oraz-spotkanie-z-tworcami\/\" \/>\n<meta property=\"og:locale\" content=\"pl_PL\" \/>\n<meta property=\"og:type\" content=\"article\" \/>\n<meta property=\"og:title\" content=\"Nowo\u015b\u0107 w programie cyklu \u201eWiosna z Fryderykiem\u201d. Pianoforte - pokaz filmu oraz spotkanie z tw\u00f3rcami - 24GLIWICE - Portal Gliwice | codziennie nowe informacje\" \/>\n<meta property=\"og:description\" content=\"11 kwietnie w kinie Amok nast\u0105pi pokaz specjalny filmu \u201ePianoforte\u201d oraz\u00a0spotkanie z\u00a0jego tw\u00f3rcami: re\u017cyserem\u00a0Jakubem Pi\u0105tkiem\u00a0i\u00a0jedn\u0105 z\u00a0bohaterek tego fascynuj\u0105cego portretu muzyk\u00f3w zmagaj\u0105cych si\u0119 z\u00a0trudami Konkursu Chopinowskiego,\u00a0Leonor\u0105 Armelllini.\" \/>\n<meta property=\"og:url\" content=\"https:\/\/www.24gliwice.pl\/wiadomosci\/nowosc-w-programie-cyklu-wiosna-z-fryderykiem-pianoforte-pokaz-filmu-oraz-spotkanie-z-tworcami\/\" \/>\n<meta property=\"og:site_name\" content=\"24GLIWICE - Portal Gliwice | codziennie nowe informacje\" \/>\n<meta property=\"article:publisher\" content=\"https:\/\/www.facebook.com\/24gliwice\" \/>\n<meta property=\"article:author\" content=\"https:\/\/www.facebook.com\/marcin.fabrykowski\" \/>\n<meta property=\"article:published_time\" content=\"2025-04-08T21:59:22+00:00\" \/>\n<meta property=\"article:modified_time\" content=\"2025-04-09T00:36:42+00:00\" \/>\n<meta property=\"og:image\" content=\"https:\/\/www.24gliwice.pl\/wiadomosci\/wp-content\/uploads\/2025\/04\/wiosna-z-fryderykiem-www-1.jpg\" \/>\n\t<meta property=\"og:image:width\" content=\"810\" \/>\n\t<meta property=\"og:image:height\" content=\"405\" \/>\n\t<meta property=\"og:image:type\" content=\"image\/jpeg\" \/>\n<meta name=\"author\" content=\"Marcin Fabrykowski\" \/>\n<meta name=\"twitter:card\" content=\"summary_large_image\" \/>\n<meta name=\"twitter:creator\" content=\"@24gliwice\" \/>\n<meta name=\"twitter:site\" content=\"@24gliwice\" \/>\n<meta name=\"twitter:label1\" content=\"Napisane przez\" \/>\n\t<meta name=\"twitter:data1\" content=\"Marcin Fabrykowski\" \/>\n\t<meta name=\"twitter:label2\" content=\"Szacowany czas czytania\" \/>\n\t<meta name=\"twitter:data2\" content=\"3 minuty\" \/>\n<script type=\"application\/ld+json\" class=\"yoast-schema-graph\">{\"@context\":\"https:\\\/\\\/schema.org\",\"@graph\":[{\"@type\":\"Article\",\"@id\":\"https:\\\/\\\/www.24gliwice.pl\\\/wiadomosci\\\/nowosc-w-programie-cyklu-wiosna-z-fryderykiem-pianoforte-pokaz-filmu-oraz-spotkanie-z-tworcami\\\/#article\",\"isPartOf\":{\"@id\":\"https:\\\/\\\/www.24gliwice.pl\\\/wiadomosci\\\/nowosc-w-programie-cyklu-wiosna-z-fryderykiem-pianoforte-pokaz-filmu-oraz-spotkanie-z-tworcami\\\/\"},\"author\":{\"name\":\"Marcin Fabrykowski\",\"@id\":\"https:\\\/\\\/www.24gliwice.pl\\\/wiadomosci\\\/#\\\/schema\\\/person\\\/cb5857e4a4d048c15984c1edcc8ef0c0\"},\"headline\":\"Nowo\u015b\u0107 w programie cyklu \u201eWiosna z Fryderykiem\u201d. Pianoforte &#8211; pokaz filmu oraz spotkanie z tw\u00f3rcami\",\"datePublished\":\"2025-04-08T21:59:22+00:00\",\"dateModified\":\"2025-04-09T00:36:42+00:00\",\"mainEntityOfPage\":{\"@id\":\"https:\\\/\\\/www.24gliwice.pl\\\/wiadomosci\\\/nowosc-w-programie-cyklu-wiosna-z-fryderykiem-pianoforte-pokaz-filmu-oraz-spotkanie-z-tworcami\\\/\"},\"wordCount\":402,\"publisher\":{\"@id\":\"https:\\\/\\\/www.24gliwice.pl\\\/wiadomosci\\\/#organization\"},\"image\":{\"@id\":\"https:\\\/\\\/www.24gliwice.pl\\\/wiadomosci\\\/nowosc-w-programie-cyklu-wiosna-z-fryderykiem-pianoforte-pokaz-filmu-oraz-spotkanie-z-tworcami\\\/#primaryimage\"},\"thumbnailUrl\":\"https:\\\/\\\/www.24gliwice.pl\\\/wiadomosci\\\/wp-content\\\/uploads\\\/2025\\\/04\\\/wiosna-z-fryderykiem-www-1.jpg\",\"articleSection\":[\"Gliwice\",\"Kultura, wydarzenia, imprezy\",\"Najnowsze wiadomo\u015bci\",\"Polecamy\"],\"inLanguage\":\"pl-PL\"},{\"@type\":\"WebPage\",\"@id\":\"https:\\\/\\\/www.24gliwice.pl\\\/wiadomosci\\\/nowosc-w-programie-cyklu-wiosna-z-fryderykiem-pianoforte-pokaz-filmu-oraz-spotkanie-z-tworcami\\\/\",\"url\":\"https:\\\/\\\/www.24gliwice.pl\\\/wiadomosci\\\/nowosc-w-programie-cyklu-wiosna-z-fryderykiem-pianoforte-pokaz-filmu-oraz-spotkanie-z-tworcami\\\/\",\"name\":\"Nowo\u015b\u0107 w programie cyklu \u201eWiosna z Fryderykiem\u201d. Pianoforte - pokaz filmu oraz spotkanie z tw\u00f3rcami - 24GLIWICE - Portal Gliwice | codziennie nowe informacje\",\"isPartOf\":{\"@id\":\"https:\\\/\\\/www.24gliwice.pl\\\/wiadomosci\\\/#website\"},\"primaryImageOfPage\":{\"@id\":\"https:\\\/\\\/www.24gliwice.pl\\\/wiadomosci\\\/nowosc-w-programie-cyklu-wiosna-z-fryderykiem-pianoforte-pokaz-filmu-oraz-spotkanie-z-tworcami\\\/#primaryimage\"},\"image\":{\"@id\":\"https:\\\/\\\/www.24gliwice.pl\\\/wiadomosci\\\/nowosc-w-programie-cyklu-wiosna-z-fryderykiem-pianoforte-pokaz-filmu-oraz-spotkanie-z-tworcami\\\/#primaryimage\"},\"thumbnailUrl\":\"https:\\\/\\\/www.24gliwice.pl\\\/wiadomosci\\\/wp-content\\\/uploads\\\/2025\\\/04\\\/wiosna-z-fryderykiem-www-1.jpg\",\"datePublished\":\"2025-04-08T21:59:22+00:00\",\"dateModified\":\"2025-04-09T00:36:42+00:00\",\"breadcrumb\":{\"@id\":\"https:\\\/\\\/www.24gliwice.pl\\\/wiadomosci\\\/nowosc-w-programie-cyklu-wiosna-z-fryderykiem-pianoforte-pokaz-filmu-oraz-spotkanie-z-tworcami\\\/#breadcrumb\"},\"inLanguage\":\"pl-PL\",\"potentialAction\":[{\"@type\":\"ReadAction\",\"target\":[\"https:\\\/\\\/www.24gliwice.pl\\\/wiadomosci\\\/nowosc-w-programie-cyklu-wiosna-z-fryderykiem-pianoforte-pokaz-filmu-oraz-spotkanie-z-tworcami\\\/\"]}]},{\"@type\":\"ImageObject\",\"inLanguage\":\"pl-PL\",\"@id\":\"https:\\\/\\\/www.24gliwice.pl\\\/wiadomosci\\\/nowosc-w-programie-cyklu-wiosna-z-fryderykiem-pianoforte-pokaz-filmu-oraz-spotkanie-z-tworcami\\\/#primaryimage\",\"url\":\"https:\\\/\\\/www.24gliwice.pl\\\/wiadomosci\\\/wp-content\\\/uploads\\\/2025\\\/04\\\/wiosna-z-fryderykiem-www-1.jpg\",\"contentUrl\":\"https:\\\/\\\/www.24gliwice.pl\\\/wiadomosci\\\/wp-content\\\/uploads\\\/2025\\\/04\\\/wiosna-z-fryderykiem-www-1.jpg\",\"width\":810,\"height\":405},{\"@type\":\"BreadcrumbList\",\"@id\":\"https:\\\/\\\/www.24gliwice.pl\\\/wiadomosci\\\/nowosc-w-programie-cyklu-wiosna-z-fryderykiem-pianoforte-pokaz-filmu-oraz-spotkanie-z-tworcami\\\/#breadcrumb\",\"itemListElement\":[{\"@type\":\"ListItem\",\"position\":1,\"name\":\"Strona g\u0142\u00f3wna\",\"item\":\"https:\\\/\\\/www.24gliwice.pl\\\/wiadomosci\\\/\"},{\"@type\":\"ListItem\",\"position\":2,\"name\":\"Nowo\u015b\u0107 w programie cyklu \u201eWiosna z Fryderykiem\u201d. Pianoforte &#8211; pokaz filmu oraz spotkanie z tw\u00f3rcami\"}]},{\"@type\":\"WebSite\",\"@id\":\"https:\\\/\\\/www.24gliwice.pl\\\/wiadomosci\\\/#website\",\"url\":\"https:\\\/\\\/www.24gliwice.pl\\\/wiadomosci\\\/\",\"name\":\"24GLIWICE - Portal Gliwice | codziennie nowe wiadomo\u015bci\",\"description\":\"Portal Miejski Gliwice\",\"publisher\":{\"@id\":\"https:\\\/\\\/www.24gliwice.pl\\\/wiadomosci\\\/#organization\"},\"potentialAction\":[{\"@type\":\"SearchAction\",\"target\":{\"@type\":\"EntryPoint\",\"urlTemplate\":\"https:\\\/\\\/www.24gliwice.pl\\\/wiadomosci\\\/?s={search_term_string}\"},\"query-input\":{\"@type\":\"PropertyValueSpecification\",\"valueRequired\":true,\"valueName\":\"search_term_string\"}}],\"inLanguage\":\"pl-PL\"},{\"@type\":\"Organization\",\"@id\":\"https:\\\/\\\/www.24gliwice.pl\\\/wiadomosci\\\/#organization\",\"name\":\"24gliwice\",\"url\":\"https:\\\/\\\/www.24gliwice.pl\\\/wiadomosci\\\/\",\"logo\":{\"@type\":\"ImageObject\",\"inLanguage\":\"pl-PL\",\"@id\":\"https:\\\/\\\/www.24gliwice.pl\\\/wiadomosci\\\/#\\\/schema\\\/logo\\\/image\\\/\",\"url\":\"https:\\\/\\\/www.24gliwice.pl\\\/wiadomosci\\\/wp-content\\\/uploads\\\/2024\\\/10\\\/24gliwice-logo-696.jpg\",\"contentUrl\":\"https:\\\/\\\/www.24gliwice.pl\\\/wiadomosci\\\/wp-content\\\/uploads\\\/2024\\\/10\\\/24gliwice-logo-696.jpg\",\"width\":696,\"height\":696,\"caption\":\"24gliwice\"},\"image\":{\"@id\":\"https:\\\/\\\/www.24gliwice.pl\\\/wiadomosci\\\/#\\\/schema\\\/logo\\\/image\\\/\"},\"sameAs\":[\"https:\\\/\\\/www.facebook.com\\\/24gliwice\",\"https:\\\/\\\/x.com\\\/24gliwice\",\"https:\\\/\\\/www.youtube.com\\\/@24gliwice\"]},{\"@type\":\"Person\",\"@id\":\"https:\\\/\\\/www.24gliwice.pl\\\/wiadomosci\\\/#\\\/schema\\\/person\\\/cb5857e4a4d048c15984c1edcc8ef0c0\",\"name\":\"Marcin Fabrykowski\",\"image\":{\"@type\":\"ImageObject\",\"inLanguage\":\"pl-PL\",\"@id\":\"https:\\\/\\\/www.24gliwice.pl\\\/wiadomosci\\\/wp-content\\\/uploads\\\/2025\\\/11\\\/zdjecie-moje-marcin-300-96x96.jpg\",\"url\":\"https:\\\/\\\/www.24gliwice.pl\\\/wiadomosci\\\/wp-content\\\/uploads\\\/2025\\\/11\\\/zdjecie-moje-marcin-300-96x96.jpg\",\"contentUrl\":\"https:\\\/\\\/www.24gliwice.pl\\\/wiadomosci\\\/wp-content\\\/uploads\\\/2025\\\/11\\\/zdjecie-moje-marcin-300-96x96.jpg\",\"caption\":\"Marcin Fabrykowski\"},\"sameAs\":[\"http:\\\/\\\/24gliwice.pl\",\"https:\\\/\\\/www.facebook.com\\\/marcin.fabrykowski\"],\"url\":\"https:\\\/\\\/www.24gliwice.pl\\\/wiadomosci\\\/author\\\/marcin-fabrykowski\\\/\"}]}<\/script>\n<!-- \/ Yoast SEO plugin. -->","yoast_head_json":{"title":"Nowo\u015b\u0107 w programie cyklu \u201eWiosna z Fryderykiem\u201d. Pianoforte - pokaz filmu oraz spotkanie z tw\u00f3rcami - 24GLIWICE - Portal Gliwice | codziennie nowe informacje","robots":{"index":"index","follow":"follow","max-snippet":"max-snippet:-1","max-image-preview":"max-image-preview:large","max-video-preview":"max-video-preview:-1"},"canonical":"https:\/\/www.24gliwice.pl\/wiadomosci\/nowosc-w-programie-cyklu-wiosna-z-fryderykiem-pianoforte-pokaz-filmu-oraz-spotkanie-z-tworcami\/","og_locale":"pl_PL","og_type":"article","og_title":"Nowo\u015b\u0107 w programie cyklu \u201eWiosna z Fryderykiem\u201d. Pianoforte - pokaz filmu oraz spotkanie z tw\u00f3rcami - 24GLIWICE - Portal Gliwice | codziennie nowe informacje","og_description":"11 kwietnie w kinie Amok nast\u0105pi pokaz specjalny filmu \u201ePianoforte\u201d oraz\u00a0spotkanie z\u00a0jego tw\u00f3rcami: re\u017cyserem\u00a0Jakubem Pi\u0105tkiem\u00a0i\u00a0jedn\u0105 z\u00a0bohaterek tego fascynuj\u0105cego portretu muzyk\u00f3w zmagaj\u0105cych si\u0119 z\u00a0trudami Konkursu Chopinowskiego,\u00a0Leonor\u0105 Armelllini.","og_url":"https:\/\/www.24gliwice.pl\/wiadomosci\/nowosc-w-programie-cyklu-wiosna-z-fryderykiem-pianoforte-pokaz-filmu-oraz-spotkanie-z-tworcami\/","og_site_name":"24GLIWICE - Portal Gliwice | codziennie nowe informacje","article_publisher":"https:\/\/www.facebook.com\/24gliwice","article_author":"https:\/\/www.facebook.com\/marcin.fabrykowski","article_published_time":"2025-04-08T21:59:22+00:00","article_modified_time":"2025-04-09T00:36:42+00:00","og_image":[{"width":810,"height":405,"url":"https:\/\/www.24gliwice.pl\/wiadomosci\/wp-content\/uploads\/2025\/04\/wiosna-z-fryderykiem-www-1.jpg","type":"image\/jpeg"}],"author":"Marcin Fabrykowski","twitter_card":"summary_large_image","twitter_creator":"@24gliwice","twitter_site":"@24gliwice","twitter_misc":{"Napisane przez":"Marcin Fabrykowski","Szacowany czas czytania":"3 minuty"},"schema":{"@context":"https:\/\/schema.org","@graph":[{"@type":"Article","@id":"https:\/\/www.24gliwice.pl\/wiadomosci\/nowosc-w-programie-cyklu-wiosna-z-fryderykiem-pianoforte-pokaz-filmu-oraz-spotkanie-z-tworcami\/#article","isPartOf":{"@id":"https:\/\/www.24gliwice.pl\/wiadomosci\/nowosc-w-programie-cyklu-wiosna-z-fryderykiem-pianoforte-pokaz-filmu-oraz-spotkanie-z-tworcami\/"},"author":{"name":"Marcin Fabrykowski","@id":"https:\/\/www.24gliwice.pl\/wiadomosci\/#\/schema\/person\/cb5857e4a4d048c15984c1edcc8ef0c0"},"headline":"Nowo\u015b\u0107 w programie cyklu \u201eWiosna z Fryderykiem\u201d. Pianoforte &#8211; pokaz filmu oraz spotkanie z tw\u00f3rcami","datePublished":"2025-04-08T21:59:22+00:00","dateModified":"2025-04-09T00:36:42+00:00","mainEntityOfPage":{"@id":"https:\/\/www.24gliwice.pl\/wiadomosci\/nowosc-w-programie-cyklu-wiosna-z-fryderykiem-pianoforte-pokaz-filmu-oraz-spotkanie-z-tworcami\/"},"wordCount":402,"publisher":{"@id":"https:\/\/www.24gliwice.pl\/wiadomosci\/#organization"},"image":{"@id":"https:\/\/www.24gliwice.pl\/wiadomosci\/nowosc-w-programie-cyklu-wiosna-z-fryderykiem-pianoforte-pokaz-filmu-oraz-spotkanie-z-tworcami\/#primaryimage"},"thumbnailUrl":"https:\/\/www.24gliwice.pl\/wiadomosci\/wp-content\/uploads\/2025\/04\/wiosna-z-fryderykiem-www-1.jpg","articleSection":["Gliwice","Kultura, wydarzenia, imprezy","Najnowsze wiadomo\u015bci","Polecamy"],"inLanguage":"pl-PL"},{"@type":"WebPage","@id":"https:\/\/www.24gliwice.pl\/wiadomosci\/nowosc-w-programie-cyklu-wiosna-z-fryderykiem-pianoforte-pokaz-filmu-oraz-spotkanie-z-tworcami\/","url":"https:\/\/www.24gliwice.pl\/wiadomosci\/nowosc-w-programie-cyklu-wiosna-z-fryderykiem-pianoforte-pokaz-filmu-oraz-spotkanie-z-tworcami\/","name":"Nowo\u015b\u0107 w programie cyklu \u201eWiosna z Fryderykiem\u201d. Pianoforte - pokaz filmu oraz spotkanie z tw\u00f3rcami - 24GLIWICE - Portal Gliwice | codziennie nowe informacje","isPartOf":{"@id":"https:\/\/www.24gliwice.pl\/wiadomosci\/#website"},"primaryImageOfPage":{"@id":"https:\/\/www.24gliwice.pl\/wiadomosci\/nowosc-w-programie-cyklu-wiosna-z-fryderykiem-pianoforte-pokaz-filmu-oraz-spotkanie-z-tworcami\/#primaryimage"},"image":{"@id":"https:\/\/www.24gliwice.pl\/wiadomosci\/nowosc-w-programie-cyklu-wiosna-z-fryderykiem-pianoforte-pokaz-filmu-oraz-spotkanie-z-tworcami\/#primaryimage"},"thumbnailUrl":"https:\/\/www.24gliwice.pl\/wiadomosci\/wp-content\/uploads\/2025\/04\/wiosna-z-fryderykiem-www-1.jpg","datePublished":"2025-04-08T21:59:22+00:00","dateModified":"2025-04-09T00:36:42+00:00","breadcrumb":{"@id":"https:\/\/www.24gliwice.pl\/wiadomosci\/nowosc-w-programie-cyklu-wiosna-z-fryderykiem-pianoforte-pokaz-filmu-oraz-spotkanie-z-tworcami\/#breadcrumb"},"inLanguage":"pl-PL","potentialAction":[{"@type":"ReadAction","target":["https:\/\/www.24gliwice.pl\/wiadomosci\/nowosc-w-programie-cyklu-wiosna-z-fryderykiem-pianoforte-pokaz-filmu-oraz-spotkanie-z-tworcami\/"]}]},{"@type":"ImageObject","inLanguage":"pl-PL","@id":"https:\/\/www.24gliwice.pl\/wiadomosci\/nowosc-w-programie-cyklu-wiosna-z-fryderykiem-pianoforte-pokaz-filmu-oraz-spotkanie-z-tworcami\/#primaryimage","url":"https:\/\/www.24gliwice.pl\/wiadomosci\/wp-content\/uploads\/2025\/04\/wiosna-z-fryderykiem-www-1.jpg","contentUrl":"https:\/\/www.24gliwice.pl\/wiadomosci\/wp-content\/uploads\/2025\/04\/wiosna-z-fryderykiem-www-1.jpg","width":810,"height":405},{"@type":"BreadcrumbList","@id":"https:\/\/www.24gliwice.pl\/wiadomosci\/nowosc-w-programie-cyklu-wiosna-z-fryderykiem-pianoforte-pokaz-filmu-oraz-spotkanie-z-tworcami\/#breadcrumb","itemListElement":[{"@type":"ListItem","position":1,"name":"Strona g\u0142\u00f3wna","item":"https:\/\/www.24gliwice.pl\/wiadomosci\/"},{"@type":"ListItem","position":2,"name":"Nowo\u015b\u0107 w programie cyklu \u201eWiosna z Fryderykiem\u201d. Pianoforte &#8211; pokaz filmu oraz spotkanie z tw\u00f3rcami"}]},{"@type":"WebSite","@id":"https:\/\/www.24gliwice.pl\/wiadomosci\/#website","url":"https:\/\/www.24gliwice.pl\/wiadomosci\/","name":"24GLIWICE - Portal Gliwice | codziennie nowe wiadomo\u015bci","description":"Portal Miejski Gliwice","publisher":{"@id":"https:\/\/www.24gliwice.pl\/wiadomosci\/#organization"},"potentialAction":[{"@type":"SearchAction","target":{"@type":"EntryPoint","urlTemplate":"https:\/\/www.24gliwice.pl\/wiadomosci\/?s={search_term_string}"},"query-input":{"@type":"PropertyValueSpecification","valueRequired":true,"valueName":"search_term_string"}}],"inLanguage":"pl-PL"},{"@type":"Organization","@id":"https:\/\/www.24gliwice.pl\/wiadomosci\/#organization","name":"24gliwice","url":"https:\/\/www.24gliwice.pl\/wiadomosci\/","logo":{"@type":"ImageObject","inLanguage":"pl-PL","@id":"https:\/\/www.24gliwice.pl\/wiadomosci\/#\/schema\/logo\/image\/","url":"https:\/\/www.24gliwice.pl\/wiadomosci\/wp-content\/uploads\/2024\/10\/24gliwice-logo-696.jpg","contentUrl":"https:\/\/www.24gliwice.pl\/wiadomosci\/wp-content\/uploads\/2024\/10\/24gliwice-logo-696.jpg","width":696,"height":696,"caption":"24gliwice"},"image":{"@id":"https:\/\/www.24gliwice.pl\/wiadomosci\/#\/schema\/logo\/image\/"},"sameAs":["https:\/\/www.facebook.com\/24gliwice","https:\/\/x.com\/24gliwice","https:\/\/www.youtube.com\/@24gliwice"]},{"@type":"Person","@id":"https:\/\/www.24gliwice.pl\/wiadomosci\/#\/schema\/person\/cb5857e4a4d048c15984c1edcc8ef0c0","name":"Marcin Fabrykowski","image":{"@type":"ImageObject","inLanguage":"pl-PL","@id":"https:\/\/www.24gliwice.pl\/wiadomosci\/wp-content\/uploads\/2025\/11\/zdjecie-moje-marcin-300-96x96.jpg","url":"https:\/\/www.24gliwice.pl\/wiadomosci\/wp-content\/uploads\/2025\/11\/zdjecie-moje-marcin-300-96x96.jpg","contentUrl":"https:\/\/www.24gliwice.pl\/wiadomosci\/wp-content\/uploads\/2025\/11\/zdjecie-moje-marcin-300-96x96.jpg","caption":"Marcin Fabrykowski"},"sameAs":["http:\/\/24gliwice.pl","https:\/\/www.facebook.com\/marcin.fabrykowski"],"url":"https:\/\/www.24gliwice.pl\/wiadomosci\/author\/marcin-fabrykowski\/"}]}},"_links":{"self":[{"href":"https:\/\/www.24gliwice.pl\/wiadomosci\/wp-json\/wp\/v2\/posts\/252560","targetHints":{"allow":["GET"]}}],"collection":[{"href":"https:\/\/www.24gliwice.pl\/wiadomosci\/wp-json\/wp\/v2\/posts"}],"about":[{"href":"https:\/\/www.24gliwice.pl\/wiadomosci\/wp-json\/wp\/v2\/types\/post"}],"author":[{"embeddable":true,"href":"https:\/\/www.24gliwice.pl\/wiadomosci\/wp-json\/wp\/v2\/users\/4"}],"replies":[{"embeddable":true,"href":"https:\/\/www.24gliwice.pl\/wiadomosci\/wp-json\/wp\/v2\/comments?post=252560"}],"version-history":[{"count":0,"href":"https:\/\/www.24gliwice.pl\/wiadomosci\/wp-json\/wp\/v2\/posts\/252560\/revisions"}],"wp:featuredmedia":[{"embeddable":true,"href":"https:\/\/www.24gliwice.pl\/wiadomosci\/wp-json\/wp\/v2\/media\/252567"}],"wp:attachment":[{"href":"https:\/\/www.24gliwice.pl\/wiadomosci\/wp-json\/wp\/v2\/media?parent=252560"}],"wp:term":[{"taxonomy":"category","embeddable":true,"href":"https:\/\/www.24gliwice.pl\/wiadomosci\/wp-json\/wp\/v2\/categories?post=252560"},{"taxonomy":"post_tag","embeddable":true,"href":"https:\/\/www.24gliwice.pl\/wiadomosci\/wp-json\/wp\/v2\/tags?post=252560"}],"curies":[{"name":"wp","href":"https:\/\/api.w.org\/{rel}","templated":true}]}}