{"id":252607,"date":"2025-04-09T16:58:34","date_gmt":"2025-04-09T14:58:34","guid":{"rendered":"https:\/\/www.24gliwice.pl\/wiadomosci\/?p=252607"},"modified":"2025-04-09T16:59:17","modified_gmt":"2025-04-09T14:59:17","slug":"panele-na-sciane-tapicerowane-stylowa-i-praktyczna-dekoracja-do-kazdego-wnetrza","status":"publish","type":"post","link":"https:\/\/www.24gliwice.pl\/wiadomosci\/panele-na-sciane-tapicerowane-stylowa-i-praktyczna-dekoracja-do-kazdego-wnetrza\/","title":{"rendered":"Panele na \u015bcian\u0119 tapicerowane &#8211; stylowa i praktyczna dekoracja do ka\u017cdego wn\u0119trza"},"content":{"rendered":"<h4>W aran\u017cacji wn\u0119trz coraz wi\u0119ksz\u0105 rol\u0119 odgrywa nie tylko funkcjonalno\u015b\u0107, ale i estetyka. Panele na \u015bcian\u0119 tapicerowane to rozwi\u0105zanie, kt\u00f3re \u0142\u0105czy obie te cechy, tworz\u0105c przytuln\u0105 atmosfer\u0119 i dodaj\u0105c wn\u0119trzu elegancji. Czy warto zdecydowa\u0107 si\u0119 na ten element dekoracyjny? Jakie s\u0105 jego zalety i w jakich pomieszczeniach sprawdzi si\u0119 najlepiej?<\/h4>\n<p>&nbsp;<\/p>\n<h2>Panele tapicerowane &#8211; wi\u0119cej ni\u017c dekoracja<\/h2>\n<p><strong><a href=\"https:\/\/sofello24.pl\/produkt\/panele-tapicerowane\/\">Panele na \u015bcian\u0119 tapicerowane<\/a><\/strong> to nie tylko efektowny element aran\u017cacyjny, ale tak\u017ce praktyczne rozwi\u0105zanie dla os\u00f3b ceni\u0105cych komfort. Dzi\u0119ki zastosowaniu mi\u0119kkich materia\u0142\u00f3w, takich jak welur, ekosk\u00f3ra czy bawe\u0142na, panele zapewniaj\u0105 przyjemny dotyk i dodatkow\u0105 warstw\u0119 izolacji akustycznej. Ich najwi\u0119ksz\u0105 zalet\u0105 jest wszechstronno\u015b\u0107 \u2013 mo\u017cna je zastosowa\u0107 zar\u00f3wno w salonie, sypialni, jak i pokoju dzieci\u0119cym. S\u0105 dost\u0119pne w r\u00f3\u017cnych kszta\u0142tach, kolorach i wzorach, co pozwala na dopasowanie do ka\u017cdego stylu wn\u0119trza \u2013 od nowoczesnego minimalizmu po klasyczn\u0105 elegancj\u0119.<\/p>\n<h2>Komfort i funkcjonalno\u015b\u0107 w jednym<\/h2>\n<p>Jednym z g\u0142\u00f3wnych powod\u00f3w, dla kt\u00f3rych warto rozwa\u017cy\u0107 <strong>panele na \u015bcian\u0119 tapicerowane<\/strong>, jest ich funkcjonalno\u015b\u0107. Poza walorami estetycznymi oferuj\u0105 one r\u00f3wnie\u017c:<\/p>\n<ul>\n<li>\n<p>izolacj\u0119 akustyczn\u0105 \u2013 t\u0142umi\u0105 d\u017awi\u0119ki, co jest szczeg\u00f3lnie przydatne w mieszkaniach o cienkich \u015bcianach lub w domach z ma\u0142ymi dzie\u0107mi.<\/p>\n<\/li>\n<li>\n<p>dodatkow\u0105 warstw\u0119 izolacyjn\u0105 \u2013 mog\u0105 poprawi\u0107 komfort termiczny pomieszczenia, zw\u0142aszcza gdy \u015bciany s\u0105 zimne.<\/p>\n<\/li>\n<li>\n<p>bezpiecze\u0144stwo \u2013 mi\u0119kka powierzchnia zmniejsza ryzyko uraz\u00f3w, co czyni je \u015bwietnym wyborem do pokoju dzieci\u0119cego.<\/p>\n<\/li>\n<\/ul>\n<p>Dzi\u0119ki tym cechom panele na \u015bcian\u0119 tapicerowane s\u0105 rozwi\u0105zaniem, kt\u00f3re sprawdza si\u0119 zar\u00f3wno w przestrzeniach prywatnych, jak i komercyjnych \u2013 na przyk\u0142ad w hotelach, restauracjach czy biurach.<\/p>\n<h2>Gdzie sprawdz\u0105 si\u0119 panele na \u015bcian\u0119 tapicerowane?<\/h2>\n<h3>Sypialnia \u2013 przytulno\u015b\u0107 i elegancja<\/h3>\n<p>W sypialni panele tapicerowane najcz\u0119\u015bciej montuje si\u0119 nad \u0142\u00f3\u017ckiem, tworz\u0105c efektowny zag\u0142\u00f3wek. To rozwi\u0105zanie nie tylko podnosi estetyk\u0119 wn\u0119trza, ale r\u00f3wnie\u017c zwi\u0119ksza komfort \u2013 dzi\u0119ki mi\u0119kkiej powierzchni mo\u017cna wygodnie oprze\u0107 si\u0119 podczas czytania ksi\u0105\u017cki lub ogl\u0105dania telewizji.<\/p>\n<h3>Salon \u2013 nowoczesna aran\u017cacja<\/h3>\n<p>W salonie panele na \u015bcian\u0119 tapicerowane mog\u0105 pe\u0142ni\u0107 funkcj\u0119 ozdobnej \u015bciany telewizyjnej lub akcentu nadaj\u0105cego wn\u0119trzu luksusowy charakter. W po\u0142\u0105czeniu z odpowiednim o\u015bwietleniem tworz\u0105 efektowne t\u0142o dla mebli i dekoracji.<\/p>\n<h3>Pok\u00f3j dzieci\u0119cy \u2013 bezpiecze\u0144stwo i estetyka<\/h3>\n<p>Rodzice cz\u0119sto wybieraj\u0105 panele tapicerowane do pokoi dzieci\u0119cych, poniewa\u017c stanowi\u0105 one mi\u0119kk\u0105 i bezpieczn\u0105 powierzchni\u0119. Chroni\u0105 maluchy przed uderzeniami i dodaj\u0105 wn\u0119trzu przytulno\u015bci, a przy okazji mo\u017cna je wykorzysta\u0107 jako wygodne oparcie przy biurku czy strefie zabaw.<\/p>\n<h3>Przedpok\u00f3j \u2013 elegancki akcent<\/h3>\n<p>Ciekawym pomys\u0142em jest zastosowanie paneli tapicerowanych w przedpokoju. Mog\u0105 one pe\u0142ni\u0107 funkcj\u0119 efektownego t\u0142a dla siedziska lub miejsca do przechowywania, a przy okazji sprawiaj\u0105, \u017ce przestrze\u0144 staje si\u0119 bardziej reprezentacyjna.<\/p>\n<h2>Jak dobra\u0107 odpowiednie panele tapicerowane?<\/h2>\n<p>Wybieraj\u0105c <strong>panele na \u015bcian\u0119 tapicerowane<\/strong>, warto zwr\u00f3ci\u0107 uwag\u0119 na kilka aspekt\u00f3w:<\/p>\n<ul>\n<li>\n<p>Materia\u0142 obicia \u2013 welur dodaje elegancji, ekosk\u00f3ra jest \u0142atwa w czyszczeniu, a bawe\u0142na zapewnia naturalny wygl\u0105d.<\/p>\n<\/li>\n<li>\n<p>Kolor i wz\u00f3r \u2013 jasne odcienie optycznie powi\u0119kszaj\u0105 przestrze\u0144, ciemne dodaj\u0105 wn\u0119trzu g\u0142\u0119bi i wyrazisto\u015bci.<\/p>\n<\/li>\n<li>\n<p>Monta\u017c \u2013 wi\u0119kszo\u015b\u0107 paneli mocuje si\u0119 na rzepy lub specjalne listwy, co u\u0142atwia ich instalacj\u0119 i ewentualne wymiany.<\/p>\n<\/li>\n<\/ul>\n<p>Dzi\u0119ki bogatej ofercie na rynku, panele tapicerowane mo\u017cna dopasowa\u0107 do ka\u017cdego wn\u0119trza, niezale\u017cnie od jego stylu i funkcji.<\/p>\n<h2>Panele na \u015bcian\u0119 tapicerowane \u2013 stylowa i praktyczna dekoracja do ka\u017cdego wn\u0119trza<\/h2>\n<p>Panele tapicerowane to doskona\u0142e po\u0142\u0105czenie designu i funkcjonalno\u015bci. Oferuj\u0105 komfort, izolacj\u0119 akustyczn\u0105 i estetyk\u0119, czyni\u0105c ka\u017cde wn\u0119trze bardziej przytulnym i stylowym. Bez wzgl\u0119du na to, czy szukasz efektownego zag\u0142\u00f3wka do sypialni, dekoracyjnej \u015bciany do salonu czy bezpiecznej przestrzeni dla dziecka \u2013 to rozwi\u0105zanie spe\u0142ni Twoje oczekiwania.<\/p>\n<h2>Panele na \u015bcian\u0119 tapicerowane &#8211; Sofello<\/h2>\n<p><strong>Adres:<\/strong><br \/>Szarych Szereg\u00f3w 22, 56-500 Syc\u00f3w<br \/>\nwoj. dolno\u015bl\u0105skie<br \/>\n<strong>Telefon:<\/strong><br \/>+48 692 729 732<br \/>\n<strong>Strona WWW:<\/strong><br \/>https:\/\/sofello24.pl\/<\/p>\n<div id=\"gliwi-3154839157\"><div class=\"gliwi-adlabel\"><span style=\"font-size: 9px\">REKLAMA<\/span><\/div><small>materia\u0142 partnera | <a href=\"https:\/\/www.24gliwice.pl\/wiadomosci\/material-partnera-warunki\/\" target=\"_blank\" rel=\"noopener\">informacja<\/a><\/small><\/div>\n","protected":false},"excerpt":{"rendered":"<p>W aran\u017cacji wn\u0119trz coraz wi\u0119ksz\u0105 rol\u0119 odgrywa nie tylko funkcjonalno\u015b\u0107, ale i estetyka. Panele na \u015bcian\u0119 tapicerowane to rozwi\u0105zanie, kt\u00f3re \u0142\u0105czy obie te cechy, tworz\u0105c przytuln\u0105 atmosfer\u0119 i dodaj\u0105c wn\u0119trzu elegancji. Czy warto zdecydowa\u0107 si\u0119 na ten element dekoracyjny? Jakie s\u0105 jego zalety i w jakich pomieszczeniach sprawdzi si\u0119 najlepiej? &nbsp; Panele tapicerowane &#8211; wi\u0119cej [&hellip;]<\/p>\n","protected":false},"author":4,"featured_media":252608,"comment_status":"closed","ping_status":"closed","sticky":false,"template":"","format":"standard","meta":{"_monsterinsights_skip_tracking":false,"_monsterinsights_sitenote_active":false,"_monsterinsights_sitenote_note":"","_monsterinsights_sitenote_category":0,"footnotes":"","_links_to":"","_links_to_target":""},"categories":[22470],"tags":[],"class_list":["post-252607","post","type-post","status-publish","format-standard","has-post-thumbnail","hentry","category-material_p"],"yoast_head":"<!-- This site is optimized with the Yoast SEO plugin v27.5 - https:\/\/yoast.com\/product\/yoast-seo-wordpress\/ -->\n<title>Panele na \u015bcian\u0119 tapicerowane - stylowa i praktyczna dekoracja do ka\u017cdego wn\u0119trza - 24GLIWICE - Portal Gliwice | codziennie nowe informacje<\/title>\n<meta name=\"robots\" content=\"index, follow, max-snippet:-1, max-image-preview:large, max-video-preview:-1\" \/>\n<link rel=\"canonical\" href=\"https:\/\/www.24gliwice.pl\/wiadomosci\/panele-na-sciane-tapicerowane-stylowa-i-praktyczna-dekoracja-do-kazdego-wnetrza\/\" \/>\n<meta property=\"og:locale\" content=\"pl_PL\" \/>\n<meta property=\"og:type\" content=\"article\" \/>\n<meta property=\"og:title\" content=\"Panele na \u015bcian\u0119 tapicerowane - stylowa i praktyczna dekoracja do ka\u017cdego wn\u0119trza - 24GLIWICE - Portal Gliwice | codziennie nowe informacje\" \/>\n<meta property=\"og:description\" content=\"W aran\u017cacji wn\u0119trz coraz wi\u0119ksz\u0105 rol\u0119 odgrywa nie tylko funkcjonalno\u015b\u0107, ale i estetyka. Panele na \u015bcian\u0119 tapicerowane to rozwi\u0105zanie, kt\u00f3re \u0142\u0105czy obie te cechy, tworz\u0105c przytuln\u0105 atmosfer\u0119 i dodaj\u0105c wn\u0119trzu elegancji. Czy warto zdecydowa\u0107 si\u0119 na ten element dekoracyjny? Jakie s\u0105 jego zalety i w jakich pomieszczeniach sprawdzi si\u0119 najlepiej? &nbsp; Panele tapicerowane &#8211; wi\u0119cej [&hellip;]\" \/>\n<meta property=\"og:url\" content=\"https:\/\/www.24gliwice.pl\/wiadomosci\/panele-na-sciane-tapicerowane-stylowa-i-praktyczna-dekoracja-do-kazdego-wnetrza\/\" \/>\n<meta property=\"og:site_name\" content=\"24GLIWICE - Portal Gliwice | codziennie nowe informacje\" \/>\n<meta property=\"article:publisher\" content=\"https:\/\/www.facebook.com\/24gliwice\" \/>\n<meta property=\"article:author\" content=\"https:\/\/www.facebook.com\/marcin.fabrykowski\" \/>\n<meta property=\"article:published_time\" content=\"2025-04-09T14:58:34+00:00\" \/>\n<meta property=\"article:modified_time\" content=\"2025-04-09T14:59:17+00:00\" \/>\n<meta property=\"og:image\" content=\"https:\/\/www.24gliwice.pl\/wiadomosci\/wp-content\/uploads\/2025\/04\/Panele-na-sciane-tapicerowane-Sofello.jpg\" \/>\n\t<meta property=\"og:image:width\" content=\"810\" \/>\n\t<meta property=\"og:image:height\" content=\"425\" \/>\n\t<meta property=\"og:image:type\" content=\"image\/jpeg\" \/>\n<meta name=\"author\" content=\"Marcin Fabrykowski\" \/>\n<meta name=\"twitter:card\" content=\"summary_large_image\" \/>\n<meta name=\"twitter:creator\" content=\"@24gliwice\" \/>\n<meta name=\"twitter:site\" content=\"@24gliwice\" \/>\n<meta name=\"twitter:label1\" content=\"Napisane przez\" \/>\n\t<meta name=\"twitter:data1\" content=\"Marcin Fabrykowski\" \/>\n\t<meta name=\"twitter:label2\" content=\"Szacowany czas czytania\" \/>\n\t<meta name=\"twitter:data2\" content=\"1 minuta\" \/>\n<script type=\"application\/ld+json\" class=\"yoast-schema-graph\">{\"@context\":\"https:\\\/\\\/schema.org\",\"@graph\":[{\"@type\":\"Article\",\"@id\":\"https:\\\/\\\/www.24gliwice.pl\\\/wiadomosci\\\/panele-na-sciane-tapicerowane-stylowa-i-praktyczna-dekoracja-do-kazdego-wnetrza\\\/#article\",\"isPartOf\":{\"@id\":\"https:\\\/\\\/www.24gliwice.pl\\\/wiadomosci\\\/panele-na-sciane-tapicerowane-stylowa-i-praktyczna-dekoracja-do-kazdego-wnetrza\\\/\"},\"author\":{\"name\":\"Marcin Fabrykowski\",\"@id\":\"https:\\\/\\\/www.24gliwice.pl\\\/wiadomosci\\\/#\\\/schema\\\/person\\\/cb5857e4a4d048c15984c1edcc8ef0c0\"},\"headline\":\"Panele na \u015bcian\u0119 tapicerowane &#8211; stylowa i praktyczna dekoracja do ka\u017cdego wn\u0119trza\",\"datePublished\":\"2025-04-09T14:58:34+00:00\",\"dateModified\":\"2025-04-09T14:59:17+00:00\",\"mainEntityOfPage\":{\"@id\":\"https:\\\/\\\/www.24gliwice.pl\\\/wiadomosci\\\/panele-na-sciane-tapicerowane-stylowa-i-praktyczna-dekoracja-do-kazdego-wnetrza\\\/\"},\"wordCount\":672,\"publisher\":{\"@id\":\"https:\\\/\\\/www.24gliwice.pl\\\/wiadomosci\\\/#organization\"},\"image\":{\"@id\":\"https:\\\/\\\/www.24gliwice.pl\\\/wiadomosci\\\/panele-na-sciane-tapicerowane-stylowa-i-praktyczna-dekoracja-do-kazdego-wnetrza\\\/#primaryimage\"},\"thumbnailUrl\":\"https:\\\/\\\/www.24gliwice.pl\\\/wiadomosci\\\/wp-content\\\/uploads\\\/2025\\\/04\\\/Panele-na-sciane-tapicerowane-Sofello.jpg\",\"articleSection\":[\"materia\u0142 partnera\"],\"inLanguage\":\"pl-PL\"},{\"@type\":\"WebPage\",\"@id\":\"https:\\\/\\\/www.24gliwice.pl\\\/wiadomosci\\\/panele-na-sciane-tapicerowane-stylowa-i-praktyczna-dekoracja-do-kazdego-wnetrza\\\/\",\"url\":\"https:\\\/\\\/www.24gliwice.pl\\\/wiadomosci\\\/panele-na-sciane-tapicerowane-stylowa-i-praktyczna-dekoracja-do-kazdego-wnetrza\\\/\",\"name\":\"Panele na \u015bcian\u0119 tapicerowane - stylowa i praktyczna dekoracja do ka\u017cdego wn\u0119trza - 24GLIWICE - Portal Gliwice | codziennie nowe informacje\",\"isPartOf\":{\"@id\":\"https:\\\/\\\/www.24gliwice.pl\\\/wiadomosci\\\/#website\"},\"primaryImageOfPage\":{\"@id\":\"https:\\\/\\\/www.24gliwice.pl\\\/wiadomosci\\\/panele-na-sciane-tapicerowane-stylowa-i-praktyczna-dekoracja-do-kazdego-wnetrza\\\/#primaryimage\"},\"image\":{\"@id\":\"https:\\\/\\\/www.24gliwice.pl\\\/wiadomosci\\\/panele-na-sciane-tapicerowane-stylowa-i-praktyczna-dekoracja-do-kazdego-wnetrza\\\/#primaryimage\"},\"thumbnailUrl\":\"https:\\\/\\\/www.24gliwice.pl\\\/wiadomosci\\\/wp-content\\\/uploads\\\/2025\\\/04\\\/Panele-na-sciane-tapicerowane-Sofello.jpg\",\"datePublished\":\"2025-04-09T14:58:34+00:00\",\"dateModified\":\"2025-04-09T14:59:17+00:00\",\"breadcrumb\":{\"@id\":\"https:\\\/\\\/www.24gliwice.pl\\\/wiadomosci\\\/panele-na-sciane-tapicerowane-stylowa-i-praktyczna-dekoracja-do-kazdego-wnetrza\\\/#breadcrumb\"},\"inLanguage\":\"pl-PL\",\"potentialAction\":[{\"@type\":\"ReadAction\",\"target\":[\"https:\\\/\\\/www.24gliwice.pl\\\/wiadomosci\\\/panele-na-sciane-tapicerowane-stylowa-i-praktyczna-dekoracja-do-kazdego-wnetrza\\\/\"]}]},{\"@type\":\"ImageObject\",\"inLanguage\":\"pl-PL\",\"@id\":\"https:\\\/\\\/www.24gliwice.pl\\\/wiadomosci\\\/panele-na-sciane-tapicerowane-stylowa-i-praktyczna-dekoracja-do-kazdego-wnetrza\\\/#primaryimage\",\"url\":\"https:\\\/\\\/www.24gliwice.pl\\\/wiadomosci\\\/wp-content\\\/uploads\\\/2025\\\/04\\\/Panele-na-sciane-tapicerowane-Sofello.jpg\",\"contentUrl\":\"https:\\\/\\\/www.24gliwice.pl\\\/wiadomosci\\\/wp-content\\\/uploads\\\/2025\\\/04\\\/Panele-na-sciane-tapicerowane-Sofello.jpg\",\"width\":810,\"height\":425},{\"@type\":\"BreadcrumbList\",\"@id\":\"https:\\\/\\\/www.24gliwice.pl\\\/wiadomosci\\\/panele-na-sciane-tapicerowane-stylowa-i-praktyczna-dekoracja-do-kazdego-wnetrza\\\/#breadcrumb\",\"itemListElement\":[{\"@type\":\"ListItem\",\"position\":1,\"name\":\"Strona g\u0142\u00f3wna\",\"item\":\"https:\\\/\\\/www.24gliwice.pl\\\/wiadomosci\\\/\"},{\"@type\":\"ListItem\",\"position\":2,\"name\":\"Panele na \u015bcian\u0119 tapicerowane &#8211; stylowa i praktyczna dekoracja do ka\u017cdego wn\u0119trza\"}]},{\"@type\":\"WebSite\",\"@id\":\"https:\\\/\\\/www.24gliwice.pl\\\/wiadomosci\\\/#website\",\"url\":\"https:\\\/\\\/www.24gliwice.pl\\\/wiadomosci\\\/\",\"name\":\"24GLIWICE - Portal Gliwice | codziennie nowe wiadomo\u015bci\",\"description\":\"Portal Miejski Gliwice\",\"publisher\":{\"@id\":\"https:\\\/\\\/www.24gliwice.pl\\\/wiadomosci\\\/#organization\"},\"potentialAction\":[{\"@type\":\"SearchAction\",\"target\":{\"@type\":\"EntryPoint\",\"urlTemplate\":\"https:\\\/\\\/www.24gliwice.pl\\\/wiadomosci\\\/?s={search_term_string}\"},\"query-input\":{\"@type\":\"PropertyValueSpecification\",\"valueRequired\":true,\"valueName\":\"search_term_string\"}}],\"inLanguage\":\"pl-PL\"},{\"@type\":\"Organization\",\"@id\":\"https:\\\/\\\/www.24gliwice.pl\\\/wiadomosci\\\/#organization\",\"name\":\"24gliwice\",\"url\":\"https:\\\/\\\/www.24gliwice.pl\\\/wiadomosci\\\/\",\"logo\":{\"@type\":\"ImageObject\",\"inLanguage\":\"pl-PL\",\"@id\":\"https:\\\/\\\/www.24gliwice.pl\\\/wiadomosci\\\/#\\\/schema\\\/logo\\\/image\\\/\",\"url\":\"https:\\\/\\\/www.24gliwice.pl\\\/wiadomosci\\\/wp-content\\\/uploads\\\/2024\\\/10\\\/24gliwice-logo-696.jpg\",\"contentUrl\":\"https:\\\/\\\/www.24gliwice.pl\\\/wiadomosci\\\/wp-content\\\/uploads\\\/2024\\\/10\\\/24gliwice-logo-696.jpg\",\"width\":696,\"height\":696,\"caption\":\"24gliwice\"},\"image\":{\"@id\":\"https:\\\/\\\/www.24gliwice.pl\\\/wiadomosci\\\/#\\\/schema\\\/logo\\\/image\\\/\"},\"sameAs\":[\"https:\\\/\\\/www.facebook.com\\\/24gliwice\",\"https:\\\/\\\/x.com\\\/24gliwice\",\"https:\\\/\\\/www.youtube.com\\\/@24gliwice\"]},{\"@type\":\"Person\",\"@id\":\"https:\\\/\\\/www.24gliwice.pl\\\/wiadomosci\\\/#\\\/schema\\\/person\\\/cb5857e4a4d048c15984c1edcc8ef0c0\",\"name\":\"Marcin Fabrykowski\",\"image\":{\"@type\":\"ImageObject\",\"inLanguage\":\"pl-PL\",\"@id\":\"https:\\\/\\\/www.24gliwice.pl\\\/wiadomosci\\\/wp-content\\\/uploads\\\/2025\\\/11\\\/zdjecie-moje-marcin-300-96x96.jpg\",\"url\":\"https:\\\/\\\/www.24gliwice.pl\\\/wiadomosci\\\/wp-content\\\/uploads\\\/2025\\\/11\\\/zdjecie-moje-marcin-300-96x96.jpg\",\"contentUrl\":\"https:\\\/\\\/www.24gliwice.pl\\\/wiadomosci\\\/wp-content\\\/uploads\\\/2025\\\/11\\\/zdjecie-moje-marcin-300-96x96.jpg\",\"caption\":\"Marcin Fabrykowski\"},\"sameAs\":[\"http:\\\/\\\/24gliwice.pl\",\"https:\\\/\\\/www.facebook.com\\\/marcin.fabrykowski\"],\"url\":\"https:\\\/\\\/www.24gliwice.pl\\\/wiadomosci\\\/author\\\/marcin-fabrykowski\\\/\"}]}<\/script>\n<!-- \/ Yoast SEO plugin. -->","yoast_head_json":{"title":"Panele na \u015bcian\u0119 tapicerowane - stylowa i praktyczna dekoracja do ka\u017cdego wn\u0119trza - 24GLIWICE - Portal Gliwice | codziennie nowe informacje","robots":{"index":"index","follow":"follow","max-snippet":"max-snippet:-1","max-image-preview":"max-image-preview:large","max-video-preview":"max-video-preview:-1"},"canonical":"https:\/\/www.24gliwice.pl\/wiadomosci\/panele-na-sciane-tapicerowane-stylowa-i-praktyczna-dekoracja-do-kazdego-wnetrza\/","og_locale":"pl_PL","og_type":"article","og_title":"Panele na \u015bcian\u0119 tapicerowane - stylowa i praktyczna dekoracja do ka\u017cdego wn\u0119trza - 24GLIWICE - Portal Gliwice | codziennie nowe informacje","og_description":"W aran\u017cacji wn\u0119trz coraz wi\u0119ksz\u0105 rol\u0119 odgrywa nie tylko funkcjonalno\u015b\u0107, ale i estetyka. Panele na \u015bcian\u0119 tapicerowane to rozwi\u0105zanie, kt\u00f3re \u0142\u0105czy obie te cechy, tworz\u0105c przytuln\u0105 atmosfer\u0119 i dodaj\u0105c wn\u0119trzu elegancji. Czy warto zdecydowa\u0107 si\u0119 na ten element dekoracyjny? Jakie s\u0105 jego zalety i w jakich pomieszczeniach sprawdzi si\u0119 najlepiej? &nbsp; Panele tapicerowane &#8211; wi\u0119cej [&hellip;]","og_url":"https:\/\/www.24gliwice.pl\/wiadomosci\/panele-na-sciane-tapicerowane-stylowa-i-praktyczna-dekoracja-do-kazdego-wnetrza\/","og_site_name":"24GLIWICE - Portal Gliwice | codziennie nowe informacje","article_publisher":"https:\/\/www.facebook.com\/24gliwice","article_author":"https:\/\/www.facebook.com\/marcin.fabrykowski","article_published_time":"2025-04-09T14:58:34+00:00","article_modified_time":"2025-04-09T14:59:17+00:00","og_image":[{"width":810,"height":425,"url":"https:\/\/www.24gliwice.pl\/wiadomosci\/wp-content\/uploads\/2025\/04\/Panele-na-sciane-tapicerowane-Sofello.jpg","type":"image\/jpeg"}],"author":"Marcin Fabrykowski","twitter_card":"summary_large_image","twitter_creator":"@24gliwice","twitter_site":"@24gliwice","twitter_misc":{"Napisane przez":"Marcin Fabrykowski","Szacowany czas czytania":"1 minuta"},"schema":{"@context":"https:\/\/schema.org","@graph":[{"@type":"Article","@id":"https:\/\/www.24gliwice.pl\/wiadomosci\/panele-na-sciane-tapicerowane-stylowa-i-praktyczna-dekoracja-do-kazdego-wnetrza\/#article","isPartOf":{"@id":"https:\/\/www.24gliwice.pl\/wiadomosci\/panele-na-sciane-tapicerowane-stylowa-i-praktyczna-dekoracja-do-kazdego-wnetrza\/"},"author":{"name":"Marcin Fabrykowski","@id":"https:\/\/www.24gliwice.pl\/wiadomosci\/#\/schema\/person\/cb5857e4a4d048c15984c1edcc8ef0c0"},"headline":"Panele na \u015bcian\u0119 tapicerowane &#8211; stylowa i praktyczna dekoracja do ka\u017cdego wn\u0119trza","datePublished":"2025-04-09T14:58:34+00:00","dateModified":"2025-04-09T14:59:17+00:00","mainEntityOfPage":{"@id":"https:\/\/www.24gliwice.pl\/wiadomosci\/panele-na-sciane-tapicerowane-stylowa-i-praktyczna-dekoracja-do-kazdego-wnetrza\/"},"wordCount":672,"publisher":{"@id":"https:\/\/www.24gliwice.pl\/wiadomosci\/#organization"},"image":{"@id":"https:\/\/www.24gliwice.pl\/wiadomosci\/panele-na-sciane-tapicerowane-stylowa-i-praktyczna-dekoracja-do-kazdego-wnetrza\/#primaryimage"},"thumbnailUrl":"https:\/\/www.24gliwice.pl\/wiadomosci\/wp-content\/uploads\/2025\/04\/Panele-na-sciane-tapicerowane-Sofello.jpg","articleSection":["materia\u0142 partnera"],"inLanguage":"pl-PL"},{"@type":"WebPage","@id":"https:\/\/www.24gliwice.pl\/wiadomosci\/panele-na-sciane-tapicerowane-stylowa-i-praktyczna-dekoracja-do-kazdego-wnetrza\/","url":"https:\/\/www.24gliwice.pl\/wiadomosci\/panele-na-sciane-tapicerowane-stylowa-i-praktyczna-dekoracja-do-kazdego-wnetrza\/","name":"Panele na \u015bcian\u0119 tapicerowane - stylowa i praktyczna dekoracja do ka\u017cdego wn\u0119trza - 24GLIWICE - Portal Gliwice | codziennie nowe informacje","isPartOf":{"@id":"https:\/\/www.24gliwice.pl\/wiadomosci\/#website"},"primaryImageOfPage":{"@id":"https:\/\/www.24gliwice.pl\/wiadomosci\/panele-na-sciane-tapicerowane-stylowa-i-praktyczna-dekoracja-do-kazdego-wnetrza\/#primaryimage"},"image":{"@id":"https:\/\/www.24gliwice.pl\/wiadomosci\/panele-na-sciane-tapicerowane-stylowa-i-praktyczna-dekoracja-do-kazdego-wnetrza\/#primaryimage"},"thumbnailUrl":"https:\/\/www.24gliwice.pl\/wiadomosci\/wp-content\/uploads\/2025\/04\/Panele-na-sciane-tapicerowane-Sofello.jpg","datePublished":"2025-04-09T14:58:34+00:00","dateModified":"2025-04-09T14:59:17+00:00","breadcrumb":{"@id":"https:\/\/www.24gliwice.pl\/wiadomosci\/panele-na-sciane-tapicerowane-stylowa-i-praktyczna-dekoracja-do-kazdego-wnetrza\/#breadcrumb"},"inLanguage":"pl-PL","potentialAction":[{"@type":"ReadAction","target":["https:\/\/www.24gliwice.pl\/wiadomosci\/panele-na-sciane-tapicerowane-stylowa-i-praktyczna-dekoracja-do-kazdego-wnetrza\/"]}]},{"@type":"ImageObject","inLanguage":"pl-PL","@id":"https:\/\/www.24gliwice.pl\/wiadomosci\/panele-na-sciane-tapicerowane-stylowa-i-praktyczna-dekoracja-do-kazdego-wnetrza\/#primaryimage","url":"https:\/\/www.24gliwice.pl\/wiadomosci\/wp-content\/uploads\/2025\/04\/Panele-na-sciane-tapicerowane-Sofello.jpg","contentUrl":"https:\/\/www.24gliwice.pl\/wiadomosci\/wp-content\/uploads\/2025\/04\/Panele-na-sciane-tapicerowane-Sofello.jpg","width":810,"height":425},{"@type":"BreadcrumbList","@id":"https:\/\/www.24gliwice.pl\/wiadomosci\/panele-na-sciane-tapicerowane-stylowa-i-praktyczna-dekoracja-do-kazdego-wnetrza\/#breadcrumb","itemListElement":[{"@type":"ListItem","position":1,"name":"Strona g\u0142\u00f3wna","item":"https:\/\/www.24gliwice.pl\/wiadomosci\/"},{"@type":"ListItem","position":2,"name":"Panele na \u015bcian\u0119 tapicerowane &#8211; stylowa i praktyczna dekoracja do ka\u017cdego wn\u0119trza"}]},{"@type":"WebSite","@id":"https:\/\/www.24gliwice.pl\/wiadomosci\/#website","url":"https:\/\/www.24gliwice.pl\/wiadomosci\/","name":"24GLIWICE - Portal Gliwice | codziennie nowe wiadomo\u015bci","description":"Portal Miejski Gliwice","publisher":{"@id":"https:\/\/www.24gliwice.pl\/wiadomosci\/#organization"},"potentialAction":[{"@type":"SearchAction","target":{"@type":"EntryPoint","urlTemplate":"https:\/\/www.24gliwice.pl\/wiadomosci\/?s={search_term_string}"},"query-input":{"@type":"PropertyValueSpecification","valueRequired":true,"valueName":"search_term_string"}}],"inLanguage":"pl-PL"},{"@type":"Organization","@id":"https:\/\/www.24gliwice.pl\/wiadomosci\/#organization","name":"24gliwice","url":"https:\/\/www.24gliwice.pl\/wiadomosci\/","logo":{"@type":"ImageObject","inLanguage":"pl-PL","@id":"https:\/\/www.24gliwice.pl\/wiadomosci\/#\/schema\/logo\/image\/","url":"https:\/\/www.24gliwice.pl\/wiadomosci\/wp-content\/uploads\/2024\/10\/24gliwice-logo-696.jpg","contentUrl":"https:\/\/www.24gliwice.pl\/wiadomosci\/wp-content\/uploads\/2024\/10\/24gliwice-logo-696.jpg","width":696,"height":696,"caption":"24gliwice"},"image":{"@id":"https:\/\/www.24gliwice.pl\/wiadomosci\/#\/schema\/logo\/image\/"},"sameAs":["https:\/\/www.facebook.com\/24gliwice","https:\/\/x.com\/24gliwice","https:\/\/www.youtube.com\/@24gliwice"]},{"@type":"Person","@id":"https:\/\/www.24gliwice.pl\/wiadomosci\/#\/schema\/person\/cb5857e4a4d048c15984c1edcc8ef0c0","name":"Marcin Fabrykowski","image":{"@type":"ImageObject","inLanguage":"pl-PL","@id":"https:\/\/www.24gliwice.pl\/wiadomosci\/wp-content\/uploads\/2025\/11\/zdjecie-moje-marcin-300-96x96.jpg","url":"https:\/\/www.24gliwice.pl\/wiadomosci\/wp-content\/uploads\/2025\/11\/zdjecie-moje-marcin-300-96x96.jpg","contentUrl":"https:\/\/www.24gliwice.pl\/wiadomosci\/wp-content\/uploads\/2025\/11\/zdjecie-moje-marcin-300-96x96.jpg","caption":"Marcin Fabrykowski"},"sameAs":["http:\/\/24gliwice.pl","https:\/\/www.facebook.com\/marcin.fabrykowski"],"url":"https:\/\/www.24gliwice.pl\/wiadomosci\/author\/marcin-fabrykowski\/"}]}},"_links":{"self":[{"href":"https:\/\/www.24gliwice.pl\/wiadomosci\/wp-json\/wp\/v2\/posts\/252607","targetHints":{"allow":["GET"]}}],"collection":[{"href":"https:\/\/www.24gliwice.pl\/wiadomosci\/wp-json\/wp\/v2\/posts"}],"about":[{"href":"https:\/\/www.24gliwice.pl\/wiadomosci\/wp-json\/wp\/v2\/types\/post"}],"author":[{"embeddable":true,"href":"https:\/\/www.24gliwice.pl\/wiadomosci\/wp-json\/wp\/v2\/users\/4"}],"replies":[{"embeddable":true,"href":"https:\/\/www.24gliwice.pl\/wiadomosci\/wp-json\/wp\/v2\/comments?post=252607"}],"version-history":[{"count":0,"href":"https:\/\/www.24gliwice.pl\/wiadomosci\/wp-json\/wp\/v2\/posts\/252607\/revisions"}],"wp:featuredmedia":[{"embeddable":true,"href":"https:\/\/www.24gliwice.pl\/wiadomosci\/wp-json\/wp\/v2\/media\/252608"}],"wp:attachment":[{"href":"https:\/\/www.24gliwice.pl\/wiadomosci\/wp-json\/wp\/v2\/media?parent=252607"}],"wp:term":[{"taxonomy":"category","embeddable":true,"href":"https:\/\/www.24gliwice.pl\/wiadomosci\/wp-json\/wp\/v2\/categories?post=252607"},{"taxonomy":"post_tag","embeddable":true,"href":"https:\/\/www.24gliwice.pl\/wiadomosci\/wp-json\/wp\/v2\/tags?post=252607"}],"curies":[{"name":"wp","href":"https:\/\/api.w.org\/{rel}","templated":true}]}}