{"id":253039,"date":"2025-04-18T17:44:42","date_gmt":"2025-04-18T15:44:42","guid":{"rendered":"https:\/\/www.24gliwice.pl\/wiadomosci\/?p=253039"},"modified":"2025-04-18T17:44:58","modified_gmt":"2025-04-18T15:44:58","slug":"zwieksz-zasieg-swoich-uslug-dzieki-urzadzeniom-defro-poznaj-nowy-wymiar-wspolpracy","status":"publish","type":"post","link":"https:\/\/www.24gliwice.pl\/wiadomosci\/zwieksz-zasieg-swoich-uslug-dzieki-urzadzeniom-defro-poznaj-nowy-wymiar-wspolpracy\/","title":{"rendered":"Zwi\u0119ksz zasi\u0119g swoich us\u0142ug dzi\u0119ki urz\u0105dzeniom DEFRO \u2013 poznaj nowy wymiar wsp\u00f3\u0142pracy"},"content":{"rendered":"<h4>Je\u015bli jeste\u015b instalatorem i chcesz rozwija\u0107 swoj\u0105 dzia\u0142alno\u015b\u0107, DEFRO daje Ci realne narz\u0119dzia do zwi\u0119kszenia zasi\u0119gu i liczby zlece\u0144. Dzi\u0119ki szerokiej ofercie urz\u0105dze\u0144 oraz rozbudowanej sieci wsparcia, mo\u017cesz nie tylko poszerzy\u0107 portfolio us\u0142ug, ale tak\u017ce zdoby\u0107 zupe\u0142nie nowych klient\u00f3w. Zobacz, jak wygl\u0105da wsp\u00f3\u0142praca z DEFRO i jak mo\u017cesz zacz\u0105\u0107 ju\u017c dzi\u015b.<\/h4>\n<p>&nbsp;<\/p>\n<h2>Twoje us\u0142ugi + sprz\u0119t DEFRO = wi\u0119cej mo\u017cliwo\u015bci<\/h2>\n<p align=\"left\">DEFRO to polska marka z wieloletnim do\u015bwiadczeniem w produkcji kot\u0142\u00f3w, pomp ciep\u0142a i system\u00f3w wentylacyjnych. Firma inwestuje nie tylko w rozw\u00f3j technologii, ale r\u00f3wnie\u017c w partnerstwo z instalatorami. Dzi\u0119ki wsp\u00f3\u0142pracy mo\u017cesz rozszerzy\u0107 zakres swoich us\u0142ug o monta\u017c nowoczesnych, energooszcz\u0119dnych urz\u0105dze\u0144 grzewczych.<\/p>\n<p align=\"left\">To oznacza, \u017ce dotrzesz do klient\u00f3w zainteresowanych nowoczesnymi systemami, kt\u00f3rych wcze\u015bniej nie obs\u0142ugiwa\u0142e\u015b \u2013 u\u017cytkownik\u00f3w dom\u00f3w energooszcz\u0119dnych, inwestor\u00f3w komercyjnych, deweloper\u00f3w czy klient\u00f3w z program\u00f3w Czyste Powietrze i M\u00f3j Pr\u0105d.<\/p>\n<p align=\"left\">Instaluj\u0105c urz\u0105dzenia DEFRO, zyskujesz r\u00f3wnie\u017c wi\u0119ksze zaufanie klient\u00f3w \u2013 marka jest znana, rozpoznawalna i ceniona za jako\u015b\u0107 oraz solidno\u015b\u0107. To sprawia, \u017ce Twoje us\u0142ugi staj\u0105 si\u0119 bardziej konkurencyjne i atrakcyjne.<\/p>\n<h2>Korzy\u015bci ze wsp\u00f3\u0142pracy<\/h2>\n<p align=\"left\">Wsp\u00f3\u0142pracuj\u0105c z DEFRO jako instalator, zyskujesz:<\/p>\n<ul>\n<li>\n<p align=\"left\">dost\u0119p do szerokiego portfolio produkt\u00f3w (pompy ciep\u0142a, rekuperatory, kot\u0142y),<\/p>\n<\/li>\n<li>\n<p align=\"left\">szkolenia i certyfikacj\u0119 w Akademii DEFRO,<\/p>\n<\/li>\n<li>\n<p align=\"left\">materia\u0142y promocyjne i wsparcie sprzeda\u017cowe,<\/p>\n<\/li>\n<li>\n<p align=\"left\">miejsce w katalogu rekomendowanych wykonawc\u00f3w na stronie <a href=\"https:\/\/www.defro.pl\/\"><span style=\"color: #1155cc;\"><u>https:\/\/www.defro.pl\/<\/u><\/span><\/a>,<\/p>\n<\/li>\n<li>\n<p align=\"left\">lepsze warunki handlowe (zni\u017cki, rabaty, programy lojalno\u015bciowe).<\/p>\n<\/li>\n<\/ul>\n<p align=\"left\">Dzi\u0119ki temu Twoja oferta zyskuje na warto\u015bci, a Ty masz realne narz\u0119dzia do rozwoju swojej dzia\u0142alno\u015bci \u2013 zar\u00f3wno pod wzgl\u0119dem technicznym, jak i biznesowym.<\/p>\n<h2>Poszerz rynek dzia\u0142ania<\/h2>\n<p align=\"left\">Dzi\u0119ki DEFRO mo\u017cesz rozwija\u0107 us\u0142ugi nie tylko lokalnie \u2013 partnerzy s\u0105 promowani na poziomie og\u00f3lnopolskim. Instalatorzy maj\u0105 te\u017c mo\u017cliwo\u015b\u0107 obs\u0142ugi inwestycji z ramienia DEFRO lub realizacji wi\u0119kszych zlece\u0144 przy wsp\u00f3\u0142pracy z przedstawicielami technicznymi.<\/p>\n<p align=\"left\">Zwi\u0119kszysz sw\u00f3j zasi\u0119g nie tylko geograficznie, ale r\u00f3wnie\u017c rynkowo \u2013 obs\u0142u\u017cysz klient\u00f3w indywidualnych, biznesowych, instytucjonalnych. To zupe\u0142nie nowy poziom dzia\u0142alno\u015bci, dost\u0119pny ju\u017c po uko\u0144czeniu pierwszego szkolenia w <a href=\"https:\/\/www.defro.pl\/akademia\/\"><span style=\"color: #1155cc;\"><u>Akademii DEFRO<\/u><\/span><\/a>.<\/p>\n<p align=\"left\">Wielu instalator\u00f3w, kt\u00f3rzy rozpocz\u0119li wsp\u00f3\u0142prac\u0119 z DEFRO, odnotowa\u0142o wzrost liczby realizacji oraz lepsze opinie od klient\u00f3w. Zauwa\u017cyli te\u017c, \u017ce praca z nowoczesnym, niezawodnym sprz\u0119tem wp\u0142ywa pozytywnie na ich renom\u0119 i liczb\u0119 rekomendacji.<\/p>\n<h2>Nowe kompetencje, nowa jako\u015b\u0107 us\u0142ug<\/h2>\n<p align=\"left\">DEFRO oferuje swoim instalatorom dost\u0119p do szkole\u0144 produktowych, praktycznych warsztat\u00f3w oraz materia\u0142\u00f3w edukacyjnych. Dzi\u0119ki temu mo\u017cesz szybko zdoby\u0107 wiedz\u0119 niezb\u0119dn\u0105 do monta\u017cu i serwisowania urz\u0105dze\u0144, a tak\u017ce poszerzy\u0107 kompetencje w zakresie projektowania system\u00f3w grzewczych i wentylacyjnych.<\/p>\n<p align=\"left\">Udzia\u0142 w szkoleniach organizowanych przez Akademi\u0119 DEFRO to r\u00f3wnie\u017c mo\u017cliwo\u015b\u0107 zdobycia certyfikatu instalatora DEFRO, kt\u00f3ry jest coraz cz\u0119\u015bciej wymagany przez klient\u00f3w indywidualnych i instytucjonalnych przy wi\u0119kszych realizacjach.<\/p>\n<p align=\"left\">Inwestuj\u0105c w rozw\u00f3j swoich umiej\u0119tno\u015bci, zyskujesz nie tylko now\u0105 wiedz\u0119, ale r\u00f3wnie\u017c przewag\u0119 na lokalnym rynku.<\/p>\n<h2>Jak zacz\u0105\u0107?<\/h2>\n<p align=\"left\">Wejd\u017a na https:\/\/www.defro.pl\/, zapoznaj si\u0119 z ofert\u0105, zapisz si\u0119 na szkolenie i do\u0142\u0105cz do grona profesjonalnych instalator\u00f3w DEFRO. Wsp\u00f3\u0142praca otwiera drzwi do zupe\u0142nie nowych mo\u017cliwo\u015bci \u2013 biznesowych, technologicznych i wizerunkowych.<\/p>\n<p align=\"left\">Zg\u0142o\u015b si\u0119 ju\u017c dzi\u015b i sprawd\u017a, jak wiele mo\u017cesz zyska\u0107, pracuj\u0105c z mark\u0105, kt\u00f3ra stawia na jako\u015b\u0107, rozw\u00f3j i wzajemne zaufanie.<\/p>\n<h2>Zbuduj zasi\u0119g i pozycj\u0119 na rynku<\/h2>\n<p align=\"left\">W dobie rosn\u0105cej konkurencji i zmieniaj\u0105cych si\u0119 potrzeb klient\u00f3w, warto pracowa\u0107 z partnerem, kt\u00f3ry rozumie wyzwania wsp\u00f3\u0142czesnego rynku. DEFRO to nie tylko producent urz\u0105dze\u0144 \u2013 to zesp\u00f3\u0142 ludzi, kt\u00f3rzy wspieraj\u0105 Tw\u00f3j rozw\u00f3j na ka\u017cdym etapie wsp\u00f3\u0142pracy.<\/p>\n<p align=\"left\">Dzi\u0119ki wsp\u00f3lnemu dzia\u0142aniu mo\u017cesz zwi\u0119kszy\u0107 zasi\u0119g swoich us\u0142ug, poszerzy\u0107 baz\u0119 klient\u00f3w i zbudowa\u0107 mark\u0119, kt\u00f3rej zaufa\u0142y ju\u017c tysi\u0105ce u\u017cytkownik\u00f3w i inwestor\u00f3w w ca\u0142ej Polsce.<\/p>\n<p>Artyku\u0142 sponsorowany<br \/>\n<div id=\"gliwi-2552669072\"><div class=\"gliwi-adlabel\"><span style=\"font-size: 9px\">REKLAMA<\/span><\/div><small>materia\u0142 partnera | <a href=\"https:\/\/www.24gliwice.pl\/wiadomosci\/material-partnera-warunki\/\" target=\"_blank\" rel=\"noopener\">informacja<\/a><\/small><\/div>\n","protected":false},"excerpt":{"rendered":"<p>Je\u015bli jeste\u015b instalatorem i chcesz rozwija\u0107 swoj\u0105 dzia\u0142alno\u015b\u0107, DEFRO daje Ci realne narz\u0119dzia do zwi\u0119kszenia zasi\u0119gu i liczby zlece\u0144. Dzi\u0119ki szerokiej ofercie urz\u0105dze\u0144 oraz rozbudowanej sieci wsparcia, mo\u017cesz nie tylko poszerzy\u0107 portfolio us\u0142ug, ale tak\u017ce zdoby\u0107 zupe\u0142nie nowych klient\u00f3w. Zobacz, jak wygl\u0105da wsp\u00f3\u0142praca z DEFRO i jak mo\u017cesz zacz\u0105\u0107 ju\u017c dzi\u015b. &nbsp; Twoje us\u0142ugi + [&hellip;]<\/p>\n","protected":false},"author":4,"featured_media":253041,"comment_status":"closed","ping_status":"closed","sticky":false,"template":"","format":"standard","meta":{"_monsterinsights_skip_tracking":false,"_monsterinsights_sitenote_active":false,"_monsterinsights_sitenote_note":"","_monsterinsights_sitenote_category":0,"footnotes":"","_links_to":"","_links_to_target":""},"categories":[22470],"tags":[],"class_list":["post-253039","post","type-post","status-publish","format-standard","has-post-thumbnail","hentry","category-material_p"],"yoast_head":"<!-- This site is optimized with the Yoast SEO plugin v27.5 - https:\/\/yoast.com\/product\/yoast-seo-wordpress\/ -->\n<title>Zwi\u0119ksz zasi\u0119g swoich us\u0142ug dzi\u0119ki urz\u0105dzeniom DEFRO \u2013 poznaj nowy wymiar wsp\u00f3\u0142pracy - 24GLIWICE - Portal Gliwice | codziennie nowe informacje<\/title>\n<meta name=\"robots\" content=\"index, follow, max-snippet:-1, max-image-preview:large, max-video-preview:-1\" \/>\n<link rel=\"canonical\" href=\"https:\/\/www.24gliwice.pl\/wiadomosci\/zwieksz-zasieg-swoich-uslug-dzieki-urzadzeniom-defro-poznaj-nowy-wymiar-wspolpracy\/\" \/>\n<meta property=\"og:locale\" content=\"pl_PL\" \/>\n<meta property=\"og:type\" content=\"article\" \/>\n<meta property=\"og:title\" content=\"Zwi\u0119ksz zasi\u0119g swoich us\u0142ug dzi\u0119ki urz\u0105dzeniom DEFRO \u2013 poznaj nowy wymiar wsp\u00f3\u0142pracy - 24GLIWICE - Portal Gliwice | codziennie nowe informacje\" \/>\n<meta property=\"og:description\" content=\"Je\u015bli jeste\u015b instalatorem i chcesz rozwija\u0107 swoj\u0105 dzia\u0142alno\u015b\u0107, DEFRO daje Ci realne narz\u0119dzia do zwi\u0119kszenia zasi\u0119gu i liczby zlece\u0144. Dzi\u0119ki szerokiej ofercie urz\u0105dze\u0144 oraz rozbudowanej sieci wsparcia, mo\u017cesz nie tylko poszerzy\u0107 portfolio us\u0142ug, ale tak\u017ce zdoby\u0107 zupe\u0142nie nowych klient\u00f3w. Zobacz, jak wygl\u0105da wsp\u00f3\u0142praca z DEFRO i jak mo\u017cesz zacz\u0105\u0107 ju\u017c dzi\u015b. &nbsp; Twoje us\u0142ugi + [&hellip;]\" \/>\n<meta property=\"og:url\" content=\"https:\/\/www.24gliwice.pl\/wiadomosci\/zwieksz-zasieg-swoich-uslug-dzieki-urzadzeniom-defro-poznaj-nowy-wymiar-wspolpracy\/\" \/>\n<meta property=\"og:site_name\" content=\"24GLIWICE - Portal Gliwice | codziennie nowe informacje\" \/>\n<meta property=\"article:publisher\" content=\"https:\/\/www.facebook.com\/24gliwice\" \/>\n<meta property=\"article:author\" content=\"https:\/\/www.facebook.com\/marcin.fabrykowski\" \/>\n<meta property=\"article:published_time\" content=\"2025-04-18T15:44:42+00:00\" \/>\n<meta property=\"article:modified_time\" content=\"2025-04-18T15:44:58+00:00\" \/>\n<meta property=\"og:image\" content=\"https:\/\/www.24gliwice.pl\/wiadomosci\/wp-content\/uploads\/2025\/04\/mlody-inzynier-dostosowujacy-autonomiczne-ogrzewanie_1303-26539.jpg\" \/>\n\t<meta property=\"og:image:width\" content=\"810\" \/>\n\t<meta property=\"og:image:height\" content=\"540\" \/>\n\t<meta property=\"og:image:type\" content=\"image\/jpeg\" \/>\n<meta name=\"author\" content=\"Marcin Fabrykowski\" \/>\n<meta name=\"twitter:card\" content=\"summary_large_image\" \/>\n<meta name=\"twitter:creator\" content=\"@24gliwice\" \/>\n<meta name=\"twitter:site\" content=\"@24gliwice\" \/>\n<meta name=\"twitter:label1\" content=\"Napisane przez\" \/>\n\t<meta name=\"twitter:data1\" content=\"Marcin Fabrykowski\" \/>\n\t<meta name=\"twitter:label2\" content=\"Szacowany czas czytania\" \/>\n\t<meta name=\"twitter:data2\" content=\"4 minuty\" \/>\n<script type=\"application\/ld+json\" class=\"yoast-schema-graph\">{\"@context\":\"https:\\\/\\\/schema.org\",\"@graph\":[{\"@type\":\"Article\",\"@id\":\"https:\\\/\\\/www.24gliwice.pl\\\/wiadomosci\\\/zwieksz-zasieg-swoich-uslug-dzieki-urzadzeniom-defro-poznaj-nowy-wymiar-wspolpracy\\\/#article\",\"isPartOf\":{\"@id\":\"https:\\\/\\\/www.24gliwice.pl\\\/wiadomosci\\\/zwieksz-zasieg-swoich-uslug-dzieki-urzadzeniom-defro-poznaj-nowy-wymiar-wspolpracy\\\/\"},\"author\":{\"name\":\"Marcin Fabrykowski\",\"@id\":\"https:\\\/\\\/www.24gliwice.pl\\\/wiadomosci\\\/#\\\/schema\\\/person\\\/cb5857e4a4d048c15984c1edcc8ef0c0\"},\"headline\":\"Zwi\u0119ksz zasi\u0119g swoich us\u0142ug dzi\u0119ki urz\u0105dzeniom DEFRO \u2013 poznaj nowy wymiar wsp\u00f3\u0142pracy\",\"datePublished\":\"2025-04-18T15:44:42+00:00\",\"dateModified\":\"2025-04-18T15:44:58+00:00\",\"mainEntityOfPage\":{\"@id\":\"https:\\\/\\\/www.24gliwice.pl\\\/wiadomosci\\\/zwieksz-zasieg-swoich-uslug-dzieki-urzadzeniom-defro-poznaj-nowy-wymiar-wspolpracy\\\/\"},\"wordCount\":710,\"publisher\":{\"@id\":\"https:\\\/\\\/www.24gliwice.pl\\\/wiadomosci\\\/#organization\"},\"image\":{\"@id\":\"https:\\\/\\\/www.24gliwice.pl\\\/wiadomosci\\\/zwieksz-zasieg-swoich-uslug-dzieki-urzadzeniom-defro-poznaj-nowy-wymiar-wspolpracy\\\/#primaryimage\"},\"thumbnailUrl\":\"https:\\\/\\\/www.24gliwice.pl\\\/wiadomosci\\\/wp-content\\\/uploads\\\/2025\\\/04\\\/mlody-inzynier-dostosowujacy-autonomiczne-ogrzewanie_1303-26539.jpg\",\"articleSection\":[\"materia\u0142 partnera\"],\"inLanguage\":\"pl-PL\"},{\"@type\":\"WebPage\",\"@id\":\"https:\\\/\\\/www.24gliwice.pl\\\/wiadomosci\\\/zwieksz-zasieg-swoich-uslug-dzieki-urzadzeniom-defro-poznaj-nowy-wymiar-wspolpracy\\\/\",\"url\":\"https:\\\/\\\/www.24gliwice.pl\\\/wiadomosci\\\/zwieksz-zasieg-swoich-uslug-dzieki-urzadzeniom-defro-poznaj-nowy-wymiar-wspolpracy\\\/\",\"name\":\"Zwi\u0119ksz zasi\u0119g swoich us\u0142ug dzi\u0119ki urz\u0105dzeniom DEFRO \u2013 poznaj nowy wymiar wsp\u00f3\u0142pracy - 24GLIWICE - Portal Gliwice | codziennie nowe informacje\",\"isPartOf\":{\"@id\":\"https:\\\/\\\/www.24gliwice.pl\\\/wiadomosci\\\/#website\"},\"primaryImageOfPage\":{\"@id\":\"https:\\\/\\\/www.24gliwice.pl\\\/wiadomosci\\\/zwieksz-zasieg-swoich-uslug-dzieki-urzadzeniom-defro-poznaj-nowy-wymiar-wspolpracy\\\/#primaryimage\"},\"image\":{\"@id\":\"https:\\\/\\\/www.24gliwice.pl\\\/wiadomosci\\\/zwieksz-zasieg-swoich-uslug-dzieki-urzadzeniom-defro-poznaj-nowy-wymiar-wspolpracy\\\/#primaryimage\"},\"thumbnailUrl\":\"https:\\\/\\\/www.24gliwice.pl\\\/wiadomosci\\\/wp-content\\\/uploads\\\/2025\\\/04\\\/mlody-inzynier-dostosowujacy-autonomiczne-ogrzewanie_1303-26539.jpg\",\"datePublished\":\"2025-04-18T15:44:42+00:00\",\"dateModified\":\"2025-04-18T15:44:58+00:00\",\"breadcrumb\":{\"@id\":\"https:\\\/\\\/www.24gliwice.pl\\\/wiadomosci\\\/zwieksz-zasieg-swoich-uslug-dzieki-urzadzeniom-defro-poznaj-nowy-wymiar-wspolpracy\\\/#breadcrumb\"},\"inLanguage\":\"pl-PL\",\"potentialAction\":[{\"@type\":\"ReadAction\",\"target\":[\"https:\\\/\\\/www.24gliwice.pl\\\/wiadomosci\\\/zwieksz-zasieg-swoich-uslug-dzieki-urzadzeniom-defro-poznaj-nowy-wymiar-wspolpracy\\\/\"]}]},{\"@type\":\"ImageObject\",\"inLanguage\":\"pl-PL\",\"@id\":\"https:\\\/\\\/www.24gliwice.pl\\\/wiadomosci\\\/zwieksz-zasieg-swoich-uslug-dzieki-urzadzeniom-defro-poznaj-nowy-wymiar-wspolpracy\\\/#primaryimage\",\"url\":\"https:\\\/\\\/www.24gliwice.pl\\\/wiadomosci\\\/wp-content\\\/uploads\\\/2025\\\/04\\\/mlody-inzynier-dostosowujacy-autonomiczne-ogrzewanie_1303-26539.jpg\",\"contentUrl\":\"https:\\\/\\\/www.24gliwice.pl\\\/wiadomosci\\\/wp-content\\\/uploads\\\/2025\\\/04\\\/mlody-inzynier-dostosowujacy-autonomiczne-ogrzewanie_1303-26539.jpg\",\"width\":810,\"height\":540},{\"@type\":\"BreadcrumbList\",\"@id\":\"https:\\\/\\\/www.24gliwice.pl\\\/wiadomosci\\\/zwieksz-zasieg-swoich-uslug-dzieki-urzadzeniom-defro-poznaj-nowy-wymiar-wspolpracy\\\/#breadcrumb\",\"itemListElement\":[{\"@type\":\"ListItem\",\"position\":1,\"name\":\"Strona g\u0142\u00f3wna\",\"item\":\"https:\\\/\\\/www.24gliwice.pl\\\/wiadomosci\\\/\"},{\"@type\":\"ListItem\",\"position\":2,\"name\":\"Zwi\u0119ksz zasi\u0119g swoich us\u0142ug dzi\u0119ki urz\u0105dzeniom DEFRO \u2013 poznaj nowy wymiar wsp\u00f3\u0142pracy\"}]},{\"@type\":\"WebSite\",\"@id\":\"https:\\\/\\\/www.24gliwice.pl\\\/wiadomosci\\\/#website\",\"url\":\"https:\\\/\\\/www.24gliwice.pl\\\/wiadomosci\\\/\",\"name\":\"24GLIWICE - Portal Gliwice | codziennie nowe wiadomo\u015bci\",\"description\":\"Portal Miejski Gliwice\",\"publisher\":{\"@id\":\"https:\\\/\\\/www.24gliwice.pl\\\/wiadomosci\\\/#organization\"},\"potentialAction\":[{\"@type\":\"SearchAction\",\"target\":{\"@type\":\"EntryPoint\",\"urlTemplate\":\"https:\\\/\\\/www.24gliwice.pl\\\/wiadomosci\\\/?s={search_term_string}\"},\"query-input\":{\"@type\":\"PropertyValueSpecification\",\"valueRequired\":true,\"valueName\":\"search_term_string\"}}],\"inLanguage\":\"pl-PL\"},{\"@type\":\"Organization\",\"@id\":\"https:\\\/\\\/www.24gliwice.pl\\\/wiadomosci\\\/#organization\",\"name\":\"24gliwice\",\"url\":\"https:\\\/\\\/www.24gliwice.pl\\\/wiadomosci\\\/\",\"logo\":{\"@type\":\"ImageObject\",\"inLanguage\":\"pl-PL\",\"@id\":\"https:\\\/\\\/www.24gliwice.pl\\\/wiadomosci\\\/#\\\/schema\\\/logo\\\/image\\\/\",\"url\":\"https:\\\/\\\/www.24gliwice.pl\\\/wiadomosci\\\/wp-content\\\/uploads\\\/2024\\\/10\\\/24gliwice-logo-696.jpg\",\"contentUrl\":\"https:\\\/\\\/www.24gliwice.pl\\\/wiadomosci\\\/wp-content\\\/uploads\\\/2024\\\/10\\\/24gliwice-logo-696.jpg\",\"width\":696,\"height\":696,\"caption\":\"24gliwice\"},\"image\":{\"@id\":\"https:\\\/\\\/www.24gliwice.pl\\\/wiadomosci\\\/#\\\/schema\\\/logo\\\/image\\\/\"},\"sameAs\":[\"https:\\\/\\\/www.facebook.com\\\/24gliwice\",\"https:\\\/\\\/x.com\\\/24gliwice\",\"https:\\\/\\\/www.youtube.com\\\/@24gliwice\"]},{\"@type\":\"Person\",\"@id\":\"https:\\\/\\\/www.24gliwice.pl\\\/wiadomosci\\\/#\\\/schema\\\/person\\\/cb5857e4a4d048c15984c1edcc8ef0c0\",\"name\":\"Marcin Fabrykowski\",\"image\":{\"@type\":\"ImageObject\",\"inLanguage\":\"pl-PL\",\"@id\":\"https:\\\/\\\/www.24gliwice.pl\\\/wiadomosci\\\/wp-content\\\/uploads\\\/2025\\\/11\\\/zdjecie-moje-marcin-300-96x96.jpg\",\"url\":\"https:\\\/\\\/www.24gliwice.pl\\\/wiadomosci\\\/wp-content\\\/uploads\\\/2025\\\/11\\\/zdjecie-moje-marcin-300-96x96.jpg\",\"contentUrl\":\"https:\\\/\\\/www.24gliwice.pl\\\/wiadomosci\\\/wp-content\\\/uploads\\\/2025\\\/11\\\/zdjecie-moje-marcin-300-96x96.jpg\",\"caption\":\"Marcin Fabrykowski\"},\"sameAs\":[\"http:\\\/\\\/24gliwice.pl\",\"https:\\\/\\\/www.facebook.com\\\/marcin.fabrykowski\"],\"url\":\"https:\\\/\\\/www.24gliwice.pl\\\/wiadomosci\\\/author\\\/marcin-fabrykowski\\\/\"}]}<\/script>\n<!-- \/ Yoast SEO plugin. -->","yoast_head_json":{"title":"Zwi\u0119ksz zasi\u0119g swoich us\u0142ug dzi\u0119ki urz\u0105dzeniom DEFRO \u2013 poznaj nowy wymiar wsp\u00f3\u0142pracy - 24GLIWICE - Portal Gliwice | codziennie nowe informacje","robots":{"index":"index","follow":"follow","max-snippet":"max-snippet:-1","max-image-preview":"max-image-preview:large","max-video-preview":"max-video-preview:-1"},"canonical":"https:\/\/www.24gliwice.pl\/wiadomosci\/zwieksz-zasieg-swoich-uslug-dzieki-urzadzeniom-defro-poznaj-nowy-wymiar-wspolpracy\/","og_locale":"pl_PL","og_type":"article","og_title":"Zwi\u0119ksz zasi\u0119g swoich us\u0142ug dzi\u0119ki urz\u0105dzeniom DEFRO \u2013 poznaj nowy wymiar wsp\u00f3\u0142pracy - 24GLIWICE - Portal Gliwice | codziennie nowe informacje","og_description":"Je\u015bli jeste\u015b instalatorem i chcesz rozwija\u0107 swoj\u0105 dzia\u0142alno\u015b\u0107, DEFRO daje Ci realne narz\u0119dzia do zwi\u0119kszenia zasi\u0119gu i liczby zlece\u0144. Dzi\u0119ki szerokiej ofercie urz\u0105dze\u0144 oraz rozbudowanej sieci wsparcia, mo\u017cesz nie tylko poszerzy\u0107 portfolio us\u0142ug, ale tak\u017ce zdoby\u0107 zupe\u0142nie nowych klient\u00f3w. Zobacz, jak wygl\u0105da wsp\u00f3\u0142praca z DEFRO i jak mo\u017cesz zacz\u0105\u0107 ju\u017c dzi\u015b. &nbsp; Twoje us\u0142ugi + [&hellip;]","og_url":"https:\/\/www.24gliwice.pl\/wiadomosci\/zwieksz-zasieg-swoich-uslug-dzieki-urzadzeniom-defro-poznaj-nowy-wymiar-wspolpracy\/","og_site_name":"24GLIWICE - Portal Gliwice | codziennie nowe informacje","article_publisher":"https:\/\/www.facebook.com\/24gliwice","article_author":"https:\/\/www.facebook.com\/marcin.fabrykowski","article_published_time":"2025-04-18T15:44:42+00:00","article_modified_time":"2025-04-18T15:44:58+00:00","og_image":[{"width":810,"height":540,"url":"https:\/\/www.24gliwice.pl\/wiadomosci\/wp-content\/uploads\/2025\/04\/mlody-inzynier-dostosowujacy-autonomiczne-ogrzewanie_1303-26539.jpg","type":"image\/jpeg"}],"author":"Marcin Fabrykowski","twitter_card":"summary_large_image","twitter_creator":"@24gliwice","twitter_site":"@24gliwice","twitter_misc":{"Napisane przez":"Marcin Fabrykowski","Szacowany czas czytania":"4 minuty"},"schema":{"@context":"https:\/\/schema.org","@graph":[{"@type":"Article","@id":"https:\/\/www.24gliwice.pl\/wiadomosci\/zwieksz-zasieg-swoich-uslug-dzieki-urzadzeniom-defro-poznaj-nowy-wymiar-wspolpracy\/#article","isPartOf":{"@id":"https:\/\/www.24gliwice.pl\/wiadomosci\/zwieksz-zasieg-swoich-uslug-dzieki-urzadzeniom-defro-poznaj-nowy-wymiar-wspolpracy\/"},"author":{"name":"Marcin Fabrykowski","@id":"https:\/\/www.24gliwice.pl\/wiadomosci\/#\/schema\/person\/cb5857e4a4d048c15984c1edcc8ef0c0"},"headline":"Zwi\u0119ksz zasi\u0119g swoich us\u0142ug dzi\u0119ki urz\u0105dzeniom DEFRO \u2013 poznaj nowy wymiar wsp\u00f3\u0142pracy","datePublished":"2025-04-18T15:44:42+00:00","dateModified":"2025-04-18T15:44:58+00:00","mainEntityOfPage":{"@id":"https:\/\/www.24gliwice.pl\/wiadomosci\/zwieksz-zasieg-swoich-uslug-dzieki-urzadzeniom-defro-poznaj-nowy-wymiar-wspolpracy\/"},"wordCount":710,"publisher":{"@id":"https:\/\/www.24gliwice.pl\/wiadomosci\/#organization"},"image":{"@id":"https:\/\/www.24gliwice.pl\/wiadomosci\/zwieksz-zasieg-swoich-uslug-dzieki-urzadzeniom-defro-poznaj-nowy-wymiar-wspolpracy\/#primaryimage"},"thumbnailUrl":"https:\/\/www.24gliwice.pl\/wiadomosci\/wp-content\/uploads\/2025\/04\/mlody-inzynier-dostosowujacy-autonomiczne-ogrzewanie_1303-26539.jpg","articleSection":["materia\u0142 partnera"],"inLanguage":"pl-PL"},{"@type":"WebPage","@id":"https:\/\/www.24gliwice.pl\/wiadomosci\/zwieksz-zasieg-swoich-uslug-dzieki-urzadzeniom-defro-poznaj-nowy-wymiar-wspolpracy\/","url":"https:\/\/www.24gliwice.pl\/wiadomosci\/zwieksz-zasieg-swoich-uslug-dzieki-urzadzeniom-defro-poznaj-nowy-wymiar-wspolpracy\/","name":"Zwi\u0119ksz zasi\u0119g swoich us\u0142ug dzi\u0119ki urz\u0105dzeniom DEFRO \u2013 poznaj nowy wymiar wsp\u00f3\u0142pracy - 24GLIWICE - Portal Gliwice | codziennie nowe informacje","isPartOf":{"@id":"https:\/\/www.24gliwice.pl\/wiadomosci\/#website"},"primaryImageOfPage":{"@id":"https:\/\/www.24gliwice.pl\/wiadomosci\/zwieksz-zasieg-swoich-uslug-dzieki-urzadzeniom-defro-poznaj-nowy-wymiar-wspolpracy\/#primaryimage"},"image":{"@id":"https:\/\/www.24gliwice.pl\/wiadomosci\/zwieksz-zasieg-swoich-uslug-dzieki-urzadzeniom-defro-poznaj-nowy-wymiar-wspolpracy\/#primaryimage"},"thumbnailUrl":"https:\/\/www.24gliwice.pl\/wiadomosci\/wp-content\/uploads\/2025\/04\/mlody-inzynier-dostosowujacy-autonomiczne-ogrzewanie_1303-26539.jpg","datePublished":"2025-04-18T15:44:42+00:00","dateModified":"2025-04-18T15:44:58+00:00","breadcrumb":{"@id":"https:\/\/www.24gliwice.pl\/wiadomosci\/zwieksz-zasieg-swoich-uslug-dzieki-urzadzeniom-defro-poznaj-nowy-wymiar-wspolpracy\/#breadcrumb"},"inLanguage":"pl-PL","potentialAction":[{"@type":"ReadAction","target":["https:\/\/www.24gliwice.pl\/wiadomosci\/zwieksz-zasieg-swoich-uslug-dzieki-urzadzeniom-defro-poznaj-nowy-wymiar-wspolpracy\/"]}]},{"@type":"ImageObject","inLanguage":"pl-PL","@id":"https:\/\/www.24gliwice.pl\/wiadomosci\/zwieksz-zasieg-swoich-uslug-dzieki-urzadzeniom-defro-poznaj-nowy-wymiar-wspolpracy\/#primaryimage","url":"https:\/\/www.24gliwice.pl\/wiadomosci\/wp-content\/uploads\/2025\/04\/mlody-inzynier-dostosowujacy-autonomiczne-ogrzewanie_1303-26539.jpg","contentUrl":"https:\/\/www.24gliwice.pl\/wiadomosci\/wp-content\/uploads\/2025\/04\/mlody-inzynier-dostosowujacy-autonomiczne-ogrzewanie_1303-26539.jpg","width":810,"height":540},{"@type":"BreadcrumbList","@id":"https:\/\/www.24gliwice.pl\/wiadomosci\/zwieksz-zasieg-swoich-uslug-dzieki-urzadzeniom-defro-poznaj-nowy-wymiar-wspolpracy\/#breadcrumb","itemListElement":[{"@type":"ListItem","position":1,"name":"Strona g\u0142\u00f3wna","item":"https:\/\/www.24gliwice.pl\/wiadomosci\/"},{"@type":"ListItem","position":2,"name":"Zwi\u0119ksz zasi\u0119g swoich us\u0142ug dzi\u0119ki urz\u0105dzeniom DEFRO \u2013 poznaj nowy wymiar wsp\u00f3\u0142pracy"}]},{"@type":"WebSite","@id":"https:\/\/www.24gliwice.pl\/wiadomosci\/#website","url":"https:\/\/www.24gliwice.pl\/wiadomosci\/","name":"24GLIWICE - Portal Gliwice | codziennie nowe wiadomo\u015bci","description":"Portal Miejski Gliwice","publisher":{"@id":"https:\/\/www.24gliwice.pl\/wiadomosci\/#organization"},"potentialAction":[{"@type":"SearchAction","target":{"@type":"EntryPoint","urlTemplate":"https:\/\/www.24gliwice.pl\/wiadomosci\/?s={search_term_string}"},"query-input":{"@type":"PropertyValueSpecification","valueRequired":true,"valueName":"search_term_string"}}],"inLanguage":"pl-PL"},{"@type":"Organization","@id":"https:\/\/www.24gliwice.pl\/wiadomosci\/#organization","name":"24gliwice","url":"https:\/\/www.24gliwice.pl\/wiadomosci\/","logo":{"@type":"ImageObject","inLanguage":"pl-PL","@id":"https:\/\/www.24gliwice.pl\/wiadomosci\/#\/schema\/logo\/image\/","url":"https:\/\/www.24gliwice.pl\/wiadomosci\/wp-content\/uploads\/2024\/10\/24gliwice-logo-696.jpg","contentUrl":"https:\/\/www.24gliwice.pl\/wiadomosci\/wp-content\/uploads\/2024\/10\/24gliwice-logo-696.jpg","width":696,"height":696,"caption":"24gliwice"},"image":{"@id":"https:\/\/www.24gliwice.pl\/wiadomosci\/#\/schema\/logo\/image\/"},"sameAs":["https:\/\/www.facebook.com\/24gliwice","https:\/\/x.com\/24gliwice","https:\/\/www.youtube.com\/@24gliwice"]},{"@type":"Person","@id":"https:\/\/www.24gliwice.pl\/wiadomosci\/#\/schema\/person\/cb5857e4a4d048c15984c1edcc8ef0c0","name":"Marcin Fabrykowski","image":{"@type":"ImageObject","inLanguage":"pl-PL","@id":"https:\/\/www.24gliwice.pl\/wiadomosci\/wp-content\/uploads\/2025\/11\/zdjecie-moje-marcin-300-96x96.jpg","url":"https:\/\/www.24gliwice.pl\/wiadomosci\/wp-content\/uploads\/2025\/11\/zdjecie-moje-marcin-300-96x96.jpg","contentUrl":"https:\/\/www.24gliwice.pl\/wiadomosci\/wp-content\/uploads\/2025\/11\/zdjecie-moje-marcin-300-96x96.jpg","caption":"Marcin Fabrykowski"},"sameAs":["http:\/\/24gliwice.pl","https:\/\/www.facebook.com\/marcin.fabrykowski"],"url":"https:\/\/www.24gliwice.pl\/wiadomosci\/author\/marcin-fabrykowski\/"}]}},"_links":{"self":[{"href":"https:\/\/www.24gliwice.pl\/wiadomosci\/wp-json\/wp\/v2\/posts\/253039","targetHints":{"allow":["GET"]}}],"collection":[{"href":"https:\/\/www.24gliwice.pl\/wiadomosci\/wp-json\/wp\/v2\/posts"}],"about":[{"href":"https:\/\/www.24gliwice.pl\/wiadomosci\/wp-json\/wp\/v2\/types\/post"}],"author":[{"embeddable":true,"href":"https:\/\/www.24gliwice.pl\/wiadomosci\/wp-json\/wp\/v2\/users\/4"}],"replies":[{"embeddable":true,"href":"https:\/\/www.24gliwice.pl\/wiadomosci\/wp-json\/wp\/v2\/comments?post=253039"}],"version-history":[{"count":0,"href":"https:\/\/www.24gliwice.pl\/wiadomosci\/wp-json\/wp\/v2\/posts\/253039\/revisions"}],"wp:featuredmedia":[{"embeddable":true,"href":"https:\/\/www.24gliwice.pl\/wiadomosci\/wp-json\/wp\/v2\/media\/253041"}],"wp:attachment":[{"href":"https:\/\/www.24gliwice.pl\/wiadomosci\/wp-json\/wp\/v2\/media?parent=253039"}],"wp:term":[{"taxonomy":"category","embeddable":true,"href":"https:\/\/www.24gliwice.pl\/wiadomosci\/wp-json\/wp\/v2\/categories?post=253039"},{"taxonomy":"post_tag","embeddable":true,"href":"https:\/\/www.24gliwice.pl\/wiadomosci\/wp-json\/wp\/v2\/tags?post=253039"}],"curies":[{"name":"wp","href":"https:\/\/api.w.org\/{rel}","templated":true}]}}