{"id":253221,"date":"2025-04-26T03:53:51","date_gmt":"2025-04-26T01:53:51","guid":{"rendered":"https:\/\/www.24gliwice.pl\/wiadomosci\/?p=253221"},"modified":"2025-04-26T03:53:51","modified_gmt":"2025-04-26T01:53:51","slug":"2-kilometry-trasy-rowerowej-dofinansowanej-z-polskiego-ladu-prace-maja-ruszyc-na-dniach","status":"publish","type":"post","link":"https:\/\/www.24gliwice.pl\/wiadomosci\/2-kilometry-trasy-rowerowej-dofinansowanej-z-polskiego-ladu-prace-maja-ruszyc-na-dniach\/","title":{"rendered":"2 kilometry trasy rowerowej dofinansowanej z Polskiego \u0141adu. Prace maj\u0105 ruszy\u0107 na dniach"},"content":{"rendered":"<div class=\"gliwi-a6-nad-leadem-artykulow gliwi-entity-placement\" id=\"gliwi-3899273618\"><div class=\"gliwi-adlabel\"><span style=\"font-size: 9px\">REKLAMA<\/span><\/div><div id=\"gliwi-3415946383\" style=\"margin-bottom: 30px;margin-left: auto;margin-right: auto;text-align: center;\"><a data-no-instant=\"1\" href=\"https:\/\/przedszkole.halogen.org.pl\/\" rel=\"noopener\" class=\"a2t-link\" target=\"_blank\" aria-label=\"20260402-ANIMATOR-przedszkole_grafika_750x200\"><img loading=\"lazy\" decoding=\"async\" src=\"https:\/\/www.24gliwice.pl\/wiadomosci\/wp-content\/uploads\/2026\/04\/20260402-ANIMATOR-przedszkole_grafika_750x200.webp\" alt=\"\"  srcset=\"https:\/\/www.24gliwice.pl\/wiadomosci\/wp-content\/uploads\/2026\/04\/20260402-ANIMATOR-przedszkole_grafika_750x200.webp 750w, https:\/\/www.24gliwice.pl\/wiadomosci\/wp-content\/uploads\/2026\/04\/20260402-ANIMATOR-przedszkole_grafika_750x200-410x109.webp 410w\" sizes=\"(max-width: 750px) 100vw, 750px\" class=\"no-lazyload\" width=\"750\" height=\"200\"  style=\"display: inline-block; max-width: 100%; height: auto;\" \/><\/a><\/div><\/div><h2>Miasto otrzyma\u0142o ju\u017c zezwolenie na rozbudow\u0119 ulicy Strzelc\u00f3w Bytomskich o drog\u0119 rowerow\u0105 i pieszo-rowerow\u0105. Prace maj\u0105 rozpocz\u0105\u0107 si\u0119 jeszcze w kwietniu lub na pocz\u0105tku maja, natomiast ich zako\u0144czenie przewidywane jest w ci\u0105gu kilkunastu miesi\u0119cy.<\/h2>\n<p><!--more--><\/p>\n<p>Zakres inwestycji obejmuje ponad 2-kilometrowy odcinek ulicy Strzelc\u00f3w Bytomskich od skrzy\u017cowania z ul. Narutowicza do ul. Jachtowej. Przewidziana tam nowa droga dla rower\u00f3w po\u0142\u0105czy si\u0119 z przysz\u0142\u0105 \u015bcie\u017ck\u0105 rowerow\u0105 w rejonie stacji Gliwice-\u0141ab\u0119dy, przebudowywanym przez miasto w koordynacji z kolejow\u0105 sp\u00f3\u0142k\u0105 PKP PLK. Dodatkowo (poza otrzyman\u0105 decyzj\u0105 ZRID) wyremontowany zostanie fragment nawierzchni ul. Jachtowej \u2013 oko\u0142o 870 metr\u00f3w mi\u0119dzy ulicami Strzelc\u00f3w Bytomskich i Toszeck\u0105.<\/p>\n<h4>Wybudowana zostanie droga pieszo-rowerowa o nawierzchni bitumicznej i d\u0142ugo\u015bci ok. 2 km \u2013 cz\u0119\u015bciowo wsp\u00f3lna, cz\u0119\u015bciowo jako oddzielny chodnik i droga rowerowa.<\/h4>\n<p>Jezdnia ulicy Strzelc\u00f3w Bytomskich zostanie zw\u0119\u017cona z 7 do 6 metr\u00f3w, co wp\u0142ynie na ograniczenie pr\u0119dko\u015bci i wi\u0119ksze bezpiecze\u0144stwo.<br \/>\nPojawi si\u0119 nowe o\u015bwietlenie uliczne oraz specjalne do\u015bwietlenie przej\u015b\u0107 dla pieszych. Opr\u00f3cz tego przebudowana zostanie koliduj\u0105ca infrastruktura techniczna i system odwodnienia.<\/p><div class=\"gliwi-a3-w-tresci-artykulow gliwi-entity-placement\" id=\"gliwi-1425441417\"><div class=\"gliwi-adlabel\"><span style=\"font-size: 9px\">REKLAMA<\/span><\/div><div id=\"gliwi-2948319402\" style=\"margin-bottom: 30px;margin-left: auto;margin-right: auto;text-align: center;\"><a data-no-instant=\"1\" href=\"https:\/\/ogrodyandersa.pl\/\" rel=\"noopener\" class=\"a2t-link\" target=\"_blank\" aria-label=\"20260415 Ogrody Andersa KUP TERAZ D\"><img loading=\"lazy\" decoding=\"async\" src=\"https:\/\/www.24gliwice.pl\/wiadomosci\/wp-content\/uploads\/2026\/04\/20260415-Ogrody-Andersa-KUP-TERAZ-D.jpg\" alt=\"\"  srcset=\"https:\/\/www.24gliwice.pl\/wiadomosci\/wp-content\/uploads\/2026\/04\/20260415-Ogrody-Andersa-KUP-TERAZ-D.jpg 750w, https:\/\/www.24gliwice.pl\/wiadomosci\/wp-content\/uploads\/2026\/04\/20260415-Ogrody-Andersa-KUP-TERAZ-D-410x109.jpg 410w\" sizes=\"(max-width: 750px) 100vw, 750px\" class=\"no-lazyload\" width=\"750\" height=\"200\"  style=\"display: inline-block; max-width: 100%; height: auto;\" \/><\/a><\/div><\/div>\n<p>Wybudowane zostan\u0105 nowe perony autobusowe i przebudowane zostanie skrzy\u017cowanie z ul. Na\u0142kowskiej, co poprawi przejezdno\u015b\u0107 autobus\u00f3w.<br \/>\nNa skrzy\u017cowaniach z ulicami R\u00f3\u017can\u0105, Chatka Puchatka, Olimpijsk\u0105, Radosn\u0105 i Zak\u0105tek Le\u015bny powstan\u0105 wyniesione wloty tych ulic, co uspokoi ruch. Ca\u0142o\u015b\u0107 zostanie uzupe\u0142niona o nowe nasadzenia zieleni.<\/p>\n<blockquote><p><em>Dzi\u0119ki natychmiastowej wykonalno\u015bci decyzji ZRID, prace rusz\u0105 jeszcze w kwietniu lub na pocz\u0105tku maja. Czas realizacji przewidziano na 12\u201315 miesi\u0119cy. Koszt inwestycji wyniesie oko\u0142o 17,1 mln z\u0142 brutto<\/em><\/p><\/blockquote>\n<p>&#8211; zapowiada miasto. <\/p>\n<p>Przedsi\u0119wzi\u0119cie jest wsp\u00f3\u0142finansowane ze \u015brodk\u00f3w, kt\u00f3re miasto otrzyma\u0142o z Rz\u0105dowego Funduszu Polski \u0141ad: Program Inwestycji Strategicznych. Rozbudowa ulicy Strzelc\u00f3w Bytomskich jest cz\u0119\u015bci\u0105 wi\u0119kszej inwestycji zak\u0142adaj\u0105cej wykonanie w Gliwicach 8,5 km nowych tras rowerowych. Opr\u00f3cz tego w ramach dofinansowania budowana jest trasa rowerowa do Czechowic, przebudowano k\u0142adk\u0119 nad K\u0142odnic\u0105 na wysoko\u015bci parku Chrobrego oraz w rejonie ogr\u00f3dk\u00f3w dzia\u0142kowych i ulicy Jesiennej, w zakresie tego projektu znalaz\u0142a si\u0119 te\u017c przebudowa ci\u0105gu pieszo-rowerowego wzd\u0142u\u017c al. Mickiewicza, a tak\u017ce budowa trasy rowerowej na odcinku Centrum \u2013 So\u015bnica, odcinek Jesienna \u2013 Wschodnia.<\/p>\n<p>(\u017cms)\/UM Gliwice<br \/>\nfot. F. Zobawa \/ UM w Gliwicach<\/p>\n<div class=\"gliwi-a5-na-koncu-artykulow gliwi-entity-placement\" id=\"gliwi-1864271956\"><div class=\"gliwi-adlabel\"><span style=\"font-size: 9px\">REKLAMA<\/span><\/div><div id=\"gliwi-4122718968\" style=\"margin-left: auto;margin-right: auto;text-align: center;\"><a data-no-instant=\"1\" href=\"https:\/\/www.jasek.pl\/\" rel=\"noopener\" class=\"a2t-link\" target=\"_blank\" aria-label=\"20200401-jasek 600\"><img loading=\"lazy\" decoding=\"async\" src=\"https:\/\/www.24gliwice.pl\/wiadomosci\/wp-content\/uploads\/2020\/04\/20200401-jasek-600.jpg\" alt=\"\"  srcset=\"https:\/\/www.24gliwice.pl\/wiadomosci\/wp-content\/uploads\/2020\/04\/20200401-jasek-600.jpg 600w, https:\/\/www.24gliwice.pl\/wiadomosci\/wp-content\/uploads\/2020\/04\/20200401-jasek-600-410x109.jpg 410w\" sizes=\"(max-width: 600px) 100vw, 600px\" class=\"no-lazyload\" width=\"600\" height=\"160\"  style=\"display: inline-block; max-width: 100%; height: auto;\" \/><\/a><\/div><\/div>","protected":false},"excerpt":{"rendered":"<p>Miasto otrzyma\u0142o ju\u017c zezwolenie na rozbudow\u0119 ulicy Strzelc\u00f3w Bytomskich o drog\u0119 rowerow\u0105 i pieszo-rowerow\u0105. Prace maj\u0105 rozpocz\u0105\u0107 si\u0119 jeszcze w kwietniu lub na pocz\u0105tku maja, natomiast ich zako\u0144czenie przewidywane jest w ci\u0105gu kilkunastu miesi\u0119cy.<\/p>\n","protected":false},"author":15,"featured_media":253222,"comment_status":"open","ping_status":"closed","sticky":false,"template":"","format":"standard","meta":{"_monsterinsights_skip_tracking":false,"_monsterinsights_sitenote_active":false,"_monsterinsights_sitenote_note":"","_monsterinsights_sitenote_category":0,"footnotes":"","_links_to":"","_links_to_target":""},"categories":[3,1],"tags":[9005,24325],"class_list":["post-253221","post","type-post","status-publish","format-standard","has-post-thumbnail","hentry","category-gliwice","category-wszystko","tag-droga-rowerowa","tag-strzelcow-bytomskich"],"yoast_head":"<!-- This site is optimized with the Yoast SEO plugin v27.5 - https:\/\/yoast.com\/product\/yoast-seo-wordpress\/ -->\n<title>2 kilometry trasy rowerowej dofinansowanej z Polskiego \u0141adu. Prace maj\u0105 ruszy\u0107 na dniach - 24GLIWICE - Portal Gliwice | codziennie nowe informacje<\/title>\n<meta name=\"description\" content=\"Wzd\u0142u\u017c ulicy Strzelc\u00f3w Bytomskich w \u0141ab\u0119dach wybudowana zostanie 2-kilometrowa trasa rowerowa. Prace maj\u0105 ruszy\u0107 na prze\u0142omie kwietnia i maja\" \/>\n<meta name=\"robots\" content=\"index, follow, max-snippet:-1, max-image-preview:large, max-video-preview:-1\" \/>\n<link rel=\"canonical\" href=\"https:\/\/www.24gliwice.pl\/wiadomosci\/2-kilometry-trasy-rowerowej-dofinansowanej-z-polskiego-ladu-prace-maja-ruszyc-na-dniach\/\" \/>\n<meta property=\"og:locale\" content=\"pl_PL\" \/>\n<meta property=\"og:type\" content=\"article\" \/>\n<meta property=\"og:title\" content=\"2 kilometry trasy rowerowej dofinansowanej z Polskiego \u0141adu. Prace maj\u0105 ruszy\u0107 na dniach - 24GLIWICE - Portal Gliwice | codziennie nowe informacje\" \/>\n<meta property=\"og:description\" content=\"Wzd\u0142u\u017c ulicy Strzelc\u00f3w Bytomskich w \u0141ab\u0119dach wybudowana zostanie 2-kilometrowa trasa rowerowa. Prace maj\u0105 ruszy\u0107 na prze\u0142omie kwietnia i maja\" \/>\n<meta property=\"og:url\" content=\"https:\/\/www.24gliwice.pl\/wiadomosci\/2-kilometry-trasy-rowerowej-dofinansowanej-z-polskiego-ladu-prace-maja-ruszyc-na-dniach\/\" \/>\n<meta property=\"og:site_name\" content=\"24GLIWICE - Portal Gliwice | codziennie nowe informacje\" \/>\n<meta property=\"article:publisher\" content=\"https:\/\/www.facebook.com\/24gliwice\" \/>\n<meta property=\"article:published_time\" content=\"2025-04-26T01:53:51+00:00\" \/>\n<meta property=\"og:image\" content=\"https:\/\/www.24gliwice.pl\/wiadomosci\/wp-content\/uploads\/2025\/04\/strzelcow-bytomskich.jpg\" \/>\n\t<meta property=\"og:image:width\" content=\"1200\" \/>\n\t<meta property=\"og:image:height\" content=\"677\" \/>\n\t<meta property=\"og:image:type\" content=\"image\/jpeg\" \/>\n<meta name=\"author\" content=\"\u017baneta Mrozek-Siewierska\" \/>\n<meta name=\"twitter:card\" content=\"summary_large_image\" \/>\n<meta name=\"twitter:creator\" content=\"@24gliwice\" \/>\n<meta name=\"twitter:site\" content=\"@24gliwice\" \/>\n<meta name=\"twitter:label1\" content=\"Napisane przez\" \/>\n\t<meta name=\"twitter:data1\" content=\"\u017baneta Mrozek-Siewierska\" \/>\n\t<meta name=\"twitter:label2\" content=\"Szacowany czas czytania\" \/>\n\t<meta name=\"twitter:data2\" content=\"2 minuty\" \/>\n<script type=\"application\/ld+json\" class=\"yoast-schema-graph\">{\"@context\":\"https:\\\/\\\/schema.org\",\"@graph\":[{\"@type\":\"Article\",\"@id\":\"https:\\\/\\\/www.24gliwice.pl\\\/wiadomosci\\\/2-kilometry-trasy-rowerowej-dofinansowanej-z-polskiego-ladu-prace-maja-ruszyc-na-dniach\\\/#article\",\"isPartOf\":{\"@id\":\"https:\\\/\\\/www.24gliwice.pl\\\/wiadomosci\\\/2-kilometry-trasy-rowerowej-dofinansowanej-z-polskiego-ladu-prace-maja-ruszyc-na-dniach\\\/\"},\"author\":{\"name\":\"\u017baneta Mrozek-Siewierska\",\"@id\":\"https:\\\/\\\/www.24gliwice.pl\\\/wiadomosci\\\/#\\\/schema\\\/person\\\/e42c650edd7f2fa332be3811fb166b6e\"},\"headline\":\"2 kilometry trasy rowerowej dofinansowanej z Polskiego \u0141adu. Prace maj\u0105 ruszy\u0107 na dniach\",\"datePublished\":\"2025-04-26T01:53:51+00:00\",\"mainEntityOfPage\":{\"@id\":\"https:\\\/\\\/www.24gliwice.pl\\\/wiadomosci\\\/2-kilometry-trasy-rowerowej-dofinansowanej-z-polskiego-ladu-prace-maja-ruszyc-na-dniach\\\/\"},\"wordCount\":404,\"commentCount\":39,\"publisher\":{\"@id\":\"https:\\\/\\\/www.24gliwice.pl\\\/wiadomosci\\\/#organization\"},\"image\":{\"@id\":\"https:\\\/\\\/www.24gliwice.pl\\\/wiadomosci\\\/2-kilometry-trasy-rowerowej-dofinansowanej-z-polskiego-ladu-prace-maja-ruszyc-na-dniach\\\/#primaryimage\"},\"thumbnailUrl\":\"https:\\\/\\\/www.24gliwice.pl\\\/wiadomosci\\\/wp-content\\\/uploads\\\/2025\\\/04\\\/strzelcow-bytomskich.jpg\",\"keywords\":[\"DROGA ROWEROWA\",\"STRZELC\u00d3W BYTOMSKICH\"],\"articleSection\":[\"Gliwice\",\"Najnowsze wiadomo\u015bci\"],\"inLanguage\":\"pl-PL\",\"potentialAction\":[{\"@type\":\"CommentAction\",\"name\":\"Comment\",\"target\":[\"https:\\\/\\\/www.24gliwice.pl\\\/wiadomosci\\\/2-kilometry-trasy-rowerowej-dofinansowanej-z-polskiego-ladu-prace-maja-ruszyc-na-dniach\\\/#respond\"]}]},{\"@type\":\"WebPage\",\"@id\":\"https:\\\/\\\/www.24gliwice.pl\\\/wiadomosci\\\/2-kilometry-trasy-rowerowej-dofinansowanej-z-polskiego-ladu-prace-maja-ruszyc-na-dniach\\\/\",\"url\":\"https:\\\/\\\/www.24gliwice.pl\\\/wiadomosci\\\/2-kilometry-trasy-rowerowej-dofinansowanej-z-polskiego-ladu-prace-maja-ruszyc-na-dniach\\\/\",\"name\":\"2 kilometry trasy rowerowej dofinansowanej z Polskiego \u0141adu. Prace maj\u0105 ruszy\u0107 na dniach - 24GLIWICE - Portal Gliwice | codziennie nowe informacje\",\"isPartOf\":{\"@id\":\"https:\\\/\\\/www.24gliwice.pl\\\/wiadomosci\\\/#website\"},\"primaryImageOfPage\":{\"@id\":\"https:\\\/\\\/www.24gliwice.pl\\\/wiadomosci\\\/2-kilometry-trasy-rowerowej-dofinansowanej-z-polskiego-ladu-prace-maja-ruszyc-na-dniach\\\/#primaryimage\"},\"image\":{\"@id\":\"https:\\\/\\\/www.24gliwice.pl\\\/wiadomosci\\\/2-kilometry-trasy-rowerowej-dofinansowanej-z-polskiego-ladu-prace-maja-ruszyc-na-dniach\\\/#primaryimage\"},\"thumbnailUrl\":\"https:\\\/\\\/www.24gliwice.pl\\\/wiadomosci\\\/wp-content\\\/uploads\\\/2025\\\/04\\\/strzelcow-bytomskich.jpg\",\"datePublished\":\"2025-04-26T01:53:51+00:00\",\"description\":\"Wzd\u0142u\u017c ulicy Strzelc\u00f3w Bytomskich w \u0141ab\u0119dach wybudowana zostanie 2-kilometrowa trasa rowerowa. Prace maj\u0105 ruszy\u0107 na prze\u0142omie kwietnia i maja\",\"breadcrumb\":{\"@id\":\"https:\\\/\\\/www.24gliwice.pl\\\/wiadomosci\\\/2-kilometry-trasy-rowerowej-dofinansowanej-z-polskiego-ladu-prace-maja-ruszyc-na-dniach\\\/#breadcrumb\"},\"inLanguage\":\"pl-PL\",\"potentialAction\":[{\"@type\":\"ReadAction\",\"target\":[\"https:\\\/\\\/www.24gliwice.pl\\\/wiadomosci\\\/2-kilometry-trasy-rowerowej-dofinansowanej-z-polskiego-ladu-prace-maja-ruszyc-na-dniach\\\/\"]}]},{\"@type\":\"ImageObject\",\"inLanguage\":\"pl-PL\",\"@id\":\"https:\\\/\\\/www.24gliwice.pl\\\/wiadomosci\\\/2-kilometry-trasy-rowerowej-dofinansowanej-z-polskiego-ladu-prace-maja-ruszyc-na-dniach\\\/#primaryimage\",\"url\":\"https:\\\/\\\/www.24gliwice.pl\\\/wiadomosci\\\/wp-content\\\/uploads\\\/2025\\\/04\\\/strzelcow-bytomskich.jpg\",\"contentUrl\":\"https:\\\/\\\/www.24gliwice.pl\\\/wiadomosci\\\/wp-content\\\/uploads\\\/2025\\\/04\\\/strzelcow-bytomskich.jpg\",\"width\":1200,\"height\":677},{\"@type\":\"BreadcrumbList\",\"@id\":\"https:\\\/\\\/www.24gliwice.pl\\\/wiadomosci\\\/2-kilometry-trasy-rowerowej-dofinansowanej-z-polskiego-ladu-prace-maja-ruszyc-na-dniach\\\/#breadcrumb\",\"itemListElement\":[{\"@type\":\"ListItem\",\"position\":1,\"name\":\"Strona g\u0142\u00f3wna\",\"item\":\"https:\\\/\\\/www.24gliwice.pl\\\/wiadomosci\\\/\"},{\"@type\":\"ListItem\",\"position\":2,\"name\":\"2 kilometry trasy rowerowej dofinansowanej z Polskiego \u0141adu. Prace maj\u0105 ruszy\u0107 na dniach\"}]},{\"@type\":\"WebSite\",\"@id\":\"https:\\\/\\\/www.24gliwice.pl\\\/wiadomosci\\\/#website\",\"url\":\"https:\\\/\\\/www.24gliwice.pl\\\/wiadomosci\\\/\",\"name\":\"24GLIWICE - Portal Gliwice | codziennie nowe wiadomo\u015bci\",\"description\":\"Portal Miejski Gliwice\",\"publisher\":{\"@id\":\"https:\\\/\\\/www.24gliwice.pl\\\/wiadomosci\\\/#organization\"},\"potentialAction\":[{\"@type\":\"SearchAction\",\"target\":{\"@type\":\"EntryPoint\",\"urlTemplate\":\"https:\\\/\\\/www.24gliwice.pl\\\/wiadomosci\\\/?s={search_term_string}\"},\"query-input\":{\"@type\":\"PropertyValueSpecification\",\"valueRequired\":true,\"valueName\":\"search_term_string\"}}],\"inLanguage\":\"pl-PL\"},{\"@type\":\"Organization\",\"@id\":\"https:\\\/\\\/www.24gliwice.pl\\\/wiadomosci\\\/#organization\",\"name\":\"24gliwice\",\"url\":\"https:\\\/\\\/www.24gliwice.pl\\\/wiadomosci\\\/\",\"logo\":{\"@type\":\"ImageObject\",\"inLanguage\":\"pl-PL\",\"@id\":\"https:\\\/\\\/www.24gliwice.pl\\\/wiadomosci\\\/#\\\/schema\\\/logo\\\/image\\\/\",\"url\":\"https:\\\/\\\/www.24gliwice.pl\\\/wiadomosci\\\/wp-content\\\/uploads\\\/2024\\\/10\\\/24gliwice-logo-696.jpg\",\"contentUrl\":\"https:\\\/\\\/www.24gliwice.pl\\\/wiadomosci\\\/wp-content\\\/uploads\\\/2024\\\/10\\\/24gliwice-logo-696.jpg\",\"width\":696,\"height\":696,\"caption\":\"24gliwice\"},\"image\":{\"@id\":\"https:\\\/\\\/www.24gliwice.pl\\\/wiadomosci\\\/#\\\/schema\\\/logo\\\/image\\\/\"},\"sameAs\":[\"https:\\\/\\\/www.facebook.com\\\/24gliwice\",\"https:\\\/\\\/x.com\\\/24gliwice\",\"https:\\\/\\\/www.youtube.com\\\/@24gliwice\"]},{\"@type\":\"Person\",\"@id\":\"https:\\\/\\\/www.24gliwice.pl\\\/wiadomosci\\\/#\\\/schema\\\/person\\\/e42c650edd7f2fa332be3811fb166b6e\",\"name\":\"\u017baneta Mrozek-Siewierska\",\"image\":{\"@type\":\"ImageObject\",\"inLanguage\":\"pl-PL\",\"@id\":\"https:\\\/\\\/secure.gravatar.com\\\/avatar\\\/1881429e9c64597c77ad7aef2d0a19be69a3253e57534d16aa15bf3a4d34a0a3?s=96&d=mm&r=g\",\"url\":\"https:\\\/\\\/secure.gravatar.com\\\/avatar\\\/1881429e9c64597c77ad7aef2d0a19be69a3253e57534d16aa15bf3a4d34a0a3?s=96&d=mm&r=g\",\"contentUrl\":\"https:\\\/\\\/secure.gravatar.com\\\/avatar\\\/1881429e9c64597c77ad7aef2d0a19be69a3253e57534d16aa15bf3a4d34a0a3?s=96&d=mm&r=g\",\"caption\":\"\u017baneta Mrozek-Siewierska\"},\"url\":\"https:\\\/\\\/www.24gliwice.pl\\\/wiadomosci\\\/author\\\/zms\\\/\"}]}<\/script>\n<!-- \/ Yoast SEO plugin. -->","yoast_head_json":{"title":"2 kilometry trasy rowerowej dofinansowanej z Polskiego \u0141adu. Prace maj\u0105 ruszy\u0107 na dniach - 24GLIWICE - Portal Gliwice | codziennie nowe informacje","description":"Wzd\u0142u\u017c ulicy Strzelc\u00f3w Bytomskich w \u0141ab\u0119dach wybudowana zostanie 2-kilometrowa trasa rowerowa. Prace maj\u0105 ruszy\u0107 na prze\u0142omie kwietnia i maja","robots":{"index":"index","follow":"follow","max-snippet":"max-snippet:-1","max-image-preview":"max-image-preview:large","max-video-preview":"max-video-preview:-1"},"canonical":"https:\/\/www.24gliwice.pl\/wiadomosci\/2-kilometry-trasy-rowerowej-dofinansowanej-z-polskiego-ladu-prace-maja-ruszyc-na-dniach\/","og_locale":"pl_PL","og_type":"article","og_title":"2 kilometry trasy rowerowej dofinansowanej z Polskiego \u0141adu. Prace maj\u0105 ruszy\u0107 na dniach - 24GLIWICE - Portal Gliwice | codziennie nowe informacje","og_description":"Wzd\u0142u\u017c ulicy Strzelc\u00f3w Bytomskich w \u0141ab\u0119dach wybudowana zostanie 2-kilometrowa trasa rowerowa. Prace maj\u0105 ruszy\u0107 na prze\u0142omie kwietnia i maja","og_url":"https:\/\/www.24gliwice.pl\/wiadomosci\/2-kilometry-trasy-rowerowej-dofinansowanej-z-polskiego-ladu-prace-maja-ruszyc-na-dniach\/","og_site_name":"24GLIWICE - Portal Gliwice | codziennie nowe informacje","article_publisher":"https:\/\/www.facebook.com\/24gliwice","article_published_time":"2025-04-26T01:53:51+00:00","og_image":[{"width":1200,"height":677,"url":"https:\/\/www.24gliwice.pl\/wiadomosci\/wp-content\/uploads\/2025\/04\/strzelcow-bytomskich.jpg","type":"image\/jpeg"}],"author":"\u017baneta Mrozek-Siewierska","twitter_card":"summary_large_image","twitter_creator":"@24gliwice","twitter_site":"@24gliwice","twitter_misc":{"Napisane przez":"\u017baneta Mrozek-Siewierska","Szacowany czas czytania":"2 minuty"},"schema":{"@context":"https:\/\/schema.org","@graph":[{"@type":"Article","@id":"https:\/\/www.24gliwice.pl\/wiadomosci\/2-kilometry-trasy-rowerowej-dofinansowanej-z-polskiego-ladu-prace-maja-ruszyc-na-dniach\/#article","isPartOf":{"@id":"https:\/\/www.24gliwice.pl\/wiadomosci\/2-kilometry-trasy-rowerowej-dofinansowanej-z-polskiego-ladu-prace-maja-ruszyc-na-dniach\/"},"author":{"name":"\u017baneta Mrozek-Siewierska","@id":"https:\/\/www.24gliwice.pl\/wiadomosci\/#\/schema\/person\/e42c650edd7f2fa332be3811fb166b6e"},"headline":"2 kilometry trasy rowerowej dofinansowanej z Polskiego \u0141adu. Prace maj\u0105 ruszy\u0107 na dniach","datePublished":"2025-04-26T01:53:51+00:00","mainEntityOfPage":{"@id":"https:\/\/www.24gliwice.pl\/wiadomosci\/2-kilometry-trasy-rowerowej-dofinansowanej-z-polskiego-ladu-prace-maja-ruszyc-na-dniach\/"},"wordCount":404,"commentCount":39,"publisher":{"@id":"https:\/\/www.24gliwice.pl\/wiadomosci\/#organization"},"image":{"@id":"https:\/\/www.24gliwice.pl\/wiadomosci\/2-kilometry-trasy-rowerowej-dofinansowanej-z-polskiego-ladu-prace-maja-ruszyc-na-dniach\/#primaryimage"},"thumbnailUrl":"https:\/\/www.24gliwice.pl\/wiadomosci\/wp-content\/uploads\/2025\/04\/strzelcow-bytomskich.jpg","keywords":["DROGA ROWEROWA","STRZELC\u00d3W BYTOMSKICH"],"articleSection":["Gliwice","Najnowsze wiadomo\u015bci"],"inLanguage":"pl-PL","potentialAction":[{"@type":"CommentAction","name":"Comment","target":["https:\/\/www.24gliwice.pl\/wiadomosci\/2-kilometry-trasy-rowerowej-dofinansowanej-z-polskiego-ladu-prace-maja-ruszyc-na-dniach\/#respond"]}]},{"@type":"WebPage","@id":"https:\/\/www.24gliwice.pl\/wiadomosci\/2-kilometry-trasy-rowerowej-dofinansowanej-z-polskiego-ladu-prace-maja-ruszyc-na-dniach\/","url":"https:\/\/www.24gliwice.pl\/wiadomosci\/2-kilometry-trasy-rowerowej-dofinansowanej-z-polskiego-ladu-prace-maja-ruszyc-na-dniach\/","name":"2 kilometry trasy rowerowej dofinansowanej z Polskiego \u0141adu. Prace maj\u0105 ruszy\u0107 na dniach - 24GLIWICE - Portal Gliwice | codziennie nowe informacje","isPartOf":{"@id":"https:\/\/www.24gliwice.pl\/wiadomosci\/#website"},"primaryImageOfPage":{"@id":"https:\/\/www.24gliwice.pl\/wiadomosci\/2-kilometry-trasy-rowerowej-dofinansowanej-z-polskiego-ladu-prace-maja-ruszyc-na-dniach\/#primaryimage"},"image":{"@id":"https:\/\/www.24gliwice.pl\/wiadomosci\/2-kilometry-trasy-rowerowej-dofinansowanej-z-polskiego-ladu-prace-maja-ruszyc-na-dniach\/#primaryimage"},"thumbnailUrl":"https:\/\/www.24gliwice.pl\/wiadomosci\/wp-content\/uploads\/2025\/04\/strzelcow-bytomskich.jpg","datePublished":"2025-04-26T01:53:51+00:00","description":"Wzd\u0142u\u017c ulicy Strzelc\u00f3w Bytomskich w \u0141ab\u0119dach wybudowana zostanie 2-kilometrowa trasa rowerowa. Prace maj\u0105 ruszy\u0107 na prze\u0142omie kwietnia i maja","breadcrumb":{"@id":"https:\/\/www.24gliwice.pl\/wiadomosci\/2-kilometry-trasy-rowerowej-dofinansowanej-z-polskiego-ladu-prace-maja-ruszyc-na-dniach\/#breadcrumb"},"inLanguage":"pl-PL","potentialAction":[{"@type":"ReadAction","target":["https:\/\/www.24gliwice.pl\/wiadomosci\/2-kilometry-trasy-rowerowej-dofinansowanej-z-polskiego-ladu-prace-maja-ruszyc-na-dniach\/"]}]},{"@type":"ImageObject","inLanguage":"pl-PL","@id":"https:\/\/www.24gliwice.pl\/wiadomosci\/2-kilometry-trasy-rowerowej-dofinansowanej-z-polskiego-ladu-prace-maja-ruszyc-na-dniach\/#primaryimage","url":"https:\/\/www.24gliwice.pl\/wiadomosci\/wp-content\/uploads\/2025\/04\/strzelcow-bytomskich.jpg","contentUrl":"https:\/\/www.24gliwice.pl\/wiadomosci\/wp-content\/uploads\/2025\/04\/strzelcow-bytomskich.jpg","width":1200,"height":677},{"@type":"BreadcrumbList","@id":"https:\/\/www.24gliwice.pl\/wiadomosci\/2-kilometry-trasy-rowerowej-dofinansowanej-z-polskiego-ladu-prace-maja-ruszyc-na-dniach\/#breadcrumb","itemListElement":[{"@type":"ListItem","position":1,"name":"Strona g\u0142\u00f3wna","item":"https:\/\/www.24gliwice.pl\/wiadomosci\/"},{"@type":"ListItem","position":2,"name":"2 kilometry trasy rowerowej dofinansowanej z Polskiego \u0141adu. Prace maj\u0105 ruszy\u0107 na dniach"}]},{"@type":"WebSite","@id":"https:\/\/www.24gliwice.pl\/wiadomosci\/#website","url":"https:\/\/www.24gliwice.pl\/wiadomosci\/","name":"24GLIWICE - Portal Gliwice | codziennie nowe wiadomo\u015bci","description":"Portal Miejski Gliwice","publisher":{"@id":"https:\/\/www.24gliwice.pl\/wiadomosci\/#organization"},"potentialAction":[{"@type":"SearchAction","target":{"@type":"EntryPoint","urlTemplate":"https:\/\/www.24gliwice.pl\/wiadomosci\/?s={search_term_string}"},"query-input":{"@type":"PropertyValueSpecification","valueRequired":true,"valueName":"search_term_string"}}],"inLanguage":"pl-PL"},{"@type":"Organization","@id":"https:\/\/www.24gliwice.pl\/wiadomosci\/#organization","name":"24gliwice","url":"https:\/\/www.24gliwice.pl\/wiadomosci\/","logo":{"@type":"ImageObject","inLanguage":"pl-PL","@id":"https:\/\/www.24gliwice.pl\/wiadomosci\/#\/schema\/logo\/image\/","url":"https:\/\/www.24gliwice.pl\/wiadomosci\/wp-content\/uploads\/2024\/10\/24gliwice-logo-696.jpg","contentUrl":"https:\/\/www.24gliwice.pl\/wiadomosci\/wp-content\/uploads\/2024\/10\/24gliwice-logo-696.jpg","width":696,"height":696,"caption":"24gliwice"},"image":{"@id":"https:\/\/www.24gliwice.pl\/wiadomosci\/#\/schema\/logo\/image\/"},"sameAs":["https:\/\/www.facebook.com\/24gliwice","https:\/\/x.com\/24gliwice","https:\/\/www.youtube.com\/@24gliwice"]},{"@type":"Person","@id":"https:\/\/www.24gliwice.pl\/wiadomosci\/#\/schema\/person\/e42c650edd7f2fa332be3811fb166b6e","name":"\u017baneta Mrozek-Siewierska","image":{"@type":"ImageObject","inLanguage":"pl-PL","@id":"https:\/\/secure.gravatar.com\/avatar\/1881429e9c64597c77ad7aef2d0a19be69a3253e57534d16aa15bf3a4d34a0a3?s=96&d=mm&r=g","url":"https:\/\/secure.gravatar.com\/avatar\/1881429e9c64597c77ad7aef2d0a19be69a3253e57534d16aa15bf3a4d34a0a3?s=96&d=mm&r=g","contentUrl":"https:\/\/secure.gravatar.com\/avatar\/1881429e9c64597c77ad7aef2d0a19be69a3253e57534d16aa15bf3a4d34a0a3?s=96&d=mm&r=g","caption":"\u017baneta Mrozek-Siewierska"},"url":"https:\/\/www.24gliwice.pl\/wiadomosci\/author\/zms\/"}]}},"_links":{"self":[{"href":"https:\/\/www.24gliwice.pl\/wiadomosci\/wp-json\/wp\/v2\/posts\/253221","targetHints":{"allow":["GET"]}}],"collection":[{"href":"https:\/\/www.24gliwice.pl\/wiadomosci\/wp-json\/wp\/v2\/posts"}],"about":[{"href":"https:\/\/www.24gliwice.pl\/wiadomosci\/wp-json\/wp\/v2\/types\/post"}],"author":[{"embeddable":true,"href":"https:\/\/www.24gliwice.pl\/wiadomosci\/wp-json\/wp\/v2\/users\/15"}],"replies":[{"embeddable":true,"href":"https:\/\/www.24gliwice.pl\/wiadomosci\/wp-json\/wp\/v2\/comments?post=253221"}],"version-history":[{"count":0,"href":"https:\/\/www.24gliwice.pl\/wiadomosci\/wp-json\/wp\/v2\/posts\/253221\/revisions"}],"wp:featuredmedia":[{"embeddable":true,"href":"https:\/\/www.24gliwice.pl\/wiadomosci\/wp-json\/wp\/v2\/media\/253222"}],"wp:attachment":[{"href":"https:\/\/www.24gliwice.pl\/wiadomosci\/wp-json\/wp\/v2\/media?parent=253221"}],"wp:term":[{"taxonomy":"category","embeddable":true,"href":"https:\/\/www.24gliwice.pl\/wiadomosci\/wp-json\/wp\/v2\/categories?post=253221"},{"taxonomy":"post_tag","embeddable":true,"href":"https:\/\/www.24gliwice.pl\/wiadomosci\/wp-json\/wp\/v2\/tags?post=253221"}],"curies":[{"name":"wp","href":"https:\/\/api.w.org\/{rel}","templated":true}]}}