{"id":253278,"date":"2025-04-24T14:07:31","date_gmt":"2025-04-24T12:07:31","guid":{"rendered":"https:\/\/www.24gliwice.pl\/wiadomosci\/?p=253278"},"modified":"2025-04-24T15:08:07","modified_gmt":"2025-04-24T13:08:07","slug":"grzegorz-krawczyk-ponownie-dyrektorem-teatru-miejskiego-przedstawil-najlepszy-program","status":"publish","type":"post","link":"https:\/\/www.24gliwice.pl\/wiadomosci\/grzegorz-krawczyk-ponownie-dyrektorem-teatru-miejskiego-przedstawil-najlepszy-program\/","title":{"rendered":"Grzegorz Krawczyk ponownie dyrektorem Teatru Miejskiego. &#8220;Przedstawi\u0142 najlepszy program&#8221;"},"content":{"rendered":"<div class=\"gliwi-a6-nad-leadem-artykulow gliwi-entity-placement\" id=\"gliwi-2908512833\"><div class=\"gliwi-adlabel\"><span style=\"font-size: 9px\">REKLAMA<\/span><\/div><div id=\"gliwi-1509308072\" style=\"margin-bottom: 25px;margin-left: auto;margin-right: auto;text-align: center;\"><a data-no-instant=\"1\" href=\"https:\/\/dom100.eu\/\" rel=\"noopener\" class=\"a2t-link\" target=\"_blank\" aria-label=\"20260415 DOM100 D\"><img loading=\"lazy\" decoding=\"async\" src=\"https:\/\/www.24gliwice.pl\/wiadomosci\/wp-content\/uploads\/2026\/04\/20260415-DOM100-D.jpg\" alt=\"\"  srcset=\"https:\/\/www.24gliwice.pl\/wiadomosci\/wp-content\/uploads\/2026\/04\/20260415-DOM100-D.jpg 750w, https:\/\/www.24gliwice.pl\/wiadomosci\/wp-content\/uploads\/2026\/04\/20260415-DOM100-D-410x109.jpg 410w\" sizes=\"(max-width: 750px) 100vw, 750px\" class=\"no-lazyload\" width=\"750\" height=\"200\"  style=\"display: inline-block; max-width: 100%; height: auto;\" \/><\/a><\/div><\/div><h2>Grzegorz Krawczyk zosta\u0142 ponownie wybrany dyrektorem Teatru Miejskiego w Gliwicach. Wieloletni dyrektor plac\u00f3wki otrzyma\u0142 najwi\u0119ksz\u0105 liczb\u0119 g\u0142os\u00f3w w post\u0119powaniu konkursowym.<\/h2>\n<p><!--more--><\/p>\n<p>Krawczyk pokona\u0142 trzech innych kandydat\u00f3w. O kierowanie gliwickim Teatrem ubiegali si\u0119 tak\u017ce: Magdalena Piekorz, Krzysztof Korwin-Piotrowski i Dariusz Wiktorowicz. Dotychczasowy dyrektor wygra\u0142 jednog\u0142o\u015bnie w pierwszym g\u0142osowaniu (zdoby\u0142 9 g\u0142os\u00f3w). <\/p>\n<blockquote><p>&#8211; Pan Grzegorz Krawczyk spe\u0142ni\u0142 wszystkie wymagania formalne zawarte w og\u0142oszeniu o konkursie oraz ustalone przez komisj\u0119 konkursow\u0105 szczeg\u00f3\u0142owe kryteria oceny kandydat\u00f3w ubiegaj\u0105cych si\u0119 o stanowisko dyrektora Teatru Miejskiego w Gliwicach<\/p><\/blockquote>\n<p> &#8211; czytamy w protokole z posiedzenia komisji konkursowej. &#8211; Kandydat posiada kwalifikacje i do\u015bwiadczenie niezb\u0119dne do prawid\u0142owej realizacji zada\u0144 na stanowisku dyrektora teatru. W ocenie komisji p. Grzegorz Krawczyk przedstawi\u0142 najlepszy i najpe\u0142niejszy program realizacji zada\u0144 w zakresie bie\u017c\u0105cego funkcjonowania i rozwoju teatru &#8211; dodano. <\/p><div class=\"gliwi-a3-w-tresci-artykulow gliwi-entity-placement\" id=\"gliwi-3344854162\"><div class=\"gliwi-adlabel\"><span style=\"font-size: 9px\">REKLAMA<\/span><\/div><div id=\"gliwi-3607701668\" style=\"margin-bottom: 30px;margin-left: auto;margin-right: auto;text-align: center;\"><a data-no-instant=\"1\" href=\"https:\/\/ogrodyandersa.pl\/\" rel=\"noopener\" class=\"a2t-link\" target=\"_blank\" aria-label=\"20260415 Ogrody Andersa KUP TERAZ D\"><img loading=\"lazy\" decoding=\"async\" src=\"https:\/\/www.24gliwice.pl\/wiadomosci\/wp-content\/uploads\/2026\/04\/20260415-Ogrody-Andersa-KUP-TERAZ-D.jpg\" alt=\"\"  srcset=\"https:\/\/www.24gliwice.pl\/wiadomosci\/wp-content\/uploads\/2026\/04\/20260415-Ogrody-Andersa-KUP-TERAZ-D.jpg 750w, https:\/\/www.24gliwice.pl\/wiadomosci\/wp-content\/uploads\/2026\/04\/20260415-Ogrody-Andersa-KUP-TERAZ-D-410x109.jpg 410w\" sizes=\"(max-width: 750px) 100vw, 750px\" class=\"no-lazyload\" width=\"750\" height=\"200\"  style=\"display: inline-block; max-width: 100%; height: auto;\" \/><\/a><\/div><\/div>\n<p>W sk\u0142ad komisji konkursowej weszli: \u0141ukasz G\u00f3rczy\u0144ski (wiceprezydent Gliwic), Joanna Nowatkowska-Banaszak, Stella Zaborowska-Nawrath, Ma\u0142gorzata Langier, \u0141ukasz Strzelczyk, Lech Mackiewicz, Maciej Piasny, Pawe\u0142 Szkotak, Krzysztof G\u00f3recki. <\/p>\n<p>Grzegorz Krawczyk dyrektoruje plac\u00f3wk\u0105 od dekady. Stanowisko (w\u00f3wczas dyrektora Gliwickiego Teatru Muzycznego) obj\u0105\u0142 w 2015 roku. Z Gliwicami by\u0142 zwi\u0105zany ju\u017c wcze\u015bniej, bo pe\u0142ni\u0142 w mie\u015bcie r\u00f3wnie\u017c rol\u0119 dyrektora Muzeum. <\/p>\n<p>W\u015br\u00f3d swoich przeciwnik\u00f3w ma opini\u0119 likwidatora dawnej &#8220;Operetki&#8221;. Zwolennicy zwracaj\u0105 uwag\u0119 na bogaty dorobek zawodowy Krawczyka i sprawne przekszta\u0142cenie gliwickiej sceny zgodnie z w\u0142asn\u0105 koncepcj\u0105 organizacyjn\u0105 i programow\u0105.<\/p>\n<p>Konkurs na dyrektora Teatru Miejskiego to nie jedyne post\u0119powanie konkursowe w miejskich jednostkach organizacyjnych. Wkr\u00f3tce powinni\u015bmy pozna\u0107 tak\u017ce nazwisko nowego dyrektora Zarz\u0105du Dr\u00f3g Miejskich w Gliwicach.<br \/>\n(msz)<\/p>\n<div class=\"gliwi-a5-na-koncu-artykulow gliwi-entity-placement\" id=\"gliwi-2621967172\"><div class=\"gliwi-adlabel\"><span style=\"font-size: 9px\">REKLAMA<\/span><\/div><div id=\"gliwi-273504257\" style=\"margin-left: auto;margin-right: auto;text-align: center;\"><a data-no-instant=\"1\" href=\"https:\/\/prezeroarenagliwice.pl\/\" rel=\"noopener\" class=\"a2t-link\" target=\"_blank\" aria-label=\"20260309-PREZERO-WIOSNA-D\"><img loading=\"lazy\" decoding=\"async\" src=\"https:\/\/www.24gliwice.pl\/wiadomosci\/wp-content\/uploads\/2026\/03\/20260309-PREZERO-WIOSNA-D.webp\" alt=\"\"  srcset=\"https:\/\/www.24gliwice.pl\/wiadomosci\/wp-content\/uploads\/2026\/03\/20260309-PREZERO-WIOSNA-D.webp 750w, https:\/\/www.24gliwice.pl\/wiadomosci\/wp-content\/uploads\/2026\/03\/20260309-PREZERO-WIOSNA-D-410x109.webp 410w\" sizes=\"(max-width: 750px) 100vw, 750px\" class=\"no-lazyload\" width=\"750\" height=\"200\"  style=\"display: inline-block; max-width: 100%; height: auto;\" \/><\/a><\/div><\/div>","protected":false},"excerpt":{"rendered":"<p>Grzegorz Krawczyk zosta\u0142 ponownie wybrany dyrektorem Teatru Miejskiego w Gliwicach. Wieloletni dyrektor plac\u00f3wki otrzyma\u0142 najwi\u0119ksz\u0105 liczb\u0119 g\u0142os\u00f3w w post\u0119powaniu konkursowym.<\/p>\n","protected":false},"author":12,"featured_media":253284,"comment_status":"open","ping_status":"closed","sticky":false,"template":"","format":"standard","meta":{"_monsterinsights_skip_tracking":false,"_monsterinsights_sitenote_active":false,"_monsterinsights_sitenote_note":"","_monsterinsights_sitenote_category":0,"footnotes":"","_links_to":"","_links_to_target":""},"categories":[3,1,8],"tags":[],"class_list":["post-253278","post","type-post","status-publish","format-standard","has-post-thumbnail","hentry","category-gliwice","category-wszystko","category-samorzad_polityka"],"yoast_head":"<!-- This site is optimized with the Yoast SEO plugin v27.5 - https:\/\/yoast.com\/product\/yoast-seo-wordpress\/ -->\n<title>Grzegorz Krawczyk ponownie dyrektorem Teatru Miejskiego. &quot;Przedstawi\u0142 najlepszy program&quot; - 24GLIWICE - Portal Gliwice | codziennie nowe informacje<\/title>\n<meta name=\"robots\" content=\"index, follow, max-snippet:-1, max-image-preview:large, max-video-preview:-1\" \/>\n<link rel=\"canonical\" href=\"https:\/\/www.24gliwice.pl\/wiadomosci\/grzegorz-krawczyk-ponownie-dyrektorem-teatru-miejskiego-przedstawil-najlepszy-program\/\" \/>\n<meta property=\"og:locale\" content=\"pl_PL\" \/>\n<meta property=\"og:type\" content=\"article\" \/>\n<meta property=\"og:title\" content=\"Grzegorz Krawczyk ponownie dyrektorem Teatru Miejskiego. &quot;Przedstawi\u0142 najlepszy program&quot; - 24GLIWICE - Portal Gliwice | codziennie nowe informacje\" \/>\n<meta property=\"og:description\" content=\"Grzegorz Krawczyk zosta\u0142 ponownie wybrany dyrektorem Teatru Miejskiego w Gliwicach. Wieloletni dyrektor plac\u00f3wki otrzyma\u0142 najwi\u0119ksz\u0105 liczb\u0119 g\u0142os\u00f3w w post\u0119powaniu konkursowym.\" \/>\n<meta property=\"og:url\" content=\"https:\/\/www.24gliwice.pl\/wiadomosci\/grzegorz-krawczyk-ponownie-dyrektorem-teatru-miejskiego-przedstawil-najlepszy-program\/\" \/>\n<meta property=\"og:site_name\" content=\"24GLIWICE - Portal Gliwice | codziennie nowe informacje\" \/>\n<meta property=\"article:publisher\" content=\"https:\/\/www.facebook.com\/24gliwice\" \/>\n<meta property=\"article:published_time\" content=\"2025-04-24T12:07:31+00:00\" \/>\n<meta property=\"article:modified_time\" content=\"2025-04-24T13:08:07+00:00\" \/>\n<meta property=\"og:image\" content=\"https:\/\/www.24gliwice.pl\/wiadomosci\/wp-content\/uploads\/2025\/04\/grzegorz-krawczyk-teatr-miejski.jpg\" \/>\n\t<meta property=\"og:image:width\" content=\"810\" \/>\n\t<meta property=\"og:image:height\" content=\"456\" \/>\n\t<meta property=\"og:image:type\" content=\"image\/jpeg\" \/>\n<meta name=\"author\" content=\"Micha\u0142 Szewczyk\" \/>\n<meta name=\"twitter:card\" content=\"summary_large_image\" \/>\n<meta name=\"twitter:creator\" content=\"@24gliwice\" \/>\n<meta name=\"twitter:site\" content=\"@24gliwice\" \/>\n<meta name=\"twitter:label1\" content=\"Napisane przez\" \/>\n\t<meta name=\"twitter:data1\" content=\"Micha\u0142 Szewczyk\" \/>\n\t<meta name=\"twitter:label2\" content=\"Szacowany czas czytania\" \/>\n\t<meta name=\"twitter:data2\" content=\"2 minuty\" \/>\n<script type=\"application\/ld+json\" class=\"yoast-schema-graph\">{\"@context\":\"https:\\\/\\\/schema.org\",\"@graph\":[{\"@type\":\"Article\",\"@id\":\"https:\\\/\\\/www.24gliwice.pl\\\/wiadomosci\\\/grzegorz-krawczyk-ponownie-dyrektorem-teatru-miejskiego-przedstawil-najlepszy-program\\\/#article\",\"isPartOf\":{\"@id\":\"https:\\\/\\\/www.24gliwice.pl\\\/wiadomosci\\\/grzegorz-krawczyk-ponownie-dyrektorem-teatru-miejskiego-przedstawil-najlepszy-program\\\/\"},\"author\":{\"name\":\"Micha\u0142 Szewczyk\",\"@id\":\"https:\\\/\\\/www.24gliwice.pl\\\/wiadomosci\\\/#\\\/schema\\\/person\\\/940e8f8a097e322de4f463f061ef8d45\"},\"headline\":\"Grzegorz Krawczyk ponownie dyrektorem Teatru Miejskiego. &#8220;Przedstawi\u0142 najlepszy program&#8221;\",\"datePublished\":\"2025-04-24T12:07:31+00:00\",\"dateModified\":\"2025-04-24T13:08:07+00:00\",\"mainEntityOfPage\":{\"@id\":\"https:\\\/\\\/www.24gliwice.pl\\\/wiadomosci\\\/grzegorz-krawczyk-ponownie-dyrektorem-teatru-miejskiego-przedstawil-najlepszy-program\\\/\"},\"wordCount\":287,\"commentCount\":6,\"publisher\":{\"@id\":\"https:\\\/\\\/www.24gliwice.pl\\\/wiadomosci\\\/#organization\"},\"image\":{\"@id\":\"https:\\\/\\\/www.24gliwice.pl\\\/wiadomosci\\\/grzegorz-krawczyk-ponownie-dyrektorem-teatru-miejskiego-przedstawil-najlepszy-program\\\/#primaryimage\"},\"thumbnailUrl\":\"https:\\\/\\\/www.24gliwice.pl\\\/wiadomosci\\\/wp-content\\\/uploads\\\/2025\\\/04\\\/grzegorz-krawczyk-teatr-miejski.jpg\",\"articleSection\":[\"Gliwice\",\"Najnowsze wiadomo\u015bci\",\"Samorz\u0105d, polityka\"],\"inLanguage\":\"pl-PL\",\"potentialAction\":[{\"@type\":\"CommentAction\",\"name\":\"Comment\",\"target\":[\"https:\\\/\\\/www.24gliwice.pl\\\/wiadomosci\\\/grzegorz-krawczyk-ponownie-dyrektorem-teatru-miejskiego-przedstawil-najlepszy-program\\\/#respond\"]}]},{\"@type\":\"WebPage\",\"@id\":\"https:\\\/\\\/www.24gliwice.pl\\\/wiadomosci\\\/grzegorz-krawczyk-ponownie-dyrektorem-teatru-miejskiego-przedstawil-najlepszy-program\\\/\",\"url\":\"https:\\\/\\\/www.24gliwice.pl\\\/wiadomosci\\\/grzegorz-krawczyk-ponownie-dyrektorem-teatru-miejskiego-przedstawil-najlepszy-program\\\/\",\"name\":\"Grzegorz Krawczyk ponownie dyrektorem Teatru Miejskiego. \\\"Przedstawi\u0142 najlepszy program\\\" - 24GLIWICE - Portal Gliwice | codziennie nowe informacje\",\"isPartOf\":{\"@id\":\"https:\\\/\\\/www.24gliwice.pl\\\/wiadomosci\\\/#website\"},\"primaryImageOfPage\":{\"@id\":\"https:\\\/\\\/www.24gliwice.pl\\\/wiadomosci\\\/grzegorz-krawczyk-ponownie-dyrektorem-teatru-miejskiego-przedstawil-najlepszy-program\\\/#primaryimage\"},\"image\":{\"@id\":\"https:\\\/\\\/www.24gliwice.pl\\\/wiadomosci\\\/grzegorz-krawczyk-ponownie-dyrektorem-teatru-miejskiego-przedstawil-najlepszy-program\\\/#primaryimage\"},\"thumbnailUrl\":\"https:\\\/\\\/www.24gliwice.pl\\\/wiadomosci\\\/wp-content\\\/uploads\\\/2025\\\/04\\\/grzegorz-krawczyk-teatr-miejski.jpg\",\"datePublished\":\"2025-04-24T12:07:31+00:00\",\"dateModified\":\"2025-04-24T13:08:07+00:00\",\"breadcrumb\":{\"@id\":\"https:\\\/\\\/www.24gliwice.pl\\\/wiadomosci\\\/grzegorz-krawczyk-ponownie-dyrektorem-teatru-miejskiego-przedstawil-najlepszy-program\\\/#breadcrumb\"},\"inLanguage\":\"pl-PL\",\"potentialAction\":[{\"@type\":\"ReadAction\",\"target\":[\"https:\\\/\\\/www.24gliwice.pl\\\/wiadomosci\\\/grzegorz-krawczyk-ponownie-dyrektorem-teatru-miejskiego-przedstawil-najlepszy-program\\\/\"]}]},{\"@type\":\"ImageObject\",\"inLanguage\":\"pl-PL\",\"@id\":\"https:\\\/\\\/www.24gliwice.pl\\\/wiadomosci\\\/grzegorz-krawczyk-ponownie-dyrektorem-teatru-miejskiego-przedstawil-najlepszy-program\\\/#primaryimage\",\"url\":\"https:\\\/\\\/www.24gliwice.pl\\\/wiadomosci\\\/wp-content\\\/uploads\\\/2025\\\/04\\\/grzegorz-krawczyk-teatr-miejski.jpg\",\"contentUrl\":\"https:\\\/\\\/www.24gliwice.pl\\\/wiadomosci\\\/wp-content\\\/uploads\\\/2025\\\/04\\\/grzegorz-krawczyk-teatr-miejski.jpg\",\"width\":810,\"height\":456,\"caption\":\"grzegorz krawczyk teatr miejski\"},{\"@type\":\"BreadcrumbList\",\"@id\":\"https:\\\/\\\/www.24gliwice.pl\\\/wiadomosci\\\/grzegorz-krawczyk-ponownie-dyrektorem-teatru-miejskiego-przedstawil-najlepszy-program\\\/#breadcrumb\",\"itemListElement\":[{\"@type\":\"ListItem\",\"position\":1,\"name\":\"Strona g\u0142\u00f3wna\",\"item\":\"https:\\\/\\\/www.24gliwice.pl\\\/wiadomosci\\\/\"},{\"@type\":\"ListItem\",\"position\":2,\"name\":\"Grzegorz Krawczyk ponownie dyrektorem Teatru Miejskiego. &#8220;Przedstawi\u0142 najlepszy program&#8221;\"}]},{\"@type\":\"WebSite\",\"@id\":\"https:\\\/\\\/www.24gliwice.pl\\\/wiadomosci\\\/#website\",\"url\":\"https:\\\/\\\/www.24gliwice.pl\\\/wiadomosci\\\/\",\"name\":\"24GLIWICE - Portal Gliwice | codziennie nowe wiadomo\u015bci\",\"description\":\"Portal Miejski Gliwice\",\"publisher\":{\"@id\":\"https:\\\/\\\/www.24gliwice.pl\\\/wiadomosci\\\/#organization\"},\"potentialAction\":[{\"@type\":\"SearchAction\",\"target\":{\"@type\":\"EntryPoint\",\"urlTemplate\":\"https:\\\/\\\/www.24gliwice.pl\\\/wiadomosci\\\/?s={search_term_string}\"},\"query-input\":{\"@type\":\"PropertyValueSpecification\",\"valueRequired\":true,\"valueName\":\"search_term_string\"}}],\"inLanguage\":\"pl-PL\"},{\"@type\":\"Organization\",\"@id\":\"https:\\\/\\\/www.24gliwice.pl\\\/wiadomosci\\\/#organization\",\"name\":\"24gliwice\",\"url\":\"https:\\\/\\\/www.24gliwice.pl\\\/wiadomosci\\\/\",\"logo\":{\"@type\":\"ImageObject\",\"inLanguage\":\"pl-PL\",\"@id\":\"https:\\\/\\\/www.24gliwice.pl\\\/wiadomosci\\\/#\\\/schema\\\/logo\\\/image\\\/\",\"url\":\"https:\\\/\\\/www.24gliwice.pl\\\/wiadomosci\\\/wp-content\\\/uploads\\\/2024\\\/10\\\/24gliwice-logo-696.jpg\",\"contentUrl\":\"https:\\\/\\\/www.24gliwice.pl\\\/wiadomosci\\\/wp-content\\\/uploads\\\/2024\\\/10\\\/24gliwice-logo-696.jpg\",\"width\":696,\"height\":696,\"caption\":\"24gliwice\"},\"image\":{\"@id\":\"https:\\\/\\\/www.24gliwice.pl\\\/wiadomosci\\\/#\\\/schema\\\/logo\\\/image\\\/\"},\"sameAs\":[\"https:\\\/\\\/www.facebook.com\\\/24gliwice\",\"https:\\\/\\\/x.com\\\/24gliwice\",\"https:\\\/\\\/www.youtube.com\\\/@24gliwice\"]},{\"@type\":\"Person\",\"@id\":\"https:\\\/\\\/www.24gliwice.pl\\\/wiadomosci\\\/#\\\/schema\\\/person\\\/940e8f8a097e322de4f463f061ef8d45\",\"name\":\"Micha\u0142 Szewczyk\",\"image\":{\"@type\":\"ImageObject\",\"inLanguage\":\"pl-PL\",\"@id\":\"https:\\\/\\\/secure.gravatar.com\\\/avatar\\\/771b8b6c74cd8d255e46392d605e01a86133900ef09b6ef3c8d451c9d92288cf?s=96&d=mm&r=g\",\"url\":\"https:\\\/\\\/secure.gravatar.com\\\/avatar\\\/771b8b6c74cd8d255e46392d605e01a86133900ef09b6ef3c8d451c9d92288cf?s=96&d=mm&r=g\",\"contentUrl\":\"https:\\\/\\\/secure.gravatar.com\\\/avatar\\\/771b8b6c74cd8d255e46392d605e01a86133900ef09b6ef3c8d451c9d92288cf?s=96&d=mm&r=g\",\"caption\":\"Micha\u0142 Szewczyk\"},\"sameAs\":[\"http:\\\/\\\/www.gazeta-miejska.pl\"],\"url\":\"https:\\\/\\\/www.24gliwice.pl\\\/wiadomosci\\\/author\\\/michal-szewczyk\\\/\"}]}<\/script>\n<!-- \/ Yoast SEO plugin. -->","yoast_head_json":{"title":"Grzegorz Krawczyk ponownie dyrektorem Teatru Miejskiego. \"Przedstawi\u0142 najlepszy program\" - 24GLIWICE - Portal Gliwice | codziennie nowe informacje","robots":{"index":"index","follow":"follow","max-snippet":"max-snippet:-1","max-image-preview":"max-image-preview:large","max-video-preview":"max-video-preview:-1"},"canonical":"https:\/\/www.24gliwice.pl\/wiadomosci\/grzegorz-krawczyk-ponownie-dyrektorem-teatru-miejskiego-przedstawil-najlepszy-program\/","og_locale":"pl_PL","og_type":"article","og_title":"Grzegorz Krawczyk ponownie dyrektorem Teatru Miejskiego. \"Przedstawi\u0142 najlepszy program\" - 24GLIWICE - Portal Gliwice | codziennie nowe informacje","og_description":"Grzegorz Krawczyk zosta\u0142 ponownie wybrany dyrektorem Teatru Miejskiego w Gliwicach. Wieloletni dyrektor plac\u00f3wki otrzyma\u0142 najwi\u0119ksz\u0105 liczb\u0119 g\u0142os\u00f3w w post\u0119powaniu konkursowym.","og_url":"https:\/\/www.24gliwice.pl\/wiadomosci\/grzegorz-krawczyk-ponownie-dyrektorem-teatru-miejskiego-przedstawil-najlepszy-program\/","og_site_name":"24GLIWICE - Portal Gliwice | codziennie nowe informacje","article_publisher":"https:\/\/www.facebook.com\/24gliwice","article_published_time":"2025-04-24T12:07:31+00:00","article_modified_time":"2025-04-24T13:08:07+00:00","og_image":[{"width":810,"height":456,"url":"https:\/\/www.24gliwice.pl\/wiadomosci\/wp-content\/uploads\/2025\/04\/grzegorz-krawczyk-teatr-miejski.jpg","type":"image\/jpeg"}],"author":"Micha\u0142 Szewczyk","twitter_card":"summary_large_image","twitter_creator":"@24gliwice","twitter_site":"@24gliwice","twitter_misc":{"Napisane przez":"Micha\u0142 Szewczyk","Szacowany czas czytania":"2 minuty"},"schema":{"@context":"https:\/\/schema.org","@graph":[{"@type":"Article","@id":"https:\/\/www.24gliwice.pl\/wiadomosci\/grzegorz-krawczyk-ponownie-dyrektorem-teatru-miejskiego-przedstawil-najlepszy-program\/#article","isPartOf":{"@id":"https:\/\/www.24gliwice.pl\/wiadomosci\/grzegorz-krawczyk-ponownie-dyrektorem-teatru-miejskiego-przedstawil-najlepszy-program\/"},"author":{"name":"Micha\u0142 Szewczyk","@id":"https:\/\/www.24gliwice.pl\/wiadomosci\/#\/schema\/person\/940e8f8a097e322de4f463f061ef8d45"},"headline":"Grzegorz Krawczyk ponownie dyrektorem Teatru Miejskiego. &#8220;Przedstawi\u0142 najlepszy program&#8221;","datePublished":"2025-04-24T12:07:31+00:00","dateModified":"2025-04-24T13:08:07+00:00","mainEntityOfPage":{"@id":"https:\/\/www.24gliwice.pl\/wiadomosci\/grzegorz-krawczyk-ponownie-dyrektorem-teatru-miejskiego-przedstawil-najlepszy-program\/"},"wordCount":287,"commentCount":6,"publisher":{"@id":"https:\/\/www.24gliwice.pl\/wiadomosci\/#organization"},"image":{"@id":"https:\/\/www.24gliwice.pl\/wiadomosci\/grzegorz-krawczyk-ponownie-dyrektorem-teatru-miejskiego-przedstawil-najlepszy-program\/#primaryimage"},"thumbnailUrl":"https:\/\/www.24gliwice.pl\/wiadomosci\/wp-content\/uploads\/2025\/04\/grzegorz-krawczyk-teatr-miejski.jpg","articleSection":["Gliwice","Najnowsze wiadomo\u015bci","Samorz\u0105d, polityka"],"inLanguage":"pl-PL","potentialAction":[{"@type":"CommentAction","name":"Comment","target":["https:\/\/www.24gliwice.pl\/wiadomosci\/grzegorz-krawczyk-ponownie-dyrektorem-teatru-miejskiego-przedstawil-najlepszy-program\/#respond"]}]},{"@type":"WebPage","@id":"https:\/\/www.24gliwice.pl\/wiadomosci\/grzegorz-krawczyk-ponownie-dyrektorem-teatru-miejskiego-przedstawil-najlepszy-program\/","url":"https:\/\/www.24gliwice.pl\/wiadomosci\/grzegorz-krawczyk-ponownie-dyrektorem-teatru-miejskiego-przedstawil-najlepszy-program\/","name":"Grzegorz Krawczyk ponownie dyrektorem Teatru Miejskiego. \"Przedstawi\u0142 najlepszy program\" - 24GLIWICE - Portal Gliwice | codziennie nowe informacje","isPartOf":{"@id":"https:\/\/www.24gliwice.pl\/wiadomosci\/#website"},"primaryImageOfPage":{"@id":"https:\/\/www.24gliwice.pl\/wiadomosci\/grzegorz-krawczyk-ponownie-dyrektorem-teatru-miejskiego-przedstawil-najlepszy-program\/#primaryimage"},"image":{"@id":"https:\/\/www.24gliwice.pl\/wiadomosci\/grzegorz-krawczyk-ponownie-dyrektorem-teatru-miejskiego-przedstawil-najlepszy-program\/#primaryimage"},"thumbnailUrl":"https:\/\/www.24gliwice.pl\/wiadomosci\/wp-content\/uploads\/2025\/04\/grzegorz-krawczyk-teatr-miejski.jpg","datePublished":"2025-04-24T12:07:31+00:00","dateModified":"2025-04-24T13:08:07+00:00","breadcrumb":{"@id":"https:\/\/www.24gliwice.pl\/wiadomosci\/grzegorz-krawczyk-ponownie-dyrektorem-teatru-miejskiego-przedstawil-najlepszy-program\/#breadcrumb"},"inLanguage":"pl-PL","potentialAction":[{"@type":"ReadAction","target":["https:\/\/www.24gliwice.pl\/wiadomosci\/grzegorz-krawczyk-ponownie-dyrektorem-teatru-miejskiego-przedstawil-najlepszy-program\/"]}]},{"@type":"ImageObject","inLanguage":"pl-PL","@id":"https:\/\/www.24gliwice.pl\/wiadomosci\/grzegorz-krawczyk-ponownie-dyrektorem-teatru-miejskiego-przedstawil-najlepszy-program\/#primaryimage","url":"https:\/\/www.24gliwice.pl\/wiadomosci\/wp-content\/uploads\/2025\/04\/grzegorz-krawczyk-teatr-miejski.jpg","contentUrl":"https:\/\/www.24gliwice.pl\/wiadomosci\/wp-content\/uploads\/2025\/04\/grzegorz-krawczyk-teatr-miejski.jpg","width":810,"height":456,"caption":"grzegorz krawczyk teatr miejski"},{"@type":"BreadcrumbList","@id":"https:\/\/www.24gliwice.pl\/wiadomosci\/grzegorz-krawczyk-ponownie-dyrektorem-teatru-miejskiego-przedstawil-najlepszy-program\/#breadcrumb","itemListElement":[{"@type":"ListItem","position":1,"name":"Strona g\u0142\u00f3wna","item":"https:\/\/www.24gliwice.pl\/wiadomosci\/"},{"@type":"ListItem","position":2,"name":"Grzegorz Krawczyk ponownie dyrektorem Teatru Miejskiego. &#8220;Przedstawi\u0142 najlepszy program&#8221;"}]},{"@type":"WebSite","@id":"https:\/\/www.24gliwice.pl\/wiadomosci\/#website","url":"https:\/\/www.24gliwice.pl\/wiadomosci\/","name":"24GLIWICE - Portal Gliwice | codziennie nowe wiadomo\u015bci","description":"Portal Miejski Gliwice","publisher":{"@id":"https:\/\/www.24gliwice.pl\/wiadomosci\/#organization"},"potentialAction":[{"@type":"SearchAction","target":{"@type":"EntryPoint","urlTemplate":"https:\/\/www.24gliwice.pl\/wiadomosci\/?s={search_term_string}"},"query-input":{"@type":"PropertyValueSpecification","valueRequired":true,"valueName":"search_term_string"}}],"inLanguage":"pl-PL"},{"@type":"Organization","@id":"https:\/\/www.24gliwice.pl\/wiadomosci\/#organization","name":"24gliwice","url":"https:\/\/www.24gliwice.pl\/wiadomosci\/","logo":{"@type":"ImageObject","inLanguage":"pl-PL","@id":"https:\/\/www.24gliwice.pl\/wiadomosci\/#\/schema\/logo\/image\/","url":"https:\/\/www.24gliwice.pl\/wiadomosci\/wp-content\/uploads\/2024\/10\/24gliwice-logo-696.jpg","contentUrl":"https:\/\/www.24gliwice.pl\/wiadomosci\/wp-content\/uploads\/2024\/10\/24gliwice-logo-696.jpg","width":696,"height":696,"caption":"24gliwice"},"image":{"@id":"https:\/\/www.24gliwice.pl\/wiadomosci\/#\/schema\/logo\/image\/"},"sameAs":["https:\/\/www.facebook.com\/24gliwice","https:\/\/x.com\/24gliwice","https:\/\/www.youtube.com\/@24gliwice"]},{"@type":"Person","@id":"https:\/\/www.24gliwice.pl\/wiadomosci\/#\/schema\/person\/940e8f8a097e322de4f463f061ef8d45","name":"Micha\u0142 Szewczyk","image":{"@type":"ImageObject","inLanguage":"pl-PL","@id":"https:\/\/secure.gravatar.com\/avatar\/771b8b6c74cd8d255e46392d605e01a86133900ef09b6ef3c8d451c9d92288cf?s=96&d=mm&r=g","url":"https:\/\/secure.gravatar.com\/avatar\/771b8b6c74cd8d255e46392d605e01a86133900ef09b6ef3c8d451c9d92288cf?s=96&d=mm&r=g","contentUrl":"https:\/\/secure.gravatar.com\/avatar\/771b8b6c74cd8d255e46392d605e01a86133900ef09b6ef3c8d451c9d92288cf?s=96&d=mm&r=g","caption":"Micha\u0142 Szewczyk"},"sameAs":["http:\/\/www.gazeta-miejska.pl"],"url":"https:\/\/www.24gliwice.pl\/wiadomosci\/author\/michal-szewczyk\/"}]}},"_links":{"self":[{"href":"https:\/\/www.24gliwice.pl\/wiadomosci\/wp-json\/wp\/v2\/posts\/253278","targetHints":{"allow":["GET"]}}],"collection":[{"href":"https:\/\/www.24gliwice.pl\/wiadomosci\/wp-json\/wp\/v2\/posts"}],"about":[{"href":"https:\/\/www.24gliwice.pl\/wiadomosci\/wp-json\/wp\/v2\/types\/post"}],"author":[{"embeddable":true,"href":"https:\/\/www.24gliwice.pl\/wiadomosci\/wp-json\/wp\/v2\/users\/12"}],"replies":[{"embeddable":true,"href":"https:\/\/www.24gliwice.pl\/wiadomosci\/wp-json\/wp\/v2\/comments?post=253278"}],"version-history":[{"count":0,"href":"https:\/\/www.24gliwice.pl\/wiadomosci\/wp-json\/wp\/v2\/posts\/253278\/revisions"}],"wp:featuredmedia":[{"embeddable":true,"href":"https:\/\/www.24gliwice.pl\/wiadomosci\/wp-json\/wp\/v2\/media\/253284"}],"wp:attachment":[{"href":"https:\/\/www.24gliwice.pl\/wiadomosci\/wp-json\/wp\/v2\/media?parent=253278"}],"wp:term":[{"taxonomy":"category","embeddable":true,"href":"https:\/\/www.24gliwice.pl\/wiadomosci\/wp-json\/wp\/v2\/categories?post=253278"},{"taxonomy":"post_tag","embeddable":true,"href":"https:\/\/www.24gliwice.pl\/wiadomosci\/wp-json\/wp\/v2\/tags?post=253278"}],"curies":[{"name":"wp","href":"https:\/\/api.w.org\/{rel}","templated":true}]}}