{"id":253357,"date":"2025-04-27T05:19:22","date_gmt":"2025-04-27T03:19:22","guid":{"rendered":"https:\/\/www.24gliwice.pl\/wiadomosci\/?p=253357"},"modified":"2025-04-29T01:37:17","modified_gmt":"2025-04-28T23:37:17","slug":"nieprawidlowosci-w-jednej-ze-spolek-miejskich-radni-domagaja-sie-informacji-od-prezydent","status":"publish","type":"post","link":"https:\/\/www.24gliwice.pl\/wiadomosci\/nieprawidlowosci-w-jednej-ze-spolek-miejskich-radni-domagaja-sie-informacji-od-prezydent\/","title":{"rendered":"Nieprawid\u0142owo\u015bci w jednej ze sp\u00f3\u0142ek miejskich? Radni domagaj\u0105 si\u0119 informacji od prezydent"},"content":{"rendered":"<div class=\"gliwi-a6-nad-leadem-artykulow gliwi-entity-placement\" id=\"gliwi-2257002235\"><div class=\"gliwi-adlabel\"><span style=\"font-size: 9px\">REKLAMA<\/span><\/div><div id=\"gliwi-1380853220\" style=\"margin-bottom: 30px;margin-left: auto;margin-right: auto;text-align: center;\"><a data-no-instant=\"1\" href=\"https:\/\/przedszkole.halogen.org.pl\/\" rel=\"noopener\" class=\"a2t-link\" target=\"_blank\" aria-label=\"20260402-ANIMATOR-przedszkole_grafika_750x200\"><img loading=\"lazy\" decoding=\"async\" src=\"https:\/\/www.24gliwice.pl\/wiadomosci\/wp-content\/uploads\/2026\/04\/20260402-ANIMATOR-przedszkole_grafika_750x200.webp\" alt=\"\"  srcset=\"https:\/\/www.24gliwice.pl\/wiadomosci\/wp-content\/uploads\/2026\/04\/20260402-ANIMATOR-przedszkole_grafika_750x200.webp 750w, https:\/\/www.24gliwice.pl\/wiadomosci\/wp-content\/uploads\/2026\/04\/20260402-ANIMATOR-przedszkole_grafika_750x200-410x109.webp 410w\" sizes=\"(max-width: 750px) 100vw, 750px\" class=\"no-lazyload\" width=\"750\" height=\"200\"  style=\"display: inline-block; max-width: 100%; height: auto;\" \/><\/a><\/div><\/div><p><iframe loading=\"lazy\" width=\"810\" height=\"456\" src=\"https:\/\/www.youtube.com\/embed\/60v0YR0eGYg?si=vD6vTy0RcDW83LZ-\" title=\"YouTube video player\" frameborder=\"0\" allow=\"accelerometer; autoplay; clipboard-write; encrypted-media; gyroscope; picture-in-picture; web-share\" referrerpolicy=\"strict-origin-when-cross-origin\" allowfullscreen><\/iframe><\/p>\n<h3><em>&#8211; Zarzuty s\u0105 bardzo mocne, jako rada miasta powinni\u015bmy bezwzgl\u0119dnie podj\u0105\u0107 czynno\u015bci, kt\u00f3re spowoduj\u0105 wyja\u015bnienie tej sprawy<\/em> &#8211; m\u00f3wi Marek Pszonak (KdG), przewodnicz\u0105cy Rady Miasta, odnosz\u0105c si\u0119 do tre\u015bci obszernej publikacji dotycz\u0105cej licznych nieprawid\u0142owo\u015bci w jednej z miejskich sp\u00f3\u0142ek. <\/h3>\n<p><!--more--><\/p>\n<p>Wspomniany tekst ukaza\u0142 si\u0119 w ostatnich dniach w mediach spo\u0142eczno\u015bciowych, w formie anonimowego opracowania udokumentowanego za\u0142\u0105cznikami. Kopie zosta\u0142y te\u017c rozes\u0142ane m.in. do zarz\u0105du miasta, radnych, parlamentarzyst\u00f3w i kilkunastu redakcji. <\/p>\n<p><em>&#8211; Prze\u015bl\u0119 ten dokument pani prezydent z pro\u015bb\u0105 o wszcz\u0119cie czynno\u015bci nadzorczych wzgl\u0119dem sp\u00f3\u0142ki. Je\u017celi do czasu nast\u0119pnej sesji nie b\u0119dzie \u017cadnych informacji ze strony pani prezydent, w\u00f3wczas w porz\u0105dku obrad najbli\u017cszej sesji b\u0119dzie punkt dotycz\u0105cy dzia\u0142a\u0144 weryfikuj\u0105cych dzia\u0142alno\u015b\u0107 tej sp\u00f3\u0142ki<\/em> &#8211; deklaruje Pszonak.<\/p><div class=\"gliwi-a3-w-tresci-artykulow gliwi-entity-placement\" id=\"gliwi-612151994\"><div class=\"gliwi-adlabel\"><span style=\"font-size: 9px\">REKLAMA<\/span><\/div><div id=\"gliwi-1418079611\" style=\"margin-bottom: 30px;margin-left: auto;margin-right: auto;text-align: center;\"><a data-no-instant=\"1\" href=\"https:\/\/zlobek.halogen.org.pl\/\" rel=\"noopener\" class=\"a2t-link\" target=\"_blank\" aria-label=\"animator-zlobek_750x200\"><img loading=\"lazy\" decoding=\"async\" src=\"https:\/\/www.24gliwice.pl\/wiadomosci\/wp-content\/uploads\/2026\/02\/animator-zlobek_750x200.webp\" alt=\"\"  srcset=\"https:\/\/www.24gliwice.pl\/wiadomosci\/wp-content\/uploads\/2026\/02\/animator-zlobek_750x200.webp 750w, https:\/\/www.24gliwice.pl\/wiadomosci\/wp-content\/uploads\/2026\/02\/animator-zlobek_750x200-410x109.webp 410w\" sizes=\"(max-width: 750px) 100vw, 750px\" class=\"no-lazyload\" width=\"750\" height=\"200\"  style=\"display: inline-block; max-width: 100%; height: auto;\" \/><\/a><\/div><\/div>\n<p>Reakcji ze strony miasta oczekuje r\u00f3wnie\u017c radny <strong>\u0141ukasz Chmielewski<\/strong> (PiS). <em>&#8211; Chcia\u0142em zawnioskowa\u0107, \u017ceby na nast\u0119pnej majowej sesji znalaz\u0142a si\u0119 informacja prezydent miasta o sytuacji w Przedsi\u0119biorstwie Zagospodarowania Odpad\u00f3w. Nie mo\u017ce by\u0107 tak, \u017ce w og\u00f3le nie wiemy co si\u0119 dzieje w sp\u00f3\u0142kach, to nie jest prywatne podw\u00f3rko pani prezydent.<\/em> <\/p>\n<p>Odmiennego zdania jest radna <strong>Nina Drzewiecka<\/strong> (KO), sama zatrudniona w jednej z miejskich sp\u00f3\u0142ek. <em>&#8211; Je\u015bli mamy si\u0119 zajmowa\u0107 anonimami, chce pan nazywa\u0107 dokumentem co\u015b, co wp\u0142yn\u0119\u0142o z takiego \u017ar\u00f3d\u0142a, to ja si\u0119 na to nie zgadzam.<\/em><\/p>\n<p><em>&#8211; To, \u017ce pani si\u0119 nie zgadza, to jest pani sprawa, mo\u017ce si\u0119 pani nie zgadza\u0107<\/em> &#8211; odpowiada Pszonak.<\/p>\n<p>Do s\u0142\u00f3w Drzewieckiej odni\u00f3s\u0142 si\u0119 te\u017c Chmielewski. <em>&#8211; Gdyby\u015bmy wiedzieli co si\u0119 dzieje w sp\u00f3\u0142kach, to mo\u017ce bym si\u0119 z pani\u0105 zgodzi\u0142, ale w sytuacji, kiedy jest totalny brak transparentno\u015bci i totalna arogancja w\u0142adzy wykonawczej w Gliwicach, to jeste\u015bmy zmuszeni rozmawia\u0107 o tym na sesji rady miasta.<\/em><\/p>\n<hr>\n<p>Od redakcji:<br \/>\nAutor lub autorzy opracowania, kt\u00f3re wywo\u0142a\u0142o tak\u0105 burz\u0119 podczas ostatniej sesji, wysuwaj\u0105 pod adresem sp\u00f3\u0142ki szereg zarzut\u00f3w, kt\u00f3rych do czasu weryfikacji nie chcemy tu omawia\u0107. Tym bardziej, \u017ce nikt z nazwiska si\u0119 pod nimi nie podpisa\u0142. Do sprawy na pewno jednak powr\u00f3cimy.<\/p>\n<p>W materiale wykorzystano fragmenty transmisji serwisu radni.info. Ca\u0142\u0105 zarejestrowan\u0105 XII sesj\u0119 Rady Miasta mo\u017cna zobaczy\u0107 <a href=\"https:\/\/radni.tv\/transmisja\/?id=7473\" target=\"_blank\">tutaj<\/a>.<\/p>\n<div class=\"gliwi-a5-na-koncu-artykulow gliwi-entity-placement\" id=\"gliwi-1506126170\"><div class=\"gliwi-adlabel\"><span style=\"font-size: 9px\">REKLAMA<\/span><\/div><div id=\"gliwi-3039135957\" style=\"margin-left: auto;margin-right: auto;text-align: center;\"><a data-no-instant=\"1\" href=\"https:\/\/www.jasek.pl\/\" rel=\"noopener\" class=\"a2t-link\" target=\"_blank\" aria-label=\"20200401-jasek 600\"><img loading=\"lazy\" decoding=\"async\" src=\"https:\/\/www.24gliwice.pl\/wiadomosci\/wp-content\/uploads\/2020\/04\/20200401-jasek-600.jpg\" alt=\"\"  srcset=\"https:\/\/www.24gliwice.pl\/wiadomosci\/wp-content\/uploads\/2020\/04\/20200401-jasek-600.jpg 600w, https:\/\/www.24gliwice.pl\/wiadomosci\/wp-content\/uploads\/2020\/04\/20200401-jasek-600-410x109.jpg 410w\" sizes=\"(max-width: 600px) 100vw, 600px\" class=\"no-lazyload\" width=\"600\" height=\"160\"  style=\"display: inline-block; max-width: 100%; height: auto;\" \/><\/a><\/div><\/div>","protected":false},"excerpt":{"rendered":"<p>&#8211; Zarzuty s\u0105 bardzo mocne, jako rada miasta powinni\u015bmy bezwzgl\u0119dnie podj\u0105\u0107 czynno\u015bci, kt\u00f3re spowoduj\u0105 wyja\u015bnienie tej sprawy &#8211; m\u00f3wi Marek Pszonak (KdG), przewodnicz\u0105cy Rady Miasta, odnosz\u0105c si\u0119 do tre\u015bci obszernej publikacji dotycz\u0105cej licznych nieprawid\u0142owo\u015bci w jednej z miejskich sp\u00f3\u0142ek.<\/p>\n","protected":false},"author":4,"featured_media":253358,"comment_status":"open","ping_status":"closed","sticky":false,"template":"","format":"video","meta":{"_monsterinsights_skip_tracking":false,"_monsterinsights_sitenote_active":false,"_monsterinsights_sitenote_note":"","_monsterinsights_sitenote_category":0,"footnotes":"","_links_to":"","_links_to_target":""},"categories":[3,1,9,8],"tags":[38,24336,24335],"class_list":["post-253357","post","type-post","status-publish","format-video","has-post-thumbnail","hentry","category-gliwice","category-wszystko","category-aktualnosci_lokalne","category-samorzad_polityka","tag-rada-miasta","tag-seja-rady-miasta","tag-wycinki","post_format-post-format-video"],"yoast_head":"<!-- This site is optimized with the Yoast SEO plugin v27.5 - https:\/\/yoast.com\/product\/yoast-seo-wordpress\/ -->\n<title>Nieprawid\u0142owo\u015bci w jednej ze sp\u00f3\u0142ek miejskich? Radni domagaj\u0105 si\u0119 informacji od prezydent - 24GLIWICE - Portal Gliwice | codziennie nowe informacje<\/title>\n<meta name=\"robots\" content=\"index, follow, max-snippet:-1, max-image-preview:large, max-video-preview:-1\" \/>\n<link rel=\"canonical\" href=\"https:\/\/www.24gliwice.pl\/wiadomosci\/nieprawidlowosci-w-jednej-ze-spolek-miejskich-radni-domagaja-sie-informacji-od-prezydent\/\" \/>\n<meta property=\"og:locale\" content=\"pl_PL\" \/>\n<meta property=\"og:type\" content=\"article\" \/>\n<meta property=\"og:title\" content=\"Nieprawid\u0142owo\u015bci w jednej ze sp\u00f3\u0142ek miejskich? Radni domagaj\u0105 si\u0119 informacji od prezydent - 24GLIWICE - Portal Gliwice | codziennie nowe informacje\" \/>\n<meta property=\"og:description\" content=\"&#8211; Zarzuty s\u0105 bardzo mocne, jako rada miasta powinni\u015bmy bezwzgl\u0119dnie podj\u0105\u0107 czynno\u015bci, kt\u00f3re spowoduj\u0105 wyja\u015bnienie tej sprawy &#8211; m\u00f3wi Marek Pszonak (KdG), przewodnicz\u0105cy Rady Miasta, odnosz\u0105c si\u0119 do tre\u015bci obszernej publikacji dotycz\u0105cej licznych nieprawid\u0142owo\u015bci w jednej z miejskich sp\u00f3\u0142ek.\" \/>\n<meta property=\"og:url\" content=\"https:\/\/www.24gliwice.pl\/wiadomosci\/nieprawidlowosci-w-jednej-ze-spolek-miejskich-radni-domagaja-sie-informacji-od-prezydent\/\" \/>\n<meta property=\"og:site_name\" content=\"24GLIWICE - Portal Gliwice | codziennie nowe informacje\" \/>\n<meta property=\"article:publisher\" content=\"https:\/\/www.facebook.com\/24gliwice\" \/>\n<meta property=\"article:author\" content=\"https:\/\/www.facebook.com\/marcin.fabrykowski\" \/>\n<meta property=\"article:published_time\" content=\"2025-04-27T03:19:22+00:00\" \/>\n<meta property=\"article:modified_time\" content=\"2025-04-28T23:37:17+00:00\" \/>\n<meta property=\"og:image\" content=\"https:\/\/www.24gliwice.pl\/wiadomosci\/wp-content\/uploads\/2025\/04\/wycinki-plansza-001.jpg\" \/>\n\t<meta property=\"og:image:width\" content=\"810\" \/>\n\t<meta property=\"og:image:height\" content=\"456\" \/>\n\t<meta property=\"og:image:type\" content=\"image\/jpeg\" \/>\n<meta name=\"author\" content=\"Marcin Fabrykowski\" \/>\n<meta name=\"twitter:card\" content=\"summary_large_image\" \/>\n<meta name=\"twitter:creator\" content=\"@24gliwice\" \/>\n<meta name=\"twitter:site\" content=\"@24gliwice\" \/>\n<meta name=\"twitter:label1\" content=\"Napisane przez\" \/>\n\t<meta name=\"twitter:data1\" content=\"Marcin Fabrykowski\" \/>\n\t<meta name=\"twitter:label2\" content=\"Szacowany czas czytania\" \/>\n\t<meta name=\"twitter:data2\" content=\"3 minuty\" \/>\n<script type=\"application\/ld+json\" class=\"yoast-schema-graph\">{\"@context\":\"https:\\\/\\\/schema.org\",\"@graph\":[{\"@type\":\"Article\",\"@id\":\"https:\\\/\\\/www.24gliwice.pl\\\/wiadomosci\\\/nieprawidlowosci-w-jednej-ze-spolek-miejskich-radni-domagaja-sie-informacji-od-prezydent\\\/#article\",\"isPartOf\":{\"@id\":\"https:\\\/\\\/www.24gliwice.pl\\\/wiadomosci\\\/nieprawidlowosci-w-jednej-ze-spolek-miejskich-radni-domagaja-sie-informacji-od-prezydent\\\/\"},\"author\":{\"name\":\"Marcin Fabrykowski\",\"@id\":\"https:\\\/\\\/www.24gliwice.pl\\\/wiadomosci\\\/#\\\/schema\\\/person\\\/cb5857e4a4d048c15984c1edcc8ef0c0\"},\"headline\":\"Nieprawid\u0142owo\u015bci w jednej ze sp\u00f3\u0142ek miejskich? Radni domagaj\u0105 si\u0119 informacji od prezydent\",\"datePublished\":\"2025-04-27T03:19:22+00:00\",\"dateModified\":\"2025-04-28T23:37:17+00:00\",\"mainEntityOfPage\":{\"@id\":\"https:\\\/\\\/www.24gliwice.pl\\\/wiadomosci\\\/nieprawidlowosci-w-jednej-ze-spolek-miejskich-radni-domagaja-sie-informacji-od-prezydent\\\/\"},\"wordCount\":413,\"commentCount\":54,\"publisher\":{\"@id\":\"https:\\\/\\\/www.24gliwice.pl\\\/wiadomosci\\\/#organization\"},\"image\":{\"@id\":\"https:\\\/\\\/www.24gliwice.pl\\\/wiadomosci\\\/nieprawidlowosci-w-jednej-ze-spolek-miejskich-radni-domagaja-sie-informacji-od-prezydent\\\/#primaryimage\"},\"thumbnailUrl\":\"https:\\\/\\\/www.24gliwice.pl\\\/wiadomosci\\\/wp-content\\\/uploads\\\/2025\\\/04\\\/wycinki-plansza-001.jpg\",\"keywords\":[\"RADA MIASTA\",\"SEJA RADY MIASTA\",\"WYCINKI\"],\"articleSection\":[\"Gliwice\",\"Najnowsze wiadomo\u015bci\",\"Portal Gliwice - Wiadomo\u015bci lokalne\",\"Samorz\u0105d, polityka\"],\"inLanguage\":\"pl-PL\",\"potentialAction\":[{\"@type\":\"CommentAction\",\"name\":\"Comment\",\"target\":[\"https:\\\/\\\/www.24gliwice.pl\\\/wiadomosci\\\/nieprawidlowosci-w-jednej-ze-spolek-miejskich-radni-domagaja-sie-informacji-od-prezydent\\\/#respond\"]}]},{\"@type\":\"WebPage\",\"@id\":\"https:\\\/\\\/www.24gliwice.pl\\\/wiadomosci\\\/nieprawidlowosci-w-jednej-ze-spolek-miejskich-radni-domagaja-sie-informacji-od-prezydent\\\/\",\"url\":\"https:\\\/\\\/www.24gliwice.pl\\\/wiadomosci\\\/nieprawidlowosci-w-jednej-ze-spolek-miejskich-radni-domagaja-sie-informacji-od-prezydent\\\/\",\"name\":\"Nieprawid\u0142owo\u015bci w jednej ze sp\u00f3\u0142ek miejskich? Radni domagaj\u0105 si\u0119 informacji od prezydent - 24GLIWICE - Portal Gliwice | codziennie nowe informacje\",\"isPartOf\":{\"@id\":\"https:\\\/\\\/www.24gliwice.pl\\\/wiadomosci\\\/#website\"},\"primaryImageOfPage\":{\"@id\":\"https:\\\/\\\/www.24gliwice.pl\\\/wiadomosci\\\/nieprawidlowosci-w-jednej-ze-spolek-miejskich-radni-domagaja-sie-informacji-od-prezydent\\\/#primaryimage\"},\"image\":{\"@id\":\"https:\\\/\\\/www.24gliwice.pl\\\/wiadomosci\\\/nieprawidlowosci-w-jednej-ze-spolek-miejskich-radni-domagaja-sie-informacji-od-prezydent\\\/#primaryimage\"},\"thumbnailUrl\":\"https:\\\/\\\/www.24gliwice.pl\\\/wiadomosci\\\/wp-content\\\/uploads\\\/2025\\\/04\\\/wycinki-plansza-001.jpg\",\"datePublished\":\"2025-04-27T03:19:22+00:00\",\"dateModified\":\"2025-04-28T23:37:17+00:00\",\"breadcrumb\":{\"@id\":\"https:\\\/\\\/www.24gliwice.pl\\\/wiadomosci\\\/nieprawidlowosci-w-jednej-ze-spolek-miejskich-radni-domagaja-sie-informacji-od-prezydent\\\/#breadcrumb\"},\"inLanguage\":\"pl-PL\",\"potentialAction\":[{\"@type\":\"ReadAction\",\"target\":[\"https:\\\/\\\/www.24gliwice.pl\\\/wiadomosci\\\/nieprawidlowosci-w-jednej-ze-spolek-miejskich-radni-domagaja-sie-informacji-od-prezydent\\\/\"]}]},{\"@type\":\"ImageObject\",\"inLanguage\":\"pl-PL\",\"@id\":\"https:\\\/\\\/www.24gliwice.pl\\\/wiadomosci\\\/nieprawidlowosci-w-jednej-ze-spolek-miejskich-radni-domagaja-sie-informacji-od-prezydent\\\/#primaryimage\",\"url\":\"https:\\\/\\\/www.24gliwice.pl\\\/wiadomosci\\\/wp-content\\\/uploads\\\/2025\\\/04\\\/wycinki-plansza-001.jpg\",\"contentUrl\":\"https:\\\/\\\/www.24gliwice.pl\\\/wiadomosci\\\/wp-content\\\/uploads\\\/2025\\\/04\\\/wycinki-plansza-001.jpg\",\"width\":810,\"height\":456},{\"@type\":\"BreadcrumbList\",\"@id\":\"https:\\\/\\\/www.24gliwice.pl\\\/wiadomosci\\\/nieprawidlowosci-w-jednej-ze-spolek-miejskich-radni-domagaja-sie-informacji-od-prezydent\\\/#breadcrumb\",\"itemListElement\":[{\"@type\":\"ListItem\",\"position\":1,\"name\":\"Strona g\u0142\u00f3wna\",\"item\":\"https:\\\/\\\/www.24gliwice.pl\\\/wiadomosci\\\/\"},{\"@type\":\"ListItem\",\"position\":2,\"name\":\"Nieprawid\u0142owo\u015bci w jednej ze sp\u00f3\u0142ek miejskich? Radni domagaj\u0105 si\u0119 informacji od prezydent\"}]},{\"@type\":\"WebSite\",\"@id\":\"https:\\\/\\\/www.24gliwice.pl\\\/wiadomosci\\\/#website\",\"url\":\"https:\\\/\\\/www.24gliwice.pl\\\/wiadomosci\\\/\",\"name\":\"24GLIWICE - Portal Gliwice | codziennie nowe wiadomo\u015bci\",\"description\":\"Portal Miejski Gliwice\",\"publisher\":{\"@id\":\"https:\\\/\\\/www.24gliwice.pl\\\/wiadomosci\\\/#organization\"},\"potentialAction\":[{\"@type\":\"SearchAction\",\"target\":{\"@type\":\"EntryPoint\",\"urlTemplate\":\"https:\\\/\\\/www.24gliwice.pl\\\/wiadomosci\\\/?s={search_term_string}\"},\"query-input\":{\"@type\":\"PropertyValueSpecification\",\"valueRequired\":true,\"valueName\":\"search_term_string\"}}],\"inLanguage\":\"pl-PL\"},{\"@type\":\"Organization\",\"@id\":\"https:\\\/\\\/www.24gliwice.pl\\\/wiadomosci\\\/#organization\",\"name\":\"24gliwice\",\"url\":\"https:\\\/\\\/www.24gliwice.pl\\\/wiadomosci\\\/\",\"logo\":{\"@type\":\"ImageObject\",\"inLanguage\":\"pl-PL\",\"@id\":\"https:\\\/\\\/www.24gliwice.pl\\\/wiadomosci\\\/#\\\/schema\\\/logo\\\/image\\\/\",\"url\":\"https:\\\/\\\/www.24gliwice.pl\\\/wiadomosci\\\/wp-content\\\/uploads\\\/2024\\\/10\\\/24gliwice-logo-696.jpg\",\"contentUrl\":\"https:\\\/\\\/www.24gliwice.pl\\\/wiadomosci\\\/wp-content\\\/uploads\\\/2024\\\/10\\\/24gliwice-logo-696.jpg\",\"width\":696,\"height\":696,\"caption\":\"24gliwice\"},\"image\":{\"@id\":\"https:\\\/\\\/www.24gliwice.pl\\\/wiadomosci\\\/#\\\/schema\\\/logo\\\/image\\\/\"},\"sameAs\":[\"https:\\\/\\\/www.facebook.com\\\/24gliwice\",\"https:\\\/\\\/x.com\\\/24gliwice\",\"https:\\\/\\\/www.youtube.com\\\/@24gliwice\"]},{\"@type\":\"Person\",\"@id\":\"https:\\\/\\\/www.24gliwice.pl\\\/wiadomosci\\\/#\\\/schema\\\/person\\\/cb5857e4a4d048c15984c1edcc8ef0c0\",\"name\":\"Marcin Fabrykowski\",\"image\":{\"@type\":\"ImageObject\",\"inLanguage\":\"pl-PL\",\"@id\":\"https:\\\/\\\/www.24gliwice.pl\\\/wiadomosci\\\/wp-content\\\/uploads\\\/2025\\\/11\\\/zdjecie-moje-marcin-300-96x96.jpg\",\"url\":\"https:\\\/\\\/www.24gliwice.pl\\\/wiadomosci\\\/wp-content\\\/uploads\\\/2025\\\/11\\\/zdjecie-moje-marcin-300-96x96.jpg\",\"contentUrl\":\"https:\\\/\\\/www.24gliwice.pl\\\/wiadomosci\\\/wp-content\\\/uploads\\\/2025\\\/11\\\/zdjecie-moje-marcin-300-96x96.jpg\",\"caption\":\"Marcin Fabrykowski\"},\"sameAs\":[\"http:\\\/\\\/24gliwice.pl\",\"https:\\\/\\\/www.facebook.com\\\/marcin.fabrykowski\"],\"url\":\"https:\\\/\\\/www.24gliwice.pl\\\/wiadomosci\\\/author\\\/marcin-fabrykowski\\\/\"}]}<\/script>\n<!-- \/ Yoast SEO plugin. -->","yoast_head_json":{"title":"Nieprawid\u0142owo\u015bci w jednej ze sp\u00f3\u0142ek miejskich? Radni domagaj\u0105 si\u0119 informacji od prezydent - 24GLIWICE - Portal Gliwice | codziennie nowe informacje","robots":{"index":"index","follow":"follow","max-snippet":"max-snippet:-1","max-image-preview":"max-image-preview:large","max-video-preview":"max-video-preview:-1"},"canonical":"https:\/\/www.24gliwice.pl\/wiadomosci\/nieprawidlowosci-w-jednej-ze-spolek-miejskich-radni-domagaja-sie-informacji-od-prezydent\/","og_locale":"pl_PL","og_type":"article","og_title":"Nieprawid\u0142owo\u015bci w jednej ze sp\u00f3\u0142ek miejskich? Radni domagaj\u0105 si\u0119 informacji od prezydent - 24GLIWICE - Portal Gliwice | codziennie nowe informacje","og_description":"&#8211; Zarzuty s\u0105 bardzo mocne, jako rada miasta powinni\u015bmy bezwzgl\u0119dnie podj\u0105\u0107 czynno\u015bci, kt\u00f3re spowoduj\u0105 wyja\u015bnienie tej sprawy &#8211; m\u00f3wi Marek Pszonak (KdG), przewodnicz\u0105cy Rady Miasta, odnosz\u0105c si\u0119 do tre\u015bci obszernej publikacji dotycz\u0105cej licznych nieprawid\u0142owo\u015bci w jednej z miejskich sp\u00f3\u0142ek.","og_url":"https:\/\/www.24gliwice.pl\/wiadomosci\/nieprawidlowosci-w-jednej-ze-spolek-miejskich-radni-domagaja-sie-informacji-od-prezydent\/","og_site_name":"24GLIWICE - Portal Gliwice | codziennie nowe informacje","article_publisher":"https:\/\/www.facebook.com\/24gliwice","article_author":"https:\/\/www.facebook.com\/marcin.fabrykowski","article_published_time":"2025-04-27T03:19:22+00:00","article_modified_time":"2025-04-28T23:37:17+00:00","og_image":[{"width":810,"height":456,"url":"https:\/\/www.24gliwice.pl\/wiadomosci\/wp-content\/uploads\/2025\/04\/wycinki-plansza-001.jpg","type":"image\/jpeg"}],"author":"Marcin Fabrykowski","twitter_card":"summary_large_image","twitter_creator":"@24gliwice","twitter_site":"@24gliwice","twitter_misc":{"Napisane przez":"Marcin Fabrykowski","Szacowany czas czytania":"3 minuty"},"schema":{"@context":"https:\/\/schema.org","@graph":[{"@type":"Article","@id":"https:\/\/www.24gliwice.pl\/wiadomosci\/nieprawidlowosci-w-jednej-ze-spolek-miejskich-radni-domagaja-sie-informacji-od-prezydent\/#article","isPartOf":{"@id":"https:\/\/www.24gliwice.pl\/wiadomosci\/nieprawidlowosci-w-jednej-ze-spolek-miejskich-radni-domagaja-sie-informacji-od-prezydent\/"},"author":{"name":"Marcin Fabrykowski","@id":"https:\/\/www.24gliwice.pl\/wiadomosci\/#\/schema\/person\/cb5857e4a4d048c15984c1edcc8ef0c0"},"headline":"Nieprawid\u0142owo\u015bci w jednej ze sp\u00f3\u0142ek miejskich? Radni domagaj\u0105 si\u0119 informacji od prezydent","datePublished":"2025-04-27T03:19:22+00:00","dateModified":"2025-04-28T23:37:17+00:00","mainEntityOfPage":{"@id":"https:\/\/www.24gliwice.pl\/wiadomosci\/nieprawidlowosci-w-jednej-ze-spolek-miejskich-radni-domagaja-sie-informacji-od-prezydent\/"},"wordCount":413,"commentCount":54,"publisher":{"@id":"https:\/\/www.24gliwice.pl\/wiadomosci\/#organization"},"image":{"@id":"https:\/\/www.24gliwice.pl\/wiadomosci\/nieprawidlowosci-w-jednej-ze-spolek-miejskich-radni-domagaja-sie-informacji-od-prezydent\/#primaryimage"},"thumbnailUrl":"https:\/\/www.24gliwice.pl\/wiadomosci\/wp-content\/uploads\/2025\/04\/wycinki-plansza-001.jpg","keywords":["RADA MIASTA","SEJA RADY MIASTA","WYCINKI"],"articleSection":["Gliwice","Najnowsze wiadomo\u015bci","Portal Gliwice - Wiadomo\u015bci lokalne","Samorz\u0105d, polityka"],"inLanguage":"pl-PL","potentialAction":[{"@type":"CommentAction","name":"Comment","target":["https:\/\/www.24gliwice.pl\/wiadomosci\/nieprawidlowosci-w-jednej-ze-spolek-miejskich-radni-domagaja-sie-informacji-od-prezydent\/#respond"]}]},{"@type":"WebPage","@id":"https:\/\/www.24gliwice.pl\/wiadomosci\/nieprawidlowosci-w-jednej-ze-spolek-miejskich-radni-domagaja-sie-informacji-od-prezydent\/","url":"https:\/\/www.24gliwice.pl\/wiadomosci\/nieprawidlowosci-w-jednej-ze-spolek-miejskich-radni-domagaja-sie-informacji-od-prezydent\/","name":"Nieprawid\u0142owo\u015bci w jednej ze sp\u00f3\u0142ek miejskich? Radni domagaj\u0105 si\u0119 informacji od prezydent - 24GLIWICE - Portal Gliwice | codziennie nowe informacje","isPartOf":{"@id":"https:\/\/www.24gliwice.pl\/wiadomosci\/#website"},"primaryImageOfPage":{"@id":"https:\/\/www.24gliwice.pl\/wiadomosci\/nieprawidlowosci-w-jednej-ze-spolek-miejskich-radni-domagaja-sie-informacji-od-prezydent\/#primaryimage"},"image":{"@id":"https:\/\/www.24gliwice.pl\/wiadomosci\/nieprawidlowosci-w-jednej-ze-spolek-miejskich-radni-domagaja-sie-informacji-od-prezydent\/#primaryimage"},"thumbnailUrl":"https:\/\/www.24gliwice.pl\/wiadomosci\/wp-content\/uploads\/2025\/04\/wycinki-plansza-001.jpg","datePublished":"2025-04-27T03:19:22+00:00","dateModified":"2025-04-28T23:37:17+00:00","breadcrumb":{"@id":"https:\/\/www.24gliwice.pl\/wiadomosci\/nieprawidlowosci-w-jednej-ze-spolek-miejskich-radni-domagaja-sie-informacji-od-prezydent\/#breadcrumb"},"inLanguage":"pl-PL","potentialAction":[{"@type":"ReadAction","target":["https:\/\/www.24gliwice.pl\/wiadomosci\/nieprawidlowosci-w-jednej-ze-spolek-miejskich-radni-domagaja-sie-informacji-od-prezydent\/"]}]},{"@type":"ImageObject","inLanguage":"pl-PL","@id":"https:\/\/www.24gliwice.pl\/wiadomosci\/nieprawidlowosci-w-jednej-ze-spolek-miejskich-radni-domagaja-sie-informacji-od-prezydent\/#primaryimage","url":"https:\/\/www.24gliwice.pl\/wiadomosci\/wp-content\/uploads\/2025\/04\/wycinki-plansza-001.jpg","contentUrl":"https:\/\/www.24gliwice.pl\/wiadomosci\/wp-content\/uploads\/2025\/04\/wycinki-plansza-001.jpg","width":810,"height":456},{"@type":"BreadcrumbList","@id":"https:\/\/www.24gliwice.pl\/wiadomosci\/nieprawidlowosci-w-jednej-ze-spolek-miejskich-radni-domagaja-sie-informacji-od-prezydent\/#breadcrumb","itemListElement":[{"@type":"ListItem","position":1,"name":"Strona g\u0142\u00f3wna","item":"https:\/\/www.24gliwice.pl\/wiadomosci\/"},{"@type":"ListItem","position":2,"name":"Nieprawid\u0142owo\u015bci w jednej ze sp\u00f3\u0142ek miejskich? Radni domagaj\u0105 si\u0119 informacji od prezydent"}]},{"@type":"WebSite","@id":"https:\/\/www.24gliwice.pl\/wiadomosci\/#website","url":"https:\/\/www.24gliwice.pl\/wiadomosci\/","name":"24GLIWICE - Portal Gliwice | codziennie nowe wiadomo\u015bci","description":"Portal Miejski Gliwice","publisher":{"@id":"https:\/\/www.24gliwice.pl\/wiadomosci\/#organization"},"potentialAction":[{"@type":"SearchAction","target":{"@type":"EntryPoint","urlTemplate":"https:\/\/www.24gliwice.pl\/wiadomosci\/?s={search_term_string}"},"query-input":{"@type":"PropertyValueSpecification","valueRequired":true,"valueName":"search_term_string"}}],"inLanguage":"pl-PL"},{"@type":"Organization","@id":"https:\/\/www.24gliwice.pl\/wiadomosci\/#organization","name":"24gliwice","url":"https:\/\/www.24gliwice.pl\/wiadomosci\/","logo":{"@type":"ImageObject","inLanguage":"pl-PL","@id":"https:\/\/www.24gliwice.pl\/wiadomosci\/#\/schema\/logo\/image\/","url":"https:\/\/www.24gliwice.pl\/wiadomosci\/wp-content\/uploads\/2024\/10\/24gliwice-logo-696.jpg","contentUrl":"https:\/\/www.24gliwice.pl\/wiadomosci\/wp-content\/uploads\/2024\/10\/24gliwice-logo-696.jpg","width":696,"height":696,"caption":"24gliwice"},"image":{"@id":"https:\/\/www.24gliwice.pl\/wiadomosci\/#\/schema\/logo\/image\/"},"sameAs":["https:\/\/www.facebook.com\/24gliwice","https:\/\/x.com\/24gliwice","https:\/\/www.youtube.com\/@24gliwice"]},{"@type":"Person","@id":"https:\/\/www.24gliwice.pl\/wiadomosci\/#\/schema\/person\/cb5857e4a4d048c15984c1edcc8ef0c0","name":"Marcin Fabrykowski","image":{"@type":"ImageObject","inLanguage":"pl-PL","@id":"https:\/\/www.24gliwice.pl\/wiadomosci\/wp-content\/uploads\/2025\/11\/zdjecie-moje-marcin-300-96x96.jpg","url":"https:\/\/www.24gliwice.pl\/wiadomosci\/wp-content\/uploads\/2025\/11\/zdjecie-moje-marcin-300-96x96.jpg","contentUrl":"https:\/\/www.24gliwice.pl\/wiadomosci\/wp-content\/uploads\/2025\/11\/zdjecie-moje-marcin-300-96x96.jpg","caption":"Marcin Fabrykowski"},"sameAs":["http:\/\/24gliwice.pl","https:\/\/www.facebook.com\/marcin.fabrykowski"],"url":"https:\/\/www.24gliwice.pl\/wiadomosci\/author\/marcin-fabrykowski\/"}]}},"_links":{"self":[{"href":"https:\/\/www.24gliwice.pl\/wiadomosci\/wp-json\/wp\/v2\/posts\/253357","targetHints":{"allow":["GET"]}}],"collection":[{"href":"https:\/\/www.24gliwice.pl\/wiadomosci\/wp-json\/wp\/v2\/posts"}],"about":[{"href":"https:\/\/www.24gliwice.pl\/wiadomosci\/wp-json\/wp\/v2\/types\/post"}],"author":[{"embeddable":true,"href":"https:\/\/www.24gliwice.pl\/wiadomosci\/wp-json\/wp\/v2\/users\/4"}],"replies":[{"embeddable":true,"href":"https:\/\/www.24gliwice.pl\/wiadomosci\/wp-json\/wp\/v2\/comments?post=253357"}],"version-history":[{"count":0,"href":"https:\/\/www.24gliwice.pl\/wiadomosci\/wp-json\/wp\/v2\/posts\/253357\/revisions"}],"wp:featuredmedia":[{"embeddable":true,"href":"https:\/\/www.24gliwice.pl\/wiadomosci\/wp-json\/wp\/v2\/media\/253358"}],"wp:attachment":[{"href":"https:\/\/www.24gliwice.pl\/wiadomosci\/wp-json\/wp\/v2\/media?parent=253357"}],"wp:term":[{"taxonomy":"category","embeddable":true,"href":"https:\/\/www.24gliwice.pl\/wiadomosci\/wp-json\/wp\/v2\/categories?post=253357"},{"taxonomy":"post_tag","embeddable":true,"href":"https:\/\/www.24gliwice.pl\/wiadomosci\/wp-json\/wp\/v2\/tags?post=253357"}],"curies":[{"name":"wp","href":"https:\/\/api.w.org\/{rel}","templated":true}]}}