{"id":253410,"date":"2025-04-27T01:19:49","date_gmt":"2025-04-26T23:19:49","guid":{"rendered":"https:\/\/www.24gliwice.pl\/wiadomosci\/?p=253410"},"modified":"2025-04-27T01:20:13","modified_gmt":"2025-04-26T23:20:13","slug":"majowka-z-kultura-2025-koncerty-silent-disco-zabawa-na-skwerze","status":"publish","type":"post","link":"https:\/\/www.24gliwice.pl\/wiadomosci\/majowka-z-kultura-2025-koncerty-silent-disco-zabawa-na-skwerze\/","title":{"rendered":"Maj\u00f3wka z kultur\u0105 2025. Koncerty, silent disco, zabawa na skwerze"},"content":{"rendered":"<h3>Muzyka \u2013 w trzech r\u00f3\u017cnych ods\u0142onach \u2013 wype\u0142ni Ruiny Teatru Victoria w Maj\u00f3wk\u0119 z kultur\u0105. <em>&#8211; Zaczniemy 1 maja od barwnego koncertu dla najm\u0142odszych w wykonaniu zespo\u0142u Ptaszkowie \u015apiewali. Wieczorem oddamy scen\u0119 Martynie Jakubowicz, kt\u00f3ra zabierze nas do \u015bwiata emocji, filozoficznych rozwa\u017ca\u0144, metafor i symboli. Drugiego dnia (2 maja) zaprosimy Was na tradycyjne ju\u017c silent disco, a parkiet Ruin Teatru zmienimy w niezwyk\u0142\u0105 dyskotek\u0119 w s\u0142uchawkach<\/em> &#8211; zach\u0119ca Centrum Kultury Victoria.<\/h3>\n<p>&nbsp;<\/p>\n<h3><a role=\"link\" href=\"https:\/\/ckv.systembiletowy.pl\/index.php\/\">BILETY W SPRZEDA\u017bY<\/a><\/h3>\n<hr \/>\n<h4>1 maja , g. 16.00 | PTASZKOWIE \u015aPIEWALI | koncert dla dzieci | bilety 10 z\u0142 |\u00a0<a role=\"link\" href=\"https:\/\/ckv.systembiletowy.pl\/index.php\/repertoire.html?id=3674\">BILETY (klik)<\/a><\/h4>\n<p>Folk, elektronika lat 90-tych i edukacyjne teksty pe\u0142ne przyrody. Ptaszkowie \u015apiewali to muzyczny duet tworz\u0105cy niebanaln\u0105 muzyk\u0119 dla dzieci i ich opiekun\u00f3w. Zesp\u00f3\u0142 powsta\u0142 w 2020 roku i ma na swoim koncie \u015bwietnie przyj\u0119ty przez odbiorc\u00f3w minialbum oraz kilkadziesi\u0105t barwnych i ekspresyjnych koncert\u00f3w na terenie ca\u0142ego kraju. Muzyka, kt\u00f3r\u0105 tworz\u0105 g\u0142\u00f3wnie dla dzieci, czerpie inspiracje z lat 80. i 90., muzyki elektronicznej oraz polskiej muzyki tradycyjnej. Zesp\u00f3\u0142 zdobywa popularno\u015b\u0107 dzi\u0119ki swojemu oryginalnemu podej\u015bciu do muzyki i s\u0142uchacza podbijaj\u0105c serca dzieci i ich rodzic\u00f3w.<\/p>\n<hr \/>\n<h4>1 maja, g. 19.30 | MARTYNA JAKUBOWICZ | koncert | bilety 40 \u2013 50 z\u0142 |\u00a0<a role=\"link\" href=\"https:\/\/ckv.systembiletowy.pl\/index.php\/repertoire.html?id=3673\">BILETY (klik)<\/a><\/h4>\n<p>Martyna Jakubowicz jest jedyn\u0105 w swoim rodzaju wykonawczyni\u0105 piosenek, b\u0119d\u0105cych mieszanin\u0105 muzyki folk i blues, a tak\u017ce klasycznego najlepszego rocka. Przez lata wypracowa\u0142a sw\u00f3j niepowtarzalny styl, \u0142\u0105cz\u0105cy balladow\u0105 delikatno\u015b\u0107 z bluesow\u0105 i rockow\u0105 zadziorno\u015bci\u0105 oraz w\u0142a\u015bciwym dla lat 80-tych buntem. Sama komponuje wi\u0119kszo\u015b\u0107 swoich utwor\u00f3w. Na sta\u0142e wsp\u00f3\u0142pracuje z Andrzejem Jakubowiczem, kt\u00f3ry jest autorem wi\u0119kszo\u015bci tekst\u00f3w.<\/p>\n<p>W latach 80. jej utwory nagrywane w studio Polskiego Radia im. Agnieszki Osieckiej plasowa\u0142y si\u0119 na wysokich miejscach radiowych list przeboj\u00f3w, a piosenka<br \/>\n\u201eW domach z betonu nie ma wolnej mi\u0142o\u015bci\u201d przez wiele tygodni zajmowa\u0142a pierwsze miejsce na radowej Li\u015bcie Przeboj\u00f3w Tr\u00f3jki i na sta\u0142e wesz\u0142a na list\u0119 najpopularniejszych piosenek tych lat.<\/p>\n<p>Ma w swoim dorobku 15\u00a0 p\u0142yt. P\u0142yta \u201eMaquillage\u201d i Wschodnia wioska\u201d zdoby\u0142y dobre recenzje w\u00a0 czasopismach takich jak \u201eRolling Stone\u201d, czy Guitar Player\u201d. Uczestniczy\u0142a w kultowej sesji \u201eI Ching\u201d.<\/p>\n<p>Zarejestrowany, a p\u00f3\u017aniej wydany w 1992 roku podw\u00f3jny album \u201eKo\u0142ysz mnie\u201d w kr\u00f3tkim czasie osi\u0105gn\u0105\u0142 status Z\u0142otej P\u0142yty.\u00a0 Dwie z jej p\u0142yt otrzyma\u0142y nominacje do nagrody \u201eFryderyk\u201d, za\u015b ostatni album autorski nagrany w 2016 roku \u201eProsta piosenka\u201d\u00a0 otrzyma\u0142 \u201eFryderyka\u201d w 2017 roku w kategorii Najlepszy Producent. Nagrod\u0119 t\u0119 otrzyma\u0142 Jan Smoczy\u0144ski oraz Martyna Jakubowicz<br \/>\ni Darek Bafeltowski za wsp\u00f3\u0142produkcj\u0119.<\/p>\n<p>Wsp\u00f3\u0142pracowa\u0142a i nagrywa\u0142a z czo\u0142owymi polskimi muzykami: Wojciechem Waglewskim, Jerzym Piotrowskim, Jerzym Styczy\u0144skim, Janem i Mateuszem Pospieszalskimi i wieloma innymi. Jej p\u0142yty doczeka\u0142y si\u0119 recenzji w takich czasopismach jak \u201eRolling Stone\u201d, czy \u201eGuitar Player\u201d.<\/p>\n<p>W Gliwicach us\u0142yszymy \u201eW domach z betonu nie ma wolnej mi\u0142o\u015bci\u201d, \u201eKo\u0142ysz mnie\u201d oraz z okazji 20 \u2013 lecia wydania p\u0142yty \u201eTylko Dylan\u201d do sta\u0142ego repertuaru zosta\u0142y do\u0142\u0105czone wybrane utwory Boba Dylana, a tak\u017ce kilka piosenek znanych z wykona\u0144 Wandy Warskiej. Ca\u0142y repertuar koncertowy grany jest\u00a0 akustycznie.<\/p>\n<p>Sk\u0142ad zespo\u0142u: Martyna Jakubowicz, Janek Pentz, Dariusz Bafeltowski, Marcin Lamch<\/p>\n<hr \/>\n<h4>2 maja, g. 19.00 \u2013 1.00 | SILENT DISCO | wst\u0119p 30 z\u0142, p\u0142atne na miejscu, nie ma przedsprzeda\u017cy bilet\u00f3w | liczba miejsc ograniczona<\/h4>\n<p>Cicha dyskoteka w Ruinach Teatru to maj\u00f3wkowy hit, wyczekiwany przez mieszka\u0144c\u00f3w i go\u015bci Gliwic. Uczestnicy otrzymuj\u0105 s\u0142uchawki i decyduj\u0105 przy jakiej muzyce chc\u0105 si\u0119 bawi\u0107. R\u00f3wnocze\u015bnie gra\u0107 b\u0119d\u0105 trzej DJe, kt\u00f3rzy przygotuj\u0105 trzy \u015bcie\u017cki muzyczne \u2013 retro, latino i electro. Stoj\u0105c z boku \u2013 zobaczysz ta\u0144cz\u0105cych ludzi, ale nie us\u0142yszysz muzyki. \u017beby wypo\u017cyczy\u0107 s\u0142uchawki konieczne b\u0119dzie okazanie dowodu to\u017csamo\u015bci oraz podpisanie o\u015bwiadczenia.<\/p>\n<hr \/>\n<h4>3 maja Miasto Gliwice zaprasza do wsp\u00f3lnego sp\u0119dzenia \u015awi\u0119ta Narodowego Trzeciego Maja<\/h4>\n<p>Zaplanowan\u0105 na ten dzie\u0144 Gliwick\u0105 Maj\u00f3wk\u0119 rozpocznie o godz. 12.30 msza \u015bw. w intencji Ojczyzny, odprawiona w katedrze pw. \u015awi\u0119tych Aposto\u0142\u00f3w Piotra i Paw\u0142a. Oko\u0142o godz. 13.40 sprzed ko\u015bcio\u0142a wyruszy uroczysty przemarsz na pl. Mickiewicza, gdzie odb\u0119d\u0105 si\u0119 oficjalne uroczysto\u015bci. Zwie\u0144czy je pokaz gliwickich ma\u017coretek przy akompaniamencie Orkiestry D\u0119tej KWK \u201eSo\u015bnica\u201d.<\/p>\n<h3>\u00a0Maj\u00f3wkowa zabawa na skwerze Bottrop \u2013 godz. 15.00<\/h3>\n<p><img decoding=\"async\" class=\"emoji\" role=\"img\" draggable=\"false\" src=\"https:\/\/s.w.org\/images\/core\/emoji\/14.0.0\/svg\/25aa.svg\" alt=\"\u25aa\ufe0f\" \/>\u00a0k\u0105cik historyczno-patriotyczny z miniwystaw\u0105, przygotowan\u0105 przez miasto we wsp\u00f3\u0142pracy z Muzeum w Gliwicach, stoiskiem Miejskiej Biblioteki Publicznej oraz warsztatami tworzenia kotylion\u00f3w i god\u0142a z materia\u0142\u00f3w ekologicznych,<br \/>\n<img decoding=\"async\" class=\"emoji\" role=\"img\" draggable=\"false\" src=\"https:\/\/s.w.org\/images\/core\/emoji\/14.0.0\/svg\/25aa.svg\" alt=\"\u25aa\ufe0f\" \/>\u00a0strefa piknikowa, a w niej relaks, le\u017caki i dobra muzyka \u2013 b\u0119d\u0105 warsztaty, animacje, konkursy, a na scenie pojawi\u0105 si\u0119 arty\u015bci zwi\u0105zani z Gliwicami: o godz. 18.00 zesp\u00f3\u0142 Honky Tonk, a o 19.00 Kajetan Drozd Band. Na spragnionych czeka\u0107 b\u0119dzie stoisko \u201eGliwickiej z G\u0142\u0119bin\u201d.<br \/>\n<img decoding=\"async\" class=\"emoji\" role=\"img\" draggable=\"false\" src=\"https:\/\/s.w.org\/images\/core\/emoji\/14.0.0\/svg\/25aa.svg\" alt=\"\u25aa\ufe0f\" \/>\u00a0Po okolicy kursowa\u0107 b\u0119dzie specjalny bia\u0142o-czerwony pojazd (minikolejka), kt\u00f3ry bezp\u0142atnie przewiezie ch\u0119tnych po trasie: ul. Siemi\u0144skiego \u2013 Powsta\u0144c\u00f3w Warszawy \u2013 M\u0142y\u0144ska \u2013 Dolnych Wa\u0142\u00f3w.<\/p>\n<p>(ckv)<\/p>\n","protected":false},"excerpt":{"rendered":"<p>Muzyka \u2013 w trzech r\u00f3\u017cnych ods\u0142onach \u2013 wype\u0142ni Ruiny Teatru Victoria w Maj\u00f3wk\u0119 z kultur\u0105. &#8211; Zaczniemy 1 maja od barwnego koncertu dla najm\u0142odszych w wykonaniu zespo\u0142u Ptaszkowie \u015apiewali. Wieczorem oddamy scen\u0119 Martynie Jakubowicz, kt\u00f3ra zabierze nas do \u015bwiata emocji, filozoficznych rozwa\u017ca\u0144, metafor i symboli. Drugiego dnia (2 maja) zaprosimy Was na tradycyjne ju\u017c silent [&hellip;]<\/p>\n","protected":false},"author":4,"featured_media":253411,"comment_status":"closed","ping_status":"closed","sticky":false,"template":"","format":"standard","meta":{"_monsterinsights_skip_tracking":false,"_monsterinsights_sitenote_active":false,"_monsterinsights_sitenote_note":"","_monsterinsights_sitenote_category":0,"footnotes":"","_links_to":"","_links_to_target":""},"categories":[3,6,1,1129],"tags":[20090,23688,12172],"class_list":["post-253410","post","type-post","status-publish","format-standard","has-post-thumbnail","hentry","category-gliwice","category-kultura","category-wszystko","category-polecamy","tag-centrum-kultury-victoria","tag-ckv","tag-majowka"],"yoast_head":"<!-- This site is optimized with the Yoast SEO plugin v27.5 - https:\/\/yoast.com\/product\/yoast-seo-wordpress\/ -->\n<title>Maj\u00f3wka z kultur\u0105 2025. Koncerty, silent disco, zabawa na skwerze - 24GLIWICE - Portal Gliwice | codziennie nowe informacje<\/title>\n<meta name=\"robots\" content=\"index, follow, max-snippet:-1, max-image-preview:large, max-video-preview:-1\" \/>\n<link rel=\"canonical\" href=\"https:\/\/www.24gliwice.pl\/wiadomosci\/majowka-z-kultura-2025-koncerty-silent-disco-zabawa-na-skwerze\/\" \/>\n<meta property=\"og:locale\" content=\"pl_PL\" \/>\n<meta property=\"og:type\" content=\"article\" \/>\n<meta property=\"og:title\" content=\"Maj\u00f3wka z kultur\u0105 2025. Koncerty, silent disco, zabawa na skwerze - 24GLIWICE - Portal Gliwice | codziennie nowe informacje\" \/>\n<meta property=\"og:description\" content=\"Muzyka \u2013 w trzech r\u00f3\u017cnych ods\u0142onach \u2013 wype\u0142ni Ruiny Teatru Victoria w Maj\u00f3wk\u0119 z kultur\u0105. &#8211; Zaczniemy 1 maja od barwnego koncertu dla najm\u0142odszych w wykonaniu zespo\u0142u Ptaszkowie \u015apiewali. Wieczorem oddamy scen\u0119 Martynie Jakubowicz, kt\u00f3ra zabierze nas do \u015bwiata emocji, filozoficznych rozwa\u017ca\u0144, metafor i symboli. Drugiego dnia (2 maja) zaprosimy Was na tradycyjne ju\u017c silent [&hellip;]\" \/>\n<meta property=\"og:url\" content=\"https:\/\/www.24gliwice.pl\/wiadomosci\/majowka-z-kultura-2025-koncerty-silent-disco-zabawa-na-skwerze\/\" \/>\n<meta property=\"og:site_name\" content=\"24GLIWICE - Portal Gliwice | codziennie nowe informacje\" \/>\n<meta property=\"article:publisher\" content=\"https:\/\/www.facebook.com\/24gliwice\" \/>\n<meta property=\"article:author\" content=\"https:\/\/www.facebook.com\/marcin.fabrykowski\" \/>\n<meta property=\"article:published_time\" content=\"2025-04-26T23:19:49+00:00\" \/>\n<meta property=\"article:modified_time\" content=\"2025-04-26T23:20:13+00:00\" \/>\n<meta property=\"og:image\" content=\"https:\/\/www.24gliwice.pl\/wiadomosci\/wp-content\/uploads\/2025\/04\/majowka-1500-x-750-px-1920-\u00d7-1080-px-1920x960-1.jpg\" \/>\n\t<meta property=\"og:image:width\" content=\"810\" \/>\n\t<meta property=\"og:image:height\" content=\"405\" \/>\n\t<meta property=\"og:image:type\" content=\"image\/jpeg\" \/>\n<meta name=\"author\" content=\"Marcin Fabrykowski\" \/>\n<meta name=\"twitter:card\" content=\"summary_large_image\" \/>\n<meta name=\"twitter:creator\" content=\"@24gliwice\" \/>\n<meta name=\"twitter:site\" content=\"@24gliwice\" \/>\n<meta name=\"twitter:label1\" content=\"Napisane przez\" \/>\n\t<meta name=\"twitter:data1\" content=\"Marcin Fabrykowski\" \/>\n\t<meta name=\"twitter:label2\" content=\"Szacowany czas czytania\" \/>\n\t<meta name=\"twitter:data2\" content=\"6 minut\" \/>\n<script type=\"application\/ld+json\" class=\"yoast-schema-graph\">{\"@context\":\"https:\\\/\\\/schema.org\",\"@graph\":[{\"@type\":\"Article\",\"@id\":\"https:\\\/\\\/www.24gliwice.pl\\\/wiadomosci\\\/majowka-z-kultura-2025-koncerty-silent-disco-zabawa-na-skwerze\\\/#article\",\"isPartOf\":{\"@id\":\"https:\\\/\\\/www.24gliwice.pl\\\/wiadomosci\\\/majowka-z-kultura-2025-koncerty-silent-disco-zabawa-na-skwerze\\\/\"},\"author\":{\"name\":\"Marcin Fabrykowski\",\"@id\":\"https:\\\/\\\/www.24gliwice.pl\\\/wiadomosci\\\/#\\\/schema\\\/person\\\/cb5857e4a4d048c15984c1edcc8ef0c0\"},\"headline\":\"Maj\u00f3wka z kultur\u0105 2025. Koncerty, silent disco, zabawa na skwerze\",\"datePublished\":\"2025-04-26T23:19:49+00:00\",\"dateModified\":\"2025-04-26T23:20:13+00:00\",\"mainEntityOfPage\":{\"@id\":\"https:\\\/\\\/www.24gliwice.pl\\\/wiadomosci\\\/majowka-z-kultura-2025-koncerty-silent-disco-zabawa-na-skwerze\\\/\"},\"wordCount\":842,\"publisher\":{\"@id\":\"https:\\\/\\\/www.24gliwice.pl\\\/wiadomosci\\\/#organization\"},\"image\":{\"@id\":\"https:\\\/\\\/www.24gliwice.pl\\\/wiadomosci\\\/majowka-z-kultura-2025-koncerty-silent-disco-zabawa-na-skwerze\\\/#primaryimage\"},\"thumbnailUrl\":\"https:\\\/\\\/www.24gliwice.pl\\\/wiadomosci\\\/wp-content\\\/uploads\\\/2025\\\/04\\\/majowka-1500-x-750-px-1920-\u00d7-1080-px-1920x960-1.jpg\",\"keywords\":[\"CENTRUM KULTURY VICTORIA\",\"CKV\",\"maj\u00f3wka\"],\"articleSection\":[\"Gliwice\",\"Kultura, wydarzenia, imprezy\",\"Najnowsze wiadomo\u015bci\",\"Polecamy\"],\"inLanguage\":\"pl-PL\"},{\"@type\":\"WebPage\",\"@id\":\"https:\\\/\\\/www.24gliwice.pl\\\/wiadomosci\\\/majowka-z-kultura-2025-koncerty-silent-disco-zabawa-na-skwerze\\\/\",\"url\":\"https:\\\/\\\/www.24gliwice.pl\\\/wiadomosci\\\/majowka-z-kultura-2025-koncerty-silent-disco-zabawa-na-skwerze\\\/\",\"name\":\"Maj\u00f3wka z kultur\u0105 2025. Koncerty, silent disco, zabawa na skwerze - 24GLIWICE - Portal Gliwice | codziennie nowe informacje\",\"isPartOf\":{\"@id\":\"https:\\\/\\\/www.24gliwice.pl\\\/wiadomosci\\\/#website\"},\"primaryImageOfPage\":{\"@id\":\"https:\\\/\\\/www.24gliwice.pl\\\/wiadomosci\\\/majowka-z-kultura-2025-koncerty-silent-disco-zabawa-na-skwerze\\\/#primaryimage\"},\"image\":{\"@id\":\"https:\\\/\\\/www.24gliwice.pl\\\/wiadomosci\\\/majowka-z-kultura-2025-koncerty-silent-disco-zabawa-na-skwerze\\\/#primaryimage\"},\"thumbnailUrl\":\"https:\\\/\\\/www.24gliwice.pl\\\/wiadomosci\\\/wp-content\\\/uploads\\\/2025\\\/04\\\/majowka-1500-x-750-px-1920-\u00d7-1080-px-1920x960-1.jpg\",\"datePublished\":\"2025-04-26T23:19:49+00:00\",\"dateModified\":\"2025-04-26T23:20:13+00:00\",\"breadcrumb\":{\"@id\":\"https:\\\/\\\/www.24gliwice.pl\\\/wiadomosci\\\/majowka-z-kultura-2025-koncerty-silent-disco-zabawa-na-skwerze\\\/#breadcrumb\"},\"inLanguage\":\"pl-PL\",\"potentialAction\":[{\"@type\":\"ReadAction\",\"target\":[\"https:\\\/\\\/www.24gliwice.pl\\\/wiadomosci\\\/majowka-z-kultura-2025-koncerty-silent-disco-zabawa-na-skwerze\\\/\"]}]},{\"@type\":\"ImageObject\",\"inLanguage\":\"pl-PL\",\"@id\":\"https:\\\/\\\/www.24gliwice.pl\\\/wiadomosci\\\/majowka-z-kultura-2025-koncerty-silent-disco-zabawa-na-skwerze\\\/#primaryimage\",\"url\":\"https:\\\/\\\/www.24gliwice.pl\\\/wiadomosci\\\/wp-content\\\/uploads\\\/2025\\\/04\\\/majowka-1500-x-750-px-1920-\u00d7-1080-px-1920x960-1.jpg\",\"contentUrl\":\"https:\\\/\\\/www.24gliwice.pl\\\/wiadomosci\\\/wp-content\\\/uploads\\\/2025\\\/04\\\/majowka-1500-x-750-px-1920-\u00d7-1080-px-1920x960-1.jpg\",\"width\":810,\"height\":405},{\"@type\":\"BreadcrumbList\",\"@id\":\"https:\\\/\\\/www.24gliwice.pl\\\/wiadomosci\\\/majowka-z-kultura-2025-koncerty-silent-disco-zabawa-na-skwerze\\\/#breadcrumb\",\"itemListElement\":[{\"@type\":\"ListItem\",\"position\":1,\"name\":\"Strona g\u0142\u00f3wna\",\"item\":\"https:\\\/\\\/www.24gliwice.pl\\\/wiadomosci\\\/\"},{\"@type\":\"ListItem\",\"position\":2,\"name\":\"Maj\u00f3wka z kultur\u0105 2025. Koncerty, silent disco, zabawa na skwerze\"}]},{\"@type\":\"WebSite\",\"@id\":\"https:\\\/\\\/www.24gliwice.pl\\\/wiadomosci\\\/#website\",\"url\":\"https:\\\/\\\/www.24gliwice.pl\\\/wiadomosci\\\/\",\"name\":\"24GLIWICE - Portal Gliwice | codziennie nowe wiadomo\u015bci\",\"description\":\"Portal Miejski Gliwice\",\"publisher\":{\"@id\":\"https:\\\/\\\/www.24gliwice.pl\\\/wiadomosci\\\/#organization\"},\"potentialAction\":[{\"@type\":\"SearchAction\",\"target\":{\"@type\":\"EntryPoint\",\"urlTemplate\":\"https:\\\/\\\/www.24gliwice.pl\\\/wiadomosci\\\/?s={search_term_string}\"},\"query-input\":{\"@type\":\"PropertyValueSpecification\",\"valueRequired\":true,\"valueName\":\"search_term_string\"}}],\"inLanguage\":\"pl-PL\"},{\"@type\":\"Organization\",\"@id\":\"https:\\\/\\\/www.24gliwice.pl\\\/wiadomosci\\\/#organization\",\"name\":\"24gliwice\",\"url\":\"https:\\\/\\\/www.24gliwice.pl\\\/wiadomosci\\\/\",\"logo\":{\"@type\":\"ImageObject\",\"inLanguage\":\"pl-PL\",\"@id\":\"https:\\\/\\\/www.24gliwice.pl\\\/wiadomosci\\\/#\\\/schema\\\/logo\\\/image\\\/\",\"url\":\"https:\\\/\\\/www.24gliwice.pl\\\/wiadomosci\\\/wp-content\\\/uploads\\\/2024\\\/10\\\/24gliwice-logo-696.jpg\",\"contentUrl\":\"https:\\\/\\\/www.24gliwice.pl\\\/wiadomosci\\\/wp-content\\\/uploads\\\/2024\\\/10\\\/24gliwice-logo-696.jpg\",\"width\":696,\"height\":696,\"caption\":\"24gliwice\"},\"image\":{\"@id\":\"https:\\\/\\\/www.24gliwice.pl\\\/wiadomosci\\\/#\\\/schema\\\/logo\\\/image\\\/\"},\"sameAs\":[\"https:\\\/\\\/www.facebook.com\\\/24gliwice\",\"https:\\\/\\\/x.com\\\/24gliwice\",\"https:\\\/\\\/www.youtube.com\\\/@24gliwice\"]},{\"@type\":\"Person\",\"@id\":\"https:\\\/\\\/www.24gliwice.pl\\\/wiadomosci\\\/#\\\/schema\\\/person\\\/cb5857e4a4d048c15984c1edcc8ef0c0\",\"name\":\"Marcin Fabrykowski\",\"image\":{\"@type\":\"ImageObject\",\"inLanguage\":\"pl-PL\",\"@id\":\"https:\\\/\\\/www.24gliwice.pl\\\/wiadomosci\\\/wp-content\\\/uploads\\\/2025\\\/11\\\/zdjecie-moje-marcin-300-96x96.jpg\",\"url\":\"https:\\\/\\\/www.24gliwice.pl\\\/wiadomosci\\\/wp-content\\\/uploads\\\/2025\\\/11\\\/zdjecie-moje-marcin-300-96x96.jpg\",\"contentUrl\":\"https:\\\/\\\/www.24gliwice.pl\\\/wiadomosci\\\/wp-content\\\/uploads\\\/2025\\\/11\\\/zdjecie-moje-marcin-300-96x96.jpg\",\"caption\":\"Marcin Fabrykowski\"},\"sameAs\":[\"http:\\\/\\\/24gliwice.pl\",\"https:\\\/\\\/www.facebook.com\\\/marcin.fabrykowski\"],\"url\":\"https:\\\/\\\/www.24gliwice.pl\\\/wiadomosci\\\/author\\\/marcin-fabrykowski\\\/\"}]}<\/script>\n<!-- \/ Yoast SEO plugin. -->","yoast_head_json":{"title":"Maj\u00f3wka z kultur\u0105 2025. Koncerty, silent disco, zabawa na skwerze - 24GLIWICE - Portal Gliwice | codziennie nowe informacje","robots":{"index":"index","follow":"follow","max-snippet":"max-snippet:-1","max-image-preview":"max-image-preview:large","max-video-preview":"max-video-preview:-1"},"canonical":"https:\/\/www.24gliwice.pl\/wiadomosci\/majowka-z-kultura-2025-koncerty-silent-disco-zabawa-na-skwerze\/","og_locale":"pl_PL","og_type":"article","og_title":"Maj\u00f3wka z kultur\u0105 2025. Koncerty, silent disco, zabawa na skwerze - 24GLIWICE - Portal Gliwice | codziennie nowe informacje","og_description":"Muzyka \u2013 w trzech r\u00f3\u017cnych ods\u0142onach \u2013 wype\u0142ni Ruiny Teatru Victoria w Maj\u00f3wk\u0119 z kultur\u0105. &#8211; Zaczniemy 1 maja od barwnego koncertu dla najm\u0142odszych w wykonaniu zespo\u0142u Ptaszkowie \u015apiewali. Wieczorem oddamy scen\u0119 Martynie Jakubowicz, kt\u00f3ra zabierze nas do \u015bwiata emocji, filozoficznych rozwa\u017ca\u0144, metafor i symboli. Drugiego dnia (2 maja) zaprosimy Was na tradycyjne ju\u017c silent [&hellip;]","og_url":"https:\/\/www.24gliwice.pl\/wiadomosci\/majowka-z-kultura-2025-koncerty-silent-disco-zabawa-na-skwerze\/","og_site_name":"24GLIWICE - Portal Gliwice | codziennie nowe informacje","article_publisher":"https:\/\/www.facebook.com\/24gliwice","article_author":"https:\/\/www.facebook.com\/marcin.fabrykowski","article_published_time":"2025-04-26T23:19:49+00:00","article_modified_time":"2025-04-26T23:20:13+00:00","og_image":[{"width":810,"height":405,"url":"https:\/\/www.24gliwice.pl\/wiadomosci\/wp-content\/uploads\/2025\/04\/majowka-1500-x-750-px-1920-\u00d7-1080-px-1920x960-1.jpg","type":"image\/jpeg"}],"author":"Marcin Fabrykowski","twitter_card":"summary_large_image","twitter_creator":"@24gliwice","twitter_site":"@24gliwice","twitter_misc":{"Napisane przez":"Marcin Fabrykowski","Szacowany czas czytania":"6 minut"},"schema":{"@context":"https:\/\/schema.org","@graph":[{"@type":"Article","@id":"https:\/\/www.24gliwice.pl\/wiadomosci\/majowka-z-kultura-2025-koncerty-silent-disco-zabawa-na-skwerze\/#article","isPartOf":{"@id":"https:\/\/www.24gliwice.pl\/wiadomosci\/majowka-z-kultura-2025-koncerty-silent-disco-zabawa-na-skwerze\/"},"author":{"name":"Marcin Fabrykowski","@id":"https:\/\/www.24gliwice.pl\/wiadomosci\/#\/schema\/person\/cb5857e4a4d048c15984c1edcc8ef0c0"},"headline":"Maj\u00f3wka z kultur\u0105 2025. Koncerty, silent disco, zabawa na skwerze","datePublished":"2025-04-26T23:19:49+00:00","dateModified":"2025-04-26T23:20:13+00:00","mainEntityOfPage":{"@id":"https:\/\/www.24gliwice.pl\/wiadomosci\/majowka-z-kultura-2025-koncerty-silent-disco-zabawa-na-skwerze\/"},"wordCount":842,"publisher":{"@id":"https:\/\/www.24gliwice.pl\/wiadomosci\/#organization"},"image":{"@id":"https:\/\/www.24gliwice.pl\/wiadomosci\/majowka-z-kultura-2025-koncerty-silent-disco-zabawa-na-skwerze\/#primaryimage"},"thumbnailUrl":"https:\/\/www.24gliwice.pl\/wiadomosci\/wp-content\/uploads\/2025\/04\/majowka-1500-x-750-px-1920-\u00d7-1080-px-1920x960-1.jpg","keywords":["CENTRUM KULTURY VICTORIA","CKV","maj\u00f3wka"],"articleSection":["Gliwice","Kultura, wydarzenia, imprezy","Najnowsze wiadomo\u015bci","Polecamy"],"inLanguage":"pl-PL"},{"@type":"WebPage","@id":"https:\/\/www.24gliwice.pl\/wiadomosci\/majowka-z-kultura-2025-koncerty-silent-disco-zabawa-na-skwerze\/","url":"https:\/\/www.24gliwice.pl\/wiadomosci\/majowka-z-kultura-2025-koncerty-silent-disco-zabawa-na-skwerze\/","name":"Maj\u00f3wka z kultur\u0105 2025. Koncerty, silent disco, zabawa na skwerze - 24GLIWICE - Portal Gliwice | codziennie nowe informacje","isPartOf":{"@id":"https:\/\/www.24gliwice.pl\/wiadomosci\/#website"},"primaryImageOfPage":{"@id":"https:\/\/www.24gliwice.pl\/wiadomosci\/majowka-z-kultura-2025-koncerty-silent-disco-zabawa-na-skwerze\/#primaryimage"},"image":{"@id":"https:\/\/www.24gliwice.pl\/wiadomosci\/majowka-z-kultura-2025-koncerty-silent-disco-zabawa-na-skwerze\/#primaryimage"},"thumbnailUrl":"https:\/\/www.24gliwice.pl\/wiadomosci\/wp-content\/uploads\/2025\/04\/majowka-1500-x-750-px-1920-\u00d7-1080-px-1920x960-1.jpg","datePublished":"2025-04-26T23:19:49+00:00","dateModified":"2025-04-26T23:20:13+00:00","breadcrumb":{"@id":"https:\/\/www.24gliwice.pl\/wiadomosci\/majowka-z-kultura-2025-koncerty-silent-disco-zabawa-na-skwerze\/#breadcrumb"},"inLanguage":"pl-PL","potentialAction":[{"@type":"ReadAction","target":["https:\/\/www.24gliwice.pl\/wiadomosci\/majowka-z-kultura-2025-koncerty-silent-disco-zabawa-na-skwerze\/"]}]},{"@type":"ImageObject","inLanguage":"pl-PL","@id":"https:\/\/www.24gliwice.pl\/wiadomosci\/majowka-z-kultura-2025-koncerty-silent-disco-zabawa-na-skwerze\/#primaryimage","url":"https:\/\/www.24gliwice.pl\/wiadomosci\/wp-content\/uploads\/2025\/04\/majowka-1500-x-750-px-1920-\u00d7-1080-px-1920x960-1.jpg","contentUrl":"https:\/\/www.24gliwice.pl\/wiadomosci\/wp-content\/uploads\/2025\/04\/majowka-1500-x-750-px-1920-\u00d7-1080-px-1920x960-1.jpg","width":810,"height":405},{"@type":"BreadcrumbList","@id":"https:\/\/www.24gliwice.pl\/wiadomosci\/majowka-z-kultura-2025-koncerty-silent-disco-zabawa-na-skwerze\/#breadcrumb","itemListElement":[{"@type":"ListItem","position":1,"name":"Strona g\u0142\u00f3wna","item":"https:\/\/www.24gliwice.pl\/wiadomosci\/"},{"@type":"ListItem","position":2,"name":"Maj\u00f3wka z kultur\u0105 2025. Koncerty, silent disco, zabawa na skwerze"}]},{"@type":"WebSite","@id":"https:\/\/www.24gliwice.pl\/wiadomosci\/#website","url":"https:\/\/www.24gliwice.pl\/wiadomosci\/","name":"24GLIWICE - Portal Gliwice | codziennie nowe wiadomo\u015bci","description":"Portal Miejski Gliwice","publisher":{"@id":"https:\/\/www.24gliwice.pl\/wiadomosci\/#organization"},"potentialAction":[{"@type":"SearchAction","target":{"@type":"EntryPoint","urlTemplate":"https:\/\/www.24gliwice.pl\/wiadomosci\/?s={search_term_string}"},"query-input":{"@type":"PropertyValueSpecification","valueRequired":true,"valueName":"search_term_string"}}],"inLanguage":"pl-PL"},{"@type":"Organization","@id":"https:\/\/www.24gliwice.pl\/wiadomosci\/#organization","name":"24gliwice","url":"https:\/\/www.24gliwice.pl\/wiadomosci\/","logo":{"@type":"ImageObject","inLanguage":"pl-PL","@id":"https:\/\/www.24gliwice.pl\/wiadomosci\/#\/schema\/logo\/image\/","url":"https:\/\/www.24gliwice.pl\/wiadomosci\/wp-content\/uploads\/2024\/10\/24gliwice-logo-696.jpg","contentUrl":"https:\/\/www.24gliwice.pl\/wiadomosci\/wp-content\/uploads\/2024\/10\/24gliwice-logo-696.jpg","width":696,"height":696,"caption":"24gliwice"},"image":{"@id":"https:\/\/www.24gliwice.pl\/wiadomosci\/#\/schema\/logo\/image\/"},"sameAs":["https:\/\/www.facebook.com\/24gliwice","https:\/\/x.com\/24gliwice","https:\/\/www.youtube.com\/@24gliwice"]},{"@type":"Person","@id":"https:\/\/www.24gliwice.pl\/wiadomosci\/#\/schema\/person\/cb5857e4a4d048c15984c1edcc8ef0c0","name":"Marcin Fabrykowski","image":{"@type":"ImageObject","inLanguage":"pl-PL","@id":"https:\/\/www.24gliwice.pl\/wiadomosci\/wp-content\/uploads\/2025\/11\/zdjecie-moje-marcin-300-96x96.jpg","url":"https:\/\/www.24gliwice.pl\/wiadomosci\/wp-content\/uploads\/2025\/11\/zdjecie-moje-marcin-300-96x96.jpg","contentUrl":"https:\/\/www.24gliwice.pl\/wiadomosci\/wp-content\/uploads\/2025\/11\/zdjecie-moje-marcin-300-96x96.jpg","caption":"Marcin Fabrykowski"},"sameAs":["http:\/\/24gliwice.pl","https:\/\/www.facebook.com\/marcin.fabrykowski"],"url":"https:\/\/www.24gliwice.pl\/wiadomosci\/author\/marcin-fabrykowski\/"}]}},"_links":{"self":[{"href":"https:\/\/www.24gliwice.pl\/wiadomosci\/wp-json\/wp\/v2\/posts\/253410","targetHints":{"allow":["GET"]}}],"collection":[{"href":"https:\/\/www.24gliwice.pl\/wiadomosci\/wp-json\/wp\/v2\/posts"}],"about":[{"href":"https:\/\/www.24gliwice.pl\/wiadomosci\/wp-json\/wp\/v2\/types\/post"}],"author":[{"embeddable":true,"href":"https:\/\/www.24gliwice.pl\/wiadomosci\/wp-json\/wp\/v2\/users\/4"}],"replies":[{"embeddable":true,"href":"https:\/\/www.24gliwice.pl\/wiadomosci\/wp-json\/wp\/v2\/comments?post=253410"}],"version-history":[{"count":0,"href":"https:\/\/www.24gliwice.pl\/wiadomosci\/wp-json\/wp\/v2\/posts\/253410\/revisions"}],"wp:featuredmedia":[{"embeddable":true,"href":"https:\/\/www.24gliwice.pl\/wiadomosci\/wp-json\/wp\/v2\/media\/253411"}],"wp:attachment":[{"href":"https:\/\/www.24gliwice.pl\/wiadomosci\/wp-json\/wp\/v2\/media?parent=253410"}],"wp:term":[{"taxonomy":"category","embeddable":true,"href":"https:\/\/www.24gliwice.pl\/wiadomosci\/wp-json\/wp\/v2\/categories?post=253410"},{"taxonomy":"post_tag","embeddable":true,"href":"https:\/\/www.24gliwice.pl\/wiadomosci\/wp-json\/wp\/v2\/tags?post=253410"}],"curies":[{"name":"wp","href":"https:\/\/api.w.org\/{rel}","templated":true}]}}