{"id":253441,"date":"2025-04-28T14:28:20","date_gmt":"2025-04-28T12:28:20","guid":{"rendered":"https:\/\/www.24gliwice.pl\/wiadomosci\/?p=253441"},"modified":"2025-04-28T14:28:20","modified_gmt":"2025-04-28T12:28:20","slug":"proba-ucieczki-przed-kontrola-drogowa-po-zatrzymaniu-43-letni-mezczyzna-trafil-do-aresztu","status":"publish","type":"post","link":"https:\/\/www.24gliwice.pl\/wiadomosci\/proba-ucieczki-przed-kontrola-drogowa-po-zatrzymaniu-43-letni-mezczyzna-trafil-do-aresztu\/","title":{"rendered":"Pr\u00f3ba ucieczki przed kontrol\u0105 drogow\u0105. Po zatrzymaniu 43-letni m\u0119\u017cczyzna trafi\u0142 do aresztu"},"content":{"rendered":"<div class=\"gliwi-a6-nad-leadem-artykulow gliwi-entity-placement\" id=\"gliwi-1556817046\"><div class=\"gliwi-adlabel\"><span style=\"font-size: 9px\">REKLAMA<\/span><\/div><div id=\"gliwi-3255862070\" style=\"margin-bottom: 30px;margin-left: auto;margin-right: auto;text-align: center;\"><a data-no-instant=\"1\" href=\"https:\/\/przedszkole.halogen.org.pl\/\" rel=\"noopener\" class=\"a2t-link\" target=\"_blank\" aria-label=\"20260402-ANIMATOR-przedszkole_grafika_750x200\"><img loading=\"lazy\" decoding=\"async\" src=\"https:\/\/www.24gliwice.pl\/wiadomosci\/wp-content\/uploads\/2026\/04\/20260402-ANIMATOR-przedszkole_grafika_750x200.webp\" alt=\"\"  srcset=\"https:\/\/www.24gliwice.pl\/wiadomosci\/wp-content\/uploads\/2026\/04\/20260402-ANIMATOR-przedszkole_grafika_750x200.webp 750w, https:\/\/www.24gliwice.pl\/wiadomosci\/wp-content\/uploads\/2026\/04\/20260402-ANIMATOR-przedszkole_grafika_750x200-410x109.webp 410w\" sizes=\"(max-width: 750px) 100vw, 750px\" class=\"no-lazyload\" width=\"750\" height=\"200\"  style=\"display: inline-block; max-width: 100%; height: auto;\" \/><\/a><\/div><\/div><h2>43-letni kierowca, nie bez przyczyny podj\u0105\u0142 pr\u00f3b\u0119 ucieczki przed policyjn\u0105 kontrol\u0105. Gdy patrol da\u0142 mu sygna\u0142y wzywaj\u0105ce do zjechania na pobocze, m\u0119\u017cczyzna kontynuowa\u0142 jazd\u0119. Okazuje si\u0119, \u017ce ci\u0105\u017cy\u0142y na nim ju\u017c dwa zakazy kierowania i wyrok do odsiadki. <\/h2>\n<p><!--more--><\/p>\n<p>Sytuacja mia\u0142a miejsce na ulicy Wolno\u015bci w Gliwicach. <\/p>\n<p>&#8211; <em>Podczas pr\u00f3by zatrzymania przez patrol, m\u0119\u017cczyzna nie zastosowa\u0142 si\u0119 do wydawanych polece\u0144, zar\u00f3wno \u015bwietlnych, jak i d\u017awi\u0119kowych, i kontynuowa\u0142 jazd\u0119, czym pope\u0142ni\u0142 przest\u0119pstwo zagro\u017cone kar\u0105 do 5 lat pozbawienia wolno\u015bci<\/em> &#8211; relacjonuje nadkomisarz <strong>Marzena Szwed<\/strong>, oficer prasowa KMP Gliwice. <\/p><div class=\"gliwi-a3-w-tresci-artykulow gliwi-entity-placement\" id=\"gliwi-416264712\"><div class=\"gliwi-adlabel\"><span style=\"font-size: 9px\">REKLAMA<\/span><\/div><div id=\"gliwi-505359869\" style=\"margin-bottom: 30px;margin-left: auto;margin-right: auto;text-align: center;\"><a data-no-instant=\"1\" href=\"https:\/\/zlobek.halogen.org.pl\/\" rel=\"noopener\" class=\"a2t-link\" target=\"_blank\" aria-label=\"animator-zlobek_750x200\"><img loading=\"lazy\" decoding=\"async\" src=\"https:\/\/www.24gliwice.pl\/wiadomosci\/wp-content\/uploads\/2026\/02\/animator-zlobek_750x200.webp\" alt=\"\"  srcset=\"https:\/\/www.24gliwice.pl\/wiadomosci\/wp-content\/uploads\/2026\/02\/animator-zlobek_750x200.webp 750w, https:\/\/www.24gliwice.pl\/wiadomosci\/wp-content\/uploads\/2026\/02\/animator-zlobek_750x200-410x109.webp 410w\" sizes=\"(max-width: 750px) 100vw, 750px\" class=\"no-lazyload\" width=\"750\" height=\"200\"  style=\"display: inline-block; max-width: 100%; height: auto;\" \/><\/a><\/div><\/div>\n<blockquote><p><em>Podj\u0119cie pr\u00f3by ucieczki przed kontrol\u0105 drogow\u0105 nie tylko zaostrza odpowiedzialno\u015b\u0107 karn\u0105 kieruj\u0105cego, ale tak\u017ce zwi\u0119ksza ryzyko powa\u017cnych wypadk\u00f3w, w kt\u00f3rych ucierpie\u0107 mog\u0105 niewinni uczestnicy ruchu<\/em><\/p><\/blockquote>\n<p>&#8211; dodaje Szwed. Oddalaj\u0105cego si\u0119 kierowc\u0119 Forda uda\u0142o si\u0119 zatrzyma\u0107 policjantom z IV komisariatu. <\/p>\n<p>W trakcie sprawdzania danych okaza\u0142o si\u0119, \u017ce wobec m\u0119\u017cczyzny wydane zosta\u0142y dwa prawomocne zakazy prowadzenia wszelkich pojazd\u00f3w mechanicznych \u2014 na okresy odpowiednio 36 i 24 miesi\u0119cy &#8211; a tak\u017ce, \u017ce 43-latek by\u0142 poszukiwany do odbycia kary 3 miesi\u0119cy pozbawienia wolno\u015bci. Zatrzymany po zako\u0144czeniu czynno\u015bci trafi\u0142 do aresztu.<\/p>\n<blockquote><p><em>Przypominamy, \u017ce lekcewa\u017cenie wyrok\u00f3w s\u0105dowych, w szczeg\u00f3lno\u015bci dotycz\u0105cych zakaz\u00f3w prowadzenia pojazd\u00f3w mechanicznych, stanowi powa\u017cne naruszenie przepis\u00f3w karnych. Ka\u017cdy taki przypadek, jest traktowany z pe\u0142n\u0105 stanowczo\u015bci\u0105<\/em><\/p><\/blockquote>\n<p> &#8211; kontynuuje rzeczniczka. <\/p>\n<p>Przest\u0119pstwo niestosowania si\u0119 do wyroku s\u0105du (art. 244 Kodeksu Karnego) tak\u017ce zagro\u017cone jest kar\u0105 do 5 lat pozbawienia wolno\u015bci.<\/p>\n<p>(\u017cms)\/KMP Gliwice<br \/>\nfot. zdj\u0119cie pogl\u0105dowe<\/p>\n<div class=\"gliwi-a5-na-koncu-artykulow gliwi-entity-placement\" id=\"gliwi-4282613991\"><div class=\"gliwi-adlabel\"><span style=\"font-size: 9px\">REKLAMA<\/span><\/div><div id=\"gliwi-1145850365\" style=\"margin-left: auto;margin-right: auto;text-align: center;\"><a data-no-instant=\"1\" href=\"https:\/\/prezeroarenagliwice.pl\/\" rel=\"noopener\" class=\"a2t-link\" target=\"_blank\" aria-label=\"20260309-PREZERO-WIOSNA-D\"><img loading=\"lazy\" decoding=\"async\" src=\"https:\/\/www.24gliwice.pl\/wiadomosci\/wp-content\/uploads\/2026\/03\/20260309-PREZERO-WIOSNA-D.webp\" alt=\"\"  srcset=\"https:\/\/www.24gliwice.pl\/wiadomosci\/wp-content\/uploads\/2026\/03\/20260309-PREZERO-WIOSNA-D.webp 750w, https:\/\/www.24gliwice.pl\/wiadomosci\/wp-content\/uploads\/2026\/03\/20260309-PREZERO-WIOSNA-D-410x109.webp 410w\" sizes=\"(max-width: 750px) 100vw, 750px\" class=\"no-lazyload\" width=\"750\" height=\"200\"  style=\"display: inline-block; max-width: 100%; height: auto;\" \/><\/a><\/div><\/div>","protected":false},"excerpt":{"rendered":"<p>43-letni kierowca, nie bez przyczyny podj\u0105\u0142 pr\u00f3b\u0119 ucieczki przed policyjn\u0105 kontrol\u0105. Gdy patrol da\u0142 mu sygna\u0142y wzywaj\u0105ce do zjechania na pobocze, m\u0119\u017cczyzna kontynuowa\u0142 jazd\u0119. Okazuje si\u0119, \u017ce ci\u0105\u017cy\u0142y na nim ju\u017c dwa zakazy kierowania i wyrok do odsiadki.<\/p>\n","protected":false},"author":15,"featured_media":237406,"comment_status":"open","ping_status":"closed","sticky":false,"template":"","format":"standard","meta":{"_monsterinsights_skip_tracking":false,"_monsterinsights_sitenote_active":false,"_monsterinsights_sitenote_note":"","_monsterinsights_sitenote_category":0,"footnotes":"","_links_to":"","_links_to_target":""},"categories":[3,1,5],"tags":[12220,23238],"class_list":["post-253441","post","type-post","status-publish","format-standard","has-post-thumbnail","hentry","category-gliwice","category-wszystko","category-kryminalki","tag-ucieczka","tag-zakaz-kierowania"],"yoast_head":"<!-- This site is optimized with the Yoast SEO plugin v27.5 - https:\/\/yoast.com\/product\/yoast-seo-wordpress\/ -->\n<title>Pr\u00f3ba ucieczki przed kontrol\u0105 drogow\u0105. Po zatrzymaniu 43-letni m\u0119\u017cczyzna trafi\u0142 do aresztu - 24GLIWICE - Portal Gliwice | codziennie nowe informacje<\/title>\n<meta name=\"description\" content=\"Kierowca z wyrokami zakaz\u00f3w kierowania oraz 3-miesi\u0119cznym wyrokiem do odsiadki, ucieka\u0142 przed policj\u0105. Stanie przed s\u0105dem za dwa przest\u0119pstwa\" \/>\n<meta name=\"robots\" content=\"index, follow, max-snippet:-1, max-image-preview:large, max-video-preview:-1\" \/>\n<link rel=\"canonical\" href=\"https:\/\/www.24gliwice.pl\/wiadomosci\/proba-ucieczki-przed-kontrola-drogowa-po-zatrzymaniu-43-letni-mezczyzna-trafil-do-aresztu\/\" \/>\n<meta property=\"og:locale\" content=\"pl_PL\" \/>\n<meta property=\"og:type\" content=\"article\" \/>\n<meta property=\"og:title\" content=\"Pr\u00f3ba ucieczki przed kontrol\u0105 drogow\u0105. Po zatrzymaniu 43-letni m\u0119\u017cczyzna trafi\u0142 do aresztu - 24GLIWICE - Portal Gliwice | codziennie nowe informacje\" \/>\n<meta property=\"og:description\" content=\"Kierowca z wyrokami zakaz\u00f3w kierowania oraz 3-miesi\u0119cznym wyrokiem do odsiadki, ucieka\u0142 przed policj\u0105. Stanie przed s\u0105dem za dwa przest\u0119pstwa\" \/>\n<meta property=\"og:url\" content=\"https:\/\/www.24gliwice.pl\/wiadomosci\/proba-ucieczki-przed-kontrola-drogowa-po-zatrzymaniu-43-letni-mezczyzna-trafil-do-aresztu\/\" \/>\n<meta property=\"og:site_name\" content=\"24GLIWICE - Portal Gliwice | codziennie nowe informacje\" \/>\n<meta property=\"article:publisher\" content=\"https:\/\/www.facebook.com\/24gliwice\" \/>\n<meta property=\"article:published_time\" content=\"2025-04-28T12:28:20+00:00\" \/>\n<meta property=\"og:image\" content=\"https:\/\/www.24gliwice.pl\/wiadomosci\/wp-content\/uploads\/2024\/06\/policja-kontrola-noc-drogowka.jpg\" \/>\n\t<meta property=\"og:image:width\" content=\"755\" \/>\n\t<meta property=\"og:image:height\" content=\"425\" \/>\n\t<meta property=\"og:image:type\" content=\"image\/jpeg\" \/>\n<meta name=\"author\" content=\"\u017baneta Mrozek-Siewierska\" \/>\n<meta name=\"twitter:card\" content=\"summary_large_image\" \/>\n<meta name=\"twitter:creator\" content=\"@24gliwice\" \/>\n<meta name=\"twitter:site\" content=\"@24gliwice\" \/>\n<meta name=\"twitter:label1\" content=\"Napisane przez\" \/>\n\t<meta name=\"twitter:data1\" content=\"\u017baneta Mrozek-Siewierska\" \/>\n\t<meta name=\"twitter:label2\" content=\"Szacowany czas czytania\" \/>\n\t<meta name=\"twitter:data2\" content=\"2 minuty\" \/>\n<script type=\"application\/ld+json\" class=\"yoast-schema-graph\">{\"@context\":\"https:\\\/\\\/schema.org\",\"@graph\":[{\"@type\":\"Article\",\"@id\":\"https:\\\/\\\/www.24gliwice.pl\\\/wiadomosci\\\/proba-ucieczki-przed-kontrola-drogowa-po-zatrzymaniu-43-letni-mezczyzna-trafil-do-aresztu\\\/#article\",\"isPartOf\":{\"@id\":\"https:\\\/\\\/www.24gliwice.pl\\\/wiadomosci\\\/proba-ucieczki-przed-kontrola-drogowa-po-zatrzymaniu-43-letni-mezczyzna-trafil-do-aresztu\\\/\"},\"author\":{\"name\":\"\u017baneta Mrozek-Siewierska\",\"@id\":\"https:\\\/\\\/www.24gliwice.pl\\\/wiadomosci\\\/#\\\/schema\\\/person\\\/e42c650edd7f2fa332be3811fb166b6e\"},\"headline\":\"Pr\u00f3ba ucieczki przed kontrol\u0105 drogow\u0105. Po zatrzymaniu 43-letni m\u0119\u017cczyzna trafi\u0142 do aresztu\",\"datePublished\":\"2025-04-28T12:28:20+00:00\",\"mainEntityOfPage\":{\"@id\":\"https:\\\/\\\/www.24gliwice.pl\\\/wiadomosci\\\/proba-ucieczki-przed-kontrola-drogowa-po-zatrzymaniu-43-letni-mezczyzna-trafil-do-aresztu\\\/\"},\"wordCount\":289,\"commentCount\":8,\"publisher\":{\"@id\":\"https:\\\/\\\/www.24gliwice.pl\\\/wiadomosci\\\/#organization\"},\"image\":{\"@id\":\"https:\\\/\\\/www.24gliwice.pl\\\/wiadomosci\\\/proba-ucieczki-przed-kontrola-drogowa-po-zatrzymaniu-43-letni-mezczyzna-trafil-do-aresztu\\\/#primaryimage\"},\"thumbnailUrl\":\"https:\\\/\\\/www.24gliwice.pl\\\/wiadomosci\\\/wp-content\\\/uploads\\\/2024\\\/06\\\/policja-kontrola-noc-drogowka.jpg\",\"keywords\":[\"ucieczka\",\"zakaz kierowania\"],\"articleSection\":[\"Gliwice\",\"Najnowsze wiadomo\u015bci\",\"Prawo\"],\"inLanguage\":\"pl-PL\",\"potentialAction\":[{\"@type\":\"CommentAction\",\"name\":\"Comment\",\"target\":[\"https:\\\/\\\/www.24gliwice.pl\\\/wiadomosci\\\/proba-ucieczki-przed-kontrola-drogowa-po-zatrzymaniu-43-letni-mezczyzna-trafil-do-aresztu\\\/#respond\"]}]},{\"@type\":\"WebPage\",\"@id\":\"https:\\\/\\\/www.24gliwice.pl\\\/wiadomosci\\\/proba-ucieczki-przed-kontrola-drogowa-po-zatrzymaniu-43-letni-mezczyzna-trafil-do-aresztu\\\/\",\"url\":\"https:\\\/\\\/www.24gliwice.pl\\\/wiadomosci\\\/proba-ucieczki-przed-kontrola-drogowa-po-zatrzymaniu-43-letni-mezczyzna-trafil-do-aresztu\\\/\",\"name\":\"Pr\u00f3ba ucieczki przed kontrol\u0105 drogow\u0105. Po zatrzymaniu 43-letni m\u0119\u017cczyzna trafi\u0142 do aresztu - 24GLIWICE - Portal Gliwice | codziennie nowe informacje\",\"isPartOf\":{\"@id\":\"https:\\\/\\\/www.24gliwice.pl\\\/wiadomosci\\\/#website\"},\"primaryImageOfPage\":{\"@id\":\"https:\\\/\\\/www.24gliwice.pl\\\/wiadomosci\\\/proba-ucieczki-przed-kontrola-drogowa-po-zatrzymaniu-43-letni-mezczyzna-trafil-do-aresztu\\\/#primaryimage\"},\"image\":{\"@id\":\"https:\\\/\\\/www.24gliwice.pl\\\/wiadomosci\\\/proba-ucieczki-przed-kontrola-drogowa-po-zatrzymaniu-43-letni-mezczyzna-trafil-do-aresztu\\\/#primaryimage\"},\"thumbnailUrl\":\"https:\\\/\\\/www.24gliwice.pl\\\/wiadomosci\\\/wp-content\\\/uploads\\\/2024\\\/06\\\/policja-kontrola-noc-drogowka.jpg\",\"datePublished\":\"2025-04-28T12:28:20+00:00\",\"description\":\"Kierowca z wyrokami zakaz\u00f3w kierowania oraz 3-miesi\u0119cznym wyrokiem do odsiadki, ucieka\u0142 przed policj\u0105. Stanie przed s\u0105dem za dwa przest\u0119pstwa\",\"breadcrumb\":{\"@id\":\"https:\\\/\\\/www.24gliwice.pl\\\/wiadomosci\\\/proba-ucieczki-przed-kontrola-drogowa-po-zatrzymaniu-43-letni-mezczyzna-trafil-do-aresztu\\\/#breadcrumb\"},\"inLanguage\":\"pl-PL\",\"potentialAction\":[{\"@type\":\"ReadAction\",\"target\":[\"https:\\\/\\\/www.24gliwice.pl\\\/wiadomosci\\\/proba-ucieczki-przed-kontrola-drogowa-po-zatrzymaniu-43-letni-mezczyzna-trafil-do-aresztu\\\/\"]}]},{\"@type\":\"ImageObject\",\"inLanguage\":\"pl-PL\",\"@id\":\"https:\\\/\\\/www.24gliwice.pl\\\/wiadomosci\\\/proba-ucieczki-przed-kontrola-drogowa-po-zatrzymaniu-43-letni-mezczyzna-trafil-do-aresztu\\\/#primaryimage\",\"url\":\"https:\\\/\\\/www.24gliwice.pl\\\/wiadomosci\\\/wp-content\\\/uploads\\\/2024\\\/06\\\/policja-kontrola-noc-drogowka.jpg\",\"contentUrl\":\"https:\\\/\\\/www.24gliwice.pl\\\/wiadomosci\\\/wp-content\\\/uploads\\\/2024\\\/06\\\/policja-kontrola-noc-drogowka.jpg\",\"width\":755,\"height\":425,\"caption\":\"zdj\u0119cie pogl\u0105dowe\"},{\"@type\":\"BreadcrumbList\",\"@id\":\"https:\\\/\\\/www.24gliwice.pl\\\/wiadomosci\\\/proba-ucieczki-przed-kontrola-drogowa-po-zatrzymaniu-43-letni-mezczyzna-trafil-do-aresztu\\\/#breadcrumb\",\"itemListElement\":[{\"@type\":\"ListItem\",\"position\":1,\"name\":\"Strona g\u0142\u00f3wna\",\"item\":\"https:\\\/\\\/www.24gliwice.pl\\\/wiadomosci\\\/\"},{\"@type\":\"ListItem\",\"position\":2,\"name\":\"Pr\u00f3ba ucieczki przed kontrol\u0105 drogow\u0105. Po zatrzymaniu 43-letni m\u0119\u017cczyzna trafi\u0142 do aresztu\"}]},{\"@type\":\"WebSite\",\"@id\":\"https:\\\/\\\/www.24gliwice.pl\\\/wiadomosci\\\/#website\",\"url\":\"https:\\\/\\\/www.24gliwice.pl\\\/wiadomosci\\\/\",\"name\":\"24GLIWICE - Portal Gliwice | codziennie nowe wiadomo\u015bci\",\"description\":\"Portal Miejski Gliwice\",\"publisher\":{\"@id\":\"https:\\\/\\\/www.24gliwice.pl\\\/wiadomosci\\\/#organization\"},\"potentialAction\":[{\"@type\":\"SearchAction\",\"target\":{\"@type\":\"EntryPoint\",\"urlTemplate\":\"https:\\\/\\\/www.24gliwice.pl\\\/wiadomosci\\\/?s={search_term_string}\"},\"query-input\":{\"@type\":\"PropertyValueSpecification\",\"valueRequired\":true,\"valueName\":\"search_term_string\"}}],\"inLanguage\":\"pl-PL\"},{\"@type\":\"Organization\",\"@id\":\"https:\\\/\\\/www.24gliwice.pl\\\/wiadomosci\\\/#organization\",\"name\":\"24gliwice\",\"url\":\"https:\\\/\\\/www.24gliwice.pl\\\/wiadomosci\\\/\",\"logo\":{\"@type\":\"ImageObject\",\"inLanguage\":\"pl-PL\",\"@id\":\"https:\\\/\\\/www.24gliwice.pl\\\/wiadomosci\\\/#\\\/schema\\\/logo\\\/image\\\/\",\"url\":\"https:\\\/\\\/www.24gliwice.pl\\\/wiadomosci\\\/wp-content\\\/uploads\\\/2024\\\/10\\\/24gliwice-logo-696.jpg\",\"contentUrl\":\"https:\\\/\\\/www.24gliwice.pl\\\/wiadomosci\\\/wp-content\\\/uploads\\\/2024\\\/10\\\/24gliwice-logo-696.jpg\",\"width\":696,\"height\":696,\"caption\":\"24gliwice\"},\"image\":{\"@id\":\"https:\\\/\\\/www.24gliwice.pl\\\/wiadomosci\\\/#\\\/schema\\\/logo\\\/image\\\/\"},\"sameAs\":[\"https:\\\/\\\/www.facebook.com\\\/24gliwice\",\"https:\\\/\\\/x.com\\\/24gliwice\",\"https:\\\/\\\/www.youtube.com\\\/@24gliwice\"]},{\"@type\":\"Person\",\"@id\":\"https:\\\/\\\/www.24gliwice.pl\\\/wiadomosci\\\/#\\\/schema\\\/person\\\/e42c650edd7f2fa332be3811fb166b6e\",\"name\":\"\u017baneta Mrozek-Siewierska\",\"image\":{\"@type\":\"ImageObject\",\"inLanguage\":\"pl-PL\",\"@id\":\"https:\\\/\\\/secure.gravatar.com\\\/avatar\\\/1881429e9c64597c77ad7aef2d0a19be69a3253e57534d16aa15bf3a4d34a0a3?s=96&d=mm&r=g\",\"url\":\"https:\\\/\\\/secure.gravatar.com\\\/avatar\\\/1881429e9c64597c77ad7aef2d0a19be69a3253e57534d16aa15bf3a4d34a0a3?s=96&d=mm&r=g\",\"contentUrl\":\"https:\\\/\\\/secure.gravatar.com\\\/avatar\\\/1881429e9c64597c77ad7aef2d0a19be69a3253e57534d16aa15bf3a4d34a0a3?s=96&d=mm&r=g\",\"caption\":\"\u017baneta Mrozek-Siewierska\"},\"url\":\"https:\\\/\\\/www.24gliwice.pl\\\/wiadomosci\\\/author\\\/zms\\\/\"}]}<\/script>\n<!-- \/ Yoast SEO plugin. -->","yoast_head_json":{"title":"Pr\u00f3ba ucieczki przed kontrol\u0105 drogow\u0105. Po zatrzymaniu 43-letni m\u0119\u017cczyzna trafi\u0142 do aresztu - 24GLIWICE - Portal Gliwice | codziennie nowe informacje","description":"Kierowca z wyrokami zakaz\u00f3w kierowania oraz 3-miesi\u0119cznym wyrokiem do odsiadki, ucieka\u0142 przed policj\u0105. Stanie przed s\u0105dem za dwa przest\u0119pstwa","robots":{"index":"index","follow":"follow","max-snippet":"max-snippet:-1","max-image-preview":"max-image-preview:large","max-video-preview":"max-video-preview:-1"},"canonical":"https:\/\/www.24gliwice.pl\/wiadomosci\/proba-ucieczki-przed-kontrola-drogowa-po-zatrzymaniu-43-letni-mezczyzna-trafil-do-aresztu\/","og_locale":"pl_PL","og_type":"article","og_title":"Pr\u00f3ba ucieczki przed kontrol\u0105 drogow\u0105. Po zatrzymaniu 43-letni m\u0119\u017cczyzna trafi\u0142 do aresztu - 24GLIWICE - Portal Gliwice | codziennie nowe informacje","og_description":"Kierowca z wyrokami zakaz\u00f3w kierowania oraz 3-miesi\u0119cznym wyrokiem do odsiadki, ucieka\u0142 przed policj\u0105. Stanie przed s\u0105dem za dwa przest\u0119pstwa","og_url":"https:\/\/www.24gliwice.pl\/wiadomosci\/proba-ucieczki-przed-kontrola-drogowa-po-zatrzymaniu-43-letni-mezczyzna-trafil-do-aresztu\/","og_site_name":"24GLIWICE - Portal Gliwice | codziennie nowe informacje","article_publisher":"https:\/\/www.facebook.com\/24gliwice","article_published_time":"2025-04-28T12:28:20+00:00","og_image":[{"width":755,"height":425,"url":"https:\/\/www.24gliwice.pl\/wiadomosci\/wp-content\/uploads\/2024\/06\/policja-kontrola-noc-drogowka.jpg","type":"image\/jpeg"}],"author":"\u017baneta Mrozek-Siewierska","twitter_card":"summary_large_image","twitter_creator":"@24gliwice","twitter_site":"@24gliwice","twitter_misc":{"Napisane przez":"\u017baneta Mrozek-Siewierska","Szacowany czas czytania":"2 minuty"},"schema":{"@context":"https:\/\/schema.org","@graph":[{"@type":"Article","@id":"https:\/\/www.24gliwice.pl\/wiadomosci\/proba-ucieczki-przed-kontrola-drogowa-po-zatrzymaniu-43-letni-mezczyzna-trafil-do-aresztu\/#article","isPartOf":{"@id":"https:\/\/www.24gliwice.pl\/wiadomosci\/proba-ucieczki-przed-kontrola-drogowa-po-zatrzymaniu-43-letni-mezczyzna-trafil-do-aresztu\/"},"author":{"name":"\u017baneta Mrozek-Siewierska","@id":"https:\/\/www.24gliwice.pl\/wiadomosci\/#\/schema\/person\/e42c650edd7f2fa332be3811fb166b6e"},"headline":"Pr\u00f3ba ucieczki przed kontrol\u0105 drogow\u0105. Po zatrzymaniu 43-letni m\u0119\u017cczyzna trafi\u0142 do aresztu","datePublished":"2025-04-28T12:28:20+00:00","mainEntityOfPage":{"@id":"https:\/\/www.24gliwice.pl\/wiadomosci\/proba-ucieczki-przed-kontrola-drogowa-po-zatrzymaniu-43-letni-mezczyzna-trafil-do-aresztu\/"},"wordCount":289,"commentCount":8,"publisher":{"@id":"https:\/\/www.24gliwice.pl\/wiadomosci\/#organization"},"image":{"@id":"https:\/\/www.24gliwice.pl\/wiadomosci\/proba-ucieczki-przed-kontrola-drogowa-po-zatrzymaniu-43-letni-mezczyzna-trafil-do-aresztu\/#primaryimage"},"thumbnailUrl":"https:\/\/www.24gliwice.pl\/wiadomosci\/wp-content\/uploads\/2024\/06\/policja-kontrola-noc-drogowka.jpg","keywords":["ucieczka","zakaz kierowania"],"articleSection":["Gliwice","Najnowsze wiadomo\u015bci","Prawo"],"inLanguage":"pl-PL","potentialAction":[{"@type":"CommentAction","name":"Comment","target":["https:\/\/www.24gliwice.pl\/wiadomosci\/proba-ucieczki-przed-kontrola-drogowa-po-zatrzymaniu-43-letni-mezczyzna-trafil-do-aresztu\/#respond"]}]},{"@type":"WebPage","@id":"https:\/\/www.24gliwice.pl\/wiadomosci\/proba-ucieczki-przed-kontrola-drogowa-po-zatrzymaniu-43-letni-mezczyzna-trafil-do-aresztu\/","url":"https:\/\/www.24gliwice.pl\/wiadomosci\/proba-ucieczki-przed-kontrola-drogowa-po-zatrzymaniu-43-letni-mezczyzna-trafil-do-aresztu\/","name":"Pr\u00f3ba ucieczki przed kontrol\u0105 drogow\u0105. Po zatrzymaniu 43-letni m\u0119\u017cczyzna trafi\u0142 do aresztu - 24GLIWICE - Portal Gliwice | codziennie nowe informacje","isPartOf":{"@id":"https:\/\/www.24gliwice.pl\/wiadomosci\/#website"},"primaryImageOfPage":{"@id":"https:\/\/www.24gliwice.pl\/wiadomosci\/proba-ucieczki-przed-kontrola-drogowa-po-zatrzymaniu-43-letni-mezczyzna-trafil-do-aresztu\/#primaryimage"},"image":{"@id":"https:\/\/www.24gliwice.pl\/wiadomosci\/proba-ucieczki-przed-kontrola-drogowa-po-zatrzymaniu-43-letni-mezczyzna-trafil-do-aresztu\/#primaryimage"},"thumbnailUrl":"https:\/\/www.24gliwice.pl\/wiadomosci\/wp-content\/uploads\/2024\/06\/policja-kontrola-noc-drogowka.jpg","datePublished":"2025-04-28T12:28:20+00:00","description":"Kierowca z wyrokami zakaz\u00f3w kierowania oraz 3-miesi\u0119cznym wyrokiem do odsiadki, ucieka\u0142 przed policj\u0105. Stanie przed s\u0105dem za dwa przest\u0119pstwa","breadcrumb":{"@id":"https:\/\/www.24gliwice.pl\/wiadomosci\/proba-ucieczki-przed-kontrola-drogowa-po-zatrzymaniu-43-letni-mezczyzna-trafil-do-aresztu\/#breadcrumb"},"inLanguage":"pl-PL","potentialAction":[{"@type":"ReadAction","target":["https:\/\/www.24gliwice.pl\/wiadomosci\/proba-ucieczki-przed-kontrola-drogowa-po-zatrzymaniu-43-letni-mezczyzna-trafil-do-aresztu\/"]}]},{"@type":"ImageObject","inLanguage":"pl-PL","@id":"https:\/\/www.24gliwice.pl\/wiadomosci\/proba-ucieczki-przed-kontrola-drogowa-po-zatrzymaniu-43-letni-mezczyzna-trafil-do-aresztu\/#primaryimage","url":"https:\/\/www.24gliwice.pl\/wiadomosci\/wp-content\/uploads\/2024\/06\/policja-kontrola-noc-drogowka.jpg","contentUrl":"https:\/\/www.24gliwice.pl\/wiadomosci\/wp-content\/uploads\/2024\/06\/policja-kontrola-noc-drogowka.jpg","width":755,"height":425,"caption":"zdj\u0119cie pogl\u0105dowe"},{"@type":"BreadcrumbList","@id":"https:\/\/www.24gliwice.pl\/wiadomosci\/proba-ucieczki-przed-kontrola-drogowa-po-zatrzymaniu-43-letni-mezczyzna-trafil-do-aresztu\/#breadcrumb","itemListElement":[{"@type":"ListItem","position":1,"name":"Strona g\u0142\u00f3wna","item":"https:\/\/www.24gliwice.pl\/wiadomosci\/"},{"@type":"ListItem","position":2,"name":"Pr\u00f3ba ucieczki przed kontrol\u0105 drogow\u0105. Po zatrzymaniu 43-letni m\u0119\u017cczyzna trafi\u0142 do aresztu"}]},{"@type":"WebSite","@id":"https:\/\/www.24gliwice.pl\/wiadomosci\/#website","url":"https:\/\/www.24gliwice.pl\/wiadomosci\/","name":"24GLIWICE - Portal Gliwice | codziennie nowe wiadomo\u015bci","description":"Portal Miejski Gliwice","publisher":{"@id":"https:\/\/www.24gliwice.pl\/wiadomosci\/#organization"},"potentialAction":[{"@type":"SearchAction","target":{"@type":"EntryPoint","urlTemplate":"https:\/\/www.24gliwice.pl\/wiadomosci\/?s={search_term_string}"},"query-input":{"@type":"PropertyValueSpecification","valueRequired":true,"valueName":"search_term_string"}}],"inLanguage":"pl-PL"},{"@type":"Organization","@id":"https:\/\/www.24gliwice.pl\/wiadomosci\/#organization","name":"24gliwice","url":"https:\/\/www.24gliwice.pl\/wiadomosci\/","logo":{"@type":"ImageObject","inLanguage":"pl-PL","@id":"https:\/\/www.24gliwice.pl\/wiadomosci\/#\/schema\/logo\/image\/","url":"https:\/\/www.24gliwice.pl\/wiadomosci\/wp-content\/uploads\/2024\/10\/24gliwice-logo-696.jpg","contentUrl":"https:\/\/www.24gliwice.pl\/wiadomosci\/wp-content\/uploads\/2024\/10\/24gliwice-logo-696.jpg","width":696,"height":696,"caption":"24gliwice"},"image":{"@id":"https:\/\/www.24gliwice.pl\/wiadomosci\/#\/schema\/logo\/image\/"},"sameAs":["https:\/\/www.facebook.com\/24gliwice","https:\/\/x.com\/24gliwice","https:\/\/www.youtube.com\/@24gliwice"]},{"@type":"Person","@id":"https:\/\/www.24gliwice.pl\/wiadomosci\/#\/schema\/person\/e42c650edd7f2fa332be3811fb166b6e","name":"\u017baneta Mrozek-Siewierska","image":{"@type":"ImageObject","inLanguage":"pl-PL","@id":"https:\/\/secure.gravatar.com\/avatar\/1881429e9c64597c77ad7aef2d0a19be69a3253e57534d16aa15bf3a4d34a0a3?s=96&d=mm&r=g","url":"https:\/\/secure.gravatar.com\/avatar\/1881429e9c64597c77ad7aef2d0a19be69a3253e57534d16aa15bf3a4d34a0a3?s=96&d=mm&r=g","contentUrl":"https:\/\/secure.gravatar.com\/avatar\/1881429e9c64597c77ad7aef2d0a19be69a3253e57534d16aa15bf3a4d34a0a3?s=96&d=mm&r=g","caption":"\u017baneta Mrozek-Siewierska"},"url":"https:\/\/www.24gliwice.pl\/wiadomosci\/author\/zms\/"}]}},"_links":{"self":[{"href":"https:\/\/www.24gliwice.pl\/wiadomosci\/wp-json\/wp\/v2\/posts\/253441","targetHints":{"allow":["GET"]}}],"collection":[{"href":"https:\/\/www.24gliwice.pl\/wiadomosci\/wp-json\/wp\/v2\/posts"}],"about":[{"href":"https:\/\/www.24gliwice.pl\/wiadomosci\/wp-json\/wp\/v2\/types\/post"}],"author":[{"embeddable":true,"href":"https:\/\/www.24gliwice.pl\/wiadomosci\/wp-json\/wp\/v2\/users\/15"}],"replies":[{"embeddable":true,"href":"https:\/\/www.24gliwice.pl\/wiadomosci\/wp-json\/wp\/v2\/comments?post=253441"}],"version-history":[{"count":0,"href":"https:\/\/www.24gliwice.pl\/wiadomosci\/wp-json\/wp\/v2\/posts\/253441\/revisions"}],"wp:featuredmedia":[{"embeddable":true,"href":"https:\/\/www.24gliwice.pl\/wiadomosci\/wp-json\/wp\/v2\/media\/237406"}],"wp:attachment":[{"href":"https:\/\/www.24gliwice.pl\/wiadomosci\/wp-json\/wp\/v2\/media?parent=253441"}],"wp:term":[{"taxonomy":"category","embeddable":true,"href":"https:\/\/www.24gliwice.pl\/wiadomosci\/wp-json\/wp\/v2\/categories?post=253441"},{"taxonomy":"post_tag","embeddable":true,"href":"https:\/\/www.24gliwice.pl\/wiadomosci\/wp-json\/wp\/v2\/tags?post=253441"}],"curies":[{"name":"wp","href":"https:\/\/api.w.org\/{rel}","templated":true}]}}