{"id":253502,"date":"2025-04-30T02:23:05","date_gmt":"2025-04-30T00:23:05","guid":{"rendered":"https:\/\/www.24gliwice.pl\/wiadomosci\/?p=253502"},"modified":"2025-04-30T02:23:05","modified_gmt":"2025-04-30T00:23:05","slug":"na-ulicy-tarnogorskiej-zmieni-sie-organizacja-ruchu-powstana-pasy-rowerowe-w-obu-kierunkach","status":"publish","type":"post","link":"https:\/\/www.24gliwice.pl\/wiadomosci\/na-ulicy-tarnogorskiej-zmieni-sie-organizacja-ruchu-powstana-pasy-rowerowe-w-obu-kierunkach\/","title":{"rendered":"Na ulicy Tarnog\u00f3rskiej zmieni si\u0119 organizacja ruchu. Powstan\u0105 pasy rowerowe w obu kierunkach"},"content":{"rendered":"<div class=\"gliwi-a6-nad-leadem-artykulow gliwi-entity-placement\" id=\"gliwi-1530399936\"><div class=\"gliwi-adlabel\"><span style=\"font-size: 9px\">REKLAMA<\/span><\/div><div id=\"gliwi-3193708642\" style=\"margin-bottom: 30px;margin-left: auto;margin-right: auto;text-align: center;\"><a data-no-instant=\"1\" href=\"https:\/\/przedszkole.halogen.org.pl\/\" rel=\"noopener\" class=\"a2t-link\" target=\"_blank\" aria-label=\"20260402-ANIMATOR-przedszkole_grafika_750x200\"><img loading=\"lazy\" decoding=\"async\" src=\"https:\/\/www.24gliwice.pl\/wiadomosci\/wp-content\/uploads\/2026\/04\/20260402-ANIMATOR-przedszkole_grafika_750x200.webp\" alt=\"\"  srcset=\"https:\/\/www.24gliwice.pl\/wiadomosci\/wp-content\/uploads\/2026\/04\/20260402-ANIMATOR-przedszkole_grafika_750x200.webp 750w, https:\/\/www.24gliwice.pl\/wiadomosci\/wp-content\/uploads\/2026\/04\/20260402-ANIMATOR-przedszkole_grafika_750x200-410x109.webp 410w\" sizes=\"(max-width: 750px) 100vw, 750px\" class=\"no-lazyload\" width=\"750\" height=\"200\"  style=\"display: inline-block; max-width: 100%; height: auto;\" \/><\/a><\/div><\/div><h2>Wzd\u0142u\u017c ulicy Tarnog\u00f3rskiej poprowadzone zostan\u0105 pasy rowerowe, \u0142\u0105cz\u0105ce infrastruktur\u0119 wykonan\u0105 w rejonie Centrum Przesiadkowego z ci\u0105giem pieszo rowerowym biegn\u0105cym wzd\u0142u\u017c Radiostacji. To pierwsza zmiana, kt\u00f3rej wykonanie miasto planowa\u0142o od dobrych kilkunastu miesi\u0119cy.<\/h2>\n<p><!--more--><\/p>\n<p>Koncepcj\u0119 tworzenia pas\u00f3w rowerowych zapowiedzia\u0142 ju\u017c w 2023 roku \u00f3wczesny wiceprezydent Gliwic <strong>Mariusz \u015apiewok<\/strong>. Jeszcze w czasie poprzedniej kadencji w\u0142adz samorz\u0105dowych, Zarz\u0105d Dr\u00f3g Miejskich og\u0142osi\u0142 przetarg, kt\u00f3rego celem by\u0142o wykonanie dr\u00f3g rowerowych lub wydzielonych z jezdni pas\u00f3w ruchu dla jedno\u015blad\u00f3w wzd\u0142u\u017c kilkunastu ulic w Gliwicach. Na li\u015bcie by\u0142y m.in. ulice Tarnog\u00f3rska, Daszy\u0144skiego, \u015aliwki, Toszecka, Ko\u015bciuszki, Opolska, Traugutta, Kozielska, Andersa, Pszczy\u0144ska, D\u0105browskiego. <\/p>\n<h4>Za\u0142o\u017cenie by\u0142o takie, by zmiany zosta\u0142y wprowadzone przy jednoczesnym minimalnym zaanga\u017cowaniu koszt\u00f3w i czasu realizacji, a tak\u017ce bez konieczno\u015bci przebudowania istniej\u0105cej infrastruktury drogowej.<\/h4>\n<p>Pierwsza z nich w\u0142a\u015bnie si\u0119 materializuje. Prezydent Gliwic <strong>Katarzyna Kuczy\u0144ska-Budka <\/strong>poinformowa\u0142a w mediach spo\u0142eczno\u015bciowych, \u017ce w najbli\u017cszym czasie wprowadzana b\u0119dzie nowa organizacja ruchu na ulicy Tarnog\u00f3rskiej, gdzie na prawie 1,5 km odcinku, od istniej\u0105cej drogi rowerowej przy Radiostacji do \u015bcie\u017cki dla jedno\u015blad\u00f3w przy ul. Kolberga w rejonie Centrum Przesiadkowego wyznaczone zostan\u0105 pasy rowerowe w obu kierunkach. <\/p><div class=\"gliwi-a3-w-tresci-artykulow gliwi-entity-placement\" id=\"gliwi-603446983\"><div class=\"gliwi-adlabel\"><span style=\"font-size: 9px\">REKLAMA<\/span><\/div><div id=\"gliwi-3450040685\" style=\"margin-bottom: 30px;margin-left: auto;margin-right: auto;text-align: center;\"><a data-no-instant=\"1\" href=\"https:\/\/ogrodyandersa.pl\/\" rel=\"noopener\" class=\"a2t-link\" target=\"_blank\" aria-label=\"20260415 Ogrody Andersa KUP TERAZ D\"><img loading=\"lazy\" decoding=\"async\" src=\"https:\/\/www.24gliwice.pl\/wiadomosci\/wp-content\/uploads\/2026\/04\/20260415-Ogrody-Andersa-KUP-TERAZ-D.jpg\" alt=\"\"  srcset=\"https:\/\/www.24gliwice.pl\/wiadomosci\/wp-content\/uploads\/2026\/04\/20260415-Ogrody-Andersa-KUP-TERAZ-D.jpg 750w, https:\/\/www.24gliwice.pl\/wiadomosci\/wp-content\/uploads\/2026\/04\/20260415-Ogrody-Andersa-KUP-TERAZ-D-410x109.jpg 410w\" sizes=\"(max-width: 750px) 100vw, 750px\" class=\"no-lazyload\" width=\"750\" height=\"200\"  style=\"display: inline-block; max-width: 100%; height: auto;\" \/><\/a><\/div><\/div>\n<p><a href=\"https:\/\/www.24gliwice.pl\/wiadomosci\/wp-content\/uploads\/2025\/04\/tarnogorska-droga-rowerowa-centrum-przesiadkowe-kolberga.jpg\"><img loading=\"lazy\" decoding=\"async\" src=\"https:\/\/www.24gliwice.pl\/wiadomosci\/wp-content\/uploads\/2025\/04\/tarnogorska-droga-rowerowa-centrum-przesiadkowe-kolberga.jpg\" alt=\"\" width=\"810\" height=\"456\" class=\"alignnone size-full wp-image-253518\" srcset=\"https:\/\/www.24gliwice.pl\/wiadomosci\/wp-content\/uploads\/2025\/04\/tarnogorska-droga-rowerowa-centrum-przesiadkowe-kolberga.jpg 810w, https:\/\/www.24gliwice.pl\/wiadomosci\/wp-content\/uploads\/2025\/04\/tarnogorska-droga-rowerowa-centrum-przesiadkowe-kolberga-410x232.jpg 410w, https:\/\/www.24gliwice.pl\/wiadomosci\/wp-content\/uploads\/2025\/04\/tarnogorska-droga-rowerowa-centrum-przesiadkowe-kolberga-808x455.jpg 808w, https:\/\/www.24gliwice.pl\/wiadomosci\/wp-content\/uploads\/2025\/04\/tarnogorska-droga-rowerowa-centrum-przesiadkowe-kolberga-768x432.jpg 768w\" sizes=\"auto, (max-width: 810px) 100vw, 810px\" \/><\/a><\/p>\n<p><a href=\"https:\/\/www.24gliwice.pl\/wiadomosci\/wp-content\/uploads\/2025\/04\/tarnogorska-droga-rowerowa-centrum-przesiadkowe-kolberga2.jpg\"><img loading=\"lazy\" decoding=\"async\" src=\"https:\/\/www.24gliwice.pl\/wiadomosci\/wp-content\/uploads\/2025\/04\/tarnogorska-droga-rowerowa-centrum-przesiadkowe-kolberga2.jpg\" alt=\"\" width=\"810\" height=\"456\" class=\"alignnone size-full wp-image-253519\" srcset=\"https:\/\/www.24gliwice.pl\/wiadomosci\/wp-content\/uploads\/2025\/04\/tarnogorska-droga-rowerowa-centrum-przesiadkowe-kolberga2.jpg 810w, https:\/\/www.24gliwice.pl\/wiadomosci\/wp-content\/uploads\/2025\/04\/tarnogorska-droga-rowerowa-centrum-przesiadkowe-kolberga2-410x232.jpg 410w, https:\/\/www.24gliwice.pl\/wiadomosci\/wp-content\/uploads\/2025\/04\/tarnogorska-droga-rowerowa-centrum-przesiadkowe-kolberga2-808x455.jpg 808w, https:\/\/www.24gliwice.pl\/wiadomosci\/wp-content\/uploads\/2025\/04\/tarnogorska-droga-rowerowa-centrum-przesiadkowe-kolberga2-768x432.jpg 768w\" sizes=\"auto, (max-width: 810px) 100vw, 810px\" \/><\/a><\/p>\n<p><a href=\"https:\/\/www.24gliwice.pl\/wiadomosci\/wp-content\/uploads\/2025\/04\/tarnogorska-droga-rowerowa-radiostacja2.jpg\"><img loading=\"lazy\" decoding=\"async\" src=\"https:\/\/www.24gliwice.pl\/wiadomosci\/wp-content\/uploads\/2025\/04\/tarnogorska-droga-rowerowa-radiostacja2.jpg\" alt=\"\" width=\"810\" height=\"456\" class=\"alignnone size-full wp-image-253522\" srcset=\"https:\/\/www.24gliwice.pl\/wiadomosci\/wp-content\/uploads\/2025\/04\/tarnogorska-droga-rowerowa-radiostacja2.jpg 810w, https:\/\/www.24gliwice.pl\/wiadomosci\/wp-content\/uploads\/2025\/04\/tarnogorska-droga-rowerowa-radiostacja2-410x232.jpg 410w, https:\/\/www.24gliwice.pl\/wiadomosci\/wp-content\/uploads\/2025\/04\/tarnogorska-droga-rowerowa-radiostacja2-808x455.jpg 808w, https:\/\/www.24gliwice.pl\/wiadomosci\/wp-content\/uploads\/2025\/04\/tarnogorska-droga-rowerowa-radiostacja2-768x432.jpg 768w\" sizes=\"auto, (max-width: 810px) 100vw, 810px\" \/><\/a><\/p>\n<p>&#8211; <em>To podej\u015bcie, kt\u00f3re od lat z powodzeniem rozwijaj\u0105 Wroc\u0142aw, Pozna\u0144 i Tr\u00f3jmiasto, godz\u0105c w ten spos\u00f3b wsp\u00f3\u0142istnienie r\u00f3\u017cnych form transportu. Nowe pasy rowerowe na ul. Tarnog\u00f3rskiej stworz\u0105 sp\u00f3jne i wygodne po\u0142\u0105czenie, u\u0142atwiaj\u0105ce rowerzystom bezpieczne poruszanie si\u0119 tam i z powrotem wzd\u0142u\u017c p\u00f3\u0142nocnej wylot\u00f3wki Gliwic od rejonu Centrum Przesiadkowego przy dworcu PKP. To jednocze\u015bnie pierwsza, skupiona na rowerzystach, zmiana organizacji ruchu w mie\u015bcie na tak du\u017c\u0105 skal\u0119 \u2013 i kompromisowe rozwi\u0105zanie. Projekt opracowano bowiem tak, by i kierowcy nie odczuli znacz\u0105cych utrudnie\u0144, a ruch samochodowy pozosta\u0142 p\u0142ynny<\/em> &#8211; napisa\u0142a prezydent Gliwic. <\/p>\n<p>Jak zapowiedzia\u0142a, wkr\u00f3tce miasto og\u0142osi kolejn\u0105 lokalizacj\u0119, w kt\u00f3rej pojawi\u0105 si\u0119 nowe pasy dla rowerzyst\u00f3w.<\/p>\n<p><a href=\"https:\/\/www.24gliwice.pl\/wiadomosci\/wp-content\/uploads\/2025\/04\/tarnogorska-autobus-libelta.jpg\"><img loading=\"lazy\" decoding=\"async\" src=\"https:\/\/www.24gliwice.pl\/wiadomosci\/wp-content\/uploads\/2025\/04\/tarnogorska-autobus-libelta.jpg\" alt=\"\" width=\"810\" height=\"456\" class=\"alignnone size-full wp-image-253517\" srcset=\"https:\/\/www.24gliwice.pl\/wiadomosci\/wp-content\/uploads\/2025\/04\/tarnogorska-autobus-libelta.jpg 810w, https:\/\/www.24gliwice.pl\/wiadomosci\/wp-content\/uploads\/2025\/04\/tarnogorska-autobus-libelta-410x232.jpg 410w, https:\/\/www.24gliwice.pl\/wiadomosci\/wp-content\/uploads\/2025\/04\/tarnogorska-autobus-libelta-808x455.jpg 808w, https:\/\/www.24gliwice.pl\/wiadomosci\/wp-content\/uploads\/2025\/04\/tarnogorska-autobus-libelta-768x432.jpg 768w\" sizes=\"auto, (max-width: 810px) 100vw, 810px\" \/><\/a><\/p>\n<p><a href=\"https:\/\/www.24gliwice.pl\/wiadomosci\/wp-content\/uploads\/2025\/04\/tarnogorska.jpg\"><img loading=\"lazy\" decoding=\"async\" src=\"https:\/\/www.24gliwice.pl\/wiadomosci\/wp-content\/uploads\/2025\/04\/tarnogorska.jpg\" alt=\"\" width=\"810\" height=\"456\" class=\"alignnone size-full wp-image-253524\" srcset=\"https:\/\/www.24gliwice.pl\/wiadomosci\/wp-content\/uploads\/2025\/04\/tarnogorska.jpg 810w, https:\/\/www.24gliwice.pl\/wiadomosci\/wp-content\/uploads\/2025\/04\/tarnogorska-410x232.jpg 410w, https:\/\/www.24gliwice.pl\/wiadomosci\/wp-content\/uploads\/2025\/04\/tarnogorska-808x455.jpg 808w, https:\/\/www.24gliwice.pl\/wiadomosci\/wp-content\/uploads\/2025\/04\/tarnogorska-768x432.jpg 768w\" sizes=\"auto, (max-width: 810px) 100vw, 810px\" \/><\/a><\/p>\n<p><a href=\"https:\/\/www.24gliwice.pl\/wiadomosci\/wp-content\/uploads\/2025\/04\/tarnogoska-maldrew.jpg\"><img loading=\"lazy\" decoding=\"async\" src=\"https:\/\/www.24gliwice.pl\/wiadomosci\/wp-content\/uploads\/2025\/04\/tarnogoska-maldrew.jpg\" alt=\"\" width=\"810\" height=\"456\" class=\"alignnone size-full wp-image-253525\" srcset=\"https:\/\/www.24gliwice.pl\/wiadomosci\/wp-content\/uploads\/2025\/04\/tarnogoska-maldrew.jpg 810w, https:\/\/www.24gliwice.pl\/wiadomosci\/wp-content\/uploads\/2025\/04\/tarnogoska-maldrew-410x232.jpg 410w, https:\/\/www.24gliwice.pl\/wiadomosci\/wp-content\/uploads\/2025\/04\/tarnogoska-maldrew-808x455.jpg 808w, https:\/\/www.24gliwice.pl\/wiadomosci\/wp-content\/uploads\/2025\/04\/tarnogoska-maldrew-768x432.jpg 768w\" sizes=\"auto, (max-width: 810px) 100vw, 810px\" \/><\/a><\/p>\n<p><H4>Przygotowania do zmian trwa\u0142y ponad rok<\/h4>\n<p>O zmianach planowanych na kilkunastu ulicach wjazdowych prowadz\u0105cych na teren centrum Gliwic, a b\u0119d\u0105cych przedmiotem opracowania, pisali\u015bmy w lutym 2024 roku: <\/p>\n<blockquote class=\"wp-embedded-content\" data-secret=\"etmJuIu2lV\"><p><a href=\"https:\/\/www.24gliwice.pl\/wiadomosci\/daszynskiego-kozielska-pszczynska-tarnogorska-rowerowa-rewolucja-w-organizacji-glownych-ulic-w-miescie\/\">Daszy\u0144skiego, Kozielska, Pszczy\u0144ska, Tarnog\u00f3rska&#8230; Rowerowa rewolucja w organizacji g\u0142\u00f3wnych ulic w mie\u015bcie<\/a><\/p><\/blockquote>\n<p><iframe loading=\"lazy\" class=\"wp-embedded-content\" sandbox=\"allow-scripts\" security=\"restricted\" style=\"position: absolute; visibility: hidden;\" title=\"&#8222;Daszy\u0144skiego, Kozielska, Pszczy\u0144ska, Tarnog\u00f3rska&#8230; Rowerowa rewolucja w organizacji g\u0142\u00f3wnych ulic w mie\u015bcie&#8221; &#8212; 24GLIWICE - Portal Gliwice | codziennie nowe informacje\" src=\"https:\/\/www.24gliwice.pl\/wiadomosci\/daszynskiego-kozielska-pszczynska-tarnogorska-rowerowa-rewolucja-w-organizacji-glownych-ulic-w-miescie\/embed\/#?secret=QFAsNN0FX0#?secret=etmJuIu2lV\" data-secret=\"etmJuIu2lV\" width=\"600\" height=\"338\" frameborder=\"0\" marginwidth=\"0\" marginheight=\"0\" scrolling=\"no\"><\/iframe><\/p>\n<p>Wymienione tam ulice nie obejmuj\u0105 g\u0142\u00f3wnych arterii biegn\u0105cych przez centrum Gliwic. Dla ul. Konarskiego, Cz\u0119stochowskiej, Miko\u0142owskiej, Dunikowskiego, Strzody, Dworcowej i Wroc\u0142awskiej tak\u017ce na pocz\u0105tku 2024 r. og\u0142oszono osobne zam\u00f3wienie publiczne. <\/p>\n<blockquote class=\"wp-embedded-content\" data-secret=\"v2GOlbkDla\"><p><a href=\"https:\/\/www.24gliwice.pl\/wiadomosci\/na-ulicach-w-scislym-centrum-gliwic-planowane-sa-duze-zmiany-miejscami-mozliwa-redukcja-liczby-pasow-ruchu\/\">Na ulicach w \u015bcis\u0142ym centrum Gliwic planowane s\u0105 du\u017ce zmiany. Miejscami mo\u017cliwa redukcja liczby pas\u00f3w ruchu<\/a><\/p><\/blockquote>\n<p><iframe loading=\"lazy\" class=\"wp-embedded-content\" sandbox=\"allow-scripts\" security=\"restricted\" style=\"position: absolute; visibility: hidden;\" title=\"&#8222;Na ulicach w \u015bcis\u0142ym centrum Gliwic planowane s\u0105 du\u017ce zmiany. Miejscami mo\u017cliwa redukcja liczby pas\u00f3w ruchu&#8221; &#8212; 24GLIWICE - Portal Gliwice | codziennie nowe informacje\" src=\"https:\/\/www.24gliwice.pl\/wiadomosci\/na-ulicach-w-scislym-centrum-gliwic-planowane-sa-duze-zmiany-miejscami-mozliwa-redukcja-liczby-pasow-ruchu\/embed\/#?secret=lSnPnuoH6N#?secret=v2GOlbkDla\" data-secret=\"v2GOlbkDla\" width=\"600\" height=\"338\" frameborder=\"0\" marginwidth=\"0\" marginheight=\"0\" scrolling=\"no\"><\/iframe><\/p>\n<p>W tegorocznym planie przetarg\u00f3w ZDM zawarto nawet pozycje zak\u0142adaj\u0105ce wprowadzenie zmian w organizacji ruchu na tych ulicach, jednak gdy pytali\u015bmy o to kilka miesi\u0119cy temu, nie by\u0142o jeszcze konkretnych informacji w tej sprawie (ZDM informowa\u0142, \u017ce koncepcje by\u0142y w trakcie dopracowywania). Wygl\u0105da na to, \u017ce teraz miasto przyst\u0119puje do wdro\u017cenia przygotowywanych od d\u0142u\u017cszego czasu plan\u00f3w. <\/p>\n<blockquote class=\"wp-embedded-content\" data-secret=\"leASoYtn8s\"><p><a href=\"https:\/\/www.24gliwice.pl\/wiadomosci\/powstana-pasy-rowerowe-wydzielone-z-jezdni-zdm-pracuje-nad-koncepcjami-dla-centrum-gliwic\/\">Powstan\u0105 pasy rowerowe wydzielone z jezdni? ZDM pracuje nad koncepcjami dla centrum Gliwic<\/a><\/p><\/blockquote>\n<p><iframe loading=\"lazy\" class=\"wp-embedded-content\" sandbox=\"allow-scripts\" security=\"restricted\" style=\"position: absolute; visibility: hidden;\" title=\"&#8222;Powstan\u0105 pasy rowerowe wydzielone z jezdni? ZDM pracuje nad koncepcjami dla centrum Gliwic&#8221; &#8212; 24GLIWICE - Portal Gliwice | codziennie nowe informacje\" src=\"https:\/\/www.24gliwice.pl\/wiadomosci\/powstana-pasy-rowerowe-wydzielone-z-jezdni-zdm-pracuje-nad-koncepcjami-dla-centrum-gliwic\/embed\/#?secret=1aWMtngmsN#?secret=leASoYtn8s\" data-secret=\"leASoYtn8s\" width=\"600\" height=\"338\" frameborder=\"0\" marginwidth=\"0\" marginheight=\"0\" scrolling=\"no\"><\/iframe><\/p>\n<p>(\u017cms)<br \/>\nfot. 24GLIWICE\/\u017bMS<\/p>\n<div class=\"gliwi-a5-na-koncu-artykulow gliwi-entity-placement\" id=\"gliwi-736157246\"><div class=\"gliwi-adlabel\"><span style=\"font-size: 9px\">REKLAMA<\/span><\/div><div id=\"gliwi-1487305124\" style=\"margin-left: auto;margin-right: auto;text-align: center;\"><a data-no-instant=\"1\" href=\"https:\/\/prezeroarenagliwice.pl\/\" rel=\"noopener\" class=\"a2t-link\" target=\"_blank\" aria-label=\"20260309-PREZERO-WIOSNA-D\"><img loading=\"lazy\" decoding=\"async\" src=\"https:\/\/www.24gliwice.pl\/wiadomosci\/wp-content\/uploads\/2026\/03\/20260309-PREZERO-WIOSNA-D.webp\" alt=\"\"  srcset=\"https:\/\/www.24gliwice.pl\/wiadomosci\/wp-content\/uploads\/2026\/03\/20260309-PREZERO-WIOSNA-D.webp 750w, https:\/\/www.24gliwice.pl\/wiadomosci\/wp-content\/uploads\/2026\/03\/20260309-PREZERO-WIOSNA-D-410x109.webp 410w\" sizes=\"(max-width: 750px) 100vw, 750px\" class=\"no-lazyload\" width=\"750\" height=\"200\"  style=\"display: inline-block; max-width: 100%; height: auto;\" \/><\/a><\/div><\/div>","protected":false},"excerpt":{"rendered":"<p>Wzd\u0142u\u017c ulicy Tarnog\u00f3rskiej poprowadzone zostan\u0105 pasy rowerowe, \u0142\u0105cz\u0105ce infrastruktur\u0119 wykonan\u0105 w rejonie Centrum Przesiadkowego z ci\u0105giem pieszo rowerowym biegn\u0105cym wzd\u0142u\u017c Radiostacji. To pierwsza zmiana, kt\u00f3rej wykonanie miasto planowa\u0142o od dobrych kilkunastu miesi\u0119cy.<\/p>\n","protected":false},"author":15,"featured_media":253520,"comment_status":"open","ping_status":"closed","sticky":false,"template":"","format":"standard","meta":{"_monsterinsights_skip_tracking":false,"_monsterinsights_sitenote_active":false,"_monsterinsights_sitenote_note":"","_monsterinsights_sitenote_category":0,"footnotes":"","_links_to":"","_links_to_target":""},"categories":[3,1,9],"tags":[24340,5327],"class_list":["post-253502","post","type-post","status-publish","format-standard","has-post-thumbnail","hentry","category-gliwice","category-wszystko","category-aktualnosci_lokalne","tag-pasy-ruchu","tag-tarnogorska"],"yoast_head":"<!-- This site is optimized with the Yoast SEO plugin v27.5 - https:\/\/yoast.com\/product\/yoast-seo-wordpress\/ -->\n<title>Na ulicy Tarnog\u00f3rskiej zmieni si\u0119 organizacja ruchu. Powstan\u0105 pasy rowerowe w obu kierunkach - 24GLIWICE - Portal Gliwice | codziennie nowe informacje<\/title>\n<meta name=\"description\" content=\"Pierwsza ze zmian w organizacji ruchu s\u0142u\u017c\u0105cych rowerzystom, a planowanych przez poprzednie w\u0142adze, zostanie wdro\u017cona na ul. Tarnog\u00f3rskiej\" \/>\n<meta name=\"robots\" content=\"index, follow, max-snippet:-1, max-image-preview:large, max-video-preview:-1\" \/>\n<link rel=\"canonical\" href=\"https:\/\/www.24gliwice.pl\/wiadomosci\/na-ulicy-tarnogorskiej-zmieni-sie-organizacja-ruchu-powstana-pasy-rowerowe-w-obu-kierunkach\/\" \/>\n<meta property=\"og:locale\" content=\"pl_PL\" \/>\n<meta property=\"og:type\" content=\"article\" \/>\n<meta property=\"og:title\" content=\"Na ulicy Tarnog\u00f3rskiej zmieni si\u0119 organizacja ruchu. Powstan\u0105 pasy rowerowe w obu kierunkach - 24GLIWICE - Portal Gliwice | codziennie nowe informacje\" \/>\n<meta property=\"og:description\" content=\"Pierwsza ze zmian w organizacji ruchu s\u0142u\u017c\u0105cych rowerzystom, a planowanych przez poprzednie w\u0142adze, zostanie wdro\u017cona na ul. Tarnog\u00f3rskiej\" \/>\n<meta property=\"og:url\" content=\"https:\/\/www.24gliwice.pl\/wiadomosci\/na-ulicy-tarnogorskiej-zmieni-sie-organizacja-ruchu-powstana-pasy-rowerowe-w-obu-kierunkach\/\" \/>\n<meta property=\"og:site_name\" content=\"24GLIWICE - Portal Gliwice | codziennie nowe informacje\" \/>\n<meta property=\"article:publisher\" content=\"https:\/\/www.facebook.com\/24gliwice\" \/>\n<meta property=\"article:published_time\" content=\"2025-04-30T00:23:05+00:00\" \/>\n<meta property=\"og:image\" content=\"https:\/\/www.24gliwice.pl\/wiadomosci\/wp-content\/uploads\/2025\/04\/tarnogorska-droga-rowerowa-michalowskiego.jpg\" \/>\n\t<meta property=\"og:image:width\" content=\"810\" \/>\n\t<meta property=\"og:image:height\" content=\"456\" \/>\n\t<meta property=\"og:image:type\" content=\"image\/jpeg\" \/>\n<meta name=\"author\" content=\"\u017baneta Mrozek-Siewierska\" \/>\n<meta name=\"twitter:card\" content=\"summary_large_image\" \/>\n<meta name=\"twitter:creator\" content=\"@24gliwice\" \/>\n<meta name=\"twitter:site\" content=\"@24gliwice\" \/>\n<meta name=\"twitter:label1\" content=\"Napisane przez\" \/>\n\t<meta name=\"twitter:data1\" content=\"\u017baneta Mrozek-Siewierska\" \/>\n\t<meta name=\"twitter:label2\" content=\"Szacowany czas czytania\" \/>\n\t<meta name=\"twitter:data2\" content=\"4 minuty\" \/>\n<script type=\"application\/ld+json\" class=\"yoast-schema-graph\">{\"@context\":\"https:\\\/\\\/schema.org\",\"@graph\":[{\"@type\":\"Article\",\"@id\":\"https:\\\/\\\/www.24gliwice.pl\\\/wiadomosci\\\/na-ulicy-tarnogorskiej-zmieni-sie-organizacja-ruchu-powstana-pasy-rowerowe-w-obu-kierunkach\\\/#article\",\"isPartOf\":{\"@id\":\"https:\\\/\\\/www.24gliwice.pl\\\/wiadomosci\\\/na-ulicy-tarnogorskiej-zmieni-sie-organizacja-ruchu-powstana-pasy-rowerowe-w-obu-kierunkach\\\/\"},\"author\":{\"name\":\"\u017baneta Mrozek-Siewierska\",\"@id\":\"https:\\\/\\\/www.24gliwice.pl\\\/wiadomosci\\\/#\\\/schema\\\/person\\\/e42c650edd7f2fa332be3811fb166b6e\"},\"headline\":\"Na ulicy Tarnog\u00f3rskiej zmieni si\u0119 organizacja ruchu. Powstan\u0105 pasy rowerowe w obu kierunkach\",\"datePublished\":\"2025-04-30T00:23:05+00:00\",\"mainEntityOfPage\":{\"@id\":\"https:\\\/\\\/www.24gliwice.pl\\\/wiadomosci\\\/na-ulicy-tarnogorskiej-zmieni-sie-organizacja-ruchu-powstana-pasy-rowerowe-w-obu-kierunkach\\\/\"},\"wordCount\":527,\"commentCount\":30,\"publisher\":{\"@id\":\"https:\\\/\\\/www.24gliwice.pl\\\/wiadomosci\\\/#organization\"},\"image\":{\"@id\":\"https:\\\/\\\/www.24gliwice.pl\\\/wiadomosci\\\/na-ulicy-tarnogorskiej-zmieni-sie-organizacja-ruchu-powstana-pasy-rowerowe-w-obu-kierunkach\\\/#primaryimage\"},\"thumbnailUrl\":\"https:\\\/\\\/www.24gliwice.pl\\\/wiadomosci\\\/wp-content\\\/uploads\\\/2025\\\/04\\\/tarnogorska-droga-rowerowa-michalowskiego.jpg\",\"keywords\":[\"PASY RUCHU\",\"TARNOG\u00d3RSKA\"],\"articleSection\":[\"Gliwice\",\"Najnowsze wiadomo\u015bci\",\"Portal Gliwice - Wiadomo\u015bci lokalne\"],\"inLanguage\":\"pl-PL\",\"potentialAction\":[{\"@type\":\"CommentAction\",\"name\":\"Comment\",\"target\":[\"https:\\\/\\\/www.24gliwice.pl\\\/wiadomosci\\\/na-ulicy-tarnogorskiej-zmieni-sie-organizacja-ruchu-powstana-pasy-rowerowe-w-obu-kierunkach\\\/#respond\"]}]},{\"@type\":\"WebPage\",\"@id\":\"https:\\\/\\\/www.24gliwice.pl\\\/wiadomosci\\\/na-ulicy-tarnogorskiej-zmieni-sie-organizacja-ruchu-powstana-pasy-rowerowe-w-obu-kierunkach\\\/\",\"url\":\"https:\\\/\\\/www.24gliwice.pl\\\/wiadomosci\\\/na-ulicy-tarnogorskiej-zmieni-sie-organizacja-ruchu-powstana-pasy-rowerowe-w-obu-kierunkach\\\/\",\"name\":\"Na ulicy Tarnog\u00f3rskiej zmieni si\u0119 organizacja ruchu. Powstan\u0105 pasy rowerowe w obu kierunkach - 24GLIWICE - Portal Gliwice | codziennie nowe informacje\",\"isPartOf\":{\"@id\":\"https:\\\/\\\/www.24gliwice.pl\\\/wiadomosci\\\/#website\"},\"primaryImageOfPage\":{\"@id\":\"https:\\\/\\\/www.24gliwice.pl\\\/wiadomosci\\\/na-ulicy-tarnogorskiej-zmieni-sie-organizacja-ruchu-powstana-pasy-rowerowe-w-obu-kierunkach\\\/#primaryimage\"},\"image\":{\"@id\":\"https:\\\/\\\/www.24gliwice.pl\\\/wiadomosci\\\/na-ulicy-tarnogorskiej-zmieni-sie-organizacja-ruchu-powstana-pasy-rowerowe-w-obu-kierunkach\\\/#primaryimage\"},\"thumbnailUrl\":\"https:\\\/\\\/www.24gliwice.pl\\\/wiadomosci\\\/wp-content\\\/uploads\\\/2025\\\/04\\\/tarnogorska-droga-rowerowa-michalowskiego.jpg\",\"datePublished\":\"2025-04-30T00:23:05+00:00\",\"description\":\"Pierwsza ze zmian w organizacji ruchu s\u0142u\u017c\u0105cych rowerzystom, a planowanych przez poprzednie w\u0142adze, zostanie wdro\u017cona na ul. Tarnog\u00f3rskiej\",\"breadcrumb\":{\"@id\":\"https:\\\/\\\/www.24gliwice.pl\\\/wiadomosci\\\/na-ulicy-tarnogorskiej-zmieni-sie-organizacja-ruchu-powstana-pasy-rowerowe-w-obu-kierunkach\\\/#breadcrumb\"},\"inLanguage\":\"pl-PL\",\"potentialAction\":[{\"@type\":\"ReadAction\",\"target\":[\"https:\\\/\\\/www.24gliwice.pl\\\/wiadomosci\\\/na-ulicy-tarnogorskiej-zmieni-sie-organizacja-ruchu-powstana-pasy-rowerowe-w-obu-kierunkach\\\/\"]}]},{\"@type\":\"ImageObject\",\"inLanguage\":\"pl-PL\",\"@id\":\"https:\\\/\\\/www.24gliwice.pl\\\/wiadomosci\\\/na-ulicy-tarnogorskiej-zmieni-sie-organizacja-ruchu-powstana-pasy-rowerowe-w-obu-kierunkach\\\/#primaryimage\",\"url\":\"https:\\\/\\\/www.24gliwice.pl\\\/wiadomosci\\\/wp-content\\\/uploads\\\/2025\\\/04\\\/tarnogorska-droga-rowerowa-michalowskiego.jpg\",\"contentUrl\":\"https:\\\/\\\/www.24gliwice.pl\\\/wiadomosci\\\/wp-content\\\/uploads\\\/2025\\\/04\\\/tarnogorska-droga-rowerowa-michalowskiego.jpg\",\"width\":810,\"height\":456},{\"@type\":\"BreadcrumbList\",\"@id\":\"https:\\\/\\\/www.24gliwice.pl\\\/wiadomosci\\\/na-ulicy-tarnogorskiej-zmieni-sie-organizacja-ruchu-powstana-pasy-rowerowe-w-obu-kierunkach\\\/#breadcrumb\",\"itemListElement\":[{\"@type\":\"ListItem\",\"position\":1,\"name\":\"Strona g\u0142\u00f3wna\",\"item\":\"https:\\\/\\\/www.24gliwice.pl\\\/wiadomosci\\\/\"},{\"@type\":\"ListItem\",\"position\":2,\"name\":\"Na ulicy Tarnog\u00f3rskiej zmieni si\u0119 organizacja ruchu. Powstan\u0105 pasy rowerowe w obu kierunkach\"}]},{\"@type\":\"WebSite\",\"@id\":\"https:\\\/\\\/www.24gliwice.pl\\\/wiadomosci\\\/#website\",\"url\":\"https:\\\/\\\/www.24gliwice.pl\\\/wiadomosci\\\/\",\"name\":\"24GLIWICE - Portal Gliwice | codziennie nowe wiadomo\u015bci\",\"description\":\"Portal Miejski Gliwice\",\"publisher\":{\"@id\":\"https:\\\/\\\/www.24gliwice.pl\\\/wiadomosci\\\/#organization\"},\"potentialAction\":[{\"@type\":\"SearchAction\",\"target\":{\"@type\":\"EntryPoint\",\"urlTemplate\":\"https:\\\/\\\/www.24gliwice.pl\\\/wiadomosci\\\/?s={search_term_string}\"},\"query-input\":{\"@type\":\"PropertyValueSpecification\",\"valueRequired\":true,\"valueName\":\"search_term_string\"}}],\"inLanguage\":\"pl-PL\"},{\"@type\":\"Organization\",\"@id\":\"https:\\\/\\\/www.24gliwice.pl\\\/wiadomosci\\\/#organization\",\"name\":\"24gliwice\",\"url\":\"https:\\\/\\\/www.24gliwice.pl\\\/wiadomosci\\\/\",\"logo\":{\"@type\":\"ImageObject\",\"inLanguage\":\"pl-PL\",\"@id\":\"https:\\\/\\\/www.24gliwice.pl\\\/wiadomosci\\\/#\\\/schema\\\/logo\\\/image\\\/\",\"url\":\"https:\\\/\\\/www.24gliwice.pl\\\/wiadomosci\\\/wp-content\\\/uploads\\\/2024\\\/10\\\/24gliwice-logo-696.jpg\",\"contentUrl\":\"https:\\\/\\\/www.24gliwice.pl\\\/wiadomosci\\\/wp-content\\\/uploads\\\/2024\\\/10\\\/24gliwice-logo-696.jpg\",\"width\":696,\"height\":696,\"caption\":\"24gliwice\"},\"image\":{\"@id\":\"https:\\\/\\\/www.24gliwice.pl\\\/wiadomosci\\\/#\\\/schema\\\/logo\\\/image\\\/\"},\"sameAs\":[\"https:\\\/\\\/www.facebook.com\\\/24gliwice\",\"https:\\\/\\\/x.com\\\/24gliwice\",\"https:\\\/\\\/www.youtube.com\\\/@24gliwice\"]},{\"@type\":\"Person\",\"@id\":\"https:\\\/\\\/www.24gliwice.pl\\\/wiadomosci\\\/#\\\/schema\\\/person\\\/e42c650edd7f2fa332be3811fb166b6e\",\"name\":\"\u017baneta Mrozek-Siewierska\",\"image\":{\"@type\":\"ImageObject\",\"inLanguage\":\"pl-PL\",\"@id\":\"https:\\\/\\\/secure.gravatar.com\\\/avatar\\\/1881429e9c64597c77ad7aef2d0a19be69a3253e57534d16aa15bf3a4d34a0a3?s=96&d=mm&r=g\",\"url\":\"https:\\\/\\\/secure.gravatar.com\\\/avatar\\\/1881429e9c64597c77ad7aef2d0a19be69a3253e57534d16aa15bf3a4d34a0a3?s=96&d=mm&r=g\",\"contentUrl\":\"https:\\\/\\\/secure.gravatar.com\\\/avatar\\\/1881429e9c64597c77ad7aef2d0a19be69a3253e57534d16aa15bf3a4d34a0a3?s=96&d=mm&r=g\",\"caption\":\"\u017baneta Mrozek-Siewierska\"},\"url\":\"https:\\\/\\\/www.24gliwice.pl\\\/wiadomosci\\\/author\\\/zms\\\/\"}]}<\/script>\n<!-- \/ Yoast SEO plugin. -->","yoast_head_json":{"title":"Na ulicy Tarnog\u00f3rskiej zmieni si\u0119 organizacja ruchu. Powstan\u0105 pasy rowerowe w obu kierunkach - 24GLIWICE - Portal Gliwice | codziennie nowe informacje","description":"Pierwsza ze zmian w organizacji ruchu s\u0142u\u017c\u0105cych rowerzystom, a planowanych przez poprzednie w\u0142adze, zostanie wdro\u017cona na ul. Tarnog\u00f3rskiej","robots":{"index":"index","follow":"follow","max-snippet":"max-snippet:-1","max-image-preview":"max-image-preview:large","max-video-preview":"max-video-preview:-1"},"canonical":"https:\/\/www.24gliwice.pl\/wiadomosci\/na-ulicy-tarnogorskiej-zmieni-sie-organizacja-ruchu-powstana-pasy-rowerowe-w-obu-kierunkach\/","og_locale":"pl_PL","og_type":"article","og_title":"Na ulicy Tarnog\u00f3rskiej zmieni si\u0119 organizacja ruchu. Powstan\u0105 pasy rowerowe w obu kierunkach - 24GLIWICE - Portal Gliwice | codziennie nowe informacje","og_description":"Pierwsza ze zmian w organizacji ruchu s\u0142u\u017c\u0105cych rowerzystom, a planowanych przez poprzednie w\u0142adze, zostanie wdro\u017cona na ul. Tarnog\u00f3rskiej","og_url":"https:\/\/www.24gliwice.pl\/wiadomosci\/na-ulicy-tarnogorskiej-zmieni-sie-organizacja-ruchu-powstana-pasy-rowerowe-w-obu-kierunkach\/","og_site_name":"24GLIWICE - Portal Gliwice | codziennie nowe informacje","article_publisher":"https:\/\/www.facebook.com\/24gliwice","article_published_time":"2025-04-30T00:23:05+00:00","og_image":[{"width":810,"height":456,"url":"https:\/\/www.24gliwice.pl\/wiadomosci\/wp-content\/uploads\/2025\/04\/tarnogorska-droga-rowerowa-michalowskiego.jpg","type":"image\/jpeg"}],"author":"\u017baneta Mrozek-Siewierska","twitter_card":"summary_large_image","twitter_creator":"@24gliwice","twitter_site":"@24gliwice","twitter_misc":{"Napisane przez":"\u017baneta Mrozek-Siewierska","Szacowany czas czytania":"4 minuty"},"schema":{"@context":"https:\/\/schema.org","@graph":[{"@type":"Article","@id":"https:\/\/www.24gliwice.pl\/wiadomosci\/na-ulicy-tarnogorskiej-zmieni-sie-organizacja-ruchu-powstana-pasy-rowerowe-w-obu-kierunkach\/#article","isPartOf":{"@id":"https:\/\/www.24gliwice.pl\/wiadomosci\/na-ulicy-tarnogorskiej-zmieni-sie-organizacja-ruchu-powstana-pasy-rowerowe-w-obu-kierunkach\/"},"author":{"name":"\u017baneta Mrozek-Siewierska","@id":"https:\/\/www.24gliwice.pl\/wiadomosci\/#\/schema\/person\/e42c650edd7f2fa332be3811fb166b6e"},"headline":"Na ulicy Tarnog\u00f3rskiej zmieni si\u0119 organizacja ruchu. Powstan\u0105 pasy rowerowe w obu kierunkach","datePublished":"2025-04-30T00:23:05+00:00","mainEntityOfPage":{"@id":"https:\/\/www.24gliwice.pl\/wiadomosci\/na-ulicy-tarnogorskiej-zmieni-sie-organizacja-ruchu-powstana-pasy-rowerowe-w-obu-kierunkach\/"},"wordCount":527,"commentCount":30,"publisher":{"@id":"https:\/\/www.24gliwice.pl\/wiadomosci\/#organization"},"image":{"@id":"https:\/\/www.24gliwice.pl\/wiadomosci\/na-ulicy-tarnogorskiej-zmieni-sie-organizacja-ruchu-powstana-pasy-rowerowe-w-obu-kierunkach\/#primaryimage"},"thumbnailUrl":"https:\/\/www.24gliwice.pl\/wiadomosci\/wp-content\/uploads\/2025\/04\/tarnogorska-droga-rowerowa-michalowskiego.jpg","keywords":["PASY RUCHU","TARNOG\u00d3RSKA"],"articleSection":["Gliwice","Najnowsze wiadomo\u015bci","Portal Gliwice - Wiadomo\u015bci lokalne"],"inLanguage":"pl-PL","potentialAction":[{"@type":"CommentAction","name":"Comment","target":["https:\/\/www.24gliwice.pl\/wiadomosci\/na-ulicy-tarnogorskiej-zmieni-sie-organizacja-ruchu-powstana-pasy-rowerowe-w-obu-kierunkach\/#respond"]}]},{"@type":"WebPage","@id":"https:\/\/www.24gliwice.pl\/wiadomosci\/na-ulicy-tarnogorskiej-zmieni-sie-organizacja-ruchu-powstana-pasy-rowerowe-w-obu-kierunkach\/","url":"https:\/\/www.24gliwice.pl\/wiadomosci\/na-ulicy-tarnogorskiej-zmieni-sie-organizacja-ruchu-powstana-pasy-rowerowe-w-obu-kierunkach\/","name":"Na ulicy Tarnog\u00f3rskiej zmieni si\u0119 organizacja ruchu. Powstan\u0105 pasy rowerowe w obu kierunkach - 24GLIWICE - Portal Gliwice | codziennie nowe informacje","isPartOf":{"@id":"https:\/\/www.24gliwice.pl\/wiadomosci\/#website"},"primaryImageOfPage":{"@id":"https:\/\/www.24gliwice.pl\/wiadomosci\/na-ulicy-tarnogorskiej-zmieni-sie-organizacja-ruchu-powstana-pasy-rowerowe-w-obu-kierunkach\/#primaryimage"},"image":{"@id":"https:\/\/www.24gliwice.pl\/wiadomosci\/na-ulicy-tarnogorskiej-zmieni-sie-organizacja-ruchu-powstana-pasy-rowerowe-w-obu-kierunkach\/#primaryimage"},"thumbnailUrl":"https:\/\/www.24gliwice.pl\/wiadomosci\/wp-content\/uploads\/2025\/04\/tarnogorska-droga-rowerowa-michalowskiego.jpg","datePublished":"2025-04-30T00:23:05+00:00","description":"Pierwsza ze zmian w organizacji ruchu s\u0142u\u017c\u0105cych rowerzystom, a planowanych przez poprzednie w\u0142adze, zostanie wdro\u017cona na ul. Tarnog\u00f3rskiej","breadcrumb":{"@id":"https:\/\/www.24gliwice.pl\/wiadomosci\/na-ulicy-tarnogorskiej-zmieni-sie-organizacja-ruchu-powstana-pasy-rowerowe-w-obu-kierunkach\/#breadcrumb"},"inLanguage":"pl-PL","potentialAction":[{"@type":"ReadAction","target":["https:\/\/www.24gliwice.pl\/wiadomosci\/na-ulicy-tarnogorskiej-zmieni-sie-organizacja-ruchu-powstana-pasy-rowerowe-w-obu-kierunkach\/"]}]},{"@type":"ImageObject","inLanguage":"pl-PL","@id":"https:\/\/www.24gliwice.pl\/wiadomosci\/na-ulicy-tarnogorskiej-zmieni-sie-organizacja-ruchu-powstana-pasy-rowerowe-w-obu-kierunkach\/#primaryimage","url":"https:\/\/www.24gliwice.pl\/wiadomosci\/wp-content\/uploads\/2025\/04\/tarnogorska-droga-rowerowa-michalowskiego.jpg","contentUrl":"https:\/\/www.24gliwice.pl\/wiadomosci\/wp-content\/uploads\/2025\/04\/tarnogorska-droga-rowerowa-michalowskiego.jpg","width":810,"height":456},{"@type":"BreadcrumbList","@id":"https:\/\/www.24gliwice.pl\/wiadomosci\/na-ulicy-tarnogorskiej-zmieni-sie-organizacja-ruchu-powstana-pasy-rowerowe-w-obu-kierunkach\/#breadcrumb","itemListElement":[{"@type":"ListItem","position":1,"name":"Strona g\u0142\u00f3wna","item":"https:\/\/www.24gliwice.pl\/wiadomosci\/"},{"@type":"ListItem","position":2,"name":"Na ulicy Tarnog\u00f3rskiej zmieni si\u0119 organizacja ruchu. Powstan\u0105 pasy rowerowe w obu kierunkach"}]},{"@type":"WebSite","@id":"https:\/\/www.24gliwice.pl\/wiadomosci\/#website","url":"https:\/\/www.24gliwice.pl\/wiadomosci\/","name":"24GLIWICE - Portal Gliwice | codziennie nowe wiadomo\u015bci","description":"Portal Miejski Gliwice","publisher":{"@id":"https:\/\/www.24gliwice.pl\/wiadomosci\/#organization"},"potentialAction":[{"@type":"SearchAction","target":{"@type":"EntryPoint","urlTemplate":"https:\/\/www.24gliwice.pl\/wiadomosci\/?s={search_term_string}"},"query-input":{"@type":"PropertyValueSpecification","valueRequired":true,"valueName":"search_term_string"}}],"inLanguage":"pl-PL"},{"@type":"Organization","@id":"https:\/\/www.24gliwice.pl\/wiadomosci\/#organization","name":"24gliwice","url":"https:\/\/www.24gliwice.pl\/wiadomosci\/","logo":{"@type":"ImageObject","inLanguage":"pl-PL","@id":"https:\/\/www.24gliwice.pl\/wiadomosci\/#\/schema\/logo\/image\/","url":"https:\/\/www.24gliwice.pl\/wiadomosci\/wp-content\/uploads\/2024\/10\/24gliwice-logo-696.jpg","contentUrl":"https:\/\/www.24gliwice.pl\/wiadomosci\/wp-content\/uploads\/2024\/10\/24gliwice-logo-696.jpg","width":696,"height":696,"caption":"24gliwice"},"image":{"@id":"https:\/\/www.24gliwice.pl\/wiadomosci\/#\/schema\/logo\/image\/"},"sameAs":["https:\/\/www.facebook.com\/24gliwice","https:\/\/x.com\/24gliwice","https:\/\/www.youtube.com\/@24gliwice"]},{"@type":"Person","@id":"https:\/\/www.24gliwice.pl\/wiadomosci\/#\/schema\/person\/e42c650edd7f2fa332be3811fb166b6e","name":"\u017baneta Mrozek-Siewierska","image":{"@type":"ImageObject","inLanguage":"pl-PL","@id":"https:\/\/secure.gravatar.com\/avatar\/1881429e9c64597c77ad7aef2d0a19be69a3253e57534d16aa15bf3a4d34a0a3?s=96&d=mm&r=g","url":"https:\/\/secure.gravatar.com\/avatar\/1881429e9c64597c77ad7aef2d0a19be69a3253e57534d16aa15bf3a4d34a0a3?s=96&d=mm&r=g","contentUrl":"https:\/\/secure.gravatar.com\/avatar\/1881429e9c64597c77ad7aef2d0a19be69a3253e57534d16aa15bf3a4d34a0a3?s=96&d=mm&r=g","caption":"\u017baneta Mrozek-Siewierska"},"url":"https:\/\/www.24gliwice.pl\/wiadomosci\/author\/zms\/"}]}},"_links":{"self":[{"href":"https:\/\/www.24gliwice.pl\/wiadomosci\/wp-json\/wp\/v2\/posts\/253502","targetHints":{"allow":["GET"]}}],"collection":[{"href":"https:\/\/www.24gliwice.pl\/wiadomosci\/wp-json\/wp\/v2\/posts"}],"about":[{"href":"https:\/\/www.24gliwice.pl\/wiadomosci\/wp-json\/wp\/v2\/types\/post"}],"author":[{"embeddable":true,"href":"https:\/\/www.24gliwice.pl\/wiadomosci\/wp-json\/wp\/v2\/users\/15"}],"replies":[{"embeddable":true,"href":"https:\/\/www.24gliwice.pl\/wiadomosci\/wp-json\/wp\/v2\/comments?post=253502"}],"version-history":[{"count":0,"href":"https:\/\/www.24gliwice.pl\/wiadomosci\/wp-json\/wp\/v2\/posts\/253502\/revisions"}],"wp:featuredmedia":[{"embeddable":true,"href":"https:\/\/www.24gliwice.pl\/wiadomosci\/wp-json\/wp\/v2\/media\/253520"}],"wp:attachment":[{"href":"https:\/\/www.24gliwice.pl\/wiadomosci\/wp-json\/wp\/v2\/media?parent=253502"}],"wp:term":[{"taxonomy":"category","embeddable":true,"href":"https:\/\/www.24gliwice.pl\/wiadomosci\/wp-json\/wp\/v2\/categories?post=253502"},{"taxonomy":"post_tag","embeddable":true,"href":"https:\/\/www.24gliwice.pl\/wiadomosci\/wp-json\/wp\/v2\/tags?post=253502"}],"curies":[{"name":"wp","href":"https:\/\/api.w.org\/{rel}","templated":true}]}}