{"id":253725,"date":"2025-05-06T18:19:03","date_gmt":"2025-05-06T16:19:03","guid":{"rendered":"https:\/\/www.24gliwice.pl\/wiadomosci\/?p=253725"},"modified":"2025-05-06T18:19:03","modified_gmt":"2025-05-06T16:19:03","slug":"wyloniono-dzierzawce-okraglaka-przy-placu-grunwaldzkim-umowa-zostanie-zawarta-na-10-lat","status":"publish","type":"post","link":"https:\/\/www.24gliwice.pl\/wiadomosci\/wyloniono-dzierzawce-okraglaka-przy-placu-grunwaldzkim-umowa-zostanie-zawarta-na-10-lat\/","title":{"rendered":"Wy\u0142oniono dzier\u017cawc\u0119 &#8220;Okr\u0105glaka&#8221; przy placu Grunwaldzkim. Umowa zostanie zawarta na 10 lat"},"content":{"rendered":"<div class=\"gliwi-a6-nad-leadem-artykulow gliwi-entity-placement\" id=\"gliwi-4066797745\"><div class=\"gliwi-adlabel\"><span style=\"font-size: 9px\">REKLAMA<\/span><\/div><div id=\"gliwi-233580277\" style=\"margin-bottom: 25px;margin-left: auto;margin-right: auto;text-align: center;\"><a data-no-instant=\"1\" href=\"https:\/\/dom100.eu\/\" rel=\"noopener\" class=\"a2t-link\" target=\"_blank\" aria-label=\"20260415 DOM100 D\"><img loading=\"lazy\" decoding=\"async\" src=\"https:\/\/www.24gliwice.pl\/wiadomosci\/wp-content\/uploads\/2026\/04\/20260415-DOM100-D.jpg\" alt=\"\"  srcset=\"https:\/\/www.24gliwice.pl\/wiadomosci\/wp-content\/uploads\/2026\/04\/20260415-DOM100-D.jpg 750w, https:\/\/www.24gliwice.pl\/wiadomosci\/wp-content\/uploads\/2026\/04\/20260415-DOM100-D-410x109.jpg 410w\" sizes=\"(max-width: 750px) 100vw, 750px\" class=\"no-lazyload\" width=\"750\" height=\"200\"  style=\"display: inline-block; max-width: 100%; height: auto;\" \/><\/a><\/div><\/div><h2>Wy\u0142oniono dzier\u017cawc\u0119 &#8220;Okr\u0105glaka&#8221; przy placu Grunwaldzkim. Firma Eclipse 2, z siedzib\u0105 w Gliwicach, b\u0119dzie zarz\u0105dza\u0107 obiektem przez kolejnych 10 lat, za co zap\u0142aci 8,6 tys. z\u0142 miesi\u0119cznie.<\/h2>\n<p><!--more--><\/p>\n<p>Przetarg dotyczy\u0142 najmu nieruchomo\u015bci obejmuj\u0105cej budynek \u201eOkr\u0105glaka\u201d oraz cz\u0119\u015bci dzia\u0142ki o powierzchni 769 m2. O mo\u017cliwo\u015b\u0107 prowadzenia dzia\u0142alno\u015bci gastronomicznej z elementami kultury stara\u0142o si\u0119 dw\u00f3ch oferent\u00f3w. Boles\u0142aw Bujakowski oferowa\u0142 miesi\u0119czny czynsz na poziomie blisko 5,8 tys. z\u0142 i darmowe udost\u0119pnianie lokalu Radzie Dzielnicy, Bibliotece oraz organizacjom pozarz\u0105dowym. <\/p>\n<p><a href=\"https:\/\/www.24gliwice.pl\/wiadomosci\/wp-content\/uploads\/2025\/05\/Zrzut-ekranu-2025-05-06-144411.jpg\"><img loading=\"lazy\" decoding=\"async\" src=\"https:\/\/www.24gliwice.pl\/wiadomosci\/wp-content\/uploads\/2025\/05\/Zrzut-ekranu-2025-05-06-144411.jpg\" alt=\"\" width=\"810\" height=\"383\" class=\"alignnone size-full wp-image-253726\" srcset=\"https:\/\/www.24gliwice.pl\/wiadomosci\/wp-content\/uploads\/2025\/05\/Zrzut-ekranu-2025-05-06-144411.jpg 810w, https:\/\/www.24gliwice.pl\/wiadomosci\/wp-content\/uploads\/2025\/05\/Zrzut-ekranu-2025-05-06-144411-410x194.jpg 410w, https:\/\/www.24gliwice.pl\/wiadomosci\/wp-content\/uploads\/2025\/05\/Zrzut-ekranu-2025-05-06-144411-768x363.jpg 768w\" sizes=\"auto, (max-width: 810px) 100vw, 810px\" \/><\/a><\/p>\n<p>Konkurencyjn\u0105 ofert\u0119 z\u0142o\u017cy\u0142a sp\u00f3\u0142ka ECLIPSE 2, kt\u00f3ra gotowa by\u0142a p\u0142aci\u0107 8,6 tys. z\u0142 miesi\u0119cznie, za\u015b godzina korzystania z pomieszcze\u0144 wyceniona zosta\u0142a na symboliczn\u0105 z\u0142ot\u00f3wk\u0119. Wybrana zosta\u0142a oczywi\u015bcie propozycja z wy\u017csz\u0105 op\u0142at\u0105 czynszow\u0105. <\/p><div class=\"gliwi-a3-w-tresci-artykulow gliwi-entity-placement\" id=\"gliwi-4156356347\"><div class=\"gliwi-adlabel\"><span style=\"font-size: 9px\">REKLAMA<\/span><\/div><div id=\"gliwi-3770104252\" style=\"margin-bottom: 30px;margin-left: auto;margin-right: auto;text-align: center;\"><a data-no-instant=\"1\" href=\"https:\/\/zlobek.halogen.org.pl\/\" rel=\"noopener\" class=\"a2t-link\" target=\"_blank\" aria-label=\"animator-zlobek_750x200\"><img loading=\"lazy\" decoding=\"async\" src=\"https:\/\/www.24gliwice.pl\/wiadomosci\/wp-content\/uploads\/2026\/02\/animator-zlobek_750x200.webp\" alt=\"\"  srcset=\"https:\/\/www.24gliwice.pl\/wiadomosci\/wp-content\/uploads\/2026\/02\/animator-zlobek_750x200.webp 750w, https:\/\/www.24gliwice.pl\/wiadomosci\/wp-content\/uploads\/2026\/02\/animator-zlobek_750x200-410x109.webp 410w\" sizes=\"(max-width: 750px) 100vw, 750px\" class=\"no-lazyload\" width=\"750\" height=\"200\"  style=\"display: inline-block; max-width: 100%; height: auto;\" \/><\/a><\/div><\/div>\n<h4>Do momentu rozpocz\u0119cia dzia\u0142alno\u015bci, przez okres adaptacji nieruchomo\u015bci, najemca b\u0119dzie zwolniony z miesi\u0119cznej op\u0142aty czynszowej, ale na okres nie d\u0142u\u017cszy ni\u017c 3 miesi\u0105ce. <\/h4>\n<p>Przypomnijmy dwukondygnacyjny obiekt od ubieg\u0142orocznych wakacji jest w trakcie budowy. Zostanie wyposa\u017cony w niezb\u0119dne instalacje. Znajd\u0105 si\u0119 w nim przestrzenie konsumpcyjne na parterze i antresoli, kuchnia, bar, toaleta i pomieszczenia gospodarcze. <\/p>\n<p><a href=\"https:\/\/www.24gliwice.pl\/wiadomosci\/wp-content\/uploads\/2025\/05\/okraglak4.jpg\"><img loading=\"lazy\" decoding=\"async\" src=\"https:\/\/www.24gliwice.pl\/wiadomosci\/wp-content\/uploads\/2025\/05\/okraglak4.jpg\" alt=\"\" width=\"810\" height=\"457\" class=\"alignnone size-full wp-image-253730\" srcset=\"https:\/\/www.24gliwice.pl\/wiadomosci\/wp-content\/uploads\/2025\/05\/okraglak4.jpg 810w, https:\/\/www.24gliwice.pl\/wiadomosci\/wp-content\/uploads\/2025\/05\/okraglak4-410x232.jpg 410w, https:\/\/www.24gliwice.pl\/wiadomosci\/wp-content\/uploads\/2025\/05\/okraglak4-806x455.jpg 806w, https:\/\/www.24gliwice.pl\/wiadomosci\/wp-content\/uploads\/2025\/05\/okraglak4-768x433.jpg 768w\" sizes=\"auto, (max-width: 810px) 100vw, 810px\" \/><\/a><\/p>\n<p><a href=\"https:\/\/www.24gliwice.pl\/wiadomosci\/wp-content\/uploads\/2025\/05\/okraglak.jpg\"><img loading=\"lazy\" decoding=\"async\" src=\"https:\/\/www.24gliwice.pl\/wiadomosci\/wp-content\/uploads\/2025\/05\/okraglak.jpg\" alt=\"\" width=\"810\" height=\"456\" class=\"alignnone size-full wp-image-253727\" srcset=\"https:\/\/www.24gliwice.pl\/wiadomosci\/wp-content\/uploads\/2025\/05\/okraglak.jpg 810w, https:\/\/www.24gliwice.pl\/wiadomosci\/wp-content\/uploads\/2025\/05\/okraglak-410x232.jpg 410w, https:\/\/www.24gliwice.pl\/wiadomosci\/wp-content\/uploads\/2025\/05\/okraglak-808x455.jpg 808w, https:\/\/www.24gliwice.pl\/wiadomosci\/wp-content\/uploads\/2025\/05\/okraglak-768x432.jpg 768w\" sizes=\"auto, (max-width: 810px) 100vw, 810px\" \/><\/a><\/p>\n<p><a href=\"https:\/\/www.24gliwice.pl\/wiadomosci\/wp-content\/uploads\/2025\/05\/okraglak2.jpg\"><img loading=\"lazy\" decoding=\"async\" src=\"https:\/\/www.24gliwice.pl\/wiadomosci\/wp-content\/uploads\/2025\/05\/okraglak2.jpg\" alt=\"\" width=\"810\" height=\"457\" class=\"alignnone size-full wp-image-253728\" srcset=\"https:\/\/www.24gliwice.pl\/wiadomosci\/wp-content\/uploads\/2025\/05\/okraglak2.jpg 810w, https:\/\/www.24gliwice.pl\/wiadomosci\/wp-content\/uploads\/2025\/05\/okraglak2-410x232.jpg 410w, https:\/\/www.24gliwice.pl\/wiadomosci\/wp-content\/uploads\/2025\/05\/okraglak2-806x455.jpg 806w, https:\/\/www.24gliwice.pl\/wiadomosci\/wp-content\/uploads\/2025\/05\/okraglak2-768x433.jpg 768w\" sizes=\"auto, (max-width: 810px) 100vw, 810px\" \/><\/a><\/p>\n<p>Okr\u0105glak powstaje w otoczeniu parkowej zieleni, blisko centrum miasta, w miejscu ch\u0119tnie odwiedzanym przez gliwiczan. Tworzony jest na planie o\u015bmiok\u0105ta o powierzchni oko\u0142o 270 m\u00b2, z du\u017cymi przeszkleniami, dzi\u0119ki kt\u00f3rym b\u0119dzie naturalnie wsp\u00f3\u0142gra\u0142 z otoczeniem. W sezonie letnim dodatkow\u0105 atrakcj\u0105 b\u0119d\u0105 zadaszone podcienia ze stolikami, kt\u00f3re stan\u0105 si\u0119 przed\u0142u\u017ceniem g\u0142\u00f3wnej sali konsumpcyjnej. Obiekt b\u0119dzie dostosowany do potrzeb os\u00f3b z niepe\u0142nosprawno\u015bciami. Starannie zagospodarowane zostanie tak\u017ce jego otoczenie. <\/p>\n<p>(\u017cms)\/UM Gliwice(mf\/al)<\/p>\n<div class=\"gliwi-a5-na-koncu-artykulow gliwi-entity-placement\" id=\"gliwi-2791168601\"><div class=\"gliwi-adlabel\"><span style=\"font-size: 9px\">REKLAMA<\/span><\/div><div id=\"gliwi-2341870704\" style=\"margin-left: auto;margin-right: auto;text-align: center;\"><a data-no-instant=\"1\" href=\"https:\/\/prezeroarenagliwice.pl\/\" rel=\"noopener\" class=\"a2t-link\" target=\"_blank\" aria-label=\"20260309-PREZERO-WIOSNA-D\"><img loading=\"lazy\" decoding=\"async\" src=\"https:\/\/www.24gliwice.pl\/wiadomosci\/wp-content\/uploads\/2026\/03\/20260309-PREZERO-WIOSNA-D.webp\" alt=\"\"  srcset=\"https:\/\/www.24gliwice.pl\/wiadomosci\/wp-content\/uploads\/2026\/03\/20260309-PREZERO-WIOSNA-D.webp 750w, https:\/\/www.24gliwice.pl\/wiadomosci\/wp-content\/uploads\/2026\/03\/20260309-PREZERO-WIOSNA-D-410x109.webp 410w\" sizes=\"(max-width: 750px) 100vw, 750px\" class=\"no-lazyload\" width=\"750\" height=\"200\"  style=\"display: inline-block; max-width: 100%; height: auto;\" \/><\/a><\/div><\/div>","protected":false},"excerpt":{"rendered":"<p>Wy\u0142oniono dzier\u017cawc\u0119 &#8220;Okr\u0105glaka&#8221; przy placu Grunwaldzkim. Firma Eclipse 2, z siedzib\u0105 w Gliwicach, b\u0119dzie zarz\u0105dza\u0107 obiektem przez kolejnych 10 lat, za co zap\u0142aci 8,6 tys. z\u0142 miesi\u0119cznie.<\/p>\n","protected":false},"author":15,"featured_media":253729,"comment_status":"open","ping_status":"closed","sticky":false,"template":"","format":"standard","meta":{"_monsterinsights_skip_tracking":false,"_monsterinsights_sitenote_active":false,"_monsterinsights_sitenote_note":"","_monsterinsights_sitenote_category":0,"footnotes":"","_links_to":"","_links_to_target":""},"categories":[3,6,1,9],"tags":[5448,3660],"class_list":["post-253725","post","type-post","status-publish","format-standard","has-post-thumbnail","hentry","category-gliwice","category-kultura","category-wszystko","category-aktualnosci_lokalne","tag-dzierzawa","tag-okraglak"],"yoast_head":"<!-- This site is optimized with the Yoast SEO plugin v27.5 - https:\/\/yoast.com\/product\/yoast-seo-wordpress\/ -->\n<title>Wy\u0142oniono dzier\u017cawc\u0119 &quot;Okr\u0105glaka&quot; przy placu Grunwaldzkim. Umowa zostanie zawarta na 10 lat - 24GLIWICE - Portal Gliwice | codziennie nowe informacje<\/title>\n<meta name=\"description\" content=\"Sp\u00f3\u0142ka Eclipse2 wydzier\u017cawi Okr\u0105glaka przy placu Grunwaldzkim. Przez 10 lat b\u0119dzie wnosi\u0107 op\u0142at\u0119 rz\u0119du 8,6 tys. z\u0142\" \/>\n<meta name=\"robots\" content=\"index, follow, max-snippet:-1, max-image-preview:large, max-video-preview:-1\" \/>\n<link rel=\"canonical\" href=\"https:\/\/www.24gliwice.pl\/wiadomosci\/wyloniono-dzierzawce-okraglaka-przy-placu-grunwaldzkim-umowa-zostanie-zawarta-na-10-lat\/\" \/>\n<meta property=\"og:locale\" content=\"pl_PL\" \/>\n<meta property=\"og:type\" content=\"article\" \/>\n<meta property=\"og:title\" content=\"Wy\u0142oniono dzier\u017cawc\u0119 &quot;Okr\u0105glaka&quot; przy placu Grunwaldzkim. Umowa zostanie zawarta na 10 lat - 24GLIWICE - Portal Gliwice | codziennie nowe informacje\" \/>\n<meta property=\"og:description\" content=\"Sp\u00f3\u0142ka Eclipse2 wydzier\u017cawi Okr\u0105glaka przy placu Grunwaldzkim. Przez 10 lat b\u0119dzie wnosi\u0107 op\u0142at\u0119 rz\u0119du 8,6 tys. z\u0142\" \/>\n<meta property=\"og:url\" content=\"https:\/\/www.24gliwice.pl\/wiadomosci\/wyloniono-dzierzawce-okraglaka-przy-placu-grunwaldzkim-umowa-zostanie-zawarta-na-10-lat\/\" \/>\n<meta property=\"og:site_name\" content=\"24GLIWICE - Portal Gliwice | codziennie nowe informacje\" \/>\n<meta property=\"article:publisher\" content=\"https:\/\/www.facebook.com\/24gliwice\" \/>\n<meta property=\"article:published_time\" content=\"2025-05-06T16:19:03+00:00\" \/>\n<meta property=\"og:image\" content=\"https:\/\/www.24gliwice.pl\/wiadomosci\/wp-content\/uploads\/2025\/05\/okraglak3.jpg\" \/>\n\t<meta property=\"og:image:width\" content=\"810\" \/>\n\t<meta property=\"og:image:height\" content=\"457\" \/>\n\t<meta property=\"og:image:type\" content=\"image\/jpeg\" \/>\n<meta name=\"author\" content=\"\u017baneta Mrozek-Siewierska\" \/>\n<meta name=\"twitter:card\" content=\"summary_large_image\" \/>\n<meta name=\"twitter:creator\" content=\"@24gliwice\" \/>\n<meta name=\"twitter:site\" content=\"@24gliwice\" \/>\n<meta name=\"twitter:label1\" content=\"Napisane przez\" \/>\n\t<meta name=\"twitter:data1\" content=\"\u017baneta Mrozek-Siewierska\" \/>\n\t<meta name=\"twitter:label2\" content=\"Szacowany czas czytania\" \/>\n\t<meta name=\"twitter:data2\" content=\"3 minuty\" \/>\n<script type=\"application\/ld+json\" class=\"yoast-schema-graph\">{\"@context\":\"https:\\\/\\\/schema.org\",\"@graph\":[{\"@type\":\"Article\",\"@id\":\"https:\\\/\\\/www.24gliwice.pl\\\/wiadomosci\\\/wyloniono-dzierzawce-okraglaka-przy-placu-grunwaldzkim-umowa-zostanie-zawarta-na-10-lat\\\/#article\",\"isPartOf\":{\"@id\":\"https:\\\/\\\/www.24gliwice.pl\\\/wiadomosci\\\/wyloniono-dzierzawce-okraglaka-przy-placu-grunwaldzkim-umowa-zostanie-zawarta-na-10-lat\\\/\"},\"author\":{\"name\":\"\u017baneta Mrozek-Siewierska\",\"@id\":\"https:\\\/\\\/www.24gliwice.pl\\\/wiadomosci\\\/#\\\/schema\\\/person\\\/e42c650edd7f2fa332be3811fb166b6e\"},\"headline\":\"Wy\u0142oniono dzier\u017cawc\u0119 &#8220;Okr\u0105glaka&#8221; przy placu Grunwaldzkim. Umowa zostanie zawarta na 10 lat\",\"datePublished\":\"2025-05-06T16:19:03+00:00\",\"mainEntityOfPage\":{\"@id\":\"https:\\\/\\\/www.24gliwice.pl\\\/wiadomosci\\\/wyloniono-dzierzawce-okraglaka-przy-placu-grunwaldzkim-umowa-zostanie-zawarta-na-10-lat\\\/\"},\"wordCount\":306,\"commentCount\":29,\"publisher\":{\"@id\":\"https:\\\/\\\/www.24gliwice.pl\\\/wiadomosci\\\/#organization\"},\"image\":{\"@id\":\"https:\\\/\\\/www.24gliwice.pl\\\/wiadomosci\\\/wyloniono-dzierzawce-okraglaka-przy-placu-grunwaldzkim-umowa-zostanie-zawarta-na-10-lat\\\/#primaryimage\"},\"thumbnailUrl\":\"https:\\\/\\\/www.24gliwice.pl\\\/wiadomosci\\\/wp-content\\\/uploads\\\/2025\\\/05\\\/okraglak3.jpg\",\"keywords\":[\"dzier\u017cawa\",\"OKR\u0104GLAK\"],\"articleSection\":[\"Gliwice\",\"Kultura, wydarzenia, imprezy\",\"Najnowsze wiadomo\u015bci\",\"Portal Gliwice - Wiadomo\u015bci lokalne\"],\"inLanguage\":\"pl-PL\",\"potentialAction\":[{\"@type\":\"CommentAction\",\"name\":\"Comment\",\"target\":[\"https:\\\/\\\/www.24gliwice.pl\\\/wiadomosci\\\/wyloniono-dzierzawce-okraglaka-przy-placu-grunwaldzkim-umowa-zostanie-zawarta-na-10-lat\\\/#respond\"]}]},{\"@type\":\"WebPage\",\"@id\":\"https:\\\/\\\/www.24gliwice.pl\\\/wiadomosci\\\/wyloniono-dzierzawce-okraglaka-przy-placu-grunwaldzkim-umowa-zostanie-zawarta-na-10-lat\\\/\",\"url\":\"https:\\\/\\\/www.24gliwice.pl\\\/wiadomosci\\\/wyloniono-dzierzawce-okraglaka-przy-placu-grunwaldzkim-umowa-zostanie-zawarta-na-10-lat\\\/\",\"name\":\"Wy\u0142oniono dzier\u017cawc\u0119 \\\"Okr\u0105glaka\\\" przy placu Grunwaldzkim. Umowa zostanie zawarta na 10 lat - 24GLIWICE - Portal Gliwice | codziennie nowe informacje\",\"isPartOf\":{\"@id\":\"https:\\\/\\\/www.24gliwice.pl\\\/wiadomosci\\\/#website\"},\"primaryImageOfPage\":{\"@id\":\"https:\\\/\\\/www.24gliwice.pl\\\/wiadomosci\\\/wyloniono-dzierzawce-okraglaka-przy-placu-grunwaldzkim-umowa-zostanie-zawarta-na-10-lat\\\/#primaryimage\"},\"image\":{\"@id\":\"https:\\\/\\\/www.24gliwice.pl\\\/wiadomosci\\\/wyloniono-dzierzawce-okraglaka-przy-placu-grunwaldzkim-umowa-zostanie-zawarta-na-10-lat\\\/#primaryimage\"},\"thumbnailUrl\":\"https:\\\/\\\/www.24gliwice.pl\\\/wiadomosci\\\/wp-content\\\/uploads\\\/2025\\\/05\\\/okraglak3.jpg\",\"datePublished\":\"2025-05-06T16:19:03+00:00\",\"description\":\"Sp\u00f3\u0142ka Eclipse2 wydzier\u017cawi Okr\u0105glaka przy placu Grunwaldzkim. Przez 10 lat b\u0119dzie wnosi\u0107 op\u0142at\u0119 rz\u0119du 8,6 tys. z\u0142\",\"breadcrumb\":{\"@id\":\"https:\\\/\\\/www.24gliwice.pl\\\/wiadomosci\\\/wyloniono-dzierzawce-okraglaka-przy-placu-grunwaldzkim-umowa-zostanie-zawarta-na-10-lat\\\/#breadcrumb\"},\"inLanguage\":\"pl-PL\",\"potentialAction\":[{\"@type\":\"ReadAction\",\"target\":[\"https:\\\/\\\/www.24gliwice.pl\\\/wiadomosci\\\/wyloniono-dzierzawce-okraglaka-przy-placu-grunwaldzkim-umowa-zostanie-zawarta-na-10-lat\\\/\"]}]},{\"@type\":\"ImageObject\",\"inLanguage\":\"pl-PL\",\"@id\":\"https:\\\/\\\/www.24gliwice.pl\\\/wiadomosci\\\/wyloniono-dzierzawce-okraglaka-przy-placu-grunwaldzkim-umowa-zostanie-zawarta-na-10-lat\\\/#primaryimage\",\"url\":\"https:\\\/\\\/www.24gliwice.pl\\\/wiadomosci\\\/wp-content\\\/uploads\\\/2025\\\/05\\\/okraglak3.jpg\",\"contentUrl\":\"https:\\\/\\\/www.24gliwice.pl\\\/wiadomosci\\\/wp-content\\\/uploads\\\/2025\\\/05\\\/okraglak3.jpg\",\"width\":810,\"height\":457},{\"@type\":\"BreadcrumbList\",\"@id\":\"https:\\\/\\\/www.24gliwice.pl\\\/wiadomosci\\\/wyloniono-dzierzawce-okraglaka-przy-placu-grunwaldzkim-umowa-zostanie-zawarta-na-10-lat\\\/#breadcrumb\",\"itemListElement\":[{\"@type\":\"ListItem\",\"position\":1,\"name\":\"Strona g\u0142\u00f3wna\",\"item\":\"https:\\\/\\\/www.24gliwice.pl\\\/wiadomosci\\\/\"},{\"@type\":\"ListItem\",\"position\":2,\"name\":\"Wy\u0142oniono dzier\u017cawc\u0119 &#8220;Okr\u0105glaka&#8221; przy placu Grunwaldzkim. Umowa zostanie zawarta na 10 lat\"}]},{\"@type\":\"WebSite\",\"@id\":\"https:\\\/\\\/www.24gliwice.pl\\\/wiadomosci\\\/#website\",\"url\":\"https:\\\/\\\/www.24gliwice.pl\\\/wiadomosci\\\/\",\"name\":\"24GLIWICE - Portal Gliwice | codziennie nowe wiadomo\u015bci\",\"description\":\"Portal Miejski Gliwice\",\"publisher\":{\"@id\":\"https:\\\/\\\/www.24gliwice.pl\\\/wiadomosci\\\/#organization\"},\"potentialAction\":[{\"@type\":\"SearchAction\",\"target\":{\"@type\":\"EntryPoint\",\"urlTemplate\":\"https:\\\/\\\/www.24gliwice.pl\\\/wiadomosci\\\/?s={search_term_string}\"},\"query-input\":{\"@type\":\"PropertyValueSpecification\",\"valueRequired\":true,\"valueName\":\"search_term_string\"}}],\"inLanguage\":\"pl-PL\"},{\"@type\":\"Organization\",\"@id\":\"https:\\\/\\\/www.24gliwice.pl\\\/wiadomosci\\\/#organization\",\"name\":\"24gliwice\",\"url\":\"https:\\\/\\\/www.24gliwice.pl\\\/wiadomosci\\\/\",\"logo\":{\"@type\":\"ImageObject\",\"inLanguage\":\"pl-PL\",\"@id\":\"https:\\\/\\\/www.24gliwice.pl\\\/wiadomosci\\\/#\\\/schema\\\/logo\\\/image\\\/\",\"url\":\"https:\\\/\\\/www.24gliwice.pl\\\/wiadomosci\\\/wp-content\\\/uploads\\\/2024\\\/10\\\/24gliwice-logo-696.jpg\",\"contentUrl\":\"https:\\\/\\\/www.24gliwice.pl\\\/wiadomosci\\\/wp-content\\\/uploads\\\/2024\\\/10\\\/24gliwice-logo-696.jpg\",\"width\":696,\"height\":696,\"caption\":\"24gliwice\"},\"image\":{\"@id\":\"https:\\\/\\\/www.24gliwice.pl\\\/wiadomosci\\\/#\\\/schema\\\/logo\\\/image\\\/\"},\"sameAs\":[\"https:\\\/\\\/www.facebook.com\\\/24gliwice\",\"https:\\\/\\\/x.com\\\/24gliwice\",\"https:\\\/\\\/www.youtube.com\\\/@24gliwice\"]},{\"@type\":\"Person\",\"@id\":\"https:\\\/\\\/www.24gliwice.pl\\\/wiadomosci\\\/#\\\/schema\\\/person\\\/e42c650edd7f2fa332be3811fb166b6e\",\"name\":\"\u017baneta Mrozek-Siewierska\",\"image\":{\"@type\":\"ImageObject\",\"inLanguage\":\"pl-PL\",\"@id\":\"https:\\\/\\\/secure.gravatar.com\\\/avatar\\\/1881429e9c64597c77ad7aef2d0a19be69a3253e57534d16aa15bf3a4d34a0a3?s=96&d=mm&r=g\",\"url\":\"https:\\\/\\\/secure.gravatar.com\\\/avatar\\\/1881429e9c64597c77ad7aef2d0a19be69a3253e57534d16aa15bf3a4d34a0a3?s=96&d=mm&r=g\",\"contentUrl\":\"https:\\\/\\\/secure.gravatar.com\\\/avatar\\\/1881429e9c64597c77ad7aef2d0a19be69a3253e57534d16aa15bf3a4d34a0a3?s=96&d=mm&r=g\",\"caption\":\"\u017baneta Mrozek-Siewierska\"},\"url\":\"https:\\\/\\\/www.24gliwice.pl\\\/wiadomosci\\\/author\\\/zms\\\/\"}]}<\/script>\n<!-- \/ Yoast SEO plugin. -->","yoast_head_json":{"title":"Wy\u0142oniono dzier\u017cawc\u0119 \"Okr\u0105glaka\" przy placu Grunwaldzkim. Umowa zostanie zawarta na 10 lat - 24GLIWICE - Portal Gliwice | codziennie nowe informacje","description":"Sp\u00f3\u0142ka Eclipse2 wydzier\u017cawi Okr\u0105glaka przy placu Grunwaldzkim. Przez 10 lat b\u0119dzie wnosi\u0107 op\u0142at\u0119 rz\u0119du 8,6 tys. z\u0142","robots":{"index":"index","follow":"follow","max-snippet":"max-snippet:-1","max-image-preview":"max-image-preview:large","max-video-preview":"max-video-preview:-1"},"canonical":"https:\/\/www.24gliwice.pl\/wiadomosci\/wyloniono-dzierzawce-okraglaka-przy-placu-grunwaldzkim-umowa-zostanie-zawarta-na-10-lat\/","og_locale":"pl_PL","og_type":"article","og_title":"Wy\u0142oniono dzier\u017cawc\u0119 \"Okr\u0105glaka\" przy placu Grunwaldzkim. Umowa zostanie zawarta na 10 lat - 24GLIWICE - Portal Gliwice | codziennie nowe informacje","og_description":"Sp\u00f3\u0142ka Eclipse2 wydzier\u017cawi Okr\u0105glaka przy placu Grunwaldzkim. Przez 10 lat b\u0119dzie wnosi\u0107 op\u0142at\u0119 rz\u0119du 8,6 tys. z\u0142","og_url":"https:\/\/www.24gliwice.pl\/wiadomosci\/wyloniono-dzierzawce-okraglaka-przy-placu-grunwaldzkim-umowa-zostanie-zawarta-na-10-lat\/","og_site_name":"24GLIWICE - Portal Gliwice | codziennie nowe informacje","article_publisher":"https:\/\/www.facebook.com\/24gliwice","article_published_time":"2025-05-06T16:19:03+00:00","og_image":[{"width":810,"height":457,"url":"https:\/\/www.24gliwice.pl\/wiadomosci\/wp-content\/uploads\/2025\/05\/okraglak3.jpg","type":"image\/jpeg"}],"author":"\u017baneta Mrozek-Siewierska","twitter_card":"summary_large_image","twitter_creator":"@24gliwice","twitter_site":"@24gliwice","twitter_misc":{"Napisane przez":"\u017baneta Mrozek-Siewierska","Szacowany czas czytania":"3 minuty"},"schema":{"@context":"https:\/\/schema.org","@graph":[{"@type":"Article","@id":"https:\/\/www.24gliwice.pl\/wiadomosci\/wyloniono-dzierzawce-okraglaka-przy-placu-grunwaldzkim-umowa-zostanie-zawarta-na-10-lat\/#article","isPartOf":{"@id":"https:\/\/www.24gliwice.pl\/wiadomosci\/wyloniono-dzierzawce-okraglaka-przy-placu-grunwaldzkim-umowa-zostanie-zawarta-na-10-lat\/"},"author":{"name":"\u017baneta Mrozek-Siewierska","@id":"https:\/\/www.24gliwice.pl\/wiadomosci\/#\/schema\/person\/e42c650edd7f2fa332be3811fb166b6e"},"headline":"Wy\u0142oniono dzier\u017cawc\u0119 &#8220;Okr\u0105glaka&#8221; przy placu Grunwaldzkim. Umowa zostanie zawarta na 10 lat","datePublished":"2025-05-06T16:19:03+00:00","mainEntityOfPage":{"@id":"https:\/\/www.24gliwice.pl\/wiadomosci\/wyloniono-dzierzawce-okraglaka-przy-placu-grunwaldzkim-umowa-zostanie-zawarta-na-10-lat\/"},"wordCount":306,"commentCount":29,"publisher":{"@id":"https:\/\/www.24gliwice.pl\/wiadomosci\/#organization"},"image":{"@id":"https:\/\/www.24gliwice.pl\/wiadomosci\/wyloniono-dzierzawce-okraglaka-przy-placu-grunwaldzkim-umowa-zostanie-zawarta-na-10-lat\/#primaryimage"},"thumbnailUrl":"https:\/\/www.24gliwice.pl\/wiadomosci\/wp-content\/uploads\/2025\/05\/okraglak3.jpg","keywords":["dzier\u017cawa","OKR\u0104GLAK"],"articleSection":["Gliwice","Kultura, wydarzenia, imprezy","Najnowsze wiadomo\u015bci","Portal Gliwice - Wiadomo\u015bci lokalne"],"inLanguage":"pl-PL","potentialAction":[{"@type":"CommentAction","name":"Comment","target":["https:\/\/www.24gliwice.pl\/wiadomosci\/wyloniono-dzierzawce-okraglaka-przy-placu-grunwaldzkim-umowa-zostanie-zawarta-na-10-lat\/#respond"]}]},{"@type":"WebPage","@id":"https:\/\/www.24gliwice.pl\/wiadomosci\/wyloniono-dzierzawce-okraglaka-przy-placu-grunwaldzkim-umowa-zostanie-zawarta-na-10-lat\/","url":"https:\/\/www.24gliwice.pl\/wiadomosci\/wyloniono-dzierzawce-okraglaka-przy-placu-grunwaldzkim-umowa-zostanie-zawarta-na-10-lat\/","name":"Wy\u0142oniono dzier\u017cawc\u0119 \"Okr\u0105glaka\" przy placu Grunwaldzkim. Umowa zostanie zawarta na 10 lat - 24GLIWICE - Portal Gliwice | codziennie nowe informacje","isPartOf":{"@id":"https:\/\/www.24gliwice.pl\/wiadomosci\/#website"},"primaryImageOfPage":{"@id":"https:\/\/www.24gliwice.pl\/wiadomosci\/wyloniono-dzierzawce-okraglaka-przy-placu-grunwaldzkim-umowa-zostanie-zawarta-na-10-lat\/#primaryimage"},"image":{"@id":"https:\/\/www.24gliwice.pl\/wiadomosci\/wyloniono-dzierzawce-okraglaka-przy-placu-grunwaldzkim-umowa-zostanie-zawarta-na-10-lat\/#primaryimage"},"thumbnailUrl":"https:\/\/www.24gliwice.pl\/wiadomosci\/wp-content\/uploads\/2025\/05\/okraglak3.jpg","datePublished":"2025-05-06T16:19:03+00:00","description":"Sp\u00f3\u0142ka Eclipse2 wydzier\u017cawi Okr\u0105glaka przy placu Grunwaldzkim. Przez 10 lat b\u0119dzie wnosi\u0107 op\u0142at\u0119 rz\u0119du 8,6 tys. z\u0142","breadcrumb":{"@id":"https:\/\/www.24gliwice.pl\/wiadomosci\/wyloniono-dzierzawce-okraglaka-przy-placu-grunwaldzkim-umowa-zostanie-zawarta-na-10-lat\/#breadcrumb"},"inLanguage":"pl-PL","potentialAction":[{"@type":"ReadAction","target":["https:\/\/www.24gliwice.pl\/wiadomosci\/wyloniono-dzierzawce-okraglaka-przy-placu-grunwaldzkim-umowa-zostanie-zawarta-na-10-lat\/"]}]},{"@type":"ImageObject","inLanguage":"pl-PL","@id":"https:\/\/www.24gliwice.pl\/wiadomosci\/wyloniono-dzierzawce-okraglaka-przy-placu-grunwaldzkim-umowa-zostanie-zawarta-na-10-lat\/#primaryimage","url":"https:\/\/www.24gliwice.pl\/wiadomosci\/wp-content\/uploads\/2025\/05\/okraglak3.jpg","contentUrl":"https:\/\/www.24gliwice.pl\/wiadomosci\/wp-content\/uploads\/2025\/05\/okraglak3.jpg","width":810,"height":457},{"@type":"BreadcrumbList","@id":"https:\/\/www.24gliwice.pl\/wiadomosci\/wyloniono-dzierzawce-okraglaka-przy-placu-grunwaldzkim-umowa-zostanie-zawarta-na-10-lat\/#breadcrumb","itemListElement":[{"@type":"ListItem","position":1,"name":"Strona g\u0142\u00f3wna","item":"https:\/\/www.24gliwice.pl\/wiadomosci\/"},{"@type":"ListItem","position":2,"name":"Wy\u0142oniono dzier\u017cawc\u0119 &#8220;Okr\u0105glaka&#8221; przy placu Grunwaldzkim. Umowa zostanie zawarta na 10 lat"}]},{"@type":"WebSite","@id":"https:\/\/www.24gliwice.pl\/wiadomosci\/#website","url":"https:\/\/www.24gliwice.pl\/wiadomosci\/","name":"24GLIWICE - Portal Gliwice | codziennie nowe wiadomo\u015bci","description":"Portal Miejski Gliwice","publisher":{"@id":"https:\/\/www.24gliwice.pl\/wiadomosci\/#organization"},"potentialAction":[{"@type":"SearchAction","target":{"@type":"EntryPoint","urlTemplate":"https:\/\/www.24gliwice.pl\/wiadomosci\/?s={search_term_string}"},"query-input":{"@type":"PropertyValueSpecification","valueRequired":true,"valueName":"search_term_string"}}],"inLanguage":"pl-PL"},{"@type":"Organization","@id":"https:\/\/www.24gliwice.pl\/wiadomosci\/#organization","name":"24gliwice","url":"https:\/\/www.24gliwice.pl\/wiadomosci\/","logo":{"@type":"ImageObject","inLanguage":"pl-PL","@id":"https:\/\/www.24gliwice.pl\/wiadomosci\/#\/schema\/logo\/image\/","url":"https:\/\/www.24gliwice.pl\/wiadomosci\/wp-content\/uploads\/2024\/10\/24gliwice-logo-696.jpg","contentUrl":"https:\/\/www.24gliwice.pl\/wiadomosci\/wp-content\/uploads\/2024\/10\/24gliwice-logo-696.jpg","width":696,"height":696,"caption":"24gliwice"},"image":{"@id":"https:\/\/www.24gliwice.pl\/wiadomosci\/#\/schema\/logo\/image\/"},"sameAs":["https:\/\/www.facebook.com\/24gliwice","https:\/\/x.com\/24gliwice","https:\/\/www.youtube.com\/@24gliwice"]},{"@type":"Person","@id":"https:\/\/www.24gliwice.pl\/wiadomosci\/#\/schema\/person\/e42c650edd7f2fa332be3811fb166b6e","name":"\u017baneta Mrozek-Siewierska","image":{"@type":"ImageObject","inLanguage":"pl-PL","@id":"https:\/\/secure.gravatar.com\/avatar\/1881429e9c64597c77ad7aef2d0a19be69a3253e57534d16aa15bf3a4d34a0a3?s=96&d=mm&r=g","url":"https:\/\/secure.gravatar.com\/avatar\/1881429e9c64597c77ad7aef2d0a19be69a3253e57534d16aa15bf3a4d34a0a3?s=96&d=mm&r=g","contentUrl":"https:\/\/secure.gravatar.com\/avatar\/1881429e9c64597c77ad7aef2d0a19be69a3253e57534d16aa15bf3a4d34a0a3?s=96&d=mm&r=g","caption":"\u017baneta Mrozek-Siewierska"},"url":"https:\/\/www.24gliwice.pl\/wiadomosci\/author\/zms\/"}]}},"_links":{"self":[{"href":"https:\/\/www.24gliwice.pl\/wiadomosci\/wp-json\/wp\/v2\/posts\/253725","targetHints":{"allow":["GET"]}}],"collection":[{"href":"https:\/\/www.24gliwice.pl\/wiadomosci\/wp-json\/wp\/v2\/posts"}],"about":[{"href":"https:\/\/www.24gliwice.pl\/wiadomosci\/wp-json\/wp\/v2\/types\/post"}],"author":[{"embeddable":true,"href":"https:\/\/www.24gliwice.pl\/wiadomosci\/wp-json\/wp\/v2\/users\/15"}],"replies":[{"embeddable":true,"href":"https:\/\/www.24gliwice.pl\/wiadomosci\/wp-json\/wp\/v2\/comments?post=253725"}],"version-history":[{"count":0,"href":"https:\/\/www.24gliwice.pl\/wiadomosci\/wp-json\/wp\/v2\/posts\/253725\/revisions"}],"wp:featuredmedia":[{"embeddable":true,"href":"https:\/\/www.24gliwice.pl\/wiadomosci\/wp-json\/wp\/v2\/media\/253729"}],"wp:attachment":[{"href":"https:\/\/www.24gliwice.pl\/wiadomosci\/wp-json\/wp\/v2\/media?parent=253725"}],"wp:term":[{"taxonomy":"category","embeddable":true,"href":"https:\/\/www.24gliwice.pl\/wiadomosci\/wp-json\/wp\/v2\/categories?post=253725"},{"taxonomy":"post_tag","embeddable":true,"href":"https:\/\/www.24gliwice.pl\/wiadomosci\/wp-json\/wp\/v2\/tags?post=253725"}],"curies":[{"name":"wp","href":"https:\/\/api.w.org\/{rel}","templated":true}]}}