{"id":253825,"date":"2025-05-07T16:03:49","date_gmt":"2025-05-07T14:03:49","guid":{"rendered":"https:\/\/www.24gliwice.pl\/wiadomosci\/?p=253825"},"modified":"2025-05-07T16:04:04","modified_gmt":"2025-05-07T14:04:04","slug":"odkryj-jak-fundusze-europejskie-zmieniaja-nasz-region-wez-udzial-w-dniach-funduszy-europejskich-2025","status":"publish","type":"post","link":"https:\/\/www.24gliwice.pl\/wiadomosci\/odkryj-jak-fundusze-europejskie-zmieniaja-nasz-region-wez-udzial-w-dniach-funduszy-europejskich-2025\/","title":{"rendered":"Odkryj, jak Fundusze Europejskie zmieniaj\u0105 nasz region! We\u017a udzia\u0142 w Dniach Funduszy Europejskich 2025"},"content":{"rendered":"<h2>Ju\u017c w maju 2025 r. w ca\u0142ym wojew\u00f3dztwie \u015bl\u0105skim odb\u0119dzie si\u0119 <b>wielkie \u015bwi\u0119to Funduszy Europejskich<\/b> \u2013 wydarzenie, kt\u00f3re od lat cieszy si\u0119 ogromnym zainteresowaniem mieszka\u0144c\u00f3w i lokalnych spo\u0142eczno\u015bci.<\/h2>\n<p><!--more--><\/p>\n<p><b>Dni Funduszy Europejskich<\/b> to unikalna okazja, aby:<\/p>\n<ul>\n<li>zobaczy\u0107 na w\u0142asne oczy efekty unijnych inwestycji w Twoim mie\u015bcie,<\/li>\n<li>odwiedzi\u0107 miejsca, kt\u00f3re na co dzie\u0144 s\u0105 niedost\u0119pne dla zwiedzaj\u0105cych (np. nowoczesne firmy, instytucje, laboratoria, obiekty kulturalne i edukacyjne),<\/li>\n<li>wzi\u0105\u0107 udzia\u0142 w bezp\u0142atnych wydarzeniach \u2013 warsztatach, spacerach edukacyjnych, koncertach, pokazach i wystawach.<\/li>\n<\/ul>\n<p>Has\u0142o tegorocznej edycji to:<br \/>\n<b>\u201eFundusze Europejskie bli\u017cej Ciebie\u201d<\/b> \u2013 i rzeczywi\u015bcie, ka\u017cdy z nas mo\u017ce do\u015bwiadczy\u0107, jak ogromny wp\u0142yw maj\u0105 one na jako\u015b\u0107 naszego \u017cycia.<\/p>\n<p>W programie wydarze\u0144 m.in. atrakcje w takich miastach jak: <b>Chorz\u00f3w, Zabrze, Sosnowiec, Bielsko-Bia\u0142a, Czechowice-Dziedzice, Wis\u0142a i wiele innych.<\/b><\/p>\n<p> Termin: <b>maj 2025<\/b> (szczeg\u00f3\u0142y na stronie wydarzenia)<\/p>\n<p>Wi\u0119cej informacji oraz harmonogram wydarze\u0144 znajdziesz na stronie:<br \/>\n<a href=\"https:\/\/funduszeue.slaskie.pl\/web\/guest\/w\/dni-funduszy-europejskich-2025-1\" target=\"blank\"><u>https:\/\/funduszeue.slaskie.pl<\/u><\/a><\/p>\n<p>Nie przegap tej okazji \u2013 <b>poznaj Fundusze Europejskie od kuchni<\/b> i we\u017a udzia\u0142 w inspiruj\u0105cych wydarzeniach w swoim regionie!<\/p>\n<div id=\"gliwi-925206082\"><div class=\"gliwi-adlabel\"><span style=\"font-size: 9px\">REKLAMA<\/span><\/div><small>materia\u0142 partnera | <a href=\"https:\/\/www.24gliwice.pl\/wiadomosci\/material-partnera-warunki\/\" target=\"_blank\" rel=\"noopener\">informacja<\/a><\/small><\/div>\n","protected":false},"excerpt":{"rendered":"<p>Ju\u017c w maju 2025 r. w ca\u0142ym wojew\u00f3dztwie \u015bl\u0105skim odb\u0119dzie si\u0119 wielkie \u015bwi\u0119to Funduszy Europejskich \u2013 wydarzenie, kt\u00f3re od lat cieszy si\u0119 ogromnym zainteresowaniem mieszka\u0144c\u00f3w i lokalnych spo\u0142eczno\u015bci.<\/p>\n","protected":false},"author":4,"featured_media":253826,"comment_status":"closed","ping_status":"closed","sticky":false,"template":"","format":"standard","meta":{"_monsterinsights_skip_tracking":false,"_monsterinsights_sitenote_active":false,"_monsterinsights_sitenote_note":"","_monsterinsights_sitenote_category":0,"footnotes":"","_links_to":"","_links_to_target":""},"categories":[6,1,1129],"tags":[],"class_list":["post-253825","post","type-post","status-publish","format-standard","has-post-thumbnail","hentry","category-kultura","category-wszystko","category-polecamy"],"yoast_head":"<!-- This site is optimized with the Yoast SEO plugin v27.5 - https:\/\/yoast.com\/product\/yoast-seo-wordpress\/ -->\n<title>Odkryj, jak Fundusze Europejskie zmieniaj\u0105 nasz region! We\u017a udzia\u0142 w Dniach Funduszy Europejskich 2025 - 24GLIWICE - Portal Gliwice | codziennie nowe informacje<\/title>\n<meta name=\"robots\" content=\"index, follow, max-snippet:-1, max-image-preview:large, max-video-preview:-1\" \/>\n<link rel=\"canonical\" href=\"https:\/\/www.24gliwice.pl\/wiadomosci\/odkryj-jak-fundusze-europejskie-zmieniaja-nasz-region-wez-udzial-w-dniach-funduszy-europejskich-2025\/\" \/>\n<meta property=\"og:locale\" content=\"pl_PL\" \/>\n<meta property=\"og:type\" content=\"article\" \/>\n<meta property=\"og:title\" content=\"Odkryj, jak Fundusze Europejskie zmieniaj\u0105 nasz region! We\u017a udzia\u0142 w Dniach Funduszy Europejskich 2025 - 24GLIWICE - Portal Gliwice | codziennie nowe informacje\" \/>\n<meta property=\"og:description\" content=\"Ju\u017c w maju 2025 r. w ca\u0142ym wojew\u00f3dztwie \u015bl\u0105skim odb\u0119dzie si\u0119 wielkie \u015bwi\u0119to Funduszy Europejskich \u2013 wydarzenie, kt\u00f3re od lat cieszy si\u0119 ogromnym zainteresowaniem mieszka\u0144c\u00f3w i lokalnych spo\u0142eczno\u015bci.\" \/>\n<meta property=\"og:url\" content=\"https:\/\/www.24gliwice.pl\/wiadomosci\/odkryj-jak-fundusze-europejskie-zmieniaja-nasz-region-wez-udzial-w-dniach-funduszy-europejskich-2025\/\" \/>\n<meta property=\"og:site_name\" content=\"24GLIWICE - Portal Gliwice | codziennie nowe informacje\" \/>\n<meta property=\"article:publisher\" content=\"https:\/\/www.facebook.com\/24gliwice\" \/>\n<meta property=\"article:author\" content=\"https:\/\/www.facebook.com\/marcin.fabrykowski\" \/>\n<meta property=\"article:published_time\" content=\"2025-05-07T14:03:49+00:00\" \/>\n<meta property=\"article:modified_time\" content=\"2025-05-07T14:04:04+00:00\" \/>\n<meta property=\"og:image\" content=\"https:\/\/www.24gliwice.pl\/wiadomosci\/wp-content\/uploads\/2025\/05\/grafiki_WWW_DFE_600-x-314_600-x-314.jpg\" \/>\n\t<meta property=\"og:image:width\" content=\"600\" \/>\n\t<meta property=\"og:image:height\" content=\"314\" \/>\n\t<meta property=\"og:image:type\" content=\"image\/jpeg\" \/>\n<meta name=\"author\" content=\"Marcin Fabrykowski\" \/>\n<meta name=\"twitter:card\" content=\"summary_large_image\" \/>\n<meta name=\"twitter:creator\" content=\"@24gliwice\" \/>\n<meta name=\"twitter:site\" content=\"@24gliwice\" \/>\n<meta name=\"twitter:label1\" content=\"Napisane przez\" \/>\n\t<meta name=\"twitter:data1\" content=\"Marcin Fabrykowski\" \/>\n\t<meta name=\"twitter:label2\" content=\"Szacowany czas czytania\" \/>\n\t<meta name=\"twitter:data2\" content=\"2 minuty\" \/>\n<script type=\"application\/ld+json\" class=\"yoast-schema-graph\">{\"@context\":\"https:\\\/\\\/schema.org\",\"@graph\":[{\"@type\":\"Article\",\"@id\":\"https:\\\/\\\/www.24gliwice.pl\\\/wiadomosci\\\/odkryj-jak-fundusze-europejskie-zmieniaja-nasz-region-wez-udzial-w-dniach-funduszy-europejskich-2025\\\/#article\",\"isPartOf\":{\"@id\":\"https:\\\/\\\/www.24gliwice.pl\\\/wiadomosci\\\/odkryj-jak-fundusze-europejskie-zmieniaja-nasz-region-wez-udzial-w-dniach-funduszy-europejskich-2025\\\/\"},\"author\":{\"name\":\"Marcin Fabrykowski\",\"@id\":\"https:\\\/\\\/www.24gliwice.pl\\\/wiadomosci\\\/#\\\/schema\\\/person\\\/cb5857e4a4d048c15984c1edcc8ef0c0\"},\"headline\":\"Odkryj, jak Fundusze Europejskie zmieniaj\u0105 nasz region! We\u017a udzia\u0142 w Dniach Funduszy Europejskich 2025\",\"datePublished\":\"2025-05-07T14:03:49+00:00\",\"dateModified\":\"2025-05-07T14:04:04+00:00\",\"mainEntityOfPage\":{\"@id\":\"https:\\\/\\\/www.24gliwice.pl\\\/wiadomosci\\\/odkryj-jak-fundusze-europejskie-zmieniaja-nasz-region-wez-udzial-w-dniach-funduszy-europejskich-2025\\\/\"},\"wordCount\":198,\"publisher\":{\"@id\":\"https:\\\/\\\/www.24gliwice.pl\\\/wiadomosci\\\/#organization\"},\"image\":{\"@id\":\"https:\\\/\\\/www.24gliwice.pl\\\/wiadomosci\\\/odkryj-jak-fundusze-europejskie-zmieniaja-nasz-region-wez-udzial-w-dniach-funduszy-europejskich-2025\\\/#primaryimage\"},\"thumbnailUrl\":\"https:\\\/\\\/www.24gliwice.pl\\\/wiadomosci\\\/wp-content\\\/uploads\\\/2025\\\/05\\\/grafiki_WWW_DFE_600-x-314_600-x-314.jpg\",\"articleSection\":[\"Kultura, wydarzenia, imprezy\",\"Najnowsze wiadomo\u015bci\",\"Polecamy\"],\"inLanguage\":\"pl-PL\"},{\"@type\":\"WebPage\",\"@id\":\"https:\\\/\\\/www.24gliwice.pl\\\/wiadomosci\\\/odkryj-jak-fundusze-europejskie-zmieniaja-nasz-region-wez-udzial-w-dniach-funduszy-europejskich-2025\\\/\",\"url\":\"https:\\\/\\\/www.24gliwice.pl\\\/wiadomosci\\\/odkryj-jak-fundusze-europejskie-zmieniaja-nasz-region-wez-udzial-w-dniach-funduszy-europejskich-2025\\\/\",\"name\":\"Odkryj, jak Fundusze Europejskie zmieniaj\u0105 nasz region! We\u017a udzia\u0142 w Dniach Funduszy Europejskich 2025 - 24GLIWICE - Portal Gliwice | codziennie nowe informacje\",\"isPartOf\":{\"@id\":\"https:\\\/\\\/www.24gliwice.pl\\\/wiadomosci\\\/#website\"},\"primaryImageOfPage\":{\"@id\":\"https:\\\/\\\/www.24gliwice.pl\\\/wiadomosci\\\/odkryj-jak-fundusze-europejskie-zmieniaja-nasz-region-wez-udzial-w-dniach-funduszy-europejskich-2025\\\/#primaryimage\"},\"image\":{\"@id\":\"https:\\\/\\\/www.24gliwice.pl\\\/wiadomosci\\\/odkryj-jak-fundusze-europejskie-zmieniaja-nasz-region-wez-udzial-w-dniach-funduszy-europejskich-2025\\\/#primaryimage\"},\"thumbnailUrl\":\"https:\\\/\\\/www.24gliwice.pl\\\/wiadomosci\\\/wp-content\\\/uploads\\\/2025\\\/05\\\/grafiki_WWW_DFE_600-x-314_600-x-314.jpg\",\"datePublished\":\"2025-05-07T14:03:49+00:00\",\"dateModified\":\"2025-05-07T14:04:04+00:00\",\"breadcrumb\":{\"@id\":\"https:\\\/\\\/www.24gliwice.pl\\\/wiadomosci\\\/odkryj-jak-fundusze-europejskie-zmieniaja-nasz-region-wez-udzial-w-dniach-funduszy-europejskich-2025\\\/#breadcrumb\"},\"inLanguage\":\"pl-PL\",\"potentialAction\":[{\"@type\":\"ReadAction\",\"target\":[\"https:\\\/\\\/www.24gliwice.pl\\\/wiadomosci\\\/odkryj-jak-fundusze-europejskie-zmieniaja-nasz-region-wez-udzial-w-dniach-funduszy-europejskich-2025\\\/\"]}]},{\"@type\":\"ImageObject\",\"inLanguage\":\"pl-PL\",\"@id\":\"https:\\\/\\\/www.24gliwice.pl\\\/wiadomosci\\\/odkryj-jak-fundusze-europejskie-zmieniaja-nasz-region-wez-udzial-w-dniach-funduszy-europejskich-2025\\\/#primaryimage\",\"url\":\"https:\\\/\\\/www.24gliwice.pl\\\/wiadomosci\\\/wp-content\\\/uploads\\\/2025\\\/05\\\/grafiki_WWW_DFE_600-x-314_600-x-314.jpg\",\"contentUrl\":\"https:\\\/\\\/www.24gliwice.pl\\\/wiadomosci\\\/wp-content\\\/uploads\\\/2025\\\/05\\\/grafiki_WWW_DFE_600-x-314_600-x-314.jpg\",\"width\":600,\"height\":314},{\"@type\":\"BreadcrumbList\",\"@id\":\"https:\\\/\\\/www.24gliwice.pl\\\/wiadomosci\\\/odkryj-jak-fundusze-europejskie-zmieniaja-nasz-region-wez-udzial-w-dniach-funduszy-europejskich-2025\\\/#breadcrumb\",\"itemListElement\":[{\"@type\":\"ListItem\",\"position\":1,\"name\":\"Strona g\u0142\u00f3wna\",\"item\":\"https:\\\/\\\/www.24gliwice.pl\\\/wiadomosci\\\/\"},{\"@type\":\"ListItem\",\"position\":2,\"name\":\"Odkryj, jak Fundusze Europejskie zmieniaj\u0105 nasz region! We\u017a udzia\u0142 w Dniach Funduszy Europejskich 2025\"}]},{\"@type\":\"WebSite\",\"@id\":\"https:\\\/\\\/www.24gliwice.pl\\\/wiadomosci\\\/#website\",\"url\":\"https:\\\/\\\/www.24gliwice.pl\\\/wiadomosci\\\/\",\"name\":\"24GLIWICE - Portal Gliwice | codziennie nowe wiadomo\u015bci\",\"description\":\"Portal Miejski Gliwice\",\"publisher\":{\"@id\":\"https:\\\/\\\/www.24gliwice.pl\\\/wiadomosci\\\/#organization\"},\"potentialAction\":[{\"@type\":\"SearchAction\",\"target\":{\"@type\":\"EntryPoint\",\"urlTemplate\":\"https:\\\/\\\/www.24gliwice.pl\\\/wiadomosci\\\/?s={search_term_string}\"},\"query-input\":{\"@type\":\"PropertyValueSpecification\",\"valueRequired\":true,\"valueName\":\"search_term_string\"}}],\"inLanguage\":\"pl-PL\"},{\"@type\":\"Organization\",\"@id\":\"https:\\\/\\\/www.24gliwice.pl\\\/wiadomosci\\\/#organization\",\"name\":\"24gliwice\",\"url\":\"https:\\\/\\\/www.24gliwice.pl\\\/wiadomosci\\\/\",\"logo\":{\"@type\":\"ImageObject\",\"inLanguage\":\"pl-PL\",\"@id\":\"https:\\\/\\\/www.24gliwice.pl\\\/wiadomosci\\\/#\\\/schema\\\/logo\\\/image\\\/\",\"url\":\"https:\\\/\\\/www.24gliwice.pl\\\/wiadomosci\\\/wp-content\\\/uploads\\\/2024\\\/10\\\/24gliwice-logo-696.jpg\",\"contentUrl\":\"https:\\\/\\\/www.24gliwice.pl\\\/wiadomosci\\\/wp-content\\\/uploads\\\/2024\\\/10\\\/24gliwice-logo-696.jpg\",\"width\":696,\"height\":696,\"caption\":\"24gliwice\"},\"image\":{\"@id\":\"https:\\\/\\\/www.24gliwice.pl\\\/wiadomosci\\\/#\\\/schema\\\/logo\\\/image\\\/\"},\"sameAs\":[\"https:\\\/\\\/www.facebook.com\\\/24gliwice\",\"https:\\\/\\\/x.com\\\/24gliwice\",\"https:\\\/\\\/www.youtube.com\\\/@24gliwice\"]},{\"@type\":\"Person\",\"@id\":\"https:\\\/\\\/www.24gliwice.pl\\\/wiadomosci\\\/#\\\/schema\\\/person\\\/cb5857e4a4d048c15984c1edcc8ef0c0\",\"name\":\"Marcin Fabrykowski\",\"image\":{\"@type\":\"ImageObject\",\"inLanguage\":\"pl-PL\",\"@id\":\"https:\\\/\\\/www.24gliwice.pl\\\/wiadomosci\\\/wp-content\\\/uploads\\\/2025\\\/11\\\/zdjecie-moje-marcin-300-96x96.jpg\",\"url\":\"https:\\\/\\\/www.24gliwice.pl\\\/wiadomosci\\\/wp-content\\\/uploads\\\/2025\\\/11\\\/zdjecie-moje-marcin-300-96x96.jpg\",\"contentUrl\":\"https:\\\/\\\/www.24gliwice.pl\\\/wiadomosci\\\/wp-content\\\/uploads\\\/2025\\\/11\\\/zdjecie-moje-marcin-300-96x96.jpg\",\"caption\":\"Marcin Fabrykowski\"},\"sameAs\":[\"http:\\\/\\\/24gliwice.pl\",\"https:\\\/\\\/www.facebook.com\\\/marcin.fabrykowski\"],\"url\":\"https:\\\/\\\/www.24gliwice.pl\\\/wiadomosci\\\/author\\\/marcin-fabrykowski\\\/\"}]}<\/script>\n<!-- \/ Yoast SEO plugin. -->","yoast_head_json":{"title":"Odkryj, jak Fundusze Europejskie zmieniaj\u0105 nasz region! We\u017a udzia\u0142 w Dniach Funduszy Europejskich 2025 - 24GLIWICE - Portal Gliwice | codziennie nowe informacje","robots":{"index":"index","follow":"follow","max-snippet":"max-snippet:-1","max-image-preview":"max-image-preview:large","max-video-preview":"max-video-preview:-1"},"canonical":"https:\/\/www.24gliwice.pl\/wiadomosci\/odkryj-jak-fundusze-europejskie-zmieniaja-nasz-region-wez-udzial-w-dniach-funduszy-europejskich-2025\/","og_locale":"pl_PL","og_type":"article","og_title":"Odkryj, jak Fundusze Europejskie zmieniaj\u0105 nasz region! We\u017a udzia\u0142 w Dniach Funduszy Europejskich 2025 - 24GLIWICE - Portal Gliwice | codziennie nowe informacje","og_description":"Ju\u017c w maju 2025 r. w ca\u0142ym wojew\u00f3dztwie \u015bl\u0105skim odb\u0119dzie si\u0119 wielkie \u015bwi\u0119to Funduszy Europejskich \u2013 wydarzenie, kt\u00f3re od lat cieszy si\u0119 ogromnym zainteresowaniem mieszka\u0144c\u00f3w i lokalnych spo\u0142eczno\u015bci.","og_url":"https:\/\/www.24gliwice.pl\/wiadomosci\/odkryj-jak-fundusze-europejskie-zmieniaja-nasz-region-wez-udzial-w-dniach-funduszy-europejskich-2025\/","og_site_name":"24GLIWICE - Portal Gliwice | codziennie nowe informacje","article_publisher":"https:\/\/www.facebook.com\/24gliwice","article_author":"https:\/\/www.facebook.com\/marcin.fabrykowski","article_published_time":"2025-05-07T14:03:49+00:00","article_modified_time":"2025-05-07T14:04:04+00:00","og_image":[{"width":600,"height":314,"url":"https:\/\/www.24gliwice.pl\/wiadomosci\/wp-content\/uploads\/2025\/05\/grafiki_WWW_DFE_600-x-314_600-x-314.jpg","type":"image\/jpeg"}],"author":"Marcin Fabrykowski","twitter_card":"summary_large_image","twitter_creator":"@24gliwice","twitter_site":"@24gliwice","twitter_misc":{"Napisane przez":"Marcin Fabrykowski","Szacowany czas czytania":"2 minuty"},"schema":{"@context":"https:\/\/schema.org","@graph":[{"@type":"Article","@id":"https:\/\/www.24gliwice.pl\/wiadomosci\/odkryj-jak-fundusze-europejskie-zmieniaja-nasz-region-wez-udzial-w-dniach-funduszy-europejskich-2025\/#article","isPartOf":{"@id":"https:\/\/www.24gliwice.pl\/wiadomosci\/odkryj-jak-fundusze-europejskie-zmieniaja-nasz-region-wez-udzial-w-dniach-funduszy-europejskich-2025\/"},"author":{"name":"Marcin Fabrykowski","@id":"https:\/\/www.24gliwice.pl\/wiadomosci\/#\/schema\/person\/cb5857e4a4d048c15984c1edcc8ef0c0"},"headline":"Odkryj, jak Fundusze Europejskie zmieniaj\u0105 nasz region! We\u017a udzia\u0142 w Dniach Funduszy Europejskich 2025","datePublished":"2025-05-07T14:03:49+00:00","dateModified":"2025-05-07T14:04:04+00:00","mainEntityOfPage":{"@id":"https:\/\/www.24gliwice.pl\/wiadomosci\/odkryj-jak-fundusze-europejskie-zmieniaja-nasz-region-wez-udzial-w-dniach-funduszy-europejskich-2025\/"},"wordCount":198,"publisher":{"@id":"https:\/\/www.24gliwice.pl\/wiadomosci\/#organization"},"image":{"@id":"https:\/\/www.24gliwice.pl\/wiadomosci\/odkryj-jak-fundusze-europejskie-zmieniaja-nasz-region-wez-udzial-w-dniach-funduszy-europejskich-2025\/#primaryimage"},"thumbnailUrl":"https:\/\/www.24gliwice.pl\/wiadomosci\/wp-content\/uploads\/2025\/05\/grafiki_WWW_DFE_600-x-314_600-x-314.jpg","articleSection":["Kultura, wydarzenia, imprezy","Najnowsze wiadomo\u015bci","Polecamy"],"inLanguage":"pl-PL"},{"@type":"WebPage","@id":"https:\/\/www.24gliwice.pl\/wiadomosci\/odkryj-jak-fundusze-europejskie-zmieniaja-nasz-region-wez-udzial-w-dniach-funduszy-europejskich-2025\/","url":"https:\/\/www.24gliwice.pl\/wiadomosci\/odkryj-jak-fundusze-europejskie-zmieniaja-nasz-region-wez-udzial-w-dniach-funduszy-europejskich-2025\/","name":"Odkryj, jak Fundusze Europejskie zmieniaj\u0105 nasz region! We\u017a udzia\u0142 w Dniach Funduszy Europejskich 2025 - 24GLIWICE - Portal Gliwice | codziennie nowe informacje","isPartOf":{"@id":"https:\/\/www.24gliwice.pl\/wiadomosci\/#website"},"primaryImageOfPage":{"@id":"https:\/\/www.24gliwice.pl\/wiadomosci\/odkryj-jak-fundusze-europejskie-zmieniaja-nasz-region-wez-udzial-w-dniach-funduszy-europejskich-2025\/#primaryimage"},"image":{"@id":"https:\/\/www.24gliwice.pl\/wiadomosci\/odkryj-jak-fundusze-europejskie-zmieniaja-nasz-region-wez-udzial-w-dniach-funduszy-europejskich-2025\/#primaryimage"},"thumbnailUrl":"https:\/\/www.24gliwice.pl\/wiadomosci\/wp-content\/uploads\/2025\/05\/grafiki_WWW_DFE_600-x-314_600-x-314.jpg","datePublished":"2025-05-07T14:03:49+00:00","dateModified":"2025-05-07T14:04:04+00:00","breadcrumb":{"@id":"https:\/\/www.24gliwice.pl\/wiadomosci\/odkryj-jak-fundusze-europejskie-zmieniaja-nasz-region-wez-udzial-w-dniach-funduszy-europejskich-2025\/#breadcrumb"},"inLanguage":"pl-PL","potentialAction":[{"@type":"ReadAction","target":["https:\/\/www.24gliwice.pl\/wiadomosci\/odkryj-jak-fundusze-europejskie-zmieniaja-nasz-region-wez-udzial-w-dniach-funduszy-europejskich-2025\/"]}]},{"@type":"ImageObject","inLanguage":"pl-PL","@id":"https:\/\/www.24gliwice.pl\/wiadomosci\/odkryj-jak-fundusze-europejskie-zmieniaja-nasz-region-wez-udzial-w-dniach-funduszy-europejskich-2025\/#primaryimage","url":"https:\/\/www.24gliwice.pl\/wiadomosci\/wp-content\/uploads\/2025\/05\/grafiki_WWW_DFE_600-x-314_600-x-314.jpg","contentUrl":"https:\/\/www.24gliwice.pl\/wiadomosci\/wp-content\/uploads\/2025\/05\/grafiki_WWW_DFE_600-x-314_600-x-314.jpg","width":600,"height":314},{"@type":"BreadcrumbList","@id":"https:\/\/www.24gliwice.pl\/wiadomosci\/odkryj-jak-fundusze-europejskie-zmieniaja-nasz-region-wez-udzial-w-dniach-funduszy-europejskich-2025\/#breadcrumb","itemListElement":[{"@type":"ListItem","position":1,"name":"Strona g\u0142\u00f3wna","item":"https:\/\/www.24gliwice.pl\/wiadomosci\/"},{"@type":"ListItem","position":2,"name":"Odkryj, jak Fundusze Europejskie zmieniaj\u0105 nasz region! We\u017a udzia\u0142 w Dniach Funduszy Europejskich 2025"}]},{"@type":"WebSite","@id":"https:\/\/www.24gliwice.pl\/wiadomosci\/#website","url":"https:\/\/www.24gliwice.pl\/wiadomosci\/","name":"24GLIWICE - Portal Gliwice | codziennie nowe wiadomo\u015bci","description":"Portal Miejski Gliwice","publisher":{"@id":"https:\/\/www.24gliwice.pl\/wiadomosci\/#organization"},"potentialAction":[{"@type":"SearchAction","target":{"@type":"EntryPoint","urlTemplate":"https:\/\/www.24gliwice.pl\/wiadomosci\/?s={search_term_string}"},"query-input":{"@type":"PropertyValueSpecification","valueRequired":true,"valueName":"search_term_string"}}],"inLanguage":"pl-PL"},{"@type":"Organization","@id":"https:\/\/www.24gliwice.pl\/wiadomosci\/#organization","name":"24gliwice","url":"https:\/\/www.24gliwice.pl\/wiadomosci\/","logo":{"@type":"ImageObject","inLanguage":"pl-PL","@id":"https:\/\/www.24gliwice.pl\/wiadomosci\/#\/schema\/logo\/image\/","url":"https:\/\/www.24gliwice.pl\/wiadomosci\/wp-content\/uploads\/2024\/10\/24gliwice-logo-696.jpg","contentUrl":"https:\/\/www.24gliwice.pl\/wiadomosci\/wp-content\/uploads\/2024\/10\/24gliwice-logo-696.jpg","width":696,"height":696,"caption":"24gliwice"},"image":{"@id":"https:\/\/www.24gliwice.pl\/wiadomosci\/#\/schema\/logo\/image\/"},"sameAs":["https:\/\/www.facebook.com\/24gliwice","https:\/\/x.com\/24gliwice","https:\/\/www.youtube.com\/@24gliwice"]},{"@type":"Person","@id":"https:\/\/www.24gliwice.pl\/wiadomosci\/#\/schema\/person\/cb5857e4a4d048c15984c1edcc8ef0c0","name":"Marcin Fabrykowski","image":{"@type":"ImageObject","inLanguage":"pl-PL","@id":"https:\/\/www.24gliwice.pl\/wiadomosci\/wp-content\/uploads\/2025\/11\/zdjecie-moje-marcin-300-96x96.jpg","url":"https:\/\/www.24gliwice.pl\/wiadomosci\/wp-content\/uploads\/2025\/11\/zdjecie-moje-marcin-300-96x96.jpg","contentUrl":"https:\/\/www.24gliwice.pl\/wiadomosci\/wp-content\/uploads\/2025\/11\/zdjecie-moje-marcin-300-96x96.jpg","caption":"Marcin Fabrykowski"},"sameAs":["http:\/\/24gliwice.pl","https:\/\/www.facebook.com\/marcin.fabrykowski"],"url":"https:\/\/www.24gliwice.pl\/wiadomosci\/author\/marcin-fabrykowski\/"}]}},"_links":{"self":[{"href":"https:\/\/www.24gliwice.pl\/wiadomosci\/wp-json\/wp\/v2\/posts\/253825","targetHints":{"allow":["GET"]}}],"collection":[{"href":"https:\/\/www.24gliwice.pl\/wiadomosci\/wp-json\/wp\/v2\/posts"}],"about":[{"href":"https:\/\/www.24gliwice.pl\/wiadomosci\/wp-json\/wp\/v2\/types\/post"}],"author":[{"embeddable":true,"href":"https:\/\/www.24gliwice.pl\/wiadomosci\/wp-json\/wp\/v2\/users\/4"}],"replies":[{"embeddable":true,"href":"https:\/\/www.24gliwice.pl\/wiadomosci\/wp-json\/wp\/v2\/comments?post=253825"}],"version-history":[{"count":0,"href":"https:\/\/www.24gliwice.pl\/wiadomosci\/wp-json\/wp\/v2\/posts\/253825\/revisions"}],"wp:featuredmedia":[{"embeddable":true,"href":"https:\/\/www.24gliwice.pl\/wiadomosci\/wp-json\/wp\/v2\/media\/253826"}],"wp:attachment":[{"href":"https:\/\/www.24gliwice.pl\/wiadomosci\/wp-json\/wp\/v2\/media?parent=253825"}],"wp:term":[{"taxonomy":"category","embeddable":true,"href":"https:\/\/www.24gliwice.pl\/wiadomosci\/wp-json\/wp\/v2\/categories?post=253825"},{"taxonomy":"post_tag","embeddable":true,"href":"https:\/\/www.24gliwice.pl\/wiadomosci\/wp-json\/wp\/v2\/tags?post=253825"}],"curies":[{"name":"wp","href":"https:\/\/api.w.org\/{rel}","templated":true}]}}