{"id":253913,"date":"2025-05-09T03:15:09","date_gmt":"2025-05-09T01:15:09","guid":{"rendered":"https:\/\/www.24gliwice.pl\/wiadomosci\/?p=253913"},"modified":"2025-05-11T04:11:45","modified_gmt":"2025-05-11T02:11:45","slug":"macie-w-domu-zbedne-sprzety-ubrania-lub-tekstylia-zbiorki-odbeda-sie-w-roznych-miejscach-na-terenie-gliwic","status":"publish","type":"post","link":"https:\/\/www.24gliwice.pl\/wiadomosci\/macie-w-domu-zbedne-sprzety-ubrania-lub-tekstylia-zbiorki-odbeda-sie-w-roznych-miejscach-na-terenie-gliwic\/","title":{"rendered":"Macie w domu zb\u0119dne sprz\u0119ty, ubrania lub tekstylia? Zbi\u00f3rki odb\u0119d\u0105 si\u0119 w r\u00f3\u017cnych miejscach na terenie Gliwic"},"content":{"rendered":"<div class=\"gliwi-a6-nad-leadem-artykulow gliwi-entity-placement\" id=\"gliwi-3591273197\"><div class=\"gliwi-adlabel\"><span style=\"font-size: 9px\">REKLAMA<\/span><\/div><div id=\"gliwi-3191131864\" style=\"margin-bottom: 30px;margin-left: auto;margin-right: auto;text-align: center;\"><a data-no-instant=\"1\" href=\"https:\/\/przedszkole.halogen.org.pl\/\" rel=\"noopener\" class=\"a2t-link\" target=\"_blank\" aria-label=\"20260402-ANIMATOR-przedszkole_grafika_750x200\"><img loading=\"lazy\" decoding=\"async\" src=\"https:\/\/www.24gliwice.pl\/wiadomosci\/wp-content\/uploads\/2026\/04\/20260402-ANIMATOR-przedszkole_grafika_750x200.webp\" alt=\"\"  srcset=\"https:\/\/www.24gliwice.pl\/wiadomosci\/wp-content\/uploads\/2026\/04\/20260402-ANIMATOR-przedszkole_grafika_750x200.webp 750w, https:\/\/www.24gliwice.pl\/wiadomosci\/wp-content\/uploads\/2026\/04\/20260402-ANIMATOR-przedszkole_grafika_750x200-410x109.webp 410w\" sizes=\"(max-width: 750px) 100vw, 750px\" class=\"no-lazyload\" width=\"750\" height=\"200\"  style=\"display: inline-block; max-width: 100%; height: auto;\" \/><\/a><\/div><\/div><h2>Na Koperniku oraz na Trynku w sobot\u0119, 10 maja, b\u0119dzie mo\u017cna odda\u0107 elektroodpady. W pierwszej z tych dzielnic tego dnia pojawi si\u0119 te\u017c mobilny PSZOK, do kt\u00f3rego mieszka\u0144cy b\u0119d\u0105 mogli odda\u0107 zu\u017cyt\u0105 odzie\u017c i tekstylia, opr\u00f3cz tego zbi\u00f3rka ubra\u0144 odb\u0119dzie si\u0119 te\u017c na Zatorzu i Baildona.<\/h2>\n<p><!--more--><\/p>\n<p>Zepsute lub przestarza\u0142e pralki, telewizory, elektroniczne urz\u0105dzenia i gad\u017cety, zu\u017cyty sprz\u0119t o\u015bwietleniowy \u2013 to odpady niebezpieczne, kt\u00f3rych nie nale\u017cy wrzuca\u0107 do pojemnik\u00f3w na odpady komunalne. Musz\u0105 trafi\u0107 do specjalistycznych firm zajmuj\u0105cych si\u0119 recyklingiem. Dlatego Gliwice organizuj\u0105 bezp\u0142atne mobilne zbi\u00f3rki elektroodpad\u00f3w w dzielnicach.<\/p>\n<h4>Najbli\u017csze zbi\u00f3rki elektroodpad\u00f3w 10 maja:<\/h4>\n<p>\u2022 10.00\u201312.00 <strong>KOPERNIKA<\/strong>, ul. Kopernika, przy pawilonie handlowym,<br \/>\n\u2022 12.30\u201314.30 <strong>TRYNEK,<\/strong> ul. M\u0142odych Patriot\u00f3w, parking przy wje\u017adzie na osiedle.<\/p><div class=\"gliwi-a3-w-tresci-artykulow gliwi-entity-placement\" id=\"gliwi-2707221257\"><div class=\"gliwi-adlabel\"><span style=\"font-size: 9px\">REKLAMA<\/span><\/div><div id=\"gliwi-205878301\" style=\"margin-bottom: 30px;margin-left: auto;margin-right: auto;text-align: center;\"><a data-no-instant=\"1\" href=\"https:\/\/ogrodyandersa.pl\/\" rel=\"noopener\" class=\"a2t-link\" target=\"_blank\" aria-label=\"20260415 Ogrody Andersa KUP TERAZ D\"><img loading=\"lazy\" decoding=\"async\" src=\"https:\/\/www.24gliwice.pl\/wiadomosci\/wp-content\/uploads\/2026\/04\/20260415-Ogrody-Andersa-KUP-TERAZ-D.jpg\" alt=\"\"  srcset=\"https:\/\/www.24gliwice.pl\/wiadomosci\/wp-content\/uploads\/2026\/04\/20260415-Ogrody-Andersa-KUP-TERAZ-D.jpg 750w, https:\/\/www.24gliwice.pl\/wiadomosci\/wp-content\/uploads\/2026\/04\/20260415-Ogrody-Andersa-KUP-TERAZ-D-410x109.jpg 410w\" sizes=\"(max-width: 750px) 100vw, 750px\" class=\"no-lazyload\" width=\"750\" height=\"200\"  style=\"display: inline-block; max-width: 100%; height: auto;\" \/><\/a><\/div><\/div>\n<p>Sprz\u0119t nale\u017cy przynie\u015b\u0107 do specjalnie oznakowanego samochodu w okre\u015blonych w harmonogramie godzinach i przekaza\u0107 pracownikom firmy EKOMAX, kt\u00f3ra wykonuje zadanie na zlecenie miasta. Wcze\u015bniejsze sk\u0142adowanie sprz\u0119tu jest zabronione.<\/p>\n<p>Ca\u0142y harmonogram zbi\u00f3rek elektro\u015bmieci:<\/p>\n<blockquote class=\"wp-embedded-content\" data-secret=\"Tp5jd5GXjW\"><p><a href=\"https:\/\/www.24gliwice.pl\/wiadomosci\/zbiorki-elektroodpadow-w-roznych-dzielnicach-gliwic-harmonogram-na-2025-rok\/\">Zbi\u00f3rki elektroodpad\u00f3w w r\u00f3\u017cnych dzielnicach Gliwic. Harmonogram na 2025 rok<\/a><\/p><\/blockquote>\n<p><iframe loading=\"lazy\" class=\"wp-embedded-content\" sandbox=\"allow-scripts\" security=\"restricted\" style=\"position: absolute; visibility: hidden;\" title=\"&#8222;Zbi\u00f3rki elektroodpad\u00f3w w r\u00f3\u017cnych dzielnicach Gliwic. Harmonogram na 2025 rok&#8221; &#8212; 24GLIWICE - Portal Gliwice | codziennie nowe informacje\" src=\"https:\/\/www.24gliwice.pl\/wiadomosci\/zbiorki-elektroodpadow-w-roznych-dzielnicach-gliwic-harmonogram-na-2025-rok\/embed\/#?secret=vjGz6lmRfS#?secret=Tp5jd5GXjW\" data-secret=\"Tp5jd5GXjW\" width=\"600\" height=\"338\" frameborder=\"0\" marginwidth=\"0\" marginheight=\"0\" scrolling=\"no\"><\/iframe><\/p>\n<h4>B\u0119dzie te\u017c zbi\u00f3rka odzie\u017cy i tekstyli\u00f3w<\/h4>\n<p>Od tego roku Gliwice organizuj\u0105 te\u017c mobilne zbi\u00f3rki niezdatnych do u\u017cytku ubra\u0144 oraz innych tekstyli\u00f3w, kt\u00f3rych \u2013 zgodnie z przepisami \u2013 nie mo\u017cna ju\u017c wyrzuca\u0107 do \u015bmieci. Co nale\u017cy segregowa\u0107 i przekazywa\u0107 podczas miejskich zbi\u00f3rek? Najlepiej to, co nie nadaje si\u0119 ju\u017c do u\u017cytku, tekstylia i ubrania zniszczone, niemo\u017cliwe do ponownego wykorzystania.<\/p>\n<h5>Podczas mobilnych zbi\u00f3rek mo\u017cna przekazywa\u0107 przyk\u0142adowo:<\/h5>\n<p>\u2022 stare, podarte, nienadaj\u0105ce si\u0119 do naprawy kurtki, p\u0142aszcze, kombinezony sportowe, spodnie, swetry, bluzy, bluzki, bielizn\u0119;<br \/>\n\u2022 zu\u017cyte obuwie, nieprzydatne do ponownego u\u017cycia;<br \/>\n\u2022 tekstylne elementy wyposa\u017cenia wn\u0119trz, w tym nieprzydatne do wykorzystania zas\u0142ony, firany, zniszczone koce, ko\u0142dry, poduszki, narzuty, r\u0119czniki, szmaty czy \u015bcierki kuchenne.<\/p>\n<h4>Najbli\u017csze zbi\u00f3rki &#8211; tak\u017ce 10 maja:<\/h4>\n<p>\u2022 8.00\u201310.00 <strong>ZATORZE<\/strong>, ul. Okrzei, parking przy GCE,<br \/>\n\u2022 11.00\u201313.00<strong> KOPERNIKA<\/strong>, ul. Kopernika, przy pawilonie handlowym,<br \/>\n\u2022 14.00\u201316.00 <strong>BAILDONA<\/strong>, ul. Robotnicza, parking naprzeciwko zak\u0142adu GZUT.<\/p>\n<p>Ca\u0142y harmonogram zbi\u00f3rek odzie\u017cy i tekstyli\u00f3w na I po\u0142ow\u0119 roku:<\/p>\n<blockquote class=\"wp-embedded-content\" data-secret=\"n5RCievBeg\"><p><a href=\"https:\/\/www.24gliwice.pl\/wiadomosci\/zbiorki-ubran-i-tekstyliow-w-dzielnicach-gliwic-jest-harmonogram-na-i-polowe-roku\/\">Zbi\u00f3rki ubra\u0144 i tekstyli\u00f3w w dzielnicach Gliwic. Jest harmonogram na I po\u0142ow\u0119 roku<\/a><\/p><\/blockquote>\n<p><iframe loading=\"lazy\" class=\"wp-embedded-content\" sandbox=\"allow-scripts\" security=\"restricted\" style=\"position: absolute; visibility: hidden;\" title=\"&#8222;Zbi\u00f3rki ubra\u0144 i tekstyli\u00f3w w dzielnicach Gliwic. Jest harmonogram na I po\u0142ow\u0119 roku&#8221; &#8212; 24GLIWICE - Portal Gliwice | codziennie nowe informacje\" src=\"https:\/\/www.24gliwice.pl\/wiadomosci\/zbiorki-ubran-i-tekstyliow-w-dzielnicach-gliwic-jest-harmonogram-na-i-polowe-roku\/embed\/#?secret=XkiRn9TdRy#?secret=n5RCievBeg\" data-secret=\"n5RCievBeg\" width=\"600\" height=\"338\" frameborder=\"0\" marginwidth=\"0\" marginheight=\"0\" scrolling=\"no\"><\/iframe><\/p>\n<p>(\u017cms)\/UM Gliwice(al)<br \/>\nfot. UM Gliwice\/24gliwice<\/p>\n<div class=\"gliwi-a5-na-koncu-artykulow gliwi-entity-placement\" id=\"gliwi-3656927614\"><div class=\"gliwi-adlabel\"><span style=\"font-size: 9px\">REKLAMA<\/span><\/div><div id=\"gliwi-919495010\" style=\"margin-left: auto;margin-right: auto;text-align: center;\"><a data-no-instant=\"1\" href=\"https:\/\/www.jasek.pl\/\" rel=\"noopener\" class=\"a2t-link\" target=\"_blank\" aria-label=\"20200401-jasek 600\"><img loading=\"lazy\" decoding=\"async\" src=\"https:\/\/www.24gliwice.pl\/wiadomosci\/wp-content\/uploads\/2020\/04\/20200401-jasek-600.jpg\" alt=\"\"  srcset=\"https:\/\/www.24gliwice.pl\/wiadomosci\/wp-content\/uploads\/2020\/04\/20200401-jasek-600.jpg 600w, https:\/\/www.24gliwice.pl\/wiadomosci\/wp-content\/uploads\/2020\/04\/20200401-jasek-600-410x109.jpg 410w\" sizes=\"(max-width: 600px) 100vw, 600px\" class=\"no-lazyload\" width=\"600\" height=\"160\"  style=\"display: inline-block; max-width: 100%; height: auto;\" \/><\/a><\/div><\/div>","protected":false},"excerpt":{"rendered":"<p>Na Koperniku oraz na Trynku w sobot\u0119, 10 maja, b\u0119dzie mo\u017cna odda\u0107 elektroodpady. W pierwszej z tych dzielnic tego dnia pojawi si\u0119 te\u017c mobilny PSZOK, do kt\u00f3rego mieszka\u0144cy b\u0119d\u0105 mogli odda\u0107 zu\u017cyt\u0105 odzie\u017c i tekstylia, opr\u00f3cz tego zbi\u00f3rka ubra\u0144 odb\u0119dzie si\u0119 te\u017c na Zatorzu i Baildona.<\/p>\n","protected":false},"author":15,"featured_media":253970,"comment_status":"open","ping_status":"closed","sticky":false,"template":"","format":"standard","meta":{"_monsterinsights_skip_tracking":false,"_monsterinsights_sitenote_active":false,"_monsterinsights_sitenote_note":"","_monsterinsights_sitenote_category":0,"footnotes":"","_links_to":"","_links_to_target":""},"categories":[3,1],"tags":[2582,24352],"class_list":["post-253913","post","type-post","status-publish","format-standard","has-post-thumbnail","hentry","category-gliwice","category-wszystko","tag-zbiorka-elektrosmieci","tag-zbiorka-odziezy"],"yoast_head":"<!-- This site is optimized with the Yoast SEO plugin v27.5 - https:\/\/yoast.com\/product\/yoast-seo-wordpress\/ -->\n<title>Macie w domu zb\u0119dne sprz\u0119ty, ubrania lub tekstylia? Zbi\u00f3rki odb\u0119d\u0105 si\u0119 w r\u00f3\u017cnych miejscach na terenie Gliwic - 24GLIWICE - Portal Gliwice | codziennie nowe informacje<\/title>\n<meta name=\"description\" content=\"Zbi\u00f3rki odzie\u017cy i elektro\u015bmieci odb\u0119d\u0105 si\u0119 tego samego dnia - w sobot\u0119, 10 maja, w kilku dzielnicach Gliwic pojawi\u0105 si\u0119 specjalne pojazdy\" \/>\n<meta name=\"robots\" content=\"index, follow, max-snippet:-1, max-image-preview:large, max-video-preview:-1\" \/>\n<link rel=\"canonical\" href=\"https:\/\/www.24gliwice.pl\/wiadomosci\/macie-w-domu-zbedne-sprzety-ubrania-lub-tekstylia-zbiorki-odbeda-sie-w-roznych-miejscach-na-terenie-gliwic\/\" \/>\n<meta property=\"og:locale\" content=\"pl_PL\" \/>\n<meta property=\"og:type\" content=\"article\" \/>\n<meta property=\"og:title\" content=\"Macie w domu zb\u0119dne sprz\u0119ty, ubrania lub tekstylia? Zbi\u00f3rki odb\u0119d\u0105 si\u0119 w r\u00f3\u017cnych miejscach na terenie Gliwic - 24GLIWICE - Portal Gliwice | codziennie nowe informacje\" \/>\n<meta property=\"og:description\" content=\"Zbi\u00f3rki odzie\u017cy i elektro\u015bmieci odb\u0119d\u0105 si\u0119 tego samego dnia - w sobot\u0119, 10 maja, w kilku dzielnicach Gliwic pojawi\u0105 si\u0119 specjalne pojazdy\" \/>\n<meta property=\"og:url\" content=\"https:\/\/www.24gliwice.pl\/wiadomosci\/macie-w-domu-zbedne-sprzety-ubrania-lub-tekstylia-zbiorki-odbeda-sie-w-roznych-miejscach-na-terenie-gliwic\/\" \/>\n<meta property=\"og:site_name\" content=\"24GLIWICE - Portal Gliwice | codziennie nowe informacje\" \/>\n<meta property=\"article:publisher\" content=\"https:\/\/www.facebook.com\/24gliwice\" \/>\n<meta property=\"article:published_time\" content=\"2025-05-09T01:15:09+00:00\" \/>\n<meta property=\"article:modified_time\" content=\"2025-05-11T02:11:45+00:00\" \/>\n<meta property=\"og:image\" content=\"https:\/\/www.24gliwice.pl\/wiadomosci\/wp-content\/uploads\/2025\/05\/Zrzut-ekranu-2025-05-09-174306.jpg\" \/>\n\t<meta property=\"og:image:width\" content=\"1019\" \/>\n\t<meta property=\"og:image:height\" content=\"574\" \/>\n\t<meta property=\"og:image:type\" content=\"image\/jpeg\" \/>\n<meta name=\"author\" content=\"\u017baneta Mrozek-Siewierska\" \/>\n<meta name=\"twitter:card\" content=\"summary_large_image\" \/>\n<meta name=\"twitter:creator\" content=\"@24gliwice\" \/>\n<meta name=\"twitter:site\" content=\"@24gliwice\" \/>\n<meta name=\"twitter:label1\" content=\"Napisane przez\" \/>\n\t<meta name=\"twitter:data1\" content=\"\u017baneta Mrozek-Siewierska\" \/>\n\t<meta name=\"twitter:label2\" content=\"Szacowany czas czytania\" \/>\n\t<meta name=\"twitter:data2\" content=\"2 minuty\" \/>\n<script type=\"application\/ld+json\" class=\"yoast-schema-graph\">{\"@context\":\"https:\\\/\\\/schema.org\",\"@graph\":[{\"@type\":\"Article\",\"@id\":\"https:\\\/\\\/www.24gliwice.pl\\\/wiadomosci\\\/macie-w-domu-zbedne-sprzety-ubrania-lub-tekstylia-zbiorki-odbeda-sie-w-roznych-miejscach-na-terenie-gliwic\\\/#article\",\"isPartOf\":{\"@id\":\"https:\\\/\\\/www.24gliwice.pl\\\/wiadomosci\\\/macie-w-domu-zbedne-sprzety-ubrania-lub-tekstylia-zbiorki-odbeda-sie-w-roznych-miejscach-na-terenie-gliwic\\\/\"},\"author\":{\"name\":\"\u017baneta Mrozek-Siewierska\",\"@id\":\"https:\\\/\\\/www.24gliwice.pl\\\/wiadomosci\\\/#\\\/schema\\\/person\\\/e42c650edd7f2fa332be3811fb166b6e\"},\"headline\":\"Macie w domu zb\u0119dne sprz\u0119ty, ubrania lub tekstylia? Zbi\u00f3rki odb\u0119d\u0105 si\u0119 w r\u00f3\u017cnych miejscach na terenie Gliwic\",\"datePublished\":\"2025-05-09T01:15:09+00:00\",\"dateModified\":\"2025-05-11T02:11:45+00:00\",\"mainEntityOfPage\":{\"@id\":\"https:\\\/\\\/www.24gliwice.pl\\\/wiadomosci\\\/macie-w-domu-zbedne-sprzety-ubrania-lub-tekstylia-zbiorki-odbeda-sie-w-roznych-miejscach-na-terenie-gliwic\\\/\"},\"wordCount\":390,\"commentCount\":3,\"publisher\":{\"@id\":\"https:\\\/\\\/www.24gliwice.pl\\\/wiadomosci\\\/#organization\"},\"image\":{\"@id\":\"https:\\\/\\\/www.24gliwice.pl\\\/wiadomosci\\\/macie-w-domu-zbedne-sprzety-ubrania-lub-tekstylia-zbiorki-odbeda-sie-w-roznych-miejscach-na-terenie-gliwic\\\/#primaryimage\"},\"thumbnailUrl\":\"https:\\\/\\\/www.24gliwice.pl\\\/wiadomosci\\\/wp-content\\\/uploads\\\/2025\\\/05\\\/Zrzut-ekranu-2025-05-09-174306.jpg\",\"keywords\":[\"ZBI\u00d3RKA ELEKTRO\u015aMIECI\",\"ZBI\u00d3RKA ODZIE\u017bY\"],\"articleSection\":[\"Gliwice\",\"Najnowsze wiadomo\u015bci\"],\"inLanguage\":\"pl-PL\",\"potentialAction\":[{\"@type\":\"CommentAction\",\"name\":\"Comment\",\"target\":[\"https:\\\/\\\/www.24gliwice.pl\\\/wiadomosci\\\/macie-w-domu-zbedne-sprzety-ubrania-lub-tekstylia-zbiorki-odbeda-sie-w-roznych-miejscach-na-terenie-gliwic\\\/#respond\"]}]},{\"@type\":\"WebPage\",\"@id\":\"https:\\\/\\\/www.24gliwice.pl\\\/wiadomosci\\\/macie-w-domu-zbedne-sprzety-ubrania-lub-tekstylia-zbiorki-odbeda-sie-w-roznych-miejscach-na-terenie-gliwic\\\/\",\"url\":\"https:\\\/\\\/www.24gliwice.pl\\\/wiadomosci\\\/macie-w-domu-zbedne-sprzety-ubrania-lub-tekstylia-zbiorki-odbeda-sie-w-roznych-miejscach-na-terenie-gliwic\\\/\",\"name\":\"Macie w domu zb\u0119dne sprz\u0119ty, ubrania lub tekstylia? Zbi\u00f3rki odb\u0119d\u0105 si\u0119 w r\u00f3\u017cnych miejscach na terenie Gliwic - 24GLIWICE - Portal Gliwice | codziennie nowe informacje\",\"isPartOf\":{\"@id\":\"https:\\\/\\\/www.24gliwice.pl\\\/wiadomosci\\\/#website\"},\"primaryImageOfPage\":{\"@id\":\"https:\\\/\\\/www.24gliwice.pl\\\/wiadomosci\\\/macie-w-domu-zbedne-sprzety-ubrania-lub-tekstylia-zbiorki-odbeda-sie-w-roznych-miejscach-na-terenie-gliwic\\\/#primaryimage\"},\"image\":{\"@id\":\"https:\\\/\\\/www.24gliwice.pl\\\/wiadomosci\\\/macie-w-domu-zbedne-sprzety-ubrania-lub-tekstylia-zbiorki-odbeda-sie-w-roznych-miejscach-na-terenie-gliwic\\\/#primaryimage\"},\"thumbnailUrl\":\"https:\\\/\\\/www.24gliwice.pl\\\/wiadomosci\\\/wp-content\\\/uploads\\\/2025\\\/05\\\/Zrzut-ekranu-2025-05-09-174306.jpg\",\"datePublished\":\"2025-05-09T01:15:09+00:00\",\"dateModified\":\"2025-05-11T02:11:45+00:00\",\"description\":\"Zbi\u00f3rki odzie\u017cy i elektro\u015bmieci odb\u0119d\u0105 si\u0119 tego samego dnia - w sobot\u0119, 10 maja, w kilku dzielnicach Gliwic pojawi\u0105 si\u0119 specjalne pojazdy\",\"breadcrumb\":{\"@id\":\"https:\\\/\\\/www.24gliwice.pl\\\/wiadomosci\\\/macie-w-domu-zbedne-sprzety-ubrania-lub-tekstylia-zbiorki-odbeda-sie-w-roznych-miejscach-na-terenie-gliwic\\\/#breadcrumb\"},\"inLanguage\":\"pl-PL\",\"potentialAction\":[{\"@type\":\"ReadAction\",\"target\":[\"https:\\\/\\\/www.24gliwice.pl\\\/wiadomosci\\\/macie-w-domu-zbedne-sprzety-ubrania-lub-tekstylia-zbiorki-odbeda-sie-w-roznych-miejscach-na-terenie-gliwic\\\/\"]}]},{\"@type\":\"ImageObject\",\"inLanguage\":\"pl-PL\",\"@id\":\"https:\\\/\\\/www.24gliwice.pl\\\/wiadomosci\\\/macie-w-domu-zbedne-sprzety-ubrania-lub-tekstylia-zbiorki-odbeda-sie-w-roznych-miejscach-na-terenie-gliwic\\\/#primaryimage\",\"url\":\"https:\\\/\\\/www.24gliwice.pl\\\/wiadomosci\\\/wp-content\\\/uploads\\\/2025\\\/05\\\/Zrzut-ekranu-2025-05-09-174306.jpg\",\"contentUrl\":\"https:\\\/\\\/www.24gliwice.pl\\\/wiadomosci\\\/wp-content\\\/uploads\\\/2025\\\/05\\\/Zrzut-ekranu-2025-05-09-174306.jpg\",\"width\":1019,\"height\":574},{\"@type\":\"BreadcrumbList\",\"@id\":\"https:\\\/\\\/www.24gliwice.pl\\\/wiadomosci\\\/macie-w-domu-zbedne-sprzety-ubrania-lub-tekstylia-zbiorki-odbeda-sie-w-roznych-miejscach-na-terenie-gliwic\\\/#breadcrumb\",\"itemListElement\":[{\"@type\":\"ListItem\",\"position\":1,\"name\":\"Strona g\u0142\u00f3wna\",\"item\":\"https:\\\/\\\/www.24gliwice.pl\\\/wiadomosci\\\/\"},{\"@type\":\"ListItem\",\"position\":2,\"name\":\"Macie w domu zb\u0119dne sprz\u0119ty, ubrania lub tekstylia? Zbi\u00f3rki odb\u0119d\u0105 si\u0119 w r\u00f3\u017cnych miejscach na terenie Gliwic\"}]},{\"@type\":\"WebSite\",\"@id\":\"https:\\\/\\\/www.24gliwice.pl\\\/wiadomosci\\\/#website\",\"url\":\"https:\\\/\\\/www.24gliwice.pl\\\/wiadomosci\\\/\",\"name\":\"24GLIWICE - Portal Gliwice | codziennie nowe wiadomo\u015bci\",\"description\":\"Portal Miejski Gliwice\",\"publisher\":{\"@id\":\"https:\\\/\\\/www.24gliwice.pl\\\/wiadomosci\\\/#organization\"},\"potentialAction\":[{\"@type\":\"SearchAction\",\"target\":{\"@type\":\"EntryPoint\",\"urlTemplate\":\"https:\\\/\\\/www.24gliwice.pl\\\/wiadomosci\\\/?s={search_term_string}\"},\"query-input\":{\"@type\":\"PropertyValueSpecification\",\"valueRequired\":true,\"valueName\":\"search_term_string\"}}],\"inLanguage\":\"pl-PL\"},{\"@type\":\"Organization\",\"@id\":\"https:\\\/\\\/www.24gliwice.pl\\\/wiadomosci\\\/#organization\",\"name\":\"24gliwice\",\"url\":\"https:\\\/\\\/www.24gliwice.pl\\\/wiadomosci\\\/\",\"logo\":{\"@type\":\"ImageObject\",\"inLanguage\":\"pl-PL\",\"@id\":\"https:\\\/\\\/www.24gliwice.pl\\\/wiadomosci\\\/#\\\/schema\\\/logo\\\/image\\\/\",\"url\":\"https:\\\/\\\/www.24gliwice.pl\\\/wiadomosci\\\/wp-content\\\/uploads\\\/2024\\\/10\\\/24gliwice-logo-696.jpg\",\"contentUrl\":\"https:\\\/\\\/www.24gliwice.pl\\\/wiadomosci\\\/wp-content\\\/uploads\\\/2024\\\/10\\\/24gliwice-logo-696.jpg\",\"width\":696,\"height\":696,\"caption\":\"24gliwice\"},\"image\":{\"@id\":\"https:\\\/\\\/www.24gliwice.pl\\\/wiadomosci\\\/#\\\/schema\\\/logo\\\/image\\\/\"},\"sameAs\":[\"https:\\\/\\\/www.facebook.com\\\/24gliwice\",\"https:\\\/\\\/x.com\\\/24gliwice\",\"https:\\\/\\\/www.youtube.com\\\/@24gliwice\"]},{\"@type\":\"Person\",\"@id\":\"https:\\\/\\\/www.24gliwice.pl\\\/wiadomosci\\\/#\\\/schema\\\/person\\\/e42c650edd7f2fa332be3811fb166b6e\",\"name\":\"\u017baneta Mrozek-Siewierska\",\"image\":{\"@type\":\"ImageObject\",\"inLanguage\":\"pl-PL\",\"@id\":\"https:\\\/\\\/secure.gravatar.com\\\/avatar\\\/1881429e9c64597c77ad7aef2d0a19be69a3253e57534d16aa15bf3a4d34a0a3?s=96&d=mm&r=g\",\"url\":\"https:\\\/\\\/secure.gravatar.com\\\/avatar\\\/1881429e9c64597c77ad7aef2d0a19be69a3253e57534d16aa15bf3a4d34a0a3?s=96&d=mm&r=g\",\"contentUrl\":\"https:\\\/\\\/secure.gravatar.com\\\/avatar\\\/1881429e9c64597c77ad7aef2d0a19be69a3253e57534d16aa15bf3a4d34a0a3?s=96&d=mm&r=g\",\"caption\":\"\u017baneta Mrozek-Siewierska\"},\"url\":\"https:\\\/\\\/www.24gliwice.pl\\\/wiadomosci\\\/author\\\/zms\\\/\"}]}<\/script>\n<!-- \/ Yoast SEO plugin. -->","yoast_head_json":{"title":"Macie w domu zb\u0119dne sprz\u0119ty, ubrania lub tekstylia? Zbi\u00f3rki odb\u0119d\u0105 si\u0119 w r\u00f3\u017cnych miejscach na terenie Gliwic - 24GLIWICE - Portal Gliwice | codziennie nowe informacje","description":"Zbi\u00f3rki odzie\u017cy i elektro\u015bmieci odb\u0119d\u0105 si\u0119 tego samego dnia - w sobot\u0119, 10 maja, w kilku dzielnicach Gliwic pojawi\u0105 si\u0119 specjalne pojazdy","robots":{"index":"index","follow":"follow","max-snippet":"max-snippet:-1","max-image-preview":"max-image-preview:large","max-video-preview":"max-video-preview:-1"},"canonical":"https:\/\/www.24gliwice.pl\/wiadomosci\/macie-w-domu-zbedne-sprzety-ubrania-lub-tekstylia-zbiorki-odbeda-sie-w-roznych-miejscach-na-terenie-gliwic\/","og_locale":"pl_PL","og_type":"article","og_title":"Macie w domu zb\u0119dne sprz\u0119ty, ubrania lub tekstylia? Zbi\u00f3rki odb\u0119d\u0105 si\u0119 w r\u00f3\u017cnych miejscach na terenie Gliwic - 24GLIWICE - Portal Gliwice | codziennie nowe informacje","og_description":"Zbi\u00f3rki odzie\u017cy i elektro\u015bmieci odb\u0119d\u0105 si\u0119 tego samego dnia - w sobot\u0119, 10 maja, w kilku dzielnicach Gliwic pojawi\u0105 si\u0119 specjalne pojazdy","og_url":"https:\/\/www.24gliwice.pl\/wiadomosci\/macie-w-domu-zbedne-sprzety-ubrania-lub-tekstylia-zbiorki-odbeda-sie-w-roznych-miejscach-na-terenie-gliwic\/","og_site_name":"24GLIWICE - Portal Gliwice | codziennie nowe informacje","article_publisher":"https:\/\/www.facebook.com\/24gliwice","article_published_time":"2025-05-09T01:15:09+00:00","article_modified_time":"2025-05-11T02:11:45+00:00","og_image":[{"width":1019,"height":574,"url":"https:\/\/www.24gliwice.pl\/wiadomosci\/wp-content\/uploads\/2025\/05\/Zrzut-ekranu-2025-05-09-174306.jpg","type":"image\/jpeg"}],"author":"\u017baneta Mrozek-Siewierska","twitter_card":"summary_large_image","twitter_creator":"@24gliwice","twitter_site":"@24gliwice","twitter_misc":{"Napisane przez":"\u017baneta Mrozek-Siewierska","Szacowany czas czytania":"2 minuty"},"schema":{"@context":"https:\/\/schema.org","@graph":[{"@type":"Article","@id":"https:\/\/www.24gliwice.pl\/wiadomosci\/macie-w-domu-zbedne-sprzety-ubrania-lub-tekstylia-zbiorki-odbeda-sie-w-roznych-miejscach-na-terenie-gliwic\/#article","isPartOf":{"@id":"https:\/\/www.24gliwice.pl\/wiadomosci\/macie-w-domu-zbedne-sprzety-ubrania-lub-tekstylia-zbiorki-odbeda-sie-w-roznych-miejscach-na-terenie-gliwic\/"},"author":{"name":"\u017baneta Mrozek-Siewierska","@id":"https:\/\/www.24gliwice.pl\/wiadomosci\/#\/schema\/person\/e42c650edd7f2fa332be3811fb166b6e"},"headline":"Macie w domu zb\u0119dne sprz\u0119ty, ubrania lub tekstylia? Zbi\u00f3rki odb\u0119d\u0105 si\u0119 w r\u00f3\u017cnych miejscach na terenie Gliwic","datePublished":"2025-05-09T01:15:09+00:00","dateModified":"2025-05-11T02:11:45+00:00","mainEntityOfPage":{"@id":"https:\/\/www.24gliwice.pl\/wiadomosci\/macie-w-domu-zbedne-sprzety-ubrania-lub-tekstylia-zbiorki-odbeda-sie-w-roznych-miejscach-na-terenie-gliwic\/"},"wordCount":390,"commentCount":3,"publisher":{"@id":"https:\/\/www.24gliwice.pl\/wiadomosci\/#organization"},"image":{"@id":"https:\/\/www.24gliwice.pl\/wiadomosci\/macie-w-domu-zbedne-sprzety-ubrania-lub-tekstylia-zbiorki-odbeda-sie-w-roznych-miejscach-na-terenie-gliwic\/#primaryimage"},"thumbnailUrl":"https:\/\/www.24gliwice.pl\/wiadomosci\/wp-content\/uploads\/2025\/05\/Zrzut-ekranu-2025-05-09-174306.jpg","keywords":["ZBI\u00d3RKA ELEKTRO\u015aMIECI","ZBI\u00d3RKA ODZIE\u017bY"],"articleSection":["Gliwice","Najnowsze wiadomo\u015bci"],"inLanguage":"pl-PL","potentialAction":[{"@type":"CommentAction","name":"Comment","target":["https:\/\/www.24gliwice.pl\/wiadomosci\/macie-w-domu-zbedne-sprzety-ubrania-lub-tekstylia-zbiorki-odbeda-sie-w-roznych-miejscach-na-terenie-gliwic\/#respond"]}]},{"@type":"WebPage","@id":"https:\/\/www.24gliwice.pl\/wiadomosci\/macie-w-domu-zbedne-sprzety-ubrania-lub-tekstylia-zbiorki-odbeda-sie-w-roznych-miejscach-na-terenie-gliwic\/","url":"https:\/\/www.24gliwice.pl\/wiadomosci\/macie-w-domu-zbedne-sprzety-ubrania-lub-tekstylia-zbiorki-odbeda-sie-w-roznych-miejscach-na-terenie-gliwic\/","name":"Macie w domu zb\u0119dne sprz\u0119ty, ubrania lub tekstylia? Zbi\u00f3rki odb\u0119d\u0105 si\u0119 w r\u00f3\u017cnych miejscach na terenie Gliwic - 24GLIWICE - Portal Gliwice | codziennie nowe informacje","isPartOf":{"@id":"https:\/\/www.24gliwice.pl\/wiadomosci\/#website"},"primaryImageOfPage":{"@id":"https:\/\/www.24gliwice.pl\/wiadomosci\/macie-w-domu-zbedne-sprzety-ubrania-lub-tekstylia-zbiorki-odbeda-sie-w-roznych-miejscach-na-terenie-gliwic\/#primaryimage"},"image":{"@id":"https:\/\/www.24gliwice.pl\/wiadomosci\/macie-w-domu-zbedne-sprzety-ubrania-lub-tekstylia-zbiorki-odbeda-sie-w-roznych-miejscach-na-terenie-gliwic\/#primaryimage"},"thumbnailUrl":"https:\/\/www.24gliwice.pl\/wiadomosci\/wp-content\/uploads\/2025\/05\/Zrzut-ekranu-2025-05-09-174306.jpg","datePublished":"2025-05-09T01:15:09+00:00","dateModified":"2025-05-11T02:11:45+00:00","description":"Zbi\u00f3rki odzie\u017cy i elektro\u015bmieci odb\u0119d\u0105 si\u0119 tego samego dnia - w sobot\u0119, 10 maja, w kilku dzielnicach Gliwic pojawi\u0105 si\u0119 specjalne pojazdy","breadcrumb":{"@id":"https:\/\/www.24gliwice.pl\/wiadomosci\/macie-w-domu-zbedne-sprzety-ubrania-lub-tekstylia-zbiorki-odbeda-sie-w-roznych-miejscach-na-terenie-gliwic\/#breadcrumb"},"inLanguage":"pl-PL","potentialAction":[{"@type":"ReadAction","target":["https:\/\/www.24gliwice.pl\/wiadomosci\/macie-w-domu-zbedne-sprzety-ubrania-lub-tekstylia-zbiorki-odbeda-sie-w-roznych-miejscach-na-terenie-gliwic\/"]}]},{"@type":"ImageObject","inLanguage":"pl-PL","@id":"https:\/\/www.24gliwice.pl\/wiadomosci\/macie-w-domu-zbedne-sprzety-ubrania-lub-tekstylia-zbiorki-odbeda-sie-w-roznych-miejscach-na-terenie-gliwic\/#primaryimage","url":"https:\/\/www.24gliwice.pl\/wiadomosci\/wp-content\/uploads\/2025\/05\/Zrzut-ekranu-2025-05-09-174306.jpg","contentUrl":"https:\/\/www.24gliwice.pl\/wiadomosci\/wp-content\/uploads\/2025\/05\/Zrzut-ekranu-2025-05-09-174306.jpg","width":1019,"height":574},{"@type":"BreadcrumbList","@id":"https:\/\/www.24gliwice.pl\/wiadomosci\/macie-w-domu-zbedne-sprzety-ubrania-lub-tekstylia-zbiorki-odbeda-sie-w-roznych-miejscach-na-terenie-gliwic\/#breadcrumb","itemListElement":[{"@type":"ListItem","position":1,"name":"Strona g\u0142\u00f3wna","item":"https:\/\/www.24gliwice.pl\/wiadomosci\/"},{"@type":"ListItem","position":2,"name":"Macie w domu zb\u0119dne sprz\u0119ty, ubrania lub tekstylia? Zbi\u00f3rki odb\u0119d\u0105 si\u0119 w r\u00f3\u017cnych miejscach na terenie Gliwic"}]},{"@type":"WebSite","@id":"https:\/\/www.24gliwice.pl\/wiadomosci\/#website","url":"https:\/\/www.24gliwice.pl\/wiadomosci\/","name":"24GLIWICE - Portal Gliwice | codziennie nowe wiadomo\u015bci","description":"Portal Miejski Gliwice","publisher":{"@id":"https:\/\/www.24gliwice.pl\/wiadomosci\/#organization"},"potentialAction":[{"@type":"SearchAction","target":{"@type":"EntryPoint","urlTemplate":"https:\/\/www.24gliwice.pl\/wiadomosci\/?s={search_term_string}"},"query-input":{"@type":"PropertyValueSpecification","valueRequired":true,"valueName":"search_term_string"}}],"inLanguage":"pl-PL"},{"@type":"Organization","@id":"https:\/\/www.24gliwice.pl\/wiadomosci\/#organization","name":"24gliwice","url":"https:\/\/www.24gliwice.pl\/wiadomosci\/","logo":{"@type":"ImageObject","inLanguage":"pl-PL","@id":"https:\/\/www.24gliwice.pl\/wiadomosci\/#\/schema\/logo\/image\/","url":"https:\/\/www.24gliwice.pl\/wiadomosci\/wp-content\/uploads\/2024\/10\/24gliwice-logo-696.jpg","contentUrl":"https:\/\/www.24gliwice.pl\/wiadomosci\/wp-content\/uploads\/2024\/10\/24gliwice-logo-696.jpg","width":696,"height":696,"caption":"24gliwice"},"image":{"@id":"https:\/\/www.24gliwice.pl\/wiadomosci\/#\/schema\/logo\/image\/"},"sameAs":["https:\/\/www.facebook.com\/24gliwice","https:\/\/x.com\/24gliwice","https:\/\/www.youtube.com\/@24gliwice"]},{"@type":"Person","@id":"https:\/\/www.24gliwice.pl\/wiadomosci\/#\/schema\/person\/e42c650edd7f2fa332be3811fb166b6e","name":"\u017baneta Mrozek-Siewierska","image":{"@type":"ImageObject","inLanguage":"pl-PL","@id":"https:\/\/secure.gravatar.com\/avatar\/1881429e9c64597c77ad7aef2d0a19be69a3253e57534d16aa15bf3a4d34a0a3?s=96&d=mm&r=g","url":"https:\/\/secure.gravatar.com\/avatar\/1881429e9c64597c77ad7aef2d0a19be69a3253e57534d16aa15bf3a4d34a0a3?s=96&d=mm&r=g","contentUrl":"https:\/\/secure.gravatar.com\/avatar\/1881429e9c64597c77ad7aef2d0a19be69a3253e57534d16aa15bf3a4d34a0a3?s=96&d=mm&r=g","caption":"\u017baneta Mrozek-Siewierska"},"url":"https:\/\/www.24gliwice.pl\/wiadomosci\/author\/zms\/"}]}},"_links":{"self":[{"href":"https:\/\/www.24gliwice.pl\/wiadomosci\/wp-json\/wp\/v2\/posts\/253913","targetHints":{"allow":["GET"]}}],"collection":[{"href":"https:\/\/www.24gliwice.pl\/wiadomosci\/wp-json\/wp\/v2\/posts"}],"about":[{"href":"https:\/\/www.24gliwice.pl\/wiadomosci\/wp-json\/wp\/v2\/types\/post"}],"author":[{"embeddable":true,"href":"https:\/\/www.24gliwice.pl\/wiadomosci\/wp-json\/wp\/v2\/users\/15"}],"replies":[{"embeddable":true,"href":"https:\/\/www.24gliwice.pl\/wiadomosci\/wp-json\/wp\/v2\/comments?post=253913"}],"version-history":[{"count":0,"href":"https:\/\/www.24gliwice.pl\/wiadomosci\/wp-json\/wp\/v2\/posts\/253913\/revisions"}],"wp:featuredmedia":[{"embeddable":true,"href":"https:\/\/www.24gliwice.pl\/wiadomosci\/wp-json\/wp\/v2\/media\/253970"}],"wp:attachment":[{"href":"https:\/\/www.24gliwice.pl\/wiadomosci\/wp-json\/wp\/v2\/media?parent=253913"}],"wp:term":[{"taxonomy":"category","embeddable":true,"href":"https:\/\/www.24gliwice.pl\/wiadomosci\/wp-json\/wp\/v2\/categories?post=253913"},{"taxonomy":"post_tag","embeddable":true,"href":"https:\/\/www.24gliwice.pl\/wiadomosci\/wp-json\/wp\/v2\/tags?post=253913"}],"curies":[{"name":"wp","href":"https:\/\/api.w.org\/{rel}","templated":true}]}}