{"id":254096,"date":"2025-05-14T03:07:34","date_gmt":"2025-05-14T01:07:34","guid":{"rendered":"https:\/\/www.24gliwice.pl\/wiadomosci\/?p=254096"},"modified":"2025-05-14T03:07:34","modified_gmt":"2025-05-14T01:07:34","slug":"rozpoczyna-sie-budowa-gliwickiego-szpitala-w-nysie-chcemy-zapewnic-pacjentom-najwyzszy-poziom-leczenia","status":"publish","type":"post","link":"https:\/\/www.24gliwice.pl\/wiadomosci\/rozpoczyna-sie-budowa-gliwickiego-szpitala-w-nysie-chcemy-zapewnic-pacjentom-najwyzszy-poziom-leczenia\/","title":{"rendered":"Rozpoczyna si\u0119 budowa gliwickiego szpitala&#8230; w Nysie. &#8220;Chcemy zapewni\u0107 pacjentom najwy\u017cszy poziom leczenia&#8221;"},"content":{"rendered":"<div class=\"gliwi-a6-nad-leadem-artykulow gliwi-entity-placement\" id=\"gliwi-3866930423\"><div class=\"gliwi-adlabel\"><span style=\"font-size: 9px\">REKLAMA<\/span><\/div><div id=\"gliwi-2202911930\" style=\"margin-bottom: 30px;margin-left: auto;margin-right: auto;text-align: center;\"><a data-no-instant=\"1\" href=\"https:\/\/przedszkole.halogen.org.pl\/\" rel=\"noopener\" class=\"a2t-link\" target=\"_blank\" aria-label=\"20260402-ANIMATOR-przedszkole_grafika_750x200\"><img loading=\"lazy\" decoding=\"async\" src=\"https:\/\/www.24gliwice.pl\/wiadomosci\/wp-content\/uploads\/2026\/04\/20260402-ANIMATOR-przedszkole_grafika_750x200.webp\" alt=\"\"  srcset=\"https:\/\/www.24gliwice.pl\/wiadomosci\/wp-content\/uploads\/2026\/04\/20260402-ANIMATOR-przedszkole_grafika_750x200.webp 750w, https:\/\/www.24gliwice.pl\/wiadomosci\/wp-content\/uploads\/2026\/04\/20260402-ANIMATOR-przedszkole_grafika_750x200-410x109.webp 410w\" sizes=\"(max-width: 750px) 100vw, 750px\" class=\"no-lazyload\" width=\"750\" height=\"200\"  style=\"display: inline-block; max-width: 100%; height: auto;\" \/><\/a><\/div><\/div><h2>Rozpoczyna si\u0119 budowa nowego szpitala dla powiatu nyskiego. Obiekt powstanie na bazie przekazanego Nysie projektu plac\u00f3wki, kt\u00f3r\u0105 samorz\u0105d minionej kadencji zamierza\u0142 wybudowa\u0107 w Gliwicach, nowe w\u0142adze miasta zdecydowa\u0142y si\u0119 jednak na wdro\u017cenie innej koncepcji budowy lecznicy. W naszym mie\u015bcie ma powsta\u0107 Centrum Chor\u00f3b Cywilizacyjnych \u015aUM.<\/h2>\n<p><!--more--><\/p>\n<p>Przypomnijmy, \u017ce szpital w opolskiej miejscowo\u015bci zosta\u0142 zniszczony podczas wrze\u015bniowej powodzi. Miasto Gliwice, w ramach pomocy powodzianom, zdecydowa\u0142o si\u0119 nieodp\u0142atnie udzieli\u0107 Nysie licencji na wykorzystanie gotowej dokumentacji projektowej plac\u00f3wki, pierwotnie planowanej przy ulicy Kujawskiej. <\/p>\n<blockquote><p><em>Miasto ma do niego pe\u0142ne prawa autorskie, co pozwala na wielokrotne wykorzystywanie projektu<\/em> <\/p><\/blockquote>\n<p>&#8211; zapewniano na stronie magistratu w po\u0142owie marca br. <\/p><div class=\"gliwi-a3-w-tresci-artykulow gliwi-entity-placement\" id=\"gliwi-4173052555\"><div class=\"gliwi-adlabel\"><span style=\"font-size: 9px\">REKLAMA<\/span><\/div><div id=\"gliwi-885127462\" style=\"margin-bottom: 30px;margin-left: auto;margin-right: auto;text-align: center;\"><a data-no-instant=\"1\" href=\"https:\/\/zlobek.halogen.org.pl\/\" rel=\"noopener\" class=\"a2t-link\" target=\"_blank\" aria-label=\"animator-zlobek_750x200\"><img loading=\"lazy\" decoding=\"async\" src=\"https:\/\/www.24gliwice.pl\/wiadomosci\/wp-content\/uploads\/2026\/02\/animator-zlobek_750x200.webp\" alt=\"\"  srcset=\"https:\/\/www.24gliwice.pl\/wiadomosci\/wp-content\/uploads\/2026\/02\/animator-zlobek_750x200.webp 750w, https:\/\/www.24gliwice.pl\/wiadomosci\/wp-content\/uploads\/2026\/02\/animator-zlobek_750x200-410x109.webp 410w\" sizes=\"(max-width: 750px) 100vw, 750px\" class=\"no-lazyload\" width=\"750\" height=\"200\"  style=\"display: inline-block; max-width: 100%; height: auto;\" \/><\/a><\/div><\/div>\n<p>Zamiast samego nowego budynku Szpitala Miejskiego nr 4, w Gliwicach powstanie szpital kliniczny \u015al\u0105skiego Uniwersytetu Medycznego &#8211; Centrum Chor\u00f3b Cywilizacyjnych, w kt\u00f3rym znajdzie si\u0119 cz\u0119\u015b\u0107 miejska i kliniki \u015aUM. 18 lutego uczelnia przekaza\u0142a do Ministerstwa Zdrowia dokumentacj\u0119 Instrumentu Oceny Wniosk\u00f3w Inwestycyjnych w S\u0142u\u017cbie Zdrowia wraz z za\u0142\u0105cznikami. Z informacji przekazanej przez Urz\u0105d Miejski w poniedzia\u0142ek, 12 maja, wynika, \u017ce aktualnie wniosek IOWISZ w dalszym ci\u0105gu jest w trakcie weryfikacji. <\/p>\n<p>Zgodnie z za\u0142o\u017ceniami, w pierwszej kolejno\u015bci, do roku<strong> 2030<\/strong>, otwarta zostanie \u201ecz\u0119\u015b\u0107 miejska\u201d nowej plac\u00f3wki leczniczej. <\/p>\n<h4>Startuje budowa (gliwickiego) szpitala w Nysie<\/h4>\n<p>Projekt szpitala, kt\u00f3ry mia\u0142 powsta\u0107 w Gliwicach, posiada\u0142 ju\u017c pozytywn\u0105 decyzj\u0119 w procedurze IOWISZ, m.in. dlatego powiat nyski mo\u017ce na jego bazie szybciej rozpocz\u0105\u0107 budow\u0119. Jak informuje lokalny portal<a href=\"https:\/\/nto.pl\/500-mln-zlotych-na-nowy-szpital-w-nysie-obiekt-ma-byc-otwarty-w-drugiej-polowie-2028-roku\/ar\/c1p2-27571389\" target=\"_blank\"> NTO.pl,<\/a> obecnie trwa dostosowanie dokumentacji projektowej na potrzeby nyskie. Chodzi m.in.: o wyprostowanie bry\u0142y obiektu. Z kolei na stronie Ministerstwa Spraw Wewn\u0119trznych i Administracji zamieszczono informacj\u0119, \u017ce proces realizacji tej inwestycji w\u0142a\u015bnie si\u0119 rozpoczyna. <\/p>\n<p>&#8211; Dzia\u0142aj\u0105c wsp\u00f3lnie w ramach rz\u0105du, wsp\u00f3\u0142pracuj\u0105c ze starost\u0105, w\u0142adzami powiatu oraz w\u0142adzami miasta, chcemy dzi\u015b og\u0142osi\u0107 rozpocz\u0119cie projektu budowy nowego szpitala w Nysie &#8211; poinformowa\u0142 szef MSWiA <strong>Tomasz Siemoniak<\/strong> podczas wsp\u00f3lnego briefingu prasowego z ministrami <strong>Izabel\u0105 Leszczyn\u0105<\/strong> i <strong>Marcinem Kierwi\u0144skim <\/strong>oraz starost\u0105 nyskim <strong>Danielem Palim\u0105k\u0105<\/strong>, kt\u00f3ry odby\u0142 si\u0119 w pierwszej po\u0142owie maja.<\/p>\n<p>Szpital w Nysie jest jednym z wielu miejsc, kt\u00f3re dotkn\u0119\u0142a tragiczna pow\u00f3d\u017a we wrze\u015bniu ubieg\u0142ego roku. Woda wdar\u0142a si\u0119 na oddzia\u0142 ratunkowy, do laboratorium i doszcz\u0119tnie zniszczy\u0142a drogi sprz\u0119t, taki jak tomografy, rezonans oraz jedyn\u0105 w wojew\u00f3dztwie pracowni\u0119 terapii hiperbarycznej.<\/p>\n<blockquote><p>Udowadniamy, \u017ce mo\u017cemy wsp\u00f3\u0142pracowa\u0107 dla dobra i bezpiecze\u0144stwa wszystkich pacjent\u00f3w. Zbudujemy nowy, fantastyczny szpital. B\u0119dzie w nim nowoczesny sprz\u0119t, technologia, l\u0105dowiska, ca\u0142a niezb\u0119dna infrastruktura. Chcemy zapewni\u0107 pacjentom najwy\u017cszy poziom leczenia<\/p><\/blockquote>\n<p>\u2013 podkre\u015bli\u0142a minister zdrowia Izabela Leszczyna. &#8211; Zabezpieczyli\u015bmy 500 mln z\u0142. Jeste\u015bmy gotowi, aby wybudowa\u0107 szpital na miar\u0119 XXI wieku &#8211; doda\u0142a. Obecnie trwaj\u0105 intensywne prace nad realizacj\u0105 ca\u0142ego przedsi\u0119wzi\u0119cia. Planuje si\u0119, \u017ce szpital rozpocznie swoj\u0105 dzia\u0142alno\u015b\u0107 <strong>w drugim p\u00f3\u0142roczu 2028 r.<\/strong><\/p>\n<p>(\u017cms)<br \/>\nwiz. Industria Project<\/p>\n<div class=\"gliwi-a5-na-koncu-artykulow gliwi-entity-placement\" id=\"gliwi-2852301960\"><div class=\"gliwi-adlabel\"><span style=\"font-size: 9px\">REKLAMA<\/span><\/div><div id=\"gliwi-4053962070\" style=\"margin-left: auto;margin-right: auto;text-align: center;\"><a data-no-instant=\"1\" href=\"https:\/\/prezeroarenagliwice.pl\/\" rel=\"noopener\" class=\"a2t-link\" target=\"_blank\" aria-label=\"20260309-PREZERO-WIOSNA-D\"><img loading=\"lazy\" decoding=\"async\" src=\"https:\/\/www.24gliwice.pl\/wiadomosci\/wp-content\/uploads\/2026\/03\/20260309-PREZERO-WIOSNA-D.webp\" alt=\"\"  srcset=\"https:\/\/www.24gliwice.pl\/wiadomosci\/wp-content\/uploads\/2026\/03\/20260309-PREZERO-WIOSNA-D.webp 750w, https:\/\/www.24gliwice.pl\/wiadomosci\/wp-content\/uploads\/2026\/03\/20260309-PREZERO-WIOSNA-D-410x109.webp 410w\" sizes=\"(max-width: 750px) 100vw, 750px\" class=\"no-lazyload\" width=\"750\" height=\"200\"  style=\"display: inline-block; max-width: 100%; height: auto;\" \/><\/a><\/div><\/div>","protected":false},"excerpt":{"rendered":"<p>Rozpoczyna si\u0119 budowa nowego szpitala dla powiatu nyskiego. Obiekt powstanie na bazie przekazanego Nysie projektu plac\u00f3wki, kt\u00f3r\u0105 samorz\u0105d minionej kadencji zamierza\u0142 wybudowa\u0107 w Gliwicach, nowe w\u0142adze miasta zdecydowa\u0142y si\u0119 jednak na wdro\u017cenie innej koncepcji budowy lecznicy. W naszym mie\u015bcie ma powsta\u0107 Centrum Chor\u00f3b Cywilizacyjnych \u015aUM.<\/p>\n","protected":false},"author":15,"featured_media":254114,"comment_status":"open","ping_status":"closed","sticky":false,"template":"","format":"standard","meta":{"_monsterinsights_skip_tracking":false,"_monsterinsights_sitenote_active":false,"_monsterinsights_sitenote_note":"","_monsterinsights_sitenote_category":0,"footnotes":"","_links_to":"","_links_to_target":""},"categories":[3,1,9],"tags":[24223,5000],"class_list":["post-254096","post","type-post","status-publish","format-standard","has-post-thumbnail","hentry","category-gliwice","category-wszystko","category-aktualnosci_lokalne","tag-nysa","tag-szpital"],"yoast_head":"<!-- This site is optimized with the Yoast SEO plugin v27.5 - https:\/\/yoast.com\/product\/yoast-seo-wordpress\/ -->\n<title>Rozpoczyna si\u0119 budowa gliwickiego szpitala... w Nysie. &quot;Chcemy zapewni\u0107 pacjentom najwy\u017cszy poziom leczenia&quot; - 24GLIWICE - Portal Gliwice | codziennie nowe informacje<\/title>\n<meta name=\"description\" content=\"Szpital na bazie projektu, kt\u00f3ry mia\u0142 by\u0107 realizowany w Gliwicach, zostanie wybudowany w Nysie. MSWiA og\u0142osi\u0142o rozpocz\u0119cie tej inwestycji\" \/>\n<meta name=\"robots\" content=\"index, follow, max-snippet:-1, max-image-preview:large, max-video-preview:-1\" \/>\n<link rel=\"canonical\" href=\"https:\/\/www.24gliwice.pl\/wiadomosci\/rozpoczyna-sie-budowa-gliwickiego-szpitala-w-nysie-chcemy-zapewnic-pacjentom-najwyzszy-poziom-leczenia\/\" \/>\n<meta property=\"og:locale\" content=\"pl_PL\" \/>\n<meta property=\"og:type\" content=\"article\" \/>\n<meta property=\"og:title\" content=\"Rozpoczyna si\u0119 budowa gliwickiego szpitala... w Nysie. &quot;Chcemy zapewni\u0107 pacjentom najwy\u017cszy poziom leczenia&quot; - 24GLIWICE - Portal Gliwice | codziennie nowe informacje\" \/>\n<meta property=\"og:description\" content=\"Szpital na bazie projektu, kt\u00f3ry mia\u0142 by\u0107 realizowany w Gliwicach, zostanie wybudowany w Nysie. MSWiA og\u0142osi\u0142o rozpocz\u0119cie tej inwestycji\" \/>\n<meta property=\"og:url\" content=\"https:\/\/www.24gliwice.pl\/wiadomosci\/rozpoczyna-sie-budowa-gliwickiego-szpitala-w-nysie-chcemy-zapewnic-pacjentom-najwyzszy-poziom-leczenia\/\" \/>\n<meta property=\"og:site_name\" content=\"24GLIWICE - Portal Gliwice | codziennie nowe informacje\" \/>\n<meta property=\"article:publisher\" content=\"https:\/\/www.facebook.com\/24gliwice\" \/>\n<meta property=\"article:published_time\" content=\"2025-05-14T01:07:34+00:00\" \/>\n<meta property=\"og:image\" content=\"https:\/\/www.24gliwice.pl\/wiadomosci\/wp-content\/uploads\/2025\/05\/Zrzut-ekranu-2025-05-13-145501.jpg\" \/>\n\t<meta property=\"og:image:width\" content=\"810\" \/>\n\t<meta property=\"og:image:height\" content=\"456\" \/>\n\t<meta property=\"og:image:type\" content=\"image\/jpeg\" \/>\n<meta name=\"author\" content=\"\u017baneta Mrozek-Siewierska\" \/>\n<meta name=\"twitter:card\" content=\"summary_large_image\" \/>\n<meta name=\"twitter:creator\" content=\"@24gliwice\" \/>\n<meta name=\"twitter:site\" content=\"@24gliwice\" \/>\n<meta name=\"twitter:label1\" content=\"Napisane przez\" \/>\n\t<meta name=\"twitter:data1\" content=\"\u017baneta Mrozek-Siewierska\" \/>\n\t<meta name=\"twitter:label2\" content=\"Szacowany czas czytania\" \/>\n\t<meta name=\"twitter:data2\" content=\"3 minuty\" \/>\n<script type=\"application\/ld+json\" class=\"yoast-schema-graph\">{\"@context\":\"https:\\\/\\\/schema.org\",\"@graph\":[{\"@type\":\"Article\",\"@id\":\"https:\\\/\\\/www.24gliwice.pl\\\/wiadomosci\\\/rozpoczyna-sie-budowa-gliwickiego-szpitala-w-nysie-chcemy-zapewnic-pacjentom-najwyzszy-poziom-leczenia\\\/#article\",\"isPartOf\":{\"@id\":\"https:\\\/\\\/www.24gliwice.pl\\\/wiadomosci\\\/rozpoczyna-sie-budowa-gliwickiego-szpitala-w-nysie-chcemy-zapewnic-pacjentom-najwyzszy-poziom-leczenia\\\/\"},\"author\":{\"name\":\"\u017baneta Mrozek-Siewierska\",\"@id\":\"https:\\\/\\\/www.24gliwice.pl\\\/wiadomosci\\\/#\\\/schema\\\/person\\\/e42c650edd7f2fa332be3811fb166b6e\"},\"headline\":\"Rozpoczyna si\u0119 budowa gliwickiego szpitala&#8230; w Nysie. &#8220;Chcemy zapewni\u0107 pacjentom najwy\u017cszy poziom leczenia&#8221;\",\"datePublished\":\"2025-05-14T01:07:34+00:00\",\"mainEntityOfPage\":{\"@id\":\"https:\\\/\\\/www.24gliwice.pl\\\/wiadomosci\\\/rozpoczyna-sie-budowa-gliwickiego-szpitala-w-nysie-chcemy-zapewnic-pacjentom-najwyzszy-poziom-leczenia\\\/\"},\"wordCount\":515,\"commentCount\":74,\"publisher\":{\"@id\":\"https:\\\/\\\/www.24gliwice.pl\\\/wiadomosci\\\/#organization\"},\"image\":{\"@id\":\"https:\\\/\\\/www.24gliwice.pl\\\/wiadomosci\\\/rozpoczyna-sie-budowa-gliwickiego-szpitala-w-nysie-chcemy-zapewnic-pacjentom-najwyzszy-poziom-leczenia\\\/#primaryimage\"},\"thumbnailUrl\":\"https:\\\/\\\/www.24gliwice.pl\\\/wiadomosci\\\/wp-content\\\/uploads\\\/2025\\\/05\\\/Zrzut-ekranu-2025-05-13-145501.jpg\",\"keywords\":[\"NYSA\",\"SZPITAL\"],\"articleSection\":[\"Gliwice\",\"Najnowsze wiadomo\u015bci\",\"Portal Gliwice - Wiadomo\u015bci lokalne\"],\"inLanguage\":\"pl-PL\",\"potentialAction\":[{\"@type\":\"CommentAction\",\"name\":\"Comment\",\"target\":[\"https:\\\/\\\/www.24gliwice.pl\\\/wiadomosci\\\/rozpoczyna-sie-budowa-gliwickiego-szpitala-w-nysie-chcemy-zapewnic-pacjentom-najwyzszy-poziom-leczenia\\\/#respond\"]}]},{\"@type\":\"WebPage\",\"@id\":\"https:\\\/\\\/www.24gliwice.pl\\\/wiadomosci\\\/rozpoczyna-sie-budowa-gliwickiego-szpitala-w-nysie-chcemy-zapewnic-pacjentom-najwyzszy-poziom-leczenia\\\/\",\"url\":\"https:\\\/\\\/www.24gliwice.pl\\\/wiadomosci\\\/rozpoczyna-sie-budowa-gliwickiego-szpitala-w-nysie-chcemy-zapewnic-pacjentom-najwyzszy-poziom-leczenia\\\/\",\"name\":\"Rozpoczyna si\u0119 budowa gliwickiego szpitala... w Nysie. \\\"Chcemy zapewni\u0107 pacjentom najwy\u017cszy poziom leczenia\\\" - 24GLIWICE - Portal Gliwice | codziennie nowe informacje\",\"isPartOf\":{\"@id\":\"https:\\\/\\\/www.24gliwice.pl\\\/wiadomosci\\\/#website\"},\"primaryImageOfPage\":{\"@id\":\"https:\\\/\\\/www.24gliwice.pl\\\/wiadomosci\\\/rozpoczyna-sie-budowa-gliwickiego-szpitala-w-nysie-chcemy-zapewnic-pacjentom-najwyzszy-poziom-leczenia\\\/#primaryimage\"},\"image\":{\"@id\":\"https:\\\/\\\/www.24gliwice.pl\\\/wiadomosci\\\/rozpoczyna-sie-budowa-gliwickiego-szpitala-w-nysie-chcemy-zapewnic-pacjentom-najwyzszy-poziom-leczenia\\\/#primaryimage\"},\"thumbnailUrl\":\"https:\\\/\\\/www.24gliwice.pl\\\/wiadomosci\\\/wp-content\\\/uploads\\\/2025\\\/05\\\/Zrzut-ekranu-2025-05-13-145501.jpg\",\"datePublished\":\"2025-05-14T01:07:34+00:00\",\"description\":\"Szpital na bazie projektu, kt\u00f3ry mia\u0142 by\u0107 realizowany w Gliwicach, zostanie wybudowany w Nysie. MSWiA og\u0142osi\u0142o rozpocz\u0119cie tej inwestycji\",\"breadcrumb\":{\"@id\":\"https:\\\/\\\/www.24gliwice.pl\\\/wiadomosci\\\/rozpoczyna-sie-budowa-gliwickiego-szpitala-w-nysie-chcemy-zapewnic-pacjentom-najwyzszy-poziom-leczenia\\\/#breadcrumb\"},\"inLanguage\":\"pl-PL\",\"potentialAction\":[{\"@type\":\"ReadAction\",\"target\":[\"https:\\\/\\\/www.24gliwice.pl\\\/wiadomosci\\\/rozpoczyna-sie-budowa-gliwickiego-szpitala-w-nysie-chcemy-zapewnic-pacjentom-najwyzszy-poziom-leczenia\\\/\"]}]},{\"@type\":\"ImageObject\",\"inLanguage\":\"pl-PL\",\"@id\":\"https:\\\/\\\/www.24gliwice.pl\\\/wiadomosci\\\/rozpoczyna-sie-budowa-gliwickiego-szpitala-w-nysie-chcemy-zapewnic-pacjentom-najwyzszy-poziom-leczenia\\\/#primaryimage\",\"url\":\"https:\\\/\\\/www.24gliwice.pl\\\/wiadomosci\\\/wp-content\\\/uploads\\\/2025\\\/05\\\/Zrzut-ekranu-2025-05-13-145501.jpg\",\"contentUrl\":\"https:\\\/\\\/www.24gliwice.pl\\\/wiadomosci\\\/wp-content\\\/uploads\\\/2025\\\/05\\\/Zrzut-ekranu-2025-05-13-145501.jpg\",\"width\":810,\"height\":456},{\"@type\":\"BreadcrumbList\",\"@id\":\"https:\\\/\\\/www.24gliwice.pl\\\/wiadomosci\\\/rozpoczyna-sie-budowa-gliwickiego-szpitala-w-nysie-chcemy-zapewnic-pacjentom-najwyzszy-poziom-leczenia\\\/#breadcrumb\",\"itemListElement\":[{\"@type\":\"ListItem\",\"position\":1,\"name\":\"Strona g\u0142\u00f3wna\",\"item\":\"https:\\\/\\\/www.24gliwice.pl\\\/wiadomosci\\\/\"},{\"@type\":\"ListItem\",\"position\":2,\"name\":\"Rozpoczyna si\u0119 budowa gliwickiego szpitala&#8230; w Nysie. &#8220;Chcemy zapewni\u0107 pacjentom najwy\u017cszy poziom leczenia&#8221;\"}]},{\"@type\":\"WebSite\",\"@id\":\"https:\\\/\\\/www.24gliwice.pl\\\/wiadomosci\\\/#website\",\"url\":\"https:\\\/\\\/www.24gliwice.pl\\\/wiadomosci\\\/\",\"name\":\"24GLIWICE - Portal Gliwice | codziennie nowe wiadomo\u015bci\",\"description\":\"Portal Miejski Gliwice\",\"publisher\":{\"@id\":\"https:\\\/\\\/www.24gliwice.pl\\\/wiadomosci\\\/#organization\"},\"potentialAction\":[{\"@type\":\"SearchAction\",\"target\":{\"@type\":\"EntryPoint\",\"urlTemplate\":\"https:\\\/\\\/www.24gliwice.pl\\\/wiadomosci\\\/?s={search_term_string}\"},\"query-input\":{\"@type\":\"PropertyValueSpecification\",\"valueRequired\":true,\"valueName\":\"search_term_string\"}}],\"inLanguage\":\"pl-PL\"},{\"@type\":\"Organization\",\"@id\":\"https:\\\/\\\/www.24gliwice.pl\\\/wiadomosci\\\/#organization\",\"name\":\"24gliwice\",\"url\":\"https:\\\/\\\/www.24gliwice.pl\\\/wiadomosci\\\/\",\"logo\":{\"@type\":\"ImageObject\",\"inLanguage\":\"pl-PL\",\"@id\":\"https:\\\/\\\/www.24gliwice.pl\\\/wiadomosci\\\/#\\\/schema\\\/logo\\\/image\\\/\",\"url\":\"https:\\\/\\\/www.24gliwice.pl\\\/wiadomosci\\\/wp-content\\\/uploads\\\/2024\\\/10\\\/24gliwice-logo-696.jpg\",\"contentUrl\":\"https:\\\/\\\/www.24gliwice.pl\\\/wiadomosci\\\/wp-content\\\/uploads\\\/2024\\\/10\\\/24gliwice-logo-696.jpg\",\"width\":696,\"height\":696,\"caption\":\"24gliwice\"},\"image\":{\"@id\":\"https:\\\/\\\/www.24gliwice.pl\\\/wiadomosci\\\/#\\\/schema\\\/logo\\\/image\\\/\"},\"sameAs\":[\"https:\\\/\\\/www.facebook.com\\\/24gliwice\",\"https:\\\/\\\/x.com\\\/24gliwice\",\"https:\\\/\\\/www.youtube.com\\\/@24gliwice\"]},{\"@type\":\"Person\",\"@id\":\"https:\\\/\\\/www.24gliwice.pl\\\/wiadomosci\\\/#\\\/schema\\\/person\\\/e42c650edd7f2fa332be3811fb166b6e\",\"name\":\"\u017baneta Mrozek-Siewierska\",\"image\":{\"@type\":\"ImageObject\",\"inLanguage\":\"pl-PL\",\"@id\":\"https:\\\/\\\/secure.gravatar.com\\\/avatar\\\/1881429e9c64597c77ad7aef2d0a19be69a3253e57534d16aa15bf3a4d34a0a3?s=96&d=mm&r=g\",\"url\":\"https:\\\/\\\/secure.gravatar.com\\\/avatar\\\/1881429e9c64597c77ad7aef2d0a19be69a3253e57534d16aa15bf3a4d34a0a3?s=96&d=mm&r=g\",\"contentUrl\":\"https:\\\/\\\/secure.gravatar.com\\\/avatar\\\/1881429e9c64597c77ad7aef2d0a19be69a3253e57534d16aa15bf3a4d34a0a3?s=96&d=mm&r=g\",\"caption\":\"\u017baneta Mrozek-Siewierska\"},\"url\":\"https:\\\/\\\/www.24gliwice.pl\\\/wiadomosci\\\/author\\\/zms\\\/\"}]}<\/script>\n<!-- \/ Yoast SEO plugin. -->","yoast_head_json":{"title":"Rozpoczyna si\u0119 budowa gliwickiego szpitala... w Nysie. \"Chcemy zapewni\u0107 pacjentom najwy\u017cszy poziom leczenia\" - 24GLIWICE - Portal Gliwice | codziennie nowe informacje","description":"Szpital na bazie projektu, kt\u00f3ry mia\u0142 by\u0107 realizowany w Gliwicach, zostanie wybudowany w Nysie. MSWiA og\u0142osi\u0142o rozpocz\u0119cie tej inwestycji","robots":{"index":"index","follow":"follow","max-snippet":"max-snippet:-1","max-image-preview":"max-image-preview:large","max-video-preview":"max-video-preview:-1"},"canonical":"https:\/\/www.24gliwice.pl\/wiadomosci\/rozpoczyna-sie-budowa-gliwickiego-szpitala-w-nysie-chcemy-zapewnic-pacjentom-najwyzszy-poziom-leczenia\/","og_locale":"pl_PL","og_type":"article","og_title":"Rozpoczyna si\u0119 budowa gliwickiego szpitala... w Nysie. \"Chcemy zapewni\u0107 pacjentom najwy\u017cszy poziom leczenia\" - 24GLIWICE - Portal Gliwice | codziennie nowe informacje","og_description":"Szpital na bazie projektu, kt\u00f3ry mia\u0142 by\u0107 realizowany w Gliwicach, zostanie wybudowany w Nysie. MSWiA og\u0142osi\u0142o rozpocz\u0119cie tej inwestycji","og_url":"https:\/\/www.24gliwice.pl\/wiadomosci\/rozpoczyna-sie-budowa-gliwickiego-szpitala-w-nysie-chcemy-zapewnic-pacjentom-najwyzszy-poziom-leczenia\/","og_site_name":"24GLIWICE - Portal Gliwice | codziennie nowe informacje","article_publisher":"https:\/\/www.facebook.com\/24gliwice","article_published_time":"2025-05-14T01:07:34+00:00","og_image":[{"width":810,"height":456,"url":"https:\/\/www.24gliwice.pl\/wiadomosci\/wp-content\/uploads\/2025\/05\/Zrzut-ekranu-2025-05-13-145501.jpg","type":"image\/jpeg"}],"author":"\u017baneta Mrozek-Siewierska","twitter_card":"summary_large_image","twitter_creator":"@24gliwice","twitter_site":"@24gliwice","twitter_misc":{"Napisane przez":"\u017baneta Mrozek-Siewierska","Szacowany czas czytania":"3 minuty"},"schema":{"@context":"https:\/\/schema.org","@graph":[{"@type":"Article","@id":"https:\/\/www.24gliwice.pl\/wiadomosci\/rozpoczyna-sie-budowa-gliwickiego-szpitala-w-nysie-chcemy-zapewnic-pacjentom-najwyzszy-poziom-leczenia\/#article","isPartOf":{"@id":"https:\/\/www.24gliwice.pl\/wiadomosci\/rozpoczyna-sie-budowa-gliwickiego-szpitala-w-nysie-chcemy-zapewnic-pacjentom-najwyzszy-poziom-leczenia\/"},"author":{"name":"\u017baneta Mrozek-Siewierska","@id":"https:\/\/www.24gliwice.pl\/wiadomosci\/#\/schema\/person\/e42c650edd7f2fa332be3811fb166b6e"},"headline":"Rozpoczyna si\u0119 budowa gliwickiego szpitala&#8230; w Nysie. &#8220;Chcemy zapewni\u0107 pacjentom najwy\u017cszy poziom leczenia&#8221;","datePublished":"2025-05-14T01:07:34+00:00","mainEntityOfPage":{"@id":"https:\/\/www.24gliwice.pl\/wiadomosci\/rozpoczyna-sie-budowa-gliwickiego-szpitala-w-nysie-chcemy-zapewnic-pacjentom-najwyzszy-poziom-leczenia\/"},"wordCount":515,"commentCount":74,"publisher":{"@id":"https:\/\/www.24gliwice.pl\/wiadomosci\/#organization"},"image":{"@id":"https:\/\/www.24gliwice.pl\/wiadomosci\/rozpoczyna-sie-budowa-gliwickiego-szpitala-w-nysie-chcemy-zapewnic-pacjentom-najwyzszy-poziom-leczenia\/#primaryimage"},"thumbnailUrl":"https:\/\/www.24gliwice.pl\/wiadomosci\/wp-content\/uploads\/2025\/05\/Zrzut-ekranu-2025-05-13-145501.jpg","keywords":["NYSA","SZPITAL"],"articleSection":["Gliwice","Najnowsze wiadomo\u015bci","Portal Gliwice - Wiadomo\u015bci lokalne"],"inLanguage":"pl-PL","potentialAction":[{"@type":"CommentAction","name":"Comment","target":["https:\/\/www.24gliwice.pl\/wiadomosci\/rozpoczyna-sie-budowa-gliwickiego-szpitala-w-nysie-chcemy-zapewnic-pacjentom-najwyzszy-poziom-leczenia\/#respond"]}]},{"@type":"WebPage","@id":"https:\/\/www.24gliwice.pl\/wiadomosci\/rozpoczyna-sie-budowa-gliwickiego-szpitala-w-nysie-chcemy-zapewnic-pacjentom-najwyzszy-poziom-leczenia\/","url":"https:\/\/www.24gliwice.pl\/wiadomosci\/rozpoczyna-sie-budowa-gliwickiego-szpitala-w-nysie-chcemy-zapewnic-pacjentom-najwyzszy-poziom-leczenia\/","name":"Rozpoczyna si\u0119 budowa gliwickiego szpitala... w Nysie. \"Chcemy zapewni\u0107 pacjentom najwy\u017cszy poziom leczenia\" - 24GLIWICE - Portal Gliwice | codziennie nowe informacje","isPartOf":{"@id":"https:\/\/www.24gliwice.pl\/wiadomosci\/#website"},"primaryImageOfPage":{"@id":"https:\/\/www.24gliwice.pl\/wiadomosci\/rozpoczyna-sie-budowa-gliwickiego-szpitala-w-nysie-chcemy-zapewnic-pacjentom-najwyzszy-poziom-leczenia\/#primaryimage"},"image":{"@id":"https:\/\/www.24gliwice.pl\/wiadomosci\/rozpoczyna-sie-budowa-gliwickiego-szpitala-w-nysie-chcemy-zapewnic-pacjentom-najwyzszy-poziom-leczenia\/#primaryimage"},"thumbnailUrl":"https:\/\/www.24gliwice.pl\/wiadomosci\/wp-content\/uploads\/2025\/05\/Zrzut-ekranu-2025-05-13-145501.jpg","datePublished":"2025-05-14T01:07:34+00:00","description":"Szpital na bazie projektu, kt\u00f3ry mia\u0142 by\u0107 realizowany w Gliwicach, zostanie wybudowany w Nysie. MSWiA og\u0142osi\u0142o rozpocz\u0119cie tej inwestycji","breadcrumb":{"@id":"https:\/\/www.24gliwice.pl\/wiadomosci\/rozpoczyna-sie-budowa-gliwickiego-szpitala-w-nysie-chcemy-zapewnic-pacjentom-najwyzszy-poziom-leczenia\/#breadcrumb"},"inLanguage":"pl-PL","potentialAction":[{"@type":"ReadAction","target":["https:\/\/www.24gliwice.pl\/wiadomosci\/rozpoczyna-sie-budowa-gliwickiego-szpitala-w-nysie-chcemy-zapewnic-pacjentom-najwyzszy-poziom-leczenia\/"]}]},{"@type":"ImageObject","inLanguage":"pl-PL","@id":"https:\/\/www.24gliwice.pl\/wiadomosci\/rozpoczyna-sie-budowa-gliwickiego-szpitala-w-nysie-chcemy-zapewnic-pacjentom-najwyzszy-poziom-leczenia\/#primaryimage","url":"https:\/\/www.24gliwice.pl\/wiadomosci\/wp-content\/uploads\/2025\/05\/Zrzut-ekranu-2025-05-13-145501.jpg","contentUrl":"https:\/\/www.24gliwice.pl\/wiadomosci\/wp-content\/uploads\/2025\/05\/Zrzut-ekranu-2025-05-13-145501.jpg","width":810,"height":456},{"@type":"BreadcrumbList","@id":"https:\/\/www.24gliwice.pl\/wiadomosci\/rozpoczyna-sie-budowa-gliwickiego-szpitala-w-nysie-chcemy-zapewnic-pacjentom-najwyzszy-poziom-leczenia\/#breadcrumb","itemListElement":[{"@type":"ListItem","position":1,"name":"Strona g\u0142\u00f3wna","item":"https:\/\/www.24gliwice.pl\/wiadomosci\/"},{"@type":"ListItem","position":2,"name":"Rozpoczyna si\u0119 budowa gliwickiego szpitala&#8230; w Nysie. &#8220;Chcemy zapewni\u0107 pacjentom najwy\u017cszy poziom leczenia&#8221;"}]},{"@type":"WebSite","@id":"https:\/\/www.24gliwice.pl\/wiadomosci\/#website","url":"https:\/\/www.24gliwice.pl\/wiadomosci\/","name":"24GLIWICE - Portal Gliwice | codziennie nowe wiadomo\u015bci","description":"Portal Miejski Gliwice","publisher":{"@id":"https:\/\/www.24gliwice.pl\/wiadomosci\/#organization"},"potentialAction":[{"@type":"SearchAction","target":{"@type":"EntryPoint","urlTemplate":"https:\/\/www.24gliwice.pl\/wiadomosci\/?s={search_term_string}"},"query-input":{"@type":"PropertyValueSpecification","valueRequired":true,"valueName":"search_term_string"}}],"inLanguage":"pl-PL"},{"@type":"Organization","@id":"https:\/\/www.24gliwice.pl\/wiadomosci\/#organization","name":"24gliwice","url":"https:\/\/www.24gliwice.pl\/wiadomosci\/","logo":{"@type":"ImageObject","inLanguage":"pl-PL","@id":"https:\/\/www.24gliwice.pl\/wiadomosci\/#\/schema\/logo\/image\/","url":"https:\/\/www.24gliwice.pl\/wiadomosci\/wp-content\/uploads\/2024\/10\/24gliwice-logo-696.jpg","contentUrl":"https:\/\/www.24gliwice.pl\/wiadomosci\/wp-content\/uploads\/2024\/10\/24gliwice-logo-696.jpg","width":696,"height":696,"caption":"24gliwice"},"image":{"@id":"https:\/\/www.24gliwice.pl\/wiadomosci\/#\/schema\/logo\/image\/"},"sameAs":["https:\/\/www.facebook.com\/24gliwice","https:\/\/x.com\/24gliwice","https:\/\/www.youtube.com\/@24gliwice"]},{"@type":"Person","@id":"https:\/\/www.24gliwice.pl\/wiadomosci\/#\/schema\/person\/e42c650edd7f2fa332be3811fb166b6e","name":"\u017baneta Mrozek-Siewierska","image":{"@type":"ImageObject","inLanguage":"pl-PL","@id":"https:\/\/secure.gravatar.com\/avatar\/1881429e9c64597c77ad7aef2d0a19be69a3253e57534d16aa15bf3a4d34a0a3?s=96&d=mm&r=g","url":"https:\/\/secure.gravatar.com\/avatar\/1881429e9c64597c77ad7aef2d0a19be69a3253e57534d16aa15bf3a4d34a0a3?s=96&d=mm&r=g","contentUrl":"https:\/\/secure.gravatar.com\/avatar\/1881429e9c64597c77ad7aef2d0a19be69a3253e57534d16aa15bf3a4d34a0a3?s=96&d=mm&r=g","caption":"\u017baneta Mrozek-Siewierska"},"url":"https:\/\/www.24gliwice.pl\/wiadomosci\/author\/zms\/"}]}},"_links":{"self":[{"href":"https:\/\/www.24gliwice.pl\/wiadomosci\/wp-json\/wp\/v2\/posts\/254096","targetHints":{"allow":["GET"]}}],"collection":[{"href":"https:\/\/www.24gliwice.pl\/wiadomosci\/wp-json\/wp\/v2\/posts"}],"about":[{"href":"https:\/\/www.24gliwice.pl\/wiadomosci\/wp-json\/wp\/v2\/types\/post"}],"author":[{"embeddable":true,"href":"https:\/\/www.24gliwice.pl\/wiadomosci\/wp-json\/wp\/v2\/users\/15"}],"replies":[{"embeddable":true,"href":"https:\/\/www.24gliwice.pl\/wiadomosci\/wp-json\/wp\/v2\/comments?post=254096"}],"version-history":[{"count":0,"href":"https:\/\/www.24gliwice.pl\/wiadomosci\/wp-json\/wp\/v2\/posts\/254096\/revisions"}],"wp:featuredmedia":[{"embeddable":true,"href":"https:\/\/www.24gliwice.pl\/wiadomosci\/wp-json\/wp\/v2\/media\/254114"}],"wp:attachment":[{"href":"https:\/\/www.24gliwice.pl\/wiadomosci\/wp-json\/wp\/v2\/media?parent=254096"}],"wp:term":[{"taxonomy":"category","embeddable":true,"href":"https:\/\/www.24gliwice.pl\/wiadomosci\/wp-json\/wp\/v2\/categories?post=254096"},{"taxonomy":"post_tag","embeddable":true,"href":"https:\/\/www.24gliwice.pl\/wiadomosci\/wp-json\/wp\/v2\/tags?post=254096"}],"curies":[{"name":"wp","href":"https:\/\/api.w.org\/{rel}","templated":true}]}}