{"id":254379,"date":"2025-05-19T14:10:00","date_gmt":"2025-05-19T12:10:00","guid":{"rendered":"https:\/\/www.24gliwice.pl\/wiadomosci\/?p=254379"},"modified":"2025-05-19T14:12:16","modified_gmt":"2025-05-19T12:12:16","slug":"silesia-cup-2025-siatkarskie-emocje-na-koniec-maja","status":"publish","type":"post","link":"https:\/\/www.24gliwice.pl\/wiadomosci\/silesia-cup-2025-siatkarskie-emocje-na-koniec-maja\/","title":{"rendered":"Silesia Cup 2025. Trzy dni siatkarskich emocji w Gliwicach i Katowicach ju\u017c na koniec maja!"},"content":{"rendered":"<div class=\"gliwi-a6-nad-leadem-artykulow gliwi-entity-placement\" id=\"gliwi-3467089063\"><div class=\"gliwi-adlabel\"><span style=\"font-size: 9px\">REKLAMA<\/span><\/div><div id=\"gliwi-1867819676\" style=\"margin-bottom: 25px;margin-left: auto;margin-right: auto;text-align: center;\"><a data-no-instant=\"1\" href=\"https:\/\/dom100.eu\/\" rel=\"noopener\" class=\"a2t-link\" target=\"_blank\" aria-label=\"20260415 DOM100 D\"><img loading=\"lazy\" decoding=\"async\" src=\"https:\/\/www.24gliwice.pl\/wiadomosci\/wp-content\/uploads\/2026\/04\/20260415-DOM100-D.jpg\" alt=\"\"  srcset=\"https:\/\/www.24gliwice.pl\/wiadomosci\/wp-content\/uploads\/2026\/04\/20260415-DOM100-D.jpg 750w, https:\/\/www.24gliwice.pl\/wiadomosci\/wp-content\/uploads\/2026\/04\/20260415-DOM100-D-410x109.jpg 410w\" sizes=\"(max-width: 750px) 100vw, 750px\" class=\"no-lazyload\" width=\"750\" height=\"200\"  style=\"display: inline-block; max-width: 100%; height: auto;\" \/><\/a><\/div><\/div><h2>Fani siatk\u00f3wki, jeste\u015bcie ju\u017c gotowi?! Pod koniec maja na \u015al\u0105sku rozegra si\u0119 prawdziwe sportowe widowisko. Silesia Cup 2025 \u2013 turniej otwieraj\u0105cy sezon reprezentacyjny \u2013 zawita do dw\u00f3ch miast: Katowic i Gliwic. Na parkiecie zobaczymy siatkarskie pot\u0119gi: Polsk\u0119, Niemcy, Bu\u0142gari\u0119 i Ukrain\u0119.<\/h2>\n<p><!--more--><\/p>\n<p>To nie tylko inauguracja sezonu, ale te\u017c pierwszy sprawdzian kadry <strong>Nikoli Grbicia<\/strong> w roku 2025. Emocji na pewno nie zabraknie \u2013 zw\u0142aszcza \u017ce bia\u0142o-czerwoni zagraj\u0105 a\u017c trzy mecze z wymagaj\u0105cymi rywalami, a stawk\u0105 b\u0119dzie nie tylko presti\u017c, ale i forma przed dalsz\u0105 cz\u0119\u015bci\u0105 sezonu.<\/p>\n<h4>Gdzie i kiedy?<\/h4>\n<p>Turniej zostanie rozegrany w legendarnym Spodku w Katowicach oraz nowoczesnej PreZero Arenie Gliwice. To w\u0142a\u015bnie te miasta stworz\u0105 wsp\u00f3lnie wyj\u0105tkow\u0105 siatkarsk\u0105 atmosfer\u0119, kt\u00f3ra \u2013 jak podkre\u015bli\u0142a prezydent Gliwic Katarzyna Kuczy\u0144ska-Budka \u2013 \u0142\u0105czy ludzi i ca\u0142e regiony.<br \/>\n<em>\u2013 \u015awi\u0119to siatk\u00f3wki ju\u017c niebawem i bardzo mnie to cieszy, bo to dyscyplina, kt\u00f3ra \u0142\u0105czy ludzi<\/em> \u2013 powiedzia\u0142a prezydent podczas konferencji zapowiadaj\u0105cej wydarzenie.<\/p><div class=\"gliwi-a3-w-tresci-artykulow gliwi-entity-placement\" id=\"gliwi-53150778\"><div class=\"gliwi-adlabel\"><span style=\"font-size: 9px\">REKLAMA<\/span><\/div><div id=\"gliwi-1165639784\" style=\"margin-bottom: 30px;margin-left: auto;margin-right: auto;text-align: center;\"><a data-no-instant=\"1\" href=\"https:\/\/ogrodyandersa.pl\/\" rel=\"noopener\" class=\"a2t-link\" target=\"_blank\" aria-label=\"20260415 Ogrody Andersa KUP TERAZ D\"><img loading=\"lazy\" decoding=\"async\" src=\"https:\/\/www.24gliwice.pl\/wiadomosci\/wp-content\/uploads\/2026\/04\/20260415-Ogrody-Andersa-KUP-TERAZ-D.jpg\" alt=\"\"  srcset=\"https:\/\/www.24gliwice.pl\/wiadomosci\/wp-content\/uploads\/2026\/04\/20260415-Ogrody-Andersa-KUP-TERAZ-D.jpg 750w, https:\/\/www.24gliwice.pl\/wiadomosci\/wp-content\/uploads\/2026\/04\/20260415-Ogrody-Andersa-KUP-TERAZ-D-410x109.jpg 410w\" sizes=\"(max-width: 750px) 100vw, 750px\" class=\"no-lazyload\" width=\"750\" height=\"200\"  style=\"display: inline-block; max-width: 100%; height: auto;\" \/><\/a><\/div><\/div>\n<h4>Harmonogram spotka\u0144:<\/h4>\n<p><strong>28 maja \u2013 Katowice (Spodek)<\/strong>:<br \/>\n16:00 \u2013 Bu\u0142garia vs Niemcy<br \/>\n19:00 \u2013 Polska vs Ukraina<\/p>\n<p><strong>30 maja \u2013 Gliwice (PreZero Arena)<\/strong>:<br \/>\n16:00 \u2013 Polska vs Bu\u0142garia<br \/>\n20:00 \u2013 Niemcy vs Ukraina<\/p>\n<p><strong>31 maja \u2013 Gliwice (PreZero Arena)<\/strong>:<br \/>\n16:00 \u2013 Bu\u0142garia vs Ukraina<br \/>\n20:00 \u2013 Polska vs Niemcy<\/p>\n<p><a href=\"https:\/\/www.ebilet.pl\/sport\/sporty-druzynowe\/mecz-siatkowki\" target=\"_blank\">Bilety na ebilet.pl<\/a><\/p>\n<p><a href=\"https:\/\/www.ebilet.pl\/sport\/sporty-druzynowe\/mecz-siatkowki\" target=\"blank\"><img loading=\"lazy\" decoding=\"async\" src=\"https:\/\/www.24gliwice.pl\/wiadomosci\/wp-content\/uploads\/2025\/05\/silesia_cup-1.jpg\" alt=\"\" width=\"810\" height=\"456\" class=\"aligncenter size-full wp-image-254384\" srcset=\"https:\/\/www.24gliwice.pl\/wiadomosci\/wp-content\/uploads\/2025\/05\/silesia_cup-1.jpg 810w, https:\/\/www.24gliwice.pl\/wiadomosci\/wp-content\/uploads\/2025\/05\/silesia_cup-1-410x232.jpg 410w, https:\/\/www.24gliwice.pl\/wiadomosci\/wp-content\/uploads\/2025\/05\/silesia_cup-1-808x455.jpg 808w, https:\/\/www.24gliwice.pl\/wiadomosci\/wp-content\/uploads\/2025\/05\/silesia_cup-1-768x432.jpg 768w\" sizes=\"auto, (max-width: 810px) 100vw, 810px\" \/><\/a><\/p>\n<div class=\"gliwi-a5-na-koncu-artykulow gliwi-entity-placement\" id=\"gliwi-581633215\"><div class=\"gliwi-adlabel\"><span style=\"font-size: 9px\">REKLAMA<\/span><\/div><div id=\"gliwi-466496321\" style=\"margin-left: auto;margin-right: auto;text-align: center;\"><a data-no-instant=\"1\" href=\"https:\/\/prezeroarenagliwice.pl\/\" rel=\"noopener\" class=\"a2t-link\" target=\"_blank\" aria-label=\"20260309-PREZERO-WIOSNA-D\"><img loading=\"lazy\" decoding=\"async\" src=\"https:\/\/www.24gliwice.pl\/wiadomosci\/wp-content\/uploads\/2026\/03\/20260309-PREZERO-WIOSNA-D.webp\" alt=\"\"  srcset=\"https:\/\/www.24gliwice.pl\/wiadomosci\/wp-content\/uploads\/2026\/03\/20260309-PREZERO-WIOSNA-D.webp 750w, https:\/\/www.24gliwice.pl\/wiadomosci\/wp-content\/uploads\/2026\/03\/20260309-PREZERO-WIOSNA-D-410x109.webp 410w\" sizes=\"(max-width: 750px) 100vw, 750px\" class=\"no-lazyload\" width=\"750\" height=\"200\"  style=\"display: inline-block; max-width: 100%; height: auto;\" \/><\/a><\/div><\/div>","protected":false},"excerpt":{"rendered":"<p>Fani siatk\u00f3wki, jeste\u015bcie ju\u017c gotowi?! Pod koniec maja na \u015al\u0105sku rozegra si\u0119 prawdziwe sportowe widowisko. Silesia Cup 2025 \u2013 turniej otwieraj\u0105cy sezon reprezentacyjny \u2013 zawita do dw\u00f3ch miast: Katowic i Gliwic. Na parkiecie zobaczymy siatkarskie pot\u0119gi: Polsk\u0119, Niemcy, Bu\u0142gari\u0119 i Ukrain\u0119.<\/p>\n","protected":false},"author":4,"featured_media":254383,"comment_status":"closed","ping_status":"closed","sticky":false,"template":"","format":"standard","meta":{"_monsterinsights_skip_tracking":false,"_monsterinsights_sitenote_active":false,"_monsterinsights_sitenote_note":"","_monsterinsights_sitenote_category":0,"footnotes":"","_links_to":"","_links_to_target":""},"categories":[3,6,1,1129,23842],"tags":[24181,14078],"class_list":["post-254379","post","type-post","status-publish","format-standard","has-post-thumbnail","hentry","category-gliwice","category-kultura","category-wszystko","category-polecamy","category-sport_gliwice","tag-prezero-arena","tag-siatkowka"],"yoast_head":"<!-- This site is optimized with the Yoast SEO plugin v27.5 - https:\/\/yoast.com\/product\/yoast-seo-wordpress\/ -->\n<title>Silesia Cup 2025. Trzy dni siatkarskich emocji w Gliwicach i Katowicach ju\u017c na koniec maja! - 24GLIWICE - Portal Gliwice | codziennie nowe informacje<\/title>\n<meta name=\"robots\" content=\"index, follow, max-snippet:-1, max-image-preview:large, max-video-preview:-1\" \/>\n<link rel=\"canonical\" href=\"https:\/\/www.24gliwice.pl\/wiadomosci\/silesia-cup-2025-siatkarskie-emocje-na-koniec-maja\/\" \/>\n<meta property=\"og:locale\" content=\"pl_PL\" \/>\n<meta property=\"og:type\" content=\"article\" \/>\n<meta property=\"og:title\" content=\"Silesia Cup 2025. Trzy dni siatkarskich emocji w Gliwicach i Katowicach ju\u017c na koniec maja! - 24GLIWICE - Portal Gliwice | codziennie nowe informacje\" \/>\n<meta property=\"og:description\" content=\"Fani siatk\u00f3wki, jeste\u015bcie ju\u017c gotowi?! Pod koniec maja na \u015al\u0105sku rozegra si\u0119 prawdziwe sportowe widowisko. Silesia Cup 2025 \u2013 turniej otwieraj\u0105cy sezon reprezentacyjny \u2013 zawita do dw\u00f3ch miast: Katowic i Gliwic. Na parkiecie zobaczymy siatkarskie pot\u0119gi: Polsk\u0119, Niemcy, Bu\u0142gari\u0119 i Ukrain\u0119.\" \/>\n<meta property=\"og:url\" content=\"https:\/\/www.24gliwice.pl\/wiadomosci\/silesia-cup-2025-siatkarskie-emocje-na-koniec-maja\/\" \/>\n<meta property=\"og:site_name\" content=\"24GLIWICE - Portal Gliwice | codziennie nowe informacje\" \/>\n<meta property=\"article:publisher\" content=\"https:\/\/www.facebook.com\/24gliwice\" \/>\n<meta property=\"article:author\" content=\"https:\/\/www.facebook.com\/marcin.fabrykowski\" \/>\n<meta property=\"article:published_time\" content=\"2025-05-19T12:10:00+00:00\" \/>\n<meta property=\"article:modified_time\" content=\"2025-05-19T12:12:16+00:00\" \/>\n<meta property=\"og:image\" content=\"https:\/\/www.24gliwice.pl\/wiadomosci\/wp-content\/uploads\/2025\/05\/siatkow-1.jpg\" \/>\n\t<meta property=\"og:image:width\" content=\"810\" \/>\n\t<meta property=\"og:image:height\" content=\"456\" \/>\n\t<meta property=\"og:image:type\" content=\"image\/jpeg\" \/>\n<meta name=\"author\" content=\"Marcin Fabrykowski\" \/>\n<meta name=\"twitter:card\" content=\"summary_large_image\" \/>\n<meta name=\"twitter:creator\" content=\"@24gliwice\" \/>\n<meta name=\"twitter:site\" content=\"@24gliwice\" \/>\n<meta name=\"twitter:label1\" content=\"Napisane przez\" \/>\n\t<meta name=\"twitter:data1\" content=\"Marcin Fabrykowski\" \/>\n\t<meta name=\"twitter:label2\" content=\"Szacowany czas czytania\" \/>\n\t<meta name=\"twitter:data2\" content=\"2 minuty\" \/>\n<script type=\"application\/ld+json\" class=\"yoast-schema-graph\">{\"@context\":\"https:\\\/\\\/schema.org\",\"@graph\":[{\"@type\":\"Article\",\"@id\":\"https:\\\/\\\/www.24gliwice.pl\\\/wiadomosci\\\/silesia-cup-2025-siatkarskie-emocje-na-koniec-maja\\\/#article\",\"isPartOf\":{\"@id\":\"https:\\\/\\\/www.24gliwice.pl\\\/wiadomosci\\\/silesia-cup-2025-siatkarskie-emocje-na-koniec-maja\\\/\"},\"author\":{\"name\":\"Marcin Fabrykowski\",\"@id\":\"https:\\\/\\\/www.24gliwice.pl\\\/wiadomosci\\\/#\\\/schema\\\/person\\\/cb5857e4a4d048c15984c1edcc8ef0c0\"},\"headline\":\"Silesia Cup 2025. Trzy dni siatkarskich emocji w Gliwicach i Katowicach ju\u017c na koniec maja!\",\"datePublished\":\"2025-05-19T12:10:00+00:00\",\"dateModified\":\"2025-05-19T12:12:16+00:00\",\"mainEntityOfPage\":{\"@id\":\"https:\\\/\\\/www.24gliwice.pl\\\/wiadomosci\\\/silesia-cup-2025-siatkarskie-emocje-na-koniec-maja\\\/\"},\"wordCount\":216,\"publisher\":{\"@id\":\"https:\\\/\\\/www.24gliwice.pl\\\/wiadomosci\\\/#organization\"},\"image\":{\"@id\":\"https:\\\/\\\/www.24gliwice.pl\\\/wiadomosci\\\/silesia-cup-2025-siatkarskie-emocje-na-koniec-maja\\\/#primaryimage\"},\"thumbnailUrl\":\"https:\\\/\\\/www.24gliwice.pl\\\/wiadomosci\\\/wp-content\\\/uploads\\\/2025\\\/05\\\/siatkow-1.jpg\",\"keywords\":[\"PREZERO ARENA\",\"siatk\u00f3wka\"],\"articleSection\":[\"Gliwice\",\"Kultura, wydarzenia, imprezy\",\"Najnowsze wiadomo\u015bci\",\"Polecamy\",\"Sport\"],\"inLanguage\":\"pl-PL\"},{\"@type\":\"WebPage\",\"@id\":\"https:\\\/\\\/www.24gliwice.pl\\\/wiadomosci\\\/silesia-cup-2025-siatkarskie-emocje-na-koniec-maja\\\/\",\"url\":\"https:\\\/\\\/www.24gliwice.pl\\\/wiadomosci\\\/silesia-cup-2025-siatkarskie-emocje-na-koniec-maja\\\/\",\"name\":\"Silesia Cup 2025. Trzy dni siatkarskich emocji w Gliwicach i Katowicach ju\u017c na koniec maja! - 24GLIWICE - Portal Gliwice | codziennie nowe informacje\",\"isPartOf\":{\"@id\":\"https:\\\/\\\/www.24gliwice.pl\\\/wiadomosci\\\/#website\"},\"primaryImageOfPage\":{\"@id\":\"https:\\\/\\\/www.24gliwice.pl\\\/wiadomosci\\\/silesia-cup-2025-siatkarskie-emocje-na-koniec-maja\\\/#primaryimage\"},\"image\":{\"@id\":\"https:\\\/\\\/www.24gliwice.pl\\\/wiadomosci\\\/silesia-cup-2025-siatkarskie-emocje-na-koniec-maja\\\/#primaryimage\"},\"thumbnailUrl\":\"https:\\\/\\\/www.24gliwice.pl\\\/wiadomosci\\\/wp-content\\\/uploads\\\/2025\\\/05\\\/siatkow-1.jpg\",\"datePublished\":\"2025-05-19T12:10:00+00:00\",\"dateModified\":\"2025-05-19T12:12:16+00:00\",\"breadcrumb\":{\"@id\":\"https:\\\/\\\/www.24gliwice.pl\\\/wiadomosci\\\/silesia-cup-2025-siatkarskie-emocje-na-koniec-maja\\\/#breadcrumb\"},\"inLanguage\":\"pl-PL\",\"potentialAction\":[{\"@type\":\"ReadAction\",\"target\":[\"https:\\\/\\\/www.24gliwice.pl\\\/wiadomosci\\\/silesia-cup-2025-siatkarskie-emocje-na-koniec-maja\\\/\"]}]},{\"@type\":\"ImageObject\",\"inLanguage\":\"pl-PL\",\"@id\":\"https:\\\/\\\/www.24gliwice.pl\\\/wiadomosci\\\/silesia-cup-2025-siatkarskie-emocje-na-koniec-maja\\\/#primaryimage\",\"url\":\"https:\\\/\\\/www.24gliwice.pl\\\/wiadomosci\\\/wp-content\\\/uploads\\\/2025\\\/05\\\/siatkow-1.jpg\",\"contentUrl\":\"https:\\\/\\\/www.24gliwice.pl\\\/wiadomosci\\\/wp-content\\\/uploads\\\/2025\\\/05\\\/siatkow-1.jpg\",\"width\":810,\"height\":456,\"caption\":\"gliwice, fot.michal buksa\"},{\"@type\":\"BreadcrumbList\",\"@id\":\"https:\\\/\\\/www.24gliwice.pl\\\/wiadomosci\\\/silesia-cup-2025-siatkarskie-emocje-na-koniec-maja\\\/#breadcrumb\",\"itemListElement\":[{\"@type\":\"ListItem\",\"position\":1,\"name\":\"Strona g\u0142\u00f3wna\",\"item\":\"https:\\\/\\\/www.24gliwice.pl\\\/wiadomosci\\\/\"},{\"@type\":\"ListItem\",\"position\":2,\"name\":\"Silesia Cup 2025. Trzy dni siatkarskich emocji w Gliwicach i Katowicach ju\u017c na koniec maja!\"}]},{\"@type\":\"WebSite\",\"@id\":\"https:\\\/\\\/www.24gliwice.pl\\\/wiadomosci\\\/#website\",\"url\":\"https:\\\/\\\/www.24gliwice.pl\\\/wiadomosci\\\/\",\"name\":\"24GLIWICE - Portal Gliwice | codziennie nowe wiadomo\u015bci\",\"description\":\"Portal Miejski Gliwice\",\"publisher\":{\"@id\":\"https:\\\/\\\/www.24gliwice.pl\\\/wiadomosci\\\/#organization\"},\"potentialAction\":[{\"@type\":\"SearchAction\",\"target\":{\"@type\":\"EntryPoint\",\"urlTemplate\":\"https:\\\/\\\/www.24gliwice.pl\\\/wiadomosci\\\/?s={search_term_string}\"},\"query-input\":{\"@type\":\"PropertyValueSpecification\",\"valueRequired\":true,\"valueName\":\"search_term_string\"}}],\"inLanguage\":\"pl-PL\"},{\"@type\":\"Organization\",\"@id\":\"https:\\\/\\\/www.24gliwice.pl\\\/wiadomosci\\\/#organization\",\"name\":\"24gliwice\",\"url\":\"https:\\\/\\\/www.24gliwice.pl\\\/wiadomosci\\\/\",\"logo\":{\"@type\":\"ImageObject\",\"inLanguage\":\"pl-PL\",\"@id\":\"https:\\\/\\\/www.24gliwice.pl\\\/wiadomosci\\\/#\\\/schema\\\/logo\\\/image\\\/\",\"url\":\"https:\\\/\\\/www.24gliwice.pl\\\/wiadomosci\\\/wp-content\\\/uploads\\\/2024\\\/10\\\/24gliwice-logo-696.jpg\",\"contentUrl\":\"https:\\\/\\\/www.24gliwice.pl\\\/wiadomosci\\\/wp-content\\\/uploads\\\/2024\\\/10\\\/24gliwice-logo-696.jpg\",\"width\":696,\"height\":696,\"caption\":\"24gliwice\"},\"image\":{\"@id\":\"https:\\\/\\\/www.24gliwice.pl\\\/wiadomosci\\\/#\\\/schema\\\/logo\\\/image\\\/\"},\"sameAs\":[\"https:\\\/\\\/www.facebook.com\\\/24gliwice\",\"https:\\\/\\\/x.com\\\/24gliwice\",\"https:\\\/\\\/www.youtube.com\\\/@24gliwice\"]},{\"@type\":\"Person\",\"@id\":\"https:\\\/\\\/www.24gliwice.pl\\\/wiadomosci\\\/#\\\/schema\\\/person\\\/cb5857e4a4d048c15984c1edcc8ef0c0\",\"name\":\"Marcin Fabrykowski\",\"image\":{\"@type\":\"ImageObject\",\"inLanguage\":\"pl-PL\",\"@id\":\"https:\\\/\\\/www.24gliwice.pl\\\/wiadomosci\\\/wp-content\\\/uploads\\\/2025\\\/11\\\/zdjecie-moje-marcin-300-96x96.jpg\",\"url\":\"https:\\\/\\\/www.24gliwice.pl\\\/wiadomosci\\\/wp-content\\\/uploads\\\/2025\\\/11\\\/zdjecie-moje-marcin-300-96x96.jpg\",\"contentUrl\":\"https:\\\/\\\/www.24gliwice.pl\\\/wiadomosci\\\/wp-content\\\/uploads\\\/2025\\\/11\\\/zdjecie-moje-marcin-300-96x96.jpg\",\"caption\":\"Marcin Fabrykowski\"},\"sameAs\":[\"http:\\\/\\\/24gliwice.pl\",\"https:\\\/\\\/www.facebook.com\\\/marcin.fabrykowski\"],\"url\":\"https:\\\/\\\/www.24gliwice.pl\\\/wiadomosci\\\/author\\\/marcin-fabrykowski\\\/\"}]}<\/script>\n<!-- \/ Yoast SEO plugin. -->","yoast_head_json":{"title":"Silesia Cup 2025. Trzy dni siatkarskich emocji w Gliwicach i Katowicach ju\u017c na koniec maja! - 24GLIWICE - Portal Gliwice | codziennie nowe informacje","robots":{"index":"index","follow":"follow","max-snippet":"max-snippet:-1","max-image-preview":"max-image-preview:large","max-video-preview":"max-video-preview:-1"},"canonical":"https:\/\/www.24gliwice.pl\/wiadomosci\/silesia-cup-2025-siatkarskie-emocje-na-koniec-maja\/","og_locale":"pl_PL","og_type":"article","og_title":"Silesia Cup 2025. Trzy dni siatkarskich emocji w Gliwicach i Katowicach ju\u017c na koniec maja! - 24GLIWICE - Portal Gliwice | codziennie nowe informacje","og_description":"Fani siatk\u00f3wki, jeste\u015bcie ju\u017c gotowi?! Pod koniec maja na \u015al\u0105sku rozegra si\u0119 prawdziwe sportowe widowisko. Silesia Cup 2025 \u2013 turniej otwieraj\u0105cy sezon reprezentacyjny \u2013 zawita do dw\u00f3ch miast: Katowic i Gliwic. Na parkiecie zobaczymy siatkarskie pot\u0119gi: Polsk\u0119, Niemcy, Bu\u0142gari\u0119 i Ukrain\u0119.","og_url":"https:\/\/www.24gliwice.pl\/wiadomosci\/silesia-cup-2025-siatkarskie-emocje-na-koniec-maja\/","og_site_name":"24GLIWICE - Portal Gliwice | codziennie nowe informacje","article_publisher":"https:\/\/www.facebook.com\/24gliwice","article_author":"https:\/\/www.facebook.com\/marcin.fabrykowski","article_published_time":"2025-05-19T12:10:00+00:00","article_modified_time":"2025-05-19T12:12:16+00:00","og_image":[{"width":810,"height":456,"url":"https:\/\/www.24gliwice.pl\/wiadomosci\/wp-content\/uploads\/2025\/05\/siatkow-1.jpg","type":"image\/jpeg"}],"author":"Marcin Fabrykowski","twitter_card":"summary_large_image","twitter_creator":"@24gliwice","twitter_site":"@24gliwice","twitter_misc":{"Napisane przez":"Marcin Fabrykowski","Szacowany czas czytania":"2 minuty"},"schema":{"@context":"https:\/\/schema.org","@graph":[{"@type":"Article","@id":"https:\/\/www.24gliwice.pl\/wiadomosci\/silesia-cup-2025-siatkarskie-emocje-na-koniec-maja\/#article","isPartOf":{"@id":"https:\/\/www.24gliwice.pl\/wiadomosci\/silesia-cup-2025-siatkarskie-emocje-na-koniec-maja\/"},"author":{"name":"Marcin Fabrykowski","@id":"https:\/\/www.24gliwice.pl\/wiadomosci\/#\/schema\/person\/cb5857e4a4d048c15984c1edcc8ef0c0"},"headline":"Silesia Cup 2025. Trzy dni siatkarskich emocji w Gliwicach i Katowicach ju\u017c na koniec maja!","datePublished":"2025-05-19T12:10:00+00:00","dateModified":"2025-05-19T12:12:16+00:00","mainEntityOfPage":{"@id":"https:\/\/www.24gliwice.pl\/wiadomosci\/silesia-cup-2025-siatkarskie-emocje-na-koniec-maja\/"},"wordCount":216,"publisher":{"@id":"https:\/\/www.24gliwice.pl\/wiadomosci\/#organization"},"image":{"@id":"https:\/\/www.24gliwice.pl\/wiadomosci\/silesia-cup-2025-siatkarskie-emocje-na-koniec-maja\/#primaryimage"},"thumbnailUrl":"https:\/\/www.24gliwice.pl\/wiadomosci\/wp-content\/uploads\/2025\/05\/siatkow-1.jpg","keywords":["PREZERO ARENA","siatk\u00f3wka"],"articleSection":["Gliwice","Kultura, wydarzenia, imprezy","Najnowsze wiadomo\u015bci","Polecamy","Sport"],"inLanguage":"pl-PL"},{"@type":"WebPage","@id":"https:\/\/www.24gliwice.pl\/wiadomosci\/silesia-cup-2025-siatkarskie-emocje-na-koniec-maja\/","url":"https:\/\/www.24gliwice.pl\/wiadomosci\/silesia-cup-2025-siatkarskie-emocje-na-koniec-maja\/","name":"Silesia Cup 2025. Trzy dni siatkarskich emocji w Gliwicach i Katowicach ju\u017c na koniec maja! - 24GLIWICE - Portal Gliwice | codziennie nowe informacje","isPartOf":{"@id":"https:\/\/www.24gliwice.pl\/wiadomosci\/#website"},"primaryImageOfPage":{"@id":"https:\/\/www.24gliwice.pl\/wiadomosci\/silesia-cup-2025-siatkarskie-emocje-na-koniec-maja\/#primaryimage"},"image":{"@id":"https:\/\/www.24gliwice.pl\/wiadomosci\/silesia-cup-2025-siatkarskie-emocje-na-koniec-maja\/#primaryimage"},"thumbnailUrl":"https:\/\/www.24gliwice.pl\/wiadomosci\/wp-content\/uploads\/2025\/05\/siatkow-1.jpg","datePublished":"2025-05-19T12:10:00+00:00","dateModified":"2025-05-19T12:12:16+00:00","breadcrumb":{"@id":"https:\/\/www.24gliwice.pl\/wiadomosci\/silesia-cup-2025-siatkarskie-emocje-na-koniec-maja\/#breadcrumb"},"inLanguage":"pl-PL","potentialAction":[{"@type":"ReadAction","target":["https:\/\/www.24gliwice.pl\/wiadomosci\/silesia-cup-2025-siatkarskie-emocje-na-koniec-maja\/"]}]},{"@type":"ImageObject","inLanguage":"pl-PL","@id":"https:\/\/www.24gliwice.pl\/wiadomosci\/silesia-cup-2025-siatkarskie-emocje-na-koniec-maja\/#primaryimage","url":"https:\/\/www.24gliwice.pl\/wiadomosci\/wp-content\/uploads\/2025\/05\/siatkow-1.jpg","contentUrl":"https:\/\/www.24gliwice.pl\/wiadomosci\/wp-content\/uploads\/2025\/05\/siatkow-1.jpg","width":810,"height":456,"caption":"gliwice, fot.michal buksa"},{"@type":"BreadcrumbList","@id":"https:\/\/www.24gliwice.pl\/wiadomosci\/silesia-cup-2025-siatkarskie-emocje-na-koniec-maja\/#breadcrumb","itemListElement":[{"@type":"ListItem","position":1,"name":"Strona g\u0142\u00f3wna","item":"https:\/\/www.24gliwice.pl\/wiadomosci\/"},{"@type":"ListItem","position":2,"name":"Silesia Cup 2025. Trzy dni siatkarskich emocji w Gliwicach i Katowicach ju\u017c na koniec maja!"}]},{"@type":"WebSite","@id":"https:\/\/www.24gliwice.pl\/wiadomosci\/#website","url":"https:\/\/www.24gliwice.pl\/wiadomosci\/","name":"24GLIWICE - Portal Gliwice | codziennie nowe wiadomo\u015bci","description":"Portal Miejski Gliwice","publisher":{"@id":"https:\/\/www.24gliwice.pl\/wiadomosci\/#organization"},"potentialAction":[{"@type":"SearchAction","target":{"@type":"EntryPoint","urlTemplate":"https:\/\/www.24gliwice.pl\/wiadomosci\/?s={search_term_string}"},"query-input":{"@type":"PropertyValueSpecification","valueRequired":true,"valueName":"search_term_string"}}],"inLanguage":"pl-PL"},{"@type":"Organization","@id":"https:\/\/www.24gliwice.pl\/wiadomosci\/#organization","name":"24gliwice","url":"https:\/\/www.24gliwice.pl\/wiadomosci\/","logo":{"@type":"ImageObject","inLanguage":"pl-PL","@id":"https:\/\/www.24gliwice.pl\/wiadomosci\/#\/schema\/logo\/image\/","url":"https:\/\/www.24gliwice.pl\/wiadomosci\/wp-content\/uploads\/2024\/10\/24gliwice-logo-696.jpg","contentUrl":"https:\/\/www.24gliwice.pl\/wiadomosci\/wp-content\/uploads\/2024\/10\/24gliwice-logo-696.jpg","width":696,"height":696,"caption":"24gliwice"},"image":{"@id":"https:\/\/www.24gliwice.pl\/wiadomosci\/#\/schema\/logo\/image\/"},"sameAs":["https:\/\/www.facebook.com\/24gliwice","https:\/\/x.com\/24gliwice","https:\/\/www.youtube.com\/@24gliwice"]},{"@type":"Person","@id":"https:\/\/www.24gliwice.pl\/wiadomosci\/#\/schema\/person\/cb5857e4a4d048c15984c1edcc8ef0c0","name":"Marcin Fabrykowski","image":{"@type":"ImageObject","inLanguage":"pl-PL","@id":"https:\/\/www.24gliwice.pl\/wiadomosci\/wp-content\/uploads\/2025\/11\/zdjecie-moje-marcin-300-96x96.jpg","url":"https:\/\/www.24gliwice.pl\/wiadomosci\/wp-content\/uploads\/2025\/11\/zdjecie-moje-marcin-300-96x96.jpg","contentUrl":"https:\/\/www.24gliwice.pl\/wiadomosci\/wp-content\/uploads\/2025\/11\/zdjecie-moje-marcin-300-96x96.jpg","caption":"Marcin Fabrykowski"},"sameAs":["http:\/\/24gliwice.pl","https:\/\/www.facebook.com\/marcin.fabrykowski"],"url":"https:\/\/www.24gliwice.pl\/wiadomosci\/author\/marcin-fabrykowski\/"}]}},"_links":{"self":[{"href":"https:\/\/www.24gliwice.pl\/wiadomosci\/wp-json\/wp\/v2\/posts\/254379","targetHints":{"allow":["GET"]}}],"collection":[{"href":"https:\/\/www.24gliwice.pl\/wiadomosci\/wp-json\/wp\/v2\/posts"}],"about":[{"href":"https:\/\/www.24gliwice.pl\/wiadomosci\/wp-json\/wp\/v2\/types\/post"}],"author":[{"embeddable":true,"href":"https:\/\/www.24gliwice.pl\/wiadomosci\/wp-json\/wp\/v2\/users\/4"}],"replies":[{"embeddable":true,"href":"https:\/\/www.24gliwice.pl\/wiadomosci\/wp-json\/wp\/v2\/comments?post=254379"}],"version-history":[{"count":0,"href":"https:\/\/www.24gliwice.pl\/wiadomosci\/wp-json\/wp\/v2\/posts\/254379\/revisions"}],"wp:featuredmedia":[{"embeddable":true,"href":"https:\/\/www.24gliwice.pl\/wiadomosci\/wp-json\/wp\/v2\/media\/254383"}],"wp:attachment":[{"href":"https:\/\/www.24gliwice.pl\/wiadomosci\/wp-json\/wp\/v2\/media?parent=254379"}],"wp:term":[{"taxonomy":"category","embeddable":true,"href":"https:\/\/www.24gliwice.pl\/wiadomosci\/wp-json\/wp\/v2\/categories?post=254379"},{"taxonomy":"post_tag","embeddable":true,"href":"https:\/\/www.24gliwice.pl\/wiadomosci\/wp-json\/wp\/v2\/tags?post=254379"}],"curies":[{"name":"wp","href":"https:\/\/api.w.org\/{rel}","templated":true}]}}