{"id":254618,"date":"2025-05-23T18:27:23","date_gmt":"2025-05-23T16:27:23","guid":{"rendered":"https:\/\/www.24gliwice.pl\/wiadomosci\/?p=254618"},"modified":"2025-05-26T12:17:29","modified_gmt":"2025-05-26T10:17:29","slug":"ii-slaski-kongres-wspolnot-mieszkaniowych-i-zarzadcow-nieruchomosci","status":"publish","type":"post","link":"https:\/\/www.24gliwice.pl\/wiadomosci\/ii-slaski-kongres-wspolnot-mieszkaniowych-i-zarzadcow-nieruchomosci\/","title":{"rendered":"II \u015al\u0105ski Kongres Wsp\u00f3lnot Mieszkaniowych i Zarz\u0105dc\u00f3w Nieruchomo\u015bci"},"content":{"rendered":"<h3>Organizatorzy zapraszaj\u0105 do udzia\u0142u w II \u015al\u0105skim Kongresie Wsp\u00f3lnot Mieszkaniowych i Zarz\u0105dc\u00f3w Nieruchomo\u015bci, kt\u00f3ry odb\u0119dzie si\u0119 4 czerwca 2025 r. w Centrum Edukacyjno-Kongresowym Politechniki \u015al\u0105skiej. <\/h3>\n<p><!--more--><\/p>\n<p>Kongres organizowany jest przez wydawc\u0119 miesi\u0119cznika Wsp\u00f3lnota Mieszkaniowa \u2013 Municipium S.A. <em>&#8211; Zapraszamy osoby odpowiedzialne za zarz\u0105dzanie nieruchomo\u015bciami mieszkaniowymi \u2013 zarz\u0105dc\u00f3w nieruchomo\u015bci, cz\u0142onk\u00f3w zarz\u0105d\u00f3w wsp\u00f3lnot mieszkaniowych, sp\u00f3\u0142dzielni mieszkaniowych i Towarzystw Budownictwa Spo\u0142ecznego oraz osoby zwi\u0105zane z funkcjonowaniem rynku nieruchomo\u015bci.<\/em><\/p>\n<p>Program kongresu zosta\u0142 opracowany z my\u015bl\u0105 o bie\u017c\u0105cych wyzwaniach, z jakimi mierz\u0105 si\u0119 zarz\u0105dcy nieruchomo\u015bci. Obejmuje szeroki zakres temat\u00f3w praktycznych, prawnych i finansowych. Uczestnicy zdob\u0119d\u0105 cenn\u0105 wiedz\u0119 na temat dost\u0119pnych \u017ar\u00f3de\u0142 finansowania inwestycji we wsp\u00f3lnotach mieszkaniowych. Nie zabraknie r\u00f3wnie\u017c szczeg\u00f3\u0142owego om\u00f3wienia procesu wdra\u017cania Cyfrowej Ksi\u0105\u017cki Obiektu Budowlanego (c-KOB). W programie znajdzie si\u0119 tak\u017ce blok po\u015bwi\u0119cony uprawnieniom w\u0142a\u015bcicieli lokali w zakresie organizacyjnym i kontrolnym, w tym mo\u017cliwo\u015bciom samodzielnego zwo\u0142ania zebrania wsp\u00f3lnoty, przygotowania projektu uchwa\u0142y oraz zastosowania indywidualnego trybu g\u0142osowania. <\/p>\n<p>Poza uczestnictwem w wyk\u0142adach i dyskusjach b\u0119dzie istnia\u0142a mo\u017cliwo\u015b\u0107 zapoznania si\u0119 z ofert\u0105 partner\u00f3w \u015bwiadcz\u0105cych us\u0142ugi na rzecz wsp\u00f3lnot mieszkaniowych. Uczestnicy otrzymaj\u0105 bezp\u0142atne egzemplarze miesi\u0119cznika \u201eWsp\u00f3lnota Mieszkaniowa\u201d.<\/p>\n<p>Udzia\u0142 w kongresie jest bezp\u0142atny. Warunkiem udzia\u0142u jest wype\u0142nienie formularza rejestracyjnego on-line dost\u0119pnego na stronie <a href=\"https:\/\/wm.info.pl\/slaski-kongres\/rejestracja\/\" target=\"_blank\">https:\/\/wm.info.pl\/slaski-kongres\/rejestracja\/<\/a>. Liczba miejsc jest ograniczona, zatem zach\u0119camy do rejestracji jak najwcze\u015bniej!<\/p>\n<p><strong>Wi\u0119cej informacji o Kongresie: <a href=\"https:\/\/wm.info.pl\/slaski-kongres\/\" target=\"_blank\">https:\/\/wm.info.pl\/slaski-kongres\/<\/a> <\/strong><\/p>\n<p><small>materia\u0142 partnera<\/small><\/p>\n","protected":false},"excerpt":{"rendered":"<p>Organizatorzy zapraszaj\u0105 do udzia\u0142u w II \u015al\u0105skim Kongresie Wsp\u00f3lnot Mieszkaniowych i Zarz\u0105dc\u00f3w Nieruchomo\u015bci, kt\u00f3ry odb\u0119dzie si\u0119 4 czerwca 2025 r. w Centrum Edukacyjno-Kongresowym Politechniki \u015al\u0105skiej.<\/p>\n","protected":false},"author":4,"featured_media":254622,"comment_status":"closed","ping_status":"closed","sticky":false,"template":"","format":"standard","meta":{"_monsterinsights_skip_tracking":false,"_monsterinsights_sitenote_active":false,"_monsterinsights_sitenote_note":"","_monsterinsights_sitenote_category":0,"footnotes":"","_links_to":"","_links_to_target":""},"categories":[3,1,1129],"tags":[],"class_list":["post-254618","post","type-post","status-publish","format-standard","has-post-thumbnail","hentry","category-gliwice","category-wszystko","category-polecamy"],"yoast_head":"<!-- This site is optimized with the Yoast SEO plugin v27.5 - https:\/\/yoast.com\/product\/yoast-seo-wordpress\/ -->\n<title>II \u015al\u0105ski Kongres Wsp\u00f3lnot Mieszkaniowych i Zarz\u0105dc\u00f3w Nieruchomo\u015bci - 24GLIWICE - Portal Gliwice | codziennie nowe informacje<\/title>\n<meta name=\"robots\" content=\"index, follow, max-snippet:-1, max-image-preview:large, max-video-preview:-1\" \/>\n<link rel=\"canonical\" href=\"https:\/\/www.24gliwice.pl\/wiadomosci\/ii-slaski-kongres-wspolnot-mieszkaniowych-i-zarzadcow-nieruchomosci\/\" \/>\n<meta property=\"og:locale\" content=\"pl_PL\" \/>\n<meta property=\"og:type\" content=\"article\" \/>\n<meta property=\"og:title\" content=\"II \u015al\u0105ski Kongres Wsp\u00f3lnot Mieszkaniowych i Zarz\u0105dc\u00f3w Nieruchomo\u015bci - 24GLIWICE - Portal Gliwice | codziennie nowe informacje\" \/>\n<meta property=\"og:description\" content=\"Organizatorzy zapraszaj\u0105 do udzia\u0142u w II \u015al\u0105skim Kongresie Wsp\u00f3lnot Mieszkaniowych i Zarz\u0105dc\u00f3w Nieruchomo\u015bci, kt\u00f3ry odb\u0119dzie si\u0119 4 czerwca 2025 r. w Centrum Edukacyjno-Kongresowym Politechniki \u015al\u0105skiej.\" \/>\n<meta property=\"og:url\" content=\"https:\/\/www.24gliwice.pl\/wiadomosci\/ii-slaski-kongres-wspolnot-mieszkaniowych-i-zarzadcow-nieruchomosci\/\" \/>\n<meta property=\"og:site_name\" content=\"24GLIWICE - Portal Gliwice | codziennie nowe informacje\" \/>\n<meta property=\"article:publisher\" content=\"https:\/\/www.facebook.com\/24gliwice\" \/>\n<meta property=\"article:author\" content=\"https:\/\/www.facebook.com\/marcin.fabrykowski\" \/>\n<meta property=\"article:published_time\" content=\"2025-05-23T16:27:23+00:00\" \/>\n<meta property=\"article:modified_time\" content=\"2025-05-26T10:17:29+00:00\" \/>\n<meta property=\"og:image\" content=\"https:\/\/www.24gliwice.pl\/wiadomosci\/wp-content\/uploads\/2025\/05\/II-SLASKI-KONGRES-25_1920x1080.jpg\" \/>\n\t<meta property=\"og:image:width\" content=\"1140\" \/>\n\t<meta property=\"og:image:height\" content=\"642\" \/>\n\t<meta property=\"og:image:type\" content=\"image\/jpeg\" \/>\n<meta name=\"author\" content=\"Marcin Fabrykowski\" \/>\n<meta name=\"twitter:card\" content=\"summary_large_image\" \/>\n<meta name=\"twitter:creator\" content=\"@24gliwice\" \/>\n<meta name=\"twitter:site\" content=\"@24gliwice\" \/>\n<meta name=\"twitter:label1\" content=\"Napisane przez\" \/>\n\t<meta name=\"twitter:data1\" content=\"Marcin Fabrykowski\" \/>\n\t<meta name=\"twitter:label2\" content=\"Szacowany czas czytania\" \/>\n\t<meta name=\"twitter:data2\" content=\"2 minuty\" \/>\n<script type=\"application\/ld+json\" class=\"yoast-schema-graph\">{\"@context\":\"https:\\\/\\\/schema.org\",\"@graph\":[{\"@type\":\"Article\",\"@id\":\"https:\\\/\\\/www.24gliwice.pl\\\/wiadomosci\\\/ii-slaski-kongres-wspolnot-mieszkaniowych-i-zarzadcow-nieruchomosci\\\/#article\",\"isPartOf\":{\"@id\":\"https:\\\/\\\/www.24gliwice.pl\\\/wiadomosci\\\/ii-slaski-kongres-wspolnot-mieszkaniowych-i-zarzadcow-nieruchomosci\\\/\"},\"author\":{\"name\":\"Marcin Fabrykowski\",\"@id\":\"https:\\\/\\\/www.24gliwice.pl\\\/wiadomosci\\\/#\\\/schema\\\/person\\\/cb5857e4a4d048c15984c1edcc8ef0c0\"},\"headline\":\"II \u015al\u0105ski Kongres Wsp\u00f3lnot Mieszkaniowych i Zarz\u0105dc\u00f3w Nieruchomo\u015bci\",\"datePublished\":\"2025-05-23T16:27:23+00:00\",\"dateModified\":\"2025-05-26T10:17:29+00:00\",\"mainEntityOfPage\":{\"@id\":\"https:\\\/\\\/www.24gliwice.pl\\\/wiadomosci\\\/ii-slaski-kongres-wspolnot-mieszkaniowych-i-zarzadcow-nieruchomosci\\\/\"},\"wordCount\":289,\"publisher\":{\"@id\":\"https:\\\/\\\/www.24gliwice.pl\\\/wiadomosci\\\/#organization\"},\"image\":{\"@id\":\"https:\\\/\\\/www.24gliwice.pl\\\/wiadomosci\\\/ii-slaski-kongres-wspolnot-mieszkaniowych-i-zarzadcow-nieruchomosci\\\/#primaryimage\"},\"thumbnailUrl\":\"https:\\\/\\\/www.24gliwice.pl\\\/wiadomosci\\\/wp-content\\\/uploads\\\/2025\\\/05\\\/II-SLASKI-KONGRES-25_1920x1080.jpg\",\"articleSection\":[\"Gliwice\",\"Najnowsze wiadomo\u015bci\",\"Polecamy\"],\"inLanguage\":\"pl-PL\"},{\"@type\":\"WebPage\",\"@id\":\"https:\\\/\\\/www.24gliwice.pl\\\/wiadomosci\\\/ii-slaski-kongres-wspolnot-mieszkaniowych-i-zarzadcow-nieruchomosci\\\/\",\"url\":\"https:\\\/\\\/www.24gliwice.pl\\\/wiadomosci\\\/ii-slaski-kongres-wspolnot-mieszkaniowych-i-zarzadcow-nieruchomosci\\\/\",\"name\":\"II \u015al\u0105ski Kongres Wsp\u00f3lnot Mieszkaniowych i Zarz\u0105dc\u00f3w Nieruchomo\u015bci - 24GLIWICE - Portal Gliwice | codziennie nowe informacje\",\"isPartOf\":{\"@id\":\"https:\\\/\\\/www.24gliwice.pl\\\/wiadomosci\\\/#website\"},\"primaryImageOfPage\":{\"@id\":\"https:\\\/\\\/www.24gliwice.pl\\\/wiadomosci\\\/ii-slaski-kongres-wspolnot-mieszkaniowych-i-zarzadcow-nieruchomosci\\\/#primaryimage\"},\"image\":{\"@id\":\"https:\\\/\\\/www.24gliwice.pl\\\/wiadomosci\\\/ii-slaski-kongres-wspolnot-mieszkaniowych-i-zarzadcow-nieruchomosci\\\/#primaryimage\"},\"thumbnailUrl\":\"https:\\\/\\\/www.24gliwice.pl\\\/wiadomosci\\\/wp-content\\\/uploads\\\/2025\\\/05\\\/II-SLASKI-KONGRES-25_1920x1080.jpg\",\"datePublished\":\"2025-05-23T16:27:23+00:00\",\"dateModified\":\"2025-05-26T10:17:29+00:00\",\"breadcrumb\":{\"@id\":\"https:\\\/\\\/www.24gliwice.pl\\\/wiadomosci\\\/ii-slaski-kongres-wspolnot-mieszkaniowych-i-zarzadcow-nieruchomosci\\\/#breadcrumb\"},\"inLanguage\":\"pl-PL\",\"potentialAction\":[{\"@type\":\"ReadAction\",\"target\":[\"https:\\\/\\\/www.24gliwice.pl\\\/wiadomosci\\\/ii-slaski-kongres-wspolnot-mieszkaniowych-i-zarzadcow-nieruchomosci\\\/\"]}]},{\"@type\":\"ImageObject\",\"inLanguage\":\"pl-PL\",\"@id\":\"https:\\\/\\\/www.24gliwice.pl\\\/wiadomosci\\\/ii-slaski-kongres-wspolnot-mieszkaniowych-i-zarzadcow-nieruchomosci\\\/#primaryimage\",\"url\":\"https:\\\/\\\/www.24gliwice.pl\\\/wiadomosci\\\/wp-content\\\/uploads\\\/2025\\\/05\\\/II-SLASKI-KONGRES-25_1920x1080.jpg\",\"contentUrl\":\"https:\\\/\\\/www.24gliwice.pl\\\/wiadomosci\\\/wp-content\\\/uploads\\\/2025\\\/05\\\/II-SLASKI-KONGRES-25_1920x1080.jpg\",\"width\":1140,\"height\":642},{\"@type\":\"BreadcrumbList\",\"@id\":\"https:\\\/\\\/www.24gliwice.pl\\\/wiadomosci\\\/ii-slaski-kongres-wspolnot-mieszkaniowych-i-zarzadcow-nieruchomosci\\\/#breadcrumb\",\"itemListElement\":[{\"@type\":\"ListItem\",\"position\":1,\"name\":\"Strona g\u0142\u00f3wna\",\"item\":\"https:\\\/\\\/www.24gliwice.pl\\\/wiadomosci\\\/\"},{\"@type\":\"ListItem\",\"position\":2,\"name\":\"II \u015al\u0105ski Kongres Wsp\u00f3lnot Mieszkaniowych i Zarz\u0105dc\u00f3w Nieruchomo\u015bci\"}]},{\"@type\":\"WebSite\",\"@id\":\"https:\\\/\\\/www.24gliwice.pl\\\/wiadomosci\\\/#website\",\"url\":\"https:\\\/\\\/www.24gliwice.pl\\\/wiadomosci\\\/\",\"name\":\"24GLIWICE - Portal Gliwice | codziennie nowe wiadomo\u015bci\",\"description\":\"Portal Miejski Gliwice\",\"publisher\":{\"@id\":\"https:\\\/\\\/www.24gliwice.pl\\\/wiadomosci\\\/#organization\"},\"potentialAction\":[{\"@type\":\"SearchAction\",\"target\":{\"@type\":\"EntryPoint\",\"urlTemplate\":\"https:\\\/\\\/www.24gliwice.pl\\\/wiadomosci\\\/?s={search_term_string}\"},\"query-input\":{\"@type\":\"PropertyValueSpecification\",\"valueRequired\":true,\"valueName\":\"search_term_string\"}}],\"inLanguage\":\"pl-PL\"},{\"@type\":\"Organization\",\"@id\":\"https:\\\/\\\/www.24gliwice.pl\\\/wiadomosci\\\/#organization\",\"name\":\"24gliwice\",\"url\":\"https:\\\/\\\/www.24gliwice.pl\\\/wiadomosci\\\/\",\"logo\":{\"@type\":\"ImageObject\",\"inLanguage\":\"pl-PL\",\"@id\":\"https:\\\/\\\/www.24gliwice.pl\\\/wiadomosci\\\/#\\\/schema\\\/logo\\\/image\\\/\",\"url\":\"https:\\\/\\\/www.24gliwice.pl\\\/wiadomosci\\\/wp-content\\\/uploads\\\/2024\\\/10\\\/24gliwice-logo-696.jpg\",\"contentUrl\":\"https:\\\/\\\/www.24gliwice.pl\\\/wiadomosci\\\/wp-content\\\/uploads\\\/2024\\\/10\\\/24gliwice-logo-696.jpg\",\"width\":696,\"height\":696,\"caption\":\"24gliwice\"},\"image\":{\"@id\":\"https:\\\/\\\/www.24gliwice.pl\\\/wiadomosci\\\/#\\\/schema\\\/logo\\\/image\\\/\"},\"sameAs\":[\"https:\\\/\\\/www.facebook.com\\\/24gliwice\",\"https:\\\/\\\/x.com\\\/24gliwice\",\"https:\\\/\\\/www.youtube.com\\\/@24gliwice\"]},{\"@type\":\"Person\",\"@id\":\"https:\\\/\\\/www.24gliwice.pl\\\/wiadomosci\\\/#\\\/schema\\\/person\\\/cb5857e4a4d048c15984c1edcc8ef0c0\",\"name\":\"Marcin Fabrykowski\",\"image\":{\"@type\":\"ImageObject\",\"inLanguage\":\"pl-PL\",\"@id\":\"https:\\\/\\\/www.24gliwice.pl\\\/wiadomosci\\\/wp-content\\\/uploads\\\/2025\\\/11\\\/zdjecie-moje-marcin-300-96x96.jpg\",\"url\":\"https:\\\/\\\/www.24gliwice.pl\\\/wiadomosci\\\/wp-content\\\/uploads\\\/2025\\\/11\\\/zdjecie-moje-marcin-300-96x96.jpg\",\"contentUrl\":\"https:\\\/\\\/www.24gliwice.pl\\\/wiadomosci\\\/wp-content\\\/uploads\\\/2025\\\/11\\\/zdjecie-moje-marcin-300-96x96.jpg\",\"caption\":\"Marcin Fabrykowski\"},\"sameAs\":[\"http:\\\/\\\/24gliwice.pl\",\"https:\\\/\\\/www.facebook.com\\\/marcin.fabrykowski\"],\"url\":\"https:\\\/\\\/www.24gliwice.pl\\\/wiadomosci\\\/author\\\/marcin-fabrykowski\\\/\"}]}<\/script>\n<!-- \/ Yoast SEO plugin. -->","yoast_head_json":{"title":"II \u015al\u0105ski Kongres Wsp\u00f3lnot Mieszkaniowych i Zarz\u0105dc\u00f3w Nieruchomo\u015bci - 24GLIWICE - Portal Gliwice | codziennie nowe informacje","robots":{"index":"index","follow":"follow","max-snippet":"max-snippet:-1","max-image-preview":"max-image-preview:large","max-video-preview":"max-video-preview:-1"},"canonical":"https:\/\/www.24gliwice.pl\/wiadomosci\/ii-slaski-kongres-wspolnot-mieszkaniowych-i-zarzadcow-nieruchomosci\/","og_locale":"pl_PL","og_type":"article","og_title":"II \u015al\u0105ski Kongres Wsp\u00f3lnot Mieszkaniowych i Zarz\u0105dc\u00f3w Nieruchomo\u015bci - 24GLIWICE - Portal Gliwice | codziennie nowe informacje","og_description":"Organizatorzy zapraszaj\u0105 do udzia\u0142u w II \u015al\u0105skim Kongresie Wsp\u00f3lnot Mieszkaniowych i Zarz\u0105dc\u00f3w Nieruchomo\u015bci, kt\u00f3ry odb\u0119dzie si\u0119 4 czerwca 2025 r. w Centrum Edukacyjno-Kongresowym Politechniki \u015al\u0105skiej.","og_url":"https:\/\/www.24gliwice.pl\/wiadomosci\/ii-slaski-kongres-wspolnot-mieszkaniowych-i-zarzadcow-nieruchomosci\/","og_site_name":"24GLIWICE - Portal Gliwice | codziennie nowe informacje","article_publisher":"https:\/\/www.facebook.com\/24gliwice","article_author":"https:\/\/www.facebook.com\/marcin.fabrykowski","article_published_time":"2025-05-23T16:27:23+00:00","article_modified_time":"2025-05-26T10:17:29+00:00","og_image":[{"width":1140,"height":642,"url":"https:\/\/www.24gliwice.pl\/wiadomosci\/wp-content\/uploads\/2025\/05\/II-SLASKI-KONGRES-25_1920x1080.jpg","type":"image\/jpeg"}],"author":"Marcin Fabrykowski","twitter_card":"summary_large_image","twitter_creator":"@24gliwice","twitter_site":"@24gliwice","twitter_misc":{"Napisane przez":"Marcin Fabrykowski","Szacowany czas czytania":"2 minuty"},"schema":{"@context":"https:\/\/schema.org","@graph":[{"@type":"Article","@id":"https:\/\/www.24gliwice.pl\/wiadomosci\/ii-slaski-kongres-wspolnot-mieszkaniowych-i-zarzadcow-nieruchomosci\/#article","isPartOf":{"@id":"https:\/\/www.24gliwice.pl\/wiadomosci\/ii-slaski-kongres-wspolnot-mieszkaniowych-i-zarzadcow-nieruchomosci\/"},"author":{"name":"Marcin Fabrykowski","@id":"https:\/\/www.24gliwice.pl\/wiadomosci\/#\/schema\/person\/cb5857e4a4d048c15984c1edcc8ef0c0"},"headline":"II \u015al\u0105ski Kongres Wsp\u00f3lnot Mieszkaniowych i Zarz\u0105dc\u00f3w Nieruchomo\u015bci","datePublished":"2025-05-23T16:27:23+00:00","dateModified":"2025-05-26T10:17:29+00:00","mainEntityOfPage":{"@id":"https:\/\/www.24gliwice.pl\/wiadomosci\/ii-slaski-kongres-wspolnot-mieszkaniowych-i-zarzadcow-nieruchomosci\/"},"wordCount":289,"publisher":{"@id":"https:\/\/www.24gliwice.pl\/wiadomosci\/#organization"},"image":{"@id":"https:\/\/www.24gliwice.pl\/wiadomosci\/ii-slaski-kongres-wspolnot-mieszkaniowych-i-zarzadcow-nieruchomosci\/#primaryimage"},"thumbnailUrl":"https:\/\/www.24gliwice.pl\/wiadomosci\/wp-content\/uploads\/2025\/05\/II-SLASKI-KONGRES-25_1920x1080.jpg","articleSection":["Gliwice","Najnowsze wiadomo\u015bci","Polecamy"],"inLanguage":"pl-PL"},{"@type":"WebPage","@id":"https:\/\/www.24gliwice.pl\/wiadomosci\/ii-slaski-kongres-wspolnot-mieszkaniowych-i-zarzadcow-nieruchomosci\/","url":"https:\/\/www.24gliwice.pl\/wiadomosci\/ii-slaski-kongres-wspolnot-mieszkaniowych-i-zarzadcow-nieruchomosci\/","name":"II \u015al\u0105ski Kongres Wsp\u00f3lnot Mieszkaniowych i Zarz\u0105dc\u00f3w Nieruchomo\u015bci - 24GLIWICE - Portal Gliwice | codziennie nowe informacje","isPartOf":{"@id":"https:\/\/www.24gliwice.pl\/wiadomosci\/#website"},"primaryImageOfPage":{"@id":"https:\/\/www.24gliwice.pl\/wiadomosci\/ii-slaski-kongres-wspolnot-mieszkaniowych-i-zarzadcow-nieruchomosci\/#primaryimage"},"image":{"@id":"https:\/\/www.24gliwice.pl\/wiadomosci\/ii-slaski-kongres-wspolnot-mieszkaniowych-i-zarzadcow-nieruchomosci\/#primaryimage"},"thumbnailUrl":"https:\/\/www.24gliwice.pl\/wiadomosci\/wp-content\/uploads\/2025\/05\/II-SLASKI-KONGRES-25_1920x1080.jpg","datePublished":"2025-05-23T16:27:23+00:00","dateModified":"2025-05-26T10:17:29+00:00","breadcrumb":{"@id":"https:\/\/www.24gliwice.pl\/wiadomosci\/ii-slaski-kongres-wspolnot-mieszkaniowych-i-zarzadcow-nieruchomosci\/#breadcrumb"},"inLanguage":"pl-PL","potentialAction":[{"@type":"ReadAction","target":["https:\/\/www.24gliwice.pl\/wiadomosci\/ii-slaski-kongres-wspolnot-mieszkaniowych-i-zarzadcow-nieruchomosci\/"]}]},{"@type":"ImageObject","inLanguage":"pl-PL","@id":"https:\/\/www.24gliwice.pl\/wiadomosci\/ii-slaski-kongres-wspolnot-mieszkaniowych-i-zarzadcow-nieruchomosci\/#primaryimage","url":"https:\/\/www.24gliwice.pl\/wiadomosci\/wp-content\/uploads\/2025\/05\/II-SLASKI-KONGRES-25_1920x1080.jpg","contentUrl":"https:\/\/www.24gliwice.pl\/wiadomosci\/wp-content\/uploads\/2025\/05\/II-SLASKI-KONGRES-25_1920x1080.jpg","width":1140,"height":642},{"@type":"BreadcrumbList","@id":"https:\/\/www.24gliwice.pl\/wiadomosci\/ii-slaski-kongres-wspolnot-mieszkaniowych-i-zarzadcow-nieruchomosci\/#breadcrumb","itemListElement":[{"@type":"ListItem","position":1,"name":"Strona g\u0142\u00f3wna","item":"https:\/\/www.24gliwice.pl\/wiadomosci\/"},{"@type":"ListItem","position":2,"name":"II \u015al\u0105ski Kongres Wsp\u00f3lnot Mieszkaniowych i Zarz\u0105dc\u00f3w Nieruchomo\u015bci"}]},{"@type":"WebSite","@id":"https:\/\/www.24gliwice.pl\/wiadomosci\/#website","url":"https:\/\/www.24gliwice.pl\/wiadomosci\/","name":"24GLIWICE - Portal Gliwice | codziennie nowe wiadomo\u015bci","description":"Portal Miejski Gliwice","publisher":{"@id":"https:\/\/www.24gliwice.pl\/wiadomosci\/#organization"},"potentialAction":[{"@type":"SearchAction","target":{"@type":"EntryPoint","urlTemplate":"https:\/\/www.24gliwice.pl\/wiadomosci\/?s={search_term_string}"},"query-input":{"@type":"PropertyValueSpecification","valueRequired":true,"valueName":"search_term_string"}}],"inLanguage":"pl-PL"},{"@type":"Organization","@id":"https:\/\/www.24gliwice.pl\/wiadomosci\/#organization","name":"24gliwice","url":"https:\/\/www.24gliwice.pl\/wiadomosci\/","logo":{"@type":"ImageObject","inLanguage":"pl-PL","@id":"https:\/\/www.24gliwice.pl\/wiadomosci\/#\/schema\/logo\/image\/","url":"https:\/\/www.24gliwice.pl\/wiadomosci\/wp-content\/uploads\/2024\/10\/24gliwice-logo-696.jpg","contentUrl":"https:\/\/www.24gliwice.pl\/wiadomosci\/wp-content\/uploads\/2024\/10\/24gliwice-logo-696.jpg","width":696,"height":696,"caption":"24gliwice"},"image":{"@id":"https:\/\/www.24gliwice.pl\/wiadomosci\/#\/schema\/logo\/image\/"},"sameAs":["https:\/\/www.facebook.com\/24gliwice","https:\/\/x.com\/24gliwice","https:\/\/www.youtube.com\/@24gliwice"]},{"@type":"Person","@id":"https:\/\/www.24gliwice.pl\/wiadomosci\/#\/schema\/person\/cb5857e4a4d048c15984c1edcc8ef0c0","name":"Marcin Fabrykowski","image":{"@type":"ImageObject","inLanguage":"pl-PL","@id":"https:\/\/www.24gliwice.pl\/wiadomosci\/wp-content\/uploads\/2025\/11\/zdjecie-moje-marcin-300-96x96.jpg","url":"https:\/\/www.24gliwice.pl\/wiadomosci\/wp-content\/uploads\/2025\/11\/zdjecie-moje-marcin-300-96x96.jpg","contentUrl":"https:\/\/www.24gliwice.pl\/wiadomosci\/wp-content\/uploads\/2025\/11\/zdjecie-moje-marcin-300-96x96.jpg","caption":"Marcin Fabrykowski"},"sameAs":["http:\/\/24gliwice.pl","https:\/\/www.facebook.com\/marcin.fabrykowski"],"url":"https:\/\/www.24gliwice.pl\/wiadomosci\/author\/marcin-fabrykowski\/"}]}},"_links":{"self":[{"href":"https:\/\/www.24gliwice.pl\/wiadomosci\/wp-json\/wp\/v2\/posts\/254618","targetHints":{"allow":["GET"]}}],"collection":[{"href":"https:\/\/www.24gliwice.pl\/wiadomosci\/wp-json\/wp\/v2\/posts"}],"about":[{"href":"https:\/\/www.24gliwice.pl\/wiadomosci\/wp-json\/wp\/v2\/types\/post"}],"author":[{"embeddable":true,"href":"https:\/\/www.24gliwice.pl\/wiadomosci\/wp-json\/wp\/v2\/users\/4"}],"replies":[{"embeddable":true,"href":"https:\/\/www.24gliwice.pl\/wiadomosci\/wp-json\/wp\/v2\/comments?post=254618"}],"version-history":[{"count":0,"href":"https:\/\/www.24gliwice.pl\/wiadomosci\/wp-json\/wp\/v2\/posts\/254618\/revisions"}],"wp:featuredmedia":[{"embeddable":true,"href":"https:\/\/www.24gliwice.pl\/wiadomosci\/wp-json\/wp\/v2\/media\/254622"}],"wp:attachment":[{"href":"https:\/\/www.24gliwice.pl\/wiadomosci\/wp-json\/wp\/v2\/media?parent=254618"}],"wp:term":[{"taxonomy":"category","embeddable":true,"href":"https:\/\/www.24gliwice.pl\/wiadomosci\/wp-json\/wp\/v2\/categories?post=254618"},{"taxonomy":"post_tag","embeddable":true,"href":"https:\/\/www.24gliwice.pl\/wiadomosci\/wp-json\/wp\/v2\/tags?post=254618"}],"curies":[{"name":"wp","href":"https:\/\/api.w.org\/{rel}","templated":true}]}}