{"id":254657,"date":"2025-05-26T12:38:28","date_gmt":"2025-05-26T10:38:28","guid":{"rendered":"https:\/\/www.24gliwice.pl\/wiadomosci\/?p=254657"},"modified":"2025-05-26T21:04:55","modified_gmt":"2025-05-26T19:04:55","slug":"startuja-igry-politechniki-slaskiej-bedzie-korowod-przebierancow-ulicami-gliwic-i-koncerty-kto-wystapi","status":"publish","type":"post","link":"https:\/\/www.24gliwice.pl\/wiadomosci\/startuja-igry-politechniki-slaskiej-bedzie-korowod-przebierancow-ulicami-gliwic-i-koncerty-kto-wystapi\/","title":{"rendered":"Startuj\u0105 IGRY Politechniki \u015al\u0105skiej. B\u0119dzie korow\u00f3d przebiera\u0144c\u00f3w ulicami Gliwic i koncerty. Kto wyst\u0105pi?"},"content":{"rendered":"<div class=\"gliwi-a6-nad-leadem-artykulow gliwi-entity-placement\" id=\"gliwi-1037011606\"><div class=\"gliwi-adlabel\"><span style=\"font-size: 9px\">REKLAMA<\/span><\/div><div id=\"gliwi-3352087246\" style=\"margin-bottom: 30px;margin-left: auto;margin-right: auto;text-align: center;\"><a data-no-instant=\"1\" href=\"https:\/\/przedszkole.halogen.org.pl\/\" rel=\"noopener\" class=\"a2t-link\" target=\"_blank\" aria-label=\"20260402-ANIMATOR-przedszkole_grafika_750x200\"><img loading=\"lazy\" decoding=\"async\" src=\"https:\/\/www.24gliwice.pl\/wiadomosci\/wp-content\/uploads\/2026\/04\/20260402-ANIMATOR-przedszkole_grafika_750x200.webp\" alt=\"\"  srcset=\"https:\/\/www.24gliwice.pl\/wiadomosci\/wp-content\/uploads\/2026\/04\/20260402-ANIMATOR-przedszkole_grafika_750x200.webp 750w, https:\/\/www.24gliwice.pl\/wiadomosci\/wp-content\/uploads\/2026\/04\/20260402-ANIMATOR-przedszkole_grafika_750x200-410x109.webp 410w\" sizes=\"(max-width: 750px) 100vw, 750px\" class=\"no-lazyload\" width=\"750\" height=\"200\"  style=\"display: inline-block; max-width: 100%; height: auto;\" \/><\/a><\/div><\/div><h2>Rozpoczynaj\u0105 si\u0119 IGRY Politechniki \u015al\u0105skiej. W tym roku podczas dwudniowego maratonu koncertowego w Gliwicach wyst\u0105pi\u0105 m.in. T-LOVE\/Muniek, Strachy na Lachy, Mezo i Liber, Smolasty, a tak\u017ce grupa Bez Pokory. Wcze\u015bniej ulicami Gliwic tradycyjnie przejdzie kolorowy korow\u00f3d student\u00f3w.<\/h2>\n<p><!--more--><\/p>\n<p>Studenckie \u015bwi\u0119to potrwa sze\u015b\u0107 dni i \u2013 co wa\u017cne \u2013 jest otwarte dla wszystkich, ka\u017cdy b\u0119dzie m\u00f3g\u0142 znale\u017a\u0107 tu co\u015b dla siebie. W programie s\u0105 m.in. wydarzenia kulturalne na terenie kampusu Politechniki \u015al\u0105skiej, gra miejska, filmowe wieczory i oczywi\u015bcie \u2013 koncerty na \u0142\u0105ce igrowej.<\/p>\n<h4>Co w programie?<\/h4>\n<p>Pocz\u0105tek Igr\u00f3w ju\u017c 26 maja. W poniedzia\u0142ek zaplanowano Dzie\u0144 z nauk\u0105 i kultur\u0105, przy ulicy Bojkowskiej odb\u0119dzie si\u0119 turniej padla o puchar rektora &#8211; mo\u017cna wpa\u015b\u0107 pokibicowa\u0107, za\u015b na gr\u0119 obowi\u0105zuj\u0105 zapisy. Opr\u00f3cz tego w planie jest Jam session w CKS Mrowisko. <\/p><div class=\"gliwi-a3-w-tresci-artykulow gliwi-entity-placement\" id=\"gliwi-4039894571\"><div class=\"gliwi-adlabel\"><span style=\"font-size: 9px\">REKLAMA<\/span><\/div><div id=\"gliwi-421478947\" style=\"margin-bottom: 30px;margin-left: auto;margin-right: auto;text-align: center;\"><a data-no-instant=\"1\" href=\"https:\/\/zlobek.halogen.org.pl\/\" rel=\"noopener\" class=\"a2t-link\" target=\"_blank\" aria-label=\"animator-zlobek_750x200\"><img loading=\"lazy\" decoding=\"async\" src=\"https:\/\/www.24gliwice.pl\/wiadomosci\/wp-content\/uploads\/2026\/02\/animator-zlobek_750x200.webp\" alt=\"\"  srcset=\"https:\/\/www.24gliwice.pl\/wiadomosci\/wp-content\/uploads\/2026\/02\/animator-zlobek_750x200.webp 750w, https:\/\/www.24gliwice.pl\/wiadomosci\/wp-content\/uploads\/2026\/02\/animator-zlobek_750x200-410x109.webp 410w\" sizes=\"(max-width: 750px) 100vw, 750px\" class=\"no-lazyload\" width=\"750\" height=\"200\"  style=\"display: inline-block; max-width: 100%; height: auto;\" \/><\/a><\/div><\/div>\n<p>We wtorek, 27 maja, odb\u0119dzie si\u0119 Hackathon Creation, gra miejska i wiecz\u00f3r z plansz\u00f3wkami. Z kolei w \u015brod\u0119 studenci zmierz\u0105 si\u0119 w rywalizacji w p\u0142yni\u0119ciu pod pr\u0105d rzek\u0105 K\u0142odnic\u0105. Zainteresowani uczestnictwem b\u0105d\u017a obejrzeniem tych zmaga\u0144 mog\u0105 wpa\u015b\u0107 oko\u0142o godziny 15:00 w rejon mostku mi\u0119dzy Bibliotek\u0105 POLSL w wydzia\u0142em MT. Opr\u00f3cz tego w programie jest fina\u0142 igrzysk studenckich, grillowanie i filmowanie. Szczeg\u00f3\u0142owe informacje na ten temat znajduj\u0105 si\u0119 w internetowym wpisie w mediach spo\u0142eczno\u015bciowych Politechniki \u015al\u0105skiej. <\/p>\n<p><iframe loading=\"lazy\" src=\"https:\/\/www.facebook.com\/plugins\/post.php?href=https%3A%2F%2Fwww.facebook.com%2FPolitechnikaSlaska%2Fposts%2Fpfbid0tZCGXcvskxBgZ7CPaQ8gziGfnA6ixS3YX1MWRKDuJQUkSi5SnWbuzfoXWKDzxqZkl&#038;show_text=true&#038;width=500\" width=\"500\" height=\"508\" style=\"border:none;overflow:hidden\" scrolling=\"no\" frameborder=\"0\" allowfullscreen=\"true\" allow=\"autoplay; clipboard-write; encrypted-media; picture-in-picture; web-share\"><\/iframe><\/p>\n<p>Wydarzenia, kt\u00f3re mog\u0105 zainteresowa\u0107 szersz\u0105 rzesz\u0119 mieszka\u0144c\u00f3w, to koncerty, kt\u00f3re odb\u0119d\u0105 si\u0119 w czwartek i pi\u0105tek &#8211; 29 i 30 maja &#8211; na \u0141\u0105ce Igrowej na terenie miasteczka akademickiego. Nim jednak si\u0119 rozpoczn\u0105, po godzinie 16:00 w czwartek z gliwickiego Rynku wystartuje barwny korow\u00f3d &#8211; tam te\u017c, jak co roku, przewidziano wr\u0119czenie kluczy do miasta studentom gliwickiej uczelni (16:15). <\/p>\n<p>&#8211; <em>Studenci przejd\u0105 ulicami: <strong>Zwyci\u0119stwa, Wyszy\u0144skiego, Dworcow\u0105, Miko\u0142owsk\u0105, Dunikowskiego, \u0141u\u017cyck\u0105, Krzywoustego i Akademick\u0105.<\/strong> W tym czasie kierowcy musz\u0105 liczy\u0107 si\u0119 z czasowym wstrzymaniem ruchu, kt\u00f3re b\u0119dzie wprowadzane na bie\u017c\u0105co \u2013 dok\u0142adnie tam, gdzie akurat b\u0119dzie przechodzi\u0142 korow\u00f3d<\/em> &#8211; informuje Zarz\u0105d Dr\u00f3g Miejskich w Gliwicach. <\/p>\n<h4>Kto wyst\u0105pi podczas dni koncertowych?<\/h4>\n<p>W czwartek i pi\u0105tek koncerty na \u0141\u0105ce Igrowej rozpoczyna\u0107 si\u0119 b\u0119d\u0105 od godziny 18:00. 29 maja na scenie wyst\u0105pi\u0105 <strong>AntyRefleks, Przy\u0142u, Wac Toja, Mezo i Liber, Smolasty oraz Trevor Guthrie.<\/strong> 30 maja zagraj\u0105: <strong>Neon Revolution, Smkkpm, Strachy Na Lachy, T.Love\/Muniek oraz Bez Pokory.<\/strong> Wst\u0119p jest oczywi\u015bcie wolny. <\/p>\n<h5>Ostatnim dniem tegorocznych Igr\u00f3w b\u0119dzie sobota &#8211; 31 maja. Od godziny 15:00 rozpocznie si\u0119 grill po-IGROWY &#8211; chillowanie na \u0141\u0105ce Igrowej w atmosferze piknikowej przy muzyce i grillu.<\/h5>\n<p>Ze wzgl\u0119du na wydarzenia w kampusie Politechniki \u015al\u0105skiej w dniach 29-31 maja niekt\u00f3re ulice zostan\u0105 czasowo zamkni\u0119te lub cz\u0119\u015bciowo wy\u0142\u0105czone z ruchu. Utrudnienia pojawi\u0105 si\u0119 na ul. <strong>Akademickiej<\/strong> przy O\u015brodku Sportu i Rekreacji, na ul. <strong>Kaszubskiej <\/strong>w rejonie \u0141\u0105ki Igrowej, oraz na odcinku <strong>ul. Sk\u0142odowskiej-Curie \u2013 od ronda Sk\u0142odowskiej-Curie do ul. Akademickiej. <\/strong><\/p>\n<p>(\u017cms)<\/p>\n<div class=\"gliwi-a5-na-koncu-artykulow gliwi-entity-placement\" id=\"gliwi-1705655706\"><div class=\"gliwi-adlabel\"><span style=\"font-size: 9px\">REKLAMA<\/span><\/div><div id=\"gliwi-1247732087\" style=\"margin-left: auto;margin-right: auto;text-align: center;\"><a data-no-instant=\"1\" href=\"https:\/\/prezeroarenagliwice.pl\/\" rel=\"noopener\" class=\"a2t-link\" target=\"_blank\" aria-label=\"20260309-PREZERO-WIOSNA-D\"><img loading=\"lazy\" decoding=\"async\" src=\"https:\/\/www.24gliwice.pl\/wiadomosci\/wp-content\/uploads\/2026\/03\/20260309-PREZERO-WIOSNA-D.webp\" alt=\"\"  srcset=\"https:\/\/www.24gliwice.pl\/wiadomosci\/wp-content\/uploads\/2026\/03\/20260309-PREZERO-WIOSNA-D.webp 750w, https:\/\/www.24gliwice.pl\/wiadomosci\/wp-content\/uploads\/2026\/03\/20260309-PREZERO-WIOSNA-D-410x109.webp 410w\" sizes=\"(max-width: 750px) 100vw, 750px\" class=\"no-lazyload\" width=\"750\" height=\"200\"  style=\"display: inline-block; max-width: 100%; height: auto;\" \/><\/a><\/div><\/div>","protected":false},"excerpt":{"rendered":"<p>Rozpoczynaj\u0105 si\u0119 IGRY Politechniki \u015al\u0105skiej. W tym roku podczas dwudniowego maratonu koncertowego w Gliwicach wyst\u0105pi\u0105 m.in. T-LOVE\/Muniek, Strachy na Lachy, Mezo i Liber, Smolasty, a tak\u017ce grupa Bez Pokory. Wcze\u015bniej ulicami Gliwic tradycyjnie przejdzie kolorowy korow\u00f3d student\u00f3w.<\/p>\n","protected":false},"author":15,"featured_media":135144,"comment_status":"open","ping_status":"closed","sticky":false,"template":"","format":"standard","meta":{"_monsterinsights_skip_tracking":false,"_monsterinsights_sitenote_active":false,"_monsterinsights_sitenote_note":"","_monsterinsights_sitenote_category":0,"footnotes":"","_links_to":"","_links_to_target":""},"categories":[3,6,1,9],"tags":[395,985],"class_list":["post-254657","post","type-post","status-publish","format-standard","has-post-thumbnail","hentry","category-gliwice","category-kultura","category-wszystko","category-aktualnosci_lokalne","tag-igry","tag-koncert"],"yoast_head":"<!-- This site is optimized with the Yoast SEO plugin v27.5 - https:\/\/yoast.com\/product\/yoast-seo-wordpress\/ -->\n<title>Startuj\u0105 IGRY Politechniki \u015al\u0105skiej. B\u0119dzie korow\u00f3d przebiera\u0144c\u00f3w ulicami Gliwic i koncerty. Kto wyst\u0105pi? - 24GLIWICE - Portal Gliwice | codziennie nowe informacje<\/title>\n<meta name=\"description\" content=\"T-Love\/Muniek, Strachy na Lachy, Bez Pokory, Liber i Mezo - to cz\u0119\u015b\u0107 wykonawc\u00f3w, kt\u00f3rzy wyst\u0105pi\u0105 w Gliwicach podczas tegorocznych IGR\u00d3W\" \/>\n<meta name=\"robots\" content=\"index, follow, max-snippet:-1, max-image-preview:large, max-video-preview:-1\" \/>\n<link rel=\"canonical\" href=\"https:\/\/www.24gliwice.pl\/wiadomosci\/startuja-igry-politechniki-slaskiej-bedzie-korowod-przebierancow-ulicami-gliwic-i-koncerty-kto-wystapi\/\" \/>\n<meta property=\"og:locale\" content=\"pl_PL\" \/>\n<meta property=\"og:type\" content=\"article\" \/>\n<meta property=\"og:title\" content=\"Startuj\u0105 IGRY Politechniki \u015al\u0105skiej. B\u0119dzie korow\u00f3d przebiera\u0144c\u00f3w ulicami Gliwic i koncerty. Kto wyst\u0105pi? - 24GLIWICE - Portal Gliwice | codziennie nowe informacje\" \/>\n<meta property=\"og:description\" content=\"T-Love\/Muniek, Strachy na Lachy, Bez Pokory, Liber i Mezo - to cz\u0119\u015b\u0107 wykonawc\u00f3w, kt\u00f3rzy wyst\u0105pi\u0105 w Gliwicach podczas tegorocznych IGR\u00d3W\" \/>\n<meta property=\"og:url\" content=\"https:\/\/www.24gliwice.pl\/wiadomosci\/startuja-igry-politechniki-slaskiej-bedzie-korowod-przebierancow-ulicami-gliwic-i-koncerty-kto-wystapi\/\" \/>\n<meta property=\"og:site_name\" content=\"24GLIWICE - Portal Gliwice | codziennie nowe informacje\" \/>\n<meta property=\"article:publisher\" content=\"https:\/\/www.facebook.com\/24gliwice\" \/>\n<meta property=\"article:published_time\" content=\"2025-05-26T10:38:28+00:00\" \/>\n<meta property=\"article:modified_time\" content=\"2025-05-26T19:04:55+00:00\" \/>\n<meta property=\"og:image\" content=\"https:\/\/www.24gliwice.pl\/wiadomosci\/wp-content\/uploads\/2019\/05\/1-igry.jpg\" \/>\n\t<meta property=\"og:image:width\" content=\"810\" \/>\n\t<meta property=\"og:image:height\" content=\"457\" \/>\n\t<meta property=\"og:image:type\" content=\"image\/jpeg\" \/>\n<meta name=\"author\" content=\"\u017baneta Mrozek-Siewierska\" \/>\n<meta name=\"twitter:card\" content=\"summary_large_image\" \/>\n<meta name=\"twitter:creator\" content=\"@24gliwice\" \/>\n<meta name=\"twitter:site\" content=\"@24gliwice\" \/>\n<meta name=\"twitter:label1\" content=\"Napisane przez\" \/>\n\t<meta name=\"twitter:data1\" content=\"\u017baneta Mrozek-Siewierska\" \/>\n\t<meta name=\"twitter:label2\" content=\"Szacowany czas czytania\" \/>\n\t<meta name=\"twitter:data2\" content=\"3 minuty\" \/>\n<script type=\"application\/ld+json\" class=\"yoast-schema-graph\">{\"@context\":\"https:\\\/\\\/schema.org\",\"@graph\":[{\"@type\":\"Article\",\"@id\":\"https:\\\/\\\/www.24gliwice.pl\\\/wiadomosci\\\/startuja-igry-politechniki-slaskiej-bedzie-korowod-przebierancow-ulicami-gliwic-i-koncerty-kto-wystapi\\\/#article\",\"isPartOf\":{\"@id\":\"https:\\\/\\\/www.24gliwice.pl\\\/wiadomosci\\\/startuja-igry-politechniki-slaskiej-bedzie-korowod-przebierancow-ulicami-gliwic-i-koncerty-kto-wystapi\\\/\"},\"author\":{\"name\":\"\u017baneta Mrozek-Siewierska\",\"@id\":\"https:\\\/\\\/www.24gliwice.pl\\\/wiadomosci\\\/#\\\/schema\\\/person\\\/e42c650edd7f2fa332be3811fb166b6e\"},\"headline\":\"Startuj\u0105 IGRY Politechniki \u015al\u0105skiej. B\u0119dzie korow\u00f3d przebiera\u0144c\u00f3w ulicami Gliwic i koncerty. Kto wyst\u0105pi?\",\"datePublished\":\"2025-05-26T10:38:28+00:00\",\"dateModified\":\"2025-05-26T19:04:55+00:00\",\"mainEntityOfPage\":{\"@id\":\"https:\\\/\\\/www.24gliwice.pl\\\/wiadomosci\\\/startuja-igry-politechniki-slaskiej-bedzie-korowod-przebierancow-ulicami-gliwic-i-koncerty-kto-wystapi\\\/\"},\"wordCount\":518,\"commentCount\":24,\"publisher\":{\"@id\":\"https:\\\/\\\/www.24gliwice.pl\\\/wiadomosci\\\/#organization\"},\"image\":{\"@id\":\"https:\\\/\\\/www.24gliwice.pl\\\/wiadomosci\\\/startuja-igry-politechniki-slaskiej-bedzie-korowod-przebierancow-ulicami-gliwic-i-koncerty-kto-wystapi\\\/#primaryimage\"},\"thumbnailUrl\":\"https:\\\/\\\/www.24gliwice.pl\\\/wiadomosci\\\/wp-content\\\/uploads\\\/2019\\\/05\\\/1-igry.jpg\",\"keywords\":[\"IGRY\",\"KONCERT\"],\"articleSection\":[\"Gliwice\",\"Kultura, wydarzenia, imprezy\",\"Najnowsze wiadomo\u015bci\",\"Portal Gliwice - Wiadomo\u015bci lokalne\"],\"inLanguage\":\"pl-PL\",\"potentialAction\":[{\"@type\":\"CommentAction\",\"name\":\"Comment\",\"target\":[\"https:\\\/\\\/www.24gliwice.pl\\\/wiadomosci\\\/startuja-igry-politechniki-slaskiej-bedzie-korowod-przebierancow-ulicami-gliwic-i-koncerty-kto-wystapi\\\/#respond\"]}]},{\"@type\":\"WebPage\",\"@id\":\"https:\\\/\\\/www.24gliwice.pl\\\/wiadomosci\\\/startuja-igry-politechniki-slaskiej-bedzie-korowod-przebierancow-ulicami-gliwic-i-koncerty-kto-wystapi\\\/\",\"url\":\"https:\\\/\\\/www.24gliwice.pl\\\/wiadomosci\\\/startuja-igry-politechniki-slaskiej-bedzie-korowod-przebierancow-ulicami-gliwic-i-koncerty-kto-wystapi\\\/\",\"name\":\"Startuj\u0105 IGRY Politechniki \u015al\u0105skiej. B\u0119dzie korow\u00f3d przebiera\u0144c\u00f3w ulicami Gliwic i koncerty. Kto wyst\u0105pi? - 24GLIWICE - Portal Gliwice | codziennie nowe informacje\",\"isPartOf\":{\"@id\":\"https:\\\/\\\/www.24gliwice.pl\\\/wiadomosci\\\/#website\"},\"primaryImageOfPage\":{\"@id\":\"https:\\\/\\\/www.24gliwice.pl\\\/wiadomosci\\\/startuja-igry-politechniki-slaskiej-bedzie-korowod-przebierancow-ulicami-gliwic-i-koncerty-kto-wystapi\\\/#primaryimage\"},\"image\":{\"@id\":\"https:\\\/\\\/www.24gliwice.pl\\\/wiadomosci\\\/startuja-igry-politechniki-slaskiej-bedzie-korowod-przebierancow-ulicami-gliwic-i-koncerty-kto-wystapi\\\/#primaryimage\"},\"thumbnailUrl\":\"https:\\\/\\\/www.24gliwice.pl\\\/wiadomosci\\\/wp-content\\\/uploads\\\/2019\\\/05\\\/1-igry.jpg\",\"datePublished\":\"2025-05-26T10:38:28+00:00\",\"dateModified\":\"2025-05-26T19:04:55+00:00\",\"description\":\"T-Love\\\/Muniek, Strachy na Lachy, Bez Pokory, Liber i Mezo - to cz\u0119\u015b\u0107 wykonawc\u00f3w, kt\u00f3rzy wyst\u0105pi\u0105 w Gliwicach podczas tegorocznych IGR\u00d3W\",\"breadcrumb\":{\"@id\":\"https:\\\/\\\/www.24gliwice.pl\\\/wiadomosci\\\/startuja-igry-politechniki-slaskiej-bedzie-korowod-przebierancow-ulicami-gliwic-i-koncerty-kto-wystapi\\\/#breadcrumb\"},\"inLanguage\":\"pl-PL\",\"potentialAction\":[{\"@type\":\"ReadAction\",\"target\":[\"https:\\\/\\\/www.24gliwice.pl\\\/wiadomosci\\\/startuja-igry-politechniki-slaskiej-bedzie-korowod-przebierancow-ulicami-gliwic-i-koncerty-kto-wystapi\\\/\"]}]},{\"@type\":\"ImageObject\",\"inLanguage\":\"pl-PL\",\"@id\":\"https:\\\/\\\/www.24gliwice.pl\\\/wiadomosci\\\/startuja-igry-politechniki-slaskiej-bedzie-korowod-przebierancow-ulicami-gliwic-i-koncerty-kto-wystapi\\\/#primaryimage\",\"url\":\"https:\\\/\\\/www.24gliwice.pl\\\/wiadomosci\\\/wp-content\\\/uploads\\\/2019\\\/05\\\/1-igry.jpg\",\"contentUrl\":\"https:\\\/\\\/www.24gliwice.pl\\\/wiadomosci\\\/wp-content\\\/uploads\\\/2019\\\/05\\\/1-igry.jpg\",\"width\":810,\"height\":457,\"caption\":\"fot. arch. 24gliwice\"},{\"@type\":\"BreadcrumbList\",\"@id\":\"https:\\\/\\\/www.24gliwice.pl\\\/wiadomosci\\\/startuja-igry-politechniki-slaskiej-bedzie-korowod-przebierancow-ulicami-gliwic-i-koncerty-kto-wystapi\\\/#breadcrumb\",\"itemListElement\":[{\"@type\":\"ListItem\",\"position\":1,\"name\":\"Strona g\u0142\u00f3wna\",\"item\":\"https:\\\/\\\/www.24gliwice.pl\\\/wiadomosci\\\/\"},{\"@type\":\"ListItem\",\"position\":2,\"name\":\"Startuj\u0105 IGRY Politechniki \u015al\u0105skiej. B\u0119dzie korow\u00f3d przebiera\u0144c\u00f3w ulicami Gliwic i koncerty. Kto wyst\u0105pi?\"}]},{\"@type\":\"WebSite\",\"@id\":\"https:\\\/\\\/www.24gliwice.pl\\\/wiadomosci\\\/#website\",\"url\":\"https:\\\/\\\/www.24gliwice.pl\\\/wiadomosci\\\/\",\"name\":\"24GLIWICE - Portal Gliwice | codziennie nowe wiadomo\u015bci\",\"description\":\"Portal Miejski Gliwice\",\"publisher\":{\"@id\":\"https:\\\/\\\/www.24gliwice.pl\\\/wiadomosci\\\/#organization\"},\"potentialAction\":[{\"@type\":\"SearchAction\",\"target\":{\"@type\":\"EntryPoint\",\"urlTemplate\":\"https:\\\/\\\/www.24gliwice.pl\\\/wiadomosci\\\/?s={search_term_string}\"},\"query-input\":{\"@type\":\"PropertyValueSpecification\",\"valueRequired\":true,\"valueName\":\"search_term_string\"}}],\"inLanguage\":\"pl-PL\"},{\"@type\":\"Organization\",\"@id\":\"https:\\\/\\\/www.24gliwice.pl\\\/wiadomosci\\\/#organization\",\"name\":\"24gliwice\",\"url\":\"https:\\\/\\\/www.24gliwice.pl\\\/wiadomosci\\\/\",\"logo\":{\"@type\":\"ImageObject\",\"inLanguage\":\"pl-PL\",\"@id\":\"https:\\\/\\\/www.24gliwice.pl\\\/wiadomosci\\\/#\\\/schema\\\/logo\\\/image\\\/\",\"url\":\"https:\\\/\\\/www.24gliwice.pl\\\/wiadomosci\\\/wp-content\\\/uploads\\\/2024\\\/10\\\/24gliwice-logo-696.jpg\",\"contentUrl\":\"https:\\\/\\\/www.24gliwice.pl\\\/wiadomosci\\\/wp-content\\\/uploads\\\/2024\\\/10\\\/24gliwice-logo-696.jpg\",\"width\":696,\"height\":696,\"caption\":\"24gliwice\"},\"image\":{\"@id\":\"https:\\\/\\\/www.24gliwice.pl\\\/wiadomosci\\\/#\\\/schema\\\/logo\\\/image\\\/\"},\"sameAs\":[\"https:\\\/\\\/www.facebook.com\\\/24gliwice\",\"https:\\\/\\\/x.com\\\/24gliwice\",\"https:\\\/\\\/www.youtube.com\\\/@24gliwice\"]},{\"@type\":\"Person\",\"@id\":\"https:\\\/\\\/www.24gliwice.pl\\\/wiadomosci\\\/#\\\/schema\\\/person\\\/e42c650edd7f2fa332be3811fb166b6e\",\"name\":\"\u017baneta Mrozek-Siewierska\",\"image\":{\"@type\":\"ImageObject\",\"inLanguage\":\"pl-PL\",\"@id\":\"https:\\\/\\\/secure.gravatar.com\\\/avatar\\\/1881429e9c64597c77ad7aef2d0a19be69a3253e57534d16aa15bf3a4d34a0a3?s=96&d=mm&r=g\",\"url\":\"https:\\\/\\\/secure.gravatar.com\\\/avatar\\\/1881429e9c64597c77ad7aef2d0a19be69a3253e57534d16aa15bf3a4d34a0a3?s=96&d=mm&r=g\",\"contentUrl\":\"https:\\\/\\\/secure.gravatar.com\\\/avatar\\\/1881429e9c64597c77ad7aef2d0a19be69a3253e57534d16aa15bf3a4d34a0a3?s=96&d=mm&r=g\",\"caption\":\"\u017baneta Mrozek-Siewierska\"},\"url\":\"https:\\\/\\\/www.24gliwice.pl\\\/wiadomosci\\\/author\\\/zms\\\/\"}]}<\/script>\n<!-- \/ Yoast SEO plugin. -->","yoast_head_json":{"title":"Startuj\u0105 IGRY Politechniki \u015al\u0105skiej. B\u0119dzie korow\u00f3d przebiera\u0144c\u00f3w ulicami Gliwic i koncerty. Kto wyst\u0105pi? - 24GLIWICE - Portal Gliwice | codziennie nowe informacje","description":"T-Love\/Muniek, Strachy na Lachy, Bez Pokory, Liber i Mezo - to cz\u0119\u015b\u0107 wykonawc\u00f3w, kt\u00f3rzy wyst\u0105pi\u0105 w Gliwicach podczas tegorocznych IGR\u00d3W","robots":{"index":"index","follow":"follow","max-snippet":"max-snippet:-1","max-image-preview":"max-image-preview:large","max-video-preview":"max-video-preview:-1"},"canonical":"https:\/\/www.24gliwice.pl\/wiadomosci\/startuja-igry-politechniki-slaskiej-bedzie-korowod-przebierancow-ulicami-gliwic-i-koncerty-kto-wystapi\/","og_locale":"pl_PL","og_type":"article","og_title":"Startuj\u0105 IGRY Politechniki \u015al\u0105skiej. B\u0119dzie korow\u00f3d przebiera\u0144c\u00f3w ulicami Gliwic i koncerty. Kto wyst\u0105pi? - 24GLIWICE - Portal Gliwice | codziennie nowe informacje","og_description":"T-Love\/Muniek, Strachy na Lachy, Bez Pokory, Liber i Mezo - to cz\u0119\u015b\u0107 wykonawc\u00f3w, kt\u00f3rzy wyst\u0105pi\u0105 w Gliwicach podczas tegorocznych IGR\u00d3W","og_url":"https:\/\/www.24gliwice.pl\/wiadomosci\/startuja-igry-politechniki-slaskiej-bedzie-korowod-przebierancow-ulicami-gliwic-i-koncerty-kto-wystapi\/","og_site_name":"24GLIWICE - Portal Gliwice | codziennie nowe informacje","article_publisher":"https:\/\/www.facebook.com\/24gliwice","article_published_time":"2025-05-26T10:38:28+00:00","article_modified_time":"2025-05-26T19:04:55+00:00","og_image":[{"width":810,"height":457,"url":"https:\/\/www.24gliwice.pl\/wiadomosci\/wp-content\/uploads\/2019\/05\/1-igry.jpg","type":"image\/jpeg"}],"author":"\u017baneta Mrozek-Siewierska","twitter_card":"summary_large_image","twitter_creator":"@24gliwice","twitter_site":"@24gliwice","twitter_misc":{"Napisane przez":"\u017baneta Mrozek-Siewierska","Szacowany czas czytania":"3 minuty"},"schema":{"@context":"https:\/\/schema.org","@graph":[{"@type":"Article","@id":"https:\/\/www.24gliwice.pl\/wiadomosci\/startuja-igry-politechniki-slaskiej-bedzie-korowod-przebierancow-ulicami-gliwic-i-koncerty-kto-wystapi\/#article","isPartOf":{"@id":"https:\/\/www.24gliwice.pl\/wiadomosci\/startuja-igry-politechniki-slaskiej-bedzie-korowod-przebierancow-ulicami-gliwic-i-koncerty-kto-wystapi\/"},"author":{"name":"\u017baneta Mrozek-Siewierska","@id":"https:\/\/www.24gliwice.pl\/wiadomosci\/#\/schema\/person\/e42c650edd7f2fa332be3811fb166b6e"},"headline":"Startuj\u0105 IGRY Politechniki \u015al\u0105skiej. B\u0119dzie korow\u00f3d przebiera\u0144c\u00f3w ulicami Gliwic i koncerty. Kto wyst\u0105pi?","datePublished":"2025-05-26T10:38:28+00:00","dateModified":"2025-05-26T19:04:55+00:00","mainEntityOfPage":{"@id":"https:\/\/www.24gliwice.pl\/wiadomosci\/startuja-igry-politechniki-slaskiej-bedzie-korowod-przebierancow-ulicami-gliwic-i-koncerty-kto-wystapi\/"},"wordCount":518,"commentCount":24,"publisher":{"@id":"https:\/\/www.24gliwice.pl\/wiadomosci\/#organization"},"image":{"@id":"https:\/\/www.24gliwice.pl\/wiadomosci\/startuja-igry-politechniki-slaskiej-bedzie-korowod-przebierancow-ulicami-gliwic-i-koncerty-kto-wystapi\/#primaryimage"},"thumbnailUrl":"https:\/\/www.24gliwice.pl\/wiadomosci\/wp-content\/uploads\/2019\/05\/1-igry.jpg","keywords":["IGRY","KONCERT"],"articleSection":["Gliwice","Kultura, wydarzenia, imprezy","Najnowsze wiadomo\u015bci","Portal Gliwice - Wiadomo\u015bci lokalne"],"inLanguage":"pl-PL","potentialAction":[{"@type":"CommentAction","name":"Comment","target":["https:\/\/www.24gliwice.pl\/wiadomosci\/startuja-igry-politechniki-slaskiej-bedzie-korowod-przebierancow-ulicami-gliwic-i-koncerty-kto-wystapi\/#respond"]}]},{"@type":"WebPage","@id":"https:\/\/www.24gliwice.pl\/wiadomosci\/startuja-igry-politechniki-slaskiej-bedzie-korowod-przebierancow-ulicami-gliwic-i-koncerty-kto-wystapi\/","url":"https:\/\/www.24gliwice.pl\/wiadomosci\/startuja-igry-politechniki-slaskiej-bedzie-korowod-przebierancow-ulicami-gliwic-i-koncerty-kto-wystapi\/","name":"Startuj\u0105 IGRY Politechniki \u015al\u0105skiej. B\u0119dzie korow\u00f3d przebiera\u0144c\u00f3w ulicami Gliwic i koncerty. Kto wyst\u0105pi? - 24GLIWICE - Portal Gliwice | codziennie nowe informacje","isPartOf":{"@id":"https:\/\/www.24gliwice.pl\/wiadomosci\/#website"},"primaryImageOfPage":{"@id":"https:\/\/www.24gliwice.pl\/wiadomosci\/startuja-igry-politechniki-slaskiej-bedzie-korowod-przebierancow-ulicami-gliwic-i-koncerty-kto-wystapi\/#primaryimage"},"image":{"@id":"https:\/\/www.24gliwice.pl\/wiadomosci\/startuja-igry-politechniki-slaskiej-bedzie-korowod-przebierancow-ulicami-gliwic-i-koncerty-kto-wystapi\/#primaryimage"},"thumbnailUrl":"https:\/\/www.24gliwice.pl\/wiadomosci\/wp-content\/uploads\/2019\/05\/1-igry.jpg","datePublished":"2025-05-26T10:38:28+00:00","dateModified":"2025-05-26T19:04:55+00:00","description":"T-Love\/Muniek, Strachy na Lachy, Bez Pokory, Liber i Mezo - to cz\u0119\u015b\u0107 wykonawc\u00f3w, kt\u00f3rzy wyst\u0105pi\u0105 w Gliwicach podczas tegorocznych IGR\u00d3W","breadcrumb":{"@id":"https:\/\/www.24gliwice.pl\/wiadomosci\/startuja-igry-politechniki-slaskiej-bedzie-korowod-przebierancow-ulicami-gliwic-i-koncerty-kto-wystapi\/#breadcrumb"},"inLanguage":"pl-PL","potentialAction":[{"@type":"ReadAction","target":["https:\/\/www.24gliwice.pl\/wiadomosci\/startuja-igry-politechniki-slaskiej-bedzie-korowod-przebierancow-ulicami-gliwic-i-koncerty-kto-wystapi\/"]}]},{"@type":"ImageObject","inLanguage":"pl-PL","@id":"https:\/\/www.24gliwice.pl\/wiadomosci\/startuja-igry-politechniki-slaskiej-bedzie-korowod-przebierancow-ulicami-gliwic-i-koncerty-kto-wystapi\/#primaryimage","url":"https:\/\/www.24gliwice.pl\/wiadomosci\/wp-content\/uploads\/2019\/05\/1-igry.jpg","contentUrl":"https:\/\/www.24gliwice.pl\/wiadomosci\/wp-content\/uploads\/2019\/05\/1-igry.jpg","width":810,"height":457,"caption":"fot. arch. 24gliwice"},{"@type":"BreadcrumbList","@id":"https:\/\/www.24gliwice.pl\/wiadomosci\/startuja-igry-politechniki-slaskiej-bedzie-korowod-przebierancow-ulicami-gliwic-i-koncerty-kto-wystapi\/#breadcrumb","itemListElement":[{"@type":"ListItem","position":1,"name":"Strona g\u0142\u00f3wna","item":"https:\/\/www.24gliwice.pl\/wiadomosci\/"},{"@type":"ListItem","position":2,"name":"Startuj\u0105 IGRY Politechniki \u015al\u0105skiej. B\u0119dzie korow\u00f3d przebiera\u0144c\u00f3w ulicami Gliwic i koncerty. Kto wyst\u0105pi?"}]},{"@type":"WebSite","@id":"https:\/\/www.24gliwice.pl\/wiadomosci\/#website","url":"https:\/\/www.24gliwice.pl\/wiadomosci\/","name":"24GLIWICE - Portal Gliwice | codziennie nowe wiadomo\u015bci","description":"Portal Miejski Gliwice","publisher":{"@id":"https:\/\/www.24gliwice.pl\/wiadomosci\/#organization"},"potentialAction":[{"@type":"SearchAction","target":{"@type":"EntryPoint","urlTemplate":"https:\/\/www.24gliwice.pl\/wiadomosci\/?s={search_term_string}"},"query-input":{"@type":"PropertyValueSpecification","valueRequired":true,"valueName":"search_term_string"}}],"inLanguage":"pl-PL"},{"@type":"Organization","@id":"https:\/\/www.24gliwice.pl\/wiadomosci\/#organization","name":"24gliwice","url":"https:\/\/www.24gliwice.pl\/wiadomosci\/","logo":{"@type":"ImageObject","inLanguage":"pl-PL","@id":"https:\/\/www.24gliwice.pl\/wiadomosci\/#\/schema\/logo\/image\/","url":"https:\/\/www.24gliwice.pl\/wiadomosci\/wp-content\/uploads\/2024\/10\/24gliwice-logo-696.jpg","contentUrl":"https:\/\/www.24gliwice.pl\/wiadomosci\/wp-content\/uploads\/2024\/10\/24gliwice-logo-696.jpg","width":696,"height":696,"caption":"24gliwice"},"image":{"@id":"https:\/\/www.24gliwice.pl\/wiadomosci\/#\/schema\/logo\/image\/"},"sameAs":["https:\/\/www.facebook.com\/24gliwice","https:\/\/x.com\/24gliwice","https:\/\/www.youtube.com\/@24gliwice"]},{"@type":"Person","@id":"https:\/\/www.24gliwice.pl\/wiadomosci\/#\/schema\/person\/e42c650edd7f2fa332be3811fb166b6e","name":"\u017baneta Mrozek-Siewierska","image":{"@type":"ImageObject","inLanguage":"pl-PL","@id":"https:\/\/secure.gravatar.com\/avatar\/1881429e9c64597c77ad7aef2d0a19be69a3253e57534d16aa15bf3a4d34a0a3?s=96&d=mm&r=g","url":"https:\/\/secure.gravatar.com\/avatar\/1881429e9c64597c77ad7aef2d0a19be69a3253e57534d16aa15bf3a4d34a0a3?s=96&d=mm&r=g","contentUrl":"https:\/\/secure.gravatar.com\/avatar\/1881429e9c64597c77ad7aef2d0a19be69a3253e57534d16aa15bf3a4d34a0a3?s=96&d=mm&r=g","caption":"\u017baneta Mrozek-Siewierska"},"url":"https:\/\/www.24gliwice.pl\/wiadomosci\/author\/zms\/"}]}},"_links":{"self":[{"href":"https:\/\/www.24gliwice.pl\/wiadomosci\/wp-json\/wp\/v2\/posts\/254657","targetHints":{"allow":["GET"]}}],"collection":[{"href":"https:\/\/www.24gliwice.pl\/wiadomosci\/wp-json\/wp\/v2\/posts"}],"about":[{"href":"https:\/\/www.24gliwice.pl\/wiadomosci\/wp-json\/wp\/v2\/types\/post"}],"author":[{"embeddable":true,"href":"https:\/\/www.24gliwice.pl\/wiadomosci\/wp-json\/wp\/v2\/users\/15"}],"replies":[{"embeddable":true,"href":"https:\/\/www.24gliwice.pl\/wiadomosci\/wp-json\/wp\/v2\/comments?post=254657"}],"version-history":[{"count":0,"href":"https:\/\/www.24gliwice.pl\/wiadomosci\/wp-json\/wp\/v2\/posts\/254657\/revisions"}],"wp:featuredmedia":[{"embeddable":true,"href":"https:\/\/www.24gliwice.pl\/wiadomosci\/wp-json\/wp\/v2\/media\/135144"}],"wp:attachment":[{"href":"https:\/\/www.24gliwice.pl\/wiadomosci\/wp-json\/wp\/v2\/media?parent=254657"}],"wp:term":[{"taxonomy":"category","embeddable":true,"href":"https:\/\/www.24gliwice.pl\/wiadomosci\/wp-json\/wp\/v2\/categories?post=254657"},{"taxonomy":"post_tag","embeddable":true,"href":"https:\/\/www.24gliwice.pl\/wiadomosci\/wp-json\/wp\/v2\/tags?post=254657"}],"curies":[{"name":"wp","href":"https:\/\/api.w.org\/{rel}","templated":true}]}}