{"id":254852,"date":"2025-05-28T17:49:59","date_gmt":"2025-05-28T15:49:59","guid":{"rendered":"https:\/\/www.24gliwice.pl\/wiadomosci\/?p=254852"},"modified":"2025-06-02T10:48:50","modified_gmt":"2025-06-02T08:48:50","slug":"dzien-dziecka-w-ph-arena-czyli-odbierz-gadzet-od-luczka","status":"publish","type":"post","link":"https:\/\/www.24gliwice.pl\/wiadomosci\/dzien-dziecka-w-ph-arena-czyli-odbierz-gadzet-od-luczka\/","title":{"rendered":"Dzie\u0144 Dziecka w PH Arena, czyli odbierz gad\u017cet od Luczka"},"content":{"rendered":"<h2>Co dzieci lubi\u0105 najbardziej? S\u0142odycze, gry i dobr\u0105 zabaw\u0119. Z okazji zbli\u017caj\u0105cego si\u0119 Dnia Dziecka Park Handlowy czeka z atrakcjami dla najm\u0142odszych! <\/h2>\n<p><!--more--><\/p>\n<p><em>&#8211; W sobot\u0119 31 maja zapraszamy do Areny! Je\u015bli szukacie czego\u015b wyj\u0105tkowego na prezenty dla najm\u0142odszych \u2013 w naszych sklepach znajdziecie wszystko, co z pewno\u015bci\u0105 wzbudzi ich zachwyt. Przy okazji zakup\u00f3w mo\u017cna b\u0119dzie otrzyma\u0107 wyj\u0105tkowy prezent \u2013 kubek z podobizn\u0105 Luczka w prezencie<\/em> &#8211; zach\u0119ca <a href=\"https:\/\/arena-gliwice.pl\/\" target=\"_blank\">Park Handlowy Arena<\/a>. <\/p>\n<p>Luczek to posta\u0107 doskonale znana w\u015br\u00f3d fan\u00f3w gry Minecraft. Ten sympatyczny niebieski piesek podbija serca nie tylko dzieci, \u0142\u0105cz\u0105c wszystkich w luczkow\u0105 spo\u0142eczno\u015b\u0107! <\/p>\n<p><strong>A jak otrzyma\u0107 kubek z jego podobizn\u0105? Wystarczy odwiedzi\u0107 centrum w przededniu Dnia Dziecka, w godz. 11.00-18.00 i zrobi\u0107 zakupy na minimum 150 z\u0142otych (na maksymalnie 2 paragonach), a tak\u017ce przyst\u0105pi\u0107 lub by\u0107 cz\u0142onkiem klubu ARENA Rabat\u00f3w<\/strong>. To program lojalno\u015bciowy dla mi\u0142o\u015bnik\u00f3w zni\u017cek, sekretnych ofert i rabat\u00f3w. Przynale\u017cno\u015b\u0107 do klubu pozwoli na oszcz\u0119dno\u015bci i dodatkowe profity. Do ARENY Rabat\u00f3w b\u0119dzie mo\u017cna zapisa\u0107 si\u0119 w punkcie promocji. Szczeg\u00f3\u0142y na stronie www.arena-gliwice.pl. Spieszcie si\u0119! Liczba kubk\u00f3w ograniczona. <\/p>\n<p>Na dzieci b\u0119dzie te\u017c czeka\u0107 ich ulubiona wata cukrowa. W Arenie dzia\u0142a r\u00f3wnie\u017c strefa rozrywki dla najm\u0142odszych, a po dawce dobrej zabawy mo\u017cna wpa\u015b\u0107 do jednego z punkt\u00f3w gastronomicznych na pizz\u0119, hot-dogi czy lody, czyli to, co dzieci kochaj\u0105 najbardziej! Dzie\u0144 Dziecka jest w ko\u0144cu tylko raz w roku! Arena zaprasza! <\/p>\n<p><small>materia\u0142 partnera<\/small><\/p>\n","protected":false},"excerpt":{"rendered":"<p>Co dzieci lubi\u0105 najbardziej? S\u0142odycze, gry i dobr\u0105 zabaw\u0119. Z okazji zbli\u017caj\u0105cego si\u0119 Dnia Dziecka Park Handlowy czeka z atrakcjami dla najm\u0142odszych!<\/p>\n","protected":false},"author":4,"featured_media":254854,"comment_status":"closed","ping_status":"closed","sticky":false,"template":"","format":"standard","meta":{"_monsterinsights_skip_tracking":false,"_monsterinsights_sitenote_active":false,"_monsterinsights_sitenote_note":"","_monsterinsights_sitenote_category":0,"footnotes":"","_links_to":"","_links_to_target":""},"categories":[3,6,1],"tags":[],"class_list":["post-254852","post","type-post","status-publish","format-standard","has-post-thumbnail","hentry","category-gliwice","category-kultura","category-wszystko"],"yoast_head":"<!-- This site is optimized with the Yoast SEO plugin v27.5 - https:\/\/yoast.com\/product\/yoast-seo-wordpress\/ -->\n<title>Dzie\u0144 Dziecka w PH Arena, czyli odbierz gad\u017cet od Luczka - 24GLIWICE - Portal Gliwice | codziennie nowe informacje<\/title>\n<meta name=\"robots\" content=\"index, follow, max-snippet:-1, max-image-preview:large, max-video-preview:-1\" \/>\n<link rel=\"canonical\" href=\"https:\/\/www.24gliwice.pl\/wiadomosci\/dzien-dziecka-w-ph-arena-czyli-odbierz-gadzet-od-luczka\/\" \/>\n<meta property=\"og:locale\" content=\"pl_PL\" \/>\n<meta property=\"og:type\" content=\"article\" \/>\n<meta property=\"og:title\" content=\"Dzie\u0144 Dziecka w PH Arena, czyli odbierz gad\u017cet od Luczka - 24GLIWICE - Portal Gliwice | codziennie nowe informacje\" \/>\n<meta property=\"og:description\" content=\"Co dzieci lubi\u0105 najbardziej? S\u0142odycze, gry i dobr\u0105 zabaw\u0119. Z okazji zbli\u017caj\u0105cego si\u0119 Dnia Dziecka Park Handlowy czeka z atrakcjami dla najm\u0142odszych!\" \/>\n<meta property=\"og:url\" content=\"https:\/\/www.24gliwice.pl\/wiadomosci\/dzien-dziecka-w-ph-arena-czyli-odbierz-gadzet-od-luczka\/\" \/>\n<meta property=\"og:site_name\" content=\"24GLIWICE - Portal Gliwice | codziennie nowe informacje\" \/>\n<meta property=\"article:publisher\" content=\"https:\/\/www.facebook.com\/24gliwice\" \/>\n<meta property=\"article:author\" content=\"https:\/\/www.facebook.com\/marcin.fabrykowski\" \/>\n<meta property=\"article:published_time\" content=\"2025-05-28T15:49:59+00:00\" \/>\n<meta property=\"article:modified_time\" content=\"2025-06-02T08:48:50+00:00\" \/>\n<meta property=\"og:image\" content=\"https:\/\/www.24gliwice.pl\/wiadomosci\/wp-content\/uploads\/2025\/05\/ARENA-KV-Dzien-dziecka-810x456px-1.jpg\" \/>\n\t<meta property=\"og:image:width\" content=\"810\" \/>\n\t<meta property=\"og:image:height\" content=\"456\" \/>\n\t<meta property=\"og:image:type\" content=\"image\/jpeg\" \/>\n<meta name=\"author\" content=\"Marcin Fabrykowski\" \/>\n<meta name=\"twitter:card\" content=\"summary_large_image\" \/>\n<meta name=\"twitter:creator\" content=\"@24gliwice\" \/>\n<meta name=\"twitter:site\" content=\"@24gliwice\" \/>\n<meta name=\"twitter:label1\" content=\"Napisane przez\" \/>\n\t<meta name=\"twitter:data1\" content=\"Marcin Fabrykowski\" \/>\n\t<meta name=\"twitter:label2\" content=\"Szacowany czas czytania\" \/>\n\t<meta name=\"twitter:data2\" content=\"2 minuty\" \/>\n<script type=\"application\/ld+json\" class=\"yoast-schema-graph\">{\"@context\":\"https:\\\/\\\/schema.org\",\"@graph\":[{\"@type\":\"Article\",\"@id\":\"https:\\\/\\\/www.24gliwice.pl\\\/wiadomosci\\\/dzien-dziecka-w-ph-arena-czyli-odbierz-gadzet-od-luczka\\\/#article\",\"isPartOf\":{\"@id\":\"https:\\\/\\\/www.24gliwice.pl\\\/wiadomosci\\\/dzien-dziecka-w-ph-arena-czyli-odbierz-gadzet-od-luczka\\\/\"},\"author\":{\"name\":\"Marcin Fabrykowski\",\"@id\":\"https:\\\/\\\/www.24gliwice.pl\\\/wiadomosci\\\/#\\\/schema\\\/person\\\/cb5857e4a4d048c15984c1edcc8ef0c0\"},\"headline\":\"Dzie\u0144 Dziecka w PH Arena, czyli odbierz gad\u017cet od Luczka\",\"datePublished\":\"2025-05-28T15:49:59+00:00\",\"dateModified\":\"2025-06-02T08:48:50+00:00\",\"mainEntityOfPage\":{\"@id\":\"https:\\\/\\\/www.24gliwice.pl\\\/wiadomosci\\\/dzien-dziecka-w-ph-arena-czyli-odbierz-gadzet-od-luczka\\\/\"},\"wordCount\":273,\"publisher\":{\"@id\":\"https:\\\/\\\/www.24gliwice.pl\\\/wiadomosci\\\/#organization\"},\"image\":{\"@id\":\"https:\\\/\\\/www.24gliwice.pl\\\/wiadomosci\\\/dzien-dziecka-w-ph-arena-czyli-odbierz-gadzet-od-luczka\\\/#primaryimage\"},\"thumbnailUrl\":\"https:\\\/\\\/www.24gliwice.pl\\\/wiadomosci\\\/wp-content\\\/uploads\\\/2025\\\/05\\\/ARENA-KV-Dzien-dziecka-810x456px-1.jpg\",\"articleSection\":[\"Gliwice\",\"Kultura, wydarzenia, imprezy\",\"Najnowsze wiadomo\u015bci\"],\"inLanguage\":\"pl-PL\"},{\"@type\":\"WebPage\",\"@id\":\"https:\\\/\\\/www.24gliwice.pl\\\/wiadomosci\\\/dzien-dziecka-w-ph-arena-czyli-odbierz-gadzet-od-luczka\\\/\",\"url\":\"https:\\\/\\\/www.24gliwice.pl\\\/wiadomosci\\\/dzien-dziecka-w-ph-arena-czyli-odbierz-gadzet-od-luczka\\\/\",\"name\":\"Dzie\u0144 Dziecka w PH Arena, czyli odbierz gad\u017cet od Luczka - 24GLIWICE - Portal Gliwice | codziennie nowe informacje\",\"isPartOf\":{\"@id\":\"https:\\\/\\\/www.24gliwice.pl\\\/wiadomosci\\\/#website\"},\"primaryImageOfPage\":{\"@id\":\"https:\\\/\\\/www.24gliwice.pl\\\/wiadomosci\\\/dzien-dziecka-w-ph-arena-czyli-odbierz-gadzet-od-luczka\\\/#primaryimage\"},\"image\":{\"@id\":\"https:\\\/\\\/www.24gliwice.pl\\\/wiadomosci\\\/dzien-dziecka-w-ph-arena-czyli-odbierz-gadzet-od-luczka\\\/#primaryimage\"},\"thumbnailUrl\":\"https:\\\/\\\/www.24gliwice.pl\\\/wiadomosci\\\/wp-content\\\/uploads\\\/2025\\\/05\\\/ARENA-KV-Dzien-dziecka-810x456px-1.jpg\",\"datePublished\":\"2025-05-28T15:49:59+00:00\",\"dateModified\":\"2025-06-02T08:48:50+00:00\",\"breadcrumb\":{\"@id\":\"https:\\\/\\\/www.24gliwice.pl\\\/wiadomosci\\\/dzien-dziecka-w-ph-arena-czyli-odbierz-gadzet-od-luczka\\\/#breadcrumb\"},\"inLanguage\":\"pl-PL\",\"potentialAction\":[{\"@type\":\"ReadAction\",\"target\":[\"https:\\\/\\\/www.24gliwice.pl\\\/wiadomosci\\\/dzien-dziecka-w-ph-arena-czyli-odbierz-gadzet-od-luczka\\\/\"]}]},{\"@type\":\"ImageObject\",\"inLanguage\":\"pl-PL\",\"@id\":\"https:\\\/\\\/www.24gliwice.pl\\\/wiadomosci\\\/dzien-dziecka-w-ph-arena-czyli-odbierz-gadzet-od-luczka\\\/#primaryimage\",\"url\":\"https:\\\/\\\/www.24gliwice.pl\\\/wiadomosci\\\/wp-content\\\/uploads\\\/2025\\\/05\\\/ARENA-KV-Dzien-dziecka-810x456px-1.jpg\",\"contentUrl\":\"https:\\\/\\\/www.24gliwice.pl\\\/wiadomosci\\\/wp-content\\\/uploads\\\/2025\\\/05\\\/ARENA-KV-Dzien-dziecka-810x456px-1.jpg\",\"width\":810,\"height\":456},{\"@type\":\"BreadcrumbList\",\"@id\":\"https:\\\/\\\/www.24gliwice.pl\\\/wiadomosci\\\/dzien-dziecka-w-ph-arena-czyli-odbierz-gadzet-od-luczka\\\/#breadcrumb\",\"itemListElement\":[{\"@type\":\"ListItem\",\"position\":1,\"name\":\"Strona g\u0142\u00f3wna\",\"item\":\"https:\\\/\\\/www.24gliwice.pl\\\/wiadomosci\\\/\"},{\"@type\":\"ListItem\",\"position\":2,\"name\":\"Dzie\u0144 Dziecka w PH Arena, czyli odbierz gad\u017cet od Luczka\"}]},{\"@type\":\"WebSite\",\"@id\":\"https:\\\/\\\/www.24gliwice.pl\\\/wiadomosci\\\/#website\",\"url\":\"https:\\\/\\\/www.24gliwice.pl\\\/wiadomosci\\\/\",\"name\":\"24GLIWICE - Portal Gliwice | codziennie nowe wiadomo\u015bci\",\"description\":\"Portal Miejski Gliwice\",\"publisher\":{\"@id\":\"https:\\\/\\\/www.24gliwice.pl\\\/wiadomosci\\\/#organization\"},\"potentialAction\":[{\"@type\":\"SearchAction\",\"target\":{\"@type\":\"EntryPoint\",\"urlTemplate\":\"https:\\\/\\\/www.24gliwice.pl\\\/wiadomosci\\\/?s={search_term_string}\"},\"query-input\":{\"@type\":\"PropertyValueSpecification\",\"valueRequired\":true,\"valueName\":\"search_term_string\"}}],\"inLanguage\":\"pl-PL\"},{\"@type\":\"Organization\",\"@id\":\"https:\\\/\\\/www.24gliwice.pl\\\/wiadomosci\\\/#organization\",\"name\":\"24gliwice\",\"url\":\"https:\\\/\\\/www.24gliwice.pl\\\/wiadomosci\\\/\",\"logo\":{\"@type\":\"ImageObject\",\"inLanguage\":\"pl-PL\",\"@id\":\"https:\\\/\\\/www.24gliwice.pl\\\/wiadomosci\\\/#\\\/schema\\\/logo\\\/image\\\/\",\"url\":\"https:\\\/\\\/www.24gliwice.pl\\\/wiadomosci\\\/wp-content\\\/uploads\\\/2024\\\/10\\\/24gliwice-logo-696.jpg\",\"contentUrl\":\"https:\\\/\\\/www.24gliwice.pl\\\/wiadomosci\\\/wp-content\\\/uploads\\\/2024\\\/10\\\/24gliwice-logo-696.jpg\",\"width\":696,\"height\":696,\"caption\":\"24gliwice\"},\"image\":{\"@id\":\"https:\\\/\\\/www.24gliwice.pl\\\/wiadomosci\\\/#\\\/schema\\\/logo\\\/image\\\/\"},\"sameAs\":[\"https:\\\/\\\/www.facebook.com\\\/24gliwice\",\"https:\\\/\\\/x.com\\\/24gliwice\",\"https:\\\/\\\/www.youtube.com\\\/@24gliwice\"]},{\"@type\":\"Person\",\"@id\":\"https:\\\/\\\/www.24gliwice.pl\\\/wiadomosci\\\/#\\\/schema\\\/person\\\/cb5857e4a4d048c15984c1edcc8ef0c0\",\"name\":\"Marcin Fabrykowski\",\"image\":{\"@type\":\"ImageObject\",\"inLanguage\":\"pl-PL\",\"@id\":\"https:\\\/\\\/www.24gliwice.pl\\\/wiadomosci\\\/wp-content\\\/uploads\\\/2025\\\/11\\\/zdjecie-moje-marcin-300-96x96.jpg\",\"url\":\"https:\\\/\\\/www.24gliwice.pl\\\/wiadomosci\\\/wp-content\\\/uploads\\\/2025\\\/11\\\/zdjecie-moje-marcin-300-96x96.jpg\",\"contentUrl\":\"https:\\\/\\\/www.24gliwice.pl\\\/wiadomosci\\\/wp-content\\\/uploads\\\/2025\\\/11\\\/zdjecie-moje-marcin-300-96x96.jpg\",\"caption\":\"Marcin Fabrykowski\"},\"sameAs\":[\"http:\\\/\\\/24gliwice.pl\",\"https:\\\/\\\/www.facebook.com\\\/marcin.fabrykowski\"],\"url\":\"https:\\\/\\\/www.24gliwice.pl\\\/wiadomosci\\\/author\\\/marcin-fabrykowski\\\/\"}]}<\/script>\n<!-- \/ Yoast SEO plugin. -->","yoast_head_json":{"title":"Dzie\u0144 Dziecka w PH Arena, czyli odbierz gad\u017cet od Luczka - 24GLIWICE - Portal Gliwice | codziennie nowe informacje","robots":{"index":"index","follow":"follow","max-snippet":"max-snippet:-1","max-image-preview":"max-image-preview:large","max-video-preview":"max-video-preview:-1"},"canonical":"https:\/\/www.24gliwice.pl\/wiadomosci\/dzien-dziecka-w-ph-arena-czyli-odbierz-gadzet-od-luczka\/","og_locale":"pl_PL","og_type":"article","og_title":"Dzie\u0144 Dziecka w PH Arena, czyli odbierz gad\u017cet od Luczka - 24GLIWICE - Portal Gliwice | codziennie nowe informacje","og_description":"Co dzieci lubi\u0105 najbardziej? S\u0142odycze, gry i dobr\u0105 zabaw\u0119. Z okazji zbli\u017caj\u0105cego si\u0119 Dnia Dziecka Park Handlowy czeka z atrakcjami dla najm\u0142odszych!","og_url":"https:\/\/www.24gliwice.pl\/wiadomosci\/dzien-dziecka-w-ph-arena-czyli-odbierz-gadzet-od-luczka\/","og_site_name":"24GLIWICE - Portal Gliwice | codziennie nowe informacje","article_publisher":"https:\/\/www.facebook.com\/24gliwice","article_author":"https:\/\/www.facebook.com\/marcin.fabrykowski","article_published_time":"2025-05-28T15:49:59+00:00","article_modified_time":"2025-06-02T08:48:50+00:00","og_image":[{"width":810,"height":456,"url":"https:\/\/www.24gliwice.pl\/wiadomosci\/wp-content\/uploads\/2025\/05\/ARENA-KV-Dzien-dziecka-810x456px-1.jpg","type":"image\/jpeg"}],"author":"Marcin Fabrykowski","twitter_card":"summary_large_image","twitter_creator":"@24gliwice","twitter_site":"@24gliwice","twitter_misc":{"Napisane przez":"Marcin Fabrykowski","Szacowany czas czytania":"2 minuty"},"schema":{"@context":"https:\/\/schema.org","@graph":[{"@type":"Article","@id":"https:\/\/www.24gliwice.pl\/wiadomosci\/dzien-dziecka-w-ph-arena-czyli-odbierz-gadzet-od-luczka\/#article","isPartOf":{"@id":"https:\/\/www.24gliwice.pl\/wiadomosci\/dzien-dziecka-w-ph-arena-czyli-odbierz-gadzet-od-luczka\/"},"author":{"name":"Marcin Fabrykowski","@id":"https:\/\/www.24gliwice.pl\/wiadomosci\/#\/schema\/person\/cb5857e4a4d048c15984c1edcc8ef0c0"},"headline":"Dzie\u0144 Dziecka w PH Arena, czyli odbierz gad\u017cet od Luczka","datePublished":"2025-05-28T15:49:59+00:00","dateModified":"2025-06-02T08:48:50+00:00","mainEntityOfPage":{"@id":"https:\/\/www.24gliwice.pl\/wiadomosci\/dzien-dziecka-w-ph-arena-czyli-odbierz-gadzet-od-luczka\/"},"wordCount":273,"publisher":{"@id":"https:\/\/www.24gliwice.pl\/wiadomosci\/#organization"},"image":{"@id":"https:\/\/www.24gliwice.pl\/wiadomosci\/dzien-dziecka-w-ph-arena-czyli-odbierz-gadzet-od-luczka\/#primaryimage"},"thumbnailUrl":"https:\/\/www.24gliwice.pl\/wiadomosci\/wp-content\/uploads\/2025\/05\/ARENA-KV-Dzien-dziecka-810x456px-1.jpg","articleSection":["Gliwice","Kultura, wydarzenia, imprezy","Najnowsze wiadomo\u015bci"],"inLanguage":"pl-PL"},{"@type":"WebPage","@id":"https:\/\/www.24gliwice.pl\/wiadomosci\/dzien-dziecka-w-ph-arena-czyli-odbierz-gadzet-od-luczka\/","url":"https:\/\/www.24gliwice.pl\/wiadomosci\/dzien-dziecka-w-ph-arena-czyli-odbierz-gadzet-od-luczka\/","name":"Dzie\u0144 Dziecka w PH Arena, czyli odbierz gad\u017cet od Luczka - 24GLIWICE - Portal Gliwice | codziennie nowe informacje","isPartOf":{"@id":"https:\/\/www.24gliwice.pl\/wiadomosci\/#website"},"primaryImageOfPage":{"@id":"https:\/\/www.24gliwice.pl\/wiadomosci\/dzien-dziecka-w-ph-arena-czyli-odbierz-gadzet-od-luczka\/#primaryimage"},"image":{"@id":"https:\/\/www.24gliwice.pl\/wiadomosci\/dzien-dziecka-w-ph-arena-czyli-odbierz-gadzet-od-luczka\/#primaryimage"},"thumbnailUrl":"https:\/\/www.24gliwice.pl\/wiadomosci\/wp-content\/uploads\/2025\/05\/ARENA-KV-Dzien-dziecka-810x456px-1.jpg","datePublished":"2025-05-28T15:49:59+00:00","dateModified":"2025-06-02T08:48:50+00:00","breadcrumb":{"@id":"https:\/\/www.24gliwice.pl\/wiadomosci\/dzien-dziecka-w-ph-arena-czyli-odbierz-gadzet-od-luczka\/#breadcrumb"},"inLanguage":"pl-PL","potentialAction":[{"@type":"ReadAction","target":["https:\/\/www.24gliwice.pl\/wiadomosci\/dzien-dziecka-w-ph-arena-czyli-odbierz-gadzet-od-luczka\/"]}]},{"@type":"ImageObject","inLanguage":"pl-PL","@id":"https:\/\/www.24gliwice.pl\/wiadomosci\/dzien-dziecka-w-ph-arena-czyli-odbierz-gadzet-od-luczka\/#primaryimage","url":"https:\/\/www.24gliwice.pl\/wiadomosci\/wp-content\/uploads\/2025\/05\/ARENA-KV-Dzien-dziecka-810x456px-1.jpg","contentUrl":"https:\/\/www.24gliwice.pl\/wiadomosci\/wp-content\/uploads\/2025\/05\/ARENA-KV-Dzien-dziecka-810x456px-1.jpg","width":810,"height":456},{"@type":"BreadcrumbList","@id":"https:\/\/www.24gliwice.pl\/wiadomosci\/dzien-dziecka-w-ph-arena-czyli-odbierz-gadzet-od-luczka\/#breadcrumb","itemListElement":[{"@type":"ListItem","position":1,"name":"Strona g\u0142\u00f3wna","item":"https:\/\/www.24gliwice.pl\/wiadomosci\/"},{"@type":"ListItem","position":2,"name":"Dzie\u0144 Dziecka w PH Arena, czyli odbierz gad\u017cet od Luczka"}]},{"@type":"WebSite","@id":"https:\/\/www.24gliwice.pl\/wiadomosci\/#website","url":"https:\/\/www.24gliwice.pl\/wiadomosci\/","name":"24GLIWICE - Portal Gliwice | codziennie nowe wiadomo\u015bci","description":"Portal Miejski Gliwice","publisher":{"@id":"https:\/\/www.24gliwice.pl\/wiadomosci\/#organization"},"potentialAction":[{"@type":"SearchAction","target":{"@type":"EntryPoint","urlTemplate":"https:\/\/www.24gliwice.pl\/wiadomosci\/?s={search_term_string}"},"query-input":{"@type":"PropertyValueSpecification","valueRequired":true,"valueName":"search_term_string"}}],"inLanguage":"pl-PL"},{"@type":"Organization","@id":"https:\/\/www.24gliwice.pl\/wiadomosci\/#organization","name":"24gliwice","url":"https:\/\/www.24gliwice.pl\/wiadomosci\/","logo":{"@type":"ImageObject","inLanguage":"pl-PL","@id":"https:\/\/www.24gliwice.pl\/wiadomosci\/#\/schema\/logo\/image\/","url":"https:\/\/www.24gliwice.pl\/wiadomosci\/wp-content\/uploads\/2024\/10\/24gliwice-logo-696.jpg","contentUrl":"https:\/\/www.24gliwice.pl\/wiadomosci\/wp-content\/uploads\/2024\/10\/24gliwice-logo-696.jpg","width":696,"height":696,"caption":"24gliwice"},"image":{"@id":"https:\/\/www.24gliwice.pl\/wiadomosci\/#\/schema\/logo\/image\/"},"sameAs":["https:\/\/www.facebook.com\/24gliwice","https:\/\/x.com\/24gliwice","https:\/\/www.youtube.com\/@24gliwice"]},{"@type":"Person","@id":"https:\/\/www.24gliwice.pl\/wiadomosci\/#\/schema\/person\/cb5857e4a4d048c15984c1edcc8ef0c0","name":"Marcin Fabrykowski","image":{"@type":"ImageObject","inLanguage":"pl-PL","@id":"https:\/\/www.24gliwice.pl\/wiadomosci\/wp-content\/uploads\/2025\/11\/zdjecie-moje-marcin-300-96x96.jpg","url":"https:\/\/www.24gliwice.pl\/wiadomosci\/wp-content\/uploads\/2025\/11\/zdjecie-moje-marcin-300-96x96.jpg","contentUrl":"https:\/\/www.24gliwice.pl\/wiadomosci\/wp-content\/uploads\/2025\/11\/zdjecie-moje-marcin-300-96x96.jpg","caption":"Marcin Fabrykowski"},"sameAs":["http:\/\/24gliwice.pl","https:\/\/www.facebook.com\/marcin.fabrykowski"],"url":"https:\/\/www.24gliwice.pl\/wiadomosci\/author\/marcin-fabrykowski\/"}]}},"_links":{"self":[{"href":"https:\/\/www.24gliwice.pl\/wiadomosci\/wp-json\/wp\/v2\/posts\/254852","targetHints":{"allow":["GET"]}}],"collection":[{"href":"https:\/\/www.24gliwice.pl\/wiadomosci\/wp-json\/wp\/v2\/posts"}],"about":[{"href":"https:\/\/www.24gliwice.pl\/wiadomosci\/wp-json\/wp\/v2\/types\/post"}],"author":[{"embeddable":true,"href":"https:\/\/www.24gliwice.pl\/wiadomosci\/wp-json\/wp\/v2\/users\/4"}],"replies":[{"embeddable":true,"href":"https:\/\/www.24gliwice.pl\/wiadomosci\/wp-json\/wp\/v2\/comments?post=254852"}],"version-history":[{"count":0,"href":"https:\/\/www.24gliwice.pl\/wiadomosci\/wp-json\/wp\/v2\/posts\/254852\/revisions"}],"wp:featuredmedia":[{"embeddable":true,"href":"https:\/\/www.24gliwice.pl\/wiadomosci\/wp-json\/wp\/v2\/media\/254854"}],"wp:attachment":[{"href":"https:\/\/www.24gliwice.pl\/wiadomosci\/wp-json\/wp\/v2\/media?parent=254852"}],"wp:term":[{"taxonomy":"category","embeddable":true,"href":"https:\/\/www.24gliwice.pl\/wiadomosci\/wp-json\/wp\/v2\/categories?post=254852"},{"taxonomy":"post_tag","embeddable":true,"href":"https:\/\/www.24gliwice.pl\/wiadomosci\/wp-json\/wp\/v2\/tags?post=254852"}],"curies":[{"name":"wp","href":"https:\/\/api.w.org\/{rel}","templated":true}]}}