{"id":254914,"date":"2025-05-30T01:20:50","date_gmt":"2025-05-29T23:20:50","guid":{"rendered":"https:\/\/www.24gliwice.pl\/wiadomosci\/?p=254914"},"modified":"2025-05-30T01:21:24","modified_gmt":"2025-05-29T23:21:24","slug":"etho-muzyka-korzeni-we-wspolczesnym-ujeciu-edycja-2025","status":"publish","type":"post","link":"https:\/\/www.24gliwice.pl\/wiadomosci\/etho-muzyka-korzeni-we-wspolczesnym-ujeciu-edycja-2025\/","title":{"rendered":"ETHO | Muzyka korzeni we wsp\u00f3\u0142czesnym uj\u0119ciu. Edycja 2025"},"content":{"rendered":"<h3>Koncerty, rozmowy z muzykami, warsztaty i pota\u0144c\u00f3wka \u2013 z\u0142o\u017c\u0105 si\u0119 na tegoroczny cykl\u00a0<em>ETHO | Muzyka korzeni we wsp\u00f3\u0142czesnym uj\u0119ciu. Edycja 2025<\/em>. Na scenie Ruin Teatru zaprezentowane zostan\u0105 wsp\u00f3\u0142czesne interpretacje muzyki ludowej. Po ka\u017cdym z koncert\u00f3w\u00a0odb\u0119d\u0105 si\u0119 dyskusje z artystami, tematy odkrywania i adaptacji folku, tworzenia tekst\u00f3w oraz badania \u017ar\u00f3de\u0142 i inspiracji. Pierwszy koncert ju\u017c w czerwcu.<\/h3>\n<p><!--more--><\/p>\n<p>Udzia\u0142 w wydarzeniach bezp\u0142atny | liczba miejsc w Ruinach Teatru ograniczona.<\/p>\n<hr \/>\n<h3><a role=\"link\" href=\"https:\/\/ckvictoria.pl\/wydarzenie\/muzyka-korzeni-we-wspolczesnym-ujeciu-edycja-2025-kirszenbaum-koncert-dyskusja-z-muzykami\/\">08.06<\/a><\/h3>\n<p>godz. 18.00\u00a0<strong>KIRSZENBAUM<\/strong>\u00a0\u2013 koncert<br \/>\nTemat rozmowy: \u201eMuzyka folkowa bez wskazanego \u017ar\u00f3d\u0142a\u201d<\/p>\n<h3>13.07<\/h3>\n<p>godz. 16.00\u00a0<strong>KAPELA FEDAK\u00d3W<\/strong>\u00a0\u2013 warsztaty<br \/>\ngodz. 18.00\u00a0<strong>BABADAG<\/strong>\u00a0\u2013 koncert<br \/>\nTemat rozmowy: \u201eMuzyka tradycyjna wsp\u00f3\u0142cze\u015bnie\u201d<\/p>\n<h3>20.07<\/h3>\n<p>godz. 16.00\u00a0<span class=\"OYPEnA font-feature-liga-off font-feature-clig-off font-feature-calt-off text-decoration-none text-strikethrough-none\"><strong>\u015aL\u014cNSKO BAJARKA<\/strong>\u00a0\u2013 warsztaty<\/span><br \/>\ngodz. 18.00\u00a0<strong>T\u0118GIE CH\u0141OPY<\/strong>\u00a0\u2013 koncert i pota\u0144c\u00f3wka<br \/>\nTemat rozmowy: \u201eTradycyjna muzyka taneczna w czystej formie\u201d<\/p>\n<h3>10.08<\/h3>\n<p>godz. 18.00<strong>\u00a0GMM (G\u00d3RCZY\u0143SKI, MARECKI, MATELA)<\/strong><br \/>\nTemat rozmowy: \u201eMuzyka tradycyjna i awangarda\u201d<\/p>\n<hr \/>\n<h2>Arty\u015bci ETHO 2025<\/h2>\n<p><strong>Kirszenbaum<\/strong>\u00a0to duet, kt\u00f3ry pochodzi z Krakowa. Jakub Wi\u015bniewski (gitara, wokal, stopka perkusyjna) oraz Kacper Szpyrka (skrzypce, wokal). W warstwie muzycznej, mocno eklektyczny styl projektu oparty jest na bliskiej wsp\u00f3\u0142pracy gitar, post-rockowych skrzypiec i nagrywanych na \u017cywo loop\u00f3w. Wszystko to sk\u0142ada si\u0119 na wsp\u00f3\u0142czesn\u0105 i bardzo specyficzn\u0105 interpretacj\u0119 s\u0142owia\u0144skich, klezmerskich i anglosaskich folk\u00f3w, podlan\u0105 dynamicznym, szepcz\u0105co-krzycz\u0105cym duetem wokalnym. W swoich tekstach muzycy odwo\u0142uj\u0105 si\u0119 do popkulturowych ikon i symboli, bohater\u00f3w literatury fantasy oraz science fiction.<\/p>\n<p><strong>T\u0119gie Ch\u0142opy<\/strong>\u00a0kontynuuj\u0105 tradycje muzyki tanecznej Kielecczyzny w jej autentycznej i niestylizowanej formie. Repertuarem i instrumentarium nawi\u0105zuje do najlepszych wzor\u00f3w \u2013 tradycyjnych kapel ogrywaj\u0105cych dawniej wesela i wiejskie zabawy w okolicach \u0141agowa i Opatowa, m.in. kapeli braci Witkowskich z Or\u0142owin, Krakowiak\u00f3w ze Zbelutki, Antoniego Witkowskiego z\u00a0Cisowa i wielu innych. Kapel\u0119 tworz\u0105 muzycy zaanga\u017cowani w organizacj\u0119 Kieleckiego Taboru Domu Ta\u0144ca w S\u0119dku ko\u0142o \u0141agowa. Wi\u0119kszo\u015b\u0107 z nich wsp\u00f3\u0142tworzy wiele cenionych projekt\u00f3w muzycznych i dzia\u0142a\u0144 animacyjnych w \u015bwiecie polskiej muzyki tradycyjnej.<br \/>\nStaraj\u0105c si\u0119 dotrze\u0107 do najstarszego repertuaru Kielecczyzny, cz\u0142onkowie kapeli przejechali setki kilometr\u00f3w w poszukiwaniu muzykant\u00f3w i \u015bpiewaczek tego regionu. Wsp\u00f3lnie sp\u0119dzaj\u0105 czas na nauce miejscowych melodii, goszcz\u0105c zwykle u klarnecisty Stanis\u0142awa Witkowskiego, a tak\u017ce u \u015bpiewaczek z\u00a0S\u0119dka i okolic \u2013 Marii Kowalik i Marii Ga\u0142ki.<\/p>\n<p><strong>GMM<\/strong>\u00a0to trio, w sk\u0142adzie Micha\u0142 G\u00f3rczy\u0144ski, Micha\u0142 Marecki i Patryk \u201cTikTak\u201d Matela, eksploruje korzenie mazowieckiej tradycji, przek\u0142adaj\u0105c je na j\u0119zyk muzyki wsp\u00f3\u0142czesnej. Opisy Oskara Kolberga i zbi\u00f3r melodii specyficznych dla polskiego regionu Mazowsza daje zespo\u0142owi GMM fundament do tw\u00f3rczego istnienia w tym dawnym \u015bwiecie i przenoszenia go do \u015bwiata wsp\u00f3\u0142czesnego. Klarnet kontrabasowy wplata w kompozycje g\u0142\u0119bokie, ciep\u0142e brzmienia, dodaj\u0105c im tajemniczo\u015bci, podczas gdy szpinet \u015bmia\u0142o niesie nut\u0119 barokowego wyrafinowania, tworz\u0105c przyjemnie kontrastow\u0105 tekstur\u0119. Wsp\u00f3\u0142czesno\u015b\u0107 syntezator\u00f3w i dynamicznego beatboxu balansuj\u0105cego mi\u0119dzy bezruchem, a g\u0119stymi, brudnymi tonami, daje ca\u0142ej mieszance nowoczesnego sznytu.<\/p>\n<p><strong>Babadag<\/strong>\u00a0to autorska formacja Oli Bili\u0144ski w sk\u0142ad kt\u00f3rej wchodzi trzech uznanych muzyk\u00f3w polskiej sceny alternatywnej: Hubert Zemler, Sebastian Witkowski i Igor Nikiforow oraz trzy wokalistki z Wilna. \u201cKorpus\u201c wile\u0144ski stanowi\u0105 trzy siostry Kri\u0161\u010di\u016bnait\u0117: Lauksmina, Raminta i Dominyka, kt\u00f3re od najm\u0142odszych lat wykonuj\u0105 wielog\u0142osowe tradycyjne pie\u015bni litewskie. Muzycy do tradycyjnych melodii dopisali nowe teksty, po polsku i po angielsku, do starych zwrotek \u2013 nowe refreny, do linii wokalnych \u2013 instrumentalne aran\u017ce. Siostry \u00a0Kri\u0161\u010di\u016bnait\u0117 dbaj\u0105 o odpowiednie wykonanie i wplecenie sutartin\u0117s w now\u0105 ca\u0142o\u015b\u0107, warszawscy muzycy po\u0142\u0105czyli stare i nowe melodie u\u017cywaj\u0105c wsp\u00f3\u0142czesnego instrumentarium: perkusji, balafonu, metalofonu, gitary elektrycznej oraz klasycznego Rolanda Juno. Liderka spaja to wszystko swoim g\u0142osem, snuj\u0105cym opowie\u015bci zaczerpni\u0119te z polskiej i litewskiej mitologii, dorzucaj\u0105c do tego solidn\u0105 porcj\u0119 elektronicznej psychodelii.<\/p>\n<hr \/>\n<h4><a role=\"link\" href=\"https:\/\/ckvictoria.pl\/made-in-gliwice-tadeusz-patykowski-kiriart\/\">Grafika powsta\u0142a w oparciu o kiriart, kt\u00f3rego autorem jest Tadeusz Patykowski, artysta z Gliwic. Dowiedz si\u0119 wi\u0119cej z naszego cyklu #madeingliwice (klik).<\/a><\/h4>\n<hr \/>\n<p>Organizator: Centrum Kultury Victoria w Gliwicach<\/p>\n<p><em>Dofinansowano ze \u015brodk\u00f3w Ministra Kultury i Dziedzictwa Narodowego w ramach programu Narodowego Centrum Kultury EtnoPolska. Edycja 2025.<\/em><\/p>\n<p><ckv)\n<\/p>\n","protected":false},"excerpt":{"rendered":"<p>Koncerty, rozmowy z muzykami, warsztaty i pota\u0144c\u00f3wka \u2013 z\u0142o\u017c\u0105 si\u0119 na tegoroczny cykl\u00a0ETHO | Muzyka korzeni we wsp\u00f3\u0142czesnym uj\u0119ciu. Edycja 2025. Na scenie Ruin Teatru zaprezentowane zostan\u0105 wsp\u00f3\u0142czesne interpretacje muzyki ludowej. Po ka\u017cdym z koncert\u00f3w\u00a0odb\u0119d\u0105 si\u0119 dyskusje z artystami, tematy odkrywania i adaptacji folku, tworzenia tekst\u00f3w oraz badania \u017ar\u00f3de\u0142 i inspiracji. Pierwszy koncert ju\u017c w [&hellip;]<\/p>\n","protected":false},"author":4,"featured_media":254917,"comment_status":"closed","ping_status":"closed","sticky":false,"template":"","format":"standard","meta":{"_monsterinsights_skip_tracking":false,"_monsterinsights_sitenote_active":false,"_monsterinsights_sitenote_note":"","_monsterinsights_sitenote_category":0,"footnotes":"","_links_to":"","_links_to_target":""},"categories":[3,6,1,1129],"tags":[],"class_list":["post-254914","post","type-post","status-publish","format-standard","has-post-thumbnail","hentry","category-gliwice","category-kultura","category-wszystko","category-polecamy"],"yoast_head":"<!-- This site is optimized with the Yoast SEO plugin v27.5 - https:\/\/yoast.com\/product\/yoast-seo-wordpress\/ -->\n<title>ETHO | Muzyka korzeni we wsp\u00f3\u0142czesnym uj\u0119ciu. Edycja 2025 - 24GLIWICE - Portal Gliwice | codziennie nowe informacje<\/title>\n<meta name=\"robots\" content=\"index, follow, max-snippet:-1, max-image-preview:large, max-video-preview:-1\" \/>\n<link rel=\"canonical\" href=\"https:\/\/www.24gliwice.pl\/wiadomosci\/etho-muzyka-korzeni-we-wspolczesnym-ujeciu-edycja-2025\/\" \/>\n<meta property=\"og:locale\" content=\"pl_PL\" \/>\n<meta property=\"og:type\" content=\"article\" \/>\n<meta property=\"og:title\" content=\"ETHO | Muzyka korzeni we wsp\u00f3\u0142czesnym uj\u0119ciu. Edycja 2025 - 24GLIWICE - Portal Gliwice | codziennie nowe informacje\" \/>\n<meta property=\"og:description\" content=\"Koncerty, rozmowy z muzykami, warsztaty i pota\u0144c\u00f3wka \u2013 z\u0142o\u017c\u0105 si\u0119 na tegoroczny cykl\u00a0ETHO | Muzyka korzeni we wsp\u00f3\u0142czesnym uj\u0119ciu. Edycja 2025. Na scenie Ruin Teatru zaprezentowane zostan\u0105 wsp\u00f3\u0142czesne interpretacje muzyki ludowej. Po ka\u017cdym z koncert\u00f3w\u00a0odb\u0119d\u0105 si\u0119 dyskusje z artystami, tematy odkrywania i adaptacji folku, tworzenia tekst\u00f3w oraz badania \u017ar\u00f3de\u0142 i inspiracji. Pierwszy koncert ju\u017c w [&hellip;]\" \/>\n<meta property=\"og:url\" content=\"https:\/\/www.24gliwice.pl\/wiadomosci\/etho-muzyka-korzeni-we-wspolczesnym-ujeciu-edycja-2025\/\" \/>\n<meta property=\"og:site_name\" content=\"24GLIWICE - Portal Gliwice | codziennie nowe informacje\" \/>\n<meta property=\"article:publisher\" content=\"https:\/\/www.facebook.com\/24gliwice\" \/>\n<meta property=\"article:author\" content=\"https:\/\/www.facebook.com\/marcin.fabrykowski\" \/>\n<meta property=\"article:published_time\" content=\"2025-05-29T23:20:50+00:00\" \/>\n<meta property=\"article:modified_time\" content=\"2025-05-29T23:21:24+00:00\" \/>\n<meta property=\"og:image\" content=\"https:\/\/www.24gliwice.pl\/wiadomosci\/wp-content\/uploads\/2025\/05\/etho.jpg\" \/>\n\t<meta property=\"og:image:width\" content=\"1140\" \/>\n\t<meta property=\"og:image:height\" content=\"570\" \/>\n\t<meta property=\"og:image:type\" content=\"image\/jpeg\" \/>\n<meta name=\"author\" content=\"Marcin Fabrykowski\" \/>\n<meta name=\"twitter:card\" content=\"summary_large_image\" \/>\n<meta name=\"twitter:creator\" content=\"@24gliwice\" \/>\n<meta name=\"twitter:site\" content=\"@24gliwice\" \/>\n<meta name=\"twitter:label1\" content=\"Napisane przez\" \/>\n\t<meta name=\"twitter:data1\" content=\"Marcin Fabrykowski\" \/>\n\t<meta name=\"twitter:label2\" content=\"Szacowany czas czytania\" \/>\n\t<meta name=\"twitter:data2\" content=\"4 minuty\" \/>\n<script type=\"application\/ld+json\" class=\"yoast-schema-graph\">{\"@context\":\"https:\\\/\\\/schema.org\",\"@graph\":[{\"@type\":\"Article\",\"@id\":\"https:\\\/\\\/www.24gliwice.pl\\\/wiadomosci\\\/etho-muzyka-korzeni-we-wspolczesnym-ujeciu-edycja-2025\\\/#article\",\"isPartOf\":{\"@id\":\"https:\\\/\\\/www.24gliwice.pl\\\/wiadomosci\\\/etho-muzyka-korzeni-we-wspolczesnym-ujeciu-edycja-2025\\\/\"},\"author\":{\"name\":\"Marcin Fabrykowski\",\"@id\":\"https:\\\/\\\/www.24gliwice.pl\\\/wiadomosci\\\/#\\\/schema\\\/person\\\/cb5857e4a4d048c15984c1edcc8ef0c0\"},\"headline\":\"ETHO | Muzyka korzeni we wsp\u00f3\u0142czesnym uj\u0119ciu. Edycja 2025\",\"datePublished\":\"2025-05-29T23:20:50+00:00\",\"dateModified\":\"2025-05-29T23:21:24+00:00\",\"mainEntityOfPage\":{\"@id\":\"https:\\\/\\\/www.24gliwice.pl\\\/wiadomosci\\\/etho-muzyka-korzeni-we-wspolczesnym-ujeciu-edycja-2025\\\/\"},\"wordCount\":699,\"publisher\":{\"@id\":\"https:\\\/\\\/www.24gliwice.pl\\\/wiadomosci\\\/#organization\"},\"image\":{\"@id\":\"https:\\\/\\\/www.24gliwice.pl\\\/wiadomosci\\\/etho-muzyka-korzeni-we-wspolczesnym-ujeciu-edycja-2025\\\/#primaryimage\"},\"thumbnailUrl\":\"https:\\\/\\\/www.24gliwice.pl\\\/wiadomosci\\\/wp-content\\\/uploads\\\/2025\\\/05\\\/etho.jpg\",\"articleSection\":[\"Gliwice\",\"Kultura, wydarzenia, imprezy\",\"Najnowsze wiadomo\u015bci\",\"Polecamy\"],\"inLanguage\":\"pl-PL\"},{\"@type\":\"WebPage\",\"@id\":\"https:\\\/\\\/www.24gliwice.pl\\\/wiadomosci\\\/etho-muzyka-korzeni-we-wspolczesnym-ujeciu-edycja-2025\\\/\",\"url\":\"https:\\\/\\\/www.24gliwice.pl\\\/wiadomosci\\\/etho-muzyka-korzeni-we-wspolczesnym-ujeciu-edycja-2025\\\/\",\"name\":\"ETHO | Muzyka korzeni we wsp\u00f3\u0142czesnym uj\u0119ciu. Edycja 2025 - 24GLIWICE - Portal Gliwice | codziennie nowe informacje\",\"isPartOf\":{\"@id\":\"https:\\\/\\\/www.24gliwice.pl\\\/wiadomosci\\\/#website\"},\"primaryImageOfPage\":{\"@id\":\"https:\\\/\\\/www.24gliwice.pl\\\/wiadomosci\\\/etho-muzyka-korzeni-we-wspolczesnym-ujeciu-edycja-2025\\\/#primaryimage\"},\"image\":{\"@id\":\"https:\\\/\\\/www.24gliwice.pl\\\/wiadomosci\\\/etho-muzyka-korzeni-we-wspolczesnym-ujeciu-edycja-2025\\\/#primaryimage\"},\"thumbnailUrl\":\"https:\\\/\\\/www.24gliwice.pl\\\/wiadomosci\\\/wp-content\\\/uploads\\\/2025\\\/05\\\/etho.jpg\",\"datePublished\":\"2025-05-29T23:20:50+00:00\",\"dateModified\":\"2025-05-29T23:21:24+00:00\",\"breadcrumb\":{\"@id\":\"https:\\\/\\\/www.24gliwice.pl\\\/wiadomosci\\\/etho-muzyka-korzeni-we-wspolczesnym-ujeciu-edycja-2025\\\/#breadcrumb\"},\"inLanguage\":\"pl-PL\",\"potentialAction\":[{\"@type\":\"ReadAction\",\"target\":[\"https:\\\/\\\/www.24gliwice.pl\\\/wiadomosci\\\/etho-muzyka-korzeni-we-wspolczesnym-ujeciu-edycja-2025\\\/\"]}]},{\"@type\":\"ImageObject\",\"inLanguage\":\"pl-PL\",\"@id\":\"https:\\\/\\\/www.24gliwice.pl\\\/wiadomosci\\\/etho-muzyka-korzeni-we-wspolczesnym-ujeciu-edycja-2025\\\/#primaryimage\",\"url\":\"https:\\\/\\\/www.24gliwice.pl\\\/wiadomosci\\\/wp-content\\\/uploads\\\/2025\\\/05\\\/etho.jpg\",\"contentUrl\":\"https:\\\/\\\/www.24gliwice.pl\\\/wiadomosci\\\/wp-content\\\/uploads\\\/2025\\\/05\\\/etho.jpg\",\"width\":1140,\"height\":570},{\"@type\":\"BreadcrumbList\",\"@id\":\"https:\\\/\\\/www.24gliwice.pl\\\/wiadomosci\\\/etho-muzyka-korzeni-we-wspolczesnym-ujeciu-edycja-2025\\\/#breadcrumb\",\"itemListElement\":[{\"@type\":\"ListItem\",\"position\":1,\"name\":\"Strona g\u0142\u00f3wna\",\"item\":\"https:\\\/\\\/www.24gliwice.pl\\\/wiadomosci\\\/\"},{\"@type\":\"ListItem\",\"position\":2,\"name\":\"ETHO | Muzyka korzeni we wsp\u00f3\u0142czesnym uj\u0119ciu. Edycja 2025\"}]},{\"@type\":\"WebSite\",\"@id\":\"https:\\\/\\\/www.24gliwice.pl\\\/wiadomosci\\\/#website\",\"url\":\"https:\\\/\\\/www.24gliwice.pl\\\/wiadomosci\\\/\",\"name\":\"24GLIWICE - Portal Gliwice | codziennie nowe wiadomo\u015bci\",\"description\":\"Portal Miejski Gliwice\",\"publisher\":{\"@id\":\"https:\\\/\\\/www.24gliwice.pl\\\/wiadomosci\\\/#organization\"},\"potentialAction\":[{\"@type\":\"SearchAction\",\"target\":{\"@type\":\"EntryPoint\",\"urlTemplate\":\"https:\\\/\\\/www.24gliwice.pl\\\/wiadomosci\\\/?s={search_term_string}\"},\"query-input\":{\"@type\":\"PropertyValueSpecification\",\"valueRequired\":true,\"valueName\":\"search_term_string\"}}],\"inLanguage\":\"pl-PL\"},{\"@type\":\"Organization\",\"@id\":\"https:\\\/\\\/www.24gliwice.pl\\\/wiadomosci\\\/#organization\",\"name\":\"24gliwice\",\"url\":\"https:\\\/\\\/www.24gliwice.pl\\\/wiadomosci\\\/\",\"logo\":{\"@type\":\"ImageObject\",\"inLanguage\":\"pl-PL\",\"@id\":\"https:\\\/\\\/www.24gliwice.pl\\\/wiadomosci\\\/#\\\/schema\\\/logo\\\/image\\\/\",\"url\":\"https:\\\/\\\/www.24gliwice.pl\\\/wiadomosci\\\/wp-content\\\/uploads\\\/2024\\\/10\\\/24gliwice-logo-696.jpg\",\"contentUrl\":\"https:\\\/\\\/www.24gliwice.pl\\\/wiadomosci\\\/wp-content\\\/uploads\\\/2024\\\/10\\\/24gliwice-logo-696.jpg\",\"width\":696,\"height\":696,\"caption\":\"24gliwice\"},\"image\":{\"@id\":\"https:\\\/\\\/www.24gliwice.pl\\\/wiadomosci\\\/#\\\/schema\\\/logo\\\/image\\\/\"},\"sameAs\":[\"https:\\\/\\\/www.facebook.com\\\/24gliwice\",\"https:\\\/\\\/x.com\\\/24gliwice\",\"https:\\\/\\\/www.youtube.com\\\/@24gliwice\"]},{\"@type\":\"Person\",\"@id\":\"https:\\\/\\\/www.24gliwice.pl\\\/wiadomosci\\\/#\\\/schema\\\/person\\\/cb5857e4a4d048c15984c1edcc8ef0c0\",\"name\":\"Marcin Fabrykowski\",\"image\":{\"@type\":\"ImageObject\",\"inLanguage\":\"pl-PL\",\"@id\":\"https:\\\/\\\/www.24gliwice.pl\\\/wiadomosci\\\/wp-content\\\/uploads\\\/2025\\\/11\\\/zdjecie-moje-marcin-300-96x96.jpg\",\"url\":\"https:\\\/\\\/www.24gliwice.pl\\\/wiadomosci\\\/wp-content\\\/uploads\\\/2025\\\/11\\\/zdjecie-moje-marcin-300-96x96.jpg\",\"contentUrl\":\"https:\\\/\\\/www.24gliwice.pl\\\/wiadomosci\\\/wp-content\\\/uploads\\\/2025\\\/11\\\/zdjecie-moje-marcin-300-96x96.jpg\",\"caption\":\"Marcin Fabrykowski\"},\"sameAs\":[\"http:\\\/\\\/24gliwice.pl\",\"https:\\\/\\\/www.facebook.com\\\/marcin.fabrykowski\"],\"url\":\"https:\\\/\\\/www.24gliwice.pl\\\/wiadomosci\\\/author\\\/marcin-fabrykowski\\\/\"}]}<\/script>\n<!-- \/ Yoast SEO plugin. -->","yoast_head_json":{"title":"ETHO | Muzyka korzeni we wsp\u00f3\u0142czesnym uj\u0119ciu. Edycja 2025 - 24GLIWICE - Portal Gliwice | codziennie nowe informacje","robots":{"index":"index","follow":"follow","max-snippet":"max-snippet:-1","max-image-preview":"max-image-preview:large","max-video-preview":"max-video-preview:-1"},"canonical":"https:\/\/www.24gliwice.pl\/wiadomosci\/etho-muzyka-korzeni-we-wspolczesnym-ujeciu-edycja-2025\/","og_locale":"pl_PL","og_type":"article","og_title":"ETHO | Muzyka korzeni we wsp\u00f3\u0142czesnym uj\u0119ciu. Edycja 2025 - 24GLIWICE - Portal Gliwice | codziennie nowe informacje","og_description":"Koncerty, rozmowy z muzykami, warsztaty i pota\u0144c\u00f3wka \u2013 z\u0142o\u017c\u0105 si\u0119 na tegoroczny cykl\u00a0ETHO | Muzyka korzeni we wsp\u00f3\u0142czesnym uj\u0119ciu. Edycja 2025. Na scenie Ruin Teatru zaprezentowane zostan\u0105 wsp\u00f3\u0142czesne interpretacje muzyki ludowej. Po ka\u017cdym z koncert\u00f3w\u00a0odb\u0119d\u0105 si\u0119 dyskusje z artystami, tematy odkrywania i adaptacji folku, tworzenia tekst\u00f3w oraz badania \u017ar\u00f3de\u0142 i inspiracji. Pierwszy koncert ju\u017c w [&hellip;]","og_url":"https:\/\/www.24gliwice.pl\/wiadomosci\/etho-muzyka-korzeni-we-wspolczesnym-ujeciu-edycja-2025\/","og_site_name":"24GLIWICE - Portal Gliwice | codziennie nowe informacje","article_publisher":"https:\/\/www.facebook.com\/24gliwice","article_author":"https:\/\/www.facebook.com\/marcin.fabrykowski","article_published_time":"2025-05-29T23:20:50+00:00","article_modified_time":"2025-05-29T23:21:24+00:00","og_image":[{"width":1140,"height":570,"url":"https:\/\/www.24gliwice.pl\/wiadomosci\/wp-content\/uploads\/2025\/05\/etho.jpg","type":"image\/jpeg"}],"author":"Marcin Fabrykowski","twitter_card":"summary_large_image","twitter_creator":"@24gliwice","twitter_site":"@24gliwice","twitter_misc":{"Napisane przez":"Marcin Fabrykowski","Szacowany czas czytania":"4 minuty"},"schema":{"@context":"https:\/\/schema.org","@graph":[{"@type":"Article","@id":"https:\/\/www.24gliwice.pl\/wiadomosci\/etho-muzyka-korzeni-we-wspolczesnym-ujeciu-edycja-2025\/#article","isPartOf":{"@id":"https:\/\/www.24gliwice.pl\/wiadomosci\/etho-muzyka-korzeni-we-wspolczesnym-ujeciu-edycja-2025\/"},"author":{"name":"Marcin Fabrykowski","@id":"https:\/\/www.24gliwice.pl\/wiadomosci\/#\/schema\/person\/cb5857e4a4d048c15984c1edcc8ef0c0"},"headline":"ETHO | Muzyka korzeni we wsp\u00f3\u0142czesnym uj\u0119ciu. Edycja 2025","datePublished":"2025-05-29T23:20:50+00:00","dateModified":"2025-05-29T23:21:24+00:00","mainEntityOfPage":{"@id":"https:\/\/www.24gliwice.pl\/wiadomosci\/etho-muzyka-korzeni-we-wspolczesnym-ujeciu-edycja-2025\/"},"wordCount":699,"publisher":{"@id":"https:\/\/www.24gliwice.pl\/wiadomosci\/#organization"},"image":{"@id":"https:\/\/www.24gliwice.pl\/wiadomosci\/etho-muzyka-korzeni-we-wspolczesnym-ujeciu-edycja-2025\/#primaryimage"},"thumbnailUrl":"https:\/\/www.24gliwice.pl\/wiadomosci\/wp-content\/uploads\/2025\/05\/etho.jpg","articleSection":["Gliwice","Kultura, wydarzenia, imprezy","Najnowsze wiadomo\u015bci","Polecamy"],"inLanguage":"pl-PL"},{"@type":"WebPage","@id":"https:\/\/www.24gliwice.pl\/wiadomosci\/etho-muzyka-korzeni-we-wspolczesnym-ujeciu-edycja-2025\/","url":"https:\/\/www.24gliwice.pl\/wiadomosci\/etho-muzyka-korzeni-we-wspolczesnym-ujeciu-edycja-2025\/","name":"ETHO | Muzyka korzeni we wsp\u00f3\u0142czesnym uj\u0119ciu. Edycja 2025 - 24GLIWICE - Portal Gliwice | codziennie nowe informacje","isPartOf":{"@id":"https:\/\/www.24gliwice.pl\/wiadomosci\/#website"},"primaryImageOfPage":{"@id":"https:\/\/www.24gliwice.pl\/wiadomosci\/etho-muzyka-korzeni-we-wspolczesnym-ujeciu-edycja-2025\/#primaryimage"},"image":{"@id":"https:\/\/www.24gliwice.pl\/wiadomosci\/etho-muzyka-korzeni-we-wspolczesnym-ujeciu-edycja-2025\/#primaryimage"},"thumbnailUrl":"https:\/\/www.24gliwice.pl\/wiadomosci\/wp-content\/uploads\/2025\/05\/etho.jpg","datePublished":"2025-05-29T23:20:50+00:00","dateModified":"2025-05-29T23:21:24+00:00","breadcrumb":{"@id":"https:\/\/www.24gliwice.pl\/wiadomosci\/etho-muzyka-korzeni-we-wspolczesnym-ujeciu-edycja-2025\/#breadcrumb"},"inLanguage":"pl-PL","potentialAction":[{"@type":"ReadAction","target":["https:\/\/www.24gliwice.pl\/wiadomosci\/etho-muzyka-korzeni-we-wspolczesnym-ujeciu-edycja-2025\/"]}]},{"@type":"ImageObject","inLanguage":"pl-PL","@id":"https:\/\/www.24gliwice.pl\/wiadomosci\/etho-muzyka-korzeni-we-wspolczesnym-ujeciu-edycja-2025\/#primaryimage","url":"https:\/\/www.24gliwice.pl\/wiadomosci\/wp-content\/uploads\/2025\/05\/etho.jpg","contentUrl":"https:\/\/www.24gliwice.pl\/wiadomosci\/wp-content\/uploads\/2025\/05\/etho.jpg","width":1140,"height":570},{"@type":"BreadcrumbList","@id":"https:\/\/www.24gliwice.pl\/wiadomosci\/etho-muzyka-korzeni-we-wspolczesnym-ujeciu-edycja-2025\/#breadcrumb","itemListElement":[{"@type":"ListItem","position":1,"name":"Strona g\u0142\u00f3wna","item":"https:\/\/www.24gliwice.pl\/wiadomosci\/"},{"@type":"ListItem","position":2,"name":"ETHO | Muzyka korzeni we wsp\u00f3\u0142czesnym uj\u0119ciu. Edycja 2025"}]},{"@type":"WebSite","@id":"https:\/\/www.24gliwice.pl\/wiadomosci\/#website","url":"https:\/\/www.24gliwice.pl\/wiadomosci\/","name":"24GLIWICE - Portal Gliwice | codziennie nowe wiadomo\u015bci","description":"Portal Miejski Gliwice","publisher":{"@id":"https:\/\/www.24gliwice.pl\/wiadomosci\/#organization"},"potentialAction":[{"@type":"SearchAction","target":{"@type":"EntryPoint","urlTemplate":"https:\/\/www.24gliwice.pl\/wiadomosci\/?s={search_term_string}"},"query-input":{"@type":"PropertyValueSpecification","valueRequired":true,"valueName":"search_term_string"}}],"inLanguage":"pl-PL"},{"@type":"Organization","@id":"https:\/\/www.24gliwice.pl\/wiadomosci\/#organization","name":"24gliwice","url":"https:\/\/www.24gliwice.pl\/wiadomosci\/","logo":{"@type":"ImageObject","inLanguage":"pl-PL","@id":"https:\/\/www.24gliwice.pl\/wiadomosci\/#\/schema\/logo\/image\/","url":"https:\/\/www.24gliwice.pl\/wiadomosci\/wp-content\/uploads\/2024\/10\/24gliwice-logo-696.jpg","contentUrl":"https:\/\/www.24gliwice.pl\/wiadomosci\/wp-content\/uploads\/2024\/10\/24gliwice-logo-696.jpg","width":696,"height":696,"caption":"24gliwice"},"image":{"@id":"https:\/\/www.24gliwice.pl\/wiadomosci\/#\/schema\/logo\/image\/"},"sameAs":["https:\/\/www.facebook.com\/24gliwice","https:\/\/x.com\/24gliwice","https:\/\/www.youtube.com\/@24gliwice"]},{"@type":"Person","@id":"https:\/\/www.24gliwice.pl\/wiadomosci\/#\/schema\/person\/cb5857e4a4d048c15984c1edcc8ef0c0","name":"Marcin Fabrykowski","image":{"@type":"ImageObject","inLanguage":"pl-PL","@id":"https:\/\/www.24gliwice.pl\/wiadomosci\/wp-content\/uploads\/2025\/11\/zdjecie-moje-marcin-300-96x96.jpg","url":"https:\/\/www.24gliwice.pl\/wiadomosci\/wp-content\/uploads\/2025\/11\/zdjecie-moje-marcin-300-96x96.jpg","contentUrl":"https:\/\/www.24gliwice.pl\/wiadomosci\/wp-content\/uploads\/2025\/11\/zdjecie-moje-marcin-300-96x96.jpg","caption":"Marcin Fabrykowski"},"sameAs":["http:\/\/24gliwice.pl","https:\/\/www.facebook.com\/marcin.fabrykowski"],"url":"https:\/\/www.24gliwice.pl\/wiadomosci\/author\/marcin-fabrykowski\/"}]}},"_links":{"self":[{"href":"https:\/\/www.24gliwice.pl\/wiadomosci\/wp-json\/wp\/v2\/posts\/254914","targetHints":{"allow":["GET"]}}],"collection":[{"href":"https:\/\/www.24gliwice.pl\/wiadomosci\/wp-json\/wp\/v2\/posts"}],"about":[{"href":"https:\/\/www.24gliwice.pl\/wiadomosci\/wp-json\/wp\/v2\/types\/post"}],"author":[{"embeddable":true,"href":"https:\/\/www.24gliwice.pl\/wiadomosci\/wp-json\/wp\/v2\/users\/4"}],"replies":[{"embeddable":true,"href":"https:\/\/www.24gliwice.pl\/wiadomosci\/wp-json\/wp\/v2\/comments?post=254914"}],"version-history":[{"count":0,"href":"https:\/\/www.24gliwice.pl\/wiadomosci\/wp-json\/wp\/v2\/posts\/254914\/revisions"}],"wp:featuredmedia":[{"embeddable":true,"href":"https:\/\/www.24gliwice.pl\/wiadomosci\/wp-json\/wp\/v2\/media\/254917"}],"wp:attachment":[{"href":"https:\/\/www.24gliwice.pl\/wiadomosci\/wp-json\/wp\/v2\/media?parent=254914"}],"wp:term":[{"taxonomy":"category","embeddable":true,"href":"https:\/\/www.24gliwice.pl\/wiadomosci\/wp-json\/wp\/v2\/categories?post=254914"},{"taxonomy":"post_tag","embeddable":true,"href":"https:\/\/www.24gliwice.pl\/wiadomosci\/wp-json\/wp\/v2\/tags?post=254914"}],"curies":[{"name":"wp","href":"https:\/\/api.w.org\/{rel}","templated":true}]}}