{"id":255502,"date":"2025-06-11T03:36:18","date_gmt":"2025-06-11T01:36:18","guid":{"rendered":"https:\/\/www.24gliwice.pl\/wiadomosci\/?p=255502"},"modified":"2025-06-11T03:36:18","modified_gmt":"2025-06-11T01:36:18","slug":"zbedne-rzeczy-zalegaja-w-domu-pierwsza-tegoroczna-wyprzedaz-garazowa-juz-w-najblizsza-niedziele","status":"publish","type":"post","link":"https:\/\/www.24gliwice.pl\/wiadomosci\/zbedne-rzeczy-zalegaja-w-domu-pierwsza-tegoroczna-wyprzedaz-garazowa-juz-w-najblizsza-niedziele\/","title":{"rendered":"Zb\u0119dne rzeczy zalegaj\u0105 w domu? Pierwsza tegoroczna wyprzeda\u017c gara\u017cowa ju\u017c w najbli\u017csz\u0105 niedziel\u0119"},"content":{"rendered":"<div class=\"gliwi-a6-nad-leadem-artykulow gliwi-entity-placement\" id=\"gliwi-1966337597\"><div class=\"gliwi-adlabel\"><span style=\"font-size: 9px\">REKLAMA<\/span><\/div><div id=\"gliwi-142702937\" style=\"margin-bottom: 25px;margin-left: auto;margin-right: auto;text-align: center;\"><a data-no-instant=\"1\" href=\"https:\/\/dom100.eu\/\" rel=\"noopener\" class=\"a2t-link\" target=\"_blank\" aria-label=\"20260415 DOM100 D\"><img loading=\"lazy\" decoding=\"async\" src=\"https:\/\/www.24gliwice.pl\/wiadomosci\/wp-content\/uploads\/2026\/04\/20260415-DOM100-D.jpg\" alt=\"\"  srcset=\"https:\/\/www.24gliwice.pl\/wiadomosci\/wp-content\/uploads\/2026\/04\/20260415-DOM100-D.jpg 750w, https:\/\/www.24gliwice.pl\/wiadomosci\/wp-content\/uploads\/2026\/04\/20260415-DOM100-D-410x109.jpg 410w\" sizes=\"(max-width: 750px) 100vw, 750px\" class=\"no-lazyload\" width=\"750\" height=\"200\"  style=\"display: inline-block; max-width: 100%; height: auto;\" \/><\/a><\/div><\/div><h2>Rada Dzielnicy \u015ar\u00f3dmie\u015bcie zaprasza na nowy sezon gara\u017cowych wyprzeda\u017cy. Ju\u017c od czerwca, w ka\u017cd\u0105 trzeci\u0105 niedziel\u0119 miesi\u0105ca, na placu Krakowskim b\u0119dzie okazja, by sprzeda\u0107 rzeczy, kt\u00f3re nie s\u0105 nam ju\u017c potrzebne i\/lub naby\u0107 inne.<\/h2>\n<p><!--more--><\/p>\n<p>Wyprzeda\u017ce ciesz\u0105 si\u0119 du\u017cym zainteresowaniem. Nic dziwnego \u2013 w\u0119druj\u0105ce rzeczy, kt\u00f3re mo\u017cna naby\u0107 po okazjonalnej cenie, to rozwi\u0105zanie ekologiczne i ekonomiczne. Daje te\u017c sporo satysfakcji. <\/p>\n<blockquote><p>Masz rzeczy, kt\u00f3re ju\u017c nie s\u0105 Ci potrzebne? Przyjd\u017a w niedziel\u0119 15 czerwca w godz. 8.00\u201314.00 na plac Krakowski i urz\u0105d\u017a swoje stoisko \u2013 wiele rzeczy, kt\u00f3re ciebie ju\u017c nie ciesz\u0105, mog\u0105 si\u0119 przyda\u0107 komu\u015b innemu, kto ch\u0119tnie je kupi. <\/p><\/blockquote>\n<p>Wyprzeda\u017c to \u015bwietna okazja, by znale\u017a\u0107 unikatowe przedmioty, ale te\u017c przejrze\u0107 szafy i pozby\u0107 si\u0119 rzeczy, kt\u00f3rych ju\u017c nie u\u017cywamy. Warto wystawi\u0107 swoje stoisko \u2013 op\u0142ata wynosi tylko 2 z\u0142. Dopuszczalna powierzchnia obj\u0119ta preferencyjn\u0105 stawk\u0105 wynosi 2 m2. <\/p><div class=\"gliwi-a3-w-tresci-artykulow gliwi-entity-placement\" id=\"gliwi-202718346\"><div class=\"gliwi-adlabel\"><span style=\"font-size: 9px\">REKLAMA<\/span><\/div><div id=\"gliwi-910598042\" style=\"margin-bottom: 30px;margin-left: auto;margin-right: auto;text-align: center;\"><a data-no-instant=\"1\" href=\"https:\/\/ogrodyandersa.pl\/\" rel=\"noopener\" class=\"a2t-link\" target=\"_blank\" aria-label=\"20260415 Ogrody Andersa KUP TERAZ D\"><img loading=\"lazy\" decoding=\"async\" src=\"https:\/\/www.24gliwice.pl\/wiadomosci\/wp-content\/uploads\/2026\/04\/20260415-Ogrody-Andersa-KUP-TERAZ-D.jpg\" alt=\"\"  srcset=\"https:\/\/www.24gliwice.pl\/wiadomosci\/wp-content\/uploads\/2026\/04\/20260415-Ogrody-Andersa-KUP-TERAZ-D.jpg 750w, https:\/\/www.24gliwice.pl\/wiadomosci\/wp-content\/uploads\/2026\/04\/20260415-Ogrody-Andersa-KUP-TERAZ-D-410x109.jpg 410w\" sizes=\"(max-width: 750px) 100vw, 750px\" class=\"no-lazyload\" width=\"750\" height=\"200\"  style=\"display: inline-block; max-width: 100%; height: auto;\" \/><\/a><\/div><\/div>\n<p>Kolejne wyprzeda\u017ce zaplanowano na ka\u017cd\u0105 trzeci\u0105 niedziel\u0119 miesi\u0105ca, a\u017c do pa\u017adziernika. <\/p>\n<p>(\u017cms)\/UM Gliwice(mf)<\/p>\n<div class=\"gliwi-a5-na-koncu-artykulow gliwi-entity-placement\" id=\"gliwi-2952690092\"><div class=\"gliwi-adlabel\"><span style=\"font-size: 9px\">REKLAMA<\/span><\/div><div id=\"gliwi-1369265127\" style=\"margin-left: auto;margin-right: auto;text-align: center;\"><a data-no-instant=\"1\" href=\"https:\/\/prezeroarenagliwice.pl\/\" rel=\"noopener\" class=\"a2t-link\" target=\"_blank\" aria-label=\"20260309-PREZERO-WIOSNA-D\"><img loading=\"lazy\" decoding=\"async\" src=\"https:\/\/www.24gliwice.pl\/wiadomosci\/wp-content\/uploads\/2026\/03\/20260309-PREZERO-WIOSNA-D.webp\" alt=\"\"  srcset=\"https:\/\/www.24gliwice.pl\/wiadomosci\/wp-content\/uploads\/2026\/03\/20260309-PREZERO-WIOSNA-D.webp 750w, https:\/\/www.24gliwice.pl\/wiadomosci\/wp-content\/uploads\/2026\/03\/20260309-PREZERO-WIOSNA-D-410x109.webp 410w\" sizes=\"(max-width: 750px) 100vw, 750px\" class=\"no-lazyload\" width=\"750\" height=\"200\"  style=\"display: inline-block; max-width: 100%; height: auto;\" \/><\/a><\/div><\/div>","protected":false},"excerpt":{"rendered":"<p>Rada Dzielnicy \u015ar\u00f3dmie\u015bcie zaprasza na nowy sezon gara\u017cowych wyprzeda\u017cy. Ju\u017c od czerwca, w ka\u017cd\u0105 trzeci\u0105 niedziel\u0119 miesi\u0105ca, na placu Krakowskim b\u0119dzie okazja, by sprzeda\u0107 rzeczy, kt\u00f3re nie s\u0105 nam ju\u017c potrzebne i\/lub naby\u0107 inne.<\/p>\n","protected":false},"author":15,"featured_media":240352,"comment_status":"open","ping_status":"closed","sticky":false,"template":"","format":"standard","meta":{"_monsterinsights_skip_tracking":false,"_monsterinsights_sitenote_active":false,"_monsterinsights_sitenote_note":"","_monsterinsights_sitenote_category":0,"footnotes":"","_links_to":"","_links_to_target":""},"categories":[3,6,1],"tags":[7319],"class_list":["post-255502","post","type-post","status-publish","format-standard","has-post-thumbnail","hentry","category-gliwice","category-kultura","category-wszystko","tag-wyprzedaz-garazowa"],"yoast_head":"<!-- This site is optimized with the Yoast SEO plugin v27.4 - https:\/\/yoast.com\/product\/yoast-seo-wordpress\/ -->\n<title>Zb\u0119dne rzeczy zalegaj\u0105 w domu? Pierwsza tegoroczna wyprzeda\u017c gara\u017cowa ju\u017c w najbli\u017csz\u0105 niedziel\u0119 - 24GLIWICE - Portal Gliwice | codziennie nowe informacje<\/title>\n<meta name=\"description\" content=\"Pierwsza tegoroczna wyprzeda\u017c gara\u017cowa odb\u0119dzie si\u0119 15 czerwca. Ka\u017cdy zainteresowany mo\u017ce wystawi\u0107 swoje stanowisko za jedynie 2 z\u0142\" \/>\n<meta name=\"robots\" content=\"index, follow, max-snippet:-1, max-image-preview:large, max-video-preview:-1\" \/>\n<link rel=\"canonical\" href=\"https:\/\/www.24gliwice.pl\/wiadomosci\/zbedne-rzeczy-zalegaja-w-domu-pierwsza-tegoroczna-wyprzedaz-garazowa-juz-w-najblizsza-niedziele\/\" \/>\n<meta property=\"og:locale\" content=\"pl_PL\" \/>\n<meta property=\"og:type\" content=\"article\" \/>\n<meta property=\"og:title\" content=\"Zb\u0119dne rzeczy zalegaj\u0105 w domu? Pierwsza tegoroczna wyprzeda\u017c gara\u017cowa ju\u017c w najbli\u017csz\u0105 niedziel\u0119 - 24GLIWICE - Portal Gliwice | codziennie nowe informacje\" \/>\n<meta property=\"og:description\" content=\"Pierwsza tegoroczna wyprzeda\u017c gara\u017cowa odb\u0119dzie si\u0119 15 czerwca. Ka\u017cdy zainteresowany mo\u017ce wystawi\u0107 swoje stanowisko za jedynie 2 z\u0142\" \/>\n<meta property=\"og:url\" content=\"https:\/\/www.24gliwice.pl\/wiadomosci\/zbedne-rzeczy-zalegaja-w-domu-pierwsza-tegoroczna-wyprzedaz-garazowa-juz-w-najblizsza-niedziele\/\" \/>\n<meta property=\"og:site_name\" content=\"24GLIWICE - Portal Gliwice | codziennie nowe informacje\" \/>\n<meta property=\"article:publisher\" content=\"https:\/\/www.facebook.com\/24gliwice\" \/>\n<meta property=\"article:published_time\" content=\"2025-06-11T01:36:18+00:00\" \/>\n<meta property=\"og:image\" content=\"https:\/\/www.24gliwice.pl\/wiadomosci\/wp-content\/uploads\/2024\/08\/wyprzedaz-materialy-organizatora-768x576-1.jpg\" \/>\n\t<meta property=\"og:image:width\" content=\"767\" \/>\n\t<meta property=\"og:image:height\" content=\"432\" \/>\n\t<meta property=\"og:image:type\" content=\"image\/jpeg\" \/>\n<meta name=\"author\" content=\"\u017baneta Mrozek-Siewierska\" \/>\n<meta name=\"twitter:card\" content=\"summary_large_image\" \/>\n<meta name=\"twitter:creator\" content=\"@24gliwice\" \/>\n<meta name=\"twitter:site\" content=\"@24gliwice\" \/>\n<meta name=\"twitter:label1\" content=\"Napisane przez\" \/>\n\t<meta name=\"twitter:data1\" content=\"\u017baneta Mrozek-Siewierska\" \/>\n\t<meta name=\"twitter:label2\" content=\"Szacowany czas czytania\" \/>\n\t<meta name=\"twitter:data2\" content=\"1 minuta\" \/>\n<script type=\"application\/ld+json\" class=\"yoast-schema-graph\">{\"@context\":\"https:\\\/\\\/schema.org\",\"@graph\":[{\"@type\":\"Article\",\"@id\":\"https:\\\/\\\/www.24gliwice.pl\\\/wiadomosci\\\/zbedne-rzeczy-zalegaja-w-domu-pierwsza-tegoroczna-wyprzedaz-garazowa-juz-w-najblizsza-niedziele\\\/#article\",\"isPartOf\":{\"@id\":\"https:\\\/\\\/www.24gliwice.pl\\\/wiadomosci\\\/zbedne-rzeczy-zalegaja-w-domu-pierwsza-tegoroczna-wyprzedaz-garazowa-juz-w-najblizsza-niedziele\\\/\"},\"author\":{\"name\":\"\u017baneta Mrozek-Siewierska\",\"@id\":\"https:\\\/\\\/www.24gliwice.pl\\\/wiadomosci\\\/#\\\/schema\\\/person\\\/e42c650edd7f2fa332be3811fb166b6e\"},\"headline\":\"Zb\u0119dne rzeczy zalegaj\u0105 w domu? Pierwsza tegoroczna wyprzeda\u017c gara\u017cowa ju\u017c w najbli\u017csz\u0105 niedziel\u0119\",\"datePublished\":\"2025-06-11T01:36:18+00:00\",\"mainEntityOfPage\":{\"@id\":\"https:\\\/\\\/www.24gliwice.pl\\\/wiadomosci\\\/zbedne-rzeczy-zalegaja-w-domu-pierwsza-tegoroczna-wyprzedaz-garazowa-juz-w-najblizsza-niedziele\\\/\"},\"wordCount\":189,\"commentCount\":2,\"publisher\":{\"@id\":\"https:\\\/\\\/www.24gliwice.pl\\\/wiadomosci\\\/#organization\"},\"image\":{\"@id\":\"https:\\\/\\\/www.24gliwice.pl\\\/wiadomosci\\\/zbedne-rzeczy-zalegaja-w-domu-pierwsza-tegoroczna-wyprzedaz-garazowa-juz-w-najblizsza-niedziele\\\/#primaryimage\"},\"thumbnailUrl\":\"https:\\\/\\\/www.24gliwice.pl\\\/wiadomosci\\\/wp-content\\\/uploads\\\/2024\\\/08\\\/wyprzedaz-materialy-organizatora-768x576-1.jpg\",\"keywords\":[\"WYPRZEDA\u017b GARA\u017bOWA\"],\"articleSection\":[\"Gliwice\",\"Kultura, wydarzenia, imprezy\",\"Najnowsze wiadomo\u015bci\"],\"inLanguage\":\"pl-PL\",\"potentialAction\":[{\"@type\":\"CommentAction\",\"name\":\"Comment\",\"target\":[\"https:\\\/\\\/www.24gliwice.pl\\\/wiadomosci\\\/zbedne-rzeczy-zalegaja-w-domu-pierwsza-tegoroczna-wyprzedaz-garazowa-juz-w-najblizsza-niedziele\\\/#respond\"]}]},{\"@type\":\"WebPage\",\"@id\":\"https:\\\/\\\/www.24gliwice.pl\\\/wiadomosci\\\/zbedne-rzeczy-zalegaja-w-domu-pierwsza-tegoroczna-wyprzedaz-garazowa-juz-w-najblizsza-niedziele\\\/\",\"url\":\"https:\\\/\\\/www.24gliwice.pl\\\/wiadomosci\\\/zbedne-rzeczy-zalegaja-w-domu-pierwsza-tegoroczna-wyprzedaz-garazowa-juz-w-najblizsza-niedziele\\\/\",\"name\":\"Zb\u0119dne rzeczy zalegaj\u0105 w domu? Pierwsza tegoroczna wyprzeda\u017c gara\u017cowa ju\u017c w najbli\u017csz\u0105 niedziel\u0119 - 24GLIWICE - Portal Gliwice | codziennie nowe informacje\",\"isPartOf\":{\"@id\":\"https:\\\/\\\/www.24gliwice.pl\\\/wiadomosci\\\/#website\"},\"primaryImageOfPage\":{\"@id\":\"https:\\\/\\\/www.24gliwice.pl\\\/wiadomosci\\\/zbedne-rzeczy-zalegaja-w-domu-pierwsza-tegoroczna-wyprzedaz-garazowa-juz-w-najblizsza-niedziele\\\/#primaryimage\"},\"image\":{\"@id\":\"https:\\\/\\\/www.24gliwice.pl\\\/wiadomosci\\\/zbedne-rzeczy-zalegaja-w-domu-pierwsza-tegoroczna-wyprzedaz-garazowa-juz-w-najblizsza-niedziele\\\/#primaryimage\"},\"thumbnailUrl\":\"https:\\\/\\\/www.24gliwice.pl\\\/wiadomosci\\\/wp-content\\\/uploads\\\/2024\\\/08\\\/wyprzedaz-materialy-organizatora-768x576-1.jpg\",\"datePublished\":\"2025-06-11T01:36:18+00:00\",\"description\":\"Pierwsza tegoroczna wyprzeda\u017c gara\u017cowa odb\u0119dzie si\u0119 15 czerwca. Ka\u017cdy zainteresowany mo\u017ce wystawi\u0107 swoje stanowisko za jedynie 2 z\u0142\",\"breadcrumb\":{\"@id\":\"https:\\\/\\\/www.24gliwice.pl\\\/wiadomosci\\\/zbedne-rzeczy-zalegaja-w-domu-pierwsza-tegoroczna-wyprzedaz-garazowa-juz-w-najblizsza-niedziele\\\/#breadcrumb\"},\"inLanguage\":\"pl-PL\",\"potentialAction\":[{\"@type\":\"ReadAction\",\"target\":[\"https:\\\/\\\/www.24gliwice.pl\\\/wiadomosci\\\/zbedne-rzeczy-zalegaja-w-domu-pierwsza-tegoroczna-wyprzedaz-garazowa-juz-w-najblizsza-niedziele\\\/\"]}]},{\"@type\":\"ImageObject\",\"inLanguage\":\"pl-PL\",\"@id\":\"https:\\\/\\\/www.24gliwice.pl\\\/wiadomosci\\\/zbedne-rzeczy-zalegaja-w-domu-pierwsza-tegoroczna-wyprzedaz-garazowa-juz-w-najblizsza-niedziele\\\/#primaryimage\",\"url\":\"https:\\\/\\\/www.24gliwice.pl\\\/wiadomosci\\\/wp-content\\\/uploads\\\/2024\\\/08\\\/wyprzedaz-materialy-organizatora-768x576-1.jpg\",\"contentUrl\":\"https:\\\/\\\/www.24gliwice.pl\\\/wiadomosci\\\/wp-content\\\/uploads\\\/2024\\\/08\\\/wyprzedaz-materialy-organizatora-768x576-1.jpg\",\"width\":767,\"height\":432},{\"@type\":\"BreadcrumbList\",\"@id\":\"https:\\\/\\\/www.24gliwice.pl\\\/wiadomosci\\\/zbedne-rzeczy-zalegaja-w-domu-pierwsza-tegoroczna-wyprzedaz-garazowa-juz-w-najblizsza-niedziele\\\/#breadcrumb\",\"itemListElement\":[{\"@type\":\"ListItem\",\"position\":1,\"name\":\"Strona g\u0142\u00f3wna\",\"item\":\"https:\\\/\\\/www.24gliwice.pl\\\/wiadomosci\\\/\"},{\"@type\":\"ListItem\",\"position\":2,\"name\":\"Zb\u0119dne rzeczy zalegaj\u0105 w domu? Pierwsza tegoroczna wyprzeda\u017c gara\u017cowa ju\u017c w najbli\u017csz\u0105 niedziel\u0119\"}]},{\"@type\":\"WebSite\",\"@id\":\"https:\\\/\\\/www.24gliwice.pl\\\/wiadomosci\\\/#website\",\"url\":\"https:\\\/\\\/www.24gliwice.pl\\\/wiadomosci\\\/\",\"name\":\"24GLIWICE - Portal Gliwice | codziennie nowe wiadomo\u015bci\",\"description\":\"Portal Miejski Gliwice\",\"publisher\":{\"@id\":\"https:\\\/\\\/www.24gliwice.pl\\\/wiadomosci\\\/#organization\"},\"potentialAction\":[{\"@type\":\"SearchAction\",\"target\":{\"@type\":\"EntryPoint\",\"urlTemplate\":\"https:\\\/\\\/www.24gliwice.pl\\\/wiadomosci\\\/?s={search_term_string}\"},\"query-input\":{\"@type\":\"PropertyValueSpecification\",\"valueRequired\":true,\"valueName\":\"search_term_string\"}}],\"inLanguage\":\"pl-PL\"},{\"@type\":\"Organization\",\"@id\":\"https:\\\/\\\/www.24gliwice.pl\\\/wiadomosci\\\/#organization\",\"name\":\"24gliwice\",\"url\":\"https:\\\/\\\/www.24gliwice.pl\\\/wiadomosci\\\/\",\"logo\":{\"@type\":\"ImageObject\",\"inLanguage\":\"pl-PL\",\"@id\":\"https:\\\/\\\/www.24gliwice.pl\\\/wiadomosci\\\/#\\\/schema\\\/logo\\\/image\\\/\",\"url\":\"https:\\\/\\\/www.24gliwice.pl\\\/wiadomosci\\\/wp-content\\\/uploads\\\/2024\\\/10\\\/24gliwice-logo-696.jpg\",\"contentUrl\":\"https:\\\/\\\/www.24gliwice.pl\\\/wiadomosci\\\/wp-content\\\/uploads\\\/2024\\\/10\\\/24gliwice-logo-696.jpg\",\"width\":696,\"height\":696,\"caption\":\"24gliwice\"},\"image\":{\"@id\":\"https:\\\/\\\/www.24gliwice.pl\\\/wiadomosci\\\/#\\\/schema\\\/logo\\\/image\\\/\"},\"sameAs\":[\"https:\\\/\\\/www.facebook.com\\\/24gliwice\",\"https:\\\/\\\/x.com\\\/24gliwice\",\"https:\\\/\\\/www.youtube.com\\\/@24gliwice\"]},{\"@type\":\"Person\",\"@id\":\"https:\\\/\\\/www.24gliwice.pl\\\/wiadomosci\\\/#\\\/schema\\\/person\\\/e42c650edd7f2fa332be3811fb166b6e\",\"name\":\"\u017baneta Mrozek-Siewierska\",\"image\":{\"@type\":\"ImageObject\",\"inLanguage\":\"pl-PL\",\"@id\":\"https:\\\/\\\/www.24gliwice.pl\\\/wiadomosci\\\/wp-content\\\/uploads\\\/2021\\\/11\\\/Zaneta-M_S-zdjecie-czb-96x96.jpg\",\"url\":\"https:\\\/\\\/www.24gliwice.pl\\\/wiadomosci\\\/wp-content\\\/uploads\\\/2021\\\/11\\\/Zaneta-M_S-zdjecie-czb-96x96.jpg\",\"contentUrl\":\"https:\\\/\\\/www.24gliwice.pl\\\/wiadomosci\\\/wp-content\\\/uploads\\\/2021\\\/11\\\/Zaneta-M_S-zdjecie-czb-96x96.jpg\",\"caption\":\"\u017baneta Mrozek-Siewierska\"},\"url\":\"https:\\\/\\\/www.24gliwice.pl\\\/wiadomosci\\\/author\\\/zms\\\/\"}]}<\/script>\n<!-- \/ Yoast SEO plugin. -->","yoast_head_json":{"title":"Zb\u0119dne rzeczy zalegaj\u0105 w domu? Pierwsza tegoroczna wyprzeda\u017c gara\u017cowa ju\u017c w najbli\u017csz\u0105 niedziel\u0119 - 24GLIWICE - Portal Gliwice | codziennie nowe informacje","description":"Pierwsza tegoroczna wyprzeda\u017c gara\u017cowa odb\u0119dzie si\u0119 15 czerwca. Ka\u017cdy zainteresowany mo\u017ce wystawi\u0107 swoje stanowisko za jedynie 2 z\u0142","robots":{"index":"index","follow":"follow","max-snippet":"max-snippet:-1","max-image-preview":"max-image-preview:large","max-video-preview":"max-video-preview:-1"},"canonical":"https:\/\/www.24gliwice.pl\/wiadomosci\/zbedne-rzeczy-zalegaja-w-domu-pierwsza-tegoroczna-wyprzedaz-garazowa-juz-w-najblizsza-niedziele\/","og_locale":"pl_PL","og_type":"article","og_title":"Zb\u0119dne rzeczy zalegaj\u0105 w domu? Pierwsza tegoroczna wyprzeda\u017c gara\u017cowa ju\u017c w najbli\u017csz\u0105 niedziel\u0119 - 24GLIWICE - Portal Gliwice | codziennie nowe informacje","og_description":"Pierwsza tegoroczna wyprzeda\u017c gara\u017cowa odb\u0119dzie si\u0119 15 czerwca. Ka\u017cdy zainteresowany mo\u017ce wystawi\u0107 swoje stanowisko za jedynie 2 z\u0142","og_url":"https:\/\/www.24gliwice.pl\/wiadomosci\/zbedne-rzeczy-zalegaja-w-domu-pierwsza-tegoroczna-wyprzedaz-garazowa-juz-w-najblizsza-niedziele\/","og_site_name":"24GLIWICE - Portal Gliwice | codziennie nowe informacje","article_publisher":"https:\/\/www.facebook.com\/24gliwice","article_published_time":"2025-06-11T01:36:18+00:00","og_image":[{"width":767,"height":432,"url":"https:\/\/www.24gliwice.pl\/wiadomosci\/wp-content\/uploads\/2024\/08\/wyprzedaz-materialy-organizatora-768x576-1.jpg","type":"image\/jpeg"}],"author":"\u017baneta Mrozek-Siewierska","twitter_card":"summary_large_image","twitter_creator":"@24gliwice","twitter_site":"@24gliwice","twitter_misc":{"Napisane przez":"\u017baneta Mrozek-Siewierska","Szacowany czas czytania":"1 minuta"},"schema":{"@context":"https:\/\/schema.org","@graph":[{"@type":"Article","@id":"https:\/\/www.24gliwice.pl\/wiadomosci\/zbedne-rzeczy-zalegaja-w-domu-pierwsza-tegoroczna-wyprzedaz-garazowa-juz-w-najblizsza-niedziele\/#article","isPartOf":{"@id":"https:\/\/www.24gliwice.pl\/wiadomosci\/zbedne-rzeczy-zalegaja-w-domu-pierwsza-tegoroczna-wyprzedaz-garazowa-juz-w-najblizsza-niedziele\/"},"author":{"name":"\u017baneta Mrozek-Siewierska","@id":"https:\/\/www.24gliwice.pl\/wiadomosci\/#\/schema\/person\/e42c650edd7f2fa332be3811fb166b6e"},"headline":"Zb\u0119dne rzeczy zalegaj\u0105 w domu? Pierwsza tegoroczna wyprzeda\u017c gara\u017cowa ju\u017c w najbli\u017csz\u0105 niedziel\u0119","datePublished":"2025-06-11T01:36:18+00:00","mainEntityOfPage":{"@id":"https:\/\/www.24gliwice.pl\/wiadomosci\/zbedne-rzeczy-zalegaja-w-domu-pierwsza-tegoroczna-wyprzedaz-garazowa-juz-w-najblizsza-niedziele\/"},"wordCount":189,"commentCount":2,"publisher":{"@id":"https:\/\/www.24gliwice.pl\/wiadomosci\/#organization"},"image":{"@id":"https:\/\/www.24gliwice.pl\/wiadomosci\/zbedne-rzeczy-zalegaja-w-domu-pierwsza-tegoroczna-wyprzedaz-garazowa-juz-w-najblizsza-niedziele\/#primaryimage"},"thumbnailUrl":"https:\/\/www.24gliwice.pl\/wiadomosci\/wp-content\/uploads\/2024\/08\/wyprzedaz-materialy-organizatora-768x576-1.jpg","keywords":["WYPRZEDA\u017b GARA\u017bOWA"],"articleSection":["Gliwice","Kultura, wydarzenia, imprezy","Najnowsze wiadomo\u015bci"],"inLanguage":"pl-PL","potentialAction":[{"@type":"CommentAction","name":"Comment","target":["https:\/\/www.24gliwice.pl\/wiadomosci\/zbedne-rzeczy-zalegaja-w-domu-pierwsza-tegoroczna-wyprzedaz-garazowa-juz-w-najblizsza-niedziele\/#respond"]}]},{"@type":"WebPage","@id":"https:\/\/www.24gliwice.pl\/wiadomosci\/zbedne-rzeczy-zalegaja-w-domu-pierwsza-tegoroczna-wyprzedaz-garazowa-juz-w-najblizsza-niedziele\/","url":"https:\/\/www.24gliwice.pl\/wiadomosci\/zbedne-rzeczy-zalegaja-w-domu-pierwsza-tegoroczna-wyprzedaz-garazowa-juz-w-najblizsza-niedziele\/","name":"Zb\u0119dne rzeczy zalegaj\u0105 w domu? Pierwsza tegoroczna wyprzeda\u017c gara\u017cowa ju\u017c w najbli\u017csz\u0105 niedziel\u0119 - 24GLIWICE - Portal Gliwice | codziennie nowe informacje","isPartOf":{"@id":"https:\/\/www.24gliwice.pl\/wiadomosci\/#website"},"primaryImageOfPage":{"@id":"https:\/\/www.24gliwice.pl\/wiadomosci\/zbedne-rzeczy-zalegaja-w-domu-pierwsza-tegoroczna-wyprzedaz-garazowa-juz-w-najblizsza-niedziele\/#primaryimage"},"image":{"@id":"https:\/\/www.24gliwice.pl\/wiadomosci\/zbedne-rzeczy-zalegaja-w-domu-pierwsza-tegoroczna-wyprzedaz-garazowa-juz-w-najblizsza-niedziele\/#primaryimage"},"thumbnailUrl":"https:\/\/www.24gliwice.pl\/wiadomosci\/wp-content\/uploads\/2024\/08\/wyprzedaz-materialy-organizatora-768x576-1.jpg","datePublished":"2025-06-11T01:36:18+00:00","description":"Pierwsza tegoroczna wyprzeda\u017c gara\u017cowa odb\u0119dzie si\u0119 15 czerwca. Ka\u017cdy zainteresowany mo\u017ce wystawi\u0107 swoje stanowisko za jedynie 2 z\u0142","breadcrumb":{"@id":"https:\/\/www.24gliwice.pl\/wiadomosci\/zbedne-rzeczy-zalegaja-w-domu-pierwsza-tegoroczna-wyprzedaz-garazowa-juz-w-najblizsza-niedziele\/#breadcrumb"},"inLanguage":"pl-PL","potentialAction":[{"@type":"ReadAction","target":["https:\/\/www.24gliwice.pl\/wiadomosci\/zbedne-rzeczy-zalegaja-w-domu-pierwsza-tegoroczna-wyprzedaz-garazowa-juz-w-najblizsza-niedziele\/"]}]},{"@type":"ImageObject","inLanguage":"pl-PL","@id":"https:\/\/www.24gliwice.pl\/wiadomosci\/zbedne-rzeczy-zalegaja-w-domu-pierwsza-tegoroczna-wyprzedaz-garazowa-juz-w-najblizsza-niedziele\/#primaryimage","url":"https:\/\/www.24gliwice.pl\/wiadomosci\/wp-content\/uploads\/2024\/08\/wyprzedaz-materialy-organizatora-768x576-1.jpg","contentUrl":"https:\/\/www.24gliwice.pl\/wiadomosci\/wp-content\/uploads\/2024\/08\/wyprzedaz-materialy-organizatora-768x576-1.jpg","width":767,"height":432},{"@type":"BreadcrumbList","@id":"https:\/\/www.24gliwice.pl\/wiadomosci\/zbedne-rzeczy-zalegaja-w-domu-pierwsza-tegoroczna-wyprzedaz-garazowa-juz-w-najblizsza-niedziele\/#breadcrumb","itemListElement":[{"@type":"ListItem","position":1,"name":"Strona g\u0142\u00f3wna","item":"https:\/\/www.24gliwice.pl\/wiadomosci\/"},{"@type":"ListItem","position":2,"name":"Zb\u0119dne rzeczy zalegaj\u0105 w domu? Pierwsza tegoroczna wyprzeda\u017c gara\u017cowa ju\u017c w najbli\u017csz\u0105 niedziel\u0119"}]},{"@type":"WebSite","@id":"https:\/\/www.24gliwice.pl\/wiadomosci\/#website","url":"https:\/\/www.24gliwice.pl\/wiadomosci\/","name":"24GLIWICE - Portal Gliwice | codziennie nowe wiadomo\u015bci","description":"Portal Miejski Gliwice","publisher":{"@id":"https:\/\/www.24gliwice.pl\/wiadomosci\/#organization"},"potentialAction":[{"@type":"SearchAction","target":{"@type":"EntryPoint","urlTemplate":"https:\/\/www.24gliwice.pl\/wiadomosci\/?s={search_term_string}"},"query-input":{"@type":"PropertyValueSpecification","valueRequired":true,"valueName":"search_term_string"}}],"inLanguage":"pl-PL"},{"@type":"Organization","@id":"https:\/\/www.24gliwice.pl\/wiadomosci\/#organization","name":"24gliwice","url":"https:\/\/www.24gliwice.pl\/wiadomosci\/","logo":{"@type":"ImageObject","inLanguage":"pl-PL","@id":"https:\/\/www.24gliwice.pl\/wiadomosci\/#\/schema\/logo\/image\/","url":"https:\/\/www.24gliwice.pl\/wiadomosci\/wp-content\/uploads\/2024\/10\/24gliwice-logo-696.jpg","contentUrl":"https:\/\/www.24gliwice.pl\/wiadomosci\/wp-content\/uploads\/2024\/10\/24gliwice-logo-696.jpg","width":696,"height":696,"caption":"24gliwice"},"image":{"@id":"https:\/\/www.24gliwice.pl\/wiadomosci\/#\/schema\/logo\/image\/"},"sameAs":["https:\/\/www.facebook.com\/24gliwice","https:\/\/x.com\/24gliwice","https:\/\/www.youtube.com\/@24gliwice"]},{"@type":"Person","@id":"https:\/\/www.24gliwice.pl\/wiadomosci\/#\/schema\/person\/e42c650edd7f2fa332be3811fb166b6e","name":"\u017baneta Mrozek-Siewierska","image":{"@type":"ImageObject","inLanguage":"pl-PL","@id":"https:\/\/www.24gliwice.pl\/wiadomosci\/wp-content\/uploads\/2021\/11\/Zaneta-M_S-zdjecie-czb-96x96.jpg","url":"https:\/\/www.24gliwice.pl\/wiadomosci\/wp-content\/uploads\/2021\/11\/Zaneta-M_S-zdjecie-czb-96x96.jpg","contentUrl":"https:\/\/www.24gliwice.pl\/wiadomosci\/wp-content\/uploads\/2021\/11\/Zaneta-M_S-zdjecie-czb-96x96.jpg","caption":"\u017baneta Mrozek-Siewierska"},"url":"https:\/\/www.24gliwice.pl\/wiadomosci\/author\/zms\/"}]}},"_links":{"self":[{"href":"https:\/\/www.24gliwice.pl\/wiadomosci\/wp-json\/wp\/v2\/posts\/255502","targetHints":{"allow":["GET"]}}],"collection":[{"href":"https:\/\/www.24gliwice.pl\/wiadomosci\/wp-json\/wp\/v2\/posts"}],"about":[{"href":"https:\/\/www.24gliwice.pl\/wiadomosci\/wp-json\/wp\/v2\/types\/post"}],"author":[{"embeddable":true,"href":"https:\/\/www.24gliwice.pl\/wiadomosci\/wp-json\/wp\/v2\/users\/15"}],"replies":[{"embeddable":true,"href":"https:\/\/www.24gliwice.pl\/wiadomosci\/wp-json\/wp\/v2\/comments?post=255502"}],"version-history":[{"count":3,"href":"https:\/\/www.24gliwice.pl\/wiadomosci\/wp-json\/wp\/v2\/posts\/255502\/revisions"}],"predecessor-version":[{"id":255523,"href":"https:\/\/www.24gliwice.pl\/wiadomosci\/wp-json\/wp\/v2\/posts\/255502\/revisions\/255523"}],"wp:featuredmedia":[{"embeddable":true,"href":"https:\/\/www.24gliwice.pl\/wiadomosci\/wp-json\/wp\/v2\/media\/240352"}],"wp:attachment":[{"href":"https:\/\/www.24gliwice.pl\/wiadomosci\/wp-json\/wp\/v2\/media?parent=255502"}],"wp:term":[{"taxonomy":"category","embeddable":true,"href":"https:\/\/www.24gliwice.pl\/wiadomosci\/wp-json\/wp\/v2\/categories?post=255502"},{"taxonomy":"post_tag","embeddable":true,"href":"https:\/\/www.24gliwice.pl\/wiadomosci\/wp-json\/wp\/v2\/tags?post=255502"}],"curies":[{"name":"wp","href":"https:\/\/api.w.org\/{rel}","templated":true}]}}