{"id":255883,"date":"2025-06-24T03:27:55","date_gmt":"2025-06-24T01:27:55","guid":{"rendered":"https:\/\/www.24gliwice.pl\/wiadomosci\/?p=255883"},"modified":"2025-06-24T03:27:55","modified_gmt":"2025-06-24T01:27:55","slug":"na-wakacyjne-wyjazdy-z-dziecmi-mozna-wybrac-sie-za-symboliczna-oplata-oferta-wakacje-z-rodzina","status":"publish","type":"post","link":"https:\/\/www.24gliwice.pl\/wiadomosci\/na-wakacyjne-wyjazdy-z-dziecmi-mozna-wybrac-sie-za-symboliczna-oplata-oferta-wakacje-z-rodzina\/","title":{"rendered":"Na wakacyjne wyjazdy z dzie\u0107mi mo\u017cna wybra\u0107 si\u0119 za symboliczn\u0105 op\u0142at\u0105. Oferta \u201cWakacje z rodzin\u0105\u201d"},"content":{"rendered":"<div class=\"gliwi-a6-nad-leadem-artykulow gliwi-entity-placement\" id=\"gliwi-1782988246\"><div class=\"gliwi-adlabel\"><span style=\"font-size: 9px\">REKLAMA<\/span><\/div><div id=\"gliwi-1067552810\" style=\"margin-bottom: 25px;margin-left: auto;margin-right: auto;text-align: center;\"><a data-no-instant=\"1\" href=\"https:\/\/dom100.eu\/\" rel=\"noopener\" class=\"a2t-link\" target=\"_blank\" aria-label=\"20260415 DOM100 D\"><img loading=\"lazy\" decoding=\"async\" src=\"https:\/\/www.24gliwice.pl\/wiadomosci\/wp-content\/uploads\/2026\/04\/20260415-DOM100-D.jpg\" alt=\"\"  srcset=\"https:\/\/www.24gliwice.pl\/wiadomosci\/wp-content\/uploads\/2026\/04\/20260415-DOM100-D.jpg 750w, https:\/\/www.24gliwice.pl\/wiadomosci\/wp-content\/uploads\/2026\/04\/20260415-DOM100-D-410x109.jpg 410w\" sizes=\"(max-width: 750px) 100vw, 750px\" class=\"no-lazyload\" width=\"750\" height=\"200\"  style=\"display: inline-block; max-width: 100%; height: auto;\" \/><\/a><\/div><\/div><h2>Planujecie wakacyjne podr\u00f3\u017ce z dzie\u0107mi? Koleje \u015al\u0105skie maj\u0105 dla Was specjaln\u0105 propozycj\u0119 &#8211; bilet za 10 z\u0142 dla ka\u017cdej osoby doros\u0142ej (max 2 osoby) podr\u00f3\u017cuj\u0105cej wsp\u00f3lnie z podopiecznym do 16. roku \u017cycia, posiadaj\u0105cym bilet jednorazowy z ulg\u0105 ustawow\u0105.<\/h2>\n<p><!--more--><\/p>\n<p>&#8220;Wakacje z rodzin\u0105&#8221; to oferta, kt\u00f3ra obowi\u0105zuje od poniedzia\u0142ku do pi\u0105tku w okresie od 27 czerwca do 29 sierpnia 2025 r. Bilety mo\u017cna zakupi\u0107 w aplikacji Kae\u015bka na wszystkie po\u0142\u0105czenia obs\u0142ugiwane przez Koleje \u015al\u0105skie, z wy\u0142\u0105czeniem poci\u0105g\u00f3w o charakterze komercyjnym oraz odcink\u00f3w Bohumin \u2013 Cha\u0142upki, Trzebinia \u2013 Krak\u00f3w P\u0142asz\u00f3w oraz K\u0119ty \u2013 Zakopane.\u201d<\/p>\n<h4>Oferta przeznaczona jest dla opiekun\u00f3w &#8211; dzieci podr\u00f3\u017cuj\u0105ce wsp\u00f3lnie z rodzicami korzystaj\u0105 z indywidualnych uprawnie\u0144 do ulg ustawowych.<\/h4>\n<p>Opr\u00f3cz tego posiadaczom Karty Du\u017cej Rodziny w dni wolne od pracy Koleje \u015al\u0105skie oferuj\u0105 50-procentow\u0105 ulg\u0119 dla rodzic\u00f3w lub opiekun\u00f3w oraz 30-procentow\u0105 ulg\u0119 dla dzieci i m\u0142odzie\u017cy. Dzieci i m\u0142odzie\u017c mog\u0105 skorzysta\u0107 z indywidualnych uprawnie\u0144 do ulgi. Oferta obowi\u0105zuje od dnia poprzedzaj\u0105cego dzie\u0144 wolny od pracy od godziny 14:00 do ostatniego dnia wolnego od pracy do godz. 24:00.<\/p><div class=\"gliwi-a3-w-tresci-artykulow gliwi-entity-placement\" id=\"gliwi-3129213488\"><div class=\"gliwi-adlabel\"><span style=\"font-size: 9px\">REKLAMA<\/span><\/div><div id=\"gliwi-9191180\" style=\"margin-bottom: 30px;margin-left: auto;margin-right: auto;text-align: center;\"><a data-no-instant=\"1\" href=\"https:\/\/zlobek.halogen.org.pl\/\" rel=\"noopener\" class=\"a2t-link\" target=\"_blank\" aria-label=\"animator-zlobek_750x200\"><img loading=\"lazy\" decoding=\"async\" src=\"https:\/\/www.24gliwice.pl\/wiadomosci\/wp-content\/uploads\/2026\/02\/animator-zlobek_750x200.webp\" alt=\"\"  srcset=\"https:\/\/www.24gliwice.pl\/wiadomosci\/wp-content\/uploads\/2026\/02\/animator-zlobek_750x200.webp 750w, https:\/\/www.24gliwice.pl\/wiadomosci\/wp-content\/uploads\/2026\/02\/animator-zlobek_750x200-410x109.webp 410w\" sizes=\"(max-width: 750px) 100vw, 750px\" class=\"no-lazyload\" width=\"750\" height=\"200\"  style=\"display: inline-block; max-width: 100%; height: auto;\" \/><\/a><\/div><\/div>\n<p>To jednak nie koniec promocyjnych cen dla os\u00f3b podr\u00f3\u017cuj\u0105cych z dzie\u0107mi do 16. r.\u017c.- warto przypomnie\u0107, \u017ce przewo\u017anik oferuje 30% ulgi. Z oferty mo\u017ce skorzysta\u0107 od 2 do 6 os\u00f3b, w tym maksymalnie dwie osoby doros\u0142e i minimum jedno dziecko. Dzieci mog\u0105 posiada\u0107 bilet z ulg\u0105 wynikaj\u0105c\u0105 indywidualnych uprawnie\u0144. A jak zakupi\u0107 takie bilety drog\u0105 elektroniczn\u0105?<\/p>\n<blockquote><p><em>Zni\u017cka 30% w ramach oferty \u201eRodzina&#8221; dla doros\u0142ego pasa\u017cera podr\u00f3\u017cuj\u0105cego z dzieckiem do 16. roku \u017cycia nalicza si\u0119 automatycznie<\/em> <\/p><\/blockquote>\n<p>&#8211; wyja\u015bnia <strong>Maciej Pezdek <\/strong>z biura prasowego Kolei \u015al\u0105skich. <\/p>\n<p>&#8211; <em>Przyk\u0142adowo, w aplikacji Kae\u015bka wystarczy, \u017ce osoba doros\u0142a po wybraniu trasy przejazdu doda drugiego pasa\u017cera \u2013 dziecko do 16. roku \u017cycia (kt\u00f3re mo\u017ce r\u00f3wnie\u017c korzysta\u0107 z ulg ustawowych). Po klikni\u0119ciu \u201ePrzejd\u017a do ofert&#8221; wy\u015bwietli si\u0119 opcja \u201ePrzejazd Rodziny&#8221;, zawieraj\u0105ca zni\u017ck\u0119 30 proc. dla osoby doros\u0142ej<\/em> &#8211; dodaje Pezdek. <\/p>\n<p><a href=\"https:\/\/www.kolejeslaskie.com\/obsluga-podroznych\/oferty\/dla-rodziny\/\" target=\"_blank\">Szczeg\u00f3\u0142owe informacje oraz regulaminy mo\u017cna znale\u017a\u0107 na stronie Kolei \u015al\u0105skich &#8211; kliknij tu. <\/a><\/p>\n<p>(\u017cms)\/Koleje \u015al\u0105skie<\/p>\n<div class=\"gliwi-a5-na-koncu-artykulow gliwi-entity-placement\" id=\"gliwi-3663587733\"><div class=\"gliwi-adlabel\"><span style=\"font-size: 9px\">REKLAMA<\/span><\/div><div id=\"gliwi-1131920705\" style=\"margin-left: auto;margin-right: auto;text-align: center;\"><a data-no-instant=\"1\" href=\"https:\/\/prezeroarenagliwice.pl\/\" rel=\"noopener\" class=\"a2t-link\" target=\"_blank\" aria-label=\"20260309-PREZERO-WIOSNA-D\"><img loading=\"lazy\" decoding=\"async\" src=\"https:\/\/www.24gliwice.pl\/wiadomosci\/wp-content\/uploads\/2026\/03\/20260309-PREZERO-WIOSNA-D.webp\" alt=\"\"  srcset=\"https:\/\/www.24gliwice.pl\/wiadomosci\/wp-content\/uploads\/2026\/03\/20260309-PREZERO-WIOSNA-D.webp 750w, https:\/\/www.24gliwice.pl\/wiadomosci\/wp-content\/uploads\/2026\/03\/20260309-PREZERO-WIOSNA-D-410x109.webp 410w\" sizes=\"(max-width: 750px) 100vw, 750px\" class=\"no-lazyload\" width=\"750\" height=\"200\"  style=\"display: inline-block; max-width: 100%; height: auto;\" \/><\/a><\/div><\/div>","protected":false},"excerpt":{"rendered":"<p>Planujecie wakacyjne podr\u00f3\u017ce z dzie\u0107mi? Koleje \u015al\u0105skie maj\u0105 dla Was specjaln\u0105 propozycj\u0119 &#8211; bilet za 10 z\u0142 dla ka\u017cdej osoby doros\u0142ej (max 2 osoby) podr\u00f3\u017cuj\u0105cej wsp\u00f3lnie z podopiecznym do 16. roku \u017cycia, posiadaj\u0105cym bilet jednorazowy z ulg\u0105 ustawow\u0105.<\/p>\n","protected":false},"author":15,"featured_media":255895,"comment_status":"open","ping_status":"closed","sticky":false,"template":"","format":"standard","meta":{"_monsterinsights_skip_tracking":false,"_monsterinsights_sitenote_active":false,"_monsterinsights_sitenote_note":"","_monsterinsights_sitenote_category":0,"footnotes":"","_links_to":"","_links_to_target":""},"categories":[1],"tags":[4687,24425],"class_list":["post-255883","post","type-post","status-publish","format-standard","has-post-thumbnail","hentry","category-wszystko","tag-koleje-slaskie","tag-wakacje-z-rodzina"],"yoast_head":"<!-- This site is optimized with the Yoast SEO plugin v27.5 - https:\/\/yoast.com\/product\/yoast-seo-wordpress\/ -->\n<title>Na wakacyjne wyjazdy z dzie\u0107mi mo\u017cna wybra\u0107 si\u0119 za symboliczn\u0105 op\u0142at\u0105. Oferta \u201cWakacje z rodzin\u0105\u201d - 24GLIWICE - Portal Gliwice | codziennie nowe informacje<\/title>\n<meta name=\"description\" content=\"Wakacyjne wyjazdy z rodzin\u0105 mog\u0105 by\u0107 ta\u0144sze - Koleje \u015al\u0105skie przygotowa\u0142y specjaln\u0105 ofert\u0119, w kt\u00f3rej rodzic p\u0142aci jedynie 10 z\u0142\" \/>\n<meta name=\"robots\" content=\"index, follow, max-snippet:-1, max-image-preview:large, max-video-preview:-1\" \/>\n<link rel=\"canonical\" href=\"https:\/\/www.24gliwice.pl\/wiadomosci\/na-wakacyjne-wyjazdy-z-dziecmi-mozna-wybrac-sie-za-symboliczna-oplata-oferta-wakacje-z-rodzina\/\" \/>\n<meta property=\"og:locale\" content=\"pl_PL\" \/>\n<meta property=\"og:type\" content=\"article\" \/>\n<meta property=\"og:title\" content=\"Na wakacyjne wyjazdy z dzie\u0107mi mo\u017cna wybra\u0107 si\u0119 za symboliczn\u0105 op\u0142at\u0105. Oferta \u201cWakacje z rodzin\u0105\u201d - 24GLIWICE - Portal Gliwice | codziennie nowe informacje\" \/>\n<meta property=\"og:description\" content=\"Wakacyjne wyjazdy z rodzin\u0105 mog\u0105 by\u0107 ta\u0144sze - Koleje \u015al\u0105skie przygotowa\u0142y specjaln\u0105 ofert\u0119, w kt\u00f3rej rodzic p\u0142aci jedynie 10 z\u0142\" \/>\n<meta property=\"og:url\" content=\"https:\/\/www.24gliwice.pl\/wiadomosci\/na-wakacyjne-wyjazdy-z-dziecmi-mozna-wybrac-sie-za-symboliczna-oplata-oferta-wakacje-z-rodzina\/\" \/>\n<meta property=\"og:site_name\" content=\"24GLIWICE - Portal Gliwice | codziennie nowe informacje\" \/>\n<meta property=\"article:publisher\" content=\"https:\/\/www.facebook.com\/24gliwice\" \/>\n<meta property=\"article:published_time\" content=\"2025-06-24T01:27:55+00:00\" \/>\n<meta property=\"og:image\" content=\"https:\/\/www.24gliwice.pl\/wiadomosci\/wp-content\/uploads\/2025\/06\/pociag-koleje-slaskie.jpg\" \/>\n\t<meta property=\"og:image:width\" content=\"1200\" \/>\n\t<meta property=\"og:image:height\" content=\"676\" \/>\n\t<meta property=\"og:image:type\" content=\"image\/jpeg\" \/>\n<meta name=\"author\" content=\"\u017baneta Mrozek-Siewierska\" \/>\n<meta name=\"twitter:card\" content=\"summary_large_image\" \/>\n<meta name=\"twitter:creator\" content=\"@24gliwice\" \/>\n<meta name=\"twitter:site\" content=\"@24gliwice\" \/>\n<meta name=\"twitter:label1\" content=\"Napisane przez\" \/>\n\t<meta name=\"twitter:data1\" content=\"\u017baneta Mrozek-Siewierska\" \/>\n\t<meta name=\"twitter:label2\" content=\"Szacowany czas czytania\" \/>\n\t<meta name=\"twitter:data2\" content=\"2 minuty\" \/>\n<script type=\"application\/ld+json\" class=\"yoast-schema-graph\">{\"@context\":\"https:\\\/\\\/schema.org\",\"@graph\":[{\"@type\":\"Article\",\"@id\":\"https:\\\/\\\/www.24gliwice.pl\\\/wiadomosci\\\/na-wakacyjne-wyjazdy-z-dziecmi-mozna-wybrac-sie-za-symboliczna-oplata-oferta-wakacje-z-rodzina\\\/#article\",\"isPartOf\":{\"@id\":\"https:\\\/\\\/www.24gliwice.pl\\\/wiadomosci\\\/na-wakacyjne-wyjazdy-z-dziecmi-mozna-wybrac-sie-za-symboliczna-oplata-oferta-wakacje-z-rodzina\\\/\"},\"author\":{\"name\":\"\u017baneta Mrozek-Siewierska\",\"@id\":\"https:\\\/\\\/www.24gliwice.pl\\\/wiadomosci\\\/#\\\/schema\\\/person\\\/e42c650edd7f2fa332be3811fb166b6e\"},\"headline\":\"Na wakacyjne wyjazdy z dzie\u0107mi mo\u017cna wybra\u0107 si\u0119 za symboliczn\u0105 op\u0142at\u0105. Oferta \u201cWakacje z rodzin\u0105\u201d\",\"datePublished\":\"2025-06-24T01:27:55+00:00\",\"mainEntityOfPage\":{\"@id\":\"https:\\\/\\\/www.24gliwice.pl\\\/wiadomosci\\\/na-wakacyjne-wyjazdy-z-dziecmi-mozna-wybrac-sie-za-symboliczna-oplata-oferta-wakacje-z-rodzina\\\/\"},\"wordCount\":388,\"commentCount\":9,\"publisher\":{\"@id\":\"https:\\\/\\\/www.24gliwice.pl\\\/wiadomosci\\\/#organization\"},\"image\":{\"@id\":\"https:\\\/\\\/www.24gliwice.pl\\\/wiadomosci\\\/na-wakacyjne-wyjazdy-z-dziecmi-mozna-wybrac-sie-za-symboliczna-oplata-oferta-wakacje-z-rodzina\\\/#primaryimage\"},\"thumbnailUrl\":\"https:\\\/\\\/www.24gliwice.pl\\\/wiadomosci\\\/wp-content\\\/uploads\\\/2025\\\/06\\\/pociag-koleje-slaskie.jpg\",\"keywords\":[\"KOLEJE \u015aL\u0104SKIE\",\"WAKACJE Z RODZIN\u0104\"],\"articleSection\":[\"Najnowsze wiadomo\u015bci\"],\"inLanguage\":\"pl-PL\",\"potentialAction\":[{\"@type\":\"CommentAction\",\"name\":\"Comment\",\"target\":[\"https:\\\/\\\/www.24gliwice.pl\\\/wiadomosci\\\/na-wakacyjne-wyjazdy-z-dziecmi-mozna-wybrac-sie-za-symboliczna-oplata-oferta-wakacje-z-rodzina\\\/#respond\"]}]},{\"@type\":\"WebPage\",\"@id\":\"https:\\\/\\\/www.24gliwice.pl\\\/wiadomosci\\\/na-wakacyjne-wyjazdy-z-dziecmi-mozna-wybrac-sie-za-symboliczna-oplata-oferta-wakacje-z-rodzina\\\/\",\"url\":\"https:\\\/\\\/www.24gliwice.pl\\\/wiadomosci\\\/na-wakacyjne-wyjazdy-z-dziecmi-mozna-wybrac-sie-za-symboliczna-oplata-oferta-wakacje-z-rodzina\\\/\",\"name\":\"Na wakacyjne wyjazdy z dzie\u0107mi mo\u017cna wybra\u0107 si\u0119 za symboliczn\u0105 op\u0142at\u0105. Oferta \u201cWakacje z rodzin\u0105\u201d - 24GLIWICE - Portal Gliwice | codziennie nowe informacje\",\"isPartOf\":{\"@id\":\"https:\\\/\\\/www.24gliwice.pl\\\/wiadomosci\\\/#website\"},\"primaryImageOfPage\":{\"@id\":\"https:\\\/\\\/www.24gliwice.pl\\\/wiadomosci\\\/na-wakacyjne-wyjazdy-z-dziecmi-mozna-wybrac-sie-za-symboliczna-oplata-oferta-wakacje-z-rodzina\\\/#primaryimage\"},\"image\":{\"@id\":\"https:\\\/\\\/www.24gliwice.pl\\\/wiadomosci\\\/na-wakacyjne-wyjazdy-z-dziecmi-mozna-wybrac-sie-za-symboliczna-oplata-oferta-wakacje-z-rodzina\\\/#primaryimage\"},\"thumbnailUrl\":\"https:\\\/\\\/www.24gliwice.pl\\\/wiadomosci\\\/wp-content\\\/uploads\\\/2025\\\/06\\\/pociag-koleje-slaskie.jpg\",\"datePublished\":\"2025-06-24T01:27:55+00:00\",\"description\":\"Wakacyjne wyjazdy z rodzin\u0105 mog\u0105 by\u0107 ta\u0144sze - Koleje \u015al\u0105skie przygotowa\u0142y specjaln\u0105 ofert\u0119, w kt\u00f3rej rodzic p\u0142aci jedynie 10 z\u0142\",\"breadcrumb\":{\"@id\":\"https:\\\/\\\/www.24gliwice.pl\\\/wiadomosci\\\/na-wakacyjne-wyjazdy-z-dziecmi-mozna-wybrac-sie-za-symboliczna-oplata-oferta-wakacje-z-rodzina\\\/#breadcrumb\"},\"inLanguage\":\"pl-PL\",\"potentialAction\":[{\"@type\":\"ReadAction\",\"target\":[\"https:\\\/\\\/www.24gliwice.pl\\\/wiadomosci\\\/na-wakacyjne-wyjazdy-z-dziecmi-mozna-wybrac-sie-za-symboliczna-oplata-oferta-wakacje-z-rodzina\\\/\"]}]},{\"@type\":\"ImageObject\",\"inLanguage\":\"pl-PL\",\"@id\":\"https:\\\/\\\/www.24gliwice.pl\\\/wiadomosci\\\/na-wakacyjne-wyjazdy-z-dziecmi-mozna-wybrac-sie-za-symboliczna-oplata-oferta-wakacje-z-rodzina\\\/#primaryimage\",\"url\":\"https:\\\/\\\/www.24gliwice.pl\\\/wiadomosci\\\/wp-content\\\/uploads\\\/2025\\\/06\\\/pociag-koleje-slaskie.jpg\",\"contentUrl\":\"https:\\\/\\\/www.24gliwice.pl\\\/wiadomosci\\\/wp-content\\\/uploads\\\/2025\\\/06\\\/pociag-koleje-slaskie.jpg\",\"width\":1200,\"height\":676,\"caption\":\"default\"},{\"@type\":\"BreadcrumbList\",\"@id\":\"https:\\\/\\\/www.24gliwice.pl\\\/wiadomosci\\\/na-wakacyjne-wyjazdy-z-dziecmi-mozna-wybrac-sie-za-symboliczna-oplata-oferta-wakacje-z-rodzina\\\/#breadcrumb\",\"itemListElement\":[{\"@type\":\"ListItem\",\"position\":1,\"name\":\"Strona g\u0142\u00f3wna\",\"item\":\"https:\\\/\\\/www.24gliwice.pl\\\/wiadomosci\\\/\"},{\"@type\":\"ListItem\",\"position\":2,\"name\":\"Na wakacyjne wyjazdy z dzie\u0107mi mo\u017cna wybra\u0107 si\u0119 za symboliczn\u0105 op\u0142at\u0105. Oferta \u201cWakacje z rodzin\u0105\u201d\"}]},{\"@type\":\"WebSite\",\"@id\":\"https:\\\/\\\/www.24gliwice.pl\\\/wiadomosci\\\/#website\",\"url\":\"https:\\\/\\\/www.24gliwice.pl\\\/wiadomosci\\\/\",\"name\":\"24GLIWICE - Portal Gliwice | codziennie nowe wiadomo\u015bci\",\"description\":\"Portal Miejski Gliwice\",\"publisher\":{\"@id\":\"https:\\\/\\\/www.24gliwice.pl\\\/wiadomosci\\\/#organization\"},\"potentialAction\":[{\"@type\":\"SearchAction\",\"target\":{\"@type\":\"EntryPoint\",\"urlTemplate\":\"https:\\\/\\\/www.24gliwice.pl\\\/wiadomosci\\\/?s={search_term_string}\"},\"query-input\":{\"@type\":\"PropertyValueSpecification\",\"valueRequired\":true,\"valueName\":\"search_term_string\"}}],\"inLanguage\":\"pl-PL\"},{\"@type\":\"Organization\",\"@id\":\"https:\\\/\\\/www.24gliwice.pl\\\/wiadomosci\\\/#organization\",\"name\":\"24gliwice\",\"url\":\"https:\\\/\\\/www.24gliwice.pl\\\/wiadomosci\\\/\",\"logo\":{\"@type\":\"ImageObject\",\"inLanguage\":\"pl-PL\",\"@id\":\"https:\\\/\\\/www.24gliwice.pl\\\/wiadomosci\\\/#\\\/schema\\\/logo\\\/image\\\/\",\"url\":\"https:\\\/\\\/www.24gliwice.pl\\\/wiadomosci\\\/wp-content\\\/uploads\\\/2024\\\/10\\\/24gliwice-logo-696.jpg\",\"contentUrl\":\"https:\\\/\\\/www.24gliwice.pl\\\/wiadomosci\\\/wp-content\\\/uploads\\\/2024\\\/10\\\/24gliwice-logo-696.jpg\",\"width\":696,\"height\":696,\"caption\":\"24gliwice\"},\"image\":{\"@id\":\"https:\\\/\\\/www.24gliwice.pl\\\/wiadomosci\\\/#\\\/schema\\\/logo\\\/image\\\/\"},\"sameAs\":[\"https:\\\/\\\/www.facebook.com\\\/24gliwice\",\"https:\\\/\\\/x.com\\\/24gliwice\",\"https:\\\/\\\/www.youtube.com\\\/@24gliwice\"]},{\"@type\":\"Person\",\"@id\":\"https:\\\/\\\/www.24gliwice.pl\\\/wiadomosci\\\/#\\\/schema\\\/person\\\/e42c650edd7f2fa332be3811fb166b6e\",\"name\":\"\u017baneta Mrozek-Siewierska\",\"image\":{\"@type\":\"ImageObject\",\"inLanguage\":\"pl-PL\",\"@id\":\"https:\\\/\\\/secure.gravatar.com\\\/avatar\\\/1881429e9c64597c77ad7aef2d0a19be69a3253e57534d16aa15bf3a4d34a0a3?s=96&d=mm&r=g\",\"url\":\"https:\\\/\\\/secure.gravatar.com\\\/avatar\\\/1881429e9c64597c77ad7aef2d0a19be69a3253e57534d16aa15bf3a4d34a0a3?s=96&d=mm&r=g\",\"contentUrl\":\"https:\\\/\\\/secure.gravatar.com\\\/avatar\\\/1881429e9c64597c77ad7aef2d0a19be69a3253e57534d16aa15bf3a4d34a0a3?s=96&d=mm&r=g\",\"caption\":\"\u017baneta Mrozek-Siewierska\"},\"url\":\"https:\\\/\\\/www.24gliwice.pl\\\/wiadomosci\\\/author\\\/zms\\\/\"}]}<\/script>\n<!-- \/ Yoast SEO plugin. -->","yoast_head_json":{"title":"Na wakacyjne wyjazdy z dzie\u0107mi mo\u017cna wybra\u0107 si\u0119 za symboliczn\u0105 op\u0142at\u0105. Oferta \u201cWakacje z rodzin\u0105\u201d - 24GLIWICE - Portal Gliwice | codziennie nowe informacje","description":"Wakacyjne wyjazdy z rodzin\u0105 mog\u0105 by\u0107 ta\u0144sze - Koleje \u015al\u0105skie przygotowa\u0142y specjaln\u0105 ofert\u0119, w kt\u00f3rej rodzic p\u0142aci jedynie 10 z\u0142","robots":{"index":"index","follow":"follow","max-snippet":"max-snippet:-1","max-image-preview":"max-image-preview:large","max-video-preview":"max-video-preview:-1"},"canonical":"https:\/\/www.24gliwice.pl\/wiadomosci\/na-wakacyjne-wyjazdy-z-dziecmi-mozna-wybrac-sie-za-symboliczna-oplata-oferta-wakacje-z-rodzina\/","og_locale":"pl_PL","og_type":"article","og_title":"Na wakacyjne wyjazdy z dzie\u0107mi mo\u017cna wybra\u0107 si\u0119 za symboliczn\u0105 op\u0142at\u0105. Oferta \u201cWakacje z rodzin\u0105\u201d - 24GLIWICE - Portal Gliwice | codziennie nowe informacje","og_description":"Wakacyjne wyjazdy z rodzin\u0105 mog\u0105 by\u0107 ta\u0144sze - Koleje \u015al\u0105skie przygotowa\u0142y specjaln\u0105 ofert\u0119, w kt\u00f3rej rodzic p\u0142aci jedynie 10 z\u0142","og_url":"https:\/\/www.24gliwice.pl\/wiadomosci\/na-wakacyjne-wyjazdy-z-dziecmi-mozna-wybrac-sie-za-symboliczna-oplata-oferta-wakacje-z-rodzina\/","og_site_name":"24GLIWICE - Portal Gliwice | codziennie nowe informacje","article_publisher":"https:\/\/www.facebook.com\/24gliwice","article_published_time":"2025-06-24T01:27:55+00:00","og_image":[{"width":1200,"height":676,"url":"https:\/\/www.24gliwice.pl\/wiadomosci\/wp-content\/uploads\/2025\/06\/pociag-koleje-slaskie.jpg","type":"image\/jpeg"}],"author":"\u017baneta Mrozek-Siewierska","twitter_card":"summary_large_image","twitter_creator":"@24gliwice","twitter_site":"@24gliwice","twitter_misc":{"Napisane przez":"\u017baneta Mrozek-Siewierska","Szacowany czas czytania":"2 minuty"},"schema":{"@context":"https:\/\/schema.org","@graph":[{"@type":"Article","@id":"https:\/\/www.24gliwice.pl\/wiadomosci\/na-wakacyjne-wyjazdy-z-dziecmi-mozna-wybrac-sie-za-symboliczna-oplata-oferta-wakacje-z-rodzina\/#article","isPartOf":{"@id":"https:\/\/www.24gliwice.pl\/wiadomosci\/na-wakacyjne-wyjazdy-z-dziecmi-mozna-wybrac-sie-za-symboliczna-oplata-oferta-wakacje-z-rodzina\/"},"author":{"name":"\u017baneta Mrozek-Siewierska","@id":"https:\/\/www.24gliwice.pl\/wiadomosci\/#\/schema\/person\/e42c650edd7f2fa332be3811fb166b6e"},"headline":"Na wakacyjne wyjazdy z dzie\u0107mi mo\u017cna wybra\u0107 si\u0119 za symboliczn\u0105 op\u0142at\u0105. Oferta \u201cWakacje z rodzin\u0105\u201d","datePublished":"2025-06-24T01:27:55+00:00","mainEntityOfPage":{"@id":"https:\/\/www.24gliwice.pl\/wiadomosci\/na-wakacyjne-wyjazdy-z-dziecmi-mozna-wybrac-sie-za-symboliczna-oplata-oferta-wakacje-z-rodzina\/"},"wordCount":388,"commentCount":9,"publisher":{"@id":"https:\/\/www.24gliwice.pl\/wiadomosci\/#organization"},"image":{"@id":"https:\/\/www.24gliwice.pl\/wiadomosci\/na-wakacyjne-wyjazdy-z-dziecmi-mozna-wybrac-sie-za-symboliczna-oplata-oferta-wakacje-z-rodzina\/#primaryimage"},"thumbnailUrl":"https:\/\/www.24gliwice.pl\/wiadomosci\/wp-content\/uploads\/2025\/06\/pociag-koleje-slaskie.jpg","keywords":["KOLEJE \u015aL\u0104SKIE","WAKACJE Z RODZIN\u0104"],"articleSection":["Najnowsze wiadomo\u015bci"],"inLanguage":"pl-PL","potentialAction":[{"@type":"CommentAction","name":"Comment","target":["https:\/\/www.24gliwice.pl\/wiadomosci\/na-wakacyjne-wyjazdy-z-dziecmi-mozna-wybrac-sie-za-symboliczna-oplata-oferta-wakacje-z-rodzina\/#respond"]}]},{"@type":"WebPage","@id":"https:\/\/www.24gliwice.pl\/wiadomosci\/na-wakacyjne-wyjazdy-z-dziecmi-mozna-wybrac-sie-za-symboliczna-oplata-oferta-wakacje-z-rodzina\/","url":"https:\/\/www.24gliwice.pl\/wiadomosci\/na-wakacyjne-wyjazdy-z-dziecmi-mozna-wybrac-sie-za-symboliczna-oplata-oferta-wakacje-z-rodzina\/","name":"Na wakacyjne wyjazdy z dzie\u0107mi mo\u017cna wybra\u0107 si\u0119 za symboliczn\u0105 op\u0142at\u0105. Oferta \u201cWakacje z rodzin\u0105\u201d - 24GLIWICE - Portal Gliwice | codziennie nowe informacje","isPartOf":{"@id":"https:\/\/www.24gliwice.pl\/wiadomosci\/#website"},"primaryImageOfPage":{"@id":"https:\/\/www.24gliwice.pl\/wiadomosci\/na-wakacyjne-wyjazdy-z-dziecmi-mozna-wybrac-sie-za-symboliczna-oplata-oferta-wakacje-z-rodzina\/#primaryimage"},"image":{"@id":"https:\/\/www.24gliwice.pl\/wiadomosci\/na-wakacyjne-wyjazdy-z-dziecmi-mozna-wybrac-sie-za-symboliczna-oplata-oferta-wakacje-z-rodzina\/#primaryimage"},"thumbnailUrl":"https:\/\/www.24gliwice.pl\/wiadomosci\/wp-content\/uploads\/2025\/06\/pociag-koleje-slaskie.jpg","datePublished":"2025-06-24T01:27:55+00:00","description":"Wakacyjne wyjazdy z rodzin\u0105 mog\u0105 by\u0107 ta\u0144sze - Koleje \u015al\u0105skie przygotowa\u0142y specjaln\u0105 ofert\u0119, w kt\u00f3rej rodzic p\u0142aci jedynie 10 z\u0142","breadcrumb":{"@id":"https:\/\/www.24gliwice.pl\/wiadomosci\/na-wakacyjne-wyjazdy-z-dziecmi-mozna-wybrac-sie-za-symboliczna-oplata-oferta-wakacje-z-rodzina\/#breadcrumb"},"inLanguage":"pl-PL","potentialAction":[{"@type":"ReadAction","target":["https:\/\/www.24gliwice.pl\/wiadomosci\/na-wakacyjne-wyjazdy-z-dziecmi-mozna-wybrac-sie-za-symboliczna-oplata-oferta-wakacje-z-rodzina\/"]}]},{"@type":"ImageObject","inLanguage":"pl-PL","@id":"https:\/\/www.24gliwice.pl\/wiadomosci\/na-wakacyjne-wyjazdy-z-dziecmi-mozna-wybrac-sie-za-symboliczna-oplata-oferta-wakacje-z-rodzina\/#primaryimage","url":"https:\/\/www.24gliwice.pl\/wiadomosci\/wp-content\/uploads\/2025\/06\/pociag-koleje-slaskie.jpg","contentUrl":"https:\/\/www.24gliwice.pl\/wiadomosci\/wp-content\/uploads\/2025\/06\/pociag-koleje-slaskie.jpg","width":1200,"height":676,"caption":"default"},{"@type":"BreadcrumbList","@id":"https:\/\/www.24gliwice.pl\/wiadomosci\/na-wakacyjne-wyjazdy-z-dziecmi-mozna-wybrac-sie-za-symboliczna-oplata-oferta-wakacje-z-rodzina\/#breadcrumb","itemListElement":[{"@type":"ListItem","position":1,"name":"Strona g\u0142\u00f3wna","item":"https:\/\/www.24gliwice.pl\/wiadomosci\/"},{"@type":"ListItem","position":2,"name":"Na wakacyjne wyjazdy z dzie\u0107mi mo\u017cna wybra\u0107 si\u0119 za symboliczn\u0105 op\u0142at\u0105. Oferta \u201cWakacje z rodzin\u0105\u201d"}]},{"@type":"WebSite","@id":"https:\/\/www.24gliwice.pl\/wiadomosci\/#website","url":"https:\/\/www.24gliwice.pl\/wiadomosci\/","name":"24GLIWICE - Portal Gliwice | codziennie nowe wiadomo\u015bci","description":"Portal Miejski Gliwice","publisher":{"@id":"https:\/\/www.24gliwice.pl\/wiadomosci\/#organization"},"potentialAction":[{"@type":"SearchAction","target":{"@type":"EntryPoint","urlTemplate":"https:\/\/www.24gliwice.pl\/wiadomosci\/?s={search_term_string}"},"query-input":{"@type":"PropertyValueSpecification","valueRequired":true,"valueName":"search_term_string"}}],"inLanguage":"pl-PL"},{"@type":"Organization","@id":"https:\/\/www.24gliwice.pl\/wiadomosci\/#organization","name":"24gliwice","url":"https:\/\/www.24gliwice.pl\/wiadomosci\/","logo":{"@type":"ImageObject","inLanguage":"pl-PL","@id":"https:\/\/www.24gliwice.pl\/wiadomosci\/#\/schema\/logo\/image\/","url":"https:\/\/www.24gliwice.pl\/wiadomosci\/wp-content\/uploads\/2024\/10\/24gliwice-logo-696.jpg","contentUrl":"https:\/\/www.24gliwice.pl\/wiadomosci\/wp-content\/uploads\/2024\/10\/24gliwice-logo-696.jpg","width":696,"height":696,"caption":"24gliwice"},"image":{"@id":"https:\/\/www.24gliwice.pl\/wiadomosci\/#\/schema\/logo\/image\/"},"sameAs":["https:\/\/www.facebook.com\/24gliwice","https:\/\/x.com\/24gliwice","https:\/\/www.youtube.com\/@24gliwice"]},{"@type":"Person","@id":"https:\/\/www.24gliwice.pl\/wiadomosci\/#\/schema\/person\/e42c650edd7f2fa332be3811fb166b6e","name":"\u017baneta Mrozek-Siewierska","image":{"@type":"ImageObject","inLanguage":"pl-PL","@id":"https:\/\/secure.gravatar.com\/avatar\/1881429e9c64597c77ad7aef2d0a19be69a3253e57534d16aa15bf3a4d34a0a3?s=96&d=mm&r=g","url":"https:\/\/secure.gravatar.com\/avatar\/1881429e9c64597c77ad7aef2d0a19be69a3253e57534d16aa15bf3a4d34a0a3?s=96&d=mm&r=g","contentUrl":"https:\/\/secure.gravatar.com\/avatar\/1881429e9c64597c77ad7aef2d0a19be69a3253e57534d16aa15bf3a4d34a0a3?s=96&d=mm&r=g","caption":"\u017baneta Mrozek-Siewierska"},"url":"https:\/\/www.24gliwice.pl\/wiadomosci\/author\/zms\/"}]}},"_links":{"self":[{"href":"https:\/\/www.24gliwice.pl\/wiadomosci\/wp-json\/wp\/v2\/posts\/255883","targetHints":{"allow":["GET"]}}],"collection":[{"href":"https:\/\/www.24gliwice.pl\/wiadomosci\/wp-json\/wp\/v2\/posts"}],"about":[{"href":"https:\/\/www.24gliwice.pl\/wiadomosci\/wp-json\/wp\/v2\/types\/post"}],"author":[{"embeddable":true,"href":"https:\/\/www.24gliwice.pl\/wiadomosci\/wp-json\/wp\/v2\/users\/15"}],"replies":[{"embeddable":true,"href":"https:\/\/www.24gliwice.pl\/wiadomosci\/wp-json\/wp\/v2\/comments?post=255883"}],"version-history":[{"count":0,"href":"https:\/\/www.24gliwice.pl\/wiadomosci\/wp-json\/wp\/v2\/posts\/255883\/revisions"}],"wp:featuredmedia":[{"embeddable":true,"href":"https:\/\/www.24gliwice.pl\/wiadomosci\/wp-json\/wp\/v2\/media\/255895"}],"wp:attachment":[{"href":"https:\/\/www.24gliwice.pl\/wiadomosci\/wp-json\/wp\/v2\/media?parent=255883"}],"wp:term":[{"taxonomy":"category","embeddable":true,"href":"https:\/\/www.24gliwice.pl\/wiadomosci\/wp-json\/wp\/v2\/categories?post=255883"},{"taxonomy":"post_tag","embeddable":true,"href":"https:\/\/www.24gliwice.pl\/wiadomosci\/wp-json\/wp\/v2\/tags?post=255883"}],"curies":[{"name":"wp","href":"https:\/\/api.w.org\/{rel}","templated":true}]}}