{"id":255900,"date":"2025-06-23T04:44:19","date_gmt":"2025-06-23T02:44:19","guid":{"rendered":"https:\/\/www.24gliwice.pl\/wiadomosci\/?p=255900"},"modified":"2025-06-23T04:44:19","modified_gmt":"2025-06-23T02:44:19","slug":"stalinowska-dyktatura-i-mala-stabilizacja-kolejny-wyklad-z-cyklu-gliwice-biografia-miasta","status":"publish","type":"post","link":"https:\/\/www.24gliwice.pl\/wiadomosci\/stalinowska-dyktatura-i-mala-stabilizacja-kolejny-wyklad-z-cyklu-gliwice-biografia-miasta\/","title":{"rendered":"Stalinowska dyktatura i &#8220;ma\u0142a stabilizacja&#8221;. Kolejny wyk\u0142ad z cyklu &#8220;Gliwice. Biografia Miasta&#8221;"},"content":{"rendered":"<div class=\"gliwi-a6-nad-leadem-artykulow gliwi-entity-placement\" id=\"gliwi-4169877470\"><div class=\"gliwi-adlabel\"><span style=\"font-size: 9px\">REKLAMA<\/span><\/div><div id=\"gliwi-2751313012\" style=\"margin-bottom: 30px;margin-left: auto;margin-right: auto;text-align: center;\"><a data-no-instant=\"1\" href=\"https:\/\/przedszkole.halogen.org.pl\/\" rel=\"noopener\" class=\"a2t-link\" target=\"_blank\" aria-label=\"20260402-ANIMATOR-przedszkole_grafika_750x200\"><img loading=\"lazy\" decoding=\"async\" src=\"https:\/\/www.24gliwice.pl\/wiadomosci\/wp-content\/uploads\/2026\/04\/20260402-ANIMATOR-przedszkole_grafika_750x200.webp\" alt=\"\"  srcset=\"https:\/\/www.24gliwice.pl\/wiadomosci\/wp-content\/uploads\/2026\/04\/20260402-ANIMATOR-przedszkole_grafika_750x200.webp 750w, https:\/\/www.24gliwice.pl\/wiadomosci\/wp-content\/uploads\/2026\/04\/20260402-ANIMATOR-przedszkole_grafika_750x200-410x109.webp 410w\" sizes=\"(max-width: 750px) 100vw, 750px\" class=\"no-lazyload\" width=\"750\" height=\"200\"  style=\"display: inline-block; max-width: 100%; height: auto;\" \/><\/a><\/div><\/div><h2>Tematem sz\u00f3stego wyk\u0142adu z cyklu \u201eGliwice. Biografia miasta&#8221; b\u0119d\u0105 dzieje miasta i losy jego mieszka\u0144c\u00f3w w trakcie dw\u00f3ch okres\u00f3w komunistycznej dyktatury \u2013 czas\u00f3w stalinizmu i \u201ema\u0142ej stabilizacji&#8221;. Spotkanie, prowadzone przez Bogus\u0142awa Tracza, odb\u0119dzie si\u0119 w pi\u0105tek, 27 czerwca.<\/h2>\n<p><!--more--><\/p>\n<p>\u201eGliwice. Biografia miasta&#8221; to tytu\u0142 bestsellerowej ksi\u0105\u017cki wydanej w 2018 r. przez Muzeum w Gliwicach. Jej autorem jest historyk, gliwiczan <strong>Bogus\u0142aw Tracz. <\/strong>Publikacja, maj\u0105ca ju\u017c pi\u0119\u0107 wznowie\u0144 i uhonorowana Nagrod\u0105 Marsza\u0142ka Wojew\u00f3dztwa \u015al\u0105skiego, staje si\u0119 punktem wyj\u015bcia dla cyklu wyk\u0142ad\u00f3w. Tw\u00f3rc\u0105 i prowadz\u0105cym jest oczywi\u015bcie dr Bogus\u0142aw Tracz, kt\u00f3ry zawodowo zwi\u0105zany jest z Instytutem Pami\u0119ci Narodowej. <\/p>\n<p>&#8211; <em>M\u00f3wi\u0105c o biografii miasta, postrzegam Gliwice na podobie\u0144stwo \u017cywej istoty, organizmu, w kt\u00f3rego tkance zachodz\u0105 liczne procesy i zmiany. Miasta, kt\u00f3re rodzi si\u0119, dojrzewa, starzeje i umiera wraz ze swoimi mieszka\u0144cami, by odradza\u0107 si\u0119 w kolejnym pokoleniu. St\u0105d w odpowiedzi na pytanie o to jakie s\u0105 wsp\u00f3\u0142czesne Gliwice, nie mo\u017ce zabrakn\u0105\u0107 refleksji nad ich przesz\u0142o\u015bci\u0105. Moj\u0105 intencj\u0105 jest, by w oparciu o informacje zawarte w ksi\u0105\u017cce, jednocze\u015bnie przekraczaj\u0105c i uzupe\u0142niaj\u0105c jej tre\u015b\u0107, przybli\u017cy\u0107 to co w historii miasta z jednej strony uniwersalne, z drugiej za\u015b unikalne, a tym samym spr\u00f3bowa\u0107 uchwyci\u0107 istot\u0119 \u00bbgliwicko\u015bci\u00ab<\/em> \u2013 m\u00f3wi autor cyklu.<\/p><div class=\"gliwi-a3-w-tresci-artykulow gliwi-entity-placement\" id=\"gliwi-2130351017\"><div class=\"gliwi-adlabel\"><span style=\"font-size: 9px\">REKLAMA<\/span><\/div><div id=\"gliwi-1093482092\" style=\"margin-bottom: 30px;margin-left: auto;margin-right: auto;text-align: center;\"><a data-no-instant=\"1\" href=\"https:\/\/ogrodyandersa.pl\/\" rel=\"noopener\" class=\"a2t-link\" target=\"_blank\" aria-label=\"20260415 Ogrody Andersa KUP TERAZ D\"><img loading=\"lazy\" decoding=\"async\" src=\"https:\/\/www.24gliwice.pl\/wiadomosci\/wp-content\/uploads\/2026\/04\/20260415-Ogrody-Andersa-KUP-TERAZ-D.jpg\" alt=\"\"  srcset=\"https:\/\/www.24gliwice.pl\/wiadomosci\/wp-content\/uploads\/2026\/04\/20260415-Ogrody-Andersa-KUP-TERAZ-D.jpg 750w, https:\/\/www.24gliwice.pl\/wiadomosci\/wp-content\/uploads\/2026\/04\/20260415-Ogrody-Andersa-KUP-TERAZ-D-410x109.jpg 410w\" sizes=\"(max-width: 750px) 100vw, 750px\" class=\"no-lazyload\" width=\"750\" height=\"200\"  style=\"display: inline-block; max-width: 100%; height: auto;\" \/><\/a><\/div><\/div>\n<p>Na kolejny wyk\u0142ad gliwickie Muzeum zaprasza w pi\u0105tek, 27 czerwca o godzinie 17:00 do Willi Caro (ul. Dolnych Wa\u0142\u00f3w 8a). Wst\u0119p na spotkanie jest wolny, ale liczba miejsc ograniczona.<\/p>\n<h4>Stalinowska dyktatura i \u201ema\u0142a stabilizacja&#8221;<\/h4>\n<p>Tematem sz\u00f3stego ju\u017c spotkania w ramach cyklu wyk\u0142ad\u00f3w \u201eGliwice. Biografia miasta&#8221; b\u0119d\u0105 dzieje miasta i losy jego mieszka\u0144c\u00f3w w trakcie dw\u00f3ch okres\u00f3w komunistycznej dyktatury \u2013 czas\u00f3w stalinizmu i \u201ema\u0142ej stabilizacji&#8221;. Uczestnicy przyjrz\u0105 si\u0119 odbudowie i przebudowie \u015br\u00f3dmie\u015bcia w pierwszych latach powojennych, spr\u00f3buj\u0105 odtworzy\u0107 miasto, kt\u00f3rego ulicami spacerowa\u0142 <strong>Tadeusz R\u00f3\u017cewicz<\/strong>, zastanowi\u0105 si\u0119 nad p\u0142onnymi nadziejami liberalizacji systemu po 1956 roku i protestami gliwickich student\u00f3w w marcu 1968 roku.<\/p>\n<p>(\u017cms)\/MwG<\/p>\n<div class=\"gliwi-a5-na-koncu-artykulow gliwi-entity-placement\" id=\"gliwi-4167348696\"><div class=\"gliwi-adlabel\"><span style=\"font-size: 9px\">REKLAMA<\/span><\/div><div id=\"gliwi-4155733488\" style=\"margin-left: auto;margin-right: auto;text-align: center;\"><a data-no-instant=\"1\" href=\"https:\/\/prezeroarenagliwice.pl\/\" rel=\"noopener\" class=\"a2t-link\" target=\"_blank\" aria-label=\"20260309-PREZERO-WIOSNA-D\"><img loading=\"lazy\" decoding=\"async\" src=\"https:\/\/www.24gliwice.pl\/wiadomosci\/wp-content\/uploads\/2026\/03\/20260309-PREZERO-WIOSNA-D.webp\" alt=\"\"  srcset=\"https:\/\/www.24gliwice.pl\/wiadomosci\/wp-content\/uploads\/2026\/03\/20260309-PREZERO-WIOSNA-D.webp 750w, https:\/\/www.24gliwice.pl\/wiadomosci\/wp-content\/uploads\/2026\/03\/20260309-PREZERO-WIOSNA-D-410x109.webp 410w\" sizes=\"(max-width: 750px) 100vw, 750px\" class=\"no-lazyload\" width=\"750\" height=\"200\"  style=\"display: inline-block; max-width: 100%; height: auto;\" \/><\/a><\/div><\/div>","protected":false},"excerpt":{"rendered":"<p>Tematem sz\u00f3stego wyk\u0142adu z cyklu \u201eGliwice. Biografia miasta&#8221; b\u0119d\u0105 dzieje miasta i losy jego mieszka\u0144c\u00f3w w trakcie dw\u00f3ch okres\u00f3w komunistycznej dyktatury \u2013 czas\u00f3w stalinizmu i \u201ema\u0142ej stabilizacji&#8221;. Spotkanie, prowadzone przez Bogus\u0142awa Tracza, odb\u0119dzie si\u0119 w pi\u0105tek, 27 czerwca.<\/p>\n","protected":false},"author":15,"featured_media":249777,"comment_status":"open","ping_status":"closed","sticky":false,"template":"","format":"standard","meta":{"_monsterinsights_skip_tracking":false,"_monsterinsights_sitenote_active":false,"_monsterinsights_sitenote_note":"","_monsterinsights_sitenote_category":0,"footnotes":"","_links_to":"","_links_to_target":""},"categories":[3,6,1],"tags":[14009,24311],"class_list":["post-255900","post","type-post","status-publish","format-standard","has-post-thumbnail","hentry","category-gliwice","category-kultura","category-wszystko","tag-gliwice-biografia-miasta","tag-tracz"],"yoast_head":"<!-- This site is optimized with the Yoast SEO plugin v27.5 - https:\/\/yoast.com\/product\/yoast-seo-wordpress\/ -->\n<title>Stalinowska dyktatura i &quot;ma\u0142a stabilizacja&quot;. Kolejny wyk\u0142ad z cyklu &quot;Gliwice. Biografia Miasta&quot; - 24GLIWICE - Portal Gliwice | codziennie nowe informacje<\/title>\n<meta name=\"description\" content=\"Kolejny wyk\u0142ad z cyklu &quot;Gliwice. Biografia miasta&quot; odb\u0119dzie si\u0119 w pi\u0105tek, 27 czerwca. Prowadzenie Bogus\u0142aw Tracz, wst\u0119p jest wolny\" \/>\n<meta name=\"robots\" content=\"index, follow, max-snippet:-1, max-image-preview:large, max-video-preview:-1\" \/>\n<link rel=\"canonical\" href=\"https:\/\/www.24gliwice.pl\/wiadomosci\/stalinowska-dyktatura-i-mala-stabilizacja-kolejny-wyklad-z-cyklu-gliwice-biografia-miasta\/\" \/>\n<meta property=\"og:locale\" content=\"pl_PL\" \/>\n<meta property=\"og:type\" content=\"article\" \/>\n<meta property=\"og:title\" content=\"Stalinowska dyktatura i &quot;ma\u0142a stabilizacja&quot;. Kolejny wyk\u0142ad z cyklu &quot;Gliwice. Biografia Miasta&quot; - 24GLIWICE - Portal Gliwice | codziennie nowe informacje\" \/>\n<meta property=\"og:description\" content=\"Kolejny wyk\u0142ad z cyklu &quot;Gliwice. Biografia miasta&quot; odb\u0119dzie si\u0119 w pi\u0105tek, 27 czerwca. Prowadzenie Bogus\u0142aw Tracz, wst\u0119p jest wolny\" \/>\n<meta property=\"og:url\" content=\"https:\/\/www.24gliwice.pl\/wiadomosci\/stalinowska-dyktatura-i-mala-stabilizacja-kolejny-wyklad-z-cyklu-gliwice-biografia-miasta\/\" \/>\n<meta property=\"og:site_name\" content=\"24GLIWICE - Portal Gliwice | codziennie nowe informacje\" \/>\n<meta property=\"article:publisher\" content=\"https:\/\/www.facebook.com\/24gliwice\" \/>\n<meta property=\"article:published_time\" content=\"2025-06-23T02:44:19+00:00\" \/>\n<meta property=\"og:image\" content=\"https:\/\/www.24gliwice.pl\/wiadomosci\/wp-content\/uploads\/2025\/02\/gliwice-biografia-miasta2.jpg\" \/>\n\t<meta property=\"og:image:width\" content=\"810\" \/>\n\t<meta property=\"og:image:height\" content=\"456\" \/>\n\t<meta property=\"og:image:type\" content=\"image\/jpeg\" \/>\n<meta name=\"author\" content=\"\u017baneta Mrozek-Siewierska\" \/>\n<meta name=\"twitter:card\" content=\"summary_large_image\" \/>\n<meta name=\"twitter:creator\" content=\"@24gliwice\" \/>\n<meta name=\"twitter:site\" content=\"@24gliwice\" \/>\n<meta name=\"twitter:label1\" content=\"Napisane przez\" \/>\n\t<meta name=\"twitter:data1\" content=\"\u017baneta Mrozek-Siewierska\" \/>\n\t<meta name=\"twitter:label2\" content=\"Szacowany czas czytania\" \/>\n\t<meta name=\"twitter:data2\" content=\"2 minuty\" \/>\n<script type=\"application\/ld+json\" class=\"yoast-schema-graph\">{\"@context\":\"https:\\\/\\\/schema.org\",\"@graph\":[{\"@type\":\"Article\",\"@id\":\"https:\\\/\\\/www.24gliwice.pl\\\/wiadomosci\\\/stalinowska-dyktatura-i-mala-stabilizacja-kolejny-wyklad-z-cyklu-gliwice-biografia-miasta\\\/#article\",\"isPartOf\":{\"@id\":\"https:\\\/\\\/www.24gliwice.pl\\\/wiadomosci\\\/stalinowska-dyktatura-i-mala-stabilizacja-kolejny-wyklad-z-cyklu-gliwice-biografia-miasta\\\/\"},\"author\":{\"name\":\"\u017baneta Mrozek-Siewierska\",\"@id\":\"https:\\\/\\\/www.24gliwice.pl\\\/wiadomosci\\\/#\\\/schema\\\/person\\\/e42c650edd7f2fa332be3811fb166b6e\"},\"headline\":\"Stalinowska dyktatura i &#8220;ma\u0142a stabilizacja&#8221;. Kolejny wyk\u0142ad z cyklu &#8220;Gliwice. Biografia Miasta&#8221;\",\"datePublished\":\"2025-06-23T02:44:19+00:00\",\"mainEntityOfPage\":{\"@id\":\"https:\\\/\\\/www.24gliwice.pl\\\/wiadomosci\\\/stalinowska-dyktatura-i-mala-stabilizacja-kolejny-wyklad-z-cyklu-gliwice-biografia-miasta\\\/\"},\"wordCount\":370,\"commentCount\":1,\"publisher\":{\"@id\":\"https:\\\/\\\/www.24gliwice.pl\\\/wiadomosci\\\/#organization\"},\"image\":{\"@id\":\"https:\\\/\\\/www.24gliwice.pl\\\/wiadomosci\\\/stalinowska-dyktatura-i-mala-stabilizacja-kolejny-wyklad-z-cyklu-gliwice-biografia-miasta\\\/#primaryimage\"},\"thumbnailUrl\":\"https:\\\/\\\/www.24gliwice.pl\\\/wiadomosci\\\/wp-content\\\/uploads\\\/2025\\\/02\\\/gliwice-biografia-miasta2.jpg\",\"keywords\":[\"gliwice. biografia miasta\",\"TRACZ\"],\"articleSection\":[\"Gliwice\",\"Kultura, wydarzenia, imprezy\",\"Najnowsze wiadomo\u015bci\"],\"inLanguage\":\"pl-PL\",\"potentialAction\":[{\"@type\":\"CommentAction\",\"name\":\"Comment\",\"target\":[\"https:\\\/\\\/www.24gliwice.pl\\\/wiadomosci\\\/stalinowska-dyktatura-i-mala-stabilizacja-kolejny-wyklad-z-cyklu-gliwice-biografia-miasta\\\/#respond\"]}]},{\"@type\":\"WebPage\",\"@id\":\"https:\\\/\\\/www.24gliwice.pl\\\/wiadomosci\\\/stalinowska-dyktatura-i-mala-stabilizacja-kolejny-wyklad-z-cyklu-gliwice-biografia-miasta\\\/\",\"url\":\"https:\\\/\\\/www.24gliwice.pl\\\/wiadomosci\\\/stalinowska-dyktatura-i-mala-stabilizacja-kolejny-wyklad-z-cyklu-gliwice-biografia-miasta\\\/\",\"name\":\"Stalinowska dyktatura i \\\"ma\u0142a stabilizacja\\\". Kolejny wyk\u0142ad z cyklu \\\"Gliwice. Biografia Miasta\\\" - 24GLIWICE - Portal Gliwice | codziennie nowe informacje\",\"isPartOf\":{\"@id\":\"https:\\\/\\\/www.24gliwice.pl\\\/wiadomosci\\\/#website\"},\"primaryImageOfPage\":{\"@id\":\"https:\\\/\\\/www.24gliwice.pl\\\/wiadomosci\\\/stalinowska-dyktatura-i-mala-stabilizacja-kolejny-wyklad-z-cyklu-gliwice-biografia-miasta\\\/#primaryimage\"},\"image\":{\"@id\":\"https:\\\/\\\/www.24gliwice.pl\\\/wiadomosci\\\/stalinowska-dyktatura-i-mala-stabilizacja-kolejny-wyklad-z-cyklu-gliwice-biografia-miasta\\\/#primaryimage\"},\"thumbnailUrl\":\"https:\\\/\\\/www.24gliwice.pl\\\/wiadomosci\\\/wp-content\\\/uploads\\\/2025\\\/02\\\/gliwice-biografia-miasta2.jpg\",\"datePublished\":\"2025-06-23T02:44:19+00:00\",\"description\":\"Kolejny wyk\u0142ad z cyklu \\\"Gliwice. Biografia miasta\\\" odb\u0119dzie si\u0119 w pi\u0105tek, 27 czerwca. Prowadzenie Bogus\u0142aw Tracz, wst\u0119p jest wolny\",\"breadcrumb\":{\"@id\":\"https:\\\/\\\/www.24gliwice.pl\\\/wiadomosci\\\/stalinowska-dyktatura-i-mala-stabilizacja-kolejny-wyklad-z-cyklu-gliwice-biografia-miasta\\\/#breadcrumb\"},\"inLanguage\":\"pl-PL\",\"potentialAction\":[{\"@type\":\"ReadAction\",\"target\":[\"https:\\\/\\\/www.24gliwice.pl\\\/wiadomosci\\\/stalinowska-dyktatura-i-mala-stabilizacja-kolejny-wyklad-z-cyklu-gliwice-biografia-miasta\\\/\"]}]},{\"@type\":\"ImageObject\",\"inLanguage\":\"pl-PL\",\"@id\":\"https:\\\/\\\/www.24gliwice.pl\\\/wiadomosci\\\/stalinowska-dyktatura-i-mala-stabilizacja-kolejny-wyklad-z-cyklu-gliwice-biografia-miasta\\\/#primaryimage\",\"url\":\"https:\\\/\\\/www.24gliwice.pl\\\/wiadomosci\\\/wp-content\\\/uploads\\\/2025\\\/02\\\/gliwice-biografia-miasta2.jpg\",\"contentUrl\":\"https:\\\/\\\/www.24gliwice.pl\\\/wiadomosci\\\/wp-content\\\/uploads\\\/2025\\\/02\\\/gliwice-biografia-miasta2.jpg\",\"width\":810,\"height\":456},{\"@type\":\"BreadcrumbList\",\"@id\":\"https:\\\/\\\/www.24gliwice.pl\\\/wiadomosci\\\/stalinowska-dyktatura-i-mala-stabilizacja-kolejny-wyklad-z-cyklu-gliwice-biografia-miasta\\\/#breadcrumb\",\"itemListElement\":[{\"@type\":\"ListItem\",\"position\":1,\"name\":\"Strona g\u0142\u00f3wna\",\"item\":\"https:\\\/\\\/www.24gliwice.pl\\\/wiadomosci\\\/\"},{\"@type\":\"ListItem\",\"position\":2,\"name\":\"Stalinowska dyktatura i &#8220;ma\u0142a stabilizacja&#8221;. Kolejny wyk\u0142ad z cyklu &#8220;Gliwice. Biografia Miasta&#8221;\"}]},{\"@type\":\"WebSite\",\"@id\":\"https:\\\/\\\/www.24gliwice.pl\\\/wiadomosci\\\/#website\",\"url\":\"https:\\\/\\\/www.24gliwice.pl\\\/wiadomosci\\\/\",\"name\":\"24GLIWICE - Portal Gliwice | codziennie nowe wiadomo\u015bci\",\"description\":\"Portal Miejski Gliwice\",\"publisher\":{\"@id\":\"https:\\\/\\\/www.24gliwice.pl\\\/wiadomosci\\\/#organization\"},\"potentialAction\":[{\"@type\":\"SearchAction\",\"target\":{\"@type\":\"EntryPoint\",\"urlTemplate\":\"https:\\\/\\\/www.24gliwice.pl\\\/wiadomosci\\\/?s={search_term_string}\"},\"query-input\":{\"@type\":\"PropertyValueSpecification\",\"valueRequired\":true,\"valueName\":\"search_term_string\"}}],\"inLanguage\":\"pl-PL\"},{\"@type\":\"Organization\",\"@id\":\"https:\\\/\\\/www.24gliwice.pl\\\/wiadomosci\\\/#organization\",\"name\":\"24gliwice\",\"url\":\"https:\\\/\\\/www.24gliwice.pl\\\/wiadomosci\\\/\",\"logo\":{\"@type\":\"ImageObject\",\"inLanguage\":\"pl-PL\",\"@id\":\"https:\\\/\\\/www.24gliwice.pl\\\/wiadomosci\\\/#\\\/schema\\\/logo\\\/image\\\/\",\"url\":\"https:\\\/\\\/www.24gliwice.pl\\\/wiadomosci\\\/wp-content\\\/uploads\\\/2024\\\/10\\\/24gliwice-logo-696.jpg\",\"contentUrl\":\"https:\\\/\\\/www.24gliwice.pl\\\/wiadomosci\\\/wp-content\\\/uploads\\\/2024\\\/10\\\/24gliwice-logo-696.jpg\",\"width\":696,\"height\":696,\"caption\":\"24gliwice\"},\"image\":{\"@id\":\"https:\\\/\\\/www.24gliwice.pl\\\/wiadomosci\\\/#\\\/schema\\\/logo\\\/image\\\/\"},\"sameAs\":[\"https:\\\/\\\/www.facebook.com\\\/24gliwice\",\"https:\\\/\\\/x.com\\\/24gliwice\",\"https:\\\/\\\/www.youtube.com\\\/@24gliwice\"]},{\"@type\":\"Person\",\"@id\":\"https:\\\/\\\/www.24gliwice.pl\\\/wiadomosci\\\/#\\\/schema\\\/person\\\/e42c650edd7f2fa332be3811fb166b6e\",\"name\":\"\u017baneta Mrozek-Siewierska\",\"image\":{\"@type\":\"ImageObject\",\"inLanguage\":\"pl-PL\",\"@id\":\"https:\\\/\\\/secure.gravatar.com\\\/avatar\\\/1881429e9c64597c77ad7aef2d0a19be69a3253e57534d16aa15bf3a4d34a0a3?s=96&d=mm&r=g\",\"url\":\"https:\\\/\\\/secure.gravatar.com\\\/avatar\\\/1881429e9c64597c77ad7aef2d0a19be69a3253e57534d16aa15bf3a4d34a0a3?s=96&d=mm&r=g\",\"contentUrl\":\"https:\\\/\\\/secure.gravatar.com\\\/avatar\\\/1881429e9c64597c77ad7aef2d0a19be69a3253e57534d16aa15bf3a4d34a0a3?s=96&d=mm&r=g\",\"caption\":\"\u017baneta Mrozek-Siewierska\"},\"url\":\"https:\\\/\\\/www.24gliwice.pl\\\/wiadomosci\\\/author\\\/zms\\\/\"}]}<\/script>\n<!-- \/ Yoast SEO plugin. -->","yoast_head_json":{"title":"Stalinowska dyktatura i \"ma\u0142a stabilizacja\". Kolejny wyk\u0142ad z cyklu \"Gliwice. Biografia Miasta\" - 24GLIWICE - Portal Gliwice | codziennie nowe informacje","description":"Kolejny wyk\u0142ad z cyklu \"Gliwice. Biografia miasta\" odb\u0119dzie si\u0119 w pi\u0105tek, 27 czerwca. Prowadzenie Bogus\u0142aw Tracz, wst\u0119p jest wolny","robots":{"index":"index","follow":"follow","max-snippet":"max-snippet:-1","max-image-preview":"max-image-preview:large","max-video-preview":"max-video-preview:-1"},"canonical":"https:\/\/www.24gliwice.pl\/wiadomosci\/stalinowska-dyktatura-i-mala-stabilizacja-kolejny-wyklad-z-cyklu-gliwice-biografia-miasta\/","og_locale":"pl_PL","og_type":"article","og_title":"Stalinowska dyktatura i \"ma\u0142a stabilizacja\". Kolejny wyk\u0142ad z cyklu \"Gliwice. Biografia Miasta\" - 24GLIWICE - Portal Gliwice | codziennie nowe informacje","og_description":"Kolejny wyk\u0142ad z cyklu \"Gliwice. Biografia miasta\" odb\u0119dzie si\u0119 w pi\u0105tek, 27 czerwca. Prowadzenie Bogus\u0142aw Tracz, wst\u0119p jest wolny","og_url":"https:\/\/www.24gliwice.pl\/wiadomosci\/stalinowska-dyktatura-i-mala-stabilizacja-kolejny-wyklad-z-cyklu-gliwice-biografia-miasta\/","og_site_name":"24GLIWICE - Portal Gliwice | codziennie nowe informacje","article_publisher":"https:\/\/www.facebook.com\/24gliwice","article_published_time":"2025-06-23T02:44:19+00:00","og_image":[{"width":810,"height":456,"url":"https:\/\/www.24gliwice.pl\/wiadomosci\/wp-content\/uploads\/2025\/02\/gliwice-biografia-miasta2.jpg","type":"image\/jpeg"}],"author":"\u017baneta Mrozek-Siewierska","twitter_card":"summary_large_image","twitter_creator":"@24gliwice","twitter_site":"@24gliwice","twitter_misc":{"Napisane przez":"\u017baneta Mrozek-Siewierska","Szacowany czas czytania":"2 minuty"},"schema":{"@context":"https:\/\/schema.org","@graph":[{"@type":"Article","@id":"https:\/\/www.24gliwice.pl\/wiadomosci\/stalinowska-dyktatura-i-mala-stabilizacja-kolejny-wyklad-z-cyklu-gliwice-biografia-miasta\/#article","isPartOf":{"@id":"https:\/\/www.24gliwice.pl\/wiadomosci\/stalinowska-dyktatura-i-mala-stabilizacja-kolejny-wyklad-z-cyklu-gliwice-biografia-miasta\/"},"author":{"name":"\u017baneta Mrozek-Siewierska","@id":"https:\/\/www.24gliwice.pl\/wiadomosci\/#\/schema\/person\/e42c650edd7f2fa332be3811fb166b6e"},"headline":"Stalinowska dyktatura i &#8220;ma\u0142a stabilizacja&#8221;. Kolejny wyk\u0142ad z cyklu &#8220;Gliwice. Biografia Miasta&#8221;","datePublished":"2025-06-23T02:44:19+00:00","mainEntityOfPage":{"@id":"https:\/\/www.24gliwice.pl\/wiadomosci\/stalinowska-dyktatura-i-mala-stabilizacja-kolejny-wyklad-z-cyklu-gliwice-biografia-miasta\/"},"wordCount":370,"commentCount":1,"publisher":{"@id":"https:\/\/www.24gliwice.pl\/wiadomosci\/#organization"},"image":{"@id":"https:\/\/www.24gliwice.pl\/wiadomosci\/stalinowska-dyktatura-i-mala-stabilizacja-kolejny-wyklad-z-cyklu-gliwice-biografia-miasta\/#primaryimage"},"thumbnailUrl":"https:\/\/www.24gliwice.pl\/wiadomosci\/wp-content\/uploads\/2025\/02\/gliwice-biografia-miasta2.jpg","keywords":["gliwice. biografia miasta","TRACZ"],"articleSection":["Gliwice","Kultura, wydarzenia, imprezy","Najnowsze wiadomo\u015bci"],"inLanguage":"pl-PL","potentialAction":[{"@type":"CommentAction","name":"Comment","target":["https:\/\/www.24gliwice.pl\/wiadomosci\/stalinowska-dyktatura-i-mala-stabilizacja-kolejny-wyklad-z-cyklu-gliwice-biografia-miasta\/#respond"]}]},{"@type":"WebPage","@id":"https:\/\/www.24gliwice.pl\/wiadomosci\/stalinowska-dyktatura-i-mala-stabilizacja-kolejny-wyklad-z-cyklu-gliwice-biografia-miasta\/","url":"https:\/\/www.24gliwice.pl\/wiadomosci\/stalinowska-dyktatura-i-mala-stabilizacja-kolejny-wyklad-z-cyklu-gliwice-biografia-miasta\/","name":"Stalinowska dyktatura i \"ma\u0142a stabilizacja\". Kolejny wyk\u0142ad z cyklu \"Gliwice. Biografia Miasta\" - 24GLIWICE - Portal Gliwice | codziennie nowe informacje","isPartOf":{"@id":"https:\/\/www.24gliwice.pl\/wiadomosci\/#website"},"primaryImageOfPage":{"@id":"https:\/\/www.24gliwice.pl\/wiadomosci\/stalinowska-dyktatura-i-mala-stabilizacja-kolejny-wyklad-z-cyklu-gliwice-biografia-miasta\/#primaryimage"},"image":{"@id":"https:\/\/www.24gliwice.pl\/wiadomosci\/stalinowska-dyktatura-i-mala-stabilizacja-kolejny-wyklad-z-cyklu-gliwice-biografia-miasta\/#primaryimage"},"thumbnailUrl":"https:\/\/www.24gliwice.pl\/wiadomosci\/wp-content\/uploads\/2025\/02\/gliwice-biografia-miasta2.jpg","datePublished":"2025-06-23T02:44:19+00:00","description":"Kolejny wyk\u0142ad z cyklu \"Gliwice. Biografia miasta\" odb\u0119dzie si\u0119 w pi\u0105tek, 27 czerwca. Prowadzenie Bogus\u0142aw Tracz, wst\u0119p jest wolny","breadcrumb":{"@id":"https:\/\/www.24gliwice.pl\/wiadomosci\/stalinowska-dyktatura-i-mala-stabilizacja-kolejny-wyklad-z-cyklu-gliwice-biografia-miasta\/#breadcrumb"},"inLanguage":"pl-PL","potentialAction":[{"@type":"ReadAction","target":["https:\/\/www.24gliwice.pl\/wiadomosci\/stalinowska-dyktatura-i-mala-stabilizacja-kolejny-wyklad-z-cyklu-gliwice-biografia-miasta\/"]}]},{"@type":"ImageObject","inLanguage":"pl-PL","@id":"https:\/\/www.24gliwice.pl\/wiadomosci\/stalinowska-dyktatura-i-mala-stabilizacja-kolejny-wyklad-z-cyklu-gliwice-biografia-miasta\/#primaryimage","url":"https:\/\/www.24gliwice.pl\/wiadomosci\/wp-content\/uploads\/2025\/02\/gliwice-biografia-miasta2.jpg","contentUrl":"https:\/\/www.24gliwice.pl\/wiadomosci\/wp-content\/uploads\/2025\/02\/gliwice-biografia-miasta2.jpg","width":810,"height":456},{"@type":"BreadcrumbList","@id":"https:\/\/www.24gliwice.pl\/wiadomosci\/stalinowska-dyktatura-i-mala-stabilizacja-kolejny-wyklad-z-cyklu-gliwice-biografia-miasta\/#breadcrumb","itemListElement":[{"@type":"ListItem","position":1,"name":"Strona g\u0142\u00f3wna","item":"https:\/\/www.24gliwice.pl\/wiadomosci\/"},{"@type":"ListItem","position":2,"name":"Stalinowska dyktatura i &#8220;ma\u0142a stabilizacja&#8221;. Kolejny wyk\u0142ad z cyklu &#8220;Gliwice. Biografia Miasta&#8221;"}]},{"@type":"WebSite","@id":"https:\/\/www.24gliwice.pl\/wiadomosci\/#website","url":"https:\/\/www.24gliwice.pl\/wiadomosci\/","name":"24GLIWICE - Portal Gliwice | codziennie nowe wiadomo\u015bci","description":"Portal Miejski Gliwice","publisher":{"@id":"https:\/\/www.24gliwice.pl\/wiadomosci\/#organization"},"potentialAction":[{"@type":"SearchAction","target":{"@type":"EntryPoint","urlTemplate":"https:\/\/www.24gliwice.pl\/wiadomosci\/?s={search_term_string}"},"query-input":{"@type":"PropertyValueSpecification","valueRequired":true,"valueName":"search_term_string"}}],"inLanguage":"pl-PL"},{"@type":"Organization","@id":"https:\/\/www.24gliwice.pl\/wiadomosci\/#organization","name":"24gliwice","url":"https:\/\/www.24gliwice.pl\/wiadomosci\/","logo":{"@type":"ImageObject","inLanguage":"pl-PL","@id":"https:\/\/www.24gliwice.pl\/wiadomosci\/#\/schema\/logo\/image\/","url":"https:\/\/www.24gliwice.pl\/wiadomosci\/wp-content\/uploads\/2024\/10\/24gliwice-logo-696.jpg","contentUrl":"https:\/\/www.24gliwice.pl\/wiadomosci\/wp-content\/uploads\/2024\/10\/24gliwice-logo-696.jpg","width":696,"height":696,"caption":"24gliwice"},"image":{"@id":"https:\/\/www.24gliwice.pl\/wiadomosci\/#\/schema\/logo\/image\/"},"sameAs":["https:\/\/www.facebook.com\/24gliwice","https:\/\/x.com\/24gliwice","https:\/\/www.youtube.com\/@24gliwice"]},{"@type":"Person","@id":"https:\/\/www.24gliwice.pl\/wiadomosci\/#\/schema\/person\/e42c650edd7f2fa332be3811fb166b6e","name":"\u017baneta Mrozek-Siewierska","image":{"@type":"ImageObject","inLanguage":"pl-PL","@id":"https:\/\/secure.gravatar.com\/avatar\/1881429e9c64597c77ad7aef2d0a19be69a3253e57534d16aa15bf3a4d34a0a3?s=96&d=mm&r=g","url":"https:\/\/secure.gravatar.com\/avatar\/1881429e9c64597c77ad7aef2d0a19be69a3253e57534d16aa15bf3a4d34a0a3?s=96&d=mm&r=g","contentUrl":"https:\/\/secure.gravatar.com\/avatar\/1881429e9c64597c77ad7aef2d0a19be69a3253e57534d16aa15bf3a4d34a0a3?s=96&d=mm&r=g","caption":"\u017baneta Mrozek-Siewierska"},"url":"https:\/\/www.24gliwice.pl\/wiadomosci\/author\/zms\/"}]}},"_links":{"self":[{"href":"https:\/\/www.24gliwice.pl\/wiadomosci\/wp-json\/wp\/v2\/posts\/255900","targetHints":{"allow":["GET"]}}],"collection":[{"href":"https:\/\/www.24gliwice.pl\/wiadomosci\/wp-json\/wp\/v2\/posts"}],"about":[{"href":"https:\/\/www.24gliwice.pl\/wiadomosci\/wp-json\/wp\/v2\/types\/post"}],"author":[{"embeddable":true,"href":"https:\/\/www.24gliwice.pl\/wiadomosci\/wp-json\/wp\/v2\/users\/15"}],"replies":[{"embeddable":true,"href":"https:\/\/www.24gliwice.pl\/wiadomosci\/wp-json\/wp\/v2\/comments?post=255900"}],"version-history":[{"count":0,"href":"https:\/\/www.24gliwice.pl\/wiadomosci\/wp-json\/wp\/v2\/posts\/255900\/revisions"}],"wp:featuredmedia":[{"embeddable":true,"href":"https:\/\/www.24gliwice.pl\/wiadomosci\/wp-json\/wp\/v2\/media\/249777"}],"wp:attachment":[{"href":"https:\/\/www.24gliwice.pl\/wiadomosci\/wp-json\/wp\/v2\/media?parent=255900"}],"wp:term":[{"taxonomy":"category","embeddable":true,"href":"https:\/\/www.24gliwice.pl\/wiadomosci\/wp-json\/wp\/v2\/categories?post=255900"},{"taxonomy":"post_tag","embeddable":true,"href":"https:\/\/www.24gliwice.pl\/wiadomosci\/wp-json\/wp\/v2\/tags?post=255900"}],"curies":[{"name":"wp","href":"https:\/\/api.w.org\/{rel}","templated":true}]}}