{"id":255925,"date":"2025-06-20T18:18:47","date_gmt":"2025-06-20T16:18:47","guid":{"rendered":"https:\/\/www.24gliwice.pl\/wiadomosci\/?p=255925"},"modified":"2025-06-20T18:19:02","modified_gmt":"2025-06-20T16:19:02","slug":"darty-wracaja-do-gliwic-najwieksze-gwiazdy-tego-sportu-juz-na-poczatku-lipca-w-prezero-arenie","status":"publish","type":"post","link":"https:\/\/www.24gliwice.pl\/wiadomosci\/darty-wracaja-do-gliwic-najwieksze-gwiazdy-tego-sportu-juz-na-poczatku-lipca-w-prezero-arenie\/","title":{"rendered":"Darty wracaj\u0105 do Gliwic. Najwi\u0119ksze gwiazdy tego sportu ju\u017c na pocz\u0105tku lipca w Prezero Arenie"},"content":{"rendered":"<h2>\u015awiatowa Seria Darta powraca do Polski w 2025 roku. Na Superbet Poland Darts Masters zobaczymy si\u0119 w PreZero Arenie Gliwice w dniach 4-5 lipca. <\/h2>\n<p><!--more--><\/p>\n<p>B\u0119dziecie mogli ogl\u0105da\u0107 zmagania najwi\u0119kszych gwiazd tego sportu oraz o\u015bmiu reprezentant\u00f3w Europy Wschodniej. Przygotujcie si\u0119 na elektryzuj\u0105c\u0105 atmosfer\u0119, bo najwi\u0119ksza sportowa impreza przyb\u0119dzie do Gliwic latem 2025! To niepowtarzalne wydarzenie, podczas kt\u00f3rego zobaczycie szalone kostiumy, \u017cywio\u0142owe celebracje i widowiskowe 180-tki. <\/p>\n<p><strong>Kiedy:<\/strong><br \/>\n4 lipca 2025 \u2014 5 lipca 2025, start: 19:00<\/p>\n<p><strong>Bilety:<\/strong><br \/>\nna <a href=\"https:\/\/www.eventim.pl\/artist\/world-series-of-darts-limited\/?affiliate=GLW\" target=\"_blank\">eventim.pl<\/a> oraz <a href=\"https:\/\/www.ebilet.pl\/sport\/pozostale\/poland-darts-masters\" target=\"_blank\">ebilet.pl<\/a><\/p>\n<p><strong>Arena G\u0142\u00f3wna<\/strong><br \/>\nBilety na parking: na <a href=\"https:\/\/www.ebilet.pl\/sport\/pozostale\/poland-darts-masters\" target=\"_blank\">ebilet.pl<\/a><br \/>\nWjazd mo\u017cliwy od godziny 13:30<\/p>\n<p><small>materia\u0142 partnera<\/small><\/p>\n","protected":false},"excerpt":{"rendered":"<p>\u015awiatowa Seria Darta powraca do Polski w 2025 roku. Na Superbet Poland Darts Masters zobaczymy si\u0119 w PreZero Arenie Gliwice w dniach 4-5 lipca.<\/p>\n","protected":false},"author":4,"featured_media":255928,"comment_status":"closed","ping_status":"closed","sticky":false,"template":"","format":"standard","meta":{"_monsterinsights_skip_tracking":false,"_monsterinsights_sitenote_active":false,"_monsterinsights_sitenote_note":"","_monsterinsights_sitenote_category":0,"footnotes":"","_links_to":"","_links_to_target":""},"categories":[3,6,1,1129],"tags":[24428,24181],"class_list":["post-255925","post","type-post","status-publish","format-standard","has-post-thumbnail","hentry","category-gliwice","category-kultura","category-wszystko","category-polecamy","tag-darts","tag-prezero-arena"],"yoast_head":"<!-- This site is optimized with the Yoast SEO plugin v27.5 - https:\/\/yoast.com\/product\/yoast-seo-wordpress\/ -->\n<title>Darty wracaj\u0105 do Gliwic. Najwi\u0119ksze gwiazdy tego sportu ju\u017c na pocz\u0105tku lipca w Prezero Arenie - 24GLIWICE - Portal Gliwice | codziennie nowe informacje<\/title>\n<meta name=\"robots\" content=\"index, follow, max-snippet:-1, max-image-preview:large, max-video-preview:-1\" \/>\n<link rel=\"canonical\" href=\"https:\/\/www.24gliwice.pl\/wiadomosci\/darty-wracaja-do-gliwic-najwieksze-gwiazdy-tego-sportu-juz-na-poczatku-lipca-w-prezero-arenie\/\" \/>\n<meta property=\"og:locale\" content=\"pl_PL\" \/>\n<meta property=\"og:type\" content=\"article\" \/>\n<meta property=\"og:title\" content=\"Darty wracaj\u0105 do Gliwic. Najwi\u0119ksze gwiazdy tego sportu ju\u017c na pocz\u0105tku lipca w Prezero Arenie - 24GLIWICE - Portal Gliwice | codziennie nowe informacje\" \/>\n<meta property=\"og:description\" content=\"\u015awiatowa Seria Darta powraca do Polski w 2025 roku. Na Superbet Poland Darts Masters zobaczymy si\u0119 w PreZero Arenie Gliwice w dniach 4-5 lipca.\" \/>\n<meta property=\"og:url\" content=\"https:\/\/www.24gliwice.pl\/wiadomosci\/darty-wracaja-do-gliwic-najwieksze-gwiazdy-tego-sportu-juz-na-poczatku-lipca-w-prezero-arenie\/\" \/>\n<meta property=\"og:site_name\" content=\"24GLIWICE - Portal Gliwice | codziennie nowe informacje\" \/>\n<meta property=\"article:publisher\" content=\"https:\/\/www.facebook.com\/24gliwice\" \/>\n<meta property=\"article:author\" content=\"https:\/\/www.facebook.com\/marcin.fabrykowski\" \/>\n<meta property=\"article:published_time\" content=\"2025-06-20T16:18:47+00:00\" \/>\n<meta property=\"article:modified_time\" content=\"2025-06-20T16:19:02+00:00\" \/>\n<meta property=\"og:image\" content=\"https:\/\/www.24gliwice.pl\/wiadomosci\/wp-content\/uploads\/2025\/06\/1920x1080.jpg\" \/>\n\t<meta property=\"og:image:width\" content=\"1140\" \/>\n\t<meta property=\"og:image:height\" content=\"642\" \/>\n\t<meta property=\"og:image:type\" content=\"image\/jpeg\" \/>\n<meta name=\"author\" content=\"Marcin Fabrykowski\" \/>\n<meta name=\"twitter:card\" content=\"summary_large_image\" \/>\n<meta name=\"twitter:creator\" content=\"@24gliwice\" \/>\n<meta name=\"twitter:site\" content=\"@24gliwice\" \/>\n<meta name=\"twitter:label1\" content=\"Napisane przez\" \/>\n\t<meta name=\"twitter:data1\" content=\"Marcin Fabrykowski\" \/>\n\t<meta name=\"twitter:label2\" content=\"Szacowany czas czytania\" \/>\n\t<meta name=\"twitter:data2\" content=\"1 minuta\" \/>\n<script type=\"application\/ld+json\" class=\"yoast-schema-graph\">{\"@context\":\"https:\\\/\\\/schema.org\",\"@graph\":[{\"@type\":\"Article\",\"@id\":\"https:\\\/\\\/www.24gliwice.pl\\\/wiadomosci\\\/darty-wracaja-do-gliwic-najwieksze-gwiazdy-tego-sportu-juz-na-poczatku-lipca-w-prezero-arenie\\\/#article\",\"isPartOf\":{\"@id\":\"https:\\\/\\\/www.24gliwice.pl\\\/wiadomosci\\\/darty-wracaja-do-gliwic-najwieksze-gwiazdy-tego-sportu-juz-na-poczatku-lipca-w-prezero-arenie\\\/\"},\"author\":{\"name\":\"Marcin Fabrykowski\",\"@id\":\"https:\\\/\\\/www.24gliwice.pl\\\/wiadomosci\\\/#\\\/schema\\\/person\\\/cb5857e4a4d048c15984c1edcc8ef0c0\"},\"headline\":\"Darty wracaj\u0105 do Gliwic. Najwi\u0119ksze gwiazdy tego sportu ju\u017c na pocz\u0105tku lipca w Prezero Arenie\",\"datePublished\":\"2025-06-20T16:18:47+00:00\",\"dateModified\":\"2025-06-20T16:19:02+00:00\",\"mainEntityOfPage\":{\"@id\":\"https:\\\/\\\/www.24gliwice.pl\\\/wiadomosci\\\/darty-wracaja-do-gliwic-najwieksze-gwiazdy-tego-sportu-juz-na-poczatku-lipca-w-prezero-arenie\\\/\"},\"wordCount\":116,\"publisher\":{\"@id\":\"https:\\\/\\\/www.24gliwice.pl\\\/wiadomosci\\\/#organization\"},\"image\":{\"@id\":\"https:\\\/\\\/www.24gliwice.pl\\\/wiadomosci\\\/darty-wracaja-do-gliwic-najwieksze-gwiazdy-tego-sportu-juz-na-poczatku-lipca-w-prezero-arenie\\\/#primaryimage\"},\"thumbnailUrl\":\"https:\\\/\\\/www.24gliwice.pl\\\/wiadomosci\\\/wp-content\\\/uploads\\\/2025\\\/06\\\/1920x1080.jpg\",\"keywords\":[\"DARTS\",\"PREZERO ARENA\"],\"articleSection\":[\"Gliwice\",\"Kultura, wydarzenia, imprezy\",\"Najnowsze wiadomo\u015bci\",\"Polecamy\"],\"inLanguage\":\"pl-PL\"},{\"@type\":\"WebPage\",\"@id\":\"https:\\\/\\\/www.24gliwice.pl\\\/wiadomosci\\\/darty-wracaja-do-gliwic-najwieksze-gwiazdy-tego-sportu-juz-na-poczatku-lipca-w-prezero-arenie\\\/\",\"url\":\"https:\\\/\\\/www.24gliwice.pl\\\/wiadomosci\\\/darty-wracaja-do-gliwic-najwieksze-gwiazdy-tego-sportu-juz-na-poczatku-lipca-w-prezero-arenie\\\/\",\"name\":\"Darty wracaj\u0105 do Gliwic. Najwi\u0119ksze gwiazdy tego sportu ju\u017c na pocz\u0105tku lipca w Prezero Arenie - 24GLIWICE - Portal Gliwice | codziennie nowe informacje\",\"isPartOf\":{\"@id\":\"https:\\\/\\\/www.24gliwice.pl\\\/wiadomosci\\\/#website\"},\"primaryImageOfPage\":{\"@id\":\"https:\\\/\\\/www.24gliwice.pl\\\/wiadomosci\\\/darty-wracaja-do-gliwic-najwieksze-gwiazdy-tego-sportu-juz-na-poczatku-lipca-w-prezero-arenie\\\/#primaryimage\"},\"image\":{\"@id\":\"https:\\\/\\\/www.24gliwice.pl\\\/wiadomosci\\\/darty-wracaja-do-gliwic-najwieksze-gwiazdy-tego-sportu-juz-na-poczatku-lipca-w-prezero-arenie\\\/#primaryimage\"},\"thumbnailUrl\":\"https:\\\/\\\/www.24gliwice.pl\\\/wiadomosci\\\/wp-content\\\/uploads\\\/2025\\\/06\\\/1920x1080.jpg\",\"datePublished\":\"2025-06-20T16:18:47+00:00\",\"dateModified\":\"2025-06-20T16:19:02+00:00\",\"breadcrumb\":{\"@id\":\"https:\\\/\\\/www.24gliwice.pl\\\/wiadomosci\\\/darty-wracaja-do-gliwic-najwieksze-gwiazdy-tego-sportu-juz-na-poczatku-lipca-w-prezero-arenie\\\/#breadcrumb\"},\"inLanguage\":\"pl-PL\",\"potentialAction\":[{\"@type\":\"ReadAction\",\"target\":[\"https:\\\/\\\/www.24gliwice.pl\\\/wiadomosci\\\/darty-wracaja-do-gliwic-najwieksze-gwiazdy-tego-sportu-juz-na-poczatku-lipca-w-prezero-arenie\\\/\"]}]},{\"@type\":\"ImageObject\",\"inLanguage\":\"pl-PL\",\"@id\":\"https:\\\/\\\/www.24gliwice.pl\\\/wiadomosci\\\/darty-wracaja-do-gliwic-najwieksze-gwiazdy-tego-sportu-juz-na-poczatku-lipca-w-prezero-arenie\\\/#primaryimage\",\"url\":\"https:\\\/\\\/www.24gliwice.pl\\\/wiadomosci\\\/wp-content\\\/uploads\\\/2025\\\/06\\\/1920x1080.jpg\",\"contentUrl\":\"https:\\\/\\\/www.24gliwice.pl\\\/wiadomosci\\\/wp-content\\\/uploads\\\/2025\\\/06\\\/1920x1080.jpg\",\"width\":1140,\"height\":642},{\"@type\":\"BreadcrumbList\",\"@id\":\"https:\\\/\\\/www.24gliwice.pl\\\/wiadomosci\\\/darty-wracaja-do-gliwic-najwieksze-gwiazdy-tego-sportu-juz-na-poczatku-lipca-w-prezero-arenie\\\/#breadcrumb\",\"itemListElement\":[{\"@type\":\"ListItem\",\"position\":1,\"name\":\"Strona g\u0142\u00f3wna\",\"item\":\"https:\\\/\\\/www.24gliwice.pl\\\/wiadomosci\\\/\"},{\"@type\":\"ListItem\",\"position\":2,\"name\":\"Darty wracaj\u0105 do Gliwic. Najwi\u0119ksze gwiazdy tego sportu ju\u017c na pocz\u0105tku lipca w Prezero Arenie\"}]},{\"@type\":\"WebSite\",\"@id\":\"https:\\\/\\\/www.24gliwice.pl\\\/wiadomosci\\\/#website\",\"url\":\"https:\\\/\\\/www.24gliwice.pl\\\/wiadomosci\\\/\",\"name\":\"24GLIWICE - Portal Gliwice | codziennie nowe wiadomo\u015bci\",\"description\":\"Portal Miejski Gliwice\",\"publisher\":{\"@id\":\"https:\\\/\\\/www.24gliwice.pl\\\/wiadomosci\\\/#organization\"},\"potentialAction\":[{\"@type\":\"SearchAction\",\"target\":{\"@type\":\"EntryPoint\",\"urlTemplate\":\"https:\\\/\\\/www.24gliwice.pl\\\/wiadomosci\\\/?s={search_term_string}\"},\"query-input\":{\"@type\":\"PropertyValueSpecification\",\"valueRequired\":true,\"valueName\":\"search_term_string\"}}],\"inLanguage\":\"pl-PL\"},{\"@type\":\"Organization\",\"@id\":\"https:\\\/\\\/www.24gliwice.pl\\\/wiadomosci\\\/#organization\",\"name\":\"24gliwice\",\"url\":\"https:\\\/\\\/www.24gliwice.pl\\\/wiadomosci\\\/\",\"logo\":{\"@type\":\"ImageObject\",\"inLanguage\":\"pl-PL\",\"@id\":\"https:\\\/\\\/www.24gliwice.pl\\\/wiadomosci\\\/#\\\/schema\\\/logo\\\/image\\\/\",\"url\":\"https:\\\/\\\/www.24gliwice.pl\\\/wiadomosci\\\/wp-content\\\/uploads\\\/2024\\\/10\\\/24gliwice-logo-696.jpg\",\"contentUrl\":\"https:\\\/\\\/www.24gliwice.pl\\\/wiadomosci\\\/wp-content\\\/uploads\\\/2024\\\/10\\\/24gliwice-logo-696.jpg\",\"width\":696,\"height\":696,\"caption\":\"24gliwice\"},\"image\":{\"@id\":\"https:\\\/\\\/www.24gliwice.pl\\\/wiadomosci\\\/#\\\/schema\\\/logo\\\/image\\\/\"},\"sameAs\":[\"https:\\\/\\\/www.facebook.com\\\/24gliwice\",\"https:\\\/\\\/x.com\\\/24gliwice\",\"https:\\\/\\\/www.youtube.com\\\/@24gliwice\"]},{\"@type\":\"Person\",\"@id\":\"https:\\\/\\\/www.24gliwice.pl\\\/wiadomosci\\\/#\\\/schema\\\/person\\\/cb5857e4a4d048c15984c1edcc8ef0c0\",\"name\":\"Marcin Fabrykowski\",\"image\":{\"@type\":\"ImageObject\",\"inLanguage\":\"pl-PL\",\"@id\":\"https:\\\/\\\/www.24gliwice.pl\\\/wiadomosci\\\/wp-content\\\/uploads\\\/2025\\\/11\\\/zdjecie-moje-marcin-300-96x96.jpg\",\"url\":\"https:\\\/\\\/www.24gliwice.pl\\\/wiadomosci\\\/wp-content\\\/uploads\\\/2025\\\/11\\\/zdjecie-moje-marcin-300-96x96.jpg\",\"contentUrl\":\"https:\\\/\\\/www.24gliwice.pl\\\/wiadomosci\\\/wp-content\\\/uploads\\\/2025\\\/11\\\/zdjecie-moje-marcin-300-96x96.jpg\",\"caption\":\"Marcin Fabrykowski\"},\"sameAs\":[\"http:\\\/\\\/24gliwice.pl\",\"https:\\\/\\\/www.facebook.com\\\/marcin.fabrykowski\"],\"url\":\"https:\\\/\\\/www.24gliwice.pl\\\/wiadomosci\\\/author\\\/marcin-fabrykowski\\\/\"}]}<\/script>\n<!-- \/ Yoast SEO plugin. -->","yoast_head_json":{"title":"Darty wracaj\u0105 do Gliwic. Najwi\u0119ksze gwiazdy tego sportu ju\u017c na pocz\u0105tku lipca w Prezero Arenie - 24GLIWICE - Portal Gliwice | codziennie nowe informacje","robots":{"index":"index","follow":"follow","max-snippet":"max-snippet:-1","max-image-preview":"max-image-preview:large","max-video-preview":"max-video-preview:-1"},"canonical":"https:\/\/www.24gliwice.pl\/wiadomosci\/darty-wracaja-do-gliwic-najwieksze-gwiazdy-tego-sportu-juz-na-poczatku-lipca-w-prezero-arenie\/","og_locale":"pl_PL","og_type":"article","og_title":"Darty wracaj\u0105 do Gliwic. Najwi\u0119ksze gwiazdy tego sportu ju\u017c na pocz\u0105tku lipca w Prezero Arenie - 24GLIWICE - Portal Gliwice | codziennie nowe informacje","og_description":"\u015awiatowa Seria Darta powraca do Polski w 2025 roku. Na Superbet Poland Darts Masters zobaczymy si\u0119 w PreZero Arenie Gliwice w dniach 4-5 lipca.","og_url":"https:\/\/www.24gliwice.pl\/wiadomosci\/darty-wracaja-do-gliwic-najwieksze-gwiazdy-tego-sportu-juz-na-poczatku-lipca-w-prezero-arenie\/","og_site_name":"24GLIWICE - Portal Gliwice | codziennie nowe informacje","article_publisher":"https:\/\/www.facebook.com\/24gliwice","article_author":"https:\/\/www.facebook.com\/marcin.fabrykowski","article_published_time":"2025-06-20T16:18:47+00:00","article_modified_time":"2025-06-20T16:19:02+00:00","og_image":[{"width":1140,"height":642,"url":"https:\/\/www.24gliwice.pl\/wiadomosci\/wp-content\/uploads\/2025\/06\/1920x1080.jpg","type":"image\/jpeg"}],"author":"Marcin Fabrykowski","twitter_card":"summary_large_image","twitter_creator":"@24gliwice","twitter_site":"@24gliwice","twitter_misc":{"Napisane przez":"Marcin Fabrykowski","Szacowany czas czytania":"1 minuta"},"schema":{"@context":"https:\/\/schema.org","@graph":[{"@type":"Article","@id":"https:\/\/www.24gliwice.pl\/wiadomosci\/darty-wracaja-do-gliwic-najwieksze-gwiazdy-tego-sportu-juz-na-poczatku-lipca-w-prezero-arenie\/#article","isPartOf":{"@id":"https:\/\/www.24gliwice.pl\/wiadomosci\/darty-wracaja-do-gliwic-najwieksze-gwiazdy-tego-sportu-juz-na-poczatku-lipca-w-prezero-arenie\/"},"author":{"name":"Marcin Fabrykowski","@id":"https:\/\/www.24gliwice.pl\/wiadomosci\/#\/schema\/person\/cb5857e4a4d048c15984c1edcc8ef0c0"},"headline":"Darty wracaj\u0105 do Gliwic. Najwi\u0119ksze gwiazdy tego sportu ju\u017c na pocz\u0105tku lipca w Prezero Arenie","datePublished":"2025-06-20T16:18:47+00:00","dateModified":"2025-06-20T16:19:02+00:00","mainEntityOfPage":{"@id":"https:\/\/www.24gliwice.pl\/wiadomosci\/darty-wracaja-do-gliwic-najwieksze-gwiazdy-tego-sportu-juz-na-poczatku-lipca-w-prezero-arenie\/"},"wordCount":116,"publisher":{"@id":"https:\/\/www.24gliwice.pl\/wiadomosci\/#organization"},"image":{"@id":"https:\/\/www.24gliwice.pl\/wiadomosci\/darty-wracaja-do-gliwic-najwieksze-gwiazdy-tego-sportu-juz-na-poczatku-lipca-w-prezero-arenie\/#primaryimage"},"thumbnailUrl":"https:\/\/www.24gliwice.pl\/wiadomosci\/wp-content\/uploads\/2025\/06\/1920x1080.jpg","keywords":["DARTS","PREZERO ARENA"],"articleSection":["Gliwice","Kultura, wydarzenia, imprezy","Najnowsze wiadomo\u015bci","Polecamy"],"inLanguage":"pl-PL"},{"@type":"WebPage","@id":"https:\/\/www.24gliwice.pl\/wiadomosci\/darty-wracaja-do-gliwic-najwieksze-gwiazdy-tego-sportu-juz-na-poczatku-lipca-w-prezero-arenie\/","url":"https:\/\/www.24gliwice.pl\/wiadomosci\/darty-wracaja-do-gliwic-najwieksze-gwiazdy-tego-sportu-juz-na-poczatku-lipca-w-prezero-arenie\/","name":"Darty wracaj\u0105 do Gliwic. Najwi\u0119ksze gwiazdy tego sportu ju\u017c na pocz\u0105tku lipca w Prezero Arenie - 24GLIWICE - Portal Gliwice | codziennie nowe informacje","isPartOf":{"@id":"https:\/\/www.24gliwice.pl\/wiadomosci\/#website"},"primaryImageOfPage":{"@id":"https:\/\/www.24gliwice.pl\/wiadomosci\/darty-wracaja-do-gliwic-najwieksze-gwiazdy-tego-sportu-juz-na-poczatku-lipca-w-prezero-arenie\/#primaryimage"},"image":{"@id":"https:\/\/www.24gliwice.pl\/wiadomosci\/darty-wracaja-do-gliwic-najwieksze-gwiazdy-tego-sportu-juz-na-poczatku-lipca-w-prezero-arenie\/#primaryimage"},"thumbnailUrl":"https:\/\/www.24gliwice.pl\/wiadomosci\/wp-content\/uploads\/2025\/06\/1920x1080.jpg","datePublished":"2025-06-20T16:18:47+00:00","dateModified":"2025-06-20T16:19:02+00:00","breadcrumb":{"@id":"https:\/\/www.24gliwice.pl\/wiadomosci\/darty-wracaja-do-gliwic-najwieksze-gwiazdy-tego-sportu-juz-na-poczatku-lipca-w-prezero-arenie\/#breadcrumb"},"inLanguage":"pl-PL","potentialAction":[{"@type":"ReadAction","target":["https:\/\/www.24gliwice.pl\/wiadomosci\/darty-wracaja-do-gliwic-najwieksze-gwiazdy-tego-sportu-juz-na-poczatku-lipca-w-prezero-arenie\/"]}]},{"@type":"ImageObject","inLanguage":"pl-PL","@id":"https:\/\/www.24gliwice.pl\/wiadomosci\/darty-wracaja-do-gliwic-najwieksze-gwiazdy-tego-sportu-juz-na-poczatku-lipca-w-prezero-arenie\/#primaryimage","url":"https:\/\/www.24gliwice.pl\/wiadomosci\/wp-content\/uploads\/2025\/06\/1920x1080.jpg","contentUrl":"https:\/\/www.24gliwice.pl\/wiadomosci\/wp-content\/uploads\/2025\/06\/1920x1080.jpg","width":1140,"height":642},{"@type":"BreadcrumbList","@id":"https:\/\/www.24gliwice.pl\/wiadomosci\/darty-wracaja-do-gliwic-najwieksze-gwiazdy-tego-sportu-juz-na-poczatku-lipca-w-prezero-arenie\/#breadcrumb","itemListElement":[{"@type":"ListItem","position":1,"name":"Strona g\u0142\u00f3wna","item":"https:\/\/www.24gliwice.pl\/wiadomosci\/"},{"@type":"ListItem","position":2,"name":"Darty wracaj\u0105 do Gliwic. Najwi\u0119ksze gwiazdy tego sportu ju\u017c na pocz\u0105tku lipca w Prezero Arenie"}]},{"@type":"WebSite","@id":"https:\/\/www.24gliwice.pl\/wiadomosci\/#website","url":"https:\/\/www.24gliwice.pl\/wiadomosci\/","name":"24GLIWICE - Portal Gliwice | codziennie nowe wiadomo\u015bci","description":"Portal Miejski Gliwice","publisher":{"@id":"https:\/\/www.24gliwice.pl\/wiadomosci\/#organization"},"potentialAction":[{"@type":"SearchAction","target":{"@type":"EntryPoint","urlTemplate":"https:\/\/www.24gliwice.pl\/wiadomosci\/?s={search_term_string}"},"query-input":{"@type":"PropertyValueSpecification","valueRequired":true,"valueName":"search_term_string"}}],"inLanguage":"pl-PL"},{"@type":"Organization","@id":"https:\/\/www.24gliwice.pl\/wiadomosci\/#organization","name":"24gliwice","url":"https:\/\/www.24gliwice.pl\/wiadomosci\/","logo":{"@type":"ImageObject","inLanguage":"pl-PL","@id":"https:\/\/www.24gliwice.pl\/wiadomosci\/#\/schema\/logo\/image\/","url":"https:\/\/www.24gliwice.pl\/wiadomosci\/wp-content\/uploads\/2024\/10\/24gliwice-logo-696.jpg","contentUrl":"https:\/\/www.24gliwice.pl\/wiadomosci\/wp-content\/uploads\/2024\/10\/24gliwice-logo-696.jpg","width":696,"height":696,"caption":"24gliwice"},"image":{"@id":"https:\/\/www.24gliwice.pl\/wiadomosci\/#\/schema\/logo\/image\/"},"sameAs":["https:\/\/www.facebook.com\/24gliwice","https:\/\/x.com\/24gliwice","https:\/\/www.youtube.com\/@24gliwice"]},{"@type":"Person","@id":"https:\/\/www.24gliwice.pl\/wiadomosci\/#\/schema\/person\/cb5857e4a4d048c15984c1edcc8ef0c0","name":"Marcin Fabrykowski","image":{"@type":"ImageObject","inLanguage":"pl-PL","@id":"https:\/\/www.24gliwice.pl\/wiadomosci\/wp-content\/uploads\/2025\/11\/zdjecie-moje-marcin-300-96x96.jpg","url":"https:\/\/www.24gliwice.pl\/wiadomosci\/wp-content\/uploads\/2025\/11\/zdjecie-moje-marcin-300-96x96.jpg","contentUrl":"https:\/\/www.24gliwice.pl\/wiadomosci\/wp-content\/uploads\/2025\/11\/zdjecie-moje-marcin-300-96x96.jpg","caption":"Marcin Fabrykowski"},"sameAs":["http:\/\/24gliwice.pl","https:\/\/www.facebook.com\/marcin.fabrykowski"],"url":"https:\/\/www.24gliwice.pl\/wiadomosci\/author\/marcin-fabrykowski\/"}]}},"_links":{"self":[{"href":"https:\/\/www.24gliwice.pl\/wiadomosci\/wp-json\/wp\/v2\/posts\/255925","targetHints":{"allow":["GET"]}}],"collection":[{"href":"https:\/\/www.24gliwice.pl\/wiadomosci\/wp-json\/wp\/v2\/posts"}],"about":[{"href":"https:\/\/www.24gliwice.pl\/wiadomosci\/wp-json\/wp\/v2\/types\/post"}],"author":[{"embeddable":true,"href":"https:\/\/www.24gliwice.pl\/wiadomosci\/wp-json\/wp\/v2\/users\/4"}],"replies":[{"embeddable":true,"href":"https:\/\/www.24gliwice.pl\/wiadomosci\/wp-json\/wp\/v2\/comments?post=255925"}],"version-history":[{"count":0,"href":"https:\/\/www.24gliwice.pl\/wiadomosci\/wp-json\/wp\/v2\/posts\/255925\/revisions"}],"wp:featuredmedia":[{"embeddable":true,"href":"https:\/\/www.24gliwice.pl\/wiadomosci\/wp-json\/wp\/v2\/media\/255928"}],"wp:attachment":[{"href":"https:\/\/www.24gliwice.pl\/wiadomosci\/wp-json\/wp\/v2\/media?parent=255925"}],"wp:term":[{"taxonomy":"category","embeddable":true,"href":"https:\/\/www.24gliwice.pl\/wiadomosci\/wp-json\/wp\/v2\/categories?post=255925"},{"taxonomy":"post_tag","embeddable":true,"href":"https:\/\/www.24gliwice.pl\/wiadomosci\/wp-json\/wp\/v2\/tags?post=255925"}],"curies":[{"name":"wp","href":"https:\/\/api.w.org\/{rel}","templated":true}]}}